{"id":40352,"date":"2021-06-09T08:21:50","date_gmt":"2021-06-09T07:21:50","guid":{"rendered":"https:\/\/www.escapadarural.com\/blog\/?p=40352"},"modified":"2025-03-12T13:15:59","modified_gmt":"2025-03-12T11:15:59","slug":"pueblos-vacios-reconvertidos-al-turismo-rural","status":"publish","type":"post","link":"https:\/\/www.escapadarural.com\/blog\/pueblos-vacios-reconvertidos-al-turismo-rural\/","title":{"rendered":"Pueblos vac\u00edos reconvertidos al turismo rural"},"content":{"rendered":"\n<figure class=\"wp-block-image size-large\"><a href=\"https:\/\/www.escapadarural.com\/blog\/wp-content\/uploads\/Las-de-Villadiego.jpg\"><img decoding=\"async\" src=\"https:\/\/www.escapadarural.com\/blog\/wp-content\/uploads\/Las-de-Villadiego-1024x629.jpg\" alt=\"\" class=\"wp-image-40353\"\/><\/a><figcaption class=\"wp-element-caption\"><a href=\"https:\/\/www.escapadarural.com\/casa-rural\/burgos\/lasdevilladiego\" class=\"rank-math-link\">Las de Villadiego<\/a><\/figcaption><\/figure>\n\n\n\n<p>Espa\u00f1a cuenta con cantidad de municipios que no han logrado superar la agon\u00eda demogr\u00e1fica. Muchos pueblos est\u00e1n vac\u00edos, aunque eso no quiere decir que est\u00e9n abandonados. Gracias a diferentes iniciativas tur\u00edsticas algunos de ellos han logrado <strong>recuperar su patrimonio<\/strong> y, en el mejor de los casos, atraer de nuevo a la gente. Aunque por estos pueblos, m\u00e1s que vecinos, ahora pasean viajeros.<\/p>\n\n\n\n<p>Villalibado es una peque\u00f1a pedan\u00eda de la localidad de Villadiego, a media hora de Burgos. Fue abandonada a finales de la d\u00e9cada de los 80, cuando <strong>los \u00faltimos vecinos emigraron hacia ciudades industriales<\/strong>, principalmente del Pa\u00eds Vasco. Con su marcha, las casas comenzaron a deteriorarse y, sobre sus ruinas, unos vecinos montaron en \u00e9l una granja de pollos. No fue hasta unos a\u00f1os despu\u00e9s cuando Villalibado se qued\u00f3 completamente vac\u00edo y, en 2007, Juan Ansotegui y sus hermanos decidieron rehabilitarlo.&nbsp;En principio para uso personal. <\/p>\n\n\n\n<p>\u201cUn amigo me llam\u00f3 para ver c\u00f3mo pod\u00eda restaurar la torre medieval que hab\u00eda en el pueblo\u201d, nos explica Juan Ansotegui, <a href=\"https:\/\/www.escapadarural.com\/casa-rural\/burgos\/lasdevilladiego\" class=\"rank-math-link\">propietario de Las de Villadiego<\/a>. \u201cLe dije: \u00a1Ah! Pues muy f\u00e1cil. Y al final me dijo: mira, hazlo t\u00fa. Y me vendi\u00f3 la torre\u201d.<\/p>\n\n\n\n<p>La torre data del siglo XII, era de defensa, aunque en el siglo XVII fue reformada para que formase parte de una casa solariega. A\u00fan as\u00ed, el pueblo est\u00e1 <strong>incluido en el sendero de los torreones<\/strong>: una ruta de 16 kil\u00f3metros que va de Villadiego a Castromorca pasando por Olmos de la Picaza.&nbsp;<\/p>\n\n\n\n<figure class=\"wp-block-image size-large\"><a href=\"https:\/\/www.escapadarural.com\/blog\/wp-content\/uploads\/55c4e57bab805.jpg\"><img decoding=\"async\" src=\"https:\/\/www.escapadarural.com\/blog\/wp-content\/uploads\/55c4e57bab805-1024x554.jpg\" alt=\"\" class=\"wp-image-40354\"\/><\/a><figcaption class=\"wp-element-caption\">Las de Villadiego<\/figcaption><\/figure>\n\n\n\n<p>\u201cCuando compr\u00e9, en el pueblo no hab\u00eda nada. Me enamor\u00e9 de las ruinas, las piedras y la historia. Mis hermanos y yo empezamos rehabilitando 8 casas rurales y la torre para espacios comunes. Luego hicimos una casa rural para grupos y un restaurante\u201d, nos explica Ansotegui. Actualmente cuentan con 9 casas rurales y un hotel rural con capacidad para 69 personas.&nbsp;<\/p>\n\n\n\n<p>Aunque el pueblo estaba abandonado cuando comenzaron su reforma, algunas de las viviendas no fueron vendidas y pertenecen a los antiguos propietarios. Hoy en Villalibado hay unas 8 personas censadas, aunque ninguno de ellos vive all\u00ed. \u201cHay cuatro vecinos que tienen casa, aunque solo vienen de forma muy espor\u00e1dica\u201d, dice. Por ello, reconoce que no hay ning\u00fan problema cuando grandes grupos alquilan todo el pueblo. <\/p>\n\n\n\n<p>Gracias a la ayuda de la junta vecinal, Ansotegui y los vecinos han reformado los accesos, la escalinata y los muros de la iglesia rom\u00e1nica de San Salvador. En ella se ofician misas, por eso el complejo Las de Villadiego ofrece<strong> alquilar todo el pueblo para organizar bodas<\/strong>, bautizos y comuniones. \u201cSon bodas muy especiales. Adem\u00e1s de que pueden estar juntos todo el fin de semana, nosotros les ofrecemos organizar el baile y el banquete en nuestro restaurante: enBarbecho. Tiene capacidad para 85 personas\u201d.<\/p>\n\n\n\n<p>Tambi\u00e9n se ha reformado el lavadero p\u00fablico, las calles y, actualmente, est\u00e1n rehabilitando la antigua escuela. \u201cPara nosotros lo mismo es lo privado que lo p\u00fablico, pues quien viene quiere disfrutar del pueblo entero\u201d. Tambi\u00e9n de sus alrededores, pues el complejo rural Las de Villadiego est\u00e1 a media hora de los ca\u00f1ones del Ebro, de Burgos capital, muy cerca del rom\u00e1nico palentino y junto al <a href=\"https:\/\/www.escapadarural.com\/blog\/las-10-casas-rurales-mejor-valoradas-del-camino-de-santiago-frances\/\" class=\"rank-math-link\">Camino de Santiago<\/a>.<\/p>\n\n\n\n<h2 class=\"wp-block-heading\" id=\"h-el-complejo-rural-aislado-en-un-parque-natural\"><strong>El complejo rural aislado en un parque natural<\/strong><\/h2>\n\n\n\n<figure class=\"wp-block-image size-large\"><a href=\"https:\/\/www.escapadarural.com\/blog\/wp-content\/uploads\/Guara-Rural-scaled.jpg\"><img decoding=\"async\" src=\"https:\/\/www.escapadarural.com\/blog\/wp-content\/uploads\/Guara-Rural-1024x636.jpg\" alt=\"\" class=\"wp-image-40358\"\/><\/a><figcaption class=\"wp-element-caption\">Guara Rural<\/figcaption><\/figure>\n\n\n\n<p>Las de Villadiego no es el \u00fanico complejo rural que ha dado una segunda oportunidad a un pueblo deshabitado. En Huesca, en el <strong>Parque Natural de la Sierra y Ca\u00f1ones de Guara<\/strong>, cuna del barranquismo en Espa\u00f1a, el pueblo de Bastar\u00e1s tambi\u00e9n tuvo la suya.&nbsp;<\/p>\n\n\n\n<p>Asentado a m\u00e1s de 600 metros de altura, el pueblo data de 1782, aunque sus or\u00edgenes se cree que son m\u00e1s antiguos, pues en \u00e9l hay restos de una antigua fortaleza medieval. Sus habitantes, que se dedicaban a la huerta y a la elaboraci\u00f3n del aceite,<strong> abandonaron la zona en la d\u00e9cada de los 70<\/strong> en busca de una vida m\u00e1s pr\u00f3spera en las ciudades.&nbsp;<\/p>\n\n\n\n<p>\u201cNo era un pueblo abandonado cuando comenzamos a arreglar las casas en 2018\u201d, nos dice Jes\u00fas Asensio, gerente de Guara Rural. \u201cPertenec\u00eda a una finca que se dedicaba a la caza mayor. Una de las m\u00e1s importantes de Espa\u00f1a\u201d. Solo estaba deshabitado.<\/p>\n\n\n\n<p>Seg\u00fan Asensio, en sus inicios comenzaron arreglando 4 casas, aunque ahora ya son 7. En su rehabilitaci\u00f3n se ha logrado conservar la <strong>construcci\u00f3n de piedra t\u00edpica del prepirineo<\/strong>. Y tambi\u00e9n se han encontrado algunos de los materiales de trabajo de los antiguos propietarios. \u201cHace poco abrimos un museo en una de las casas que antes alquil\u00e1bamos por habitaciones, donde estaba el antiguo establo. En \u00e9l hemos expuesto el material de arar que encontramos. El pueblo antes se dedicaba a la recogida de la aceituna y a elaborar aceite, as\u00ed que tambi\u00e9n tenemos un aljibe de decoraci\u00f3n\u201d, explica.&nbsp;<\/p>\n\n\n\n<figure class=\"wp-block-image size-large\"><a href=\"https:\/\/www.escapadarural.com\/blog\/wp-content\/uploads\/Guara-Rural-2-scaled.jpg\"><img decoding=\"async\" src=\"https:\/\/www.escapadarural.com\/blog\/wp-content\/uploads\/Guara-Rural-2-1024x683.jpg\" alt=\"\" class=\"wp-image-40359\"\/><\/a><figcaption class=\"wp-element-caption\">Guara Rural<\/figcaption><\/figure>\n\n\n\n<p>Lo que no han conseguido recuperar es la antigua iglesia del siglo XII, situada en lo alto del pueblo. El edificio estaba en ruinas cuando Asensio lleg\u00f3 a Bastar\u00e1s, pero el obispado no quiso venderlo para que pudieran reformarla.&nbsp;<\/p>\n\n\n\n<p>Los viajeros que se acercan a Guara Rural son, principalmente, <strong>apasionados del barranquismo, senderismo<\/strong>, del parque y de sus pueblos. La gran mayor\u00eda son catalanes, valencianos y vascos, aunque tambi\u00e9n tienen clientes internacionales, como franceses y belgas. Todos ellos amantes de la monta\u00f1a. Aqu\u00ed destacan los r\u00edos y cuevas, y se pueden encontrar pozas de agua cristalina naturales. Est\u00e1n muy cerca de la casa. <\/p>\n\n\n\n<h2 class=\"wp-block-heading\" id=\"h-la-aldea-que-volvio-a-la-vida-gracias-a-lola\">La aldea que volvi\u00f3 a la vida gracias a Lola<\/h2>\n\n\n\n<figure class=\"wp-block-image size-large\"><a href=\"https:\/\/www.escapadarural.com\/blog\/wp-content\/uploads\/casas-velilla.jpg\"><img decoding=\"async\" src=\"https:\/\/www.escapadarural.com\/blog\/wp-content\/uploads\/casas-velilla-1024x686.jpg\" alt=\"\" class=\"wp-image-40430\"\/><\/a><figcaption class=\"wp-element-caption\">Por Casas de Velilla<\/figcaption><\/figure>\n\n\n\n<p>No todos los pueblos o aldeas que han sido reconstruidos est\u00e1n enfocados exclusivamente al turista. En el caso de Velilla, perteneciente al municipio de San Rom\u00e1n de Cameros, en La Rioja, la aldea pas\u00f3 a estar abandonada y en ruinas a que <strong>algunos de sus vecinos se hayan animado a volver<\/strong>. <\/p>\n\n\n\n<p>El m\u00e9rito es de Lola, propietaria de Casas de Velilla. Esta mujer, que se defin\u00eda a s\u00ed misma como \u00abpija y con tacones\u00bb, decidi\u00f3 irse de Logro\u00f1o con su marido y comprar, en 2005, tres de esas ruinosas casas. Su vida dio un giro de 365 grados, igual que la de la aldea.<\/p>\n\n\n\n<p>Despu\u00e9s de tres a\u00f1os de intenso trabajo,  cuando las casas ya estuvieron reformadas en 2008, por Velilla comenzaron a llegar los primeros turistas. Aunque entonces la aldea no ten\u00eda el aspecto de hoy: las calles no estaban puestas, tal y como nos explic\u00f3 Lola en el reportaje <em><a href=\"https:\/\/www.escapadarural.com\/blog\/el-pueblo-rehabilitado-por-una-sola-mujer\/\" class=\"rank-math-link\">El pueblo rehabilitado por una sola mujer<\/a><\/em>; y el puente que cruza el r\u00edo a\u00fan estaba en ruinas. <strong>\u201c<\/strong>Su reconstrucci\u00f3n fue importante, es lo que <strong>le ha dado vida al pueblo<\/strong>, pues antes solo era posible acceder a \u00e9l en 4&#215;4<strong>\u201d<\/strong>, nos dice Irene, de Casas de Velilla, por tel\u00e9fono. <\/p>\n\n\n\n<figure class=\"wp-block-image size-large\"><a href=\"https:\/\/www.escapadarural.com\/blog\/wp-content\/uploads\/velilla-2-scaled.jpg\"><img decoding=\"async\" src=\"https:\/\/www.escapadarural.com\/blog\/wp-content\/uploads\/velilla-2-1024x685.jpg\" alt=\"\" class=\"wp-image-40431\"\/><\/a><figcaption class=\"wp-element-caption\">Por Casas de Velilla<\/figcaption><\/figure>\n\n\n\n<p>En los inicios, cuando entrevistamos a Lola en 2011, ella era la \u00fanica habitante de la aldea. Hoy, gracias a su trabajo y al de su familia, no solo va gente a visitar Velilla, sino que<strong> cuenta con 6 habitantes todo el a\u00f1o. 12 los fines de semana<\/strong>. <strong>\u201c<\/strong>Hemos ido organizando las fiestas del pueblo para la gente que ten\u00eda aqu\u00ed sus or\u00edgenes<strong>\u201d<\/strong>. Lo que ha hecho que algunos de sus vecinos se hayan animado a volver. <\/p>\n\n\n\n<p><\/p>\n","protected":false},"excerpt":{"rendered":"<p>Espa\u00f1a cuenta con cantidad de municipios que no han logrado superar la agon\u00eda demogr\u00e1fica. Muchos pueblos est\u00e1n vac\u00edos, aunque eso no quiere decir que est\u00e9n abandonados. Y, gracias a diferentes iniciativas tur\u00edsticas algunos de ellos han logrado recuperar su patrimonio y, en el mejor de los casos, atraer de nuevo a la gente. Aunque por estos pueblos, m\u00e1s que vecinos, ahora por ellos pasean viajeros.<\/p>\n","protected":false},"author":89,"featured_media":195741,"comment_status":"open","ping_status":"open","sticky":false,"template":"","format":"standard","meta":{"_acf_changed":false,"om_disable_all_campaigns":false,"footnotes":""},"categories":[247],"tags":[260,2423,2487,440,3101],"class_list":["post-40352","post","type-post","status-publish","format-standard","has-post-thumbnail","hentry","category-alojamientos-rurales","tag-articulo","tag-despoblacion","tag-espana-vacia","tag-historias-y-curiosidades","tag-pueblos-abandonados"],"acf":[],"featured_image_src":"https:\/\/www.escapadarural.com\/blog\/wp-content\/uploads\/2023\/05\/lasdevilladiego-1.webp","author_info":{"display_name":"Laura Fern\u00e1ndez","author_link":"https:\/\/www.escapadarural.com\/blog\/autor\/laura\/"},"yoast_head":"<!-- This site is optimized with the Yoast SEO plugin v27.5 - https:\/\/yoast.com\/product\/yoast-seo-wordpress\/ -->\n<title>Pueblos vac\u00edos reconvertidos al turismo rural - EscapadaRural<\/title>\n<meta name=\"robots\" content=\"index, follow, max-snippet:-1, max-image-preview:large, max-video-preview:-1\" \/>\n<link rel=\"canonical\" href=\"https:\/\/www.escapadarural.com\/blog\/pueblos-vacios-reconvertidos-al-turismo-rural\/\" \/>\n<meta property=\"og:locale\" content=\"es_ES\" \/>\n<meta property=\"og:type\" content=\"article\" \/>\n<meta property=\"og:title\" content=\"Pueblos vac\u00edos reconvertidos al turismo rural - EscapadaRural\" \/>\n<meta property=\"og:description\" content=\"Espa\u00f1a cuenta con cantidad de municipios que no han logrado superar la agon\u00eda demogr\u00e1fica. Muchos pueblos est\u00e1n vac\u00edos, aunque eso no quiere decir que est\u00e9n abandonados. Y, gracias a diferentes iniciativas tur\u00edsticas algunos de ellos han logrado recuperar su patrimonio y, en el mejor de los casos, atraer de nuevo a la gente. Aunque por estos pueblos, m\u00e1s que vecinos, ahora por ellos pasean viajeros.\" \/>\n<meta property=\"og:url\" content=\"https:\/\/www.escapadarural.com\/blog\/pueblos-vacios-reconvertidos-al-turismo-rural\/\" \/>\n<meta property=\"og:site_name\" content=\"Magazine de viajes de EscapadaRural\" \/>\n<meta property=\"article:publisher\" content=\"https:\/\/www.facebook.com\/escapadarural\" \/>\n<meta property=\"article:published_time\" content=\"2021-06-09T07:21:50+00:00\" \/>\n<meta property=\"article:modified_time\" content=\"2025-03-12T11:15:59+00:00\" \/>\n<meta property=\"og:image\" content=\"https:\/\/www.escapadarural.com\/blog\/wp-content\/uploads\/2023\/05\/lasdevilladiego-1.webp\" \/>\n\t<meta property=\"og:image:width\" content=\"1024\" \/>\n\t<meta property=\"og:image:height\" content=\"554\" \/>\n\t<meta property=\"og:image:type\" content=\"image\/webp\" \/>\n<meta name=\"author\" content=\"Laura Fern\u00e1ndez\" \/>\n<meta name=\"twitter:card\" content=\"summary_large_image\" \/>\n<meta name=\"twitter:label1\" content=\"Escrito por\" \/>\n\t<meta name=\"twitter:data1\" content=\"Laura Fern\u00e1ndez\" \/>\n\t<meta name=\"twitter:label2\" content=\"Tiempo de lectura\" \/>\n\t<meta name=\"twitter:data2\" content=\"7 minutos\" \/>\n<script type=\"application\/ld+json\" class=\"yoast-schema-graph\">{\"@context\":\"https:\\\/\\\/schema.org\",\"@graph\":[{\"@type\":\"Article\",\"@id\":\"https:\\\/\\\/www.escapadarural.com\\\/blog\\\/pueblos-vacios-reconvertidos-al-turismo-rural\\\/#article\",\"isPartOf\":{\"@id\":\"https:\\\/\\\/www.escapadarural.com\\\/blog\\\/pueblos-vacios-reconvertidos-al-turismo-rural\\\/\"},\"author\":{\"name\":\"Laura Fern\u00e1ndez\",\"@id\":\"https:\\\/\\\/www.escapadarural.com\\\/blog\\\/#\\\/schema\\\/person\\\/a9b46ae4d047d8a2c719f31e75206cff\"},\"headline\":\"Pueblos vac\u00edos reconvertidos al turismo rural\",\"datePublished\":\"2021-06-09T07:21:50+00:00\",\"dateModified\":\"2025-03-12T11:15:59+00:00\",\"mainEntityOfPage\":{\"@id\":\"https:\\\/\\\/www.escapadarural.com\\\/blog\\\/pueblos-vacios-reconvertidos-al-turismo-rural\\\/\"},\"wordCount\":1260,\"commentCount\":0,\"publisher\":{\"@id\":\"https:\\\/\\\/www.escapadarural.com\\\/blog\\\/#organization\"},\"image\":{\"@id\":\"https:\\\/\\\/www.escapadarural.com\\\/blog\\\/pueblos-vacios-reconvertidos-al-turismo-rural\\\/#primaryimage\"},\"thumbnailUrl\":\"https:\\\/\\\/www.escapadarural.com\\\/blog\\\/wp-content\\\/uploads\\\/2023\\\/05\\\/lasdevilladiego-1.webp\",\"keywords\":[\"art\u00edculo\",\"despoblaci\u00f3n\",\"Espa\u00f1a vac\u00eda\",\"Historias y Curiosidades\",\"pueblos abandonados\"],\"articleSection\":[\"Alojamientos rurales\"],\"inLanguage\":\"es\",\"potentialAction\":[{\"@type\":\"CommentAction\",\"name\":\"Comment\",\"target\":[\"https:\\\/\\\/www.escapadarural.com\\\/blog\\\/pueblos-vacios-reconvertidos-al-turismo-rural\\\/#respond\"]}]},{\"@type\":\"WebPage\",\"@id\":\"https:\\\/\\\/www.escapadarural.com\\\/blog\\\/pueblos-vacios-reconvertidos-al-turismo-rural\\\/\",\"url\":\"https:\\\/\\\/www.escapadarural.com\\\/blog\\\/pueblos-vacios-reconvertidos-al-turismo-rural\\\/\",\"name\":\"Pueblos vac\u00edos reconvertidos al turismo rural - EscapadaRural\",\"isPartOf\":{\"@id\":\"https:\\\/\\\/www.escapadarural.com\\\/blog\\\/#website\"},\"primaryImageOfPage\":{\"@id\":\"https:\\\/\\\/www.escapadarural.com\\\/blog\\\/pueblos-vacios-reconvertidos-al-turismo-rural\\\/#primaryimage\"},\"image\":{\"@id\":\"https:\\\/\\\/www.escapadarural.com\\\/blog\\\/pueblos-vacios-reconvertidos-al-turismo-rural\\\/#primaryimage\"},\"thumbnailUrl\":\"https:\\\/\\\/www.escapadarural.com\\\/blog\\\/wp-content\\\/uploads\\\/2023\\\/05\\\/lasdevilladiego-1.webp\",\"datePublished\":\"2021-06-09T07:21:50+00:00\",\"dateModified\":\"2025-03-12T11:15:59+00:00\",\"breadcrumb\":{\"@id\":\"https:\\\/\\\/www.escapadarural.com\\\/blog\\\/pueblos-vacios-reconvertidos-al-turismo-rural\\\/#breadcrumb\"},\"inLanguage\":\"es\",\"potentialAction\":[{\"@type\":\"ReadAction\",\"target\":[\"https:\\\/\\\/www.escapadarural.com\\\/blog\\\/pueblos-vacios-reconvertidos-al-turismo-rural\\\/\"]}]},{\"@type\":\"ImageObject\",\"inLanguage\":\"es\",\"@id\":\"https:\\\/\\\/www.escapadarural.com\\\/blog\\\/pueblos-vacios-reconvertidos-al-turismo-rural\\\/#primaryimage\",\"url\":\"https:\\\/\\\/www.escapadarural.com\\\/blog\\\/wp-content\\\/uploads\\\/2023\\\/05\\\/lasdevilladiego-1.webp\",\"contentUrl\":\"https:\\\/\\\/www.escapadarural.com\\\/blog\\\/wp-content\\\/uploads\\\/2023\\\/05\\\/lasdevilladiego-1.webp\",\"width\":1024,\"height\":554,\"caption\":\"Las de Villadiego (Burgos)\"},{\"@type\":\"BreadcrumbList\",\"@id\":\"https:\\\/\\\/www.escapadarural.com\\\/blog\\\/pueblos-vacios-reconvertidos-al-turismo-rural\\\/#breadcrumb\",\"itemListElement\":[{\"@type\":\"ListItem\",\"position\":1,\"name\":\"Inicio\",\"item\":\"https:\\\/\\\/www.escapadarural.com\\\/blog\\\/\"},{\"@type\":\"ListItem\",\"position\":2,\"name\":\"Alojamientos rurales\",\"item\":\"https:\\\/\\\/www.escapadarural.com\\\/blog\\\/categoria\\\/alojamientos-rurales\\\/\"},{\"@type\":\"ListItem\",\"position\":3,\"name\":\"Pueblos vac\u00edos reconvertidos al turismo rural\"}]},{\"@type\":\"WebSite\",\"@id\":\"https:\\\/\\\/www.escapadarural.com\\\/blog\\\/#website\",\"url\":\"https:\\\/\\\/www.escapadarural.com\\\/blog\\\/\",\"name\":\"Blog de viajes | turismo rural, alojamientos e inspiraci\u00f3n\",\"description\":\"Alojamientos rurales e inspiraci\u00f3n para tus escapadas\",\"publisher\":{\"@id\":\"https:\\\/\\\/www.escapadarural.com\\\/blog\\\/#organization\"},\"alternateName\":\"Magazine de viajes de EscapadaRural\",\"potentialAction\":[{\"@type\":\"SearchAction\",\"target\":{\"@type\":\"EntryPoint\",\"urlTemplate\":\"https:\\\/\\\/www.escapadarural.com\\\/blog\\\/?s={search_term_string}\"},\"query-input\":{\"@type\":\"PropertyValueSpecification\",\"valueRequired\":true,\"valueName\":\"search_term_string\"}}],\"inLanguage\":\"es\"},{\"@type\":\"Organization\",\"@id\":\"https:\\\/\\\/www.escapadarural.com\\\/blog\\\/#organization\",\"name\":\"EscapadaRural\",\"url\":\"https:\\\/\\\/www.escapadarural.com\\\/blog\\\/\",\"logo\":{\"@type\":\"ImageObject\",\"inLanguage\":\"es\",\"@id\":\"https:\\\/\\\/www.escapadarural.com\\\/blog\\\/#\\\/schema\\\/logo\\\/image\\\/\",\"url\":\"https:\\\/\\\/www.escapadarural.com\\\/blog\\\/wp-content\\\/uploads\\\/2024\\\/10\\\/cropped-cropped-escapada-rural-icon-mag-3.png\",\"contentUrl\":\"https:\\\/\\\/www.escapadarural.com\\\/blog\\\/wp-content\\\/uploads\\\/2024\\\/10\\\/cropped-cropped-escapada-rural-icon-mag-3.png\",\"width\":512,\"height\":512,\"caption\":\"EscapadaRural\"},\"image\":{\"@id\":\"https:\\\/\\\/www.escapadarural.com\\\/blog\\\/#\\\/schema\\\/logo\\\/image\\\/\"},\"sameAs\":[\"https:\\\/\\\/www.facebook.com\\\/escapadarural\",\"https:\\\/\\\/www.instagram.com\\\/escapadarural\\\/\",\"https:\\\/\\\/www.youtube.com\\\/@escapadaruralcom\"]},{\"@type\":\"Person\",\"@id\":\"https:\\\/\\\/www.escapadarural.com\\\/blog\\\/#\\\/schema\\\/person\\\/a9b46ae4d047d8a2c719f31e75206cff\",\"name\":\"Laura Fern\u00e1ndez\",\"image\":{\"@type\":\"ImageObject\",\"inLanguage\":\"es\",\"@id\":\"https:\\\/\\\/www.escapadarural.com\\\/blog\\\/wp-content\\\/uploads\\\/2025\\\/01\\\/cropped-laura_raponchii-96x96.jpg\",\"url\":\"https:\\\/\\\/www.escapadarural.com\\\/blog\\\/wp-content\\\/uploads\\\/2025\\\/01\\\/cropped-laura_raponchii-96x96.jpg\",\"contentUrl\":\"https:\\\/\\\/www.escapadarural.com\\\/blog\\\/wp-content\\\/uploads\\\/2025\\\/01\\\/cropped-laura_raponchii-96x96.jpg\",\"caption\":\"Laura Fern\u00e1ndez\"},\"description\":\"Periodista, blogger y viajera. No necesariamente en ese orden. En ocasiones me despierto sin saber d\u00f3nde estoy. Adicta a los c\u00f3mics y a los noodles con salsa de cacahuete. Redactora en @escapadarural, colaboradora en la Conde Nast Traveler y en la Divinity. Mi casa: Meridiano180.\",\"sameAs\":[\"http:\\\/\\\/www.meridiano180.com\\\/\"],\"url\":\"https:\\\/\\\/www.escapadarural.com\\\/blog\\\/autor\\\/laura\\\/\"}]}<\/script>\n<!-- \/ Yoast SEO plugin. -->","yoast_head_json":{"title":"Pueblos vac\u00edos reconvertidos al turismo rural - EscapadaRural","robots":{"index":"index","follow":"follow","max-snippet":"max-snippet:-1","max-image-preview":"max-image-preview:large","max-video-preview":"max-video-preview:-1"},"canonical":"https:\/\/www.escapadarural.com\/blog\/pueblos-vacios-reconvertidos-al-turismo-rural\/","og_locale":"es_ES","og_type":"article","og_title":"Pueblos vac\u00edos reconvertidos al turismo rural - EscapadaRural","og_description":"Espa\u00f1a cuenta con cantidad de municipios que no han logrado superar la agon\u00eda demogr\u00e1fica. Muchos pueblos est\u00e1n vac\u00edos, aunque eso no quiere decir que est\u00e9n abandonados. Y, gracias a diferentes iniciativas tur\u00edsticas algunos de ellos han logrado recuperar su patrimonio y, en el mejor de los casos, atraer de nuevo a la gente. Aunque por estos pueblos, m\u00e1s que vecinos, ahora por ellos pasean viajeros.","og_url":"https:\/\/www.escapadarural.com\/blog\/pueblos-vacios-reconvertidos-al-turismo-rural\/","og_site_name":"Magazine de viajes de EscapadaRural","article_publisher":"https:\/\/www.facebook.com\/escapadarural","article_published_time":"2021-06-09T07:21:50+00:00","article_modified_time":"2025-03-12T11:15:59+00:00","og_image":[{"width":1024,"height":554,"url":"https:\/\/www.escapadarural.com\/blog\/wp-content\/uploads\/2023\/05\/lasdevilladiego-1.webp","type":"image\/webp"}],"author":"Laura Fern\u00e1ndez","twitter_card":"summary_large_image","twitter_misc":{"Escrito por":"Laura Fern\u00e1ndez","Tiempo de lectura":"7 minutos"},"schema":{"@context":"https:\/\/schema.org","@graph":[{"@type":"Article","@id":"https:\/\/www.escapadarural.com\/blog\/pueblos-vacios-reconvertidos-al-turismo-rural\/#article","isPartOf":{"@id":"https:\/\/www.escapadarural.com\/blog\/pueblos-vacios-reconvertidos-al-turismo-rural\/"},"author":{"name":"Laura Fern\u00e1ndez","@id":"https:\/\/www.escapadarural.com\/blog\/#\/schema\/person\/a9b46ae4d047d8a2c719f31e75206cff"},"headline":"Pueblos vac\u00edos reconvertidos al turismo rural","datePublished":"2021-06-09T07:21:50+00:00","dateModified":"2025-03-12T11:15:59+00:00","mainEntityOfPage":{"@id":"https:\/\/www.escapadarural.com\/blog\/pueblos-vacios-reconvertidos-al-turismo-rural\/"},"wordCount":1260,"commentCount":0,"publisher":{"@id":"https:\/\/www.escapadarural.com\/blog\/#organization"},"image":{"@id":"https:\/\/www.escapadarural.com\/blog\/pueblos-vacios-reconvertidos-al-turismo-rural\/#primaryimage"},"thumbnailUrl":"https:\/\/www.escapadarural.com\/blog\/wp-content\/uploads\/2023\/05\/lasdevilladiego-1.webp","keywords":["art\u00edculo","despoblaci\u00f3n","Espa\u00f1a vac\u00eda","Historias y Curiosidades","pueblos abandonados"],"articleSection":["Alojamientos rurales"],"inLanguage":"es","potentialAction":[{"@type":"CommentAction","name":"Comment","target":["https:\/\/www.escapadarural.com\/blog\/pueblos-vacios-reconvertidos-al-turismo-rural\/#respond"]}]},{"@type":"WebPage","@id":"https:\/\/www.escapadarural.com\/blog\/pueblos-vacios-reconvertidos-al-turismo-rural\/","url":"https:\/\/www.escapadarural.com\/blog\/pueblos-vacios-reconvertidos-al-turismo-rural\/","name":"Pueblos vac\u00edos reconvertidos al turismo rural - EscapadaRural","isPartOf":{"@id":"https:\/\/www.escapadarural.com\/blog\/#website"},"primaryImageOfPage":{"@id":"https:\/\/www.escapadarural.com\/blog\/pueblos-vacios-reconvertidos-al-turismo-rural\/#primaryimage"},"image":{"@id":"https:\/\/www.escapadarural.com\/blog\/pueblos-vacios-reconvertidos-al-turismo-rural\/#primaryimage"},"thumbnailUrl":"https:\/\/www.escapadarural.com\/blog\/wp-content\/uploads\/2023\/05\/lasdevilladiego-1.webp","datePublished":"2021-06-09T07:21:50+00:00","dateModified":"2025-03-12T11:15:59+00:00","breadcrumb":{"@id":"https:\/\/www.escapadarural.com\/blog\/pueblos-vacios-reconvertidos-al-turismo-rural\/#breadcrumb"},"inLanguage":"es","potentialAction":[{"@type":"ReadAction","target":["https:\/\/www.escapadarural.com\/blog\/pueblos-vacios-reconvertidos-al-turismo-rural\/"]}]},{"@type":"ImageObject","inLanguage":"es","@id":"https:\/\/www.escapadarural.com\/blog\/pueblos-vacios-reconvertidos-al-turismo-rural\/#primaryimage","url":"https:\/\/www.escapadarural.com\/blog\/wp-content\/uploads\/2023\/05\/lasdevilladiego-1.webp","contentUrl":"https:\/\/www.escapadarural.com\/blog\/wp-content\/uploads\/2023\/05\/lasdevilladiego-1.webp","width":1024,"height":554,"caption":"Las de Villadiego (Burgos)"},{"@type":"BreadcrumbList","@id":"https:\/\/www.escapadarural.com\/blog\/pueblos-vacios-reconvertidos-al-turismo-rural\/#breadcrumb","itemListElement":[{"@type":"ListItem","position":1,"name":"Inicio","item":"https:\/\/www.escapadarural.com\/blog\/"},{"@type":"ListItem","position":2,"name":"Alojamientos rurales","item":"https:\/\/www.escapadarural.com\/blog\/categoria\/alojamientos-rurales\/"},{"@type":"ListItem","position":3,"name":"Pueblos vac\u00edos reconvertidos al turismo rural"}]},{"@type":"WebSite","@id":"https:\/\/www.escapadarural.com\/blog\/#website","url":"https:\/\/www.escapadarural.com\/blog\/","name":"Blog de viajes | turismo rural, alojamientos e inspiraci\u00f3n","description":"Alojamientos rurales e inspiraci\u00f3n para tus escapadas","publisher":{"@id":"https:\/\/www.escapadarural.com\/blog\/#organization"},"alternateName":"Magazine de viajes de EscapadaRural","potentialAction":[{"@type":"SearchAction","target":{"@type":"EntryPoint","urlTemplate":"https:\/\/www.escapadarural.com\/blog\/?s={search_term_string}"},"query-input":{"@type":"PropertyValueSpecification","valueRequired":true,"valueName":"search_term_string"}}],"inLanguage":"es"},{"@type":"Organization","@id":"https:\/\/www.escapadarural.com\/blog\/#organization","name":"EscapadaRural","url":"https:\/\/www.escapadarural.com\/blog\/","logo":{"@type":"ImageObject","inLanguage":"es","@id":"https:\/\/www.escapadarural.com\/blog\/#\/schema\/logo\/image\/","url":"https:\/\/www.escapadarural.com\/blog\/wp-content\/uploads\/2024\/10\/cropped-cropped-escapada-rural-icon-mag-3.png","contentUrl":"https:\/\/www.escapadarural.com\/blog\/wp-content\/uploads\/2024\/10\/cropped-cropped-escapada-rural-icon-mag-3.png","width":512,"height":512,"caption":"EscapadaRural"},"image":{"@id":"https:\/\/www.escapadarural.com\/blog\/#\/schema\/logo\/image\/"},"sameAs":["https:\/\/www.facebook.com\/escapadarural","https:\/\/www.instagram.com\/escapadarural\/","https:\/\/www.youtube.com\/@escapadaruralcom"]},{"@type":"Person","@id":"https:\/\/www.escapadarural.com\/blog\/#\/schema\/person\/a9b46ae4d047d8a2c719f31e75206cff","name":"Laura Fern\u00e1ndez","image":{"@type":"ImageObject","inLanguage":"es","@id":"https:\/\/www.escapadarural.com\/blog\/wp-content\/uploads\/2025\/01\/cropped-laura_raponchii-96x96.jpg","url":"https:\/\/www.escapadarural.com\/blog\/wp-content\/uploads\/2025\/01\/cropped-laura_raponchii-96x96.jpg","contentUrl":"https:\/\/www.escapadarural.com\/blog\/wp-content\/uploads\/2025\/01\/cropped-laura_raponchii-96x96.jpg","caption":"Laura Fern\u00e1ndez"},"description":"Periodista, blogger y viajera. No necesariamente en ese orden. En ocasiones me despierto sin saber d\u00f3nde estoy. Adicta a los c\u00f3mics y a los noodles con salsa de cacahuete. Redactora en @escapadarural, colaboradora en la Conde Nast Traveler y en la Divinity. Mi casa: Meridiano180.","sameAs":["http:\/\/www.meridiano180.com\/"],"url":"https:\/\/www.escapadarural.com\/blog\/autor\/laura\/"}]}},"_links":{"self":[{"href":"https:\/\/www.escapadarural.com\/blog\/wp-json\/wp\/v2\/posts\/40352","targetHints":{"allow":["GET"]}}],"collection":[{"href":"https:\/\/www.escapadarural.com\/blog\/wp-json\/wp\/v2\/posts"}],"about":[{"href":"https:\/\/www.escapadarural.com\/blog\/wp-json\/wp\/v2\/types\/post"}],"author":[{"embeddable":true,"href":"https:\/\/www.escapadarural.com\/blog\/wp-json\/wp\/v2\/users\/89"}],"replies":[{"embeddable":true,"href":"https:\/\/www.escapadarural.com\/blog\/wp-json\/wp\/v2\/comments?post=40352"}],"version-history":[{"count":0,"href":"https:\/\/www.escapadarural.com\/blog\/wp-json\/wp\/v2\/posts\/40352\/revisions"}],"wp:featuredmedia":[{"embeddable":true,"href":"https:\/\/www.escapadarural.com\/blog\/wp-json\/wp\/v2\/media\/195741"}],"wp:attachment":[{"href":"https:\/\/www.escapadarural.com\/blog\/wp-json\/wp\/v2\/media?parent=40352"}],"wp:term":[{"taxonomy":"category","embeddable":true,"href":"https:\/\/www.escapadarural.com\/blog\/wp-json\/wp\/v2\/categories?post=40352"},{"taxonomy":"post_tag","embeddable":true,"href":"https:\/\/www.escapadarural.com\/blog\/wp-json\/wp\/v2\/tags?post=40352"}],"curies":[{"name":"wp","href":"https:\/\/api.w.org\/{rel}","templated":true}]}}