{"id":40674,"date":"2021-06-22T14:11:49","date_gmt":"2021-06-22T13:11:49","guid":{"rendered":"https:\/\/www.escapadarural.com\/blog\/?p=40674"},"modified":"2025-03-05T16:21:33","modified_gmt":"2025-03-05T14:21:33","slug":"coetur-2021-el-turismo-rural-como-motor-de-desarrollo","status":"publish","type":"post","link":"https:\/\/www.escapadarural.com\/blog\/coetur-2021-el-turismo-rural-como-motor-de-desarrollo\/","title":{"rendered":"Coetur 2021: El turismo rural como motor de desarrollo"},"content":{"rendered":"\n<figure class=\"wp-block-image size-large\"><a href=\"https:\/\/www.escapadarural.com\/blog\/wp-content\/uploads\/Coetur-2021-_MG_2466-1.jpg\"><img decoding=\"async\" src=\"https:\/\/www.escapadarural.com\/blog\/wp-content\/uploads\/Coetur-2021-_MG_2466-1-1024x683.jpg\" alt=\"Coetur 2021\" class=\"wp-image-40413\"\/><\/a><figcaption>Por Jean-Marc Joseph<\/figcaption><\/figure>\n\n\n\n<p>Coetur 2021 estuvo marcado por la realidad del turismo rural. En esta mesa de debate se manifestaron los diferentes impactos y diferentes perspectivas de expertos del sector que trabajan en diferentes escalas de actuaci\u00f3n: a nivel auton\u00f3mico, nacional, europeo y mundial.<\/p>\n\n\n\n<p>La mesa de debate <strong>\u00abEl turismo rural como motor de desarrollo\u00bb<\/strong> fue moderada por Gemma Pons, directora comercial de <a aria-label=\"EscapadaRural (opens in a new tab)\" href=\"https:\/\/www.escapadarural.com\/\" target=\"_blank\" rel=\"noreferrer noopener\" class=\"rank-math-link\">EscapadaRural<\/a>; y cont\u00f3 con la presencia de Sandra Carv\u00e3o, Directora del Departamento de Inteligencia de Mercados y Competitividad de la Organizaci\u00f3n Mundial del Turismo; Secundino Caso, presidente de la Red Espa\u00f1ola de Desarrollo Rural; Idoia Ezkurdia, gerente de Nekatur; y Klaus Ehrlich, gerente de RuralTour.<\/p>\n\n\n\n<figure class=\"wp-block-embed is-type-video is-provider-youtube wp-block-embed-youtube wp-embed-aspect-16-9 wp-has-aspect-ratio\"><div class=\"wp-block-embed__wrapper\">\n<span class=\"5MqRQCABJnyths7LN0aFOlcVdTZkxwUo9eri4XpW8bgfIY2zvSuKP\"><div class=\"video-shortcode\"><iframe title=\"03. El turismo rural como motor de desarrollo\" width=\"1200\" height=\"675\" src=\"https:\/\/www.youtube.com\/embed\/YaG37GUStQc?feature=oembed\" frameborder=\"0\" allow=\"accelerometer; autoplay; clipboard-write; encrypted-media; gyroscope; picture-in-picture; web-share\" referrerpolicy=\"strict-origin-when-cross-origin\" allowfullscreen><\/iframe><\/div><\/span>\n<\/div><\/figure>\n\n\n\n<h2 class=\"wp-block-heading\">\u00bfQu\u00e9 es lo mejor de COETUR?<\/h2>\n\n\n\n<figure class=\"wp-block-embed is-type-video is-provider-youtube wp-block-embed-youtube wp-embed-aspect-16-9 wp-has-aspect-ratio\"><div class=\"wp-block-embed__wrapper\">\n<span class=\"kyUIp7D1E8ZaPTogRvNncA6\"><div class=\"video-shortcode\"><iframe title=\"03. Entrevista a Secundino Caso (REDR)\" width=\"1200\" height=\"675\" src=\"https:\/\/www.youtube.com\/embed\/mk8qmPNRAqw?feature=oembed\" frameborder=\"0\" allow=\"accelerometer; autoplay; clipboard-write; encrypted-media; gyroscope; picture-in-picture; web-share\" referrerpolicy=\"strict-origin-when-cross-origin\" allowfullscreen><\/iframe><\/div><\/span>\n<\/div><\/figure>\n\n\n\n<figure class=\"wp-block-embed is-type-video is-provider-youtube wp-block-embed-youtube wp-embed-aspect-16-9 wp-has-aspect-ratio\"><div class=\"wp-block-embed__wrapper\">\n<span class=\"VSdQ5LtiJMTmTP5U0Y7vbBuAq9YwOZjplyEQUnfWzsX73Zrwrt86Goxs1ajaRueH94NWN\"><div class=\"video-shortcode\"><iframe title=\"04. Entrevista a Idoia Ezkurdia (Nekatur)\" width=\"1200\" height=\"675\" src=\"https:\/\/www.youtube.com\/embed\/bYIUJCwU06c?feature=oembed\" frameborder=\"0\" allow=\"accelerometer; autoplay; clipboard-write; encrypted-media; gyroscope; picture-in-picture; web-share\" referrerpolicy=\"strict-origin-when-cross-origin\" allowfullscreen><\/iframe><\/div><\/span>\n<\/div><\/figure>\n\n\n\n<figure class=\"wp-block-embed is-type-video is-provider-youtube wp-block-embed-youtube wp-embed-aspect-16-9 wp-has-aspect-ratio\"><div class=\"wp-block-embed__wrapper\">\n<span class=\"Y0tDUguAZdEN4pk1eysWPM5lhnqFjVQrmaiR9G8vIxTKBOLX2cz3\"><div class=\"video-shortcode\"><iframe title=\"10. Entrevista a Klaus Ehrlich (RuralTour)\" width=\"1200\" height=\"675\" src=\"https:\/\/www.youtube.com\/embed\/RQF7LFFkRSc?feature=oembed\" frameborder=\"0\" allow=\"accelerometer; autoplay; clipboard-write; encrypted-media; gyroscope; picture-in-picture; web-share\" referrerpolicy=\"strict-origin-when-cross-origin\" allowfullscreen><\/iframe><\/div><\/span>\n<\/div><\/figure>\n","protected":false},"excerpt":{"rendered":"<p>Coetur 2021 estuvo marcado por la realidad del turismo rural. En esta mesa de debate se manifestaron los diferentes impactos y diferentes perspectivas de expertos del sector que trabajan en diferentes escalas de actuaci\u00f3n: a nivel auton\u00f3mico, nacional, europeo y mundial.<\/p>\n","protected":false},"author":119,"featured_media":112339,"comment_status":"open","ping_status":"open","sticky":false,"template":"","format":"standard","meta":{"_acf_changed":false,"om_disable_all_campaigns":false,"footnotes":""},"categories":[385,390],"tags":[386,3364,1200,3366,3367,3368,3369,857,274],"class_list":["post-40674","post","type-post","status-publish","format-standard","has-post-thumbnail","hentry","category-coetur","category-noticias","tag-coetur","tag-coetur2021","tag-escapada-rural","tag-nekatur","tag-organizacion-mundial-del-turismo","tag-redr","tag-ruraltour","tag-turismo","tag-turismo-rural"],"acf":[],"featured_image_src":"https:\/\/www.escapadarural.com\/blog\/wp-content\/uploads\/2014\/05\/Coetur-2.jpg","author_info":{"display_name":"Caroline Dalpr\u00e1","author_link":"https:\/\/www.escapadarural.com\/blog\/autor\/caroline\/"},"yoast_head":"<!-- This site is optimized with the Yoast SEO plugin v27.5 - https:\/\/yoast.com\/product\/yoast-seo-wordpress\/ -->\n<title>Coetur 2021: El turismo rural como motor de desarrollo - EscapadaRural<\/title>\n<meta name=\"robots\" content=\"index, follow, max-snippet:-1, max-image-preview:large, max-video-preview:-1\" \/>\n<link rel=\"canonical\" href=\"https:\/\/www.escapadarural.com\/blog\/coetur-2021-el-turismo-rural-como-motor-de-desarrollo\/\" \/>\n<meta property=\"og:locale\" content=\"es_ES\" \/>\n<meta property=\"og:type\" content=\"article\" \/>\n<meta property=\"og:title\" content=\"Coetur 2021: El turismo rural como motor de desarrollo - EscapadaRural\" \/>\n<meta property=\"og:description\" content=\"Coetur 2021 estuvo marcado por la realidad del turismo rural. En esta mesa de debate se manifestaron los diferentes impactos y diferentes perspectivas de expertos del sector que trabajan en diferentes escalas de actuaci\u00f3n: a nivel auton\u00f3mico, nacional, europeo y mundial.\" \/>\n<meta property=\"og:url\" content=\"https:\/\/www.escapadarural.com\/blog\/coetur-2021-el-turismo-rural-como-motor-de-desarrollo\/\" \/>\n<meta property=\"og:site_name\" content=\"Magazine de viajes de EscapadaRural\" \/>\n<meta property=\"article:publisher\" content=\"https:\/\/www.facebook.com\/escapadarural\" \/>\n<meta property=\"article:published_time\" content=\"2021-06-22T13:11:49+00:00\" \/>\n<meta property=\"article:modified_time\" content=\"2025-03-05T14:21:33+00:00\" \/>\n<meta property=\"og:image\" content=\"https:\/\/www.escapadarural.com\/blog\/wp-content\/uploads\/2014\/05\/Coetur-2.jpg\" \/>\n\t<meta property=\"og:image:width\" content=\"689\" \/>\n\t<meta property=\"og:image:height\" content=\"419\" \/>\n\t<meta property=\"og:image:type\" content=\"image\/jpeg\" \/>\n<meta name=\"author\" content=\"Caroline Dalpr\u00e1\" \/>\n<meta name=\"twitter:card\" content=\"summary_large_image\" \/>\n<meta name=\"twitter:label1\" content=\"Escrito por\" \/>\n\t<meta name=\"twitter:data1\" content=\"Caroline Dalpr\u00e1\" \/>\n\t<meta name=\"twitter:label2\" content=\"Tiempo de lectura\" \/>\n\t<meta name=\"twitter:data2\" content=\"1 minuto\" \/>\n<script type=\"application\/ld+json\" class=\"yoast-schema-graph\">{\"@context\":\"https:\\\/\\\/schema.org\",\"@graph\":[{\"@type\":\"Article\",\"@id\":\"https:\\\/\\\/www.escapadarural.com\\\/blog\\\/coetur-2021-el-turismo-rural-como-motor-de-desarrollo\\\/#article\",\"isPartOf\":{\"@id\":\"https:\\\/\\\/www.escapadarural.com\\\/blog\\\/coetur-2021-el-turismo-rural-como-motor-de-desarrollo\\\/\"},\"author\":{\"name\":\"Caroline Dalpr\u00e1\",\"@id\":\"https:\\\/\\\/www.escapadarural.com\\\/blog\\\/#\\\/schema\\\/person\\\/71a3509afe98d853c3837b4889cdab61\"},\"headline\":\"Coetur 2021: El turismo rural como motor de desarrollo\",\"datePublished\":\"2021-06-22T13:11:49+00:00\",\"dateModified\":\"2025-03-05T14:21:33+00:00\",\"mainEntityOfPage\":{\"@id\":\"https:\\\/\\\/www.escapadarural.com\\\/blog\\\/coetur-2021-el-turismo-rural-como-motor-de-desarrollo\\\/\"},\"wordCount\":158,\"commentCount\":0,\"publisher\":{\"@id\":\"https:\\\/\\\/www.escapadarural.com\\\/blog\\\/#organization\"},\"image\":{\"@id\":\"https:\\\/\\\/www.escapadarural.com\\\/blog\\\/coetur-2021-el-turismo-rural-como-motor-de-desarrollo\\\/#primaryimage\"},\"thumbnailUrl\":\"https:\\\/\\\/www.escapadarural.com\\\/blog\\\/wp-content\\\/uploads\\\/2014\\\/05\\\/Coetur-2.jpg\",\"keywords\":[\"COETUR\",\"Coetur2021\",\"Escapada Rural\",\"Nekatur\",\"Organizaci\u00f3n Mundial del Turismo\",\"REDR\",\"RuralTour\",\"Turismo\",\"turismo rural\"],\"articleSection\":[\"Coetur\",\"Noticias\"],\"inLanguage\":\"es\",\"potentialAction\":[{\"@type\":\"CommentAction\",\"name\":\"Comment\",\"target\":[\"https:\\\/\\\/www.escapadarural.com\\\/blog\\\/coetur-2021-el-turismo-rural-como-motor-de-desarrollo\\\/#respond\"]}]},{\"@type\":\"WebPage\",\"@id\":\"https:\\\/\\\/www.escapadarural.com\\\/blog\\\/coetur-2021-el-turismo-rural-como-motor-de-desarrollo\\\/\",\"url\":\"https:\\\/\\\/www.escapadarural.com\\\/blog\\\/coetur-2021-el-turismo-rural-como-motor-de-desarrollo\\\/\",\"name\":\"Coetur 2021: El turismo rural como motor de desarrollo - EscapadaRural\",\"isPartOf\":{\"@id\":\"https:\\\/\\\/www.escapadarural.com\\\/blog\\\/#website\"},\"primaryImageOfPage\":{\"@id\":\"https:\\\/\\\/www.escapadarural.com\\\/blog\\\/coetur-2021-el-turismo-rural-como-motor-de-desarrollo\\\/#primaryimage\"},\"image\":{\"@id\":\"https:\\\/\\\/www.escapadarural.com\\\/blog\\\/coetur-2021-el-turismo-rural-como-motor-de-desarrollo\\\/#primaryimage\"},\"thumbnailUrl\":\"https:\\\/\\\/www.escapadarural.com\\\/blog\\\/wp-content\\\/uploads\\\/2014\\\/05\\\/Coetur-2.jpg\",\"datePublished\":\"2021-06-22T13:11:49+00:00\",\"dateModified\":\"2025-03-05T14:21:33+00:00\",\"breadcrumb\":{\"@id\":\"https:\\\/\\\/www.escapadarural.com\\\/blog\\\/coetur-2021-el-turismo-rural-como-motor-de-desarrollo\\\/#breadcrumb\"},\"inLanguage\":\"es\",\"potentialAction\":[{\"@type\":\"ReadAction\",\"target\":[\"https:\\\/\\\/www.escapadarural.com\\\/blog\\\/coetur-2021-el-turismo-rural-como-motor-de-desarrollo\\\/\"]}]},{\"@type\":\"ImageObject\",\"inLanguage\":\"es\",\"@id\":\"https:\\\/\\\/www.escapadarural.com\\\/blog\\\/coetur-2021-el-turismo-rural-como-motor-de-desarrollo\\\/#primaryimage\",\"url\":\"https:\\\/\\\/www.escapadarural.com\\\/blog\\\/wp-content\\\/uploads\\\/2014\\\/05\\\/Coetur-2.jpg\",\"contentUrl\":\"https:\\\/\\\/www.escapadarural.com\\\/blog\\\/wp-content\\\/uploads\\\/2014\\\/05\\\/Coetur-2.jpg\",\"width\":689,\"height\":419,\"caption\":\"coetur\"},{\"@type\":\"BreadcrumbList\",\"@id\":\"https:\\\/\\\/www.escapadarural.com\\\/blog\\\/coetur-2021-el-turismo-rural-como-motor-de-desarrollo\\\/#breadcrumb\",\"itemListElement\":[{\"@type\":\"ListItem\",\"position\":1,\"name\":\"Inicio\",\"item\":\"https:\\\/\\\/www.escapadarural.com\\\/blog\\\/\"},{\"@type\":\"ListItem\",\"position\":2,\"name\":\"Noticias\",\"item\":\"https:\\\/\\\/www.escapadarural.com\\\/blog\\\/categoria\\\/noticias\\\/\"},{\"@type\":\"ListItem\",\"position\":3,\"name\":\"Coetur 2021: El turismo rural como motor de desarrollo\"}]},{\"@type\":\"WebSite\",\"@id\":\"https:\\\/\\\/www.escapadarural.com\\\/blog\\\/#website\",\"url\":\"https:\\\/\\\/www.escapadarural.com\\\/blog\\\/\",\"name\":\"Blog de viajes | turismo rural, alojamientos e inspiraci\u00f3n\",\"description\":\"Alojamientos rurales e inspiraci\u00f3n para tus escapadas\",\"publisher\":{\"@id\":\"https:\\\/\\\/www.escapadarural.com\\\/blog\\\/#organization\"},\"alternateName\":\"Magazine de viajes de EscapadaRural\",\"potentialAction\":[{\"@type\":\"SearchAction\",\"target\":{\"@type\":\"EntryPoint\",\"urlTemplate\":\"https:\\\/\\\/www.escapadarural.com\\\/blog\\\/?s={search_term_string}\"},\"query-input\":{\"@type\":\"PropertyValueSpecification\",\"valueRequired\":true,\"valueName\":\"search_term_string\"}}],\"inLanguage\":\"es\"},{\"@type\":\"Organization\",\"@id\":\"https:\\\/\\\/www.escapadarural.com\\\/blog\\\/#organization\",\"name\":\"EscapadaRural\",\"url\":\"https:\\\/\\\/www.escapadarural.com\\\/blog\\\/\",\"logo\":{\"@type\":\"ImageObject\",\"inLanguage\":\"es\",\"@id\":\"https:\\\/\\\/www.escapadarural.com\\\/blog\\\/#\\\/schema\\\/logo\\\/image\\\/\",\"url\":\"https:\\\/\\\/www.escapadarural.com\\\/blog\\\/wp-content\\\/uploads\\\/2024\\\/10\\\/cropped-cropped-escapada-rural-icon-mag-3.png\",\"contentUrl\":\"https:\\\/\\\/www.escapadarural.com\\\/blog\\\/wp-content\\\/uploads\\\/2024\\\/10\\\/cropped-cropped-escapada-rural-icon-mag-3.png\",\"width\":512,\"height\":512,\"caption\":\"EscapadaRural\"},\"image\":{\"@id\":\"https:\\\/\\\/www.escapadarural.com\\\/blog\\\/#\\\/schema\\\/logo\\\/image\\\/\"},\"sameAs\":[\"https:\\\/\\\/www.facebook.com\\\/escapadarural\",\"https:\\\/\\\/www.instagram.com\\\/escapadarural\\\/\",\"https:\\\/\\\/www.youtube.com\\\/@escapadaruralcom\"]},{\"@type\":\"Person\",\"@id\":\"https:\\\/\\\/www.escapadarural.com\\\/blog\\\/#\\\/schema\\\/person\\\/71a3509afe98d853c3837b4889cdab61\",\"name\":\"Caroline Dalpr\u00e1\",\"image\":{\"@type\":\"ImageObject\",\"inLanguage\":\"es\",\"@id\":\"https:\\\/\\\/secure.gravatar.com\\\/avatar\\\/7c69701bfb6edce5bb470d94ec03340a2dd7130049dcaa9f93a67689fbb9bce5?s=96&d=mm&r=g\",\"url\":\"https:\\\/\\\/secure.gravatar.com\\\/avatar\\\/7c69701bfb6edce5bb470d94ec03340a2dd7130049dcaa9f93a67689fbb9bce5?s=96&d=mm&r=g\",\"contentUrl\":\"https:\\\/\\\/secure.gravatar.com\\\/avatar\\\/7c69701bfb6edce5bb470d94ec03340a2dd7130049dcaa9f93a67689fbb9bce5?s=96&d=mm&r=g\",\"caption\":\"Caroline Dalpr\u00e1\"},\"description\":\"Periodista de viajes con debilidad por los pueblos con encanto. Brasile\u00f1a curiosa descubriendo la Espa\u00f1a rural, una escapada a la vez. En EscapadaRural llevo el tim\u00f3n del Marketing Digital y busco formas de contar lugares con alma.\",\"url\":\"https:\\\/\\\/www.escapadarural.com\\\/blog\\\/autor\\\/caroline\\\/\"}]}<\/script>\n<!-- \/ Yoast SEO plugin. -->","yoast_head_json":{"title":"Coetur 2021: El turismo rural como motor de desarrollo - EscapadaRural","robots":{"index":"index","follow":"follow","max-snippet":"max-snippet:-1","max-image-preview":"max-image-preview:large","max-video-preview":"max-video-preview:-1"},"canonical":"https:\/\/www.escapadarural.com\/blog\/coetur-2021-el-turismo-rural-como-motor-de-desarrollo\/","og_locale":"es_ES","og_type":"article","og_title":"Coetur 2021: El turismo rural como motor de desarrollo - EscapadaRural","og_description":"Coetur 2021 estuvo marcado por la realidad del turismo rural. En esta mesa de debate se manifestaron los diferentes impactos y diferentes perspectivas de expertos del sector que trabajan en diferentes escalas de actuaci\u00f3n: a nivel auton\u00f3mico, nacional, europeo y mundial.","og_url":"https:\/\/www.escapadarural.com\/blog\/coetur-2021-el-turismo-rural-como-motor-de-desarrollo\/","og_site_name":"Magazine de viajes de EscapadaRural","article_publisher":"https:\/\/www.facebook.com\/escapadarural","article_published_time":"2021-06-22T13:11:49+00:00","article_modified_time":"2025-03-05T14:21:33+00:00","og_image":[{"width":689,"height":419,"url":"https:\/\/www.escapadarural.com\/blog\/wp-content\/uploads\/2014\/05\/Coetur-2.jpg","type":"image\/jpeg"}],"author":"Caroline Dalpr\u00e1","twitter_card":"summary_large_image","twitter_misc":{"Escrito por":"Caroline Dalpr\u00e1","Tiempo de lectura":"1 minuto"},"schema":{"@context":"https:\/\/schema.org","@graph":[{"@type":"Article","@id":"https:\/\/www.escapadarural.com\/blog\/coetur-2021-el-turismo-rural-como-motor-de-desarrollo\/#article","isPartOf":{"@id":"https:\/\/www.escapadarural.com\/blog\/coetur-2021-el-turismo-rural-como-motor-de-desarrollo\/"},"author":{"name":"Caroline Dalpr\u00e1","@id":"https:\/\/www.escapadarural.com\/blog\/#\/schema\/person\/71a3509afe98d853c3837b4889cdab61"},"headline":"Coetur 2021: El turismo rural como motor de desarrollo","datePublished":"2021-06-22T13:11:49+00:00","dateModified":"2025-03-05T14:21:33+00:00","mainEntityOfPage":{"@id":"https:\/\/www.escapadarural.com\/blog\/coetur-2021-el-turismo-rural-como-motor-de-desarrollo\/"},"wordCount":158,"commentCount":0,"publisher":{"@id":"https:\/\/www.escapadarural.com\/blog\/#organization"},"image":{"@id":"https:\/\/www.escapadarural.com\/blog\/coetur-2021-el-turismo-rural-como-motor-de-desarrollo\/#primaryimage"},"thumbnailUrl":"https:\/\/www.escapadarural.com\/blog\/wp-content\/uploads\/2014\/05\/Coetur-2.jpg","keywords":["COETUR","Coetur2021","Escapada Rural","Nekatur","Organizaci\u00f3n Mundial del Turismo","REDR","RuralTour","Turismo","turismo rural"],"articleSection":["Coetur","Noticias"],"inLanguage":"es","potentialAction":[{"@type":"CommentAction","name":"Comment","target":["https:\/\/www.escapadarural.com\/blog\/coetur-2021-el-turismo-rural-como-motor-de-desarrollo\/#respond"]}]},{"@type":"WebPage","@id":"https:\/\/www.escapadarural.com\/blog\/coetur-2021-el-turismo-rural-como-motor-de-desarrollo\/","url":"https:\/\/www.escapadarural.com\/blog\/coetur-2021-el-turismo-rural-como-motor-de-desarrollo\/","name":"Coetur 2021: El turismo rural como motor de desarrollo - EscapadaRural","isPartOf":{"@id":"https:\/\/www.escapadarural.com\/blog\/#website"},"primaryImageOfPage":{"@id":"https:\/\/www.escapadarural.com\/blog\/coetur-2021-el-turismo-rural-como-motor-de-desarrollo\/#primaryimage"},"image":{"@id":"https:\/\/www.escapadarural.com\/blog\/coetur-2021-el-turismo-rural-como-motor-de-desarrollo\/#primaryimage"},"thumbnailUrl":"https:\/\/www.escapadarural.com\/blog\/wp-content\/uploads\/2014\/05\/Coetur-2.jpg","datePublished":"2021-06-22T13:11:49+00:00","dateModified":"2025-03-05T14:21:33+00:00","breadcrumb":{"@id":"https:\/\/www.escapadarural.com\/blog\/coetur-2021-el-turismo-rural-como-motor-de-desarrollo\/#breadcrumb"},"inLanguage":"es","potentialAction":[{"@type":"ReadAction","target":["https:\/\/www.escapadarural.com\/blog\/coetur-2021-el-turismo-rural-como-motor-de-desarrollo\/"]}]},{"@type":"ImageObject","inLanguage":"es","@id":"https:\/\/www.escapadarural.com\/blog\/coetur-2021-el-turismo-rural-como-motor-de-desarrollo\/#primaryimage","url":"https:\/\/www.escapadarural.com\/blog\/wp-content\/uploads\/2014\/05\/Coetur-2.jpg","contentUrl":"https:\/\/www.escapadarural.com\/blog\/wp-content\/uploads\/2014\/05\/Coetur-2.jpg","width":689,"height":419,"caption":"coetur"},{"@type":"BreadcrumbList","@id":"https:\/\/www.escapadarural.com\/blog\/coetur-2021-el-turismo-rural-como-motor-de-desarrollo\/#breadcrumb","itemListElement":[{"@type":"ListItem","position":1,"name":"Inicio","item":"https:\/\/www.escapadarural.com\/blog\/"},{"@type":"ListItem","position":2,"name":"Noticias","item":"https:\/\/www.escapadarural.com\/blog\/categoria\/noticias\/"},{"@type":"ListItem","position":3,"name":"Coetur 2021: El turismo rural como motor de desarrollo"}]},{"@type":"WebSite","@id":"https:\/\/www.escapadarural.com\/blog\/#website","url":"https:\/\/www.escapadarural.com\/blog\/","name":"Blog de viajes | turismo rural, alojamientos e inspiraci\u00f3n","description":"Alojamientos rurales e inspiraci\u00f3n para tus escapadas","publisher":{"@id":"https:\/\/www.escapadarural.com\/blog\/#organization"},"alternateName":"Magazine de viajes de EscapadaRural","potentialAction":[{"@type":"SearchAction","target":{"@type":"EntryPoint","urlTemplate":"https:\/\/www.escapadarural.com\/blog\/?s={search_term_string}"},"query-input":{"@type":"PropertyValueSpecification","valueRequired":true,"valueName":"search_term_string"}}],"inLanguage":"es"},{"@type":"Organization","@id":"https:\/\/www.escapadarural.com\/blog\/#organization","name":"EscapadaRural","url":"https:\/\/www.escapadarural.com\/blog\/","logo":{"@type":"ImageObject","inLanguage":"es","@id":"https:\/\/www.escapadarural.com\/blog\/#\/schema\/logo\/image\/","url":"https:\/\/www.escapadarural.com\/blog\/wp-content\/uploads\/2024\/10\/cropped-cropped-escapada-rural-icon-mag-3.png","contentUrl":"https:\/\/www.escapadarural.com\/blog\/wp-content\/uploads\/2024\/10\/cropped-cropped-escapada-rural-icon-mag-3.png","width":512,"height":512,"caption":"EscapadaRural"},"image":{"@id":"https:\/\/www.escapadarural.com\/blog\/#\/schema\/logo\/image\/"},"sameAs":["https:\/\/www.facebook.com\/escapadarural","https:\/\/www.instagram.com\/escapadarural\/","https:\/\/www.youtube.com\/@escapadaruralcom"]},{"@type":"Person","@id":"https:\/\/www.escapadarural.com\/blog\/#\/schema\/person\/71a3509afe98d853c3837b4889cdab61","name":"Caroline Dalpr\u00e1","image":{"@type":"ImageObject","inLanguage":"es","@id":"https:\/\/secure.gravatar.com\/avatar\/7c69701bfb6edce5bb470d94ec03340a2dd7130049dcaa9f93a67689fbb9bce5?s=96&d=mm&r=g","url":"https:\/\/secure.gravatar.com\/avatar\/7c69701bfb6edce5bb470d94ec03340a2dd7130049dcaa9f93a67689fbb9bce5?s=96&d=mm&r=g","contentUrl":"https:\/\/secure.gravatar.com\/avatar\/7c69701bfb6edce5bb470d94ec03340a2dd7130049dcaa9f93a67689fbb9bce5?s=96&d=mm&r=g","caption":"Caroline Dalpr\u00e1"},"description":"Periodista de viajes con debilidad por los pueblos con encanto. Brasile\u00f1a curiosa descubriendo la Espa\u00f1a rural, una escapada a la vez. En EscapadaRural llevo el tim\u00f3n del Marketing Digital y busco formas de contar lugares con alma.","url":"https:\/\/www.escapadarural.com\/blog\/autor\/caroline\/"}]}},"_links":{"self":[{"href":"https:\/\/www.escapadarural.com\/blog\/wp-json\/wp\/v2\/posts\/40674","targetHints":{"allow":["GET"]}}],"collection":[{"href":"https:\/\/www.escapadarural.com\/blog\/wp-json\/wp\/v2\/posts"}],"about":[{"href":"https:\/\/www.escapadarural.com\/blog\/wp-json\/wp\/v2\/types\/post"}],"author":[{"embeddable":true,"href":"https:\/\/www.escapadarural.com\/blog\/wp-json\/wp\/v2\/users\/119"}],"replies":[{"embeddable":true,"href":"https:\/\/www.escapadarural.com\/blog\/wp-json\/wp\/v2\/comments?post=40674"}],"version-history":[{"count":0,"href":"https:\/\/www.escapadarural.com\/blog\/wp-json\/wp\/v2\/posts\/40674\/revisions"}],"wp:featuredmedia":[{"embeddable":true,"href":"https:\/\/www.escapadarural.com\/blog\/wp-json\/wp\/v2\/media\/112339"}],"wp:attachment":[{"href":"https:\/\/www.escapadarural.com\/blog\/wp-json\/wp\/v2\/media?parent=40674"}],"wp:term":[{"taxonomy":"category","embeddable":true,"href":"https:\/\/www.escapadarural.com\/blog\/wp-json\/wp\/v2\/categories?post=40674"},{"taxonomy":"post_tag","embeddable":true,"href":"https:\/\/www.escapadarural.com\/blog\/wp-json\/wp\/v2\/tags?post=40674"}],"curies":[{"name":"wp","href":"https:\/\/api.w.org\/{rel}","templated":true}]}}