{"id":4070,"date":"2021-11-22T10:42:00","date_gmt":"2021-11-22T09:42:00","guid":{"rendered":"http:\/\/15.188.81.248\/2015\/01\/22\/armas-de-reforestacion-masiva-replantar-murcia-a-canonazos\/"},"modified":"2025-04-11T10:25:59","modified_gmt":"2025-04-11T08:25:59","slug":"sierra-espuna-a-canonazos","status":"publish","type":"post","link":"https:\/\/www.escapadarural.com\/blog\/sierra-espuna-a-canonazos\/","title":{"rendered":"Sierra Espu\u00f1a, el espacio natural recuperado a ca\u00f1onazos"},"content":{"rendered":"\n<figure class=\"wp-block-image size-large\"><a href=\"https:\/\/www.escapadarural.com\/blog\/wp-content\/uploads\/2015\/01\/Espu\u00f1a.jpg\"><img decoding=\"async\" src=\"https:\/\/www.escapadarural.com\/blog\/wp-content\/uploads\/2021\/11\/Espuna-1024x586-1.jpg\" alt=\"Sierra Espu\u00f1a\" class=\"wp-image-34988\"\/><\/a><figcaption class=\"wp-element-caption\">Vista de Sierra Espu\u00f1a sobre un campo de almendros. Por Javier Rodr\u00edguez Godoy<\/figcaption><\/figure>\n\n\n\n<p>El 1989, el dr. Ricardo Codorniu, ingeniero civil nacido en Cartagena en 1846, visit\u00f3 por primera vez <a href=\"https:\/\/www.escapadarural.com\/casas-rurales\/sierra-espuna\" class=\"rank-math-link\">Sierra Espu\u00f1a<\/a>, en la Regi\u00f3n de Murcia. Vio los montes descarnados y la naturaleza desierta. Para entonces quiz\u00e1s ya ten\u00eda en mente esa estrategia genial y novedosa para reforestar m\u00e1s de 5.000 hect\u00e1reas: lanzar semillas con ca\u00f1ones.<\/p>\n\n\n\n<p>Dicho as\u00ed parece una idea espont\u00e1nea, pero el Dr. Codorniu llevaba a\u00f1os estudiando el suelo, las semillas y el clima de Sierra Espu\u00f1a. Se trataba de una idea delirante, s\u00ed, pero meditada. Desconocemos el d\u00eda y la hora exactas en que se dio la orden de disparar, pero sabemos que <strong>en lugar de metralla hab\u00eda una buena carga de semillas<\/strong> de pino, sabinas y encinas. <a href=\"https:\/\/es.wikipedia.org\/wiki\/Ricardo_Codorn%C3%ADu_y_St%C3%A1rico\" target=\"_blank\" aria-label=\" (opens in a new tab)\" rel=\"noreferrer noopener nofollow\" class=\"rank-math-link\">El Dr. Codorniu<\/a> esperaba ver por \u00faltima vez aquellos montes descarnados y cubrir la desolaci\u00f3n de un naturalista con la esperanza verde de una gran idea. Hoy la t\u00e9cnica se estudia en las facultades de ingenier\u00eda.<\/p>\n\n\n\n<h2 class=\"wp-block-heading\">La desolaci\u00f3n antes de los ca\u00f1ones<\/h2>\n\n\n\n<figure class=\"wp-block-image size-large\"><a href=\"https:\/\/www.escapadarural.com\/blog\/wp-content\/uploads\/landscape-of-the-mountains-of-sierra-espuna-in-cartagena-spain-stockpack-adobe-stock-scaled.jpg\"><img decoding=\"async\" src=\"https:\/\/www.escapadarural.com\/blog\/wp-content\/uploads\/2021\/11\/landscape-of-the-mountains-of-sierra-espuna-in-cartagena-spain-stockpack-adobe-stock-1024x682-1.jpg\" alt=\"Vista de las monta\u00f1as de Sierra Espu\u00f1a\" class=\"wp-image-46669\"\/><\/a><figcaption class=\"wp-element-caption\">Vista de las monta\u00f1as de Sierra Espu\u00f1a. Por james633<\/figcaption><\/figure>\n\n\n\n<p>La sobreexplotaci\u00f3n de Sierra Espu\u00f1a aument\u00f3 desde el s. XVIII. La demanda de madera, pastos, agua y tierra para cultivar aument\u00f3 a medida que crec\u00eda la poblaci\u00f3n de la zona. La Marina espa\u00f1ola, gestora de este territorio, tal\u00f3 el bosque para construir barcos.<\/p>\n\n\n\n<p>El resultado fue un paisaje <strong>esquilmado<\/strong>. Durante el \u00faltimo tercio del siglo XIX, sin suelo firme en Sierra Espu\u00f1a ni un bosque que protegiera el ecosistema, el riesgo de riadas y erosi\u00f3n era real. En 1877 murieron cinco personas en Totana a causa de una riada. En 1879 la cifra se multiplic\u00f3 por ciento cincuenta y dos: 761 muertos en la conocida Riada de Santa Teresa, en Lorca y Murcia.<\/p>\n\n\n\n<p>La alarma social impuls\u00f3 en 1888 la creaci\u00f3n de la Comisi\u00f3n de Repoblaci\u00f3n de la Cuenca del Segura, organismo integrado entre otros por el Dr. Ricardo Codorn\u00edu. Comenzaron los estudios sobre vegetaci\u00f3n, clima, suelos. Se construyeron caminos, puentes, diques y sendas.<\/p>\n\n\n\n<p>Y se encienden, con un \u00e9xito sin precedentes, los ca\u00f1ones cargados de semillas.<\/p>\n\n\n\n<h2 class=\"wp-block-heading\">Sierra espu\u00f1a restaurada<\/h2>\n\n\n\n<figure class=\"wp-block-image size-large\"><a href=\"https:\/\/www.escapadarural.com\/blog\/wp-content\/uploads\/panorama-view-of-sierra-espuna-during-a-sunny-day-from-the-full-of-green-trees-castellar-mountain-in-murcia-stockpack-adobe-stock-scaled.jpg\"><img decoding=\"async\" src=\"https:\/\/www.escapadarural.com\/blog\/wp-content\/uploads\/2021\/11\/panorama-view-of-sierra-espuna-during-a-sunny-day-from-the-full-of-green-trees-castellar-mountain-in-murcia-stockpack-adobe-stock-1024x561-1.jpg\" alt=\"Panorama view of Sierra Espu\u00f1a during a sunny day, from the full of green trees Castellar Mountain, in Murcia.\" class=\"wp-image-46674\"\/><\/a><figcaption class=\"wp-element-caption\">Panor\u00e1mica de Sierra Espu\u00f1a. Por Adri\u00e1n Orqu\u00edn Marco.<\/figcaption><\/figure>\n\n\n\n<p><br>El contraste entre las im\u00e1genes de Sierra Espu\u00f1a a finales del XIX y las de la actualidad es asombroso. Sierra Espu\u00f1a es hoy un territorio natural que ocupa m\u00e1s de 25.000 hect\u00e1reas, de las cuales cerca de 18.000 pertenecen al espacio protegido del Parque Regional. La vida volvi\u00f3 despu\u00e9s de los ca\u00f1onazos: ocho especies de anfibios, diecisiete especies de reptiles, ciento veintitr\u00e9s aves y rapaces, treinta y ocho mam\u00edferos, mil especies vegetales, m\u00e1s de la tercera parte de la flora de la Regi\u00f3n y una especie end\u00e9mica de ardilla.<\/p>\n\n\n\n<p>Hoy Sierra Espu\u00f1a forma parte de la Carta Europea de Turismo Sostenible y desarrolla proyectos de educaci\u00f3n medioambiental y de interpretaci\u00f3n de la naturaleza. <\/p>\n\n\n\n<p>En 1931 Sierra Espu\u00f1a ardi\u00f3. Parece mentira que sea tan frondoso hoy, conociendo su historia. En Sierra Espu\u00f1a asistimos a la voluntad m\u00e1s perseverante de una poblaci\u00f3n por mantener su entorno natural, incluso a ca\u00f1onazos.<\/p>\n\n\n\n<div class=\"wp-block-buttons is-layout-flex wp-block-buttons-is-layout-flex\">\n<div class=\"wp-block-button\"><a class=\"wp-block-button__link wp-element-button\" href=\"https:\/\/www.escapadarural.com\/casas-rurales\/sierra-espuna\">Casas rurales en Sierra Espu\u00f1a<\/a><\/div>\n<\/div>\n","protected":false},"excerpt":{"rendered":"<p>El 1989, el dr. Ricardo Codorniu, ingeniero civil nacido en Cartagena en 1846, visit\u00f3 por primera vez Sierra Espu\u00f1a, en la Regi\u00f3n de Murcia. Vio los montes descarnados y la naturaleza desierta. Para entonces quiz\u00e1s ya ten\u00eda en mente esa estrategia genial y novedosa para reforestar m\u00e1s de 5.000 hect\u00e1reas: lanzar semillas con ca\u00f1ones.<\/p>\n","protected":false},"author":85,"featured_media":114481,"comment_status":"open","ping_status":"closed","sticky":false,"template":"","format":"standard","meta":{"_acf_changed":false,"om_disable_all_campaigns":false,"footnotes":""},"categories":[191],"tags":[260,440,428,579,283,2112],"class_list":["post-4070","post","type-post","status-publish","format-standard","has-post-thumbnail","hentry","category-destinos","tag-articulo","tag-historias-y-curiosidades","tag-que-ver-en-murcia","tag-parque-natural","tag-region-de-murcia","tag-sierra-espuna"],"acf":[],"featured_image_src":"https:\/\/www.escapadarural.com\/blog\/wp-content\/uploads\/2021\/11\/panorama-view-of-sierra-espuna-during-a-sunny-day-from-the-full-of-green-trees-castellar-mountain-in-murcia-stockpack-adobe-stock-1024x561-1.jpg","author_info":{"display_name":"Redacci\u00f3n ER","author_link":"https:\/\/www.escapadarural.com\/blog\/autor\/admin\/"},"yoast_head":"<!-- This site is optimized with the Yoast SEO plugin v27.5 - https:\/\/yoast.com\/product\/yoast-seo-wordpress\/ -->\n<title>Sierra Espu\u00f1a, el espacio natural recuperado a ca\u00f1onazos - EscapadaRural<\/title>\n<meta name=\"robots\" content=\"index, follow, max-snippet:-1, max-image-preview:large, max-video-preview:-1\" \/>\n<link rel=\"canonical\" href=\"https:\/\/www.escapadarural.com\/blog\/sierra-espuna-a-canonazos\/\" \/>\n<meta property=\"og:locale\" content=\"es_ES\" \/>\n<meta property=\"og:type\" content=\"article\" \/>\n<meta property=\"og:title\" content=\"Sierra Espu\u00f1a, el espacio natural recuperado a ca\u00f1onazos - EscapadaRural\" \/>\n<meta property=\"og:description\" content=\"El 1989, el dr. Ricardo Codorniu, ingeniero civil nacido en Cartagena en 1846, visit\u00f3 por primera vez Sierra Espu\u00f1a, en la Regi\u00f3n de Murcia. Vio los montes descarnados y la naturaleza desierta. Para entonces quiz\u00e1s ya ten\u00eda en mente esa estrategia genial y novedosa para reforestar m\u00e1s de 5.000 hect\u00e1reas: lanzar semillas con ca\u00f1ones.\" \/>\n<meta property=\"og:url\" content=\"https:\/\/www.escapadarural.com\/blog\/sierra-espuna-a-canonazos\/\" \/>\n<meta property=\"og:site_name\" content=\"Magazine de viajes de EscapadaRural\" \/>\n<meta property=\"article:publisher\" content=\"https:\/\/www.facebook.com\/escapadarural\" \/>\n<meta property=\"article:published_time\" content=\"2021-11-22T09:42:00+00:00\" \/>\n<meta property=\"article:modified_time\" content=\"2025-04-11T08:25:59+00:00\" \/>\n<meta property=\"og:image\" content=\"https:\/\/www.escapadarural.com\/blog\/wp-content\/uploads\/2021\/11\/panorama-view-of-sierra-espuna-during-a-sunny-day-from-the-full-of-green-trees-castellar-mountain-in-murcia-stockpack-adobe-stock-1024x561-1.jpg\" \/>\n\t<meta property=\"og:image:width\" content=\"1024\" \/>\n\t<meta property=\"og:image:height\" content=\"561\" \/>\n\t<meta property=\"og:image:type\" content=\"image\/jpeg\" \/>\n<meta name=\"author\" content=\"Redacci\u00f3n ER\" \/>\n<meta name=\"twitter:card\" content=\"summary_large_image\" \/>\n<meta name=\"twitter:label1\" content=\"Escrito por\" \/>\n\t<meta name=\"twitter:data1\" content=\"Redacci\u00f3n ER\" \/>\n\t<meta name=\"twitter:label2\" content=\"Tiempo de lectura\" \/>\n\t<meta name=\"twitter:data2\" content=\"4 minutos\" \/>\n<script type=\"application\/ld+json\" class=\"yoast-schema-graph\">{\"@context\":\"https:\\\/\\\/schema.org\",\"@graph\":[{\"@type\":\"Article\",\"@id\":\"https:\\\/\\\/www.escapadarural.com\\\/blog\\\/sierra-espuna-a-canonazos\\\/#article\",\"isPartOf\":{\"@id\":\"https:\\\/\\\/www.escapadarural.com\\\/blog\\\/sierra-espuna-a-canonazos\\\/\"},\"author\":{\"name\":\"Redacci\u00f3n ER\",\"@id\":\"https:\\\/\\\/www.escapadarural.com\\\/blog\\\/#\\\/schema\\\/person\\\/bd5b0d7ad308a0bf4efed73e8308b4fa\"},\"headline\":\"Sierra Espu\u00f1a, el espacio natural recuperado a ca\u00f1onazos\",\"datePublished\":\"2021-11-22T09:42:00+00:00\",\"dateModified\":\"2025-04-11T08:25:59+00:00\",\"mainEntityOfPage\":{\"@id\":\"https:\\\/\\\/www.escapadarural.com\\\/blog\\\/sierra-espuna-a-canonazos\\\/\"},\"wordCount\":574,\"commentCount\":6,\"publisher\":{\"@id\":\"https:\\\/\\\/www.escapadarural.com\\\/blog\\\/#organization\"},\"image\":{\"@id\":\"https:\\\/\\\/www.escapadarural.com\\\/blog\\\/sierra-espuna-a-canonazos\\\/#primaryimage\"},\"thumbnailUrl\":\"https:\\\/\\\/www.escapadarural.com\\\/blog\\\/wp-content\\\/uploads\\\/2021\\\/11\\\/panorama-view-of-sierra-espuna-during-a-sunny-day-from-the-full-of-green-trees-castellar-mountain-in-murcia-stockpack-adobe-stock-1024x561-1.jpg\",\"keywords\":[\"art\u00edculo\",\"Historias y Curiosidades\",\"Murcia\",\"Parque Natural\",\"Regi\u00f3n de Murcia\",\"Sierra Espu\u00f1a\"],\"articleSection\":[\"Destinos\"],\"inLanguage\":\"es\",\"potentialAction\":[{\"@type\":\"CommentAction\",\"name\":\"Comment\",\"target\":[\"https:\\\/\\\/www.escapadarural.com\\\/blog\\\/sierra-espuna-a-canonazos\\\/#respond\"]}]},{\"@type\":\"WebPage\",\"@id\":\"https:\\\/\\\/www.escapadarural.com\\\/blog\\\/sierra-espuna-a-canonazos\\\/\",\"url\":\"https:\\\/\\\/www.escapadarural.com\\\/blog\\\/sierra-espuna-a-canonazos\\\/\",\"name\":\"Sierra Espu\u00f1a, el espacio natural recuperado a ca\u00f1onazos - EscapadaRural\",\"isPartOf\":{\"@id\":\"https:\\\/\\\/www.escapadarural.com\\\/blog\\\/#website\"},\"primaryImageOfPage\":{\"@id\":\"https:\\\/\\\/www.escapadarural.com\\\/blog\\\/sierra-espuna-a-canonazos\\\/#primaryimage\"},\"image\":{\"@id\":\"https:\\\/\\\/www.escapadarural.com\\\/blog\\\/sierra-espuna-a-canonazos\\\/#primaryimage\"},\"thumbnailUrl\":\"https:\\\/\\\/www.escapadarural.com\\\/blog\\\/wp-content\\\/uploads\\\/2021\\\/11\\\/panorama-view-of-sierra-espuna-during-a-sunny-day-from-the-full-of-green-trees-castellar-mountain-in-murcia-stockpack-adobe-stock-1024x561-1.jpg\",\"datePublished\":\"2021-11-22T09:42:00+00:00\",\"dateModified\":\"2025-04-11T08:25:59+00:00\",\"breadcrumb\":{\"@id\":\"https:\\\/\\\/www.escapadarural.com\\\/blog\\\/sierra-espuna-a-canonazos\\\/#breadcrumb\"},\"inLanguage\":\"es\",\"potentialAction\":[{\"@type\":\"ReadAction\",\"target\":[\"https:\\\/\\\/www.escapadarural.com\\\/blog\\\/sierra-espuna-a-canonazos\\\/\"]}]},{\"@type\":\"ImageObject\",\"inLanguage\":\"es\",\"@id\":\"https:\\\/\\\/www.escapadarural.com\\\/blog\\\/sierra-espuna-a-canonazos\\\/#primaryimage\",\"url\":\"https:\\\/\\\/www.escapadarural.com\\\/blog\\\/wp-content\\\/uploads\\\/2021\\\/11\\\/panorama-view-of-sierra-espuna-during-a-sunny-day-from-the-full-of-green-trees-castellar-mountain-in-murcia-stockpack-adobe-stock-1024x561-1.jpg\",\"contentUrl\":\"https:\\\/\\\/www.escapadarural.com\\\/blog\\\/wp-content\\\/uploads\\\/2021\\\/11\\\/panorama-view-of-sierra-espuna-during-a-sunny-day-from-the-full-of-green-trees-castellar-mountain-in-murcia-stockpack-adobe-stock-1024x561-1.jpg\",\"width\":1024,\"height\":561,\"caption\":\"Sierra Espu\u00f1a\"},{\"@type\":\"BreadcrumbList\",\"@id\":\"https:\\\/\\\/www.escapadarural.com\\\/blog\\\/sierra-espuna-a-canonazos\\\/#breadcrumb\",\"itemListElement\":[{\"@type\":\"ListItem\",\"position\":1,\"name\":\"Inicio\",\"item\":\"https:\\\/\\\/www.escapadarural.com\\\/blog\\\/\"},{\"@type\":\"ListItem\",\"position\":2,\"name\":\"Destinos\",\"item\":\"https:\\\/\\\/www.escapadarural.com\\\/blog\\\/categoria\\\/destinos\\\/\"},{\"@type\":\"ListItem\",\"position\":3,\"name\":\"Sierra Espu\u00f1a, el espacio natural recuperado a ca\u00f1onazos\"}]},{\"@type\":\"WebSite\",\"@id\":\"https:\\\/\\\/www.escapadarural.com\\\/blog\\\/#website\",\"url\":\"https:\\\/\\\/www.escapadarural.com\\\/blog\\\/\",\"name\":\"Blog de viajes | turismo rural, alojamientos e inspiraci\u00f3n\",\"description\":\"Alojamientos rurales e inspiraci\u00f3n para tus escapadas\",\"publisher\":{\"@id\":\"https:\\\/\\\/www.escapadarural.com\\\/blog\\\/#organization\"},\"alternateName\":\"Magazine de viajes de EscapadaRural\",\"potentialAction\":[{\"@type\":\"SearchAction\",\"target\":{\"@type\":\"EntryPoint\",\"urlTemplate\":\"https:\\\/\\\/www.escapadarural.com\\\/blog\\\/?s={search_term_string}\"},\"query-input\":{\"@type\":\"PropertyValueSpecification\",\"valueRequired\":true,\"valueName\":\"search_term_string\"}}],\"inLanguage\":\"es\"},{\"@type\":\"Organization\",\"@id\":\"https:\\\/\\\/www.escapadarural.com\\\/blog\\\/#organization\",\"name\":\"EscapadaRural\",\"url\":\"https:\\\/\\\/www.escapadarural.com\\\/blog\\\/\",\"logo\":{\"@type\":\"ImageObject\",\"inLanguage\":\"es\",\"@id\":\"https:\\\/\\\/www.escapadarural.com\\\/blog\\\/#\\\/schema\\\/logo\\\/image\\\/\",\"url\":\"https:\\\/\\\/www.escapadarural.com\\\/blog\\\/wp-content\\\/uploads\\\/2024\\\/10\\\/cropped-cropped-escapada-rural-icon-mag-3.png\",\"contentUrl\":\"https:\\\/\\\/www.escapadarural.com\\\/blog\\\/wp-content\\\/uploads\\\/2024\\\/10\\\/cropped-cropped-escapada-rural-icon-mag-3.png\",\"width\":512,\"height\":512,\"caption\":\"EscapadaRural\"},\"image\":{\"@id\":\"https:\\\/\\\/www.escapadarural.com\\\/blog\\\/#\\\/schema\\\/logo\\\/image\\\/\"},\"sameAs\":[\"https:\\\/\\\/www.facebook.com\\\/escapadarural\",\"https:\\\/\\\/www.instagram.com\\\/escapadarural\\\/\",\"https:\\\/\\\/www.youtube.com\\\/@escapadaruralcom\"]},{\"@type\":\"Person\",\"@id\":\"https:\\\/\\\/www.escapadarural.com\\\/blog\\\/#\\\/schema\\\/person\\\/bd5b0d7ad308a0bf4efed73e8308b4fa\",\"name\":\"Redacci\u00f3n ER\",\"image\":{\"@type\":\"ImageObject\",\"inLanguage\":\"es\",\"@id\":\"https:\\\/\\\/www.escapadarural.com\\\/blog\\\/wp-content\\\/uploads\\\/2024\\\/10\\\/cropped-cropped-escapada-rural-icon-mag-3-96x96.png\",\"url\":\"https:\\\/\\\/www.escapadarural.com\\\/blog\\\/wp-content\\\/uploads\\\/2024\\\/10\\\/cropped-cropped-escapada-rural-icon-mag-3-96x96.png\",\"contentUrl\":\"https:\\\/\\\/www.escapadarural.com\\\/blog\\\/wp-content\\\/uploads\\\/2024\\\/10\\\/cropped-cropped-escapada-rural-icon-mag-3-96x96.png\",\"caption\":\"Redacci\u00f3n ER\"},\"description\":\"Nos encanta inspirar a viajeros y ayudar a los propietarios con nuestros contenidos\",\"url\":\"https:\\\/\\\/www.escapadarural.com\\\/blog\\\/autor\\\/admin\\\/\"}]}<\/script>\n<!-- \/ Yoast SEO plugin. -->","yoast_head_json":{"title":"Sierra Espu\u00f1a, el espacio natural recuperado a ca\u00f1onazos - EscapadaRural","robots":{"index":"index","follow":"follow","max-snippet":"max-snippet:-1","max-image-preview":"max-image-preview:large","max-video-preview":"max-video-preview:-1"},"canonical":"https:\/\/www.escapadarural.com\/blog\/sierra-espuna-a-canonazos\/","og_locale":"es_ES","og_type":"article","og_title":"Sierra Espu\u00f1a, el espacio natural recuperado a ca\u00f1onazos - EscapadaRural","og_description":"El 1989, el dr. Ricardo Codorniu, ingeniero civil nacido en Cartagena en 1846, visit\u00f3 por primera vez Sierra Espu\u00f1a, en la Regi\u00f3n de Murcia. Vio los montes descarnados y la naturaleza desierta. Para entonces quiz\u00e1s ya ten\u00eda en mente esa estrategia genial y novedosa para reforestar m\u00e1s de 5.000 hect\u00e1reas: lanzar semillas con ca\u00f1ones.","og_url":"https:\/\/www.escapadarural.com\/blog\/sierra-espuna-a-canonazos\/","og_site_name":"Magazine de viajes de EscapadaRural","article_publisher":"https:\/\/www.facebook.com\/escapadarural","article_published_time":"2021-11-22T09:42:00+00:00","article_modified_time":"2025-04-11T08:25:59+00:00","og_image":[{"width":1024,"height":561,"url":"https:\/\/www.escapadarural.com\/blog\/wp-content\/uploads\/2021\/11\/panorama-view-of-sierra-espuna-during-a-sunny-day-from-the-full-of-green-trees-castellar-mountain-in-murcia-stockpack-adobe-stock-1024x561-1.jpg","type":"image\/jpeg"}],"author":"Redacci\u00f3n ER","twitter_card":"summary_large_image","twitter_misc":{"Escrito por":"Redacci\u00f3n ER","Tiempo de lectura":"4 minutos"},"schema":{"@context":"https:\/\/schema.org","@graph":[{"@type":"Article","@id":"https:\/\/www.escapadarural.com\/blog\/sierra-espuna-a-canonazos\/#article","isPartOf":{"@id":"https:\/\/www.escapadarural.com\/blog\/sierra-espuna-a-canonazos\/"},"author":{"name":"Redacci\u00f3n ER","@id":"https:\/\/www.escapadarural.com\/blog\/#\/schema\/person\/bd5b0d7ad308a0bf4efed73e8308b4fa"},"headline":"Sierra Espu\u00f1a, el espacio natural recuperado a ca\u00f1onazos","datePublished":"2021-11-22T09:42:00+00:00","dateModified":"2025-04-11T08:25:59+00:00","mainEntityOfPage":{"@id":"https:\/\/www.escapadarural.com\/blog\/sierra-espuna-a-canonazos\/"},"wordCount":574,"commentCount":6,"publisher":{"@id":"https:\/\/www.escapadarural.com\/blog\/#organization"},"image":{"@id":"https:\/\/www.escapadarural.com\/blog\/sierra-espuna-a-canonazos\/#primaryimage"},"thumbnailUrl":"https:\/\/www.escapadarural.com\/blog\/wp-content\/uploads\/2021\/11\/panorama-view-of-sierra-espuna-during-a-sunny-day-from-the-full-of-green-trees-castellar-mountain-in-murcia-stockpack-adobe-stock-1024x561-1.jpg","keywords":["art\u00edculo","Historias y Curiosidades","Murcia","Parque Natural","Regi\u00f3n de Murcia","Sierra Espu\u00f1a"],"articleSection":["Destinos"],"inLanguage":"es","potentialAction":[{"@type":"CommentAction","name":"Comment","target":["https:\/\/www.escapadarural.com\/blog\/sierra-espuna-a-canonazos\/#respond"]}]},{"@type":"WebPage","@id":"https:\/\/www.escapadarural.com\/blog\/sierra-espuna-a-canonazos\/","url":"https:\/\/www.escapadarural.com\/blog\/sierra-espuna-a-canonazos\/","name":"Sierra Espu\u00f1a, el espacio natural recuperado a ca\u00f1onazos - EscapadaRural","isPartOf":{"@id":"https:\/\/www.escapadarural.com\/blog\/#website"},"primaryImageOfPage":{"@id":"https:\/\/www.escapadarural.com\/blog\/sierra-espuna-a-canonazos\/#primaryimage"},"image":{"@id":"https:\/\/www.escapadarural.com\/blog\/sierra-espuna-a-canonazos\/#primaryimage"},"thumbnailUrl":"https:\/\/www.escapadarural.com\/blog\/wp-content\/uploads\/2021\/11\/panorama-view-of-sierra-espuna-during-a-sunny-day-from-the-full-of-green-trees-castellar-mountain-in-murcia-stockpack-adobe-stock-1024x561-1.jpg","datePublished":"2021-11-22T09:42:00+00:00","dateModified":"2025-04-11T08:25:59+00:00","breadcrumb":{"@id":"https:\/\/www.escapadarural.com\/blog\/sierra-espuna-a-canonazos\/#breadcrumb"},"inLanguage":"es","potentialAction":[{"@type":"ReadAction","target":["https:\/\/www.escapadarural.com\/blog\/sierra-espuna-a-canonazos\/"]}]},{"@type":"ImageObject","inLanguage":"es","@id":"https:\/\/www.escapadarural.com\/blog\/sierra-espuna-a-canonazos\/#primaryimage","url":"https:\/\/www.escapadarural.com\/blog\/wp-content\/uploads\/2021\/11\/panorama-view-of-sierra-espuna-during-a-sunny-day-from-the-full-of-green-trees-castellar-mountain-in-murcia-stockpack-adobe-stock-1024x561-1.jpg","contentUrl":"https:\/\/www.escapadarural.com\/blog\/wp-content\/uploads\/2021\/11\/panorama-view-of-sierra-espuna-during-a-sunny-day-from-the-full-of-green-trees-castellar-mountain-in-murcia-stockpack-adobe-stock-1024x561-1.jpg","width":1024,"height":561,"caption":"Sierra Espu\u00f1a"},{"@type":"BreadcrumbList","@id":"https:\/\/www.escapadarural.com\/blog\/sierra-espuna-a-canonazos\/#breadcrumb","itemListElement":[{"@type":"ListItem","position":1,"name":"Inicio","item":"https:\/\/www.escapadarural.com\/blog\/"},{"@type":"ListItem","position":2,"name":"Destinos","item":"https:\/\/www.escapadarural.com\/blog\/categoria\/destinos\/"},{"@type":"ListItem","position":3,"name":"Sierra Espu\u00f1a, el espacio natural recuperado a ca\u00f1onazos"}]},{"@type":"WebSite","@id":"https:\/\/www.escapadarural.com\/blog\/#website","url":"https:\/\/www.escapadarural.com\/blog\/","name":"Blog de viajes | turismo rural, alojamientos e inspiraci\u00f3n","description":"Alojamientos rurales e inspiraci\u00f3n para tus escapadas","publisher":{"@id":"https:\/\/www.escapadarural.com\/blog\/#organization"},"alternateName":"Magazine de viajes de EscapadaRural","potentialAction":[{"@type":"SearchAction","target":{"@type":"EntryPoint","urlTemplate":"https:\/\/www.escapadarural.com\/blog\/?s={search_term_string}"},"query-input":{"@type":"PropertyValueSpecification","valueRequired":true,"valueName":"search_term_string"}}],"inLanguage":"es"},{"@type":"Organization","@id":"https:\/\/www.escapadarural.com\/blog\/#organization","name":"EscapadaRural","url":"https:\/\/www.escapadarural.com\/blog\/","logo":{"@type":"ImageObject","inLanguage":"es","@id":"https:\/\/www.escapadarural.com\/blog\/#\/schema\/logo\/image\/","url":"https:\/\/www.escapadarural.com\/blog\/wp-content\/uploads\/2024\/10\/cropped-cropped-escapada-rural-icon-mag-3.png","contentUrl":"https:\/\/www.escapadarural.com\/blog\/wp-content\/uploads\/2024\/10\/cropped-cropped-escapada-rural-icon-mag-3.png","width":512,"height":512,"caption":"EscapadaRural"},"image":{"@id":"https:\/\/www.escapadarural.com\/blog\/#\/schema\/logo\/image\/"},"sameAs":["https:\/\/www.facebook.com\/escapadarural","https:\/\/www.instagram.com\/escapadarural\/","https:\/\/www.youtube.com\/@escapadaruralcom"]},{"@type":"Person","@id":"https:\/\/www.escapadarural.com\/blog\/#\/schema\/person\/bd5b0d7ad308a0bf4efed73e8308b4fa","name":"Redacci\u00f3n ER","image":{"@type":"ImageObject","inLanguage":"es","@id":"https:\/\/www.escapadarural.com\/blog\/wp-content\/uploads\/2024\/10\/cropped-cropped-escapada-rural-icon-mag-3-96x96.png","url":"https:\/\/www.escapadarural.com\/blog\/wp-content\/uploads\/2024\/10\/cropped-cropped-escapada-rural-icon-mag-3-96x96.png","contentUrl":"https:\/\/www.escapadarural.com\/blog\/wp-content\/uploads\/2024\/10\/cropped-cropped-escapada-rural-icon-mag-3-96x96.png","caption":"Redacci\u00f3n ER"},"description":"Nos encanta inspirar a viajeros y ayudar a los propietarios con nuestros contenidos","url":"https:\/\/www.escapadarural.com\/blog\/autor\/admin\/"}]}},"_links":{"self":[{"href":"https:\/\/www.escapadarural.com\/blog\/wp-json\/wp\/v2\/posts\/4070","targetHints":{"allow":["GET"]}}],"collection":[{"href":"https:\/\/www.escapadarural.com\/blog\/wp-json\/wp\/v2\/posts"}],"about":[{"href":"https:\/\/www.escapadarural.com\/blog\/wp-json\/wp\/v2\/types\/post"}],"author":[{"embeddable":true,"href":"https:\/\/www.escapadarural.com\/blog\/wp-json\/wp\/v2\/users\/85"}],"replies":[{"embeddable":true,"href":"https:\/\/www.escapadarural.com\/blog\/wp-json\/wp\/v2\/comments?post=4070"}],"version-history":[{"count":0,"href":"https:\/\/www.escapadarural.com\/blog\/wp-json\/wp\/v2\/posts\/4070\/revisions"}],"wp:featuredmedia":[{"embeddable":true,"href":"https:\/\/www.escapadarural.com\/blog\/wp-json\/wp\/v2\/media\/114481"}],"wp:attachment":[{"href":"https:\/\/www.escapadarural.com\/blog\/wp-json\/wp\/v2\/media?parent=4070"}],"wp:term":[{"taxonomy":"category","embeddable":true,"href":"https:\/\/www.escapadarural.com\/blog\/wp-json\/wp\/v2\/categories?post=4070"},{"taxonomy":"post_tag","embeddable":true,"href":"https:\/\/www.escapadarural.com\/blog\/wp-json\/wp\/v2\/tags?post=4070"}],"curies":[{"name":"wp","href":"https:\/\/api.w.org\/{rel}","templated":true}]}}