{"id":40926,"date":"2021-07-07T16:28:36","date_gmt":"2021-07-07T15:28:36","guid":{"rendered":"https:\/\/www.escapadarural.com\/blog\/?p=40926"},"modified":"2025-07-25T12:02:43","modified_gmt":"2025-07-25T10:02:43","slug":"naturaleza-y-sistema-inmunitario","status":"publish","type":"post","link":"https:\/\/www.escapadarural.com\/blog\/naturaleza-y-sistema-inmunitario\/","title":{"rendered":"\u00bfAfecta la naturaleza a nuestro sistema inmunitario?"},"content":{"rendered":"\n<figure class=\"wp-block-image size-large\"><img decoding=\"async\" src=\"https:\/\/www.escapadarural.com\/blog\/wp-content\/uploads\/tree-flowers-meadow-stockpack-pixabay-1024x651.jpg\" alt=\"La naturaleza fortalece el sistema inmunitario\" class=\"wp-image-41138\"\/><figcaption class=\"wp-element-caption\">Por Larisa-K.<\/figcaption><\/figure>\n\n\n\n<p>Una cascada de emociones aflora cuando nos internamos en un espacio natural, particularmente si ese espacio resulta grandioso en alg\u00fan sentido: por su frondosidad, por sus colores, por sus resonancias geol\u00f3gicas. Sucede cuando nos plantamos frente al Gran Ca\u00f1\u00f3n del Colorado y entonces no sentimos insignificantes. Tambi\u00e9n cuando nos tumbamos en un claro del bosque, en una noche estrellada, y nos sentimos infinitos, <strong>mientras la luna centellea en el cielo como <a href=\"https:\/\/www.escapadarural.com\/blog\/el-hobbiton-de-la-tierra-media-esta-en-viveiro-galicia\/\" class=\"rank-math-link\">el ojo de Sauron<\/a><\/strong>.<\/p>\n\n\n\n<p>Internarnos en un espacio natural, alejado del mundanal ruido, nos hace retrotraernos a nuestra condici\u00f3n primigenia, a nuestros or\u00edgenes, en una suerte de <em><a href=\"https:\/\/es.wikipedia.org\/wiki\/Locus_amoenus\" class=\"rank-math-link\" target=\"_blank\">locus amoenus<\/a><\/em> que solo se esfuma, <em>plop<\/em>, como una pompa de jab\u00f3n, cuando divisamos en aquella playa de aguas turquesas una m\u00e1cula en forma de residuos pl\u00e1sticos, petr\u00f3leo o amasijos de poliestireno extruido que semejan tumores malignos.<\/p>\n\n\n\n<p>El verde producido por la clorofila, el revolotear de las aves canoras, el azul l\u00edmpido del cielo, no obstante, reconectan con nuestra biolog\u00eda hasta el punto de que <strong>nuestro sistema inmunitario se ve fortalecido<\/strong>.<\/p>\n\n\n\n<h2 class=\"wp-block-heading\" id=\"h-el-locus-amoenus-neuroquimico\"><strong>El <em>locus amoenus<\/em> neuroqu\u00edmico<\/strong><\/h2>\n\n\n\n<p>El sistema inmunitario est\u00e1 organizado a trav\u00e9s de una equilibrada red de c\u00e9lulas y \u00f3rganos que trabajan al alim\u00f3n con el objeto de protegerse contra infecciones y enfermedades al detener la entrada de amenazas como bacterias y virus en su sistema. El sistema inmunitario, sin embargo, no siempre trabaja de forma igualmente eficaz. Su correcto funcionamiento depende del correcto funcionamiento del resto del sistema.<\/p>\n\n\n\n<p>Dado que, <strong>al exponernos a la naturaleza se genera una oleada de dopamina y oxitocina en nuestro organismo<\/strong>, lo que indudablemente mejora nuestro estado de \u00e1nimo, no resulta tan contraintuitivo concluir que ello tambi\u00e9n fortalece el sistema inmunitario. La oxitocina, de hecho, reduce el cortisol, una hormona del estr\u00e9s generalmente presente durante los momentos de ansiedad, miedo, p\u00e1nico o angustia, lo que indirectamente aumenta el recuento de gl\u00f3bulos blancos, centinelas fundamentales para hacer frente a virus y bacterias.<\/p>\n\n\n\n<figure class=\"wp-block-image size-large\"><a href=\"https:\/\/www.escapadarural.com\/blog\/wp-content\/uploads\/fantasy-butterflies-mushrooms-stockpack-pixabay-scaled.jpg\"><img decoding=\"async\" src=\"https:\/\/www.escapadarural.com\/blog\/wp-content\/uploads\/fantasy-butterflies-mushrooms-stockpack-pixabay-1024x576.jpg\" alt=\"fantasy, butterflies, mushrooms\" class=\"wp-image-41139\"\/><\/a><figcaption class=\"wp-element-caption\">Por Stergo.<\/figcaption><\/figure>\n\n\n\n<p>Uno de los primeros investigadores que sugiri\u00f3 que el contacto con la naturaleza le hac\u00eda alg\u00fan bien a nuestra psique fue el psic\u00f3logo <strong>Dacher Keltner<\/strong>, de la Universidad de California, Berkeley. Seg\u00fan Keltner, cuando nos sentimos admirados o sobrecogidos por la grandeza de la naturaleza es m\u00e1s probable que nos sintamos inspirados a compartir la sensaci\u00f3n y a cooperar con los dem\u00e1s. En otras palabras: <strong>podemos llegar a ser mejores personas<\/strong>.<\/p>\n\n\n\n<p>La explicaci\u00f3n neurocient\u00edfica a este fen\u00f3meno la <strong>aporta Michiel van Elk<\/strong>, de la Universidad de \u00c1msterdam, Pa\u00edses Bajos: <a href=\"https:\/\/www.researchgate.net\/publication\/51680947_The_relation_between_body_semantics_and_spatial_body_representations\" class=\"rank-math-link\" target=\"_blank\">seg\u00fan su hip\u00f3tesis<\/a>, la grandeza del entorno nos empeque\u00f1ece, reduce nuestro Yo, nos resta un poco de importancia, lo que, por extensi\u00f3n, reduce el estr\u00e9s y la incertidumbre. Nuestro sistema nervioso parasimp\u00e1tico, que trabaja en calmar la respuesta de lucha o huida, se activa particularmente. Es decir, que al sentimos completamente seguros, nuestro cuerpo dedica m\u00e1s recursos para el largo plazo que conducen a buenos estados de salud, pues contribuyen a la construcci\u00f3n del sistema inmunol\u00f3gico.<\/p>\n\n\n\n<p>El psic\u00f3logo <strong>Stephen Kaplan<\/strong> y sus colaboradores de la Universidad de Michigan, en Estados Unidos, tambi\u00e9n fueron de los primeros investigadores que aportaron pruebas cient\u00edficas sobre los efectos beneficiosos de la naturaleza en el organismo. Como abunda en ello la experta en medio ambiente y el comportamiento Ming Kuo:<\/p>\n\n\n\n<blockquote class=\"wp-block-quote is-layout-flow wp-block-quote-is-layout-flow\">\n<p>La naturaleza no s\u00f3lo tiene uno o dos ingredientes activos. Es m\u00e1s como un complejo multivitam\u00ednico que nos provee de todo tipo de nutrientes necesarios. As\u00ed es como la naturaleza nos puede proteger de diferentes tipos de enfermedades (cardiovasculares, respiratorias, mentales salud, m\u00fasculo-esquel\u00e9tico, etc.) al mismo tiempo.<\/p>\n<\/blockquote>\n\n\n\n<figure class=\"wp-block-image size-large is-resized\"><img decoding=\"async\" src=\"https:\/\/www.escapadarural.com\/blog\/wp-content\/uploads\/drop-3698073_640.jpg\" alt=\"\" class=\"wp-image-40933\" style=\"width:778px;height:428px\"\/><\/figure>\n\n\n\n<p>La literatura cient\u00edfica, pues, solo est\u00e1 empezando a constatar algunas de las intuiciones que ya albergaban nuestros antepasados. Por ejemplo, uno de los rituales m\u00e1s comunes, inspirado en los rituales de los pueblos ind\u00edgenas norteamericanos, es el llamado \u00abb\u00fasqueda de visi\u00f3n\u00bb, que explica as\u00ed el investigador <strong>Jules Evans<\/strong>, del Centre for the History of Emotions del Queen Mary University de Londres, en su libro <em>El arte de perder el control<\/em>:<\/p>\n\n\n\n<blockquote class=\"wp-block-quote is-layout-flow wp-block-quote-is-layout-flow\">\n<p>Inspirado en la cultura de los pueblos indios y de otros ind\u00edgenas americanos, implica que la persona entra en una zona despoblada e inicia un periodo de soledad y ayuno, de contemplaci\u00f3n y comunicaci\u00f3n con lo que Colin Campbell denomina \u00abmensajeros\u00bb de la tierra animada. Una b\u00fasqueda de visi\u00f3n puede durar desde veinticuatro horas hasta varios meses, y puede implicar el consumo de setas o ayahuasca. La idea es que a trav\u00e9s de esa purga y esa apertura al mundo natural, uno pasar\u00e1 de egoc\u00e9ntrico a ecoc\u00e9ntrico y recibir\u00e1 la sabidur\u00eda sanadora de la madre naturaleza en forma de sue\u00f1os, visiones y encuentros con animales.<\/p>\n<\/blockquote>\n\n\n\n<p>Habida cuenta de todas las evidencias cient\u00edficas al respecto, no ser\u00eda necesario invertir en todo este ritual. <strong>Bastar\u00eda con una simple escapada a un lugar m\u00e1s verde que la gris\u00e1cea ciudad<\/strong>. No en vano, vivir en espacios urbanos repletos de cemento y privados del acceso a espacios verdes puede aumentar en un 55% el riesgo de desarrollar <a class=\"rank-math-link\" href=\"https:\/\/theconversation.com\/with-teen-mental-health-deteriorating-over-five-years-theres-a-likely-culprit-86996\" target=\"_blank\">enfermedades mentales futuras<\/a>. <\/p>\n\n\n\n<p>La <a class=\"rank-math-link\" href=\"https:\/\/www.sciencealert.com\/daycares-in-finland-built-a-backyard-forest-and-it-changed-children-s-immune-systems\" target=\"_blank\">prueba m\u00e1s sorprendente de ello<\/a> tuvo lugar cuando un grupo de trabajadores de una guarder\u00eda finlandesa extendieron un c\u00e9sped y plantaron un peque\u00f1o bosque como brezos enanos y ar\u00e1ndanos: los ni\u00f1os, de entre tres y cinco a\u00f1os, mostraron un aumento de las c\u00e9lulas T y otros marcadores inmunol\u00f3gicos importantes en su sangre en un plazo de \u00fanicamente 28 d\u00edas.<\/p>\n\n\n\n<p>Tal vez estemos solo ante una correlaci\u00f3n, y no un evento causal, pero la correlaci\u00f3n es tan fuerte que vale la pena regresar de vez en cuando a la naturaleza.<\/p>\n","protected":false},"excerpt":{"rendered":"<p>Una cascada de emociones aflora cuando nos internamos en un  [&#8230;]<\/p>\n","protected":false},"author":120,"featured_media":101461,"comment_status":"open","ping_status":"open","sticky":false,"template":"","format":"standard","meta":{"_acf_changed":false,"om_disable_all_campaigns":false,"footnotes":""},"categories":[279],"tags":[2599,3405,3406,3407,3408,3409,585,3410],"class_list":["post-40926","post","type-post","status-publish","format-standard","has-post-thumbnail","hentry","category-ciencia","tag-biologia","tag-celulas-t","tag-experimentos","tag-globulos-blancos","tag-leucocitos","tag-michiel-van-elk","tag-naturaleza","tag-sistema-inmunitario"],"acf":[],"featured_image_src":"https:\/\/www.escapadarural.com\/blog\/wp-content\/uploads\/2024\/10\/tree-flowers-meadow-stockpack-pixabay-1024x651-2.jpg","author_info":{"display_name":"Sergio Parra","author_link":"https:\/\/www.escapadarural.com\/blog\/autor\/sergio\/"},"yoast_head":"<!-- This site is optimized with the Yoast SEO plugin v27.5 - https:\/\/yoast.com\/product\/yoast-seo-wordpress\/ -->\n<title>\u00bfAfecta la naturaleza a nuestro sistema inmunitario? - EscapadaRural<\/title>\n<meta name=\"robots\" content=\"index, follow, max-snippet:-1, max-image-preview:large, max-video-preview:-1\" \/>\n<link rel=\"canonical\" href=\"https:\/\/www.escapadarural.com\/blog\/naturaleza-y-sistema-inmunitario\/\" \/>\n<meta property=\"og:locale\" content=\"es_ES\" \/>\n<meta property=\"og:type\" content=\"article\" \/>\n<meta property=\"og:title\" content=\"\u00bfAfecta la naturaleza a nuestro sistema inmunitario? - EscapadaRural\" \/>\n<meta property=\"og:description\" content=\"Una cascada de emociones aflora cuando nos internamos en un [...]\" \/>\n<meta property=\"og:url\" content=\"https:\/\/www.escapadarural.com\/blog\/naturaleza-y-sistema-inmunitario\/\" \/>\n<meta property=\"og:site_name\" content=\"Magazine de viajes de EscapadaRural\" \/>\n<meta property=\"article:publisher\" content=\"https:\/\/www.facebook.com\/escapadarural\" \/>\n<meta property=\"article:published_time\" content=\"2021-07-07T15:28:36+00:00\" \/>\n<meta property=\"article:modified_time\" content=\"2025-07-25T10:02:43+00:00\" \/>\n<meta property=\"og:image\" content=\"https:\/\/www.escapadarural.com\/blog\/wp-content\/uploads\/2024\/10\/tree-flowers-meadow-stockpack-pixabay-1024x651-2.jpg?v=1753437764\" \/>\n\t<meta property=\"og:image:width\" content=\"1024\" \/>\n\t<meta property=\"og:image:height\" content=\"651\" \/>\n\t<meta property=\"og:image:type\" content=\"image\/jpeg\" \/>\n<meta name=\"author\" content=\"Sergio Parra\" \/>\n<meta name=\"twitter:card\" content=\"summary_large_image\" \/>\n<meta name=\"twitter:label1\" content=\"Escrito por\" \/>\n\t<meta name=\"twitter:data1\" content=\"Sergio Parra\" \/>\n\t<meta name=\"twitter:label2\" content=\"Tiempo de lectura\" \/>\n\t<meta name=\"twitter:data2\" content=\"5 minutos\" \/>\n<script type=\"application\/ld+json\" class=\"yoast-schema-graph\">{\"@context\":\"https:\\\/\\\/schema.org\",\"@graph\":[{\"@type\":\"Article\",\"@id\":\"https:\\\/\\\/www.escapadarural.com\\\/blog\\\/naturaleza-y-sistema-inmunitario\\\/#article\",\"isPartOf\":{\"@id\":\"https:\\\/\\\/www.escapadarural.com\\\/blog\\\/naturaleza-y-sistema-inmunitario\\\/\"},\"author\":{\"name\":\"Sergio Parra\",\"@id\":\"https:\\\/\\\/www.escapadarural.com\\\/blog\\\/#\\\/schema\\\/person\\\/b19b2221b2fc03d3ab5ec82d81f7a678\"},\"headline\":\"\u00bfAfecta la naturaleza a nuestro sistema inmunitario?\",\"datePublished\":\"2021-07-07T15:28:36+00:00\",\"dateModified\":\"2025-07-25T10:02:43+00:00\",\"mainEntityOfPage\":{\"@id\":\"https:\\\/\\\/www.escapadarural.com\\\/blog\\\/naturaleza-y-sistema-inmunitario\\\/\"},\"wordCount\":990,\"commentCount\":0,\"publisher\":{\"@id\":\"https:\\\/\\\/www.escapadarural.com\\\/blog\\\/#organization\"},\"image\":{\"@id\":\"https:\\\/\\\/www.escapadarural.com\\\/blog\\\/naturaleza-y-sistema-inmunitario\\\/#primaryimage\"},\"thumbnailUrl\":\"https:\\\/\\\/www.escapadarural.com\\\/blog\\\/wp-content\\\/uploads\\\/2024\\\/10\\\/tree-flowers-meadow-stockpack-pixabay-1024x651-2.jpg\",\"keywords\":[\"Biolog\u00eda\",\"c\u00e9lulas T\",\"experimentos\",\"gl\u00f3bulos blancos\",\"leucocitos\",\"Michiel van Elk\",\"Naturaleza\",\"Sistema inmunitario\"],\"articleSection\":[\"Ciencia\"],\"inLanguage\":\"es\",\"potentialAction\":[{\"@type\":\"CommentAction\",\"name\":\"Comment\",\"target\":[\"https:\\\/\\\/www.escapadarural.com\\\/blog\\\/naturaleza-y-sistema-inmunitario\\\/#respond\"]}]},{\"@type\":\"WebPage\",\"@id\":\"https:\\\/\\\/www.escapadarural.com\\\/blog\\\/naturaleza-y-sistema-inmunitario\\\/\",\"url\":\"https:\\\/\\\/www.escapadarural.com\\\/blog\\\/naturaleza-y-sistema-inmunitario\\\/\",\"name\":\"\u00bfAfecta la naturaleza a nuestro sistema inmunitario? - EscapadaRural\",\"isPartOf\":{\"@id\":\"https:\\\/\\\/www.escapadarural.com\\\/blog\\\/#website\"},\"primaryImageOfPage\":{\"@id\":\"https:\\\/\\\/www.escapadarural.com\\\/blog\\\/naturaleza-y-sistema-inmunitario\\\/#primaryimage\"},\"image\":{\"@id\":\"https:\\\/\\\/www.escapadarural.com\\\/blog\\\/naturaleza-y-sistema-inmunitario\\\/#primaryimage\"},\"thumbnailUrl\":\"https:\\\/\\\/www.escapadarural.com\\\/blog\\\/wp-content\\\/uploads\\\/2024\\\/10\\\/tree-flowers-meadow-stockpack-pixabay-1024x651-2.jpg\",\"datePublished\":\"2021-07-07T15:28:36+00:00\",\"dateModified\":\"2025-07-25T10:02:43+00:00\",\"breadcrumb\":{\"@id\":\"https:\\\/\\\/www.escapadarural.com\\\/blog\\\/naturaleza-y-sistema-inmunitario\\\/#breadcrumb\"},\"inLanguage\":\"es\",\"potentialAction\":[{\"@type\":\"ReadAction\",\"target\":[\"https:\\\/\\\/www.escapadarural.com\\\/blog\\\/naturaleza-y-sistema-inmunitario\\\/\"]}]},{\"@type\":\"ImageObject\",\"inLanguage\":\"es\",\"@id\":\"https:\\\/\\\/www.escapadarural.com\\\/blog\\\/naturaleza-y-sistema-inmunitario\\\/#primaryimage\",\"url\":\"https:\\\/\\\/www.escapadarural.com\\\/blog\\\/wp-content\\\/uploads\\\/2024\\\/10\\\/tree-flowers-meadow-stockpack-pixabay-1024x651-2.jpg\",\"contentUrl\":\"https:\\\/\\\/www.escapadarural.com\\\/blog\\\/wp-content\\\/uploads\\\/2024\\\/10\\\/tree-flowers-meadow-stockpack-pixabay-1024x651-2.jpg\",\"width\":1024,\"height\":651,\"caption\":\"La luz del sol se cuela a trav\u00e9s de los \u00e1rboles sobre un campo de hierba salpicado de peque\u00f1as flores blancas, junto a la corteza rugosa de un gran tronco de \u00e1rbol, creando una escena luminosa y apacible de primavera o verano.\"},{\"@type\":\"BreadcrumbList\",\"@id\":\"https:\\\/\\\/www.escapadarural.com\\\/blog\\\/naturaleza-y-sistema-inmunitario\\\/#breadcrumb\",\"itemListElement\":[{\"@type\":\"ListItem\",\"position\":1,\"name\":\"Inicio\",\"item\":\"https:\\\/\\\/www.escapadarural.com\\\/blog\\\/\"},{\"@type\":\"ListItem\",\"position\":2,\"name\":\"Ciencia\",\"item\":\"https:\\\/\\\/www.escapadarural.com\\\/blog\\\/categoria\\\/ciencia\\\/\"},{\"@type\":\"ListItem\",\"position\":3,\"name\":\"\u00bfAfecta la naturaleza a nuestro sistema inmunitario?\"}]},{\"@type\":\"WebSite\",\"@id\":\"https:\\\/\\\/www.escapadarural.com\\\/blog\\\/#website\",\"url\":\"https:\\\/\\\/www.escapadarural.com\\\/blog\\\/\",\"name\":\"Blog de viajes | turismo rural, alojamientos e inspiraci\u00f3n\",\"description\":\"Alojamientos rurales e inspiraci\u00f3n para tus escapadas\",\"publisher\":{\"@id\":\"https:\\\/\\\/www.escapadarural.com\\\/blog\\\/#organization\"},\"alternateName\":\"Magazine de viajes de EscapadaRural\",\"potentialAction\":[{\"@type\":\"SearchAction\",\"target\":{\"@type\":\"EntryPoint\",\"urlTemplate\":\"https:\\\/\\\/www.escapadarural.com\\\/blog\\\/?s={search_term_string}\"},\"query-input\":{\"@type\":\"PropertyValueSpecification\",\"valueRequired\":true,\"valueName\":\"search_term_string\"}}],\"inLanguage\":\"es\"},{\"@type\":\"Organization\",\"@id\":\"https:\\\/\\\/www.escapadarural.com\\\/blog\\\/#organization\",\"name\":\"EscapadaRural\",\"url\":\"https:\\\/\\\/www.escapadarural.com\\\/blog\\\/\",\"logo\":{\"@type\":\"ImageObject\",\"inLanguage\":\"es\",\"@id\":\"https:\\\/\\\/www.escapadarural.com\\\/blog\\\/#\\\/schema\\\/logo\\\/image\\\/\",\"url\":\"https:\\\/\\\/www.escapadarural.com\\\/blog\\\/wp-content\\\/uploads\\\/2024\\\/10\\\/cropped-cropped-escapada-rural-icon-mag-3.png\",\"contentUrl\":\"https:\\\/\\\/www.escapadarural.com\\\/blog\\\/wp-content\\\/uploads\\\/2024\\\/10\\\/cropped-cropped-escapada-rural-icon-mag-3.png\",\"width\":512,\"height\":512,\"caption\":\"EscapadaRural\"},\"image\":{\"@id\":\"https:\\\/\\\/www.escapadarural.com\\\/blog\\\/#\\\/schema\\\/logo\\\/image\\\/\"},\"sameAs\":[\"https:\\\/\\\/www.facebook.com\\\/escapadarural\",\"https:\\\/\\\/www.instagram.com\\\/escapadarural\\\/\",\"https:\\\/\\\/www.youtube.com\\\/@escapadaruralcom\"]},{\"@type\":\"Person\",\"@id\":\"https:\\\/\\\/www.escapadarural.com\\\/blog\\\/#\\\/schema\\\/person\\\/b19b2221b2fc03d3ab5ec82d81f7a678\",\"name\":\"Sergio Parra\",\"image\":{\"@type\":\"ImageObject\",\"inLanguage\":\"es\",\"@id\":\"https:\\\/\\\/www.escapadarural.com\\\/blog\\\/wp-content\\\/uploads\\\/2025\\\/02\\\/cropped-sergio_parra.webp\",\"url\":\"https:\\\/\\\/www.escapadarural.com\\\/blog\\\/wp-content\\\/uploads\\\/2025\\\/02\\\/cropped-sergio_parra.webp\",\"contentUrl\":\"https:\\\/\\\/www.escapadarural.com\\\/blog\\\/wp-content\\\/uploads\\\/2025\\\/02\\\/cropped-sergio_parra.webp\",\"caption\":\"Sergio Parra\"},\"description\":\"Juntaletras, divulgador y alfanum\u00e9rico vocacional. Siempre a la caza de historias que iluminen el camino y de ense\u00f1anzas que permitan capturar lo que te salga al paso. Escribo en Yorokobu, Jot Down y Muy Interesante, y soy editor de Xataka Ciencia y Diario del Viajero. Cuando necesito recogimiento, escribo libros. Cuando me siento extrovertido, salgo en el canal de YouTube Optirrealismo o el podcast Xanad\u00fa: Hearst &amp; Kane. Cuando busco perspectiva, me marcho lejos en bicicleta.\",\"sameAs\":[\"https:\\\/\\\/about.me\\\/sergioparra\",\"https:\\\/\\\/www.instagram.com\\\/melvinud\\\/\"],\"url\":\"https:\\\/\\\/www.escapadarural.com\\\/blog\\\/autor\\\/sergio\\\/\"}]}<\/script>\n<!-- \/ Yoast SEO plugin. -->","yoast_head_json":{"title":"\u00bfAfecta la naturaleza a nuestro sistema inmunitario? - EscapadaRural","robots":{"index":"index","follow":"follow","max-snippet":"max-snippet:-1","max-image-preview":"max-image-preview:large","max-video-preview":"max-video-preview:-1"},"canonical":"https:\/\/www.escapadarural.com\/blog\/naturaleza-y-sistema-inmunitario\/","og_locale":"es_ES","og_type":"article","og_title":"\u00bfAfecta la naturaleza a nuestro sistema inmunitario? - EscapadaRural","og_description":"Una cascada de emociones aflora cuando nos internamos en un [...]","og_url":"https:\/\/www.escapadarural.com\/blog\/naturaleza-y-sistema-inmunitario\/","og_site_name":"Magazine de viajes de EscapadaRural","article_publisher":"https:\/\/www.facebook.com\/escapadarural","article_published_time":"2021-07-07T15:28:36+00:00","article_modified_time":"2025-07-25T10:02:43+00:00","og_image":[{"width":1024,"height":651,"url":"https:\/\/www.escapadarural.com\/blog\/wp-content\/uploads\/2024\/10\/tree-flowers-meadow-stockpack-pixabay-1024x651-2.jpg?v=1753437764","type":"image\/jpeg"}],"author":"Sergio Parra","twitter_card":"summary_large_image","twitter_misc":{"Escrito por":"Sergio Parra","Tiempo de lectura":"5 minutos"},"schema":{"@context":"https:\/\/schema.org","@graph":[{"@type":"Article","@id":"https:\/\/www.escapadarural.com\/blog\/naturaleza-y-sistema-inmunitario\/#article","isPartOf":{"@id":"https:\/\/www.escapadarural.com\/blog\/naturaleza-y-sistema-inmunitario\/"},"author":{"name":"Sergio Parra","@id":"https:\/\/www.escapadarural.com\/blog\/#\/schema\/person\/b19b2221b2fc03d3ab5ec82d81f7a678"},"headline":"\u00bfAfecta la naturaleza a nuestro sistema inmunitario?","datePublished":"2021-07-07T15:28:36+00:00","dateModified":"2025-07-25T10:02:43+00:00","mainEntityOfPage":{"@id":"https:\/\/www.escapadarural.com\/blog\/naturaleza-y-sistema-inmunitario\/"},"wordCount":990,"commentCount":0,"publisher":{"@id":"https:\/\/www.escapadarural.com\/blog\/#organization"},"image":{"@id":"https:\/\/www.escapadarural.com\/blog\/naturaleza-y-sistema-inmunitario\/#primaryimage"},"thumbnailUrl":"https:\/\/www.escapadarural.com\/blog\/wp-content\/uploads\/2024\/10\/tree-flowers-meadow-stockpack-pixabay-1024x651-2.jpg","keywords":["Biolog\u00eda","c\u00e9lulas T","experimentos","gl\u00f3bulos blancos","leucocitos","Michiel van Elk","Naturaleza","Sistema inmunitario"],"articleSection":["Ciencia"],"inLanguage":"es","potentialAction":[{"@type":"CommentAction","name":"Comment","target":["https:\/\/www.escapadarural.com\/blog\/naturaleza-y-sistema-inmunitario\/#respond"]}]},{"@type":"WebPage","@id":"https:\/\/www.escapadarural.com\/blog\/naturaleza-y-sistema-inmunitario\/","url":"https:\/\/www.escapadarural.com\/blog\/naturaleza-y-sistema-inmunitario\/","name":"\u00bfAfecta la naturaleza a nuestro sistema inmunitario? - EscapadaRural","isPartOf":{"@id":"https:\/\/www.escapadarural.com\/blog\/#website"},"primaryImageOfPage":{"@id":"https:\/\/www.escapadarural.com\/blog\/naturaleza-y-sistema-inmunitario\/#primaryimage"},"image":{"@id":"https:\/\/www.escapadarural.com\/blog\/naturaleza-y-sistema-inmunitario\/#primaryimage"},"thumbnailUrl":"https:\/\/www.escapadarural.com\/blog\/wp-content\/uploads\/2024\/10\/tree-flowers-meadow-stockpack-pixabay-1024x651-2.jpg","datePublished":"2021-07-07T15:28:36+00:00","dateModified":"2025-07-25T10:02:43+00:00","breadcrumb":{"@id":"https:\/\/www.escapadarural.com\/blog\/naturaleza-y-sistema-inmunitario\/#breadcrumb"},"inLanguage":"es","potentialAction":[{"@type":"ReadAction","target":["https:\/\/www.escapadarural.com\/blog\/naturaleza-y-sistema-inmunitario\/"]}]},{"@type":"ImageObject","inLanguage":"es","@id":"https:\/\/www.escapadarural.com\/blog\/naturaleza-y-sistema-inmunitario\/#primaryimage","url":"https:\/\/www.escapadarural.com\/blog\/wp-content\/uploads\/2024\/10\/tree-flowers-meadow-stockpack-pixabay-1024x651-2.jpg","contentUrl":"https:\/\/www.escapadarural.com\/blog\/wp-content\/uploads\/2024\/10\/tree-flowers-meadow-stockpack-pixabay-1024x651-2.jpg","width":1024,"height":651,"caption":"La luz del sol se cuela a trav\u00e9s de los \u00e1rboles sobre un campo de hierba salpicado de peque\u00f1as flores blancas, junto a la corteza rugosa de un gran tronco de \u00e1rbol, creando una escena luminosa y apacible de primavera o verano."},{"@type":"BreadcrumbList","@id":"https:\/\/www.escapadarural.com\/blog\/naturaleza-y-sistema-inmunitario\/#breadcrumb","itemListElement":[{"@type":"ListItem","position":1,"name":"Inicio","item":"https:\/\/www.escapadarural.com\/blog\/"},{"@type":"ListItem","position":2,"name":"Ciencia","item":"https:\/\/www.escapadarural.com\/blog\/categoria\/ciencia\/"},{"@type":"ListItem","position":3,"name":"\u00bfAfecta la naturaleza a nuestro sistema inmunitario?"}]},{"@type":"WebSite","@id":"https:\/\/www.escapadarural.com\/blog\/#website","url":"https:\/\/www.escapadarural.com\/blog\/","name":"Blog de viajes | turismo rural, alojamientos e inspiraci\u00f3n","description":"Alojamientos rurales e inspiraci\u00f3n para tus escapadas","publisher":{"@id":"https:\/\/www.escapadarural.com\/blog\/#organization"},"alternateName":"Magazine de viajes de EscapadaRural","potentialAction":[{"@type":"SearchAction","target":{"@type":"EntryPoint","urlTemplate":"https:\/\/www.escapadarural.com\/blog\/?s={search_term_string}"},"query-input":{"@type":"PropertyValueSpecification","valueRequired":true,"valueName":"search_term_string"}}],"inLanguage":"es"},{"@type":"Organization","@id":"https:\/\/www.escapadarural.com\/blog\/#organization","name":"EscapadaRural","url":"https:\/\/www.escapadarural.com\/blog\/","logo":{"@type":"ImageObject","inLanguage":"es","@id":"https:\/\/www.escapadarural.com\/blog\/#\/schema\/logo\/image\/","url":"https:\/\/www.escapadarural.com\/blog\/wp-content\/uploads\/2024\/10\/cropped-cropped-escapada-rural-icon-mag-3.png","contentUrl":"https:\/\/www.escapadarural.com\/blog\/wp-content\/uploads\/2024\/10\/cropped-cropped-escapada-rural-icon-mag-3.png","width":512,"height":512,"caption":"EscapadaRural"},"image":{"@id":"https:\/\/www.escapadarural.com\/blog\/#\/schema\/logo\/image\/"},"sameAs":["https:\/\/www.facebook.com\/escapadarural","https:\/\/www.instagram.com\/escapadarural\/","https:\/\/www.youtube.com\/@escapadaruralcom"]},{"@type":"Person","@id":"https:\/\/www.escapadarural.com\/blog\/#\/schema\/person\/b19b2221b2fc03d3ab5ec82d81f7a678","name":"Sergio Parra","image":{"@type":"ImageObject","inLanguage":"es","@id":"https:\/\/www.escapadarural.com\/blog\/wp-content\/uploads\/2025\/02\/cropped-sergio_parra.webp","url":"https:\/\/www.escapadarural.com\/blog\/wp-content\/uploads\/2025\/02\/cropped-sergio_parra.webp","contentUrl":"https:\/\/www.escapadarural.com\/blog\/wp-content\/uploads\/2025\/02\/cropped-sergio_parra.webp","caption":"Sergio Parra"},"description":"Juntaletras, divulgador y alfanum\u00e9rico vocacional. Siempre a la caza de historias que iluminen el camino y de ense\u00f1anzas que permitan capturar lo que te salga al paso. Escribo en Yorokobu, Jot Down y Muy Interesante, y soy editor de Xataka Ciencia y Diario del Viajero. Cuando necesito recogimiento, escribo libros. Cuando me siento extrovertido, salgo en el canal de YouTube Optirrealismo o el podcast Xanad\u00fa: Hearst &amp; Kane. Cuando busco perspectiva, me marcho lejos en bicicleta.","sameAs":["https:\/\/about.me\/sergioparra","https:\/\/www.instagram.com\/melvinud\/"],"url":"https:\/\/www.escapadarural.com\/blog\/autor\/sergio\/"}]}},"_links":{"self":[{"href":"https:\/\/www.escapadarural.com\/blog\/wp-json\/wp\/v2\/posts\/40926","targetHints":{"allow":["GET"]}}],"collection":[{"href":"https:\/\/www.escapadarural.com\/blog\/wp-json\/wp\/v2\/posts"}],"about":[{"href":"https:\/\/www.escapadarural.com\/blog\/wp-json\/wp\/v2\/types\/post"}],"author":[{"embeddable":true,"href":"https:\/\/www.escapadarural.com\/blog\/wp-json\/wp\/v2\/users\/120"}],"replies":[{"embeddable":true,"href":"https:\/\/www.escapadarural.com\/blog\/wp-json\/wp\/v2\/comments?post=40926"}],"version-history":[{"count":0,"href":"https:\/\/www.escapadarural.com\/blog\/wp-json\/wp\/v2\/posts\/40926\/revisions"}],"wp:featuredmedia":[{"embeddable":true,"href":"https:\/\/www.escapadarural.com\/blog\/wp-json\/wp\/v2\/media\/101461"}],"wp:attachment":[{"href":"https:\/\/www.escapadarural.com\/blog\/wp-json\/wp\/v2\/media?parent=40926"}],"wp:term":[{"taxonomy":"category","embeddable":true,"href":"https:\/\/www.escapadarural.com\/blog\/wp-json\/wp\/v2\/categories?post=40926"},{"taxonomy":"post_tag","embeddable":true,"href":"https:\/\/www.escapadarural.com\/blog\/wp-json\/wp\/v2\/tags?post=40926"}],"curies":[{"name":"wp","href":"https:\/\/api.w.org\/{rel}","templated":true}]}}