{"id":41107,"date":"2021-07-08T10:03:09","date_gmt":"2021-07-08T09:03:09","guid":{"rendered":"https:\/\/www.escapadarural.com\/blog\/?p=41107"},"modified":"2025-08-01T14:30:46","modified_gmt":"2025-08-01T12:30:46","slug":"el-pulpo-a-feira-toda-la-verdad","status":"publish","type":"post","link":"https:\/\/www.escapadarural.com\/blog\/el-pulpo-a-feira-toda-la-verdad\/","title":{"rendered":"El pulpo \u00e1 feira: toda la verdad"},"content":{"rendered":"\n<figure class=\"wp-block-image size-large\"><a href=\"https:\/\/www.escapadarural.com\/blog\/wp-content\/uploads\/AdobeStock_224446689-scaled.jpeg\"><img decoding=\"async\" src=\"https:\/\/www.escapadarural.com\/blog\/wp-content\/uploads\/AdobeStock_224446689-1024x691.jpeg\" alt=\"pulpo \u00e1 feira\" class=\"wp-image-41150\"\/><\/a><figcaption>Por lunamarina<\/figcaption><\/figure>\n\n\n\n<p>Hay unas cuantas <strong>se\u00f1ales para detectar si un pulpo \u00e1 feira est\u00e1 bien preparado o no<\/strong>. Son muy claras: si parece un chicle con sabor a pulpo, no est\u00e1 bien. Si al masticar hay que hacer fuerza, no sirve. Si viene sobre un lecho de patatas cocidas, no corresponde a la receta correcta. Y si est\u00e1 servido en un plato de cer\u00e1mica y no sobre una tabla de madera, no est\u00e1 bien, pero que nada bien. Est\u00e1 tan mal que ser\u00eda un motivo suficiente como para devolverlo a cocina sin estar comport\u00e1ndose como un cliente desquiciado.&nbsp;<\/p>\n\n\n\n<p>Ser\u00eda injusto no reconocer que es un plato m\u00e1s dif\u00edcil de preparar de lo que parece a primera vista. No solo se trata de echar un bicho marino de ocho tent\u00e1culos a una olla de agua hirviendo y esperar a que se haga: tambi\u00e9n hay que saber cu\u00e1ndo y c\u00f3mo parar. Por algo <strong>existe el t\u00edtulo de pulpeiro y hasta un galard\u00f3n al Mejor del Mundo<\/strong>. Pero, a no ser que una persona quiera dedicarse al mundo del oct\u00f3podo, lo importante es saber distinguir cu\u00e1ndo lo que nos sirven en la mesa pasa los est\u00e1ndares de validez. Aqu\u00ed, una gu\u00eda para no caer en la trampa del \u2018falso pulpo \u00e1 feira\u2019:<\/p>\n\n\n\n<p><strong>1. El pulpo no tiene que estar duro como una piedra ni gomoso como un chicle:<\/strong> lo suyo es el punto medio. Si no, es que no se ha preparado correctamente.<\/p>\n\n\n\n<p><strong>2. La del pulpo:<\/strong> s\u00ed, la expresi\u00f3n popular que dice \u201cle cay\u00f3 la del pulpo\u201d o su variante \u201cle dieron como a un pulpo\u201d tiene una base real, aunque ahora ya no es necesario emprenderla a golpes con el animal. Antes se hac\u00eda para ablandarlo antes de cocerlo, pero ahora el pulpo \u2013al igual que el resto de comestibles marinos\u2013 tiene que estar congelado antes de poder prepararlo y el proceso de descongelaci\u00f3n tiene el mismo efecto que la paliza en su consistencia.<\/p>\n\n\n\n<p><strong>3. Crimen:<\/strong> calentarlo en el microondas es un atentado gastron\u00f3mico. Esa es la acci\u00f3n que convierte al pulpo en una inaceptable goma de mascar. Si se ha quedado fr\u00edo, se vuelve a meter en el agua caliente de su cocci\u00f3n (hay que tener una olla preparada para este menester) hasta que tome temperatura. Y se sirve caliente, no templado ni, por supuesto, fr\u00edo.<\/p>\n\n\n\n<p><strong>4. Atr\u00e1s ese cuchillo:<\/strong> el pulpo se corta con tijera. Y punto.<\/p>\n\n\n\n<p><strong>5. En plato de madera:<\/strong> la tradicional tabla redonda de madera en la que se tiene que servir el pulpo a f\u00e9ira tiene una raz\u00f3n. Se moja con el agua de la cocci\u00f3n caliente y el material la mantiene a la temperatura adecuada. Adem\u00e1s, no absorbe el l\u00edquido completamente y tampoco el aceite con el que se riega el pulpo cuando se prepara de esta manera, ideal para mojar pan (si es de Cea, mejor).<\/p>\n\n\n\n<p><strong>6. \u00bfCompramos cobre?<\/strong> aunque hist\u00f3ricamente el pulpo se coc\u00eda en ollas elaboradas con dicho material, hace diez a\u00f1os Sanidad advirti\u00f3 que el m\u00e9todo es un tanto insalubre. Ahora se hierve en \u2018potas\u2019 (como se dice en partes del norte del pa\u00eds) de acero inoxidable y aunque haya quien a\u00fan mantenga que lo correcto es el cobre, no hay ning\u00fan indicador que lo corrobore.<\/p>\n\n\n\n<p><strong>7. El mejor pulpo no se prepara en la costa:<\/strong> de hecho, la \u2018capital\u2019 del pulpo podr\u00eda decirse que es <a href=\"https:\/\/www.escapadarural.com\/casas-rurales\/ourense\" class=\"rank-math-link\">Ourense<\/a>, en concreto un pueblo llamado <a href=\"https:\/\/www.escapadarural.com\/casas-rurales\/o-carballino\" class=\"rank-math-link\">O Carballi\u00f1o<\/a>. Esto se debe a que en la primera \u00e9poca de los monjes cistercienses en el monasterio de Oseira \u2013all\u00e1 por el siglo XIII, durante el reinado de Sancho IV\u2013 consiguieron la gesti\u00f3n de la feria del pueblo.<\/p>\n\n\n\n<p>All\u00ed pon\u00edan a la venta lo que les sobraba del diezmo que recib\u00edan los religiosos de sus propiedades costeras (entre otras cosas, el pulpo).&nbsp;Al principio nadie lo quer\u00eda, pero en cuanto se descubri\u00f3 que el oct\u00f3podo se ablandaba a golpes, se convirti\u00f3 en un fest\u00edn. Que la manera de prepararlo conocida como pulpo \u00e1 feira viene del lugar en el que naci\u00f3 (una feria, para los despistados que no lo hayan pillado).<\/p>\n\n\n\n<p><strong>8. No lleva patata:<\/strong> eso es \u2018pulpo a la gallega\u2019 y se invent\u00f3 despu\u00e9s. No quiere decir que sea ni mejor ni peor, tiene sus defensores y detractores, pero no es pulpo \u00e1 feira. Si se quiere disfrutar del original sin renunciar a los cachelos (as\u00ed se llaman esas patatas cocidas) se piden en un plato aparte y listo.&nbsp;<\/p>\n\n\n\n<p><strong>9. El pulpo es el animal invertebrado m\u00e1s inteligente<\/strong>: al menos <a href=\"https:\/\/www.lavanguardia.com\/natural\/animaladas-videos\/20181229\/453784762064\/descubre-no-sabias-inteligencia-pulpos.html#:~:text=Pertenecen%20al%20grupo%20de%20los,gran%20tama%C3%B1o%20de%20su%20cerebro&amp;text=Todo%20esto%20se%20sabe%20gracias,gran%20tama%C3%B1o%20de%20su%20cerebro.\" class=\"rank-math-link\" target=\"_blank\">uno de los m\u00e1s listos<\/a> porque, como a veces pasa en el mundo de la ciencia, no hay consenso. S\u00ed se sabe que son capaces de construir guaridas con conchas, utilizar a sus presas como arma arrojadiza, cambiar de color seg\u00fan el ambiente para protegerse y percibir el sabor de \u2018su comida\u2019 solo con los tent\u00e1culos.<\/p>\n\n\n\n<p>Adem\u00e1s, este dato ha causado pol\u00e9mica en los \u00faltimos tiempos por motivos \u00e9ticos. Resulta que los pulpos podr\u00edan ser conscientes de s\u00ed mismos y capaces de experimentar placer y dolor. Esto no quiere decir que tengan sentimientos similares a los de los humanos, m\u00e1s bien quiere decir que, por ejemplo, son capaces de anticiparse a un posible da\u00f1o y se defienden. Es un tema que se est\u00e1 discutiendo en el Parlamento brit\u00e1nico, con la idea de incluir tanto a los cefal\u00f3podos y a los crust\u00e1ceos en el grupo de \u2018animales que sienten\u2019 \u2013como podr\u00edan ser las gallinas\u2013 para regular la pesca industrial en funci\u00f3n de estas caracter\u00edsticas.<\/p>\n\n\n\n<div class=\"wp-block-buttons is-layout-flex wp-block-buttons-is-layout-flex\">\n<div class=\"wp-block-button\"><a class=\"wp-block-button__link\" href=\"https:\/\/www.escapadarural.com\/casas-rurales\/galicia\">Casas rurales en Galicia<\/a><\/div>\n<\/div>\n","protected":false},"excerpt":{"rendered":"<p>Hay unas cuantas se\u00f1ales para detectar si un pulpo \u00e1 feira est\u00e1 bien preparado o no. Son muy claras: si parece un chicle con sabor a pulpo, no est\u00e1 bien. Si al masticar hay que hacer fuerza, no sirve. Si viene sobre un lecho de patatas cocidas, no corresponde a la receta correcta. Y si est\u00e1 servido en un plato de cer\u00e1mica y no sobre una tabla de madera, no est\u00e1 bien, pero que nada bien. Est\u00e1 tan mal que ser\u00eda un motivo suficiente como para devolverlo a cocina sin estar comport\u00e1ndose como un cliente desquiciado. <\/p>\n","protected":false},"author":114,"featured_media":93543,"comment_status":"open","ping_status":"open","sticky":false,"template":"","format":"standard","meta":{"_acf_changed":false,"om_disable_all_campaigns":false,"footnotes":""},"categories":[231],"tags":[468,508,2526,215,642,3419,2528],"class_list":["post-41107","post","type-post","status-publish","format-standard","has-post-thumbnail","hentry","category-arte-y-cultura","tag-que-ver-en-galicia","tag-gastronomia","tag-gastronomia-popular","tag-listado","tag-que-ver-en-ourense","tag-pulpo-a-feira","tag-tipico"],"acf":[],"featured_image_src":"https:\/\/www.escapadarural.com\/blog\/wp-content\/uploads\/2024\/10\/pulpo-melide-1024x683-1.jpg","author_info":{"display_name":"Carmen L\u00f3pez","author_link":"https:\/\/www.escapadarural.com\/blog\/autor\/carmenlopez\/"},"yoast_head":"<!-- This site is optimized with the Yoast SEO plugin v27.5 - https:\/\/yoast.com\/product\/yoast-seo-wordpress\/ -->\n<title>El pulpo \u00e1 feira: toda la verdad - EscapadaRural<\/title>\n<meta name=\"robots\" content=\"index, follow, max-snippet:-1, max-image-preview:large, max-video-preview:-1\" \/>\n<link rel=\"canonical\" href=\"https:\/\/www.escapadarural.com\/blog\/el-pulpo-a-feira-toda-la-verdad\/\" \/>\n<meta property=\"og:locale\" content=\"es_ES\" \/>\n<meta property=\"og:type\" content=\"article\" \/>\n<meta property=\"og:title\" content=\"El pulpo \u00e1 feira: toda la verdad - EscapadaRural\" \/>\n<meta property=\"og:description\" content=\"Hay unas cuantas se\u00f1ales para detectar si un pulpo \u00e1 feira est\u00e1 bien preparado o no. Son muy claras: si parece un chicle con sabor a pulpo, no est\u00e1 bien. Si al masticar hay que hacer fuerza, no sirve. Si viene sobre un lecho de patatas cocidas, no corresponde a la receta correcta. Y si est\u00e1 servido en un plato de cer\u00e1mica y no sobre una tabla de madera, no est\u00e1 bien, pero que nada bien. Est\u00e1 tan mal que ser\u00eda un motivo suficiente como para devolverlo a cocina sin estar comport\u00e1ndose como un cliente desquiciado.\" \/>\n<meta property=\"og:url\" content=\"https:\/\/www.escapadarural.com\/blog\/el-pulpo-a-feira-toda-la-verdad\/\" \/>\n<meta property=\"og:site_name\" content=\"Magazine de viajes de EscapadaRural\" \/>\n<meta property=\"article:publisher\" content=\"https:\/\/www.facebook.com\/escapadarural\" \/>\n<meta property=\"article:published_time\" content=\"2021-07-08T09:03:09+00:00\" \/>\n<meta property=\"article:modified_time\" content=\"2025-08-01T12:30:46+00:00\" \/>\n<meta property=\"og:image\" content=\"https:\/\/www.escapadarural.com\/blog\/wp-content\/uploads\/2024\/10\/pulpo-melide-1024x683-1.jpg?v=1754051448\" \/>\n\t<meta property=\"og:image:width\" content=\"1024\" \/>\n\t<meta property=\"og:image:height\" content=\"683\" \/>\n\t<meta property=\"og:image:type\" content=\"image\/jpeg\" \/>\n<meta name=\"author\" content=\"Carmen L\u00f3pez\" \/>\n<meta name=\"twitter:card\" content=\"summary_large_image\" \/>\n<meta name=\"twitter:label1\" content=\"Escrito por\" \/>\n\t<meta name=\"twitter:data1\" content=\"Carmen L\u00f3pez\" \/>\n\t<meta name=\"twitter:label2\" content=\"Tiempo de lectura\" \/>\n\t<meta name=\"twitter:data2\" content=\"5 minutos\" \/>\n<script type=\"application\/ld+json\" class=\"yoast-schema-graph\">{\"@context\":\"https:\\\/\\\/schema.org\",\"@graph\":[{\"@type\":\"Article\",\"@id\":\"https:\\\/\\\/www.escapadarural.com\\\/blog\\\/el-pulpo-a-feira-toda-la-verdad\\\/#article\",\"isPartOf\":{\"@id\":\"https:\\\/\\\/www.escapadarural.com\\\/blog\\\/el-pulpo-a-feira-toda-la-verdad\\\/\"},\"author\":{\"name\":\"Carmen L\u00f3pez\",\"@id\":\"https:\\\/\\\/www.escapadarural.com\\\/blog\\\/#\\\/schema\\\/person\\\/42dfdff6118172efc6a04c8ae599a2ce\"},\"headline\":\"El pulpo \u00e1 feira: toda la verdad\",\"datePublished\":\"2021-07-08T09:03:09+00:00\",\"dateModified\":\"2025-08-01T12:30:46+00:00\",\"mainEntityOfPage\":{\"@id\":\"https:\\\/\\\/www.escapadarural.com\\\/blog\\\/el-pulpo-a-feira-toda-la-verdad\\\/\"},\"wordCount\":969,\"commentCount\":3,\"publisher\":{\"@id\":\"https:\\\/\\\/www.escapadarural.com\\\/blog\\\/#organization\"},\"image\":{\"@id\":\"https:\\\/\\\/www.escapadarural.com\\\/blog\\\/el-pulpo-a-feira-toda-la-verdad\\\/#primaryimage\"},\"thumbnailUrl\":\"https:\\\/\\\/www.escapadarural.com\\\/blog\\\/wp-content\\\/uploads\\\/2024\\\/10\\\/pulpo-melide-1024x683-1.jpg\",\"keywords\":[\"Galicia\",\"Gastronom\u00eda\",\"gastronomia popular\",\"Listado\",\"Ourense\",\"pulpo \u00e1 feira\",\"T\u00edpico\"],\"articleSection\":[\"Arte y Cultura\"],\"inLanguage\":\"es\",\"potentialAction\":[{\"@type\":\"CommentAction\",\"name\":\"Comment\",\"target\":[\"https:\\\/\\\/www.escapadarural.com\\\/blog\\\/el-pulpo-a-feira-toda-la-verdad\\\/#respond\"]}]},{\"@type\":\"WebPage\",\"@id\":\"https:\\\/\\\/www.escapadarural.com\\\/blog\\\/el-pulpo-a-feira-toda-la-verdad\\\/\",\"url\":\"https:\\\/\\\/www.escapadarural.com\\\/blog\\\/el-pulpo-a-feira-toda-la-verdad\\\/\",\"name\":\"El pulpo \u00e1 feira: toda la verdad - EscapadaRural\",\"isPartOf\":{\"@id\":\"https:\\\/\\\/www.escapadarural.com\\\/blog\\\/#website\"},\"primaryImageOfPage\":{\"@id\":\"https:\\\/\\\/www.escapadarural.com\\\/blog\\\/el-pulpo-a-feira-toda-la-verdad\\\/#primaryimage\"},\"image\":{\"@id\":\"https:\\\/\\\/www.escapadarural.com\\\/blog\\\/el-pulpo-a-feira-toda-la-verdad\\\/#primaryimage\"},\"thumbnailUrl\":\"https:\\\/\\\/www.escapadarural.com\\\/blog\\\/wp-content\\\/uploads\\\/2024\\\/10\\\/pulpo-melide-1024x683-1.jpg\",\"datePublished\":\"2021-07-08T09:03:09+00:00\",\"dateModified\":\"2025-08-01T12:30:46+00:00\",\"breadcrumb\":{\"@id\":\"https:\\\/\\\/www.escapadarural.com\\\/blog\\\/el-pulpo-a-feira-toda-la-verdad\\\/#breadcrumb\"},\"inLanguage\":\"es\",\"potentialAction\":[{\"@type\":\"ReadAction\",\"target\":[\"https:\\\/\\\/www.escapadarural.com\\\/blog\\\/el-pulpo-a-feira-toda-la-verdad\\\/\"]}]},{\"@type\":\"ImageObject\",\"inLanguage\":\"es\",\"@id\":\"https:\\\/\\\/www.escapadarural.com\\\/blog\\\/el-pulpo-a-feira-toda-la-verdad\\\/#primaryimage\",\"url\":\"https:\\\/\\\/www.escapadarural.com\\\/blog\\\/wp-content\\\/uploads\\\/2024\\\/10\\\/pulpo-melide-1024x683-1.jpg\",\"contentUrl\":\"https:\\\/\\\/www.escapadarural.com\\\/blog\\\/wp-content\\\/uploads\\\/2024\\\/10\\\/pulpo-melide-1024x683-1.jpg\",\"width\":1024,\"height\":683,\"caption\":\"Pulpo\"},{\"@type\":\"BreadcrumbList\",\"@id\":\"https:\\\/\\\/www.escapadarural.com\\\/blog\\\/el-pulpo-a-feira-toda-la-verdad\\\/#breadcrumb\",\"itemListElement\":[{\"@type\":\"ListItem\",\"position\":1,\"name\":\"Inicio\",\"item\":\"https:\\\/\\\/www.escapadarural.com\\\/blog\\\/\"},{\"@type\":\"ListItem\",\"position\":2,\"name\":\"Arte y Cultura\",\"item\":\"https:\\\/\\\/www.escapadarural.com\\\/blog\\\/categoria\\\/arte-y-cultura\\\/\"},{\"@type\":\"ListItem\",\"position\":3,\"name\":\"El pulpo \u00e1 feira: toda la verdad\"}]},{\"@type\":\"WebSite\",\"@id\":\"https:\\\/\\\/www.escapadarural.com\\\/blog\\\/#website\",\"url\":\"https:\\\/\\\/www.escapadarural.com\\\/blog\\\/\",\"name\":\"Blog de viajes | turismo rural, alojamientos e inspiraci\u00f3n\",\"description\":\"Alojamientos rurales e inspiraci\u00f3n para tus escapadas\",\"publisher\":{\"@id\":\"https:\\\/\\\/www.escapadarural.com\\\/blog\\\/#organization\"},\"alternateName\":\"Magazine de viajes de EscapadaRural\",\"potentialAction\":[{\"@type\":\"SearchAction\",\"target\":{\"@type\":\"EntryPoint\",\"urlTemplate\":\"https:\\\/\\\/www.escapadarural.com\\\/blog\\\/?s={search_term_string}\"},\"query-input\":{\"@type\":\"PropertyValueSpecification\",\"valueRequired\":true,\"valueName\":\"search_term_string\"}}],\"inLanguage\":\"es\"},{\"@type\":\"Organization\",\"@id\":\"https:\\\/\\\/www.escapadarural.com\\\/blog\\\/#organization\",\"name\":\"EscapadaRural\",\"url\":\"https:\\\/\\\/www.escapadarural.com\\\/blog\\\/\",\"logo\":{\"@type\":\"ImageObject\",\"inLanguage\":\"es\",\"@id\":\"https:\\\/\\\/www.escapadarural.com\\\/blog\\\/#\\\/schema\\\/logo\\\/image\\\/\",\"url\":\"https:\\\/\\\/www.escapadarural.com\\\/blog\\\/wp-content\\\/uploads\\\/2024\\\/10\\\/cropped-cropped-escapada-rural-icon-mag-3.png\",\"contentUrl\":\"https:\\\/\\\/www.escapadarural.com\\\/blog\\\/wp-content\\\/uploads\\\/2024\\\/10\\\/cropped-cropped-escapada-rural-icon-mag-3.png\",\"width\":512,\"height\":512,\"caption\":\"EscapadaRural\"},\"image\":{\"@id\":\"https:\\\/\\\/www.escapadarural.com\\\/blog\\\/#\\\/schema\\\/logo\\\/image\\\/\"},\"sameAs\":[\"https:\\\/\\\/www.facebook.com\\\/escapadarural\",\"https:\\\/\\\/www.instagram.com\\\/escapadarural\\\/\",\"https:\\\/\\\/www.youtube.com\\\/@escapadaruralcom\"]},{\"@type\":\"Person\",\"@id\":\"https:\\\/\\\/www.escapadarural.com\\\/blog\\\/#\\\/schema\\\/person\\\/42dfdff6118172efc6a04c8ae599a2ce\",\"name\":\"Carmen L\u00f3pez\",\"image\":{\"@type\":\"ImageObject\",\"inLanguage\":\"es\",\"@id\":\"https:\\\/\\\/www.escapadarural.com\\\/blog\\\/wp-content\\\/uploads\\\/2024\\\/11\\\/cropped-perfil_eldiario-96x96-1-96x96.jpeg\",\"url\":\"https:\\\/\\\/www.escapadarural.com\\\/blog\\\/wp-content\\\/uploads\\\/2024\\\/11\\\/cropped-perfil_eldiario-96x96-1-96x96.jpeg\",\"contentUrl\":\"https:\\\/\\\/www.escapadarural.com\\\/blog\\\/wp-content\\\/uploads\\\/2024\\\/11\\\/cropped-perfil_eldiario-96x96-1-96x96.jpeg\",\"caption\":\"Carmen L\u00f3pez\"},\"description\":\"Soy periodista y escribo sobre cosas que importan en sitios que interesan desde hace m\u00e1s de una d\u00e9cada.\",\"url\":\"https:\\\/\\\/www.escapadarural.com\\\/blog\\\/autor\\\/carmenlopez\\\/\"}]}<\/script>\n<!-- \/ Yoast SEO plugin. -->","yoast_head_json":{"title":"El pulpo \u00e1 feira: toda la verdad - EscapadaRural","robots":{"index":"index","follow":"follow","max-snippet":"max-snippet:-1","max-image-preview":"max-image-preview:large","max-video-preview":"max-video-preview:-1"},"canonical":"https:\/\/www.escapadarural.com\/blog\/el-pulpo-a-feira-toda-la-verdad\/","og_locale":"es_ES","og_type":"article","og_title":"El pulpo \u00e1 feira: toda la verdad - EscapadaRural","og_description":"Hay unas cuantas se\u00f1ales para detectar si un pulpo \u00e1 feira est\u00e1 bien preparado o no. Son muy claras: si parece un chicle con sabor a pulpo, no est\u00e1 bien. Si al masticar hay que hacer fuerza, no sirve. Si viene sobre un lecho de patatas cocidas, no corresponde a la receta correcta. Y si est\u00e1 servido en un plato de cer\u00e1mica y no sobre una tabla de madera, no est\u00e1 bien, pero que nada bien. Est\u00e1 tan mal que ser\u00eda un motivo suficiente como para devolverlo a cocina sin estar comport\u00e1ndose como un cliente desquiciado.","og_url":"https:\/\/www.escapadarural.com\/blog\/el-pulpo-a-feira-toda-la-verdad\/","og_site_name":"Magazine de viajes de EscapadaRural","article_publisher":"https:\/\/www.facebook.com\/escapadarural","article_published_time":"2021-07-08T09:03:09+00:00","article_modified_time":"2025-08-01T12:30:46+00:00","og_image":[{"width":1024,"height":683,"url":"https:\/\/www.escapadarural.com\/blog\/wp-content\/uploads\/2024\/10\/pulpo-melide-1024x683-1.jpg?v=1754051448","type":"image\/jpeg"}],"author":"Carmen L\u00f3pez","twitter_card":"summary_large_image","twitter_misc":{"Escrito por":"Carmen L\u00f3pez","Tiempo de lectura":"5 minutos"},"schema":{"@context":"https:\/\/schema.org","@graph":[{"@type":"Article","@id":"https:\/\/www.escapadarural.com\/blog\/el-pulpo-a-feira-toda-la-verdad\/#article","isPartOf":{"@id":"https:\/\/www.escapadarural.com\/blog\/el-pulpo-a-feira-toda-la-verdad\/"},"author":{"name":"Carmen L\u00f3pez","@id":"https:\/\/www.escapadarural.com\/blog\/#\/schema\/person\/42dfdff6118172efc6a04c8ae599a2ce"},"headline":"El pulpo \u00e1 feira: toda la verdad","datePublished":"2021-07-08T09:03:09+00:00","dateModified":"2025-08-01T12:30:46+00:00","mainEntityOfPage":{"@id":"https:\/\/www.escapadarural.com\/blog\/el-pulpo-a-feira-toda-la-verdad\/"},"wordCount":969,"commentCount":3,"publisher":{"@id":"https:\/\/www.escapadarural.com\/blog\/#organization"},"image":{"@id":"https:\/\/www.escapadarural.com\/blog\/el-pulpo-a-feira-toda-la-verdad\/#primaryimage"},"thumbnailUrl":"https:\/\/www.escapadarural.com\/blog\/wp-content\/uploads\/2024\/10\/pulpo-melide-1024x683-1.jpg","keywords":["Galicia","Gastronom\u00eda","gastronomia popular","Listado","Ourense","pulpo \u00e1 feira","T\u00edpico"],"articleSection":["Arte y Cultura"],"inLanguage":"es","potentialAction":[{"@type":"CommentAction","name":"Comment","target":["https:\/\/www.escapadarural.com\/blog\/el-pulpo-a-feira-toda-la-verdad\/#respond"]}]},{"@type":"WebPage","@id":"https:\/\/www.escapadarural.com\/blog\/el-pulpo-a-feira-toda-la-verdad\/","url":"https:\/\/www.escapadarural.com\/blog\/el-pulpo-a-feira-toda-la-verdad\/","name":"El pulpo \u00e1 feira: toda la verdad - EscapadaRural","isPartOf":{"@id":"https:\/\/www.escapadarural.com\/blog\/#website"},"primaryImageOfPage":{"@id":"https:\/\/www.escapadarural.com\/blog\/el-pulpo-a-feira-toda-la-verdad\/#primaryimage"},"image":{"@id":"https:\/\/www.escapadarural.com\/blog\/el-pulpo-a-feira-toda-la-verdad\/#primaryimage"},"thumbnailUrl":"https:\/\/www.escapadarural.com\/blog\/wp-content\/uploads\/2024\/10\/pulpo-melide-1024x683-1.jpg","datePublished":"2021-07-08T09:03:09+00:00","dateModified":"2025-08-01T12:30:46+00:00","breadcrumb":{"@id":"https:\/\/www.escapadarural.com\/blog\/el-pulpo-a-feira-toda-la-verdad\/#breadcrumb"},"inLanguage":"es","potentialAction":[{"@type":"ReadAction","target":["https:\/\/www.escapadarural.com\/blog\/el-pulpo-a-feira-toda-la-verdad\/"]}]},{"@type":"ImageObject","inLanguage":"es","@id":"https:\/\/www.escapadarural.com\/blog\/el-pulpo-a-feira-toda-la-verdad\/#primaryimage","url":"https:\/\/www.escapadarural.com\/blog\/wp-content\/uploads\/2024\/10\/pulpo-melide-1024x683-1.jpg","contentUrl":"https:\/\/www.escapadarural.com\/blog\/wp-content\/uploads\/2024\/10\/pulpo-melide-1024x683-1.jpg","width":1024,"height":683,"caption":"Pulpo"},{"@type":"BreadcrumbList","@id":"https:\/\/www.escapadarural.com\/blog\/el-pulpo-a-feira-toda-la-verdad\/#breadcrumb","itemListElement":[{"@type":"ListItem","position":1,"name":"Inicio","item":"https:\/\/www.escapadarural.com\/blog\/"},{"@type":"ListItem","position":2,"name":"Arte y Cultura","item":"https:\/\/www.escapadarural.com\/blog\/categoria\/arte-y-cultura\/"},{"@type":"ListItem","position":3,"name":"El pulpo \u00e1 feira: toda la verdad"}]},{"@type":"WebSite","@id":"https:\/\/www.escapadarural.com\/blog\/#website","url":"https:\/\/www.escapadarural.com\/blog\/","name":"Blog de viajes | turismo rural, alojamientos e inspiraci\u00f3n","description":"Alojamientos rurales e inspiraci\u00f3n para tus escapadas","publisher":{"@id":"https:\/\/www.escapadarural.com\/blog\/#organization"},"alternateName":"Magazine de viajes de EscapadaRural","potentialAction":[{"@type":"SearchAction","target":{"@type":"EntryPoint","urlTemplate":"https:\/\/www.escapadarural.com\/blog\/?s={search_term_string}"},"query-input":{"@type":"PropertyValueSpecification","valueRequired":true,"valueName":"search_term_string"}}],"inLanguage":"es"},{"@type":"Organization","@id":"https:\/\/www.escapadarural.com\/blog\/#organization","name":"EscapadaRural","url":"https:\/\/www.escapadarural.com\/blog\/","logo":{"@type":"ImageObject","inLanguage":"es","@id":"https:\/\/www.escapadarural.com\/blog\/#\/schema\/logo\/image\/","url":"https:\/\/www.escapadarural.com\/blog\/wp-content\/uploads\/2024\/10\/cropped-cropped-escapada-rural-icon-mag-3.png","contentUrl":"https:\/\/www.escapadarural.com\/blog\/wp-content\/uploads\/2024\/10\/cropped-cropped-escapada-rural-icon-mag-3.png","width":512,"height":512,"caption":"EscapadaRural"},"image":{"@id":"https:\/\/www.escapadarural.com\/blog\/#\/schema\/logo\/image\/"},"sameAs":["https:\/\/www.facebook.com\/escapadarural","https:\/\/www.instagram.com\/escapadarural\/","https:\/\/www.youtube.com\/@escapadaruralcom"]},{"@type":"Person","@id":"https:\/\/www.escapadarural.com\/blog\/#\/schema\/person\/42dfdff6118172efc6a04c8ae599a2ce","name":"Carmen L\u00f3pez","image":{"@type":"ImageObject","inLanguage":"es","@id":"https:\/\/www.escapadarural.com\/blog\/wp-content\/uploads\/2024\/11\/cropped-perfil_eldiario-96x96-1-96x96.jpeg","url":"https:\/\/www.escapadarural.com\/blog\/wp-content\/uploads\/2024\/11\/cropped-perfil_eldiario-96x96-1-96x96.jpeg","contentUrl":"https:\/\/www.escapadarural.com\/blog\/wp-content\/uploads\/2024\/11\/cropped-perfil_eldiario-96x96-1-96x96.jpeg","caption":"Carmen L\u00f3pez"},"description":"Soy periodista y escribo sobre cosas que importan en sitios que interesan desde hace m\u00e1s de una d\u00e9cada.","url":"https:\/\/www.escapadarural.com\/blog\/autor\/carmenlopez\/"}]}},"_links":{"self":[{"href":"https:\/\/www.escapadarural.com\/blog\/wp-json\/wp\/v2\/posts\/41107","targetHints":{"allow":["GET"]}}],"collection":[{"href":"https:\/\/www.escapadarural.com\/blog\/wp-json\/wp\/v2\/posts"}],"about":[{"href":"https:\/\/www.escapadarural.com\/blog\/wp-json\/wp\/v2\/types\/post"}],"author":[{"embeddable":true,"href":"https:\/\/www.escapadarural.com\/blog\/wp-json\/wp\/v2\/users\/114"}],"replies":[{"embeddable":true,"href":"https:\/\/www.escapadarural.com\/blog\/wp-json\/wp\/v2\/comments?post=41107"}],"version-history":[{"count":0,"href":"https:\/\/www.escapadarural.com\/blog\/wp-json\/wp\/v2\/posts\/41107\/revisions"}],"wp:featuredmedia":[{"embeddable":true,"href":"https:\/\/www.escapadarural.com\/blog\/wp-json\/wp\/v2\/media\/93543"}],"wp:attachment":[{"href":"https:\/\/www.escapadarural.com\/blog\/wp-json\/wp\/v2\/media?parent=41107"}],"wp:term":[{"taxonomy":"category","embeddable":true,"href":"https:\/\/www.escapadarural.com\/blog\/wp-json\/wp\/v2\/categories?post=41107"},{"taxonomy":"post_tag","embeddable":true,"href":"https:\/\/www.escapadarural.com\/blog\/wp-json\/wp\/v2\/tags?post=41107"}],"curies":[{"name":"wp","href":"https:\/\/api.w.org\/{rel}","templated":true}]}}