{"id":41302,"date":"2021-08-24T09:39:43","date_gmt":"2021-08-24T08:39:43","guid":{"rendered":"https:\/\/www.escapadarural.com\/blog\/?p=41302"},"modified":"2025-08-11T14:22:17","modified_gmt":"2025-08-11T12:22:17","slug":"los-secretos-de-valverde-de-la-vera","status":"publish","type":"post","link":"https:\/\/www.escapadarural.com\/blog\/los-secretos-de-valverde-de-la-vera\/","title":{"rendered":"Los secretos de Valverde de la Vera"},"content":{"rendered":"\n<figure class=\"wp-block-image size-large\"><a href=\"https:\/\/www.escapadarural.com\/blog\/wp-content\/uploads\/Valverde_de_la_Vera.jpg\"><img loading=\"lazy\" decoding=\"async\" width=\"1000\" height=\"709\" src=\"https:\/\/www.escapadarural.com\/blog\/wp-content\/uploads\/Valverde_de_la_Vera.jpg\" alt=\"\" class=\"wp-image-41986\"\/><\/a><figcaption class=\"wp-element-caption\">Por Mochuelo<\/figcaption><\/figure>\n\n\n\n<p>En el interior de Extremadura, <strong>a los pies de la <a href=\"https:\/\/www.escapadarural.com\/casas-rurales\/sierra-de-gredos\" class=\"rank-math-link\">sierra de Gredos<\/a><\/strong>, hay un pueblo por el que se puede pasear con los pies dentro del agua. No como si estuviese inundado, pero s\u00ed pisando las regueras \u2013o regateras\u2013 que gu\u00edan al agua que viene de las monta\u00f1as por unas calles que mantienen el empedrado original de siglos atr\u00e1s. <strong>Se trata de <a href=\"https:\/\/www.escapadarural.com\/casas-rurales\/valverde-de-la-vera\" class=\"rank-math-link\">Valverde de la Vera<\/a><\/strong> (quien haya estado ya lo habr\u00e1 reconocido), al nordeste de <a href=\"https:\/\/www.escapadarural.com\/casas-rurales\/caceres\" class=\"rank-math-link\">C\u00e1ceres<\/a>. Este a\u00f1o ha conseguido el \u2018certificado\u2019 de ser uno de los pueblos m\u00e1s bonitos de Espa\u00f1a.<\/p>\n\n\n\n<p>Para conservar esa belleza y su importancia como patrimonio, el 2 de febrero de 1972, <strong>la poblaci\u00f3n fue declarada Conjunto Hist\u00f3rico Art\u00edstico<\/strong>. Una manera de preservar una villa que tambi\u00e9n cuenta con el t\u00edtulo de ser el primer se\u00f1or\u00edo creado en la Vera. Los interesados en conocer los c\u00f3mos y los porqu\u00e9s que se acerquen a la entrada del pueblo, se encontrar\u00e1n una instalaci\u00f3n en la que se explica que:&nbsp;<\/p>\n\n\n\n<p>\u201c<strong>Su nombre viene de valle verde.<\/strong> El se\u00f1or\u00edo de Valverde se entrega a la familia Monroy en 1292 en privilegio del Rey Sancho IV el Bravo. Comprend\u00eda las actuales localidades de Valverde, Viandar, <a href=\"https:\/\/www.escapadarural.com\/casas-rurales\/villanueva-de-la-vera\" class=\"rank-math-link\">Villanueva<\/a>, <a href=\"https:\/\/www.escapadarural.com\/casas-rurales\/madrigal-de-la-vera\" class=\"rank-math-link\">Madrigal<\/a> e incluso lleg\u00f3 hasta las aldeas de Salobral y Miramontes de los Gallegos, ambas en \u00c1vila\u201d.&nbsp;<\/p>\n\n\n\n<p>Ya no quedan familias que tengan propiedades tan extensas, aunque s\u00ed hay fincas alrededor de estas villas cuyos due\u00f1os pueden presumir de extensi\u00f3n. De hecho,<strong> se dice y se comenta que muchos famosos han comprado terrenos<\/strong> por la zona para hacerse casas alejadas de posibles paparazzi y los inconvenientes del \u00e9xito masivo \u00bfNombres? Alejandro Sanz o Shakira son dos de las celebridades que un d\u00eda podr\u00edan aparecer tomando algo en el centro del pueblo si los rumores son reales.&nbsp;<\/p>\n\n\n\n<figure class=\"wp-block-image size-large is-resized\"><a href=\"https:\/\/www.escapadarural.com\/blog\/wp-content\/uploads\/AdobeStock_379995508-scaled.jpeg\"><img decoding=\"async\" src=\"https:\/\/www.escapadarural.com\/blog\/wp-content\/uploads\/AdobeStock_379995508-1024x680.jpeg\" alt=\"\" class=\"wp-image-41983\" style=\"width:780px;height:517px\"\/><\/a><figcaption class=\"wp-element-caption\">Por&nbsp;Jose Antonio<\/figcaption><\/figure>\n\n\n\n<p>Valverde de la Vera tiene diversos puntos de inter\u00e9s por el que cada d\u00eda pasa alguno de sus 480 habitantes censados (seg\u00fan datos de 2018, la cifra puede haber variado un poco aunque no se ha convertido en una gran ciudad precisamente). Uno de ellos es <strong>el castillo, o m\u00e1s bien los restos \u2013la torre del Homenaje\u2013<\/strong> de esta construcci\u00f3n civil que data del siglo XIII y que fue remodelada por D\u00f1a. Leonor Ni\u00f1o de Portugal y su marido, Don Diego L\u00f3pez Z\u00fa\u00f1iga, nombrados Condes de Nieva en 1415.<\/p>\n\n\n\n<p>Del edificio queda apenas una fachada, pero est\u00e1 situado en un lugar privilegiado desde el que se puede ver <strong>todo el pueblo en panor\u00e1mica y la extensi\u00f3n del valle<\/strong> en los d\u00edas claros. En las escaleras de la explanada que hay debajo del castillo se cruzan los turistas que sacan fotos con los adolescentes que pasan el rato sentados en grupo y los paisanos que salen a dar el paseo diario. Alguno ser\u00e1 el abuelo de alguno de esos chavales o el t\u00edo de su padre, porque todo el mundo se conoce y est\u00e1 ligado de alguna manera. Es inevitable en un municipio tan peque\u00f1o.<\/p>\n\n\n\n<p>Al dar la vuelta al castillo, est\u00e1 <strong>la iglesia de Nuestra Se\u00f1ora de Fuentes Claras<\/strong>, construida en el siglo XVI aprovechando parte de la fortificaci\u00f3n. Una de sus caracter\u00edsticas m\u00e1s rese\u00f1ables es que tiene una cabecera hexagonal, tres naves y su planta es rectangular. En el interior hay una imagen de la virgen que le da nombre y tambi\u00e9n <strong>est\u00e1n enterrados Leonor y Diego, los mencionados Condes de Nieva<\/strong>, responsables de esta urbanizaci\u00f3n.&nbsp;<\/p>\n\n\n\n<figure class=\"wp-block-image size-large\"><img decoding=\"async\" src=\"https:\/\/www.escapadarural.com\/blog\/wp-content\/uploads\/IMG-8013-768x1024.jpg\" alt=\"Valverde de la Vera\" class=\"wp-image-41982\"\/><figcaption class=\"wp-element-caption\">Por Carmen L\u00f3pez<\/figcaption><\/figure>\n\n\n\n<p>La <strong>plaza de Espa\u00f1a es el punto neur\u00e1lgico del pueblo<\/strong>: all\u00ed est\u00e1 el ayuntamiento y tambi\u00e9n el centro de la tercera edad, que adem\u00e1s es un bar con terraza. Al otro lado de la plaza, tambi\u00e9n se puede parar a tomar algo mientras se mira la fuente de cuatro ca\u00f1os que est\u00e1 en el medio y que en Semana Santa se viste de fiesta. A su alrededor se colocan unos <strong>arcos con flores para celebrar lo que se llama \u2018El encuentro\u2019<\/strong>, una tradici\u00f3n que representa, precisamente, el encuentro del ni\u00f1o con la virgen de la noche del S\u00e1bado Santo al Domingo de Resurrecci\u00f3n.<\/p>\n\n\n\n<p>Esas son las fiestas m\u00e1s se\u00f1aladas de la villa, que se llena de personas que van a observar la tradici\u00f3n conocida como <strong>\u2018Los empalaos\u2019, declarada Fiesta de Inter\u00e9s Tur\u00edstico de Extremadura<\/strong> el 18 de enero de 1980. La noche del Jueves Santo, los penitentes se atan a una cruz que cargan sobre las espaldas para realizar un V\u00eda Crucis por el pueblo con sogas que les cubren el torso y los brazos. Un velo cubre su cabeza y su cara sujeto con una corona de espinas, ya que generalmente preservan su identidad.&nbsp;<\/p>\n\n\n\n<figure class=\"wp-block-image size-large\"><a href=\"https:\/\/www.escapadarural.com\/blog\/wp-content\/uploads\/AdobeStock_318541668-scaled.jpeg\"><img decoding=\"async\" src=\"https:\/\/www.escapadarural.com\/blog\/wp-content\/uploads\/AdobeStock_318541668-1024x693.jpeg\" alt=\"\" class=\"wp-image-41987\"\/><\/a><figcaption class=\"wp-element-caption\">Por Armando<\/figcaption><\/figure>\n\n\n\n<p>Se arrodillan ante las cruces cat\u00f3licas que hay y cuando se encuentran unos con otros. Los \u2018empalaos\u2019 suelen ser hombres, aunque algunas mujeres tambi\u00e9n realizan su penitencia pero sin atarse a la cruz, solo la portan. El recorrido se realiza en silencio y, de hecho, para advertir a los espectadores escandalosos hay una especie de lema que dice: <strong>\u201clos empalaos piden silencio y respeto\u2019.<\/strong><\/p>\n\n\n\n<p>El ritual es tan famoso, que quienes visiten el pueblo en otra fecha que no sea la de esta fiesta cat\u00f3lica, pueden conocer m\u00e1s a fondo esta historia en <strong>la Casa-Museo del Empalao, otro de los puntos de inter\u00e9s de Valverde de la Vera<\/strong>. Es una oportunidad para recorrer las calles de la villa, incluido el barrio jud\u00edo. Se llama as\u00ed precisamente porque, en el siglo XV, m\u00e1s de 100 familias jud\u00edas vivieron en esta ubicaci\u00f3n. M\u00e1s que en otros pueblos de la comarca por aquellas fechas.<\/p>\n\n\n\n<figure class=\"wp-block-image size-large\"><a href=\"https:\/\/www.escapadarural.com\/blog\/wp-content\/uploads\/AdobeStock_442764909-scaled.jpeg\"><img decoding=\"async\" src=\"https:\/\/www.escapadarural.com\/blog\/wp-content\/uploads\/AdobeStock_442764909-683x1024.jpeg\" alt=\"\" class=\"wp-image-41985\"\/><\/a><figcaption class=\"wp-element-caption\">Por ubeda<\/figcaption><\/figure>\n\n\n\n<p>La arquitectura de las casas del centro hist\u00f3rico es una de las caracter\u00edsticas m\u00e1s interesantes del municipio. <strong>Conocida como \u2018verata\u2019,<\/strong> <strong>las viviendas edificadas dibujan calles estrechas<\/strong> \u2013que permiten algo de frescura en los t\u00f3rridos d\u00edas del verano extreme\u00f1o\u2013 y <strong>est\u00e1n construidas con adobe y madera<\/strong>. Algunas tienen soportales y otras tienen una parte que cuelga sobre la v\u00eda, como si fuese un puente que comunica dos fachadas enfrentadas. En esa parte de la casa tambi\u00e9n hab\u00eda habitaciones y la distribuci\u00f3n interior de dichos hogares era, cuanto menos, sorprendente.&nbsp;<\/p>\n\n\n\n<p>En los tiempos en los que dichos edificios eran \u2018de nueva construcci\u00f3n\u2019, si no eran demasiado pudientes, <strong>dos o varias familias pod\u00edan compartir vivienda<\/strong> (algo no tan diferente a lo que ocurre ahora). Debido al reparto de los espacios, para entrar en su cuarto, quiz\u00e1 el inquilino deb\u00eda atravesar el sal\u00f3n de otra de las familias que habitaban la casa. Como si de una comuna hippie se tratase, pero muchos a\u00f1os antes de que los practicantes de la paz y el amor con pelo largo fuesen siquiera un proyecto.<\/p>\n\n\n\n<p><strong>La Picota est\u00e1 en una plaza<\/strong> en la que suelen descansar los gatos locales si no hay mucho trasiego. Se trata de una columna en cuya parte superior sobresalen cuatro cabezas de animales y termina en una torre de estilo g\u00f3tico. Para quienes no lo sepan y aunque el entorno sea id\u00edlico, una picota es el sitio en el que se ataba a los presos para exponerlos al escarnio p\u00fablico.&nbsp;<\/p>\n\n\n\n<p>Tambi\u00e9n ten\u00eda otra funci\u00f3n bastante m\u00e1s tenebrosa \u2013por si la primera no fuese suficiente\u2013 que era la de exponer la cabeza de los ejecutados para que los lugare\u00f1os tomasen nota de lo que les pod\u00eda ocurrir en caso de quebrantar la ley. En todo caso, <strong>esas costumbres ya son parte de la historia<\/strong> y actualmente es un lugar perfecto para sentarse a disfrutar del silencio o del buen tiempo.<\/p>\n\n\n\n<figure class=\"wp-block-image size-large\"><img decoding=\"async\" src=\"https:\/\/www.escapadarural.com\/blog\/wp-content\/uploads\/IMG-8012-768x1024.jpg\" alt=\"Valverde de la Vera\" class=\"wp-image-41984\"\/><figcaption class=\"wp-element-caption\">Por Carmen L\u00f3pez<\/figcaption><\/figure>\n\n\n\n<p>La <strong>comarca de La Vera es conocida tambi\u00e9n por la calidad de sus bordados<\/strong>, que suelen representar flores llenas de color. Se ven en los trajes regionales, pero tambi\u00e9n en la ropa de cama y del hogar: dibujos de hilo cosidos puntada a puntada sobre tela blanca que sol\u00edan componer el ajuar de la novia (a\u00fan hoy hay quien sigue manteniendo la tradici\u00f3n). Esas labores tambi\u00e9n se plasman en mantones que adem\u00e1s de ponerse para vestir en ocasiones especiales, ahora se cuelgan de los balcones para engalanar las fachadas.&nbsp;<\/p>\n\n\n\n<p>Hace unos a\u00f1os, la costura tambi\u00e9n se revel\u00f3 como una excelente manera de refrescar el ambiente. Las y los <strong>aficionados al ganchillo tejieron grandes parasoles de colores<\/strong> para colgar de ventana a ventana formando una especie de techo de hilo para las calles. As\u00ed, aunque la luz se colaba entre los agujeros de los dibujos, la sombra permit\u00eda pasear por el pueblo sin temor a sufrir una insolaci\u00f3n.<\/p>\n\n\n\n<figure class=\"wp-block-image size-large\"><a href=\"https:\/\/www.escapadarural.com\/blog\/wp-content\/uploads\/IMG-8010-scaled.jpg\"><img decoding=\"async\" src=\"https:\/\/www.escapadarural.com\/blog\/wp-content\/uploads\/IMG-8010-768x1024.jpg\" alt=\"Valverde de la Vera\" class=\"wp-image-41988\"\/><\/a><figcaption class=\"wp-element-caption\">Por Carmen L\u00f3pez<\/figcaption><\/figure>\n\n\n\n<p>En esos meses en los que la sombra es un bien tan preciado, <strong>la Garganta Naval, en la que se encuentra la piscina o charco natural conocida popularmente como La Chorrera<\/strong> es un oasis. Es solo una de las muchas zonas de ba\u00f1o que hay por la zona. Los amantes del senderismo pueden disfrutar recorriendo<strong> la Ruta de Las Jaras,<\/strong> que sale desde la plaza del Ayuntamiento y dirige al paseante al mirador de las Jaras, punto \u00e1lgido del camino que termina de nuevo en el sitio en el que comenz\u00f3.<\/p>\n\n\n\n<p>Despu\u00e9s de un ba\u00f1o en las aguas fr\u00edas \u2013por no decir heladas\u2013 en una garganta o una buena caminata por el pueblo, nada mejor que disfrutar de <strong>una bebida refrescante y una tapa de migas extreme\u00f1as<\/strong>. Uno de esos peque\u00f1os placeres cotidianos al aire fresco de la naturaleza.&nbsp;<\/p>\n\n\n\n<div class=\"wp-block-buttons is-layout-flex wp-block-buttons-is-layout-flex\">\n<div class=\"wp-block-button\"><a class=\"wp-block-button__link wp-element-button\" href=\"https:\/\/www.escapadarural.com\/casas-rurales\/Valverde%20de%20la%20Vera\">Casas rurales en Valverde de la Vera<\/a><\/div>\n<\/div>\n","protected":false},"excerpt":{"rendered":"<p>En el interior de Extremadura, a los pies de la sierra de Gredos, hay un pueblo por el que se puede pasear con los pies dentro del agua. No como si estuviese inundado, pero s\u00ed pisando las regueras \u2013o regateras\u2013 que gu\u00edan al agua que viene de las monta\u00f1as por unas calles que mantienen el empedrado original de siglos atr\u00e1s. Se trata de Valverde de la Vera (quien haya estado ya lo habr\u00e1 reconocido), al nordeste de C\u00e1ceres. Este a\u00f1o ha conseguido el \u2018certificado\u2019 de ser uno de los pueblos m\u00e1s bonitos de Espa\u00f1a.<\/p>\n","protected":false},"author":114,"featured_media":41986,"comment_status":"open","ping_status":"open","sticky":false,"template":"","format":"standard","meta":{"_acf_changed":false,"om_disable_all_campaigns":false,"footnotes":""},"categories":[191],"tags":[260,273,643,3460,243,212,2768],"class_list":["post-41302","post","type-post","status-publish","format-standard","has-post-thumbnail","hentry","category-destinos","tag-articulo","tag-que-ver-en-caceres","tag-comarca-de-la-vera","tag-empalaos","tag-que-ver-en-extremadura","tag-pueblos","tag-valverde-de-la-vera"],"acf":[],"featured_image_src":"https:\/\/www.escapadarural.com\/blog\/wp-content\/uploads\/2021\/08\/Valverde_de_la_Vera.jpg","author_info":{"display_name":"Carmen L\u00f3pez","author_link":"https:\/\/www.escapadarural.com\/blog\/autor\/carmenlopez\/"},"yoast_head":"<!-- This site is optimized with the Yoast SEO plugin v27.5 - https:\/\/yoast.com\/product\/yoast-seo-wordpress\/ -->\n<title>Los secretos de Valverde de la Vera - EscapadaRural<\/title>\n<meta name=\"robots\" content=\"index, follow, max-snippet:-1, max-image-preview:large, max-video-preview:-1\" \/>\n<link rel=\"canonical\" href=\"https:\/\/www.escapadarural.com\/blog\/los-secretos-de-valverde-de-la-vera\/\" \/>\n<meta property=\"og:locale\" content=\"es_ES\" \/>\n<meta property=\"og:type\" content=\"article\" \/>\n<meta property=\"og:title\" content=\"Los secretos de Valverde de la Vera - EscapadaRural\" \/>\n<meta property=\"og:description\" content=\"En el interior de Extremadura, a los pies de la sierra de Gredos, hay un pueblo por el que se puede pasear con los pies dentro del agua. No como si estuviese inundado, pero s\u00ed pisando las regueras \u2013o regateras\u2013 que gu\u00edan al agua que viene de las monta\u00f1as por unas calles que mantienen el empedrado original de siglos atr\u00e1s. Se trata de Valverde de la Vera (quien haya estado ya lo habr\u00e1 reconocido), al nordeste de C\u00e1ceres. Este a\u00f1o ha conseguido el \u2018certificado\u2019 de ser uno de los pueblos m\u00e1s bonitos de Espa\u00f1a.\" \/>\n<meta property=\"og:url\" content=\"https:\/\/www.escapadarural.com\/blog\/los-secretos-de-valverde-de-la-vera\/\" \/>\n<meta property=\"og:site_name\" content=\"Magazine de viajes de EscapadaRural\" \/>\n<meta property=\"article:publisher\" content=\"https:\/\/www.facebook.com\/escapadarural\" \/>\n<meta property=\"article:published_time\" content=\"2021-08-24T08:39:43+00:00\" \/>\n<meta property=\"article:modified_time\" content=\"2025-08-11T12:22:17+00:00\" \/>\n<meta property=\"og:image\" content=\"https:\/\/www.escapadarural.com\/blog\/wp-content\/uploads\/2021\/08\/Valverde_de_la_Vera.jpg?v=1754914938\" \/>\n\t<meta property=\"og:image:width\" content=\"1000\" \/>\n\t<meta property=\"og:image:height\" content=\"709\" \/>\n\t<meta property=\"og:image:type\" content=\"image\/jpeg\" \/>\n<meta name=\"author\" content=\"Carmen L\u00f3pez\" \/>\n<meta name=\"twitter:card\" content=\"summary_large_image\" \/>\n<meta name=\"twitter:label1\" content=\"Escrito por\" \/>\n\t<meta name=\"twitter:data1\" content=\"Carmen L\u00f3pez\" \/>\n\t<meta name=\"twitter:label2\" content=\"Tiempo de lectura\" \/>\n\t<meta name=\"twitter:data2\" content=\"8 minutos\" \/>\n<script type=\"application\/ld+json\" class=\"yoast-schema-graph\">{\"@context\":\"https:\\\/\\\/schema.org\",\"@graph\":[{\"@type\":\"Article\",\"@id\":\"https:\\\/\\\/www.escapadarural.com\\\/blog\\\/los-secretos-de-valverde-de-la-vera\\\/#article\",\"isPartOf\":{\"@id\":\"https:\\\/\\\/www.escapadarural.com\\\/blog\\\/los-secretos-de-valverde-de-la-vera\\\/\"},\"author\":{\"name\":\"Carmen L\u00f3pez\",\"@id\":\"https:\\\/\\\/www.escapadarural.com\\\/blog\\\/#\\\/schema\\\/person\\\/42dfdff6118172efc6a04c8ae599a2ce\"},\"headline\":\"Los secretos de Valverde de la Vera\",\"datePublished\":\"2021-08-24T08:39:43+00:00\",\"dateModified\":\"2025-08-11T12:22:17+00:00\",\"mainEntityOfPage\":{\"@id\":\"https:\\\/\\\/www.escapadarural.com\\\/blog\\\/los-secretos-de-valverde-de-la-vera\\\/\"},\"wordCount\":1670,\"commentCount\":0,\"publisher\":{\"@id\":\"https:\\\/\\\/www.escapadarural.com\\\/blog\\\/#organization\"},\"image\":{\"@id\":\"https:\\\/\\\/www.escapadarural.com\\\/blog\\\/los-secretos-de-valverde-de-la-vera\\\/#primaryimage\"},\"thumbnailUrl\":\"https:\\\/\\\/www.escapadarural.com\\\/blog\\\/wp-content\\\/uploads\\\/2021\\\/08\\\/Valverde_de_la_Vera.jpg\",\"keywords\":[\"art\u00edculo\",\"C\u00e1ceres\",\"comarca de La Vera\",\"empalaos\",\"Extremadura\",\"pueblos\",\"valverde de la vera\"],\"articleSection\":[\"Destinos\"],\"inLanguage\":\"es\",\"potentialAction\":[{\"@type\":\"CommentAction\",\"name\":\"Comment\",\"target\":[\"https:\\\/\\\/www.escapadarural.com\\\/blog\\\/los-secretos-de-valverde-de-la-vera\\\/#respond\"]}]},{\"@type\":\"WebPage\",\"@id\":\"https:\\\/\\\/www.escapadarural.com\\\/blog\\\/los-secretos-de-valverde-de-la-vera\\\/\",\"url\":\"https:\\\/\\\/www.escapadarural.com\\\/blog\\\/los-secretos-de-valverde-de-la-vera\\\/\",\"name\":\"Los secretos de Valverde de la Vera - EscapadaRural\",\"isPartOf\":{\"@id\":\"https:\\\/\\\/www.escapadarural.com\\\/blog\\\/#website\"},\"primaryImageOfPage\":{\"@id\":\"https:\\\/\\\/www.escapadarural.com\\\/blog\\\/los-secretos-de-valverde-de-la-vera\\\/#primaryimage\"},\"image\":{\"@id\":\"https:\\\/\\\/www.escapadarural.com\\\/blog\\\/los-secretos-de-valverde-de-la-vera\\\/#primaryimage\"},\"thumbnailUrl\":\"https:\\\/\\\/www.escapadarural.com\\\/blog\\\/wp-content\\\/uploads\\\/2021\\\/08\\\/Valverde_de_la_Vera.jpg\",\"datePublished\":\"2021-08-24T08:39:43+00:00\",\"dateModified\":\"2025-08-11T12:22:17+00:00\",\"breadcrumb\":{\"@id\":\"https:\\\/\\\/www.escapadarural.com\\\/blog\\\/los-secretos-de-valverde-de-la-vera\\\/#breadcrumb\"},\"inLanguage\":\"es\",\"potentialAction\":[{\"@type\":\"ReadAction\",\"target\":[\"https:\\\/\\\/www.escapadarural.com\\\/blog\\\/los-secretos-de-valverde-de-la-vera\\\/\"]}]},{\"@type\":\"ImageObject\",\"inLanguage\":\"es\",\"@id\":\"https:\\\/\\\/www.escapadarural.com\\\/blog\\\/los-secretos-de-valverde-de-la-vera\\\/#primaryimage\",\"url\":\"https:\\\/\\\/www.escapadarural.com\\\/blog\\\/wp-content\\\/uploads\\\/2021\\\/08\\\/Valverde_de_la_Vera.jpg\",\"contentUrl\":\"https:\\\/\\\/www.escapadarural.com\\\/blog\\\/wp-content\\\/uploads\\\/2021\\\/08\\\/Valverde_de_la_Vera.jpg\",\"width\":1000,\"height\":709,\"caption\":\"Valverde de la Vera. Por Mochuelo\"},{\"@type\":\"BreadcrumbList\",\"@id\":\"https:\\\/\\\/www.escapadarural.com\\\/blog\\\/los-secretos-de-valverde-de-la-vera\\\/#breadcrumb\",\"itemListElement\":[{\"@type\":\"ListItem\",\"position\":1,\"name\":\"Inicio\",\"item\":\"https:\\\/\\\/www.escapadarural.com\\\/blog\\\/\"},{\"@type\":\"ListItem\",\"position\":2,\"name\":\"Destinos\",\"item\":\"https:\\\/\\\/www.escapadarural.com\\\/blog\\\/categoria\\\/destinos\\\/\"},{\"@type\":\"ListItem\",\"position\":3,\"name\":\"Los secretos de Valverde de la Vera\"}]},{\"@type\":\"WebSite\",\"@id\":\"https:\\\/\\\/www.escapadarural.com\\\/blog\\\/#website\",\"url\":\"https:\\\/\\\/www.escapadarural.com\\\/blog\\\/\",\"name\":\"Blog de viajes | turismo rural, alojamientos e inspiraci\u00f3n\",\"description\":\"Alojamientos rurales e inspiraci\u00f3n para tus escapadas\",\"publisher\":{\"@id\":\"https:\\\/\\\/www.escapadarural.com\\\/blog\\\/#organization\"},\"alternateName\":\"Magazine de viajes de EscapadaRural\",\"potentialAction\":[{\"@type\":\"SearchAction\",\"target\":{\"@type\":\"EntryPoint\",\"urlTemplate\":\"https:\\\/\\\/www.escapadarural.com\\\/blog\\\/?s={search_term_string}\"},\"query-input\":{\"@type\":\"PropertyValueSpecification\",\"valueRequired\":true,\"valueName\":\"search_term_string\"}}],\"inLanguage\":\"es\"},{\"@type\":\"Organization\",\"@id\":\"https:\\\/\\\/www.escapadarural.com\\\/blog\\\/#organization\",\"name\":\"EscapadaRural\",\"url\":\"https:\\\/\\\/www.escapadarural.com\\\/blog\\\/\",\"logo\":{\"@type\":\"ImageObject\",\"inLanguage\":\"es\",\"@id\":\"https:\\\/\\\/www.escapadarural.com\\\/blog\\\/#\\\/schema\\\/logo\\\/image\\\/\",\"url\":\"https:\\\/\\\/www.escapadarural.com\\\/blog\\\/wp-content\\\/uploads\\\/2024\\\/10\\\/cropped-cropped-escapada-rural-icon-mag-3.png\",\"contentUrl\":\"https:\\\/\\\/www.escapadarural.com\\\/blog\\\/wp-content\\\/uploads\\\/2024\\\/10\\\/cropped-cropped-escapada-rural-icon-mag-3.png\",\"width\":512,\"height\":512,\"caption\":\"EscapadaRural\"},\"image\":{\"@id\":\"https:\\\/\\\/www.escapadarural.com\\\/blog\\\/#\\\/schema\\\/logo\\\/image\\\/\"},\"sameAs\":[\"https:\\\/\\\/www.facebook.com\\\/escapadarural\",\"https:\\\/\\\/www.instagram.com\\\/escapadarural\\\/\",\"https:\\\/\\\/www.youtube.com\\\/@escapadaruralcom\"]},{\"@type\":\"Person\",\"@id\":\"https:\\\/\\\/www.escapadarural.com\\\/blog\\\/#\\\/schema\\\/person\\\/42dfdff6118172efc6a04c8ae599a2ce\",\"name\":\"Carmen L\u00f3pez\",\"image\":{\"@type\":\"ImageObject\",\"inLanguage\":\"es\",\"@id\":\"https:\\\/\\\/www.escapadarural.com\\\/blog\\\/wp-content\\\/uploads\\\/2024\\\/11\\\/cropped-perfil_eldiario-96x96-1-96x96.jpeg\",\"url\":\"https:\\\/\\\/www.escapadarural.com\\\/blog\\\/wp-content\\\/uploads\\\/2024\\\/11\\\/cropped-perfil_eldiario-96x96-1-96x96.jpeg\",\"contentUrl\":\"https:\\\/\\\/www.escapadarural.com\\\/blog\\\/wp-content\\\/uploads\\\/2024\\\/11\\\/cropped-perfil_eldiario-96x96-1-96x96.jpeg\",\"caption\":\"Carmen L\u00f3pez\"},\"description\":\"Soy periodista y escribo sobre cosas que importan en sitios que interesan desde hace m\u00e1s de una d\u00e9cada.\",\"url\":\"https:\\\/\\\/www.escapadarural.com\\\/blog\\\/autor\\\/carmenlopez\\\/\"}]}<\/script>\n<!-- \/ Yoast SEO plugin. -->","yoast_head_json":{"title":"Los secretos de Valverde de la Vera - EscapadaRural","robots":{"index":"index","follow":"follow","max-snippet":"max-snippet:-1","max-image-preview":"max-image-preview:large","max-video-preview":"max-video-preview:-1"},"canonical":"https:\/\/www.escapadarural.com\/blog\/los-secretos-de-valverde-de-la-vera\/","og_locale":"es_ES","og_type":"article","og_title":"Los secretos de Valverde de la Vera - EscapadaRural","og_description":"En el interior de Extremadura, a los pies de la sierra de Gredos, hay un pueblo por el que se puede pasear con los pies dentro del agua. No como si estuviese inundado, pero s\u00ed pisando las regueras \u2013o regateras\u2013 que gu\u00edan al agua que viene de las monta\u00f1as por unas calles que mantienen el empedrado original de siglos atr\u00e1s. Se trata de Valverde de la Vera (quien haya estado ya lo habr\u00e1 reconocido), al nordeste de C\u00e1ceres. Este a\u00f1o ha conseguido el \u2018certificado\u2019 de ser uno de los pueblos m\u00e1s bonitos de Espa\u00f1a.","og_url":"https:\/\/www.escapadarural.com\/blog\/los-secretos-de-valverde-de-la-vera\/","og_site_name":"Magazine de viajes de EscapadaRural","article_publisher":"https:\/\/www.facebook.com\/escapadarural","article_published_time":"2021-08-24T08:39:43+00:00","article_modified_time":"2025-08-11T12:22:17+00:00","og_image":[{"width":1000,"height":709,"url":"https:\/\/www.escapadarural.com\/blog\/wp-content\/uploads\/2021\/08\/Valverde_de_la_Vera.jpg?v=1754914938","type":"image\/jpeg"}],"author":"Carmen L\u00f3pez","twitter_card":"summary_large_image","twitter_misc":{"Escrito por":"Carmen L\u00f3pez","Tiempo de lectura":"8 minutos"},"schema":{"@context":"https:\/\/schema.org","@graph":[{"@type":"Article","@id":"https:\/\/www.escapadarural.com\/blog\/los-secretos-de-valverde-de-la-vera\/#article","isPartOf":{"@id":"https:\/\/www.escapadarural.com\/blog\/los-secretos-de-valverde-de-la-vera\/"},"author":{"name":"Carmen L\u00f3pez","@id":"https:\/\/www.escapadarural.com\/blog\/#\/schema\/person\/42dfdff6118172efc6a04c8ae599a2ce"},"headline":"Los secretos de Valverde de la Vera","datePublished":"2021-08-24T08:39:43+00:00","dateModified":"2025-08-11T12:22:17+00:00","mainEntityOfPage":{"@id":"https:\/\/www.escapadarural.com\/blog\/los-secretos-de-valverde-de-la-vera\/"},"wordCount":1670,"commentCount":0,"publisher":{"@id":"https:\/\/www.escapadarural.com\/blog\/#organization"},"image":{"@id":"https:\/\/www.escapadarural.com\/blog\/los-secretos-de-valverde-de-la-vera\/#primaryimage"},"thumbnailUrl":"https:\/\/www.escapadarural.com\/blog\/wp-content\/uploads\/2021\/08\/Valverde_de_la_Vera.jpg","keywords":["art\u00edculo","C\u00e1ceres","comarca de La Vera","empalaos","Extremadura","pueblos","valverde de la vera"],"articleSection":["Destinos"],"inLanguage":"es","potentialAction":[{"@type":"CommentAction","name":"Comment","target":["https:\/\/www.escapadarural.com\/blog\/los-secretos-de-valverde-de-la-vera\/#respond"]}]},{"@type":"WebPage","@id":"https:\/\/www.escapadarural.com\/blog\/los-secretos-de-valverde-de-la-vera\/","url":"https:\/\/www.escapadarural.com\/blog\/los-secretos-de-valverde-de-la-vera\/","name":"Los secretos de Valverde de la Vera - EscapadaRural","isPartOf":{"@id":"https:\/\/www.escapadarural.com\/blog\/#website"},"primaryImageOfPage":{"@id":"https:\/\/www.escapadarural.com\/blog\/los-secretos-de-valverde-de-la-vera\/#primaryimage"},"image":{"@id":"https:\/\/www.escapadarural.com\/blog\/los-secretos-de-valverde-de-la-vera\/#primaryimage"},"thumbnailUrl":"https:\/\/www.escapadarural.com\/blog\/wp-content\/uploads\/2021\/08\/Valverde_de_la_Vera.jpg","datePublished":"2021-08-24T08:39:43+00:00","dateModified":"2025-08-11T12:22:17+00:00","breadcrumb":{"@id":"https:\/\/www.escapadarural.com\/blog\/los-secretos-de-valverde-de-la-vera\/#breadcrumb"},"inLanguage":"es","potentialAction":[{"@type":"ReadAction","target":["https:\/\/www.escapadarural.com\/blog\/los-secretos-de-valverde-de-la-vera\/"]}]},{"@type":"ImageObject","inLanguage":"es","@id":"https:\/\/www.escapadarural.com\/blog\/los-secretos-de-valverde-de-la-vera\/#primaryimage","url":"https:\/\/www.escapadarural.com\/blog\/wp-content\/uploads\/2021\/08\/Valverde_de_la_Vera.jpg","contentUrl":"https:\/\/www.escapadarural.com\/blog\/wp-content\/uploads\/2021\/08\/Valverde_de_la_Vera.jpg","width":1000,"height":709,"caption":"Valverde de la Vera. Por Mochuelo"},{"@type":"BreadcrumbList","@id":"https:\/\/www.escapadarural.com\/blog\/los-secretos-de-valverde-de-la-vera\/#breadcrumb","itemListElement":[{"@type":"ListItem","position":1,"name":"Inicio","item":"https:\/\/www.escapadarural.com\/blog\/"},{"@type":"ListItem","position":2,"name":"Destinos","item":"https:\/\/www.escapadarural.com\/blog\/categoria\/destinos\/"},{"@type":"ListItem","position":3,"name":"Los secretos de Valverde de la Vera"}]},{"@type":"WebSite","@id":"https:\/\/www.escapadarural.com\/blog\/#website","url":"https:\/\/www.escapadarural.com\/blog\/","name":"Blog de viajes | turismo rural, alojamientos e inspiraci\u00f3n","description":"Alojamientos rurales e inspiraci\u00f3n para tus escapadas","publisher":{"@id":"https:\/\/www.escapadarural.com\/blog\/#organization"},"alternateName":"Magazine de viajes de EscapadaRural","potentialAction":[{"@type":"SearchAction","target":{"@type":"EntryPoint","urlTemplate":"https:\/\/www.escapadarural.com\/blog\/?s={search_term_string}"},"query-input":{"@type":"PropertyValueSpecification","valueRequired":true,"valueName":"search_term_string"}}],"inLanguage":"es"},{"@type":"Organization","@id":"https:\/\/www.escapadarural.com\/blog\/#organization","name":"EscapadaRural","url":"https:\/\/www.escapadarural.com\/blog\/","logo":{"@type":"ImageObject","inLanguage":"es","@id":"https:\/\/www.escapadarural.com\/blog\/#\/schema\/logo\/image\/","url":"https:\/\/www.escapadarural.com\/blog\/wp-content\/uploads\/2024\/10\/cropped-cropped-escapada-rural-icon-mag-3.png","contentUrl":"https:\/\/www.escapadarural.com\/blog\/wp-content\/uploads\/2024\/10\/cropped-cropped-escapada-rural-icon-mag-3.png","width":512,"height":512,"caption":"EscapadaRural"},"image":{"@id":"https:\/\/www.escapadarural.com\/blog\/#\/schema\/logo\/image\/"},"sameAs":["https:\/\/www.facebook.com\/escapadarural","https:\/\/www.instagram.com\/escapadarural\/","https:\/\/www.youtube.com\/@escapadaruralcom"]},{"@type":"Person","@id":"https:\/\/www.escapadarural.com\/blog\/#\/schema\/person\/42dfdff6118172efc6a04c8ae599a2ce","name":"Carmen L\u00f3pez","image":{"@type":"ImageObject","inLanguage":"es","@id":"https:\/\/www.escapadarural.com\/blog\/wp-content\/uploads\/2024\/11\/cropped-perfil_eldiario-96x96-1-96x96.jpeg","url":"https:\/\/www.escapadarural.com\/blog\/wp-content\/uploads\/2024\/11\/cropped-perfil_eldiario-96x96-1-96x96.jpeg","contentUrl":"https:\/\/www.escapadarural.com\/blog\/wp-content\/uploads\/2024\/11\/cropped-perfil_eldiario-96x96-1-96x96.jpeg","caption":"Carmen L\u00f3pez"},"description":"Soy periodista y escribo sobre cosas que importan en sitios que interesan desde hace m\u00e1s de una d\u00e9cada.","url":"https:\/\/www.escapadarural.com\/blog\/autor\/carmenlopez\/"}]}},"_links":{"self":[{"href":"https:\/\/www.escapadarural.com\/blog\/wp-json\/wp\/v2\/posts\/41302","targetHints":{"allow":["GET"]}}],"collection":[{"href":"https:\/\/www.escapadarural.com\/blog\/wp-json\/wp\/v2\/posts"}],"about":[{"href":"https:\/\/www.escapadarural.com\/blog\/wp-json\/wp\/v2\/types\/post"}],"author":[{"embeddable":true,"href":"https:\/\/www.escapadarural.com\/blog\/wp-json\/wp\/v2\/users\/114"}],"replies":[{"embeddable":true,"href":"https:\/\/www.escapadarural.com\/blog\/wp-json\/wp\/v2\/comments?post=41302"}],"version-history":[{"count":0,"href":"https:\/\/www.escapadarural.com\/blog\/wp-json\/wp\/v2\/posts\/41302\/revisions"}],"wp:featuredmedia":[{"embeddable":true,"href":"https:\/\/www.escapadarural.com\/blog\/wp-json\/wp\/v2\/media\/41986"}],"wp:attachment":[{"href":"https:\/\/www.escapadarural.com\/blog\/wp-json\/wp\/v2\/media?parent=41302"}],"wp:term":[{"taxonomy":"category","embeddable":true,"href":"https:\/\/www.escapadarural.com\/blog\/wp-json\/wp\/v2\/categories?post=41302"},{"taxonomy":"post_tag","embeddable":true,"href":"https:\/\/www.escapadarural.com\/blog\/wp-json\/wp\/v2\/tags?post=41302"}],"curies":[{"name":"wp","href":"https:\/\/api.w.org\/{rel}","templated":true}]}}