{"id":41451,"date":"2021-09-02T08:06:00","date_gmt":"2021-09-02T07:06:00","guid":{"rendered":"https:\/\/www.escapadarural.com\/blog\/?p=41451"},"modified":"2025-01-16T14:51:08","modified_gmt":"2025-01-16T12:51:08","slug":"ruta-del-valle-oscuru","status":"publish","type":"post","link":"https:\/\/www.escapadarural.com\/blog\/ruta-del-valle-oscuru\/","title":{"rendered":"Ruta de los colores del Valle Oscuru (Asturias)"},"content":{"rendered":"\n<figure class=\"wp-block-image size-large\"><a href=\"https:\/\/www.escapadarural.com\/blog\/wp-content\/uploads\/ruta-los-colores-valle-oscuru-rio.jpg\"><img decoding=\"async\" src=\"https:\/\/www.escapadarural.com\/blog\/wp-content\/uploads\/ruta-los-colores-valle-oscuru-rio-1024x683.jpg\" alt=\"Ruta de Los Colores del Valle Oscuru\" class=\"wp-image-41702\"\/><\/a><figcaption><a href=\"https:\/\/www.ayuntamientodellanes.com\/\" class=\"rank-math-link\" target=\"_blank\">Por el Excmo. Ayuntamiento de Llanes<\/a><\/figcaption><\/figure>\n\n\n\n<p>En la localidad asturiana de <a href=\"\/casas-rurales\/llanes\" class=\"rank-math-link\">Llanes<\/a>, los apasionados del senderismo tenemos la opci\u00f3n de disfrutar de una de las rutas m\u00e1s aut\u00e9nticas y de mayor desconexi\u00f3n de la zona: <strong>la Ruta de los colores del Valle Oscuru<\/strong>; un ba\u00f1o de naturaleza y tradici\u00f3n llanisca que tiene al nacimiento del <strong>r\u00edo Cabra<\/strong> como uno de sus elementos esenciales.<\/p>\n\n\n\n<p>Por cierto, a modo de curiosidad, el nombre del valle, Valle Oscuru, parece provenir de aquellos tiempos en los que la vegetaci\u00f3n era tan tupida que imped\u00eda que los rayos del sol la atravesaran. O puede que, como dicen los ancianos del lugar, del hecho de que el bosque lo cubr\u00eda todo.<\/p>\n\n\n\n<figure class=\"wp-block-image size-large\"><img decoding=\"async\" src=\"https:\/\/www.escapadarural.com\/blog\/wp-content\/uploads\/ruta-de-los-colores-2-1024x683.jpg\" alt=\"Ruta de Los Colores del Valle Oscuru\" class=\"wp-image-41615\"\/><figcaption>Por: Excmo. Ayuntamiento de Llanes<\/figcaption><\/figure>\n\n\n\n<p>Sea cual fuere el origen de la denominaci\u00f3n del valle, para comenzar esta <strong>sencilla ruta circular<\/strong>, de aproximadamente <strong>12.3 kil\u00f3metros<\/strong> de longitud y <strong>3.5 horas<\/strong> de duraci\u00f3n, nos dirigiremos a la localidad de <a href=\"https:\/\/www.escapadarural.com\/casas-rurales\/tresgrandas\" class=\"rank-math-link\">Tresgrandas<\/a>: el punto de inicio y final. Sin embargo, no ser\u00e1 el \u00fanico n\u00facleo de poblaci\u00f3n que conoceremos pues la ruta tambi\u00e9n <strong>atraviesa el coraz\u00f3n de los pueblos de La Borbolla, Santa Eulalia, Pie de la Sierra, el Cereceu y Boquerizu<\/strong>.<\/p>\n\n\n\n<figure class=\"wp-block-image size-large\"><a href=\"https:\/\/www.escapadarural.com\/blog\/wp-content\/uploads\/ruta-los-colores-valle-oscuru-viviendas.jpg\"><img decoding=\"async\" src=\"https:\/\/www.escapadarural.com\/blog\/wp-content\/uploads\/ruta-los-colores-valle-oscuru-viviendas-1024x683.jpg\" alt=\"Ruta de Los Colores del Valle Oscuru\" class=\"wp-image-41701\"\/><\/a><figcaption>Por: Excmo. Ayuntamiento de Llanes<\/figcaption><\/figure>\n\n\n\n<p>Adem\u00e1s de adentrarnos en las diferentes poblaciones que salpican el <strong>Valle Oscuru<\/strong>, a lo largo del recorrido de la ruta de los colores, encontraremos siete <strong>paneles de interpretaci\u00f3n<\/strong> ilustrados con creaciones art\u00edsticas de Julio Rey. En ellos hay informaci\u00f3n relevante de los <strong>recursos naturales, valores etnogr\u00e1ficos e historia de los habitantes<\/strong> de esta mancha boscosa de <a href=\"\/casas-rurales\/asturias\" class=\"rank-math-link\">Asturias<\/a>, as\u00ed como <strong>una serie de paradas de inter\u00e9s<\/strong> que nos permitir\u00e1n completar la experiencia.<\/p>\n\n\n\n<figure class=\"wp-block-image size-large\"><a href=\"https:\/\/www.escapadarural.com\/blog\/wp-content\/uploads\/ruta-de-los-colores-3.jpg\"><img decoding=\"async\" src=\"https:\/\/www.escapadarural.com\/blog\/wp-content\/uploads\/ruta-de-los-colores-3-1024x683.jpg\" alt=\"Ruta de Los Colores del Valle Oscuru\" class=\"wp-image-41616\"\/><\/a><figcaption>Por: Excmo. Ayuntamiento de Llanes<\/figcaption><\/figure>\n\n\n\n<p>Entre los paneles descriptivos, el dedicado a los <strong>indianos<\/strong> es uno de los que m\u00e1s llama la atenci\u00f3n pues nos permite acercarnos y conocer m\u00e1s en profundidad a los asturianos que, por diversas razones, emigraron a pa\u00edses como M\u00e9xico, Cuba o Venezuela durante los siglos XIX y XX. A su vuelta, y si hab\u00edan prosperado, construyeron viviendas bajo la conocida hoy d\u00eda como <strong>arquitectura indiana<\/strong>.<\/p>\n\n\n\n<p>Entre las diferentes paradas que ofrece la ruta de los Colores del Valle Oscuru, destacan los <strong>palacios de La Bra\u00f1a Vieja<\/strong>, un tipo de vivienda representativa de las familias m\u00e1s pudientes de la primera mitad del siglo XX; el punto estrat\u00e9gico desde el que se contempla una <strong>espectacular vista panor\u00e1mica<\/strong> de la sierra del Cuera; el <strong>molino del Redondal<\/strong> como ejemplo de los muchos molinos que aprovechaban las aguas del r\u00edo Cabra para moler el ma\u00edz que anta\u00f1o utilizaban como base alimenticia durante todo el a\u00f1o; o la <strong>sierra plana de <a href=\"\/casas-rurales\/la-borbolla\" class=\"rank-math-link\">La Borbolla<\/a><\/strong>, donde nos esperan varias estructuras geomorfol\u00f3gicas utilizadas para los m\u00e1s diversos usos por los diferentes pobladores de la comarca ya desde la antigua Edad de Bronce.<\/p>\n\n\n\n<p>Un ampl\u00edsimo desfile de elementos que se suma a la vasta flora del considerado <strong>uno de los mejores bosques de ribera de la zona oriental de Asturias<\/strong> as\u00ed como a su fauna, con la nutria y el alimoche como dos de las especies m\u00e1s representativas y vulnerables del entorno. No en vano, ambas est\u00e1n incluidas en el Cat\u00e1logo de Especies Protegidas de la Fauna Vertebrada del Principado de Asturias.<\/p>\n\n\n\n<p>En definitiva, una ruta para desconectar y reencontrarse con los valores humanos y naturales m\u00e1s aut\u00e9nticos.<\/p>\n\n\n\n<div class=\"wp-block-buttons is-layout-flex wp-block-buttons-is-layout-flex\">\n<div class=\"wp-block-button\"><a class=\"wp-block-button__link\" href=\"https:\/\/www.escapadarural.com\/casas-rurales\/asturias\">Casas rurales en Asturias<\/a><\/div>\n<\/div>\n","protected":false},"excerpt":{"rendered":"<p>En la localidad asturiana de Llanes, los apasionados del senderismo tenemos la opci\u00f3n de disfrutar de una de las rutas m\u00e1s aut\u00e9nticas y de mayor desconexi\u00f3n de la zona: la Ruta de los colores del Valle Oscuru; un ba\u00f1o de naturaleza y tradici\u00f3n llanisca que tiene al nacimiento del r\u00edo Cabra como uno de sus elementos esenciales.<\/p>\n","protected":false},"author":109,"featured_media":101146,"comment_status":"open","ping_status":"open","sticky":false,"template":"","format":"standard","meta":{"_acf_changed":false,"om_disable_all_campaigns":false,"footnotes":""},"categories":[1379],"tags":[260,246,751,2192],"class_list":["post-41451","post","type-post","status-publish","format-standard","has-post-thumbnail","hentry","category-rutas-y-excursiones","tag-articulo","tag-que-ver-en-asturias","tag-llanes","tag-senderismo-intepretativo"],"acf":[],"featured_image_src":"https:\/\/www.escapadarural.com\/blog\/wp-content\/uploads\/2024\/10\/ruta-los-colores-valle-oscuru-rio-1024x683-2.jpg","author_info":{"display_name":"El\u00edsabet Garc\u00eda","author_link":"https:\/\/www.escapadarural.com\/blog\/autor\/lagranescapada\/"},"yoast_head":"<!-- This site is optimized with the Yoast SEO plugin v27.5 - https:\/\/yoast.com\/product\/yoast-seo-wordpress\/ -->\n<title>Ruta de los colores del Valle Oscuru (Asturias) - EscapadaRural<\/title>\n<meta name=\"robots\" content=\"index, follow, max-snippet:-1, max-image-preview:large, max-video-preview:-1\" \/>\n<link rel=\"canonical\" href=\"https:\/\/www.escapadarural.com\/blog\/ruta-del-valle-oscuru\/\" \/>\n<meta property=\"og:locale\" content=\"es_ES\" \/>\n<meta property=\"og:type\" content=\"article\" \/>\n<meta property=\"og:title\" content=\"Ruta de los colores del Valle Oscuru (Asturias) - EscapadaRural\" \/>\n<meta property=\"og:description\" content=\"En la localidad asturiana de Llanes, los apasionados del senderismo tenemos la opci\u00f3n de disfrutar de una de las rutas m\u00e1s aut\u00e9nticas y de mayor desconexi\u00f3n de la zona: la Ruta de los colores del Valle Oscuru; un ba\u00f1o de naturaleza y tradici\u00f3n llanisca que tiene al nacimiento del r\u00edo Cabra como uno de sus elementos esenciales.\" \/>\n<meta property=\"og:url\" content=\"https:\/\/www.escapadarural.com\/blog\/ruta-del-valle-oscuru\/\" \/>\n<meta property=\"og:site_name\" content=\"Magazine de viajes de EscapadaRural\" \/>\n<meta property=\"article:publisher\" content=\"https:\/\/www.facebook.com\/escapadarural\" \/>\n<meta property=\"article:published_time\" content=\"2021-09-02T07:06:00+00:00\" \/>\n<meta property=\"article:modified_time\" content=\"2025-01-16T12:51:08+00:00\" \/>\n<meta property=\"og:image\" content=\"https:\/\/www.escapadarural.com\/blog\/wp-content\/uploads\/2024\/10\/ruta-los-colores-valle-oscuru-rio-1024x683-2.jpg\" \/>\n\t<meta property=\"og:image:width\" content=\"1024\" \/>\n\t<meta property=\"og:image:height\" content=\"683\" \/>\n\t<meta property=\"og:image:type\" content=\"image\/jpeg\" \/>\n<meta name=\"author\" content=\"El\u00edsabet Garc\u00eda\" \/>\n<meta name=\"twitter:card\" content=\"summary_large_image\" \/>\n<meta name=\"twitter:label1\" content=\"Escrito por\" \/>\n\t<meta name=\"twitter:data1\" content=\"El\u00edsabet Garc\u00eda\" \/>\n\t<meta name=\"twitter:label2\" content=\"Tiempo de lectura\" \/>\n\t<meta name=\"twitter:data2\" content=\"3 minutos\" \/>\n<script type=\"application\/ld+json\" class=\"yoast-schema-graph\">{\"@context\":\"https:\\\/\\\/schema.org\",\"@graph\":[{\"@type\":\"Article\",\"@id\":\"https:\\\/\\\/www.escapadarural.com\\\/blog\\\/ruta-del-valle-oscuru\\\/#article\",\"isPartOf\":{\"@id\":\"https:\\\/\\\/www.escapadarural.com\\\/blog\\\/ruta-del-valle-oscuru\\\/\"},\"author\":{\"name\":\"El\u00edsabet Garc\u00eda\",\"@id\":\"https:\\\/\\\/www.escapadarural.com\\\/blog\\\/#\\\/schema\\\/person\\\/2cac652e2d16373a24890ffaa220140f\"},\"headline\":\"Ruta de los colores del Valle Oscuru (Asturias)\",\"datePublished\":\"2021-09-02T07:06:00+00:00\",\"dateModified\":\"2025-01-16T12:51:08+00:00\",\"mainEntityOfPage\":{\"@id\":\"https:\\\/\\\/www.escapadarural.com\\\/blog\\\/ruta-del-valle-oscuru\\\/\"},\"wordCount\":601,\"commentCount\":0,\"publisher\":{\"@id\":\"https:\\\/\\\/www.escapadarural.com\\\/blog\\\/#organization\"},\"image\":{\"@id\":\"https:\\\/\\\/www.escapadarural.com\\\/blog\\\/ruta-del-valle-oscuru\\\/#primaryimage\"},\"thumbnailUrl\":\"https:\\\/\\\/www.escapadarural.com\\\/blog\\\/wp-content\\\/uploads\\\/2024\\\/10\\\/ruta-los-colores-valle-oscuru-rio-1024x683-2.jpg\",\"keywords\":[\"art\u00edculo\",\"Asturias\",\"Qu\u00e9 ver en Llanes\",\"Senderismo Intepretativo\"],\"articleSection\":[\"Rutas y excursiones\"],\"inLanguage\":\"es\",\"potentialAction\":[{\"@type\":\"CommentAction\",\"name\":\"Comment\",\"target\":[\"https:\\\/\\\/www.escapadarural.com\\\/blog\\\/ruta-del-valle-oscuru\\\/#respond\"]}]},{\"@type\":\"WebPage\",\"@id\":\"https:\\\/\\\/www.escapadarural.com\\\/blog\\\/ruta-del-valle-oscuru\\\/\",\"url\":\"https:\\\/\\\/www.escapadarural.com\\\/blog\\\/ruta-del-valle-oscuru\\\/\",\"name\":\"Ruta de los colores del Valle Oscuru (Asturias) - EscapadaRural\",\"isPartOf\":{\"@id\":\"https:\\\/\\\/www.escapadarural.com\\\/blog\\\/#website\"},\"primaryImageOfPage\":{\"@id\":\"https:\\\/\\\/www.escapadarural.com\\\/blog\\\/ruta-del-valle-oscuru\\\/#primaryimage\"},\"image\":{\"@id\":\"https:\\\/\\\/www.escapadarural.com\\\/blog\\\/ruta-del-valle-oscuru\\\/#primaryimage\"},\"thumbnailUrl\":\"https:\\\/\\\/www.escapadarural.com\\\/blog\\\/wp-content\\\/uploads\\\/2024\\\/10\\\/ruta-los-colores-valle-oscuru-rio-1024x683-2.jpg\",\"datePublished\":\"2021-09-02T07:06:00+00:00\",\"dateModified\":\"2025-01-16T12:51:08+00:00\",\"breadcrumb\":{\"@id\":\"https:\\\/\\\/www.escapadarural.com\\\/blog\\\/ruta-del-valle-oscuru\\\/#breadcrumb\"},\"inLanguage\":\"es\",\"potentialAction\":[{\"@type\":\"ReadAction\",\"target\":[\"https:\\\/\\\/www.escapadarural.com\\\/blog\\\/ruta-del-valle-oscuru\\\/\"]}]},{\"@type\":\"ImageObject\",\"inLanguage\":\"es\",\"@id\":\"https:\\\/\\\/www.escapadarural.com\\\/blog\\\/ruta-del-valle-oscuru\\\/#primaryimage\",\"url\":\"https:\\\/\\\/www.escapadarural.com\\\/blog\\\/wp-content\\\/uploads\\\/2024\\\/10\\\/ruta-los-colores-valle-oscuru-rio-1024x683-2.jpg\",\"contentUrl\":\"https:\\\/\\\/www.escapadarural.com\\\/blog\\\/wp-content\\\/uploads\\\/2024\\\/10\\\/ruta-los-colores-valle-oscuru-rio-1024x683-2.jpg\",\"width\":1024,\"height\":683,\"caption\":\"Ruta de los colores del Valle Oscuru\"},{\"@type\":\"BreadcrumbList\",\"@id\":\"https:\\\/\\\/www.escapadarural.com\\\/blog\\\/ruta-del-valle-oscuru\\\/#breadcrumb\",\"itemListElement\":[{\"@type\":\"ListItem\",\"position\":1,\"name\":\"Inicio\",\"item\":\"https:\\\/\\\/www.escapadarural.com\\\/blog\\\/\"},{\"@type\":\"ListItem\",\"position\":2,\"name\":\"Rutas y excursiones\",\"item\":\"https:\\\/\\\/www.escapadarural.com\\\/blog\\\/categoria\\\/rutas-y-excursiones\\\/\"},{\"@type\":\"ListItem\",\"position\":3,\"name\":\"Ruta de los colores del Valle Oscuru (Asturias)\"}]},{\"@type\":\"WebSite\",\"@id\":\"https:\\\/\\\/www.escapadarural.com\\\/blog\\\/#website\",\"url\":\"https:\\\/\\\/www.escapadarural.com\\\/blog\\\/\",\"name\":\"Blog de viajes | turismo rural, alojamientos e inspiraci\u00f3n\",\"description\":\"Alojamientos rurales e inspiraci\u00f3n para tus escapadas\",\"publisher\":{\"@id\":\"https:\\\/\\\/www.escapadarural.com\\\/blog\\\/#organization\"},\"alternateName\":\"Magazine de viajes de EscapadaRural\",\"potentialAction\":[{\"@type\":\"SearchAction\",\"target\":{\"@type\":\"EntryPoint\",\"urlTemplate\":\"https:\\\/\\\/www.escapadarural.com\\\/blog\\\/?s={search_term_string}\"},\"query-input\":{\"@type\":\"PropertyValueSpecification\",\"valueRequired\":true,\"valueName\":\"search_term_string\"}}],\"inLanguage\":\"es\"},{\"@type\":\"Organization\",\"@id\":\"https:\\\/\\\/www.escapadarural.com\\\/blog\\\/#organization\",\"name\":\"EscapadaRural\",\"url\":\"https:\\\/\\\/www.escapadarural.com\\\/blog\\\/\",\"logo\":{\"@type\":\"ImageObject\",\"inLanguage\":\"es\",\"@id\":\"https:\\\/\\\/www.escapadarural.com\\\/blog\\\/#\\\/schema\\\/logo\\\/image\\\/\",\"url\":\"https:\\\/\\\/www.escapadarural.com\\\/blog\\\/wp-content\\\/uploads\\\/2024\\\/10\\\/cropped-cropped-escapada-rural-icon-mag-3.png\",\"contentUrl\":\"https:\\\/\\\/www.escapadarural.com\\\/blog\\\/wp-content\\\/uploads\\\/2024\\\/10\\\/cropped-cropped-escapada-rural-icon-mag-3.png\",\"width\":512,\"height\":512,\"caption\":\"EscapadaRural\"},\"image\":{\"@id\":\"https:\\\/\\\/www.escapadarural.com\\\/blog\\\/#\\\/schema\\\/logo\\\/image\\\/\"},\"sameAs\":[\"https:\\\/\\\/www.facebook.com\\\/escapadarural\",\"https:\\\/\\\/www.instagram.com\\\/escapadarural\\\/\",\"https:\\\/\\\/www.youtube.com\\\/@escapadaruralcom\"]},{\"@type\":\"Person\",\"@id\":\"https:\\\/\\\/www.escapadarural.com\\\/blog\\\/#\\\/schema\\\/person\\\/2cac652e2d16373a24890ffaa220140f\",\"name\":\"El\u00edsabet Garc\u00eda\",\"image\":{\"@type\":\"ImageObject\",\"inLanguage\":\"es\",\"@id\":\"https:\\\/\\\/www.escapadarural.com\\\/blog\\\/wp-content\\\/uploads\\\/2025\\\/02\\\/elisabet_gran_escapada.webp\",\"url\":\"https:\\\/\\\/www.escapadarural.com\\\/blog\\\/wp-content\\\/uploads\\\/2025\\\/02\\\/elisabet_gran_escapada.webp\",\"contentUrl\":\"https:\\\/\\\/www.escapadarural.com\\\/blog\\\/wp-content\\\/uploads\\\/2025\\\/02\\\/elisabet_gran_escapada.webp\",\"caption\":\"El\u00edsabet Garc\u00eda\"},\"description\":\"Hola a todos! Soy El\u00edsabet Garc\u00eda, Consultora Inform\u00e1tica y, desde hace 7 a\u00f1os, blogger de viajes. Me apasiona viajar, conocer lugares inh\u00f3spitos, experimentar aventuras, perderme por la naturaleza y saborear la gastronom\u00eda local de cada lugar. Coeditora del blog lagranescapada.com junto a Mar Gonz\u00e1lez, un lugar que creamos para compartir cada nueva escapada que hacemos por el mundo.\",\"sameAs\":[\"https:\\\/\\\/lagranescapada.com\\\/\"],\"url\":\"https:\\\/\\\/www.escapadarural.com\\\/blog\\\/autor\\\/lagranescapada\\\/\"}]}<\/script>\n<!-- \/ Yoast SEO plugin. -->","yoast_head_json":{"title":"Ruta de los colores del Valle Oscuru (Asturias) - EscapadaRural","robots":{"index":"index","follow":"follow","max-snippet":"max-snippet:-1","max-image-preview":"max-image-preview:large","max-video-preview":"max-video-preview:-1"},"canonical":"https:\/\/www.escapadarural.com\/blog\/ruta-del-valle-oscuru\/","og_locale":"es_ES","og_type":"article","og_title":"Ruta de los colores del Valle Oscuru (Asturias) - EscapadaRural","og_description":"En la localidad asturiana de Llanes, los apasionados del senderismo tenemos la opci\u00f3n de disfrutar de una de las rutas m\u00e1s aut\u00e9nticas y de mayor desconexi\u00f3n de la zona: la Ruta de los colores del Valle Oscuru; un ba\u00f1o de naturaleza y tradici\u00f3n llanisca que tiene al nacimiento del r\u00edo Cabra como uno de sus elementos esenciales.","og_url":"https:\/\/www.escapadarural.com\/blog\/ruta-del-valle-oscuru\/","og_site_name":"Magazine de viajes de EscapadaRural","article_publisher":"https:\/\/www.facebook.com\/escapadarural","article_published_time":"2021-09-02T07:06:00+00:00","article_modified_time":"2025-01-16T12:51:08+00:00","og_image":[{"width":1024,"height":683,"url":"https:\/\/www.escapadarural.com\/blog\/wp-content\/uploads\/2024\/10\/ruta-los-colores-valle-oscuru-rio-1024x683-2.jpg","type":"image\/jpeg"}],"author":"El\u00edsabet Garc\u00eda","twitter_card":"summary_large_image","twitter_misc":{"Escrito por":"El\u00edsabet Garc\u00eda","Tiempo de lectura":"3 minutos"},"schema":{"@context":"https:\/\/schema.org","@graph":[{"@type":"Article","@id":"https:\/\/www.escapadarural.com\/blog\/ruta-del-valle-oscuru\/#article","isPartOf":{"@id":"https:\/\/www.escapadarural.com\/blog\/ruta-del-valle-oscuru\/"},"author":{"name":"El\u00edsabet Garc\u00eda","@id":"https:\/\/www.escapadarural.com\/blog\/#\/schema\/person\/2cac652e2d16373a24890ffaa220140f"},"headline":"Ruta de los colores del Valle Oscuru (Asturias)","datePublished":"2021-09-02T07:06:00+00:00","dateModified":"2025-01-16T12:51:08+00:00","mainEntityOfPage":{"@id":"https:\/\/www.escapadarural.com\/blog\/ruta-del-valle-oscuru\/"},"wordCount":601,"commentCount":0,"publisher":{"@id":"https:\/\/www.escapadarural.com\/blog\/#organization"},"image":{"@id":"https:\/\/www.escapadarural.com\/blog\/ruta-del-valle-oscuru\/#primaryimage"},"thumbnailUrl":"https:\/\/www.escapadarural.com\/blog\/wp-content\/uploads\/2024\/10\/ruta-los-colores-valle-oscuru-rio-1024x683-2.jpg","keywords":["art\u00edculo","Asturias","Qu\u00e9 ver en Llanes","Senderismo Intepretativo"],"articleSection":["Rutas y excursiones"],"inLanguage":"es","potentialAction":[{"@type":"CommentAction","name":"Comment","target":["https:\/\/www.escapadarural.com\/blog\/ruta-del-valle-oscuru\/#respond"]}]},{"@type":"WebPage","@id":"https:\/\/www.escapadarural.com\/blog\/ruta-del-valle-oscuru\/","url":"https:\/\/www.escapadarural.com\/blog\/ruta-del-valle-oscuru\/","name":"Ruta de los colores del Valle Oscuru (Asturias) - EscapadaRural","isPartOf":{"@id":"https:\/\/www.escapadarural.com\/blog\/#website"},"primaryImageOfPage":{"@id":"https:\/\/www.escapadarural.com\/blog\/ruta-del-valle-oscuru\/#primaryimage"},"image":{"@id":"https:\/\/www.escapadarural.com\/blog\/ruta-del-valle-oscuru\/#primaryimage"},"thumbnailUrl":"https:\/\/www.escapadarural.com\/blog\/wp-content\/uploads\/2024\/10\/ruta-los-colores-valle-oscuru-rio-1024x683-2.jpg","datePublished":"2021-09-02T07:06:00+00:00","dateModified":"2025-01-16T12:51:08+00:00","breadcrumb":{"@id":"https:\/\/www.escapadarural.com\/blog\/ruta-del-valle-oscuru\/#breadcrumb"},"inLanguage":"es","potentialAction":[{"@type":"ReadAction","target":["https:\/\/www.escapadarural.com\/blog\/ruta-del-valle-oscuru\/"]}]},{"@type":"ImageObject","inLanguage":"es","@id":"https:\/\/www.escapadarural.com\/blog\/ruta-del-valle-oscuru\/#primaryimage","url":"https:\/\/www.escapadarural.com\/blog\/wp-content\/uploads\/2024\/10\/ruta-los-colores-valle-oscuru-rio-1024x683-2.jpg","contentUrl":"https:\/\/www.escapadarural.com\/blog\/wp-content\/uploads\/2024\/10\/ruta-los-colores-valle-oscuru-rio-1024x683-2.jpg","width":1024,"height":683,"caption":"Ruta de los colores del Valle Oscuru"},{"@type":"BreadcrumbList","@id":"https:\/\/www.escapadarural.com\/blog\/ruta-del-valle-oscuru\/#breadcrumb","itemListElement":[{"@type":"ListItem","position":1,"name":"Inicio","item":"https:\/\/www.escapadarural.com\/blog\/"},{"@type":"ListItem","position":2,"name":"Rutas y excursiones","item":"https:\/\/www.escapadarural.com\/blog\/categoria\/rutas-y-excursiones\/"},{"@type":"ListItem","position":3,"name":"Ruta de los colores del Valle Oscuru (Asturias)"}]},{"@type":"WebSite","@id":"https:\/\/www.escapadarural.com\/blog\/#website","url":"https:\/\/www.escapadarural.com\/blog\/","name":"Blog de viajes | turismo rural, alojamientos e inspiraci\u00f3n","description":"Alojamientos rurales e inspiraci\u00f3n para tus escapadas","publisher":{"@id":"https:\/\/www.escapadarural.com\/blog\/#organization"},"alternateName":"Magazine de viajes de EscapadaRural","potentialAction":[{"@type":"SearchAction","target":{"@type":"EntryPoint","urlTemplate":"https:\/\/www.escapadarural.com\/blog\/?s={search_term_string}"},"query-input":{"@type":"PropertyValueSpecification","valueRequired":true,"valueName":"search_term_string"}}],"inLanguage":"es"},{"@type":"Organization","@id":"https:\/\/www.escapadarural.com\/blog\/#organization","name":"EscapadaRural","url":"https:\/\/www.escapadarural.com\/blog\/","logo":{"@type":"ImageObject","inLanguage":"es","@id":"https:\/\/www.escapadarural.com\/blog\/#\/schema\/logo\/image\/","url":"https:\/\/www.escapadarural.com\/blog\/wp-content\/uploads\/2024\/10\/cropped-cropped-escapada-rural-icon-mag-3.png","contentUrl":"https:\/\/www.escapadarural.com\/blog\/wp-content\/uploads\/2024\/10\/cropped-cropped-escapada-rural-icon-mag-3.png","width":512,"height":512,"caption":"EscapadaRural"},"image":{"@id":"https:\/\/www.escapadarural.com\/blog\/#\/schema\/logo\/image\/"},"sameAs":["https:\/\/www.facebook.com\/escapadarural","https:\/\/www.instagram.com\/escapadarural\/","https:\/\/www.youtube.com\/@escapadaruralcom"]},{"@type":"Person","@id":"https:\/\/www.escapadarural.com\/blog\/#\/schema\/person\/2cac652e2d16373a24890ffaa220140f","name":"El\u00edsabet Garc\u00eda","image":{"@type":"ImageObject","inLanguage":"es","@id":"https:\/\/www.escapadarural.com\/blog\/wp-content\/uploads\/2025\/02\/elisabet_gran_escapada.webp","url":"https:\/\/www.escapadarural.com\/blog\/wp-content\/uploads\/2025\/02\/elisabet_gran_escapada.webp","contentUrl":"https:\/\/www.escapadarural.com\/blog\/wp-content\/uploads\/2025\/02\/elisabet_gran_escapada.webp","caption":"El\u00edsabet Garc\u00eda"},"description":"Hola a todos! Soy El\u00edsabet Garc\u00eda, Consultora Inform\u00e1tica y, desde hace 7 a\u00f1os, blogger de viajes. Me apasiona viajar, conocer lugares inh\u00f3spitos, experimentar aventuras, perderme por la naturaleza y saborear la gastronom\u00eda local de cada lugar. Coeditora del blog lagranescapada.com junto a Mar Gonz\u00e1lez, un lugar que creamos para compartir cada nueva escapada que hacemos por el mundo.","sameAs":["https:\/\/lagranescapada.com\/"],"url":"https:\/\/www.escapadarural.com\/blog\/autor\/lagranescapada\/"}]}},"_links":{"self":[{"href":"https:\/\/www.escapadarural.com\/blog\/wp-json\/wp\/v2\/posts\/41451","targetHints":{"allow":["GET"]}}],"collection":[{"href":"https:\/\/www.escapadarural.com\/blog\/wp-json\/wp\/v2\/posts"}],"about":[{"href":"https:\/\/www.escapadarural.com\/blog\/wp-json\/wp\/v2\/types\/post"}],"author":[{"embeddable":true,"href":"https:\/\/www.escapadarural.com\/blog\/wp-json\/wp\/v2\/users\/109"}],"replies":[{"embeddable":true,"href":"https:\/\/www.escapadarural.com\/blog\/wp-json\/wp\/v2\/comments?post=41451"}],"version-history":[{"count":0,"href":"https:\/\/www.escapadarural.com\/blog\/wp-json\/wp\/v2\/posts\/41451\/revisions"}],"wp:featuredmedia":[{"embeddable":true,"href":"https:\/\/www.escapadarural.com\/blog\/wp-json\/wp\/v2\/media\/101146"}],"wp:attachment":[{"href":"https:\/\/www.escapadarural.com\/blog\/wp-json\/wp\/v2\/media?parent=41451"}],"wp:term":[{"taxonomy":"category","embeddable":true,"href":"https:\/\/www.escapadarural.com\/blog\/wp-json\/wp\/v2\/categories?post=41451"},{"taxonomy":"post_tag","embeddable":true,"href":"https:\/\/www.escapadarural.com\/blog\/wp-json\/wp\/v2\/tags?post=41451"}],"curies":[{"name":"wp","href":"https:\/\/api.w.org\/{rel}","templated":true}]}}