{"id":41635,"date":"2021-08-06T10:48:55","date_gmt":"2021-08-06T09:48:55","guid":{"rendered":"https:\/\/www.escapadarural.com\/blog\/?p=41635"},"modified":"2025-01-16T16:44:22","modified_gmt":"2025-01-16T14:44:22","slug":"castilla-la-mancha-gastronomia","status":"publish","type":"post","link":"https:\/\/www.escapadarural.com\/blog\/castilla-la-mancha-gastronomia\/","title":{"rendered":"Un viaje gastron\u00f3mico por Castilla-La Mancha"},"content":{"rendered":"\n<figure class=\"wp-block-image size-large\"><img decoding=\"async\" src=\"https:\/\/www.escapadarural.com\/blog\/wp-content\/uploads\/valdepen\u0303as-corcovo-1-1024x768.jpg\" alt=\"castilla-la mancha\n\" class=\"wp-image-41637\"\/><figcaption class=\"wp-element-caption\">Valdepe\u00f1as. Por Turismo de Castilla-La Mancha.<\/figcaption><\/figure>\n\n\n\n<p>Resulta que los gastron\u00f3micos son viajes para recuperar lo verdaderamente importante: el tiempo y la memoria de quienes somos. Es alrededor de una buena mesa cuando m\u00e1s se disfruta de un respiro en la vor\u00e1gine del d\u00eda a d\u00eda. As\u00ed entonces, puestos a buscar destino de vacaciones que sea a un lugar como <a class=\"rank-math-link\" href=\"https:\/\/www.escapadarural.com\/casas-rurales?l=castilla-la-mancha\">Castilla La Mancha<\/a>, donde se puede disfrutar de una gastronom\u00eda rebosante de platos, multitud de productos de calidad, innovaci\u00f3n en los fogones y respeto por los sabores tradicionales.<\/p>\n\n\n\n<p>En definitiva, es la gastronom\u00eda la que guarda celosa la memoria de lo que somos. Como demostr\u00f3 el escritor Marcel Proust con la magdalena de <em>En busca del tiempo perdido,<\/em> cada bocado puede ser el inicio de un viaje interior, \u00a1sabor\u00e9alo!<\/p>\n\n\n\n<p>Desde un punto de vista conceptual, la gastronom\u00eda de <strong>Castilla-La Mancha<\/strong> se presenta como firme defensora de la excelencia de la materia prima poniendo de relieve no solo el producto, sino t\u00e9cnicas ancestrales aut\u00f3ctonas que han traspasado fronteras, y que han sido el germen de otras muchas cocinas del mundo. La ra\u00edz culinaria castellano manchega se extiende por los cinco continentes y es base de platos y t\u00e9cnicas que hoy en d\u00eda son patrimonio culinario de la humanidad.<\/p>\n\n\n\n<p>Es por ello que se ha instaurado la marca \u201c<strong>Ra\u00edz Culinaria Castilla La Mancha<\/strong>\u201d como signo distintivo del destino gastron\u00f3mico cuyo fundamento consiste en poner de relieve la cocina de ra\u00edz que identifica a la regi\u00f3n. Esta marca rinde tributo de manera honesta a la tradici\u00f3n y al origen, una cocina aut\u00e9ntica y con car\u00e1cter y una gastronom\u00eda de extraordinaria riqueza y diversidad.<\/p>\n\n\n\n<h2 class=\"wp-block-heading\"><strong>Almansa (<a href=\"\/casas-rurales\/albacete\" target=\"_blank\" rel=\"noreferrer noopener\">Albacete<\/a>)<\/strong><\/h2>\n\n\n\n<figure class=\"wp-block-image size-large\"><img decoding=\"async\" src=\"https:\/\/www.escapadarural.com\/blog\/wp-content\/uploads\/almansa-2-1024x685.jpg\" alt=\"\" class=\"wp-image-41636\"\/><figcaption class=\"wp-element-caption\">Almansa. Por Turismo de Castilla-La Mancha.<\/figcaption><\/figure>\n\n\n\n<p>El 25 de abril de 1707 se produjo en Almansa una de las batallas m\u00e1s decisivas de la <strong>Guerra de Sucesi\u00f3n Espa\u00f1ola<\/strong>. Pero no todo van a ser batallas. En estas tierras tambi\u00e9n se disfruta de la cocina albacete\u00f1a, marcada por la tradici\u00f3n. Destacan en ella los gazpachos manchegos, aunque la selecci\u00f3n de platos para escoger es extensa e incluye maravillas de nombre tan sugerente como migas ruleras, perdiz en escabeche, caldereta de cordero y postres como las delicias de Almansa, unos pasteles que originalmente se enviaban directamente a la Casa Real.<\/p>\n\n\n\n<p>Todo este fest\u00edn debe regarse con los buenos vinos de la D.O. Almansa, capaces de concentrar todo el sabor de la historia. Cada copa guarda el sarmiento de las costumbres, de las tradiciones, de todo un mundo interior por descubrir\u2026 La esencia de una tierra. La zona geogr\u00e1fica que abarca la <strong>D.O. Almansa<\/strong> es un altiplano que hace frontera por el Este con el antiguo Reino de Valencia. Su especial climatolog\u00eda y la altura de las vi\u00f1as de Garnacha o Monastrell da como resultado una de las Denominaciones de Origen m\u00e1s originales del pa\u00eds. Un peque\u00f1o territorio que se puede recorrer visitando una docena de bodegas con largas trayectorias de tradici\u00f3n familiar y cooperativas de reciente creaci\u00f3n.<\/p>\n\n\n\n<h2 class=\"wp-block-heading\"><strong>Valdepe\u00f1as (<a href=\"\/casas-rurales\/ciudad-real\" target=\"_blank\" rel=\"noreferrer noopener\">Ciudad Real<\/a>)<\/strong><\/h2>\n\n\n\n<figure class=\"wp-block-image size-large\"><img decoding=\"async\" src=\"https:\/\/www.escapadarural.com\/blog\/wp-content\/uploads\/valdepen\u0303as-2-1024x695.jpg\" alt=\"\" class=\"wp-image-41644\"\/><figcaption class=\"wp-element-caption\">Valdepe\u00f1as. Por Turismo de Castilla-La Mancha. <\/figcaption><\/figure>\n\n\n\n<p>Valdepe\u00f1as ha sido desde siempre sin\u00f3nimo de vino. Y, efectivamente, sin vino, Valdepe\u00f1as no ser\u00eda lo que es. A esa conclusi\u00f3n se llega paseando por las salas del Museo del Vino, ubicado en una antigua bodega. Aunque lo mejor despu\u00e9s de visitar sus salas es recorrer el territorio de bodega en bodega, hay casi una veintena diferentes en las que se organizan visitas y donde se puede disfrutar de una buena cata para hacerse con los secretos de la c\u00e9lebre <strong>D.O. Valdepe\u00f1as<\/strong>. Desde sus grandes reservas acunados durante meses en barricas, hasta los frescos y arom\u00e1ticos \u201cj\u00f3venes\u201d. Todo un mundo de sabores.<\/p>\n\n\n\n<p>De estas bodegas, las hay m\u00e1s tradicionales, con cuevas y naves de tinajas de barro, o m\u00e1s modernas y con enfoques novedosos en cuanto a producci\u00f3n ecol\u00f3gica. Por supuesto, entre cata y cata, hay antiguos volcanes, yacimientos arqueol\u00f3gicos y museos que visitar, como el de la <strong>Fundaci\u00f3n Gregorio Prieto<\/strong>. Es lo que convierte a Valdepe\u00f1as en uno de los destinos m\u00e1s punteros en enoturismo de Espa\u00f1a.<\/p>\n\n\n\n<p>Sin embargo, tambi\u00e9n se puede conocer todos los secretos de la D.O Valdepe\u00f1as sin salir de ese <strong>epicentro gastron\u00f3mico<\/strong> de la ciudad que es la plaza de Espa\u00f1a y sus calles aleda\u00f1as, donde en sus soportales se agrupan bares y restaurantes en los que disfrutar del recetario habitual de gachas, pistos y migas, adem\u00e1s de asados y las estupendas carnes de aves.<\/p>\n\n\n\n<h2 class=\"wp-block-heading\"><strong>Ucl\u00e9s-Taranc\u00f3n (<a href=\"\/casas-rurales\/cuenca\" target=\"_blank\" rel=\"noreferrer noopener\">Cuenca<\/a>)<\/strong><\/h2>\n\n\n\n<figure class=\"wp-block-image size-large\"><img decoding=\"async\" src=\"https:\/\/www.escapadarural.com\/blog\/wp-content\/uploads\/ucles-9-1024x693.jpg\" alt=\"\" class=\"wp-image-41639\"\/><figcaption class=\"wp-element-caption\">Ucles. Por Turismo de Castilla-La Mancha. <\/figcaption><\/figure>\n\n\n\n<p>Son solamente 1.500 las hect\u00e1reas con vides aptas para dar vinos de Ucl\u00e9s, las de variedades tintas como Cencibel (Tempranillo), Cabernet Sauvignon, Merlot, Syrah y Garnacha Tinta. Son cinco las bodegas que guardan los secretos de este especial vino que comenz\u00f3 su andadura all\u00e1 por el a\u00f1o 2003 cuando se desgajaron de la <strong>D.O. La Mancha<\/strong>.<\/p>\n\n\n\n<p>Entre los municipios que delimitan el \u00e1rea vitivin\u00edcola de la D.O.P hay uno que destaca por ser destino obligado para foodies de todo el pa\u00eds. Y es que para probar la mejor carne del mundo hay que ir a Taranc\u00f3n. Y no es algo que digamos nosotros de forma gratuita. Son los jurados de los dos \u00faltimos cert\u00e1menes (2018 y 2019) del World Steak Challenge, que reconoce las mejores carnes de vacuno del planeta, quienes lo sostienen.<\/p>\n\n\n\n<h2 class=\"wp-block-heading\"><strong>Sig\u00fcenza (<a href=\"\/casas-rurales\/guadalajara\" target=\"_blank\" rel=\"noreferrer noopener\">Guadalajara<\/a>)<\/strong><\/h2>\n\n\n\n<figure class=\"wp-block-image size-large\"><img loading=\"lazy\" decoding=\"async\" width=\"1024\" height=\"683\" src=\"https:\/\/www.escapadarural.com\/blog\/wp-content\/uploads\/Siguenza-1024x683.jpg\" alt=\"\" class=\"wp-image-41642\"\/><figcaption class=\"wp-element-caption\">Migel. Shutterstock. <\/figcaption><\/figure>\n\n\n\n<p>Hablar de <strong>Sig\u00fcenza <\/strong>es hacerlo de una ciudad monumental, episcopal y universitaria, que evoca historia. A la vez, es una ciudad que mira al futuro, pionera ya en 2017 al lograr ser escogida como capital del turismo rural y que lo tiene todo para deleitarse con la gastronom\u00eda castellanomanchega. Hasta aqu\u00ed ya llegaba gente en los a\u00f1os 60 para pasar el d\u00eda visitando la Catedral o la Plaza Mayor y darse el gusto de comer en alguno de sus restaurantes.<\/p>\n\n\n\n<p>Fue ese el origen de que la oferta gastron\u00f3mica de Sig\u00fcenza creciera hasta convertirse en una de las ciudades de referencia de <strong>Castilla-La Mancha<\/strong> en eso del buen comer. Pero es a partir del a\u00f1o 2000 cuando toma impulso con una cocina tradicional que evoluciona hasta dar con una oferta m\u00e1s sofisticada con restaurantes m\u00edticos entre los foodies. Todo ello da como resultado que hoy en d\u00eda en la ciudad se encuentren restaurantes gastron\u00f3micos, asadores, bares de tapas, restaurantes tradicionales o modernos bistr\u00f3 que conforman una oferta ampl\u00edsima de calidad.<\/p>\n\n\n\n<p>A la hora de comer, en Sig\u00fcenza el protagonismo es de los asados de cordero aromatizados con hierbas, las finas truchas, las migas, las gachas, las ricas hortalizas y verduras y los famosos productos de chaciner\u00eda (lomos, chorizos, jamones), sin olvidar los exquisitos platos de la caza y la amplia diversidad de hongos y trufas en temporada.<\/p>\n\n\n\n<h2 class=\"wp-block-heading\"><strong>Montes de Toledo (<a href=\"\/casas-rurales\/toledo\" target=\"_blank\" rel=\"noreferrer noopener\">Toledo<\/a>)<\/strong><\/h2>\n\n\n\n<figure class=\"wp-block-image size-large\"><img decoding=\"async\" src=\"https:\/\/www.escapadarural.com\/blog\/wp-content\/uploads\/caban\u0303eros-1-1-1024x565.jpg\" alt=\"\" class=\"wp-image-41643\"\/><figcaption class=\"wp-element-caption\">Caba\u00f1eros. Por Turismo de Castilla-La Mancha. <\/figcaption><\/figure>\n\n\n\n<p>La comarca de los Montes de Toledo se reparte entre la llanura mesetaria y la cadena monta\u00f1osa. Un entorno espl\u00e9ndido donde el lince ib\u00e9rico es protagonista junto a aves rapaces como las \u00e1guilas imperiales o buitres negros. Todo un para\u00edso de senderistas que tienen en el <strong>Parque Nacional de Caba\u00f1eros<\/strong> su particular coraz\u00f3n natural. Pero, adem\u00e1s, la comarca es toda una potencia gastron\u00f3mica que brilla con luz propia en medio de la amplia oferta que es capaz de desplegar Castilla La Mancha en temas de buena cocina.<\/p>\n\n\n\n<p>Sin ir m\u00e1s lejos, en junio del 2021, la prestigiosa <strong>Gu\u00eda EVOOLEUM<\/strong> destac\u00f3 tres aceites v\u00edrgenes extras espa\u00f1oles entre los diez m\u00e1s saludables, uno de ellos, con DOP Montes de Toledo, en concreto el <em>Alma del Olivo Cornicabra<\/em>, de Olinexo. Un galard\u00f3n que llega para reconocer el trabajo de las almazaras de la comarca que trabajan exclusivamente con la variedad cornicabra. Un tipo de aceite que resalta el sabor de guisos, asados y frituras t\u00edpicas de la zona, y platos m\u00e1s elaborados como el Conejo de los Montes de Toledo confitado en \u00abORO l\u00edquido\u00bb de Cornicabra.<\/p>\n\n\n\n<p>Muy cercanas a los Montes de Toledo nos encontramos con tierras de producci\u00f3n de una de las especias m\u00e1s caras del mundo y una de las m\u00e1s delicadas: el azafr\u00e1n con <strong>Denominaci\u00f3n de Origen La Mancha<\/strong>, la \u00fanica a nivel nacional dado el alt\u00edsimo nivel de calidad que alcanza. Desde 1963, Consuegra, alto imprescindible en la ruta del Quijote, celebra cada \u00faltimo fin de semana completo de octubre la fiesta de la Rosa del Azafr\u00e1n, coincidiendo con la recogida de la flor.<\/p>\n\n\n\n<p>Son jornadas largas de trabajo que se realizan a mano en las que se van abriendo las flores de una a una, en un trabajo que se realiza con paciencia porque para obtener un kilo de azafr\u00e1n es necesario recolectar, pelar y tostar unas 200.000 flores. No por nada, se le llama el oro rojo. La mejor forma de disfrutarlo ser\u00e1 con un buen ajo mulero, unas albondiguillas o un buen arroz, por ejemplo.<\/p>\n\n\n\n<div class=\"wp-block-buttons is-layout-flex wp-block-buttons-is-layout-flex\">\n<div class=\"wp-block-button\"><a class=\"wp-block-button__link has-background wp-element-button\" href=\"https:\/\/www.escapadarural.com\/casas-rurales\/castilla-la-mancha\" style=\"border-radius:6px;background-color:#4f822e\">Reservar casas en Castilla-La Mancha<\/a><\/div>\n<\/div>\n\n\n\n<p><\/p>\n","protected":false},"excerpt":{"rendered":"<p>Resulta que los gastron\u00f3micos son viajes para recuperar lo verdaderamente  [&#8230;]<\/p>\n","protected":false},"author":112,"featured_media":101259,"comment_status":"open","ping_status":"open","sticky":false,"template":"","format":"standard","meta":{"_acf_changed":false,"om_disable_all_campaigns":false,"footnotes":""},"categories":[231,191],"tags":[3720,6029,508],"class_list":["post-41635","post","type-post","status-publish","format-standard","has-post-thumbnail","hentry","category-arte-y-cultura","category-destinos","tag-branding","tag-que-ver-en-castilla-la-mancha","tag-gastronomia"],"acf":[],"featured_image_src":"https:\/\/www.escapadarural.com\/blog\/wp-content\/uploads\/2024\/10\/valdepenas-corcovo-1-1024x768-4.jpg","author_info":{"display_name":"Jos\u00e9 Alejandro Adamuz","author_link":"https:\/\/www.escapadarural.com\/blog\/autor\/josealejandro\/"},"yoast_head":"<!-- This site is optimized with the Yoast SEO plugin v27.5 - https:\/\/yoast.com\/product\/yoast-seo-wordpress\/ -->\n<title>Un viaje gastron\u00f3mico por Castilla-La Mancha - EscapadaRural<\/title>\n<meta name=\"robots\" content=\"index, follow, max-snippet:-1, max-image-preview:large, max-video-preview:-1\" \/>\n<link rel=\"canonical\" href=\"https:\/\/www.escapadarural.com\/blog\/castilla-la-mancha-gastronomia\/\" \/>\n<meta property=\"og:locale\" content=\"es_ES\" \/>\n<meta property=\"og:type\" content=\"article\" \/>\n<meta property=\"og:title\" content=\"Un viaje gastron\u00f3mico por Castilla-La Mancha - EscapadaRural\" \/>\n<meta property=\"og:description\" content=\"Resulta que los gastron\u00f3micos son viajes para recuperar lo verdaderamente [...]\" \/>\n<meta property=\"og:url\" content=\"https:\/\/www.escapadarural.com\/blog\/castilla-la-mancha-gastronomia\/\" \/>\n<meta property=\"og:site_name\" content=\"Magazine de viajes de EscapadaRural\" \/>\n<meta property=\"article:publisher\" content=\"https:\/\/www.facebook.com\/escapadarural\" \/>\n<meta property=\"article:published_time\" content=\"2021-08-06T09:48:55+00:00\" \/>\n<meta property=\"article:modified_time\" content=\"2025-01-16T14:44:22+00:00\" \/>\n<meta property=\"og:image\" content=\"https:\/\/www.escapadarural.com\/blog\/wp-content\/uploads\/2024\/10\/valdepenas-corcovo-1-1024x768-4.jpg\" \/>\n\t<meta property=\"og:image:width\" content=\"1024\" \/>\n\t<meta property=\"og:image:height\" content=\"768\" \/>\n\t<meta property=\"og:image:type\" content=\"image\/jpeg\" \/>\n<meta name=\"author\" content=\"Jos\u00e9 Alejandro Adamuz\" \/>\n<meta name=\"twitter:card\" content=\"summary_large_image\" \/>\n<meta name=\"twitter:label1\" content=\"Escrito por\" \/>\n\t<meta name=\"twitter:data1\" content=\"Jos\u00e9 Alejandro Adamuz\" \/>\n\t<meta name=\"twitter:label2\" content=\"Tiempo de lectura\" \/>\n\t<meta name=\"twitter:data2\" content=\"8 minutos\" \/>\n<script type=\"application\/ld+json\" class=\"yoast-schema-graph\">{\"@context\":\"https:\\\/\\\/schema.org\",\"@graph\":[{\"@type\":\"Article\",\"@id\":\"https:\\\/\\\/www.escapadarural.com\\\/blog\\\/castilla-la-mancha-gastronomia\\\/#article\",\"isPartOf\":{\"@id\":\"https:\\\/\\\/www.escapadarural.com\\\/blog\\\/castilla-la-mancha-gastronomia\\\/\"},\"author\":{\"name\":\"Jos\u00e9 Alejandro Adamuz\",\"@id\":\"https:\\\/\\\/www.escapadarural.com\\\/blog\\\/#\\\/schema\\\/person\\\/ac6969ba5ab90987dda9465be409d6b3\"},\"headline\":\"Un viaje gastron\u00f3mico por Castilla-La Mancha\",\"datePublished\":\"2021-08-06T09:48:55+00:00\",\"dateModified\":\"2025-01-16T14:44:22+00:00\",\"mainEntityOfPage\":{\"@id\":\"https:\\\/\\\/www.escapadarural.com\\\/blog\\\/castilla-la-mancha-gastronomia\\\/\"},\"wordCount\":1570,\"commentCount\":1,\"publisher\":{\"@id\":\"https:\\\/\\\/www.escapadarural.com\\\/blog\\\/#organization\"},\"image\":{\"@id\":\"https:\\\/\\\/www.escapadarural.com\\\/blog\\\/castilla-la-mancha-gastronomia\\\/#primaryimage\"},\"thumbnailUrl\":\"https:\\\/\\\/www.escapadarural.com\\\/blog\\\/wp-content\\\/uploads\\\/2024\\\/10\\\/valdepenas-corcovo-1-1024x768-4.jpg\",\"keywords\":[\"branding\",\"Castilla-La Mancha\",\"Gastronom\u00eda\"],\"articleSection\":[\"Arte y Cultura\",\"Destinos\"],\"inLanguage\":\"es\",\"potentialAction\":[{\"@type\":\"CommentAction\",\"name\":\"Comment\",\"target\":[\"https:\\\/\\\/www.escapadarural.com\\\/blog\\\/castilla-la-mancha-gastronomia\\\/#respond\"]}]},{\"@type\":\"WebPage\",\"@id\":\"https:\\\/\\\/www.escapadarural.com\\\/blog\\\/castilla-la-mancha-gastronomia\\\/\",\"url\":\"https:\\\/\\\/www.escapadarural.com\\\/blog\\\/castilla-la-mancha-gastronomia\\\/\",\"name\":\"Un viaje gastron\u00f3mico por Castilla-La Mancha - EscapadaRural\",\"isPartOf\":{\"@id\":\"https:\\\/\\\/www.escapadarural.com\\\/blog\\\/#website\"},\"primaryImageOfPage\":{\"@id\":\"https:\\\/\\\/www.escapadarural.com\\\/blog\\\/castilla-la-mancha-gastronomia\\\/#primaryimage\"},\"image\":{\"@id\":\"https:\\\/\\\/www.escapadarural.com\\\/blog\\\/castilla-la-mancha-gastronomia\\\/#primaryimage\"},\"thumbnailUrl\":\"https:\\\/\\\/www.escapadarural.com\\\/blog\\\/wp-content\\\/uploads\\\/2024\\\/10\\\/valdepenas-corcovo-1-1024x768-4.jpg\",\"datePublished\":\"2021-08-06T09:48:55+00:00\",\"dateModified\":\"2025-01-16T14:44:22+00:00\",\"breadcrumb\":{\"@id\":\"https:\\\/\\\/www.escapadarural.com\\\/blog\\\/castilla-la-mancha-gastronomia\\\/#breadcrumb\"},\"inLanguage\":\"es\",\"potentialAction\":[{\"@type\":\"ReadAction\",\"target\":[\"https:\\\/\\\/www.escapadarural.com\\\/blog\\\/castilla-la-mancha-gastronomia\\\/\"]}]},{\"@type\":\"ImageObject\",\"inLanguage\":\"es\",\"@id\":\"https:\\\/\\\/www.escapadarural.com\\\/blog\\\/castilla-la-mancha-gastronomia\\\/#primaryimage\",\"url\":\"https:\\\/\\\/www.escapadarural.com\\\/blog\\\/wp-content\\\/uploads\\\/2024\\\/10\\\/valdepenas-corcovo-1-1024x768-4.jpg\",\"contentUrl\":\"https:\\\/\\\/www.escapadarural.com\\\/blog\\\/wp-content\\\/uploads\\\/2024\\\/10\\\/valdepenas-corcovo-1-1024x768-4.jpg\",\"width\":1024,\"height\":768,\"caption\":\"Valdepe\u00f1as, vino\"},{\"@type\":\"BreadcrumbList\",\"@id\":\"https:\\\/\\\/www.escapadarural.com\\\/blog\\\/castilla-la-mancha-gastronomia\\\/#breadcrumb\",\"itemListElement\":[{\"@type\":\"ListItem\",\"position\":1,\"name\":\"Inicio\",\"item\":\"https:\\\/\\\/www.escapadarural.com\\\/blog\\\/\"},{\"@type\":\"ListItem\",\"position\":2,\"name\":\"Arte y Cultura\",\"item\":\"https:\\\/\\\/www.escapadarural.com\\\/blog\\\/categoria\\\/arte-y-cultura\\\/\"},{\"@type\":\"ListItem\",\"position\":3,\"name\":\"Un viaje gastron\u00f3mico por Castilla-La Mancha\"}]},{\"@type\":\"WebSite\",\"@id\":\"https:\\\/\\\/www.escapadarural.com\\\/blog\\\/#website\",\"url\":\"https:\\\/\\\/www.escapadarural.com\\\/blog\\\/\",\"name\":\"Blog de viajes | turismo rural, alojamientos e inspiraci\u00f3n\",\"description\":\"Alojamientos rurales e inspiraci\u00f3n para tus escapadas\",\"publisher\":{\"@id\":\"https:\\\/\\\/www.escapadarural.com\\\/blog\\\/#organization\"},\"alternateName\":\"Magazine de viajes de EscapadaRural\",\"potentialAction\":[{\"@type\":\"SearchAction\",\"target\":{\"@type\":\"EntryPoint\",\"urlTemplate\":\"https:\\\/\\\/www.escapadarural.com\\\/blog\\\/?s={search_term_string}\"},\"query-input\":{\"@type\":\"PropertyValueSpecification\",\"valueRequired\":true,\"valueName\":\"search_term_string\"}}],\"inLanguage\":\"es\"},{\"@type\":\"Organization\",\"@id\":\"https:\\\/\\\/www.escapadarural.com\\\/blog\\\/#organization\",\"name\":\"EscapadaRural\",\"url\":\"https:\\\/\\\/www.escapadarural.com\\\/blog\\\/\",\"logo\":{\"@type\":\"ImageObject\",\"inLanguage\":\"es\",\"@id\":\"https:\\\/\\\/www.escapadarural.com\\\/blog\\\/#\\\/schema\\\/logo\\\/image\\\/\",\"url\":\"https:\\\/\\\/www.escapadarural.com\\\/blog\\\/wp-content\\\/uploads\\\/2024\\\/10\\\/cropped-cropped-escapada-rural-icon-mag-3.png\",\"contentUrl\":\"https:\\\/\\\/www.escapadarural.com\\\/blog\\\/wp-content\\\/uploads\\\/2024\\\/10\\\/cropped-cropped-escapada-rural-icon-mag-3.png\",\"width\":512,\"height\":512,\"caption\":\"EscapadaRural\"},\"image\":{\"@id\":\"https:\\\/\\\/www.escapadarural.com\\\/blog\\\/#\\\/schema\\\/logo\\\/image\\\/\"},\"sameAs\":[\"https:\\\/\\\/www.facebook.com\\\/escapadarural\",\"https:\\\/\\\/www.instagram.com\\\/escapadarural\\\/\",\"https:\\\/\\\/www.youtube.com\\\/@escapadaruralcom\"]},{\"@type\":\"Person\",\"@id\":\"https:\\\/\\\/www.escapadarural.com\\\/blog\\\/#\\\/schema\\\/person\\\/ac6969ba5ab90987dda9465be409d6b3\",\"name\":\"Jos\u00e9 Alejandro Adamuz\",\"image\":{\"@type\":\"ImageObject\",\"inLanguage\":\"es\",\"@id\":\"https:\\\/\\\/www.escapadarural.com\\\/blog\\\/wp-content\\\/uploads\\\/2025\\\/02\\\/cropped-jose_alejandro_viajar-96x96.webp\",\"url\":\"https:\\\/\\\/www.escapadarural.com\\\/blog\\\/wp-content\\\/uploads\\\/2025\\\/02\\\/cropped-jose_alejandro_viajar-96x96.webp\",\"contentUrl\":\"https:\\\/\\\/www.escapadarural.com\\\/blog\\\/wp-content\\\/uploads\\\/2025\\\/02\\\/cropped-jose_alejandro_viajar-96x96.webp\",\"caption\":\"Jos\u00e9 Alejandro Adamuz\"},\"description\":\"Soy licenciado en filolog\u00eda hisp\u00e1nica y periodista por vocaci\u00f3n. Tambi\u00e9n soy disl\u00e9xico, por lo que suelo confundir la derecha con la izquierda y los kil\u00f3metros con la literatura. Pero de momento me va bien as\u00ed. Colaboro habitualmente en diferentes medios haciendo cr\u00f3nica de viajes y periodismo cultural. Me gusta que los viajes cuenten historias y que las historias me hagan viajar.\",\"sameAs\":[\"https:\\\/\\\/viviratodaletra.com\\\/\"],\"url\":\"https:\\\/\\\/www.escapadarural.com\\\/blog\\\/autor\\\/josealejandro\\\/\"}]}<\/script>\n<!-- \/ Yoast SEO plugin. -->","yoast_head_json":{"title":"Un viaje gastron\u00f3mico por Castilla-La Mancha - EscapadaRural","robots":{"index":"index","follow":"follow","max-snippet":"max-snippet:-1","max-image-preview":"max-image-preview:large","max-video-preview":"max-video-preview:-1"},"canonical":"https:\/\/www.escapadarural.com\/blog\/castilla-la-mancha-gastronomia\/","og_locale":"es_ES","og_type":"article","og_title":"Un viaje gastron\u00f3mico por Castilla-La Mancha - EscapadaRural","og_description":"Resulta que los gastron\u00f3micos son viajes para recuperar lo verdaderamente [...]","og_url":"https:\/\/www.escapadarural.com\/blog\/castilla-la-mancha-gastronomia\/","og_site_name":"Magazine de viajes de EscapadaRural","article_publisher":"https:\/\/www.facebook.com\/escapadarural","article_published_time":"2021-08-06T09:48:55+00:00","article_modified_time":"2025-01-16T14:44:22+00:00","og_image":[{"width":1024,"height":768,"url":"https:\/\/www.escapadarural.com\/blog\/wp-content\/uploads\/2024\/10\/valdepenas-corcovo-1-1024x768-4.jpg","type":"image\/jpeg"}],"author":"Jos\u00e9 Alejandro Adamuz","twitter_card":"summary_large_image","twitter_misc":{"Escrito por":"Jos\u00e9 Alejandro Adamuz","Tiempo de lectura":"8 minutos"},"schema":{"@context":"https:\/\/schema.org","@graph":[{"@type":"Article","@id":"https:\/\/www.escapadarural.com\/blog\/castilla-la-mancha-gastronomia\/#article","isPartOf":{"@id":"https:\/\/www.escapadarural.com\/blog\/castilla-la-mancha-gastronomia\/"},"author":{"name":"Jos\u00e9 Alejandro Adamuz","@id":"https:\/\/www.escapadarural.com\/blog\/#\/schema\/person\/ac6969ba5ab90987dda9465be409d6b3"},"headline":"Un viaje gastron\u00f3mico por Castilla-La Mancha","datePublished":"2021-08-06T09:48:55+00:00","dateModified":"2025-01-16T14:44:22+00:00","mainEntityOfPage":{"@id":"https:\/\/www.escapadarural.com\/blog\/castilla-la-mancha-gastronomia\/"},"wordCount":1570,"commentCount":1,"publisher":{"@id":"https:\/\/www.escapadarural.com\/blog\/#organization"},"image":{"@id":"https:\/\/www.escapadarural.com\/blog\/castilla-la-mancha-gastronomia\/#primaryimage"},"thumbnailUrl":"https:\/\/www.escapadarural.com\/blog\/wp-content\/uploads\/2024\/10\/valdepenas-corcovo-1-1024x768-4.jpg","keywords":["branding","Castilla-La Mancha","Gastronom\u00eda"],"articleSection":["Arte y Cultura","Destinos"],"inLanguage":"es","potentialAction":[{"@type":"CommentAction","name":"Comment","target":["https:\/\/www.escapadarural.com\/blog\/castilla-la-mancha-gastronomia\/#respond"]}]},{"@type":"WebPage","@id":"https:\/\/www.escapadarural.com\/blog\/castilla-la-mancha-gastronomia\/","url":"https:\/\/www.escapadarural.com\/blog\/castilla-la-mancha-gastronomia\/","name":"Un viaje gastron\u00f3mico por Castilla-La Mancha - EscapadaRural","isPartOf":{"@id":"https:\/\/www.escapadarural.com\/blog\/#website"},"primaryImageOfPage":{"@id":"https:\/\/www.escapadarural.com\/blog\/castilla-la-mancha-gastronomia\/#primaryimage"},"image":{"@id":"https:\/\/www.escapadarural.com\/blog\/castilla-la-mancha-gastronomia\/#primaryimage"},"thumbnailUrl":"https:\/\/www.escapadarural.com\/blog\/wp-content\/uploads\/2024\/10\/valdepenas-corcovo-1-1024x768-4.jpg","datePublished":"2021-08-06T09:48:55+00:00","dateModified":"2025-01-16T14:44:22+00:00","breadcrumb":{"@id":"https:\/\/www.escapadarural.com\/blog\/castilla-la-mancha-gastronomia\/#breadcrumb"},"inLanguage":"es","potentialAction":[{"@type":"ReadAction","target":["https:\/\/www.escapadarural.com\/blog\/castilla-la-mancha-gastronomia\/"]}]},{"@type":"ImageObject","inLanguage":"es","@id":"https:\/\/www.escapadarural.com\/blog\/castilla-la-mancha-gastronomia\/#primaryimage","url":"https:\/\/www.escapadarural.com\/blog\/wp-content\/uploads\/2024\/10\/valdepenas-corcovo-1-1024x768-4.jpg","contentUrl":"https:\/\/www.escapadarural.com\/blog\/wp-content\/uploads\/2024\/10\/valdepenas-corcovo-1-1024x768-4.jpg","width":1024,"height":768,"caption":"Valdepe\u00f1as, vino"},{"@type":"BreadcrumbList","@id":"https:\/\/www.escapadarural.com\/blog\/castilla-la-mancha-gastronomia\/#breadcrumb","itemListElement":[{"@type":"ListItem","position":1,"name":"Inicio","item":"https:\/\/www.escapadarural.com\/blog\/"},{"@type":"ListItem","position":2,"name":"Arte y Cultura","item":"https:\/\/www.escapadarural.com\/blog\/categoria\/arte-y-cultura\/"},{"@type":"ListItem","position":3,"name":"Un viaje gastron\u00f3mico por Castilla-La Mancha"}]},{"@type":"WebSite","@id":"https:\/\/www.escapadarural.com\/blog\/#website","url":"https:\/\/www.escapadarural.com\/blog\/","name":"Blog de viajes | turismo rural, alojamientos e inspiraci\u00f3n","description":"Alojamientos rurales e inspiraci\u00f3n para tus escapadas","publisher":{"@id":"https:\/\/www.escapadarural.com\/blog\/#organization"},"alternateName":"Magazine de viajes de EscapadaRural","potentialAction":[{"@type":"SearchAction","target":{"@type":"EntryPoint","urlTemplate":"https:\/\/www.escapadarural.com\/blog\/?s={search_term_string}"},"query-input":{"@type":"PropertyValueSpecification","valueRequired":true,"valueName":"search_term_string"}}],"inLanguage":"es"},{"@type":"Organization","@id":"https:\/\/www.escapadarural.com\/blog\/#organization","name":"EscapadaRural","url":"https:\/\/www.escapadarural.com\/blog\/","logo":{"@type":"ImageObject","inLanguage":"es","@id":"https:\/\/www.escapadarural.com\/blog\/#\/schema\/logo\/image\/","url":"https:\/\/www.escapadarural.com\/blog\/wp-content\/uploads\/2024\/10\/cropped-cropped-escapada-rural-icon-mag-3.png","contentUrl":"https:\/\/www.escapadarural.com\/blog\/wp-content\/uploads\/2024\/10\/cropped-cropped-escapada-rural-icon-mag-3.png","width":512,"height":512,"caption":"EscapadaRural"},"image":{"@id":"https:\/\/www.escapadarural.com\/blog\/#\/schema\/logo\/image\/"},"sameAs":["https:\/\/www.facebook.com\/escapadarural","https:\/\/www.instagram.com\/escapadarural\/","https:\/\/www.youtube.com\/@escapadaruralcom"]},{"@type":"Person","@id":"https:\/\/www.escapadarural.com\/blog\/#\/schema\/person\/ac6969ba5ab90987dda9465be409d6b3","name":"Jos\u00e9 Alejandro Adamuz","image":{"@type":"ImageObject","inLanguage":"es","@id":"https:\/\/www.escapadarural.com\/blog\/wp-content\/uploads\/2025\/02\/cropped-jose_alejandro_viajar-96x96.webp","url":"https:\/\/www.escapadarural.com\/blog\/wp-content\/uploads\/2025\/02\/cropped-jose_alejandro_viajar-96x96.webp","contentUrl":"https:\/\/www.escapadarural.com\/blog\/wp-content\/uploads\/2025\/02\/cropped-jose_alejandro_viajar-96x96.webp","caption":"Jos\u00e9 Alejandro Adamuz"},"description":"Soy licenciado en filolog\u00eda hisp\u00e1nica y periodista por vocaci\u00f3n. Tambi\u00e9n soy disl\u00e9xico, por lo que suelo confundir la derecha con la izquierda y los kil\u00f3metros con la literatura. Pero de momento me va bien as\u00ed. Colaboro habitualmente en diferentes medios haciendo cr\u00f3nica de viajes y periodismo cultural. Me gusta que los viajes cuenten historias y que las historias me hagan viajar.","sameAs":["https:\/\/viviratodaletra.com\/"],"url":"https:\/\/www.escapadarural.com\/blog\/autor\/josealejandro\/"}]}},"_links":{"self":[{"href":"https:\/\/www.escapadarural.com\/blog\/wp-json\/wp\/v2\/posts\/41635","targetHints":{"allow":["GET"]}}],"collection":[{"href":"https:\/\/www.escapadarural.com\/blog\/wp-json\/wp\/v2\/posts"}],"about":[{"href":"https:\/\/www.escapadarural.com\/blog\/wp-json\/wp\/v2\/types\/post"}],"author":[{"embeddable":true,"href":"https:\/\/www.escapadarural.com\/blog\/wp-json\/wp\/v2\/users\/112"}],"replies":[{"embeddable":true,"href":"https:\/\/www.escapadarural.com\/blog\/wp-json\/wp\/v2\/comments?post=41635"}],"version-history":[{"count":0,"href":"https:\/\/www.escapadarural.com\/blog\/wp-json\/wp\/v2\/posts\/41635\/revisions"}],"wp:featuredmedia":[{"embeddable":true,"href":"https:\/\/www.escapadarural.com\/blog\/wp-json\/wp\/v2\/media\/101259"}],"wp:attachment":[{"href":"https:\/\/www.escapadarural.com\/blog\/wp-json\/wp\/v2\/media?parent=41635"}],"wp:term":[{"taxonomy":"category","embeddable":true,"href":"https:\/\/www.escapadarural.com\/blog\/wp-json\/wp\/v2\/categories?post=41635"},{"taxonomy":"post_tag","embeddable":true,"href":"https:\/\/www.escapadarural.com\/blog\/wp-json\/wp\/v2\/tags?post=41635"}],"curies":[{"name":"wp","href":"https:\/\/api.w.org\/{rel}","templated":true}]}}