{"id":41638,"date":"2021-08-27T10:11:43","date_gmt":"2021-08-27T09:11:43","guid":{"rendered":"https:\/\/www.escapadarural.com\/blog\/?p=41638"},"modified":"2025-08-11T14:23:50","modified_gmt":"2025-08-11T12:23:50","slug":"un-titulo-para-cada-destino-17-comunidades-17-libros","status":"publish","type":"post","link":"https:\/\/www.escapadarural.com\/blog\/un-titulo-para-cada-destino-17-comunidades-17-libros\/","title":{"rendered":"Un t\u00edtulo para cada destino: 17 comunidades, 17 libros"},"content":{"rendered":"\n<figure class=\"wp-block-image size-large\"><a href=\"https:\/\/www.escapadarural.com\/blog\/wp-content\/uploads\/2019\/11\/leer.jpg\"><img decoding=\"async\" src=\"https:\/\/www.escapadarural.com\/blog\/wp-content\/uploads\/2019\/11\/leer.jpg\" alt=\"Libros\" class=\"wp-image-23065\"\/><\/a><figcaption class=\"wp-element-caption\">Por byheaven<\/figcaption><\/figure>\n\n\n\n<p>Sentarse a la sombra con una buena historia entre las manos para evadirse de la cotidianidad es uno de los mejores placeres de los que se pueden disfrutar en vacaciones. <strong>El entorno rural es el lugar perfecto<\/strong> para dejarse llevar letra a letra. Tranquilidad, el ruido de la naturaleza como banda sonora y aire puro para llenar los pulmones, aunque dependiendo del libro puede que en alg\u00fan momento se corte la respiraci\u00f3n.&nbsp;<\/p>\n\n\n\n<p>A no ser que se trate de ciencia ficci\u00f3n, la mayor\u00eda de las tramas se suelen ubicar en alg\u00fan lugar m\u00e1s o menos reconocible de la geograf\u00eda terrestre. Y resulta que Espa\u00f1a en general ha servido de escenario para las haza\u00f1as de muchos protagonistas. Siguiendo este criterio, se puede elaborar <strong>una lista de 17 libros, uno por cada comunidad aut\u00f3noma.<\/strong> \u00bfQu\u00e9 mejor manera de imaginar la acci\u00f3n que conociendo el lugar? Aqu\u00ed van nuestras recomendaciones, cargadas de cr\u00edmenes, detectives, viajes y algo de romanticismo.<\/p>\n\n\n\n<h2 class=\"wp-block-heading\" id=\"h-galicia-g-alicia-de-julio-camba-forcola-ediciones\"><strong>Galicia:<\/strong> <em><strong>G<\/strong><\/em><strong><em>alicia<\/em>, de Julio Camba (F\u00f3rcola ediciones)<\/strong><\/h2>\n\n\n\n<figure class=\"wp-block-image size-large\"><a href=\"https:\/\/www.escapadarural.com\/blog\/wp-content\/uploads\/AdobeStock_241608270-scaled.jpeg\"><img decoding=\"async\" src=\"https:\/\/www.escapadarural.com\/blog\/wp-content\/uploads\/AdobeStock_241608270-1024x682.jpeg\" alt=\"\" class=\"wp-image-42045\"\/><\/a><figcaption class=\"wp-element-caption\">R\u00eda de Arousa. Por Vic<\/figcaption><\/figure>\n\n\n\n<p>Aunque dec\u00eda que no ten\u00eda sentido enorgullecerse del lugar en el que se hab\u00eda nacido porque de ninguna manera hab\u00eda sido una decisi\u00f3n propia, lo cierto es que el periodista no pod\u00eda hablar mal de su tierra de origen. No eran loas al uso, porque m\u00e1s bien era de perfilar la iron\u00eda que de elogiar de manera directa, pero sus textos sobre Galicia la muestran de una manera tal que dan ganas de coger cualquier medio de transporte para plantarse cuanto antes en la <a href=\"https:\/\/www.escapadarural.com\/casas-rurales\/ria-de-arousa\" class=\"rank-math-link\">r\u00eda de Arousa<\/a> o alguno de los muchos lugares de esa tierra fascinante.<\/p>\n\n\n\n<h2 class=\"wp-block-heading\" id=\"h-asturias-lo-que-callan-los-muertos-un-asesino-en-tu-sombra-los-muertos-no-saben-nadar-de-ana-lena-rivera-maeva-ediciones-nbsp\"><strong>Asturias: <em>Lo que callan los muertos<\/em>, <em>Un asesino en tu sombra, Los muertos no saben nadar<\/em>, de Ana Lena Rivera (Maeva Ediciones)&nbsp;<\/strong><\/h2>\n\n\n\n<figure class=\"wp-block-image size-large\"><a href=\"https:\/\/www.escapadarural.com\/blog\/wp-content\/uploads\/2020\/05\/oviedo.jpg\"><img decoding=\"async\" src=\"https:\/\/www.escapadarural.com\/blog\/wp-content\/uploads\/2020\/05\/oviedo.jpg\" alt=\"Oviedo,catedral de San Salvador\" class=\"wp-image-17672\"\/><\/a><figcaption class=\"wp-element-caption\">Oviedo. Por Sergio Mart\u00ednez\n\n<\/figcaption><\/figure>\n\n\n\n<p>Ana Leva volvi\u00f3 a su ciudad natal, <a href=\"https:\/\/www.escapadarural.com\/casas-rurales\/oviedo\" class=\"rank-math-link\">Oviedo<\/a>, para ambientar su serie de novelas protagonizadas por Gracia San Sebasti\u00e1n. La mujer que lleva dicho nombre es una investigadora de fraudes a la Seguridad Social que, despu\u00e9s de vivir durante a\u00f1os en Nueva York, se muda a la capital asturiana junto a su marido.<\/p>\n\n\n\n<p>Por supuesto, su oficio no es tan f\u00e1cil como podr\u00eda parecer en un principio y sus pesquisas la llevan a historias mucho m\u00e1s rocambolescas que cualquier papel falso presentado para cobrar m\u00e1s dinero del que toca. El primero de los libros, titulado <em>Lo que callan los muertos, <\/em>tuvo tanto \u00e9xito que las aventuras de la \u2018detective\u2019 siguieron durante dos entregas m\u00e1s. Sus fans estar\u00e1n esperando una cuarta, sin duda&nbsp;<\/p>\n\n\n\n<h2 class=\"wp-block-heading\" id=\"h-cantabria-nbsp-puerto-escondido-un-lugar-a-donde-ir-donde-fuimos-invencibles-de-maria-oruna-editorial-destino\"><strong>Cantabria:&nbsp; <em>Puerto escondido, Un Lugar a donde ir, Donde Fuimos Invencibles<\/em>, de Mar\u00eda Oru\u00f1a (editorial Destino)<\/strong><\/h2>\n\n\n\n<figure class=\"wp-block-image size-large\"><a href=\"https:\/\/www.escapadarural.com\/blog\/wp-content\/uploads\/AdobeStock_164763832-scaled.jpeg\"><img decoding=\"async\" src=\"https:\/\/www.escapadarural.com\/blog\/wp-content\/uploads\/AdobeStock_164763832-1024x683.jpeg\" alt=\"\" class=\"wp-image-42046\"\/><\/a><figcaption class=\"wp-element-caption\">Suances, Por Ion<\/figcaption><\/figure>\n\n\n\n<p>Otra saga de novela negra y detectivesca ambientada en el Norte del pa\u00eds que, como se puede comprobar, sirve de inspiraci\u00f3n para muchos escritores y escritoras patrios. En esta ocasi\u00f3n, la serie empieza con la llegada de un joven ingl\u00e9s llamado Oliver Gordon a <a href=\"https:\/\/www.escapadarural.com\/casas-rurales\/suances\" class=\"rank-math-link\">Suances<\/a> despu\u00e9s de heredar una casa llamada Villa marina.&nbsp;<\/p>\n\n\n\n<p>Por supuesto, la vida tranquila del pueblo se ve sacudida tras un sorprendente y macabro hallazgo en la residencia, que parece el detonante de una ristra de asesinatos en la zona. El lector o lectora podr\u00e1 visitar a trav\u00e9s de las p\u00e1ginas localidades como Santander, <a href=\"https:\/\/www.escapadarural.com\/casas-rurales\/comillas\" class=\"rank-math-link\">Comillas<\/a> o <a href=\"https:\/\/www.escapadarural.com\/casas-rurales\/santillana-del-mar\" class=\"rank-math-link\">Santillana del mar<\/a>, bellos emplazamientos aunque sea para descubrir cr\u00edmenes. El resto de t\u00edtulos de la saga contin\u00faan en la misma l\u00ednea.<\/p>\n\n\n\n<h2 class=\"wp-block-heading\" id=\"h-pais-vasco-patria-de-fernando-aramburu-tusquets\"><strong>Pa\u00eds Vasco: <em>Patria, <\/em>de Fernando Aramburu (Tusquets)<\/strong><\/h2>\n\n\n\n<figure class=\"wp-block-image size-large\"><a href=\"https:\/\/www.escapadarural.com\/blog\/wp-content\/uploads\/Elgoibar_-_Ayuntamiento_6.jpg\"><img decoding=\"async\" src=\"https:\/\/www.escapadarural.com\/blog\/wp-content\/uploads\/Elgoibar_-_Ayuntamiento_6-1024x768.jpg\" alt=\"\" class=\"wp-image-42047\"\/><\/a><figcaption class=\"wp-element-caption\">Ayuntamiento de Elgoibar. Zarateman<\/figcaption><\/figure>\n\n\n\n<p>Si cuando el escritor public\u00f3 su novela en 2016 tuvo \u00e9xito, su adaptaci\u00f3n a la pantalla televisiva termin\u00f3 de hacerla casi universal. El conflicto de ETA estuvo \u2013y a\u00fan est\u00e1\u2013 muy presente en la vida del pa\u00eds durante muchas d\u00e9cadas y las ficciones basadas en \u00e9l siguen removiendo muchas emociones.<\/p>\n\n\n\n<p>La clave del acierto de Aramburu fue situar su ficci\u00f3n en un terreno lo m\u00e1s neutral posible, contando la historia de dos familias amigas separadas por el impacto del terrorismo en sus vidas. Un libro interesante y que, aunque ya se haya visto la serie, merece la pena leer aunque solo sea para compararlo con la adaptaci\u00f3n, que se rod\u00f3 entre <a href=\"https:\/\/www.escapadarural.com\/casas-rurales\/elgoibar\" class=\"rank-math-link\">Elgoibar<\/a>, Soraluze y San Juan de Luz.<\/p>\n\n\n\n<h2 class=\"wp-block-heading\" id=\"h-navarra-el-guardian-invisible-el-legado-en-los-huesos-y-ofrenda-a-la-tormenta-de-dolores-redondo-editorial-destino\"><strong>Navarra<\/strong>: <strong><em>El guardi\u00e1n invisible, El legado en los huesos y Ofrenda a la tormenta,<\/em> de Dolores Redondo (editorial Destino).<\/strong><\/h2>\n\n\n\n<figure class=\"wp-block-image size-large\"><a href=\"https:\/\/www.escapadarural.com\/blog\/wp-content\/uploads\/2020\/02\/1280px-Baztan._Euskal_Herria.jpg\"><img decoding=\"async\" src=\"https:\/\/www.escapadarural.com\/blog\/wp-content\/uploads\/2020\/02\/1280px-Baztan._Euskal_Herria-1024x682.jpg\" alt=\"Valle de Bazt\u00e1n\" class=\"wp-image-18492\"\/><\/a><figcaption class=\"wp-element-caption\">Valle de Bazt\u00e1n. Por Euskalduna<\/figcaption><\/figure>\n\n\n\n<p>La trilog\u00eda de Bazt\u00e1n ha sido una de las series literarias m\u00e1s exitosas de los \u00faltimos tiempos. Tanto, que ha levantado un inter\u00e9s m\u00e1s que considerable en el <a class=\"rank-math-link\" href=\"https:\/\/www.escapadarural.com\/casas-rurales\/valle-de-baztan\">valle de Bazt\u00e1n<\/a>, que no para de recibir visitas de los fans de la inspectora de la secci\u00f3n de homicidios de la Polic\u00eda Foral Amaia Salazar.<\/p>\n\n\n\n<p>Por supuesto, debido al aumento del turismo en la zona han surgido diversas compa\u00f1\u00edas que organizan rutas por las localizaciones de las novelas. En concreto por <a href=\"https:\/\/www.escapadarural.com\/casas-rurales\/elizondo\" class=\"rank-math-link\">Elizondo<\/a>, ya que es el pueblo de origen de la protagonista y en donde suceden muchos de los hechos de la trama.<\/p>\n\n\n\n<h2 class=\"wp-block-heading\" id=\"h-la-rioja-el-porque-del-color-rojo-de-francisco-bescos-editorial-purpura\"><strong>La Rioja:<\/strong> <strong><em>El porqu\u00e9 del color rojo<\/em> de Francisco Besc\u00f3s (editorial P\u00farpura)<\/strong><\/h2>\n\n\n\n<figure class=\"wp-block-image size-large\"><a href=\"https:\/\/www.escapadarural.com\/blog\/wp-content\/uploads\/Aldeanueva_de_Ebro_-_vinedos_2.jpg\"><img decoding=\"async\" src=\"https:\/\/www.escapadarural.com\/blog\/wp-content\/uploads\/Aldeanueva_de_Ebro_-_vinedos_2-1024x768.jpg\" alt=\"\" class=\"wp-image-42050\"\/><\/a><figcaption class=\"wp-element-caption\">Aldeanueva de Ebro. Por Zarateman <\/figcaption><\/figure>\n\n\n\n<p>Encontrarse un cad\u00e1ver mientras se est\u00e1 vendimiando no es una experiencia que apetezca vivir, pero en caso de tener mala suerte es bastante l\u00f3gico que sea en La <a href=\"https:\/\/www.escapadarural.com\/casas-rurales?l=rioja-baja\" class=\"rank-math-link\">Rioja Baja<\/a>. Esta es m\u00e1s o menos la palanca que activa la historia firmada por Besc\u00f3s, que enseguida pone a trabajar a la teniente de la Guardia Civil Luc\u00eda Utrera, alias la Grande.<\/p>\n\n\n\n<p>La \u2018sorpresita\u2019 se encuentra en un vi\u00f1edo cerca de <a href=\"https:\/\/www.escapadarural.com\/casas-rurales\/aldeanueva-de-ebro\" class=\"rank-math-link\">Aldeanueva de Ebro<\/a> y la primera sospecha es que se trata de un hombre procedente de Europa del Este, forzado a trabajar de manera ilegal por una mafia. La investigadora empieza a tirar del hilo para resolver el misterio junto a un grupo de guardias sin mucha experiencia y un sacerdote que no controla de manera muy eficiente sus ataques de ira.<\/p>\n\n\n\n<h2 class=\"wp-block-heading\" id=\"h-castilla-y-leon-el-rio-del-olvido-de-julio-llamazares-planeta\"><strong>Castilla y Le\u00f3n:<\/strong> <strong><em>El r\u00edo del Olvido<\/em>, de Julio Llamazares (Planeta)<\/strong><\/h2>\n\n\n\n<figure class=\"wp-block-image size-large\"><a href=\"https:\/\/www.escapadarural.com\/blog\/wp-content\/uploads\/1200px-Puente_de_Valdepielago_sobre_el_rio_Curueno._Leon_2.jpg\"><img decoding=\"async\" src=\"https:\/\/www.escapadarural.com\/blog\/wp-content\/uploads\/1200px-Puente_de_Valdepielago_sobre_el_rio_Curueno._Leon_2-1024x768.jpg\" alt=\"\" class=\"wp-image-42044\"\/><\/a><figcaption class=\"wp-element-caption\">Valdepi\u00e9lago. Por LOBO QUIRCE<\/figcaption><\/figure>\n\n\n\n<p>El escritor, uno de los m\u00e1s apreciados de la escena literaria espa\u00f1ola actual, emprende un viaje a la tierra en la que pas\u00f3 su infancia. Originario de Vemi\u00e1n, un pueblo de la <a href=\"https:\/\/www.escapadarural.com\/casas-rurales?l=montana-de-riano\" class=\"rank-math-link\">monta\u00f1a oriental leonesa<\/a>, sigue el cauce del r\u00edo Curue\u00f1a para adentrarse en senderos, entablar conversaciones con lugare\u00f1os y comprobar que aquellos sitios que conoci\u00f3 de ni\u00f1o cambiaron sobre todo en n\u00famero de poblaci\u00f3n.<\/p>\n\n\n\n<p>Llamazares realiz\u00f3 este viaje nost\u00e1lgico en 1981, as\u00ed que el tiempo puede haber remodelado la vida en esos pueblos por los que se fue parando. <a href=\"https:\/\/www.escapadarural.com\/casas-rurales\/valdepielago\" class=\"rank-math-link\">Valdepi\u00e9lago<\/a> acoge a turistas que quieren conocer la zona y que posiblemente aumenten gracias a libros como este.<\/p>\n\n\n\n<h2 class=\"wp-block-heading\" id=\"h-aragon-ordesa-de-manuel-vilas-alfaguara\"><strong>Arag\u00f3n:<\/strong> <strong><em>Ordesa<\/em>, de Manuel Vilas (Alfaguara)<\/strong><\/h2>\n\n\n\n<figure class=\"wp-block-image size-large\"><a href=\"https:\/\/www.escapadarural.com\/blog\/wp-content\/uploads\/2017\/01\/Ordesa-y-Monte-Perdido-9-1.jpg\"><img decoding=\"async\" src=\"https:\/\/www.escapadarural.com\/blog\/wp-content\/uploads\/2017\/01\/Ordesa-y-Monte-Perdido-9-1.jpg\" alt=\"Ordesa y Monte Perdido\" class=\"wp-image-29553\"\/><\/a><figcaption class=\"wp-element-caption\">Ordesa y Monte Perdido. Por J.Santaugini<\/figcaption><\/figure>\n\n\n\n<p>Otro libro intimista y de car\u00e1cter autobiogr\u00e1fico, que se remonta a la infancia del autor para indagar en temas como la p\u00e9rdida de los seres queridos \u2013el padre y la madre\u2013 y el recuerdo geogr\u00e1fico. De ah\u00ed su t\u00edtulo, <a href=\"https:\/\/www.escapadarural.com\/casas-rurales\/ordesa-y-monte-perdido\" class=\"rank-math-link\">Ordesa<\/a>.<\/p>\n\n\n\n<p>Las palabras de Vilas, profesor de secundaria durante muchos a\u00f1os, llegaron al alma de los lectores que lo convirtieron en el libro revelaci\u00f3n de 2018 en gran parte gracias al boca a oreja. Adem\u00e1s, las buenas puntuaciones de la cr\u00edtica especializada terminaron de impulsar al t\u00edtulo al olimpo del prestigio literario.&nbsp;<\/p>\n\n\n\n<h2 class=\"wp-block-heading\" id=\"h-cataluna-mediterraneo-descapotable-viaje-ridiculo-por-aquel-pais-tan-feliz-de-inigo-dominguez-libros-del-k-o-nbsp\"><strong>Catalu\u00f1a:<\/strong> <strong><em>Mediterr\u00e1neo descapotable (Viaje rid\u00edculo por aquel pa\u00eds tan feliz), <\/em>de \u00ed\u00f1igo Dom\u00ednguez (Libros del K.O)&nbsp;<\/strong><\/h2>\n\n\n\n<figure class=\"wp-block-image size-large\"><a href=\"https:\/\/www.escapadarural.com\/blog\/wp-content\/uploads\/2017\/08\/Cadaqu\u00e9s2-680x466-1.jpg\"><img decoding=\"async\" src=\"https:\/\/www.escapadarural.com\/blog\/wp-content\/uploads\/2017\/08\/Cadaqu\u00e9s2-680x466-1.jpg\" alt=\"Cadaqu\u00e9s\" class=\"wp-image-28216\"\/><\/a><figcaption class=\"wp-element-caption\">Cadaqu\u00e9s. Por m. letschert<\/figcaption><\/figure>\n\n\n\n<p><a href=\"https:\/\/www.escapadarural.com\/casas-rurales\/cadaques\" class=\"rank-math-link\">Cadaqu\u00e9s<\/a> y el <a href=\"https:\/\/www.escapadarural.com\/casas-rurales\/cap-de-creus\" class=\"rank-math-link\">Cap de Creus<\/a> son dos de los lugares iniciales de la ruta que el periodista \u00cd\u00f1igo Dom\u00ednguez emprende un verano por la costa mediterr\u00e1nea del pa\u00eds. El modelo de turismo desaforado que se practic\u00f3 en Espa\u00f1a desde los a\u00f1os 60 del siglo pasado ha convertido algunos lugares en aut\u00e9nticos parques tem\u00e1ticos de lo que no deber\u00eda ser.&nbsp;<\/p>\n\n\n\n<p>Y el escritor pasa por todos ellos, describiendo lo que vive de una manera realmente hilarante. Una buena lectura para tomar conciencia de c\u00f3mo puede llegar a transformarse el paisaje y la vida de ciertos lugares si no se respetan.<\/p>\n\n\n\n<h2 class=\"wp-block-heading\" id=\"h-extremadura-el-secreto-del-agua-de-tomas-martin-tamayo-diputacion-de-badajoz\"><strong>Extremadura:<\/strong> <strong><em>El secreto del agua<\/em>, de Tom\u00e1s Mart\u00edn Tamayo (Diputaci\u00f3n de Badajoz)<\/strong><\/h2>\n\n\n\n<figure class=\"wp-block-image size-large\"><a href=\"https:\/\/www.escapadarural.com\/blog\/wp-content\/uploads\/48051536208_41feb21223_k.jpg\"><img decoding=\"async\" src=\"https:\/\/www.escapadarural.com\/blog\/wp-content\/uploads\/48051536208_41feb21223_k-1024x591.jpg\" alt=\"\" class=\"wp-image-42048\"\/><\/a><figcaption class=\"wp-element-caption\">Alange. Por kadege59<\/figcaption><\/figure>\n\n\n\n<p>\u200b\u200bLos pueblos anegados por el agua de lo que acab\u00f3 siendo un pantano no son una rareza en Espa\u00f1a (de hecho en <a class=\"rank-math-link\" href=\"https:\/\/www.escapadarural.com\/casas-rurales\/extremadura\">Extremadura<\/a> suman 21) y Tom\u00e1s Mart\u00edn Tamayo decidi\u00f3 en su momento escribir un libro sobre la historia de uno de esos lugares, situado en una localidad de <a class=\"rank-math-link\" href=\"https:\/\/www.escapadarural.com\/casas-rurales\/badajoz\">Badajoz<\/a> llamada <a href=\"https:\/\/www.escapadarural.com\/casas-rurales\/alange\" class=\"rank-math-link\">Alange<\/a>.<\/p>\n\n\n\n<p>En la trama del libro \u2013en el que destaca el inter\u00e9s por la vida rural\u2013 hay misterios, cr\u00edmenes, resentimientos y venganzas entre vecinos. La Diputaci\u00f3n de Badajoz fue la encargada de editar y publicar el libro en 2017.<\/p>\n\n\n\n<h2 class=\"wp-block-heading\" id=\"h-madrid-manolito-gafotas-de-elvira-lindo-seix-barral\"><strong>Madrid:<\/strong> <strong><em>Manolito Gafotas<\/em>, de Elvira Lindo (Seix Barral)<\/strong><\/h2>\n\n\n\n<figure class=\"wp-block-image size-large\"><a href=\"https:\/\/www.escapadarural.com\/blog\/wp-content\/uploads\/1200px-Llegan_a_Carabanchel_Alto_las_fiestas_de_San_Pedro_04.jpg\"><img decoding=\"async\" src=\"https:\/\/www.escapadarural.com\/blog\/wp-content\/uploads\/1200px-Llegan_a_Carabanchel_Alto_las_fiestas_de_San_Pedro_04-1024x768.jpg\" alt=\"\" class=\"wp-image-42053\"\/><\/a><figcaption class=\"wp-element-caption\">Por Diario de Madrid<\/figcaption><\/figure>\n\n\n\n<p>Pasar el verano en la ciudad no es f\u00e1cil y menos en una gran urbe en la que aprieta el calor como es <a href=\"https:\/\/www.escapadarural.com\/casas-rurales\/madrid\" class=\"rank-math-link\">Madrid<\/a>. El protagonista de este libro, que ya se ha convertido en un cl\u00e1sico, vive en el barrio de Carabanchel Alto y todo el mundo le llama Manolito Gafotas. No es al \u00fanico al que le ponen un mote: de hecho, \u00e9l mismo llama a su hermano El Imb\u00e9cil. Y as\u00ed todo.&nbsp;<\/p>\n\n\n\n<p>No es un libro que incite precisamente a escoger un lugar para escaparse sino que m\u00e1s bien indica el sitio en el que no es precisamente agradable pasar un est\u00edo achicharrante. Es posible que a la cuarta p\u00e1gina ya se est\u00e9 fantaseando con un destino diferente al del protagonista, aunque sea entre las risas que provoca su entra\u00f1able personaje.<\/p>\n\n\n\n<h2 class=\"wp-block-heading\" id=\"h-castilla-la-mancha-mi-horizonte-es-mi-tumba-de-jorge-ortega-garcia-editorial-atlantis\"><strong>Castilla &#8211; La Mancha:<\/strong> <strong><em>Mi horizonte es mi tumba<\/em>, de Jorge Ortega Garc\u00eda (editorial Atlantis)<\/strong><\/h2>\n\n\n\n<figure class=\"wp-block-image size-large\"><a href=\"https:\/\/www.escapadarural.com\/blog\/wp-content\/uploads\/2020\/04\/Castilla-La-mancha-4-1.jpg\"><img decoding=\"async\" src=\"https:\/\/www.escapadarural.com\/blog\/wp-content\/uploads\/2020\/04\/Castilla-La-mancha-4-1-1024x683.jpg\" alt=\"Casas Colgadas\" class=\"wp-image-18012\"\/><\/a><figcaption class=\"wp-element-caption\">Cuenca. Por Iakov Filimonov<\/figcaption><\/figure>\n\n\n\n<p>Jorge Ortega escogi\u00f3 la zona rural de su lugar de origen, <a href=\"https:\/\/www.escapadarural.com\/casas-rurales\/serrania-de-cuenca\" class=\"rank-math-link\">Cuenca<\/a>, para emplazar la historia del asesinato del alcalde y el m\u00e9dico de un peque\u00f1o pueblo. El suceso tiene lugar a finales de los a\u00f1os 50 del siglo XX y es el brigada Valencia la persona a la que encomiendan la labor de resolver el crimen con la ayuda de un equipo de la Guardia Civil rural. Una buena manera de dar emoci\u00f3n a unas vacaciones en el interior.<\/p>\n\n\n\n<h2 class=\"wp-block-heading\" id=\"h-comunidad-valenciana-hasta-que-salga-el-sol-de-megan-maxwell-editorial-planeta-nbsp\"><strong>Comunidad Valenciana:<\/strong> <strong><em>Hasta que salga el sol<\/em>, de Megan Maxwell (editorial Planeta)&nbsp;<\/strong><\/h2>\n\n\n\n<figure class=\"wp-block-image size-large\"><a href=\"https:\/\/www.escapadarural.com\/blog\/wp-content\/uploads\/1280px-Benicassim_Torreon_37241068051.jpg\"><img decoding=\"async\" src=\"https:\/\/www.escapadarural.com\/blog\/wp-content\/uploads\/1280px-Benicassim_Torreon_37241068051-1024x683.jpg\" alt=\"\" class=\"wp-image-42043\"\/><\/a><figcaption class=\"wp-element-caption\">Benicassim. Por \tMartin Cox<\/figcaption><\/figure>\n\n\n\n<p>Despu\u00e9s de tanto crimen, llega el momento del romance de la mano de Megan Maxwell. Muchos se preguntar\u00e1n qu\u00e9 ha llevado a una autora anglosajona a utilizar Benic\u00e0ssim como escenario de acci\u00f3n (\u00bfquiz\u00e1 estuvo de vacaciones?) pero la explicaci\u00f3n es muy sencilla a la par que sorprendente. Megan Maxwell es en realidad el pseud\u00f3nimo de Mar\u00eda del Carmen Rodr\u00edguez del \u00c1lamo L\u00e1zaro, una escritora que idea sus tramas desde su chalet situado a las afueras de Madrid y que es una de las que m\u00e1s vende en Espa\u00f1a.<\/p>\n\n\n\n<p>Este libro est\u00e1 protagonizado por dos hermanas que no tienen nada que ver en cuesti\u00f3n de car\u00e1cter, que se enamoran a la vez \u2013cada una de un hombre, no del mismo\u2013 y que se pasan el verano disfrutando de la buena vida en el pueblo de <a href=\"https:\/\/www.escapadarural.com\/casas-rurales\/castellon\" class=\"rank-math-link\">Castell\u00f3n<\/a> y sus alrededores, como Burriana.<\/p>\n\n\n\n<h2 class=\"wp-block-heading\" id=\"h-murcia-el-lobo-de-periago-historias-de-la-murcia-rural-de-manuel-moyano-natursport\"><strong>Murcia:<\/strong> <strong><em>El lobo de Periago. Historias de la Murcia rural<\/em>, de Manuel Moyano (Natursport)<\/strong><\/h2>\n\n\n\n<figure class=\"wp-block-image size-large\"><a href=\"https:\/\/www.escapadarural.com\/blog\/wp-content\/uploads\/1280px-Molina_de_Segura_-_LOMA_DE_PLANES_y_SIERRA_DE_LA_PILA_desde_el_PARQUE_ECOLOGICO_VICENTE_BLANES.jpg\"><img decoding=\"async\" src=\"https:\/\/www.escapadarural.com\/blog\/wp-content\/uploads\/1280px-Molina_de_Segura_-_LOMA_DE_PLANES_y_SIERRA_DE_LA_PILA_desde_el_PARQUE_ECOLOGICO_VICENTE_BLANES-1024x682.jpg\" alt=\"\" class=\"wp-image-42052\"\/><\/a><figcaption class=\"wp-element-caption\">Por Molina de Segura<\/figcaption><\/figure>\n\n\n\n<p>Manuel Moyano se qued\u00f3 prendado de un grupo de mujeres que vio lavando la ropa en un lavadero comunitario en <a href=\"https:\/\/www.escapadarural.com\/casas-rurales\/calatanazor\" class=\"rank-math-link\">Calata\u00f1azor<\/a> en un viaje con sus padres por <a href=\"https:\/\/www.escapadarural.com\/casas-rurales\/castilla-y-leon\" class=\"rank-math-link\">Castilla y Le\u00f3n<\/a>. Tres d\u00e9cadas despu\u00e9s, decidi\u00f3 remontarse a los tiempos antiguos de la tierra en la que vive actualmente, <a href=\"https:\/\/www.escapadarural.com\/casas-rurales\/murcia\" class=\"rank-math-link\">Murcia<\/a> (en concreto en <a href=\"https:\/\/www.escapadarural.com\/casas-rurales\/molina-de-segura\" class=\"rank-math-link\">Molina de Segura<\/a>) para escribir una serie de retratos sobre su mundo rural y profundo.&nbsp;<\/p>\n\n\n\n<h2 class=\"wp-block-heading\" id=\"h-andalucia-los-aires-dificiles-de-almudena-grandes-tusquets\"><strong>Andaluc\u00eda:<\/strong> <strong><em>Los aires dif\u00edciles<\/em>, de Almudena Grandes (Tusquets)<\/strong><\/h2>\n\n\n\n<figure class=\"wp-block-image size-large\"><a href=\"https:\/\/www.escapadarural.com\/blog\/wp-content\/uploads\/2020\/07\/landscape-of-atlanterra-beach-from-mountain-in-cape-plata-in-zahara-de-los-atunes-village-cadiz-andalusia-spain-stockpack-adobe-stock-scaled.jpg\"><img decoding=\"async\" src=\"https:\/\/www.escapadarural.com\/blog\/wp-content\/uploads\/2020\/07\/landscape-of-atlanterra-beach-from-mountain-in-cape-plata-in-zahara-de-los-atunes-village-cadiz-andalusia-spain-stockpack-adobe-stock-1024x683.jpg\" alt=\"landscape of Atlanterra Beach, from mountain in Cape Plata, in Zahara de los Atunes village (Cadiz, Andalusia, Spain)\" class=\"wp-image-27027\"\/><\/a><figcaption class=\"wp-element-caption\">C\u00e1diz. Por Q<\/figcaption><\/figure>\n\n\n\n<p>Grandes, experta en describir los sentimientos encontrados que pueden darse en cualquier persona, sit\u00faa a los protagonistas de su novela en la costa de <a class=\"rank-math-link\" href=\"https:\/\/www.escapadarural.com\/casas-rurales\/cadiz\">C\u00e1diz<\/a>. Es un pueblo m\u00e1s peque\u00f1o que <a href=\"https:\/\/www.escapadarural.com\/casas-rurales\/el-puerto-de-santa-maria\" class=\"rank-math-link\">Puerto de Santa Mar\u00eda<\/a>, en el que el levante sopla con ganas cuando aparece, desestabilizando el orden de las vidas de los vecinos.&nbsp;<\/p>\n\n\n\n<p>Quienes hayan vivido esos arranques de viento sabr\u00e1n cu\u00e1l es la sensaci\u00f3n y tambi\u00e9n que merece la pena viajar al sur del pa\u00eds pese al aire o cualquier otro inconveniente meteorol\u00f3gico. Un plato de puntillitas y un rebujito solucionan cualquier cosa.<\/p>\n\n\n\n<h2 class=\"wp-block-heading\" id=\"h-islas-canarias-garoe-de-alberto-vazquez-figueroa-martinez-roca\"><strong>Islas Canarias:<\/strong> <em>Garo\u00e9<\/em>, de Alberto V\u00e1zquez-Figueroa (Mart\u00ednez Roca)<\/h2>\n\n\n\n<figure class=\"wp-block-image size-large\"><a href=\"https:\/\/www.escapadarural.com\/blog\/wp-content\/uploads\/isla-de-el-hierro_27224735275_o.jpg\"><img decoding=\"async\" src=\"https:\/\/www.escapadarural.com\/blog\/wp-content\/uploads\/isla-de-el-hierro_27224735275_o-1024x768.jpg\" alt=\"Garo\u00e9\" class=\"wp-image-39471\"\/><\/a><figcaption class=\"wp-element-caption\">Garo\u00e9. Por Estel Soro<\/figcaption><\/figure>\n\n\n\n<p>El Garo\u00e9, tambi\u00e9n conocido como til o tilo, es un \u00e1rbol al que los bimbaches (los primeros pobladores de la isla de <a href=\"https:\/\/www.escapadarural.com\/casas-rurales\/el-hierro\" class=\"rank-math-link\">El Hierro<\/a>) consideraban sagrado. Es uno de sus s\u00edmbolos y, de hecho, sale en el escudo oficial de la \u00ednsula. El escritor, nacido en <a href=\"https:\/\/www.escapadarural.com\/casas-rurales\/santa-cruz-de-tenerife_santa-cruz-de-tenerife\" class=\"rank-math-link\">Santa Cruz de Tenerife<\/a> y buen conocedor de la historia de su tierra, ubic\u00f3 la acci\u00f3n de su novela hist\u00f3rica, publicada en 2010, en la isla del garo\u00e9.&nbsp;<\/p>\n\n\n\n<p>En ella aparecen elementos como los derechos de los abor\u00edgenes, el tr\u00e1fico de esclavos, las injusticias colonialistas, el amor rom\u00e1ntico y las dudas entre la lealtad a los superiores o a los propios sentimientos. El p\u00fablico aplaudi\u00f3 con ganas la obra y la cr\u00edtica le concedi\u00f3 el Premio de Novela Hist\u00f3rica Alfonso X El Sabio.&nbsp;<\/p>\n\n\n\n<h2 class=\"wp-block-heading\" id=\"h-islas-baleares-pan-de-limon-con-semillas-de-amapola-de-cristina-campos-editorial-planeta\"><strong>Islas Baleares<\/strong>: <em>Pan de lim\u00f3n con semillas de amapola<\/em>, de Cristina Campos (editorial Planeta)<\/h2>\n\n\n\n<figure class=\"wp-block-image size-large\"><a href=\"https:\/\/www.escapadarural.com\/blog\/wp-content\/uploads\/2016\/03\/Atardeceres-1.jpg\"><img decoding=\"async\" src=\"https:\/\/www.escapadarural.com\/blog\/wp-content\/uploads\/2016\/03\/Atardeceres-1-1024x701.jpg\" alt=\"Valdemossa\" class=\"wp-image-31721\"\/><\/a><figcaption class=\"wp-element-caption\">Atardecer en Valdemossa (Mallorca). Por Boris Stroujko<\/figcaption><\/figure>\n\n\n\n<p>Una historia de dos hermanas a las que separaron en la juventud y que no se vuelven a encontrar hasta que son adultas, cuando reciben una misteriosa herencia: una panader\u00eda situada en <a href=\"https:\/\/www.escapadarural.com\/casas-rurales\/valldemossa\" class=\"rank-math-link\">Valldemossa<\/a>, un pueblo de <a href=\"https:\/\/www.escapadarural.com\/casas-rurales\/mallorca\" class=\"rank-math-link\">Mallorca<\/a>. La propietaria original era una mujer a la que ni Anna y Marina, las dos protagonistas, recuerdan en absoluto.<\/p>\n\n\n\n<p>Las dos mujeres, que llevan vidas completamente diferentes, se reencuentran gracias a este enigma que cambiar\u00e1 sus realidades por completo y, a la par que intentan desentra\u00f1arlo, tambi\u00e9n recuerdan conflictos de familia y estrechan su relaci\u00f3n.<\/p>\n","protected":false},"excerpt":{"rendered":"<p>Espa\u00f1a en general ha servido de escenario para las haza\u00f1as de muchos protagonistas. Siguiendo este criterio, se puede elaborar una lista de 17 libros, uno por cada comunidad aut\u00f3noma. \u00bfQu\u00e9 mejor manera de imaginar la acci\u00f3n que conociendo el lugar? Aqu\u00ed van nuestras recomendaciones, cargadas de cr\u00edmenes, detectives, viajes y algo de romanticismo.<\/p>\n","protected":false},"author":114,"featured_media":113093,"comment_status":"open","ping_status":"open","sticky":false,"template":"","format":"standard","meta":{"_acf_changed":false,"om_disable_all_campaigns":false,"footnotes":""},"categories":[231],"tags":[294,3461,2482,1319,215,1071,2769,840],"class_list":["post-41638","post","type-post","status-publish","format-standard","has-post-thumbnail","hentry","category-arte-y-cultura","tag-cultura","tag-cultura-rural","tag-lectura","tag-libros","tag-listado","tag-vacaciones","tag-verano-rural","tag-viajes"],"acf":[],"featured_image_src":"https:\/\/www.escapadarural.com\/blog\/wp-content\/uploads\/2018\/04\/Libro-2-1024x683-1.jpg","author_info":{"display_name":"Carmen L\u00f3pez","author_link":"https:\/\/www.escapadarural.com\/blog\/autor\/carmenlopez\/"},"yoast_head":"<!-- This site is optimized with the Yoast SEO plugin v27.2 - https:\/\/yoast.com\/product\/yoast-seo-wordpress\/ -->\n<title>Un t\u00edtulo para cada destino: 17 comunidades, 17 libros - EscapadaRural<\/title>\n<meta name=\"robots\" content=\"index, follow, max-snippet:-1, max-image-preview:large, max-video-preview:-1\" \/>\n<link rel=\"canonical\" href=\"https:\/\/www.escapadarural.com\/blog\/un-titulo-para-cada-destino-17-comunidades-17-libros\/\" \/>\n<meta property=\"og:locale\" content=\"es_ES\" \/>\n<meta property=\"og:type\" content=\"article\" \/>\n<meta property=\"og:title\" content=\"Un t\u00edtulo para cada destino: 17 comunidades, 17 libros - EscapadaRural\" \/>\n<meta property=\"og:description\" content=\"Espa\u00f1a en general ha servido de escenario para las haza\u00f1as de muchos protagonistas. Siguiendo este criterio, se puede elaborar una lista de 17 libros, uno por cada comunidad aut\u00f3noma. \u00bfQu\u00e9 mejor manera de imaginar la acci\u00f3n que conociendo el lugar? Aqu\u00ed van nuestras recomendaciones, cargadas de cr\u00edmenes, detectives, viajes y algo de romanticismo.\" \/>\n<meta property=\"og:url\" content=\"https:\/\/www.escapadarural.com\/blog\/un-titulo-para-cada-destino-17-comunidades-17-libros\/\" \/>\n<meta property=\"og:site_name\" content=\"Magazine de viajes de EscapadaRural\" \/>\n<meta property=\"article:publisher\" content=\"https:\/\/www.facebook.com\/escapadarural\" \/>\n<meta property=\"article:published_time\" content=\"2021-08-27T09:11:43+00:00\" \/>\n<meta property=\"article:modified_time\" content=\"2025-08-11T12:23:50+00:00\" \/>\n<meta property=\"og:image\" content=\"https:\/\/www.escapadarural.com\/blog\/wp-content\/uploads\/2018\/04\/Libro-2-1024x683-1.jpg?v=1754915031\" \/>\n\t<meta property=\"og:image:width\" content=\"1024\" \/>\n\t<meta property=\"og:image:height\" content=\"683\" \/>\n\t<meta property=\"og:image:type\" content=\"image\/jpeg\" \/>\n<meta name=\"author\" content=\"Carmen L\u00f3pez\" \/>\n<meta name=\"twitter:card\" content=\"summary_large_image\" \/>\n<meta name=\"twitter:label1\" content=\"Escrito por\" \/>\n\t<meta name=\"twitter:data1\" content=\"Carmen L\u00f3pez\" \/>\n\t<meta name=\"twitter:label2\" content=\"Tiempo de lectura\" \/>\n\t<meta name=\"twitter:data2\" content=\"12 minutos\" \/>\n<script type=\"application\/ld+json\" class=\"yoast-schema-graph\">{\"@context\":\"https:\/\/schema.org\",\"@graph\":[{\"@type\":\"Article\",\"@id\":\"https:\/\/www.escapadarural.com\/blog\/un-titulo-para-cada-destino-17-comunidades-17-libros\/#article\",\"isPartOf\":{\"@id\":\"https:\/\/www.escapadarural.com\/blog\/un-titulo-para-cada-destino-17-comunidades-17-libros\/\"},\"author\":{\"name\":\"Carmen L\u00f3pez\",\"@id\":\"https:\/\/www.escapadarural.com\/blog\/#\/schema\/person\/42dfdff6118172efc6a04c8ae599a2ce\"},\"headline\":\"Un t\u00edtulo para cada destino: 17 comunidades, 17 libros\",\"datePublished\":\"2021-08-27T09:11:43+00:00\",\"dateModified\":\"2025-08-11T12:23:50+00:00\",\"mainEntityOfPage\":{\"@id\":\"https:\/\/www.escapadarural.com\/blog\/un-titulo-para-cada-destino-17-comunidades-17-libros\/\"},\"wordCount\":2458,\"commentCount\":0,\"publisher\":{\"@id\":\"https:\/\/www.escapadarural.com\/blog\/#organization\"},\"image\":{\"@id\":\"https:\/\/www.escapadarural.com\/blog\/un-titulo-para-cada-destino-17-comunidades-17-libros\/#primaryimage\"},\"thumbnailUrl\":\"https:\/\/www.escapadarural.com\/blog\/wp-content\/uploads\/2018\/04\/Libro-2-1024x683-1.jpg\",\"keywords\":[\"cultura\",\"cultura rural\",\"Lectura\",\"Libros\",\"Listado\",\"vacaciones\",\"verano rural\",\"viajes\"],\"articleSection\":[\"Arte y Cultura\"],\"inLanguage\":\"es\",\"potentialAction\":[{\"@type\":\"CommentAction\",\"name\":\"Comment\",\"target\":[\"https:\/\/www.escapadarural.com\/blog\/un-titulo-para-cada-destino-17-comunidades-17-libros\/#respond\"]}]},{\"@type\":\"WebPage\",\"@id\":\"https:\/\/www.escapadarural.com\/blog\/un-titulo-para-cada-destino-17-comunidades-17-libros\/\",\"url\":\"https:\/\/www.escapadarural.com\/blog\/un-titulo-para-cada-destino-17-comunidades-17-libros\/\",\"name\":\"Un t\u00edtulo para cada destino: 17 comunidades, 17 libros - EscapadaRural\",\"isPartOf\":{\"@id\":\"https:\/\/www.escapadarural.com\/blog\/#website\"},\"primaryImageOfPage\":{\"@id\":\"https:\/\/www.escapadarural.com\/blog\/un-titulo-para-cada-destino-17-comunidades-17-libros\/#primaryimage\"},\"image\":{\"@id\":\"https:\/\/www.escapadarural.com\/blog\/un-titulo-para-cada-destino-17-comunidades-17-libros\/#primaryimage\"},\"thumbnailUrl\":\"https:\/\/www.escapadarural.com\/blog\/wp-content\/uploads\/2018\/04\/Libro-2-1024x683-1.jpg\",\"datePublished\":\"2021-08-27T09:11:43+00:00\",\"dateModified\":\"2025-08-11T12:23:50+00:00\",\"breadcrumb\":{\"@id\":\"https:\/\/www.escapadarural.com\/blog\/un-titulo-para-cada-destino-17-comunidades-17-libros\/#breadcrumb\"},\"inLanguage\":\"es\",\"potentialAction\":[{\"@type\":\"ReadAction\",\"target\":[\"https:\/\/www.escapadarural.com\/blog\/un-titulo-para-cada-destino-17-comunidades-17-libros\/\"]}]},{\"@type\":\"ImageObject\",\"inLanguage\":\"es\",\"@id\":\"https:\/\/www.escapadarural.com\/blog\/un-titulo-para-cada-destino-17-comunidades-17-libros\/#primaryimage\",\"url\":\"https:\/\/www.escapadarural.com\/blog\/wp-content\/uploads\/2018\/04\/Libro-2-1024x683-1.jpg\",\"contentUrl\":\"https:\/\/www.escapadarural.com\/blog\/wp-content\/uploads\/2018\/04\/Libro-2-1024x683-1.jpg\",\"width\":1024,\"height\":683,\"caption\":\"Ni\u00f1a leyendo un libro\"},{\"@type\":\"BreadcrumbList\",\"@id\":\"https:\/\/www.escapadarural.com\/blog\/un-titulo-para-cada-destino-17-comunidades-17-libros\/#breadcrumb\",\"itemListElement\":[{\"@type\":\"ListItem\",\"position\":1,\"name\":\"Inicio\",\"item\":\"https:\/\/www.escapadarural.com\/blog\/\"},{\"@type\":\"ListItem\",\"position\":2,\"name\":\"Arte y Cultura\",\"item\":\"https:\/\/www.escapadarural.com\/blog\/categoria\/arte-y-cultura\/\"},{\"@type\":\"ListItem\",\"position\":3,\"name\":\"Un t\u00edtulo para cada destino: 17 comunidades, 17 libros\"}]},{\"@type\":\"WebSite\",\"@id\":\"https:\/\/www.escapadarural.com\/blog\/#website\",\"url\":\"https:\/\/www.escapadarural.com\/blog\/\",\"name\":\"Blog de viajes | turismo rural, alojamientos e inspiraci\u00f3n\",\"description\":\"Alojamientos rurales e inspiraci\u00f3n para tus escapadas\",\"publisher\":{\"@id\":\"https:\/\/www.escapadarural.com\/blog\/#organization\"},\"alternateName\":\"Magazine de viajes de EscapadaRural\",\"potentialAction\":[{\"@type\":\"SearchAction\",\"target\":{\"@type\":\"EntryPoint\",\"urlTemplate\":\"https:\/\/www.escapadarural.com\/blog\/?s={search_term_string}\"},\"query-input\":{\"@type\":\"PropertyValueSpecification\",\"valueRequired\":true,\"valueName\":\"search_term_string\"}}],\"inLanguage\":\"es\"},{\"@type\":\"Organization\",\"@id\":\"https:\/\/www.escapadarural.com\/blog\/#organization\",\"name\":\"EscapadaRural\",\"url\":\"https:\/\/www.escapadarural.com\/blog\/\",\"logo\":{\"@type\":\"ImageObject\",\"inLanguage\":\"es\",\"@id\":\"https:\/\/www.escapadarural.com\/blog\/#\/schema\/logo\/image\/\",\"url\":\"https:\/\/www.escapadarural.com\/blog\/wp-content\/uploads\/2024\/10\/cropped-cropped-escapada-rural-icon-mag-3.png\",\"contentUrl\":\"https:\/\/www.escapadarural.com\/blog\/wp-content\/uploads\/2024\/10\/cropped-cropped-escapada-rural-icon-mag-3.png\",\"width\":512,\"height\":512,\"caption\":\"EscapadaRural\"},\"image\":{\"@id\":\"https:\/\/www.escapadarural.com\/blog\/#\/schema\/logo\/image\/\"},\"sameAs\":[\"https:\/\/www.facebook.com\/escapadarural\",\"https:\/\/www.instagram.com\/escapadarural\/\",\"https:\/\/www.youtube.com\/@escapadaruralcom\"]},{\"@type\":\"Person\",\"@id\":\"https:\/\/www.escapadarural.com\/blog\/#\/schema\/person\/42dfdff6118172efc6a04c8ae599a2ce\",\"name\":\"Carmen L\u00f3pez\",\"image\":{\"@type\":\"ImageObject\",\"inLanguage\":\"es\",\"@id\":\"https:\/\/www.escapadarural.com\/blog\/wp-content\/uploads\/2024\/11\/cropped-perfil_eldiario-96x96-1-96x96.jpeg\",\"url\":\"https:\/\/www.escapadarural.com\/blog\/wp-content\/uploads\/2024\/11\/cropped-perfil_eldiario-96x96-1-96x96.jpeg\",\"contentUrl\":\"https:\/\/www.escapadarural.com\/blog\/wp-content\/uploads\/2024\/11\/cropped-perfil_eldiario-96x96-1-96x96.jpeg\",\"caption\":\"Carmen L\u00f3pez\"},\"description\":\"Soy periodista y escribo sobre cosas que importan en sitios que interesan desde hace m\u00e1s de una d\u00e9cada.\",\"url\":\"https:\/\/www.escapadarural.com\/blog\/autor\/carmenlopez\/\"}]}<\/script>\n<!-- \/ Yoast SEO plugin. -->","yoast_head_json":{"title":"Un t\u00edtulo para cada destino: 17 comunidades, 17 libros - EscapadaRural","robots":{"index":"index","follow":"follow","max-snippet":"max-snippet:-1","max-image-preview":"max-image-preview:large","max-video-preview":"max-video-preview:-1"},"canonical":"https:\/\/www.escapadarural.com\/blog\/un-titulo-para-cada-destino-17-comunidades-17-libros\/","og_locale":"es_ES","og_type":"article","og_title":"Un t\u00edtulo para cada destino: 17 comunidades, 17 libros - EscapadaRural","og_description":"Espa\u00f1a en general ha servido de escenario para las haza\u00f1as de muchos protagonistas. Siguiendo este criterio, se puede elaborar una lista de 17 libros, uno por cada comunidad aut\u00f3noma. \u00bfQu\u00e9 mejor manera de imaginar la acci\u00f3n que conociendo el lugar? Aqu\u00ed van nuestras recomendaciones, cargadas de cr\u00edmenes, detectives, viajes y algo de romanticismo.","og_url":"https:\/\/www.escapadarural.com\/blog\/un-titulo-para-cada-destino-17-comunidades-17-libros\/","og_site_name":"Magazine de viajes de EscapadaRural","article_publisher":"https:\/\/www.facebook.com\/escapadarural","article_published_time":"2021-08-27T09:11:43+00:00","article_modified_time":"2025-08-11T12:23:50+00:00","og_image":[{"width":1024,"height":683,"url":"https:\/\/www.escapadarural.com\/blog\/wp-content\/uploads\/2018\/04\/Libro-2-1024x683-1.jpg?v=1754915031","type":"image\/jpeg"}],"author":"Carmen L\u00f3pez","twitter_card":"summary_large_image","twitter_misc":{"Escrito por":"Carmen L\u00f3pez","Tiempo de lectura":"12 minutos"},"schema":{"@context":"https:\/\/schema.org","@graph":[{"@type":"Article","@id":"https:\/\/www.escapadarural.com\/blog\/un-titulo-para-cada-destino-17-comunidades-17-libros\/#article","isPartOf":{"@id":"https:\/\/www.escapadarural.com\/blog\/un-titulo-para-cada-destino-17-comunidades-17-libros\/"},"author":{"name":"Carmen L\u00f3pez","@id":"https:\/\/www.escapadarural.com\/blog\/#\/schema\/person\/42dfdff6118172efc6a04c8ae599a2ce"},"headline":"Un t\u00edtulo para cada destino: 17 comunidades, 17 libros","datePublished":"2021-08-27T09:11:43+00:00","dateModified":"2025-08-11T12:23:50+00:00","mainEntityOfPage":{"@id":"https:\/\/www.escapadarural.com\/blog\/un-titulo-para-cada-destino-17-comunidades-17-libros\/"},"wordCount":2458,"commentCount":0,"publisher":{"@id":"https:\/\/www.escapadarural.com\/blog\/#organization"},"image":{"@id":"https:\/\/www.escapadarural.com\/blog\/un-titulo-para-cada-destino-17-comunidades-17-libros\/#primaryimage"},"thumbnailUrl":"https:\/\/www.escapadarural.com\/blog\/wp-content\/uploads\/2018\/04\/Libro-2-1024x683-1.jpg","keywords":["cultura","cultura rural","Lectura","Libros","Listado","vacaciones","verano rural","viajes"],"articleSection":["Arte y Cultura"],"inLanguage":"es","potentialAction":[{"@type":"CommentAction","name":"Comment","target":["https:\/\/www.escapadarural.com\/blog\/un-titulo-para-cada-destino-17-comunidades-17-libros\/#respond"]}]},{"@type":"WebPage","@id":"https:\/\/www.escapadarural.com\/blog\/un-titulo-para-cada-destino-17-comunidades-17-libros\/","url":"https:\/\/www.escapadarural.com\/blog\/un-titulo-para-cada-destino-17-comunidades-17-libros\/","name":"Un t\u00edtulo para cada destino: 17 comunidades, 17 libros - EscapadaRural","isPartOf":{"@id":"https:\/\/www.escapadarural.com\/blog\/#website"},"primaryImageOfPage":{"@id":"https:\/\/www.escapadarural.com\/blog\/un-titulo-para-cada-destino-17-comunidades-17-libros\/#primaryimage"},"image":{"@id":"https:\/\/www.escapadarural.com\/blog\/un-titulo-para-cada-destino-17-comunidades-17-libros\/#primaryimage"},"thumbnailUrl":"https:\/\/www.escapadarural.com\/blog\/wp-content\/uploads\/2018\/04\/Libro-2-1024x683-1.jpg","datePublished":"2021-08-27T09:11:43+00:00","dateModified":"2025-08-11T12:23:50+00:00","breadcrumb":{"@id":"https:\/\/www.escapadarural.com\/blog\/un-titulo-para-cada-destino-17-comunidades-17-libros\/#breadcrumb"},"inLanguage":"es","potentialAction":[{"@type":"ReadAction","target":["https:\/\/www.escapadarural.com\/blog\/un-titulo-para-cada-destino-17-comunidades-17-libros\/"]}]},{"@type":"ImageObject","inLanguage":"es","@id":"https:\/\/www.escapadarural.com\/blog\/un-titulo-para-cada-destino-17-comunidades-17-libros\/#primaryimage","url":"https:\/\/www.escapadarural.com\/blog\/wp-content\/uploads\/2018\/04\/Libro-2-1024x683-1.jpg","contentUrl":"https:\/\/www.escapadarural.com\/blog\/wp-content\/uploads\/2018\/04\/Libro-2-1024x683-1.jpg","width":1024,"height":683,"caption":"Ni\u00f1a leyendo un libro"},{"@type":"BreadcrumbList","@id":"https:\/\/www.escapadarural.com\/blog\/un-titulo-para-cada-destino-17-comunidades-17-libros\/#breadcrumb","itemListElement":[{"@type":"ListItem","position":1,"name":"Inicio","item":"https:\/\/www.escapadarural.com\/blog\/"},{"@type":"ListItem","position":2,"name":"Arte y Cultura","item":"https:\/\/www.escapadarural.com\/blog\/categoria\/arte-y-cultura\/"},{"@type":"ListItem","position":3,"name":"Un t\u00edtulo para cada destino: 17 comunidades, 17 libros"}]},{"@type":"WebSite","@id":"https:\/\/www.escapadarural.com\/blog\/#website","url":"https:\/\/www.escapadarural.com\/blog\/","name":"Blog de viajes | turismo rural, alojamientos e inspiraci\u00f3n","description":"Alojamientos rurales e inspiraci\u00f3n para tus escapadas","publisher":{"@id":"https:\/\/www.escapadarural.com\/blog\/#organization"},"alternateName":"Magazine de viajes de EscapadaRural","potentialAction":[{"@type":"SearchAction","target":{"@type":"EntryPoint","urlTemplate":"https:\/\/www.escapadarural.com\/blog\/?s={search_term_string}"},"query-input":{"@type":"PropertyValueSpecification","valueRequired":true,"valueName":"search_term_string"}}],"inLanguage":"es"},{"@type":"Organization","@id":"https:\/\/www.escapadarural.com\/blog\/#organization","name":"EscapadaRural","url":"https:\/\/www.escapadarural.com\/blog\/","logo":{"@type":"ImageObject","inLanguage":"es","@id":"https:\/\/www.escapadarural.com\/blog\/#\/schema\/logo\/image\/","url":"https:\/\/www.escapadarural.com\/blog\/wp-content\/uploads\/2024\/10\/cropped-cropped-escapada-rural-icon-mag-3.png","contentUrl":"https:\/\/www.escapadarural.com\/blog\/wp-content\/uploads\/2024\/10\/cropped-cropped-escapada-rural-icon-mag-3.png","width":512,"height":512,"caption":"EscapadaRural"},"image":{"@id":"https:\/\/www.escapadarural.com\/blog\/#\/schema\/logo\/image\/"},"sameAs":["https:\/\/www.facebook.com\/escapadarural","https:\/\/www.instagram.com\/escapadarural\/","https:\/\/www.youtube.com\/@escapadaruralcom"]},{"@type":"Person","@id":"https:\/\/www.escapadarural.com\/blog\/#\/schema\/person\/42dfdff6118172efc6a04c8ae599a2ce","name":"Carmen L\u00f3pez","image":{"@type":"ImageObject","inLanguage":"es","@id":"https:\/\/www.escapadarural.com\/blog\/wp-content\/uploads\/2024\/11\/cropped-perfil_eldiario-96x96-1-96x96.jpeg","url":"https:\/\/www.escapadarural.com\/blog\/wp-content\/uploads\/2024\/11\/cropped-perfil_eldiario-96x96-1-96x96.jpeg","contentUrl":"https:\/\/www.escapadarural.com\/blog\/wp-content\/uploads\/2024\/11\/cropped-perfil_eldiario-96x96-1-96x96.jpeg","caption":"Carmen L\u00f3pez"},"description":"Soy periodista y escribo sobre cosas que importan en sitios que interesan desde hace m\u00e1s de una d\u00e9cada.","url":"https:\/\/www.escapadarural.com\/blog\/autor\/carmenlopez\/"}]}},"_links":{"self":[{"href":"https:\/\/www.escapadarural.com\/blog\/wp-json\/wp\/v2\/posts\/41638","targetHints":{"allow":["GET"]}}],"collection":[{"href":"https:\/\/www.escapadarural.com\/blog\/wp-json\/wp\/v2\/posts"}],"about":[{"href":"https:\/\/www.escapadarural.com\/blog\/wp-json\/wp\/v2\/types\/post"}],"author":[{"embeddable":true,"href":"https:\/\/www.escapadarural.com\/blog\/wp-json\/wp\/v2\/users\/114"}],"replies":[{"embeddable":true,"href":"https:\/\/www.escapadarural.com\/blog\/wp-json\/wp\/v2\/comments?post=41638"}],"version-history":[{"count":0,"href":"https:\/\/www.escapadarural.com\/blog\/wp-json\/wp\/v2\/posts\/41638\/revisions"}],"wp:featuredmedia":[{"embeddable":true,"href":"https:\/\/www.escapadarural.com\/blog\/wp-json\/wp\/v2\/media\/113093"}],"wp:attachment":[{"href":"https:\/\/www.escapadarural.com\/blog\/wp-json\/wp\/v2\/media?parent=41638"}],"wp:term":[{"taxonomy":"category","embeddable":true,"href":"https:\/\/www.escapadarural.com\/blog\/wp-json\/wp\/v2\/categories?post=41638"},{"taxonomy":"post_tag","embeddable":true,"href":"https:\/\/www.escapadarural.com\/blog\/wp-json\/wp\/v2\/tags?post=41638"}],"curies":[{"name":"wp","href":"https:\/\/api.w.org\/{rel}","templated":true}]}}