{"id":41665,"date":"2021-08-09T11:29:25","date_gmt":"2021-08-09T10:29:25","guid":{"rendered":"https:\/\/www.escapadarural.com\/blog\/?p=41665"},"modified":"2025-01-15T15:00:42","modified_gmt":"2025-01-15T13:00:42","slug":"los-campos-de-lavanda-el-paisaje-de-moda","status":"publish","type":"post","link":"https:\/\/www.escapadarural.com\/blog\/los-campos-de-lavanda-el-paisaje-de-moda\/","title":{"rendered":"Los campos de lavanda: el paisaje de moda"},"content":{"rendered":"\n<figure class=\"wp-block-image size-large\"><a href=\"https:\/\/www.escapadarural.com\/blog\/wp-content\/uploads\/Campos-de-lavanda-de-Brihuega.jpg\"><img decoding=\"async\" src=\"https:\/\/www.escapadarural.com\/blog\/wp-content\/uploads\/Campos-de-lavanda-de-Brihuega-1024x683.jpg\" alt=\"\" class=\"wp-image-41744\"\/><\/a><figcaption>Brihuega. Por Jacinto Marabel Romo<\/figcaption><\/figure>\n\n\n\n<p>La b\u00fasqueda del hashtag #brihuega en Instagram \u2013por mencionar la red social m\u00e1s visual\u2013 arroja el resultado de 48.700 fotograf\u00edas en apenas unos segundos. Una cifra nada desde\u00f1able teniendo en cuenta que esta localidad de Castilla-La Mancha tiene 2.399 habitantes (seg\u00fan datos de 2018) censados y una extensi\u00f3n de 296,4 km\u00b2. Es decir, que no es precisamente una gran ciudad. Pero quienes van buscando su encanto no esperan grandes avenidas, rascacielos o luces de ne\u00f3n sino un espect\u00e1culo natural que cada verano ti\u00f1e su campo de distintas tonalidades de morado: <strong>la floraci\u00f3n de la lavanda<\/strong>.<\/p>\n\n\n\n<p>Aunque el punto \u00e1lgido de <strong>esta gala de la naturaleza suele tener lugar en el mes de julio<\/strong>, dependiendo del a\u00f1o puede adelantarse o retrasarse. Por eso, a principios de agosto de 2021 a\u00fan es posible disfrutar de esta experiencia (la siega suele comenzar la segunda o la tercera semana de agosto, cuando el color de la flor ya se torna gris\u00e1ceo).&nbsp;<\/p>\n\n\n\n<p>Tanta es <strong>la popularidad de la imagen de los campos violetas<\/strong>, que incluso una persona tan conocida como Pablo Casado, presidente del Partido Popular, aprovech\u00f3 una visita \u2013personal pero no tanto\u2013 a <a href=\"https:\/\/www.escapadarural.com\/casas-rurales?l=brihuega\" class=\"rank-math-link\"><strong>Bri<\/strong><\/a><strong><a href=\"https:\/\/www.escapadarural.com\/casas-rurales\/brihuega\" class=\"rank-math-link\">huega <\/a>para conocer los campos de esta planta<\/strong> tan vistosa y sacarse alguna <a class=\"rank-math-link\" href=\"https:\/\/twitter.com\/pablocasado_\/status\/1419348912817725440\/photo\/1\" target=\"_blank\">foto buc\u00f3lica<\/a>.\u00a0<\/p>\n\n\n\n<figure class=\"wp-block-image size-large\"><a href=\"https:\/\/www.escapadarural.com\/blog\/wp-content\/uploads\/Campos-de-lavanda-de-Brihuega-1.jpg\"><img decoding=\"async\" src=\"https:\/\/www.escapadarural.com\/blog\/wp-content\/uploads\/Campos-de-lavanda-de-Brihuega-1-1024x540.jpg\" alt=\"\" class=\"wp-image-41746\"\/><\/a><figcaption>Brihuega. Por Jacinto Marabel Romo<\/figcaption><\/figure>\n\n\n\n<p>Gracias al cultivo de la lavanda, cuya extensi\u00f3n supera las mil hect\u00e1reas, este pueblo de <a class=\"rank-math-link\" href=\"https:\/\/www.escapadarural.com\/casas-rurales\/guadalajara\">Guadalajara<\/a> <strong>se ha ganado el sobrenombre de Jard\u00edn de la <\/strong><a href=\"https:\/\/www.escapadarural.com\/casas-rurales\/la-alcarria\" class=\"rank-math-link\"><strong>Alcarria<\/strong><\/a>. Durante la temporada de floraci\u00f3n hasta sus calles se visten de morado \u2013con adornos como paraguas de dicho color colgados para dar sombra a sus calles\u2013 y hasta que la pandemia lo permiti\u00f3, se celebraba el <a href=\"https:\/\/www.festivaldelalavanda.com\/\" rel=\"nofollow\" class=\"rank-math-link\" target=\"_blank\">Festival de la Lavanda<\/a>. En su \u00faltima edici\u00f3n (2019), se organizaron conciertos con el grupo Ketama o Luz Casal como cabezas de cartel y eventos como su tradicional cena de gala que incluye lavanda en sus platos con el chef Dani Garc\u00eda a los mandos.<\/p>\n\n\n\n<p>De momento, habr\u00e1 que esperar para volver a festejar de dicha manera la aparici\u00f3n del violeta, pero lo que s\u00ed se puede hacer es <strong>recorrer las plantaciones gracias a las visitas guiadas<\/strong> que est\u00e1n disponibles. Asimismo, tambi\u00e9n se pueden ver desde las alturas ya que tambi\u00e9n se hacen viajes en globo y en parapente sobre los campos.&nbsp;<\/p>\n\n\n\n<p>Desde el Ayuntamiento hacen<strong> una serie de recomendaciones a tener en cuenta a la hora de aventurarse en las plantaciones<\/strong>: evitar las horas centrales del d\u00eda debido a las altas temperaturas, vestir de blanco y con calzado adecuado, tener cuidado con las abejas ya que hay muchas porque son las encargadas de la polinizaci\u00f3n y, sobre todo, ser respetuosos con el medio.<\/p>\n\n\n\n<p>Pero <strong>Brihuega tiene puntos de inter\u00e9s m\u00e1s all\u00e1 de su lavanda<\/strong>. Adem\u00e1s de visitar sus comercios para adquirir productos elaborados con esencia de la planta o para comer, tambi\u00e9n se pueden conocer algunos de sus monumentos m\u00e1s importantes. Por ejemplo, la plaza del Coso (donde celebran sus tambi\u00e9n famosas corridas de toros), el castillo de la Piedra Bermeja o sus murallas medievales.\u00a0<\/p>\n\n\n\n<h2 class=\"wp-block-heading\"><strong>\u00bfHay m\u00e1s lavanda en Espa\u00f1a?<\/strong><\/h2>\n\n\n\n<figure class=\"wp-block-image size-large\"><a href=\"https:\/\/www.escapadarural.com\/blog\/wp-content\/uploads\/AdobeStock_445625827-scaled.jpeg\"><img decoding=\"async\" src=\"https:\/\/www.escapadarural.com\/blog\/wp-content\/uploads\/AdobeStock_445625827-1024x604.jpeg\" alt=\"\" class=\"wp-image-41747\"\/><\/a><figcaption>Campos de lavanda de Brihuega. Por victor_dlafuente<\/figcaption><\/figure>\n\n\n\n<p>S\u00ed, repartida por diferentes zonas del pa\u00eds, aunque sin salir de Castilla-La Mancha se pueden encontrar m\u00e1s campos como los de<strong> <\/strong><a href=\"https:\/\/www.escapadarural.com\/casas-rurales\/ossa-de-montiel\" class=\"rank-math-link\"><strong>Ossa de Montiel<\/strong><\/a><strong>, en <\/strong><a href=\"https:\/\/www.escapadarural.com\/casas-rurales\/albacete\" class=\"rank-math-link\"><strong>Albacete<\/strong><\/a><strong>,<\/strong><strong> o Villares del Saz, en <\/strong><a href=\"https:\/\/www.escapadarural.com\/casas-rurales\/cuenca\" class=\"rank-math-link\"><strong>Cuenca<\/strong><\/a>. M\u00e1s all\u00e1 de las fronteras de la comunidad aut\u00f3noma tambi\u00e9n hay lavanda. Por ejemplo, <strong>en Castilla y Le\u00f3n est\u00e1n los seis campos de <\/strong><a href=\"https:\/\/www.escapadarural.com\/casas-rurales\/tiedra\" class=\"rank-math-link\"><strong>Tiedra<\/strong><\/a>, un pueblo de la provincia de <a href=\"https:\/\/www.escapadarural.com\/casas-rurales\/valladolid\" class=\"rank-math-link\">Valladolid<\/a> de menos de 300 habitantes. All\u00ed se cre\u00f3 el primer Centro de Interpretaci\u00f3n de la lavanda, en el que se estudian sus variedades, los modos de cultivo, c\u00f3mo se trabaja con la planta para extraer su esencia o cu\u00e1l es su importancia en la cultura popular. Asimismo, cuentan con un campo de ensayo de variedades.<\/p>\n\n\n\n<p><a href=\"https:\/\/www.escapadarural.com\/casas-rurales\/olite-erriberri\" class=\"rank-math-link\"><strong>Olite<\/strong><\/a><strong> es uno de los pueblos m\u00e1s visitados de Navarra, gracias a su encanto medieval<\/strong> y la cantidad de monumentos que tiene para ofrecer. El Palacio Real construido en el siglo XIII, la iglesia de Santa Mar\u00eda la Real o mismamente su casco antiguo son algunos de sus encantos, a los que tambi\u00e9n se suma el espect\u00e1culo de la lavanda. Adem\u00e1s, los que se emocionen con los contraste de color deben saber que <strong>en la misma zona y \u00e9poca tambi\u00e9n florecen los girasoles<\/strong>, as\u00ed que es posible pasar del lila al amarillo en un abrir y cerrar de ojos.<\/p>\n\n\n\n<figure class=\"wp-block-image size-large\"><a href=\"https:\/\/www.escapadarural.com\/blog\/wp-content\/uploads\/AdobeStock_282065548-scaled.jpeg\"><img decoding=\"async\" src=\"https:\/\/www.escapadarural.com\/blog\/wp-content\/uploads\/AdobeStock_282065548-1024x683.jpeg\" alt=\"\" class=\"wp-image-41748\"\/><\/a><figcaption>Campos de lavanda en Olite. Por Ana<\/figcaption><\/figure>\n\n\n\n<p>La Murcia rural tambi\u00e9n se ti\u00f1e de morado en verano. <strong>En Campo de San Juan y B\u00e9jar, pedan\u00edas altas de <a href=\"https:\/\/www.escapadarural.com\/casas-rurales?l=moratalla\" class=\"rank-math-link\">Mora<\/a><\/strong><a href=\"https:\/\/www.escapadarural.com\/casas-rurales\/moratalla\" class=\"rank-math-link\"><strong>talla<\/strong><\/a><strong>, se cultiva la lavanda<\/strong>, el lavand\u00edn y el espliego que tambi\u00e9n se pueden visitar, ver, oler y hasta consumir porque, por supuesto, tambi\u00e9n se comercializan productos naturales elaborados con dichas plantas.\u00a0 <strong>En Catalu\u00f1a tambi\u00e9n se puede caminar entre lavandas en varios puntos<\/strong>. En <a href=\"https:\/\/www.escapadarural.com\/casas-rurales\/lleida\" class=\"rank-math-link\">Lleida<\/a> est\u00e1 la finca privada (que ofrece visitas y otras actividades) Aromes Can Rosell\u00f3 y en <a href=\"https:\/\/www.escapadarural.com\/casas-rurales\/santa-eulalia-de-roncana\" class=\"rank-math-link\">Santa Eul\u00e0lia de Ron\u00e7ana<\/a>, muy cerca de Barcelona, Mas Sampera.\u00a0<\/p>\n\n\n\n<div class=\"wp-block-buttons is-layout-flex wp-block-buttons-is-layout-flex\">\n<div class=\"wp-block-button\"><a class=\"wp-block-button__link\" href=\"https:\/\/www.escapadarural.com\/casas-rurales\/brihuega\">Casas rurales en Brihuega<\/a><\/div>\n<\/div>\n","protected":false},"excerpt":{"rendered":"<p>La floraci\u00f3n de la lavanda es un espect\u00e1culo natural que cada verano ti\u00f1e su campo de distintas tonalidades de morado. Aunque el punto \u00e1lgido de esta gala de la naturaleza suele tener lugar en el mes de julio, dependiendo del a\u00f1o puede adelantarse o retrasarse. <\/p>\n","protected":false},"author":114,"featured_media":101247,"comment_status":"open","ping_status":"open","sticky":false,"template":"","format":"standard","meta":{"_acf_changed":false,"om_disable_all_campaigns":false,"footnotes":""},"categories":[191],"tags":[260,425,875,426,1794,422,3463,2601],"class_list":["post-41665","post","type-post","status-publish","format-standard","has-post-thumbnail","hentry","category-destinos","tag-articulo","tag-brihuega","tag-instagram","tag-lavanda","tag-moratalla","tag-olite","tag-ossa-de-montiel","tag-tierra"],"acf":[],"featured_image_src":"https:\/\/www.escapadarural.com\/blog\/wp-content\/uploads\/2024\/10\/Campos-de-lavanda-de-Brihuega-1024x683-1.jpg","author_info":{"display_name":"Carmen L\u00f3pez","author_link":"https:\/\/www.escapadarural.com\/blog\/autor\/carmenlopez\/"},"yoast_head":"<!-- This site is optimized with the Yoast SEO plugin v27.5 - https:\/\/yoast.com\/product\/yoast-seo-wordpress\/ -->\n<title>Los campos de lavanda: el paisaje de moda - EscapadaRural<\/title>\n<meta name=\"robots\" content=\"index, follow, max-snippet:-1, max-image-preview:large, max-video-preview:-1\" \/>\n<link rel=\"canonical\" href=\"https:\/\/www.escapadarural.com\/blog\/los-campos-de-lavanda-el-paisaje-de-moda\/\" \/>\n<meta property=\"og:locale\" content=\"es_ES\" \/>\n<meta property=\"og:type\" content=\"article\" \/>\n<meta property=\"og:title\" content=\"Los campos de lavanda: el paisaje de moda - EscapadaRural\" \/>\n<meta property=\"og:description\" content=\"La floraci\u00f3n de la lavanda es un espect\u00e1culo natural que cada verano ti\u00f1e su campo de distintas tonalidades de morado. Aunque el punto \u00e1lgido de esta gala de la naturaleza suele tener lugar en el mes de julio, dependiendo del a\u00f1o puede adelantarse o retrasarse.\" \/>\n<meta property=\"og:url\" content=\"https:\/\/www.escapadarural.com\/blog\/los-campos-de-lavanda-el-paisaje-de-moda\/\" \/>\n<meta property=\"og:site_name\" content=\"Magazine de viajes de EscapadaRural\" \/>\n<meta property=\"article:publisher\" content=\"https:\/\/www.facebook.com\/escapadarural\" \/>\n<meta property=\"article:published_time\" content=\"2021-08-09T10:29:25+00:00\" \/>\n<meta property=\"article:modified_time\" content=\"2025-01-15T13:00:42+00:00\" \/>\n<meta property=\"og:image\" content=\"https:\/\/www.escapadarural.com\/blog\/wp-content\/uploads\/2024\/10\/Campos-de-lavanda-de-Brihuega-1024x683-1.jpg\" \/>\n\t<meta property=\"og:image:width\" content=\"1024\" \/>\n\t<meta property=\"og:image:height\" content=\"683\" \/>\n\t<meta property=\"og:image:type\" content=\"image\/jpeg\" \/>\n<meta name=\"author\" content=\"Carmen L\u00f3pez\" \/>\n<meta name=\"twitter:card\" content=\"summary_large_image\" \/>\n<meta name=\"twitter:label1\" content=\"Escrito por\" \/>\n\t<meta name=\"twitter:data1\" content=\"Carmen L\u00f3pez\" \/>\n\t<meta name=\"twitter:label2\" content=\"Tiempo de lectura\" \/>\n\t<meta name=\"twitter:data2\" content=\"4 minutos\" \/>\n<script type=\"application\/ld+json\" class=\"yoast-schema-graph\">{\"@context\":\"https:\\\/\\\/schema.org\",\"@graph\":[{\"@type\":\"Article\",\"@id\":\"https:\\\/\\\/www.escapadarural.com\\\/blog\\\/los-campos-de-lavanda-el-paisaje-de-moda\\\/#article\",\"isPartOf\":{\"@id\":\"https:\\\/\\\/www.escapadarural.com\\\/blog\\\/los-campos-de-lavanda-el-paisaje-de-moda\\\/\"},\"author\":{\"name\":\"Carmen L\u00f3pez\",\"@id\":\"https:\\\/\\\/www.escapadarural.com\\\/blog\\\/#\\\/schema\\\/person\\\/42dfdff6118172efc6a04c8ae599a2ce\"},\"headline\":\"Los campos de lavanda: el paisaje de moda\",\"datePublished\":\"2021-08-09T10:29:25+00:00\",\"dateModified\":\"2025-01-15T13:00:42+00:00\",\"mainEntityOfPage\":{\"@id\":\"https:\\\/\\\/www.escapadarural.com\\\/blog\\\/los-campos-de-lavanda-el-paisaje-de-moda\\\/\"},\"wordCount\":899,\"commentCount\":0,\"publisher\":{\"@id\":\"https:\\\/\\\/www.escapadarural.com\\\/blog\\\/#organization\"},\"image\":{\"@id\":\"https:\\\/\\\/www.escapadarural.com\\\/blog\\\/los-campos-de-lavanda-el-paisaje-de-moda\\\/#primaryimage\"},\"thumbnailUrl\":\"https:\\\/\\\/www.escapadarural.com\\\/blog\\\/wp-content\\\/uploads\\\/2024\\\/10\\\/Campos-de-lavanda-de-Brihuega-1024x683-1.jpg\",\"keywords\":[\"art\u00edculo\",\"Brihuega\",\"Instagram\",\"Lavanda\",\"Moratalla\",\"Olite\",\"ossa de montiel\",\"Tierra\"],\"articleSection\":[\"Destinos\"],\"inLanguage\":\"es\",\"potentialAction\":[{\"@type\":\"CommentAction\",\"name\":\"Comment\",\"target\":[\"https:\\\/\\\/www.escapadarural.com\\\/blog\\\/los-campos-de-lavanda-el-paisaje-de-moda\\\/#respond\"]}]},{\"@type\":\"WebPage\",\"@id\":\"https:\\\/\\\/www.escapadarural.com\\\/blog\\\/los-campos-de-lavanda-el-paisaje-de-moda\\\/\",\"url\":\"https:\\\/\\\/www.escapadarural.com\\\/blog\\\/los-campos-de-lavanda-el-paisaje-de-moda\\\/\",\"name\":\"Los campos de lavanda: el paisaje de moda - EscapadaRural\",\"isPartOf\":{\"@id\":\"https:\\\/\\\/www.escapadarural.com\\\/blog\\\/#website\"},\"primaryImageOfPage\":{\"@id\":\"https:\\\/\\\/www.escapadarural.com\\\/blog\\\/los-campos-de-lavanda-el-paisaje-de-moda\\\/#primaryimage\"},\"image\":{\"@id\":\"https:\\\/\\\/www.escapadarural.com\\\/blog\\\/los-campos-de-lavanda-el-paisaje-de-moda\\\/#primaryimage\"},\"thumbnailUrl\":\"https:\\\/\\\/www.escapadarural.com\\\/blog\\\/wp-content\\\/uploads\\\/2024\\\/10\\\/Campos-de-lavanda-de-Brihuega-1024x683-1.jpg\",\"datePublished\":\"2021-08-09T10:29:25+00:00\",\"dateModified\":\"2025-01-15T13:00:42+00:00\",\"breadcrumb\":{\"@id\":\"https:\\\/\\\/www.escapadarural.com\\\/blog\\\/los-campos-de-lavanda-el-paisaje-de-moda\\\/#breadcrumb\"},\"inLanguage\":\"es\",\"potentialAction\":[{\"@type\":\"ReadAction\",\"target\":[\"https:\\\/\\\/www.escapadarural.com\\\/blog\\\/los-campos-de-lavanda-el-paisaje-de-moda\\\/\"]}]},{\"@type\":\"ImageObject\",\"inLanguage\":\"es\",\"@id\":\"https:\\\/\\\/www.escapadarural.com\\\/blog\\\/los-campos-de-lavanda-el-paisaje-de-moda\\\/#primaryimage\",\"url\":\"https:\\\/\\\/www.escapadarural.com\\\/blog\\\/wp-content\\\/uploads\\\/2024\\\/10\\\/Campos-de-lavanda-de-Brihuega-1024x683-1.jpg\",\"contentUrl\":\"https:\\\/\\\/www.escapadarural.com\\\/blog\\\/wp-content\\\/uploads\\\/2024\\\/10\\\/Campos-de-lavanda-de-Brihuega-1024x683-1.jpg\",\"width\":1024,\"height\":683,\"caption\":\"Campos de lavanda en floraci\u00f3n en Brihuega (Guadalajara).\"},{\"@type\":\"BreadcrumbList\",\"@id\":\"https:\\\/\\\/www.escapadarural.com\\\/blog\\\/los-campos-de-lavanda-el-paisaje-de-moda\\\/#breadcrumb\",\"itemListElement\":[{\"@type\":\"ListItem\",\"position\":1,\"name\":\"Inicio\",\"item\":\"https:\\\/\\\/www.escapadarural.com\\\/blog\\\/\"},{\"@type\":\"ListItem\",\"position\":2,\"name\":\"Destinos\",\"item\":\"https:\\\/\\\/www.escapadarural.com\\\/blog\\\/categoria\\\/destinos\\\/\"},{\"@type\":\"ListItem\",\"position\":3,\"name\":\"Los campos de lavanda: el paisaje de moda\"}]},{\"@type\":\"WebSite\",\"@id\":\"https:\\\/\\\/www.escapadarural.com\\\/blog\\\/#website\",\"url\":\"https:\\\/\\\/www.escapadarural.com\\\/blog\\\/\",\"name\":\"Blog de viajes | turismo rural, alojamientos e inspiraci\u00f3n\",\"description\":\"Alojamientos rurales e inspiraci\u00f3n para tus escapadas\",\"publisher\":{\"@id\":\"https:\\\/\\\/www.escapadarural.com\\\/blog\\\/#organization\"},\"alternateName\":\"Magazine de viajes de EscapadaRural\",\"potentialAction\":[{\"@type\":\"SearchAction\",\"target\":{\"@type\":\"EntryPoint\",\"urlTemplate\":\"https:\\\/\\\/www.escapadarural.com\\\/blog\\\/?s={search_term_string}\"},\"query-input\":{\"@type\":\"PropertyValueSpecification\",\"valueRequired\":true,\"valueName\":\"search_term_string\"}}],\"inLanguage\":\"es\"},{\"@type\":\"Organization\",\"@id\":\"https:\\\/\\\/www.escapadarural.com\\\/blog\\\/#organization\",\"name\":\"EscapadaRural\",\"url\":\"https:\\\/\\\/www.escapadarural.com\\\/blog\\\/\",\"logo\":{\"@type\":\"ImageObject\",\"inLanguage\":\"es\",\"@id\":\"https:\\\/\\\/www.escapadarural.com\\\/blog\\\/#\\\/schema\\\/logo\\\/image\\\/\",\"url\":\"https:\\\/\\\/www.escapadarural.com\\\/blog\\\/wp-content\\\/uploads\\\/2024\\\/10\\\/cropped-cropped-escapada-rural-icon-mag-3.png\",\"contentUrl\":\"https:\\\/\\\/www.escapadarural.com\\\/blog\\\/wp-content\\\/uploads\\\/2024\\\/10\\\/cropped-cropped-escapada-rural-icon-mag-3.png\",\"width\":512,\"height\":512,\"caption\":\"EscapadaRural\"},\"image\":{\"@id\":\"https:\\\/\\\/www.escapadarural.com\\\/blog\\\/#\\\/schema\\\/logo\\\/image\\\/\"},\"sameAs\":[\"https:\\\/\\\/www.facebook.com\\\/escapadarural\",\"https:\\\/\\\/www.instagram.com\\\/escapadarural\\\/\",\"https:\\\/\\\/www.youtube.com\\\/@escapadaruralcom\"]},{\"@type\":\"Person\",\"@id\":\"https:\\\/\\\/www.escapadarural.com\\\/blog\\\/#\\\/schema\\\/person\\\/42dfdff6118172efc6a04c8ae599a2ce\",\"name\":\"Carmen L\u00f3pez\",\"image\":{\"@type\":\"ImageObject\",\"inLanguage\":\"es\",\"@id\":\"https:\\\/\\\/www.escapadarural.com\\\/blog\\\/wp-content\\\/uploads\\\/2024\\\/11\\\/cropped-perfil_eldiario-96x96-1-96x96.jpeg\",\"url\":\"https:\\\/\\\/www.escapadarural.com\\\/blog\\\/wp-content\\\/uploads\\\/2024\\\/11\\\/cropped-perfil_eldiario-96x96-1-96x96.jpeg\",\"contentUrl\":\"https:\\\/\\\/www.escapadarural.com\\\/blog\\\/wp-content\\\/uploads\\\/2024\\\/11\\\/cropped-perfil_eldiario-96x96-1-96x96.jpeg\",\"caption\":\"Carmen L\u00f3pez\"},\"description\":\"Soy periodista y escribo sobre cosas que importan en sitios que interesan desde hace m\u00e1s de una d\u00e9cada.\",\"url\":\"https:\\\/\\\/www.escapadarural.com\\\/blog\\\/autor\\\/carmenlopez\\\/\"}]}<\/script>\n<!-- \/ Yoast SEO plugin. -->","yoast_head_json":{"title":"Los campos de lavanda: el paisaje de moda - EscapadaRural","robots":{"index":"index","follow":"follow","max-snippet":"max-snippet:-1","max-image-preview":"max-image-preview:large","max-video-preview":"max-video-preview:-1"},"canonical":"https:\/\/www.escapadarural.com\/blog\/los-campos-de-lavanda-el-paisaje-de-moda\/","og_locale":"es_ES","og_type":"article","og_title":"Los campos de lavanda: el paisaje de moda - EscapadaRural","og_description":"La floraci\u00f3n de la lavanda es un espect\u00e1culo natural que cada verano ti\u00f1e su campo de distintas tonalidades de morado. Aunque el punto \u00e1lgido de esta gala de la naturaleza suele tener lugar en el mes de julio, dependiendo del a\u00f1o puede adelantarse o retrasarse.","og_url":"https:\/\/www.escapadarural.com\/blog\/los-campos-de-lavanda-el-paisaje-de-moda\/","og_site_name":"Magazine de viajes de EscapadaRural","article_publisher":"https:\/\/www.facebook.com\/escapadarural","article_published_time":"2021-08-09T10:29:25+00:00","article_modified_time":"2025-01-15T13:00:42+00:00","og_image":[{"width":1024,"height":683,"url":"https:\/\/www.escapadarural.com\/blog\/wp-content\/uploads\/2024\/10\/Campos-de-lavanda-de-Brihuega-1024x683-1.jpg","type":"image\/jpeg"}],"author":"Carmen L\u00f3pez","twitter_card":"summary_large_image","twitter_misc":{"Escrito por":"Carmen L\u00f3pez","Tiempo de lectura":"4 minutos"},"schema":{"@context":"https:\/\/schema.org","@graph":[{"@type":"Article","@id":"https:\/\/www.escapadarural.com\/blog\/los-campos-de-lavanda-el-paisaje-de-moda\/#article","isPartOf":{"@id":"https:\/\/www.escapadarural.com\/blog\/los-campos-de-lavanda-el-paisaje-de-moda\/"},"author":{"name":"Carmen L\u00f3pez","@id":"https:\/\/www.escapadarural.com\/blog\/#\/schema\/person\/42dfdff6118172efc6a04c8ae599a2ce"},"headline":"Los campos de lavanda: el paisaje de moda","datePublished":"2021-08-09T10:29:25+00:00","dateModified":"2025-01-15T13:00:42+00:00","mainEntityOfPage":{"@id":"https:\/\/www.escapadarural.com\/blog\/los-campos-de-lavanda-el-paisaje-de-moda\/"},"wordCount":899,"commentCount":0,"publisher":{"@id":"https:\/\/www.escapadarural.com\/blog\/#organization"},"image":{"@id":"https:\/\/www.escapadarural.com\/blog\/los-campos-de-lavanda-el-paisaje-de-moda\/#primaryimage"},"thumbnailUrl":"https:\/\/www.escapadarural.com\/blog\/wp-content\/uploads\/2024\/10\/Campos-de-lavanda-de-Brihuega-1024x683-1.jpg","keywords":["art\u00edculo","Brihuega","Instagram","Lavanda","Moratalla","Olite","ossa de montiel","Tierra"],"articleSection":["Destinos"],"inLanguage":"es","potentialAction":[{"@type":"CommentAction","name":"Comment","target":["https:\/\/www.escapadarural.com\/blog\/los-campos-de-lavanda-el-paisaje-de-moda\/#respond"]}]},{"@type":"WebPage","@id":"https:\/\/www.escapadarural.com\/blog\/los-campos-de-lavanda-el-paisaje-de-moda\/","url":"https:\/\/www.escapadarural.com\/blog\/los-campos-de-lavanda-el-paisaje-de-moda\/","name":"Los campos de lavanda: el paisaje de moda - EscapadaRural","isPartOf":{"@id":"https:\/\/www.escapadarural.com\/blog\/#website"},"primaryImageOfPage":{"@id":"https:\/\/www.escapadarural.com\/blog\/los-campos-de-lavanda-el-paisaje-de-moda\/#primaryimage"},"image":{"@id":"https:\/\/www.escapadarural.com\/blog\/los-campos-de-lavanda-el-paisaje-de-moda\/#primaryimage"},"thumbnailUrl":"https:\/\/www.escapadarural.com\/blog\/wp-content\/uploads\/2024\/10\/Campos-de-lavanda-de-Brihuega-1024x683-1.jpg","datePublished":"2021-08-09T10:29:25+00:00","dateModified":"2025-01-15T13:00:42+00:00","breadcrumb":{"@id":"https:\/\/www.escapadarural.com\/blog\/los-campos-de-lavanda-el-paisaje-de-moda\/#breadcrumb"},"inLanguage":"es","potentialAction":[{"@type":"ReadAction","target":["https:\/\/www.escapadarural.com\/blog\/los-campos-de-lavanda-el-paisaje-de-moda\/"]}]},{"@type":"ImageObject","inLanguage":"es","@id":"https:\/\/www.escapadarural.com\/blog\/los-campos-de-lavanda-el-paisaje-de-moda\/#primaryimage","url":"https:\/\/www.escapadarural.com\/blog\/wp-content\/uploads\/2024\/10\/Campos-de-lavanda-de-Brihuega-1024x683-1.jpg","contentUrl":"https:\/\/www.escapadarural.com\/blog\/wp-content\/uploads\/2024\/10\/Campos-de-lavanda-de-Brihuega-1024x683-1.jpg","width":1024,"height":683,"caption":"Campos de lavanda en floraci\u00f3n en Brihuega (Guadalajara)."},{"@type":"BreadcrumbList","@id":"https:\/\/www.escapadarural.com\/blog\/los-campos-de-lavanda-el-paisaje-de-moda\/#breadcrumb","itemListElement":[{"@type":"ListItem","position":1,"name":"Inicio","item":"https:\/\/www.escapadarural.com\/blog\/"},{"@type":"ListItem","position":2,"name":"Destinos","item":"https:\/\/www.escapadarural.com\/blog\/categoria\/destinos\/"},{"@type":"ListItem","position":3,"name":"Los campos de lavanda: el paisaje de moda"}]},{"@type":"WebSite","@id":"https:\/\/www.escapadarural.com\/blog\/#website","url":"https:\/\/www.escapadarural.com\/blog\/","name":"Blog de viajes | turismo rural, alojamientos e inspiraci\u00f3n","description":"Alojamientos rurales e inspiraci\u00f3n para tus escapadas","publisher":{"@id":"https:\/\/www.escapadarural.com\/blog\/#organization"},"alternateName":"Magazine de viajes de EscapadaRural","potentialAction":[{"@type":"SearchAction","target":{"@type":"EntryPoint","urlTemplate":"https:\/\/www.escapadarural.com\/blog\/?s={search_term_string}"},"query-input":{"@type":"PropertyValueSpecification","valueRequired":true,"valueName":"search_term_string"}}],"inLanguage":"es"},{"@type":"Organization","@id":"https:\/\/www.escapadarural.com\/blog\/#organization","name":"EscapadaRural","url":"https:\/\/www.escapadarural.com\/blog\/","logo":{"@type":"ImageObject","inLanguage":"es","@id":"https:\/\/www.escapadarural.com\/blog\/#\/schema\/logo\/image\/","url":"https:\/\/www.escapadarural.com\/blog\/wp-content\/uploads\/2024\/10\/cropped-cropped-escapada-rural-icon-mag-3.png","contentUrl":"https:\/\/www.escapadarural.com\/blog\/wp-content\/uploads\/2024\/10\/cropped-cropped-escapada-rural-icon-mag-3.png","width":512,"height":512,"caption":"EscapadaRural"},"image":{"@id":"https:\/\/www.escapadarural.com\/blog\/#\/schema\/logo\/image\/"},"sameAs":["https:\/\/www.facebook.com\/escapadarural","https:\/\/www.instagram.com\/escapadarural\/","https:\/\/www.youtube.com\/@escapadaruralcom"]},{"@type":"Person","@id":"https:\/\/www.escapadarural.com\/blog\/#\/schema\/person\/42dfdff6118172efc6a04c8ae599a2ce","name":"Carmen L\u00f3pez","image":{"@type":"ImageObject","inLanguage":"es","@id":"https:\/\/www.escapadarural.com\/blog\/wp-content\/uploads\/2024\/11\/cropped-perfil_eldiario-96x96-1-96x96.jpeg","url":"https:\/\/www.escapadarural.com\/blog\/wp-content\/uploads\/2024\/11\/cropped-perfil_eldiario-96x96-1-96x96.jpeg","contentUrl":"https:\/\/www.escapadarural.com\/blog\/wp-content\/uploads\/2024\/11\/cropped-perfil_eldiario-96x96-1-96x96.jpeg","caption":"Carmen L\u00f3pez"},"description":"Soy periodista y escribo sobre cosas que importan en sitios que interesan desde hace m\u00e1s de una d\u00e9cada.","url":"https:\/\/www.escapadarural.com\/blog\/autor\/carmenlopez\/"}]}},"_links":{"self":[{"href":"https:\/\/www.escapadarural.com\/blog\/wp-json\/wp\/v2\/posts\/41665","targetHints":{"allow":["GET"]}}],"collection":[{"href":"https:\/\/www.escapadarural.com\/blog\/wp-json\/wp\/v2\/posts"}],"about":[{"href":"https:\/\/www.escapadarural.com\/blog\/wp-json\/wp\/v2\/types\/post"}],"author":[{"embeddable":true,"href":"https:\/\/www.escapadarural.com\/blog\/wp-json\/wp\/v2\/users\/114"}],"replies":[{"embeddable":true,"href":"https:\/\/www.escapadarural.com\/blog\/wp-json\/wp\/v2\/comments?post=41665"}],"version-history":[{"count":0,"href":"https:\/\/www.escapadarural.com\/blog\/wp-json\/wp\/v2\/posts\/41665\/revisions"}],"wp:featuredmedia":[{"embeddable":true,"href":"https:\/\/www.escapadarural.com\/blog\/wp-json\/wp\/v2\/media\/101247"}],"wp:attachment":[{"href":"https:\/\/www.escapadarural.com\/blog\/wp-json\/wp\/v2\/media?parent=41665"}],"wp:term":[{"taxonomy":"category","embeddable":true,"href":"https:\/\/www.escapadarural.com\/blog\/wp-json\/wp\/v2\/categories?post=41665"},{"taxonomy":"post_tag","embeddable":true,"href":"https:\/\/www.escapadarural.com\/blog\/wp-json\/wp\/v2\/tags?post=41665"}],"curies":[{"name":"wp","href":"https:\/\/api.w.org\/{rel}","templated":true}]}}