{"id":41732,"date":"2021-08-12T09:27:19","date_gmt":"2021-08-12T08:27:19","guid":{"rendered":"https:\/\/www.escapadarural.com\/blog\/?p=41732"},"modified":"2025-08-11T14:22:58","modified_gmt":"2025-08-11T12:22:58","slug":"la-ruta-de-las-caras-de-buendia-cuenca","status":"publish","type":"post","link":"https:\/\/www.escapadarural.com\/blog\/la-ruta-de-las-caras-de-buendia-cuenca\/","title":{"rendered":"La Ruta de las Caras de Buend\u00eda en Cuenca"},"content":{"rendered":"\n<figure class=\"wp-block-image size-large\"><a href=\"https:\/\/www.escapadarural.com\/blog\/wp-content\/uploads\/AdobeStock_142617350-scaled.jpeg\"><img decoding=\"async\" src=\"https:\/\/www.escapadarural.com\/blog\/wp-content\/uploads\/AdobeStock_142617350-1024x681.jpeg\" alt=\"Ruta de las caras de Buend\u00eda\" class=\"wp-image-41829\"\/><\/a><figcaption class=\"wp-element-caption\">Ruta de las Caras. Arjuna. Por&nbsp;alfonsosm<\/figcaption><\/figure>\n\n\n\n<p>En 1958 la presa de Buend\u00eda, de 78 metros de altura, inund\u00f3 este territorio de la Alcarria conquense, entre <a href=\"https:\/\/www.escapadarural.com\/casas-rurales\/cuenca\" class=\"rank-math-link\">Cuenca<\/a> y <a href=\"https:\/\/www.escapadarural.com\/casas-rurales\/guadalajara\" class=\"rank-math-link\">Guadalajara<\/a>. El paisaje cambi\u00f3 radicalmente para siempre, bajo las aguas qued\u00f3 el vecindario de Santa Mar\u00eda de Poyos, se aneg\u00f3 la Isabela, un balneario de los tiempos de Fernando VII y se dibuj\u00f3 una especie de pen\u00ednsula acabada en punta, conocida como Pe\u00f1a Alta. <\/p>\n\n\n\n<p>Es precisamente en esta pen\u00ednsula salpicada de bosques de pinos, junto a la zona inundada del embalse, que se encuentra uno de los lugares m\u00e1s sorprendentes de Cuenca: la <strong>Ruta de las Caras de Buend\u00eda<\/strong>. Se trata de una rareza paisaj\u00edstica que brinda una de las excursiones m\u00e1s familiares y divertidas de toda esta parte de la Alcarria.<\/p>\n\n\n\n<h2 class=\"wp-block-heading\" id=\"h-dos-artistas-improvisados\"><strong>Dos artistas improvisados<\/strong><\/h2>\n\n\n\n<figure class=\"wp-block-image size-large\"><a href=\"https:\/\/www.escapadarural.com\/blog\/wp-content\/uploads\/AdobeStock_99612460-scaled.jpeg\"><img decoding=\"async\" src=\"https:\/\/www.escapadarural.com\/blog\/wp-content\/uploads\/AdobeStock_99612460-1024x680.jpeg\" alt=\"Ruta de las Caras de Buend\u00eda\" class=\"wp-image-41830\"\/><\/a><figcaption class=\"wp-element-caption\">Ruta de las Caras de Buend\u00eda: Dama del pantano. Por ihervas<\/figcaption><\/figure>\n\n\n\n<p>Fue mucho m\u00e1s tarde, en 1992, cuando comenzaron a aparecer las esculturas en este paraje a tan solo tres kil\u00f3metros del centro de <a href=\"https:\/\/www.escapadarural.com\/casas-rurales\/buendia\" class=\"rank-math-link\">Buend\u00eda<\/a>. <strong>La primera escultura que apareci\u00f3 fue La monja<\/strong>. Fue con ella que Eulogio Reguillo y su amigo Jorge Maldonado se lanzaron a probar qu\u00e9 tal se les daba el uso de los martillos, piquetas y pinceles. Para a\u00f1adir m\u00e1s emoci\u00f3n al asunto, ninguno de los dos era escultor, pero s\u00ed conoc\u00edan bien la zona porque sol\u00edan hacer excursiones por all\u00ed.<\/p>\n\n\n\n<p>Los dos sab\u00edan que las areniscas de la zona ser\u00edan un material de f\u00e1cil trabajo para dos principiantes como ellos. No lo pod\u00edan imaginar entonces, pero as\u00ed nac\u00eda el <strong>bosque de las caras de Buend\u00eda<\/strong>, uno de esos lugares que provoca asombro a todo el que se acerca. Tardaron m\u00e1s de 15 a\u00f1os en dar forma a este conjunto de esculturas que naci\u00f3 casi de forma improvisada.<\/p>\n\n\n\n<h2 class=\"wp-block-heading\" id=\"h-una-obra-sorprendente\"><strong>Una obra sorprendente<\/strong><\/h2>\n\n\n\n<figure class=\"wp-block-image size-large\"><a href=\"https:\/\/www.escapadarural.com\/blog\/wp-content\/uploads\/AdobeStock_142617041-scaled.jpeg\"><img decoding=\"async\" src=\"https:\/\/www.escapadarural.com\/blog\/wp-content\/uploads\/AdobeStock_142617041-1024x681.jpeg\" alt=\"Ruta de las Caras de Buend\u00eda\" class=\"wp-image-41832\"\/><\/a><figcaption class=\"wp-element-caption\">Ruta de las Caras de Buend\u00eda. Krishna. Por alfonsosm<\/figcaption><\/figure>\n\n\n\n<p>Hoy hay una veintena de obras. Algunas las firman ambos, otras cada uno por separado porque, en definitiva, cada cual tiene una forma diferente de hacer su trabajo. Por ejemplo, las esculturas de Jorge Maldonado aprovechan las formas de las rocas y se deja llevar m\u00e1s por la inspiraci\u00f3n del lugar, mientras que Eulogio Reguillo trabaja m\u00e1s su obra, planifica y dise\u00f1a de antemano. Ante tanta creatividad, otros autores se han ido animando y han aportado al lugar tambi\u00e9n sus propias obras, la mayor\u00eda <strong>duendes y brujos enigm\u00e1ticos<\/strong>.<\/p>\n\n\n\n<p>El resultado son obras de distinto perfil y tama\u00f1o. Est\u00e1 <strong>el Cham\u00e1n, que aparece casi como el protector del lugar<\/strong>. Hay esculturas aleg\u00f3ricas como \u2018Moneda de vida\u2019, la cara del Buda del futuro Maitreya, el h\u00e9roe m\u00edtico hind\u00fa Arjuna o un rostro de Krishna de cuatro metros de largo. El plan consiste en encontrarlas todas, localizarlas en sus escondites entre las rocas y que cada cual escoja su favorita. Mientras tanto, se habr\u00e1 disfrutado de la tranquilidad que desprende el entorno natural donde se encuentran estas sorprendentes esculturas.<\/p>\n\n\n\n<h2 class=\"wp-block-heading\" id=\"h-ruta-de-las-caras-de-buendia-pasear-entre-esculturas\"><strong>Ruta de las caras de Buend\u00eda: pasear entre esculturas<\/strong><\/h2>\n\n\n\n<figure class=\"wp-block-image size-large is-resized\"><a href=\"https:\/\/www.escapadarural.com\/blog\/wp-content\/uploads\/AdobeStock_98539778-scaled.jpeg\"><img decoding=\"async\" src=\"https:\/\/www.escapadarural.com\/blog\/wp-content\/uploads\/AdobeStock_98539778-1024x680.jpeg\" alt=\"Ruta de las Caras de Buend\u00eda. \" class=\"wp-image-41831\" style=\"width:780px;height:517px\"\/><\/a><figcaption class=\"wp-element-caption\">Ruta de las Caras de Buend\u00eda. Por ihervas<\/figcaption><\/figure>\n\n\n\n<p>A este museo hay que ir con ropa c\u00f3moda y buen calzado para caminar, nada de tacones, zapatillas ligeras o ropa de fiesta. Tambi\u00e9n hay que llevar agua y comida porque no hay cafeter\u00eda ni restaurante. A cambio, suma arte, aventura y naturaleza. Cuentan los del pueblo que lo del nombre vino dado por los primeros visitantes, que al preguntarles a d\u00f3nde iban, siempre respond\u00edan lo mismo: que iban a lo de las caras. Y ah\u00ed le qued\u00f3 el nombre de tan obvio.<\/p>\n\n\n\n<p>Las esculturas <strong>se encuentran a unos tres kil\u00f3metros de Buend\u00eda<\/strong>. Dos se\u00f1ales en la calle del Front\u00f3n marcan el camino a seguir, si es que se quiere ir caminando. La otra opci\u00f3n es ir en coche y aparcar en el parking habilitado junto al conjunto escult\u00f3rico. All\u00ed mismo comienza el sendero de poco m\u00e1s de dos kil\u00f3metros y escaso desnivel. Es un sendero circular que se puede completar tranquilamente en menos de una hora y est\u00e1 abierto las 24 horas del d\u00eda. Aunque, por supuesto, ser\u00e1 mejor ir antes de que oscurezca para poder disfrutar de la magia del lugar.<\/p>\n\n\n\n<p>La alternativa para quienes prefieran darle m\u00e1s actividad a las piernas es <strong>recorrer el PR-CU46<\/strong> cuyo tramo coincide con la Ruta de las Caras. Se trata de un sendero de peque\u00f1o recorrido, circular, muy accesible y que transcurre entre zonas onduladas con poco desnivel. Son algo m\u00e1s de 14 kil\u00f3metros y se puede realizar en unas cuatro horas. Parte del atractivo de este plan senderista es que el sendero tambi\u00e9n lleva al <strong>mirador de la pe\u00f1a de la Virgen<\/strong>, la mejor forma de admirar como el embalse redibuj\u00f3 esta parte de la Alcarria conquense.<\/p>\n\n\n\n<h2 class=\"wp-block-heading\" id=\"h-y-el-pueblo-tambien-merece-una-visita\"><strong>\u00a1Y el pueblo tambi\u00e9n merece una visita!<\/strong><\/h2>\n\n\n\n<figure class=\"wp-block-image size-large\"><a href=\"https:\/\/www.escapadarural.com\/blog\/wp-content\/uploads\/AdobeStock_100002884-scaled.jpeg\"><img decoding=\"async\" src=\"https:\/\/www.escapadarural.com\/blog\/wp-content\/uploads\/AdobeStock_100002884-1024x680.jpeg\" alt=\"Buend\u00eda\" class=\"wp-image-41833\"\/><\/a><figcaption class=\"wp-element-caption\">Buend\u00eda. Por ihervas<\/figcaption><\/figure>\n\n\n\n<p>Si hay que hacer caso a los top\u00f3nimos, este municipio entre Cuenca y Guadalajara tiene toda la pinta de ser un destino muy agradable, tanto como para tener buenos d\u00edas cada d\u00eda que se est\u00e9 en \u00e9l. Conserva el pueblo adem\u00e1s de las buenas vibraciones de su nombre, un entramado medieval para recorrer con calma, una plaza Mayor porticada, siamesa de la Ruiz Jarabo, con la iglesia de Nuestra Se\u00f1ora de la Asunci\u00f3n, varios restos de la antigua muralla y dos curiosos museos, uno dedicado al carro y otro a las boticas antiguas.<\/p>\n\n\n\n<div class=\"wp-block-buttons is-layout-flex wp-block-buttons-is-layout-flex\">\n<div class=\"wp-block-button\"><a class=\"wp-block-button__link wp-element-button\" href=\"https:\/\/www.escapadarural.com\/casas-rurales\/cuenca\">Casas rurales en Cuenca<\/a><\/div>\n<\/div>\n","protected":false},"excerpt":{"rendered":"<p>La Ruta de las Caras de Buend\u00eda, en Cuenca, se trata de una rareza paisaj\u00edstica que brinda una de las excursiones m\u00e1s familiares y divertidas de toda esta parte de la Alcarria conquense. Fueron m\u00e1s de 15 a\u00f1os de trabajo.<\/p>\n","protected":false},"author":112,"featured_media":101228,"comment_status":"open","ping_status":"open","sticky":false,"template":"","format":"standard","meta":{"_acf_changed":false,"om_disable_all_campaigns":false,"footnotes":""},"categories":[1379],"tags":[260,565,6029,329],"class_list":["post-41732","post","type-post","status-publish","format-standard","has-post-thumbnail","hentry","category-rutas-y-excursiones","tag-articulo","tag-buendia","tag-que-ver-en-castilla-la-mancha","tag-que-ver-en-cuenca"],"acf":[],"featured_image_src":"https:\/\/www.escapadarural.com\/blog\/wp-content\/uploads\/2024\/10\/AdobeStock_142617350-1024x681-2.jpeg","author_info":{"display_name":"Jos\u00e9 Alejandro Adamuz","author_link":"https:\/\/www.escapadarural.com\/blog\/autor\/josealejandro\/"},"yoast_head":"<!-- This site is optimized with the Yoast SEO plugin v27.5 - https:\/\/yoast.com\/product\/yoast-seo-wordpress\/ -->\n<title>La Ruta de las Caras de Buend\u00eda en Cuenca - EscapadaRural<\/title>\n<meta name=\"robots\" content=\"index, follow, max-snippet:-1, max-image-preview:large, max-video-preview:-1\" \/>\n<link rel=\"canonical\" href=\"https:\/\/www.escapadarural.com\/blog\/la-ruta-de-las-caras-de-buendia-cuenca\/\" \/>\n<meta property=\"og:locale\" content=\"es_ES\" \/>\n<meta property=\"og:type\" content=\"article\" \/>\n<meta property=\"og:title\" content=\"La Ruta de las Caras de Buend\u00eda en Cuenca - EscapadaRural\" \/>\n<meta property=\"og:description\" content=\"La Ruta de las Caras de Buend\u00eda, en Cuenca, se trata de una rareza paisaj\u00edstica que brinda una de las excursiones m\u00e1s familiares y divertidas de toda esta parte de la Alcarria conquense. Fueron m\u00e1s de 15 a\u00f1os de trabajo.\" \/>\n<meta property=\"og:url\" content=\"https:\/\/www.escapadarural.com\/blog\/la-ruta-de-las-caras-de-buendia-cuenca\/\" \/>\n<meta property=\"og:site_name\" content=\"Magazine de viajes de EscapadaRural\" \/>\n<meta property=\"article:publisher\" content=\"https:\/\/www.facebook.com\/escapadarural\" \/>\n<meta property=\"article:published_time\" content=\"2021-08-12T08:27:19+00:00\" \/>\n<meta property=\"article:modified_time\" content=\"2025-08-11T12:22:58+00:00\" \/>\n<meta property=\"og:image\" content=\"https:\/\/www.escapadarural.com\/blog\/wp-content\/uploads\/2024\/10\/AdobeStock_142617350-1024x681-2.jpeg?v=1754914978\" \/>\n\t<meta property=\"og:image:width\" content=\"1024\" \/>\n\t<meta property=\"og:image:height\" content=\"681\" \/>\n\t<meta property=\"og:image:type\" content=\"image\/jpeg\" \/>\n<meta name=\"author\" content=\"Jos\u00e9 Alejandro Adamuz\" \/>\n<meta name=\"twitter:card\" content=\"summary_large_image\" \/>\n<meta name=\"twitter:label1\" content=\"Escrito por\" \/>\n\t<meta name=\"twitter:data1\" content=\"Jos\u00e9 Alejandro Adamuz\" \/>\n\t<meta name=\"twitter:label2\" content=\"Tiempo de lectura\" \/>\n\t<meta name=\"twitter:data2\" content=\"5 minutos\" \/>\n<script type=\"application\/ld+json\" class=\"yoast-schema-graph\">{\"@context\":\"https:\\\/\\\/schema.org\",\"@graph\":[{\"@type\":\"Article\",\"@id\":\"https:\\\/\\\/www.escapadarural.com\\\/blog\\\/la-ruta-de-las-caras-de-buendia-cuenca\\\/#article\",\"isPartOf\":{\"@id\":\"https:\\\/\\\/www.escapadarural.com\\\/blog\\\/la-ruta-de-las-caras-de-buendia-cuenca\\\/\"},\"author\":{\"name\":\"Jos\u00e9 Alejandro Adamuz\",\"@id\":\"https:\\\/\\\/www.escapadarural.com\\\/blog\\\/#\\\/schema\\\/person\\\/ac6969ba5ab90987dda9465be409d6b3\"},\"headline\":\"La Ruta de las Caras de Buend\u00eda en Cuenca\",\"datePublished\":\"2021-08-12T08:27:19+00:00\",\"dateModified\":\"2025-08-11T12:22:58+00:00\",\"mainEntityOfPage\":{\"@id\":\"https:\\\/\\\/www.escapadarural.com\\\/blog\\\/la-ruta-de-las-caras-de-buendia-cuenca\\\/\"},\"wordCount\":958,\"commentCount\":0,\"publisher\":{\"@id\":\"https:\\\/\\\/www.escapadarural.com\\\/blog\\\/#organization\"},\"image\":{\"@id\":\"https:\\\/\\\/www.escapadarural.com\\\/blog\\\/la-ruta-de-las-caras-de-buendia-cuenca\\\/#primaryimage\"},\"thumbnailUrl\":\"https:\\\/\\\/www.escapadarural.com\\\/blog\\\/wp-content\\\/uploads\\\/2024\\\/10\\\/AdobeStock_142617350-1024x681-2.jpeg\",\"keywords\":[\"art\u00edculo\",\"Buend\u00eda\",\"Castilla-La Mancha\",\"Cuenca\"],\"articleSection\":[\"Rutas y excursiones\"],\"inLanguage\":\"es\",\"potentialAction\":[{\"@type\":\"CommentAction\",\"name\":\"Comment\",\"target\":[\"https:\\\/\\\/www.escapadarural.com\\\/blog\\\/la-ruta-de-las-caras-de-buendia-cuenca\\\/#respond\"]}]},{\"@type\":\"WebPage\",\"@id\":\"https:\\\/\\\/www.escapadarural.com\\\/blog\\\/la-ruta-de-las-caras-de-buendia-cuenca\\\/\",\"url\":\"https:\\\/\\\/www.escapadarural.com\\\/blog\\\/la-ruta-de-las-caras-de-buendia-cuenca\\\/\",\"name\":\"La Ruta de las Caras de Buend\u00eda en Cuenca - EscapadaRural\",\"isPartOf\":{\"@id\":\"https:\\\/\\\/www.escapadarural.com\\\/blog\\\/#website\"},\"primaryImageOfPage\":{\"@id\":\"https:\\\/\\\/www.escapadarural.com\\\/blog\\\/la-ruta-de-las-caras-de-buendia-cuenca\\\/#primaryimage\"},\"image\":{\"@id\":\"https:\\\/\\\/www.escapadarural.com\\\/blog\\\/la-ruta-de-las-caras-de-buendia-cuenca\\\/#primaryimage\"},\"thumbnailUrl\":\"https:\\\/\\\/www.escapadarural.com\\\/blog\\\/wp-content\\\/uploads\\\/2024\\\/10\\\/AdobeStock_142617350-1024x681-2.jpeg\",\"datePublished\":\"2021-08-12T08:27:19+00:00\",\"dateModified\":\"2025-08-11T12:22:58+00:00\",\"breadcrumb\":{\"@id\":\"https:\\\/\\\/www.escapadarural.com\\\/blog\\\/la-ruta-de-las-caras-de-buendia-cuenca\\\/#breadcrumb\"},\"inLanguage\":\"es\",\"potentialAction\":[{\"@type\":\"ReadAction\",\"target\":[\"https:\\\/\\\/www.escapadarural.com\\\/blog\\\/la-ruta-de-las-caras-de-buendia-cuenca\\\/\"]}]},{\"@type\":\"ImageObject\",\"inLanguage\":\"es\",\"@id\":\"https:\\\/\\\/www.escapadarural.com\\\/blog\\\/la-ruta-de-las-caras-de-buendia-cuenca\\\/#primaryimage\",\"url\":\"https:\\\/\\\/www.escapadarural.com\\\/blog\\\/wp-content\\\/uploads\\\/2024\\\/10\\\/AdobeStock_142617350-1024x681-2.jpeg\",\"contentUrl\":\"https:\\\/\\\/www.escapadarural.com\\\/blog\\\/wp-content\\\/uploads\\\/2024\\\/10\\\/AdobeStock_142617350-1024x681-2.jpeg\",\"width\":1024,\"height\":681,\"caption\":\"Un gran rostro con bigote y adornos en la cabeza est\u00e1 tallado en la superficie de una ladera rocosa, rodeada de vegetaci\u00f3n y \u00e1rboles.\"},{\"@type\":\"BreadcrumbList\",\"@id\":\"https:\\\/\\\/www.escapadarural.com\\\/blog\\\/la-ruta-de-las-caras-de-buendia-cuenca\\\/#breadcrumb\",\"itemListElement\":[{\"@type\":\"ListItem\",\"position\":1,\"name\":\"Inicio\",\"item\":\"https:\\\/\\\/www.escapadarural.com\\\/blog\\\/\"},{\"@type\":\"ListItem\",\"position\":2,\"name\":\"Rutas y excursiones\",\"item\":\"https:\\\/\\\/www.escapadarural.com\\\/blog\\\/categoria\\\/rutas-y-excursiones\\\/\"},{\"@type\":\"ListItem\",\"position\":3,\"name\":\"La Ruta de las Caras de Buend\u00eda en Cuenca\"}]},{\"@type\":\"WebSite\",\"@id\":\"https:\\\/\\\/www.escapadarural.com\\\/blog\\\/#website\",\"url\":\"https:\\\/\\\/www.escapadarural.com\\\/blog\\\/\",\"name\":\"Blog de viajes | turismo rural, alojamientos e inspiraci\u00f3n\",\"description\":\"Alojamientos rurales e inspiraci\u00f3n para tus escapadas\",\"publisher\":{\"@id\":\"https:\\\/\\\/www.escapadarural.com\\\/blog\\\/#organization\"},\"alternateName\":\"Magazine de viajes de EscapadaRural\",\"potentialAction\":[{\"@type\":\"SearchAction\",\"target\":{\"@type\":\"EntryPoint\",\"urlTemplate\":\"https:\\\/\\\/www.escapadarural.com\\\/blog\\\/?s={search_term_string}\"},\"query-input\":{\"@type\":\"PropertyValueSpecification\",\"valueRequired\":true,\"valueName\":\"search_term_string\"}}],\"inLanguage\":\"es\"},{\"@type\":\"Organization\",\"@id\":\"https:\\\/\\\/www.escapadarural.com\\\/blog\\\/#organization\",\"name\":\"EscapadaRural\",\"url\":\"https:\\\/\\\/www.escapadarural.com\\\/blog\\\/\",\"logo\":{\"@type\":\"ImageObject\",\"inLanguage\":\"es\",\"@id\":\"https:\\\/\\\/www.escapadarural.com\\\/blog\\\/#\\\/schema\\\/logo\\\/image\\\/\",\"url\":\"https:\\\/\\\/www.escapadarural.com\\\/blog\\\/wp-content\\\/uploads\\\/2024\\\/10\\\/cropped-cropped-escapada-rural-icon-mag-3.png\",\"contentUrl\":\"https:\\\/\\\/www.escapadarural.com\\\/blog\\\/wp-content\\\/uploads\\\/2024\\\/10\\\/cropped-cropped-escapada-rural-icon-mag-3.png\",\"width\":512,\"height\":512,\"caption\":\"EscapadaRural\"},\"image\":{\"@id\":\"https:\\\/\\\/www.escapadarural.com\\\/blog\\\/#\\\/schema\\\/logo\\\/image\\\/\"},\"sameAs\":[\"https:\\\/\\\/www.facebook.com\\\/escapadarural\",\"https:\\\/\\\/www.instagram.com\\\/escapadarural\\\/\",\"https:\\\/\\\/www.youtube.com\\\/@escapadaruralcom\"]},{\"@type\":\"Person\",\"@id\":\"https:\\\/\\\/www.escapadarural.com\\\/blog\\\/#\\\/schema\\\/person\\\/ac6969ba5ab90987dda9465be409d6b3\",\"name\":\"Jos\u00e9 Alejandro Adamuz\",\"image\":{\"@type\":\"ImageObject\",\"inLanguage\":\"es\",\"@id\":\"https:\\\/\\\/www.escapadarural.com\\\/blog\\\/wp-content\\\/uploads\\\/2025\\\/02\\\/cropped-jose_alejandro_viajar-96x96.webp\",\"url\":\"https:\\\/\\\/www.escapadarural.com\\\/blog\\\/wp-content\\\/uploads\\\/2025\\\/02\\\/cropped-jose_alejandro_viajar-96x96.webp\",\"contentUrl\":\"https:\\\/\\\/www.escapadarural.com\\\/blog\\\/wp-content\\\/uploads\\\/2025\\\/02\\\/cropped-jose_alejandro_viajar-96x96.webp\",\"caption\":\"Jos\u00e9 Alejandro Adamuz\"},\"description\":\"Soy licenciado en filolog\u00eda hisp\u00e1nica y periodista por vocaci\u00f3n. Tambi\u00e9n soy disl\u00e9xico, por lo que suelo confundir la derecha con la izquierda y los kil\u00f3metros con la literatura. Pero de momento me va bien as\u00ed. Colaboro habitualmente en diferentes medios haciendo cr\u00f3nica de viajes y periodismo cultural. Me gusta que los viajes cuenten historias y que las historias me hagan viajar.\",\"sameAs\":[\"https:\\\/\\\/viviratodaletra.com\\\/\"],\"url\":\"https:\\\/\\\/www.escapadarural.com\\\/blog\\\/autor\\\/josealejandro\\\/\"}]}<\/script>\n<!-- \/ Yoast SEO plugin. -->","yoast_head_json":{"title":"La Ruta de las Caras de Buend\u00eda en Cuenca - EscapadaRural","robots":{"index":"index","follow":"follow","max-snippet":"max-snippet:-1","max-image-preview":"max-image-preview:large","max-video-preview":"max-video-preview:-1"},"canonical":"https:\/\/www.escapadarural.com\/blog\/la-ruta-de-las-caras-de-buendia-cuenca\/","og_locale":"es_ES","og_type":"article","og_title":"La Ruta de las Caras de Buend\u00eda en Cuenca - EscapadaRural","og_description":"La Ruta de las Caras de Buend\u00eda, en Cuenca, se trata de una rareza paisaj\u00edstica que brinda una de las excursiones m\u00e1s familiares y divertidas de toda esta parte de la Alcarria conquense. Fueron m\u00e1s de 15 a\u00f1os de trabajo.","og_url":"https:\/\/www.escapadarural.com\/blog\/la-ruta-de-las-caras-de-buendia-cuenca\/","og_site_name":"Magazine de viajes de EscapadaRural","article_publisher":"https:\/\/www.facebook.com\/escapadarural","article_published_time":"2021-08-12T08:27:19+00:00","article_modified_time":"2025-08-11T12:22:58+00:00","og_image":[{"width":1024,"height":681,"url":"https:\/\/www.escapadarural.com\/blog\/wp-content\/uploads\/2024\/10\/AdobeStock_142617350-1024x681-2.jpeg?v=1754914978","type":"image\/jpeg"}],"author":"Jos\u00e9 Alejandro Adamuz","twitter_card":"summary_large_image","twitter_misc":{"Escrito por":"Jos\u00e9 Alejandro Adamuz","Tiempo de lectura":"5 minutos"},"schema":{"@context":"https:\/\/schema.org","@graph":[{"@type":"Article","@id":"https:\/\/www.escapadarural.com\/blog\/la-ruta-de-las-caras-de-buendia-cuenca\/#article","isPartOf":{"@id":"https:\/\/www.escapadarural.com\/blog\/la-ruta-de-las-caras-de-buendia-cuenca\/"},"author":{"name":"Jos\u00e9 Alejandro Adamuz","@id":"https:\/\/www.escapadarural.com\/blog\/#\/schema\/person\/ac6969ba5ab90987dda9465be409d6b3"},"headline":"La Ruta de las Caras de Buend\u00eda en Cuenca","datePublished":"2021-08-12T08:27:19+00:00","dateModified":"2025-08-11T12:22:58+00:00","mainEntityOfPage":{"@id":"https:\/\/www.escapadarural.com\/blog\/la-ruta-de-las-caras-de-buendia-cuenca\/"},"wordCount":958,"commentCount":0,"publisher":{"@id":"https:\/\/www.escapadarural.com\/blog\/#organization"},"image":{"@id":"https:\/\/www.escapadarural.com\/blog\/la-ruta-de-las-caras-de-buendia-cuenca\/#primaryimage"},"thumbnailUrl":"https:\/\/www.escapadarural.com\/blog\/wp-content\/uploads\/2024\/10\/AdobeStock_142617350-1024x681-2.jpeg","keywords":["art\u00edculo","Buend\u00eda","Castilla-La Mancha","Cuenca"],"articleSection":["Rutas y excursiones"],"inLanguage":"es","potentialAction":[{"@type":"CommentAction","name":"Comment","target":["https:\/\/www.escapadarural.com\/blog\/la-ruta-de-las-caras-de-buendia-cuenca\/#respond"]}]},{"@type":"WebPage","@id":"https:\/\/www.escapadarural.com\/blog\/la-ruta-de-las-caras-de-buendia-cuenca\/","url":"https:\/\/www.escapadarural.com\/blog\/la-ruta-de-las-caras-de-buendia-cuenca\/","name":"La Ruta de las Caras de Buend\u00eda en Cuenca - EscapadaRural","isPartOf":{"@id":"https:\/\/www.escapadarural.com\/blog\/#website"},"primaryImageOfPage":{"@id":"https:\/\/www.escapadarural.com\/blog\/la-ruta-de-las-caras-de-buendia-cuenca\/#primaryimage"},"image":{"@id":"https:\/\/www.escapadarural.com\/blog\/la-ruta-de-las-caras-de-buendia-cuenca\/#primaryimage"},"thumbnailUrl":"https:\/\/www.escapadarural.com\/blog\/wp-content\/uploads\/2024\/10\/AdobeStock_142617350-1024x681-2.jpeg","datePublished":"2021-08-12T08:27:19+00:00","dateModified":"2025-08-11T12:22:58+00:00","breadcrumb":{"@id":"https:\/\/www.escapadarural.com\/blog\/la-ruta-de-las-caras-de-buendia-cuenca\/#breadcrumb"},"inLanguage":"es","potentialAction":[{"@type":"ReadAction","target":["https:\/\/www.escapadarural.com\/blog\/la-ruta-de-las-caras-de-buendia-cuenca\/"]}]},{"@type":"ImageObject","inLanguage":"es","@id":"https:\/\/www.escapadarural.com\/blog\/la-ruta-de-las-caras-de-buendia-cuenca\/#primaryimage","url":"https:\/\/www.escapadarural.com\/blog\/wp-content\/uploads\/2024\/10\/AdobeStock_142617350-1024x681-2.jpeg","contentUrl":"https:\/\/www.escapadarural.com\/blog\/wp-content\/uploads\/2024\/10\/AdobeStock_142617350-1024x681-2.jpeg","width":1024,"height":681,"caption":"Un gran rostro con bigote y adornos en la cabeza est\u00e1 tallado en la superficie de una ladera rocosa, rodeada de vegetaci\u00f3n y \u00e1rboles."},{"@type":"BreadcrumbList","@id":"https:\/\/www.escapadarural.com\/blog\/la-ruta-de-las-caras-de-buendia-cuenca\/#breadcrumb","itemListElement":[{"@type":"ListItem","position":1,"name":"Inicio","item":"https:\/\/www.escapadarural.com\/blog\/"},{"@type":"ListItem","position":2,"name":"Rutas y excursiones","item":"https:\/\/www.escapadarural.com\/blog\/categoria\/rutas-y-excursiones\/"},{"@type":"ListItem","position":3,"name":"La Ruta de las Caras de Buend\u00eda en Cuenca"}]},{"@type":"WebSite","@id":"https:\/\/www.escapadarural.com\/blog\/#website","url":"https:\/\/www.escapadarural.com\/blog\/","name":"Blog de viajes | turismo rural, alojamientos e inspiraci\u00f3n","description":"Alojamientos rurales e inspiraci\u00f3n para tus escapadas","publisher":{"@id":"https:\/\/www.escapadarural.com\/blog\/#organization"},"alternateName":"Magazine de viajes de EscapadaRural","potentialAction":[{"@type":"SearchAction","target":{"@type":"EntryPoint","urlTemplate":"https:\/\/www.escapadarural.com\/blog\/?s={search_term_string}"},"query-input":{"@type":"PropertyValueSpecification","valueRequired":true,"valueName":"search_term_string"}}],"inLanguage":"es"},{"@type":"Organization","@id":"https:\/\/www.escapadarural.com\/blog\/#organization","name":"EscapadaRural","url":"https:\/\/www.escapadarural.com\/blog\/","logo":{"@type":"ImageObject","inLanguage":"es","@id":"https:\/\/www.escapadarural.com\/blog\/#\/schema\/logo\/image\/","url":"https:\/\/www.escapadarural.com\/blog\/wp-content\/uploads\/2024\/10\/cropped-cropped-escapada-rural-icon-mag-3.png","contentUrl":"https:\/\/www.escapadarural.com\/blog\/wp-content\/uploads\/2024\/10\/cropped-cropped-escapada-rural-icon-mag-3.png","width":512,"height":512,"caption":"EscapadaRural"},"image":{"@id":"https:\/\/www.escapadarural.com\/blog\/#\/schema\/logo\/image\/"},"sameAs":["https:\/\/www.facebook.com\/escapadarural","https:\/\/www.instagram.com\/escapadarural\/","https:\/\/www.youtube.com\/@escapadaruralcom"]},{"@type":"Person","@id":"https:\/\/www.escapadarural.com\/blog\/#\/schema\/person\/ac6969ba5ab90987dda9465be409d6b3","name":"Jos\u00e9 Alejandro Adamuz","image":{"@type":"ImageObject","inLanguage":"es","@id":"https:\/\/www.escapadarural.com\/blog\/wp-content\/uploads\/2025\/02\/cropped-jose_alejandro_viajar-96x96.webp","url":"https:\/\/www.escapadarural.com\/blog\/wp-content\/uploads\/2025\/02\/cropped-jose_alejandro_viajar-96x96.webp","contentUrl":"https:\/\/www.escapadarural.com\/blog\/wp-content\/uploads\/2025\/02\/cropped-jose_alejandro_viajar-96x96.webp","caption":"Jos\u00e9 Alejandro Adamuz"},"description":"Soy licenciado en filolog\u00eda hisp\u00e1nica y periodista por vocaci\u00f3n. Tambi\u00e9n soy disl\u00e9xico, por lo que suelo confundir la derecha con la izquierda y los kil\u00f3metros con la literatura. Pero de momento me va bien as\u00ed. Colaboro habitualmente en diferentes medios haciendo cr\u00f3nica de viajes y periodismo cultural. Me gusta que los viajes cuenten historias y que las historias me hagan viajar.","sameAs":["https:\/\/viviratodaletra.com\/"],"url":"https:\/\/www.escapadarural.com\/blog\/autor\/josealejandro\/"}]}},"_links":{"self":[{"href":"https:\/\/www.escapadarural.com\/blog\/wp-json\/wp\/v2\/posts\/41732","targetHints":{"allow":["GET"]}}],"collection":[{"href":"https:\/\/www.escapadarural.com\/blog\/wp-json\/wp\/v2\/posts"}],"about":[{"href":"https:\/\/www.escapadarural.com\/blog\/wp-json\/wp\/v2\/types\/post"}],"author":[{"embeddable":true,"href":"https:\/\/www.escapadarural.com\/blog\/wp-json\/wp\/v2\/users\/112"}],"replies":[{"embeddable":true,"href":"https:\/\/www.escapadarural.com\/blog\/wp-json\/wp\/v2\/comments?post=41732"}],"version-history":[{"count":0,"href":"https:\/\/www.escapadarural.com\/blog\/wp-json\/wp\/v2\/posts\/41732\/revisions"}],"wp:featuredmedia":[{"embeddable":true,"href":"https:\/\/www.escapadarural.com\/blog\/wp-json\/wp\/v2\/media\/101228"}],"wp:attachment":[{"href":"https:\/\/www.escapadarural.com\/blog\/wp-json\/wp\/v2\/media?parent=41732"}],"wp:term":[{"taxonomy":"category","embeddable":true,"href":"https:\/\/www.escapadarural.com\/blog\/wp-json\/wp\/v2\/categories?post=41732"},{"taxonomy":"post_tag","embeddable":true,"href":"https:\/\/www.escapadarural.com\/blog\/wp-json\/wp\/v2\/tags?post=41732"}],"curies":[{"name":"wp","href":"https:\/\/api.w.org\/{rel}","templated":true}]}}