{"id":42389,"date":"2021-10-07T09:30:32","date_gmt":"2021-10-07T08:30:32","guid":{"rendered":"https:\/\/www.escapadarural.com\/blog\/?p=42389"},"modified":"2026-02-17T17:23:45","modified_gmt":"2026-02-17T16:23:45","slug":"ruta-por-el-parque-natural-del-montgo","status":"publish","type":"post","link":"https:\/\/www.escapadarural.com\/blog\/ruta-por-el-parque-natural-del-montgo\/","title":{"rendered":"Ruta por el Parque Natural del Montg\u00f3"},"content":{"rendered":"\n<figure class=\"wp-block-image size-large\"><a href=\"https:\/\/www.escapadarural.com\/blog\/wp-content\/uploads\/IMG_3633.jpg\"><img decoding=\"async\" src=\"https:\/\/www.escapadarural.com\/blog\/wp-content\/uploads\/IMG_3633-1024x768.jpg\" alt=\"Parque Natural del Montg\u00f3\" class=\"wp-image-42406\"\/><\/a><figcaption class=\"wp-element-caption\">Por El\u00edsabet Garc\u00eda<\/figcaption><\/figure>\n\n\n\n<p>Entre las ciudades alicantinas de <a href=\"\/casas-rurales\/denia\" class=\"rank-math-link\">D\u00e9nia<\/a> y <a href=\"\/casas-rurales\/xabia\" class=\"rank-math-link\">X\u00e0bia<\/a>, se comprende el <strong>Parque Natural del Montg\u00f3<\/strong>, declarado como tal en 1987. Algo m\u00e1s de 2000 hect\u00e1reas donde habitan una amplia diversidad de fauna y hasta <strong>650 especies distintas de flora y vegetaci\u00f3n<\/strong>. Un conjunto de paisajes con vistas al mar que oxigenan a todo aquel que los visita.<\/p>\n\n\n\n<p>Escenarios que pueden disfrutarse de muy diversas formas: en bicicleta, a trav\u00e9s de actividades organizadas, como la que permite visitar el paraje de la Cova Tallada ubicado en los acantilados del <a href=\"\/ruta-por-azenhas-do-mar-y-cabo-da-roca\">Cabo<\/a> de San Antonio; o, c\u00f3mo no, completando alguna de las rutas de senderismo que hay habilitadas, que son muchas y de muy distinta complejidad.<\/p>\n\n\n\n<figure class=\"wp-block-image size-large\"><a href=\"https:\/\/www.escapadarural.com\/blog\/wp-content\/uploads\/naturaleza-Montgo.jpg\"><img decoding=\"async\" src=\"https:\/\/www.escapadarural.com\/blog\/wp-content\/uploads\/naturaleza-Montgo.jpg\" alt=\"Parque Natural del Montg\u00f3\" class=\"wp-image-42408\"\/><\/a><figcaption class=\"wp-element-caption\">Por El\u00edsabet Garc\u00eda<\/figcaption><\/figure>\n\n\n\n<p>Y, \u00bfcu\u00e1les son algunas de estas opciones de senderismo? Pues te vamos a proponer tres ejemplos, una para cada nivel de dificultad.<\/p>\n\n\n\n<h2 class=\"wp-block-heading\" id=\"h-rutas-de-senderismo-en-el-montgo\">Rutas de senderismo en el Montg\u00f3<\/h2>\n\n\n\n<figure class=\"wp-block-image size-large\"><a href=\"https:\/\/www.escapadarural.com\/blog\/wp-content\/uploads\/AdobeStock_259088818-scaled.jpeg\"><img decoding=\"async\" src=\"https:\/\/www.escapadarural.com\/blog\/wp-content\/uploads\/AdobeStock_259088818-1024x767.jpeg\" alt=\"\" class=\"wp-image-42655\"\/><\/a><figcaption class=\"wp-element-caption\">Por MiniMoon Photo<\/figcaption><\/figure>\n\n\n\n<p>Una muy sencillita, por no presentar desniveles apreciables, es la que <strong>comienza en el Cam\u00ed de la Colonia<\/strong> y finaliza en la Cova del Camell. Sus 5,5 kil\u00f3metros de ida se recorren en aproximadamente 1 hora y 50 minutos. 36 minutos en bici.<\/p>\n\n\n\n<p>El punto exacto donde se inicia es en la ermita del Pare Pere, una construcci\u00f3n religiosa situada a la vera del lugar que tantas veces sirvi\u00f3 de meditaci\u00f3n a este fraile franciscano. Una ruta que se puede hacer durante todo el a\u00f1o, especialmente en primavera, cuando las flores lo alfombran todo impregnando el camino con su fragancia. Las vistas son espectaculares: se ve D\u00e9nia y su flamante castillo, las monta\u00f1as de la Safor y al Golfo de Valencia.<\/p>\n\n\n\n<figure class=\"wp-block-image size-large\"><a href=\"https:\/\/www.escapadarural.com\/blog\/wp-content\/uploads\/flores-Montgo.jpg\"><img decoding=\"async\" src=\"https:\/\/www.escapadarural.com\/blog\/wp-content\/uploads\/flores-Montgo.jpg\" alt=\"Parque Natural del Montg\u00f3\" class=\"wp-image-42409\"\/><\/a><figcaption class=\"wp-element-caption\">Por El\u00edsabet Garc\u00eda<\/figcaption><\/figure>\n\n\n\n<p>Como ruta de dificultad media, te proponemos la <strong>circular Cova de L&#8217;Aigua &#8211; Rac\u00f3 del Bou<\/strong> (ruta amarilla). Sus 5,4 kil\u00f3metros acumulan un desnivel de 350 metros y se completan en unas 3 horas. En esta ocasi\u00f3n, el punto de inicio tambi\u00e9n es la ermita Pare Pere pero, esta vez, abandonaremos el camino para tomar la senda que sale a la derecha y que nos llevar\u00e1 a la <strong>Cova de L\u2019Aigua<\/strong>, una cavidad en cuya entrada puede verse una inscripci\u00f3n romana datada del a\u00f1o 238 d.C. y que, seg\u00fan varias indagaciones, parece haber servido de lugar de culto.<\/p>\n\n\n\n<p>Desde aqu\u00ed, y volviendo a la misma senda, cogeremos un desv\u00edo a la izquierda hacia el <strong>Rac\u00f3 del Bou<\/strong> -Rinc\u00f3n del Toro, y finalmente enlazaremos nuevamente con el Cam\u00ed de la Col\u00f2nia para regresar al punto de partida.<\/p>\n\n\n\n<p>Como plato fuerte, considerada de dificultad t\u00e9cnica alta est\u00e1 la ruta circular que permite alcanzar la <strong>cima del Montg\u00f3<\/strong>. El desnivel acumulado es de 641 metros y conlleva un tiempo de 6 horas y media por lo que solo es aconsejable para <strong>expertos senderistas<\/strong>.<\/p>\n\n\n\n<figure class=\"wp-block-image size-large\"><img decoding=\"async\" src=\"https:\/\/www.escapadarural.com\/blog\/wp-content\/uploads\/ruta-cueva-del-agua-1024x584.jpg\" alt=\"Parque Natural del Montg\u00f3\" class=\"wp-image-42407\"\/><figcaption class=\"wp-element-caption\">Por www.denia.net<\/figcaption><\/figure>\n\n\n\n<p>Comparte trazado de subida con la Ruta a la Creueta -solo que en el desv\u00edo se deber\u00e1 seguir todo recto- y, como las otras dos, tambi\u00e9n parte de la ermita Pare Pere. Una ruta sobria en paisajes y bastante agreste pero que permite saludar a algunas de las pocas sabinas negrales de la zona. Adem\u00e1s, como recompensa al esfuerzo dedicado, ofrece vistas al mar, al cielo, a los valles y as otras monta\u00f1as de menor envergadura de este espacio natural protegido. Estamos a <strong>753 metros de altura<\/strong> y supone un aut\u00e9ntico regalo para la retina.<\/p>\n\n\n\n<div class=\"wp-block-buttons is-layout-flex wp-block-buttons-is-layout-flex\">\n<div class=\"wp-block-button\"><a class=\"wp-block-button__link wp-element-button\" href=\"https:\/\/www.escapadarural.com\/casas-rurales?q=D%C3%A9nia\">Casas rurales en D\u00e9nia<\/a><\/div>\n<\/div>\n","protected":false},"excerpt":{"rendered":"<p>Entre las ciudades alicantinas de D\u00e9nia y X\u00e0bia, se comprende el Parque Natural del Montg\u00f3, declarado como tal en 1987. Os proponemos varias rutas con diferentes niveles de dificultad para conocerlo<\/p>\n","protected":false},"author":109,"featured_media":100886,"comment_status":"open","ping_status":"open","sticky":false,"template":"","format":"standard","meta":{"_acf_changed":false,"om_disable_all_campaigns":false,"footnotes":""},"categories":[1379],"tags":[674,260,469,2088,2154],"class_list":["post-42389","post","type-post","status-publish","format-standard","has-post-thumbnail","hentry","category-rutas-y-excursiones","tag-que-ver-en-alicante","tag-articulo","tag-que-ver-en-la-comunidad-valenciana","tag-espacio-protegido","tag-espacios-naturales"],"acf":[],"featured_image_src":"https:\/\/www.escapadarural.com\/blog\/wp-content\/uploads\/2024\/10\/IMG_3633-1024x768-3.jpg","author_info":{"display_name":"El\u00edsabet Garc\u00eda","author_link":"https:\/\/www.escapadarural.com\/blog\/autor\/lagranescapada\/"},"yoast_head":"<!-- This site is optimized with the Yoast SEO plugin v27.5 - https:\/\/yoast.com\/product\/yoast-seo-wordpress\/ -->\n<title>Ruta por el Parque Natural del Montg\u00f3 - EscapadaRural<\/title>\n<meta name=\"robots\" content=\"index, follow, max-snippet:-1, max-image-preview:large, max-video-preview:-1\" \/>\n<link rel=\"canonical\" href=\"https:\/\/www.escapadarural.com\/blog\/ruta-por-el-parque-natural-del-montgo\/\" \/>\n<meta property=\"og:locale\" content=\"es_ES\" \/>\n<meta property=\"og:type\" content=\"article\" \/>\n<meta property=\"og:title\" content=\"Ruta por el Parque Natural del Montg\u00f3 - EscapadaRural\" \/>\n<meta property=\"og:description\" content=\"Entre las ciudades alicantinas de D\u00e9nia y X\u00e0bia, se comprende el Parque Natural del Montg\u00f3, declarado como tal en 1987. Os proponemos varias rutas con diferentes niveles de dificultad para conocerlo\" \/>\n<meta property=\"og:url\" content=\"https:\/\/www.escapadarural.com\/blog\/ruta-por-el-parque-natural-del-montgo\/\" \/>\n<meta property=\"og:site_name\" content=\"Magazine de viajes de EscapadaRural\" \/>\n<meta property=\"article:publisher\" content=\"https:\/\/www.facebook.com\/escapadarural\" \/>\n<meta property=\"article:published_time\" content=\"2021-10-07T08:30:32+00:00\" \/>\n<meta property=\"article:modified_time\" content=\"2026-02-17T16:23:45+00:00\" \/>\n<meta property=\"og:image\" content=\"https:\/\/www.escapadarural.com\/blog\/wp-content\/uploads\/2024\/10\/IMG_3633-1024x768-3.jpg\" \/>\n\t<meta property=\"og:image:width\" content=\"1024\" \/>\n\t<meta property=\"og:image:height\" content=\"768\" \/>\n\t<meta property=\"og:image:type\" content=\"image\/jpeg\" \/>\n<meta name=\"author\" content=\"El\u00edsabet Garc\u00eda\" \/>\n<meta name=\"twitter:card\" content=\"summary_large_image\" \/>\n<meta name=\"twitter:label1\" content=\"Escrito por\" \/>\n\t<meta name=\"twitter:data1\" content=\"El\u00edsabet Garc\u00eda\" \/>\n\t<meta name=\"twitter:label2\" content=\"Tiempo de lectura\" \/>\n\t<meta name=\"twitter:data2\" content=\"4 minutos\" \/>\n<script type=\"application\/ld+json\" class=\"yoast-schema-graph\">{\"@context\":\"https:\\\/\\\/schema.org\",\"@graph\":[{\"@type\":\"Article\",\"@id\":\"https:\\\/\\\/www.escapadarural.com\\\/blog\\\/ruta-por-el-parque-natural-del-montgo\\\/#article\",\"isPartOf\":{\"@id\":\"https:\\\/\\\/www.escapadarural.com\\\/blog\\\/ruta-por-el-parque-natural-del-montgo\\\/\"},\"author\":{\"name\":\"El\u00edsabet Garc\u00eda\",\"@id\":\"https:\\\/\\\/www.escapadarural.com\\\/blog\\\/#\\\/schema\\\/person\\\/2cac652e2d16373a24890ffaa220140f\"},\"headline\":\"Ruta por el Parque Natural del Montg\u00f3\",\"datePublished\":\"2021-10-07T08:30:32+00:00\",\"dateModified\":\"2026-02-17T16:23:45+00:00\",\"mainEntityOfPage\":{\"@id\":\"https:\\\/\\\/www.escapadarural.com\\\/blog\\\/ruta-por-el-parque-natural-del-montgo\\\/\"},\"wordCount\":589,\"commentCount\":0,\"publisher\":{\"@id\":\"https:\\\/\\\/www.escapadarural.com\\\/blog\\\/#organization\"},\"image\":{\"@id\":\"https:\\\/\\\/www.escapadarural.com\\\/blog\\\/ruta-por-el-parque-natural-del-montgo\\\/#primaryimage\"},\"thumbnailUrl\":\"https:\\\/\\\/www.escapadarural.com\\\/blog\\\/wp-content\\\/uploads\\\/2024\\\/10\\\/IMG_3633-1024x768-3.jpg\",\"keywords\":[\"Alicante\",\"art\u00edculo\",\"Comunidad Valenciana\",\"Espacio Protegido\",\"Espacios naturales\"],\"articleSection\":[\"Rutas y excursiones\"],\"inLanguage\":\"es\",\"potentialAction\":[{\"@type\":\"CommentAction\",\"name\":\"Comment\",\"target\":[\"https:\\\/\\\/www.escapadarural.com\\\/blog\\\/ruta-por-el-parque-natural-del-montgo\\\/#respond\"]}]},{\"@type\":\"WebPage\",\"@id\":\"https:\\\/\\\/www.escapadarural.com\\\/blog\\\/ruta-por-el-parque-natural-del-montgo\\\/\",\"url\":\"https:\\\/\\\/www.escapadarural.com\\\/blog\\\/ruta-por-el-parque-natural-del-montgo\\\/\",\"name\":\"Ruta por el Parque Natural del Montg\u00f3 - EscapadaRural\",\"isPartOf\":{\"@id\":\"https:\\\/\\\/www.escapadarural.com\\\/blog\\\/#website\"},\"primaryImageOfPage\":{\"@id\":\"https:\\\/\\\/www.escapadarural.com\\\/blog\\\/ruta-por-el-parque-natural-del-montgo\\\/#primaryimage\"},\"image\":{\"@id\":\"https:\\\/\\\/www.escapadarural.com\\\/blog\\\/ruta-por-el-parque-natural-del-montgo\\\/#primaryimage\"},\"thumbnailUrl\":\"https:\\\/\\\/www.escapadarural.com\\\/blog\\\/wp-content\\\/uploads\\\/2024\\\/10\\\/IMG_3633-1024x768-3.jpg\",\"datePublished\":\"2021-10-07T08:30:32+00:00\",\"dateModified\":\"2026-02-17T16:23:45+00:00\",\"breadcrumb\":{\"@id\":\"https:\\\/\\\/www.escapadarural.com\\\/blog\\\/ruta-por-el-parque-natural-del-montgo\\\/#breadcrumb\"},\"inLanguage\":\"es\",\"potentialAction\":[{\"@type\":\"ReadAction\",\"target\":[\"https:\\\/\\\/www.escapadarural.com\\\/blog\\\/ruta-por-el-parque-natural-del-montgo\\\/\"]}]},{\"@type\":\"ImageObject\",\"inLanguage\":\"es\",\"@id\":\"https:\\\/\\\/www.escapadarural.com\\\/blog\\\/ruta-por-el-parque-natural-del-montgo\\\/#primaryimage\",\"url\":\"https:\\\/\\\/www.escapadarural.com\\\/blog\\\/wp-content\\\/uploads\\\/2024\\\/10\\\/IMG_3633-1024x768-3.jpg\",\"contentUrl\":\"https:\\\/\\\/www.escapadarural.com\\\/blog\\\/wp-content\\\/uploads\\\/2024\\\/10\\\/IMG_3633-1024x768-3.jpg\",\"width\":1024,\"height\":768,\"caption\":\"Una ciudad costera con agua azul clara en primer plano, edificios de poca altura a lo largo de la orilla y una alta monta\u00f1a rocosa al fondo bajo un cielo parcialmente nublado.\"},{\"@type\":\"BreadcrumbList\",\"@id\":\"https:\\\/\\\/www.escapadarural.com\\\/blog\\\/ruta-por-el-parque-natural-del-montgo\\\/#breadcrumb\",\"itemListElement\":[{\"@type\":\"ListItem\",\"position\":1,\"name\":\"Inicio\",\"item\":\"https:\\\/\\\/www.escapadarural.com\\\/blog\\\/\"},{\"@type\":\"ListItem\",\"position\":2,\"name\":\"Rutas y excursiones\",\"item\":\"https:\\\/\\\/www.escapadarural.com\\\/blog\\\/categoria\\\/rutas-y-excursiones\\\/\"},{\"@type\":\"ListItem\",\"position\":3,\"name\":\"Ruta por el Parque Natural del Montg\u00f3\"}]},{\"@type\":\"WebSite\",\"@id\":\"https:\\\/\\\/www.escapadarural.com\\\/blog\\\/#website\",\"url\":\"https:\\\/\\\/www.escapadarural.com\\\/blog\\\/\",\"name\":\"Blog de viajes | turismo rural, alojamientos e inspiraci\u00f3n\",\"description\":\"Alojamientos rurales e inspiraci\u00f3n para tus escapadas\",\"publisher\":{\"@id\":\"https:\\\/\\\/www.escapadarural.com\\\/blog\\\/#organization\"},\"alternateName\":\"Magazine de viajes de EscapadaRural\",\"potentialAction\":[{\"@type\":\"SearchAction\",\"target\":{\"@type\":\"EntryPoint\",\"urlTemplate\":\"https:\\\/\\\/www.escapadarural.com\\\/blog\\\/?s={search_term_string}\"},\"query-input\":{\"@type\":\"PropertyValueSpecification\",\"valueRequired\":true,\"valueName\":\"search_term_string\"}}],\"inLanguage\":\"es\"},{\"@type\":\"Organization\",\"@id\":\"https:\\\/\\\/www.escapadarural.com\\\/blog\\\/#organization\",\"name\":\"EscapadaRural\",\"url\":\"https:\\\/\\\/www.escapadarural.com\\\/blog\\\/\",\"logo\":{\"@type\":\"ImageObject\",\"inLanguage\":\"es\",\"@id\":\"https:\\\/\\\/www.escapadarural.com\\\/blog\\\/#\\\/schema\\\/logo\\\/image\\\/\",\"url\":\"https:\\\/\\\/www.escapadarural.com\\\/blog\\\/wp-content\\\/uploads\\\/2024\\\/10\\\/cropped-cropped-escapada-rural-icon-mag-3.png\",\"contentUrl\":\"https:\\\/\\\/www.escapadarural.com\\\/blog\\\/wp-content\\\/uploads\\\/2024\\\/10\\\/cropped-cropped-escapada-rural-icon-mag-3.png\",\"width\":512,\"height\":512,\"caption\":\"EscapadaRural\"},\"image\":{\"@id\":\"https:\\\/\\\/www.escapadarural.com\\\/blog\\\/#\\\/schema\\\/logo\\\/image\\\/\"},\"sameAs\":[\"https:\\\/\\\/www.facebook.com\\\/escapadarural\",\"https:\\\/\\\/www.instagram.com\\\/escapadarural\\\/\",\"https:\\\/\\\/www.youtube.com\\\/@escapadaruralcom\"]},{\"@type\":\"Person\",\"@id\":\"https:\\\/\\\/www.escapadarural.com\\\/blog\\\/#\\\/schema\\\/person\\\/2cac652e2d16373a24890ffaa220140f\",\"name\":\"El\u00edsabet Garc\u00eda\",\"image\":{\"@type\":\"ImageObject\",\"inLanguage\":\"es\",\"@id\":\"https:\\\/\\\/www.escapadarural.com\\\/blog\\\/wp-content\\\/uploads\\\/2025\\\/02\\\/elisabet_gran_escapada.webp\",\"url\":\"https:\\\/\\\/www.escapadarural.com\\\/blog\\\/wp-content\\\/uploads\\\/2025\\\/02\\\/elisabet_gran_escapada.webp\",\"contentUrl\":\"https:\\\/\\\/www.escapadarural.com\\\/blog\\\/wp-content\\\/uploads\\\/2025\\\/02\\\/elisabet_gran_escapada.webp\",\"caption\":\"El\u00edsabet Garc\u00eda\"},\"description\":\"Hola a todos! Soy El\u00edsabet Garc\u00eda, Consultora Inform\u00e1tica y, desde hace 7 a\u00f1os, blogger de viajes. Me apasiona viajar, conocer lugares inh\u00f3spitos, experimentar aventuras, perderme por la naturaleza y saborear la gastronom\u00eda local de cada lugar. Coeditora del blog lagranescapada.com junto a Mar Gonz\u00e1lez, un lugar que creamos para compartir cada nueva escapada que hacemos por el mundo.\",\"sameAs\":[\"https:\\\/\\\/lagranescapada.com\\\/\"],\"url\":\"https:\\\/\\\/www.escapadarural.com\\\/blog\\\/autor\\\/lagranescapada\\\/\"}]}<\/script>\n<!-- \/ Yoast SEO plugin. -->","yoast_head_json":{"title":"Ruta por el Parque Natural del Montg\u00f3 - EscapadaRural","robots":{"index":"index","follow":"follow","max-snippet":"max-snippet:-1","max-image-preview":"max-image-preview:large","max-video-preview":"max-video-preview:-1"},"canonical":"https:\/\/www.escapadarural.com\/blog\/ruta-por-el-parque-natural-del-montgo\/","og_locale":"es_ES","og_type":"article","og_title":"Ruta por el Parque Natural del Montg\u00f3 - EscapadaRural","og_description":"Entre las ciudades alicantinas de D\u00e9nia y X\u00e0bia, se comprende el Parque Natural del Montg\u00f3, declarado como tal en 1987. Os proponemos varias rutas con diferentes niveles de dificultad para conocerlo","og_url":"https:\/\/www.escapadarural.com\/blog\/ruta-por-el-parque-natural-del-montgo\/","og_site_name":"Magazine de viajes de EscapadaRural","article_publisher":"https:\/\/www.facebook.com\/escapadarural","article_published_time":"2021-10-07T08:30:32+00:00","article_modified_time":"2026-02-17T16:23:45+00:00","og_image":[{"width":1024,"height":768,"url":"https:\/\/www.escapadarural.com\/blog\/wp-content\/uploads\/2024\/10\/IMG_3633-1024x768-3.jpg","type":"image\/jpeg"}],"author":"El\u00edsabet Garc\u00eda","twitter_card":"summary_large_image","twitter_misc":{"Escrito por":"El\u00edsabet Garc\u00eda","Tiempo de lectura":"4 minutos"},"schema":{"@context":"https:\/\/schema.org","@graph":[{"@type":"Article","@id":"https:\/\/www.escapadarural.com\/blog\/ruta-por-el-parque-natural-del-montgo\/#article","isPartOf":{"@id":"https:\/\/www.escapadarural.com\/blog\/ruta-por-el-parque-natural-del-montgo\/"},"author":{"name":"El\u00edsabet Garc\u00eda","@id":"https:\/\/www.escapadarural.com\/blog\/#\/schema\/person\/2cac652e2d16373a24890ffaa220140f"},"headline":"Ruta por el Parque Natural del Montg\u00f3","datePublished":"2021-10-07T08:30:32+00:00","dateModified":"2026-02-17T16:23:45+00:00","mainEntityOfPage":{"@id":"https:\/\/www.escapadarural.com\/blog\/ruta-por-el-parque-natural-del-montgo\/"},"wordCount":589,"commentCount":0,"publisher":{"@id":"https:\/\/www.escapadarural.com\/blog\/#organization"},"image":{"@id":"https:\/\/www.escapadarural.com\/blog\/ruta-por-el-parque-natural-del-montgo\/#primaryimage"},"thumbnailUrl":"https:\/\/www.escapadarural.com\/blog\/wp-content\/uploads\/2024\/10\/IMG_3633-1024x768-3.jpg","keywords":["Alicante","art\u00edculo","Comunidad Valenciana","Espacio Protegido","Espacios naturales"],"articleSection":["Rutas y excursiones"],"inLanguage":"es","potentialAction":[{"@type":"CommentAction","name":"Comment","target":["https:\/\/www.escapadarural.com\/blog\/ruta-por-el-parque-natural-del-montgo\/#respond"]}]},{"@type":"WebPage","@id":"https:\/\/www.escapadarural.com\/blog\/ruta-por-el-parque-natural-del-montgo\/","url":"https:\/\/www.escapadarural.com\/blog\/ruta-por-el-parque-natural-del-montgo\/","name":"Ruta por el Parque Natural del Montg\u00f3 - EscapadaRural","isPartOf":{"@id":"https:\/\/www.escapadarural.com\/blog\/#website"},"primaryImageOfPage":{"@id":"https:\/\/www.escapadarural.com\/blog\/ruta-por-el-parque-natural-del-montgo\/#primaryimage"},"image":{"@id":"https:\/\/www.escapadarural.com\/blog\/ruta-por-el-parque-natural-del-montgo\/#primaryimage"},"thumbnailUrl":"https:\/\/www.escapadarural.com\/blog\/wp-content\/uploads\/2024\/10\/IMG_3633-1024x768-3.jpg","datePublished":"2021-10-07T08:30:32+00:00","dateModified":"2026-02-17T16:23:45+00:00","breadcrumb":{"@id":"https:\/\/www.escapadarural.com\/blog\/ruta-por-el-parque-natural-del-montgo\/#breadcrumb"},"inLanguage":"es","potentialAction":[{"@type":"ReadAction","target":["https:\/\/www.escapadarural.com\/blog\/ruta-por-el-parque-natural-del-montgo\/"]}]},{"@type":"ImageObject","inLanguage":"es","@id":"https:\/\/www.escapadarural.com\/blog\/ruta-por-el-parque-natural-del-montgo\/#primaryimage","url":"https:\/\/www.escapadarural.com\/blog\/wp-content\/uploads\/2024\/10\/IMG_3633-1024x768-3.jpg","contentUrl":"https:\/\/www.escapadarural.com\/blog\/wp-content\/uploads\/2024\/10\/IMG_3633-1024x768-3.jpg","width":1024,"height":768,"caption":"Una ciudad costera con agua azul clara en primer plano, edificios de poca altura a lo largo de la orilla y una alta monta\u00f1a rocosa al fondo bajo un cielo parcialmente nublado."},{"@type":"BreadcrumbList","@id":"https:\/\/www.escapadarural.com\/blog\/ruta-por-el-parque-natural-del-montgo\/#breadcrumb","itemListElement":[{"@type":"ListItem","position":1,"name":"Inicio","item":"https:\/\/www.escapadarural.com\/blog\/"},{"@type":"ListItem","position":2,"name":"Rutas y excursiones","item":"https:\/\/www.escapadarural.com\/blog\/categoria\/rutas-y-excursiones\/"},{"@type":"ListItem","position":3,"name":"Ruta por el Parque Natural del Montg\u00f3"}]},{"@type":"WebSite","@id":"https:\/\/www.escapadarural.com\/blog\/#website","url":"https:\/\/www.escapadarural.com\/blog\/","name":"Blog de viajes | turismo rural, alojamientos e inspiraci\u00f3n","description":"Alojamientos rurales e inspiraci\u00f3n para tus escapadas","publisher":{"@id":"https:\/\/www.escapadarural.com\/blog\/#organization"},"alternateName":"Magazine de viajes de EscapadaRural","potentialAction":[{"@type":"SearchAction","target":{"@type":"EntryPoint","urlTemplate":"https:\/\/www.escapadarural.com\/blog\/?s={search_term_string}"},"query-input":{"@type":"PropertyValueSpecification","valueRequired":true,"valueName":"search_term_string"}}],"inLanguage":"es"},{"@type":"Organization","@id":"https:\/\/www.escapadarural.com\/blog\/#organization","name":"EscapadaRural","url":"https:\/\/www.escapadarural.com\/blog\/","logo":{"@type":"ImageObject","inLanguage":"es","@id":"https:\/\/www.escapadarural.com\/blog\/#\/schema\/logo\/image\/","url":"https:\/\/www.escapadarural.com\/blog\/wp-content\/uploads\/2024\/10\/cropped-cropped-escapada-rural-icon-mag-3.png","contentUrl":"https:\/\/www.escapadarural.com\/blog\/wp-content\/uploads\/2024\/10\/cropped-cropped-escapada-rural-icon-mag-3.png","width":512,"height":512,"caption":"EscapadaRural"},"image":{"@id":"https:\/\/www.escapadarural.com\/blog\/#\/schema\/logo\/image\/"},"sameAs":["https:\/\/www.facebook.com\/escapadarural","https:\/\/www.instagram.com\/escapadarural\/","https:\/\/www.youtube.com\/@escapadaruralcom"]},{"@type":"Person","@id":"https:\/\/www.escapadarural.com\/blog\/#\/schema\/person\/2cac652e2d16373a24890ffaa220140f","name":"El\u00edsabet Garc\u00eda","image":{"@type":"ImageObject","inLanguage":"es","@id":"https:\/\/www.escapadarural.com\/blog\/wp-content\/uploads\/2025\/02\/elisabet_gran_escapada.webp","url":"https:\/\/www.escapadarural.com\/blog\/wp-content\/uploads\/2025\/02\/elisabet_gran_escapada.webp","contentUrl":"https:\/\/www.escapadarural.com\/blog\/wp-content\/uploads\/2025\/02\/elisabet_gran_escapada.webp","caption":"El\u00edsabet Garc\u00eda"},"description":"Hola a todos! Soy El\u00edsabet Garc\u00eda, Consultora Inform\u00e1tica y, desde hace 7 a\u00f1os, blogger de viajes. Me apasiona viajar, conocer lugares inh\u00f3spitos, experimentar aventuras, perderme por la naturaleza y saborear la gastronom\u00eda local de cada lugar. Coeditora del blog lagranescapada.com junto a Mar Gonz\u00e1lez, un lugar que creamos para compartir cada nueva escapada que hacemos por el mundo.","sameAs":["https:\/\/lagranescapada.com\/"],"url":"https:\/\/www.escapadarural.com\/blog\/autor\/lagranescapada\/"}]}},"_links":{"self":[{"href":"https:\/\/www.escapadarural.com\/blog\/wp-json\/wp\/v2\/posts\/42389","targetHints":{"allow":["GET"]}}],"collection":[{"href":"https:\/\/www.escapadarural.com\/blog\/wp-json\/wp\/v2\/posts"}],"about":[{"href":"https:\/\/www.escapadarural.com\/blog\/wp-json\/wp\/v2\/types\/post"}],"author":[{"embeddable":true,"href":"https:\/\/www.escapadarural.com\/blog\/wp-json\/wp\/v2\/users\/109"}],"replies":[{"embeddable":true,"href":"https:\/\/www.escapadarural.com\/blog\/wp-json\/wp\/v2\/comments?post=42389"}],"version-history":[{"count":0,"href":"https:\/\/www.escapadarural.com\/blog\/wp-json\/wp\/v2\/posts\/42389\/revisions"}],"wp:featuredmedia":[{"embeddable":true,"href":"https:\/\/www.escapadarural.com\/blog\/wp-json\/wp\/v2\/media\/100886"}],"wp:attachment":[{"href":"https:\/\/www.escapadarural.com\/blog\/wp-json\/wp\/v2\/media?parent=42389"}],"wp:term":[{"taxonomy":"category","embeddable":true,"href":"https:\/\/www.escapadarural.com\/blog\/wp-json\/wp\/v2\/categories?post=42389"},{"taxonomy":"post_tag","embeddable":true,"href":"https:\/\/www.escapadarural.com\/blog\/wp-json\/wp\/v2\/tags?post=42389"}],"curies":[{"name":"wp","href":"https:\/\/api.w.org\/{rel}","templated":true}]}}