{"id":42637,"date":"2021-10-27T09:10:00","date_gmt":"2021-10-27T08:10:00","guid":{"rendered":"https:\/\/www.escapadarural.com\/blog\/?p=42637"},"modified":"2025-08-11T14:05:34","modified_gmt":"2025-08-11T12:05:34","slug":"8-museos-del-bierzo-para-visitar-con-ninos-y-no-tan-ninos","status":"publish","type":"post","link":"https:\/\/www.escapadarural.com\/blog\/8-museos-del-bierzo-para-visitar-con-ninos-y-no-tan-ninos\/","title":{"rendered":"8 museos del Bierzo para visitar con ni\u00f1os (y no tan ni\u00f1os)"},"content":{"rendered":"\n<figure class=\"wp-block-image size-large is-style-default\"><a href=\"https:\/\/www.escapadarural.com\/blog\/wp-content\/uploads\/Por-Emma-Sexto-1.jpg\"><img decoding=\"async\" src=\"https:\/\/www.escapadarural.com\/blog\/wp-content\/uploads\/Por-Emma-Sexto-1-1024x768.jpg\" alt=\"Museos del Bierzo\" class=\"wp-image-42898\"\/><\/a><figcaption class=\"wp-element-caption\">                                                                                                                                                                                                                        Por Emma Sexto<\/figcaption><\/figure>\n\n\n\n<p><a href=\"https:\/\/www.escapadarural.com\/casas-rurales\/el-bierzo\" class=\"rank-math-link\">El Bierzo<\/a> es una comarca tan bella como poco explotada para el turismo familiar. Conocida por sus famosas M\u00e9dulas y los encantadores pueblos por los que pasa el <a href=\"https:\/\/www.escapadarural.com\/blog\/fotos-camino-de-santiago\/\" class=\"rank-math-link\">Camino de Santiago<\/a>, <strong>El Bierzo<\/strong> es mucho m\u00e1s. Es el Valle del Silencio hasta <a href=\"https:\/\/www.escapadarural.com\/casas-rurales\/penalba-de-santiago\" class=\"rank-math-link\">Pe\u00f1alba de Santiago<\/a>, es la zona ancaresa con sus profundos valles, sus castros y pallozas; su gastronom\u00eda de monta\u00f1a, sus vinos con terru\u00f1o, sus monasterios medievales y su especial orograf\u00eda moldeada por la tradici\u00f3n minera. <\/p>\n\n\n\n<p>El Bierzo es una<strong> zona perfecta para visitar con ni\u00f1os<\/strong>, cr\u00e9eme. Para descubrir sabores y olores de campo, para enlazar sus ricos espacios naturales con el pasado de esta comarca ligada a la mina y al ferrocarril. Y tambi\u00e9n para entrar en los <strong>museos del Bierzo<\/strong> y destripar su historia de una forma l\u00fadica y divertida. <\/p>\n\n\n\n<h2 class=\"wp-block-heading\" id=\"h-fabrica-de-la-luz-uno-de-los-mejores-museos-del-bierzo\"><strong>F\u00e1brica de la Luz<\/strong>, uno de los mejores museos del Bierzo <\/h2>\n\n\n\n<figure class=\"wp-block-image size-large is-style-default\"><a href=\"https:\/\/www.escapadarural.com\/blog\/wp-content\/uploads\/Por-Emma-Sexto....jpg\"><img decoding=\"async\" src=\"https:\/\/www.escapadarural.com\/blog\/wp-content\/uploads\/Por-Emma-Sexto...-1024x688.jpg\" alt=\"\" class=\"wp-image-42905\"\/><\/a><figcaption class=\"wp-element-caption\">                                                                                                                                                                                                                        Por Emma Sexto<\/figcaption><\/figure>\n\n\n\n<p class=\"has-text-align-left\">Si tienes que elegir s\u00f3lo un <strong>museo para visitar con ni\u00f1os en El Bierzo<\/strong>, que sea este. Situado a las afueras de la ciudad de <strong><a aria-label=\" (opens in a new tab)\" href=\"https:\/\/www.escapadarural.com\/casas-rurales\/ponferrada\" target=\"_blank\" rel=\"noreferrer noopener\" class=\"rank-math-link\">Ponferrada<\/a><\/strong>, en la avenida de la Libertad, el <strong>Museo de la Energ\u00eda<\/strong> se ubica en la antigua central de la Minero Sider\u00fargica de Ponferrada. M\u00e1s conocida como MSP, la central estuvo activa desde 1920 hasta 1971. Hoy funciona como espacio cultural para conocer la importancia del carb\u00f3n en la comarca del Bierzo y ha sido reconocido con diversos premios y menciones internacionales, como la nominaci\u00f3n al mejor museo europeo del a\u00f1o 2015 en los premios EMYA (European Museum of the Year Award).<\/p>\n\n\n\n<p class=\"has-text-align-left\">El Museo de la Energ\u00eda se conoce tambi\u00e9n como <strong>f\u00e1brica de la luz<\/strong> porque aqu\u00ed se transformaba m\u00e1gicamente el carb\u00f3n en energ\u00eda el\u00e9ctrica: \u00a1se hac\u00eda la luz! Antes de entrar al museo quiz\u00e1 te parezca que puede resultar una visita algo t\u00e9cnica o aburrida para hacer con ni\u00f1os. Nada m\u00e1s lejos de la realidad porque, adem\u00e1s de resultar ameno e informativo, el recorrido apela a las emociones: la que transmiten los empleados que trabajaron en la f\u00e1brica y que explican, en formato v\u00eddeo, su experiencia.<\/p>\n\n\n\n<figure class=\"wp-block-image size-large\"><a href=\"https:\/\/www.escapadarural.com\/blog\/wp-content\/uploads\/Por-Emma-Sexto.-2.jpg\"><img decoding=\"async\" src=\"https:\/\/www.escapadarural.com\/blog\/wp-content\/uploads\/Por-Emma-Sexto.-2-1024x768.jpg\" alt=\"\" class=\"wp-image-42897\"\/><\/a><figcaption class=\"wp-element-caption\">                                                                                                                                                                                                                        Por Emma Sexto<\/figcaption><\/figure>\n\n\n\n<p>El museo se divide en tres espacios. El primero de ellos es el <strong>muelle de carbones<\/strong> y quiz\u00e1 sea uno de los m\u00e1s atractivos ya que en \u00e9l se encuentran dos de los puntos fuertes del museo: una vieja locomotora a vapor que se puede ver en funcionamiento y una vagoneta que simula introducirse en un t\u00fanel minero. Esta zona es, adem\u00e1s, muy interactiva, con paneles informativos y testimonios en v\u00eddeo de los trabajadores, que cuentan an\u00e9cdotas de su vida y consiguen convertir una experiencia did\u00e1ctica en un verdadero viaje en el tiempo.<\/p>\n\n\n\n<p>En la <strong>nave de calderas<\/strong> puede verse el proceso de quemado del carb\u00f3n en los altos hornos de la central y, por \u00faltimo, en la <strong>nave de turbinas<\/strong> es donde el museo hace su magia creando la luz. Adem\u00e1s no hay que dejar de admirar el exterior del edificio, considerado una de las joyas del patrimonio industrial espa\u00f1ol, ni de disfrutar de los jardines que lo rodean. <\/p>\n\n\n\n<p>Para sacarle todo el jugo a este museo son recomendables las visitas guiadas, en concreto la <strong>Visita en familia<\/strong>, que tiene lugar los s\u00e1bados, domingos y festivos a las 11:45 sin reserva previa.<\/p>\n\n\n<div style=\"background-color: #d9edf7; color: #31708f; border-left-color: #31708f; \" class=\"ub-styled-box ub-notification-box wp-block-ub-styled-box\" id=\"ub-styled-box-6af9e58b-cd14-45bc-a4c6-aa3793bf3575\">\n<p id=\"ub-styled-box-notification-content-\"><strong>M\u00e1s informaci\u00f3n:<\/strong><\/p>\n\n\n\n<p>. P\u00e1gina web de <strong>La F\u00e1brica de la Luz<\/strong><\/p>\n\n\n\n<p>. 987 400 800<\/p>\n\n\n<\/div>\n\n\n<h2 class=\"wp-block-heading\" id=\"h-museo-de-la-radio-luis-del-olmo\"><strong>Museo de la Radio Luis del Olmo<\/strong><\/h2>\n\n\n\n<figure class=\"wp-block-image size-large\"><a href=\"https:\/\/www.escapadarural.com\/blog\/wp-content\/uploads\/Por-Emma-Sexto.png\"><img decoding=\"async\" src=\"https:\/\/www.escapadarural.com\/blog\/wp-content\/uploads\/Por-Emma-Sexto.png\" alt=\"\" class=\"wp-image-42908\"\/><\/a><figcaption class=\"wp-element-caption\">                                                                                                                                                                                                                        Por Emma Sexto<\/figcaption><\/figure>\n\n\n\n<p>El casco hist\u00f3rico de <strong><a aria-label=\" (opens in a new tab)\" href=\"https:\/\/www.escapadarural.com\/casas-rurales\/ponferrada\" target=\"_blank\" rel=\"noreferrer noopener\" class=\"rank-math-link\">Ponferrada<\/a><\/strong>, peque\u00f1o y acogedor, sorprende por la cantidad de museos que alberga. Entre ellos est\u00e1 el <strong>Museo de la Radio<\/strong>, situado en una bonita casa solariega de estilo barroco tard\u00edo: la casa de Los Escudos. En su interior nos encontramos con una amplia colecci\u00f3n de receptores de radio -hay m\u00e1s de 200- que pertenecen al famoso locutor, nacido en Ponferrada, Luis del Olmo.<\/p>\n\n\n\n<p>Es muy llamativo observar la evoluci\u00f3n de estos aparatos, tanto en aspecto como en tecnolog\u00eda, desde los m\u00e1s r\u00fasticos hasta los m\u00e1s modernos. Adem\u00e1s, el museo da a conocer algunos episodios hist\u00f3ricos de Espa\u00f1a a trav\u00e9s de una extensa recopilaci\u00f3n de recortes radiof\u00f3nicos que se van escuchando durante la visita y se convierten en un buen aliciente para los ni\u00f1os m\u00e1s mayorcitos. <\/p>\n\n\n\n<p>\u00bfUna curiosidad? Su aula de radio, con aparatos fabricados por las mejores compa\u00f1\u00edas europeas y norteamericanas, como Philips, Telefunken o Marconi. <\/p>\n\n\n<div style=\"background-color: #d9edf7; color: #31708f; border-left-color: #31708f; \" class=\"ub-styled-box ub-notification-box wp-block-ub-styled-box\" id=\"ub-styled-box-1892e2b9-af52-4acc-958d-045ac8df50cd\">\n<p id=\"ub-styled-box-notification-content-\"><strong><a href=\"https:\/\/www.ponferrada.org\/turismo\/es\/museos\/museo-radio-luis-olmo\" class=\"rank-math-link\" target=\"_blank\">Informaci\u00f3n sobre horarios y visitas<\/a>:<\/strong><\/p>\n\n\n\n<p>. museoradio@ponferrada.org<br>. 987 456 262<\/p>\n\n\n<\/div>\n\n\n<h2 class=\"wp-block-heading\" id=\"h-museo-del-ferrocarril-de-ponferrada\">Museo del Ferrocarril de Ponferrada<\/h2>\n\n\n\n<figure class=\"wp-block-image size-large\"><a href=\"https:\/\/www.escapadarural.com\/blog\/wp-content\/uploads\/Por-Miguel-E.-Gil.jpg\"><img decoding=\"async\" src=\"https:\/\/www.escapadarural.com\/blog\/wp-content\/uploads\/Por-Miguel-E.-Gil.jpg\" alt=\"\" class=\"wp-image-42910\"\/><\/a><figcaption class=\"wp-element-caption\">                                                                                                                                                                                                                       Por Miguel E. Gil<\/figcaption><\/figure>\n\n\n\n<p>El tren es otro de los s\u00edmbolos testigo del pasado minero e industrial del Bierzo: es l\u00f3gico y es de justicia que Ponferrada le dedique un museo propio. La <strong>historia del ferrocarril <\/strong>en esta comarca comienza en 1918, con el proyecto de Ley del Ministerio de Fomento que daba luz verde a la construcci\u00f3n de una l\u00ednea f\u00e9rrea entre Villablino y Ponferrada. \u00bfEl motivo? Transportar el carb\u00f3n desde las cuencas mineras del Sil.<\/p>\n\n\n\n<p>Este acontecimiento marc\u00f3 un antes y un despu\u00e9s en la econom\u00eda e industria de la zona, que sufri\u00f3 un gran avance en su evoluci\u00f3n. Pero por aquellas v\u00edas no s\u00f3lo se transportaba carb\u00f3n, tambi\u00e9n hab\u00eda espacio para una l\u00ednea de transporte de pasajeros, que fue la \u00faltima de Espa\u00f1a en usar locomotoras de vapor hasta 1980, fecha en la que desapareci\u00f3.<\/p>\n\n\n\n<p>\u00bfTe gustar\u00eda ver alguna de estas locomotoras o los planos del proyecto inicial de esta v\u00eda? Todo eso y mucho m\u00e1s se guarda con esmero en el<span style=\"color:#2ba300\" class=\"has-inline-color\"> <\/span><span class=\"has-inline-color has-black-color\"><strong>Museo del Ferrocarril<\/strong> <\/span>de Ponferrada, que encantar\u00e1 a ni\u00f1os y mayores por igual, donde profundizar sobre la importancia de la miner\u00eda y el ferrocarril a lo largo del s. XX.<\/p>\n\n\n<div style=\"background-color: #d9edf7; color: #31708f; border-left-color: #31708f; \" class=\"ub-styled-box ub-notification-box wp-block-ub-styled-box\" id=\"ub-styled-box-eb18abfc-52cb-4ea8-b86b-89f3f16c8cc6\">\n<p id=\"ub-styled-box-notification-content-\"><strong>M\u00e1s informaci\u00f3n:<\/strong><\/p>\n\n\n\n<p>Web del <strong><a href=\"https:\/\/www.ponferrada.org\/turismo\/es\/museos\/museo-ferrocarril\" class=\"rank-math-link\" target=\"_blank\">Museo del Ferrocarril<\/a><\/strong><\/p>\n\n\n<\/div>\n\n\n<h2 class=\"wp-block-heading\" id=\"h-museo-de-ciencias-naturales-de-villafranca-del-bierzo\"><strong>Museo de Ciencias Naturales de Villafranca del Bierzo<\/strong><\/h2>\n\n\n\n<figure class=\"wp-block-image size-large\"><a href=\"https:\/\/www.escapadarural.com\/blog\/wp-content\/uploads\/Por-Turismo-de-Castilla-y-Leon.jpg\"><img decoding=\"async\" src=\"https:\/\/www.escapadarural.com\/blog\/wp-content\/uploads\/Por-Turismo-de-Castilla-y-Leon-1024x769.jpg\" alt=\"\" class=\"wp-image-42916\"\/><\/a><figcaption class=\"wp-element-caption\">                                                                                                                                                                                              Por Turismo de Castilla y Le\u00f3n<\/figcaption><\/figure>\n\n\n\n<p>La imponente fachada barroca de la iglesia de San Nicol\u00e1s, en <strong><a href=\"https:\/\/www.escapadarural.com\/casas-rurales\/villafranca-del-bierzo\" target=\"_blank\" aria-label=\" (opens in a new tab)\" rel=\"noreferrer noopener\" class=\"rank-math-link\">Villafranca del Bierzo<\/a><\/strong>, guarda una grata sorpresa en su interior: un inesperado y completo <strong>Museo de Ciencias Naturales<\/strong> <strong>y Etnogr\u00e1fico<\/strong> que cuesta imaginar en una villa tan peque\u00f1a. Fueron los <strong>Padres Pa\u00fales<\/strong>, que regentan desde 1913 el edificio eclesi\u00e1stico, quienes recuperaron las colecciones del museo para su exhibici\u00f3n, ayudados por una asociaci\u00f3n de vecinos, el Ayuntamiento de Villafranca e investigadores de la Universidad de Vigo.<\/p>\n\n\n\n<p>Pero el principal impulsor del museo original fue el <strong>Padre Tobar<\/strong>, un personaje digno de estudio, conocido como \u201cEl Julio Verne espa\u00f1ol\u201d, que adem\u00e1s fue inventor y profesor en Villafranca. Con su esfuerzo naci\u00f3 este peculiar museo dedicado a la <strong>zoolog\u00eda<\/strong>, en el que se exponen un gran n\u00famero de animales disecados, entre los que destacan aves tra\u00eddas de Filipinas, adem\u00e1s de colecciones de conchas y minerales. Otra zona del museo se dedica a la <strong>etnograf\u00eda<\/strong>, para conocer algunos elementos tradicionales de Villafranca, como los Gigantes y Cabezudos.<\/p>\n\n\n\n<p>El Museo de Ciencias Naturales suele celebrar <strong>eventos familiares<\/strong>. Este Halloween todas las familias que acudan con ni\u00f1os a visitar el museo durante el puente disfrutar\u00e1n de una actividad especial con premio: \u00a1la b\u00fasqueda de los monstruos del museo!<\/p>\n\n\n\n<h2 class=\"wp-block-heading\" id=\"h-museo-arqueologico-de-cacabelos\"><strong>Museo Arqueol\u00f3gico de Cacabelos<\/strong><\/h2>\n\n\n\n<figure class=\"wp-block-image size-large\"><a href=\"https:\/\/www.escapadarural.com\/blog\/wp-content\/uploads\/Por-Museo-MARCA.jpg\"><img decoding=\"async\" src=\"https:\/\/www.escapadarural.com\/blog\/wp-content\/uploads\/Por-Museo-MARCA-1024x640.jpg\" alt=\"\" class=\"wp-image-42920\"\/><\/a><figcaption class=\"wp-element-caption\">                                                                                                                                                                                                                   Por Museo MARCA<\/figcaption><\/figure>\n\n\n\n<p>Recorrer el <strong>Museo Arqueol\u00f3gico MARCA <\/strong>situado en la peque\u00f1a localidad de <strong><a href=\"https:\/\/www.escapadarural.com\/casas-rurales\/cacabelos\" target=\"_blank\" aria-label=\" (opens in a new tab)\" rel=\"noreferrer noopener\" class=\"rank-math-link\">Cacabelos<\/a><\/strong>, es como hacer un viaje en el tiempo desde la Prehistoria hasta el s. XX. Su fundaci\u00f3n comenz\u00f3 en 1964 gracias a Eunemio Garc\u00eda Neira, una autoridad de la arqueolog\u00eda en El Bierzo. Con \u00e9l se inici\u00f3 la colecci\u00f3n permanente, formada por las piezas extra\u00eddas de los yacimientos de Castro Ventosa y La Edrada.<\/p>\n\n\n\n<p>A estas piezas se a\u00f1adieron otras medievales como escudos, armas, libros antiguos y arte sacro, adem\u00e1s de elementos etnogr\u00e1ficos de distintas \u00e9pocas como \u00fatiles dom\u00e9sticos, que permiten conocer el modo de vida de los pueblos que habitaron la comarca del Bierzo. <\/p>\n\n\n\n<p>Otro de los puntos fuertes del MARCA son sus exposiciones temporales en las que participan importantes artistas nacionales. Pero adem\u00e1s el museo organiza <strong>talleres para ni\u00f1os <\/strong>(tambi\u00e9n para adultos), con los que pretende motivar a los m\u00e1s peque\u00f1os para que aprendan historia y se interesen por el arte y la arqueolog\u00eda de la forma m\u00e1s amena posible: a trav\u00e9s de divertidas actividades l\u00fadicas.<\/p>\n\n\n<div style=\"background-color: #d9edf7; color: #31708f; border-left-color: #31708f; \" class=\"ub-styled-box ub-notification-box wp-block-ub-styled-box\" id=\"ub-styled-box-cc0ebea5-99d9-4dc2-ac59-fd0e66a08fd6\">\n<p id=\"ub-styled-box-notification-content-\"><strong>M\u00e1s informaci\u00f3n sobre el MARCA:<\/strong><\/p>\n\n\n\n<p>Para consultar horarios y tarifas visita la web del <a class=\"rank-math-link\" href=\"https:\/\/cacabelos.org\/marca\/\" target=\"_blank\"><strong>Museo Arqueol\u00f3gico MARCA<\/strong>.<\/a><\/p>\n\n\n<\/div>\n\n\n<h2 class=\"wp-block-heading\" id=\"h-museo-del-alto-bierzo-en-bembibre\"><strong>Museo del Alto Bierzo en Bembibre<\/strong><\/h2>\n\n\n\n<figure class=\"wp-block-image size-large\"><a href=\"https:\/\/www.escapadarural.com\/blog\/wp-content\/uploads\/Por-Turismo-de-Castilla-y-Leon-1.jpg\"><img decoding=\"async\" src=\"https:\/\/www.escapadarural.com\/blog\/wp-content\/uploads\/Por-Turismo-de-Castilla-y-Leon-1-1024x768.jpg\" alt=\"\" class=\"wp-image-42921\"\/><\/a><figcaption class=\"wp-element-caption\">                                                                                                                                                                                                   Por Turismo Castilla y Le\u00f3n<\/figcaption><\/figure>\n\n\n\n<p>En el desconocido <strong><a href=\"https:\/\/www.escapadarural.com\/casas-rurales\/bembibre\" target=\"_blank\" aria-label=\" (opens in a new tab)\" rel=\"noreferrer noopener\" class=\"rank-math-link\">Bembibre<\/a><\/strong>, antiguo caser\u00edo de origen astur, se encuentra el <strong>Museo del Alto Bierzo<\/strong>, situado en la planta alta de la Casa de las Culturas. Es un espacio dedicado en su totalidad a la historia, cultura y tradiciones de una de las zonas menos visitadas del Bierzo, el <strong>Alto Bierzo<\/strong>. Es un museo de f\u00e1cil recorrido por lo atractivo de sus elementos etnogr\u00e1ficos, como los utensilios de la casa berciana (cacerolas, molinillos, sartenes, c\u00e1ntaros&#8230;), los utilizados en actividades agr\u00edcolas y ganaderas (arados, hoces, yugos&#8230;) y otros oficios tradicionales, entre los que destacan el de carpintero, zapatero y herrero.<\/p>\n\n\n\n<p>A estas \u00e1reas expositivas se ha sumado en septiembre una m\u00e1s, la de Geolog\u00eda y Paleontolog\u00eda, que sin duda a\u00f1adir\u00e1n un plus al atractivo tur\u00edstico de este museo, que es mucho. <\/p>\n\n\n\n<p>Hay que hacer especial menci\u00f3n a la exposici\u00f3n de los trajes t\u00edpicos bercianos y a la recreaci\u00f3n de algunas viviendas y de la escuela del pueblo, la <strong>escuela de Do\u00f1a Matilde<\/strong>, con sus pizarras, antiguos mapas y pupitres y sus alumnos vestidos de \u00e9poca. Un museo encantador donde acercarse a la esencia del Bierzo. <\/p>\n\n\n<div style=\"background-color: #d9edf7; color: #31708f; border-left-color: #31708f; \" class=\"ub-styled-box ub-notification-box wp-block-ub-styled-box\" id=\"ub-styled-box-4b9b64a9-372f-4b18-88c5-2390b66defe1\">\n<p id=\"ub-styled-box-notification-content-\"><strong>M\u00e1s informaci\u00f3n:<\/strong><\/p>\n\n\n\n<p>Web de<strong> <a href=\"https:\/\/www.turismocastillayleon.com\/es\/arte-cultura-patrimonio\/museos\/museo-alto-bierzo\" target=\"_blank\">Turismo de Castill<\/a><\/strong><a href=\"https:\/\/www.turismocastillayleon.com\/es\/arte-cultura-patrimonio\/museos\/museo-alto-bierzo\" target=\"_blank\"><strong>a y Le\u00f3n<\/strong>.<\/a><\/p>\n\n\n<\/div>\n\n\n<h2 class=\"wp-block-heading\" id=\"h-otros-museos-del-bierzo-para-disfrutar-en-familia\"><strong>Otros museos del Bierzo para disfrutar en familia<\/strong><\/h2>\n\n\n\n<figure class=\"wp-block-image size-large\"><a href=\"https:\/\/www.escapadarural.com\/blog\/wp-content\/uploads\/Por-Emma-SextoL.jpg\"><img decoding=\"async\" src=\"https:\/\/www.escapadarural.com\/blog\/wp-content\/uploads\/Por-Emma-SextoL-1024x688.jpg\" alt=\"\" class=\"wp-image-42925\"\/><\/a><figcaption class=\"wp-element-caption\">                                                                                                                                                                                                                        Por Emma Sexto<\/figcaption><\/figure>\n\n\n\n<p> En esta lista de <strong>museos del Bierzo <\/strong>para visitar con ni\u00f1os deber\u00edan estar otros muchos de la comarca, pero vamos a\u00f1adir dos m\u00e1s: el <strong>Museo del Carro<\/strong> y el <strong>Museo del Monasterio de Carracedo<\/strong>. <\/p>\n\n\n\n<p>El primero merece la pena por el entorno en el que se ubica, <strong>Villanueva de Valdueza<\/strong>, un pintoresco pueblo del valle del Oza declarado Bien de Inter\u00e9s Cultural, pero tambi\u00e9n por ser una colecci\u00f3n de carros familiar que en su origen se expon\u00eda al aire libre y ahora cuenta con su propio museo. El segundo lo localizamos en el interior del Monasterio de Santa Mar\u00eda de <strong>Carracedo<\/strong>, un cenobio medieval restaurado en el s. XII que merece una visita por s\u00ed mismo, al que el museo suma puntos con un breve paseo por sus or\u00edgenes e historia. <\/p>\n\n\n\n<div class=\"wp-block-buttons is-layout-flex wp-block-buttons-is-layout-flex\">\n<div class=\"wp-block-button\"><a class=\"wp-block-button__link wp-element-button\" href=\"https:\/\/www.escapadarural.com\/casas-rurales\/el-bierzo\">Casas rurales en El Bierzo<\/a><\/div>\n<\/div>\n","protected":false},"excerpt":{"rendered":"<p>El Bierzo es una zona perfecta para visitar con ni\u00f1os: descubrir sabores y olores de campo, para enlazar sus ricos espacios naturales con el pasado de esta comarca ligada a la mina y al ferrocarril. Y tambi\u00e9n para entrar en los museos del Bierzo y destripar su historia<\/p>\n","protected":false},"author":146,"featured_media":100674,"comment_status":"open","ping_status":"open","sticky":false,"template":"","format":"standard","meta":{"_acf_changed":false,"om_disable_all_campaigns":false,"footnotes":""},"categories":[231],"tags":[5995,294,590,511,215,2237,2123],"class_list":["post-42637","post","type-post","status-publish","format-standard","has-post-thumbnail","hentry","category-arte-y-cultura","tag-que-ver-en-castilla-y-leon","tag-cultura","tag-el-bierzo","tag-familia","tag-listado","tag-museos","tag-ponferrada"],"acf":[],"featured_image_src":"https:\/\/www.escapadarural.com\/blog\/wp-content\/uploads\/2024\/10\/Por-Emma-Sexto-1-1024x768-2.jpg","author_info":{"display_name":"Emma Sexto","author_link":"https:\/\/www.escapadarural.com\/blog\/autor\/emma\/"},"yoast_head":"<!-- This site is optimized with the Yoast SEO plugin v27.5 - https:\/\/yoast.com\/product\/yoast-seo-wordpress\/ -->\n<title>8 museos del Bierzo para visitar con ni\u00f1os (y no tan ni\u00f1os) - EscapadaRural<\/title>\n<meta name=\"robots\" content=\"index, follow, max-snippet:-1, max-image-preview:large, max-video-preview:-1\" \/>\n<link rel=\"canonical\" href=\"https:\/\/www.escapadarural.com\/blog\/8-museos-del-bierzo-para-visitar-con-ninos-y-no-tan-ninos\/\" \/>\n<meta property=\"og:locale\" content=\"es_ES\" \/>\n<meta property=\"og:type\" content=\"article\" \/>\n<meta property=\"og:title\" content=\"8 museos del Bierzo para visitar con ni\u00f1os (y no tan ni\u00f1os) - EscapadaRural\" \/>\n<meta property=\"og:description\" content=\"El Bierzo es una zona perfecta para visitar con ni\u00f1os: descubrir sabores y olores de campo, para enlazar sus ricos espacios naturales con el pasado de esta comarca ligada a la mina y al ferrocarril. Y tambi\u00e9n para entrar en los museos del Bierzo y destripar su historia\" \/>\n<meta property=\"og:url\" content=\"https:\/\/www.escapadarural.com\/blog\/8-museos-del-bierzo-para-visitar-con-ninos-y-no-tan-ninos\/\" \/>\n<meta property=\"og:site_name\" content=\"Magazine de viajes de EscapadaRural\" \/>\n<meta property=\"article:publisher\" content=\"https:\/\/www.facebook.com\/escapadarural\" \/>\n<meta property=\"article:published_time\" content=\"2021-10-27T08:10:00+00:00\" \/>\n<meta property=\"article:modified_time\" content=\"2025-08-11T12:05:34+00:00\" \/>\n<meta property=\"og:image\" content=\"https:\/\/www.escapadarural.com\/blog\/wp-content\/uploads\/2024\/10\/Por-Emma-Sexto-1-1024x768-2.jpg?v=1754913936\" \/>\n\t<meta property=\"og:image:width\" content=\"1024\" \/>\n\t<meta property=\"og:image:height\" content=\"768\" \/>\n\t<meta property=\"og:image:type\" content=\"image\/jpeg\" \/>\n<meta name=\"author\" content=\"Emma Sexto\" \/>\n<meta name=\"twitter:card\" content=\"summary_large_image\" \/>\n<meta name=\"twitter:label1\" content=\"Escrito por\" \/>\n\t<meta name=\"twitter:data1\" content=\"Emma Sexto\" \/>\n\t<meta name=\"twitter:label2\" content=\"Tiempo de lectura\" \/>\n\t<meta name=\"twitter:data2\" content=\"9 minutos\" \/>\n<script type=\"application\/ld+json\" class=\"yoast-schema-graph\">{\"@context\":\"https:\\\/\\\/schema.org\",\"@graph\":[{\"@type\":\"Article\",\"@id\":\"https:\\\/\\\/www.escapadarural.com\\\/blog\\\/8-museos-del-bierzo-para-visitar-con-ninos-y-no-tan-ninos\\\/#article\",\"isPartOf\":{\"@id\":\"https:\\\/\\\/www.escapadarural.com\\\/blog\\\/8-museos-del-bierzo-para-visitar-con-ninos-y-no-tan-ninos\\\/\"},\"author\":{\"name\":\"Emma Sexto\",\"@id\":\"https:\\\/\\\/www.escapadarural.com\\\/blog\\\/#\\\/schema\\\/person\\\/d96b96281dd5b4a8b75a8b71c41b5a80\"},\"headline\":\"8 museos del Bierzo para visitar con ni\u00f1os (y no tan ni\u00f1os)\",\"datePublished\":\"2021-10-27T08:10:00+00:00\",\"dateModified\":\"2025-08-11T12:05:34+00:00\",\"mainEntityOfPage\":{\"@id\":\"https:\\\/\\\/www.escapadarural.com\\\/blog\\\/8-museos-del-bierzo-para-visitar-con-ninos-y-no-tan-ninos\\\/\"},\"wordCount\":1856,\"commentCount\":1,\"publisher\":{\"@id\":\"https:\\\/\\\/www.escapadarural.com\\\/blog\\\/#organization\"},\"image\":{\"@id\":\"https:\\\/\\\/www.escapadarural.com\\\/blog\\\/8-museos-del-bierzo-para-visitar-con-ninos-y-no-tan-ninos\\\/#primaryimage\"},\"thumbnailUrl\":\"https:\\\/\\\/www.escapadarural.com\\\/blog\\\/wp-content\\\/uploads\\\/2024\\\/10\\\/Por-Emma-Sexto-1-1024x768-2.jpg\",\"keywords\":[\"Castilla y Le\u00f3n\",\"cultura\",\"El Bierzo\",\"Familia\",\"Listado\",\"museos\",\"Ponferrada\"],\"articleSection\":[\"Arte y Cultura\"],\"inLanguage\":\"es\",\"potentialAction\":[{\"@type\":\"CommentAction\",\"name\":\"Comment\",\"target\":[\"https:\\\/\\\/www.escapadarural.com\\\/blog\\\/8-museos-del-bierzo-para-visitar-con-ninos-y-no-tan-ninos\\\/#respond\"]}]},{\"@type\":\"WebPage\",\"@id\":\"https:\\\/\\\/www.escapadarural.com\\\/blog\\\/8-museos-del-bierzo-para-visitar-con-ninos-y-no-tan-ninos\\\/\",\"url\":\"https:\\\/\\\/www.escapadarural.com\\\/blog\\\/8-museos-del-bierzo-para-visitar-con-ninos-y-no-tan-ninos\\\/\",\"name\":\"8 museos del Bierzo para visitar con ni\u00f1os (y no tan ni\u00f1os) - EscapadaRural\",\"isPartOf\":{\"@id\":\"https:\\\/\\\/www.escapadarural.com\\\/blog\\\/#website\"},\"primaryImageOfPage\":{\"@id\":\"https:\\\/\\\/www.escapadarural.com\\\/blog\\\/8-museos-del-bierzo-para-visitar-con-ninos-y-no-tan-ninos\\\/#primaryimage\"},\"image\":{\"@id\":\"https:\\\/\\\/www.escapadarural.com\\\/blog\\\/8-museos-del-bierzo-para-visitar-con-ninos-y-no-tan-ninos\\\/#primaryimage\"},\"thumbnailUrl\":\"https:\\\/\\\/www.escapadarural.com\\\/blog\\\/wp-content\\\/uploads\\\/2024\\\/10\\\/Por-Emma-Sexto-1-1024x768-2.jpg\",\"datePublished\":\"2021-10-27T08:10:00+00:00\",\"dateModified\":\"2025-08-11T12:05:34+00:00\",\"breadcrumb\":{\"@id\":\"https:\\\/\\\/www.escapadarural.com\\\/blog\\\/8-museos-del-bierzo-para-visitar-con-ninos-y-no-tan-ninos\\\/#breadcrumb\"},\"inLanguage\":\"es\",\"potentialAction\":[{\"@type\":\"ReadAction\",\"target\":[\"https:\\\/\\\/www.escapadarural.com\\\/blog\\\/8-museos-del-bierzo-para-visitar-con-ninos-y-no-tan-ninos\\\/\"]}]},{\"@type\":\"ImageObject\",\"inLanguage\":\"es\",\"@id\":\"https:\\\/\\\/www.escapadarural.com\\\/blog\\\/8-museos-del-bierzo-para-visitar-con-ninos-y-no-tan-ninos\\\/#primaryimage\",\"url\":\"https:\\\/\\\/www.escapadarural.com\\\/blog\\\/wp-content\\\/uploads\\\/2024\\\/10\\\/Por-Emma-Sexto-1-1024x768-2.jpg\",\"contentUrl\":\"https:\\\/\\\/www.escapadarural.com\\\/blog\\\/wp-content\\\/uploads\\\/2024\\\/10\\\/Por-Emma-Sexto-1-1024x768-2.jpg\",\"width\":1024,\"height\":768,\"caption\":\"Una joven con un vestido claro se encuentra frente a una estructura industrial alta, en el interior de una gran sala poco iluminada con paredes de ladrillo, pasarelas met\u00e1licas y tuber\u00edas por encima.\"},{\"@type\":\"BreadcrumbList\",\"@id\":\"https:\\\/\\\/www.escapadarural.com\\\/blog\\\/8-museos-del-bierzo-para-visitar-con-ninos-y-no-tan-ninos\\\/#breadcrumb\",\"itemListElement\":[{\"@type\":\"ListItem\",\"position\":1,\"name\":\"Inicio\",\"item\":\"https:\\\/\\\/www.escapadarural.com\\\/blog\\\/\"},{\"@type\":\"ListItem\",\"position\":2,\"name\":\"Arte y Cultura\",\"item\":\"https:\\\/\\\/www.escapadarural.com\\\/blog\\\/categoria\\\/arte-y-cultura\\\/\"},{\"@type\":\"ListItem\",\"position\":3,\"name\":\"8 museos del Bierzo para visitar con ni\u00f1os (y no tan ni\u00f1os)\"}]},{\"@type\":\"WebSite\",\"@id\":\"https:\\\/\\\/www.escapadarural.com\\\/blog\\\/#website\",\"url\":\"https:\\\/\\\/www.escapadarural.com\\\/blog\\\/\",\"name\":\"Blog de viajes | turismo rural, alojamientos e inspiraci\u00f3n\",\"description\":\"Alojamientos rurales e inspiraci\u00f3n para tus escapadas\",\"publisher\":{\"@id\":\"https:\\\/\\\/www.escapadarural.com\\\/blog\\\/#organization\"},\"alternateName\":\"Magazine de viajes de EscapadaRural\",\"potentialAction\":[{\"@type\":\"SearchAction\",\"target\":{\"@type\":\"EntryPoint\",\"urlTemplate\":\"https:\\\/\\\/www.escapadarural.com\\\/blog\\\/?s={search_term_string}\"},\"query-input\":{\"@type\":\"PropertyValueSpecification\",\"valueRequired\":true,\"valueName\":\"search_term_string\"}}],\"inLanguage\":\"es\"},{\"@type\":\"Organization\",\"@id\":\"https:\\\/\\\/www.escapadarural.com\\\/blog\\\/#organization\",\"name\":\"EscapadaRural\",\"url\":\"https:\\\/\\\/www.escapadarural.com\\\/blog\\\/\",\"logo\":{\"@type\":\"ImageObject\",\"inLanguage\":\"es\",\"@id\":\"https:\\\/\\\/www.escapadarural.com\\\/blog\\\/#\\\/schema\\\/logo\\\/image\\\/\",\"url\":\"https:\\\/\\\/www.escapadarural.com\\\/blog\\\/wp-content\\\/uploads\\\/2024\\\/10\\\/cropped-cropped-escapada-rural-icon-mag-3.png\",\"contentUrl\":\"https:\\\/\\\/www.escapadarural.com\\\/blog\\\/wp-content\\\/uploads\\\/2024\\\/10\\\/cropped-cropped-escapada-rural-icon-mag-3.png\",\"width\":512,\"height\":512,\"caption\":\"EscapadaRural\"},\"image\":{\"@id\":\"https:\\\/\\\/www.escapadarural.com\\\/blog\\\/#\\\/schema\\\/logo\\\/image\\\/\"},\"sameAs\":[\"https:\\\/\\\/www.facebook.com\\\/escapadarural\",\"https:\\\/\\\/www.instagram.com\\\/escapadarural\\\/\",\"https:\\\/\\\/www.youtube.com\\\/@escapadaruralcom\"]},{\"@type\":\"Person\",\"@id\":\"https:\\\/\\\/www.escapadarural.com\\\/blog\\\/#\\\/schema\\\/person\\\/d96b96281dd5b4a8b75a8b71c41b5a80\",\"name\":\"Emma Sexto\",\"image\":{\"@type\":\"ImageObject\",\"inLanguage\":\"es\",\"@id\":\"https:\\\/\\\/secure.gravatar.com\\\/avatar\\\/44e2ce7e003436b181e9ede917fe0141710c07220d1ea53cab2c3abf89c0f609?s=96&d=mm&r=g\",\"url\":\"https:\\\/\\\/secure.gravatar.com\\\/avatar\\\/44e2ce7e003436b181e9ede917fe0141710c07220d1ea53cab2c3abf89c0f609?s=96&d=mm&r=g\",\"contentUrl\":\"https:\\\/\\\/secure.gravatar.com\\\/avatar\\\/44e2ce7e003436b181e9ede917fe0141710c07220d1ea53cab2c3abf89c0f609?s=96&d=mm&r=g\",\"caption\":\"Emma Sexto\"},\"url\":\"https:\\\/\\\/www.escapadarural.com\\\/blog\\\/autor\\\/emma\\\/\"}]}<\/script>\n<!-- \/ Yoast SEO plugin. -->","yoast_head_json":{"title":"8 museos del Bierzo para visitar con ni\u00f1os (y no tan ni\u00f1os) - EscapadaRural","robots":{"index":"index","follow":"follow","max-snippet":"max-snippet:-1","max-image-preview":"max-image-preview:large","max-video-preview":"max-video-preview:-1"},"canonical":"https:\/\/www.escapadarural.com\/blog\/8-museos-del-bierzo-para-visitar-con-ninos-y-no-tan-ninos\/","og_locale":"es_ES","og_type":"article","og_title":"8 museos del Bierzo para visitar con ni\u00f1os (y no tan ni\u00f1os) - EscapadaRural","og_description":"El Bierzo es una zona perfecta para visitar con ni\u00f1os: descubrir sabores y olores de campo, para enlazar sus ricos espacios naturales con el pasado de esta comarca ligada a la mina y al ferrocarril. Y tambi\u00e9n para entrar en los museos del Bierzo y destripar su historia","og_url":"https:\/\/www.escapadarural.com\/blog\/8-museos-del-bierzo-para-visitar-con-ninos-y-no-tan-ninos\/","og_site_name":"Magazine de viajes de EscapadaRural","article_publisher":"https:\/\/www.facebook.com\/escapadarural","article_published_time":"2021-10-27T08:10:00+00:00","article_modified_time":"2025-08-11T12:05:34+00:00","og_image":[{"width":1024,"height":768,"url":"https:\/\/www.escapadarural.com\/blog\/wp-content\/uploads\/2024\/10\/Por-Emma-Sexto-1-1024x768-2.jpg?v=1754913936","type":"image\/jpeg"}],"author":"Emma Sexto","twitter_card":"summary_large_image","twitter_misc":{"Escrito por":"Emma Sexto","Tiempo de lectura":"9 minutos"},"schema":{"@context":"https:\/\/schema.org","@graph":[{"@type":"Article","@id":"https:\/\/www.escapadarural.com\/blog\/8-museos-del-bierzo-para-visitar-con-ninos-y-no-tan-ninos\/#article","isPartOf":{"@id":"https:\/\/www.escapadarural.com\/blog\/8-museos-del-bierzo-para-visitar-con-ninos-y-no-tan-ninos\/"},"author":{"name":"Emma Sexto","@id":"https:\/\/www.escapadarural.com\/blog\/#\/schema\/person\/d96b96281dd5b4a8b75a8b71c41b5a80"},"headline":"8 museos del Bierzo para visitar con ni\u00f1os (y no tan ni\u00f1os)","datePublished":"2021-10-27T08:10:00+00:00","dateModified":"2025-08-11T12:05:34+00:00","mainEntityOfPage":{"@id":"https:\/\/www.escapadarural.com\/blog\/8-museos-del-bierzo-para-visitar-con-ninos-y-no-tan-ninos\/"},"wordCount":1856,"commentCount":1,"publisher":{"@id":"https:\/\/www.escapadarural.com\/blog\/#organization"},"image":{"@id":"https:\/\/www.escapadarural.com\/blog\/8-museos-del-bierzo-para-visitar-con-ninos-y-no-tan-ninos\/#primaryimage"},"thumbnailUrl":"https:\/\/www.escapadarural.com\/blog\/wp-content\/uploads\/2024\/10\/Por-Emma-Sexto-1-1024x768-2.jpg","keywords":["Castilla y Le\u00f3n","cultura","El Bierzo","Familia","Listado","museos","Ponferrada"],"articleSection":["Arte y Cultura"],"inLanguage":"es","potentialAction":[{"@type":"CommentAction","name":"Comment","target":["https:\/\/www.escapadarural.com\/blog\/8-museos-del-bierzo-para-visitar-con-ninos-y-no-tan-ninos\/#respond"]}]},{"@type":"WebPage","@id":"https:\/\/www.escapadarural.com\/blog\/8-museos-del-bierzo-para-visitar-con-ninos-y-no-tan-ninos\/","url":"https:\/\/www.escapadarural.com\/blog\/8-museos-del-bierzo-para-visitar-con-ninos-y-no-tan-ninos\/","name":"8 museos del Bierzo para visitar con ni\u00f1os (y no tan ni\u00f1os) - EscapadaRural","isPartOf":{"@id":"https:\/\/www.escapadarural.com\/blog\/#website"},"primaryImageOfPage":{"@id":"https:\/\/www.escapadarural.com\/blog\/8-museos-del-bierzo-para-visitar-con-ninos-y-no-tan-ninos\/#primaryimage"},"image":{"@id":"https:\/\/www.escapadarural.com\/blog\/8-museos-del-bierzo-para-visitar-con-ninos-y-no-tan-ninos\/#primaryimage"},"thumbnailUrl":"https:\/\/www.escapadarural.com\/blog\/wp-content\/uploads\/2024\/10\/Por-Emma-Sexto-1-1024x768-2.jpg","datePublished":"2021-10-27T08:10:00+00:00","dateModified":"2025-08-11T12:05:34+00:00","breadcrumb":{"@id":"https:\/\/www.escapadarural.com\/blog\/8-museos-del-bierzo-para-visitar-con-ninos-y-no-tan-ninos\/#breadcrumb"},"inLanguage":"es","potentialAction":[{"@type":"ReadAction","target":["https:\/\/www.escapadarural.com\/blog\/8-museos-del-bierzo-para-visitar-con-ninos-y-no-tan-ninos\/"]}]},{"@type":"ImageObject","inLanguage":"es","@id":"https:\/\/www.escapadarural.com\/blog\/8-museos-del-bierzo-para-visitar-con-ninos-y-no-tan-ninos\/#primaryimage","url":"https:\/\/www.escapadarural.com\/blog\/wp-content\/uploads\/2024\/10\/Por-Emma-Sexto-1-1024x768-2.jpg","contentUrl":"https:\/\/www.escapadarural.com\/blog\/wp-content\/uploads\/2024\/10\/Por-Emma-Sexto-1-1024x768-2.jpg","width":1024,"height":768,"caption":"Una joven con un vestido claro se encuentra frente a una estructura industrial alta, en el interior de una gran sala poco iluminada con paredes de ladrillo, pasarelas met\u00e1licas y tuber\u00edas por encima."},{"@type":"BreadcrumbList","@id":"https:\/\/www.escapadarural.com\/blog\/8-museos-del-bierzo-para-visitar-con-ninos-y-no-tan-ninos\/#breadcrumb","itemListElement":[{"@type":"ListItem","position":1,"name":"Inicio","item":"https:\/\/www.escapadarural.com\/blog\/"},{"@type":"ListItem","position":2,"name":"Arte y Cultura","item":"https:\/\/www.escapadarural.com\/blog\/categoria\/arte-y-cultura\/"},{"@type":"ListItem","position":3,"name":"8 museos del Bierzo para visitar con ni\u00f1os (y no tan ni\u00f1os)"}]},{"@type":"WebSite","@id":"https:\/\/www.escapadarural.com\/blog\/#website","url":"https:\/\/www.escapadarural.com\/blog\/","name":"Blog de viajes | turismo rural, alojamientos e inspiraci\u00f3n","description":"Alojamientos rurales e inspiraci\u00f3n para tus escapadas","publisher":{"@id":"https:\/\/www.escapadarural.com\/blog\/#organization"},"alternateName":"Magazine de viajes de EscapadaRural","potentialAction":[{"@type":"SearchAction","target":{"@type":"EntryPoint","urlTemplate":"https:\/\/www.escapadarural.com\/blog\/?s={search_term_string}"},"query-input":{"@type":"PropertyValueSpecification","valueRequired":true,"valueName":"search_term_string"}}],"inLanguage":"es"},{"@type":"Organization","@id":"https:\/\/www.escapadarural.com\/blog\/#organization","name":"EscapadaRural","url":"https:\/\/www.escapadarural.com\/blog\/","logo":{"@type":"ImageObject","inLanguage":"es","@id":"https:\/\/www.escapadarural.com\/blog\/#\/schema\/logo\/image\/","url":"https:\/\/www.escapadarural.com\/blog\/wp-content\/uploads\/2024\/10\/cropped-cropped-escapada-rural-icon-mag-3.png","contentUrl":"https:\/\/www.escapadarural.com\/blog\/wp-content\/uploads\/2024\/10\/cropped-cropped-escapada-rural-icon-mag-3.png","width":512,"height":512,"caption":"EscapadaRural"},"image":{"@id":"https:\/\/www.escapadarural.com\/blog\/#\/schema\/logo\/image\/"},"sameAs":["https:\/\/www.facebook.com\/escapadarural","https:\/\/www.instagram.com\/escapadarural\/","https:\/\/www.youtube.com\/@escapadaruralcom"]},{"@type":"Person","@id":"https:\/\/www.escapadarural.com\/blog\/#\/schema\/person\/d96b96281dd5b4a8b75a8b71c41b5a80","name":"Emma Sexto","image":{"@type":"ImageObject","inLanguage":"es","@id":"https:\/\/secure.gravatar.com\/avatar\/44e2ce7e003436b181e9ede917fe0141710c07220d1ea53cab2c3abf89c0f609?s=96&d=mm&r=g","url":"https:\/\/secure.gravatar.com\/avatar\/44e2ce7e003436b181e9ede917fe0141710c07220d1ea53cab2c3abf89c0f609?s=96&d=mm&r=g","contentUrl":"https:\/\/secure.gravatar.com\/avatar\/44e2ce7e003436b181e9ede917fe0141710c07220d1ea53cab2c3abf89c0f609?s=96&d=mm&r=g","caption":"Emma Sexto"},"url":"https:\/\/www.escapadarural.com\/blog\/autor\/emma\/"}]}},"_links":{"self":[{"href":"https:\/\/www.escapadarural.com\/blog\/wp-json\/wp\/v2\/posts\/42637","targetHints":{"allow":["GET"]}}],"collection":[{"href":"https:\/\/www.escapadarural.com\/blog\/wp-json\/wp\/v2\/posts"}],"about":[{"href":"https:\/\/www.escapadarural.com\/blog\/wp-json\/wp\/v2\/types\/post"}],"author":[{"embeddable":true,"href":"https:\/\/www.escapadarural.com\/blog\/wp-json\/wp\/v2\/users\/146"}],"replies":[{"embeddable":true,"href":"https:\/\/www.escapadarural.com\/blog\/wp-json\/wp\/v2\/comments?post=42637"}],"version-history":[{"count":0,"href":"https:\/\/www.escapadarural.com\/blog\/wp-json\/wp\/v2\/posts\/42637\/revisions"}],"wp:featuredmedia":[{"embeddable":true,"href":"https:\/\/www.escapadarural.com\/blog\/wp-json\/wp\/v2\/media\/100674"}],"wp:attachment":[{"href":"https:\/\/www.escapadarural.com\/blog\/wp-json\/wp\/v2\/media?parent=42637"}],"wp:term":[{"taxonomy":"category","embeddable":true,"href":"https:\/\/www.escapadarural.com\/blog\/wp-json\/wp\/v2\/categories?post=42637"},{"taxonomy":"post_tag","embeddable":true,"href":"https:\/\/www.escapadarural.com\/blog\/wp-json\/wp\/v2\/tags?post=42637"}],"curies":[{"name":"wp","href":"https:\/\/api.w.org\/{rel}","templated":true}]}}