{"id":42955,"date":"2021-11-01T09:00:00","date_gmt":"2021-11-01T08:00:00","guid":{"rendered":"https:\/\/www.escapadarural.com\/blog\/?p=42955"},"modified":"2026-02-17T17:23:21","modified_gmt":"2026-02-17T16:23:21","slug":"10-planes-malaga","status":"publish","type":"post","link":"https:\/\/www.escapadarural.com\/blog\/10-planes-malaga\/","title":{"rendered":"10 planes para descubrir el interior de M\u00e1laga"},"content":{"rendered":"\n<figure class=\"wp-block-image size-large\"><img decoding=\"async\" src=\"https:\/\/www.escapadarural.com\/blog\/wp-content\/uploads\/0013_5914x4436-2-1024x768.jpg\" alt=\"10 planes M\u00e1laga\n\" class=\"wp-image-42966\"\/><figcaption>Pueblos Blancos. Por Turismo Costa del Sol.<\/figcaption><\/figure>\n\n\n\n<p>En la provincia de <a href=\"https:\/\/www.escapadarural.com\/casas-rurales\/malaga\" class=\"rank-math-link\">M\u00e1laga<\/a> hay miles de experiencias para quienes buscan el contacto con la naturaleza y los espacios abiertos lejos de los ambientes m\u00e1s playeros de su costa. Basta mirar hacia el interior para disfrutar de una gastronom\u00eda singular y rica, de la tranquilidad y la calma, de la desconexi\u00f3n, del esp\u00edritu aut\u00e9nticamente serrano. Hay mucho que hacer y ver en el interior de M\u00e1laga: hay desfiladeros apasionantes, balcones naturales para ver atardeceres m\u00e1gicos, secretos rom\u00e1nticos que descubrir, tradiciones que conocer, pueblos blancos de postal por donde pasear y mucho arte que disfrutar.<\/p>\n\n\n\n<h2 class=\"wp-block-heading\"><strong>Emociones fuertes en el Caminito del Rey<\/strong><\/h2>\n\n\n\n<figure class=\"wp-block-image size-large\"><img decoding=\"async\" src=\"https:\/\/www.escapadarural.com\/blog\/wp-content\/uploads\/AdobeStock_124417117-1-1024x682.jpeg\" alt=\"\" class=\"wp-image-42961\"\/><figcaption>Caminito del Rey. Por Turismo Costa del Sol.<\/figcaption><\/figure>\n\n\n\n<p>Situado entre los municipios de \u00c1lora, Ardales y Antequera, este sendero que comenz\u00f3 su historia como camino de servicio para una de las primeras centrales hidroel\u00e9ctricas del pa\u00eds acab\u00f3 en abandono hasta su remodelaci\u00f3n en 2015. Desde entonces, el ca\u00f1\u00f3n de paredes verticales que parecen haber sido cortadas a plomo por alg\u00fan ingenio humano se ha convertido en la atracci\u00f3n de turismo activo de M\u00e1laga con m\u00e1s peso internacional. Excavado por el paso del r\u00edo Guadalhorce, tiene en sus tramos m\u00e1s angostos apenas diez metros de anchura y alcanza m\u00e1s de 400 metros de altura. Con un recorrido total de casi 8 kil\u00f3metros, son los \u00faltimos 3 kil\u00f3metros de pasarelas a\u00e9reas los que lo han hecho famoso.<\/p>\n\n\n\n<h2 class=\"wp-block-heading\"><strong>El Saltillo: nuevas experiencias de v\u00e9rtigo<\/strong><\/h2>\n\n\n\n<figure class=\"wp-block-image size-large\"><img decoding=\"async\" src=\"https:\/\/www.escapadarural.com\/blog\/wp-content\/uploads\/GranSenda-1024x500.jpg\" alt=\"\" class=\"wp-image-42967\"\/><figcaption>Gran Senda de M\u00e1laga. Por Turismo Costa del Sol. <\/figcaption><\/figure>\n\n\n\n<p>La Gran Senda de M\u00e1laga es un universo natural y cultural en el que aguardan muchos secretos por descubrir, uno de ellos se encuentra en la s\u00e9ptima etapa y se ha convertido en un plan delicioso para quienes busquen algo de acci\u00f3n. Se trata de la ruta senderista de El Saltillo, un trayecto vertiginoso que transcurre igualmente entre desfiladeros y que tiene el honor de poseer uno de los tres puentes colgantes m\u00e1s largos de Espa\u00f1a en espacios naturales: el puente que une la localidad de Sedella y Canillas de Aceituno. El Saltillo se extiende a lo largo de 50 metros uniendo ambos extremos de un acantilado, consta de 1,20 metros de ancho y est\u00e1 tendido a 62 metros sobre el cauce del r\u00edo Almanchares y ya se le conoce popularmente como el Caminito del Rey de La Axarqu\u00eda.<\/p>\n\n\n\n<h2 class=\"wp-block-heading\"><strong>100 % desconexi\u00f3n rural<\/strong><\/h2>\n\n\n\n<figure class=\"wp-block-image size-large\"><img decoding=\"async\" src=\"https:\/\/www.escapadarural.com\/blog\/wp-content\/uploads\/AdobeStock_71854934-1-1024x576.jpeg\" alt=\"\" class=\"wp-image-42965\"\/><figcaption>Frigiliana. Por Turismo Costa del Sol. <\/figcaption><\/figure>\n\n\n\n<p>Es muy probable que buscando El Acebuchal uno se pase el peque\u00f1o desv\u00edo que hay que tomar para llegar al destino. Y ese es precisamente parte de su encanto, el de ir a un lugar apartado de todo y todos que bien podr\u00eda servir de arquetipo cuando alguien se imagina un lugar donde desconectar totalmente. El Acebuchal est\u00e1 en medio de un espectacular valle del Parque Natural de las Sierras de Tejeda, Almijara y Alhama, en el t\u00e9rmino municipal de C\u00f3mpeta (aunque se llegue con mayor rapidez desde la vecina Frigiliana). Hoy nadie lo dir\u00eda porque luce perfecta en todos sus rincones pero esta peque\u00f1a aldea fue destruida durante la dictadura de Franco en 1950 porque serv\u00eda de refugio para los maquis. Luego qued\u00f3 abandonada y fue cayendo en ruinas hasta que despert\u00f3 en 1998. Desde que se restaur\u00f3 por completo con alojamientos rurales se ha convertido en un lugar ideal para disfrutar de las vacaciones en contacto con la naturaleza. Dada la ubicaci\u00f3n que tiene, es una buena base para los amantes del senderismo.<\/p>\n\n\n\n<h2 class=\"wp-block-heading\"><strong>Viajar en el tiempo en el Torcal de Antequera<\/strong><\/h2>\n\n\n\n<figure class=\"wp-block-image size-large\"><img decoding=\"async\" src=\"https:\/\/www.escapadarural.com\/blog\/wp-content\/uploads\/AdobeStock_112763767-1-1024x684.jpeg\" alt=\"\" class=\"wp-image-42962\"\/><figcaption>Torcal de Antequera. Por Turismo Costa del Sol.<\/figcaption><\/figure>\n\n\n\n<p>Las caprichosas formas de las rocas del Torcal de Antequera, Patrimonio Mundial de la Humanidad por la Unesco junto a los d\u00f3lmenes de Menga y Viera, el tholos del Romeral y la Pe\u00f1a de los Enamorados, componen uno de los parajes naturales m\u00e1s singulares del mundo. El Torcal es una suma de columnas y oquedades que tienen su origen en el dep\u00f3sito de esqueletos y caparazones de los animales marinos que habitaban las aguas saladas de un mar prehist\u00f3rico y que se fueron posando sucesivamente en su fondo para luego, con el paso del tiempo, ser labradas por la erosi\u00f3n del viento y del agua. Quienes deseen experimentar la potencial capacidad de enso\u00f1aci\u00f3n del lugar pueden seguir algunos de los tres senderos que se adentran por este singular laberinto p\u00e9treo.<\/p>\n\n\n\n<h2 class=\"wp-block-heading\"><strong>De pasas y vinos dulces<\/strong><\/h2>\n\n\n\n<figure class=\"wp-block-image\"><img decoding=\"async\" src=\"https:\/\/p2.piqsels.com\/preview\/620\/553\/207\/spain-moclinejo-view-malaga.jpg\" alt=\"Espa\u00f1a, moclinejo, ver, m\u00e1laga, paisaje, nadie, d\u00eda, naturaleza, monta\u00f1a, al aire libre, planta, arquitectura, exterior del edificio, cielo, estructura construida, ambiente, edificio, paisajes - naturaleza, belleza en la naturaleza, Distrito residencial, tierra, campo, pueblo, cordillera, \u00e1rbol, paisaje urbano, 4K\"\/><figcaption>Moclinejo. <\/figcaption><\/figure>\n\n\n\n<p>La conocida como \u201cagricultura heroica\u201d acapara todo el protagonismo en La Axarqu\u00eda con sus vi\u00f1edos ubicados en empinadas laderas. Este es un territorio apasionante para los amantes del vino y de la gastronom\u00eda porque, adem\u00e1s de un amplio cat\u00e1logo de vinos tintos, blancos y&nbsp; rosados, podr\u00e1n disfrutar de uno de los mejores moscateles de Espa\u00f1a. Vinos dulces excelentes que nacen de suelos pizarrosos y de cepas bendecidas por el sol y secadas por las brisas del mar. Una \u201cRuta de la Pasa Moscatel\u201d permite recorrer pueblos de larga tradici\u00f3n de este licor como son Moclinejo, Alm\u00e1char, El Borge y C\u00fatar. Son los pueblos blancos con las \u201cmejores pasas del mundo\u201d, pasas con Denominaci\u00f3n de Origen M\u00e1laga. Seguro que en una cata a ciegas cualquiera podr\u00eda distinguir estas pasas de cualquier otra por su sabor y su textura.<\/p>\n\n\n\n<h2 class=\"wp-block-heading\"><strong>Pueblos blancos de M\u00e1laga<\/strong><\/h2>\n\n\n\n<figure class=\"wp-block-image size-large\"><img decoding=\"async\" src=\"https:\/\/www.escapadarural.com\/blog\/wp-content\/uploads\/0013_5914x4436-1-1024x768.jpg\" alt=\"\" class=\"wp-image-42963\"\/><figcaption>Pueblos Blancos. Por Turismo Costa del Sol.<\/figcaption><\/figure>\n\n\n\n<p>Los amantes de la mejor arquitectura popular andaluza encontrar\u00e1n en la provincia de M\u00e1laga una buena cantidad de localidades encantadoras dentro de la conocida Ruta de los Pueblos Blancos. Precisamente fue Ronda una de las pioneras en destacar dentro de este itinerario tur\u00edstico y cultural que se adentra tambi\u00e9n por tierras malague\u00f1as. Entre los paisajes evocadores de vides y olivos aparecen pueblos donde los vecinos siguen cuidando de sus casas con primor, las encalan todas las primaveras y las llenas de geranios para lograr un toque de color. Son pueblos como C\u00f3mpeta, Salares, Sedella, Canillas de Aceituno, Montejaque y Benaoj\u00e1n, Jimera de L\u00edbar los que hay que marcar bien en el mapa para recorrerlos con la pausa que merecen.&nbsp;<\/p>\n\n\n\n<h2 class=\"wp-block-heading\"><strong>Aventura en la tirolina de Comares<\/strong><\/h2>\n\n\n\n<figure class=\"wp-block-image\"><img decoding=\"async\" src=\"https:\/\/p1.piqsels.com\/preview\/992\/966\/478\/architecture-old-city-walls-gazebo-travel-koma-dress.jpg\" alt=\"arquitectura, antiguo, murallas de la ciudad, mirador, viaje, vestido de koma, torre de comares, palacio de la alhambra, granada, estructura construida, exterior del edificio, cielo, historia, edificio, el pasado, fuerte, naturaleza, azul, muro fortificado, d\u00eda, cielo limpio, copia espacio, destinos de viaje, \u00e1rbol, ciudad, nadie, luz del sol, al aire libre, 5K\"\/><figcaption>Comares. <\/figcaption><\/figure>\n\n\n\n<p>En los pueblos blancos de M\u00e1laga no solo se encuentra descanso y belleza rural, tambi\u00e9n los adictos a la adrenalina y las emociones fuertes pueden tener su plan. A Comares se le conoce como el Balc\u00f3n de la Axarqu\u00eda por su privilegiada ubicaci\u00f3n. Este bello \u201cPueblo M\u00e1gico\u201d -el cuarto en la comarca con esta designaci\u00f3n- goza de una amplia panor\u00e1mica que va desde las cumbres de las sierras de Alhama y Tejeda hasta el Mediterr\u00e1neo. Su ubicaci\u00f3n sobre un abrupto cerro le ha permitido tener la tirolina m\u00e1s grande de Espa\u00f1a en anclaje natural: 436 m de longitud y m\u00e1s de 110 de altura. Adem\u00e1s, el entorno natural de grandes paredes verticales hace que posea otro atractivo para los amantes de las alturas: tres v\u00edas ferratas excelentes.&nbsp;<\/p>\n\n\n\n<h2 class=\"wp-block-heading\"><strong>Parque Nacional Sierra de las Nieves<\/strong><\/h2>\n\n\n\n<figure class=\"wp-block-image size-large\"><img decoding=\"async\" src=\"https:\/\/www.escapadarural.com\/blog\/wp-content\/uploads\/jose-antonio-jimenez-macias-LL5eAb0zgfs-unsplash-1024x682.jpg\" alt=\"\" class=\"wp-image-42971\"\/><figcaption>Parque Nacional Sierra de las Nieves. Por <br>Jose Antonio Jim\u00e9nez Mac\u00edas.<\/figcaption><\/figure>\n\n\n\n<p>Un verdadero tesoro medioambiental, eso es lo que encontrar\u00e1 el viajero que se interne en el Parque Nacional Sierra de las Nieves. Y es que las 23.000 hect\u00e1reas del m\u00e1s nuevo de los integrantes de la red espa\u00f1ola de parques nacionales alberga el mayor pinsapar (un tipo de&nbsp; con\u00edfera end\u00e9mica y amenazada) de la geograf\u00eda espa\u00f1ola, picos como el Torrecilla que rozan los dos mil metros de altura y una gran cantidad de quejigares, pinares, sabinares, alcornocales y encinares. Distinguido tambi\u00e9n como Lugar de Importancia Comunitaria (LIC) y Zona de Especial Protecci\u00f3n para las Aves (ZEPA) dentro de la Red Ecol\u00f3gica Europea Natura 2000, cuenta con una ampl\u00edsima diversidad de especies de aves y fauna terrestre, miles de senderos, y deliciosos pueblos blancos. Aparte de la riqueza natural que atesora, otro de los principales argumentos para visitarlo son sus gentes y sus deliciosos pueblos blancos<\/p>\n\n\n\n<h2 class=\"wp-block-heading\"><strong>Paseo rom\u00e1ntico por Ronda<\/strong><\/h2>\n\n\n\n<figure class=\"wp-block-image size-large\"><img decoding=\"async\" src=\"https:\/\/www.escapadarural.com\/blog\/wp-content\/uploads\/AdobeStock_241446874-1-1024x684.jpeg\" alt=\"\" class=\"wp-image-42964\"\/><figcaption>Ronda. Por Turismo Costa del Sol.<\/figcaption><\/figure>\n\n\n\n<p>Rilke pas\u00f3 por Ronda en el invierno de 1912 y qued\u00f3 fascinado por aquella, tal como describi\u00f3, peque\u00f1a ciudad \u201catalayada de un modo fant\u00e1stico\u201d. No era para menos, a su llegada se encontr\u00f3 con una poblaci\u00f3n al borde de un abismo de v\u00e9rtigo que hoy sigue despertando la misma fascinaci\u00f3n. No fue hasta la segunda mitad del siglo XVIII cuando Juan Mart\u00ednez de Aldehuela logr\u00f3 unir con un prodigio de ingenier\u00eda y de belleza a la ciudad vieja y a la nueva como es el espectacular Puente Nuevo, en la actualidad todo un s\u00edmbolo de la ciudad y mirador privilegiado desde el que se divisan las crestas de las sierras de Grazalema y las Nieves durante los atardeceres rom\u00e1nticos del lugar. Tanto el legado de los grandes viajeros que pasaron antes, como su ilustre pasado romano y \u00e1rabe, su larga tradici\u00f3n vin\u00edcola y su patrimonio natural convierten a Ronda en el destino para una escapada rural perfecta.&nbsp;<\/p>\n\n\n\n<h2 class=\"wp-block-heading\"><strong>Genalguacil, un pueblo-museo<\/strong><\/h2>\n\n\n\n<figure class=\"wp-block-image size-large\"><img decoding=\"async\" src=\"https:\/\/www.escapadarural.com\/blog\/wp-content\/uploads\/pilar-flores-Ow2OivHcnY0-unsplash-1024x682.jpg\" alt=\"\" class=\"wp-image-42974\"\/><figcaption>Genalguacil. Por Pilar Flores. <\/figcaption><\/figure>\n\n\n\n<p>Vale que la ciudad de M\u00e1laga se ha situado como uno de los epicentros art\u00edsticos del sur de Espa\u00f1a, pero no todo el arte se acaba con el Centro de Arte Contempor\u00e1neo, Pompidou, Picasso, La T\u00e9rmica y la Colecci\u00f3n del Museo Ruso de San Petersburgo\/M\u00e1laga. En Genalguacil hay tambi\u00e9n una gran cantidad de dosis art\u00edstica. Desde la Fundaci\u00f3n \u2018Genalguacil Pueblo Museo\u2019 lo llaman arte contra la despoblaci\u00f3n y para el repoblamiento. La voluntad de reinventarse llev\u00f3 a los habitantes de esta localidad a albergar diferentes eventos art\u00edsticos que convierten a sus calles con el paso del tiempo en aut\u00e9nticas galer\u00edas de arte al aire libre y muchas de sus casas son talleres de artistas. Es una gozada recorrer las calles mientras uno se va dejando sorprender por las diferentes obras instaladas en diferentes rincones del pueblo.&nbsp;<\/p>\n\n\n\n<p>Contenido patrocinado por: <\/p>\n\n\n\n<div class=\"wp-block-columns is-layout-flex wp-container-core-columns-is-layout-9d6595d7 wp-block-columns-is-layout-flex\">\n<div class=\"wp-block-column is-layout-flow wp-block-column-is-layout-flow\">\n<figure class=\"wp-block-image size-large\"><img decoding=\"async\" src=\"https:\/\/www.escapadarural.com\/blog\/wp-content\/uploads\/Captura-de-pantalla-2021-10-25-a-las-15.28.08.png\" alt=\"\" class=\"wp-image-42979\"\/><\/figure>\n<\/div>\n\n\n\n<div class=\"wp-block-column is-layout-flow wp-block-column-is-layout-flow\"><\/div>\n\n\n\n<div class=\"wp-block-column is-layout-flow wp-block-column-is-layout-flow\"><\/div>\n<\/div>\n\n\n\n<p><\/p>\n","protected":false},"excerpt":{"rendered":"<p>En la provincia de M\u00e1laga hay miles de experiencias para  [&#8230;]<\/p>\n","protected":false},"author":112,"featured_media":72742,"comment_status":"open","ping_status":"open","sticky":false,"template":"","format":"standard","meta":{"_acf_changed":false,"om_disable_all_campaigns":false,"footnotes":""},"categories":[231,1635,1379],"tags":[1561,2717,792,212],"class_list":["post-42955","post","type-post","status-publish","format-standard","has-post-thumbnail","hentry","category-arte-y-cultura","category-especiales","category-rutas-y-excursiones","tag-caminito-del-rey","tag-costa-del-sol","tag-que-ver-en-malaga","tag-pueblos"],"acf":[],"featured_image_src":"https:\/\/www.escapadarural.com\/blog\/wp-content\/uploads\/2024\/04\/andalusian-white-village-through-a-hole-on-the-wall-at-sunset-teba-spain-stockpack-adobe-stock-scaled-1.jpg","author_info":{"display_name":"Jos\u00e9 Alejandro Adamuz","author_link":"https:\/\/www.escapadarural.com\/blog\/autor\/josealejandro\/"},"yoast_head":"<!-- This site is optimized with the Yoast SEO plugin v27.5 - https:\/\/yoast.com\/product\/yoast-seo-wordpress\/ -->\n<title>10 planes para descubrir el interior de M\u00e1laga - EscapadaRural<\/title>\n<meta name=\"robots\" content=\"index, follow, max-snippet:-1, max-image-preview:large, max-video-preview:-1\" \/>\n<link rel=\"canonical\" href=\"https:\/\/www.escapadarural.com\/blog\/10-planes-malaga\/\" \/>\n<meta property=\"og:locale\" content=\"es_ES\" \/>\n<meta property=\"og:type\" content=\"article\" \/>\n<meta property=\"og:title\" content=\"10 planes para descubrir el interior de M\u00e1laga - EscapadaRural\" \/>\n<meta property=\"og:description\" content=\"En la provincia de M\u00e1laga hay miles de experiencias para [...]\" \/>\n<meta property=\"og:url\" content=\"https:\/\/www.escapadarural.com\/blog\/10-planes-malaga\/\" \/>\n<meta property=\"og:site_name\" content=\"Magazine de viajes de EscapadaRural\" \/>\n<meta property=\"article:publisher\" content=\"https:\/\/www.facebook.com\/escapadarural\" \/>\n<meta property=\"article:published_time\" content=\"2021-11-01T08:00:00+00:00\" \/>\n<meta property=\"article:modified_time\" content=\"2026-02-17T16:23:21+00:00\" \/>\n<meta property=\"og:image\" content=\"https:\/\/www.escapadarural.com\/blog\/wp-content\/uploads\/2024\/04\/andalusian-white-village-through-a-hole-on-the-wall-at-sunset-teba-spain-stockpack-adobe-stock-scaled-1.jpg\" \/>\n\t<meta property=\"og:image:width\" content=\"2048\" \/>\n\t<meta property=\"og:image:height\" content=\"1365\" \/>\n\t<meta property=\"og:image:type\" content=\"image\/jpeg\" \/>\n<meta name=\"author\" content=\"Jos\u00e9 Alejandro Adamuz\" \/>\n<meta name=\"twitter:card\" content=\"summary_large_image\" \/>\n<meta name=\"twitter:label1\" content=\"Escrito por\" \/>\n\t<meta name=\"twitter:data1\" content=\"Jos\u00e9 Alejandro Adamuz\" \/>\n\t<meta name=\"twitter:label2\" content=\"Tiempo de lectura\" \/>\n\t<meta name=\"twitter:data2\" content=\"10 minutos\" \/>\n<script type=\"application\/ld+json\" class=\"yoast-schema-graph\">{\"@context\":\"https:\\\/\\\/schema.org\",\"@graph\":[{\"@type\":\"Article\",\"@id\":\"https:\\\/\\\/www.escapadarural.com\\\/blog\\\/10-planes-malaga\\\/#article\",\"isPartOf\":{\"@id\":\"https:\\\/\\\/www.escapadarural.com\\\/blog\\\/10-planes-malaga\\\/\"},\"author\":{\"name\":\"Jos\u00e9 Alejandro Adamuz\",\"@id\":\"https:\\\/\\\/www.escapadarural.com\\\/blog\\\/#\\\/schema\\\/person\\\/ac6969ba5ab90987dda9465be409d6b3\"},\"headline\":\"10 planes para descubrir el interior de M\u00e1laga\",\"datePublished\":\"2021-11-01T08:00:00+00:00\",\"dateModified\":\"2026-02-17T16:23:21+00:00\",\"mainEntityOfPage\":{\"@id\":\"https:\\\/\\\/www.escapadarural.com\\\/blog\\\/10-planes-malaga\\\/\"},\"wordCount\":1728,\"commentCount\":7,\"publisher\":{\"@id\":\"https:\\\/\\\/www.escapadarural.com\\\/blog\\\/#organization\"},\"image\":{\"@id\":\"https:\\\/\\\/www.escapadarural.com\\\/blog\\\/10-planes-malaga\\\/#primaryimage\"},\"thumbnailUrl\":\"https:\\\/\\\/www.escapadarural.com\\\/blog\\\/wp-content\\\/uploads\\\/2024\\\/04\\\/andalusian-white-village-through-a-hole-on-the-wall-at-sunset-teba-spain-stockpack-adobe-stock-scaled-1.jpg\",\"keywords\":[\"Caminito del Rey\",\"Costa del Sol\",\"M\u00e1laga\",\"pueblos\"],\"articleSection\":[\"Arte y Cultura\",\"Especiales\",\"Rutas y excursiones\"],\"inLanguage\":\"es\",\"potentialAction\":[{\"@type\":\"CommentAction\",\"name\":\"Comment\",\"target\":[\"https:\\\/\\\/www.escapadarural.com\\\/blog\\\/10-planes-malaga\\\/#respond\"]}]},{\"@type\":\"WebPage\",\"@id\":\"https:\\\/\\\/www.escapadarural.com\\\/blog\\\/10-planes-malaga\\\/\",\"url\":\"https:\\\/\\\/www.escapadarural.com\\\/blog\\\/10-planes-malaga\\\/\",\"name\":\"10 planes para descubrir el interior de M\u00e1laga - EscapadaRural\",\"isPartOf\":{\"@id\":\"https:\\\/\\\/www.escapadarural.com\\\/blog\\\/#website\"},\"primaryImageOfPage\":{\"@id\":\"https:\\\/\\\/www.escapadarural.com\\\/blog\\\/10-planes-malaga\\\/#primaryimage\"},\"image\":{\"@id\":\"https:\\\/\\\/www.escapadarural.com\\\/blog\\\/10-planes-malaga\\\/#primaryimage\"},\"thumbnailUrl\":\"https:\\\/\\\/www.escapadarural.com\\\/blog\\\/wp-content\\\/uploads\\\/2024\\\/04\\\/andalusian-white-village-through-a-hole-on-the-wall-at-sunset-teba-spain-stockpack-adobe-stock-scaled-1.jpg\",\"datePublished\":\"2021-11-01T08:00:00+00:00\",\"dateModified\":\"2026-02-17T16:23:21+00:00\",\"breadcrumb\":{\"@id\":\"https:\\\/\\\/www.escapadarural.com\\\/blog\\\/10-planes-malaga\\\/#breadcrumb\"},\"inLanguage\":\"es\",\"potentialAction\":[{\"@type\":\"ReadAction\",\"target\":[\"https:\\\/\\\/www.escapadarural.com\\\/blog\\\/10-planes-malaga\\\/\"]}]},{\"@type\":\"ImageObject\",\"inLanguage\":\"es\",\"@id\":\"https:\\\/\\\/www.escapadarural.com\\\/blog\\\/10-planes-malaga\\\/#primaryimage\",\"url\":\"https:\\\/\\\/www.escapadarural.com\\\/blog\\\/wp-content\\\/uploads\\\/2024\\\/04\\\/andalusian-white-village-through-a-hole-on-the-wall-at-sunset-teba-spain-stockpack-adobe-stock-scaled-1.jpg\",\"contentUrl\":\"https:\\\/\\\/www.escapadarural.com\\\/blog\\\/wp-content\\\/uploads\\\/2024\\\/04\\\/andalusian-white-village-through-a-hole-on-the-wall-at-sunset-teba-spain-stockpack-adobe-stock-scaled-1.jpg\",\"width\":2048,\"height\":1365,\"caption\":\"Teba, en M\u00e1laga. Por manjagui\"},{\"@type\":\"BreadcrumbList\",\"@id\":\"https:\\\/\\\/www.escapadarural.com\\\/blog\\\/10-planes-malaga\\\/#breadcrumb\",\"itemListElement\":[{\"@type\":\"ListItem\",\"position\":1,\"name\":\"Inicio\",\"item\":\"https:\\\/\\\/www.escapadarural.com\\\/blog\\\/\"},{\"@type\":\"ListItem\",\"position\":2,\"name\":\"Arte y Cultura\",\"item\":\"https:\\\/\\\/www.escapadarural.com\\\/blog\\\/categoria\\\/arte-y-cultura\\\/\"},{\"@type\":\"ListItem\",\"position\":3,\"name\":\"10 planes para descubrir el interior de M\u00e1laga\"}]},{\"@type\":\"WebSite\",\"@id\":\"https:\\\/\\\/www.escapadarural.com\\\/blog\\\/#website\",\"url\":\"https:\\\/\\\/www.escapadarural.com\\\/blog\\\/\",\"name\":\"Blog de viajes | turismo rural, alojamientos e inspiraci\u00f3n\",\"description\":\"Alojamientos rurales e inspiraci\u00f3n para tus escapadas\",\"publisher\":{\"@id\":\"https:\\\/\\\/www.escapadarural.com\\\/blog\\\/#organization\"},\"alternateName\":\"Magazine de viajes de EscapadaRural\",\"potentialAction\":[{\"@type\":\"SearchAction\",\"target\":{\"@type\":\"EntryPoint\",\"urlTemplate\":\"https:\\\/\\\/www.escapadarural.com\\\/blog\\\/?s={search_term_string}\"},\"query-input\":{\"@type\":\"PropertyValueSpecification\",\"valueRequired\":true,\"valueName\":\"search_term_string\"}}],\"inLanguage\":\"es\"},{\"@type\":\"Organization\",\"@id\":\"https:\\\/\\\/www.escapadarural.com\\\/blog\\\/#organization\",\"name\":\"EscapadaRural\",\"url\":\"https:\\\/\\\/www.escapadarural.com\\\/blog\\\/\",\"logo\":{\"@type\":\"ImageObject\",\"inLanguage\":\"es\",\"@id\":\"https:\\\/\\\/www.escapadarural.com\\\/blog\\\/#\\\/schema\\\/logo\\\/image\\\/\",\"url\":\"https:\\\/\\\/www.escapadarural.com\\\/blog\\\/wp-content\\\/uploads\\\/2024\\\/10\\\/cropped-cropped-escapada-rural-icon-mag-3.png\",\"contentUrl\":\"https:\\\/\\\/www.escapadarural.com\\\/blog\\\/wp-content\\\/uploads\\\/2024\\\/10\\\/cropped-cropped-escapada-rural-icon-mag-3.png\",\"width\":512,\"height\":512,\"caption\":\"EscapadaRural\"},\"image\":{\"@id\":\"https:\\\/\\\/www.escapadarural.com\\\/blog\\\/#\\\/schema\\\/logo\\\/image\\\/\"},\"sameAs\":[\"https:\\\/\\\/www.facebook.com\\\/escapadarural\",\"https:\\\/\\\/www.instagram.com\\\/escapadarural\\\/\",\"https:\\\/\\\/www.youtube.com\\\/@escapadaruralcom\"]},{\"@type\":\"Person\",\"@id\":\"https:\\\/\\\/www.escapadarural.com\\\/blog\\\/#\\\/schema\\\/person\\\/ac6969ba5ab90987dda9465be409d6b3\",\"name\":\"Jos\u00e9 Alejandro Adamuz\",\"image\":{\"@type\":\"ImageObject\",\"inLanguage\":\"es\",\"@id\":\"https:\\\/\\\/www.escapadarural.com\\\/blog\\\/wp-content\\\/uploads\\\/2025\\\/02\\\/cropped-jose_alejandro_viajar-96x96.webp\",\"url\":\"https:\\\/\\\/www.escapadarural.com\\\/blog\\\/wp-content\\\/uploads\\\/2025\\\/02\\\/cropped-jose_alejandro_viajar-96x96.webp\",\"contentUrl\":\"https:\\\/\\\/www.escapadarural.com\\\/blog\\\/wp-content\\\/uploads\\\/2025\\\/02\\\/cropped-jose_alejandro_viajar-96x96.webp\",\"caption\":\"Jos\u00e9 Alejandro Adamuz\"},\"description\":\"Soy licenciado en filolog\u00eda hisp\u00e1nica y periodista por vocaci\u00f3n. Tambi\u00e9n soy disl\u00e9xico, por lo que suelo confundir la derecha con la izquierda y los kil\u00f3metros con la literatura. Pero de momento me va bien as\u00ed. Colaboro habitualmente en diferentes medios haciendo cr\u00f3nica de viajes y periodismo cultural. Me gusta que los viajes cuenten historias y que las historias me hagan viajar.\",\"sameAs\":[\"https:\\\/\\\/viviratodaletra.com\\\/\"],\"url\":\"https:\\\/\\\/www.escapadarural.com\\\/blog\\\/autor\\\/josealejandro\\\/\"}]}<\/script>\n<!-- \/ Yoast SEO plugin. -->","yoast_head_json":{"title":"10 planes para descubrir el interior de M\u00e1laga - EscapadaRural","robots":{"index":"index","follow":"follow","max-snippet":"max-snippet:-1","max-image-preview":"max-image-preview:large","max-video-preview":"max-video-preview:-1"},"canonical":"https:\/\/www.escapadarural.com\/blog\/10-planes-malaga\/","og_locale":"es_ES","og_type":"article","og_title":"10 planes para descubrir el interior de M\u00e1laga - EscapadaRural","og_description":"En la provincia de M\u00e1laga hay miles de experiencias para [...]","og_url":"https:\/\/www.escapadarural.com\/blog\/10-planes-malaga\/","og_site_name":"Magazine de viajes de EscapadaRural","article_publisher":"https:\/\/www.facebook.com\/escapadarural","article_published_time":"2021-11-01T08:00:00+00:00","article_modified_time":"2026-02-17T16:23:21+00:00","og_image":[{"width":2048,"height":1365,"url":"https:\/\/www.escapadarural.com\/blog\/wp-content\/uploads\/2024\/04\/andalusian-white-village-through-a-hole-on-the-wall-at-sunset-teba-spain-stockpack-adobe-stock-scaled-1.jpg","type":"image\/jpeg"}],"author":"Jos\u00e9 Alejandro Adamuz","twitter_card":"summary_large_image","twitter_misc":{"Escrito por":"Jos\u00e9 Alejandro Adamuz","Tiempo de lectura":"10 minutos"},"schema":{"@context":"https:\/\/schema.org","@graph":[{"@type":"Article","@id":"https:\/\/www.escapadarural.com\/blog\/10-planes-malaga\/#article","isPartOf":{"@id":"https:\/\/www.escapadarural.com\/blog\/10-planes-malaga\/"},"author":{"name":"Jos\u00e9 Alejandro Adamuz","@id":"https:\/\/www.escapadarural.com\/blog\/#\/schema\/person\/ac6969ba5ab90987dda9465be409d6b3"},"headline":"10 planes para descubrir el interior de M\u00e1laga","datePublished":"2021-11-01T08:00:00+00:00","dateModified":"2026-02-17T16:23:21+00:00","mainEntityOfPage":{"@id":"https:\/\/www.escapadarural.com\/blog\/10-planes-malaga\/"},"wordCount":1728,"commentCount":7,"publisher":{"@id":"https:\/\/www.escapadarural.com\/blog\/#organization"},"image":{"@id":"https:\/\/www.escapadarural.com\/blog\/10-planes-malaga\/#primaryimage"},"thumbnailUrl":"https:\/\/www.escapadarural.com\/blog\/wp-content\/uploads\/2024\/04\/andalusian-white-village-through-a-hole-on-the-wall-at-sunset-teba-spain-stockpack-adobe-stock-scaled-1.jpg","keywords":["Caminito del Rey","Costa del Sol","M\u00e1laga","pueblos"],"articleSection":["Arte y Cultura","Especiales","Rutas y excursiones"],"inLanguage":"es","potentialAction":[{"@type":"CommentAction","name":"Comment","target":["https:\/\/www.escapadarural.com\/blog\/10-planes-malaga\/#respond"]}]},{"@type":"WebPage","@id":"https:\/\/www.escapadarural.com\/blog\/10-planes-malaga\/","url":"https:\/\/www.escapadarural.com\/blog\/10-planes-malaga\/","name":"10 planes para descubrir el interior de M\u00e1laga - EscapadaRural","isPartOf":{"@id":"https:\/\/www.escapadarural.com\/blog\/#website"},"primaryImageOfPage":{"@id":"https:\/\/www.escapadarural.com\/blog\/10-planes-malaga\/#primaryimage"},"image":{"@id":"https:\/\/www.escapadarural.com\/blog\/10-planes-malaga\/#primaryimage"},"thumbnailUrl":"https:\/\/www.escapadarural.com\/blog\/wp-content\/uploads\/2024\/04\/andalusian-white-village-through-a-hole-on-the-wall-at-sunset-teba-spain-stockpack-adobe-stock-scaled-1.jpg","datePublished":"2021-11-01T08:00:00+00:00","dateModified":"2026-02-17T16:23:21+00:00","breadcrumb":{"@id":"https:\/\/www.escapadarural.com\/blog\/10-planes-malaga\/#breadcrumb"},"inLanguage":"es","potentialAction":[{"@type":"ReadAction","target":["https:\/\/www.escapadarural.com\/blog\/10-planes-malaga\/"]}]},{"@type":"ImageObject","inLanguage":"es","@id":"https:\/\/www.escapadarural.com\/blog\/10-planes-malaga\/#primaryimage","url":"https:\/\/www.escapadarural.com\/blog\/wp-content\/uploads\/2024\/04\/andalusian-white-village-through-a-hole-on-the-wall-at-sunset-teba-spain-stockpack-adobe-stock-scaled-1.jpg","contentUrl":"https:\/\/www.escapadarural.com\/blog\/wp-content\/uploads\/2024\/04\/andalusian-white-village-through-a-hole-on-the-wall-at-sunset-teba-spain-stockpack-adobe-stock-scaled-1.jpg","width":2048,"height":1365,"caption":"Teba, en M\u00e1laga. Por manjagui"},{"@type":"BreadcrumbList","@id":"https:\/\/www.escapadarural.com\/blog\/10-planes-malaga\/#breadcrumb","itemListElement":[{"@type":"ListItem","position":1,"name":"Inicio","item":"https:\/\/www.escapadarural.com\/blog\/"},{"@type":"ListItem","position":2,"name":"Arte y Cultura","item":"https:\/\/www.escapadarural.com\/blog\/categoria\/arte-y-cultura\/"},{"@type":"ListItem","position":3,"name":"10 planes para descubrir el interior de M\u00e1laga"}]},{"@type":"WebSite","@id":"https:\/\/www.escapadarural.com\/blog\/#website","url":"https:\/\/www.escapadarural.com\/blog\/","name":"Blog de viajes | turismo rural, alojamientos e inspiraci\u00f3n","description":"Alojamientos rurales e inspiraci\u00f3n para tus escapadas","publisher":{"@id":"https:\/\/www.escapadarural.com\/blog\/#organization"},"alternateName":"Magazine de viajes de EscapadaRural","potentialAction":[{"@type":"SearchAction","target":{"@type":"EntryPoint","urlTemplate":"https:\/\/www.escapadarural.com\/blog\/?s={search_term_string}"},"query-input":{"@type":"PropertyValueSpecification","valueRequired":true,"valueName":"search_term_string"}}],"inLanguage":"es"},{"@type":"Organization","@id":"https:\/\/www.escapadarural.com\/blog\/#organization","name":"EscapadaRural","url":"https:\/\/www.escapadarural.com\/blog\/","logo":{"@type":"ImageObject","inLanguage":"es","@id":"https:\/\/www.escapadarural.com\/blog\/#\/schema\/logo\/image\/","url":"https:\/\/www.escapadarural.com\/blog\/wp-content\/uploads\/2024\/10\/cropped-cropped-escapada-rural-icon-mag-3.png","contentUrl":"https:\/\/www.escapadarural.com\/blog\/wp-content\/uploads\/2024\/10\/cropped-cropped-escapada-rural-icon-mag-3.png","width":512,"height":512,"caption":"EscapadaRural"},"image":{"@id":"https:\/\/www.escapadarural.com\/blog\/#\/schema\/logo\/image\/"},"sameAs":["https:\/\/www.facebook.com\/escapadarural","https:\/\/www.instagram.com\/escapadarural\/","https:\/\/www.youtube.com\/@escapadaruralcom"]},{"@type":"Person","@id":"https:\/\/www.escapadarural.com\/blog\/#\/schema\/person\/ac6969ba5ab90987dda9465be409d6b3","name":"Jos\u00e9 Alejandro Adamuz","image":{"@type":"ImageObject","inLanguage":"es","@id":"https:\/\/www.escapadarural.com\/blog\/wp-content\/uploads\/2025\/02\/cropped-jose_alejandro_viajar-96x96.webp","url":"https:\/\/www.escapadarural.com\/blog\/wp-content\/uploads\/2025\/02\/cropped-jose_alejandro_viajar-96x96.webp","contentUrl":"https:\/\/www.escapadarural.com\/blog\/wp-content\/uploads\/2025\/02\/cropped-jose_alejandro_viajar-96x96.webp","caption":"Jos\u00e9 Alejandro Adamuz"},"description":"Soy licenciado en filolog\u00eda hisp\u00e1nica y periodista por vocaci\u00f3n. Tambi\u00e9n soy disl\u00e9xico, por lo que suelo confundir la derecha con la izquierda y los kil\u00f3metros con la literatura. Pero de momento me va bien as\u00ed. Colaboro habitualmente en diferentes medios haciendo cr\u00f3nica de viajes y periodismo cultural. Me gusta que los viajes cuenten historias y que las historias me hagan viajar.","sameAs":["https:\/\/viviratodaletra.com\/"],"url":"https:\/\/www.escapadarural.com\/blog\/autor\/josealejandro\/"}]}},"_links":{"self":[{"href":"https:\/\/www.escapadarural.com\/blog\/wp-json\/wp\/v2\/posts\/42955","targetHints":{"allow":["GET"]}}],"collection":[{"href":"https:\/\/www.escapadarural.com\/blog\/wp-json\/wp\/v2\/posts"}],"about":[{"href":"https:\/\/www.escapadarural.com\/blog\/wp-json\/wp\/v2\/types\/post"}],"author":[{"embeddable":true,"href":"https:\/\/www.escapadarural.com\/blog\/wp-json\/wp\/v2\/users\/112"}],"replies":[{"embeddable":true,"href":"https:\/\/www.escapadarural.com\/blog\/wp-json\/wp\/v2\/comments?post=42955"}],"version-history":[{"count":0,"href":"https:\/\/www.escapadarural.com\/blog\/wp-json\/wp\/v2\/posts\/42955\/revisions"}],"wp:featuredmedia":[{"embeddable":true,"href":"https:\/\/www.escapadarural.com\/blog\/wp-json\/wp\/v2\/media\/72742"}],"wp:attachment":[{"href":"https:\/\/www.escapadarural.com\/blog\/wp-json\/wp\/v2\/media?parent=42955"}],"wp:term":[{"taxonomy":"category","embeddable":true,"href":"https:\/\/www.escapadarural.com\/blog\/wp-json\/wp\/v2\/categories?post=42955"},{"taxonomy":"post_tag","embeddable":true,"href":"https:\/\/www.escapadarural.com\/blog\/wp-json\/wp\/v2\/tags?post=42955"}],"curies":[{"name":"wp","href":"https:\/\/api.w.org\/{rel}","templated":true}]}}