{"id":43059,"date":"2022-01-04T09:27:55","date_gmt":"2022-01-04T08:27:55","guid":{"rendered":"https:\/\/www.escapadarural.com\/blog\/?p=43059"},"modified":"2025-08-08T13:54:09","modified_gmt":"2025-08-08T11:54:09","slug":"que-hacer-y-que-ver-en-sos-del-rey-catolico","status":"publish","type":"post","link":"https:\/\/www.escapadarural.com\/blog\/que-hacer-y-que-ver-en-sos-del-rey-catolico\/","title":{"rendered":"Qu\u00e9 hacer y qu\u00e9 ver en Sos del Rey Cat\u00f3lico"},"content":{"rendered":"\n<figure class=\"wp-block-image size-large\"><a href=\"https:\/\/www.escapadarural.com\/blog\/wp-content\/uploads\/AdobeStock_139788984-scaled.jpeg\"><img decoding=\"async\" src=\"https:\/\/www.escapadarural.com\/blog\/wp-content\/uploads\/AdobeStock_139788984-1024x683.jpeg\" alt=\"Sos del Rey Cat\u00f3lico\" class=\"wp-image-47950\"\/><\/a><figcaption class=\"wp-element-caption\">Por KarSol<\/figcaption><\/figure>\n\n\n\n<p>Con poco m\u00e1s de 600 habitantes, pasear por <a href=\"https:\/\/www.escapadarural.com\/casas-rurales\/sos-del-rey-catolico\" class=\"rank-math-link\">Sos del Rey Cat\u00f3lico<\/a> es hacer un viaje a otra \u00e9poca. Situada en la zaragozana comarca de las Cinco Villas, en su d\u00eda <strong>fue una atalaya clave en la historia<\/strong> fronteriza entre los antiguos reinos de <a href=\"https:\/\/www.escapadarural.com\/casas-rurales\/aragon\" class=\"rank-math-link\">Arag\u00f3n<\/a> y Navarra. <\/p>\n\n\n\n<p>En aquellos tiempos, Sos del Rey Cat\u00f3lico era solo Sos, un top\u00f3nimo que viene a significar algo as\u00ed como \u201csobre un alto\u201d. Su nombre actual le lleg\u00f3 entrado el S. XIX, con una orden de Alfonso XIII que pretend\u00eda relacionar para siempre el lugar con un hito clave en la historia de Espa\u00f1a: el <strong>nacimiento de Fernando el Cat\u00f3lico<\/strong>, el 10 de marzo de 1452. <\/p>\n\n\n\n<p>Declarado Conjunto Hist\u00f3rico-Art\u00edstico desde 1968, Sos del Rey Cat\u00f3lico conserva uno de los mejores conjuntos medievales de Arag\u00f3n, con bellas casas de piedra, aleros de madera, fachadas con sillares y escudos, ventanas g\u00f3ticas y renacentistas y calles peatonales.<\/p>\n\n\n\n<h2 class=\"wp-block-heading\" id=\"h-una-puerta-para-cada-dia-de-la-semana\"><strong>Una puerta para cada d\u00eda de la semana<\/strong><\/h2>\n\n\n\n<figure class=\"wp-block-image size-large\"><a href=\"https:\/\/www.escapadarural.com\/blog\/wp-content\/uploads\/AdobeStock_375844337-scaled.jpeg\"><img decoding=\"async\" src=\"https:\/\/www.escapadarural.com\/blog\/wp-content\/uploads\/AdobeStock_375844337-1024x684.jpeg\" alt=\"\" class=\"wp-image-47952\"\/><\/a><figcaption class=\"wp-element-caption\">Por Rini Kools<\/figcaption><\/figure>\n\n\n\n<p>A Sos del Rey Cat\u00f3lico le abraza uno de los <strong>recintos amurallados m\u00e1s completos de todo Arag\u00f3n<\/strong>. Quedan de \u00e9l siete puertas defensivas, una por d\u00eda de la semana. Por una de estas puertas accedi\u00f3 Do\u00f1a Juana Enr\u00edquez embarazada del futuro rey Fernando el Cat\u00f3lico. <\/p>\n\n\n\n<p>A la puerta le qued\u00f3 el nombre de Torre\u00f3n de la Reina y se diferencia del resto, mucho m\u00e1s sencillas, por su estructura de torre almenada con matac\u00e1n incluido. Se acceda como la reina o se haga por cualquier otra de las puertas, en su interior aguardan unas callejuelas con casas de piedra, balcones y palacetes que transmiten esp\u00edritu medieval.<\/p>\n\n\n\n<h2 class=\"wp-block-heading\" id=\"h-un-mirador-algo-frio\"><strong>Un mirador algo fr\u00edo<\/strong><\/h2>\n\n\n\n<figure class=\"wp-block-image size-large\"><a href=\"https:\/\/www.escapadarural.com\/blog\/wp-content\/uploads\/AdobeStock_14748462-scaled.jpeg\"><img decoding=\"async\" src=\"https:\/\/www.escapadarural.com\/blog\/wp-content\/uploads\/AdobeStock_14748462-1024x638.jpeg\" alt=\"\" class=\"wp-image-47954\"\/><\/a><figcaption class=\"wp-element-caption\">Por Ana Tramont<\/figcaption><\/figure>\n\n\n\n<p>Los del pueblo llaman a la explanada donde se encuentra la iglesia de San Esteban \u201cel rechelao\u201dporque es el <strong>punto m\u00e1s helado del lugar<\/strong>. All\u00ed el viento sopla fuerte la mayor\u00eda de las veces, tanto que ha ido desgastando los relieves de la portada de la iglesia. <\/p>\n\n\n\n<p>No obstante, tambi\u00e9n es un lugar de visita imprescindible porque sirve para comprender la elecci\u00f3n de la estrat\u00e9gica ubicaci\u00f3n que se escogi\u00f3 para su fundaci\u00f3n, que serv\u00eda para controlar las tierras m\u00e1s noroccidentales durante la Edad Media. Desde este mirador se puede observar con detalle el valle de Onsella, lleno de robles y carrascas, el santuario de Valentu\u00f1ana, y, algo m\u00e1s lejano, Sang\u00fcesa. <\/p>\n\n\n\n<p>Pero, si se trata de llegar a lo m\u00e1s alto de Sos del Rey Cat\u00f3lico, habr\u00e1 que dar unos pasos m\u00e1s hasta el antiguo castillo del que solo queda la torre del Homenaje, asentado sobre la Pe\u00f1a Feliciana, el promontorio m\u00e1s alto del pueblo.<\/p>\n\n\n\n<h2 class=\"wp-block-heading\" id=\"h-iglesia-de-san-esteban\"><strong>Iglesia de San Esteban<\/strong><\/h2>\n\n\n\n<figure class=\"wp-block-image size-large\"><a href=\"https:\/\/www.escapadarural.com\/blog\/wp-content\/uploads\/AdobeStock_148268457-scaled.jpeg\"><img decoding=\"async\" src=\"https:\/\/www.escapadarural.com\/blog\/wp-content\/uploads\/AdobeStock_148268457-1024x684.jpeg\" alt=\"\" class=\"wp-image-47955\"\/><\/a><figcaption class=\"wp-element-caption\">Por ihervas<\/figcaption><\/figure>\n\n\n\n<p>En la parte m\u00e1s alta de Sos del Rey Cat\u00f3lico es donde se asienta tambi\u00e9n la bell\u00edsima iglesia de San Esteban (siglo XII), levantada sobre la cripta de Santa Mar\u00eda del Perd\u00f3n para salvar el fuerte desnivel existente. Una buena muestra es la vertical ca\u00edda de los \u00e1bsides. <\/p>\n\n\n\n<p>Mientras dur\u00f3 la construcci\u00f3n de la iglesia, la cripta se us\u00f3 de lugar de enterramiento y de culto, por lo que recibi\u00f3 una profusa decoraci\u00f3n que a\u00fan hoy maravilla por su maestr\u00eda y por el subido tono rojizo de sus <strong>pinturas g\u00f3ticas<\/strong>. Para los curiosos, en la iglesia se puede ver la&nbsp; pila bautismal del s. VII en forma de flor donde fue <strong>bautizado Fernando el Cat\u00f3lico<\/strong>. Es la misma pila con la que se ha seguido bautizando a los ni\u00f1os del pueblo.<\/p>\n\n\n\n<h2 class=\"wp-block-heading\" id=\"h-la-juderia\"><strong>La juder\u00eda<\/strong><\/h2>\n\n\n\n<figure class=\"wp-block-image size-large\"><a href=\"https:\/\/www.escapadarural.com\/blog\/wp-content\/uploads\/AdobeStock_52843515-scaled.jpeg\"><img decoding=\"async\" src=\"https:\/\/www.escapadarural.com\/blog\/wp-content\/uploads\/AdobeStock_52843515-1024x685.jpeg\" alt=\"\" class=\"wp-image-47956\"\/><\/a><figcaption class=\"wp-element-caption\">Por Calandracas<\/figcaption><\/figure>\n\n\n\n<p>Ya descendiendo desde la parte m\u00e1s alta del conjunto monumental, se accede al trazado que conforma la interesante <strong>juder\u00eda de Sos del Rey Cat\u00f3lico<\/strong>. Hay muchos elementos destacados, como la popular plaza de la Sart\u00e9n o la calle Salsipuedes, verdadero ep\u00edtome del tortuoso trazado de estas calles. <\/p>\n\n\n\n<p>Como muestra del cuidado que se tiene con el patrimonio en el pueblo, hoy la <strong>sinagoga<\/strong> se ha convertido en una vivienda de alquiler de turismo rural que recibi\u00f3 el Primer Premio de Restauraci\u00f3n de Fachadas en 2007.<\/p>\n\n\n\n<h2 class=\"wp-block-heading\" id=\"h-hacia-el-epicentro-del-pueblo\"><strong>Hacia el epicentro del pueblo<\/strong><\/h2>\n\n\n\n<figure class=\"wp-block-image size-large\"><a href=\"https:\/\/www.escapadarural.com\/blog\/wp-content\/uploads\/AdobeStock_186139017-scaled.jpeg\"><img decoding=\"async\" src=\"https:\/\/www.escapadarural.com\/blog\/wp-content\/uploads\/AdobeStock_186139017-1024x683.jpeg\" alt=\"\" class=\"wp-image-47958\"\/><\/a><figcaption class=\"wp-element-caption\">Por Evan Frank<\/figcaption><\/figure>\n\n\n\n<p>Se contin\u00faa hacia la plaza de la Villa, donde se encuentra el ayuntamiento (del s. XVI). Su belleza renacentista, con su hiperb\u00f3lico alero de madera, contrasta con la sobriedad del soportal del mercado que hoy da cobijo a la terraza de un peque\u00f1o restaurante desde la que se puede ver el colegio Isidoro Gil de Jaz. <\/p>\n\n\n\n<p>Otros puntos que no pueden faltar en un paseo por Sos del Rey Cat\u00f3lico son la <strong>lonja medieval<\/strong>, donde se reun\u00eda el concejo en la Edad Media y que hoy sirve de patio de colegio para los pocos ni\u00f1os que quedan con la despoblaci\u00f3n. Por supuesto, el <strong>palacio de Sada<\/strong> es otro lugar imprescindible. La casa nobiliaria&nbsp; en piedra de siller\u00eda destaca por encima de todas las otras y sirve de emblema. Ahora ubica la oficina de turismo, donde empieza y acaba un interesante recorrido guiado por el pueblo.<\/p>\n\n\n\n<h2 class=\"wp-block-heading\" id=\"h-espacio-berlanga\"><strong>Espacio Berlanga<\/strong><\/h2>\n\n\n\n<figure class=\"wp-block-image size-large\"><a href=\"https:\/\/www.escapadarural.com\/blog\/wp-content\/uploads\/51238135030_ca67119078_k.jpg\"><img decoding=\"async\" src=\"https:\/\/www.escapadarural.com\/blog\/wp-content\/uploads\/51238135030_ca67119078_k-1024x718.jpg\" alt=\"\" class=\"wp-image-47959\"\/><\/a><figcaption class=\"wp-element-caption\">Por <a href=\"https:\/\/www.flickr.com\/photos\/druidabruxux\/51238135030\" target=\"_blank\" aria-label=\"Jose Javier Martin Espartosa (opens in a new tab)\" rel=\"noreferrer noopener nofollow\" class=\"rank-math-link\">Jose Javier Martin Espartosa<\/a><\/figcaption><\/figure>\n\n\n\n<p>Han pasado ya m\u00e1s de 35 a\u00f1os, pero en <strong>Sos del Rey Cat\u00f3lico a\u00fan recuerdan a Luis Garc\u00eda Berlanga<\/strong> y a los actores que dieron vida a la famosa pel\u00edcula <em>La vaquilla<\/em>. Recientemente se celebr\u00f3 el centenario del nacimiento del director con varios actos y se puede seguir una ruta para descubrir los espacios que aparecieron durante el rodaje. <\/p>\n\n\n\n<p>Sin duda, una original y cin\u00e9fila forma de recorrer el pueblo. Frente al museo parroquial se encuentra la estatua de bronce que recuerda al director. Y se pueden buscar las 12 sillas que recuerdan tambi\u00e9n al resto del elenco de protagonistas del film.&nbsp;<\/p>\n\n\n\n<h2 class=\"wp-block-heading\" id=\"h-entre-ruinas-y-excursiones\"><strong>Entre ruinas y excursiones<\/strong><\/h2>\n\n\n\n<figure class=\"wp-block-image size-large\"><a href=\"https:\/\/www.escapadarural.com\/blog\/wp-content\/uploads\/AdobeStock_448263928-scaled.jpeg\"><img decoding=\"async\" src=\"https:\/\/www.escapadarural.com\/blog\/wp-content\/uploads\/AdobeStock_448263928-1024x575.jpeg\" alt=\"\" class=\"wp-image-47961\"\/><\/a><figcaption class=\"wp-element-caption\">Por jon_chica<\/figcaption><\/figure>\n\n\n\n<p>Ruesta es el destino de una de las excursiones que se pueden hacer en los alrededores, \u00bfpero qu\u00e9 hay en Ruesta? Algunos dir\u00e1n que ruinas. Otros, como el arquitecto Sergio Sebasti\u00e1n Franco (1976), dir\u00e1n que son \u201cruinas bellas\u201d. \u00c9l es el director de una series de intervenciones que se han realizado en el antiguo pueblo abandonado para consolidar el entorno urbano y <strong>recuperar el trazado del Camino de Santiago franc\u00e9s<\/strong> a su paso por el entorno de Yesa.&nbsp; <\/p>\n\n\n\n<p>Las intervenciones realizadas hasta ahora han sido distinguidas recientemente con el Premio Hispania Nostra 2021. Otras opciones para calzarse las botas de caminar son algunos de los itinerarios marcados por la Val d\u2019Onsella o la ruta que se interna por algunos de los pueblos de las Cinco Villas o la que lleva hasta el paisaje semides\u00e9rtico de las Bardenas Reales desde Carcastillo.<\/p>\n\n\n\n<div class=\"wp-block-buttons is-layout-flex wp-block-buttons-is-layout-flex\">\n<div class=\"wp-block-button\"><a class=\"wp-block-button__link wp-element-button\" href=\"https:\/\/www.escapadarural.com\/casas-rurales\/sos-del-rey-catolico\">Casas rurales en Sos del Rey Cat\u00f3lico<\/a><\/div>\n<\/div>\n","protected":false},"excerpt":{"rendered":"<p>Con poco m\u00e1s de 600 habitantes, pasear por Sos del Rey Cat\u00f3lico es hacer un viaje a otra \u00e9poca. Situada en la zaragozana comarca de las Cinco Villas, en su d\u00eda fue una atalaya clave en la historia fronteriza entre los antiguos reinos de Arag\u00f3n y Navarra. <\/p>\n","protected":false},"author":112,"featured_media":100152,"comment_status":"open","ping_status":"open","sticky":false,"template":"","format":"standard","meta":{"_acf_changed":false,"om_disable_all_campaigns":false,"footnotes":""},"categories":[333],"tags":[6013,332,212,3690,477],"class_list":["post-43059","post","type-post","status-publish","format-standard","has-post-thumbnail","hentry","category-guias","tag-que-ver-en-aragon","tag-guia","tag-pueblos","tag-sos-del-rey-catolico","tag-que-ver-en-zaragoza"],"acf":[],"featured_image_src":"https:\/\/www.escapadarural.com\/blog\/wp-content\/uploads\/2024\/10\/AdobeStock_139788984-1024x683-6.jpeg","author_info":{"display_name":"Jos\u00e9 Alejandro Adamuz","author_link":"https:\/\/www.escapadarural.com\/blog\/autor\/josealejandro\/"},"yoast_head":"<!-- This site is optimized with the Yoast SEO plugin v27.5 - https:\/\/yoast.com\/product\/yoast-seo-wordpress\/ -->\n<title>Qu\u00e9 hacer y qu\u00e9 ver en Sos del Rey Cat\u00f3lico - EscapadaRural<\/title>\n<meta name=\"robots\" content=\"index, follow, max-snippet:-1, max-image-preview:large, max-video-preview:-1\" \/>\n<link rel=\"canonical\" href=\"https:\/\/www.escapadarural.com\/blog\/que-hacer-y-que-ver-en-sos-del-rey-catolico\/\" \/>\n<meta property=\"og:locale\" content=\"es_ES\" \/>\n<meta property=\"og:type\" content=\"article\" \/>\n<meta property=\"og:title\" content=\"Qu\u00e9 hacer y qu\u00e9 ver en Sos del Rey Cat\u00f3lico - EscapadaRural\" \/>\n<meta property=\"og:description\" content=\"Con poco m\u00e1s de 600 habitantes, pasear por Sos del Rey Cat\u00f3lico es hacer un viaje a otra \u00e9poca. Situada en la zaragozana comarca de las Cinco Villas, en su d\u00eda fue una atalaya clave en la historia fronteriza entre los antiguos reinos de Arag\u00f3n y Navarra.\" \/>\n<meta property=\"og:url\" content=\"https:\/\/www.escapadarural.com\/blog\/que-hacer-y-que-ver-en-sos-del-rey-catolico\/\" \/>\n<meta property=\"og:site_name\" content=\"Magazine de viajes de EscapadaRural\" \/>\n<meta property=\"article:publisher\" content=\"https:\/\/www.facebook.com\/escapadarural\" \/>\n<meta property=\"article:published_time\" content=\"2022-01-04T08:27:55+00:00\" \/>\n<meta property=\"article:modified_time\" content=\"2025-08-08T11:54:09+00:00\" \/>\n<meta property=\"og:image\" content=\"https:\/\/www.escapadarural.com\/blog\/wp-content\/uploads\/2024\/10\/AdobeStock_139788984-1024x683-6.jpeg?v=1754654051\" \/>\n\t<meta property=\"og:image:width\" content=\"1024\" \/>\n\t<meta property=\"og:image:height\" content=\"683\" \/>\n\t<meta property=\"og:image:type\" content=\"image\/jpeg\" \/>\n<meta name=\"author\" content=\"Jos\u00e9 Alejandro Adamuz\" \/>\n<meta name=\"twitter:card\" content=\"summary_large_image\" \/>\n<meta name=\"twitter:label1\" content=\"Escrito por\" \/>\n\t<meta name=\"twitter:data1\" content=\"Jos\u00e9 Alejandro Adamuz\" \/>\n\t<meta name=\"twitter:label2\" content=\"Tiempo de lectura\" \/>\n\t<meta name=\"twitter:data2\" content=\"6 minutos\" \/>\n<script type=\"application\/ld+json\" class=\"yoast-schema-graph\">{\"@context\":\"https:\\\/\\\/schema.org\",\"@graph\":[{\"@type\":\"Article\",\"@id\":\"https:\\\/\\\/www.escapadarural.com\\\/blog\\\/que-hacer-y-que-ver-en-sos-del-rey-catolico\\\/#article\",\"isPartOf\":{\"@id\":\"https:\\\/\\\/www.escapadarural.com\\\/blog\\\/que-hacer-y-que-ver-en-sos-del-rey-catolico\\\/\"},\"author\":{\"name\":\"Jos\u00e9 Alejandro Adamuz\",\"@id\":\"https:\\\/\\\/www.escapadarural.com\\\/blog\\\/#\\\/schema\\\/person\\\/ac6969ba5ab90987dda9465be409d6b3\"},\"headline\":\"Qu\u00e9 hacer y qu\u00e9 ver en Sos del Rey Cat\u00f3lico\",\"datePublished\":\"2022-01-04T08:27:55+00:00\",\"dateModified\":\"2025-08-08T11:54:09+00:00\",\"mainEntityOfPage\":{\"@id\":\"https:\\\/\\\/www.escapadarural.com\\\/blog\\\/que-hacer-y-que-ver-en-sos-del-rey-catolico\\\/\"},\"wordCount\":1166,\"commentCount\":1,\"publisher\":{\"@id\":\"https:\\\/\\\/www.escapadarural.com\\\/blog\\\/#organization\"},\"image\":{\"@id\":\"https:\\\/\\\/www.escapadarural.com\\\/blog\\\/que-hacer-y-que-ver-en-sos-del-rey-catolico\\\/#primaryimage\"},\"thumbnailUrl\":\"https:\\\/\\\/www.escapadarural.com\\\/blog\\\/wp-content\\\/uploads\\\/2024\\\/10\\\/AdobeStock_139788984-1024x683-6.jpeg\",\"keywords\":[\"Arag\u00f3n\",\"Gu\u00eda\",\"pueblos\",\"sos del rey cat\u00f3lico\",\"Zaragoza\"],\"articleSection\":[\"Gu\u00edas\"],\"inLanguage\":\"es\",\"potentialAction\":[{\"@type\":\"CommentAction\",\"name\":\"Comment\",\"target\":[\"https:\\\/\\\/www.escapadarural.com\\\/blog\\\/que-hacer-y-que-ver-en-sos-del-rey-catolico\\\/#respond\"]}]},{\"@type\":\"WebPage\",\"@id\":\"https:\\\/\\\/www.escapadarural.com\\\/blog\\\/que-hacer-y-que-ver-en-sos-del-rey-catolico\\\/\",\"url\":\"https:\\\/\\\/www.escapadarural.com\\\/blog\\\/que-hacer-y-que-ver-en-sos-del-rey-catolico\\\/\",\"name\":\"Qu\u00e9 hacer y qu\u00e9 ver en Sos del Rey Cat\u00f3lico - EscapadaRural\",\"isPartOf\":{\"@id\":\"https:\\\/\\\/www.escapadarural.com\\\/blog\\\/#website\"},\"primaryImageOfPage\":{\"@id\":\"https:\\\/\\\/www.escapadarural.com\\\/blog\\\/que-hacer-y-que-ver-en-sos-del-rey-catolico\\\/#primaryimage\"},\"image\":{\"@id\":\"https:\\\/\\\/www.escapadarural.com\\\/blog\\\/que-hacer-y-que-ver-en-sos-del-rey-catolico\\\/#primaryimage\"},\"thumbnailUrl\":\"https:\\\/\\\/www.escapadarural.com\\\/blog\\\/wp-content\\\/uploads\\\/2024\\\/10\\\/AdobeStock_139788984-1024x683-6.jpeg\",\"datePublished\":\"2022-01-04T08:27:55+00:00\",\"dateModified\":\"2025-08-08T11:54:09+00:00\",\"breadcrumb\":{\"@id\":\"https:\\\/\\\/www.escapadarural.com\\\/blog\\\/que-hacer-y-que-ver-en-sos-del-rey-catolico\\\/#breadcrumb\"},\"inLanguage\":\"es\",\"potentialAction\":[{\"@type\":\"ReadAction\",\"target\":[\"https:\\\/\\\/www.escapadarural.com\\\/blog\\\/que-hacer-y-que-ver-en-sos-del-rey-catolico\\\/\"]}]},{\"@type\":\"ImageObject\",\"inLanguage\":\"es\",\"@id\":\"https:\\\/\\\/www.escapadarural.com\\\/blog\\\/que-hacer-y-que-ver-en-sos-del-rey-catolico\\\/#primaryimage\",\"url\":\"https:\\\/\\\/www.escapadarural.com\\\/blog\\\/wp-content\\\/uploads\\\/2024\\\/10\\\/AdobeStock_139788984-1024x683-6.jpeg\",\"contentUrl\":\"https:\\\/\\\/www.escapadarural.com\\\/blog\\\/wp-content\\\/uploads\\\/2024\\\/10\\\/AdobeStock_139788984-1024x683-6.jpeg\",\"width\":1024,\"height\":683,\"caption\":\"Un pueblo en lo alto de una colina con edificios de piedra y torres se alza bajo un cielo azul parcialmente nublado, rodeado de manchas de hierba verde y \u00e1rboles en primer plano.\"},{\"@type\":\"BreadcrumbList\",\"@id\":\"https:\\\/\\\/www.escapadarural.com\\\/blog\\\/que-hacer-y-que-ver-en-sos-del-rey-catolico\\\/#breadcrumb\",\"itemListElement\":[{\"@type\":\"ListItem\",\"position\":1,\"name\":\"Inicio\",\"item\":\"https:\\\/\\\/www.escapadarural.com\\\/blog\\\/\"},{\"@type\":\"ListItem\",\"position\":2,\"name\":\"Gu\u00edas\",\"item\":\"https:\\\/\\\/www.escapadarural.com\\\/blog\\\/categoria\\\/guias\\\/\"},{\"@type\":\"ListItem\",\"position\":3,\"name\":\"Qu\u00e9 hacer y qu\u00e9 ver en Sos del Rey Cat\u00f3lico\"}]},{\"@type\":\"WebSite\",\"@id\":\"https:\\\/\\\/www.escapadarural.com\\\/blog\\\/#website\",\"url\":\"https:\\\/\\\/www.escapadarural.com\\\/blog\\\/\",\"name\":\"Blog de viajes | turismo rural, alojamientos e inspiraci\u00f3n\",\"description\":\"Alojamientos rurales e inspiraci\u00f3n para tus escapadas\",\"publisher\":{\"@id\":\"https:\\\/\\\/www.escapadarural.com\\\/blog\\\/#organization\"},\"alternateName\":\"Magazine de viajes de EscapadaRural\",\"potentialAction\":[{\"@type\":\"SearchAction\",\"target\":{\"@type\":\"EntryPoint\",\"urlTemplate\":\"https:\\\/\\\/www.escapadarural.com\\\/blog\\\/?s={search_term_string}\"},\"query-input\":{\"@type\":\"PropertyValueSpecification\",\"valueRequired\":true,\"valueName\":\"search_term_string\"}}],\"inLanguage\":\"es\"},{\"@type\":\"Organization\",\"@id\":\"https:\\\/\\\/www.escapadarural.com\\\/blog\\\/#organization\",\"name\":\"EscapadaRural\",\"url\":\"https:\\\/\\\/www.escapadarural.com\\\/blog\\\/\",\"logo\":{\"@type\":\"ImageObject\",\"inLanguage\":\"es\",\"@id\":\"https:\\\/\\\/www.escapadarural.com\\\/blog\\\/#\\\/schema\\\/logo\\\/image\\\/\",\"url\":\"https:\\\/\\\/www.escapadarural.com\\\/blog\\\/wp-content\\\/uploads\\\/2024\\\/10\\\/cropped-cropped-escapada-rural-icon-mag-3.png\",\"contentUrl\":\"https:\\\/\\\/www.escapadarural.com\\\/blog\\\/wp-content\\\/uploads\\\/2024\\\/10\\\/cropped-cropped-escapada-rural-icon-mag-3.png\",\"width\":512,\"height\":512,\"caption\":\"EscapadaRural\"},\"image\":{\"@id\":\"https:\\\/\\\/www.escapadarural.com\\\/blog\\\/#\\\/schema\\\/logo\\\/image\\\/\"},\"sameAs\":[\"https:\\\/\\\/www.facebook.com\\\/escapadarural\",\"https:\\\/\\\/www.instagram.com\\\/escapadarural\\\/\",\"https:\\\/\\\/www.youtube.com\\\/@escapadaruralcom\"]},{\"@type\":\"Person\",\"@id\":\"https:\\\/\\\/www.escapadarural.com\\\/blog\\\/#\\\/schema\\\/person\\\/ac6969ba5ab90987dda9465be409d6b3\",\"name\":\"Jos\u00e9 Alejandro Adamuz\",\"image\":{\"@type\":\"ImageObject\",\"inLanguage\":\"es\",\"@id\":\"https:\\\/\\\/www.escapadarural.com\\\/blog\\\/wp-content\\\/uploads\\\/2025\\\/02\\\/cropped-jose_alejandro_viajar-96x96.webp\",\"url\":\"https:\\\/\\\/www.escapadarural.com\\\/blog\\\/wp-content\\\/uploads\\\/2025\\\/02\\\/cropped-jose_alejandro_viajar-96x96.webp\",\"contentUrl\":\"https:\\\/\\\/www.escapadarural.com\\\/blog\\\/wp-content\\\/uploads\\\/2025\\\/02\\\/cropped-jose_alejandro_viajar-96x96.webp\",\"caption\":\"Jos\u00e9 Alejandro Adamuz\"},\"description\":\"Soy licenciado en filolog\u00eda hisp\u00e1nica y periodista por vocaci\u00f3n. Tambi\u00e9n soy disl\u00e9xico, por lo que suelo confundir la derecha con la izquierda y los kil\u00f3metros con la literatura. Pero de momento me va bien as\u00ed. Colaboro habitualmente en diferentes medios haciendo cr\u00f3nica de viajes y periodismo cultural. Me gusta que los viajes cuenten historias y que las historias me hagan viajar.\",\"sameAs\":[\"https:\\\/\\\/viviratodaletra.com\\\/\"],\"url\":\"https:\\\/\\\/www.escapadarural.com\\\/blog\\\/autor\\\/josealejandro\\\/\"}]}<\/script>\n<!-- \/ Yoast SEO plugin. -->","yoast_head_json":{"title":"Qu\u00e9 hacer y qu\u00e9 ver en Sos del Rey Cat\u00f3lico - EscapadaRural","robots":{"index":"index","follow":"follow","max-snippet":"max-snippet:-1","max-image-preview":"max-image-preview:large","max-video-preview":"max-video-preview:-1"},"canonical":"https:\/\/www.escapadarural.com\/blog\/que-hacer-y-que-ver-en-sos-del-rey-catolico\/","og_locale":"es_ES","og_type":"article","og_title":"Qu\u00e9 hacer y qu\u00e9 ver en Sos del Rey Cat\u00f3lico - EscapadaRural","og_description":"Con poco m\u00e1s de 600 habitantes, pasear por Sos del Rey Cat\u00f3lico es hacer un viaje a otra \u00e9poca. Situada en la zaragozana comarca de las Cinco Villas, en su d\u00eda fue una atalaya clave en la historia fronteriza entre los antiguos reinos de Arag\u00f3n y Navarra.","og_url":"https:\/\/www.escapadarural.com\/blog\/que-hacer-y-que-ver-en-sos-del-rey-catolico\/","og_site_name":"Magazine de viajes de EscapadaRural","article_publisher":"https:\/\/www.facebook.com\/escapadarural","article_published_time":"2022-01-04T08:27:55+00:00","article_modified_time":"2025-08-08T11:54:09+00:00","og_image":[{"width":1024,"height":683,"url":"https:\/\/www.escapadarural.com\/blog\/wp-content\/uploads\/2024\/10\/AdobeStock_139788984-1024x683-6.jpeg?v=1754654051","type":"image\/jpeg"}],"author":"Jos\u00e9 Alejandro Adamuz","twitter_card":"summary_large_image","twitter_misc":{"Escrito por":"Jos\u00e9 Alejandro Adamuz","Tiempo de lectura":"6 minutos"},"schema":{"@context":"https:\/\/schema.org","@graph":[{"@type":"Article","@id":"https:\/\/www.escapadarural.com\/blog\/que-hacer-y-que-ver-en-sos-del-rey-catolico\/#article","isPartOf":{"@id":"https:\/\/www.escapadarural.com\/blog\/que-hacer-y-que-ver-en-sos-del-rey-catolico\/"},"author":{"name":"Jos\u00e9 Alejandro Adamuz","@id":"https:\/\/www.escapadarural.com\/blog\/#\/schema\/person\/ac6969ba5ab90987dda9465be409d6b3"},"headline":"Qu\u00e9 hacer y qu\u00e9 ver en Sos del Rey Cat\u00f3lico","datePublished":"2022-01-04T08:27:55+00:00","dateModified":"2025-08-08T11:54:09+00:00","mainEntityOfPage":{"@id":"https:\/\/www.escapadarural.com\/blog\/que-hacer-y-que-ver-en-sos-del-rey-catolico\/"},"wordCount":1166,"commentCount":1,"publisher":{"@id":"https:\/\/www.escapadarural.com\/blog\/#organization"},"image":{"@id":"https:\/\/www.escapadarural.com\/blog\/que-hacer-y-que-ver-en-sos-del-rey-catolico\/#primaryimage"},"thumbnailUrl":"https:\/\/www.escapadarural.com\/blog\/wp-content\/uploads\/2024\/10\/AdobeStock_139788984-1024x683-6.jpeg","keywords":["Arag\u00f3n","Gu\u00eda","pueblos","sos del rey cat\u00f3lico","Zaragoza"],"articleSection":["Gu\u00edas"],"inLanguage":"es","potentialAction":[{"@type":"CommentAction","name":"Comment","target":["https:\/\/www.escapadarural.com\/blog\/que-hacer-y-que-ver-en-sos-del-rey-catolico\/#respond"]}]},{"@type":"WebPage","@id":"https:\/\/www.escapadarural.com\/blog\/que-hacer-y-que-ver-en-sos-del-rey-catolico\/","url":"https:\/\/www.escapadarural.com\/blog\/que-hacer-y-que-ver-en-sos-del-rey-catolico\/","name":"Qu\u00e9 hacer y qu\u00e9 ver en Sos del Rey Cat\u00f3lico - EscapadaRural","isPartOf":{"@id":"https:\/\/www.escapadarural.com\/blog\/#website"},"primaryImageOfPage":{"@id":"https:\/\/www.escapadarural.com\/blog\/que-hacer-y-que-ver-en-sos-del-rey-catolico\/#primaryimage"},"image":{"@id":"https:\/\/www.escapadarural.com\/blog\/que-hacer-y-que-ver-en-sos-del-rey-catolico\/#primaryimage"},"thumbnailUrl":"https:\/\/www.escapadarural.com\/blog\/wp-content\/uploads\/2024\/10\/AdobeStock_139788984-1024x683-6.jpeg","datePublished":"2022-01-04T08:27:55+00:00","dateModified":"2025-08-08T11:54:09+00:00","breadcrumb":{"@id":"https:\/\/www.escapadarural.com\/blog\/que-hacer-y-que-ver-en-sos-del-rey-catolico\/#breadcrumb"},"inLanguage":"es","potentialAction":[{"@type":"ReadAction","target":["https:\/\/www.escapadarural.com\/blog\/que-hacer-y-que-ver-en-sos-del-rey-catolico\/"]}]},{"@type":"ImageObject","inLanguage":"es","@id":"https:\/\/www.escapadarural.com\/blog\/que-hacer-y-que-ver-en-sos-del-rey-catolico\/#primaryimage","url":"https:\/\/www.escapadarural.com\/blog\/wp-content\/uploads\/2024\/10\/AdobeStock_139788984-1024x683-6.jpeg","contentUrl":"https:\/\/www.escapadarural.com\/blog\/wp-content\/uploads\/2024\/10\/AdobeStock_139788984-1024x683-6.jpeg","width":1024,"height":683,"caption":"Un pueblo en lo alto de una colina con edificios de piedra y torres se alza bajo un cielo azul parcialmente nublado, rodeado de manchas de hierba verde y \u00e1rboles en primer plano."},{"@type":"BreadcrumbList","@id":"https:\/\/www.escapadarural.com\/blog\/que-hacer-y-que-ver-en-sos-del-rey-catolico\/#breadcrumb","itemListElement":[{"@type":"ListItem","position":1,"name":"Inicio","item":"https:\/\/www.escapadarural.com\/blog\/"},{"@type":"ListItem","position":2,"name":"Gu\u00edas","item":"https:\/\/www.escapadarural.com\/blog\/categoria\/guias\/"},{"@type":"ListItem","position":3,"name":"Qu\u00e9 hacer y qu\u00e9 ver en Sos del Rey Cat\u00f3lico"}]},{"@type":"WebSite","@id":"https:\/\/www.escapadarural.com\/blog\/#website","url":"https:\/\/www.escapadarural.com\/blog\/","name":"Blog de viajes | turismo rural, alojamientos e inspiraci\u00f3n","description":"Alojamientos rurales e inspiraci\u00f3n para tus escapadas","publisher":{"@id":"https:\/\/www.escapadarural.com\/blog\/#organization"},"alternateName":"Magazine de viajes de EscapadaRural","potentialAction":[{"@type":"SearchAction","target":{"@type":"EntryPoint","urlTemplate":"https:\/\/www.escapadarural.com\/blog\/?s={search_term_string}"},"query-input":{"@type":"PropertyValueSpecification","valueRequired":true,"valueName":"search_term_string"}}],"inLanguage":"es"},{"@type":"Organization","@id":"https:\/\/www.escapadarural.com\/blog\/#organization","name":"EscapadaRural","url":"https:\/\/www.escapadarural.com\/blog\/","logo":{"@type":"ImageObject","inLanguage":"es","@id":"https:\/\/www.escapadarural.com\/blog\/#\/schema\/logo\/image\/","url":"https:\/\/www.escapadarural.com\/blog\/wp-content\/uploads\/2024\/10\/cropped-cropped-escapada-rural-icon-mag-3.png","contentUrl":"https:\/\/www.escapadarural.com\/blog\/wp-content\/uploads\/2024\/10\/cropped-cropped-escapada-rural-icon-mag-3.png","width":512,"height":512,"caption":"EscapadaRural"},"image":{"@id":"https:\/\/www.escapadarural.com\/blog\/#\/schema\/logo\/image\/"},"sameAs":["https:\/\/www.facebook.com\/escapadarural","https:\/\/www.instagram.com\/escapadarural\/","https:\/\/www.youtube.com\/@escapadaruralcom"]},{"@type":"Person","@id":"https:\/\/www.escapadarural.com\/blog\/#\/schema\/person\/ac6969ba5ab90987dda9465be409d6b3","name":"Jos\u00e9 Alejandro Adamuz","image":{"@type":"ImageObject","inLanguage":"es","@id":"https:\/\/www.escapadarural.com\/blog\/wp-content\/uploads\/2025\/02\/cropped-jose_alejandro_viajar-96x96.webp","url":"https:\/\/www.escapadarural.com\/blog\/wp-content\/uploads\/2025\/02\/cropped-jose_alejandro_viajar-96x96.webp","contentUrl":"https:\/\/www.escapadarural.com\/blog\/wp-content\/uploads\/2025\/02\/cropped-jose_alejandro_viajar-96x96.webp","caption":"Jos\u00e9 Alejandro Adamuz"},"description":"Soy licenciado en filolog\u00eda hisp\u00e1nica y periodista por vocaci\u00f3n. Tambi\u00e9n soy disl\u00e9xico, por lo que suelo confundir la derecha con la izquierda y los kil\u00f3metros con la literatura. Pero de momento me va bien as\u00ed. Colaboro habitualmente en diferentes medios haciendo cr\u00f3nica de viajes y periodismo cultural. Me gusta que los viajes cuenten historias y que las historias me hagan viajar.","sameAs":["https:\/\/viviratodaletra.com\/"],"url":"https:\/\/www.escapadarural.com\/blog\/autor\/josealejandro\/"}]}},"_links":{"self":[{"href":"https:\/\/www.escapadarural.com\/blog\/wp-json\/wp\/v2\/posts\/43059","targetHints":{"allow":["GET"]}}],"collection":[{"href":"https:\/\/www.escapadarural.com\/blog\/wp-json\/wp\/v2\/posts"}],"about":[{"href":"https:\/\/www.escapadarural.com\/blog\/wp-json\/wp\/v2\/types\/post"}],"author":[{"embeddable":true,"href":"https:\/\/www.escapadarural.com\/blog\/wp-json\/wp\/v2\/users\/112"}],"replies":[{"embeddable":true,"href":"https:\/\/www.escapadarural.com\/blog\/wp-json\/wp\/v2\/comments?post=43059"}],"version-history":[{"count":0,"href":"https:\/\/www.escapadarural.com\/blog\/wp-json\/wp\/v2\/posts\/43059\/revisions"}],"wp:featuredmedia":[{"embeddable":true,"href":"https:\/\/www.escapadarural.com\/blog\/wp-json\/wp\/v2\/media\/100152"}],"wp:attachment":[{"href":"https:\/\/www.escapadarural.com\/blog\/wp-json\/wp\/v2\/media?parent=43059"}],"wp:term":[{"taxonomy":"category","embeddable":true,"href":"https:\/\/www.escapadarural.com\/blog\/wp-json\/wp\/v2\/categories?post=43059"},{"taxonomy":"post_tag","embeddable":true,"href":"https:\/\/www.escapadarural.com\/blog\/wp-json\/wp\/v2\/tags?post=43059"}],"curies":[{"name":"wp","href":"https:\/\/api.w.org\/{rel}","templated":true}]}}