{"id":43208,"date":"2021-11-08T09:45:49","date_gmt":"2021-11-08T08:45:49","guid":{"rendered":"https:\/\/www.escapadarural.com\/blog\/?p=43208"},"modified":"2024-12-23T19:37:47","modified_gmt":"2024-12-23T17:37:47","slug":"la-plaza-de-banyoles-dedicada-a-la-aspirina","status":"publish","type":"post","link":"https:\/\/www.escapadarural.com\/blog\/la-plaza-de-banyoles-dedicada-a-la-aspirina\/","title":{"rendered":"La plaza de Banyoles dedicada a la Aspirina"},"content":{"rendered":"\n<figure class=\"wp-block-image size-large\"><a href=\"https:\/\/www.escapadarural.com\/blog\/el-lago-de-banyoles-en-girona\/lake-of-banyoles\/\"><img decoding=\"async\" src=\"https:\/\/www.escapadarural.com\/blog\/wp-content\/uploads\/2020\/08\/AdobeStock_23886892-1024x680.jpeg\" alt=\"Banyoles\n\" class=\"wp-image-27512\"\/><\/a><figcaption>Por\u00a0nito<\/figcaption><\/figure>\n\n\n\n<p>La localidad de<strong> <a href=\"https:\/\/www.escapadarural.com\/casas-rurales\/banyoles\" class=\"rank-math-link\">Banyoles<\/a>, capital de la comarca de Pla de L\u2019Estany, en <a href=\"https:\/\/www.escapadarural.com\/casas-rurales\/girona\" class=\"rank-math-link\">Girona<\/a><\/strong>, es especialmente conocida por su lago (en catal\u00e1n, el Estany de Banyoles). Un entorno id\u00edlico en el que pasar un d\u00eda a remojo, caminando por sus alrededores o remando un rato en una de las barquitas azules que se pueden alquilar (quienes no tengan especial inter\u00e9s en ejercitar sus brazos tambi\u00e9n pueden surcar sus aguas a bordo del barco tur\u00edstico).<\/p>\n\n\n\n<p>Asimismo, visitarlo es un buen plan para los aficionados a <strong>la ornitolog\u00eda, porque gran parte de la fauna local est\u00e1 integrada por p\u00e1jaros<\/strong>. Es conveniente hacer un apunte: aunque parezca una idea divertida y hasta entra\u00f1able, no est\u00e1 permitido darles de comer a los numerosos patos que viven en el entorno. Son muy bonitos y cercanos, pero no son mascotas y las migas de los bocadillos no son un buen tentempi\u00e9 para ellos.<\/p>\n\n\n\n<p>Pero m\u00e1s all\u00e1 del lago, Banyoles tambi\u00e9n tiene otros atractivos o curiosidades. Una de ellas es <strong>la rotonda presidida por una escultura en honor a la Aspirina.<\/strong> S\u00ed, al principio activo \u00e1cido acetilsalic\u00edlico que la farmac\u00e9utica Bayer bautiz\u00f3 con ese nombre comercial que con el tiempo se convirti\u00f3 en la manera popular de denominar a dicho medicamento. Pocas personas entran en la farmacia a pedir \u00e1cido acetilsalic\u00edlico: \u201cquiero una caja de Aspirina, por favor\u201d es la demanda m\u00e1s habitual.<\/p>\n\n\n\n<figure class=\"wp-block-embed is-type-rich is-provider-twitter wp-block-embed-twitter\"><div class=\"wp-block-embed__wrapper\">\n<span class=\"nVE4CSqvzsu2jGiNPgXFtm1VUTMKLj07RHOBd4Cr1RfDQHeL8aAuqvc5Iy6iaSkrTGZZPEyn5cs\"><div class=\"video-shortcode\"><blockquote class=\"twitter-tweet\" data-width=\"550\" data-dnt=\"true\"><p lang=\"ca\" dir=\"ltr\">Banyoles presenta la restauraci\u00f3 de l&#39;aspirina de la Pla\u00e7a dels Jurats <a href=\"https:\/\/t.co\/23ShYWkbO5\" target=\"_blank\">https:\/\/t.co\/23ShYWkbO5<\/a> <a href=\"https:\/\/t.co\/t9Zj7dt4o4\" target=\"_blank\">pic.twitter.com\/t9Zj7dt4o4<\/a><\/p>&mdash; Banyoles Televisi\u00f3 | plaestanydigital.cat (@banyolestv) <a href=\"https:\/\/twitter.com\/banyolestv\/status\/1346475463623860228?ref_src=twsrc%5Etfw\" target=\"_blank\">January 5, 2021<\/a><\/blockquote><script async src=\"https:\/\/platform.twitter.com\/widgets.js\" charset=\"utf-8\"><\/script><\/div><\/span>\n<\/div><\/figure>\n\n\n\n<p>La figura tiene forma circular y es de color blanco, es decir, es la representaci\u00f3n a gran escala y en hormig\u00f3n de la pastilla. En sus laterales est\u00e1 inscrito su nombre en diferentes idiomas. <strong>Jordi Bosch Barraca fue el autor de la obra que se instal\u00f3 en hace 25 a\u00f1os<\/strong> en la antes conocida como plaza de los juzgados (la popularidad del analg\u00e9sico le \u2018rob\u00f3\u2019 el nombre, aunque el oficial siga siendo el anterior), parte del proyecto de reforma del paseo Moss\u00e8n Llu\u00eds Constans de 1987.\u00a0<\/p>\n\n\n\n<p><strong>Tiene un marcado efecto sorpresa<\/strong>: si los conductores no est\u00e1n al tanto de la existencia de la escultura, seguramente frunzan el ce\u00f1o de extra\u00f1eza al rodear una pastilla de Aspirina con el coche. Al fin y al cabo, un homenaje de este tipo a un medicamento no es una obra urban\u00edstica demasiado corriente.<\/p>\n\n\n\n<p>La obra ha servido de herramienta para diferentes acciones vecinales. Una de ellas fue la que llev\u00f3 a cabo<strong> el colectivo de mujeres <a href=\"https:\/\/prezi.com\/xtqvrvfjztgd\/banyoles-knitting-les-guerrilleres-del-ganxet\/?frame=5a45dcbc7541ec1ecc740510ca268fddda92b3fa\" rel=\"nofollow\" class=\"rank-math-link\" target=\"_blank\">Banyoles Knitting<\/a>,<\/strong> que la cubrieron con un tapiz elaborado con 500 piezas de ganchillo. La iniciativa era parte de los actos en conmemoraci\u00f3n del D\u00eda Internacional contra la Violencia de G\u00e9nero del 25 de noviembre de 2013. Para sorpresa de los vecinos y vecinas, a la ma\u00f1ana siguiente el tejido hab\u00eda desaparecido.<\/p>\n\n\n\n<figure class=\"wp-block-embed is-type-rich is-provider-twitter wp-block-embed-twitter\"><div class=\"wp-block-embed__wrapper\">\n<span class=\"NZxqB7KjPc3tsMmdgveYGkCQ6VWuJ2T8if1F0oLO\"><div class=\"video-shortcode\"><blockquote class=\"twitter-tweet\" data-width=\"550\" data-dnt=\"true\"><p lang=\"ca\" dir=\"ltr\">\ud83d\udd8c\ufe0f Avui hem presentat la restauraci\u00f3 de la pla\u00e7a dels Jurats, coneguda popularment com a pla\u00e7a de l&#39;Aspirina. L&#39;artista banyol\u00ed Jaume Geli ha estat treballant en les darreres setmanes per recuperar l&#39;espai com a element escult\u00f2ric. <a href=\"https:\/\/twitter.com\/hashtag\/banyoles?src=hash&amp;ref_src=twsrc%5Etfw\" target=\"_blank\">#banyoles<\/a> <a href=\"https:\/\/twitter.com\/culturabanyoles?ref_src=twsrc%5Etfw\" target=\"_blank\">@culturabanyoles<\/a> <a href=\"https:\/\/t.co\/wUk7MJmxGA\" target=\"_blank\">pic.twitter.com\/wUk7MJmxGA<\/a><\/p>&mdash; Ajuntament Banyoles (@AjBanyoles) <a href=\"https:\/\/twitter.com\/AjBanyoles\/status\/1346075185229783040?ref_src=twsrc%5Etfw\" target=\"_blank\">January 4, 2021<\/a><\/blockquote><script async src=\"https:\/\/platform.twitter.com\/widgets.js\" charset=\"utf-8\"><\/script><\/div><\/span>\n<\/div><\/figure>\n\n\n\n<p>Adem\u00e1s, la aspirina tambi\u00e9n ha sido lienzo de pintadas de protesta por la situaci\u00f3n pol\u00edtica de Catalu\u00f1a en los \u00faltimos a\u00f1os en relaci\u00f3n con el independentismo. Debido a todos estos hechos, el consistorio decidi\u00f3 someter a la escultura a un proceso de restauraci\u00f3n el pasado mes de enero de 2021. <strong>El artista local Jaume Geli ha sido el responsable<\/strong> de la reforma, que ha consistido en pintar la escultura de blanco y realizar las inscripciones de la palabra Aspirina en seis idiomas: catal\u00e1n, ruso, chino, griego, suajili y \u00e1rabe (no estaban en la original).<\/p>\n\n\n\n<h2 class=\"wp-block-heading\"><strong>Adem\u00e1s de remar, callejear<\/strong><\/h2>\n\n\n\n<figure class=\"wp-block-image size-large\"><a href=\"https:\/\/www.escapadarural.com\/blog\/wp-content\/uploads\/AdobeStock_140372417-scaled.jpeg\"><img decoding=\"async\" src=\"https:\/\/www.escapadarural.com\/blog\/wp-content\/uploads\/AdobeStock_140372417-1024x678.jpeg\" alt=\"\" class=\"wp-image-43256\"\/><\/a><figcaption>Por curto<\/figcaption><\/figure>\n\n\n\n<p>Aunque, como se dijo al principio del art\u00edculo, lo m\u00e1s conocido de Banyoles es su lago, <strong>el pueblo tambi\u00e9n tiene partes muy interesantes<\/strong> que a veces quedan eclipsadas. Las paredes de piedra de las casas que bordean las calles generan ambiente recogido y acogedor por el que apetece pasear. Paso a paso se llega, por ejemplo, a <strong>la iglesia de Santa Mar\u00eda dels Turers<\/strong>, un edificio de estilo g\u00f3tico cuya construcci\u00f3n inicial \u2013despu\u00e9s se fue sometiendo a diversas remodelaciones\u2013 data del siglo IX.&nbsp;<\/p>\n\n\n\n<p><strong>La Llotja del Tint es otro de los lugares de referencia<\/strong> de la localidad. Se trata de un edificio cuyo estilo es representante del g\u00f3tico civil catal\u00e1n del siglo XV. All\u00ed, como su nombre indica, se les daba color a las prendas de vestir y otros tejidos que se fabricaban en la zona. Actualmente se utiliza como centro art\u00edstico y cultural.<\/p>\n\n\n\n<p>Otra construcci\u00f3n esencial del pueblo es <strong>el monasterio de Sant Esteve, que en 1973 fue declarado Monumento Hist\u00f3rico Art\u00edstico<\/strong>. Se fund\u00f3 en el a\u00f1o 822 y es uno de los claustros pertenecientes a los monjes benedictinos m\u00e1s antiguos y relevantes de Catalu\u00f1a. Los devenires de la historia, entre ellos los terremotos que tuvieron lugar en Banyoles en los a\u00f1os 20 del siglo XV, han hecho que el edificio se haya reformado en numerosas ocasiones.<\/p>\n\n\n\n<figure class=\"wp-block-image size-large\"><a href=\"https:\/\/www.escapadarural.com\/blog\/wp-content\/uploads\/AdobeStock_62324653-scaled.jpeg\"><img decoding=\"async\" src=\"https:\/\/www.escapadarural.com\/blog\/wp-content\/uploads\/AdobeStock_62324653-1024x683.jpeg\" alt=\"\" class=\"wp-image-43257\"\/><\/a><figcaption>Por JackF<\/figcaption><\/figure>\n\n\n\n<p>Quienes prefieran disfrutar del pueblo sin moverse demasiado, encontrar\u00e1n en <strong>la Plaza Mayor un lugar id\u00f3neo<\/strong> para observar la vida de la localidad desde una de las terrazas de los diferentes bares que se sit\u00faan bajo los arcos que la rodean. Seg\u00fan concreta la Oficina de Turismo local: \u201ctiene forma cuadrangular y est\u00e1 rodeada por cuarenta arcos con dovelas. La encontramos documentada en 1275 y actualmente es la plaza m\u00e1s importante de Banyoles. En ella, cada mi\u00e9rcoles por la ma\u00f1ana se celebra el mercado\u201d.<\/p>\n\n\n\n<p>Asimismo, tambi\u00e9n se puede visitar <strong>la parte de la muralla que hace siglos (XIII-XV) custodi\u00f3 al pueblo<\/strong> y que sigue en pie. A\u00fan se conservan dos glorietas de planta hexagonal y c\u00fapulas con siete pin\u00e1culos. Son de inspiraci\u00f3n g\u00f3tica.<\/p>\n\n\n\n<figure class=\"wp-block-image size-large\"><a href=\"https:\/\/www.escapadarural.com\/blog\/wp-content\/uploads\/AdobeStock_54297440-scaled.jpeg\"><img decoding=\"async\" src=\"https:\/\/www.escapadarural.com\/blog\/wp-content\/uploads\/AdobeStock_54297440-1024x683.jpeg\" alt=\"\" class=\"wp-image-43258\"\/><\/a><figcaption>Por JackF<\/figcaption><\/figure>\n\n\n\n<p>Por \u00faltimo, <strong>los aficionados al lago pueden encontrar en el Museo Darder<\/strong> una buena fuente de conocimiento ya que en \u00e9l se encuentra el Espacio de Interpretaci\u00f3n del Lago, dedicado a explicar y divulgar sus singularidades. Al ser un centro dedicado a las ciencias naturales, es posible que no se encuentren respuestas al misterio del <strong>drag\u00f3n acu\u00e1tico gigante conocido como Mon-mon<\/strong> a quien Carlomagno no consigui\u00f3 vencer en el siglo VIII y que, se supone, a\u00fan tiene su guarida por los alrededores. Las mejores leyendas son las que siguen sin resolver.<\/p>\n\n\n\n<div class=\"wp-block-buttons is-layout-flex wp-block-buttons-is-layout-flex\">\n<div class=\"wp-block-button\"><a class=\"wp-block-button__link\" href=\"https:\/\/www.escapadarural.com\/casas-rurales\/banyoles\">Casas rurales en Banyoles<\/a><\/div>\n<\/div>\n","protected":false},"excerpt":{"rendered":"<p>La localidad de Banyoles, capital de la comarca de Pla de L\u2019Estany, en Girona, es especialmente conocida por su lago (en catal\u00e1n, el Estany de Banyoles). Un entorno id\u00edlico en el que pasar un d\u00eda a remojo, caminando por sus alrededores o remando un rato en una de las barquitas azules que se pueden alquilar (quienes no tengan especial inter\u00e9s en ejercitar sus brazos tambi\u00e9n pueden surcar sus aguas a bordo del barco tur\u00edstico).<\/p>\n","protected":false},"author":114,"featured_media":100549,"comment_status":"open","ping_status":"open","sticky":false,"template":"","format":"standard","meta":{"_acf_changed":false,"om_disable_all_campaigns":false,"footnotes":""},"categories":[231],"tags":[1717,260,5994,294,3605,404,3606,870],"class_list":["post-43208","post","type-post","status-publish","format-standard","has-post-thumbnail","hentry","category-arte-y-cultura","tag-arte","tag-articulo","tag-que-ver-en-cataluna","tag-cultura","tag-estany-de-banyoles","tag-que-ver-en-girona","tag-lago-de-banyoles","tag-monumentos"],"acf":[],"featured_image_src":"https:\/\/www.escapadarural.com\/blog\/wp-content\/uploads\/2024\/10\/AdobeStock_23886892-1024x680-3.jpeg","author_info":{"display_name":"Carmen L\u00f3pez","author_link":"https:\/\/www.escapadarural.com\/blog\/autor\/carmenlopez\/"},"yoast_head":"<!-- This site is optimized with the Yoast SEO plugin v27.5 - https:\/\/yoast.com\/product\/yoast-seo-wordpress\/ -->\n<title>La plaza de Banyoles dedicada a la Aspirina - EscapadaRural<\/title>\n<meta name=\"robots\" content=\"index, follow, max-snippet:-1, max-image-preview:large, max-video-preview:-1\" \/>\n<link rel=\"canonical\" href=\"https:\/\/www.escapadarural.com\/blog\/la-plaza-de-banyoles-dedicada-a-la-aspirina\/\" \/>\n<meta property=\"og:locale\" content=\"es_ES\" \/>\n<meta property=\"og:type\" content=\"article\" \/>\n<meta property=\"og:title\" content=\"La plaza de Banyoles dedicada a la Aspirina - EscapadaRural\" \/>\n<meta property=\"og:description\" content=\"La localidad de Banyoles, capital de la comarca de Pla de L\u2019Estany, en Girona, es especialmente conocida por su lago (en catal\u00e1n, el Estany de Banyoles). Un entorno id\u00edlico en el que pasar un d\u00eda a remojo, caminando por sus alrededores o remando un rato en una de las barquitas azules que se pueden alquilar (quienes no tengan especial inter\u00e9s en ejercitar sus brazos tambi\u00e9n pueden surcar sus aguas a bordo del barco tur\u00edstico).\" \/>\n<meta property=\"og:url\" content=\"https:\/\/www.escapadarural.com\/blog\/la-plaza-de-banyoles-dedicada-a-la-aspirina\/\" \/>\n<meta property=\"og:site_name\" content=\"Magazine de viajes de EscapadaRural\" \/>\n<meta property=\"article:publisher\" content=\"https:\/\/www.facebook.com\/escapadarural\" \/>\n<meta property=\"article:published_time\" content=\"2021-11-08T08:45:49+00:00\" \/>\n<meta property=\"article:modified_time\" content=\"2024-12-23T17:37:47+00:00\" \/>\n<meta property=\"og:image\" content=\"https:\/\/app.escapadarural.com\/blog\/wp-content\/uploads\/2024\/10\/AdobeStock_23886892-1024x680-3.jpeg\" \/>\n\t<meta property=\"og:image:width\" content=\"1024\" \/>\n\t<meta property=\"og:image:height\" content=\"680\" \/>\n\t<meta property=\"og:image:type\" content=\"image\/jpeg\" \/>\n<meta name=\"author\" content=\"Carmen L\u00f3pez\" \/>\n<meta name=\"twitter:card\" content=\"summary_large_image\" \/>\n<meta name=\"twitter:label1\" content=\"Escrito por\" \/>\n\t<meta name=\"twitter:data1\" content=\"Carmen L\u00f3pez\" \/>\n\t<meta name=\"twitter:label2\" content=\"Tiempo de lectura\" \/>\n\t<meta name=\"twitter:data2\" content=\"5 minutos\" \/>\n<script type=\"application\/ld+json\" class=\"yoast-schema-graph\">{\"@context\":\"https:\\\/\\\/schema.org\",\"@graph\":[{\"@type\":\"Article\",\"@id\":\"https:\\\/\\\/www.escapadarural.com\\\/blog\\\/la-plaza-de-banyoles-dedicada-a-la-aspirina\\\/#article\",\"isPartOf\":{\"@id\":\"https:\\\/\\\/www.escapadarural.com\\\/blog\\\/la-plaza-de-banyoles-dedicada-a-la-aspirina\\\/\"},\"author\":{\"name\":\"Carmen L\u00f3pez\",\"@id\":\"https:\\\/\\\/www.escapadarural.com\\\/blog\\\/#\\\/schema\\\/person\\\/42dfdff6118172efc6a04c8ae599a2ce\"},\"headline\":\"La plaza de Banyoles dedicada a la Aspirina\",\"datePublished\":\"2021-11-08T08:45:49+00:00\",\"dateModified\":\"2024-12-23T17:37:47+00:00\",\"mainEntityOfPage\":{\"@id\":\"https:\\\/\\\/www.escapadarural.com\\\/blog\\\/la-plaza-de-banyoles-dedicada-a-la-aspirina\\\/\"},\"wordCount\":1068,\"commentCount\":0,\"publisher\":{\"@id\":\"https:\\\/\\\/www.escapadarural.com\\\/blog\\\/#organization\"},\"image\":{\"@id\":\"https:\\\/\\\/www.escapadarural.com\\\/blog\\\/la-plaza-de-banyoles-dedicada-a-la-aspirina\\\/#primaryimage\"},\"thumbnailUrl\":\"https:\\\/\\\/www.escapadarural.com\\\/blog\\\/wp-content\\\/uploads\\\/2024\\\/10\\\/AdobeStock_23886892-1024x680-3.jpeg\",\"keywords\":[\"arte\",\"art\u00edculo\",\"Catalu\u00f1a\",\"cultura\",\"Estany de Banyoles\",\"Girona\",\"Lago de Banyoles\",\"Monumentos\"],\"articleSection\":[\"Arte y Cultura\"],\"inLanguage\":\"es\",\"potentialAction\":[{\"@type\":\"CommentAction\",\"name\":\"Comment\",\"target\":[\"https:\\\/\\\/www.escapadarural.com\\\/blog\\\/la-plaza-de-banyoles-dedicada-a-la-aspirina\\\/#respond\"]}]},{\"@type\":\"WebPage\",\"@id\":\"https:\\\/\\\/www.escapadarural.com\\\/blog\\\/la-plaza-de-banyoles-dedicada-a-la-aspirina\\\/\",\"url\":\"https:\\\/\\\/www.escapadarural.com\\\/blog\\\/la-plaza-de-banyoles-dedicada-a-la-aspirina\\\/\",\"name\":\"La plaza de Banyoles dedicada a la Aspirina - EscapadaRural\",\"isPartOf\":{\"@id\":\"https:\\\/\\\/www.escapadarural.com\\\/blog\\\/#website\"},\"primaryImageOfPage\":{\"@id\":\"https:\\\/\\\/www.escapadarural.com\\\/blog\\\/la-plaza-de-banyoles-dedicada-a-la-aspirina\\\/#primaryimage\"},\"image\":{\"@id\":\"https:\\\/\\\/www.escapadarural.com\\\/blog\\\/la-plaza-de-banyoles-dedicada-a-la-aspirina\\\/#primaryimage\"},\"thumbnailUrl\":\"https:\\\/\\\/www.escapadarural.com\\\/blog\\\/wp-content\\\/uploads\\\/2024\\\/10\\\/AdobeStock_23886892-1024x680-3.jpeg\",\"datePublished\":\"2021-11-08T08:45:49+00:00\",\"dateModified\":\"2024-12-23T17:37:47+00:00\",\"breadcrumb\":{\"@id\":\"https:\\\/\\\/www.escapadarural.com\\\/blog\\\/la-plaza-de-banyoles-dedicada-a-la-aspirina\\\/#breadcrumb\"},\"inLanguage\":\"es\",\"potentialAction\":[{\"@type\":\"ReadAction\",\"target\":[\"https:\\\/\\\/www.escapadarural.com\\\/blog\\\/la-plaza-de-banyoles-dedicada-a-la-aspirina\\\/\"]}]},{\"@type\":\"ImageObject\",\"inLanguage\":\"es\",\"@id\":\"https:\\\/\\\/www.escapadarural.com\\\/blog\\\/la-plaza-de-banyoles-dedicada-a-la-aspirina\\\/#primaryimage\",\"url\":\"https:\\\/\\\/www.escapadarural.com\\\/blog\\\/wp-content\\\/uploads\\\/2024\\\/10\\\/AdobeStock_23886892-1024x680-3.jpeg\",\"contentUrl\":\"https:\\\/\\\/www.escapadarural.com\\\/blog\\\/wp-content\\\/uploads\\\/2024\\\/10\\\/AdobeStock_23886892-1024x680-3.jpeg\",\"width\":1024,\"height\":680,\"caption\":\"Un cobertizo para botes blanco y ornamentado con arcos y tejado decorativo se asienta en la orilla de un tranquilo lago azul, rodeado de \u00e1rboles verdes y bajo un cielo azul despejado.\"},{\"@type\":\"BreadcrumbList\",\"@id\":\"https:\\\/\\\/www.escapadarural.com\\\/blog\\\/la-plaza-de-banyoles-dedicada-a-la-aspirina\\\/#breadcrumb\",\"itemListElement\":[{\"@type\":\"ListItem\",\"position\":1,\"name\":\"Inicio\",\"item\":\"https:\\\/\\\/www.escapadarural.com\\\/blog\\\/\"},{\"@type\":\"ListItem\",\"position\":2,\"name\":\"Arte y Cultura\",\"item\":\"https:\\\/\\\/www.escapadarural.com\\\/blog\\\/categoria\\\/arte-y-cultura\\\/\"},{\"@type\":\"ListItem\",\"position\":3,\"name\":\"La plaza de Banyoles dedicada a la Aspirina\"}]},{\"@type\":\"WebSite\",\"@id\":\"https:\\\/\\\/www.escapadarural.com\\\/blog\\\/#website\",\"url\":\"https:\\\/\\\/www.escapadarural.com\\\/blog\\\/\",\"name\":\"Blog de viajes | turismo rural, alojamientos e inspiraci\u00f3n\",\"description\":\"Alojamientos rurales e inspiraci\u00f3n para tus escapadas\",\"publisher\":{\"@id\":\"https:\\\/\\\/www.escapadarural.com\\\/blog\\\/#organization\"},\"alternateName\":\"Magazine de viajes de EscapadaRural\",\"potentialAction\":[{\"@type\":\"SearchAction\",\"target\":{\"@type\":\"EntryPoint\",\"urlTemplate\":\"https:\\\/\\\/www.escapadarural.com\\\/blog\\\/?s={search_term_string}\"},\"query-input\":{\"@type\":\"PropertyValueSpecification\",\"valueRequired\":true,\"valueName\":\"search_term_string\"}}],\"inLanguage\":\"es\"},{\"@type\":\"Organization\",\"@id\":\"https:\\\/\\\/www.escapadarural.com\\\/blog\\\/#organization\",\"name\":\"EscapadaRural\",\"url\":\"https:\\\/\\\/www.escapadarural.com\\\/blog\\\/\",\"logo\":{\"@type\":\"ImageObject\",\"inLanguage\":\"es\",\"@id\":\"https:\\\/\\\/www.escapadarural.com\\\/blog\\\/#\\\/schema\\\/logo\\\/image\\\/\",\"url\":\"https:\\\/\\\/www.escapadarural.com\\\/blog\\\/wp-content\\\/uploads\\\/2024\\\/10\\\/cropped-cropped-escapada-rural-icon-mag-3.png\",\"contentUrl\":\"https:\\\/\\\/www.escapadarural.com\\\/blog\\\/wp-content\\\/uploads\\\/2024\\\/10\\\/cropped-cropped-escapada-rural-icon-mag-3.png\",\"width\":512,\"height\":512,\"caption\":\"EscapadaRural\"},\"image\":{\"@id\":\"https:\\\/\\\/www.escapadarural.com\\\/blog\\\/#\\\/schema\\\/logo\\\/image\\\/\"},\"sameAs\":[\"https:\\\/\\\/www.facebook.com\\\/escapadarural\",\"https:\\\/\\\/www.instagram.com\\\/escapadarural\\\/\",\"https:\\\/\\\/www.youtube.com\\\/@escapadaruralcom\"]},{\"@type\":\"Person\",\"@id\":\"https:\\\/\\\/www.escapadarural.com\\\/blog\\\/#\\\/schema\\\/person\\\/42dfdff6118172efc6a04c8ae599a2ce\",\"name\":\"Carmen L\u00f3pez\",\"image\":{\"@type\":\"ImageObject\",\"inLanguage\":\"es\",\"@id\":\"https:\\\/\\\/www.escapadarural.com\\\/blog\\\/wp-content\\\/uploads\\\/2024\\\/11\\\/cropped-perfil_eldiario-96x96-1-96x96.jpeg\",\"url\":\"https:\\\/\\\/www.escapadarural.com\\\/blog\\\/wp-content\\\/uploads\\\/2024\\\/11\\\/cropped-perfil_eldiario-96x96-1-96x96.jpeg\",\"contentUrl\":\"https:\\\/\\\/www.escapadarural.com\\\/blog\\\/wp-content\\\/uploads\\\/2024\\\/11\\\/cropped-perfil_eldiario-96x96-1-96x96.jpeg\",\"caption\":\"Carmen L\u00f3pez\"},\"description\":\"Soy periodista y escribo sobre cosas que importan en sitios que interesan desde hace m\u00e1s de una d\u00e9cada.\",\"url\":\"https:\\\/\\\/www.escapadarural.com\\\/blog\\\/autor\\\/carmenlopez\\\/\"}]}<\/script>\n<!-- \/ Yoast SEO plugin. -->","yoast_head_json":{"title":"La plaza de Banyoles dedicada a la Aspirina - EscapadaRural","robots":{"index":"index","follow":"follow","max-snippet":"max-snippet:-1","max-image-preview":"max-image-preview:large","max-video-preview":"max-video-preview:-1"},"canonical":"https:\/\/www.escapadarural.com\/blog\/la-plaza-de-banyoles-dedicada-a-la-aspirina\/","og_locale":"es_ES","og_type":"article","og_title":"La plaza de Banyoles dedicada a la Aspirina - EscapadaRural","og_description":"La localidad de Banyoles, capital de la comarca de Pla de L\u2019Estany, en Girona, es especialmente conocida por su lago (en catal\u00e1n, el Estany de Banyoles). Un entorno id\u00edlico en el que pasar un d\u00eda a remojo, caminando por sus alrededores o remando un rato en una de las barquitas azules que se pueden alquilar (quienes no tengan especial inter\u00e9s en ejercitar sus brazos tambi\u00e9n pueden surcar sus aguas a bordo del barco tur\u00edstico).","og_url":"https:\/\/www.escapadarural.com\/blog\/la-plaza-de-banyoles-dedicada-a-la-aspirina\/","og_site_name":"Magazine de viajes de EscapadaRural","article_publisher":"https:\/\/www.facebook.com\/escapadarural","article_published_time":"2021-11-08T08:45:49+00:00","article_modified_time":"2024-12-23T17:37:47+00:00","og_image":[{"width":1024,"height":680,"url":"https:\/\/app.escapadarural.com\/blog\/wp-content\/uploads\/2024\/10\/AdobeStock_23886892-1024x680-3.jpeg","type":"image\/jpeg"}],"author":"Carmen L\u00f3pez","twitter_card":"summary_large_image","twitter_misc":{"Escrito por":"Carmen L\u00f3pez","Tiempo de lectura":"5 minutos"},"schema":{"@context":"https:\/\/schema.org","@graph":[{"@type":"Article","@id":"https:\/\/www.escapadarural.com\/blog\/la-plaza-de-banyoles-dedicada-a-la-aspirina\/#article","isPartOf":{"@id":"https:\/\/www.escapadarural.com\/blog\/la-plaza-de-banyoles-dedicada-a-la-aspirina\/"},"author":{"name":"Carmen L\u00f3pez","@id":"https:\/\/www.escapadarural.com\/blog\/#\/schema\/person\/42dfdff6118172efc6a04c8ae599a2ce"},"headline":"La plaza de Banyoles dedicada a la Aspirina","datePublished":"2021-11-08T08:45:49+00:00","dateModified":"2024-12-23T17:37:47+00:00","mainEntityOfPage":{"@id":"https:\/\/www.escapadarural.com\/blog\/la-plaza-de-banyoles-dedicada-a-la-aspirina\/"},"wordCount":1068,"commentCount":0,"publisher":{"@id":"https:\/\/www.escapadarural.com\/blog\/#organization"},"image":{"@id":"https:\/\/www.escapadarural.com\/blog\/la-plaza-de-banyoles-dedicada-a-la-aspirina\/#primaryimage"},"thumbnailUrl":"https:\/\/www.escapadarural.com\/blog\/wp-content\/uploads\/2024\/10\/AdobeStock_23886892-1024x680-3.jpeg","keywords":["arte","art\u00edculo","Catalu\u00f1a","cultura","Estany de Banyoles","Girona","Lago de Banyoles","Monumentos"],"articleSection":["Arte y Cultura"],"inLanguage":"es","potentialAction":[{"@type":"CommentAction","name":"Comment","target":["https:\/\/www.escapadarural.com\/blog\/la-plaza-de-banyoles-dedicada-a-la-aspirina\/#respond"]}]},{"@type":"WebPage","@id":"https:\/\/www.escapadarural.com\/blog\/la-plaza-de-banyoles-dedicada-a-la-aspirina\/","url":"https:\/\/www.escapadarural.com\/blog\/la-plaza-de-banyoles-dedicada-a-la-aspirina\/","name":"La plaza de Banyoles dedicada a la Aspirina - EscapadaRural","isPartOf":{"@id":"https:\/\/www.escapadarural.com\/blog\/#website"},"primaryImageOfPage":{"@id":"https:\/\/www.escapadarural.com\/blog\/la-plaza-de-banyoles-dedicada-a-la-aspirina\/#primaryimage"},"image":{"@id":"https:\/\/www.escapadarural.com\/blog\/la-plaza-de-banyoles-dedicada-a-la-aspirina\/#primaryimage"},"thumbnailUrl":"https:\/\/www.escapadarural.com\/blog\/wp-content\/uploads\/2024\/10\/AdobeStock_23886892-1024x680-3.jpeg","datePublished":"2021-11-08T08:45:49+00:00","dateModified":"2024-12-23T17:37:47+00:00","breadcrumb":{"@id":"https:\/\/www.escapadarural.com\/blog\/la-plaza-de-banyoles-dedicada-a-la-aspirina\/#breadcrumb"},"inLanguage":"es","potentialAction":[{"@type":"ReadAction","target":["https:\/\/www.escapadarural.com\/blog\/la-plaza-de-banyoles-dedicada-a-la-aspirina\/"]}]},{"@type":"ImageObject","inLanguage":"es","@id":"https:\/\/www.escapadarural.com\/blog\/la-plaza-de-banyoles-dedicada-a-la-aspirina\/#primaryimage","url":"https:\/\/www.escapadarural.com\/blog\/wp-content\/uploads\/2024\/10\/AdobeStock_23886892-1024x680-3.jpeg","contentUrl":"https:\/\/www.escapadarural.com\/blog\/wp-content\/uploads\/2024\/10\/AdobeStock_23886892-1024x680-3.jpeg","width":1024,"height":680,"caption":"Un cobertizo para botes blanco y ornamentado con arcos y tejado decorativo se asienta en la orilla de un tranquilo lago azul, rodeado de \u00e1rboles verdes y bajo un cielo azul despejado."},{"@type":"BreadcrumbList","@id":"https:\/\/www.escapadarural.com\/blog\/la-plaza-de-banyoles-dedicada-a-la-aspirina\/#breadcrumb","itemListElement":[{"@type":"ListItem","position":1,"name":"Inicio","item":"https:\/\/www.escapadarural.com\/blog\/"},{"@type":"ListItem","position":2,"name":"Arte y Cultura","item":"https:\/\/www.escapadarural.com\/blog\/categoria\/arte-y-cultura\/"},{"@type":"ListItem","position":3,"name":"La plaza de Banyoles dedicada a la Aspirina"}]},{"@type":"WebSite","@id":"https:\/\/www.escapadarural.com\/blog\/#website","url":"https:\/\/www.escapadarural.com\/blog\/","name":"Blog de viajes | turismo rural, alojamientos e inspiraci\u00f3n","description":"Alojamientos rurales e inspiraci\u00f3n para tus escapadas","publisher":{"@id":"https:\/\/www.escapadarural.com\/blog\/#organization"},"alternateName":"Magazine de viajes de EscapadaRural","potentialAction":[{"@type":"SearchAction","target":{"@type":"EntryPoint","urlTemplate":"https:\/\/www.escapadarural.com\/blog\/?s={search_term_string}"},"query-input":{"@type":"PropertyValueSpecification","valueRequired":true,"valueName":"search_term_string"}}],"inLanguage":"es"},{"@type":"Organization","@id":"https:\/\/www.escapadarural.com\/blog\/#organization","name":"EscapadaRural","url":"https:\/\/www.escapadarural.com\/blog\/","logo":{"@type":"ImageObject","inLanguage":"es","@id":"https:\/\/www.escapadarural.com\/blog\/#\/schema\/logo\/image\/","url":"https:\/\/www.escapadarural.com\/blog\/wp-content\/uploads\/2024\/10\/cropped-cropped-escapada-rural-icon-mag-3.png","contentUrl":"https:\/\/www.escapadarural.com\/blog\/wp-content\/uploads\/2024\/10\/cropped-cropped-escapada-rural-icon-mag-3.png","width":512,"height":512,"caption":"EscapadaRural"},"image":{"@id":"https:\/\/www.escapadarural.com\/blog\/#\/schema\/logo\/image\/"},"sameAs":["https:\/\/www.facebook.com\/escapadarural","https:\/\/www.instagram.com\/escapadarural\/","https:\/\/www.youtube.com\/@escapadaruralcom"]},{"@type":"Person","@id":"https:\/\/www.escapadarural.com\/blog\/#\/schema\/person\/42dfdff6118172efc6a04c8ae599a2ce","name":"Carmen L\u00f3pez","image":{"@type":"ImageObject","inLanguage":"es","@id":"https:\/\/www.escapadarural.com\/blog\/wp-content\/uploads\/2024\/11\/cropped-perfil_eldiario-96x96-1-96x96.jpeg","url":"https:\/\/www.escapadarural.com\/blog\/wp-content\/uploads\/2024\/11\/cropped-perfil_eldiario-96x96-1-96x96.jpeg","contentUrl":"https:\/\/www.escapadarural.com\/blog\/wp-content\/uploads\/2024\/11\/cropped-perfil_eldiario-96x96-1-96x96.jpeg","caption":"Carmen L\u00f3pez"},"description":"Soy periodista y escribo sobre cosas que importan en sitios que interesan desde hace m\u00e1s de una d\u00e9cada.","url":"https:\/\/www.escapadarural.com\/blog\/autor\/carmenlopez\/"}]}},"_links":{"self":[{"href":"https:\/\/www.escapadarural.com\/blog\/wp-json\/wp\/v2\/posts\/43208","targetHints":{"allow":["GET"]}}],"collection":[{"href":"https:\/\/www.escapadarural.com\/blog\/wp-json\/wp\/v2\/posts"}],"about":[{"href":"https:\/\/www.escapadarural.com\/blog\/wp-json\/wp\/v2\/types\/post"}],"author":[{"embeddable":true,"href":"https:\/\/www.escapadarural.com\/blog\/wp-json\/wp\/v2\/users\/114"}],"replies":[{"embeddable":true,"href":"https:\/\/www.escapadarural.com\/blog\/wp-json\/wp\/v2\/comments?post=43208"}],"version-history":[{"count":0,"href":"https:\/\/www.escapadarural.com\/blog\/wp-json\/wp\/v2\/posts\/43208\/revisions"}],"wp:featuredmedia":[{"embeddable":true,"href":"https:\/\/www.escapadarural.com\/blog\/wp-json\/wp\/v2\/media\/100549"}],"wp:attachment":[{"href":"https:\/\/www.escapadarural.com\/blog\/wp-json\/wp\/v2\/media?parent=43208"}],"wp:term":[{"taxonomy":"category","embeddable":true,"href":"https:\/\/www.escapadarural.com\/blog\/wp-json\/wp\/v2\/categories?post=43208"},{"taxonomy":"post_tag","embeddable":true,"href":"https:\/\/www.escapadarural.com\/blog\/wp-json\/wp\/v2\/tags?post=43208"}],"curies":[{"name":"wp","href":"https:\/\/api.w.org\/{rel}","templated":true}]}}