{"id":43250,"date":"2021-12-09T09:31:32","date_gmt":"2021-12-09T08:31:32","guid":{"rendered":"https:\/\/www.escapadarural.com\/blog\/?p=43250"},"modified":"2025-08-01T14:29:54","modified_gmt":"2025-08-01T12:29:54","slug":"aguimes-y-el-legado-aborigen-de-gran-canaria","status":"publish","type":"post","link":"https:\/\/www.escapadarural.com\/blog\/aguimes-y-el-legado-aborigen-de-gran-canaria\/","title":{"rendered":"Ag\u00fcimes y el legado aborigen de Gran Canaria"},"content":{"rendered":"\n<figure class=\"wp-block-image size-large\"><a href=\"https:\/\/www.escapadarural.com\/blog\/wp-content\/uploads\/Casco-historico-de-Aguimes-Por-Ayuntamiento-de-Aguimes.jpg\"><img decoding=\"async\" src=\"https:\/\/www.escapadarural.com\/blog\/wp-content\/uploads\/Casco-historico-de-Aguimes-Por-Ayuntamiento-de-Aguimes.jpg\" alt=\"Ag\u00fcimes\" class=\"wp-image-46960\"\/><\/a><figcaption class=\"wp-element-caption\">                                                                                                                                           Casco hist\u00f3rico de Ag\u00fcimes Por Ayuntamiento de Ag\u00fcimes<\/figcaption><\/figure>\n\n\n\n<p>Fueron los antiguos pobladores de estas tierras los que le dieron su nombre, de procedencia aborigen, que significa \u201clugar de especial virtud\u201d. Una definici\u00f3n de lo m\u00e1s acertada para <strong><a href=\"https:\/\/www.escapadarural.com\/casas-rurales\/agueimes\" class=\"rank-math-link\">Ag\u00fcimes<\/a><\/strong>, un bello municipio del sureste de <strong><a href=\"https:\/\/www.escapadarural.com\/casas-rurales\/gran-canaria\" class=\"rank-math-link\">Gran Canaria<\/a><\/strong> situado junto a un gran barranco y repleto de cosas que ver.<\/p>\n\n\n\n<p>Su casco hist\u00f3rico es como un museo al aire libre. Su pedacito costero acoge playas de aguas cristalinas y sus senderos conducen hasta monta\u00f1as sagradas. Pero lo mejor de Ag\u00fcimes est\u00e1 en su historia y en las huellas de su pasado aborigen, que nos desvelan c\u00f3mo era la vida en estas islas antes de la conquista castellana.<\/p>\n\n\n\n<h2 class=\"wp-block-heading\" id=\"h-aguimes-y-su-casco-historico-lleno-de-esculturas\"><strong>Ag\u00fcimes y su casco hist\u00f3rico lleno de <\/strong>esculturas<\/h2>\n\n\n\n<figure class=\"wp-block-image size-large\"><a href=\"https:\/\/www.escapadarural.com\/blog\/wp-content\/uploads\/AdobeStock_167599280-scaled.jpeg\"><img decoding=\"async\" src=\"https:\/\/www.escapadarural.com\/blog\/wp-content\/uploads\/AdobeStock_167599280-1024x683.jpeg\" alt=\"\" class=\"wp-image-47152\"\/><\/a><figcaption class=\"wp-element-caption\">Por kelifamily<\/figcaption><\/figure>\n\n\n\n<p>Cuando pensamos en un viaje a Gran Canaria lo que primero nos viene a la mente son sus playas. Estamos en las <strong><a href=\"https:\/\/www.escapadarural.com\/casas-rurales\/islas-canarias\" class=\"rank-math-link\">Islas Canarias<\/a><\/strong>, un archipi\u00e9lago conocido por la bondad de su clima y la belleza de sus arenales. Pero Gran Canaria es mucho m\u00e1s que playas de postal. A lo largo y ancho de la isla se dispersan peque\u00f1os pueblos y villas en los que todav\u00eda se vive de manera tradicional y uno de ellos es Ag\u00fcimes.<\/p>\n\n\n\n<p>Pasear por <strong><a href=\"https:\/\/www.escapadarural.com\/casas-rurales\/agueimes\" class=\"rank-math-link\">Ag\u00fcimes<\/a> <\/strong>es una delicia para los sentidos. La poblaci\u00f3n est\u00e1 muy cuidada, guarda sorpresas en cada rinc\u00f3n y sus fachadas se pintan con colores intensos. El n\u00facleo de la villa se articula en torno a la iglesia de San Sebasti\u00e1n, su patr\u00f3n, un templo neocl\u00e1sico que tard\u00f3 la friolera de ciento cuarenta y cuatro a\u00f1os en construirse y que hoy es Bien de Inter\u00e9s Cultural.<\/p>\n\n\n\n<figure class=\"wp-block-image size-large\"><a href=\"https:\/\/www.escapadarural.com\/blog\/wp-content\/uploads\/Por-Ayuntamiento-de-Aguimes.png\"><img decoding=\"async\" src=\"https:\/\/www.escapadarural.com\/blog\/wp-content\/uploads\/Por-Ayuntamiento-de-Aguimes-1024x682.png\" alt=\"\" class=\"wp-image-46962\"\/><\/a><figcaption class=\"wp-element-caption\">                                                                                                                                                                                              Por Ayuntamiento de Ag\u00fcimes<\/figcaption><\/figure>\n\n\n\n<p>Antes de disponerse a recorrer las calles de Ag\u00fcimes conviene acercarse a la Oficina de Turismo y pedir un mapa de situaci\u00f3n. All\u00ed encontraremos el Centro de Interpretaci\u00f3n del Casco Hist\u00f3rico, que nos servir\u00e1 para aproximarnos a su historia. Porque historia Ag\u00fcimes tiene mucha. Por eso abundan los museos: la Casa de Artesan\u00eda Villa del Arte, con muestras de artesanos locales, el Museo Gastron\u00f3mico, para hacer un recorrido bien rico por los productos aut\u00f3ctonos de la isla o el Museo de Historia, que repasa de forma visual e intuitiva los \u00faltimos cinco siglos de esta comarca.<\/p>\n\n\n\n<p>Callejeando, llegaremos hasta uno de sus barrios m\u00e1s pintorescos y uno de los m\u00e1s antiguos de la localidad, el barrio de Santo Domingo, lleno de estrechas callejuelas, donde una vez hubo un convento dominico y una ermita dedicada a Nuestra Se\u00f1ora de las Nieves, destruida por un fatal incendio.<\/p>\n\n\n\n<p>Vista en gran parte la zona hist\u00f3rica, comienza la parte l\u00fadica del paseo: los m\u00e1s peque\u00f1os de la casa se lo pasar\u00e1n en grande buscando estatuas por las calles del pueblo. En cada esquina, rinc\u00f3n o plaza de Ag\u00fcimes nos sorprenden distintas esculturas en bronce que se han convertido en s\u00edmbolos del pueblo. Aqu\u00ed y all\u00e1 nos asaltan escenas de abor\u00edgenes e im\u00e1genes de animales que hacen de un paseo por Ag\u00fcimes toda una aventura. Nos convertimos en exploradores para ver qui\u00e9n encuentra antes su famoso camello tumbado al sol o el burro que los agricultores utilizan como medio de transporte para llevar sus mercanc\u00edas a la ciudad.<\/p>\n\n\n\n<figure class=\"wp-block-image size-large\"><a href=\"https:\/\/www.escapadarural.com\/blog\/wp-content\/uploads\/Por-Ayuntamiento-de-Aguimes...png\"><img decoding=\"async\" src=\"https:\/\/www.escapadarural.com\/blog\/wp-content\/uploads\/Por-Ayuntamiento-de-Aguimes..-1024x682.png\" alt=\"\" class=\"wp-image-46963\"\/><\/a><figcaption class=\"wp-element-caption\">                                                                                                                                                                                              Por Ayuntamiento de Ag\u00fcimes<\/figcaption><\/figure>\n\n\n\n<p>Los antiguos vecinos del pueblo tambi\u00e9n adornan las calles esculpidos en bronce. Como Mariquita S\u00e1nchez, una anciana que reparte dulces a los ni\u00f1os sentada en un banco. Mientras, tiene lugar una est\u00e1tica <em>Tertulia en la alameda<\/em>, como se conoce al grupo escult\u00f3rico de j\u00f3venes literatos que se reun\u00edan frente a la iglesia del pueblo en los a\u00f1os 20 del siglo pasado.<\/p>\n\n\n\n<p>\u00bfEscuchas ese sonido? Procede de una figura que representa a un m\u00fasico callejero, <em>La m\u00fasica<\/em>. \u00bfY esas frases de amor apenas musitadas al o\u00eddo? Son <em>Los enamorados<\/em>, sentados en una calle oscura para esconderse de las miradas ajenas. Otras esculturas hablan de la historia de Ag\u00fcimes, como la de la princesa Arminda Masequera, hija del rey guanche Tenesor Semid\u00e1n, originaria del pueblo. Tras la conquista castellana, Arminda pas\u00f3 a llamarse Catalina y su padre, Fernando Guanarteme. A ambos se les arrebat\u00f3 su identidad y con ella, parte de su historia.<\/p>\n\n\n\n<h2 class=\"wp-block-heading\" id=\"h-el-espectaculo-natural-del-barranco-de-guayadeque\">El espect\u00e1culo natural del barranco de Guayadeque<\/h2>\n\n\n\n<figure class=\"wp-block-image size-large\"><a href=\"https:\/\/www.escapadarural.com\/blog\/wp-content\/uploads\/Barranco-de-Guayadeque-Por-Ayuntamiento-de-Aguimes-scaled.jpg\"><img decoding=\"async\" src=\"https:\/\/www.escapadarural.com\/blog\/wp-content\/uploads\/Barranco-de-Guayadeque-Por-Ayuntamiento-de-Aguimes-1024x685.jpg\" alt=\"\" class=\"wp-image-46971\"\/><\/a><figcaption class=\"wp-element-caption\">                                                                                                                                               Barranco de Guayadeque  Por Ayuntamiento de Ag\u00fcimes<\/figcaption><\/figure>\n\n\n\n<p>Hay un paisaje natural que caracteriza a Ag\u00fcimes, lo separa y a la vez lo une con el municipio de Ingenio. Es el profundo <strong>barranco de Guayadeque<\/strong>, que ofrece una de las rutas m\u00e1s bonitas que se pueden hacer en la zona.<\/p>\n\n\n\n<p>Guayadeque fue uno de los lugares de asentamiento aborigen m\u00e1s importantes de Gran Canaria, un territorio pulido por la erosi\u00f3n y la actividad volc\u00e1nica al que se aclimataron sus antiguos ocupantes y que m\u00e1s tarde fue colonizado. A pesar de esta invasi\u00f3n, Guayadeque conserva interesantes casas cueva que se pueden visitar y un completo poblado troglodita llamado Cueva Bermeja.<\/p>\n\n\n\n<p>En vista de la belleza del lugar, no es de extra\u00f1ar que el barranco se considere Monumento Natural y Bien de Inter\u00e9s Cutural. Su magn\u00edfico Centro de Interpretaci\u00f3n es un buen punto de partida para profundizar en el legado que los abor\u00edgenes o antiguos canarios dejaron en la isla.<\/p>\n\n\n\n<p>Pero Guayadeque no es el \u00fanico sitio donde hallamos vestigios de estos pueblos. Tambi\u00e9n en la <strong>monta\u00f1a de Ag\u00fcimes<\/strong>, espacio natural protegido, hay varios yacimientos arqueol\u00f3gicos con cuevas, algunas de ellas con pinturas rupestres muy significativas de aquella vida r\u00fastica en las monta\u00f1as canarias. El Morro del cuervo y sus petroglifos son un buen ejemplo de ello.<\/p>\n\n\n\n<h2 class=\"wp-block-heading\" id=\"h-el-famoso-e-instagrameable-barranco-de-las-vacas\">El famoso e instagrameable barranco de las Vacas<\/h2>\n\n\n\n<figure class=\"wp-block-image size-large\"><img decoding=\"async\" src=\"https:\/\/www.escapadarural.com\/blog\/wp-content\/uploads\/Barranco-de-las-Vacas-Por-David-Herraez-Calzada.jpg\" alt=\"\" class=\"wp-image-46976\"\/><figcaption class=\"wp-element-caption\">                                                                                                                                                            Barranco de las Vacas  Por David Herr\u00e1ez Calzada<\/figcaption><\/figure>\n\n\n\n<p>No muy lejos de Guayadeque llegamos a un lugar que si bien hace unos a\u00f1os pasaba inadvertido ante los ojos de los mismos habitantes de Gran Canaria, hoy en d\u00eda es toda una atracci\u00f3n tur\u00edstica. Se trata de un espacio natural no muy grande, bautizado como <strong>barranco de las Vacas<\/strong> y conocido tambi\u00e9n como las Tobas de Colores. Su nombre real no es uno ni otro: estamos ante el barranco de Barafonso.<\/p>\n\n\n\n<p>Se trata de un ca\u00f1\u00f3n formado por la fuerza del r\u00edo contra la roca, no muy profundo y con no m\u00e1s de 50 metros de longitud, pero ya es todo un escenario fotogr\u00e1fico donde \u201cinstagramers\u201d e \u201cinfluencers\u201d de las redes sociales buscan su mejor instant\u00e1nea. Su gama de colores ocre y la tenue luz que se filtra desde arriba hace que la comparaci\u00f3n con el Antelope Canyon americano sea inevitable. <\/p>\n\n\n\n<p>Hay que prestar atenci\u00f3n a su se\u00f1alizaci\u00f3n y acceso, ya que no es f\u00e1cil ubicarlo, y a las decenas de personas que lo visitan cada d\u00eda. Para evitarlas se recomienda visitarlo a primera hora de la ma\u00f1ana. <\/p>\n\n\n\n<h2 class=\"wp-block-heading\" id=\"h-arinaga-y-el-encanto-de-su-costa\">Arinaga y el encanto de su costa<\/h2>\n\n\n\n<figure class=\"wp-block-image size-large\"><img decoding=\"async\" src=\"https:\/\/www.escapadarural.com\/blog\/wp-content\/uploads\/Playa-de-Arinaga-Por-Ayuntamiento-de-Aguimes.png\" alt=\"\" class=\"wp-image-46980\"\/><figcaption class=\"wp-element-caption\">                                                                                                                                                             Playa de Arinaga  Por Ayuntamiento de Ag\u00fcimes<\/figcaption><\/figure>\n\n\n\n<p>Dejamos el interior del municipio y nos dirigimos a la costa para descubrir <strong><a aria-label=\" (opens in a new tab)\" href=\"https:\/\/www.escapadarural.com\/casas-rurales\/arinaga\" target=\"_blank\" rel=\"noreferrer noopener\" class=\"rank-math-link\">Arinaga<\/a><\/strong>, una zona de Ag\u00fcimes que cuenta con algunas de las mejores playas de la isla. A pesar de su nombre malsonante, la playa de Cabr\u00f3n es uno de los espacios marinos con mayor riqueza biol\u00f3gica de todo el archipi\u00e9lago canario y un lugar ideal para disfrutar del buceo. Una playa de acceso algo accidentado junto al faro de Arinaga, pero de aguas cristalinas, que es tranquila y segura para explorar con ni\u00f1os los fondos marinos. Debe su nombre a Pedro Hern\u00e1ndez Cabr\u00f3n, un capit\u00e1n de barco gaditano que particip\u00f3 en la conquista de Gran Canaria en 1483 y perdi\u00f3 parte de su dentadura en esta playa.<\/p>\n\n\n\n<p>Y si prefieres domar las olas, ac\u00e9rcarte a la playa de Vargas, una de las mejores del mundo para la pr\u00e1ctica del windsurf o a la m\u00e1s concurrida playa de Arinaga.<\/p>\n\n\n\n<p>Arinaga es, adem\u00e1s, un perfecto destino gastron\u00f3mico, donde saborear los mejores pescados y mariscos de Gran Canaria en una isla en la que comer es un placer obligado, aunque el casco hist\u00f3rico de Ag\u00fcimes tampoco se queda atr\u00e1s en productos y especialidades culinarias. \u00a1Hasta tiene su propio recetario: las Recetas de Ag\u00fcimes!<\/p>\n\n\n\n<h2 class=\"wp-block-heading\" id=\"h-el-pintoresco-caserio-de-temisas\">El pintoresco caser\u00edo de Temisas <\/h2>\n\n\n\n<figure class=\"wp-block-image size-large\"><a href=\"https:\/\/www.escapadarural.com\/blog\/wp-content\/uploads\/AdobeStock_109989439-scaled.jpeg\"><img decoding=\"async\" src=\"https:\/\/www.escapadarural.com\/blog\/wp-content\/uploads\/AdobeStock_109989439-1024x685.jpeg\" alt=\"\" class=\"wp-image-47166\"\/><\/a><figcaption class=\"wp-element-caption\">Por Manuel M. Almeida<\/figcaption><\/figure>\n\n\n\n<p>Retomamos camino hacia el interior hasta topar con <a href=\"https:\/\/www.escapadarural.com\/casas-rurales\/temisas\" class=\"rank-math-link\"><strong>Temisas<\/strong><\/a>, un bonito conjunto etnogr\u00e1fico declarado por el Gobierno de Canarias como Caser\u00edo Canario Representativo.  Aqu\u00ed nos topamos con el olivar m\u00e1s importante de las islas y la ermita del s. XVIII que lo vigila, dedicada a San Miguel. Temisas es otra maravilla, un claro ejemplo de arquitectura popular canaria, con viviendas de de l\u00edneas sencillas y planta baja y un blanco deslumbrante. <\/p>\n\n\n\n<p>Temisas se rodea de un paisaje de monta\u00f1as que quita el sentido. A la cabeza, el roque Aguayro, un monumento natural de unos 540 metros de altura de origen volc\u00e1nico, formado por elementos bas\u00e1lticos y tapizado por los restos de antiguas coladas. Al fondo, el mar como marco inconfundible. S\u00f3lo el <strong>Observatorio Atron\u00f3mico de Temisas<\/strong>, un referente en la isla, nos distrae de la visi\u00f3n de este panorama \u00fanico. <\/p>\n\n\n\n<p>Podr\u00edamos seguir hablando de Ag\u00fcimes y no acabar\u00edamos nunca. A sus fiestas populares se suman los eventos estivales en sus playas, las rutas de monta\u00f1a y el misterio de las cuevas escondidas en sus barrancos. Muchos de sus rincones emanan historia pura: la de los antiguos canarios que la poblaron y que dejaron en ella su huella indeleble. <\/p>\n\n\n\n<div class=\"wp-block-buttons is-layout-flex wp-block-buttons-is-layout-flex\">\n<div class=\"wp-block-button\"><a class=\"wp-block-button__link wp-element-button\" href=\"https:\/\/www.escapadarural.com\/casas-rurales\/agueimes\">Casas rurales en Ag\u00fcimes<\/a><\/div>\n<\/div>\n","protected":false},"excerpt":{"rendered":"<p>Fueron los antiguos pobladores de estas tierras los que le dieron su nombre, de procedencia aborigen, que significa \u201clugar de especial virtud\u201d. Una definici\u00f3n de lo m\u00e1s acertada para Ag\u00fcimes, un bello municipio del sureste de Gran Canaria situado junto a un gran barranco y repleto de cosas que ver.<\/p>\n","protected":false},"author":146,"featured_media":192195,"comment_status":"open","ping_status":"open","sticky":false,"template":"","format":"standard","meta":{"_acf_changed":false,"om_disable_all_campaigns":false,"footnotes":""},"categories":[191],"tags":[260,303,2154,511,2090,440,307,212],"class_list":["post-43250","post","type-post","status-publish","format-standard","has-post-thumbnail","hentry","category-destinos","tag-articulo","tag-canarias","tag-espacios-naturales","tag-familia","tag-gran-canaria","tag-historias-y-curiosidades","tag-que-ver-en-islas-canarias","tag-pueblos"],"acf":[],"featured_image_src":"https:\/\/www.escapadarural.com\/blog\/wp-content\/uploads\/2025\/02\/las-palmas_WP_13.webp","author_info":{"display_name":"Emma Sexto","author_link":"https:\/\/www.escapadarural.com\/blog\/autor\/emma\/"},"yoast_head":"<!-- This site is optimized with the Yoast SEO plugin v27.5 - https:\/\/yoast.com\/product\/yoast-seo-wordpress\/ -->\n<title>Ag\u00fcimes y el legado aborigen de Gran Canaria - EscapadaRural<\/title>\n<meta name=\"robots\" content=\"index, follow, max-snippet:-1, max-image-preview:large, max-video-preview:-1\" \/>\n<link rel=\"canonical\" href=\"https:\/\/www.escapadarural.com\/blog\/aguimes-y-el-legado-aborigen-de-gran-canaria\/\" \/>\n<meta property=\"og:locale\" content=\"es_ES\" \/>\n<meta property=\"og:type\" content=\"article\" \/>\n<meta property=\"og:title\" content=\"Ag\u00fcimes y el legado aborigen de Gran Canaria - EscapadaRural\" \/>\n<meta property=\"og:description\" content=\"Fueron los antiguos pobladores de estas tierras los que le dieron su nombre, de procedencia aborigen, que significa \u201clugar de especial virtud\u201d. Una definici\u00f3n de lo m\u00e1s acertada para Ag\u00fcimes, un bello municipio del sureste de Gran Canaria situado junto a un gran barranco y repleto de cosas que ver.\" \/>\n<meta property=\"og:url\" content=\"https:\/\/www.escapadarural.com\/blog\/aguimes-y-el-legado-aborigen-de-gran-canaria\/\" \/>\n<meta property=\"og:site_name\" content=\"Magazine de viajes de EscapadaRural\" \/>\n<meta property=\"article:publisher\" content=\"https:\/\/www.facebook.com\/escapadarural\" \/>\n<meta property=\"article:published_time\" content=\"2021-12-09T08:31:32+00:00\" \/>\n<meta property=\"article:modified_time\" content=\"2025-08-01T12:29:54+00:00\" \/>\n<meta property=\"og:image\" content=\"https:\/\/www.escapadarural.com\/blog\/wp-content\/uploads\/2025\/02\/las-palmas_WP_13.webp?v=1754051395\" \/>\n\t<meta property=\"og:image:width\" content=\"1024\" \/>\n\t<meta property=\"og:image:height\" content=\"768\" \/>\n\t<meta property=\"og:image:type\" content=\"image\/webp\" \/>\n<meta name=\"author\" content=\"Emma Sexto\" \/>\n<meta name=\"twitter:card\" content=\"summary_large_image\" \/>\n<meta name=\"twitter:label1\" content=\"Escrito por\" \/>\n\t<meta name=\"twitter:data1\" content=\"Emma Sexto\" \/>\n\t<meta name=\"twitter:label2\" content=\"Tiempo de lectura\" \/>\n\t<meta name=\"twitter:data2\" content=\"8 minutos\" \/>\n<script type=\"application\/ld+json\" class=\"yoast-schema-graph\">{\"@context\":\"https:\\\/\\\/schema.org\",\"@graph\":[{\"@type\":\"Article\",\"@id\":\"https:\\\/\\\/www.escapadarural.com\\\/blog\\\/aguimes-y-el-legado-aborigen-de-gran-canaria\\\/#article\",\"isPartOf\":{\"@id\":\"https:\\\/\\\/www.escapadarural.com\\\/blog\\\/aguimes-y-el-legado-aborigen-de-gran-canaria\\\/\"},\"author\":{\"name\":\"Emma Sexto\",\"@id\":\"https:\\\/\\\/www.escapadarural.com\\\/blog\\\/#\\\/schema\\\/person\\\/d96b96281dd5b4a8b75a8b71c41b5a80\"},\"headline\":\"Ag\u00fcimes y el legado aborigen de Gran Canaria\",\"datePublished\":\"2021-12-09T08:31:32+00:00\",\"dateModified\":\"2025-08-01T12:29:54+00:00\",\"mainEntityOfPage\":{\"@id\":\"https:\\\/\\\/www.escapadarural.com\\\/blog\\\/aguimes-y-el-legado-aborigen-de-gran-canaria\\\/\"},\"wordCount\":1668,\"commentCount\":0,\"publisher\":{\"@id\":\"https:\\\/\\\/www.escapadarural.com\\\/blog\\\/#organization\"},\"image\":{\"@id\":\"https:\\\/\\\/www.escapadarural.com\\\/blog\\\/aguimes-y-el-legado-aborigen-de-gran-canaria\\\/#primaryimage\"},\"thumbnailUrl\":\"https:\\\/\\\/www.escapadarural.com\\\/blog\\\/wp-content\\\/uploads\\\/2025\\\/02\\\/las-palmas_WP_13.webp\",\"keywords\":[\"art\u00edculo\",\"Canarias\",\"Espacios naturales\",\"Familia\",\"Gran Canaria\",\"Historias y Curiosidades\",\"Islas Canarias\",\"pueblos\"],\"articleSection\":[\"Destinos\"],\"inLanguage\":\"es\",\"potentialAction\":[{\"@type\":\"CommentAction\",\"name\":\"Comment\",\"target\":[\"https:\\\/\\\/www.escapadarural.com\\\/blog\\\/aguimes-y-el-legado-aborigen-de-gran-canaria\\\/#respond\"]}]},{\"@type\":\"WebPage\",\"@id\":\"https:\\\/\\\/www.escapadarural.com\\\/blog\\\/aguimes-y-el-legado-aborigen-de-gran-canaria\\\/\",\"url\":\"https:\\\/\\\/www.escapadarural.com\\\/blog\\\/aguimes-y-el-legado-aborigen-de-gran-canaria\\\/\",\"name\":\"Ag\u00fcimes y el legado aborigen de Gran Canaria - EscapadaRural\",\"isPartOf\":{\"@id\":\"https:\\\/\\\/www.escapadarural.com\\\/blog\\\/#website\"},\"primaryImageOfPage\":{\"@id\":\"https:\\\/\\\/www.escapadarural.com\\\/blog\\\/aguimes-y-el-legado-aborigen-de-gran-canaria\\\/#primaryimage\"},\"image\":{\"@id\":\"https:\\\/\\\/www.escapadarural.com\\\/blog\\\/aguimes-y-el-legado-aborigen-de-gran-canaria\\\/#primaryimage\"},\"thumbnailUrl\":\"https:\\\/\\\/www.escapadarural.com\\\/blog\\\/wp-content\\\/uploads\\\/2025\\\/02\\\/las-palmas_WP_13.webp\",\"datePublished\":\"2021-12-09T08:31:32+00:00\",\"dateModified\":\"2025-08-01T12:29:54+00:00\",\"breadcrumb\":{\"@id\":\"https:\\\/\\\/www.escapadarural.com\\\/blog\\\/aguimes-y-el-legado-aborigen-de-gran-canaria\\\/#breadcrumb\"},\"inLanguage\":\"es\",\"potentialAction\":[{\"@type\":\"ReadAction\",\"target\":[\"https:\\\/\\\/www.escapadarural.com\\\/blog\\\/aguimes-y-el-legado-aborigen-de-gran-canaria\\\/\"]}]},{\"@type\":\"ImageObject\",\"inLanguage\":\"es\",\"@id\":\"https:\\\/\\\/www.escapadarural.com\\\/blog\\\/aguimes-y-el-legado-aborigen-de-gran-canaria\\\/#primaryimage\",\"url\":\"https:\\\/\\\/www.escapadarural.com\\\/blog\\\/wp-content\\\/uploads\\\/2025\\\/02\\\/las-palmas_WP_13.webp\",\"contentUrl\":\"https:\\\/\\\/www.escapadarural.com\\\/blog\\\/wp-content\\\/uploads\\\/2025\\\/02\\\/las-palmas_WP_13.webp\",\"width\":1024,\"height\":768,\"caption\":\"Energ\u00eda, del artista Erik-aire. Por Streetart Cities\"},{\"@type\":\"BreadcrumbList\",\"@id\":\"https:\\\/\\\/www.escapadarural.com\\\/blog\\\/aguimes-y-el-legado-aborigen-de-gran-canaria\\\/#breadcrumb\",\"itemListElement\":[{\"@type\":\"ListItem\",\"position\":1,\"name\":\"Inicio\",\"item\":\"https:\\\/\\\/www.escapadarural.com\\\/blog\\\/\"},{\"@type\":\"ListItem\",\"position\":2,\"name\":\"Destinos\",\"item\":\"https:\\\/\\\/www.escapadarural.com\\\/blog\\\/categoria\\\/destinos\\\/\"},{\"@type\":\"ListItem\",\"position\":3,\"name\":\"Ag\u00fcimes y el legado aborigen de Gran Canaria\"}]},{\"@type\":\"WebSite\",\"@id\":\"https:\\\/\\\/www.escapadarural.com\\\/blog\\\/#website\",\"url\":\"https:\\\/\\\/www.escapadarural.com\\\/blog\\\/\",\"name\":\"Blog de viajes | turismo rural, alojamientos e inspiraci\u00f3n\",\"description\":\"Alojamientos rurales e inspiraci\u00f3n para tus escapadas\",\"publisher\":{\"@id\":\"https:\\\/\\\/www.escapadarural.com\\\/blog\\\/#organization\"},\"alternateName\":\"Magazine de viajes de EscapadaRural\",\"potentialAction\":[{\"@type\":\"SearchAction\",\"target\":{\"@type\":\"EntryPoint\",\"urlTemplate\":\"https:\\\/\\\/www.escapadarural.com\\\/blog\\\/?s={search_term_string}\"},\"query-input\":{\"@type\":\"PropertyValueSpecification\",\"valueRequired\":true,\"valueName\":\"search_term_string\"}}],\"inLanguage\":\"es\"},{\"@type\":\"Organization\",\"@id\":\"https:\\\/\\\/www.escapadarural.com\\\/blog\\\/#organization\",\"name\":\"EscapadaRural\",\"url\":\"https:\\\/\\\/www.escapadarural.com\\\/blog\\\/\",\"logo\":{\"@type\":\"ImageObject\",\"inLanguage\":\"es\",\"@id\":\"https:\\\/\\\/www.escapadarural.com\\\/blog\\\/#\\\/schema\\\/logo\\\/image\\\/\",\"url\":\"https:\\\/\\\/www.escapadarural.com\\\/blog\\\/wp-content\\\/uploads\\\/2024\\\/10\\\/cropped-cropped-escapada-rural-icon-mag-3.png\",\"contentUrl\":\"https:\\\/\\\/www.escapadarural.com\\\/blog\\\/wp-content\\\/uploads\\\/2024\\\/10\\\/cropped-cropped-escapada-rural-icon-mag-3.png\",\"width\":512,\"height\":512,\"caption\":\"EscapadaRural\"},\"image\":{\"@id\":\"https:\\\/\\\/www.escapadarural.com\\\/blog\\\/#\\\/schema\\\/logo\\\/image\\\/\"},\"sameAs\":[\"https:\\\/\\\/www.facebook.com\\\/escapadarural\",\"https:\\\/\\\/www.instagram.com\\\/escapadarural\\\/\",\"https:\\\/\\\/www.youtube.com\\\/@escapadaruralcom\"]},{\"@type\":\"Person\",\"@id\":\"https:\\\/\\\/www.escapadarural.com\\\/blog\\\/#\\\/schema\\\/person\\\/d96b96281dd5b4a8b75a8b71c41b5a80\",\"name\":\"Emma Sexto\",\"image\":{\"@type\":\"ImageObject\",\"inLanguage\":\"es\",\"@id\":\"https:\\\/\\\/secure.gravatar.com\\\/avatar\\\/44e2ce7e003436b181e9ede917fe0141710c07220d1ea53cab2c3abf89c0f609?s=96&d=mm&r=g\",\"url\":\"https:\\\/\\\/secure.gravatar.com\\\/avatar\\\/44e2ce7e003436b181e9ede917fe0141710c07220d1ea53cab2c3abf89c0f609?s=96&d=mm&r=g\",\"contentUrl\":\"https:\\\/\\\/secure.gravatar.com\\\/avatar\\\/44e2ce7e003436b181e9ede917fe0141710c07220d1ea53cab2c3abf89c0f609?s=96&d=mm&r=g\",\"caption\":\"Emma Sexto\"},\"url\":\"https:\\\/\\\/www.escapadarural.com\\\/blog\\\/autor\\\/emma\\\/\"}]}<\/script>\n<!-- \/ Yoast SEO plugin. -->","yoast_head_json":{"title":"Ag\u00fcimes y el legado aborigen de Gran Canaria - EscapadaRural","robots":{"index":"index","follow":"follow","max-snippet":"max-snippet:-1","max-image-preview":"max-image-preview:large","max-video-preview":"max-video-preview:-1"},"canonical":"https:\/\/www.escapadarural.com\/blog\/aguimes-y-el-legado-aborigen-de-gran-canaria\/","og_locale":"es_ES","og_type":"article","og_title":"Ag\u00fcimes y el legado aborigen de Gran Canaria - EscapadaRural","og_description":"Fueron los antiguos pobladores de estas tierras los que le dieron su nombre, de procedencia aborigen, que significa \u201clugar de especial virtud\u201d. Una definici\u00f3n de lo m\u00e1s acertada para Ag\u00fcimes, un bello municipio del sureste de Gran Canaria situado junto a un gran barranco y repleto de cosas que ver.","og_url":"https:\/\/www.escapadarural.com\/blog\/aguimes-y-el-legado-aborigen-de-gran-canaria\/","og_site_name":"Magazine de viajes de EscapadaRural","article_publisher":"https:\/\/www.facebook.com\/escapadarural","article_published_time":"2021-12-09T08:31:32+00:00","article_modified_time":"2025-08-01T12:29:54+00:00","og_image":[{"width":1024,"height":768,"url":"https:\/\/www.escapadarural.com\/blog\/wp-content\/uploads\/2025\/02\/las-palmas_WP_13.webp?v=1754051395","type":"image\/webp"}],"author":"Emma Sexto","twitter_card":"summary_large_image","twitter_misc":{"Escrito por":"Emma Sexto","Tiempo de lectura":"8 minutos"},"schema":{"@context":"https:\/\/schema.org","@graph":[{"@type":"Article","@id":"https:\/\/www.escapadarural.com\/blog\/aguimes-y-el-legado-aborigen-de-gran-canaria\/#article","isPartOf":{"@id":"https:\/\/www.escapadarural.com\/blog\/aguimes-y-el-legado-aborigen-de-gran-canaria\/"},"author":{"name":"Emma Sexto","@id":"https:\/\/www.escapadarural.com\/blog\/#\/schema\/person\/d96b96281dd5b4a8b75a8b71c41b5a80"},"headline":"Ag\u00fcimes y el legado aborigen de Gran Canaria","datePublished":"2021-12-09T08:31:32+00:00","dateModified":"2025-08-01T12:29:54+00:00","mainEntityOfPage":{"@id":"https:\/\/www.escapadarural.com\/blog\/aguimes-y-el-legado-aborigen-de-gran-canaria\/"},"wordCount":1668,"commentCount":0,"publisher":{"@id":"https:\/\/www.escapadarural.com\/blog\/#organization"},"image":{"@id":"https:\/\/www.escapadarural.com\/blog\/aguimes-y-el-legado-aborigen-de-gran-canaria\/#primaryimage"},"thumbnailUrl":"https:\/\/www.escapadarural.com\/blog\/wp-content\/uploads\/2025\/02\/las-palmas_WP_13.webp","keywords":["art\u00edculo","Canarias","Espacios naturales","Familia","Gran Canaria","Historias y Curiosidades","Islas Canarias","pueblos"],"articleSection":["Destinos"],"inLanguage":"es","potentialAction":[{"@type":"CommentAction","name":"Comment","target":["https:\/\/www.escapadarural.com\/blog\/aguimes-y-el-legado-aborigen-de-gran-canaria\/#respond"]}]},{"@type":"WebPage","@id":"https:\/\/www.escapadarural.com\/blog\/aguimes-y-el-legado-aborigen-de-gran-canaria\/","url":"https:\/\/www.escapadarural.com\/blog\/aguimes-y-el-legado-aborigen-de-gran-canaria\/","name":"Ag\u00fcimes y el legado aborigen de Gran Canaria - EscapadaRural","isPartOf":{"@id":"https:\/\/www.escapadarural.com\/blog\/#website"},"primaryImageOfPage":{"@id":"https:\/\/www.escapadarural.com\/blog\/aguimes-y-el-legado-aborigen-de-gran-canaria\/#primaryimage"},"image":{"@id":"https:\/\/www.escapadarural.com\/blog\/aguimes-y-el-legado-aborigen-de-gran-canaria\/#primaryimage"},"thumbnailUrl":"https:\/\/www.escapadarural.com\/blog\/wp-content\/uploads\/2025\/02\/las-palmas_WP_13.webp","datePublished":"2021-12-09T08:31:32+00:00","dateModified":"2025-08-01T12:29:54+00:00","breadcrumb":{"@id":"https:\/\/www.escapadarural.com\/blog\/aguimes-y-el-legado-aborigen-de-gran-canaria\/#breadcrumb"},"inLanguage":"es","potentialAction":[{"@type":"ReadAction","target":["https:\/\/www.escapadarural.com\/blog\/aguimes-y-el-legado-aborigen-de-gran-canaria\/"]}]},{"@type":"ImageObject","inLanguage":"es","@id":"https:\/\/www.escapadarural.com\/blog\/aguimes-y-el-legado-aborigen-de-gran-canaria\/#primaryimage","url":"https:\/\/www.escapadarural.com\/blog\/wp-content\/uploads\/2025\/02\/las-palmas_WP_13.webp","contentUrl":"https:\/\/www.escapadarural.com\/blog\/wp-content\/uploads\/2025\/02\/las-palmas_WP_13.webp","width":1024,"height":768,"caption":"Energ\u00eda, del artista Erik-aire. Por Streetart Cities"},{"@type":"BreadcrumbList","@id":"https:\/\/www.escapadarural.com\/blog\/aguimes-y-el-legado-aborigen-de-gran-canaria\/#breadcrumb","itemListElement":[{"@type":"ListItem","position":1,"name":"Inicio","item":"https:\/\/www.escapadarural.com\/blog\/"},{"@type":"ListItem","position":2,"name":"Destinos","item":"https:\/\/www.escapadarural.com\/blog\/categoria\/destinos\/"},{"@type":"ListItem","position":3,"name":"Ag\u00fcimes y el legado aborigen de Gran Canaria"}]},{"@type":"WebSite","@id":"https:\/\/www.escapadarural.com\/blog\/#website","url":"https:\/\/www.escapadarural.com\/blog\/","name":"Blog de viajes | turismo rural, alojamientos e inspiraci\u00f3n","description":"Alojamientos rurales e inspiraci\u00f3n para tus escapadas","publisher":{"@id":"https:\/\/www.escapadarural.com\/blog\/#organization"},"alternateName":"Magazine de viajes de EscapadaRural","potentialAction":[{"@type":"SearchAction","target":{"@type":"EntryPoint","urlTemplate":"https:\/\/www.escapadarural.com\/blog\/?s={search_term_string}"},"query-input":{"@type":"PropertyValueSpecification","valueRequired":true,"valueName":"search_term_string"}}],"inLanguage":"es"},{"@type":"Organization","@id":"https:\/\/www.escapadarural.com\/blog\/#organization","name":"EscapadaRural","url":"https:\/\/www.escapadarural.com\/blog\/","logo":{"@type":"ImageObject","inLanguage":"es","@id":"https:\/\/www.escapadarural.com\/blog\/#\/schema\/logo\/image\/","url":"https:\/\/www.escapadarural.com\/blog\/wp-content\/uploads\/2024\/10\/cropped-cropped-escapada-rural-icon-mag-3.png","contentUrl":"https:\/\/www.escapadarural.com\/blog\/wp-content\/uploads\/2024\/10\/cropped-cropped-escapada-rural-icon-mag-3.png","width":512,"height":512,"caption":"EscapadaRural"},"image":{"@id":"https:\/\/www.escapadarural.com\/blog\/#\/schema\/logo\/image\/"},"sameAs":["https:\/\/www.facebook.com\/escapadarural","https:\/\/www.instagram.com\/escapadarural\/","https:\/\/www.youtube.com\/@escapadaruralcom"]},{"@type":"Person","@id":"https:\/\/www.escapadarural.com\/blog\/#\/schema\/person\/d96b96281dd5b4a8b75a8b71c41b5a80","name":"Emma Sexto","image":{"@type":"ImageObject","inLanguage":"es","@id":"https:\/\/secure.gravatar.com\/avatar\/44e2ce7e003436b181e9ede917fe0141710c07220d1ea53cab2c3abf89c0f609?s=96&d=mm&r=g","url":"https:\/\/secure.gravatar.com\/avatar\/44e2ce7e003436b181e9ede917fe0141710c07220d1ea53cab2c3abf89c0f609?s=96&d=mm&r=g","contentUrl":"https:\/\/secure.gravatar.com\/avatar\/44e2ce7e003436b181e9ede917fe0141710c07220d1ea53cab2c3abf89c0f609?s=96&d=mm&r=g","caption":"Emma Sexto"},"url":"https:\/\/www.escapadarural.com\/blog\/autor\/emma\/"}]}},"_links":{"self":[{"href":"https:\/\/www.escapadarural.com\/blog\/wp-json\/wp\/v2\/posts\/43250","targetHints":{"allow":["GET"]}}],"collection":[{"href":"https:\/\/www.escapadarural.com\/blog\/wp-json\/wp\/v2\/posts"}],"about":[{"href":"https:\/\/www.escapadarural.com\/blog\/wp-json\/wp\/v2\/types\/post"}],"author":[{"embeddable":true,"href":"https:\/\/www.escapadarural.com\/blog\/wp-json\/wp\/v2\/users\/146"}],"replies":[{"embeddable":true,"href":"https:\/\/www.escapadarural.com\/blog\/wp-json\/wp\/v2\/comments?post=43250"}],"version-history":[{"count":0,"href":"https:\/\/www.escapadarural.com\/blog\/wp-json\/wp\/v2\/posts\/43250\/revisions"}],"wp:featuredmedia":[{"embeddable":true,"href":"https:\/\/www.escapadarural.com\/blog\/wp-json\/wp\/v2\/media\/192195"}],"wp:attachment":[{"href":"https:\/\/www.escapadarural.com\/blog\/wp-json\/wp\/v2\/media?parent=43250"}],"wp:term":[{"taxonomy":"category","embeddable":true,"href":"https:\/\/www.escapadarural.com\/blog\/wp-json\/wp\/v2\/categories?post=43250"},{"taxonomy":"post_tag","embeddable":true,"href":"https:\/\/www.escapadarural.com\/blog\/wp-json\/wp\/v2\/tags?post=43250"}],"curies":[{"name":"wp","href":"https:\/\/api.w.org\/{rel}","templated":true}]}}