{"id":4453,"date":"2015-01-21T09:41:27","date_gmt":"2015-01-21T09:41:27","guid":{"rendered":"http:\/\/15.188.81.248\/2015\/01\/21\/curiosidades-del-carnaval-de-tenerife\/"},"modified":"2025-08-12T15:06:45","modified_gmt":"2025-08-12T13:06:45","slug":"curiosidades-del-carnaval-de-tenerife","status":"publish","type":"post","link":"https:\/\/www.escapadarural.com\/blog\/curiosidades-del-carnaval-de-tenerife\/","title":{"rendered":"12 Curiosidades del Carnaval de Tenerife"},"content":{"rendered":"\n<p><strong>Del 21 de enero al 22 de febrero<\/strong><\/p>\n\n\n\n<p>se celebra uno de los mejores carnavales del mundo: el Carnaval de Santa Cruz de Tenerife. Es un carnaval eminentemente callejero, lleno de jolgorio, que conserva esa transgresi\u00f3n de las normas los d\u00edas previos a <a href=\"https:\/\/es.wikipedia.org\/wiki\/Cuaresma\" target=\"_blank\">la Cuaresma<\/a> cristiana, con un programa de actos que dura m\u00e1s de un mes y un empuje tal que ni siquiera el franquismo pudo silenciarlo a pesar de las prohibiciones. Estas son algunas de las curiosidades del Carnaval de Santa Cruz de Tenerife.<\/p>\n\n\n\n<h2 class=\"wp-block-heading title-rute\" id=\"h-1-la-gran-gala-de-eleccion-de-la-reina\"><strong>1.<\/strong> La Gran Gala de Elecci\u00f3n de la Reina<\/h2>\n\n\n\n<p>En cuanto se elige a la Reina del Carnaval comenzar\u00e1 el baile. El baile en las calles, los actos. Sin Reina no hay Carnaval. La magnitud de la Gran Gala es de alcance internacional: llegan periodistas de todo el mundo y las televisiones pugnan por las im\u00e1genes. Un trabajo de confecci\u00f3n silencioso, una imaginaci\u00f3n desbordante y la sonrisa en equilibrio de las 14 j\u00f3venes candidatas al reinado. La ganadora representar\u00e1 el Carnaval en las diferentes ferias de turismo. La Gala, el mi\u00e9rcoles 11 de febrero.<\/p>\n\n\n\n<h2 class=\"wp-block-heading title-rute\" id=\"h-2-las-reinas-grandes-y-pequenas\"><strong>2.<\/strong> Las Reinas, grandes y peque\u00f1as<\/h2>\n\n\n\n<p>No hay una reina \u00abpara dominarlas a todas\u00bb. Hay una reina para cada franja de edad. La m\u00e1s importante es la franja adulta, pero tambi\u00e9n hay reinas infantiles, desde 1975, y reina de los mayores, desde 1984.<\/p>\n\n\n\n<h2 class=\"wp-block-heading title-rute\" id=\"h-3-los-actos-imprescindibles\"><strong>3.<\/strong> Los actos imprescindibles<\/h2>\n\n\n\n<p>Cada d\u00eda hay bailes, actos y fiesta, pero hay fechas imprescindibles. Apunta:<\/p>\n\n\n\n<ul class=\"wp-block-list\">\n<li><strong>Gran Gala de Elecci\u00f3n de la Reina<\/strong>: el plato principal, el jugador estrella del equipo revelaci\u00f3n. La Gala re\u00fane a periodistas de todo el mundo para contar qui\u00e9n, c\u00f3mo, por qu\u00e9 y qu\u00e9 lleva puesto la reci\u00e9n elegida Reina del Carnaval (11\/02\/2015).<\/li>\n\n\n\n<li><strong>Primer Carnaval de D\u00eda<\/strong>: decenas de miles de personas bailando en la calle. Decenas de miles literal. D\u00e1ndolo todo (15\/02\/2015).<\/li>\n\n\n\n<li><strong>Gran Coso Apoteosis<\/strong>: la apoteosis de la fiesta es el desfile del Coso, el colof\u00f3n. Si tienes una imagen del Carnaval es esta: ritmo, color, mucha alegr\u00eda (17\/02\/2015).<\/li>\n\n\n\n<li><strong>Entierro de la Sardina<\/strong>: se va terminando el Carnaval y los tinerfe\u00f1os lo despiden con pena, como a un familiar. Hay hasta pla\u00f1ideras, un desfile grotesco, un sepelio de buf\u00f3n de corte. Mucha irreverencia (18\/02\/2015).<\/li>\n\n\n\n<li><strong>Segundo Carnaval de D\u00eda<\/strong>: 21\/02\/2015<\/li>\n<\/ul>\n\n\n\n<h2 class=\"wp-block-heading title-rute\" id=\"h-3-un-carnaval-en-el-libro-guinness-de-los-records\"><strong>3.<\/strong> Un Carnaval en el Libro Guinness de los Records<\/h2>\n\n\n\n<p>El Carnaval de Tenerife entr\u00f3 en el Libro Guinness de los R\u00e9cords cuando Celia Cruz reuni\u00f3 en 1987 a m\u00e1s de 200.000 personas para bailar en la plaza Espa\u00f1a. \u00a1M\u00e1s de 200.000! Aquel d\u00eda el mundo se desplaz\u00f3 un mil\u00edmetro de su eje: con un salto simult\u00e1neo de todos los tinerfe\u00f1os. Ni lo chinos de una vez.<\/p>\n\n\n\n<h2 class=\"wp-block-heading title-rute\" id=\"h-4-fiesta-de-interes-turistico-internacional-desde-1980\"><strong>4.<\/strong> Fiesta de Inter\u00e9s Tur\u00edstico Internacional desde 1980<\/h2>\n\n\n\n<p>El Carnaval de Tenerife es el \u00fanico con al distinci\u00f3n de Fiesta de Inter\u00e9s Tur\u00edstico Internacional, decretado el 1980. En la actualidad, el Carnaval se postula para ser Patrimonio de la Humanidad, distinci\u00f3n que la Unesco ha otorgado a los carnavales de Barranquilla (Colombia), Binche (B\u00e9lgica), Makishi (Zambia), Oruro (Bolivia), Imst (Austria) y Drametse (But\u00e1n).<\/p>\n\n\n\n<h2 class=\"wp-block-heading title-rute\" id=\"h-5-fiesta-prohibida-durante-la-dictadura\"><strong>5.<\/strong> Fiesta prohibida durante la Dictadura<\/h2>\n\n\n\n<p>Franco prohibi\u00f3 los festejos carnavaleros en todo el pa\u00eds. La cosa de transgredir las normas, ya sab\u00e9is. Pero en lugar de quedarse en casa los tinerfe\u00f1os le pusieron el nombre de \u00abFiestas de Invierno\u00bb y el eufemismo les vali\u00f3 cuatro d\u00e9cadas de carnaval ininterrumpido. En 1954 se cre\u00f3 el primer grupo de murga, g\u00e9nero musical, primero como \u00abLos Bigotudos\u00bb y despu\u00e9s con el nombre hoy famoso de \u00abAfilarm\u00f3nica Nif\u00fa-Nif\u00e1\u00bb. En 1976 se reestableci\u00f3 el nombre y \u00abla fiesta\u00bb.<\/p>\n\n\n\n<h2 class=\"wp-block-heading title-rute\" id=\"h-6-la-cancion-de-la-risa\"><strong>6.<\/strong> La Canci\u00f3n de la Risa<\/h2>\n\n\n\n<figure class=\"wp-block-embed is-type-video is-provider-youtube wp-block-embed-youtube wp-embed-aspect-4-3 wp-has-aspect-ratio\"><div class=\"wp-block-embed__wrapper\">\n<span class=\"PxC1OAVh4UQd0sjwDHfRNvSl\"><div class=\"video-shortcode\"><iframe title=\"AFILARM\u00d3NICA NIF\u00da NIFA 2009 - EL CUBANITO - SIEMPRE TE RECORDAREMOS &quot;MAESTRO&quot;\" width=\"1200\" height=\"900\" src=\"https:\/\/www.youtube.com\/embed\/ckIuWzEPQtg?feature=oembed\" frameborder=\"0\" allow=\"accelerometer; autoplay; clipboard-write; encrypted-media; gyroscope; picture-in-picture; web-share\" referrerpolicy=\"strict-origin-when-cross-origin\" allowfullscreen><\/iframe><\/div><\/span>\n<\/div><\/figure>\n\n\n\n<p>Grupos de 5 a 12 miembros aqu\u00ed compiten por la hilaridad, la parodia, la cr\u00edtica y el verbo punz\u00f3n. Es quiz\u00e1s la jornada m\u00e1s divertida del Carnaval: el viernes 20 de febrero en el teatro Guimer\u00e1.<\/p>\n\n\n\n<h2 class=\"wp-block-heading title-rute\" id=\"h-7-alta-costura-y-pesada\"><strong>7.<\/strong> Alta costura. Y pesada<\/h2>\n\n\n\n<figure class=\"wp-block-embed is-type-video is-provider-youtube wp-block-embed-youtube wp-embed-aspect-4-3 wp-has-aspect-ratio\"><div class=\"wp-block-embed__wrapper\">\n<span class=\"v7Bk8xdoF2jRylhEznq40ZuYJX\"><div class=\"video-shortcode\"><iframe title=\"Reina del Carnaval de Santa Cruz de Tenerife 1993 - 1\u00aa Dama de Honor\" width=\"1200\" height=\"900\" src=\"https:\/\/www.youtube.com\/embed\/gge3IPOpzHo?feature=oembed\" frameborder=\"0\" allow=\"accelerometer; autoplay; clipboard-write; encrypted-media; gyroscope; picture-in-picture; web-share\" referrerpolicy=\"strict-origin-when-cross-origin\" allowfullscreen><\/iframe><\/div><\/span>\n<\/div><\/figure>\n\n\n\n<p>Dicen que los trajes de la Reina del Carnaval pesan una media de 170 kg y que las candidatas se ayudan de ruedas para moverse. Plumas, metal, pedrer\u00eda. Los trajes son caros e impresionantes, de manera que suelen necesitar patrocinadores de multinacionales.<\/p>\n\n\n\n<h2 class=\"wp-block-heading title-rute\" id=\"h-9-santa-cruz-de-tenerife-y-rio-de-janeiro-como-hermanas\"><strong>9.<\/strong> Santa Cruz de Tenerife y R\u00edo de Janeiro, como hermanas<\/h2>\n\n\n\n<p>Gracias al Carnaval hay un v\u00ednculo de hermandad entre Santa Cruz de Tenerife y R\u00edo de Janeiro. No s\u00f3lo por eso, R\u00edo de Janeiro fue fundada por un tinerfe\u00f1o en el s. XVI: <a href=\"https:\/\/es.wikipedia.org\/wiki\/Jos%C3%A9_de_Anchieta\" target=\"_blank\">el Padre Anchieta<\/a>. Al parecer, tambi\u00e9n fund\u00f3 Sao Paulo. Pero \u00bfc\u00f3mo se funda una ciudad?<\/p>\n\n\n\n<h2 class=\"wp-block-heading title-rute\" id=\"h-10-carnaval-tematizado\"><strong>10.<\/strong> Carnaval tematizado<\/h2>\n\n\n\n<p>El tema. Desde 1987 se elige un tema para el carnaval. Un poco de orden entre tanta algarab\u00eda. El primero fue \u00abRoma\u00bb, el del a\u00f1o pasado \u00abDibujos animados\u00bb y este 2015: \u00abFuturo\u00bb<\/p>\n\n\n\n<h2 class=\"wp-block-heading title-rute\" id=\"h-11-taquillazo\"><strong>11.<\/strong> Taquillazo<\/h2>\n\n\n\n<p>Las entradas para la final de las Murgas y para la Gran Gala de Elecci\u00f3n de la Reina tardaban menos de 60 minutos en agotarse antes de la era internet. \u00a1Ni los Rolling Stones!<\/p>\n\n\n\n<h2 class=\"wp-block-heading title-rute\" id=\"h-12-la-cabalgata-anunciadora-cae-en-viernes-13\"><strong>12.<\/strong> La Cabalgata Anunciadora cae en Viernes 13<\/h2>\n\n\n\n<p>M\u00e1scaras, color, sonrisas, muchas, pero que muchas agrupaciones musicales que recorren las principales calles de Sant Cruz. Trepidante. Una ciudad volcada en su jolgorio. Anuncia el inicio del Carnaval de Tenerife. La \u00fanica nota discordante para la Cabalgata Anunciadora de este 2015 es que caer\u00e1 en <a href=\"\/blog\/martes-13-curiosidades-y-supersticiones-sobre-el-13\/\">viernes 13<\/a>.<\/p>\n\n\n\n<p>M\u00e1s informaci\u00f3n | Programa del Carnaval de Tenerife 2015<\/p>\n","protected":false},"excerpt":{"rendered":"<p>Del 21 de enero al 22 de febrero se celebra uno de los mejores carnavales del mundo: el Carnaval de Santa Cruz de Tenerife&#8230;<\/p>\n","protected":false},"author":136,"featured_media":70446,"comment_status":"open","ping_status":"closed","sticky":false,"template":"","format":"standard","meta":{"_acf_changed":false,"om_disable_all_campaigns":false,"footnotes":""},"categories":[231],"tags":[1535,1334,625,215,314],"class_list":["post-4453","post","type-post","status-publish","format-standard","has-post-thumbnail","hentry","category-arte-y-cultura","tag-carnaval","tag-fiestas-de-interes-turistico-internacional","tag-folclore-y-tradiciones","tag-listado","tag-que-ver-en-tenerife"],"acf":[],"featured_image_src":"https:\/\/www.escapadarural.com\/blog\/wp-content\/uploads\/2024\/02\/AdobeStock_326826154-scaled-1.jpeg","author_info":{"display_name":"Escapada Rural","author_link":"https:\/\/www.escapadarural.com\/blog\/autor\/user\/"},"yoast_head":"<!-- This site is optimized with the Yoast SEO plugin v27.5 - https:\/\/yoast.com\/product\/yoast-seo-wordpress\/ -->\n<title>12 Curiosidades del Carnaval de Tenerife - EscapadaRural<\/title>\n<meta name=\"robots\" content=\"index, follow, max-snippet:-1, max-image-preview:large, max-video-preview:-1\" \/>\n<link rel=\"canonical\" href=\"https:\/\/www.escapadarural.com\/blog\/curiosidades-del-carnaval-de-tenerife\/\" \/>\n<meta property=\"og:locale\" content=\"es_ES\" \/>\n<meta property=\"og:type\" content=\"article\" \/>\n<meta property=\"og:title\" content=\"12 Curiosidades del Carnaval de Tenerife - EscapadaRural\" \/>\n<meta property=\"og:description\" content=\"Del 21 de enero al 22 de febrero se celebra uno de los mejores carnavales del mundo: el Carnaval de Santa Cruz de Tenerife...\" \/>\n<meta property=\"og:url\" content=\"https:\/\/www.escapadarural.com\/blog\/curiosidades-del-carnaval-de-tenerife\/\" \/>\n<meta property=\"og:site_name\" content=\"Magazine de viajes de EscapadaRural\" \/>\n<meta property=\"article:publisher\" content=\"https:\/\/www.facebook.com\/escapadarural\" \/>\n<meta property=\"article:author\" content=\"https:\/\/www.facebook.com\/escapadarural\" \/>\n<meta property=\"article:published_time\" content=\"2015-01-21T09:41:27+00:00\" \/>\n<meta property=\"article:modified_time\" content=\"2025-08-12T13:06:45+00:00\" \/>\n<meta property=\"og:image\" content=\"https:\/\/www.escapadarural.com\/blog\/wp-content\/uploads\/2024\/02\/AdobeStock_326826154-scaled-1.jpeg?v=1755004006\" \/>\n\t<meta property=\"og:image:width\" content=\"2048\" \/>\n\t<meta property=\"og:image:height\" content=\"1365\" \/>\n\t<meta property=\"og:image:type\" content=\"image\/jpeg\" \/>\n<meta name=\"author\" content=\"Escapada Rural\" \/>\n<meta name=\"twitter:card\" content=\"summary_large_image\" \/>\n<meta name=\"twitter:creator\" content=\"@https:\/\/x.com\/i\/flow\/login?redirect_after_login=escapadarural\" \/>\n<meta name=\"twitter:label1\" content=\"Escrito por\" \/>\n\t<meta name=\"twitter:data1\" content=\"Escapada Rural\" \/>\n\t<meta name=\"twitter:label2\" content=\"Tiempo de lectura\" \/>\n\t<meta name=\"twitter:data2\" content=\"5 minutos\" \/>\n<script type=\"application\/ld+json\" class=\"yoast-schema-graph\">{\"@context\":\"https:\\\/\\\/schema.org\",\"@graph\":[{\"@type\":\"Article\",\"@id\":\"https:\\\/\\\/www.escapadarural.com\\\/blog\\\/curiosidades-del-carnaval-de-tenerife\\\/#article\",\"isPartOf\":{\"@id\":\"https:\\\/\\\/www.escapadarural.com\\\/blog\\\/curiosidades-del-carnaval-de-tenerife\\\/\"},\"author\":{\"name\":\"Escapada Rural\",\"@id\":\"https:\\\/\\\/www.escapadarural.com\\\/blog\\\/#\\\/schema\\\/person\\\/d9ee55ff3e0cef41d6eac8922b4f972c\"},\"headline\":\"12 Curiosidades del Carnaval de Tenerife\",\"datePublished\":\"2015-01-21T09:41:27+00:00\",\"dateModified\":\"2025-08-12T13:06:45+00:00\",\"mainEntityOfPage\":{\"@id\":\"https:\\\/\\\/www.escapadarural.com\\\/blog\\\/curiosidades-del-carnaval-de-tenerife\\\/\"},\"wordCount\":916,\"commentCount\":0,\"publisher\":{\"@id\":\"https:\\\/\\\/www.escapadarural.com\\\/blog\\\/#organization\"},\"image\":{\"@id\":\"https:\\\/\\\/www.escapadarural.com\\\/blog\\\/curiosidades-del-carnaval-de-tenerife\\\/#primaryimage\"},\"thumbnailUrl\":\"https:\\\/\\\/www.escapadarural.com\\\/blog\\\/wp-content\\\/uploads\\\/2024\\\/02\\\/AdobeStock_326826154-scaled-1.jpeg\",\"keywords\":[\"Carnaval\",\"Fiestas de Inter\u00e9s Tur\u00edstico Internacional\",\"Folclore y tradiciones\",\"Listado\",\"Santa Cruz de Tenerife\"],\"articleSection\":[\"Arte y Cultura\"],\"inLanguage\":\"es\",\"potentialAction\":[{\"@type\":\"CommentAction\",\"name\":\"Comment\",\"target\":[\"https:\\\/\\\/www.escapadarural.com\\\/blog\\\/curiosidades-del-carnaval-de-tenerife\\\/#respond\"]}]},{\"@type\":\"WebPage\",\"@id\":\"https:\\\/\\\/www.escapadarural.com\\\/blog\\\/curiosidades-del-carnaval-de-tenerife\\\/\",\"url\":\"https:\\\/\\\/www.escapadarural.com\\\/blog\\\/curiosidades-del-carnaval-de-tenerife\\\/\",\"name\":\"12 Curiosidades del Carnaval de Tenerife - EscapadaRural\",\"isPartOf\":{\"@id\":\"https:\\\/\\\/www.escapadarural.com\\\/blog\\\/#website\"},\"primaryImageOfPage\":{\"@id\":\"https:\\\/\\\/www.escapadarural.com\\\/blog\\\/curiosidades-del-carnaval-de-tenerife\\\/#primaryimage\"},\"image\":{\"@id\":\"https:\\\/\\\/www.escapadarural.com\\\/blog\\\/curiosidades-del-carnaval-de-tenerife\\\/#primaryimage\"},\"thumbnailUrl\":\"https:\\\/\\\/www.escapadarural.com\\\/blog\\\/wp-content\\\/uploads\\\/2024\\\/02\\\/AdobeStock_326826154-scaled-1.jpeg\",\"datePublished\":\"2015-01-21T09:41:27+00:00\",\"dateModified\":\"2025-08-12T13:06:45+00:00\",\"breadcrumb\":{\"@id\":\"https:\\\/\\\/www.escapadarural.com\\\/blog\\\/curiosidades-del-carnaval-de-tenerife\\\/#breadcrumb\"},\"inLanguage\":\"es\",\"potentialAction\":[{\"@type\":\"ReadAction\",\"target\":[\"https:\\\/\\\/www.escapadarural.com\\\/blog\\\/curiosidades-del-carnaval-de-tenerife\\\/\"]}]},{\"@type\":\"ImageObject\",\"inLanguage\":\"es\",\"@id\":\"https:\\\/\\\/www.escapadarural.com\\\/blog\\\/curiosidades-del-carnaval-de-tenerife\\\/#primaryimage\",\"url\":\"https:\\\/\\\/www.escapadarural.com\\\/blog\\\/wp-content\\\/uploads\\\/2024\\\/02\\\/AdobeStock_326826154-scaled-1.jpeg\",\"contentUrl\":\"https:\\\/\\\/www.escapadarural.com\\\/blog\\\/wp-content\\\/uploads\\\/2024\\\/02\\\/AdobeStock_326826154-scaled-1.jpeg\",\"width\":2048,\"height\":1365,\"caption\":\"Carnaval rural, Xinzo de Limia, Orense. Por: Pochinqui\"},{\"@type\":\"BreadcrumbList\",\"@id\":\"https:\\\/\\\/www.escapadarural.com\\\/blog\\\/curiosidades-del-carnaval-de-tenerife\\\/#breadcrumb\",\"itemListElement\":[{\"@type\":\"ListItem\",\"position\":1,\"name\":\"Inicio\",\"item\":\"https:\\\/\\\/www.escapadarural.com\\\/blog\\\/\"},{\"@type\":\"ListItem\",\"position\":2,\"name\":\"Arte y Cultura\",\"item\":\"https:\\\/\\\/www.escapadarural.com\\\/blog\\\/categoria\\\/arte-y-cultura\\\/\"},{\"@type\":\"ListItem\",\"position\":3,\"name\":\"12 Curiosidades del Carnaval de Tenerife\"}]},{\"@type\":\"WebSite\",\"@id\":\"https:\\\/\\\/www.escapadarural.com\\\/blog\\\/#website\",\"url\":\"https:\\\/\\\/www.escapadarural.com\\\/blog\\\/\",\"name\":\"Blog de viajes | turismo rural, alojamientos e inspiraci\u00f3n\",\"description\":\"Alojamientos rurales e inspiraci\u00f3n para tus escapadas\",\"publisher\":{\"@id\":\"https:\\\/\\\/www.escapadarural.com\\\/blog\\\/#organization\"},\"alternateName\":\"Magazine de viajes de EscapadaRural\",\"potentialAction\":[{\"@type\":\"SearchAction\",\"target\":{\"@type\":\"EntryPoint\",\"urlTemplate\":\"https:\\\/\\\/www.escapadarural.com\\\/blog\\\/?s={search_term_string}\"},\"query-input\":{\"@type\":\"PropertyValueSpecification\",\"valueRequired\":true,\"valueName\":\"search_term_string\"}}],\"inLanguage\":\"es\"},{\"@type\":\"Organization\",\"@id\":\"https:\\\/\\\/www.escapadarural.com\\\/blog\\\/#organization\",\"name\":\"EscapadaRural\",\"url\":\"https:\\\/\\\/www.escapadarural.com\\\/blog\\\/\",\"logo\":{\"@type\":\"ImageObject\",\"inLanguage\":\"es\",\"@id\":\"https:\\\/\\\/www.escapadarural.com\\\/blog\\\/#\\\/schema\\\/logo\\\/image\\\/\",\"url\":\"https:\\\/\\\/www.escapadarural.com\\\/blog\\\/wp-content\\\/uploads\\\/2024\\\/10\\\/cropped-cropped-escapada-rural-icon-mag-3.png\",\"contentUrl\":\"https:\\\/\\\/www.escapadarural.com\\\/blog\\\/wp-content\\\/uploads\\\/2024\\\/10\\\/cropped-cropped-escapada-rural-icon-mag-3.png\",\"width\":512,\"height\":512,\"caption\":\"EscapadaRural\"},\"image\":{\"@id\":\"https:\\\/\\\/www.escapadarural.com\\\/blog\\\/#\\\/schema\\\/logo\\\/image\\\/\"},\"sameAs\":[\"https:\\\/\\\/www.facebook.com\\\/escapadarural\",\"https:\\\/\\\/www.instagram.com\\\/escapadarural\\\/\",\"https:\\\/\\\/www.youtube.com\\\/@escapadaruralcom\"]},{\"@type\":\"Person\",\"@id\":\"https:\\\/\\\/www.escapadarural.com\\\/blog\\\/#\\\/schema\\\/person\\\/d9ee55ff3e0cef41d6eac8922b4f972c\",\"name\":\"Escapada Rural\",\"image\":{\"@type\":\"ImageObject\",\"inLanguage\":\"es\",\"@id\":\"https:\\\/\\\/www.escapadarural.com\\\/blog\\\/wp-content\\\/uploads\\\/2024\\\/10\\\/cropped-cropped-escapada-rural-icon-mag-3-96x96.png\",\"url\":\"https:\\\/\\\/www.escapadarural.com\\\/blog\\\/wp-content\\\/uploads\\\/2024\\\/10\\\/cropped-cropped-escapada-rural-icon-mag-3-96x96.png\",\"contentUrl\":\"https:\\\/\\\/www.escapadarural.com\\\/blog\\\/wp-content\\\/uploads\\\/2024\\\/10\\\/cropped-cropped-escapada-rural-icon-mag-3-96x96.png\",\"caption\":\"Escapada Rural\"},\"sameAs\":[\"https:\\\/\\\/www.facebook.com\\\/escapadarural\",\"https:\\\/\\\/www.linkedin.com\\\/company\\\/escapada-rural\\\/?originalSubdomain=es\",\"https:\\\/\\\/x.com\\\/https:\\\/\\\/x.com\\\/i\\\/flow\\\/login?redirect_after_login=escapadarural\"],\"url\":\"https:\\\/\\\/www.escapadarural.com\\\/blog\\\/autor\\\/user\\\/\"}]}<\/script>\n<!-- \/ Yoast SEO plugin. -->","yoast_head_json":{"title":"12 Curiosidades del Carnaval de Tenerife - EscapadaRural","robots":{"index":"index","follow":"follow","max-snippet":"max-snippet:-1","max-image-preview":"max-image-preview:large","max-video-preview":"max-video-preview:-1"},"canonical":"https:\/\/www.escapadarural.com\/blog\/curiosidades-del-carnaval-de-tenerife\/","og_locale":"es_ES","og_type":"article","og_title":"12 Curiosidades del Carnaval de Tenerife - EscapadaRural","og_description":"Del 21 de enero al 22 de febrero se celebra uno de los mejores carnavales del mundo: el Carnaval de Santa Cruz de Tenerife...","og_url":"https:\/\/www.escapadarural.com\/blog\/curiosidades-del-carnaval-de-tenerife\/","og_site_name":"Magazine de viajes de EscapadaRural","article_publisher":"https:\/\/www.facebook.com\/escapadarural","article_author":"https:\/\/www.facebook.com\/escapadarural","article_published_time":"2015-01-21T09:41:27+00:00","article_modified_time":"2025-08-12T13:06:45+00:00","og_image":[{"width":2048,"height":1365,"url":"https:\/\/www.escapadarural.com\/blog\/wp-content\/uploads\/2024\/02\/AdobeStock_326826154-scaled-1.jpeg?v=1755004006","type":"image\/jpeg"}],"author":"Escapada Rural","twitter_card":"summary_large_image","twitter_creator":"@https:\/\/x.com\/i\/flow\/login?redirect_after_login=escapadarural","twitter_misc":{"Escrito por":"Escapada Rural","Tiempo de lectura":"5 minutos"},"schema":{"@context":"https:\/\/schema.org","@graph":[{"@type":"Article","@id":"https:\/\/www.escapadarural.com\/blog\/curiosidades-del-carnaval-de-tenerife\/#article","isPartOf":{"@id":"https:\/\/www.escapadarural.com\/blog\/curiosidades-del-carnaval-de-tenerife\/"},"author":{"name":"Escapada Rural","@id":"https:\/\/www.escapadarural.com\/blog\/#\/schema\/person\/d9ee55ff3e0cef41d6eac8922b4f972c"},"headline":"12 Curiosidades del Carnaval de Tenerife","datePublished":"2015-01-21T09:41:27+00:00","dateModified":"2025-08-12T13:06:45+00:00","mainEntityOfPage":{"@id":"https:\/\/www.escapadarural.com\/blog\/curiosidades-del-carnaval-de-tenerife\/"},"wordCount":916,"commentCount":0,"publisher":{"@id":"https:\/\/www.escapadarural.com\/blog\/#organization"},"image":{"@id":"https:\/\/www.escapadarural.com\/blog\/curiosidades-del-carnaval-de-tenerife\/#primaryimage"},"thumbnailUrl":"https:\/\/www.escapadarural.com\/blog\/wp-content\/uploads\/2024\/02\/AdobeStock_326826154-scaled-1.jpeg","keywords":["Carnaval","Fiestas de Inter\u00e9s Tur\u00edstico Internacional","Folclore y tradiciones","Listado","Santa Cruz de Tenerife"],"articleSection":["Arte y Cultura"],"inLanguage":"es","potentialAction":[{"@type":"CommentAction","name":"Comment","target":["https:\/\/www.escapadarural.com\/blog\/curiosidades-del-carnaval-de-tenerife\/#respond"]}]},{"@type":"WebPage","@id":"https:\/\/www.escapadarural.com\/blog\/curiosidades-del-carnaval-de-tenerife\/","url":"https:\/\/www.escapadarural.com\/blog\/curiosidades-del-carnaval-de-tenerife\/","name":"12 Curiosidades del Carnaval de Tenerife - EscapadaRural","isPartOf":{"@id":"https:\/\/www.escapadarural.com\/blog\/#website"},"primaryImageOfPage":{"@id":"https:\/\/www.escapadarural.com\/blog\/curiosidades-del-carnaval-de-tenerife\/#primaryimage"},"image":{"@id":"https:\/\/www.escapadarural.com\/blog\/curiosidades-del-carnaval-de-tenerife\/#primaryimage"},"thumbnailUrl":"https:\/\/www.escapadarural.com\/blog\/wp-content\/uploads\/2024\/02\/AdobeStock_326826154-scaled-1.jpeg","datePublished":"2015-01-21T09:41:27+00:00","dateModified":"2025-08-12T13:06:45+00:00","breadcrumb":{"@id":"https:\/\/www.escapadarural.com\/blog\/curiosidades-del-carnaval-de-tenerife\/#breadcrumb"},"inLanguage":"es","potentialAction":[{"@type":"ReadAction","target":["https:\/\/www.escapadarural.com\/blog\/curiosidades-del-carnaval-de-tenerife\/"]}]},{"@type":"ImageObject","inLanguage":"es","@id":"https:\/\/www.escapadarural.com\/blog\/curiosidades-del-carnaval-de-tenerife\/#primaryimage","url":"https:\/\/www.escapadarural.com\/blog\/wp-content\/uploads\/2024\/02\/AdobeStock_326826154-scaled-1.jpeg","contentUrl":"https:\/\/www.escapadarural.com\/blog\/wp-content\/uploads\/2024\/02\/AdobeStock_326826154-scaled-1.jpeg","width":2048,"height":1365,"caption":"Carnaval rural, Xinzo de Limia, Orense. Por: Pochinqui"},{"@type":"BreadcrumbList","@id":"https:\/\/www.escapadarural.com\/blog\/curiosidades-del-carnaval-de-tenerife\/#breadcrumb","itemListElement":[{"@type":"ListItem","position":1,"name":"Inicio","item":"https:\/\/www.escapadarural.com\/blog\/"},{"@type":"ListItem","position":2,"name":"Arte y Cultura","item":"https:\/\/www.escapadarural.com\/blog\/categoria\/arte-y-cultura\/"},{"@type":"ListItem","position":3,"name":"12 Curiosidades del Carnaval de Tenerife"}]},{"@type":"WebSite","@id":"https:\/\/www.escapadarural.com\/blog\/#website","url":"https:\/\/www.escapadarural.com\/blog\/","name":"Blog de viajes | turismo rural, alojamientos e inspiraci\u00f3n","description":"Alojamientos rurales e inspiraci\u00f3n para tus escapadas","publisher":{"@id":"https:\/\/www.escapadarural.com\/blog\/#organization"},"alternateName":"Magazine de viajes de EscapadaRural","potentialAction":[{"@type":"SearchAction","target":{"@type":"EntryPoint","urlTemplate":"https:\/\/www.escapadarural.com\/blog\/?s={search_term_string}"},"query-input":{"@type":"PropertyValueSpecification","valueRequired":true,"valueName":"search_term_string"}}],"inLanguage":"es"},{"@type":"Organization","@id":"https:\/\/www.escapadarural.com\/blog\/#organization","name":"EscapadaRural","url":"https:\/\/www.escapadarural.com\/blog\/","logo":{"@type":"ImageObject","inLanguage":"es","@id":"https:\/\/www.escapadarural.com\/blog\/#\/schema\/logo\/image\/","url":"https:\/\/www.escapadarural.com\/blog\/wp-content\/uploads\/2024\/10\/cropped-cropped-escapada-rural-icon-mag-3.png","contentUrl":"https:\/\/www.escapadarural.com\/blog\/wp-content\/uploads\/2024\/10\/cropped-cropped-escapada-rural-icon-mag-3.png","width":512,"height":512,"caption":"EscapadaRural"},"image":{"@id":"https:\/\/www.escapadarural.com\/blog\/#\/schema\/logo\/image\/"},"sameAs":["https:\/\/www.facebook.com\/escapadarural","https:\/\/www.instagram.com\/escapadarural\/","https:\/\/www.youtube.com\/@escapadaruralcom"]},{"@type":"Person","@id":"https:\/\/www.escapadarural.com\/blog\/#\/schema\/person\/d9ee55ff3e0cef41d6eac8922b4f972c","name":"Escapada Rural","image":{"@type":"ImageObject","inLanguage":"es","@id":"https:\/\/www.escapadarural.com\/blog\/wp-content\/uploads\/2024\/10\/cropped-cropped-escapada-rural-icon-mag-3-96x96.png","url":"https:\/\/www.escapadarural.com\/blog\/wp-content\/uploads\/2024\/10\/cropped-cropped-escapada-rural-icon-mag-3-96x96.png","contentUrl":"https:\/\/www.escapadarural.com\/blog\/wp-content\/uploads\/2024\/10\/cropped-cropped-escapada-rural-icon-mag-3-96x96.png","caption":"Escapada Rural"},"sameAs":["https:\/\/www.facebook.com\/escapadarural","https:\/\/www.linkedin.com\/company\/escapada-rural\/?originalSubdomain=es","https:\/\/x.com\/https:\/\/x.com\/i\/flow\/login?redirect_after_login=escapadarural"],"url":"https:\/\/www.escapadarural.com\/blog\/autor\/user\/"}]}},"_links":{"self":[{"href":"https:\/\/www.escapadarural.com\/blog\/wp-json\/wp\/v2\/posts\/4453","targetHints":{"allow":["GET"]}}],"collection":[{"href":"https:\/\/www.escapadarural.com\/blog\/wp-json\/wp\/v2\/posts"}],"about":[{"href":"https:\/\/www.escapadarural.com\/blog\/wp-json\/wp\/v2\/types\/post"}],"author":[{"embeddable":true,"href":"https:\/\/www.escapadarural.com\/blog\/wp-json\/wp\/v2\/users\/136"}],"replies":[{"embeddable":true,"href":"https:\/\/www.escapadarural.com\/blog\/wp-json\/wp\/v2\/comments?post=4453"}],"version-history":[{"count":0,"href":"https:\/\/www.escapadarural.com\/blog\/wp-json\/wp\/v2\/posts\/4453\/revisions"}],"wp:featuredmedia":[{"embeddable":true,"href":"https:\/\/www.escapadarural.com\/blog\/wp-json\/wp\/v2\/media\/70446"}],"wp:attachment":[{"href":"https:\/\/www.escapadarural.com\/blog\/wp-json\/wp\/v2\/media?parent=4453"}],"wp:term":[{"taxonomy":"category","embeddable":true,"href":"https:\/\/www.escapadarural.com\/blog\/wp-json\/wp\/v2\/categories?post=4453"},{"taxonomy":"post_tag","embeddable":true,"href":"https:\/\/www.escapadarural.com\/blog\/wp-json\/wp\/v2\/tags?post=4453"}],"curies":[{"name":"wp","href":"https:\/\/api.w.org\/{rel}","templated":true}]}}