{"id":46792,"date":"2021-11-29T10:12:51","date_gmt":"2021-11-29T09:12:51","guid":{"rendered":"https:\/\/www.escapadarural.com\/blog\/?p=46792"},"modified":"2025-08-11T14:00:49","modified_gmt":"2025-08-11T12:00:49","slug":"animales-en-peligro-de-extincion","status":"publish","type":"post","link":"https:\/\/www.escapadarural.com\/blog\/animales-en-peligro-de-extincion\/","title":{"rendered":"Cinco animales en peligro de extinci\u00f3n en Espa\u00f1a"},"content":{"rendered":"\n<figure class=\"wp-block-image size-large\"><a href=\"https:\/\/www.escapadarural.com\/blog\/wp-content\/uploads\/Iberian_Lynx_linces6.jpg\"><img decoding=\"async\" src=\"https:\/\/www.escapadarural.com\/blog\/wp-content\/uploads\/Iberian_Lynx_linces6.jpg\" alt=\"Lince ib\u00e9rico, animales en peligro de extinci\u00f3n\" class=\"wp-image-46846\"\/><\/a><figcaption class=\"wp-element-caption\">Por lynxexsitu<\/figcaption><\/figure>\n\n\n\n<p>Espa\u00f1a siempre ha podido presumir de biodiversidad ante el resto de pa\u00edses europeos porque se sit\u00faa en los puestos m\u00e1s altos en cuanto a n\u00famero de espacios protegidos. Sin embargo, factores como el cambio clim\u00e1tico y la intervenci\u00f3n del hombre han hecho que ese privilegio ambiental haya empezado a menguar desde hace tiempo y est\u00e9n poniendo en peligro el ecosistema. Y con \u00e9l, a la fauna propia del territorio, poniendo a <strong>algunas especies en riesgo de extinci\u00f3n<\/strong>.<\/p>\n\n\n\n<p>Los datos sobre la situaci\u00f3n de la biodiversidad que ofrece la Uni\u00f3n Europea son poco alentadores. En mayo de 2020 se public\u00f3 <a href=\"https:\/\/ec.europa.eu\/commission\/presscorner\/detail\/es\/ip_20_1920?fbclid=IwAR3OAeNQQ-7p6Rl30NS_5OSDR4CqgFPQSJwK4ZBAUbcyusYsRsit1c2NFQM\" target=\"_blank\" aria-label=\"un informe (opens in a new tab)\" rel=\"noreferrer noopener nofollow\" class=\"rank-math-link\">un informe<\/a> en el que se explica que de los ocho millones de especies que hay en el mundo, un mill\u00f3n est\u00e1n en peligro de extinci\u00f3n. M\u00e1s concretamente, en Europa al menos 1.677 de 15.060 especies europeas evaluadas lo est\u00e1n. Y si atendemos a\u00fan m\u00e1s al detalle, seg\u00fan los \u00faltimos datos del Ministerio para la Transici\u00f3n Ecol\u00f3gica y el Reto Demogr\u00e1fico de Espa\u00f1a (MITECO), <strong>en nuestro pa\u00eds hay 139 especies vulnerables y 198 en peligro de extinci\u00f3n<\/strong>.<\/p>\n\n\n\n<p>De estas 198 cuantificadas, 20 pertenecen al grupo de invertebrados, 2 a los anfibios, 8 a los reptiles, 21 a las aves y 7 a los mam\u00edferos. Aunque <strong>algunas de estas especies se est\u00e1n recuperando en n\u00famero<\/strong> \u2013por ejemplo, seg\u00fan la Fundaci\u00f3n Oso Pardo en 2018 en la Cordillera Cant\u00e1brica hab\u00eda 300 ejemplares y en 2021 han llegado a los 330\u2013 siguen estando en peligro si no se las sigue protegiendo. En el caso del plant\u00edgrado, las acciones clave han sido intentar acabar con el furtivismo y el cuidado de su h\u00e1bitat natural.<\/p>\n\n\n\n<p>Enumerar los casi 200 que aparecen en el desafortunado listado de animales en peligro de extinci\u00f3n ser\u00eda, en realidad, poco \u00fatil y adem\u00e1s se puede consultar minuciosamente en la p\u00e1gina del Ministerio para la Transici\u00f3n Ecol\u00f3gica y el Reto Demogr\u00e1fico. Pero s\u00ed vamos a mencionar algunas de ellas. Esta<strong> es una peque\u00f1a muestra de los animales<\/strong> a los que, si no tenemos cuidado, vamos a echar de menos en nuestro pa\u00eds.<\/p>\n\n\n\n<h2 class=\"wp-block-heading\" id=\"h-triton-del-montsen-y\"><strong>Trit\u00f3n del <\/strong><a href=\"https:\/\/www.escapadarural.com\/casas-rurales\/el-montseny\" class=\"rank-math-link\"><strong>Montsen<\/strong><\/a><strong><a href=\"https:\/\/www.escapadarural.com\/casas-rurales?l=el-montseny\" class=\"rank-math-link\">y<\/a><\/strong><\/h2>\n\n\n\n<figure class=\"wp-block-image size-large\"><a href=\"https:\/\/www.escapadarural.com\/blog\/wp-content\/uploads\/1626px-BennyTrapp_Montseny-Gebirgsmolch_Calotriton_arnoldi_Montseny-Gebirge_Spanien.jpg\"><img decoding=\"async\" src=\"https:\/\/www.escapadarural.com\/blog\/wp-content\/uploads\/1626px-BennyTrapp_Montseny-Gebirgsmolch_Calotriton_arnoldi_Montseny-Gebirge_Spanien-1024x680.jpg\" alt=\"trit\u00f3n del Montseny, animales en peligro de extinci\u00f3n\" class=\"wp-image-46839\"\/><\/a><figcaption class=\"wp-element-caption\">Por Benny Trapp <\/figcaption><\/figure>\n\n\n\n<p>Para quien no lo conozca, se trata de un anfibio propio de esta zona de <a href=\"https:\/\/www.escapadarural.com\/casas-rurales\/cataluna\" class=\"rank-math-link\">Catalu\u00f1a<\/a>, que adem\u00e1s es el \u00fanico vertebrado end\u00e9mico de la comunidad. Seg\u00fan Zoo de Barcelona: \u201cEn los \u00faltimos diez a\u00f1os, su poblaci\u00f3n ha disminuido un 15%\u201d, de ah\u00ed que haya entrado en la lista de peligro de extinci\u00f3n. Quienes visiten este espacio natural y quieran identificarlo deben saber que su color tira a marr\u00f3n y que tiene peque\u00f1as manchas amarillas a los lados de su cola. Suele medir unos 11 cm y la cabeza del macho es m\u00e1s grande que la de la hembra.&nbsp;<\/p>\n\n\n\n<h2 class=\"wp-block-heading\" id=\"h-lagartos-gigantes-de-las-islas-canarias\"><strong>Lagartos gigantes de las Islas Canarias<\/strong><\/h2>\n\n\n\n<figure class=\"wp-block-image size-large\"><a href=\"https:\/\/www.escapadarural.com\/blog\/wp-content\/uploads\/2880px-Lagarto_Gigante_de_El_Hierro_Canarias_Espana-scaled.jpg\"><img decoding=\"async\" src=\"https:\/\/www.escapadarural.com\/blog\/wp-content\/uploads\/2880px-Lagarto_Gigante_de_El_Hierro_Canarias_Espana-1024x768.jpg\" alt=\"lagartos gigantes, animales en peligro de extinci\u00f3n\" class=\"wp-image-46840\"\/><\/a><figcaption class=\"wp-element-caption\">Lagarto gigante de El Hierro. Por CARLOS TEIXIDOR CADENAS<\/figcaption><\/figure>\n\n\n\n<p>Existe el de <a href=\"https:\/\/www.escapadarural.com\/casas-rurales\/la-gomera\" class=\"rank-math-link\">La Gomera<\/a>, el de <a href=\"https:\/\/www.escapadarural.com\/casas-rurales\/el-hierro\" class=\"rank-math-link\">El Hierro<\/a> y el de <a href=\"https:\/\/www.escapadarural.com\/casas-rurales\/tenerife\" class=\"rank-math-link\">Tenerife<\/a>. Cada uno es end\u00e9mico de su respectiva isla. El primero recibe el nombre de bravoana en honor a Telesforo Bravo, paleont\u00f3logo y ge\u00f3logo canario. Mide unos 20 cm contando la cabeza y el cuerpo, aunque algunos alcanzan los 50 cm. El de El Hierro es m\u00e1s grande, ya que puede llegar a 1 metro y es el s\u00edmbolo de la \u00ednsula. Se pensaba que estaba extinto hasta que en los a\u00f1os 70 se descubri\u00f3 una poblaci\u00f3n en el risco de <a href=\"https:\/\/www.escapadarural.com\/casas-rurales\/reserva-natural-integral-de-tibataje\" class=\"rank-math-link\">Tibataje<\/a>. El de Tenerife tiene un tama\u00f1o aproximado de medio metro con una larga cola. Hasta 1996 tambi\u00e9n se le hab\u00eda dado por desaparecido, pero un equipo de naturalistas lo descubri\u00f3 de nuevo en los acantilados de <a href=\"https:\/\/www.escapadarural.com\/casas-rurales\/parque-rural-de-teno\" class=\"rank-math-link\">Teno<\/a>.<\/p>\n\n\n\n<h2 class=\"wp-block-heading\" id=\"h-aguila-imperial-iberica\"><strong>\u00c1guila imperial ib\u00e9rica<\/strong><\/h2>\n\n\n\n<figure class=\"wp-block-image size-large\"><a href=\"https:\/\/www.escapadarural.com\/blog\/wp-content\/uploads\/Adalberti.jpg\"><img decoding=\"async\" src=\"https:\/\/www.escapadarural.com\/blog\/wp-content\/uploads\/Adalberti-1024x682.jpg\" alt=\"\u00c1guila imperial, animales en peligro de extinci\u00f3n\" class=\"wp-image-46841\"\/><\/a><figcaption class=\"wp-element-caption\">Por Juan Lacruz<\/figcaption><\/figure>\n\n\n\n<p>Como explican en la ONG Sociedad Espa\u00f1ola de Ornitolog\u00eda, creada en 1954, esta ave es end\u00e9mica de la Pen\u00ednsula y en concreto se encuentra en \u201cel centrosuroeste peninsular, fundamentalmente en sierras con extensas formaciones de monte mediterr\u00e1neo y, en menor medida, en pinares del Sistema Central\u201d. Su poblaci\u00f3n ha crecido en los \u00faltimos a\u00f1os, pero sigue en peligro de extinci\u00f3n. Entre sus caracter\u00edsticas se encuentra que su canto a veces se confunde con el graznido del cuervo, tiene un gran tama\u00f1o y su pico es muy poderoso. El adulto suele ser marr\u00f3n muy oscuro y blanquecino en alas, nuca y laterales. Se distingue del \u00e1guila real en que su cola es m\u00e1s corta y generalmente la lleva cerrada, por ejemplo.&nbsp;<\/p>\n\n\n\n<h2 class=\"wp-block-heading\" id=\"h-urogallo-cantabrico\"><strong>Urogallo cant\u00e1brico<\/strong><\/h2>\n\n\n\n<figure class=\"wp-block-image size-large\"><a href=\"https:\/\/www.escapadarural.com\/blog\/wp-content\/uploads\/Gluszec_Tetrao_urogallus_lodzkie_zoo.jpg\"><img decoding=\"async\" src=\"https:\/\/www.escapadarural.com\/blog\/wp-content\/uploads\/Gluszec_Tetrao_urogallus_lodzkie_zoo-1024x681.jpg\" alt=\"urogallo, animales en peligro de extinci\u00f3n\" class=\"wp-image-46843\"\/><\/a><figcaption class=\"wp-element-caption\">Por Piastu<\/figcaption><\/figure>\n\n\n\n<p>El cambio clim\u00e1tico, la baja tasa de reproducci\u00f3n, los animales depredadores o con los que compiten por el alimento, las pistas forestales o los parques e\u00f3licos son algunos de los factores que han llevado a que esta especie se encuentre en un peligro grave de extinci\u00f3n. Seg\u00fan los datos de MITECO publicados en prensa, en 2018 se contaron 292 ejemplares de esta ave, que viven en su mayor\u00eda en las comarcas de <a href=\"https:\/\/www.escapadarural.com\/casas-rurales\/alto-sil\" class=\"rank-math-link\">Alto Sil<\/a> y Oma\u00f1ana, as\u00ed como en el suroccidente asturiano. Esta subespecie del urogallo com\u00fan se caracteriza por tener una mancha roja alrededor del ojo, plumaje gris y una cola redondeada. Su canto de apareamiento es muy singular y apreciado por los aficionados a la ornitolog\u00eda.<\/p>\n\n\n\n<h2 class=\"wp-block-heading\" id=\"h-lince-iberico\"><strong>Lince ib\u00e9rico<\/strong><\/h2>\n\n\n\n<figure class=\"wp-block-image size-large\"><a href=\"https:\/\/www.escapadarural.com\/blog\/wp-content\/uploads\/2020\/11\/Lince.jpg\"><img decoding=\"async\" src=\"https:\/\/www.escapadarural.com\/blog\/wp-content\/uploads\/2020\/11\/Lince.jpg\" alt=\"lince ib\u00e9rico, animales en peligro de extinci\u00f3n\" class=\"wp-image-33890\"\/><\/a><figcaption class=\"wp-element-caption\">Por Jos\u00e9 Luis Ojeda, de Iberian Lynx Land<\/figcaption><\/figure>\n\n\n\n<p>Por desgracia, es el felino con m\u00e1s peligro de desaparecer del mundo, aunque gracias a los programas de protecci\u00f3n y recuperaci\u00f3n actualmente hay m\u00e1s de 1.000 ejemplares en la Pen\u00ednsula ib\u00e9rica, de donde es end\u00e9mico. La cifra supone un 30% m\u00e1s con respecto a 2019, cuando se censaron 855. Se distribuyen por el valle del Guadiana, en Portugal, <a href=\"https:\/\/www.escapadarural.com\/casas-rurales\/sierra-morena_zona-turistica\" class=\"rank-math-link\">Sierra Morena<\/a>, los <a href=\"https:\/\/www.escapadarural.com\/casas-rurales\/montes-de-toledo\" class=\"rank-math-link\">Montes de Toledo<\/a> y la zona de Matachel en Extremadura. Los linces tienen varias caracter\u00edsticas que les hacen reconocibles: una cola corta con una borla negra en el extremo, unas orejas puntiagudas que terminan en pelos r\u00edgidos y patas largas. No son muy grandes (un macho adulto pesa alrededor de 12 kilos y una hembra unos 9 kilos) y se alimenta esencialmente de conejos.<\/p>\n","protected":false},"excerpt":{"rendered":"<p>Espa\u00f1a siempre ha podido presumir de biodiversidad ante el resto de pa\u00edses europeos porque se sit\u00faa en los puestos m\u00e1s altos en cuanto a n\u00famero de espacios protegidos. Sin embargo, factores como el cambio clim\u00e1tico y la intervenci\u00f3n del hombre han hecho que ese privilegio ambiental haya empezado a menguar desde hace tiempo y est\u00e9n poniendo a algunos animales en peligro de extinci\u00f3n.  <\/p>\n","protected":false},"author":114,"featured_media":100356,"comment_status":"open","ping_status":"open","sticky":false,"template":"","format":"standard","meta":{"_acf_changed":false,"om_disable_all_campaigns":false,"footnotes":""},"categories":[231],"tags":[3642,605,2105,636,3643,3644,215,585,3314,314,3645,3646],"class_list":["post-46792","post","type-post","status-publish","format-standard","has-post-thumbnail","hentry","category-arte-y-cultura","tag-aguila-imperial-iberica","tag-el-hierro","tag-fauna","tag-la-gomera","tag-lagarto-gigante","tag-lince-iberico","tag-listado","tag-naturaleza","tag-peligro-de-extincion","tag-que-ver-en-tenerife","tag-triton-del-montseny","tag-urogallo-cantabrico"],"acf":[],"featured_image_src":"https:\/\/www.escapadarural.com\/blog\/wp-content\/uploads\/2024\/10\/Iberian_Lynx_linces6-2.jpg","author_info":{"display_name":"Carmen L\u00f3pez","author_link":"https:\/\/www.escapadarural.com\/blog\/autor\/carmenlopez\/"},"yoast_head":"<!-- This site is optimized with the Yoast SEO plugin v27.5 - https:\/\/yoast.com\/product\/yoast-seo-wordpress\/ -->\n<title>Cinco animales en peligro de extinci\u00f3n en Espa\u00f1a - EscapadaRural<\/title>\n<meta name=\"robots\" content=\"index, follow, max-snippet:-1, max-image-preview:large, max-video-preview:-1\" \/>\n<link rel=\"canonical\" href=\"https:\/\/www.escapadarural.com\/blog\/animales-en-peligro-de-extincion\/\" \/>\n<meta property=\"og:locale\" content=\"es_ES\" \/>\n<meta property=\"og:type\" content=\"article\" \/>\n<meta property=\"og:title\" content=\"Cinco animales en peligro de extinci\u00f3n en Espa\u00f1a - EscapadaRural\" \/>\n<meta property=\"og:description\" content=\"Espa\u00f1a siempre ha podido presumir de biodiversidad ante el resto de pa\u00edses europeos porque se sit\u00faa en los puestos m\u00e1s altos en cuanto a n\u00famero de espacios protegidos. Sin embargo, factores como el cambio clim\u00e1tico y la intervenci\u00f3n del hombre han hecho que ese privilegio ambiental haya empezado a menguar desde hace tiempo y est\u00e9n poniendo a algunos animales en peligro de extinci\u00f3n.\" \/>\n<meta property=\"og:url\" content=\"https:\/\/www.escapadarural.com\/blog\/animales-en-peligro-de-extincion\/\" \/>\n<meta property=\"og:site_name\" content=\"Magazine de viajes de EscapadaRural\" \/>\n<meta property=\"article:publisher\" content=\"https:\/\/www.facebook.com\/escapadarural\" \/>\n<meta property=\"article:published_time\" content=\"2021-11-29T09:12:51+00:00\" \/>\n<meta property=\"article:modified_time\" content=\"2025-08-11T12:00:49+00:00\" \/>\n<meta property=\"og:image\" content=\"https:\/\/www.escapadarural.com\/blog\/wp-content\/uploads\/2024\/10\/Iberian_Lynx_linces6-2.jpg?v=1754913652\" \/>\n\t<meta property=\"og:image:width\" content=\"975\" \/>\n\t<meta property=\"og:image:height\" content=\"648\" \/>\n\t<meta property=\"og:image:type\" content=\"image\/jpeg\" \/>\n<meta name=\"author\" content=\"Carmen L\u00f3pez\" \/>\n<meta name=\"twitter:card\" content=\"summary_large_image\" \/>\n<meta name=\"twitter:label1\" content=\"Escrito por\" \/>\n\t<meta name=\"twitter:data1\" content=\"Carmen L\u00f3pez\" \/>\n\t<meta name=\"twitter:label2\" content=\"Tiempo de lectura\" \/>\n\t<meta name=\"twitter:data2\" content=\"5 minutos\" \/>\n<script type=\"application\/ld+json\" class=\"yoast-schema-graph\">{\"@context\":\"https:\\\/\\\/schema.org\",\"@graph\":[{\"@type\":\"Article\",\"@id\":\"https:\\\/\\\/www.escapadarural.com\\\/blog\\\/animales-en-peligro-de-extincion\\\/#article\",\"isPartOf\":{\"@id\":\"https:\\\/\\\/www.escapadarural.com\\\/blog\\\/animales-en-peligro-de-extincion\\\/\"},\"author\":{\"name\":\"Carmen L\u00f3pez\",\"@id\":\"https:\\\/\\\/www.escapadarural.com\\\/blog\\\/#\\\/schema\\\/person\\\/42dfdff6118172efc6a04c8ae599a2ce\"},\"headline\":\"Cinco animales en peligro de extinci\u00f3n en Espa\u00f1a\",\"datePublished\":\"2021-11-29T09:12:51+00:00\",\"dateModified\":\"2025-08-11T12:00:49+00:00\",\"mainEntityOfPage\":{\"@id\":\"https:\\\/\\\/www.escapadarural.com\\\/blog\\\/animales-en-peligro-de-extincion\\\/\"},\"wordCount\":1055,\"commentCount\":0,\"publisher\":{\"@id\":\"https:\\\/\\\/www.escapadarural.com\\\/blog\\\/#organization\"},\"image\":{\"@id\":\"https:\\\/\\\/www.escapadarural.com\\\/blog\\\/animales-en-peligro-de-extincion\\\/#primaryimage\"},\"thumbnailUrl\":\"https:\\\/\\\/www.escapadarural.com\\\/blog\\\/wp-content\\\/uploads\\\/2024\\\/10\\\/Iberian_Lynx_linces6-2.jpg\",\"keywords\":[\"\u00c1guila imperial ib\u00e9rica\",\"El Hierro\",\"fauna\",\"La Gomera\",\"lagarto gigante\",\"lince ib\u00e9rico\",\"Listado\",\"Naturaleza\",\"Peligro de Extinci\u00f3n\",\"Santa Cruz de Tenerife\",\"Trit\u00f3n del Montseny\",\"urogallo cant\u00e1brico\"],\"articleSection\":[\"Arte y Cultura\"],\"inLanguage\":\"es\",\"potentialAction\":[{\"@type\":\"CommentAction\",\"name\":\"Comment\",\"target\":[\"https:\\\/\\\/www.escapadarural.com\\\/blog\\\/animales-en-peligro-de-extincion\\\/#respond\"]}]},{\"@type\":\"WebPage\",\"@id\":\"https:\\\/\\\/www.escapadarural.com\\\/blog\\\/animales-en-peligro-de-extincion\\\/\",\"url\":\"https:\\\/\\\/www.escapadarural.com\\\/blog\\\/animales-en-peligro-de-extincion\\\/\",\"name\":\"Cinco animales en peligro de extinci\u00f3n en Espa\u00f1a - EscapadaRural\",\"isPartOf\":{\"@id\":\"https:\\\/\\\/www.escapadarural.com\\\/blog\\\/#website\"},\"primaryImageOfPage\":{\"@id\":\"https:\\\/\\\/www.escapadarural.com\\\/blog\\\/animales-en-peligro-de-extincion\\\/#primaryimage\"},\"image\":{\"@id\":\"https:\\\/\\\/www.escapadarural.com\\\/blog\\\/animales-en-peligro-de-extincion\\\/#primaryimage\"},\"thumbnailUrl\":\"https:\\\/\\\/www.escapadarural.com\\\/blog\\\/wp-content\\\/uploads\\\/2024\\\/10\\\/Iberian_Lynx_linces6-2.jpg\",\"datePublished\":\"2021-11-29T09:12:51+00:00\",\"dateModified\":\"2025-08-11T12:00:49+00:00\",\"breadcrumb\":{\"@id\":\"https:\\\/\\\/www.escapadarural.com\\\/blog\\\/animales-en-peligro-de-extincion\\\/#breadcrumb\"},\"inLanguage\":\"es\",\"potentialAction\":[{\"@type\":\"ReadAction\",\"target\":[\"https:\\\/\\\/www.escapadarural.com\\\/blog\\\/animales-en-peligro-de-extincion\\\/\"]}]},{\"@type\":\"ImageObject\",\"inLanguage\":\"es\",\"@id\":\"https:\\\/\\\/www.escapadarural.com\\\/blog\\\/animales-en-peligro-de-extincion\\\/#primaryimage\",\"url\":\"https:\\\/\\\/www.escapadarural.com\\\/blog\\\/wp-content\\\/uploads\\\/2024\\\/10\\\/Iberian_Lynx_linces6-2.jpg\",\"contentUrl\":\"https:\\\/\\\/www.escapadarural.com\\\/blog\\\/wp-content\\\/uploads\\\/2024\\\/10\\\/Iberian_Lynx_linces6-2.jpg\",\"width\":975,\"height\":648,\"caption\":\"Lince ib\u00e9rico\"},{\"@type\":\"BreadcrumbList\",\"@id\":\"https:\\\/\\\/www.escapadarural.com\\\/blog\\\/animales-en-peligro-de-extincion\\\/#breadcrumb\",\"itemListElement\":[{\"@type\":\"ListItem\",\"position\":1,\"name\":\"Inicio\",\"item\":\"https:\\\/\\\/www.escapadarural.com\\\/blog\\\/\"},{\"@type\":\"ListItem\",\"position\":2,\"name\":\"Arte y Cultura\",\"item\":\"https:\\\/\\\/www.escapadarural.com\\\/blog\\\/categoria\\\/arte-y-cultura\\\/\"},{\"@type\":\"ListItem\",\"position\":3,\"name\":\"Cinco animales en peligro de extinci\u00f3n en Espa\u00f1a\"}]},{\"@type\":\"WebSite\",\"@id\":\"https:\\\/\\\/www.escapadarural.com\\\/blog\\\/#website\",\"url\":\"https:\\\/\\\/www.escapadarural.com\\\/blog\\\/\",\"name\":\"Blog de viajes | turismo rural, alojamientos e inspiraci\u00f3n\",\"description\":\"Alojamientos rurales e inspiraci\u00f3n para tus escapadas\",\"publisher\":{\"@id\":\"https:\\\/\\\/www.escapadarural.com\\\/blog\\\/#organization\"},\"alternateName\":\"Magazine de viajes de EscapadaRural\",\"potentialAction\":[{\"@type\":\"SearchAction\",\"target\":{\"@type\":\"EntryPoint\",\"urlTemplate\":\"https:\\\/\\\/www.escapadarural.com\\\/blog\\\/?s={search_term_string}\"},\"query-input\":{\"@type\":\"PropertyValueSpecification\",\"valueRequired\":true,\"valueName\":\"search_term_string\"}}],\"inLanguage\":\"es\"},{\"@type\":\"Organization\",\"@id\":\"https:\\\/\\\/www.escapadarural.com\\\/blog\\\/#organization\",\"name\":\"EscapadaRural\",\"url\":\"https:\\\/\\\/www.escapadarural.com\\\/blog\\\/\",\"logo\":{\"@type\":\"ImageObject\",\"inLanguage\":\"es\",\"@id\":\"https:\\\/\\\/www.escapadarural.com\\\/blog\\\/#\\\/schema\\\/logo\\\/image\\\/\",\"url\":\"https:\\\/\\\/www.escapadarural.com\\\/blog\\\/wp-content\\\/uploads\\\/2024\\\/10\\\/cropped-cropped-escapada-rural-icon-mag-3.png\",\"contentUrl\":\"https:\\\/\\\/www.escapadarural.com\\\/blog\\\/wp-content\\\/uploads\\\/2024\\\/10\\\/cropped-cropped-escapada-rural-icon-mag-3.png\",\"width\":512,\"height\":512,\"caption\":\"EscapadaRural\"},\"image\":{\"@id\":\"https:\\\/\\\/www.escapadarural.com\\\/blog\\\/#\\\/schema\\\/logo\\\/image\\\/\"},\"sameAs\":[\"https:\\\/\\\/www.facebook.com\\\/escapadarural\",\"https:\\\/\\\/www.instagram.com\\\/escapadarural\\\/\",\"https:\\\/\\\/www.youtube.com\\\/@escapadaruralcom\"]},{\"@type\":\"Person\",\"@id\":\"https:\\\/\\\/www.escapadarural.com\\\/blog\\\/#\\\/schema\\\/person\\\/42dfdff6118172efc6a04c8ae599a2ce\",\"name\":\"Carmen L\u00f3pez\",\"image\":{\"@type\":\"ImageObject\",\"inLanguage\":\"es\",\"@id\":\"https:\\\/\\\/www.escapadarural.com\\\/blog\\\/wp-content\\\/uploads\\\/2024\\\/11\\\/cropped-perfil_eldiario-96x96-1-96x96.jpeg\",\"url\":\"https:\\\/\\\/www.escapadarural.com\\\/blog\\\/wp-content\\\/uploads\\\/2024\\\/11\\\/cropped-perfil_eldiario-96x96-1-96x96.jpeg\",\"contentUrl\":\"https:\\\/\\\/www.escapadarural.com\\\/blog\\\/wp-content\\\/uploads\\\/2024\\\/11\\\/cropped-perfil_eldiario-96x96-1-96x96.jpeg\",\"caption\":\"Carmen L\u00f3pez\"},\"description\":\"Soy periodista y escribo sobre cosas que importan en sitios que interesan desde hace m\u00e1s de una d\u00e9cada.\",\"url\":\"https:\\\/\\\/www.escapadarural.com\\\/blog\\\/autor\\\/carmenlopez\\\/\"}]}<\/script>\n<!-- \/ Yoast SEO plugin. -->","yoast_head_json":{"title":"Cinco animales en peligro de extinci\u00f3n en Espa\u00f1a - EscapadaRural","robots":{"index":"index","follow":"follow","max-snippet":"max-snippet:-1","max-image-preview":"max-image-preview:large","max-video-preview":"max-video-preview:-1"},"canonical":"https:\/\/www.escapadarural.com\/blog\/animales-en-peligro-de-extincion\/","og_locale":"es_ES","og_type":"article","og_title":"Cinco animales en peligro de extinci\u00f3n en Espa\u00f1a - EscapadaRural","og_description":"Espa\u00f1a siempre ha podido presumir de biodiversidad ante el resto de pa\u00edses europeos porque se sit\u00faa en los puestos m\u00e1s altos en cuanto a n\u00famero de espacios protegidos. Sin embargo, factores como el cambio clim\u00e1tico y la intervenci\u00f3n del hombre han hecho que ese privilegio ambiental haya empezado a menguar desde hace tiempo y est\u00e9n poniendo a algunos animales en peligro de extinci\u00f3n.","og_url":"https:\/\/www.escapadarural.com\/blog\/animales-en-peligro-de-extincion\/","og_site_name":"Magazine de viajes de EscapadaRural","article_publisher":"https:\/\/www.facebook.com\/escapadarural","article_published_time":"2021-11-29T09:12:51+00:00","article_modified_time":"2025-08-11T12:00:49+00:00","og_image":[{"width":975,"height":648,"url":"https:\/\/www.escapadarural.com\/blog\/wp-content\/uploads\/2024\/10\/Iberian_Lynx_linces6-2.jpg?v=1754913652","type":"image\/jpeg"}],"author":"Carmen L\u00f3pez","twitter_card":"summary_large_image","twitter_misc":{"Escrito por":"Carmen L\u00f3pez","Tiempo de lectura":"5 minutos"},"schema":{"@context":"https:\/\/schema.org","@graph":[{"@type":"Article","@id":"https:\/\/www.escapadarural.com\/blog\/animales-en-peligro-de-extincion\/#article","isPartOf":{"@id":"https:\/\/www.escapadarural.com\/blog\/animales-en-peligro-de-extincion\/"},"author":{"name":"Carmen L\u00f3pez","@id":"https:\/\/www.escapadarural.com\/blog\/#\/schema\/person\/42dfdff6118172efc6a04c8ae599a2ce"},"headline":"Cinco animales en peligro de extinci\u00f3n en Espa\u00f1a","datePublished":"2021-11-29T09:12:51+00:00","dateModified":"2025-08-11T12:00:49+00:00","mainEntityOfPage":{"@id":"https:\/\/www.escapadarural.com\/blog\/animales-en-peligro-de-extincion\/"},"wordCount":1055,"commentCount":0,"publisher":{"@id":"https:\/\/www.escapadarural.com\/blog\/#organization"},"image":{"@id":"https:\/\/www.escapadarural.com\/blog\/animales-en-peligro-de-extincion\/#primaryimage"},"thumbnailUrl":"https:\/\/www.escapadarural.com\/blog\/wp-content\/uploads\/2024\/10\/Iberian_Lynx_linces6-2.jpg","keywords":["\u00c1guila imperial ib\u00e9rica","El Hierro","fauna","La Gomera","lagarto gigante","lince ib\u00e9rico","Listado","Naturaleza","Peligro de Extinci\u00f3n","Santa Cruz de Tenerife","Trit\u00f3n del Montseny","urogallo cant\u00e1brico"],"articleSection":["Arte y Cultura"],"inLanguage":"es","potentialAction":[{"@type":"CommentAction","name":"Comment","target":["https:\/\/www.escapadarural.com\/blog\/animales-en-peligro-de-extincion\/#respond"]}]},{"@type":"WebPage","@id":"https:\/\/www.escapadarural.com\/blog\/animales-en-peligro-de-extincion\/","url":"https:\/\/www.escapadarural.com\/blog\/animales-en-peligro-de-extincion\/","name":"Cinco animales en peligro de extinci\u00f3n en Espa\u00f1a - EscapadaRural","isPartOf":{"@id":"https:\/\/www.escapadarural.com\/blog\/#website"},"primaryImageOfPage":{"@id":"https:\/\/www.escapadarural.com\/blog\/animales-en-peligro-de-extincion\/#primaryimage"},"image":{"@id":"https:\/\/www.escapadarural.com\/blog\/animales-en-peligro-de-extincion\/#primaryimage"},"thumbnailUrl":"https:\/\/www.escapadarural.com\/blog\/wp-content\/uploads\/2024\/10\/Iberian_Lynx_linces6-2.jpg","datePublished":"2021-11-29T09:12:51+00:00","dateModified":"2025-08-11T12:00:49+00:00","breadcrumb":{"@id":"https:\/\/www.escapadarural.com\/blog\/animales-en-peligro-de-extincion\/#breadcrumb"},"inLanguage":"es","potentialAction":[{"@type":"ReadAction","target":["https:\/\/www.escapadarural.com\/blog\/animales-en-peligro-de-extincion\/"]}]},{"@type":"ImageObject","inLanguage":"es","@id":"https:\/\/www.escapadarural.com\/blog\/animales-en-peligro-de-extincion\/#primaryimage","url":"https:\/\/www.escapadarural.com\/blog\/wp-content\/uploads\/2024\/10\/Iberian_Lynx_linces6-2.jpg","contentUrl":"https:\/\/www.escapadarural.com\/blog\/wp-content\/uploads\/2024\/10\/Iberian_Lynx_linces6-2.jpg","width":975,"height":648,"caption":"Lince ib\u00e9rico"},{"@type":"BreadcrumbList","@id":"https:\/\/www.escapadarural.com\/blog\/animales-en-peligro-de-extincion\/#breadcrumb","itemListElement":[{"@type":"ListItem","position":1,"name":"Inicio","item":"https:\/\/www.escapadarural.com\/blog\/"},{"@type":"ListItem","position":2,"name":"Arte y Cultura","item":"https:\/\/www.escapadarural.com\/blog\/categoria\/arte-y-cultura\/"},{"@type":"ListItem","position":3,"name":"Cinco animales en peligro de extinci\u00f3n en Espa\u00f1a"}]},{"@type":"WebSite","@id":"https:\/\/www.escapadarural.com\/blog\/#website","url":"https:\/\/www.escapadarural.com\/blog\/","name":"Blog de viajes | turismo rural, alojamientos e inspiraci\u00f3n","description":"Alojamientos rurales e inspiraci\u00f3n para tus escapadas","publisher":{"@id":"https:\/\/www.escapadarural.com\/blog\/#organization"},"alternateName":"Magazine de viajes de EscapadaRural","potentialAction":[{"@type":"SearchAction","target":{"@type":"EntryPoint","urlTemplate":"https:\/\/www.escapadarural.com\/blog\/?s={search_term_string}"},"query-input":{"@type":"PropertyValueSpecification","valueRequired":true,"valueName":"search_term_string"}}],"inLanguage":"es"},{"@type":"Organization","@id":"https:\/\/www.escapadarural.com\/blog\/#organization","name":"EscapadaRural","url":"https:\/\/www.escapadarural.com\/blog\/","logo":{"@type":"ImageObject","inLanguage":"es","@id":"https:\/\/www.escapadarural.com\/blog\/#\/schema\/logo\/image\/","url":"https:\/\/www.escapadarural.com\/blog\/wp-content\/uploads\/2024\/10\/cropped-cropped-escapada-rural-icon-mag-3.png","contentUrl":"https:\/\/www.escapadarural.com\/blog\/wp-content\/uploads\/2024\/10\/cropped-cropped-escapada-rural-icon-mag-3.png","width":512,"height":512,"caption":"EscapadaRural"},"image":{"@id":"https:\/\/www.escapadarural.com\/blog\/#\/schema\/logo\/image\/"},"sameAs":["https:\/\/www.facebook.com\/escapadarural","https:\/\/www.instagram.com\/escapadarural\/","https:\/\/www.youtube.com\/@escapadaruralcom"]},{"@type":"Person","@id":"https:\/\/www.escapadarural.com\/blog\/#\/schema\/person\/42dfdff6118172efc6a04c8ae599a2ce","name":"Carmen L\u00f3pez","image":{"@type":"ImageObject","inLanguage":"es","@id":"https:\/\/www.escapadarural.com\/blog\/wp-content\/uploads\/2024\/11\/cropped-perfil_eldiario-96x96-1-96x96.jpeg","url":"https:\/\/www.escapadarural.com\/blog\/wp-content\/uploads\/2024\/11\/cropped-perfil_eldiario-96x96-1-96x96.jpeg","contentUrl":"https:\/\/www.escapadarural.com\/blog\/wp-content\/uploads\/2024\/11\/cropped-perfil_eldiario-96x96-1-96x96.jpeg","caption":"Carmen L\u00f3pez"},"description":"Soy periodista y escribo sobre cosas que importan en sitios que interesan desde hace m\u00e1s de una d\u00e9cada.","url":"https:\/\/www.escapadarural.com\/blog\/autor\/carmenlopez\/"}]}},"_links":{"self":[{"href":"https:\/\/www.escapadarural.com\/blog\/wp-json\/wp\/v2\/posts\/46792","targetHints":{"allow":["GET"]}}],"collection":[{"href":"https:\/\/www.escapadarural.com\/blog\/wp-json\/wp\/v2\/posts"}],"about":[{"href":"https:\/\/www.escapadarural.com\/blog\/wp-json\/wp\/v2\/types\/post"}],"author":[{"embeddable":true,"href":"https:\/\/www.escapadarural.com\/blog\/wp-json\/wp\/v2\/users\/114"}],"replies":[{"embeddable":true,"href":"https:\/\/www.escapadarural.com\/blog\/wp-json\/wp\/v2\/comments?post=46792"}],"version-history":[{"count":0,"href":"https:\/\/www.escapadarural.com\/blog\/wp-json\/wp\/v2\/posts\/46792\/revisions"}],"wp:featuredmedia":[{"embeddable":true,"href":"https:\/\/www.escapadarural.com\/blog\/wp-json\/wp\/v2\/media\/100356"}],"wp:attachment":[{"href":"https:\/\/www.escapadarural.com\/blog\/wp-json\/wp\/v2\/media?parent=46792"}],"wp:term":[{"taxonomy":"category","embeddable":true,"href":"https:\/\/www.escapadarural.com\/blog\/wp-json\/wp\/v2\/categories?post=46792"},{"taxonomy":"post_tag","embeddable":true,"href":"https:\/\/www.escapadarural.com\/blog\/wp-json\/wp\/v2\/tags?post=46792"}],"curies":[{"name":"wp","href":"https:\/\/api.w.org\/{rel}","templated":true}]}}