{"id":47814,"date":"2022-01-03T09:34:26","date_gmt":"2022-01-03T08:34:26","guid":{"rendered":"https:\/\/www.escapadarural.com\/blog\/?p=47814"},"modified":"2025-08-08T14:03:59","modified_gmt":"2025-08-08T12:03:59","slug":"escapadas-rurales-para-el-2022","status":"publish","type":"post","link":"https:\/\/www.escapadarural.com\/blog\/escapadas-rurales-para-el-2022\/","title":{"rendered":"12 escapadas rurales para el 2022"},"content":{"rendered":"\n<figure class=\"wp-block-image size-large\"><img decoding=\"async\" src=\"https:\/\/www.escapadarural.com\/blog\/wp-content\/uploads\/AdobeStock_467430174-1024x683.jpeg\" alt=\"Escapadas rurales\n\" class=\"wp-image-47822\"\/><figcaption class=\"wp-element-caption\">Parque Natural de Somiedo. Por Ricardo Alg\u00e1r<\/figcaption><\/figure>\n\n\n\n<p>\u00bfSer\u00e1 el 2022 el final de la Covid-19? No lo sabemos, pero mientras vamos caminando lentamente hacia la luz, nosotros ya estamos pensando en todos esos lugares donde recuperar el tiempo perdido. Estas son 12 escapadas rurales, una para cada mes del a\u00f1o, donde podremos disfrutar de los mejores rincones naturales y del patrimonio de nuestro pa\u00eds.&nbsp;<\/p>\n\n\n\n<p>Elegir solo 12 ha sido complicado.&nbsp;<\/p>\n\n\n\n<h2 class=\"wp-block-heading\" id=\"h-enero-val-d-aran-lleida\"><strong>Enero: Val d\u00b4Aran (Lleida)<\/strong><\/h2>\n\n\n\n<figure class=\"wp-block-image size-large\"><a href=\"https:\/\/www.escapadarural.com\/blog\/wp-content\/uploads\/AdobeStock_471051921-scaled.jpeg\"><img decoding=\"async\" src=\"https:\/\/www.escapadarural.com\/blog\/wp-content\/uploads\/AdobeStock_471051921-1024x576.jpeg\" alt=\"\" class=\"wp-image-47829\"\/><\/a><figcaption class=\"wp-element-caption\">Arties. Por ikuday<\/figcaption><\/figure>\n\n\n\n<p>Arties es un peque\u00f1o pueblo de poco m\u00e1s de 500 habitantes encajado en el valle de Ar\u00e1n, en el Pirineo catal\u00e1n, que conserva con mimo su t\u00edpica arquitectura de monta\u00f1a: con casas de piedra y tejados de pizarra.&nbsp;Como \u00e9l, sus vecinos Arr\u00f3, <a href=\"https:\/\/www.escapadarural.com\/casas-rurales\/salardu\" class=\"rank-math-link\">Salard\u00fa<\/a>, <a href=\"https:\/\/www.escapadarural.com\/casas-rurales\/vielha\" class=\"rank-math-link\">Vielha<\/a>&#8230; <\/p>\n\n\n\n<p>El <a href=\"https:\/\/www.escapadarural.com\/casas-rurales\/vall-d-aran\" class=\"rank-math-link\">Val d\u00b4Aran<\/a> es la escapada perfecta para enero, ya que mezcla patrimonio cultural con deportes de invierno. Aqu\u00ed es donde est\u00e1 la estaci\u00f3n de esqu\u00ed Baqueira Beret, con m\u00e1s de 100 pistas situadas entre cumbres de m\u00e1s de 3.000 metros de altura. Tambi\u00e9n hay m\u00e1s de 200 lagos, como el de Mar o el Tort de Riu. <\/p>\n\n\n\n<p>En el pueblo de Arties, a 7 kil\u00f3metros de las pistas, hay un complejo termal al aire libre con piscinas a 39\u00ba de temperatura.&nbsp;No hay que perderse la iglesia rom\u00e1nica de Santa Mar\u00eda de Arties, la torre y capilla de la casa de los Portol\u00e0, ni la iglesias de Salard\u00fa, Vielha o Bossot, entre otras. Para finalizar, no te vayas sin probar la deliciosa olla aranesa, el plato m\u00e1s t\u00edpico del valle. <\/p>\n\n\n\n<div class=\"wp-block-buttons is-layout-flex wp-block-buttons-is-layout-flex\">\n<div class=\"wp-block-button\"><a class=\"wp-block-button__link wp-element-button\" href=\"https:\/\/www.escapadarural.com\/casas-rurales\/vall-d-aran\">Casas rurales en el Val d\u00b4Aran<\/a><\/div>\n<\/div>\n\n\n\n<h2 class=\"wp-block-heading\" id=\"h-febrero-tarazona-de-la-mancha-albacete\"><strong>Febrero: Tarazona de la Mancha (Albacete)<\/strong><\/h2>\n\n\n\n<figure class=\"wp-block-image size-large\"><img decoding=\"async\" src=\"https:\/\/www.escapadarural.com\/blog\/wp-content\/uploads\/Desfile_plaza_mayor-1024x768.jpg\" alt=\"\" class=\"wp-image-47815\"\/><figcaption class=\"wp-element-caption\">Tarazona de la Mancha. Por Jes\u00fas Ruiz<\/figcaption><\/figure>\n\n\n\n<p>Quiz\u00e1, hablar de Carnaval en plena sexta ola es un poco aventurado por nuestra parte, aunque dicen que esta puede ser ya la \u00faltima&#8230; Con esperanza de que el 2022 pueda ser algo diferente y hayamos salido ya del bucle os proponemos una escapada un tanto festiva a <a href=\"https:\/\/www.escapadarural.com\/casas-rurales\/tarazona-de-la-mancha\" class=\"rank-math-link\">Tarazona de la Mancha<\/a>. Un peque\u00f1o pueblo de Albacete que a finales de febrero se llena de color gracias a sus Carnavales, declarados de Inter\u00e9s Tur\u00edstico Regional.&nbsp;<\/p>\n\n\n\n<p>Sus or\u00edgenes son medievales. De hecho, Miguel de Cervantes en <em>El Quijote<\/em> ya hablaba de gente con disfraces por estas tierras de La Mancha.&nbsp;<\/p>\n\n\n\n<p>Y, en el caso de que tengan que volver a suspender las fiestas, no pasa nada. El pueblo de Tarazona de la Mancha sigue mereciendo una visita. Su conjunto urbano, dispuesto alrededor de la Plaza Mayor, es una maravilla que fue declarada Conjunto Hist\u00f3rico-Art\u00edstico en 1968. En \u00e9l podemos ver algunas casas hidalgas, pinturas rococ\u00f3s en la ermita de San Roque, la torre del chapitel de la ermita de San Ant\u00f3n, as\u00ed como el Monumento al Carnaval.<\/p>\n\n\n\n<div class=\"wp-block-buttons is-layout-flex wp-block-buttons-is-layout-flex\">\n<div class=\"wp-block-button\"><a class=\"wp-block-button__link wp-element-button\" href=\"https:\/\/www.escapadarural.com\/casas-rurales\/tarazona-de-la-mancha\">Casas rurales en Tarazona de la Mancha<\/a><\/div>\n<\/div>\n\n\n\n<h2 class=\"wp-block-heading\" id=\"h-marzo-chantada-lugo\"><strong>Marzo: Chantada (Lugo)<\/strong><\/h2>\n\n\n\n<figure class=\"wp-block-image size-large\"><a href=\"https:\/\/www.escapadarural.com\/blog\/wp-content\/uploads\/AdobeStock_102599226-scaled.jpeg\"><img decoding=\"async\" src=\"https:\/\/www.escapadarural.com\/blog\/wp-content\/uploads\/AdobeStock_102599226-1024x684.jpeg\" alt=\"\" class=\"wp-image-47816\"\/><\/a><figcaption class=\"wp-element-caption\">Vi\u00f1edos en Chantada. Por Luis Vilanova<\/figcaption><\/figure>\n\n\n\n<p>Aunque si pensamos en los cerezos en flor nuestra mente viaja hasta el valle del Jerte, existen muchos otros lugares en Espa\u00f1a donde poder disfrutar de este espect\u00e1culo de la naturaleza. Uno de ellos es <a href=\"https:\/\/www.escapadarural.com\/casas-rurales\/chantada\" class=\"rank-math-link\">Chantada<\/a>, en la Ribeira Sacra, donde a finales de marzo tiene lugar el <em><a href=\"https:\/\/es.wikipedia.org\/wiki\/Hanami#:~:text=Hanami%20(%E8%8A%B1%E8%A6%8B%20lit.,contemplar%20sus%20flores%20(sakura).\" target=\"_blank\" aria-label=\" (opens in a new tab)\" rel=\"noreferrer noopener nofollow\" class=\"rank-math-link\">hanami<\/a><\/em> gallego con la floraci\u00f3n de la <em>sakura<\/em> que hace que la la ribera chantadina del Mi\u00f1o cambie de color.&nbsp;<\/p>\n\n\n\n<p>Un espect\u00e1culo que podemos acompa\u00f1ar con una visita por su casco antiguo para disfrutar de su patrimonio rom\u00e1nico. En la plaza del Cant\u00f3n podemos visitar la Casona de Lemos, donde est\u00e1 la Oficina de Turismo; la iglesia vieja; as\u00ed como contemplar la arquitectura t\u00edpica del lugar, con galer\u00edas y balcones de madera.&nbsp;<\/p>\n\n\n\n<p>No hay que perderse un recorrido por la alameda, ni por el paseo fluvial del r\u00edo Asma, afluente del Mi\u00f1o.&nbsp;<\/p>\n\n\n\n<div class=\"wp-block-buttons is-layout-flex wp-block-buttons-is-layout-flex\">\n<div class=\"wp-block-button\"><a class=\"wp-block-button__link wp-element-button\" href=\"https:\/\/www.escapadarural.com\/casas-rurales\/chantada\">Casas rurales en Chantada<\/a><\/div>\n<\/div>\n\n\n\n<h2 class=\"wp-block-heading\" id=\"h-abril-san-andres-la-palma\"><strong>Abril: San Andr\u00e9s (La Palma)<\/strong><\/h2>\n\n\n\n<figure class=\"wp-block-image size-large\"><a href=\"https:\/\/www.escapadarural.com\/blog\/wp-content\/uploads\/1620px-La_Palma_-_San_Andres_y_Sauces_-_San_Andres_-_Calle_Plaza__Iglesia_de_San_Andres_01_ies.jpg\"><img decoding=\"async\" src=\"https:\/\/www.escapadarural.com\/blog\/wp-content\/uploads\/1620px-La_Palma_-_San_Andres_y_Sauces_-_San_Andres_-_Calle_Plaza__Iglesia_de_San_Andres_01_ies-1024x683.jpg\" alt=\"\" class=\"wp-image-47817\"\/><\/a><figcaption class=\"wp-element-caption\">San Andr\u00e9s. Por Frank Vincentz <\/figcaption><\/figure>\n\n\n\n<p>Abril es el mes perfecto para huir de las bajas temperaturas de la Pen\u00ednsula y recibir el buen tiempo en las Islas Canarias. De todas ellas, este a\u00f1o nos quedamos con <a href=\"https:\/\/www.escapadarural.com\/casas-rurales\/la-palma_zona-turistica\" class=\"rank-math-link\">La Palma<\/a>, que nos necesita m\u00e1s que nunca. Y qu\u00e9 mejor para disfrutar de su belleza y de su costa que el peque\u00f1o pueblo de San Andr\u00e9s. Una localidad llena de color cuyas casas est\u00e1n mirando al mar. Siguiendo su paseo mar\u00edtimo podemos llegar hasta el Charco Azul, una <a href=\"https:\/\/www.escapadarural.com\/blog\/domingueros-piscina-natural-gorga-boltana\/\" title=\"\u2018Domingueros\u2019, el concurso que no hay que ganar: la original y divertida iniciativa de Bolta\u00f1a para concienciar sobre el uso de su piscina natural\" data-wpil-monitor-id=\"1311\">piscina natural<\/a> y cristalina donde disfrutar del primer ba\u00f1o de la temporada.&nbsp;<\/p>\n\n\n\n<p>Para acceder a San Andr\u00e9s tendremos que cruzar el puente de un solo arco m\u00e1s grande de Espa\u00f1a. A Continuaci\u00f3n nos encontraremos con un conjunto de calles adoquinadas que nos llevan hasta su iglesia de San Andr\u00e9s Ap\u00f3stol, declarada Bien de Inter\u00e9s Cultural. A su alrededor lucen de colores amplias casas y casones con grandes ventanales.&nbsp;<\/p>\n\n\n\n<p>Desde el pueblo se puede ir hasta la cascada de los Tilos, un bosque de laurisilva Reserva Mundial de la Biosfera donde se <a href=\"https:\/\/www.escapadarural.com\/blog\/los-escenarios-de-the-witcher-en-espana\/\" class=\"rank-math-link\">rod\u00f3 la primera temporada de la serie The Witcher<\/a>.&nbsp;<\/p>\n\n\n\n<div class=\"wp-block-buttons is-layout-flex wp-block-buttons-is-layout-flex\">\n<div class=\"wp-block-button\"><a class=\"wp-block-button__link wp-element-button\" href=\"https:\/\/www.escapadarural.com\/casas-rurales\/la-palma_zona-turistica\">Casas rurales en La Palma<\/a><\/div>\n<\/div>\n\n\n\n<h2 class=\"wp-block-heading\" id=\"h-mayo-priego-de-cordoba-cordoba\"><strong>Mayo: Priego de C\u00f3rdoba (C\u00f3rdoba)<\/strong><\/h2>\n\n\n\n<figure class=\"wp-block-image size-large\"><a href=\"https:\/\/www.escapadarural.com\/blog\/wp-content\/uploads\/AdobeStock_226844574-scaled.jpeg\"><img decoding=\"async\" src=\"https:\/\/www.escapadarural.com\/blog\/wp-content\/uploads\/AdobeStock_226844574-1024x680.jpeg\" alt=\"\" class=\"wp-image-47819\"\/><\/a><figcaption class=\"wp-element-caption\">Priego de C\u00f3rdoba. Por AndreasJ<\/figcaption><\/figure>\n\n\n\n<p>Mayo son flores. Es el mes en el que C\u00f3rdoba se llena de color gracias a las flores y macetas que cubren los patios cordobeses. Un buen lugar para disfrutar de ello es en <a href=\"https:\/\/www.escapadarural.com\/casas-rurales\/priego-de-cordoba\" class=\"rank-math-link\">Priego de C\u00f3rdoba<\/a>, un peque\u00f1o pueblo blanco impoluto situado en la Subb\u00e9tica cordobesa. En el barrio de la Villa, declarado Conjunto Hist\u00f3rico \u2013 Art\u00edstico, se pueden ver numerosos geranios de todos los colores. All\u00ed es donde est\u00e1 la plaza de San Antonio, uno de los lugares m\u00e1s fotog\u00e9nicos de Priego de C\u00f3rdoba.<\/p>\n\n\n\n<p>Adem\u00e1s de por la flora, y la naturaleza en general -el pueblo est\u00e1 rodeado de un mar de olivos-, Priego de C\u00f3rdoba tambi\u00e9n destaca por el agua. La fuente del Rey, situada en el hom\u00f3nimo parque, est\u00e1 declarada Monumento Nacional. Es de estilo barroco y tiene 139 ca\u00f1os. Aunque no es la \u00fanica, en el mismo parque tambi\u00e9n est\u00e1 la fuente de La salud.&nbsp;<\/p>\n\n\n\n<p>Aunque si hay algo que llama la atenci\u00f3n en Priego de C\u00f3rdoba es su imponente castillo, levantado entre los siglos IX y X. Las vistas desde sus murallas son impresionantes.&nbsp;<\/p>\n\n\n\n<div class=\"wp-block-buttons is-layout-flex wp-block-buttons-is-layout-flex\">\n<div class=\"wp-block-button\"><a class=\"wp-block-button__link wp-element-button\" href=\"https:\/\/www.escapadarural.com\/casas-rurales\/priego-de-cordoba\">Casas rurales en Priego de C\u00f3rdoba<\/a><\/div>\n<\/div>\n\n\n\n<h2 class=\"wp-block-heading\" id=\"h-junio-chulilla-y-el-parque-natural-de-los-calderones-valencia\"><strong>Junio: Chulilla y el Parque Natural de Los Calderones (Valencia)<\/strong><\/h2>\n\n\n\n<figure class=\"wp-block-image size-large\"><a href=\"https:\/\/www.escapadarural.com\/blog\/wp-content\/uploads\/AdobeStock_415438131-scaled.jpeg\"><img decoding=\"async\" src=\"https:\/\/www.escapadarural.com\/blog\/wp-content\/uploads\/AdobeStock_415438131-1024x683.jpeg\" alt=\"Charco Azul de Chulilla\" class=\"wp-image-41290\"\/><\/a><figcaption class=\"wp-element-caption\">Charco Azul de Chulilla. Por ruthlaguna<\/figcaption><\/figure>\n\n\n\n<p>En el interior de <a href=\"https:\/\/www.escapadarural.com\/casas-rurales\/valencia\" class=\"rank-math-link\">Valencia<\/a>, el r\u00edo Turia se hace camino entre ca\u00f1ones en el Parque Natural Los Calderones. Entre uno de los barrancos, la erosi\u00f3n del agua y la mano del hombre crearon el Charco Azul de <a href=\"https:\/\/www.escapadarural.com\/casas-rurales\/chulilla\" class=\"rank-math-link\">Chulilla<\/a>. Una <a href=\"https:\/\/www.escapadarural.com\/blog\/ruta-a-los-tolls-de-siurana-de-prades\/\" title=\"Ruta a los tolls de Siurana de Prades: pozas cristalinas entre riscos\" data-wpil-monitor-id=\"1312\">poza de aguas cristalinas<\/a> aptas para el ba\u00f1o que los musulmanes crearon en el siglo XII para regar las plantaciones de los alrededores. En la zona del pozo a\u00fan hay restos de antiguas acequias y, m\u00e1s adelante, la presa.<\/p>\n\n\n\n<p>Para llegar hasta el <a href=\"https:\/\/www.escapadarural.com\/blog\/charco-azul-de-chulilla-una-piscina-natural-entre-el-canon-del-turia\/\" class=\"rank-math-link\">Charco Azul<\/a> podemos coger uno de los caminos que parten desde Chulilla. Aunque este no es el \u00fanico atractivo de los alrededores del pueblo. La ruta de Los pantaneros y la de los Calderones nos llevar\u00e1n hasta los populares puentes colgantes de hasta 15 metros de altura.&nbsp;<\/p>\n\n\n\n<p>Al principio del camino hay un mirador desde donde podemos disfrutar de unas incre\u00edbles vistas del barranco y del r\u00edo.&nbsp;<\/p>\n\n\n\n<div class=\"wp-block-buttons is-layout-flex wp-block-buttons-is-layout-flex\">\n<div class=\"wp-block-button\"><a class=\"wp-block-button__link wp-element-button\" href=\"https:\/\/www.escapadarural.com\/casas-rurales\/chulilla\">Casas rurales en Chulilla<\/a><\/div>\n<\/div>\n\n\n\n<h2 class=\"wp-block-heading\" id=\"h-julio-soller-mallorca\"><strong>Julio: S\u00f3ller (Mallorca)<\/strong><\/h2>\n\n\n\n<figure class=\"wp-block-image size-large\"><a href=\"https:\/\/www.escapadarural.com\/blog\/wp-content\/uploads\/AdobeStock_93926506-scaled.jpeg\"><img decoding=\"async\" src=\"https:\/\/www.escapadarural.com\/blog\/wp-content\/uploads\/AdobeStock_93926506-1024x683.jpeg\" alt=\"\" class=\"wp-image-47821\"\/><\/a><figcaption class=\"wp-element-caption\">S\u00f3ller. Por Wolfgang Jargstorff<\/figcaption><\/figure>\n\n\n\n<p>Entre el azul del Mediterr\u00e1neo y el verde de la sierra de Tramuntana est\u00e1 <a href=\"https:\/\/www.escapadarural.com\/casas-rurales\/soller\" class=\"rank-math-link\">S\u00f3ller<\/a>. Un peculiar pueblo que, hasta la construcci\u00f3n del ferrocarril que lo unir\u00eda con Palma (principios del siglo XX), estuvo completamente aislado. Por \u00e9l pasaron diferentes civilizaciones como los pretalay\u00f3ticos, talay\u00f3ticos, romanos, musulmanes y cristianos, de los que a\u00fan se conservan restos. Hasta su puerto tambi\u00e9n llegaron piratas y corsarios, que hicieron que sus habitantes tuvieran que levantar edificaciones defensivas como la torre Picada, del siglo XVII.&nbsp;<\/p>\n\n\n\n<p>Antiguamente, S\u00f3ller viv\u00eda principalmente del comercio mar\u00edtimo, de los olivos, el aceite y los c\u00edtricos, de ah\u00ed sus populares naranjas. La comunicaci\u00f3n con el resto de la isla era complicada, por lo que la mayor parte de su mercanc\u00eda part\u00eda hacia Francia. Esa relaci\u00f3n hizo que influyese en el vocabulario de los locales y en su arquitectura, que en ocasiones recuerda al pa\u00eds vecino. Por ejemplo, que las v\u00edas del tren crucen junto a la catedral.&nbsp;<\/p>\n\n\n\n<p>El valle de S\u00f3ller, cuyo paisaje est\u00e1 declarado Patrimonio de la Humanidad, cuenta con numerosas rutas de senderismo que cruzan la sierra de Tramuntana. De camino al barranco de Biniaraix podremos disfrutar de la cascada Gorg d\u00b4en Cat\u00ed, una de sus joyas escondidas.&nbsp;<\/p>\n\n\n\n<div class=\"wp-block-buttons is-layout-flex wp-block-buttons-is-layout-flex\">\n<div class=\"wp-block-button\"><a class=\"wp-block-button__link wp-element-button\" href=\"https:\/\/www.escapadarural.com\/casas-rurales\/soller\">Casas rurales en S\u00f3ller<\/a><\/div>\n<\/div>\n\n\n\n<h2 class=\"wp-block-heading\" id=\"h-agosto-parque-natural-de-somiedo-asturias\"><strong>Agosto: Parque Natural de Somiedo (Asturias)<\/strong><\/h2>\n\n\n\n<figure class=\"wp-block-image size-large\"><a href=\"https:\/\/www.escapadarural.com\/blog\/wp-content\/uploads\/AdobeStock_467430174-scaled.jpeg\"><img decoding=\"async\" src=\"https:\/\/www.escapadarural.com\/blog\/wp-content\/uploads\/AdobeStock_467430174-1024x683.jpeg\" alt=\"\" class=\"wp-image-47822\"\/><\/a><figcaption class=\"wp-element-caption\">Parque Natural de Somiedo. Por Ricardo Alg\u00e1r<\/figcaption><\/figure>\n\n\n\n<p>Asturias suele ser el <a href=\"\/vielha-refugio-climatico-natural\" title=\"A 15 grados en julio: este precioso pueblo del Pirineo catal\u00e1n es un refugio clim\u00e1tico\" data-wpil-monitor-id=\"1313\">destino predilecto de aquellos que buscan huir del calor durante el verano<\/a>. Tambi\u00e9n es una de las mejores \u00e9pocas para visitarla, ya que suele salir algo m\u00e1s el sol y las temperaturas son templadas. Es perfecta para recorrer sus espacios naturales como el <a href=\"https:\/\/www.escapadarural.com\/casas-rurales\/parque-natural-de-somiedo\" class=\"rank-math-link\">Parque Natural de Somiedo<\/a>, en el sudoeste del Principado.&nbsp;<\/p>\n\n\n\n<p>Aqu\u00ed es donde se encuentra el conjunto lacustre m\u00e1s importante de la cordillera cant\u00e1brica. Varias rutas de senderismo nos llevan hasta los lagos de Saliencia y el lago del Valle, uno de los m\u00e1s grandes. El Parque Natural de Somiedo es uno de los refugios del oso pardo, por lo que en el centro de informaci\u00f3n se pueden contratar rutas para avistar a estos enormes animales.&nbsp;<\/p>\n\n\n\n<p>Otro de sus atractivos es que entre la naturaleza tambi\u00e9n se pueden ver las antiguas bra\u00f1as que utilizaban los vaqueiros. Son uno de los conjuntos de construcciones de piedra y techumbre de escoba mejor conservados de todo Asturias. Podemos alojarnos en <a href=\"https:\/\/www.escapadarural.com\/casas-rurales\/teverga\" class=\"rank-math-link\">Teverga<\/a>, desde donde parte la Senda del Oso, podemos visitar la cueva Huerta y conocer el Parque de la Prehistoria.&nbsp;<\/p>\n\n\n\n<div class=\"wp-block-buttons is-layout-flex wp-block-buttons-is-layout-flex\">\n<div class=\"wp-block-button\"><a class=\"wp-block-button__link wp-element-button\" href=\"https:\/\/www.escapadarural.com\/casas-rurales\/parque-natural-de-somiedo\">Casas rurales en Somiedo<\/a><\/div>\n<\/div>\n\n\n\n<h2 class=\"wp-block-heading\" id=\"h-septiembre-sajazarra-la-rioja\"><strong>Septiembre: Sajazarra (La Rioja)<\/strong><\/h2>\n\n\n\n<figure class=\"wp-block-image size-large\"><a href=\"https:\/\/www.escapadarural.com\/blog\/wp-content\/uploads\/AdobeStock_273602179-scaled.jpeg\"><img decoding=\"async\" src=\"https:\/\/www.escapadarural.com\/blog\/wp-content\/uploads\/AdobeStock_273602179-1024x683.jpeg\" alt=\"\" class=\"wp-image-47823\"\/><\/a><figcaption class=\"wp-element-caption\">Sajarraza. Por Noradoa<\/figcaption><\/figure>\n\n\n\n<p>Perteneciente al municipio de Haro, el pueblo de <a href=\"https:\/\/www.escapadarural.com\/casas-rurales\/sajazarra\" class=\"rank-math-link\">Sajarraza<\/a> est\u00e1 envuelto en vi\u00f1edos, por lo que es el destino perfecto para hacer enoturismo y descubrir sus maravillas medievales.&nbsp;<\/p>\n\n\n\n<p>El castillo de la localidad, construido en el siglo XV, actualmente pertenece al Se\u00f1or\u00edo del L\u00edbano. Es uno de los mejores conservados de La Rioja y en sus interiores, adem\u00e1s de catar algunos de los mejores caldos de la zona, tambi\u00e9n se puede conocer la historia y tradiciones de Sajazarra. Existen diferentes tipos de visitas y experiencias.&nbsp;<\/p>\n\n\n\n<p>Esta villa medieval est\u00e1 situada en la vega del r\u00edo Ea, a\u00fan conserva restos de las antiguas murallas y una de las puertas de entrada: la del Arco. Adosado al muro defensivo tambi\u00e9n est\u00e1 la iglesia de la Asunci\u00f3n, de estilo rom\u00e1nico; y, algo apartada del casco urbano, podemos encontrar la ermita de Santa Mar\u00eda de Cillas, del siglo XIII.&nbsp;<\/p>\n\n\n\n<div class=\"wp-block-buttons is-layout-flex wp-block-buttons-is-layout-flex\">\n<div class=\"wp-block-button\"><a class=\"wp-block-button__link wp-element-button\" href=\"https:\/\/www.escapadarural.com\/casas-rurales\/sajazarra\">Casas rurales en Sajarraza<\/a><\/div>\n<\/div>\n\n\n\n<h2 class=\"wp-block-heading\" id=\"h-octubre-sierra-de-andujar-jaen\"><strong>Octubre: Sierra de And\u00fajar (Ja\u00e9n)<\/strong><\/h2>\n\n\n\n<figure class=\"wp-block-image size-large\"><a href=\"https:\/\/www.escapadarural.com\/blog\/wp-content\/uploads\/AdobeStock_415494744-scaled.jpeg\"><img decoding=\"async\" src=\"https:\/\/www.escapadarural.com\/blog\/wp-content\/uploads\/AdobeStock_415494744-1024x680.jpeg\" alt=\"\" class=\"wp-image-47826\"\/><\/a><figcaption class=\"wp-element-caption\">Sierra de And\u00fajar. Por Dani<\/figcaption><\/figure>\n\n\n\n<p>En octubre es tiempo de berrea y qu\u00e9 mejor que disfrutar de este espect\u00e1culo animal que con un recorrido por la <a href=\"https:\/\/www.escapadarural.com\/casas-rurales\/sierra-de-andujar\" class=\"rank-math-link\">sierra de And\u00fajar<\/a>, en Ja\u00e9n. Durante el camino podr\u00e1s ver ciervos en libertad, sobre todo en la ribera del r\u00edo J\u00e1ndula, donde suelen ir a beber. Si tienes suerte, incluso podr\u00e1s presenciar una pelea de astas entre los machos. Esta zona de la sierra tambi\u00e9n es id\u00f3nea para el avistamiento de aves, pues se pueden ver \u00e1guilas imperiales, el mart\u00edn pescador, buitres negros y leonados, etc.&nbsp;<\/p>\n\n\n\n<p>Aunque, sin duda, el rey del parque es el lince ib\u00e9rico. En la sierra de And\u00fajar hay unos 200 ejemplares, el mayor n\u00famero de nuestro pa\u00eds. En esta \u00e9poca suelen vivir en soledad, por lo que habr\u00e1 que estar muy atentos mientras de fondo disfrutamos de los berridos de los ciervos. Para conocer m\u00e1s acerca de la fauna del parque puedes visitar el Centro de Interpretaci\u00f3n del Parque Natural Sierra de And\u00fajar o hacer una ruta guiada con expertos como Iberian Lynx Land.&nbsp;<\/p>\n\n\n\n<p>Para completar nuestra escapada podemos hacer noche en el mismo pueblo de And\u00fajar, que cuenta con un rico patrimonio cultural. Adem\u00e1s, Ja\u00e9n es tierra de castillos, por lo si quieres visitar uno de los m\u00e1s imponentes, muy cerca est\u00e1 Ba\u00f1os de la Encina. Este pueblo con encanto dispone de un conjunto fortificado omeya.&nbsp;<\/p>\n\n\n\n<div class=\"wp-block-buttons is-layout-flex wp-block-buttons-is-layout-flex\">\n<div class=\"wp-block-button\"><a class=\"wp-block-button__link wp-element-button\" href=\"https:\/\/www.escapadarural.com\/casas-rurales\/sierra-de-andujar\">Casas rurales en la sierra de And\u00fajar<\/a><\/div>\n<\/div>\n\n\n\n<h2 class=\"wp-block-heading\" id=\"h-noviembre-olivenza-badajoz\"><strong>Noviembre: Olivenza (Badajoz)<\/strong><\/h2>\n\n\n\n<figure class=\"wp-block-image size-large\"><a href=\"https:\/\/www.escapadarural.com\/blog\/wp-content\/uploads\/AdobeStock_344248084-scaled.jpeg\"><img decoding=\"async\" src=\"https:\/\/www.escapadarural.com\/blog\/wp-content\/uploads\/AdobeStock_344248084-1024x683.jpeg\" alt=\"\" class=\"wp-image-47827\"\/><\/a><figcaption class=\"wp-element-caption\">Olivenza. Por Jorge Anastacio<\/figcaption><\/figure>\n\n\n\n<p>Situada justo en la frontera con Portugal, <a href=\"https:\/\/www.escapadarural.com\/casas-rurales\/olivenza\" class=\"rank-math-link\">Olivenza<\/a> form\u00f3 parte del pa\u00eds luso durante cinco siglos, por lo que no es de extra\u00f1ar que este pueblo extreme\u00f1o blanco impoluto tenga doble identidad. All\u00ed hasta hablan su propio idioma pues, adem\u00e1s de espa\u00f1ol, muchos de sus habitantes hablan el portugu\u00e9s oliventino. De hecho, los nombres de las calles est\u00e1n en ambos idiomas.&nbsp;<\/p>\n\n\n\n<p>Debido a su situaci\u00f3n geogr\u00e1fica, Olivenza cuenta con un imponente alc\u00e1zar en el que a\u00fan se conservan sus murallas del siglo XIV con su torre del Homenaje. Actualmente el recinto acoge el Museo Etnogr\u00e1fico Gonz\u00e1lez Santana.&nbsp;<\/p>\n\n\n\n<p>El casco hist\u00f3rico de <a href=\"https:\/\/www.escapadarural.com\/blog\/olivenza-el-pueblo-de-badajoz-con-doble-nacionalidad\/\" class=\"rank-math-link\">Olivenza<\/a> tambi\u00e9n nos recuerda al de muchos pueblos del vecino Portugal, con sus calles empedradas, con mosaicos y azulejos. As\u00ed como algunos de sus monumentos, como la iglesia de La Magdalena, de estilo g\u00f3tico manuelino. Podemos cruzar la frontera por el puente de Nuestra Se\u00f1ora de la Ajuda, construido en el siglo XVI sobre el Guadiana, hasta llegar a Elvas. Esta ciudad lusa situada en el Alentejo est\u00e1 declarada Patrimonio de la Humanidad.&nbsp;<\/p>\n\n\n\n<div class=\"wp-block-buttons is-layout-flex wp-block-buttons-is-layout-flex\">\n<div class=\"wp-block-button\"><a class=\"wp-block-button__link wp-element-button\" href=\"https:\/\/www.escapadarural.com\/casas-rurales\/olivenza\">Casas rurales en Olivenza<\/a><\/div>\n<\/div>\n\n\n\n<h2 class=\"wp-block-heading\" id=\"h-diciembre-puebla-de-sanabria-zamora\"><strong>Diciembre: Puebla de Sanabria (Zamora)<\/strong><\/h2>\n\n\n\n<figure class=\"wp-block-image size-large\"><a href=\"https:\/\/www.escapadarural.com\/blog\/wp-content\/uploads\/AdobeStock_303948815-scaled.jpeg\"><img decoding=\"async\" src=\"https:\/\/www.escapadarural.com\/blog\/wp-content\/uploads\/AdobeStock_303948815-1024x684.jpeg\" alt=\"\" class=\"wp-image-47828\"\/><\/a><figcaption class=\"wp-element-caption\">Puebla de Sanabria. Por DoloresGiraldez<\/figcaption><\/figure>\n\n\n\n<p><a href=\"https:\/\/www.escapadarural.com\/casas-rurales\/puebla-de-sanabria\" class=\"rank-math-link\">Puebla de Sanabria<\/a> es el pueblo de la Navidad por excelencia. Con la llegada de diciembre, su casco urbano se cubre de color dorado debido a las casi 220 luces -este a\u00f1o de bajo consumo- que iluminan todo el pueblo. Un cartel gigante sobre la fachada del Ayuntamiento nos desea a todos \u00a1Feliz Navidad! Ahora sin citar a la marca de chocolates que le llev\u00f3 a aparecer en el anuncio navide\u00f1o de televisi\u00f3n.&nbsp; Desde entonces, el encendido de las luces es uno de los eventos m\u00e1s esperados del a\u00f1o.&nbsp;<\/p>\n\n\n\n<p>Debido a su proximidad con Portugal, Puebla de Sanabria se trata de un pueblo fortificado con murallas defensivas. Cuenta con un castillo del siglo XV, el de los Condes de Benavente, con torre del homenaje y donde actualmente est\u00e1 ubicada la Oficina de Turismo. El Ayuntamiento es otro de los edificios m\u00e1s caracter\u00edsticos del pueblo que est\u00e1 considerado monumento. La belleza de su arquitectura medieval y el cuidado de su centro urbano ha hecho que est\u00e9 declarada Conjunto Hist\u00f3rico Art\u00edstico.&nbsp;<\/p>\n\n\n\n<p>Podemos completar nuestra escapada rural navide\u00f1a acerc\u00e1ndonos hasta el Parque Natural Lago de Sanabria, un espacio protegido entre las sierras Segundera y Cabrera. Es el lago de origen glaciar m\u00e1s grande de la Pen\u00ednsula ib\u00e9rica.<\/p>\n\n\n\n<div class=\"wp-block-buttons is-layout-flex wp-block-buttons-is-layout-flex\">\n<div class=\"wp-block-button\"><a class=\"wp-block-button__link wp-element-button\" href=\"https:\/\/www.escapadarural.com\/casas-rurales\/puebla-de-sanabria\">Casas rurales en Puebla de Sanabria<\/a><\/div>\n<\/div>\n","protected":false},"excerpt":{"rendered":"<p>\u00bfSer\u00e1 el 2022 el final del Covid-19? No lo sabemos, pero mientras vamos caminando lentamente hacia la luz, nosotros ya estamos pensando en todas esos lugares donde recuperaremos el tiempo perdido. Estas son 12 escapadas rurales, uno para cada mes del a\u00f1o, donde podremos disfrutar de los mejores rincones naturales y patrimoniales de nuestro pa\u00eds. <\/p>\n","protected":false},"author":85,"featured_media":100161,"comment_status":"open","ping_status":"open","sticky":false,"template":"","format":"standard","meta":{"_acf_changed":false,"om_disable_all_campaigns":false,"footnotes":""},"categories":[191],"tags":[2050,308,1698,518,215,196,762,410,602,588],"class_list":["post-47814","post","type-post","status-publish","format-standard","has-post-thumbnail","hentry","category-destinos","tag-escapadas","tag-que-ver-en-jaen","tag-la-palma","tag-que-ver-en-la-rioja","tag-listado","tag-que-ver-en-lleida","tag-que-ver-en-lugo","tag-mallorca","tag-que-ver-en-valencia","tag-que-ver-en-zamora"],"acf":[],"featured_image_src":"https:\/\/www.escapadarural.com\/blog\/wp-content\/uploads\/2024\/10\/AdobeStock_467430174-1024x683-3.jpeg","author_info":{"display_name":"Redacci\u00f3n ER","author_link":"https:\/\/www.escapadarural.com\/blog\/autor\/admin\/"},"yoast_head":"<!-- This site is optimized with the Yoast SEO plugin v27.5 - https:\/\/yoast.com\/product\/yoast-seo-wordpress\/ -->\n<title>12 escapadas rurales para el 2022 - EscapadaRural<\/title>\n<meta name=\"robots\" content=\"index, follow, max-snippet:-1, max-image-preview:large, max-video-preview:-1\" \/>\n<link rel=\"canonical\" href=\"https:\/\/www.escapadarural.com\/blog\/escapadas-rurales-para-el-2022\/\" \/>\n<meta property=\"og:locale\" content=\"es_ES\" \/>\n<meta property=\"og:type\" content=\"article\" \/>\n<meta property=\"og:title\" content=\"12 escapadas rurales para el 2022 - EscapadaRural\" \/>\n<meta property=\"og:description\" content=\"\u00bfSer\u00e1 el 2022 el final del Covid-19? No lo sabemos, pero mientras vamos caminando lentamente hacia la luz, nosotros ya estamos pensando en todas esos lugares donde recuperaremos el tiempo perdido. Estas son 12 escapadas rurales, uno para cada mes del a\u00f1o, donde podremos disfrutar de los mejores rincones naturales y patrimoniales de nuestro pa\u00eds.\" \/>\n<meta property=\"og:url\" content=\"https:\/\/www.escapadarural.com\/blog\/escapadas-rurales-para-el-2022\/\" \/>\n<meta property=\"og:site_name\" content=\"Magazine de viajes de EscapadaRural\" \/>\n<meta property=\"article:publisher\" content=\"https:\/\/www.facebook.com\/escapadarural\" \/>\n<meta property=\"article:published_time\" content=\"2022-01-03T08:34:26+00:00\" \/>\n<meta property=\"article:modified_time\" content=\"2025-08-08T12:03:59+00:00\" \/>\n<meta property=\"og:image\" content=\"https:\/\/www.escapadarural.com\/blog\/wp-content\/uploads\/2024\/10\/AdobeStock_467430174-1024x683-3.jpeg?v=1754654644\" \/>\n\t<meta property=\"og:image:width\" content=\"1024\" \/>\n\t<meta property=\"og:image:height\" content=\"683\" \/>\n\t<meta property=\"og:image:type\" content=\"image\/jpeg\" \/>\n<meta name=\"author\" content=\"Redacci\u00f3n ER\" \/>\n<meta name=\"twitter:card\" content=\"summary_large_image\" \/>\n<meta name=\"twitter:label1\" content=\"Escrito por\" \/>\n\t<meta name=\"twitter:data1\" content=\"Redacci\u00f3n ER\" \/>\n\t<meta name=\"twitter:label2\" content=\"Tiempo de lectura\" \/>\n\t<meta name=\"twitter:data2\" content=\"13 minutos\" \/>\n<script type=\"application\/ld+json\" class=\"yoast-schema-graph\">{\"@context\":\"https:\\\/\\\/schema.org\",\"@graph\":[{\"@type\":\"Article\",\"@id\":\"https:\\\/\\\/www.escapadarural.com\\\/blog\\\/escapadas-rurales-para-el-2022\\\/#article\",\"isPartOf\":{\"@id\":\"https:\\\/\\\/www.escapadarural.com\\\/blog\\\/escapadas-rurales-para-el-2022\\\/\"},\"author\":{\"name\":\"Redacci\u00f3n ER\",\"@id\":\"https:\\\/\\\/www.escapadarural.com\\\/blog\\\/#\\\/schema\\\/person\\\/bd5b0d7ad308a0bf4efed73e8308b4fa\"},\"headline\":\"12 escapadas rurales para el 2022\",\"datePublished\":\"2022-01-03T08:34:26+00:00\",\"dateModified\":\"2025-08-08T12:03:59+00:00\",\"mainEntityOfPage\":{\"@id\":\"https:\\\/\\\/www.escapadarural.com\\\/blog\\\/escapadas-rurales-para-el-2022\\\/\"},\"wordCount\":2595,\"commentCount\":0,\"publisher\":{\"@id\":\"https:\\\/\\\/www.escapadarural.com\\\/blog\\\/#organization\"},\"image\":{\"@id\":\"https:\\\/\\\/www.escapadarural.com\\\/blog\\\/escapadas-rurales-para-el-2022\\\/#primaryimage\"},\"thumbnailUrl\":\"https:\\\/\\\/www.escapadarural.com\\\/blog\\\/wp-content\\\/uploads\\\/2024\\\/10\\\/AdobeStock_467430174-1024x683-3.jpeg\",\"keywords\":[\"Escapadas\",\"Ja\u00e9n\",\"La Palma\",\"La Rioja\",\"Listado\",\"Lleida\",\"Lugo\",\"Mallorca\",\"Valencia\",\"Zamora\"],\"articleSection\":[\"Destinos\"],\"inLanguage\":\"es\",\"potentialAction\":[{\"@type\":\"CommentAction\",\"name\":\"Comment\",\"target\":[\"https:\\\/\\\/www.escapadarural.com\\\/blog\\\/escapadas-rurales-para-el-2022\\\/#respond\"]}]},{\"@type\":\"WebPage\",\"@id\":\"https:\\\/\\\/www.escapadarural.com\\\/blog\\\/escapadas-rurales-para-el-2022\\\/\",\"url\":\"https:\\\/\\\/www.escapadarural.com\\\/blog\\\/escapadas-rurales-para-el-2022\\\/\",\"name\":\"12 escapadas rurales para el 2022 - EscapadaRural\",\"isPartOf\":{\"@id\":\"https:\\\/\\\/www.escapadarural.com\\\/blog\\\/#website\"},\"primaryImageOfPage\":{\"@id\":\"https:\\\/\\\/www.escapadarural.com\\\/blog\\\/escapadas-rurales-para-el-2022\\\/#primaryimage\"},\"image\":{\"@id\":\"https:\\\/\\\/www.escapadarural.com\\\/blog\\\/escapadas-rurales-para-el-2022\\\/#primaryimage\"},\"thumbnailUrl\":\"https:\\\/\\\/www.escapadarural.com\\\/blog\\\/wp-content\\\/uploads\\\/2024\\\/10\\\/AdobeStock_467430174-1024x683-3.jpeg\",\"datePublished\":\"2022-01-03T08:34:26+00:00\",\"dateModified\":\"2025-08-08T12:03:59+00:00\",\"breadcrumb\":{\"@id\":\"https:\\\/\\\/www.escapadarural.com\\\/blog\\\/escapadas-rurales-para-el-2022\\\/#breadcrumb\"},\"inLanguage\":\"es\",\"potentialAction\":[{\"@type\":\"ReadAction\",\"target\":[\"https:\\\/\\\/www.escapadarural.com\\\/blog\\\/escapadas-rurales-para-el-2022\\\/\"]}]},{\"@type\":\"ImageObject\",\"inLanguage\":\"es\",\"@id\":\"https:\\\/\\\/www.escapadarural.com\\\/blog\\\/escapadas-rurales-para-el-2022\\\/#primaryimage\",\"url\":\"https:\\\/\\\/www.escapadarural.com\\\/blog\\\/wp-content\\\/uploads\\\/2024\\\/10\\\/AdobeStock_467430174-1024x683-3.jpeg\",\"contentUrl\":\"https:\\\/\\\/www.escapadarural.com\\\/blog\\\/wp-content\\\/uploads\\\/2024\\\/10\\\/AdobeStock_467430174-1024x683-3.jpeg\",\"width\":1024,\"height\":683,\"caption\":\"Caba\u00f1as de piedra con techo de paja en una ladera cubierta de hierba se asoman a un tranquilo lago azul, rodeado de escarpadas monta\u00f1as bajo un cielo azul despejado.\"},{\"@type\":\"BreadcrumbList\",\"@id\":\"https:\\\/\\\/www.escapadarural.com\\\/blog\\\/escapadas-rurales-para-el-2022\\\/#breadcrumb\",\"itemListElement\":[{\"@type\":\"ListItem\",\"position\":1,\"name\":\"Inicio\",\"item\":\"https:\\\/\\\/www.escapadarural.com\\\/blog\\\/\"},{\"@type\":\"ListItem\",\"position\":2,\"name\":\"Destinos\",\"item\":\"https:\\\/\\\/www.escapadarural.com\\\/blog\\\/categoria\\\/destinos\\\/\"},{\"@type\":\"ListItem\",\"position\":3,\"name\":\"12 escapadas rurales para el 2022\"}]},{\"@type\":\"WebSite\",\"@id\":\"https:\\\/\\\/www.escapadarural.com\\\/blog\\\/#website\",\"url\":\"https:\\\/\\\/www.escapadarural.com\\\/blog\\\/\",\"name\":\"Blog de viajes | turismo rural, alojamientos e inspiraci\u00f3n\",\"description\":\"Alojamientos rurales e inspiraci\u00f3n para tus escapadas\",\"publisher\":{\"@id\":\"https:\\\/\\\/www.escapadarural.com\\\/blog\\\/#organization\"},\"alternateName\":\"Magazine de viajes de EscapadaRural\",\"potentialAction\":[{\"@type\":\"SearchAction\",\"target\":{\"@type\":\"EntryPoint\",\"urlTemplate\":\"https:\\\/\\\/www.escapadarural.com\\\/blog\\\/?s={search_term_string}\"},\"query-input\":{\"@type\":\"PropertyValueSpecification\",\"valueRequired\":true,\"valueName\":\"search_term_string\"}}],\"inLanguage\":\"es\"},{\"@type\":\"Organization\",\"@id\":\"https:\\\/\\\/www.escapadarural.com\\\/blog\\\/#organization\",\"name\":\"EscapadaRural\",\"url\":\"https:\\\/\\\/www.escapadarural.com\\\/blog\\\/\",\"logo\":{\"@type\":\"ImageObject\",\"inLanguage\":\"es\",\"@id\":\"https:\\\/\\\/www.escapadarural.com\\\/blog\\\/#\\\/schema\\\/logo\\\/image\\\/\",\"url\":\"https:\\\/\\\/www.escapadarural.com\\\/blog\\\/wp-content\\\/uploads\\\/2024\\\/10\\\/cropped-cropped-escapada-rural-icon-mag-3.png\",\"contentUrl\":\"https:\\\/\\\/www.escapadarural.com\\\/blog\\\/wp-content\\\/uploads\\\/2024\\\/10\\\/cropped-cropped-escapada-rural-icon-mag-3.png\",\"width\":512,\"height\":512,\"caption\":\"EscapadaRural\"},\"image\":{\"@id\":\"https:\\\/\\\/www.escapadarural.com\\\/blog\\\/#\\\/schema\\\/logo\\\/image\\\/\"},\"sameAs\":[\"https:\\\/\\\/www.facebook.com\\\/escapadarural\",\"https:\\\/\\\/www.instagram.com\\\/escapadarural\\\/\",\"https:\\\/\\\/www.youtube.com\\\/@escapadaruralcom\"]},{\"@type\":\"Person\",\"@id\":\"https:\\\/\\\/www.escapadarural.com\\\/blog\\\/#\\\/schema\\\/person\\\/bd5b0d7ad308a0bf4efed73e8308b4fa\",\"name\":\"Redacci\u00f3n ER\",\"image\":{\"@type\":\"ImageObject\",\"inLanguage\":\"es\",\"@id\":\"https:\\\/\\\/www.escapadarural.com\\\/blog\\\/wp-content\\\/uploads\\\/2024\\\/10\\\/cropped-cropped-escapada-rural-icon-mag-3-96x96.png\",\"url\":\"https:\\\/\\\/www.escapadarural.com\\\/blog\\\/wp-content\\\/uploads\\\/2024\\\/10\\\/cropped-cropped-escapada-rural-icon-mag-3-96x96.png\",\"contentUrl\":\"https:\\\/\\\/www.escapadarural.com\\\/blog\\\/wp-content\\\/uploads\\\/2024\\\/10\\\/cropped-cropped-escapada-rural-icon-mag-3-96x96.png\",\"caption\":\"Redacci\u00f3n ER\"},\"description\":\"Nos encanta inspirar a viajeros y ayudar a los propietarios con nuestros contenidos\",\"url\":\"https:\\\/\\\/www.escapadarural.com\\\/blog\\\/autor\\\/admin\\\/\"}]}<\/script>\n<!-- \/ Yoast SEO plugin. -->","yoast_head_json":{"title":"12 escapadas rurales para el 2022 - EscapadaRural","robots":{"index":"index","follow":"follow","max-snippet":"max-snippet:-1","max-image-preview":"max-image-preview:large","max-video-preview":"max-video-preview:-1"},"canonical":"https:\/\/www.escapadarural.com\/blog\/escapadas-rurales-para-el-2022\/","og_locale":"es_ES","og_type":"article","og_title":"12 escapadas rurales para el 2022 - EscapadaRural","og_description":"\u00bfSer\u00e1 el 2022 el final del Covid-19? No lo sabemos, pero mientras vamos caminando lentamente hacia la luz, nosotros ya estamos pensando en todas esos lugares donde recuperaremos el tiempo perdido. Estas son 12 escapadas rurales, uno para cada mes del a\u00f1o, donde podremos disfrutar de los mejores rincones naturales y patrimoniales de nuestro pa\u00eds.","og_url":"https:\/\/www.escapadarural.com\/blog\/escapadas-rurales-para-el-2022\/","og_site_name":"Magazine de viajes de EscapadaRural","article_publisher":"https:\/\/www.facebook.com\/escapadarural","article_published_time":"2022-01-03T08:34:26+00:00","article_modified_time":"2025-08-08T12:03:59+00:00","og_image":[{"width":1024,"height":683,"url":"https:\/\/www.escapadarural.com\/blog\/wp-content\/uploads\/2024\/10\/AdobeStock_467430174-1024x683-3.jpeg?v=1754654644","type":"image\/jpeg"}],"author":"Redacci\u00f3n ER","twitter_card":"summary_large_image","twitter_misc":{"Escrito por":"Redacci\u00f3n ER","Tiempo de lectura":"13 minutos"},"schema":{"@context":"https:\/\/schema.org","@graph":[{"@type":"Article","@id":"https:\/\/www.escapadarural.com\/blog\/escapadas-rurales-para-el-2022\/#article","isPartOf":{"@id":"https:\/\/www.escapadarural.com\/blog\/escapadas-rurales-para-el-2022\/"},"author":{"name":"Redacci\u00f3n ER","@id":"https:\/\/www.escapadarural.com\/blog\/#\/schema\/person\/bd5b0d7ad308a0bf4efed73e8308b4fa"},"headline":"12 escapadas rurales para el 2022","datePublished":"2022-01-03T08:34:26+00:00","dateModified":"2025-08-08T12:03:59+00:00","mainEntityOfPage":{"@id":"https:\/\/www.escapadarural.com\/blog\/escapadas-rurales-para-el-2022\/"},"wordCount":2595,"commentCount":0,"publisher":{"@id":"https:\/\/www.escapadarural.com\/blog\/#organization"},"image":{"@id":"https:\/\/www.escapadarural.com\/blog\/escapadas-rurales-para-el-2022\/#primaryimage"},"thumbnailUrl":"https:\/\/www.escapadarural.com\/blog\/wp-content\/uploads\/2024\/10\/AdobeStock_467430174-1024x683-3.jpeg","keywords":["Escapadas","Ja\u00e9n","La Palma","La Rioja","Listado","Lleida","Lugo","Mallorca","Valencia","Zamora"],"articleSection":["Destinos"],"inLanguage":"es","potentialAction":[{"@type":"CommentAction","name":"Comment","target":["https:\/\/www.escapadarural.com\/blog\/escapadas-rurales-para-el-2022\/#respond"]}]},{"@type":"WebPage","@id":"https:\/\/www.escapadarural.com\/blog\/escapadas-rurales-para-el-2022\/","url":"https:\/\/www.escapadarural.com\/blog\/escapadas-rurales-para-el-2022\/","name":"12 escapadas rurales para el 2022 - EscapadaRural","isPartOf":{"@id":"https:\/\/www.escapadarural.com\/blog\/#website"},"primaryImageOfPage":{"@id":"https:\/\/www.escapadarural.com\/blog\/escapadas-rurales-para-el-2022\/#primaryimage"},"image":{"@id":"https:\/\/www.escapadarural.com\/blog\/escapadas-rurales-para-el-2022\/#primaryimage"},"thumbnailUrl":"https:\/\/www.escapadarural.com\/blog\/wp-content\/uploads\/2024\/10\/AdobeStock_467430174-1024x683-3.jpeg","datePublished":"2022-01-03T08:34:26+00:00","dateModified":"2025-08-08T12:03:59+00:00","breadcrumb":{"@id":"https:\/\/www.escapadarural.com\/blog\/escapadas-rurales-para-el-2022\/#breadcrumb"},"inLanguage":"es","potentialAction":[{"@type":"ReadAction","target":["https:\/\/www.escapadarural.com\/blog\/escapadas-rurales-para-el-2022\/"]}]},{"@type":"ImageObject","inLanguage":"es","@id":"https:\/\/www.escapadarural.com\/blog\/escapadas-rurales-para-el-2022\/#primaryimage","url":"https:\/\/www.escapadarural.com\/blog\/wp-content\/uploads\/2024\/10\/AdobeStock_467430174-1024x683-3.jpeg","contentUrl":"https:\/\/www.escapadarural.com\/blog\/wp-content\/uploads\/2024\/10\/AdobeStock_467430174-1024x683-3.jpeg","width":1024,"height":683,"caption":"Caba\u00f1as de piedra con techo de paja en una ladera cubierta de hierba se asoman a un tranquilo lago azul, rodeado de escarpadas monta\u00f1as bajo un cielo azul despejado."},{"@type":"BreadcrumbList","@id":"https:\/\/www.escapadarural.com\/blog\/escapadas-rurales-para-el-2022\/#breadcrumb","itemListElement":[{"@type":"ListItem","position":1,"name":"Inicio","item":"https:\/\/www.escapadarural.com\/blog\/"},{"@type":"ListItem","position":2,"name":"Destinos","item":"https:\/\/www.escapadarural.com\/blog\/categoria\/destinos\/"},{"@type":"ListItem","position":3,"name":"12 escapadas rurales para el 2022"}]},{"@type":"WebSite","@id":"https:\/\/www.escapadarural.com\/blog\/#website","url":"https:\/\/www.escapadarural.com\/blog\/","name":"Blog de viajes | turismo rural, alojamientos e inspiraci\u00f3n","description":"Alojamientos rurales e inspiraci\u00f3n para tus escapadas","publisher":{"@id":"https:\/\/www.escapadarural.com\/blog\/#organization"},"alternateName":"Magazine de viajes de EscapadaRural","potentialAction":[{"@type":"SearchAction","target":{"@type":"EntryPoint","urlTemplate":"https:\/\/www.escapadarural.com\/blog\/?s={search_term_string}"},"query-input":{"@type":"PropertyValueSpecification","valueRequired":true,"valueName":"search_term_string"}}],"inLanguage":"es"},{"@type":"Organization","@id":"https:\/\/www.escapadarural.com\/blog\/#organization","name":"EscapadaRural","url":"https:\/\/www.escapadarural.com\/blog\/","logo":{"@type":"ImageObject","inLanguage":"es","@id":"https:\/\/www.escapadarural.com\/blog\/#\/schema\/logo\/image\/","url":"https:\/\/www.escapadarural.com\/blog\/wp-content\/uploads\/2024\/10\/cropped-cropped-escapada-rural-icon-mag-3.png","contentUrl":"https:\/\/www.escapadarural.com\/blog\/wp-content\/uploads\/2024\/10\/cropped-cropped-escapada-rural-icon-mag-3.png","width":512,"height":512,"caption":"EscapadaRural"},"image":{"@id":"https:\/\/www.escapadarural.com\/blog\/#\/schema\/logo\/image\/"},"sameAs":["https:\/\/www.facebook.com\/escapadarural","https:\/\/www.instagram.com\/escapadarural\/","https:\/\/www.youtube.com\/@escapadaruralcom"]},{"@type":"Person","@id":"https:\/\/www.escapadarural.com\/blog\/#\/schema\/person\/bd5b0d7ad308a0bf4efed73e8308b4fa","name":"Redacci\u00f3n ER","image":{"@type":"ImageObject","inLanguage":"es","@id":"https:\/\/www.escapadarural.com\/blog\/wp-content\/uploads\/2024\/10\/cropped-cropped-escapada-rural-icon-mag-3-96x96.png","url":"https:\/\/www.escapadarural.com\/blog\/wp-content\/uploads\/2024\/10\/cropped-cropped-escapada-rural-icon-mag-3-96x96.png","contentUrl":"https:\/\/www.escapadarural.com\/blog\/wp-content\/uploads\/2024\/10\/cropped-cropped-escapada-rural-icon-mag-3-96x96.png","caption":"Redacci\u00f3n ER"},"description":"Nos encanta inspirar a viajeros y ayudar a los propietarios con nuestros contenidos","url":"https:\/\/www.escapadarural.com\/blog\/autor\/admin\/"}]}},"_links":{"self":[{"href":"https:\/\/www.escapadarural.com\/blog\/wp-json\/wp\/v2\/posts\/47814","targetHints":{"allow":["GET"]}}],"collection":[{"href":"https:\/\/www.escapadarural.com\/blog\/wp-json\/wp\/v2\/posts"}],"about":[{"href":"https:\/\/www.escapadarural.com\/blog\/wp-json\/wp\/v2\/types\/post"}],"author":[{"embeddable":true,"href":"https:\/\/www.escapadarural.com\/blog\/wp-json\/wp\/v2\/users\/85"}],"replies":[{"embeddable":true,"href":"https:\/\/www.escapadarural.com\/blog\/wp-json\/wp\/v2\/comments?post=47814"}],"version-history":[{"count":0,"href":"https:\/\/www.escapadarural.com\/blog\/wp-json\/wp\/v2\/posts\/47814\/revisions"}],"wp:featuredmedia":[{"embeddable":true,"href":"https:\/\/www.escapadarural.com\/blog\/wp-json\/wp\/v2\/media\/100161"}],"wp:attachment":[{"href":"https:\/\/www.escapadarural.com\/blog\/wp-json\/wp\/v2\/media?parent=47814"}],"wp:term":[{"taxonomy":"category","embeddable":true,"href":"https:\/\/www.escapadarural.com\/blog\/wp-json\/wp\/v2\/categories?post=47814"},{"taxonomy":"post_tag","embeddable":true,"href":"https:\/\/www.escapadarural.com\/blog\/wp-json\/wp\/v2\/tags?post=47814"}],"curies":[{"name":"wp","href":"https:\/\/api.w.org\/{rel}","templated":true}]}}