{"id":48458,"date":"2022-01-25T08:06:34","date_gmt":"2022-01-25T07:06:34","guid":{"rendered":"https:\/\/www.escapadarural.com\/blog\/?p=48458"},"modified":"2025-01-15T10:05:44","modified_gmt":"2025-01-15T08:05:44","slug":"cazalla-de-la-sierra-coetur","status":"publish","type":"post","link":"https:\/\/www.escapadarural.com\/blog\/cazalla-de-la-sierra-coetur\/","title":{"rendered":"Cazalla de la Sierra, sede del VIII Congreso Europeo de Turismo Rural organizado por EscapadaRural"},"content":{"rendered":"\n<ul class=\"wp-block-list\"><li><strong>La VIII edici\u00f3n de COETUR, el Congreso Europeo de Turismo Rural, se celebrar\u00e1 los d\u00edas 28 y 29 de septiembre en el municipio sevillano de Cazalla de la Sierra y reunir\u00e1 a propietarios de alojamientos, representantes de las administraciones p\u00fablicas y empresas de turismo activo o actividades complementarias<\/strong><\/li><\/ul>\n\n\n\n<ul class=\"wp-block-list\"><li><strong>El Congreso se ha convertido ya en un punto de referencia para los profesionales del sector del turismo rural y tiene como objetivo seguir impulsando el desarrollo del turismo mediante sesiones de formaci\u00f3n y talleres impartidos por expertos<\/strong><\/li><\/ul>\n\n\n\n<p>COETUR, el Congreso Europeo de Turismo Rural, ya tiene sede para la presente edici\u00f3n que se celebrar\u00e1 los d\u00edas 28 y 29 de septiembre de este a\u00f1o. El municipio de Cazalla de la Sierra,\u00a0 situado en la Sierra Morena de Sevilla, ha sido el elegido para acoger la VIII edici\u00f3n de este Congreso organizado por <a href=\"https:\/\/www.escapadarural.com\" target=\"_blank\" rel=\"noreferrer noopener\">EscapadaRural<\/a> -la plataforma digital especializada en turismo rural m\u00e1s importante de Espa\u00f1a con m\u00e1s de 18.000 alojamientos rurales en nuestro pa\u00eds y 2.000 en Portugal- con la colaboraci\u00f3n de de Prodetur (Diputaci\u00f3n de Sevilla) y Turismo Andaluz. \u00a0<\/p>\n\n\n\n<figure class=\"wp-block-image\"><img decoding=\"async\" src=\"https:\/\/www.escapadarural.com\/blog\/wp-content\/uploads\/2024\/10\/finTyii82vNzAY_NQB-r_MEFojOSIt5uSf1sNG5PD95DTzNK1ut8JNd_htTBGxDBiJMf9SonWrS2PjIjM2QqL-DFXFyQbjlAZ6bLba7RXfgoev7ZP1vpPBX-HgjzZOZdvdbi4yt.png\" alt=\"\"\/><\/figure>\n\n\n\n<p>As\u00ed lo anunci\u00f3, en el marco de FITUR, el presidente de la Diputaci\u00f3n de Sevilla, Fernando Rodr\u00edguez Villalobos en un acto que cont\u00f3 con la participaci\u00f3n de la responsable de Relaciones Externas de <a href=\"https:\/\/www.escapadarural.com\" target=\"_blank\" rel=\"noreferrer noopener\">EscapadaRural<\/a>, Alejandra Torent, y el director gerente de la EPG del Turismo y del Deporte de Andaluc\u00eda, Alberto Ortiz de Saracho.&nbsp;<\/p>\n\n\n\n<figure class=\"wp-block-image\"><img decoding=\"async\" src=\"https:\/\/www.escapadarural.com\/blog\/wp-content\/uploads\/2024\/10\/J_RdusfwN7WAoUDzujn-2Svt1SdY5F1UKzETz-scR0Z3SoL4lqSjlj_RQ3XMIm3CQP9MJugqzMtaSQltDYs8TPmsxYjHuEVfo-p2ab8rBH0JnDTAdIKwJmgA25tSl4B303YT7qsu.jpg\" alt=\"\"\/><\/figure>\n\n\n\n<p>Con siete ediciones a sus espaldas, COETUR es ya un punto de encuentro y referencia para los profesionales del sector del turismo rural. De hecho, cada a\u00f1o asisten a este encuentro alrededor de 200 profesionales del sector -entre propietarios de alojamientos, representantes de las administraciones p\u00fablicas y empresas de turismo activo o actividades complementarias- adem\u00e1s de todos aquellos que, un a\u00f1o m\u00e1s, podr\u00e1n seguir el evento v\u00eda streaming.&nbsp;<\/p>\n\n\n\n<p>\u201cEn esta nueva edici\u00f3n de COETUR 2022, seguiremos impulsando el desarrollo del turismo mediante sesiones de formaci\u00f3n y talleres impartidos por expertos\u201d, explica Olivia Fontela, directora de Marketing de EscapadaRural, quien adem\u00e1s a\u00f1ade que \u201cestamos muy contentos de celebrar el pr\u00f3ximo COETUR en un entorno con tanta riqueza natural y cultural como Cazalla de la Sierra y promover la zona como destino de turismo rural entre nuestros m\u00e1s de dos millones de usuarios y cerca de medio mill\u00f3n de seguidores en redes sociales\u201d.<\/p>\n\n\n\n<p>As\u00ed, Cazalla de la Sierra suceder\u00e1 a la localidad guipuzcoana de Ar\u00e1nzazu, en la que tuvo lugar el anterior congreso, celebrado en junio del pasado a\u00f1o, una edici\u00f3n en la que, adem\u00e1s, la provincia de Sevilla fue territorio invitado. Para Rodr\u00edguez Villalobos, Cazalla de la Sierra se sit\u00faa, as\u00ed, en el epicentro del auge del turismo rural en la provincia, \u201cun tipo de turismo que se ha mostrado como una de las grandes fortalezas del territorio, particularmente, durante todo este tiempo que llevamos de pandemia. No en vano, las casas rurales de la provincia registraron el pasado a\u00f1o cerca de un 50 % m\u00e1s de viajeros; y un incremento de m\u00e1s del 38 % en el n\u00famero de pernoctaciones\u201d.<\/p>\n\n\n\n<p>Para el director gerente de la EPG del Turismo y del Deporte de Andaluc\u00eda, Alberto Ortiz de Saracho, \u201ceste tipo de turismo ayuda a la desestacionalizaci\u00f3n del sector en Andaluc\u00eda que se puede disfrutar a lo largo de todo el a\u00f1o, dando un impulso a los n\u00facleos rurales y a los trabajadores de estas zonas m\u00e1s desfavorecidas.&nbsp; Se trata de un turismo sostenible que pone en valor lo local y lo aut\u00e9ntico, pudiendo disfrutar al mismo tiempo de entornos naturales al aire libre, muy importante en estos tiempos que vivimos. Andaluc\u00eda no es s\u00f3lo sol y playa, ya que cuenta con espacios rurales de gran valor menos transitados\u201d.&nbsp;<\/p>\n\n\n\n<p>Adem\u00e1s, cabe destacar que \u00e9sta ser\u00e1 la segunda ocasi\u00f3n en la que el congreso organizado por <a href=\"http:\/\/www.escapadarural.com\">EscapadaRural<\/a> se celebra en Andaluc\u00eda ya que en 2016 Granada acogi\u00f3 la celebraci\u00f3n de COETUR. \u201cEsto supone una gran oportunidad para los municipios ya que contribuye a promocionar aquellas zonas m\u00e1s desconocidas\u201d, concluye Olivia Fontela.&nbsp;<\/p>\n","protected":false},"excerpt":{"rendered":"<p>La VIII edici\u00f3n de COETUR, el Congreso Europeo de Turismo Rural, se celebrar\u00e1 los d\u00edas 19 y 20 de octubre en el municipio sevillano de Cazalla de la Sierra y reunir\u00e1 a propietarios de alojamientos, representantes de las administraciones p\u00fablicas y empresas de turismo activo o actividades complementarias.<\/p>\n","protected":false},"author":144,"featured_media":99954,"comment_status":"open","ping_status":"open","sticky":false,"template":"","format":"standard","meta":{"_acf_changed":false,"om_disable_all_campaigns":false,"footnotes":""},"categories":[385,390],"tags":[386,3729],"class_list":["post-48458","post","type-post","status-publish","format-standard","has-post-thumbnail","hentry","category-coetur","category-noticias","tag-coetur","tag-coetur2022"],"acf":[],"featured_image_src":"https:\/\/www.escapadarural.com\/blog\/wp-content\/uploads\/2024\/10\/finTyii82vNzAY_NQB-r_MEFojOSIt5uSf1sNG5PD95DTzNK1ut8JNd_htTBGxDBiJMf9SonWrS2PjIjM2QqL-DFXFyQbjlAZ6bLba7RXfgoev7ZP1vpPBX-HgjzZOZdvdbi4yt.png","author_info":{"display_name":"Judith Monmany","author_link":"https:\/\/www.escapadarural.com\/blog\/autor\/judith-monmany\/"},"yoast_head":"<!-- This site is optimized with the Yoast SEO plugin v27.5 - https:\/\/yoast.com\/product\/yoast-seo-wordpress\/ -->\n<title>Cazalla de la Sierra, sede del VIII Congreso Europeo de Turismo Rural organizado por EscapadaRural - EscapadaRural<\/title>\n<meta name=\"robots\" content=\"index, follow, max-snippet:-1, max-image-preview:large, max-video-preview:-1\" \/>\n<link rel=\"canonical\" href=\"https:\/\/www.escapadarural.com\/blog\/cazalla-de-la-sierra-coetur\/\" \/>\n<meta property=\"og:locale\" content=\"es_ES\" \/>\n<meta property=\"og:type\" content=\"article\" \/>\n<meta property=\"og:title\" content=\"Cazalla de la Sierra, sede del VIII Congreso Europeo de Turismo Rural organizado por EscapadaRural - EscapadaRural\" \/>\n<meta property=\"og:description\" content=\"La VIII edici\u00f3n de COETUR, el Congreso Europeo de Turismo Rural, se celebrar\u00e1 los d\u00edas 19 y 20 de octubre en el municipio sevillano de Cazalla de la Sierra y reunir\u00e1 a propietarios de alojamientos, representantes de las administraciones p\u00fablicas y empresas de turismo activo o actividades complementarias.\" \/>\n<meta property=\"og:url\" content=\"https:\/\/www.escapadarural.com\/blog\/cazalla-de-la-sierra-coetur\/\" \/>\n<meta property=\"og:site_name\" content=\"Magazine de viajes de EscapadaRural\" \/>\n<meta property=\"article:publisher\" content=\"https:\/\/www.facebook.com\/escapadarural\" \/>\n<meta property=\"article:published_time\" content=\"2022-01-25T07:06:34+00:00\" \/>\n<meta property=\"article:modified_time\" content=\"2025-01-15T08:05:44+00:00\" \/>\n<meta property=\"og:image\" content=\"https:\/\/www.escapadarural.com\/blog\/wp-content\/uploads\/2024\/10\/finTyii82vNzAY_NQB-r_MEFojOSIt5uSf1sNG5PD95DTzNK1ut8JNd_htTBGxDBiJMf9SonWrS2PjIjM2QqL-DFXFyQbjlAZ6bLba7RXfgoev7ZP1vpPBX-HgjzZOZdvdbi4yt.png\" \/>\n\t<meta property=\"og:image:width\" content=\"1079\" \/>\n\t<meta property=\"og:image:height\" content=\"611\" \/>\n\t<meta property=\"og:image:type\" content=\"image\/png\" \/>\n<meta name=\"author\" content=\"Judith Monmany\" \/>\n<meta name=\"twitter:card\" content=\"summary_large_image\" \/>\n<meta name=\"twitter:label1\" content=\"Escrito por\" \/>\n\t<meta name=\"twitter:data1\" content=\"Judith Monmany\" \/>\n\t<meta name=\"twitter:label2\" content=\"Tiempo de lectura\" \/>\n\t<meta name=\"twitter:data2\" content=\"4 minutos\" \/>\n<script type=\"application\/ld+json\" class=\"yoast-schema-graph\">{\"@context\":\"https:\\\/\\\/schema.org\",\"@graph\":[{\"@type\":\"Article\",\"@id\":\"https:\\\/\\\/www.escapadarural.com\\\/blog\\\/cazalla-de-la-sierra-coetur\\\/#article\",\"isPartOf\":{\"@id\":\"https:\\\/\\\/www.escapadarural.com\\\/blog\\\/cazalla-de-la-sierra-coetur\\\/\"},\"author\":{\"name\":\"Judith Monmany\",\"@id\":\"https:\\\/\\\/www.escapadarural.com\\\/blog\\\/#\\\/schema\\\/person\\\/25786969bae765c9b5eadf92da1dcffd\"},\"headline\":\"Cazalla de la Sierra, sede del VIII Congreso Europeo de Turismo Rural organizado por EscapadaRural\",\"datePublished\":\"2022-01-25T07:06:34+00:00\",\"dateModified\":\"2025-01-15T08:05:44+00:00\",\"mainEntityOfPage\":{\"@id\":\"https:\\\/\\\/www.escapadarural.com\\\/blog\\\/cazalla-de-la-sierra-coetur\\\/\"},\"wordCount\":724,\"commentCount\":16,\"publisher\":{\"@id\":\"https:\\\/\\\/www.escapadarural.com\\\/blog\\\/#organization\"},\"image\":{\"@id\":\"https:\\\/\\\/www.escapadarural.com\\\/blog\\\/cazalla-de-la-sierra-coetur\\\/#primaryimage\"},\"thumbnailUrl\":\"https:\\\/\\\/www.escapadarural.com\\\/blog\\\/wp-content\\\/uploads\\\/2024\\\/10\\\/finTyii82vNzAY_NQB-r_MEFojOSIt5uSf1sNG5PD95DTzNK1ut8JNd_htTBGxDBiJMf9SonWrS2PjIjM2QqL-DFXFyQbjlAZ6bLba7RXfgoev7ZP1vpPBX-HgjzZOZdvdbi4yt.png\",\"keywords\":[\"COETUR\",\"coetur2022\"],\"articleSection\":[\"Coetur\",\"Noticias\"],\"inLanguage\":\"es\",\"potentialAction\":[{\"@type\":\"CommentAction\",\"name\":\"Comment\",\"target\":[\"https:\\\/\\\/www.escapadarural.com\\\/blog\\\/cazalla-de-la-sierra-coetur\\\/#respond\"]}]},{\"@type\":\"WebPage\",\"@id\":\"https:\\\/\\\/www.escapadarural.com\\\/blog\\\/cazalla-de-la-sierra-coetur\\\/\",\"url\":\"https:\\\/\\\/www.escapadarural.com\\\/blog\\\/cazalla-de-la-sierra-coetur\\\/\",\"name\":\"Cazalla de la Sierra, sede del VIII Congreso Europeo de Turismo Rural organizado por EscapadaRural - EscapadaRural\",\"isPartOf\":{\"@id\":\"https:\\\/\\\/www.escapadarural.com\\\/blog\\\/#website\"},\"primaryImageOfPage\":{\"@id\":\"https:\\\/\\\/www.escapadarural.com\\\/blog\\\/cazalla-de-la-sierra-coetur\\\/#primaryimage\"},\"image\":{\"@id\":\"https:\\\/\\\/www.escapadarural.com\\\/blog\\\/cazalla-de-la-sierra-coetur\\\/#primaryimage\"},\"thumbnailUrl\":\"https:\\\/\\\/www.escapadarural.com\\\/blog\\\/wp-content\\\/uploads\\\/2024\\\/10\\\/finTyii82vNzAY_NQB-r_MEFojOSIt5uSf1sNG5PD95DTzNK1ut8JNd_htTBGxDBiJMf9SonWrS2PjIjM2QqL-DFXFyQbjlAZ6bLba7RXfgoev7ZP1vpPBX-HgjzZOZdvdbi4yt.png\",\"datePublished\":\"2022-01-25T07:06:34+00:00\",\"dateModified\":\"2025-01-15T08:05:44+00:00\",\"breadcrumb\":{\"@id\":\"https:\\\/\\\/www.escapadarural.com\\\/blog\\\/cazalla-de-la-sierra-coetur\\\/#breadcrumb\"},\"inLanguage\":\"es\",\"potentialAction\":[{\"@type\":\"ReadAction\",\"target\":[\"https:\\\/\\\/www.escapadarural.com\\\/blog\\\/cazalla-de-la-sierra-coetur\\\/\"]}]},{\"@type\":\"ImageObject\",\"inLanguage\":\"es\",\"@id\":\"https:\\\/\\\/www.escapadarural.com\\\/blog\\\/cazalla-de-la-sierra-coetur\\\/#primaryimage\",\"url\":\"https:\\\/\\\/www.escapadarural.com\\\/blog\\\/wp-content\\\/uploads\\\/2024\\\/10\\\/finTyii82vNzAY_NQB-r_MEFojOSIt5uSf1sNG5PD95DTzNK1ut8JNd_htTBGxDBiJMf9SonWrS2PjIjM2QqL-DFXFyQbjlAZ6bLba7RXfgoev7ZP1vpPBX-HgjzZOZdvdbi4yt.png\",\"contentUrl\":\"https:\\\/\\\/www.escapadarural.com\\\/blog\\\/wp-content\\\/uploads\\\/2024\\\/10\\\/finTyii82vNzAY_NQB-r_MEFojOSIt5uSf1sNG5PD95DTzNK1ut8JNd_htTBGxDBiJMf9SonWrS2PjIjM2QqL-DFXFyQbjlAZ6bLba7RXfgoev7ZP1vpPBX-HgjzZOZdvdbi4yt.png\",\"width\":1079,\"height\":611,\"caption\":\"Texto en blanco sobre una pintoresca calle de Cazalla de la Sierra, Sevilla, anuncia el VIII Congreso Europeo de Turismo Rural. La imagen muestra edificios blancos, flores y logotipos de los patrocinadores organizadores en la parte inferior.\"},{\"@type\":\"BreadcrumbList\",\"@id\":\"https:\\\/\\\/www.escapadarural.com\\\/blog\\\/cazalla-de-la-sierra-coetur\\\/#breadcrumb\",\"itemListElement\":[{\"@type\":\"ListItem\",\"position\":1,\"name\":\"Inicio\",\"item\":\"https:\\\/\\\/www.escapadarural.com\\\/blog\\\/\"},{\"@type\":\"ListItem\",\"position\":2,\"name\":\"Coetur\",\"item\":\"https:\\\/\\\/www.escapadarural.com\\\/blog\\\/categoria\\\/coetur\\\/\"},{\"@type\":\"ListItem\",\"position\":3,\"name\":\"Cazalla de la Sierra, sede del VIII Congreso Europeo de Turismo Rural organizado por EscapadaRural\"}]},{\"@type\":\"WebSite\",\"@id\":\"https:\\\/\\\/www.escapadarural.com\\\/blog\\\/#website\",\"url\":\"https:\\\/\\\/www.escapadarural.com\\\/blog\\\/\",\"name\":\"Blog de viajes | turismo rural, alojamientos e inspiraci\u00f3n\",\"description\":\"Alojamientos rurales e inspiraci\u00f3n para tus escapadas\",\"publisher\":{\"@id\":\"https:\\\/\\\/www.escapadarural.com\\\/blog\\\/#organization\"},\"alternateName\":\"Magazine de viajes de EscapadaRural\",\"potentialAction\":[{\"@type\":\"SearchAction\",\"target\":{\"@type\":\"EntryPoint\",\"urlTemplate\":\"https:\\\/\\\/www.escapadarural.com\\\/blog\\\/?s={search_term_string}\"},\"query-input\":{\"@type\":\"PropertyValueSpecification\",\"valueRequired\":true,\"valueName\":\"search_term_string\"}}],\"inLanguage\":\"es\"},{\"@type\":\"Organization\",\"@id\":\"https:\\\/\\\/www.escapadarural.com\\\/blog\\\/#organization\",\"name\":\"EscapadaRural\",\"url\":\"https:\\\/\\\/www.escapadarural.com\\\/blog\\\/\",\"logo\":{\"@type\":\"ImageObject\",\"inLanguage\":\"es\",\"@id\":\"https:\\\/\\\/www.escapadarural.com\\\/blog\\\/#\\\/schema\\\/logo\\\/image\\\/\",\"url\":\"https:\\\/\\\/www.escapadarural.com\\\/blog\\\/wp-content\\\/uploads\\\/2024\\\/10\\\/cropped-cropped-escapada-rural-icon-mag-3.png\",\"contentUrl\":\"https:\\\/\\\/www.escapadarural.com\\\/blog\\\/wp-content\\\/uploads\\\/2024\\\/10\\\/cropped-cropped-escapada-rural-icon-mag-3.png\",\"width\":512,\"height\":512,\"caption\":\"EscapadaRural\"},\"image\":{\"@id\":\"https:\\\/\\\/www.escapadarural.com\\\/blog\\\/#\\\/schema\\\/logo\\\/image\\\/\"},\"sameAs\":[\"https:\\\/\\\/www.facebook.com\\\/escapadarural\",\"https:\\\/\\\/www.instagram.com\\\/escapadarural\\\/\",\"https:\\\/\\\/www.youtube.com\\\/@escapadaruralcom\"]},{\"@type\":\"Person\",\"@id\":\"https:\\\/\\\/www.escapadarural.com\\\/blog\\\/#\\\/schema\\\/person\\\/25786969bae765c9b5eadf92da1dcffd\",\"name\":\"Judith Monmany\",\"image\":{\"@type\":\"ImageObject\",\"inLanguage\":\"es\",\"@id\":\"https:\\\/\\\/secure.gravatar.com\\\/avatar\\\/1754df140325b983610fbba984e4f092ec9249b645010699d0749b7a1ade7c37?s=96&d=mm&r=g\",\"url\":\"https:\\\/\\\/secure.gravatar.com\\\/avatar\\\/1754df140325b983610fbba984e4f092ec9249b645010699d0749b7a1ade7c37?s=96&d=mm&r=g\",\"contentUrl\":\"https:\\\/\\\/secure.gravatar.com\\\/avatar\\\/1754df140325b983610fbba984e4f092ec9249b645010699d0749b7a1ade7c37?s=96&d=mm&r=g\",\"caption\":\"Judith Monmany\"},\"url\":\"https:\\\/\\\/www.escapadarural.com\\\/blog\\\/autor\\\/judith-monmany\\\/\"}]}<\/script>\n<!-- \/ Yoast SEO plugin. -->","yoast_head_json":{"title":"Cazalla de la Sierra, sede del VIII Congreso Europeo de Turismo Rural organizado por EscapadaRural - EscapadaRural","robots":{"index":"index","follow":"follow","max-snippet":"max-snippet:-1","max-image-preview":"max-image-preview:large","max-video-preview":"max-video-preview:-1"},"canonical":"https:\/\/www.escapadarural.com\/blog\/cazalla-de-la-sierra-coetur\/","og_locale":"es_ES","og_type":"article","og_title":"Cazalla de la Sierra, sede del VIII Congreso Europeo de Turismo Rural organizado por EscapadaRural - EscapadaRural","og_description":"La VIII edici\u00f3n de COETUR, el Congreso Europeo de Turismo Rural, se celebrar\u00e1 los d\u00edas 19 y 20 de octubre en el municipio sevillano de Cazalla de la Sierra y reunir\u00e1 a propietarios de alojamientos, representantes de las administraciones p\u00fablicas y empresas de turismo activo o actividades complementarias.","og_url":"https:\/\/www.escapadarural.com\/blog\/cazalla-de-la-sierra-coetur\/","og_site_name":"Magazine de viajes de EscapadaRural","article_publisher":"https:\/\/www.facebook.com\/escapadarural","article_published_time":"2022-01-25T07:06:34+00:00","article_modified_time":"2025-01-15T08:05:44+00:00","og_image":[{"width":1079,"height":611,"url":"https:\/\/www.escapadarural.com\/blog\/wp-content\/uploads\/2024\/10\/finTyii82vNzAY_NQB-r_MEFojOSIt5uSf1sNG5PD95DTzNK1ut8JNd_htTBGxDBiJMf9SonWrS2PjIjM2QqL-DFXFyQbjlAZ6bLba7RXfgoev7ZP1vpPBX-HgjzZOZdvdbi4yt.png","type":"image\/png"}],"author":"Judith Monmany","twitter_card":"summary_large_image","twitter_misc":{"Escrito por":"Judith Monmany","Tiempo de lectura":"4 minutos"},"schema":{"@context":"https:\/\/schema.org","@graph":[{"@type":"Article","@id":"https:\/\/www.escapadarural.com\/blog\/cazalla-de-la-sierra-coetur\/#article","isPartOf":{"@id":"https:\/\/www.escapadarural.com\/blog\/cazalla-de-la-sierra-coetur\/"},"author":{"name":"Judith Monmany","@id":"https:\/\/www.escapadarural.com\/blog\/#\/schema\/person\/25786969bae765c9b5eadf92da1dcffd"},"headline":"Cazalla de la Sierra, sede del VIII Congreso Europeo de Turismo Rural organizado por EscapadaRural","datePublished":"2022-01-25T07:06:34+00:00","dateModified":"2025-01-15T08:05:44+00:00","mainEntityOfPage":{"@id":"https:\/\/www.escapadarural.com\/blog\/cazalla-de-la-sierra-coetur\/"},"wordCount":724,"commentCount":16,"publisher":{"@id":"https:\/\/www.escapadarural.com\/blog\/#organization"},"image":{"@id":"https:\/\/www.escapadarural.com\/blog\/cazalla-de-la-sierra-coetur\/#primaryimage"},"thumbnailUrl":"https:\/\/www.escapadarural.com\/blog\/wp-content\/uploads\/2024\/10\/finTyii82vNzAY_NQB-r_MEFojOSIt5uSf1sNG5PD95DTzNK1ut8JNd_htTBGxDBiJMf9SonWrS2PjIjM2QqL-DFXFyQbjlAZ6bLba7RXfgoev7ZP1vpPBX-HgjzZOZdvdbi4yt.png","keywords":["COETUR","coetur2022"],"articleSection":["Coetur","Noticias"],"inLanguage":"es","potentialAction":[{"@type":"CommentAction","name":"Comment","target":["https:\/\/www.escapadarural.com\/blog\/cazalla-de-la-sierra-coetur\/#respond"]}]},{"@type":"WebPage","@id":"https:\/\/www.escapadarural.com\/blog\/cazalla-de-la-sierra-coetur\/","url":"https:\/\/www.escapadarural.com\/blog\/cazalla-de-la-sierra-coetur\/","name":"Cazalla de la Sierra, sede del VIII Congreso Europeo de Turismo Rural organizado por EscapadaRural - EscapadaRural","isPartOf":{"@id":"https:\/\/www.escapadarural.com\/blog\/#website"},"primaryImageOfPage":{"@id":"https:\/\/www.escapadarural.com\/blog\/cazalla-de-la-sierra-coetur\/#primaryimage"},"image":{"@id":"https:\/\/www.escapadarural.com\/blog\/cazalla-de-la-sierra-coetur\/#primaryimage"},"thumbnailUrl":"https:\/\/www.escapadarural.com\/blog\/wp-content\/uploads\/2024\/10\/finTyii82vNzAY_NQB-r_MEFojOSIt5uSf1sNG5PD95DTzNK1ut8JNd_htTBGxDBiJMf9SonWrS2PjIjM2QqL-DFXFyQbjlAZ6bLba7RXfgoev7ZP1vpPBX-HgjzZOZdvdbi4yt.png","datePublished":"2022-01-25T07:06:34+00:00","dateModified":"2025-01-15T08:05:44+00:00","breadcrumb":{"@id":"https:\/\/www.escapadarural.com\/blog\/cazalla-de-la-sierra-coetur\/#breadcrumb"},"inLanguage":"es","potentialAction":[{"@type":"ReadAction","target":["https:\/\/www.escapadarural.com\/blog\/cazalla-de-la-sierra-coetur\/"]}]},{"@type":"ImageObject","inLanguage":"es","@id":"https:\/\/www.escapadarural.com\/blog\/cazalla-de-la-sierra-coetur\/#primaryimage","url":"https:\/\/www.escapadarural.com\/blog\/wp-content\/uploads\/2024\/10\/finTyii82vNzAY_NQB-r_MEFojOSIt5uSf1sNG5PD95DTzNK1ut8JNd_htTBGxDBiJMf9SonWrS2PjIjM2QqL-DFXFyQbjlAZ6bLba7RXfgoev7ZP1vpPBX-HgjzZOZdvdbi4yt.png","contentUrl":"https:\/\/www.escapadarural.com\/blog\/wp-content\/uploads\/2024\/10\/finTyii82vNzAY_NQB-r_MEFojOSIt5uSf1sNG5PD95DTzNK1ut8JNd_htTBGxDBiJMf9SonWrS2PjIjM2QqL-DFXFyQbjlAZ6bLba7RXfgoev7ZP1vpPBX-HgjzZOZdvdbi4yt.png","width":1079,"height":611,"caption":"Texto en blanco sobre una pintoresca calle de Cazalla de la Sierra, Sevilla, anuncia el VIII Congreso Europeo de Turismo Rural. La imagen muestra edificios blancos, flores y logotipos de los patrocinadores organizadores en la parte inferior."},{"@type":"BreadcrumbList","@id":"https:\/\/www.escapadarural.com\/blog\/cazalla-de-la-sierra-coetur\/#breadcrumb","itemListElement":[{"@type":"ListItem","position":1,"name":"Inicio","item":"https:\/\/www.escapadarural.com\/blog\/"},{"@type":"ListItem","position":2,"name":"Coetur","item":"https:\/\/www.escapadarural.com\/blog\/categoria\/coetur\/"},{"@type":"ListItem","position":3,"name":"Cazalla de la Sierra, sede del VIII Congreso Europeo de Turismo Rural organizado por EscapadaRural"}]},{"@type":"WebSite","@id":"https:\/\/www.escapadarural.com\/blog\/#website","url":"https:\/\/www.escapadarural.com\/blog\/","name":"Blog de viajes | turismo rural, alojamientos e inspiraci\u00f3n","description":"Alojamientos rurales e inspiraci\u00f3n para tus escapadas","publisher":{"@id":"https:\/\/www.escapadarural.com\/blog\/#organization"},"alternateName":"Magazine de viajes de EscapadaRural","potentialAction":[{"@type":"SearchAction","target":{"@type":"EntryPoint","urlTemplate":"https:\/\/www.escapadarural.com\/blog\/?s={search_term_string}"},"query-input":{"@type":"PropertyValueSpecification","valueRequired":true,"valueName":"search_term_string"}}],"inLanguage":"es"},{"@type":"Organization","@id":"https:\/\/www.escapadarural.com\/blog\/#organization","name":"EscapadaRural","url":"https:\/\/www.escapadarural.com\/blog\/","logo":{"@type":"ImageObject","inLanguage":"es","@id":"https:\/\/www.escapadarural.com\/blog\/#\/schema\/logo\/image\/","url":"https:\/\/www.escapadarural.com\/blog\/wp-content\/uploads\/2024\/10\/cropped-cropped-escapada-rural-icon-mag-3.png","contentUrl":"https:\/\/www.escapadarural.com\/blog\/wp-content\/uploads\/2024\/10\/cropped-cropped-escapada-rural-icon-mag-3.png","width":512,"height":512,"caption":"EscapadaRural"},"image":{"@id":"https:\/\/www.escapadarural.com\/blog\/#\/schema\/logo\/image\/"},"sameAs":["https:\/\/www.facebook.com\/escapadarural","https:\/\/www.instagram.com\/escapadarural\/","https:\/\/www.youtube.com\/@escapadaruralcom"]},{"@type":"Person","@id":"https:\/\/www.escapadarural.com\/blog\/#\/schema\/person\/25786969bae765c9b5eadf92da1dcffd","name":"Judith Monmany","image":{"@type":"ImageObject","inLanguage":"es","@id":"https:\/\/secure.gravatar.com\/avatar\/1754df140325b983610fbba984e4f092ec9249b645010699d0749b7a1ade7c37?s=96&d=mm&r=g","url":"https:\/\/secure.gravatar.com\/avatar\/1754df140325b983610fbba984e4f092ec9249b645010699d0749b7a1ade7c37?s=96&d=mm&r=g","contentUrl":"https:\/\/secure.gravatar.com\/avatar\/1754df140325b983610fbba984e4f092ec9249b645010699d0749b7a1ade7c37?s=96&d=mm&r=g","caption":"Judith Monmany"},"url":"https:\/\/www.escapadarural.com\/blog\/autor\/judith-monmany\/"}]}},"_links":{"self":[{"href":"https:\/\/www.escapadarural.com\/blog\/wp-json\/wp\/v2\/posts\/48458","targetHints":{"allow":["GET"]}}],"collection":[{"href":"https:\/\/www.escapadarural.com\/blog\/wp-json\/wp\/v2\/posts"}],"about":[{"href":"https:\/\/www.escapadarural.com\/blog\/wp-json\/wp\/v2\/types\/post"}],"author":[{"embeddable":true,"href":"https:\/\/www.escapadarural.com\/blog\/wp-json\/wp\/v2\/users\/144"}],"replies":[{"embeddable":true,"href":"https:\/\/www.escapadarural.com\/blog\/wp-json\/wp\/v2\/comments?post=48458"}],"version-history":[{"count":0,"href":"https:\/\/www.escapadarural.com\/blog\/wp-json\/wp\/v2\/posts\/48458\/revisions"}],"wp:featuredmedia":[{"embeddable":true,"href":"https:\/\/www.escapadarural.com\/blog\/wp-json\/wp\/v2\/media\/99954"}],"wp:attachment":[{"href":"https:\/\/www.escapadarural.com\/blog\/wp-json\/wp\/v2\/media?parent=48458"}],"wp:term":[{"taxonomy":"category","embeddable":true,"href":"https:\/\/www.escapadarural.com\/blog\/wp-json\/wp\/v2\/categories?post=48458"},{"taxonomy":"post_tag","embeddable":true,"href":"https:\/\/www.escapadarural.com\/blog\/wp-json\/wp\/v2\/tags?post=48458"}],"curies":[{"name":"wp","href":"https:\/\/api.w.org\/{rel}","templated":true}]}}