{"id":49395,"date":"2024-08-05T08:26:00","date_gmt":"2024-08-05T07:26:00","guid":{"rendered":"https:\/\/www.escapadarural.com\/blog\/?p=49395"},"modified":"2025-02-11T17:59:12","modified_gmt":"2025-02-11T15:59:12","slug":"rutas-el-salto-del-nervion","status":"publish","type":"post","link":"https:\/\/www.escapadarural.com\/blog\/rutas-el-salto-del-nervion\/","title":{"rendered":"El salto del Nervi\u00f3n: rutas para ver la mayor cascada de Espa\u00f1a"},"content":{"rendered":"\n<p>Espectacular. As\u00ed es la cascada de mayor altura de la geograf\u00eda espa\u00f1ola e, incluso, de la Pen\u00ednsula Ib\u00e9rica. Nos referimos, como no, al <a href=\"\/blog\/el-salto-de-agua-mas-grande-de-espana\/\">salto del Nervi\u00f3n<\/a>. Un hilo de agua en ca\u00edda libre precipit\u00e1ndose de manera vertiginosa desde la friolera de 270 metros de altura, perteneciente a la localidad alavesa de Delika, que provoca un aut\u00e9ntico espect\u00e1culo natural.<\/p>\n\n\n\n<p>Enmarcado en el <strong>privilegiado paisaje del Monumento Natural del Monte Santiago<\/strong> -cuya entrada est\u00e1 en Fuente Santiago, en la provincia de <a href=\"\/casas-rurales\/burgos\">Burgos<\/a>-, el salto del Nervi\u00f3n es un lugar con un atractivo may\u00fasculo para los amantes del senderismo y de la escalada.<\/p>\n\n\n\n<div class=\"wp-block-buttons is-layout-flex wp-block-buttons-is-layout-flex\">\n<div class=\"wp-block-button\"><a class=\"wp-block-button__link wp-element-button\" href=\"\/casas-rurales\/delica\">Alojamientos rurales cerca del salto del Nervi\u00f3n<\/a><\/div>\n<\/div>\n\n\n\n<h2 class=\"wp-block-heading\" id=\"h-rutas-de-senderismo-para-disfrutar-del-salto-del-nervion\">Rutas de senderismo para disfrutar del salto del Nervi\u00f3n<\/h2>\n\n\n\n<figure class=\"wp-block-image size-large\"><a href=\"https:\/\/www.escapadarural.com\/blog\/wp-content\/uploads\/2024\/11\/AdobeStock_322397696-scaled-1.jpeg\"><img decoding=\"async\" src=\"https:\/\/www.escapadarural.com\/blog\/wp-content\/uploads\/2024\/10\/AdobeStock_322397696-1024x768-1.jpeg\" alt=\"Salto del Nervi\u00f3n\" class=\"wp-image-49488\"\/><\/a><figcaption class=\"wp-element-caption\">Salto del Nervi\u00f3n. Por JoseAntonio<\/figcaption><\/figure>\n\n\n\n<p>Las <strong>opciones de senderismo<\/strong> habilitadas para contemplar este coloso de la naturaleza del ca\u00f1\u00f3n de D\u00e9lika son muchas y de diversa dificultad y longitud. Destacamos tres de las rutas que nos permitir\u00e1n contemplar el salto de agua y sus m\u00e1s de 200 metros de ca\u00edda en todo su esplendor, que destacan por su belleza y especial atractivo: la ruta al mirador <strong>Esquina de Rub\u00e9n<\/strong>, el sendero del <strong>mirador del Salto del Nervi\u00f3n<\/strong> y la <strong>senda del Cortado<\/strong>.<\/p>\n\n\n\n<h3 class=\"wp-block-heading\" id=\"h-ruta-al-mirador-esquina-de-ruben\">Ruta al mirador Esquina de Rub\u00e9n<\/h3>\n\n\n\n<p><strong>PR-BU 41.<\/strong> Nuestra primera opci\u00f3n es una ruta lineal que tiene como origen Fuente Santiago y permite llegar hasta el mirador Esquina de Rub\u00e9n (o simplemente Mirador de Rub\u00e9n), un balc\u00f3n natural con una impresionante vista panor\u00e1mica del salto de agua y de todo el entorno. Con un desnivel de apenas 98 metros y 1.7 kil\u00f3metros de longitud, es una alternativa c\u00f3moda y sencilla para maravillarse con el entorno y observar la ca\u00edda del agua sin <strong>pr\u00e1cticamente ning\u00fan esfuerzo<\/strong>, que se completa en menos de 30 minutos.<\/p>\n\n\n\n<figure class=\"wp-block-image size-large\"><img decoding=\"async\" src=\"https:\/\/www.escapadarural.com\/blog\/wp-content\/uploads\/2024\/10\/Salto-del-Nervion-3.jpg\" alt=\"Salto del Nervi\u00f3n\" class=\"wp-image-49490\"\/><figcaption class=\"wp-element-caption\">Salto del Nervi\u00f3n. Por Mimadeo<\/figcaption><\/figure>\n\n\n\n<h3 class=\"wp-block-heading\" id=\"h-sendero-del-mirador-del-nervion\">Sendero del Mirador del Nervi\u00f3n<\/h3>\n\n\n\n<p><strong>PR-BU 42.<\/strong> Esta segunda alternativa es muy similar a la anterior. Tambi\u00e9n es lineal y muy asequible, parte de Fuente Santiago y tiene una <strong>dificultad baja<\/strong>. Sus 2 kil\u00f3metros de longitud permiten alcanzar el <strong>mirador del Salto del Nervi\u00f3n<\/strong> en aproximadamente 30 minutos. En cuanto al desnivel, apenas es de 17 metros. Una vez lleguemos al mirador, podremos disfrutar algunas de las mejores vistas del espectacular salto, del Parque del Monte Santiago y del desfiladero de D\u00e9lika.<\/p>\n\n\n\n<h3 class=\"wp-block-heading\" id=\"h-senda-del-cortado\">Senda del Cortado<\/h3>\n\n\n\n<p><strong>PR-BU 41 + PR-BU 45 + PR-BU 42.<\/strong> La tercera ruta que te recomendamos es esta que combina las dos primeras m\u00e1s la PR-BU 45. Es una <strong>ruta circular<\/strong> que tambi\u00e9n presenta una dificultad t\u00e9cnica baja y tan solo 122 metros de desnivel acumulado. Es importante mencionar que parte de su recorrido transcurre por un sendero dibujado al borde del acantilado en el que es muy com\u00fan encontrarse con piedras y \u00e1rboles ca\u00eddos. Se inicia y finaliza en Fuente Santiago, tiene una longitud de 6.4 kil\u00f3metros y se completa en 1 hora y 20 minutos aproximadamente.<\/p>\n\n\n\n<h2 class=\"wp-block-heading\" id=\"h-cuando-visitar-el-salto-del-nervion\">Cu\u00e1ndo visitar el salto del Nervi\u00f3n<\/h2>\n\n\n\n<figure class=\"wp-block-image size-large\"><a href=\"https:\/\/www.escapadarural.com\/blog\/wp-content\/uploads\/2024\/11\/Salto-del-Nervion_.jpg\"><img decoding=\"async\" src=\"https:\/\/www.escapadarural.com\/blog\/wp-content\/uploads\/2024\/10\/Salto-del-Nervion_-1024x680-1.jpg\" alt=\"Salto del Nervi\u00f3n\" class=\"wp-image-49489\"\/><\/a><figcaption class=\"wp-element-caption\">Salto del Nervi\u00f3n. Por Alberto Loyo<\/figcaption><\/figure>\n\n\n\n<p>No existe una f\u00f3rmula imbatible para conocer cu\u00e1l es el d\u00eda en el que el salto del Nervi\u00f3n lucir\u00e1 su traje m\u00e1s espl\u00e9ndido. Ahora bien, s\u00ed que es recomendable hacerle una visita <strong>despu\u00e9s de una importante tormenta<\/strong>, en la \u00e9poca de <strong>lluvias <\/strong>o de <strong>deshielo<\/strong>, o tras una serie de d\u00edas de lluvia intensa. Es cuando mayores probabilidades existen de que el agua se desborde por el macizo rocoso y podamos apreciar en todo su esplendor este fen\u00f3meno natural. El resto de d\u00edas, por lo general, el agua transcurre por el interior de este gigante, se filtra por sus cavidades de roca caliza y aflora al pie del ca\u00f1\u00f3n, sin que podamos apreciar la impresionante ca\u00edda de agua.<\/p>\n\n\n<div style=\"background-color: #d9edf7; color: #31708f; border-left-color: #31708f; \" class=\"ub-styled-box ub-notification-box wp-block-ub-styled-box\" id=\"ub-styled-box-f3cc0cd3-64a7-4615-a7a9-ae869dca7de7\">\n<p id=\"ub-styled-box-notification-content-\"><strong>Consejo pr\u00e1ctico:<\/strong><\/p>\n\n\n\n<p>Un buen truco para saber si cae agua por el salto del Nervi\u00f3n es <strong>consultar las redes sociales<\/strong> antes de nuestra visita. Por ejemplo, podemos revisar las entradas m\u00e1s recientes del hashtag #saltodelnervion en Instagram y los usuarios nos dar\u00e1n pistas con sus fotos.<\/p>\n\n\n<\/div>\n\n\n<h2 class=\"wp-block-heading\" id=\"h-donde-aparcar-cerca-del-salto-del-nervion\">D\u00f3nde aparcar cerca del salto del Nervi\u00f3n<\/h2>\n\n\n\n<p>Con respecto al aparcamiento, existen tres opciones:<\/p>\n\n\n\n<ul class=\"wp-block-list\">\n<li><strong>Parking 1: <a href=\"https:\/\/maps.app.goo.gl\/tyHUP9sjupPZimd58\" target=\"_blank\">aparcamiento Monte Santiago<\/a>.<\/strong> Con 57 plazas para turismos, 2 para personas con movilidad reducida y 3 para autobuses, este aparcamiento es el m\u00e1s alejado de los tres. Se ubica en la entrada del Monte Santiago -de ah\u00ed su nombre-, junto a la carretera A-2625. Dista 9.4 kil\u00f3metros del parking m\u00e1s cercano al salto, el 3, el de Fuente Santiago.<\/li>\n\n\n\n<li><strong>Parking 2: <a href=\"https:\/\/maps.app.goo.gl\/8uZrDHrdb6NJpCcT8\" target=\"_blank\" rel=\"noreferrer noopener nofollow\">aparcamiento Los Cipreses<\/a>.<\/strong> Es un parking que est\u00e1 aproximadamente <strong>a medio camino<\/strong> entre el 1 y el 3. Tiene 21 plazas para turismo pero no tiene ninguna para autobuses o personas con movilidad reducida. <\/li>\n\n\n\n<li><strong>Parking 3: <a href=\"https:\/\/maps.app.goo.gl\/EEzYxou3FcoczLPF9\" target=\"_blank\" rel=\"noreferrer noopener nofollow\">aparcamiento Fuente Santiago<\/a>.<\/strong> Es <strong>el m\u00e1s cercano de los tres<\/strong> y, como cabr\u00eda esperar, el m\u00e1s demandado. Se ubica a la vera de la casa del Parque del Monte Santiago y dispone de 54 plazas para turismos, 3 para autobuses y 2 para personas con movilidad reducida.<\/li>\n<\/ul>\n\n\n\n<figure class=\"wp-block-embed is-type-video is-provider-youtube wp-block-embed-youtube wp-embed-aspect-16-9 wp-has-aspect-ratio\"><div class=\"wp-block-embed__wrapper\">\n<span class=\"KZuIgYE7NyDqA1TcWCdkQt0jX\"><div class=\"video-shortcode\"><iframe title=\"Salto del Nervi\u00f3n, la cascada m\u00e1s grande de Espa\u00f1a\" width=\"1200\" height=\"675\" src=\"https:\/\/www.youtube.com\/embed\/GzvJ70pr0B8?feature=oembed\" frameborder=\"0\" allow=\"accelerometer; autoplay; clipboard-write; encrypted-media; gyroscope; picture-in-picture; web-share\" referrerpolicy=\"strict-origin-when-cross-origin\" allowfullscreen><\/iframe><\/div><\/span>\n<\/div><\/figure>\n\n\n\n<h2 class=\"wp-block-heading\" id=\"h-que-mas-ver-en-el-pais-vasco\">Qu\u00e9 m\u00e1s ver en el Pa\u00eds Vasco<\/h2>\n\n\n<section class=\"wp-block-ub-post-grid ub-block-post-grid align  is-equal-height preserve-post-image-aspect-ratio\" style=\"\" id=\"ub-post-grid-\"><div class=\"ub-post-grid-items is-list\" style=\"row-gap: 32px; column-gap: 32px; \"><article id=\"post-215913\" class=\"ub-post-grid-item post-215913 post type-post status-publish format-standard has-post-thumbnail hentry category-arte-y-cultura category-destinos tag-amigos tag-articulo tag-familia tag-gallarta tag-minas tag-mineria tag-que-ver-en-pais-vasco tag-paisajes tag-pareja tag-senderismo tag-que-ver-en-vizcaya\" style=\"\"><div class=\"ub-block-post-grid-image\" style=\"\"><a href=\"https:\/\/www.escapadarural.com\/blog\/excursion-a-gallarta-ultima-mina-hierro-vizcaya\/\" rel=\"bookmark\" aria-hidden=\"true\" tabindex=\"-1\"><img loading=\"lazy\" decoding=\"async\" width=\"1356\" height=\"748\" src=\"https:\/\/www.escapadarural.com\/blog\/wp-content\/uploads\/2026\/04\/mina-concha-2.jpg\" class=\"attachment-full size-full\" alt=\"Mina de Bodovalle y Concha II en Gallarta, Vizcaya. Por Museo de la Miner\u00eda del Pa\u00eds Vasco\" style=\"max-width: 600px; \" srcset=\"https:\/\/www.escapadarural.com\/blog\/wp-content\/uploads\/2026\/04\/mina-concha-2-200x110.jpg 200w, https:\/\/www.escapadarural.com\/blog\/wp-content\/uploads\/2026\/04\/mina-concha-2-300x165.jpg 300w, https:\/\/www.escapadarural.com\/blog\/wp-content\/uploads\/2026\/04\/mina-concha-2-400x221.jpg 400w, https:\/\/www.escapadarural.com\/blog\/wp-content\/uploads\/2026\/04\/mina-concha-2-600x331.jpg 600w, https:\/\/www.escapadarural.com\/blog\/wp-content\/uploads\/2026\/04\/mina-concha-2-768x424.jpg 768w, https:\/\/www.escapadarural.com\/blog\/wp-content\/uploads\/2026\/04\/mina-concha-2-800x441.jpg 800w, https:\/\/www.escapadarural.com\/blog\/wp-content\/uploads\/2026\/04\/mina-concha-2-1024x565.jpg 1024w, https:\/\/www.escapadarural.com\/blog\/wp-content\/uploads\/2026\/04\/mina-concha-2-1200x662.jpg 1200w, https:\/\/www.escapadarural.com\/blog\/wp-content\/uploads\/2026\/04\/mina-concha-2.jpg 1356w\" sizes=\"auto, (max-width: 1356px) 100vw, 1356px\"><\/a><\/div><div class=\"ub-block-post-grid-text\" style=\"\"><div class=\"ub-block-post-grid-header-content\"><header class=\"ub-block-post-grid-header\"><h3 class=\"ub-block-post-grid-title\"><a style=\"\" href=\"https:\/\/www.escapadarural.com\/blog\/excursion-a-gallarta-ultima-mina-hierro-vizcaya\/\" rel=\"bookmark\">Excursi\u00f3n a la \u00faltima mina de hierro de Vizcaya<\/a><\/h3><\/header><\/div><div class=\"ub-block-post-grid-excerpt\"><div class=\"ub-block-post-grid-excerpt-text\" style=\"\"><p>Descubre en Gallarta la que fue la m\u00e1s grande a cielo abierto de Europa y que hoy ofrece un paisaje lunar espectacular<\/p>\n<\/div><\/div><\/div><\/article>\n<article id=\"post-215077\" class=\"ub-post-grid-item post-215077 post type-post status-publish format-standard has-post-thumbnail hentry category-destinos category-rutas-y-excursiones tag-amigos tag-dia-del-libro-2 tag-espana tag-familia tag-hemingway tag-listado tag-que-ver-en-pais-vasco tag-pareja tag-pirineo-navarro tag-primavera tag-ronda tag-senderismo tag-sierra-de-guadarrama\" style=\"\"><div class=\"ub-block-post-grid-image\" style=\"\"><a href=\"https:\/\/www.escapadarural.com\/blog\/rutas-hemingway-espana\/\" rel=\"bookmark\" aria-hidden=\"true\" tabindex=\"-1\"><img loading=\"lazy\" decoding=\"async\" width=\"2048\" height=\"1365\" src=\"https:\/\/www.escapadarural.com\/blog\/wp-content\/uploads\/2026\/03\/AdobeStock_186872418_zumaia-scaled.jpeg\" class=\"attachment-full size-full\" alt=\"Zumaia en un d\u00eda de sol. Por boysen.\" style=\"max-width: 600px; \" srcset=\"https:\/\/www.escapadarural.com\/blog\/wp-content\/uploads\/2026\/03\/AdobeStock_186872418_zumaia-200x133.jpeg 200w, https:\/\/www.escapadarural.com\/blog\/wp-content\/uploads\/2026\/03\/AdobeStock_186872418_zumaia-300x200.jpeg 300w, https:\/\/www.escapadarural.com\/blog\/wp-content\/uploads\/2026\/03\/AdobeStock_186872418_zumaia-400x267.jpeg 400w, https:\/\/www.escapadarural.com\/blog\/wp-content\/uploads\/2026\/03\/AdobeStock_186872418_zumaia-600x400.jpeg 600w, https:\/\/www.escapadarural.com\/blog\/wp-content\/uploads\/2026\/03\/AdobeStock_186872418_zumaia-768x512.jpeg 768w, https:\/\/www.escapadarural.com\/blog\/wp-content\/uploads\/2026\/03\/AdobeStock_186872418_zumaia-800x533.jpeg 800w, https:\/\/www.escapadarural.com\/blog\/wp-content\/uploads\/2026\/03\/AdobeStock_186872418_zumaia-1024x683.jpeg 1024w, https:\/\/www.escapadarural.com\/blog\/wp-content\/uploads\/2026\/03\/AdobeStock_186872418_zumaia-1200x800.jpeg 1200w, https:\/\/www.escapadarural.com\/blog\/wp-content\/uploads\/2026\/03\/AdobeStock_186872418_zumaia-1536x1024.jpeg 1536w, https:\/\/www.escapadarural.com\/blog\/wp-content\/uploads\/2026\/03\/AdobeStock_186872418_zumaia-scaled.jpeg 2048w\" sizes=\"auto, (max-width: 2048px) 100vw, 2048px\"><\/a><\/div><div class=\"ub-block-post-grid-text\" style=\"\"><div class=\"ub-block-post-grid-header-content\"><header class=\"ub-block-post-grid-header\"><h3 class=\"ub-block-post-grid-title\"><a style=\"\" href=\"https:\/\/www.escapadarural.com\/blog\/rutas-hemingway-espana\/\" rel=\"bookmark\">La Espa\u00f1a de Hemingway: rutas por los escenarios que inspiraron sus historias para celebrar el D\u00eda del Libro<\/a><\/h3><\/header><\/div><div class=\"ub-block-post-grid-excerpt\"><div class=\"ub-block-post-grid-excerpt-text\" style=\"\"><p>Un viaje por la Espa\u00f1a que conquist\u00f3 a Hemingway y acab\u00f3 dentro de sus p\u00e1ginas: paisajes y rincones reales que se pueden recorrer.<\/p>\n<\/div><\/div><\/div><\/article>\n<article id=\"post-214679\" class=\"ub-post-grid-item post-214679 post type-post status-publish format-standard has-post-thumbnail hentry category-destinos category-rutas-y-excursiones tag-amigos tag-que-ver-en-asturias tag-que-ver-en-barcelona tag-caminito-del-rey tag-camino-de-santiago tag-cola-de-caballo tag-familia tag-que-ver-en-galicia tag-que-ver-en-girona tag-gr11-senda-pirenaica tag-que-ver-en-huesca tag-lagos-de-saliencia tag-que-ver-en-leon tag-listado tag-montserrat tag-que-ver-en-navarra tag-que-ver-en-pais-vasco tag-pareja tag-parque-nacional-de-ordesa-y-monte-perdido tag-pirineo tag-ruta-del-cares tag-senderismo\" style=\"\"><div class=\"ub-block-post-grid-image\" style=\"\"><a href=\"https:\/\/www.escapadarural.com\/blog\/rutas-mas-populares-espana\/\" rel=\"bookmark\" aria-hidden=\"true\" tabindex=\"-1\"><img loading=\"lazy\" decoding=\"async\" width=\"1200\" height=\"800\" src=\"https:\/\/www.escapadarural.com\/blog\/wp-content\/uploads\/2025\/09\/01_Malaga_caminito_atardecer_WP01.webp\" class=\"attachment-full size-full\" alt=\"Atardecer en el Caminito del Rey (M\u00e1laga).\" style=\"max-width: 600px; \" srcset=\"https:\/\/www.escapadarural.com\/blog\/wp-content\/uploads\/2025\/09\/01_Malaga_caminito_atardecer_WP01-200x133.webp 200w, https:\/\/www.escapadarural.com\/blog\/wp-content\/uploads\/2025\/09\/01_Malaga_caminito_atardecer_WP01-300x200.webp 300w, https:\/\/www.escapadarural.com\/blog\/wp-content\/uploads\/2025\/09\/01_Malaga_caminito_atardecer_WP01-400x267.webp 400w, https:\/\/www.escapadarural.com\/blog\/wp-content\/uploads\/2025\/09\/01_Malaga_caminito_atardecer_WP01-600x400.webp 600w, https:\/\/www.escapadarural.com\/blog\/wp-content\/uploads\/2025\/09\/01_Malaga_caminito_atardecer_WP01-768x512.webp 768w, https:\/\/www.escapadarural.com\/blog\/wp-content\/uploads\/2025\/09\/01_Malaga_caminito_atardecer_WP01-800x533.webp 800w, https:\/\/www.escapadarural.com\/blog\/wp-content\/uploads\/2025\/09\/01_Malaga_caminito_atardecer_WP01-1024x683.webp 1024w, https:\/\/www.escapadarural.com\/blog\/wp-content\/uploads\/2025\/09\/01_Malaga_caminito_atardecer_WP01.webp 1200w\" sizes=\"auto, (max-width: 1200px) 100vw, 1200px\"><\/a><\/div><div class=\"ub-block-post-grid-text\" style=\"\"><div class=\"ub-block-post-grid-header-content\"><header class=\"ub-block-post-grid-header\"><h3 class=\"ub-block-post-grid-title\"><a style=\"\" href=\"https:\/\/www.escapadarural.com\/blog\/rutas-mas-populares-espana\/\" rel=\"bookmark\">Las rutas m\u00e1s deseadas de 2026 (y cu\u00e1ndo hacerlas sin masificaciones)\u00a0<\/a><\/h3><\/header><\/div><div class=\"ub-block-post-grid-excerpt\"><div class=\"ub-block-post-grid-excerpt-text\" style=\"\"><p>Estas son las rutas m\u00e1s buscadas por los viajeros, seg\u00fan datos de Google Trends. Aunque no siempre est\u00e1n masificadas, mira cu\u00e1ndo realizarlas<\/p>\n<\/div><\/div><\/div><\/article>\n<article id=\"post-214813\" class=\"ub-post-grid-item post-214813 post type-post status-publish format-standard has-post-thumbnail hentry category-destinos category-rutas-y-excursiones tag-que-ver-en-alava tag-amigos tag-cueva tag-euskadi tag-familia tag-que-ver-en-pais-vasco tag-pareja tag-senderismo\" style=\"\"><div class=\"ub-block-post-grid-image\" style=\"\"><a href=\"https:\/\/www.escapadarural.com\/blog\/gran-cueva-leze-alava\/\" rel=\"bookmark\" aria-hidden=\"true\" tabindex=\"-1\"><img loading=\"lazy\" decoding=\"async\" width=\"1365\" height=\"993\" src=\"https:\/\/www.escapadarural.com\/blog\/wp-content\/uploads\/2026\/03\/AdobeStock_830188989-scaled-e1773661927787.jpeg\" class=\"attachment-full size-full\" alt=\"El camino que lleva a la gran entrada de la Cueva de la Leze de \u00c1lava. Por Aliaksandr\" style=\"max-width: 600px; \" srcset=\"https:\/\/www.escapadarural.com\/blog\/wp-content\/uploads\/2026\/03\/AdobeStock_830188989-scaled-e1773661927787-200x145.jpeg 200w, https:\/\/www.escapadarural.com\/blog\/wp-content\/uploads\/2026\/03\/AdobeStock_830188989-scaled-e1773661927787-300x218.jpeg 300w, https:\/\/www.escapadarural.com\/blog\/wp-content\/uploads\/2026\/03\/AdobeStock_830188989-scaled-e1773661927787-400x291.jpeg 400w, https:\/\/www.escapadarural.com\/blog\/wp-content\/uploads\/2026\/03\/AdobeStock_830188989-scaled-e1773661927787-600x436.jpeg 600w, https:\/\/www.escapadarural.com\/blog\/wp-content\/uploads\/2026\/03\/AdobeStock_830188989-scaled-e1773661927787-768x559.jpeg 768w, https:\/\/www.escapadarural.com\/blog\/wp-content\/uploads\/2026\/03\/AdobeStock_830188989-scaled-e1773661927787-800x582.jpeg 800w, https:\/\/www.escapadarural.com\/blog\/wp-content\/uploads\/2026\/03\/AdobeStock_830188989-scaled-e1773661927787-1024x745.jpeg 1024w, https:\/\/www.escapadarural.com\/blog\/wp-content\/uploads\/2026\/03\/AdobeStock_830188989-scaled-e1773661927787-1200x873.jpeg 1200w, https:\/\/www.escapadarural.com\/blog\/wp-content\/uploads\/2026\/03\/AdobeStock_830188989-scaled-e1773661927787.jpeg 1365w\" sizes=\"auto, (max-width: 1365px) 100vw, 1365px\"><\/a><\/div><div class=\"ub-block-post-grid-text\" style=\"\"><div class=\"ub-block-post-grid-header-content\"><header class=\"ub-block-post-grid-header\"><h3 class=\"ub-block-post-grid-title\"><a style=\"\" href=\"https:\/\/www.escapadarural.com\/blog\/gran-cueva-leze-alava\/\" rel=\"bookmark\">La gran cueva de \u00c1lava hecha por un r\u00edo que atraviesa la tierra<\/a><\/h3><\/header><\/div><div class=\"ub-block-post-grid-excerpt\"><div class=\"ub-block-post-grid-excerpt-text\" style=\"\"><p>Un camino sencillo y apto para todos los p\u00fablicos conduce a la espectacular abertura de la cueva de La Leze, de 80 metros de altura<\/p>\n<\/div><\/div><\/div><\/article>\n<article id=\"post-214344\" class=\"ub-post-grid-item post-214344 post type-post status-publish format-standard has-post-thumbnail hentry category-rutas-y-excursiones tag-alava tag-amigos tag-aves tag-familia tag-orniturismo tag-que-ver-en-pais-vasco tag-pareja tag-parque-natural-izki tag-primavera tag-senderismo\" style=\"\"><div class=\"ub-block-post-grid-image\" style=\"\"><a href=\"https:\/\/www.escapadarural.com\/blog\/rutas-por-el-parque-natural-de-izki-alava\/\" rel=\"bookmark\" aria-hidden=\"true\" tabindex=\"-1\"><img loading=\"lazy\" decoding=\"async\" width=\"1600\" height=\"1067\" src=\"https:\/\/www.escapadarural.com\/blog\/wp-content\/uploads\/2026\/04\/Parque-natural-izki-inicio-2.jpg\" class=\"attachment-full size-full\" alt=\"Parque Natural de Izki, en \u00c1lava. Por Izkiparkea.eus\" style=\"max-width: 600px; \" srcset=\"https:\/\/www.escapadarural.com\/blog\/wp-content\/uploads\/2026\/04\/Parque-natural-izki-inicio-2-200x133.jpg 200w, https:\/\/www.escapadarural.com\/blog\/wp-content\/uploads\/2026\/04\/Parque-natural-izki-inicio-2-300x200.jpg 300w, https:\/\/www.escapadarural.com\/blog\/wp-content\/uploads\/2026\/04\/Parque-natural-izki-inicio-2-400x267.jpg 400w, https:\/\/www.escapadarural.com\/blog\/wp-content\/uploads\/2026\/04\/Parque-natural-izki-inicio-2-600x400.jpg 600w, https:\/\/www.escapadarural.com\/blog\/wp-content\/uploads\/2026\/04\/Parque-natural-izki-inicio-2-768x512.jpg 768w, https:\/\/www.escapadarural.com\/blog\/wp-content\/uploads\/2026\/04\/Parque-natural-izki-inicio-2-800x534.jpg 800w, https:\/\/www.escapadarural.com\/blog\/wp-content\/uploads\/2026\/04\/Parque-natural-izki-inicio-2-1024x683.jpg 1024w, https:\/\/www.escapadarural.com\/blog\/wp-content\/uploads\/2026\/04\/Parque-natural-izki-inicio-2-1200x800.jpg 1200w, https:\/\/www.escapadarural.com\/blog\/wp-content\/uploads\/2026\/04\/Parque-natural-izki-inicio-2-1536x1024.jpg 1536w, https:\/\/www.escapadarural.com\/blog\/wp-content\/uploads\/2026\/04\/Parque-natural-izki-inicio-2.jpg 1600w\" sizes=\"auto, (max-width: 1600px) 100vw, 1600px\"><\/a><\/div><div class=\"ub-block-post-grid-text\" style=\"\"><div class=\"ub-block-post-grid-header-content\"><header class=\"ub-block-post-grid-header\"><h3 class=\"ub-block-post-grid-title\"><a style=\"\" href=\"https:\/\/www.escapadarural.com\/blog\/rutas-por-el-parque-natural-de-izki-alava\/\" rel=\"bookmark\">P\u00e1jaros carpinteros y olor a narcisos: rutas por el Parque Natural de Izki, en \u00c1lava<\/a><\/h3><\/header><\/div><div class=\"ub-block-post-grid-excerpt\"><div class=\"ub-block-post-grid-excerpt-text\" style=\"\"><p>El Parque Natural de Izki, en \u00c1lava, es el h\u00e1bitat preferido del p\u00e1jaro carpintero. Sus bosques tienen banda sonora incorporada y huelen a narcisos<\/p>\n<\/div><\/div><\/div><\/article>\n<article id=\"post-211890\" class=\"ub-post-grid-item post-211890 post type-post status-publish format-standard has-post-thumbnail hentry category-arte-y-cultura category-destinos tag-andalucia tag-que-ver-en-aragon tag-artesania-2 tag-que-ver-en-asturias tag-que-ver-en-cantabria tag-que-ver-en-castilla-y-leon tag-que-ver-en-castilla-la-mancha tag-que-ver-en-cataluna tag-que-ver-en-la-comunidad-valenciana tag-espana tag-que-ver-en-extremadura tag-que-ver-en-galicia tag-que-ver-en-islas-baleares tag-que-ver-en-islas-canarias tag-que-ver-en-la-rioja tag-listado tag-que-ver-en-madrid tag-que-ver-en-murcia tag-que-ver-en-navarra tag-que-ver-en-pais-vasco tag-productos-tipicos\" style=\"\"><div class=\"ub-block-post-grid-image\" style=\"\"><a href=\"https:\/\/www.escapadarural.com\/blog\/productos-artesanos-tipicos-de-cada-comunidad-autonoma\/\" rel=\"bookmark\" aria-hidden=\"true\" tabindex=\"-1\"><img loading=\"lazy\" decoding=\"async\" width=\"2048\" height=\"1363\" src=\"https:\/\/www.escapadarural.com\/blog\/wp-content\/uploads\/2025\/12\/AdobeStock_278580309_artesania-scaled.jpeg\" class=\"attachment-full size-full\" alt=\"Artesan\u00eda de La Alpujarra, en Granada. Por joserpizarro.\" style=\"max-width: 600px; \" srcset=\"https:\/\/www.escapadarural.com\/blog\/wp-content\/uploads\/2025\/12\/AdobeStock_278580309_artesania-200x133.jpeg 200w, https:\/\/www.escapadarural.com\/blog\/wp-content\/uploads\/2025\/12\/AdobeStock_278580309_artesania-300x200.jpeg 300w, https:\/\/www.escapadarural.com\/blog\/wp-content\/uploads\/2025\/12\/AdobeStock_278580309_artesania-400x266.jpeg 400w, https:\/\/www.escapadarural.com\/blog\/wp-content\/uploads\/2025\/12\/AdobeStock_278580309_artesania-600x399.jpeg 600w, https:\/\/www.escapadarural.com\/blog\/wp-content\/uploads\/2025\/12\/AdobeStock_278580309_artesania-768x511.jpeg 768w, https:\/\/www.escapadarural.com\/blog\/wp-content\/uploads\/2025\/12\/AdobeStock_278580309_artesania-800x532.jpeg 800w, https:\/\/www.escapadarural.com\/blog\/wp-content\/uploads\/2025\/12\/AdobeStock_278580309_artesania-1024x681.jpeg 1024w, https:\/\/www.escapadarural.com\/blog\/wp-content\/uploads\/2025\/12\/AdobeStock_278580309_artesania-1200x798.jpeg 1200w, https:\/\/www.escapadarural.com\/blog\/wp-content\/uploads\/2025\/12\/AdobeStock_278580309_artesania-1536x1022.jpeg 1536w, https:\/\/www.escapadarural.com\/blog\/wp-content\/uploads\/2025\/12\/AdobeStock_278580309_artesania-scaled.jpeg 2048w\" sizes=\"auto, (max-width: 2048px) 100vw, 2048px\"><\/a><\/div><div class=\"ub-block-post-grid-text\" style=\"\"><div class=\"ub-block-post-grid-header-content\"><header class=\"ub-block-post-grid-header\"><h3 class=\"ub-block-post-grid-title\"><a style=\"\" href=\"https:\/\/www.escapadarural.com\/blog\/productos-artesanos-tipicos-de-cada-comunidad-autonoma\/\" rel=\"bookmark\">\u201cTr\u00e1eme algo de all\u00ed\u201d: la artesan\u00eda que define a cada comunidad de Espa\u00f1a<\/a><\/h3><\/header><\/div><div class=\"ub-block-post-grid-excerpt\"><div class=\"ub-block-post-grid-excerpt-text\" style=\"\"><p>En cada comunidad aut\u00f3noma de Espa\u00f1a hay uno o m\u00e1s productos que les representan y a\u00fan se siguen elaborando de forma artesana.<\/p>\n<\/div><\/div><\/div><\/article>\n<\/div><\/section>","protected":false},"excerpt":{"rendered":"<p>Espectacular. As\u00ed es la cascada de mayor altura de la geograf\u00eda espa\u00f1ola e, incluso, de la Pen\u00ednsula ib\u00e9rica. Nos referimos, como no, al salto del Nervi\u00f3n. Un haz de agua precipit\u00e1ndose de manera vertiginosa desde la friolera de 270 metros perteneciente a la localidad alavesa de Delika.<\/p>\n","protected":false},"author":109,"featured_media":6279,"comment_status":"open","ping_status":"open","sticky":false,"template":"","format":"standard","meta":{"_acf_changed":false,"om_disable_all_campaigns":false,"footnotes":""},"categories":[1379],"tags":[736,260,439,694,450,1951,1258],"class_list":["post-49395","post","type-post","status-publish","format-standard","has-post-thumbnail","hentry","category-rutas-y-excursiones","tag-que-ver-en-alava","tag-articulo","tag-que-ver-en-burgos","tag-euskadi","tag-que-ver-en-pais-vasco","tag-salto-del-nervion","tag-videos"],"acf":[],"featured_image_src":"https:\/\/www.escapadarural.com\/blog\/wp-content\/uploads\/2020\/04\/Salto-del-Nervion-2-1.jpg","author_info":{"display_name":"El\u00edsabet Garc\u00eda","author_link":"https:\/\/www.escapadarural.com\/blog\/autor\/lagranescapada\/"},"yoast_head":"<!-- This site is optimized with the Yoast SEO plugin v27.5 - https:\/\/yoast.com\/product\/yoast-seo-wordpress\/ -->\n<title>El salto del Nervi\u00f3n: rutas para ver la mayor cascada de Espa\u00f1a - EscapadaRural<\/title>\n<meta name=\"robots\" content=\"index, follow, max-snippet:-1, max-image-preview:large, max-video-preview:-1\" \/>\n<link rel=\"canonical\" href=\"https:\/\/www.escapadarural.com\/blog\/rutas-el-salto-del-nervion\/\" \/>\n<meta property=\"og:locale\" content=\"es_ES\" \/>\n<meta property=\"og:type\" content=\"article\" \/>\n<meta property=\"og:title\" content=\"El salto del Nervi\u00f3n: rutas para ver la mayor cascada de Espa\u00f1a - EscapadaRural\" \/>\n<meta property=\"og:description\" content=\"Espectacular. As\u00ed es la cascada de mayor altura de la geograf\u00eda espa\u00f1ola e, incluso, de la Pen\u00ednsula ib\u00e9rica. Nos referimos, como no, al salto del Nervi\u00f3n. Un haz de agua precipit\u00e1ndose de manera vertiginosa desde la friolera de 270 metros perteneciente a la localidad alavesa de Delika.\" \/>\n<meta property=\"og:url\" content=\"https:\/\/www.escapadarural.com\/blog\/rutas-el-salto-del-nervion\/\" \/>\n<meta property=\"og:site_name\" content=\"Magazine de viajes de EscapadaRural\" \/>\n<meta property=\"article:publisher\" content=\"https:\/\/www.facebook.com\/escapadarural\" \/>\n<meta property=\"article:published_time\" content=\"2024-08-05T07:26:00+00:00\" \/>\n<meta property=\"article:modified_time\" content=\"2025-02-11T15:59:12+00:00\" \/>\n<meta property=\"og:image\" content=\"https:\/\/app.escapadarural.com\/blog\/wp-content\/uploads\/2020\/04\/Salto-del-Nervion-2-1.jpg\" \/>\n\t<meta property=\"og:image:width\" content=\"1800\" \/>\n\t<meta property=\"og:image:height\" content=\"1195\" \/>\n\t<meta property=\"og:image:type\" content=\"image\/jpeg\" \/>\n<meta name=\"author\" content=\"El\u00edsabet Garc\u00eda\" \/>\n<meta name=\"twitter:card\" content=\"summary_large_image\" \/>\n<meta name=\"twitter:label1\" content=\"Escrito por\" \/>\n\t<meta name=\"twitter:data1\" content=\"El\u00edsabet Garc\u00eda\" \/>\n\t<meta name=\"twitter:label2\" content=\"Tiempo de lectura\" \/>\n\t<meta name=\"twitter:data2\" content=\"5 minutos\" \/>\n<script type=\"application\/ld+json\" class=\"yoast-schema-graph\">{\"@context\":\"https:\\\/\\\/schema.org\",\"@graph\":[{\"@type\":\"Article\",\"@id\":\"https:\\\/\\\/www.escapadarural.com\\\/blog\\\/rutas-el-salto-del-nervion\\\/#article\",\"isPartOf\":{\"@id\":\"https:\\\/\\\/www.escapadarural.com\\\/blog\\\/rutas-el-salto-del-nervion\\\/\"},\"author\":{\"name\":\"El\u00edsabet Garc\u00eda\",\"@id\":\"https:\\\/\\\/www.escapadarural.com\\\/blog\\\/#\\\/schema\\\/person\\\/2cac652e2d16373a24890ffaa220140f\"},\"headline\":\"El salto del Nervi\u00f3n: rutas para ver la mayor cascada de Espa\u00f1a\",\"datePublished\":\"2024-08-05T07:26:00+00:00\",\"dateModified\":\"2025-02-11T15:59:12+00:00\",\"mainEntityOfPage\":{\"@id\":\"https:\\\/\\\/www.escapadarural.com\\\/blog\\\/rutas-el-salto-del-nervion\\\/\"},\"wordCount\":882,\"commentCount\":0,\"publisher\":{\"@id\":\"https:\\\/\\\/www.escapadarural.com\\\/blog\\\/#organization\"},\"image\":{\"@id\":\"https:\\\/\\\/www.escapadarural.com\\\/blog\\\/rutas-el-salto-del-nervion\\\/#primaryimage\"},\"thumbnailUrl\":\"https:\\\/\\\/www.escapadarural.com\\\/blog\\\/wp-content\\\/uploads\\\/2020\\\/04\\\/Salto-del-Nervion-2-1.jpg\",\"keywords\":[\"\u00c1lava\",\"art\u00edculo\",\"Burgos\",\"Euskadi\",\"Pa\u00eds Vasco\",\"Salto del Nervi\u00f3n\",\"V\u00eddeos sobre el mundo rural\"],\"articleSection\":[\"Rutas y excursiones\"],\"inLanguage\":\"es\",\"potentialAction\":[{\"@type\":\"CommentAction\",\"name\":\"Comment\",\"target\":[\"https:\\\/\\\/www.escapadarural.com\\\/blog\\\/rutas-el-salto-del-nervion\\\/#respond\"]}]},{\"@type\":\"WebPage\",\"@id\":\"https:\\\/\\\/www.escapadarural.com\\\/blog\\\/rutas-el-salto-del-nervion\\\/\",\"url\":\"https:\\\/\\\/www.escapadarural.com\\\/blog\\\/rutas-el-salto-del-nervion\\\/\",\"name\":\"El salto del Nervi\u00f3n: rutas para ver la mayor cascada de Espa\u00f1a - EscapadaRural\",\"isPartOf\":{\"@id\":\"https:\\\/\\\/www.escapadarural.com\\\/blog\\\/#website\"},\"primaryImageOfPage\":{\"@id\":\"https:\\\/\\\/www.escapadarural.com\\\/blog\\\/rutas-el-salto-del-nervion\\\/#primaryimage\"},\"image\":{\"@id\":\"https:\\\/\\\/www.escapadarural.com\\\/blog\\\/rutas-el-salto-del-nervion\\\/#primaryimage\"},\"thumbnailUrl\":\"https:\\\/\\\/www.escapadarural.com\\\/blog\\\/wp-content\\\/uploads\\\/2020\\\/04\\\/Salto-del-Nervion-2-1.jpg\",\"datePublished\":\"2024-08-05T07:26:00+00:00\",\"dateModified\":\"2025-02-11T15:59:12+00:00\",\"breadcrumb\":{\"@id\":\"https:\\\/\\\/www.escapadarural.com\\\/blog\\\/rutas-el-salto-del-nervion\\\/#breadcrumb\"},\"inLanguage\":\"es\",\"potentialAction\":[{\"@type\":\"ReadAction\",\"target\":[\"https:\\\/\\\/www.escapadarural.com\\\/blog\\\/rutas-el-salto-del-nervion\\\/\"]}]},{\"@type\":\"ImageObject\",\"inLanguage\":\"es\",\"@id\":\"https:\\\/\\\/www.escapadarural.com\\\/blog\\\/rutas-el-salto-del-nervion\\\/#primaryimage\",\"url\":\"https:\\\/\\\/www.escapadarural.com\\\/blog\\\/wp-content\\\/uploads\\\/2020\\\/04\\\/Salto-del-Nervion-2-1.jpg\",\"contentUrl\":\"https:\\\/\\\/www.escapadarural.com\\\/blog\\\/wp-content\\\/uploads\\\/2020\\\/04\\\/Salto-del-Nervion-2-1.jpg\",\"width\":1800,\"height\":1195,\"caption\":\"Salto del Nervi\u00f3n. Por Mimadeo\"},{\"@type\":\"BreadcrumbList\",\"@id\":\"https:\\\/\\\/www.escapadarural.com\\\/blog\\\/rutas-el-salto-del-nervion\\\/#breadcrumb\",\"itemListElement\":[{\"@type\":\"ListItem\",\"position\":1,\"name\":\"Inicio\",\"item\":\"https:\\\/\\\/www.escapadarural.com\\\/blog\\\/\"},{\"@type\":\"ListItem\",\"position\":2,\"name\":\"Rutas y excursiones\",\"item\":\"https:\\\/\\\/www.escapadarural.com\\\/blog\\\/categoria\\\/rutas-y-excursiones\\\/\"},{\"@type\":\"ListItem\",\"position\":3,\"name\":\"El salto del Nervi\u00f3n: rutas para ver la mayor cascada de Espa\u00f1a\"}]},{\"@type\":\"WebSite\",\"@id\":\"https:\\\/\\\/www.escapadarural.com\\\/blog\\\/#website\",\"url\":\"https:\\\/\\\/www.escapadarural.com\\\/blog\\\/\",\"name\":\"Blog de viajes | turismo rural, alojamientos e inspiraci\u00f3n\",\"description\":\"Alojamientos rurales e inspiraci\u00f3n para tus escapadas\",\"publisher\":{\"@id\":\"https:\\\/\\\/www.escapadarural.com\\\/blog\\\/#organization\"},\"alternateName\":\"Magazine de viajes de EscapadaRural\",\"potentialAction\":[{\"@type\":\"SearchAction\",\"target\":{\"@type\":\"EntryPoint\",\"urlTemplate\":\"https:\\\/\\\/www.escapadarural.com\\\/blog\\\/?s={search_term_string}\"},\"query-input\":{\"@type\":\"PropertyValueSpecification\",\"valueRequired\":true,\"valueName\":\"search_term_string\"}}],\"inLanguage\":\"es\"},{\"@type\":\"Organization\",\"@id\":\"https:\\\/\\\/www.escapadarural.com\\\/blog\\\/#organization\",\"name\":\"EscapadaRural\",\"url\":\"https:\\\/\\\/www.escapadarural.com\\\/blog\\\/\",\"logo\":{\"@type\":\"ImageObject\",\"inLanguage\":\"es\",\"@id\":\"https:\\\/\\\/www.escapadarural.com\\\/blog\\\/#\\\/schema\\\/logo\\\/image\\\/\",\"url\":\"https:\\\/\\\/www.escapadarural.com\\\/blog\\\/wp-content\\\/uploads\\\/2024\\\/10\\\/cropped-cropped-escapada-rural-icon-mag-3.png\",\"contentUrl\":\"https:\\\/\\\/www.escapadarural.com\\\/blog\\\/wp-content\\\/uploads\\\/2024\\\/10\\\/cropped-cropped-escapada-rural-icon-mag-3.png\",\"width\":512,\"height\":512,\"caption\":\"EscapadaRural\"},\"image\":{\"@id\":\"https:\\\/\\\/www.escapadarural.com\\\/blog\\\/#\\\/schema\\\/logo\\\/image\\\/\"},\"sameAs\":[\"https:\\\/\\\/www.facebook.com\\\/escapadarural\",\"https:\\\/\\\/www.instagram.com\\\/escapadarural\\\/\",\"https:\\\/\\\/www.youtube.com\\\/@escapadaruralcom\"]},{\"@type\":\"Person\",\"@id\":\"https:\\\/\\\/www.escapadarural.com\\\/blog\\\/#\\\/schema\\\/person\\\/2cac652e2d16373a24890ffaa220140f\",\"name\":\"El\u00edsabet Garc\u00eda\",\"image\":{\"@type\":\"ImageObject\",\"inLanguage\":\"es\",\"@id\":\"https:\\\/\\\/www.escapadarural.com\\\/blog\\\/wp-content\\\/uploads\\\/2025\\\/02\\\/elisabet_gran_escapada.webp\",\"url\":\"https:\\\/\\\/www.escapadarural.com\\\/blog\\\/wp-content\\\/uploads\\\/2025\\\/02\\\/elisabet_gran_escapada.webp\",\"contentUrl\":\"https:\\\/\\\/www.escapadarural.com\\\/blog\\\/wp-content\\\/uploads\\\/2025\\\/02\\\/elisabet_gran_escapada.webp\",\"caption\":\"El\u00edsabet Garc\u00eda\"},\"description\":\"Hola a todos! Soy El\u00edsabet Garc\u00eda, Consultora Inform\u00e1tica y, desde hace 7 a\u00f1os, blogger de viajes. Me apasiona viajar, conocer lugares inh\u00f3spitos, experimentar aventuras, perderme por la naturaleza y saborear la gastronom\u00eda local de cada lugar. Coeditora del blog lagranescapada.com junto a Mar Gonz\u00e1lez, un lugar que creamos para compartir cada nueva escapada que hacemos por el mundo.\",\"sameAs\":[\"https:\\\/\\\/lagranescapada.com\\\/\"],\"url\":\"https:\\\/\\\/www.escapadarural.com\\\/blog\\\/autor\\\/lagranescapada\\\/\"}]}<\/script>\n<!-- \/ Yoast SEO plugin. -->","yoast_head_json":{"title":"El salto del Nervi\u00f3n: rutas para ver la mayor cascada de Espa\u00f1a - EscapadaRural","robots":{"index":"index","follow":"follow","max-snippet":"max-snippet:-1","max-image-preview":"max-image-preview:large","max-video-preview":"max-video-preview:-1"},"canonical":"https:\/\/www.escapadarural.com\/blog\/rutas-el-salto-del-nervion\/","og_locale":"es_ES","og_type":"article","og_title":"El salto del Nervi\u00f3n: rutas para ver la mayor cascada de Espa\u00f1a - EscapadaRural","og_description":"Espectacular. As\u00ed es la cascada de mayor altura de la geograf\u00eda espa\u00f1ola e, incluso, de la Pen\u00ednsula ib\u00e9rica. Nos referimos, como no, al salto del Nervi\u00f3n. Un haz de agua precipit\u00e1ndose de manera vertiginosa desde la friolera de 270 metros perteneciente a la localidad alavesa de Delika.","og_url":"https:\/\/www.escapadarural.com\/blog\/rutas-el-salto-del-nervion\/","og_site_name":"Magazine de viajes de EscapadaRural","article_publisher":"https:\/\/www.facebook.com\/escapadarural","article_published_time":"2024-08-05T07:26:00+00:00","article_modified_time":"2025-02-11T15:59:12+00:00","og_image":[{"width":1800,"height":1195,"url":"https:\/\/app.escapadarural.com\/blog\/wp-content\/uploads\/2020\/04\/Salto-del-Nervion-2-1.jpg","type":"image\/jpeg"}],"author":"El\u00edsabet Garc\u00eda","twitter_card":"summary_large_image","twitter_misc":{"Escrito por":"El\u00edsabet Garc\u00eda","Tiempo de lectura":"5 minutos"},"schema":{"@context":"https:\/\/schema.org","@graph":[{"@type":"Article","@id":"https:\/\/www.escapadarural.com\/blog\/rutas-el-salto-del-nervion\/#article","isPartOf":{"@id":"https:\/\/www.escapadarural.com\/blog\/rutas-el-salto-del-nervion\/"},"author":{"name":"El\u00edsabet Garc\u00eda","@id":"https:\/\/www.escapadarural.com\/blog\/#\/schema\/person\/2cac652e2d16373a24890ffaa220140f"},"headline":"El salto del Nervi\u00f3n: rutas para ver la mayor cascada de Espa\u00f1a","datePublished":"2024-08-05T07:26:00+00:00","dateModified":"2025-02-11T15:59:12+00:00","mainEntityOfPage":{"@id":"https:\/\/www.escapadarural.com\/blog\/rutas-el-salto-del-nervion\/"},"wordCount":882,"commentCount":0,"publisher":{"@id":"https:\/\/www.escapadarural.com\/blog\/#organization"},"image":{"@id":"https:\/\/www.escapadarural.com\/blog\/rutas-el-salto-del-nervion\/#primaryimage"},"thumbnailUrl":"https:\/\/www.escapadarural.com\/blog\/wp-content\/uploads\/2020\/04\/Salto-del-Nervion-2-1.jpg","keywords":["\u00c1lava","art\u00edculo","Burgos","Euskadi","Pa\u00eds Vasco","Salto del Nervi\u00f3n","V\u00eddeos sobre el mundo rural"],"articleSection":["Rutas y excursiones"],"inLanguage":"es","potentialAction":[{"@type":"CommentAction","name":"Comment","target":["https:\/\/www.escapadarural.com\/blog\/rutas-el-salto-del-nervion\/#respond"]}]},{"@type":"WebPage","@id":"https:\/\/www.escapadarural.com\/blog\/rutas-el-salto-del-nervion\/","url":"https:\/\/www.escapadarural.com\/blog\/rutas-el-salto-del-nervion\/","name":"El salto del Nervi\u00f3n: rutas para ver la mayor cascada de Espa\u00f1a - EscapadaRural","isPartOf":{"@id":"https:\/\/www.escapadarural.com\/blog\/#website"},"primaryImageOfPage":{"@id":"https:\/\/www.escapadarural.com\/blog\/rutas-el-salto-del-nervion\/#primaryimage"},"image":{"@id":"https:\/\/www.escapadarural.com\/blog\/rutas-el-salto-del-nervion\/#primaryimage"},"thumbnailUrl":"https:\/\/www.escapadarural.com\/blog\/wp-content\/uploads\/2020\/04\/Salto-del-Nervion-2-1.jpg","datePublished":"2024-08-05T07:26:00+00:00","dateModified":"2025-02-11T15:59:12+00:00","breadcrumb":{"@id":"https:\/\/www.escapadarural.com\/blog\/rutas-el-salto-del-nervion\/#breadcrumb"},"inLanguage":"es","potentialAction":[{"@type":"ReadAction","target":["https:\/\/www.escapadarural.com\/blog\/rutas-el-salto-del-nervion\/"]}]},{"@type":"ImageObject","inLanguage":"es","@id":"https:\/\/www.escapadarural.com\/blog\/rutas-el-salto-del-nervion\/#primaryimage","url":"https:\/\/www.escapadarural.com\/blog\/wp-content\/uploads\/2020\/04\/Salto-del-Nervion-2-1.jpg","contentUrl":"https:\/\/www.escapadarural.com\/blog\/wp-content\/uploads\/2020\/04\/Salto-del-Nervion-2-1.jpg","width":1800,"height":1195,"caption":"Salto del Nervi\u00f3n. Por Mimadeo"},{"@type":"BreadcrumbList","@id":"https:\/\/www.escapadarural.com\/blog\/rutas-el-salto-del-nervion\/#breadcrumb","itemListElement":[{"@type":"ListItem","position":1,"name":"Inicio","item":"https:\/\/www.escapadarural.com\/blog\/"},{"@type":"ListItem","position":2,"name":"Rutas y excursiones","item":"https:\/\/www.escapadarural.com\/blog\/categoria\/rutas-y-excursiones\/"},{"@type":"ListItem","position":3,"name":"El salto del Nervi\u00f3n: rutas para ver la mayor cascada de Espa\u00f1a"}]},{"@type":"WebSite","@id":"https:\/\/www.escapadarural.com\/blog\/#website","url":"https:\/\/www.escapadarural.com\/blog\/","name":"Blog de viajes | turismo rural, alojamientos e inspiraci\u00f3n","description":"Alojamientos rurales e inspiraci\u00f3n para tus escapadas","publisher":{"@id":"https:\/\/www.escapadarural.com\/blog\/#organization"},"alternateName":"Magazine de viajes de EscapadaRural","potentialAction":[{"@type":"SearchAction","target":{"@type":"EntryPoint","urlTemplate":"https:\/\/www.escapadarural.com\/blog\/?s={search_term_string}"},"query-input":{"@type":"PropertyValueSpecification","valueRequired":true,"valueName":"search_term_string"}}],"inLanguage":"es"},{"@type":"Organization","@id":"https:\/\/www.escapadarural.com\/blog\/#organization","name":"EscapadaRural","url":"https:\/\/www.escapadarural.com\/blog\/","logo":{"@type":"ImageObject","inLanguage":"es","@id":"https:\/\/www.escapadarural.com\/blog\/#\/schema\/logo\/image\/","url":"https:\/\/www.escapadarural.com\/blog\/wp-content\/uploads\/2024\/10\/cropped-cropped-escapada-rural-icon-mag-3.png","contentUrl":"https:\/\/www.escapadarural.com\/blog\/wp-content\/uploads\/2024\/10\/cropped-cropped-escapada-rural-icon-mag-3.png","width":512,"height":512,"caption":"EscapadaRural"},"image":{"@id":"https:\/\/www.escapadarural.com\/blog\/#\/schema\/logo\/image\/"},"sameAs":["https:\/\/www.facebook.com\/escapadarural","https:\/\/www.instagram.com\/escapadarural\/","https:\/\/www.youtube.com\/@escapadaruralcom"]},{"@type":"Person","@id":"https:\/\/www.escapadarural.com\/blog\/#\/schema\/person\/2cac652e2d16373a24890ffaa220140f","name":"El\u00edsabet Garc\u00eda","image":{"@type":"ImageObject","inLanguage":"es","@id":"https:\/\/www.escapadarural.com\/blog\/wp-content\/uploads\/2025\/02\/elisabet_gran_escapada.webp","url":"https:\/\/www.escapadarural.com\/blog\/wp-content\/uploads\/2025\/02\/elisabet_gran_escapada.webp","contentUrl":"https:\/\/www.escapadarural.com\/blog\/wp-content\/uploads\/2025\/02\/elisabet_gran_escapada.webp","caption":"El\u00edsabet Garc\u00eda"},"description":"Hola a todos! Soy El\u00edsabet Garc\u00eda, Consultora Inform\u00e1tica y, desde hace 7 a\u00f1os, blogger de viajes. Me apasiona viajar, conocer lugares inh\u00f3spitos, experimentar aventuras, perderme por la naturaleza y saborear la gastronom\u00eda local de cada lugar. Coeditora del blog lagranescapada.com junto a Mar Gonz\u00e1lez, un lugar que creamos para compartir cada nueva escapada que hacemos por el mundo.","sameAs":["https:\/\/lagranescapada.com\/"],"url":"https:\/\/www.escapadarural.com\/blog\/autor\/lagranescapada\/"}]}},"_links":{"self":[{"href":"https:\/\/www.escapadarural.com\/blog\/wp-json\/wp\/v2\/posts\/49395","targetHints":{"allow":["GET"]}}],"collection":[{"href":"https:\/\/www.escapadarural.com\/blog\/wp-json\/wp\/v2\/posts"}],"about":[{"href":"https:\/\/www.escapadarural.com\/blog\/wp-json\/wp\/v2\/types\/post"}],"author":[{"embeddable":true,"href":"https:\/\/www.escapadarural.com\/blog\/wp-json\/wp\/v2\/users\/109"}],"replies":[{"embeddable":true,"href":"https:\/\/www.escapadarural.com\/blog\/wp-json\/wp\/v2\/comments?post=49395"}],"version-history":[{"count":0,"href":"https:\/\/www.escapadarural.com\/blog\/wp-json\/wp\/v2\/posts\/49395\/revisions"}],"wp:featuredmedia":[{"embeddable":true,"href":"https:\/\/www.escapadarural.com\/blog\/wp-json\/wp\/v2\/media\/6279"}],"wp:attachment":[{"href":"https:\/\/www.escapadarural.com\/blog\/wp-json\/wp\/v2\/media?parent=49395"}],"wp:term":[{"taxonomy":"category","embeddable":true,"href":"https:\/\/www.escapadarural.com\/blog\/wp-json\/wp\/v2\/categories?post=49395"},{"taxonomy":"post_tag","embeddable":true,"href":"https:\/\/www.escapadarural.com\/blog\/wp-json\/wp\/v2\/tags?post=49395"}],"curies":[{"name":"wp","href":"https:\/\/api.w.org\/{rel}","templated":true}]}}