{"id":49881,"date":"2022-03-25T09:32:13","date_gmt":"2022-03-25T08:32:13","guid":{"rendered":"https:\/\/www.escapadarural.com\/blog\/?p=49881"},"modified":"2025-08-12T16:38:27","modified_gmt":"2025-08-12T14:38:27","slug":"el-jardin-de-peter-en-pobla-de-benifassa-castellon","status":"publish","type":"post","link":"https:\/\/www.escapadarural.com\/blog\/el-jardin-de-peter-en-pobla-de-benifassa-castellon\/","title":{"rendered":"El jard\u00edn de Peter, un sue\u00f1o en la naturaleza de Pobla de Benifass\u00e0"},"content":{"rendered":"\n<figure class=\"wp-block-image size-large\"><a href=\"https:\/\/www.escapadarural.com\/blog\/wp-content\/uploads\/El-jardi-de-Peter-1.jpg\"><img decoding=\"async\" src=\"https:\/\/www.escapadarural.com\/blog\/wp-content\/uploads\/El-jardi-de-Peter-1-1024x768.jpg\" alt=\"El jard\u00edn de Peter\" class=\"wp-image-50011\"\/><\/a><figcaption class=\"wp-element-caption\">El jard\u00edn de Peter. Por Peter Buch<\/figcaption><\/figure>\n\n\n\n<p>\u201cEs un aut\u00e9ntico hippie. De Alemania a Par\u00eds y de Par\u00eds a Ibiza y de Ibiza a Formentera\u201d. Esa es la certera definici\u00f3n del artista Peter Buch que ofrece uno de los participantes en el documental <strong><em>El Jard\u00edn de Peter<\/em><\/strong>, dirigido por Mic Tremens. Pero la isla balear no fue el \u00faltimo destino del creador alem\u00e1n:<strong> desde hace 30 a\u00f1os vive en <\/strong><a href=\"https:\/\/www.escapadarural.com\/casas-rurales\/la-pobla-de-benifassa\" class=\"rank-math-link\"><strong>Pobla de Benifass\u00e0<\/strong><\/a>, un municipio de <a href=\"https:\/\/www.escapadarural.com\/casas-rurales\/castellon\" class=\"rank-math-link\">Castell\u00f3n <\/a>en el que pasa sus d\u00edas desarrollando sus obras de arte.<\/p>\n\n\n\n<p>La primera referencia que aparece en la mente al observar sus producciones es Gaud\u00ed, aunque el estilo de Peter podr\u00eda encajarse sin problemas en el<strong> \u2018art brut\u2019 o arte marginal<\/strong>. El t\u00e9rmino lo acu\u00f1\u00f3 en 1945 Jean Dubuffet, otro pintor y escultor franc\u00e9s, que con \u00e9l quer\u00eda hacer referencia al arte creado por artistas sin formaci\u00f3n, por personas ajenas a ese mundo y con un pensamiento libre de limitaciones sociales.&nbsp;<\/p>\n\n\n\n<p>Lo habitual en ese estilo art\u00edstico es que no haya un inter\u00e9s econ\u00f3mico detr\u00e1s, como ocurre en el jard\u00edn construido por Peter Buch a lo largo de d\u00e9cadas en el <a href=\"https:\/\/www.escapadarural.com\/casas-rurales\/tinenca-de-benifassa\" class=\"rank-math-link\">Parque Natural de la Tinen\u00e7a de Benifass\u00e0.<\/a> Para entrar en \u00e9l, los visitantes solo tienen que pagar 3,5 euros \u2013si alguien quiere dejar algo m\u00e1s por propia voluntad tambi\u00e9n puede, claro\u2013 que se invierten en mantener el lugar. Tampoco requiere un presupuesto excesivo, ya que el alem\u00e1n es experto en el aprovechamiento de materiales para sus esculturas, que coge de las basuras o donaciones externas.<\/p>\n\n\n\n<figure class=\"wp-block-image size-large\"><a href=\"https:\/\/www.escapadarural.com\/blog\/wp-content\/uploads\/El-jardi-de-Peter-4-1.jpg\"><img decoding=\"async\" src=\"https:\/\/www.escapadarural.com\/blog\/wp-content\/uploads\/El-jardi-de-Peter-4-1.jpg\" alt=\"El jard\u00edn de Peter\" class=\"wp-image-50008\"\/><\/a><figcaption class=\"wp-element-caption\">El jard\u00edn de Peter. Por Peter Buch<\/figcaption><\/figure>\n\n\n\n<p>Hay muchas curiosidades dentro del espacio, pero muchas personas pueden encontrar que el propio Peter es lo m\u00e1s exc\u00e9ntrico del conjunto. Se trata de un hombre de m\u00e1s de 80 a\u00f1os que se refugi\u00f3 en la monta\u00f1a despu\u00e9s de que el turismo masificado invadiera Formentera, la llenase de gente y disparase los precios. Actualmente por <strong>su jard\u00edn autogestionado pasan unas 3.000 o 4.000 personas<\/strong>, seg\u00fan ha declarado <a href=\"https:\/\/www.elperiodicomediterraneo.com\/comarcas\/2022\/03\/13\/jardi-peter-jardin-arte-fantasia-turismo-pobla-benifassa-tinenca-castellon-63726215.html\" target=\"_blank\" aria-label=\" (opens in a new tab)\" rel=\"noreferrer noopener nofollow\" class=\"rank-math-link\">a la prensa<\/a>.&nbsp;<\/p>\n\n\n\n<p>Asimismo, ha asegurado que no recibe ninguna ayuda de la administraci\u00f3n p\u00fablica y que el jard\u00edn naci\u00f3 casi de manera casual. \u201cYo era pintor, me ganaba la vida vendiendo cuadros, y cuando vine comenc\u00e9 a hacer esculturas y pinturas en la monta\u00f1a. Algunos ven\u00edan a ver qu\u00e9 hab\u00eda aqu\u00ed y <strong>despu\u00e9s de 10 a\u00f1os decid\u00ed abrirlo al p\u00fablico<\/strong>, pero lo hab\u00eda planteado para esto, era solo para m\u00ed\u201d.&nbsp;<\/p>\n\n\n\n<h2 class=\"wp-block-heading\" id=\"h-que-hay-dentro-del-jardin-de-peter-buch\"><strong>Qu\u00e9 hay dentro del <\/strong>jard\u00edn de Peter Buch<\/h2>\n\n\n\n<figure class=\"wp-block-image size-large\"><a href=\"https:\/\/www.escapadarural.com\/blog\/wp-content\/uploads\/El-jardi-de-peter-5.jpg\"><img decoding=\"async\" src=\"https:\/\/www.escapadarural.com\/blog\/wp-content\/uploads\/El-jardi-de-peter-5-1024x768.jpg\" alt=\"El jard\u00edn de Peter\" class=\"wp-image-50006\"\/><\/a><figcaption class=\"wp-element-caption\">El jard\u00edn de Peter. Por Peter Buch<\/figcaption><\/figure>\n\n\n\n<p>En el <strong>universo de Buch habitan figuras llenas de colores<\/strong>, con dimensiones muy diferentes y una mezcla abigarrada de colores. Adem\u00e1s de Gaud\u00ed, en sus influencias podr\u00edan aparecer Dal\u00ed con su visi\u00f3n surrealista, el propio Jean Dubuffet o incluso Joan Mir\u00f3. Hay esculturas gigantes que representan a mujeres de diversas caracter\u00edsticas, tallas en madera en forma de seres imaginados o figuras de animales que pueden habitar en el campo.<\/p>\n\n\n\n<p>Asimismo, hay una construcci\u00f3n que podr\u00eda ser una cara con una boca abierta que recuerda ligeramente al<a href=\"https:\/\/www.escapadarural.com\/blog\/el-dragon-de-la-calderona-arte-en-plena-naturaleza\/\" class=\"rank-math-link\"><strong> Drag\u00f3n de la Calderona,<\/strong><\/a><strong> <\/strong>situado tambi\u00e9n en Castell\u00f3n y que gestiona la artista Rhea Marmentini. En el documental de Tremens, que tiene aspiraciones literarias, el narrador explica que:<\/p>\n\n\n\n<p>\u201cCuando la gente se acerca, pasea, mira, toca, recorre todos los senderos que marca mediante flechas el itinerario que Peter ha dispuesto para alcanzar la cima, <strong>los sue\u00f1os est\u00e1n dispuestos sobre el terreno<\/strong>. Solo hace falta retroceder algunos a\u00f1os a nuestra infancia, a una mirada que no conoce las reglas ni entiende de diferencias de razas, ni de colores, ideolog\u00edas, religiones, qu\u00e9 necesidad hay de creer en algo nuevo\u201d.&nbsp;<\/p>\n\n\n\n<figure class=\"wp-block-image size-large\"><img decoding=\"async\" src=\"https:\/\/www.escapadarural.com\/blog\/wp-content\/uploads\/El-jardi-de-Peter-2-1024x768.jpg\" alt=\"El jard\u00edn de Peter\" class=\"wp-image-50010\"\/><figcaption class=\"wp-element-caption\">El jard\u00edn de Peter. Por Peter Buch<\/figcaption><\/figure>\n\n\n\n<p>Buch no traz\u00f3 un plano para dise\u00f1ar su jard\u00edn ni sigui\u00f3 ninguna norma. Empez\u00f3 poco a poco a desarrollar <strong>sus esculturas, que fueron coloc\u00e1ndose de manera pr\u00e1cticamente natural <\/strong>por el campo. \u201cSu reto, el que le ha llevado hasta aqu\u00ed, un mundo m\u00e1gico repleto de seres que bien habr\u00edan podido habitar en una de nuestras ciudades, en alguno de nuestros pueblos. Pero ha sido aqu\u00ed, en medio de estas monta\u00f1as\u201d, se\u00f1alan en la pel\u00edcula.<\/p>\n\n\n\n<h2 class=\"wp-block-heading\" id=\"h-mas-alla-de-los-limites-del-jardin\"><strong>M\u00e1s all\u00e1 de los l\u00edmites del jard\u00edn<\/strong><\/h2>\n\n\n\n<figure class=\"wp-block-image size-large\"><a href=\"https:\/\/www.escapadarural.com\/blog\/wp-content\/uploads\/El-jardi-de-peter-4.jpg\"><img decoding=\"async\" src=\"https:\/\/www.escapadarural.com\/blog\/wp-content\/uploads\/El-jardi-de-peter-4.jpg\" alt=\"El jard\u00edn de Peter\" class=\"wp-image-50007\"\/><\/a><figcaption class=\"wp-element-caption\">El jard\u00edn de Peter. Por Peter Buch<\/figcaption><\/figure>\n\n\n\n<p>Quienes se acerquen al mundo on\u00edrico de Buch pueden <strong>recorrer tambi\u00e9n las calles de Pobla de Benifass\u00e0<\/strong>, una peque\u00f1a aldea de unos 260 habitantes. Sus casas son bajas y con paredes de piedra, construcciones t\u00edpicas del mundo rural de la comarca castellonense <a href=\"https:\/\/www.escapadarural.com\/casas-rurales\/baix-maestrat\" class=\"rank-math-link\">Baix Maestrat.<\/a>&nbsp;<\/p>\n\n\n\n<p>Muy cerca se encuentra<strong> el embalse de <\/strong><a href=\"https:\/\/www.escapadarural.com\/casas-rurales\/ulldecona\" class=\"rank-math-link\"><strong>Ulldecon<\/strong><\/a><strong><a href=\"https:\/\/www.escapadarural.com\/casas-rurales?l=ulldecona\" class=\"rank-math-link\">a,<\/a> situado en medio de la monta\u00f1a<\/strong> de Tenencia de Benifasar y los Puertos de Tortosa-Beceite. La manera m\u00e1s sencilla de llegar a \u00e9l es desde <a href=\"https:\/\/www.escapadarural.com\/casas-rurales\/la-senia\" class=\"rank-math-link\">La S\u00e9nia<\/a>, ya en la provincia de Tarragona. Los aficionados a las actividades acu\u00e1ticas pueden disfrutar adentr\u00e1ndose en sus aguas con patines de hidropedales o en barcas.&nbsp;<\/p>\n\n\n\n<figure class=\"wp-block-image size-large\"><a href=\"https:\/\/www.escapadarural.com\/blog\/wp-content\/uploads\/AdobeStock_190371890-scaled.jpeg\"><img decoding=\"async\" src=\"https:\/\/www.escapadarural.com\/blog\/wp-content\/uploads\/AdobeStock_190371890-1024x768.jpeg\" alt=\"embalse de Ulldecona\" class=\"wp-image-49784\"\/><\/a><figcaption class=\"wp-element-caption\">embalse de Ulldecona. Por VEOy.com<\/figcaption><\/figure>\n\n\n\n<p>Asimismo, <strong>quienes quieran practicar el senderismo<\/strong>, pueden emprender un recorrido que parte del puente del embalse y que pasa por lugares de inter\u00e9s como los restos del Corral de les Tones, el antiguo edificio de la f\u00e1brica de vidrio o el cruce de las minas de hierro. Se trata de una ruta circular de 5,6 kil\u00f3metros, de dificultad baja \u2013se puede hacer con ni\u00f1os\u2013 y de dos horas de duraci\u00f3n.<\/p>\n\n\n\n<div class=\"wp-block-buttons is-layout-flex wp-block-buttons-is-layout-flex\">\n<div class=\"wp-block-button\"><a class=\"wp-block-button__link wp-element-button\" href=\"https:\/\/www.escapadarural.com\/casas-rurales\/tinenca-de-benifassa\">Casas rurales en el Parque Nartural de Tinen\u00e7a de Benifass\u00e0<\/a><\/div>\n<\/div>\n","protected":false},"excerpt":{"rendered":"<p>El jard\u00edn de Peter est\u00e1 situado en Parque Natural de la Tinen\u00e7a de Benifass\u00e0, Castell\u00f3n. Se trata de un universo repleto de arte con esculturas de colores y exc\u00e9ntricos edificios construidos con el aprovechamiento de materiales desechables. <\/p>\n","protected":false},"author":114,"featured_media":207168,"comment_status":"open","ping_status":"open","sticky":false,"template":"","format":"standard","meta":{"_acf_changed":false,"om_disable_all_campaigns":false,"footnotes":""},"categories":[231],"tags":[1717,3919,496,294,3920,3921,3922,3923,3924,3925],"class_list":["post-49881","post","type-post","status-publish","format-standard","has-post-thumbnail","hentry","category-arte-y-cultura","tag-arte","tag-baix-maestrat","tag-que-ver-en-castellon","tag-cultura","tag-embalse-de-ulldecona","tag-jardin-de-peter","tag-la-senia","tag-peter-buch","tag-pobla-de-benifassa","tag-tinenca-de-benifassa"],"acf":[],"featured_image_src":"https:\/\/www.escapadarural.com\/blog\/wp-content\/uploads\/2022\/03\/El-jardi-de-Peter.webp","author_info":{"display_name":"Carmen L\u00f3pez","author_link":"https:\/\/www.escapadarural.com\/blog\/autor\/carmenlopez\/"},"yoast_head":"<!-- This site is optimized with the Yoast SEO plugin v27.5 - https:\/\/yoast.com\/product\/yoast-seo-wordpress\/ -->\n<title>El jard\u00edn de Peter, un sue\u00f1o en la naturaleza de Pobla de Benifass\u00e0 - EscapadaRural<\/title>\n<meta name=\"robots\" content=\"index, follow, max-snippet:-1, max-image-preview:large, max-video-preview:-1\" \/>\n<link rel=\"canonical\" href=\"https:\/\/www.escapadarural.com\/blog\/el-jardin-de-peter-en-pobla-de-benifassa-castellon\/\" \/>\n<meta property=\"og:locale\" content=\"es_ES\" \/>\n<meta property=\"og:type\" content=\"article\" \/>\n<meta property=\"og:title\" content=\"El jard\u00edn de Peter, un sue\u00f1o en la naturaleza de Pobla de Benifass\u00e0 - EscapadaRural\" \/>\n<meta property=\"og:description\" content=\"El jard\u00edn de Peter est\u00e1 situado en Parque Natural de la Tinen\u00e7a de Benifass\u00e0, Castell\u00f3n. Se trata de un universo repleto de arte con esculturas de colores y exc\u00e9ntricos edificios construidos con el aprovechamiento de materiales desechables.\" \/>\n<meta property=\"og:url\" content=\"https:\/\/www.escapadarural.com\/blog\/el-jardin-de-peter-en-pobla-de-benifassa-castellon\/\" \/>\n<meta property=\"og:site_name\" content=\"Magazine de viajes de EscapadaRural\" \/>\n<meta property=\"article:publisher\" content=\"https:\/\/www.facebook.com\/escapadarural\" \/>\n<meta property=\"article:published_time\" content=\"2022-03-25T08:32:13+00:00\" \/>\n<meta property=\"article:modified_time\" content=\"2025-08-12T14:38:27+00:00\" \/>\n<meta property=\"og:image\" content=\"https:\/\/www.escapadarural.com\/blog\/wp-content\/uploads\/2022\/03\/El-jardi-de-Peter.webp?v=1755009509\" \/>\n\t<meta property=\"og:image:width\" content=\"1024\" \/>\n\t<meta property=\"og:image:height\" content=\"768\" \/>\n\t<meta property=\"og:image:type\" content=\"image\/webp\" \/>\n<meta name=\"author\" content=\"Carmen L\u00f3pez\" \/>\n<meta name=\"twitter:card\" content=\"summary_large_image\" \/>\n<meta name=\"twitter:label1\" content=\"Escrito por\" \/>\n\t<meta name=\"twitter:data1\" content=\"Carmen L\u00f3pez\" \/>\n\t<meta name=\"twitter:label2\" content=\"Tiempo de lectura\" \/>\n\t<meta name=\"twitter:data2\" content=\"6 minutos\" \/>\n<script type=\"application\/ld+json\" class=\"yoast-schema-graph\">{\"@context\":\"https:\\\/\\\/schema.org\",\"@graph\":[{\"@type\":\"Article\",\"@id\":\"https:\\\/\\\/www.escapadarural.com\\\/blog\\\/el-jardin-de-peter-en-pobla-de-benifassa-castellon\\\/#article\",\"isPartOf\":{\"@id\":\"https:\\\/\\\/www.escapadarural.com\\\/blog\\\/el-jardin-de-peter-en-pobla-de-benifassa-castellon\\\/\"},\"author\":{\"name\":\"Carmen L\u00f3pez\",\"@id\":\"https:\\\/\\\/www.escapadarural.com\\\/blog\\\/#\\\/schema\\\/person\\\/42dfdff6118172efc6a04c8ae599a2ce\"},\"headline\":\"El jard\u00edn de Peter, un sue\u00f1o en la naturaleza de Pobla de Benifass\u00e0\",\"datePublished\":\"2022-03-25T08:32:13+00:00\",\"dateModified\":\"2025-08-12T14:38:27+00:00\",\"mainEntityOfPage\":{\"@id\":\"https:\\\/\\\/www.escapadarural.com\\\/blog\\\/el-jardin-de-peter-en-pobla-de-benifassa-castellon\\\/\"},\"wordCount\":981,\"commentCount\":1,\"publisher\":{\"@id\":\"https:\\\/\\\/www.escapadarural.com\\\/blog\\\/#organization\"},\"image\":{\"@id\":\"https:\\\/\\\/www.escapadarural.com\\\/blog\\\/el-jardin-de-peter-en-pobla-de-benifassa-castellon\\\/#primaryimage\"},\"thumbnailUrl\":\"https:\\\/\\\/www.escapadarural.com\\\/blog\\\/wp-content\\\/uploads\\\/2022\\\/03\\\/El-jardi-de-Peter.webp\",\"keywords\":[\"arte\",\"Baix Maestrat\",\"Castell\u00f3n\",\"cultura\",\"embalse de Ulldecona\",\"jard\u00edn de peter\",\"La S\u00e9nia\",\"peter buch\",\"Pobla de Benifass\u00e0\",\"Tinen\u00e7a de Benifass\u00e0\"],\"articleSection\":[\"Arte y Cultura\"],\"inLanguage\":\"es\",\"potentialAction\":[{\"@type\":\"CommentAction\",\"name\":\"Comment\",\"target\":[\"https:\\\/\\\/www.escapadarural.com\\\/blog\\\/el-jardin-de-peter-en-pobla-de-benifassa-castellon\\\/#respond\"]}]},{\"@type\":\"WebPage\",\"@id\":\"https:\\\/\\\/www.escapadarural.com\\\/blog\\\/el-jardin-de-peter-en-pobla-de-benifassa-castellon\\\/\",\"url\":\"https:\\\/\\\/www.escapadarural.com\\\/blog\\\/el-jardin-de-peter-en-pobla-de-benifassa-castellon\\\/\",\"name\":\"El jard\u00edn de Peter, un sue\u00f1o en la naturaleza de Pobla de Benifass\u00e0 - EscapadaRural\",\"isPartOf\":{\"@id\":\"https:\\\/\\\/www.escapadarural.com\\\/blog\\\/#website\"},\"primaryImageOfPage\":{\"@id\":\"https:\\\/\\\/www.escapadarural.com\\\/blog\\\/el-jardin-de-peter-en-pobla-de-benifassa-castellon\\\/#primaryimage\"},\"image\":{\"@id\":\"https:\\\/\\\/www.escapadarural.com\\\/blog\\\/el-jardin-de-peter-en-pobla-de-benifassa-castellon\\\/#primaryimage\"},\"thumbnailUrl\":\"https:\\\/\\\/www.escapadarural.com\\\/blog\\\/wp-content\\\/uploads\\\/2022\\\/03\\\/El-jardi-de-Peter.webp\",\"datePublished\":\"2022-03-25T08:32:13+00:00\",\"dateModified\":\"2025-08-12T14:38:27+00:00\",\"breadcrumb\":{\"@id\":\"https:\\\/\\\/www.escapadarural.com\\\/blog\\\/el-jardin-de-peter-en-pobla-de-benifassa-castellon\\\/#breadcrumb\"},\"inLanguage\":\"es\",\"potentialAction\":[{\"@type\":\"ReadAction\",\"target\":[\"https:\\\/\\\/www.escapadarural.com\\\/blog\\\/el-jardin-de-peter-en-pobla-de-benifassa-castellon\\\/\"]}]},{\"@type\":\"ImageObject\",\"inLanguage\":\"es\",\"@id\":\"https:\\\/\\\/www.escapadarural.com\\\/blog\\\/el-jardin-de-peter-en-pobla-de-benifassa-castellon\\\/#primaryimage\",\"url\":\"https:\\\/\\\/www.escapadarural.com\\\/blog\\\/wp-content\\\/uploads\\\/2022\\\/03\\\/El-jardi-de-Peter.webp\",\"contentUrl\":\"https:\\\/\\\/www.escapadarural.com\\\/blog\\\/wp-content\\\/uploads\\\/2022\\\/03\\\/El-jardi-de-Peter.webp\",\"width\":1024,\"height\":768,\"caption\":\"El jard\u00edn de Peter. Por Peter Buch\"},{\"@type\":\"BreadcrumbList\",\"@id\":\"https:\\\/\\\/www.escapadarural.com\\\/blog\\\/el-jardin-de-peter-en-pobla-de-benifassa-castellon\\\/#breadcrumb\",\"itemListElement\":[{\"@type\":\"ListItem\",\"position\":1,\"name\":\"Inicio\",\"item\":\"https:\\\/\\\/www.escapadarural.com\\\/blog\\\/\"},{\"@type\":\"ListItem\",\"position\":2,\"name\":\"Arte y Cultura\",\"item\":\"https:\\\/\\\/www.escapadarural.com\\\/blog\\\/categoria\\\/arte-y-cultura\\\/\"},{\"@type\":\"ListItem\",\"position\":3,\"name\":\"El jard\u00edn de Peter, un sue\u00f1o en la naturaleza de Pobla de Benifass\u00e0\"}]},{\"@type\":\"WebSite\",\"@id\":\"https:\\\/\\\/www.escapadarural.com\\\/blog\\\/#website\",\"url\":\"https:\\\/\\\/www.escapadarural.com\\\/blog\\\/\",\"name\":\"Blog de viajes | turismo rural, alojamientos e inspiraci\u00f3n\",\"description\":\"Alojamientos rurales e inspiraci\u00f3n para tus escapadas\",\"publisher\":{\"@id\":\"https:\\\/\\\/www.escapadarural.com\\\/blog\\\/#organization\"},\"alternateName\":\"Magazine de viajes de EscapadaRural\",\"potentialAction\":[{\"@type\":\"SearchAction\",\"target\":{\"@type\":\"EntryPoint\",\"urlTemplate\":\"https:\\\/\\\/www.escapadarural.com\\\/blog\\\/?s={search_term_string}\"},\"query-input\":{\"@type\":\"PropertyValueSpecification\",\"valueRequired\":true,\"valueName\":\"search_term_string\"}}],\"inLanguage\":\"es\"},{\"@type\":\"Organization\",\"@id\":\"https:\\\/\\\/www.escapadarural.com\\\/blog\\\/#organization\",\"name\":\"EscapadaRural\",\"url\":\"https:\\\/\\\/www.escapadarural.com\\\/blog\\\/\",\"logo\":{\"@type\":\"ImageObject\",\"inLanguage\":\"es\",\"@id\":\"https:\\\/\\\/www.escapadarural.com\\\/blog\\\/#\\\/schema\\\/logo\\\/image\\\/\",\"url\":\"https:\\\/\\\/www.escapadarural.com\\\/blog\\\/wp-content\\\/uploads\\\/2024\\\/10\\\/cropped-cropped-escapada-rural-icon-mag-3.png\",\"contentUrl\":\"https:\\\/\\\/www.escapadarural.com\\\/blog\\\/wp-content\\\/uploads\\\/2024\\\/10\\\/cropped-cropped-escapada-rural-icon-mag-3.png\",\"width\":512,\"height\":512,\"caption\":\"EscapadaRural\"},\"image\":{\"@id\":\"https:\\\/\\\/www.escapadarural.com\\\/blog\\\/#\\\/schema\\\/logo\\\/image\\\/\"},\"sameAs\":[\"https:\\\/\\\/www.facebook.com\\\/escapadarural\",\"https:\\\/\\\/www.instagram.com\\\/escapadarural\\\/\",\"https:\\\/\\\/www.youtube.com\\\/@escapadaruralcom\"]},{\"@type\":\"Person\",\"@id\":\"https:\\\/\\\/www.escapadarural.com\\\/blog\\\/#\\\/schema\\\/person\\\/42dfdff6118172efc6a04c8ae599a2ce\",\"name\":\"Carmen L\u00f3pez\",\"image\":{\"@type\":\"ImageObject\",\"inLanguage\":\"es\",\"@id\":\"https:\\\/\\\/www.escapadarural.com\\\/blog\\\/wp-content\\\/uploads\\\/2024\\\/11\\\/cropped-perfil_eldiario-96x96-1-96x96.jpeg\",\"url\":\"https:\\\/\\\/www.escapadarural.com\\\/blog\\\/wp-content\\\/uploads\\\/2024\\\/11\\\/cropped-perfil_eldiario-96x96-1-96x96.jpeg\",\"contentUrl\":\"https:\\\/\\\/www.escapadarural.com\\\/blog\\\/wp-content\\\/uploads\\\/2024\\\/11\\\/cropped-perfil_eldiario-96x96-1-96x96.jpeg\",\"caption\":\"Carmen L\u00f3pez\"},\"description\":\"Soy periodista y escribo sobre cosas que importan en sitios que interesan desde hace m\u00e1s de una d\u00e9cada.\",\"url\":\"https:\\\/\\\/www.escapadarural.com\\\/blog\\\/autor\\\/carmenlopez\\\/\"}]}<\/script>\n<!-- \/ Yoast SEO plugin. -->","yoast_head_json":{"title":"El jard\u00edn de Peter, un sue\u00f1o en la naturaleza de Pobla de Benifass\u00e0 - EscapadaRural","robots":{"index":"index","follow":"follow","max-snippet":"max-snippet:-1","max-image-preview":"max-image-preview:large","max-video-preview":"max-video-preview:-1"},"canonical":"https:\/\/www.escapadarural.com\/blog\/el-jardin-de-peter-en-pobla-de-benifassa-castellon\/","og_locale":"es_ES","og_type":"article","og_title":"El jard\u00edn de Peter, un sue\u00f1o en la naturaleza de Pobla de Benifass\u00e0 - EscapadaRural","og_description":"El jard\u00edn de Peter est\u00e1 situado en Parque Natural de la Tinen\u00e7a de Benifass\u00e0, Castell\u00f3n. Se trata de un universo repleto de arte con esculturas de colores y exc\u00e9ntricos edificios construidos con el aprovechamiento de materiales desechables.","og_url":"https:\/\/www.escapadarural.com\/blog\/el-jardin-de-peter-en-pobla-de-benifassa-castellon\/","og_site_name":"Magazine de viajes de EscapadaRural","article_publisher":"https:\/\/www.facebook.com\/escapadarural","article_published_time":"2022-03-25T08:32:13+00:00","article_modified_time":"2025-08-12T14:38:27+00:00","og_image":[{"width":1024,"height":768,"url":"https:\/\/www.escapadarural.com\/blog\/wp-content\/uploads\/2022\/03\/El-jardi-de-Peter.webp?v=1755009509","type":"image\/webp"}],"author":"Carmen L\u00f3pez","twitter_card":"summary_large_image","twitter_misc":{"Escrito por":"Carmen L\u00f3pez","Tiempo de lectura":"6 minutos"},"schema":{"@context":"https:\/\/schema.org","@graph":[{"@type":"Article","@id":"https:\/\/www.escapadarural.com\/blog\/el-jardin-de-peter-en-pobla-de-benifassa-castellon\/#article","isPartOf":{"@id":"https:\/\/www.escapadarural.com\/blog\/el-jardin-de-peter-en-pobla-de-benifassa-castellon\/"},"author":{"name":"Carmen L\u00f3pez","@id":"https:\/\/www.escapadarural.com\/blog\/#\/schema\/person\/42dfdff6118172efc6a04c8ae599a2ce"},"headline":"El jard\u00edn de Peter, un sue\u00f1o en la naturaleza de Pobla de Benifass\u00e0","datePublished":"2022-03-25T08:32:13+00:00","dateModified":"2025-08-12T14:38:27+00:00","mainEntityOfPage":{"@id":"https:\/\/www.escapadarural.com\/blog\/el-jardin-de-peter-en-pobla-de-benifassa-castellon\/"},"wordCount":981,"commentCount":1,"publisher":{"@id":"https:\/\/www.escapadarural.com\/blog\/#organization"},"image":{"@id":"https:\/\/www.escapadarural.com\/blog\/el-jardin-de-peter-en-pobla-de-benifassa-castellon\/#primaryimage"},"thumbnailUrl":"https:\/\/www.escapadarural.com\/blog\/wp-content\/uploads\/2022\/03\/El-jardi-de-Peter.webp","keywords":["arte","Baix Maestrat","Castell\u00f3n","cultura","embalse de Ulldecona","jard\u00edn de peter","La S\u00e9nia","peter buch","Pobla de Benifass\u00e0","Tinen\u00e7a de Benifass\u00e0"],"articleSection":["Arte y Cultura"],"inLanguage":"es","potentialAction":[{"@type":"CommentAction","name":"Comment","target":["https:\/\/www.escapadarural.com\/blog\/el-jardin-de-peter-en-pobla-de-benifassa-castellon\/#respond"]}]},{"@type":"WebPage","@id":"https:\/\/www.escapadarural.com\/blog\/el-jardin-de-peter-en-pobla-de-benifassa-castellon\/","url":"https:\/\/www.escapadarural.com\/blog\/el-jardin-de-peter-en-pobla-de-benifassa-castellon\/","name":"El jard\u00edn de Peter, un sue\u00f1o en la naturaleza de Pobla de Benifass\u00e0 - EscapadaRural","isPartOf":{"@id":"https:\/\/www.escapadarural.com\/blog\/#website"},"primaryImageOfPage":{"@id":"https:\/\/www.escapadarural.com\/blog\/el-jardin-de-peter-en-pobla-de-benifassa-castellon\/#primaryimage"},"image":{"@id":"https:\/\/www.escapadarural.com\/blog\/el-jardin-de-peter-en-pobla-de-benifassa-castellon\/#primaryimage"},"thumbnailUrl":"https:\/\/www.escapadarural.com\/blog\/wp-content\/uploads\/2022\/03\/El-jardi-de-Peter.webp","datePublished":"2022-03-25T08:32:13+00:00","dateModified":"2025-08-12T14:38:27+00:00","breadcrumb":{"@id":"https:\/\/www.escapadarural.com\/blog\/el-jardin-de-peter-en-pobla-de-benifassa-castellon\/#breadcrumb"},"inLanguage":"es","potentialAction":[{"@type":"ReadAction","target":["https:\/\/www.escapadarural.com\/blog\/el-jardin-de-peter-en-pobla-de-benifassa-castellon\/"]}]},{"@type":"ImageObject","inLanguage":"es","@id":"https:\/\/www.escapadarural.com\/blog\/el-jardin-de-peter-en-pobla-de-benifassa-castellon\/#primaryimage","url":"https:\/\/www.escapadarural.com\/blog\/wp-content\/uploads\/2022\/03\/El-jardi-de-Peter.webp","contentUrl":"https:\/\/www.escapadarural.com\/blog\/wp-content\/uploads\/2022\/03\/El-jardi-de-Peter.webp","width":1024,"height":768,"caption":"El jard\u00edn de Peter. Por Peter Buch"},{"@type":"BreadcrumbList","@id":"https:\/\/www.escapadarural.com\/blog\/el-jardin-de-peter-en-pobla-de-benifassa-castellon\/#breadcrumb","itemListElement":[{"@type":"ListItem","position":1,"name":"Inicio","item":"https:\/\/www.escapadarural.com\/blog\/"},{"@type":"ListItem","position":2,"name":"Arte y Cultura","item":"https:\/\/www.escapadarural.com\/blog\/categoria\/arte-y-cultura\/"},{"@type":"ListItem","position":3,"name":"El jard\u00edn de Peter, un sue\u00f1o en la naturaleza de Pobla de Benifass\u00e0"}]},{"@type":"WebSite","@id":"https:\/\/www.escapadarural.com\/blog\/#website","url":"https:\/\/www.escapadarural.com\/blog\/","name":"Blog de viajes | turismo rural, alojamientos e inspiraci\u00f3n","description":"Alojamientos rurales e inspiraci\u00f3n para tus escapadas","publisher":{"@id":"https:\/\/www.escapadarural.com\/blog\/#organization"},"alternateName":"Magazine de viajes de EscapadaRural","potentialAction":[{"@type":"SearchAction","target":{"@type":"EntryPoint","urlTemplate":"https:\/\/www.escapadarural.com\/blog\/?s={search_term_string}"},"query-input":{"@type":"PropertyValueSpecification","valueRequired":true,"valueName":"search_term_string"}}],"inLanguage":"es"},{"@type":"Organization","@id":"https:\/\/www.escapadarural.com\/blog\/#organization","name":"EscapadaRural","url":"https:\/\/www.escapadarural.com\/blog\/","logo":{"@type":"ImageObject","inLanguage":"es","@id":"https:\/\/www.escapadarural.com\/blog\/#\/schema\/logo\/image\/","url":"https:\/\/www.escapadarural.com\/blog\/wp-content\/uploads\/2024\/10\/cropped-cropped-escapada-rural-icon-mag-3.png","contentUrl":"https:\/\/www.escapadarural.com\/blog\/wp-content\/uploads\/2024\/10\/cropped-cropped-escapada-rural-icon-mag-3.png","width":512,"height":512,"caption":"EscapadaRural"},"image":{"@id":"https:\/\/www.escapadarural.com\/blog\/#\/schema\/logo\/image\/"},"sameAs":["https:\/\/www.facebook.com\/escapadarural","https:\/\/www.instagram.com\/escapadarural\/","https:\/\/www.youtube.com\/@escapadaruralcom"]},{"@type":"Person","@id":"https:\/\/www.escapadarural.com\/blog\/#\/schema\/person\/42dfdff6118172efc6a04c8ae599a2ce","name":"Carmen L\u00f3pez","image":{"@type":"ImageObject","inLanguage":"es","@id":"https:\/\/www.escapadarural.com\/blog\/wp-content\/uploads\/2024\/11\/cropped-perfil_eldiario-96x96-1-96x96.jpeg","url":"https:\/\/www.escapadarural.com\/blog\/wp-content\/uploads\/2024\/11\/cropped-perfil_eldiario-96x96-1-96x96.jpeg","contentUrl":"https:\/\/www.escapadarural.com\/blog\/wp-content\/uploads\/2024\/11\/cropped-perfil_eldiario-96x96-1-96x96.jpeg","caption":"Carmen L\u00f3pez"},"description":"Soy periodista y escribo sobre cosas que importan en sitios que interesan desde hace m\u00e1s de una d\u00e9cada.","url":"https:\/\/www.escapadarural.com\/blog\/autor\/carmenlopez\/"}]}},"_links":{"self":[{"href":"https:\/\/www.escapadarural.com\/blog\/wp-json\/wp\/v2\/posts\/49881","targetHints":{"allow":["GET"]}}],"collection":[{"href":"https:\/\/www.escapadarural.com\/blog\/wp-json\/wp\/v2\/posts"}],"about":[{"href":"https:\/\/www.escapadarural.com\/blog\/wp-json\/wp\/v2\/types\/post"}],"author":[{"embeddable":true,"href":"https:\/\/www.escapadarural.com\/blog\/wp-json\/wp\/v2\/users\/114"}],"replies":[{"embeddable":true,"href":"https:\/\/www.escapadarural.com\/blog\/wp-json\/wp\/v2\/comments?post=49881"}],"version-history":[{"count":0,"href":"https:\/\/www.escapadarural.com\/blog\/wp-json\/wp\/v2\/posts\/49881\/revisions"}],"wp:featuredmedia":[{"embeddable":true,"href":"https:\/\/www.escapadarural.com\/blog\/wp-json\/wp\/v2\/media\/207168"}],"wp:attachment":[{"href":"https:\/\/www.escapadarural.com\/blog\/wp-json\/wp\/v2\/media?parent=49881"}],"wp:term":[{"taxonomy":"category","embeddable":true,"href":"https:\/\/www.escapadarural.com\/blog\/wp-json\/wp\/v2\/categories?post=49881"},{"taxonomy":"post_tag","embeddable":true,"href":"https:\/\/www.escapadarural.com\/blog\/wp-json\/wp\/v2\/tags?post=49881"}],"curies":[{"name":"wp","href":"https:\/\/api.w.org\/{rel}","templated":true}]}}