{"id":50146,"date":"2022-04-05T08:47:07","date_gmt":"2022-04-05T07:47:07","guid":{"rendered":"https:\/\/www.escapadarural.com\/blog\/?p=50146"},"modified":"2025-04-08T17:12:44","modified_gmt":"2025-04-08T15:12:44","slug":"cabana-en-el-bosque-del-videoclip-de-manuel-carrasco","status":"publish","type":"post","link":"https:\/\/www.escapadarural.com\/blog\/cabana-en-el-bosque-del-videoclip-de-manuel-carrasco\/","title":{"rendered":"La caba\u00f1a en el bosque que enamor\u00f3 a Manuel Carrasco"},"content":{"rendered":"\n<p>\u201cAl principio piensas que es una broma, c\u00f3mo va a venir Manuel Carrasco a mi casa\u201d, dice Mar\u00eda, propietaria de la caba\u00f1a que el cantante eligi\u00f3 para rodar su videoclip \u201cLl\u00e1mame loco\u201d.&nbsp;<\/p>\n\n\n\n<figure class=\"wp-block-image size-large\"><a href=\"https:\/\/www.escapadarural.com\/casa-rural\/avila\/apartamentos-rurales-matagacha\"><img decoding=\"async\" src=\"https:\/\/www.escapadarural.com\/blog\/wp-content\/uploads\/Apartamentos-Turisticos-Matagacha-1024x683.jpg\" alt=\"Caba\u00f1a en el bosque de los Apartamentos Tur\u00edsticos Matagacha\" class=\"wp-image-50153\"\/><\/a><figcaption class=\"wp-element-caption\">La caba\u00f1a en el bosque de los Apartamentos Tur\u00edsticos Matagacha<\/figcaption><\/figure>\n\n\n\n<p>Aisladas entre el oasis de \u00e1rboles, en la \u00e1rida sierra de la Paramera (\u00c1vila), est\u00e1n los <a href=\"https:\/\/www.escapadarural.com\/casa-rural\/avila\/apartamentos-rurales-matagacha\" class=\"rank-math-link\">Apartamentos Tur\u00edsticos Matagacha<\/a>. Cuatro caba\u00f1as que se mimetizan con el entorno, tanto con su arquitectura como por la experiencia que ofrecen: aqu\u00ed se viene a descansar. Solo los p\u00e1jaros, o el crepitar de las hojas de los \u00e1rboles, son capaces de romper el silencio.&nbsp;<\/p>\n\n\n\n<p><strong>El lugar parece de <a href=\"https:\/\/www.escapadarural.com\/blog\/renteria-donde-se-rodo-la-infiltrada\/\" title=\"Renter\u00eda, el pueblo de la pel\u00edcula La infiltrada\"  data-wpil-monitor-id=\"971\">pel\u00edcula<\/a><\/strong>. Y eso debi\u00f3 de pensar <a aria-label=\"Manuel Carrasco (opens in a new tab)\" href=\"https:\/\/es.wikipedia.org\/wiki\/Manuel_Carrasco\" target=\"_blank\" rel=\"noreferrer noopener nofollow\" class=\"rank-math-link\">Manuel Carrasco<\/a> cuando, junto con su equipo, decidieron que la caba\u00f1a en el bosque de Matagacha ser\u00eda el escenario perfecto para una historia de amor, o m\u00e1s bien de desamor.&nbsp;<\/p>\n\n\n\n<figure class=\"wp-block-embed is-type-video is-provider-youtube wp-block-embed-youtube wp-embed-aspect-16-9 wp-has-aspect-ratio\"><div class=\"wp-block-embed__wrapper\">\n<span class=\"qNfjt9BypZi7xhDcTYSX41kWVwKOg3ar8enFvIQLAHuGRbdmE2slCJMU5Po06\"><div class=\"video-shortcode\"><iframe title=\"Manuel Carrasco - Ll\u00e1mame Loco (Video Oficial)\" width=\"1200\" height=\"675\" src=\"https:\/\/www.youtube.com\/embed\/po-9ok_hRGA?feature=oembed\" frameborder=\"0\" allow=\"accelerometer; autoplay; clipboard-write; encrypted-media; gyroscope; picture-in-picture; web-share\" referrerpolicy=\"strict-origin-when-cross-origin\" allowfullscreen><\/iframe><\/div><\/span>\n<\/div><\/figure>\n\n\n\n<p>All\u00ed se trasladaron un 4 de noviembre, justo despu\u00e9s del puente de Todos los Santos. \u201cNevaba y llov\u00eda, Manuel Carrasco pas\u00f3 mucho fr\u00edo\u201d, nos cuenta Mar\u00eda por tel\u00e9fono. \u201cYo les dec\u00eda: Hab\u00e9is pedido un d\u00eda gris y os lo he dado. Los managers se pon\u00edan hasta mantas en la cabeza y, cada vez que paraban de rodar, a Carrasco y a la modelo tambi\u00e9n ten\u00edan que taparlos\u201d, recuerda.&nbsp;<\/p>\n\n\n\n<p>El rodaje se realiz\u00f3 bajo la m\u00e1xima discreci\u00f3n, ya que ni los vecinos de Villaviciosa, pueblo al que pertenecen los alojamientos, se acercaron a ver al cantante. \u201cEsto es un pueblo de 50 habitantes, por lo que todos sab\u00edan del rodaje. Ellos contrataron el catering en Solosancho. Sin embargo, los vecinos sab\u00edan que los productores no quer\u00edan que se filtrase nada y se portaron muy bien\u201d.&nbsp;<\/p>\n\n\n\n<p>Tal y como se puede ver en el v\u00eddeo, la caba\u00f1a Matagacha est\u00e1 construida en madera. Cuenta con un amplio sal\u00f3n con chimenea, cocina amueblada, comedor, habitaci\u00f3n con terraza acristalada y <strong>ba\u00f1era de hidromasaje<\/strong> y porche. Un destino de lo m\u00e1s rom\u00e1ntico para compartir en pareja o, en el caso de Manuel Carrasco, de ser nost\u00e1lgico.<\/p>\n\n\n\n<figure class=\"wp-block-image size-large\"><a href=\"https:\/\/www.escapadarural.com\/casa-rural\/avila\/apartamentos-rurales-matagacha\"><img decoding=\"async\" src=\"https:\/\/www.escapadarural.com\/blog\/wp-content\/uploads\/Apartamentos-Turisticos-Matagacha-2-1024x683.jpg\" alt=\"Caba\u00f1a en el bosque de los Apartamentos Tur\u00edsticos Matagacha\" class=\"wp-image-50152\"\/><\/a><figcaption class=\"wp-element-caption\">Apartamentos Tur\u00edsticos Matagacha<\/figcaption><\/figure>\n\n\n\n<p>Las otras tres caba\u00f1as, aunque no aparecen como escenario en el v\u00eddeo musical, tambi\u00e9n se convirtieron en un set de rodaje: \u201cUna de ellas se utiliz\u00f3 como vestidor y como sala de maquillaje; otra fue el comedor de los descansos\u201d, nos explica Mar\u00eda. \u201cEs curioso porque est\u00e1s preparando caf\u00e9 a Carrasco y al hijo de Rafael (productor musical) y piensas: madre m\u00eda, c\u00f3mo han acabado aqu\u00ed\u201d.<\/p>\n\n\n\n<p>Las caba\u00f1as est\u00e1n separadas entre s\u00ed en una finca de 8.000 metros cuadrados en la <strong>sierra de Solosancho<\/strong>, por lo que son perfectas si se busca intimidad. Est\u00e1n rodeadas de naturaleza y la finca es como un oasis con \u00e1rboles. Entre sus instalaciones cuenta con dos piscinas, barbacoa y una zona de columpios. Tambi\u00e9n dispone de bicicletas para recorrer los alrededores.&nbsp;<\/p>\n\n\n\n<figure class=\"wp-block-image size-large\"><a href=\"https:\/\/www.escapadarural.com\/casa-rural\/avila\/apartamentos-rurales-matagacha\"><img decoding=\"async\" src=\"https:\/\/www.escapadarural.com\/blog\/wp-content\/uploads\/Apartamentos-Turisticos-Matagacha-3-1024x1024.jpg\" alt=\"Apartamentos Tur\u00edsticos Matagacha\" class=\"wp-image-50148\"\/><\/a><figcaption class=\"wp-element-caption\">Apartamentos Tur\u00edsticos Matagacha<\/figcaption><\/figure>\n\n\n\n<figure class=\"wp-block-gallery has-nested-images columns-default is-cropped wp-block-gallery-1 is-layout-flex wp-block-gallery-is-layout-flex\">\n<figure class=\"wp-block-image size-large\"><img decoding=\"async\" data-id=\"50149\" src=\"https:\/\/www.escapadarural.com\/blog\/wp-content\/uploads\/Apartamentos-Turisticos-Matagacha-4-1024x768.jpg\" alt=\"Apartamentos Tur\u00edsticos Matagacha\" class=\"wp-image-50149\"\/><figcaption class=\"wp-element-caption\">Apartamentos Tur\u00edsticos Matagacha<\/figcaption><\/figure>\n\n\n\n<figure class=\"wp-block-image size-large\"><img decoding=\"async\" data-id=\"50150\" src=\"https:\/\/www.escapadarural.com\/blog\/wp-content\/uploads\/Apartamentos-Turisticos-Matagacha-5-1024x683.jpg\" alt=\"Apartamentos Tur\u00edsticos Matagacha\" class=\"wp-image-50150\"\/><figcaption class=\"wp-element-caption\">Apartamentos Tur\u00edsticos Matagacha<\/figcaption><\/figure>\n<\/figure>\n\n\n\n<p>Seg\u00fan Mar\u00eda, antes de la pandemia casi todos los viajeros que visitaban los Apartamentos Tur\u00edsticos de Matagacha eran familias, aunque ahora cada vez hay m\u00e1s parejas. Pocos son los que vienen por haber reconocido <strong>la caba\u00f1a en el bosque del videoclip de Manuel Carrasco<\/strong>. \u201cMe pesa no haberles dicho que nos mencionaran en el v\u00eddeo\u201d, lamenta mientras reconoce que el rodaje fue una gran experiencia que estar\u00eda dispuesta a repetir. \u201cTodos fueron muy agradables y me integraron en el equipo\u201d.&nbsp;<\/p>\n\n\n\n<h2 class=\"wp-block-heading\" id=\"h-ruta-de-castros-y-castillos\"><strong>Ruta de castros y castillos<\/strong><\/h2>\n\n\n\n<figure class=\"wp-block-image size-large\"><a href=\"https:\/\/www.escapadarural.com\/blog\/wp-content\/uploads\/AdobeStock_287800454-scaled.jpeg\"><img decoding=\"async\" src=\"https:\/\/www.escapadarural.com\/blog\/wp-content\/uploads\/AdobeStock_287800454-1024x683.jpeg\" alt=\"Castillo Manqueospese\" class=\"wp-image-50156\"\/><\/a><figcaption class=\"wp-element-caption\">Castillo Manqueospese. Por Abuelo Ramiro<\/figcaption><\/figure>\n\n\n\n<p>Aunque cuando pensamos en <a href=\"https:\/\/www.escapadarural.com\/casas-rurales\/avila\" class=\"rank-math-link\">\u00c1vila<\/a>, inevitablemente, lo primero que se nos viene a la cabeza es la sierra de Gredos, esta provincia castellana situada a solo hora y media de Madrid tiene much\u00edsimo m\u00e1s que ofrecer.&nbsp;<\/p>\n\n\n\n<p>En la sierra de Solosancho, a solo 300 metros de las caba\u00f1as de Matagacha, est\u00e1 el castro de Ulaca, \u201cel m\u00e1s grande de Europa en extensi\u00f3n\u201d, dice Mar\u00eda. Un castro vet\u00f3n que data de la Edad de Bronce y que cuenta con un altar de los sacrificios. La enorme roca tiene varios escalones tallados por donde discurr\u00edan los fluidos de los animales sacrificados. Tambi\u00e9n contaba con un santuario y una sauna, adem\u00e1s de dos canteras de donde se extra\u00edan las rocas. El castro de Ulaca forma parte de la <strong>Ruta de los Castros<\/strong>, que incluye tambi\u00e9n los de Las Cogotas o la Mesa de Miranda.&nbsp;<\/p>\n\n\n\n<figure class=\"wp-block-image size-large\"><a href=\"https:\/\/www.escapadarural.com\/blog\/wp-content\/uploads\/1613px-Castro_de_Ulaca_10_by-dpc.jpg\"><img decoding=\"async\" src=\"https:\/\/www.escapadarural.com\/blog\/wp-content\/uploads\/1613px-Castro_de_Ulaca_10_by-dpc-1024x686.jpg\" alt=\"Castro de Ulaca\" class=\"wp-image-50154\"\/><\/a><figcaption class=\"wp-element-caption\">Castro de Ulaca. Por David Perez<\/figcaption><\/figure>\n\n\n\n<p>La zona, adem\u00e1s, tambi\u00e9n guarda reliquias de la Edad Media. A trav\u00e9s de la <strong>Ruta de los Castillos<\/strong> se pueden conocer algunas de las fortificaciones que salpicaron las tierras de \u00c1vila en el siglo XV. Uno de los m\u00e1s populares es el de Manqueospese, en el valle de Ambl\u00e9s. \u201cSu leyenda de amor es muy bonita\u201d, dice Mar\u00eda. \u201cTrata sobre una pareja que separaron. A \u00e9l lo llevaron al castillo, a ella a la muralla de \u00c1vila. Pero entre ellos se hac\u00edan se\u00f1ales con espejos. El castillo se llama Manqueospese porque \u00e9l dec\u00eda: mal que os pese la ver\u00e9. Est\u00e1 abandonado, pero se puede ver por fuera\u201d.&nbsp;<\/p>\n\n\n\n<p>La sierra de Solosancho tambi\u00e9n es un para\u00edso para los amantes de la ornitolog\u00eda, pues la sobrevuelan numerosas especies de aves. Desde la finca de los Apartamentos Tur\u00edsticos Matagacha hay numerosos caminos que, seg\u00fan Mar\u00eda, \u201cllegan hasta el infinito\u201d. Pues son caminos inmensos, sin fin, tranquilos, donde solo se oye el agua del estanque. \u201cNo hay coches. Esto es naturaleza y tranquilidad\u201d, comenta.&nbsp;<\/p>\n\n\n\n<p>Un lugar que, con la lluvia, huele a las jaras de la finca. <\/p>\n\n\n\n<div class=\"wp-block-buttons is-layout-flex wp-block-buttons-is-layout-flex\">\n<div class=\"wp-block-button\"><a class=\"wp-block-button__link wp-element-button\" href=\"https:\/\/www.escapadarural.com\/casa-rural\/avila\/apartamentos-rurales-matagacha\">Reservar en los Apartamentos Tur\u00edsticos Matagacha<\/a><\/div>\n<\/div>\n","protected":false},"excerpt":{"rendered":"<p>\u201cAl principio piensas que es una broma, c\u00f3mo va a venir Manuel Carrasco a mi casa\u201d, dice Mar\u00eda, propietaria de la caba\u00f1a en el bosque que el cantante eligi\u00f3 para rodar su videoclip \u201cLl\u00e1mame loco\u201d. <\/p>\n","protected":false},"author":89,"featured_media":101487,"comment_status":"open","ping_status":"open","sticky":false,"template":"","format":"standard","meta":{"_acf_changed":false,"om_disable_all_campaigns":false,"footnotes":""},"categories":[247],"tags":[260,896,2231,5995,3950],"class_list":["post-50146","post","type-post","status-publish","format-standard","has-post-thumbnail","hentry","category-alojamientos-rurales","tag-articulo","tag-que-ver-en-avila","tag-cabanas","tag-que-ver-en-castilla-y-leon","tag-sierra-solosancho"],"acf":[],"featured_image_src":"https:\/\/www.escapadarural.com\/blog\/wp-content\/uploads\/2024\/10\/Apartamentos-Turisticos-Matagacha-1024x683-2.jpg","author_info":{"display_name":"Laura Fern\u00e1ndez","author_link":"https:\/\/www.escapadarural.com\/blog\/autor\/laura\/"},"yoast_head":"<!-- This site is optimized with the Yoast SEO plugin v27.5 - https:\/\/yoast.com\/product\/yoast-seo-wordpress\/ -->\n<title>La caba\u00f1a en el bosque que enamor\u00f3 a Manuel Carrasco - EscapadaRural<\/title>\n<meta name=\"robots\" content=\"index, follow, max-snippet:-1, max-image-preview:large, max-video-preview:-1\" \/>\n<link rel=\"canonical\" href=\"https:\/\/www.escapadarural.com\/blog\/cabana-en-el-bosque-del-videoclip-de-manuel-carrasco\/\" \/>\n<meta property=\"og:locale\" content=\"es_ES\" \/>\n<meta property=\"og:type\" content=\"article\" \/>\n<meta property=\"og:title\" content=\"La caba\u00f1a en el bosque que enamor\u00f3 a Manuel Carrasco - EscapadaRural\" \/>\n<meta property=\"og:description\" content=\"\u201cAl principio piensas que es una broma, c\u00f3mo va a venir Manuel Carrasco a mi casa\u201d, dice Mar\u00eda, propietaria de la caba\u00f1a en el bosque que el cantante eligi\u00f3 para rodar su videoclip \u201cLl\u00e1mame loco\u201d.\" \/>\n<meta property=\"og:url\" content=\"https:\/\/www.escapadarural.com\/blog\/cabana-en-el-bosque-del-videoclip-de-manuel-carrasco\/\" \/>\n<meta property=\"og:site_name\" content=\"Magazine de viajes de EscapadaRural\" \/>\n<meta property=\"article:publisher\" content=\"https:\/\/www.facebook.com\/escapadarural\" \/>\n<meta property=\"article:published_time\" content=\"2022-04-05T07:47:07+00:00\" \/>\n<meta property=\"article:modified_time\" content=\"2025-04-08T15:12:44+00:00\" \/>\n<meta property=\"og:image\" content=\"https:\/\/www.escapadarural.com\/blog\/wp-content\/uploads\/2024\/10\/Apartamentos-Turisticos-Matagacha-1024x683-2.jpg\" \/>\n\t<meta property=\"og:image:width\" content=\"1024\" \/>\n\t<meta property=\"og:image:height\" content=\"683\" \/>\n\t<meta property=\"og:image:type\" content=\"image\/jpeg\" \/>\n<meta name=\"author\" content=\"Laura Fern\u00e1ndez\" \/>\n<meta name=\"twitter:card\" content=\"summary_large_image\" \/>\n<meta name=\"twitter:label1\" content=\"Escrito por\" \/>\n\t<meta name=\"twitter:data1\" content=\"Laura Fern\u00e1ndez\" \/>\n\t<meta name=\"twitter:label2\" content=\"Tiempo de lectura\" \/>\n\t<meta name=\"twitter:data2\" content=\"6 minutos\" \/>\n<script type=\"application\/ld+json\" class=\"yoast-schema-graph\">{\"@context\":\"https:\\\/\\\/schema.org\",\"@graph\":[{\"@type\":\"Article\",\"@id\":\"https:\\\/\\\/www.escapadarural.com\\\/blog\\\/cabana-en-el-bosque-del-videoclip-de-manuel-carrasco\\\/#article\",\"isPartOf\":{\"@id\":\"https:\\\/\\\/www.escapadarural.com\\\/blog\\\/cabana-en-el-bosque-del-videoclip-de-manuel-carrasco\\\/\"},\"author\":{\"name\":\"Laura Fern\u00e1ndez\",\"@id\":\"https:\\\/\\\/www.escapadarural.com\\\/blog\\\/#\\\/schema\\\/person\\\/a9b46ae4d047d8a2c719f31e75206cff\"},\"headline\":\"La caba\u00f1a en el bosque que enamor\u00f3 a Manuel Carrasco\",\"datePublished\":\"2022-04-05T07:47:07+00:00\",\"dateModified\":\"2025-04-08T15:12:44+00:00\",\"mainEntityOfPage\":{\"@id\":\"https:\\\/\\\/www.escapadarural.com\\\/blog\\\/cabana-en-el-bosque-del-videoclip-de-manuel-carrasco\\\/\"},\"wordCount\":1012,\"commentCount\":2,\"publisher\":{\"@id\":\"https:\\\/\\\/www.escapadarural.com\\\/blog\\\/#organization\"},\"image\":{\"@id\":\"https:\\\/\\\/www.escapadarural.com\\\/blog\\\/cabana-en-el-bosque-del-videoclip-de-manuel-carrasco\\\/#primaryimage\"},\"thumbnailUrl\":\"https:\\\/\\\/www.escapadarural.com\\\/blog\\\/wp-content\\\/uploads\\\/2024\\\/10\\\/Apartamentos-Turisticos-Matagacha-1024x683-2.jpg\",\"keywords\":[\"art\u00edculo\",\"\u00c1vila\",\"Caba\u00f1as\",\"Castilla y Le\u00f3n\",\"sierra Solosancho\"],\"articleSection\":[\"Alojamientos rurales\"],\"inLanguage\":\"es\",\"potentialAction\":[{\"@type\":\"CommentAction\",\"name\":\"Comment\",\"target\":[\"https:\\\/\\\/www.escapadarural.com\\\/blog\\\/cabana-en-el-bosque-del-videoclip-de-manuel-carrasco\\\/#respond\"]}]},{\"@type\":\"WebPage\",\"@id\":\"https:\\\/\\\/www.escapadarural.com\\\/blog\\\/cabana-en-el-bosque-del-videoclip-de-manuel-carrasco\\\/\",\"url\":\"https:\\\/\\\/www.escapadarural.com\\\/blog\\\/cabana-en-el-bosque-del-videoclip-de-manuel-carrasco\\\/\",\"name\":\"La caba\u00f1a en el bosque que enamor\u00f3 a Manuel Carrasco - EscapadaRural\",\"isPartOf\":{\"@id\":\"https:\\\/\\\/www.escapadarural.com\\\/blog\\\/#website\"},\"primaryImageOfPage\":{\"@id\":\"https:\\\/\\\/www.escapadarural.com\\\/blog\\\/cabana-en-el-bosque-del-videoclip-de-manuel-carrasco\\\/#primaryimage\"},\"image\":{\"@id\":\"https:\\\/\\\/www.escapadarural.com\\\/blog\\\/cabana-en-el-bosque-del-videoclip-de-manuel-carrasco\\\/#primaryimage\"},\"thumbnailUrl\":\"https:\\\/\\\/www.escapadarural.com\\\/blog\\\/wp-content\\\/uploads\\\/2024\\\/10\\\/Apartamentos-Turisticos-Matagacha-1024x683-2.jpg\",\"datePublished\":\"2022-04-05T07:47:07+00:00\",\"dateModified\":\"2025-04-08T15:12:44+00:00\",\"breadcrumb\":{\"@id\":\"https:\\\/\\\/www.escapadarural.com\\\/blog\\\/cabana-en-el-bosque-del-videoclip-de-manuel-carrasco\\\/#breadcrumb\"},\"inLanguage\":\"es\",\"potentialAction\":[{\"@type\":\"ReadAction\",\"target\":[\"https:\\\/\\\/www.escapadarural.com\\\/blog\\\/cabana-en-el-bosque-del-videoclip-de-manuel-carrasco\\\/\"]}]},{\"@type\":\"ImageObject\",\"inLanguage\":\"es\",\"@id\":\"https:\\\/\\\/www.escapadarural.com\\\/blog\\\/cabana-en-el-bosque-del-videoclip-de-manuel-carrasco\\\/#primaryimage\",\"url\":\"https:\\\/\\\/www.escapadarural.com\\\/blog\\\/wp-content\\\/uploads\\\/2024\\\/10\\\/Apartamentos-Turisticos-Matagacha-1024x683-2.jpg\",\"contentUrl\":\"https:\\\/\\\/www.escapadarural.com\\\/blog\\\/wp-content\\\/uploads\\\/2024\\\/10\\\/Apartamentos-Turisticos-Matagacha-1024x683-2.jpg\",\"width\":1024,\"height\":683,\"caption\":\"Apartamentos tur\u00edsticos Matagacha\"},{\"@type\":\"BreadcrumbList\",\"@id\":\"https:\\\/\\\/www.escapadarural.com\\\/blog\\\/cabana-en-el-bosque-del-videoclip-de-manuel-carrasco\\\/#breadcrumb\",\"itemListElement\":[{\"@type\":\"ListItem\",\"position\":1,\"name\":\"Inicio\",\"item\":\"https:\\\/\\\/www.escapadarural.com\\\/blog\\\/\"},{\"@type\":\"ListItem\",\"position\":2,\"name\":\"Alojamientos rurales\",\"item\":\"https:\\\/\\\/www.escapadarural.com\\\/blog\\\/categoria\\\/alojamientos-rurales\\\/\"},{\"@type\":\"ListItem\",\"position\":3,\"name\":\"La caba\u00f1a en el bosque que enamor\u00f3 a Manuel Carrasco\"}]},{\"@type\":\"WebSite\",\"@id\":\"https:\\\/\\\/www.escapadarural.com\\\/blog\\\/#website\",\"url\":\"https:\\\/\\\/www.escapadarural.com\\\/blog\\\/\",\"name\":\"Blog de viajes | turismo rural, alojamientos e inspiraci\u00f3n\",\"description\":\"Alojamientos rurales e inspiraci\u00f3n para tus escapadas\",\"publisher\":{\"@id\":\"https:\\\/\\\/www.escapadarural.com\\\/blog\\\/#organization\"},\"alternateName\":\"Magazine de viajes de EscapadaRural\",\"potentialAction\":[{\"@type\":\"SearchAction\",\"target\":{\"@type\":\"EntryPoint\",\"urlTemplate\":\"https:\\\/\\\/www.escapadarural.com\\\/blog\\\/?s={search_term_string}\"},\"query-input\":{\"@type\":\"PropertyValueSpecification\",\"valueRequired\":true,\"valueName\":\"search_term_string\"}}],\"inLanguage\":\"es\"},{\"@type\":\"Organization\",\"@id\":\"https:\\\/\\\/www.escapadarural.com\\\/blog\\\/#organization\",\"name\":\"EscapadaRural\",\"url\":\"https:\\\/\\\/www.escapadarural.com\\\/blog\\\/\",\"logo\":{\"@type\":\"ImageObject\",\"inLanguage\":\"es\",\"@id\":\"https:\\\/\\\/www.escapadarural.com\\\/blog\\\/#\\\/schema\\\/logo\\\/image\\\/\",\"url\":\"https:\\\/\\\/www.escapadarural.com\\\/blog\\\/wp-content\\\/uploads\\\/2024\\\/10\\\/cropped-cropped-escapada-rural-icon-mag-3.png\",\"contentUrl\":\"https:\\\/\\\/www.escapadarural.com\\\/blog\\\/wp-content\\\/uploads\\\/2024\\\/10\\\/cropped-cropped-escapada-rural-icon-mag-3.png\",\"width\":512,\"height\":512,\"caption\":\"EscapadaRural\"},\"image\":{\"@id\":\"https:\\\/\\\/www.escapadarural.com\\\/blog\\\/#\\\/schema\\\/logo\\\/image\\\/\"},\"sameAs\":[\"https:\\\/\\\/www.facebook.com\\\/escapadarural\",\"https:\\\/\\\/www.instagram.com\\\/escapadarural\\\/\",\"https:\\\/\\\/www.youtube.com\\\/@escapadaruralcom\"]},{\"@type\":\"Person\",\"@id\":\"https:\\\/\\\/www.escapadarural.com\\\/blog\\\/#\\\/schema\\\/person\\\/a9b46ae4d047d8a2c719f31e75206cff\",\"name\":\"Laura Fern\u00e1ndez\",\"image\":{\"@type\":\"ImageObject\",\"inLanguage\":\"es\",\"@id\":\"https:\\\/\\\/www.escapadarural.com\\\/blog\\\/wp-content\\\/uploads\\\/2025\\\/01\\\/cropped-laura_raponchii-96x96.jpg\",\"url\":\"https:\\\/\\\/www.escapadarural.com\\\/blog\\\/wp-content\\\/uploads\\\/2025\\\/01\\\/cropped-laura_raponchii-96x96.jpg\",\"contentUrl\":\"https:\\\/\\\/www.escapadarural.com\\\/blog\\\/wp-content\\\/uploads\\\/2025\\\/01\\\/cropped-laura_raponchii-96x96.jpg\",\"caption\":\"Laura Fern\u00e1ndez\"},\"description\":\"Periodista, blogger y viajera. No necesariamente en ese orden. En ocasiones me despierto sin saber d\u00f3nde estoy. Adicta a los c\u00f3mics y a los noodles con salsa de cacahuete. Redactora en @escapadarural, colaboradora en la Conde Nast Traveler y en la Divinity. Mi casa: Meridiano180.\",\"sameAs\":[\"http:\\\/\\\/www.meridiano180.com\\\/\"],\"url\":\"https:\\\/\\\/www.escapadarural.com\\\/blog\\\/autor\\\/laura\\\/\"}]}<\/script>\n<!-- \/ Yoast SEO plugin. -->","yoast_head_json":{"title":"La caba\u00f1a en el bosque que enamor\u00f3 a Manuel Carrasco - EscapadaRural","robots":{"index":"index","follow":"follow","max-snippet":"max-snippet:-1","max-image-preview":"max-image-preview:large","max-video-preview":"max-video-preview:-1"},"canonical":"https:\/\/www.escapadarural.com\/blog\/cabana-en-el-bosque-del-videoclip-de-manuel-carrasco\/","og_locale":"es_ES","og_type":"article","og_title":"La caba\u00f1a en el bosque que enamor\u00f3 a Manuel Carrasco - EscapadaRural","og_description":"\u201cAl principio piensas que es una broma, c\u00f3mo va a venir Manuel Carrasco a mi casa\u201d, dice Mar\u00eda, propietaria de la caba\u00f1a en el bosque que el cantante eligi\u00f3 para rodar su videoclip \u201cLl\u00e1mame loco\u201d.","og_url":"https:\/\/www.escapadarural.com\/blog\/cabana-en-el-bosque-del-videoclip-de-manuel-carrasco\/","og_site_name":"Magazine de viajes de EscapadaRural","article_publisher":"https:\/\/www.facebook.com\/escapadarural","article_published_time":"2022-04-05T07:47:07+00:00","article_modified_time":"2025-04-08T15:12:44+00:00","og_image":[{"width":1024,"height":683,"url":"https:\/\/www.escapadarural.com\/blog\/wp-content\/uploads\/2024\/10\/Apartamentos-Turisticos-Matagacha-1024x683-2.jpg","type":"image\/jpeg"}],"author":"Laura Fern\u00e1ndez","twitter_card":"summary_large_image","twitter_misc":{"Escrito por":"Laura Fern\u00e1ndez","Tiempo de lectura":"6 minutos"},"schema":{"@context":"https:\/\/schema.org","@graph":[{"@type":"Article","@id":"https:\/\/www.escapadarural.com\/blog\/cabana-en-el-bosque-del-videoclip-de-manuel-carrasco\/#article","isPartOf":{"@id":"https:\/\/www.escapadarural.com\/blog\/cabana-en-el-bosque-del-videoclip-de-manuel-carrasco\/"},"author":{"name":"Laura Fern\u00e1ndez","@id":"https:\/\/www.escapadarural.com\/blog\/#\/schema\/person\/a9b46ae4d047d8a2c719f31e75206cff"},"headline":"La caba\u00f1a en el bosque que enamor\u00f3 a Manuel Carrasco","datePublished":"2022-04-05T07:47:07+00:00","dateModified":"2025-04-08T15:12:44+00:00","mainEntityOfPage":{"@id":"https:\/\/www.escapadarural.com\/blog\/cabana-en-el-bosque-del-videoclip-de-manuel-carrasco\/"},"wordCount":1012,"commentCount":2,"publisher":{"@id":"https:\/\/www.escapadarural.com\/blog\/#organization"},"image":{"@id":"https:\/\/www.escapadarural.com\/blog\/cabana-en-el-bosque-del-videoclip-de-manuel-carrasco\/#primaryimage"},"thumbnailUrl":"https:\/\/www.escapadarural.com\/blog\/wp-content\/uploads\/2024\/10\/Apartamentos-Turisticos-Matagacha-1024x683-2.jpg","keywords":["art\u00edculo","\u00c1vila","Caba\u00f1as","Castilla y Le\u00f3n","sierra Solosancho"],"articleSection":["Alojamientos rurales"],"inLanguage":"es","potentialAction":[{"@type":"CommentAction","name":"Comment","target":["https:\/\/www.escapadarural.com\/blog\/cabana-en-el-bosque-del-videoclip-de-manuel-carrasco\/#respond"]}]},{"@type":"WebPage","@id":"https:\/\/www.escapadarural.com\/blog\/cabana-en-el-bosque-del-videoclip-de-manuel-carrasco\/","url":"https:\/\/www.escapadarural.com\/blog\/cabana-en-el-bosque-del-videoclip-de-manuel-carrasco\/","name":"La caba\u00f1a en el bosque que enamor\u00f3 a Manuel Carrasco - EscapadaRural","isPartOf":{"@id":"https:\/\/www.escapadarural.com\/blog\/#website"},"primaryImageOfPage":{"@id":"https:\/\/www.escapadarural.com\/blog\/cabana-en-el-bosque-del-videoclip-de-manuel-carrasco\/#primaryimage"},"image":{"@id":"https:\/\/www.escapadarural.com\/blog\/cabana-en-el-bosque-del-videoclip-de-manuel-carrasco\/#primaryimage"},"thumbnailUrl":"https:\/\/www.escapadarural.com\/blog\/wp-content\/uploads\/2024\/10\/Apartamentos-Turisticos-Matagacha-1024x683-2.jpg","datePublished":"2022-04-05T07:47:07+00:00","dateModified":"2025-04-08T15:12:44+00:00","breadcrumb":{"@id":"https:\/\/www.escapadarural.com\/blog\/cabana-en-el-bosque-del-videoclip-de-manuel-carrasco\/#breadcrumb"},"inLanguage":"es","potentialAction":[{"@type":"ReadAction","target":["https:\/\/www.escapadarural.com\/blog\/cabana-en-el-bosque-del-videoclip-de-manuel-carrasco\/"]}]},{"@type":"ImageObject","inLanguage":"es","@id":"https:\/\/www.escapadarural.com\/blog\/cabana-en-el-bosque-del-videoclip-de-manuel-carrasco\/#primaryimage","url":"https:\/\/www.escapadarural.com\/blog\/wp-content\/uploads\/2024\/10\/Apartamentos-Turisticos-Matagacha-1024x683-2.jpg","contentUrl":"https:\/\/www.escapadarural.com\/blog\/wp-content\/uploads\/2024\/10\/Apartamentos-Turisticos-Matagacha-1024x683-2.jpg","width":1024,"height":683,"caption":"Apartamentos tur\u00edsticos Matagacha"},{"@type":"BreadcrumbList","@id":"https:\/\/www.escapadarural.com\/blog\/cabana-en-el-bosque-del-videoclip-de-manuel-carrasco\/#breadcrumb","itemListElement":[{"@type":"ListItem","position":1,"name":"Inicio","item":"https:\/\/www.escapadarural.com\/blog\/"},{"@type":"ListItem","position":2,"name":"Alojamientos rurales","item":"https:\/\/www.escapadarural.com\/blog\/categoria\/alojamientos-rurales\/"},{"@type":"ListItem","position":3,"name":"La caba\u00f1a en el bosque que enamor\u00f3 a Manuel Carrasco"}]},{"@type":"WebSite","@id":"https:\/\/www.escapadarural.com\/blog\/#website","url":"https:\/\/www.escapadarural.com\/blog\/","name":"Blog de viajes | turismo rural, alojamientos e inspiraci\u00f3n","description":"Alojamientos rurales e inspiraci\u00f3n para tus escapadas","publisher":{"@id":"https:\/\/www.escapadarural.com\/blog\/#organization"},"alternateName":"Magazine de viajes de EscapadaRural","potentialAction":[{"@type":"SearchAction","target":{"@type":"EntryPoint","urlTemplate":"https:\/\/www.escapadarural.com\/blog\/?s={search_term_string}"},"query-input":{"@type":"PropertyValueSpecification","valueRequired":true,"valueName":"search_term_string"}}],"inLanguage":"es"},{"@type":"Organization","@id":"https:\/\/www.escapadarural.com\/blog\/#organization","name":"EscapadaRural","url":"https:\/\/www.escapadarural.com\/blog\/","logo":{"@type":"ImageObject","inLanguage":"es","@id":"https:\/\/www.escapadarural.com\/blog\/#\/schema\/logo\/image\/","url":"https:\/\/www.escapadarural.com\/blog\/wp-content\/uploads\/2024\/10\/cropped-cropped-escapada-rural-icon-mag-3.png","contentUrl":"https:\/\/www.escapadarural.com\/blog\/wp-content\/uploads\/2024\/10\/cropped-cropped-escapada-rural-icon-mag-3.png","width":512,"height":512,"caption":"EscapadaRural"},"image":{"@id":"https:\/\/www.escapadarural.com\/blog\/#\/schema\/logo\/image\/"},"sameAs":["https:\/\/www.facebook.com\/escapadarural","https:\/\/www.instagram.com\/escapadarural\/","https:\/\/www.youtube.com\/@escapadaruralcom"]},{"@type":"Person","@id":"https:\/\/www.escapadarural.com\/blog\/#\/schema\/person\/a9b46ae4d047d8a2c719f31e75206cff","name":"Laura Fern\u00e1ndez","image":{"@type":"ImageObject","inLanguage":"es","@id":"https:\/\/www.escapadarural.com\/blog\/wp-content\/uploads\/2025\/01\/cropped-laura_raponchii-96x96.jpg","url":"https:\/\/www.escapadarural.com\/blog\/wp-content\/uploads\/2025\/01\/cropped-laura_raponchii-96x96.jpg","contentUrl":"https:\/\/www.escapadarural.com\/blog\/wp-content\/uploads\/2025\/01\/cropped-laura_raponchii-96x96.jpg","caption":"Laura Fern\u00e1ndez"},"description":"Periodista, blogger y viajera. No necesariamente en ese orden. En ocasiones me despierto sin saber d\u00f3nde estoy. Adicta a los c\u00f3mics y a los noodles con salsa de cacahuete. Redactora en @escapadarural, colaboradora en la Conde Nast Traveler y en la Divinity. Mi casa: Meridiano180.","sameAs":["http:\/\/www.meridiano180.com\/"],"url":"https:\/\/www.escapadarural.com\/blog\/autor\/laura\/"}]}},"_links":{"self":[{"href":"https:\/\/www.escapadarural.com\/blog\/wp-json\/wp\/v2\/posts\/50146","targetHints":{"allow":["GET"]}}],"collection":[{"href":"https:\/\/www.escapadarural.com\/blog\/wp-json\/wp\/v2\/posts"}],"about":[{"href":"https:\/\/www.escapadarural.com\/blog\/wp-json\/wp\/v2\/types\/post"}],"author":[{"embeddable":true,"href":"https:\/\/www.escapadarural.com\/blog\/wp-json\/wp\/v2\/users\/89"}],"replies":[{"embeddable":true,"href":"https:\/\/www.escapadarural.com\/blog\/wp-json\/wp\/v2\/comments?post=50146"}],"version-history":[{"count":0,"href":"https:\/\/www.escapadarural.com\/blog\/wp-json\/wp\/v2\/posts\/50146\/revisions"}],"wp:featuredmedia":[{"embeddable":true,"href":"https:\/\/www.escapadarural.com\/blog\/wp-json\/wp\/v2\/media\/101487"}],"wp:attachment":[{"href":"https:\/\/www.escapadarural.com\/blog\/wp-json\/wp\/v2\/media?parent=50146"}],"wp:term":[{"taxonomy":"category","embeddable":true,"href":"https:\/\/www.escapadarural.com\/blog\/wp-json\/wp\/v2\/categories?post=50146"},{"taxonomy":"post_tag","embeddable":true,"href":"https:\/\/www.escapadarural.com\/blog\/wp-json\/wp\/v2\/tags?post=50146"}],"curies":[{"name":"wp","href":"https:\/\/api.w.org\/{rel}","templated":true}]}}