{"id":50337,"date":"2023-03-07T10:26:00","date_gmt":"2023-03-07T09:26:00","guid":{"rendered":"https:\/\/www.escapadarural.com\/blog\/?p=50337"},"modified":"2025-03-11T15:03:37","modified_gmt":"2025-03-11T13:03:37","slug":"la-capilla-sixtina-extremena-en-la-ermita-virgen-del-ara","status":"publish","type":"post","link":"https:\/\/www.escapadarural.com\/blog\/la-capilla-sixtina-extremena-en-la-ermita-virgen-del-ara\/","title":{"rendered":"Ermita de la Virgen del Ara: la Capilla Sixtina extreme\u00f1a"},"content":{"rendered":"\n<figure class=\"wp-block-image size-full\"><img loading=\"lazy\" decoding=\"async\" width=\"1024\" height=\"682\" src=\"https:\/\/www.escapadarural.com\/blog\/wp-content\/uploads\/2023\/03\/A_ara_9.webp\" alt=\"La Capilla Sixtina extreme\u00f1a de la Virgen del Ara. Por Turismo Extremadura\" class=\"wp-image-195982\" srcset=\"https:\/\/www.escapadarural.com\/blog\/wp-content\/uploads\/2023\/03\/A_ara_9-200x133.webp 200w, https:\/\/www.escapadarural.com\/blog\/wp-content\/uploads\/2023\/03\/A_ara_9-300x200.webp 300w, https:\/\/www.escapadarural.com\/blog\/wp-content\/uploads\/2023\/03\/A_ara_9-400x266.webp 400w, https:\/\/www.escapadarural.com\/blog\/wp-content\/uploads\/2023\/03\/A_ara_9-600x400.webp 600w, https:\/\/www.escapadarural.com\/blog\/wp-content\/uploads\/2023\/03\/A_ara_9-768x512.webp 768w, https:\/\/www.escapadarural.com\/blog\/wp-content\/uploads\/2023\/03\/A_ara_9-800x533.webp 800w, https:\/\/www.escapadarural.com\/blog\/wp-content\/uploads\/2023\/03\/A_ara_9.webp 1024w\" sizes=\"auto, (max-width: 1024px) 100vw, 1024px\" \/><figcaption class=\"wp-element-caption\">La Capilla Sixtina extreme\u00f1a de la Virgen del Ara. Por Turismo Extremadura\n<\/figcaption><\/figure>\n\n\n\n<p>Hay algunos relatos que consiguen que lugares ya incre\u00edbles de por s\u00ed se conviertan en un merecido lugar de peregrinaci\u00f3n. Es precisamente el caso de <strong>la ermita de la Virgen del Ara<\/strong>, una maravilla del arte no demasiado conocida hasta hace unos a\u00f1os. Est\u00e1 situada a menos de diez kil\u00f3metros del pueblo extreme\u00f1o<strong> <\/strong><a href=\"https:\/\/www.escapadarural.com\/casas-rurales\/fuente-del-arco\" class=\"rank-math-link\"><strong>Fuente del Arco<\/strong><\/a>, y a tres de la frontera con Andaluc\u00eda. Ahora ostenta el t\u00edtulo no oficial de<strong> la \u201cCapilla Sixtina extreme\u00f1a\u201d<\/strong>.<\/p>\n\n\n\n<p>Seg\u00fan cuenta la leyenda mariana, en la \u00e9poca final de la conquista musulmana, viv\u00edan en la zona una princesa Erminda y su padre el reyezuelo Taifa [as\u00ed se llamaban a los \u00faltimos peque\u00f1os monarcas musulmanes] Jay\u00f3n, que estaba ciego. Un d\u00eda, cuando la joven estaba jugando en una fuente cercana <strong>se le apareci\u00f3 la Virgen Mar\u00eda<\/strong> encima de la copa de una encina.&nbsp;<\/p>\n\n\n\n<figure class=\"wp-block-image size-large\"><img loading=\"lazy\" decoding=\"async\" width=\"768\" height=\"1024\" src=\"https:\/\/www.escapadarural.com\/blog\/wp-content\/uploads\/2023\/03\/A_ara_5-768x1024.webp\" alt=\"La capilla Sixtina extreme\u00f1a. Por Turismo Extremadura\" class=\"wp-image-195980\" srcset=\"https:\/\/www.escapadarural.com\/blog\/wp-content\/uploads\/2023\/03\/A_ara_5-200x267.webp 200w, https:\/\/www.escapadarural.com\/blog\/wp-content\/uploads\/2023\/03\/A_ara_5-225x300.webp 225w, https:\/\/www.escapadarural.com\/blog\/wp-content\/uploads\/2023\/03\/A_ara_5-400x534.webp 400w, https:\/\/www.escapadarural.com\/blog\/wp-content\/uploads\/2023\/03\/A_ara_5-600x800.webp 600w, https:\/\/www.escapadarural.com\/blog\/wp-content\/uploads\/2023\/03\/A_ara_5-768x1025.webp 768w, https:\/\/www.escapadarural.com\/blog\/wp-content\/uploads\/2023\/03\/A_ara_5-800x1067.webp 800w, https:\/\/www.escapadarural.com\/blog\/wp-content\/uploads\/2023\/03\/A_ara_5.webp 1024w\" sizes=\"auto, (max-width: 768px) 100vw, 768px\" \/><figcaption class=\"wp-element-caption\">La capilla Sixtina extreme\u00f1a. Por Turismo Extremadura\n<\/figcaption><\/figure>\n\n\n\n<p>En ese momento, la princesa no le ech\u00f3 demasiadas cuentas al asunto, pero unas cuantas visitas despu\u00e9s, la imagen present\u00f3 una aureola brillante en la cabeza y se anim\u00f3 a preguntarle qui\u00e9n era. Cuando la aparici\u00f3n le revel\u00f3 su identidad, la hija del monarca le exigi\u00f3 una prueba de autenticidad y <strong>la Virgen le dijo que si se convert\u00edan al cristianismo<\/strong>, su progenitor recuperar\u00eda la vista.<\/p>\n\n\n\n<p>Ambas partes cumplieron su palabra y el monarca empez\u00f3 a construir <strong>una ermita en honor de su salvadora<\/strong> ocular. Pero la edificaci\u00f3n no avanzaba porque lo que se levantaba por el d\u00eda, se ca\u00eda por la noche. Jay\u00f3n se preocup\u00f3 bastante por el tema y decidi\u00f3 que se ten\u00edan que ir.&nbsp;<\/p>\n\n\n\n<p>Pero los planes de la Virgen eran otros y cuando intentaron irse, <strong>el agua de la ribera del Ara<\/strong> les impidi\u00f3 el paso. Total, que habl\u00f3 con la aparecida, que no estaba nada contenta con la ubicaci\u00f3n que ten\u00edan pensada para su homenaje, as\u00ed que la movieron al lugar en el que se encuentra ahora.<\/p>\n\n\n\n<figure class=\"wp-block-image size-full\"><img loading=\"lazy\" decoding=\"async\" width=\"1024\" height=\"768\" src=\"https:\/\/www.escapadarural.com\/blog\/wp-content\/uploads\/2023\/03\/A_ara_7.webp\" alt=\"La capilla Sixtina extreme\u00f1a. Por Turismo Extremadura\" class=\"wp-image-195981\" srcset=\"https:\/\/www.escapadarural.com\/blog\/wp-content\/uploads\/2023\/03\/A_ara_7-200x150.webp 200w, https:\/\/www.escapadarural.com\/blog\/wp-content\/uploads\/2023\/03\/A_ara_7-300x225.webp 300w, https:\/\/www.escapadarural.com\/blog\/wp-content\/uploads\/2023\/03\/A_ara_7-400x300.webp 400w, https:\/\/www.escapadarural.com\/blog\/wp-content\/uploads\/2023\/03\/A_ara_7-600x450.webp 600w, https:\/\/www.escapadarural.com\/blog\/wp-content\/uploads\/2023\/03\/A_ara_7-768x576.webp 768w, https:\/\/www.escapadarural.com\/blog\/wp-content\/uploads\/2023\/03\/A_ara_7-800x600.webp 800w, https:\/\/www.escapadarural.com\/blog\/wp-content\/uploads\/2023\/03\/A_ara_7.webp 1024w\" sizes=\"auto, (max-width: 1024px) 100vw, 1024px\" \/><figcaption class=\"wp-element-caption\">La capilla Sixtina extreme\u00f1a. Por Turismo Extremadura\n<\/figcaption><\/figure>\n\n\n\n<p>La <strong>cuadrilla de obreros estaba formada por musulmanes convertidos<\/strong> al cristianismo, pero hubo uno que decidi\u00f3 que el cambio no le convenc\u00eda y quiso volver a su credo original. Sus compa\u00f1eros de trabajo no se lo tomaron precisamente bien y le pusieron preso de corma (un cepo de madera que se pon\u00eda en los pies). La Virgen intervino y le dejaron libre, aunque como cristiano, claro.<\/p>\n\n\n\n<p>Una <strong>tabla g\u00f3tica que puede datar de los siglos XIII, XIV <\/strong>o incluso principios del XV (el elemento m\u00e1s antiguo que se conserva en el edificio) refleja estos acontecimientos. Una historia que fue pasando de generaci\u00f3n en generaci\u00f3n en la zona.<\/p>\n\n\n\n<h2 class=\"wp-block-heading\" id=\"h-la-ermita\"><strong>La ermita<\/strong><\/h2>\n\n\n\n<figure class=\"wp-block-image size-full\"><img loading=\"lazy\" decoding=\"async\" width=\"1024\" height=\"768\" src=\"https:\/\/www.escapadarural.com\/blog\/wp-content\/uploads\/2023\/03\/A_ara_1.webp\" alt=\"Ermita de la Virgen del Ara. Por Turismo Extremadura\" class=\"wp-image-195978\" srcset=\"https:\/\/www.escapadarural.com\/blog\/wp-content\/uploads\/2023\/03\/A_ara_1-200x150.webp 200w, https:\/\/www.escapadarural.com\/blog\/wp-content\/uploads\/2023\/03\/A_ara_1-300x225.webp 300w, https:\/\/www.escapadarural.com\/blog\/wp-content\/uploads\/2023\/03\/A_ara_1-400x300.webp 400w, https:\/\/www.escapadarural.com\/blog\/wp-content\/uploads\/2023\/03\/A_ara_1-600x450.webp 600w, https:\/\/www.escapadarural.com\/blog\/wp-content\/uploads\/2023\/03\/A_ara_1-768x576.webp 768w, https:\/\/www.escapadarural.com\/blog\/wp-content\/uploads\/2023\/03\/A_ara_1-800x600.webp 800w, https:\/\/www.escapadarural.com\/blog\/wp-content\/uploads\/2023\/03\/A_ara_1.webp 1024w\" sizes=\"auto, (max-width: 1024px) 100vw, 1024px\" \/><figcaption class=\"wp-element-caption\">Ermita de la Virgen del Ara. Por Turismo Extremadura\n<\/figcaption><\/figure>\n\n\n\n<p>M\u00e1s all\u00e1 de la leyenda, <strong>la Capilla Sixtina extreme\u00f1a tiene otros misterios<\/strong>. Se sabe que es muy antigua, pero no cu\u00e1nto. Seg\u00fan su p\u00e1gina web oficial, que ofrece la historia de la ermita contada por ella misma y firmada por Manuel Vilches, los arque\u00f3logos que la han estudiado se\u00f1alan que posiblemente su asentamiento corresponda un lugar que, antes de la cristianizaci\u00f3n, se rend\u00eda culto a fen\u00f3menos naturales como podr\u00eda ser <strong>el manantial Madre del Agua<\/strong> del que nace la ribera del Ara.<\/p>\n\n\n\n<p>Por las investigaciones de los t\u00e9cnicos de la Junta de Extremadura, el edificio pudo haber sido utilizado como<strong> lugar de culto por diversas civilizaciones<\/strong>. Por all\u00ed pasaron seguramente desde los romanos hasta los visigodos, aunque despu\u00e9s de la Reconquista se estableci\u00f3 como santuario cristiano a cargo de<em> la Orden de Santiago<\/em>. La primera vez que se hace menci\u00f3n a la ermita es en el siglo XIV, en un escrito perteneciente al <em>Libro de la monter\u00eda<\/em>, del rey Alfonso XI.<\/p>\n\n\n\n<figure class=\"wp-block-image size-large\"><img loading=\"lazy\" decoding=\"async\" width=\"768\" height=\"1024\" src=\"https:\/\/www.escapadarural.com\/blog\/wp-content\/uploads\/2023\/03\/A_ara_4-768x1024.webp\" alt=\"La Capilla Sixtina extreme\u00f1a. Por Turismo Extremadura\" class=\"wp-image-195979\" srcset=\"https:\/\/www.escapadarural.com\/blog\/wp-content\/uploads\/2023\/03\/A_ara_4-200x267.webp 200w, https:\/\/www.escapadarural.com\/blog\/wp-content\/uploads\/2023\/03\/A_ara_4-225x300.webp 225w, https:\/\/www.escapadarural.com\/blog\/wp-content\/uploads\/2023\/03\/A_ara_4-400x534.webp 400w, https:\/\/www.escapadarural.com\/blog\/wp-content\/uploads\/2023\/03\/A_ara_4-600x800.webp 600w, https:\/\/www.escapadarural.com\/blog\/wp-content\/uploads\/2023\/03\/A_ara_4-768x1025.webp 768w, https:\/\/www.escapadarural.com\/blog\/wp-content\/uploads\/2023\/03\/A_ara_4-800x1067.webp 800w, https:\/\/www.escapadarural.com\/blog\/wp-content\/uploads\/2023\/03\/A_ara_4.webp 1024w\" sizes=\"auto, (max-width: 768px) 100vw, 768px\" \/><figcaption class=\"wp-element-caption\">La Capilla Sixtina extreme\u00f1a. Por Turismo Extremadura\n<\/figcaption><\/figure>\n\n\n\n<p>Su \u00fanica nave consta de una b\u00f3veda de ca\u00f1\u00f3n, un camar\u00edn y una capilla mayor. El elemento m\u00e1s llamativo es <strong>la b\u00f3veda en la que est\u00e1n representadas las escenas del G\u00e9nesis<\/strong>, como ocurre en la Capilla Sixtina del Vaticano. Datan de mediados del XVII y aunque no se conoce el nombre de sus autores, se estima que pudieron ser seis estudiantes de la escuela que <strong>Francisco de Zurbar\u00e1n ten\u00eda en <\/strong><a href=\"https:\/\/www.escapadarural.com\/casas-rurales\/llerena\" class=\"rank-math-link\"><strong>Llerena<\/strong><\/a>, un pueblo de <a class=\"rank-math-link\" href=\"https:\/\/www.escapadarural.com\/casas-rurales\/badajoz\">Badajoz<\/a> que est\u00e1 cerca del santuario.<\/p>\n\n\n\n<p>Asimismo, <strong>las pinturas geom\u00e9tricas del z\u00f3cal<\/strong>o tambi\u00e9n son de observaci\u00f3n obligada. Son las m\u00e1s antiguas que est\u00e1n en la ermita y solo est\u00e1n ah\u00ed y en el palacio episcopal de Llerena. Adem\u00e1s, est\u00e1n pintadas al fresco \u2013las otras obras est\u00e1n hechas al \u00f3leo o al temple\u2013 y son las que mejor han resistido el paso del tiempo (que ha sido mucho).<\/p>\n\n\n\n<p>Hay un elemento curioso de la Capilla Sixtina extreme\u00f1a y es que, en <strong>la b\u00f3veda del coro, hay unas figuras no religiosas<\/strong>: se trata de la pintura de cuatro mujeres que representan los cuatro puntos cardinales y los signos correspondientes del zodiaco.<\/p>\n\n\n\n<figure class=\"wp-block-image size-full\"><img loading=\"lazy\" decoding=\"async\" width=\"1024\" height=\"575\" src=\"https:\/\/www.escapadarural.com\/blog\/wp-content\/uploads\/2023\/03\/A_ara_11.webp\" alt=\"Ermita de la Virgen del Ara. Por Turismo Extremadura\" class=\"wp-image-195983\" srcset=\"https:\/\/www.escapadarural.com\/blog\/wp-content\/uploads\/2023\/03\/A_ara_11-200x112.webp 200w, https:\/\/www.escapadarural.com\/blog\/wp-content\/uploads\/2023\/03\/A_ara_11-300x168.webp 300w, https:\/\/www.escapadarural.com\/blog\/wp-content\/uploads\/2023\/03\/A_ara_11-400x225.webp 400w, https:\/\/www.escapadarural.com\/blog\/wp-content\/uploads\/2023\/03\/A_ara_11-600x337.webp 600w, https:\/\/www.escapadarural.com\/blog\/wp-content\/uploads\/2023\/03\/A_ara_11-768x431.webp 768w, https:\/\/www.escapadarural.com\/blog\/wp-content\/uploads\/2023\/03\/A_ara_11-800x449.webp 800w, https:\/\/www.escapadarural.com\/blog\/wp-content\/uploads\/2023\/03\/A_ara_11.webp 1024w\" sizes=\"auto, (max-width: 1024px) 100vw, 1024px\" \/><figcaption class=\"wp-element-caption\">Ermita de la Virgen del Ara. Por Turismo Extremadura\n<\/figcaption><\/figure>\n\n\n\n<p>El templo fue <strong>declarado Bien de Inter\u00e9s Cultural<\/strong> en la categor\u00eda de monumento el 16 de octubre de 2018, lo que aument\u00f3 considerablemente su popularidad y la afluencia de visitantes. Pero no hay que olvidar que, adem\u00e1s de los interesados en el arte, a la capilla tambi\u00e9n acuden devotos. Como explica \u2018la propia ermita\u2019: \u201cMi mayor alegr\u00eda es cobijar en mis entra\u00f1as esta antigua <strong>imagen \u2018de candelero\u2019 de la Dama de la Jayona<\/strong>, datada en el siglo XVIII, que desde hace siglos es objeto de veneraci\u00f3n en toda la Baja Extremadura, y cuya fama y devoci\u00f3n trascienden el tiempo y el espacio\u201d.<\/p>\n\n\n\n<div class=\"wp-block-buttons is-layout-flex wp-block-buttons-is-layout-flex\">\n<div class=\"wp-block-button\"><a class=\"wp-block-button__link wp-element-button\" href=\"https:\/\/www.escapadarural.com\/casas-rurales\/badajoz\">Casas rurales en Badajoz<\/a><\/div>\n<\/div>\n","protected":false},"excerpt":{"rendered":"<p>En el pueblo Fuente del Arco encontramos la ermita de la Virgen del Ara, m\u00e1s conocida como la Capilla Sixtina extreme\u00f1a debido a los frescos de sus b\u00f3vedas, donde se representan escenas del G\u00e9nesis. <\/p>\n","protected":false},"author":114,"featured_media":195982,"comment_status":"open","ping_status":"open","sticky":false,"template":"","format":"standard","meta":{"_acf_changed":false,"om_disable_all_campaigns":false,"footnotes":""},"categories":[231],"tags":[1717,539,4946,4947,4948,4949,4950,3294,4951,870],"class_list":["post-50337","post","type-post","status-publish","format-standard","has-post-thumbnail","hentry","category-arte-y-cultura","tag-arte","tag-que-ver-en-badajoz","tag-baja-extremadura","tag-capilla-sixtina-extremena","tag-ermita-virgen-del-ara","tag-francisco-de-zurbaran","tag-fuente-del-arco","tag-leyenda","tag-llerena","tag-monumentos"],"acf":[],"featured_image_src":"https:\/\/www.escapadarural.com\/blog\/wp-content\/uploads\/2023\/03\/A_ara_9.webp","author_info":{"display_name":"Carmen L\u00f3pez","author_link":"https:\/\/www.escapadarural.com\/blog\/autor\/carmenlopez\/"},"yoast_head":"<!-- This site is optimized with the Yoast SEO plugin v27.5 - https:\/\/yoast.com\/product\/yoast-seo-wordpress\/ -->\n<title>Ermita de la Virgen del Ara: la Capilla Sixtina extreme\u00f1a - EscapadaRural<\/title>\n<meta name=\"robots\" content=\"index, follow, max-snippet:-1, max-image-preview:large, max-video-preview:-1\" \/>\n<link rel=\"canonical\" href=\"https:\/\/www.escapadarural.com\/blog\/la-capilla-sixtina-extremena-en-la-ermita-virgen-del-ara\/\" \/>\n<meta property=\"og:locale\" content=\"es_ES\" \/>\n<meta property=\"og:type\" content=\"article\" \/>\n<meta property=\"og:title\" content=\"Ermita de la Virgen del Ara: la Capilla Sixtina extreme\u00f1a - EscapadaRural\" \/>\n<meta property=\"og:description\" content=\"En el pueblo Fuente del Arco encontramos la ermita de la Virgen del Ara, m\u00e1s conocida como la Capilla Sixtina extreme\u00f1a debido a los frescos de sus b\u00f3vedas, donde se representan escenas del G\u00e9nesis.\" \/>\n<meta property=\"og:url\" content=\"https:\/\/www.escapadarural.com\/blog\/la-capilla-sixtina-extremena-en-la-ermita-virgen-del-ara\/\" \/>\n<meta property=\"og:site_name\" content=\"Magazine de viajes de EscapadaRural\" \/>\n<meta property=\"article:publisher\" content=\"https:\/\/www.facebook.com\/escapadarural\" \/>\n<meta property=\"article:published_time\" content=\"2023-03-07T09:26:00+00:00\" \/>\n<meta property=\"article:modified_time\" content=\"2025-03-11T13:03:37+00:00\" \/>\n<meta property=\"og:image\" content=\"https:\/\/www.escapadarural.com\/blog\/wp-content\/uploads\/2023\/03\/A_ara_9.webp\" \/>\n\t<meta property=\"og:image:width\" content=\"1024\" \/>\n\t<meta property=\"og:image:height\" content=\"682\" \/>\n\t<meta property=\"og:image:type\" content=\"image\/webp\" \/>\n<meta name=\"author\" content=\"Carmen L\u00f3pez\" \/>\n<meta name=\"twitter:card\" content=\"summary_large_image\" \/>\n<meta name=\"twitter:label1\" content=\"Escrito por\" \/>\n\t<meta name=\"twitter:data1\" content=\"Carmen L\u00f3pez\" \/>\n\t<meta name=\"twitter:label2\" content=\"Tiempo de lectura\" \/>\n\t<meta name=\"twitter:data2\" content=\"6 minutos\" \/>\n<script type=\"application\/ld+json\" class=\"yoast-schema-graph\">{\"@context\":\"https:\\\/\\\/schema.org\",\"@graph\":[{\"@type\":\"Article\",\"@id\":\"https:\\\/\\\/www.escapadarural.com\\\/blog\\\/la-capilla-sixtina-extremena-en-la-ermita-virgen-del-ara\\\/#article\",\"isPartOf\":{\"@id\":\"https:\\\/\\\/www.escapadarural.com\\\/blog\\\/la-capilla-sixtina-extremena-en-la-ermita-virgen-del-ara\\\/\"},\"author\":{\"name\":\"Carmen L\u00f3pez\",\"@id\":\"https:\\\/\\\/www.escapadarural.com\\\/blog\\\/#\\\/schema\\\/person\\\/42dfdff6118172efc6a04c8ae599a2ce\"},\"headline\":\"Ermita de la Virgen del Ara: la Capilla Sixtina extreme\u00f1a\",\"datePublished\":\"2023-03-07T09:26:00+00:00\",\"dateModified\":\"2025-03-11T13:03:37+00:00\",\"mainEntityOfPage\":{\"@id\":\"https:\\\/\\\/www.escapadarural.com\\\/blog\\\/la-capilla-sixtina-extremena-en-la-ermita-virgen-del-ara\\\/\"},\"wordCount\":1012,\"commentCount\":0,\"publisher\":{\"@id\":\"https:\\\/\\\/www.escapadarural.com\\\/blog\\\/#organization\"},\"image\":{\"@id\":\"https:\\\/\\\/www.escapadarural.com\\\/blog\\\/la-capilla-sixtina-extremena-en-la-ermita-virgen-del-ara\\\/#primaryimage\"},\"thumbnailUrl\":\"https:\\\/\\\/www.escapadarural.com\\\/blog\\\/wp-content\\\/uploads\\\/2023\\\/03\\\/A_ara_9.webp\",\"keywords\":[\"arte\",\"Badajoz\",\"baja extremadura\",\"Capilla Sixtina extreme\u00f1a\",\"ermita virgen del ara\",\"Francisco de Zurbar\u00e1n\",\"fuente del arco\",\"leyenda\",\"llerena\",\"Monumentos\"],\"articleSection\":[\"Arte y Cultura\"],\"inLanguage\":\"es\",\"potentialAction\":[{\"@type\":\"CommentAction\",\"name\":\"Comment\",\"target\":[\"https:\\\/\\\/www.escapadarural.com\\\/blog\\\/la-capilla-sixtina-extremena-en-la-ermita-virgen-del-ara\\\/#respond\"]}]},{\"@type\":\"WebPage\",\"@id\":\"https:\\\/\\\/www.escapadarural.com\\\/blog\\\/la-capilla-sixtina-extremena-en-la-ermita-virgen-del-ara\\\/\",\"url\":\"https:\\\/\\\/www.escapadarural.com\\\/blog\\\/la-capilla-sixtina-extremena-en-la-ermita-virgen-del-ara\\\/\",\"name\":\"Ermita de la Virgen del Ara: la Capilla Sixtina extreme\u00f1a - EscapadaRural\",\"isPartOf\":{\"@id\":\"https:\\\/\\\/www.escapadarural.com\\\/blog\\\/#website\"},\"primaryImageOfPage\":{\"@id\":\"https:\\\/\\\/www.escapadarural.com\\\/blog\\\/la-capilla-sixtina-extremena-en-la-ermita-virgen-del-ara\\\/#primaryimage\"},\"image\":{\"@id\":\"https:\\\/\\\/www.escapadarural.com\\\/blog\\\/la-capilla-sixtina-extremena-en-la-ermita-virgen-del-ara\\\/#primaryimage\"},\"thumbnailUrl\":\"https:\\\/\\\/www.escapadarural.com\\\/blog\\\/wp-content\\\/uploads\\\/2023\\\/03\\\/A_ara_9.webp\",\"datePublished\":\"2023-03-07T09:26:00+00:00\",\"dateModified\":\"2025-03-11T13:03:37+00:00\",\"breadcrumb\":{\"@id\":\"https:\\\/\\\/www.escapadarural.com\\\/blog\\\/la-capilla-sixtina-extremena-en-la-ermita-virgen-del-ara\\\/#breadcrumb\"},\"inLanguage\":\"es\",\"potentialAction\":[{\"@type\":\"ReadAction\",\"target\":[\"https:\\\/\\\/www.escapadarural.com\\\/blog\\\/la-capilla-sixtina-extremena-en-la-ermita-virgen-del-ara\\\/\"]}]},{\"@type\":\"ImageObject\",\"inLanguage\":\"es\",\"@id\":\"https:\\\/\\\/www.escapadarural.com\\\/blog\\\/la-capilla-sixtina-extremena-en-la-ermita-virgen-del-ara\\\/#primaryimage\",\"url\":\"https:\\\/\\\/www.escapadarural.com\\\/blog\\\/wp-content\\\/uploads\\\/2023\\\/03\\\/A_ara_9.webp\",\"contentUrl\":\"https:\\\/\\\/www.escapadarural.com\\\/blog\\\/wp-content\\\/uploads\\\/2023\\\/03\\\/A_ara_9.webp\",\"width\":1024,\"height\":682,\"caption\":\"La Capilla Sixtina extreme\u00f1a de la Virgen del Ara. Por Turismo Extremadura\"},{\"@type\":\"BreadcrumbList\",\"@id\":\"https:\\\/\\\/www.escapadarural.com\\\/blog\\\/la-capilla-sixtina-extremena-en-la-ermita-virgen-del-ara\\\/#breadcrumb\",\"itemListElement\":[{\"@type\":\"ListItem\",\"position\":1,\"name\":\"Inicio\",\"item\":\"https:\\\/\\\/www.escapadarural.com\\\/blog\\\/\"},{\"@type\":\"ListItem\",\"position\":2,\"name\":\"Arte y Cultura\",\"item\":\"https:\\\/\\\/www.escapadarural.com\\\/blog\\\/categoria\\\/arte-y-cultura\\\/\"},{\"@type\":\"ListItem\",\"position\":3,\"name\":\"Ermita de la Virgen del Ara: la Capilla Sixtina extreme\u00f1a\"}]},{\"@type\":\"WebSite\",\"@id\":\"https:\\\/\\\/www.escapadarural.com\\\/blog\\\/#website\",\"url\":\"https:\\\/\\\/www.escapadarural.com\\\/blog\\\/\",\"name\":\"Blog de viajes | turismo rural, alojamientos e inspiraci\u00f3n\",\"description\":\"Alojamientos rurales e inspiraci\u00f3n para tus escapadas\",\"publisher\":{\"@id\":\"https:\\\/\\\/www.escapadarural.com\\\/blog\\\/#organization\"},\"alternateName\":\"Magazine de viajes de EscapadaRural\",\"potentialAction\":[{\"@type\":\"SearchAction\",\"target\":{\"@type\":\"EntryPoint\",\"urlTemplate\":\"https:\\\/\\\/www.escapadarural.com\\\/blog\\\/?s={search_term_string}\"},\"query-input\":{\"@type\":\"PropertyValueSpecification\",\"valueRequired\":true,\"valueName\":\"search_term_string\"}}],\"inLanguage\":\"es\"},{\"@type\":\"Organization\",\"@id\":\"https:\\\/\\\/www.escapadarural.com\\\/blog\\\/#organization\",\"name\":\"EscapadaRural\",\"url\":\"https:\\\/\\\/www.escapadarural.com\\\/blog\\\/\",\"logo\":{\"@type\":\"ImageObject\",\"inLanguage\":\"es\",\"@id\":\"https:\\\/\\\/www.escapadarural.com\\\/blog\\\/#\\\/schema\\\/logo\\\/image\\\/\",\"url\":\"https:\\\/\\\/www.escapadarural.com\\\/blog\\\/wp-content\\\/uploads\\\/2024\\\/10\\\/cropped-cropped-escapada-rural-icon-mag-3.png\",\"contentUrl\":\"https:\\\/\\\/www.escapadarural.com\\\/blog\\\/wp-content\\\/uploads\\\/2024\\\/10\\\/cropped-cropped-escapada-rural-icon-mag-3.png\",\"width\":512,\"height\":512,\"caption\":\"EscapadaRural\"},\"image\":{\"@id\":\"https:\\\/\\\/www.escapadarural.com\\\/blog\\\/#\\\/schema\\\/logo\\\/image\\\/\"},\"sameAs\":[\"https:\\\/\\\/www.facebook.com\\\/escapadarural\",\"https:\\\/\\\/www.instagram.com\\\/escapadarural\\\/\",\"https:\\\/\\\/www.youtube.com\\\/@escapadaruralcom\"]},{\"@type\":\"Person\",\"@id\":\"https:\\\/\\\/www.escapadarural.com\\\/blog\\\/#\\\/schema\\\/person\\\/42dfdff6118172efc6a04c8ae599a2ce\",\"name\":\"Carmen L\u00f3pez\",\"image\":{\"@type\":\"ImageObject\",\"inLanguage\":\"es\",\"@id\":\"https:\\\/\\\/www.escapadarural.com\\\/blog\\\/wp-content\\\/uploads\\\/2024\\\/11\\\/cropped-perfil_eldiario-96x96-1-96x96.jpeg\",\"url\":\"https:\\\/\\\/www.escapadarural.com\\\/blog\\\/wp-content\\\/uploads\\\/2024\\\/11\\\/cropped-perfil_eldiario-96x96-1-96x96.jpeg\",\"contentUrl\":\"https:\\\/\\\/www.escapadarural.com\\\/blog\\\/wp-content\\\/uploads\\\/2024\\\/11\\\/cropped-perfil_eldiario-96x96-1-96x96.jpeg\",\"caption\":\"Carmen L\u00f3pez\"},\"description\":\"Soy periodista y escribo sobre cosas que importan en sitios que interesan desde hace m\u00e1s de una d\u00e9cada.\",\"url\":\"https:\\\/\\\/www.escapadarural.com\\\/blog\\\/autor\\\/carmenlopez\\\/\"}]}<\/script>\n<!-- \/ Yoast SEO plugin. -->","yoast_head_json":{"title":"Ermita de la Virgen del Ara: la Capilla Sixtina extreme\u00f1a - EscapadaRural","robots":{"index":"index","follow":"follow","max-snippet":"max-snippet:-1","max-image-preview":"max-image-preview:large","max-video-preview":"max-video-preview:-1"},"canonical":"https:\/\/www.escapadarural.com\/blog\/la-capilla-sixtina-extremena-en-la-ermita-virgen-del-ara\/","og_locale":"es_ES","og_type":"article","og_title":"Ermita de la Virgen del Ara: la Capilla Sixtina extreme\u00f1a - EscapadaRural","og_description":"En el pueblo Fuente del Arco encontramos la ermita de la Virgen del Ara, m\u00e1s conocida como la Capilla Sixtina extreme\u00f1a debido a los frescos de sus b\u00f3vedas, donde se representan escenas del G\u00e9nesis.","og_url":"https:\/\/www.escapadarural.com\/blog\/la-capilla-sixtina-extremena-en-la-ermita-virgen-del-ara\/","og_site_name":"Magazine de viajes de EscapadaRural","article_publisher":"https:\/\/www.facebook.com\/escapadarural","article_published_time":"2023-03-07T09:26:00+00:00","article_modified_time":"2025-03-11T13:03:37+00:00","og_image":[{"width":1024,"height":682,"url":"https:\/\/www.escapadarural.com\/blog\/wp-content\/uploads\/2023\/03\/A_ara_9.webp","type":"image\/webp"}],"author":"Carmen L\u00f3pez","twitter_card":"summary_large_image","twitter_misc":{"Escrito por":"Carmen L\u00f3pez","Tiempo de lectura":"6 minutos"},"schema":{"@context":"https:\/\/schema.org","@graph":[{"@type":"Article","@id":"https:\/\/www.escapadarural.com\/blog\/la-capilla-sixtina-extremena-en-la-ermita-virgen-del-ara\/#article","isPartOf":{"@id":"https:\/\/www.escapadarural.com\/blog\/la-capilla-sixtina-extremena-en-la-ermita-virgen-del-ara\/"},"author":{"name":"Carmen L\u00f3pez","@id":"https:\/\/www.escapadarural.com\/blog\/#\/schema\/person\/42dfdff6118172efc6a04c8ae599a2ce"},"headline":"Ermita de la Virgen del Ara: la Capilla Sixtina extreme\u00f1a","datePublished":"2023-03-07T09:26:00+00:00","dateModified":"2025-03-11T13:03:37+00:00","mainEntityOfPage":{"@id":"https:\/\/www.escapadarural.com\/blog\/la-capilla-sixtina-extremena-en-la-ermita-virgen-del-ara\/"},"wordCount":1012,"commentCount":0,"publisher":{"@id":"https:\/\/www.escapadarural.com\/blog\/#organization"},"image":{"@id":"https:\/\/www.escapadarural.com\/blog\/la-capilla-sixtina-extremena-en-la-ermita-virgen-del-ara\/#primaryimage"},"thumbnailUrl":"https:\/\/www.escapadarural.com\/blog\/wp-content\/uploads\/2023\/03\/A_ara_9.webp","keywords":["arte","Badajoz","baja extremadura","Capilla Sixtina extreme\u00f1a","ermita virgen del ara","Francisco de Zurbar\u00e1n","fuente del arco","leyenda","llerena","Monumentos"],"articleSection":["Arte y Cultura"],"inLanguage":"es","potentialAction":[{"@type":"CommentAction","name":"Comment","target":["https:\/\/www.escapadarural.com\/blog\/la-capilla-sixtina-extremena-en-la-ermita-virgen-del-ara\/#respond"]}]},{"@type":"WebPage","@id":"https:\/\/www.escapadarural.com\/blog\/la-capilla-sixtina-extremena-en-la-ermita-virgen-del-ara\/","url":"https:\/\/www.escapadarural.com\/blog\/la-capilla-sixtina-extremena-en-la-ermita-virgen-del-ara\/","name":"Ermita de la Virgen del Ara: la Capilla Sixtina extreme\u00f1a - EscapadaRural","isPartOf":{"@id":"https:\/\/www.escapadarural.com\/blog\/#website"},"primaryImageOfPage":{"@id":"https:\/\/www.escapadarural.com\/blog\/la-capilla-sixtina-extremena-en-la-ermita-virgen-del-ara\/#primaryimage"},"image":{"@id":"https:\/\/www.escapadarural.com\/blog\/la-capilla-sixtina-extremena-en-la-ermita-virgen-del-ara\/#primaryimage"},"thumbnailUrl":"https:\/\/www.escapadarural.com\/blog\/wp-content\/uploads\/2023\/03\/A_ara_9.webp","datePublished":"2023-03-07T09:26:00+00:00","dateModified":"2025-03-11T13:03:37+00:00","breadcrumb":{"@id":"https:\/\/www.escapadarural.com\/blog\/la-capilla-sixtina-extremena-en-la-ermita-virgen-del-ara\/#breadcrumb"},"inLanguage":"es","potentialAction":[{"@type":"ReadAction","target":["https:\/\/www.escapadarural.com\/blog\/la-capilla-sixtina-extremena-en-la-ermita-virgen-del-ara\/"]}]},{"@type":"ImageObject","inLanguage":"es","@id":"https:\/\/www.escapadarural.com\/blog\/la-capilla-sixtina-extremena-en-la-ermita-virgen-del-ara\/#primaryimage","url":"https:\/\/www.escapadarural.com\/blog\/wp-content\/uploads\/2023\/03\/A_ara_9.webp","contentUrl":"https:\/\/www.escapadarural.com\/blog\/wp-content\/uploads\/2023\/03\/A_ara_9.webp","width":1024,"height":682,"caption":"La Capilla Sixtina extreme\u00f1a de la Virgen del Ara. Por Turismo Extremadura"},{"@type":"BreadcrumbList","@id":"https:\/\/www.escapadarural.com\/blog\/la-capilla-sixtina-extremena-en-la-ermita-virgen-del-ara\/#breadcrumb","itemListElement":[{"@type":"ListItem","position":1,"name":"Inicio","item":"https:\/\/www.escapadarural.com\/blog\/"},{"@type":"ListItem","position":2,"name":"Arte y Cultura","item":"https:\/\/www.escapadarural.com\/blog\/categoria\/arte-y-cultura\/"},{"@type":"ListItem","position":3,"name":"Ermita de la Virgen del Ara: la Capilla Sixtina extreme\u00f1a"}]},{"@type":"WebSite","@id":"https:\/\/www.escapadarural.com\/blog\/#website","url":"https:\/\/www.escapadarural.com\/blog\/","name":"Blog de viajes | turismo rural, alojamientos e inspiraci\u00f3n","description":"Alojamientos rurales e inspiraci\u00f3n para tus escapadas","publisher":{"@id":"https:\/\/www.escapadarural.com\/blog\/#organization"},"alternateName":"Magazine de viajes de EscapadaRural","potentialAction":[{"@type":"SearchAction","target":{"@type":"EntryPoint","urlTemplate":"https:\/\/www.escapadarural.com\/blog\/?s={search_term_string}"},"query-input":{"@type":"PropertyValueSpecification","valueRequired":true,"valueName":"search_term_string"}}],"inLanguage":"es"},{"@type":"Organization","@id":"https:\/\/www.escapadarural.com\/blog\/#organization","name":"EscapadaRural","url":"https:\/\/www.escapadarural.com\/blog\/","logo":{"@type":"ImageObject","inLanguage":"es","@id":"https:\/\/www.escapadarural.com\/blog\/#\/schema\/logo\/image\/","url":"https:\/\/www.escapadarural.com\/blog\/wp-content\/uploads\/2024\/10\/cropped-cropped-escapada-rural-icon-mag-3.png","contentUrl":"https:\/\/www.escapadarural.com\/blog\/wp-content\/uploads\/2024\/10\/cropped-cropped-escapada-rural-icon-mag-3.png","width":512,"height":512,"caption":"EscapadaRural"},"image":{"@id":"https:\/\/www.escapadarural.com\/blog\/#\/schema\/logo\/image\/"},"sameAs":["https:\/\/www.facebook.com\/escapadarural","https:\/\/www.instagram.com\/escapadarural\/","https:\/\/www.youtube.com\/@escapadaruralcom"]},{"@type":"Person","@id":"https:\/\/www.escapadarural.com\/blog\/#\/schema\/person\/42dfdff6118172efc6a04c8ae599a2ce","name":"Carmen L\u00f3pez","image":{"@type":"ImageObject","inLanguage":"es","@id":"https:\/\/www.escapadarural.com\/blog\/wp-content\/uploads\/2024\/11\/cropped-perfil_eldiario-96x96-1-96x96.jpeg","url":"https:\/\/www.escapadarural.com\/blog\/wp-content\/uploads\/2024\/11\/cropped-perfil_eldiario-96x96-1-96x96.jpeg","contentUrl":"https:\/\/www.escapadarural.com\/blog\/wp-content\/uploads\/2024\/11\/cropped-perfil_eldiario-96x96-1-96x96.jpeg","caption":"Carmen L\u00f3pez"},"description":"Soy periodista y escribo sobre cosas que importan en sitios que interesan desde hace m\u00e1s de una d\u00e9cada.","url":"https:\/\/www.escapadarural.com\/blog\/autor\/carmenlopez\/"}]}},"_links":{"self":[{"href":"https:\/\/www.escapadarural.com\/blog\/wp-json\/wp\/v2\/posts\/50337","targetHints":{"allow":["GET"]}}],"collection":[{"href":"https:\/\/www.escapadarural.com\/blog\/wp-json\/wp\/v2\/posts"}],"about":[{"href":"https:\/\/www.escapadarural.com\/blog\/wp-json\/wp\/v2\/types\/post"}],"author":[{"embeddable":true,"href":"https:\/\/www.escapadarural.com\/blog\/wp-json\/wp\/v2\/users\/114"}],"replies":[{"embeddable":true,"href":"https:\/\/www.escapadarural.com\/blog\/wp-json\/wp\/v2\/comments?post=50337"}],"version-history":[{"count":0,"href":"https:\/\/www.escapadarural.com\/blog\/wp-json\/wp\/v2\/posts\/50337\/revisions"}],"wp:featuredmedia":[{"embeddable":true,"href":"https:\/\/www.escapadarural.com\/blog\/wp-json\/wp\/v2\/media\/195982"}],"wp:attachment":[{"href":"https:\/\/www.escapadarural.com\/blog\/wp-json\/wp\/v2\/media?parent=50337"}],"wp:term":[{"taxonomy":"category","embeddable":true,"href":"https:\/\/www.escapadarural.com\/blog\/wp-json\/wp\/v2\/categories?post=50337"},{"taxonomy":"post_tag","embeddable":true,"href":"https:\/\/www.escapadarural.com\/blog\/wp-json\/wp\/v2\/tags?post=50337"}],"curies":[{"name":"wp","href":"https:\/\/api.w.org\/{rel}","templated":true}]}}