{"id":51019,"date":"2022-05-05T10:58:27","date_gmt":"2022-05-05T09:58:27","guid":{"rendered":"https:\/\/www.escapadarural.com\/blog\/?p=51019"},"modified":"2025-08-06T11:35:07","modified_gmt":"2025-08-06T09:35:07","slug":"pueblos-medievales-los-herederos-de-la-tierra","status":"publish","type":"post","link":"https:\/\/www.escapadarural.com\/blog\/pueblos-medievales-los-herederos-de-la-tierra\/","title":{"rendered":"Los pueblos medievales donde se rod\u00f3 Los herederos de la tierra"},"content":{"rendered":"\n<figure class=\"wp-block-image size-large\"><a href=\"https:\/\/www.escapadarural.com\/blog\/wp-content\/uploads\/279563971_373518878143131_6000131449702861086_n.jpg\"><img decoding=\"async\" src=\"https:\/\/www.escapadarural.com\/blog\/wp-content\/uploads\/279563971_373518878143131_6000131449702861086_n-1024x576.jpg\" alt=\"Los herederos de la tierra\" class=\"wp-image-51237\"\/><\/a><figcaption class=\"wp-element-caption\">Los herederos de la tierra en la playa de Tamarit. Andre Paduano\/ Netflix<\/figcaption><\/figure>\n\n\n\n<p>Las personas interesadas en todo lo relacionado con lo medieval, que no son pocas, est\u00e1n de enhorabuena. Se acaba de estrenar <strong>la miniserie hist\u00f3rica <em>Los herederos de la tierra<\/em><\/strong> que podr\u00e1n disfrutar tanto en la pantalla como en persona. No con sus personajes presentes, pero s\u00ed paseando por sus localizaciones. La mayor\u00eda de ellas se encuentran en Catalu\u00f1a, algo l\u00f3gico teniendo en cuenta que los edificios y localidades que a\u00fan conservan vestigios de su pasado medieval abundan por la comunidad. Algunos ya han salido en la gran pantalla, como es el caso de <a href=\"https:\/\/www.escapadarural.com\/casas-rurales\/monells\" class=\"rank-math-link\"><strong>Monells<\/strong><\/a><strong>, que acogi\u00f3 el rodaje de <em>Ocho apellidos catalanes<\/em><\/strong> en 2015.<\/p>\n\n\n\n<p>\u00bfDe qu\u00e9 va <em>Los herederos de la tierra<\/em>? Los lectores de Ildefonso Falcones no tendr\u00e1n problema en contestar a esta pregunta, ya que la serie est\u00e1 basada en su novela hom\u00f3nima. De hecho, es la continuaci\u00f3n \u2013aunque se pueden ver de manera independiente\u2013 de <strong><em>La catedral del mar<\/em><\/strong><strong>, una serie tan exitosa como el libro<\/strong>. Ambas producciones est\u00e1n producidas y disponibles en la plataforma de streaming Netflix.<\/p>\n\n\n\n<p>La segunda empieza tres a\u00f1os despu\u00e9s del final de la primera. Al principio los protagonistas son los mismos que en <em>La catedral del mar<\/em>, pero con el desarrollo de la trama ceden su puesto a sus hijos. Entre los int\u00e9rpretes principales de esta entrega est\u00e1n Elena Rivera (s\u00ed, Karina en <em>Cu\u00e9ntame<\/em>), Rodolfo Sancho, David Solans o Yon Gonz\u00e1lez, entre otros.&nbsp;&nbsp;<\/p>\n\n\n\n<figure class=\"wp-block-embed is-type-video is-provider-youtube wp-block-embed-youtube wp-embed-aspect-16-9 wp-has-aspect-ratio\"><div class=\"wp-block-embed__wrapper\">\n<span class=\"uZVEYB1c3y8dSL5RjgmvxKH2ithrAzIOnFXs9kbWf0eQTlGMaqCwUopN6P\"><div class=\"video-shortcode\"><iframe title=\"Los Herederos de la Tierra (EN ESPA\u00d1OL) |\u00a0Anuncio del estreno | Netflix Espa\u00f1a\" width=\"1200\" height=\"675\" src=\"https:\/\/www.youtube.com\/embed\/g4XVaxwPsB4?feature=oembed\" frameborder=\"0\" allow=\"accelerometer; autoplay; clipboard-write; encrypted-media; gyroscope; picture-in-picture; web-share\" referrerpolicy=\"strict-origin-when-cross-origin\" allowfullscreen><\/iframe><\/div><\/span>\n<\/div><\/figure>\n\n\n\n<p>La <strong>historia se desarrolla en la <\/strong><a href=\"https:\/\/www.escapadarural.com\/casas-rurales\/barcelona_barcelona\" class=\"rank-math-link\"><strong>Barcelona<\/strong><\/a><strong> del tardomedievo<\/strong>, en el siglo XIV. Hugo Llor, hijo de un marinero ya fallecido, trabaja en las atarazanas [un conjunto de edificios y estructuras que serv\u00edan, en principio, para la construcci\u00f3n de galeras y barcos de guerra al servicio del rey de Arag\u00f3n Pere el Gran] gracias a la protecci\u00f3n de Arnau Estanyol, uno de los hombres con m\u00e1s prestigio de la ciudad. El sue\u00f1o del joven es llegar a ser constructor de barcos, pero la intervenci\u00f3n de la familia Puig, enemiga de Estanyol, se interpone en su camino por unos deseos de venganza.<\/p>\n\n\n\n<h2 class=\"wp-block-heading\" id=\"h-ruta-por-la-cataluna-medieval\">Ruta por la <strong>Catalu\u00f1a <\/strong>medieval<\/h2>\n\n\n\n<p>El equipo de rodaje de <em><a href=\"https:\/\/es.wikipedia.org\/wiki\/Los_herederos_de_la_tierra_(serie_de_televisi%C3%B3n)\" target=\"_blank\" aria-label=\" (opens in a new tab)\" rel=\"noreferrer noopener nofollow\" class=\"rank-math-link\">Los herederos de la tierra<\/a><\/em> estuvo cuatro meses buscando las localizaciones adecuadas para emplazar las acciones, el <strong>70% de las cuales se encuentran en un entorno natural<\/strong>. Parte de las escenas se sit\u00faan en el barrio G\u00f3tico de Barcelona y en el Borne, donde se encuentra la bas\u00edlica de Santa Mar\u00eda del Mar, tambi\u00e9n conocida como \u2018Catedral del Mar\u2019. Asimismo, la antigua zona jud\u00eda \u2013el \u2018call\u2019\u2013 de Girona ciudad tambi\u00e9n sirvi\u00f3 como escenario de la serie.<\/p>\n\n\n\n<h3 class=\"wp-block-heading\" id=\"h-peratallada\">Peratallada<\/h3>\n\n\n\n<figure class=\"wp-block-image size-large\"><a href=\"https:\/\/www.escapadarural.com\/blog\/wp-content\/uploads\/AdobeStock_267940495.jpg\"><img decoding=\"async\" src=\"https:\/\/www.escapadarural.com\/blog\/wp-content\/uploads\/AdobeStock_267940495-1024x631.jpg\" alt=\"Peratallada\" class=\"wp-image-51222\"\/><\/a><figcaption class=\"wp-element-caption\">Peratallada. Por sanguer <\/figcaption><\/figure>\n\n\n\n<p>En la <strong>lista de pueblos de <em>Los herederos de la tierra<\/em> se encuentra <\/strong><a href=\"https:\/\/www.escapadarural.com\/casas-rurales\/peratallada\" class=\"rank-math-link\"><strong>Peratallada<\/strong><\/a><strong>, en el <\/strong><a href=\"https:\/\/www.escapadarural.com\/casas-rurales\/baix-emporda\" class=\"rank-math-link\"><strong>Baix Empord\u00e0<\/strong><\/a>. La localidad ya parece un escenario de pel\u00edcula sin que haga falta que se ruede nada en ella. La buena conservaci\u00f3n de su patrimonio hace que el visitante tenga la impresi\u00f3n de haber retrocedido en el tiempo hasta la \u00e9poca medieval.&nbsp;<\/p>\n\n\n\n<p>Su nombre, que en castellano significa piedra cortada, se entiende al visitar su <strong>castillo-palacio, cuya construcci\u00f3n data del a\u00f1o 1065<\/strong>. Este se erigi\u00f3 sobre una piedra elevada que luego se modific\u00f3 para que quedase vertical, de ah\u00ed el nombre del pueblo. La torre del homenaje mide 8 metros y tanto ella como el resto del conjunto fueron restaurados en los a\u00f1os 60 de este siglo por sus actuales propietarios, condes de Torroella de Montgr\u00ed.<\/p>\n\n\n\n<h3 class=\"wp-block-heading\" id=\"h-monells\">Monells<\/h3>\n\n\n\n<figure class=\"wp-block-image size-large\"><a href=\"https:\/\/www.escapadarural.com\/blog\/wp-content\/uploads\/Monells.jpg\"><img decoding=\"async\" src=\"https:\/\/www.escapadarural.com\/blog\/wp-content\/uploads\/Monells-1024x685.jpg\" alt=\"Monells\" class=\"wp-image-51220\"\/><\/a><figcaption class=\"wp-element-caption\">Monells. Por A.S.Floro<\/figcaption><\/figure>\n\n\n\n<p>Cerca se encuentra otra de las localizaciones de <em>Los herederos de la tierra<\/em>: <a href=\"https:\/\/www.escapadarural.com\/casas-rurales\/monells\" class=\"rank-math-link\"><strong>Monells<\/strong><\/a>. En su famosa plaza Jaume I<strong> <\/strong>tambi\u00e9n se rodaron escenas del famoso filme <em>Ocho apellidos catalanes<\/em> (en la ficci\u00f3n le cambiaron el nombre al pueblo, que pas\u00f3 a ser Soronelles). Este espacio est\u00e1 rodeado de edificios con arcos en los que se encuentran muchos restaurantes. Es el epicentro de la localidad y en \u00e9poca medieval se instalaba all\u00ed el mercado.<\/p>\n\n\n\n<p>Otros <strong>puntos de inter\u00e9s son la plaza de l\u2019oli<\/strong> (plaza del aceite, en castellano), tambi\u00e9n protegida por edificios con arcos. Se puede llegar a ella dejando el coche en el parking situado al principio del pueblo \u2013no se puede entrar con veh\u00edculo, al igual que en Peratallada\u2013 y caminando por otro de sus lugares emblem\u00e1ticos, la calle dels Arcs. Otros referentes del pueblo son la iglesia de Sant Gen\u00eds, del siglo XI, y la muralla de lo que en su momento fue el castillo, del que apenas quedan restos.<\/p>\n\n\n\n<h3 class=\"wp-block-heading\" id=\"h-vilabertran\">Vilabertran<\/h3>\n\n\n\n<figure class=\"wp-block-image size-large\"><a href=\"https:\/\/www.escapadarural.com\/blog\/wp-content\/uploads\/AdobeStock_106917367-scaled.jpeg\"><img decoding=\"async\" src=\"https:\/\/www.escapadarural.com\/blog\/wp-content\/uploads\/AdobeStock_106917367-1024x683.jpeg\" alt=\"Vilabertran\" class=\"wp-image-51225\"\/><\/a><figcaption class=\"wp-element-caption\">Vilabertran. Por curto<\/figcaption><\/figure>\n\n\n\n<p>La producci\u00f3n <em>Los herederos de la tierra<\/em> tambi\u00e9n pas\u00f3 por <a href=\"https:\/\/www.escapadarural.com\/casas-rurales\/vilabertran\" class=\"rank-math-link\">Vilabertr<\/a><a href=\"https:\/\/www.escapadarural.com\/casas-rurales?l=vilabertran\" class=\"rank-math-link\">an<\/a>, donde grabaron en los interiores del monasterio de Santa Maria de Vilabertran y por Hostalric, en donde aprovecharon los exteriores de su famoso castillo para la ambientaci\u00f3n. El edificio tambi\u00e9n ha salido en otras ficciones audiovisuales como <strong><em>El legado de los huesos<\/em> (la segunda parte de<em> la trilog\u00eda de Bazt\u00e1n<\/em>) y <em>Un a\u00f1o, una noche<\/em><\/strong>, una pel\u00edcula de Isaki Lacuesta que a\u00fan est\u00e1 en proceso de rodaje.<\/p>\n\n\n\n<h3 class=\"wp-block-heading\" id=\"h-altafulla-y-otros-escenarios\">Altafulla y otros escenarios<\/h3>\n\n\n\n<figure class=\"wp-block-image size-large\"><a href=\"https:\/\/www.escapadarural.com\/blog\/wp-content\/uploads\/AdobeStock_256645046-scaled.jpeg\"><img decoding=\"async\" src=\"https:\/\/www.escapadarural.com\/blog\/wp-content\/uploads\/AdobeStock_256645046-1024x683.jpeg\" alt=\"Altafulla\" class=\"wp-image-51230\"\/><\/a><figcaption class=\"wp-element-caption\">Playa de Tamarit en Altafulla. Por lunamarina<\/figcaption><\/figure>\n\n\n\n<p>Adem\u00e1s, la arena y la orilla de <strong>la playa de Tamarit de <\/strong><a href=\"https:\/\/www.escapadarural.com\/casas-rurales\/altafulla\" class=\"rank-math-link\"><strong>Altafulla<\/strong><\/a> tambi\u00e9n sintieron las pisadas del equipo de rodaje, que encontr\u00f3 en esa localizaci\u00f3n coronada por un castillo medieval, un sitio perfecto para captar algunas escenas. <strong><a href=\"https:\/\/www.escapadarural.com\/casas-rurales?l=sant-sadurni-d-anoia\" class=\"rank-math-link\">Sant Sadurn\u00ed D&#8217;Anoia<\/a> y <a href=\"https:\/\/www.escapadarural.com\/casas-rurales?l=vilafranca-del-penedes\" class=\"rank-math-link\">Vilafranca del Pened\u00e9s<\/a> <\/strong>sirvieron para las acciones que se desarrollaban a trav\u00e9s de vi\u00f1edos.<\/p>\n\n\n\n<p>Pero estos no solo fueron los \u00fanicos lugares de la comunidad que se pueden adivinar viendo la serie, porque tambi\u00e9n hay retazos de <strong>Molins del Rei, <\/strong><a href=\"https:\/\/www.escapadarural.com\/casas-rurales\/peralada\" class=\"rank-math-link\"><strong>Peralada<\/strong><\/a><strong>, Terrassa o <\/strong><a href=\"https:\/\/www.escapadarural.com\/casas-rurales\/tortosa\" class=\"rank-math-link\"><strong>Tortosa<\/strong><\/a><strong>.<\/strong> Una nueva serie que ofrece la oportunidad de organizar <strong>una gu\u00eda tem\u00e1tica por la Catalu\u00f1a medieval<\/strong>. <\/p>\n\n\n\n<div class=\"wp-block-buttons is-layout-flex wp-block-buttons-is-layout-flex\">\n<div class=\"wp-block-button\"><a class=\"wp-block-button__link wp-element-button\" href=\"https:\/\/www.escapadarural.com\/casas-rurales\/cataluna\">Casas rurales en Catalu\u00f1a<\/a><\/div>\n<\/div>\n","protected":false},"excerpt":{"rendered":"<p>La serie de Netflix, Los herederos de la tierra, est\u00e1 rodada en algunos de los pueblos medievales m\u00e1s bonitos de Catalu\u00f1a. Os proponemos una ruta por los escenarios de la serie basada en la novela de Idelfonso Falcones. <\/p>\n","protected":false},"author":114,"featured_media":101205,"comment_status":"open","ping_status":"open","sticky":false,"template":"","format":"standard","meta":{"_acf_changed":false,"om_disable_all_campaigns":false,"footnotes":""},"categories":[231],"tags":[863,1463,4021,215,4022,419,1195,212,1278,2645],"class_list":["post-51019","post","type-post","status-publish","format-standard","has-post-thumbnail","hentry","category-arte-y-cultura","tag-cine","tag-escenarios","tag-escenarios-de-cine","tag-listado","tag-los-herederos-de-la-tierra","tag-medieval","tag-netflix","tag-pueblos","tag-pueblos-medievales","tag-series"],"acf":[],"featured_image_src":"https:\/\/www.escapadarural.com\/blog\/wp-content\/uploads\/2024\/10\/279563971_373518878143131_6000131449702861086_n-1024x576-2.jpg","author_info":{"display_name":"Carmen L\u00f3pez","author_link":"https:\/\/www.escapadarural.com\/blog\/autor\/carmenlopez\/"},"yoast_head":"<!-- This site is optimized with the Yoast SEO plugin v27.5 - https:\/\/yoast.com\/product\/yoast-seo-wordpress\/ -->\n<title>Los pueblos medievales donde se rod\u00f3 Los herederos de la tierra - EscapadaRural<\/title>\n<meta name=\"robots\" content=\"index, follow, max-snippet:-1, max-image-preview:large, max-video-preview:-1\" \/>\n<link rel=\"canonical\" href=\"https:\/\/www.escapadarural.com\/blog\/pueblos-medievales-los-herederos-de-la-tierra\/\" \/>\n<meta property=\"og:locale\" content=\"es_ES\" \/>\n<meta property=\"og:type\" content=\"article\" \/>\n<meta property=\"og:title\" content=\"Los pueblos medievales donde se rod\u00f3 Los herederos de la tierra - EscapadaRural\" \/>\n<meta property=\"og:description\" content=\"La serie de Netflix, Los herederos de la tierra, est\u00e1 rodada en algunos de los pueblos medievales m\u00e1s bonitos de Catalu\u00f1a. Os proponemos una ruta por los escenarios de la serie basada en la novela de Idelfonso Falcones.\" \/>\n<meta property=\"og:url\" content=\"https:\/\/www.escapadarural.com\/blog\/pueblos-medievales-los-herederos-de-la-tierra\/\" \/>\n<meta property=\"og:site_name\" content=\"Magazine de viajes de EscapadaRural\" \/>\n<meta property=\"article:publisher\" content=\"https:\/\/www.facebook.com\/escapadarural\" \/>\n<meta property=\"article:published_time\" content=\"2022-05-05T09:58:27+00:00\" \/>\n<meta property=\"article:modified_time\" content=\"2025-08-06T09:35:07+00:00\" \/>\n<meta property=\"og:image\" content=\"https:\/\/www.escapadarural.com\/blog\/wp-content\/uploads\/2024\/10\/279563971_373518878143131_6000131449702861086_n-1024x576-2.jpg?v=1754472909\" \/>\n\t<meta property=\"og:image:width\" content=\"1024\" \/>\n\t<meta property=\"og:image:height\" content=\"576\" \/>\n\t<meta property=\"og:image:type\" content=\"image\/jpeg\" \/>\n<meta name=\"author\" content=\"Carmen L\u00f3pez\" \/>\n<meta name=\"twitter:card\" content=\"summary_large_image\" \/>\n<meta name=\"twitter:label1\" content=\"Escrito por\" \/>\n\t<meta name=\"twitter:data1\" content=\"Carmen L\u00f3pez\" \/>\n\t<meta name=\"twitter:label2\" content=\"Tiempo de lectura\" \/>\n\t<meta name=\"twitter:data2\" content=\"5 minutos\" \/>\n<script type=\"application\/ld+json\" class=\"yoast-schema-graph\">{\"@context\":\"https:\\\/\\\/schema.org\",\"@graph\":[{\"@type\":\"Article\",\"@id\":\"https:\\\/\\\/www.escapadarural.com\\\/blog\\\/pueblos-medievales-los-herederos-de-la-tierra\\\/#article\",\"isPartOf\":{\"@id\":\"https:\\\/\\\/www.escapadarural.com\\\/blog\\\/pueblos-medievales-los-herederos-de-la-tierra\\\/\"},\"author\":{\"name\":\"Carmen L\u00f3pez\",\"@id\":\"https:\\\/\\\/www.escapadarural.com\\\/blog\\\/#\\\/schema\\\/person\\\/42dfdff6118172efc6a04c8ae599a2ce\"},\"headline\":\"Los pueblos medievales donde se rod\u00f3 Los herederos de la tierra\",\"datePublished\":\"2022-05-05T09:58:27+00:00\",\"dateModified\":\"2025-08-06T09:35:07+00:00\",\"mainEntityOfPage\":{\"@id\":\"https:\\\/\\\/www.escapadarural.com\\\/blog\\\/pueblos-medievales-los-herederos-de-la-tierra\\\/\"},\"wordCount\":1021,\"commentCount\":0,\"publisher\":{\"@id\":\"https:\\\/\\\/www.escapadarural.com\\\/blog\\\/#organization\"},\"image\":{\"@id\":\"https:\\\/\\\/www.escapadarural.com\\\/blog\\\/pueblos-medievales-los-herederos-de-la-tierra\\\/#primaryimage\"},\"thumbnailUrl\":\"https:\\\/\\\/www.escapadarural.com\\\/blog\\\/wp-content\\\/uploads\\\/2024\\\/10\\\/279563971_373518878143131_6000131449702861086_n-1024x576-2.jpg\",\"keywords\":[\"Cine\",\"escenarios\",\"escenarios de cine\",\"Listado\",\"Los herederos de la tierra\",\"Medieval\",\"Netflix\",\"pueblos\",\"pueblos medievales\",\"series\"],\"articleSection\":[\"Arte y Cultura\"],\"inLanguage\":\"es\",\"potentialAction\":[{\"@type\":\"CommentAction\",\"name\":\"Comment\",\"target\":[\"https:\\\/\\\/www.escapadarural.com\\\/blog\\\/pueblos-medievales-los-herederos-de-la-tierra\\\/#respond\"]}]},{\"@type\":\"WebPage\",\"@id\":\"https:\\\/\\\/www.escapadarural.com\\\/blog\\\/pueblos-medievales-los-herederos-de-la-tierra\\\/\",\"url\":\"https:\\\/\\\/www.escapadarural.com\\\/blog\\\/pueblos-medievales-los-herederos-de-la-tierra\\\/\",\"name\":\"Los pueblos medievales donde se rod\u00f3 Los herederos de la tierra - EscapadaRural\",\"isPartOf\":{\"@id\":\"https:\\\/\\\/www.escapadarural.com\\\/blog\\\/#website\"},\"primaryImageOfPage\":{\"@id\":\"https:\\\/\\\/www.escapadarural.com\\\/blog\\\/pueblos-medievales-los-herederos-de-la-tierra\\\/#primaryimage\"},\"image\":{\"@id\":\"https:\\\/\\\/www.escapadarural.com\\\/blog\\\/pueblos-medievales-los-herederos-de-la-tierra\\\/#primaryimage\"},\"thumbnailUrl\":\"https:\\\/\\\/www.escapadarural.com\\\/blog\\\/wp-content\\\/uploads\\\/2024\\\/10\\\/279563971_373518878143131_6000131449702861086_n-1024x576-2.jpg\",\"datePublished\":\"2022-05-05T09:58:27+00:00\",\"dateModified\":\"2025-08-06T09:35:07+00:00\",\"breadcrumb\":{\"@id\":\"https:\\\/\\\/www.escapadarural.com\\\/blog\\\/pueblos-medievales-los-herederos-de-la-tierra\\\/#breadcrumb\"},\"inLanguage\":\"es\",\"potentialAction\":[{\"@type\":\"ReadAction\",\"target\":[\"https:\\\/\\\/www.escapadarural.com\\\/blog\\\/pueblos-medievales-los-herederos-de-la-tierra\\\/\"]}]},{\"@type\":\"ImageObject\",\"inLanguage\":\"es\",\"@id\":\"https:\\\/\\\/www.escapadarural.com\\\/blog\\\/pueblos-medievales-los-herederos-de-la-tierra\\\/#primaryimage\",\"url\":\"https:\\\/\\\/www.escapadarural.com\\\/blog\\\/wp-content\\\/uploads\\\/2024\\\/10\\\/279563971_373518878143131_6000131449702861086_n-1024x576-2.jpg\",\"contentUrl\":\"https:\\\/\\\/www.escapadarural.com\\\/blog\\\/wp-content\\\/uploads\\\/2024\\\/10\\\/279563971_373518878143131_6000131449702861086_n-1024x576-2.jpg\",\"width\":1024,\"height\":576,\"caption\":\"Un grupo de personas vestidas al estilo medieval se re\u00fanen en una playa de arena cerca del mar, algunas sentadas sobre grandes sacos. Al fondo, un edificio de piedra sobre una colina y un cielo despejado.\"},{\"@type\":\"BreadcrumbList\",\"@id\":\"https:\\\/\\\/www.escapadarural.com\\\/blog\\\/pueblos-medievales-los-herederos-de-la-tierra\\\/#breadcrumb\",\"itemListElement\":[{\"@type\":\"ListItem\",\"position\":1,\"name\":\"Inicio\",\"item\":\"https:\\\/\\\/www.escapadarural.com\\\/blog\\\/\"},{\"@type\":\"ListItem\",\"position\":2,\"name\":\"Arte y Cultura\",\"item\":\"https:\\\/\\\/www.escapadarural.com\\\/blog\\\/categoria\\\/arte-y-cultura\\\/\"},{\"@type\":\"ListItem\",\"position\":3,\"name\":\"Los pueblos medievales donde se rod\u00f3 Los herederos de la tierra\"}]},{\"@type\":\"WebSite\",\"@id\":\"https:\\\/\\\/www.escapadarural.com\\\/blog\\\/#website\",\"url\":\"https:\\\/\\\/www.escapadarural.com\\\/blog\\\/\",\"name\":\"Blog de viajes | turismo rural, alojamientos e inspiraci\u00f3n\",\"description\":\"Alojamientos rurales e inspiraci\u00f3n para tus escapadas\",\"publisher\":{\"@id\":\"https:\\\/\\\/www.escapadarural.com\\\/blog\\\/#organization\"},\"alternateName\":\"Magazine de viajes de EscapadaRural\",\"potentialAction\":[{\"@type\":\"SearchAction\",\"target\":{\"@type\":\"EntryPoint\",\"urlTemplate\":\"https:\\\/\\\/www.escapadarural.com\\\/blog\\\/?s={search_term_string}\"},\"query-input\":{\"@type\":\"PropertyValueSpecification\",\"valueRequired\":true,\"valueName\":\"search_term_string\"}}],\"inLanguage\":\"es\"},{\"@type\":\"Organization\",\"@id\":\"https:\\\/\\\/www.escapadarural.com\\\/blog\\\/#organization\",\"name\":\"EscapadaRural\",\"url\":\"https:\\\/\\\/www.escapadarural.com\\\/blog\\\/\",\"logo\":{\"@type\":\"ImageObject\",\"inLanguage\":\"es\",\"@id\":\"https:\\\/\\\/www.escapadarural.com\\\/blog\\\/#\\\/schema\\\/logo\\\/image\\\/\",\"url\":\"https:\\\/\\\/www.escapadarural.com\\\/blog\\\/wp-content\\\/uploads\\\/2024\\\/10\\\/cropped-cropped-escapada-rural-icon-mag-3.png\",\"contentUrl\":\"https:\\\/\\\/www.escapadarural.com\\\/blog\\\/wp-content\\\/uploads\\\/2024\\\/10\\\/cropped-cropped-escapada-rural-icon-mag-3.png\",\"width\":512,\"height\":512,\"caption\":\"EscapadaRural\"},\"image\":{\"@id\":\"https:\\\/\\\/www.escapadarural.com\\\/blog\\\/#\\\/schema\\\/logo\\\/image\\\/\"},\"sameAs\":[\"https:\\\/\\\/www.facebook.com\\\/escapadarural\",\"https:\\\/\\\/www.instagram.com\\\/escapadarural\\\/\",\"https:\\\/\\\/www.youtube.com\\\/@escapadaruralcom\"]},{\"@type\":\"Person\",\"@id\":\"https:\\\/\\\/www.escapadarural.com\\\/blog\\\/#\\\/schema\\\/person\\\/42dfdff6118172efc6a04c8ae599a2ce\",\"name\":\"Carmen L\u00f3pez\",\"image\":{\"@type\":\"ImageObject\",\"inLanguage\":\"es\",\"@id\":\"https:\\\/\\\/www.escapadarural.com\\\/blog\\\/wp-content\\\/uploads\\\/2024\\\/11\\\/cropped-perfil_eldiario-96x96-1-96x96.jpeg\",\"url\":\"https:\\\/\\\/www.escapadarural.com\\\/blog\\\/wp-content\\\/uploads\\\/2024\\\/11\\\/cropped-perfil_eldiario-96x96-1-96x96.jpeg\",\"contentUrl\":\"https:\\\/\\\/www.escapadarural.com\\\/blog\\\/wp-content\\\/uploads\\\/2024\\\/11\\\/cropped-perfil_eldiario-96x96-1-96x96.jpeg\",\"caption\":\"Carmen L\u00f3pez\"},\"description\":\"Soy periodista y escribo sobre cosas que importan en sitios que interesan desde hace m\u00e1s de una d\u00e9cada.\",\"url\":\"https:\\\/\\\/www.escapadarural.com\\\/blog\\\/autor\\\/carmenlopez\\\/\"}]}<\/script>\n<!-- \/ Yoast SEO plugin. -->","yoast_head_json":{"title":"Los pueblos medievales donde se rod\u00f3 Los herederos de la tierra - EscapadaRural","robots":{"index":"index","follow":"follow","max-snippet":"max-snippet:-1","max-image-preview":"max-image-preview:large","max-video-preview":"max-video-preview:-1"},"canonical":"https:\/\/www.escapadarural.com\/blog\/pueblos-medievales-los-herederos-de-la-tierra\/","og_locale":"es_ES","og_type":"article","og_title":"Los pueblos medievales donde se rod\u00f3 Los herederos de la tierra - EscapadaRural","og_description":"La serie de Netflix, Los herederos de la tierra, est\u00e1 rodada en algunos de los pueblos medievales m\u00e1s bonitos de Catalu\u00f1a. Os proponemos una ruta por los escenarios de la serie basada en la novela de Idelfonso Falcones.","og_url":"https:\/\/www.escapadarural.com\/blog\/pueblos-medievales-los-herederos-de-la-tierra\/","og_site_name":"Magazine de viajes de EscapadaRural","article_publisher":"https:\/\/www.facebook.com\/escapadarural","article_published_time":"2022-05-05T09:58:27+00:00","article_modified_time":"2025-08-06T09:35:07+00:00","og_image":[{"width":1024,"height":576,"url":"https:\/\/www.escapadarural.com\/blog\/wp-content\/uploads\/2024\/10\/279563971_373518878143131_6000131449702861086_n-1024x576-2.jpg?v=1754472909","type":"image\/jpeg"}],"author":"Carmen L\u00f3pez","twitter_card":"summary_large_image","twitter_misc":{"Escrito por":"Carmen L\u00f3pez","Tiempo de lectura":"5 minutos"},"schema":{"@context":"https:\/\/schema.org","@graph":[{"@type":"Article","@id":"https:\/\/www.escapadarural.com\/blog\/pueblos-medievales-los-herederos-de-la-tierra\/#article","isPartOf":{"@id":"https:\/\/www.escapadarural.com\/blog\/pueblos-medievales-los-herederos-de-la-tierra\/"},"author":{"name":"Carmen L\u00f3pez","@id":"https:\/\/www.escapadarural.com\/blog\/#\/schema\/person\/42dfdff6118172efc6a04c8ae599a2ce"},"headline":"Los pueblos medievales donde se rod\u00f3 Los herederos de la tierra","datePublished":"2022-05-05T09:58:27+00:00","dateModified":"2025-08-06T09:35:07+00:00","mainEntityOfPage":{"@id":"https:\/\/www.escapadarural.com\/blog\/pueblos-medievales-los-herederos-de-la-tierra\/"},"wordCount":1021,"commentCount":0,"publisher":{"@id":"https:\/\/www.escapadarural.com\/blog\/#organization"},"image":{"@id":"https:\/\/www.escapadarural.com\/blog\/pueblos-medievales-los-herederos-de-la-tierra\/#primaryimage"},"thumbnailUrl":"https:\/\/www.escapadarural.com\/blog\/wp-content\/uploads\/2024\/10\/279563971_373518878143131_6000131449702861086_n-1024x576-2.jpg","keywords":["Cine","escenarios","escenarios de cine","Listado","Los herederos de la tierra","Medieval","Netflix","pueblos","pueblos medievales","series"],"articleSection":["Arte y Cultura"],"inLanguage":"es","potentialAction":[{"@type":"CommentAction","name":"Comment","target":["https:\/\/www.escapadarural.com\/blog\/pueblos-medievales-los-herederos-de-la-tierra\/#respond"]}]},{"@type":"WebPage","@id":"https:\/\/www.escapadarural.com\/blog\/pueblos-medievales-los-herederos-de-la-tierra\/","url":"https:\/\/www.escapadarural.com\/blog\/pueblos-medievales-los-herederos-de-la-tierra\/","name":"Los pueblos medievales donde se rod\u00f3 Los herederos de la tierra - EscapadaRural","isPartOf":{"@id":"https:\/\/www.escapadarural.com\/blog\/#website"},"primaryImageOfPage":{"@id":"https:\/\/www.escapadarural.com\/blog\/pueblos-medievales-los-herederos-de-la-tierra\/#primaryimage"},"image":{"@id":"https:\/\/www.escapadarural.com\/blog\/pueblos-medievales-los-herederos-de-la-tierra\/#primaryimage"},"thumbnailUrl":"https:\/\/www.escapadarural.com\/blog\/wp-content\/uploads\/2024\/10\/279563971_373518878143131_6000131449702861086_n-1024x576-2.jpg","datePublished":"2022-05-05T09:58:27+00:00","dateModified":"2025-08-06T09:35:07+00:00","breadcrumb":{"@id":"https:\/\/www.escapadarural.com\/blog\/pueblos-medievales-los-herederos-de-la-tierra\/#breadcrumb"},"inLanguage":"es","potentialAction":[{"@type":"ReadAction","target":["https:\/\/www.escapadarural.com\/blog\/pueblos-medievales-los-herederos-de-la-tierra\/"]}]},{"@type":"ImageObject","inLanguage":"es","@id":"https:\/\/www.escapadarural.com\/blog\/pueblos-medievales-los-herederos-de-la-tierra\/#primaryimage","url":"https:\/\/www.escapadarural.com\/blog\/wp-content\/uploads\/2024\/10\/279563971_373518878143131_6000131449702861086_n-1024x576-2.jpg","contentUrl":"https:\/\/www.escapadarural.com\/blog\/wp-content\/uploads\/2024\/10\/279563971_373518878143131_6000131449702861086_n-1024x576-2.jpg","width":1024,"height":576,"caption":"Un grupo de personas vestidas al estilo medieval se re\u00fanen en una playa de arena cerca del mar, algunas sentadas sobre grandes sacos. Al fondo, un edificio de piedra sobre una colina y un cielo despejado."},{"@type":"BreadcrumbList","@id":"https:\/\/www.escapadarural.com\/blog\/pueblos-medievales-los-herederos-de-la-tierra\/#breadcrumb","itemListElement":[{"@type":"ListItem","position":1,"name":"Inicio","item":"https:\/\/www.escapadarural.com\/blog\/"},{"@type":"ListItem","position":2,"name":"Arte y Cultura","item":"https:\/\/www.escapadarural.com\/blog\/categoria\/arte-y-cultura\/"},{"@type":"ListItem","position":3,"name":"Los pueblos medievales donde se rod\u00f3 Los herederos de la tierra"}]},{"@type":"WebSite","@id":"https:\/\/www.escapadarural.com\/blog\/#website","url":"https:\/\/www.escapadarural.com\/blog\/","name":"Blog de viajes | turismo rural, alojamientos e inspiraci\u00f3n","description":"Alojamientos rurales e inspiraci\u00f3n para tus escapadas","publisher":{"@id":"https:\/\/www.escapadarural.com\/blog\/#organization"},"alternateName":"Magazine de viajes de EscapadaRural","potentialAction":[{"@type":"SearchAction","target":{"@type":"EntryPoint","urlTemplate":"https:\/\/www.escapadarural.com\/blog\/?s={search_term_string}"},"query-input":{"@type":"PropertyValueSpecification","valueRequired":true,"valueName":"search_term_string"}}],"inLanguage":"es"},{"@type":"Organization","@id":"https:\/\/www.escapadarural.com\/blog\/#organization","name":"EscapadaRural","url":"https:\/\/www.escapadarural.com\/blog\/","logo":{"@type":"ImageObject","inLanguage":"es","@id":"https:\/\/www.escapadarural.com\/blog\/#\/schema\/logo\/image\/","url":"https:\/\/www.escapadarural.com\/blog\/wp-content\/uploads\/2024\/10\/cropped-cropped-escapada-rural-icon-mag-3.png","contentUrl":"https:\/\/www.escapadarural.com\/blog\/wp-content\/uploads\/2024\/10\/cropped-cropped-escapada-rural-icon-mag-3.png","width":512,"height":512,"caption":"EscapadaRural"},"image":{"@id":"https:\/\/www.escapadarural.com\/blog\/#\/schema\/logo\/image\/"},"sameAs":["https:\/\/www.facebook.com\/escapadarural","https:\/\/www.instagram.com\/escapadarural\/","https:\/\/www.youtube.com\/@escapadaruralcom"]},{"@type":"Person","@id":"https:\/\/www.escapadarural.com\/blog\/#\/schema\/person\/42dfdff6118172efc6a04c8ae599a2ce","name":"Carmen L\u00f3pez","image":{"@type":"ImageObject","inLanguage":"es","@id":"https:\/\/www.escapadarural.com\/blog\/wp-content\/uploads\/2024\/11\/cropped-perfil_eldiario-96x96-1-96x96.jpeg","url":"https:\/\/www.escapadarural.com\/blog\/wp-content\/uploads\/2024\/11\/cropped-perfil_eldiario-96x96-1-96x96.jpeg","contentUrl":"https:\/\/www.escapadarural.com\/blog\/wp-content\/uploads\/2024\/11\/cropped-perfil_eldiario-96x96-1-96x96.jpeg","caption":"Carmen L\u00f3pez"},"description":"Soy periodista y escribo sobre cosas que importan en sitios que interesan desde hace m\u00e1s de una d\u00e9cada.","url":"https:\/\/www.escapadarural.com\/blog\/autor\/carmenlopez\/"}]}},"_links":{"self":[{"href":"https:\/\/www.escapadarural.com\/blog\/wp-json\/wp\/v2\/posts\/51019","targetHints":{"allow":["GET"]}}],"collection":[{"href":"https:\/\/www.escapadarural.com\/blog\/wp-json\/wp\/v2\/posts"}],"about":[{"href":"https:\/\/www.escapadarural.com\/blog\/wp-json\/wp\/v2\/types\/post"}],"author":[{"embeddable":true,"href":"https:\/\/www.escapadarural.com\/blog\/wp-json\/wp\/v2\/users\/114"}],"replies":[{"embeddable":true,"href":"https:\/\/www.escapadarural.com\/blog\/wp-json\/wp\/v2\/comments?post=51019"}],"version-history":[{"count":0,"href":"https:\/\/www.escapadarural.com\/blog\/wp-json\/wp\/v2\/posts\/51019\/revisions"}],"wp:featuredmedia":[{"embeddable":true,"href":"https:\/\/www.escapadarural.com\/blog\/wp-json\/wp\/v2\/media\/101205"}],"wp:attachment":[{"href":"https:\/\/www.escapadarural.com\/blog\/wp-json\/wp\/v2\/media?parent=51019"}],"wp:term":[{"taxonomy":"category","embeddable":true,"href":"https:\/\/www.escapadarural.com\/blog\/wp-json\/wp\/v2\/categories?post=51019"},{"taxonomy":"post_tag","embeddable":true,"href":"https:\/\/www.escapadarural.com\/blog\/wp-json\/wp\/v2\/tags?post=51019"}],"curies":[{"name":"wp","href":"https:\/\/api.w.org\/{rel}","templated":true}]}}