{"id":51122,"date":"2022-05-12T09:57:40","date_gmt":"2022-05-12T08:57:40","guid":{"rendered":"https:\/\/www.escapadarural.com\/blog\/?p=51122"},"modified":"2025-08-06T11:28:35","modified_gmt":"2025-08-06T09:28:35","slug":"fiesta-nijar-proclamacion-carlosiii","status":"publish","type":"post","link":"https:\/\/www.escapadarural.com\/blog\/fiesta-nijar-proclamacion-carlosiii\/","title":{"rendered":"La fiesta sin control de N\u00edjar por la proclamaci\u00f3n de Carlos III"},"content":{"rendered":"\n<figure class=\"wp-block-image size-large\"><a href=\"https:\/\/www.escapadarural.com\/blog\/wp-content\/uploads\/AdobeStock_70641012-scaled.jpeg\"><img decoding=\"async\" src=\"https:\/\/www.escapadarural.com\/blog\/wp-content\/uploads\/AdobeStock_70641012-1024x684.jpeg\" alt=\"N\u00edjar\" class=\"wp-image-51449\"\/><\/a><figcaption class=\"wp-element-caption\">N\u00edjar. Por meneari<\/figcaption><\/figure>\n\n\n\n<p>Hay un lugar en <a href=\"https:\/\/www.escapadarural.com\/casas-rurales\/almeria\" class=\"rank-math-link\">Almer\u00eda<\/a> en el que s\u00ed se saben celebrar las cosas, por lejos que ocurran. Ese lugar es <a href=\"https:\/\/www.escapadarural.com\/casas-rurales\/nijar\" class=\"rank-math-link\">N\u00edjar<\/a> y tiene muchos siglos de historia, ya que se tienen evidencias de <a aria-label=\" (opens in a new tab)\" href=\"https:\/\/www.parquenatural.com\/historia-de-nijar-del-neolitico-al-sxx\" target=\"_blank\" rel=\"noreferrer noopener nofollow\" class=\"rank-math-link\">presencia humana en la zona de hace unos 10.000 a\u00f1os<\/a>. Eso son 100 siglos, nada menos. Y quiz\u00e1s sea toda esa historia acumulada lo que ha llevado a los nijare\u00f1os a esa inteligencia grupal que les hizo celebrar las cosas cuando hab\u00eda que celebrarlas. Porque ya vendr\u00edan tiempos peores y hay que aprovechar. Eso s\u00ed, seg\u00fan parece <strong>las cosas se fueron un poco de las manos<\/strong>.<\/p>\n\n\n\n<p>De esos 100 siglos de historia, par\u00e9monos en el siglo XVIII, donde una <strong>carambola del destino<\/strong> hizo rey de Espa\u00f1a a Carlos III. Su padre, Felipe V, primer Borb\u00f3n en ocupar el trono espa\u00f1ol, cedi\u00f3 el reinado a su hijo Luis I en 1724. Este pobre muchacho rein\u00f3 menos de un a\u00f1o, 229 d\u00edas para ser exactos, ya que la viruela se lo llev\u00f3 antes casi de empezar a cogerle el gusto. Su padre tuvo entonces que volver al trono, y padre e hijo dieron lugar as\u00ed a sendos r\u00e9cords. El primero acab\u00f3 teniendo el reinado m\u00e1s largo de nuestra historia (45 a\u00f1os) y el segundo, en cambio, el m\u00e1s corto.<\/p>\n\n\n\n<h2 class=\"wp-block-heading\" id=\"h-carlos-iii-llego-al-trono-espanol-tras-varios-hechos-inesperados\">Carlos III lleg\u00f3 al trono espa\u00f1ol tras varios hechos inesperados<\/h2>\n\n\n\n<figure class=\"wp-block-image size-large\"><a href=\"https:\/\/www.escapadarural.com\/blog\/wp-content\/uploads\/Estatua_ecuestre_de_Carlos_III_-_07-scaled.jpg\"><img decoding=\"async\" src=\"https:\/\/www.escapadarural.com\/blog\/wp-content\/uploads\/Estatua_ecuestre_de_Carlos_III_-_07-1024x683.jpg\" alt=\"Carlos III\" class=\"wp-image-51450\"\/><\/a><figcaption class=\"wp-element-caption\">Estatua de Carlos III en Madrid. Carlos Delgado<\/figcaption><\/figure>\n\n\n\n<p>Tras la muerte de Felipe V rein\u00f3 su hijo Fernando VI y al morir este sin descendencia, el turno le lleg\u00f3 a Carlos III, hijo de Felipe V y hermanastro de los otros dos. Esta carambola del destino pill\u00f3 al futuro Carlos III siendo rey de N\u00e1poles y Sicilia. La <strong>proclamaci\u00f3n de Carlos III como rey de Espa\u00f1a fue todo un evento<\/strong>. Y su viaje desde N\u00e1poles hasta el fin de las celebraciones, ya en 1760, en Madrid, fueron un exceso, como era propio de esa \u00e9poca donde el rey lo era todo.<\/p>\n\n\n\n<p>En septiembre de 1759 se celebr\u00f3 por toda Espa\u00f1a la proclamaci\u00f3n del nuevo rey. Es m\u00e1s, como dec\u00eda, tras la proclamaci\u00f3n se prepar\u00f3 con mucha antelaci\u00f3n su llegada a Espa\u00f1a, y en Barcelona y Madrid se hicieron homenajes, desfiles, ornamentos temporales por las calles\u2026 Y en las localidades del camino, tambi\u00e9n. Pero en N\u00edjar, que est\u00e1 en Almer\u00eda y quedaba lejos de la ruta real, se hizo tal fiesta con raz\u00f3n del evento, que ha quedado <strong>registrada como todo un hito y es referencia como celebraci\u00f3n<\/strong> que acab\u00f3 llegando demasiado lejos.<\/p>\n\n\n\n<p>Siguiendo la cr\u00f3nica que Manuel D\u00e1vila y Collado recoge en su libro sobre el reinado de Carlos III, parece ser que el alcalde reuni\u00f3 a los vecinos en la plaza y se coloc\u00f3 en el medio de todos. Despu\u00e9s de que hicieran un corro para escucharle y sin mucho m\u00e1s pre\u00e1mbulo, levant\u00f3 su vara de mando y dijo: \u00bfcre\u00e9is por esta que Dios es Dios, y cre\u00e9is que Carlos III, que es hermano de nuestro difunto rey, el que est\u00e1 en Italia, es nuestro monarca? La respuesta fue un s\u00ed rotundo, una salva de disparos de celebraci\u00f3n al aire y un repique de campanas. Aquello fue el comienzo. S\u00f3lo el comienzo.<\/p>\n\n\n\n<h2 class=\"wp-block-heading\" id=\"h-la-fiesta-en-nijar-se-acabo-descontrolando\">La fiesta en N\u00edjar se acab\u00f3 descontrolando<\/h2>\n\n\n\n<p>Seg\u00fan los testimonios, encargaron los nijare\u00f1os juntar bebida para que ninguno tuviera problemas para brindar. Se consumieron 77 arrobas de vino y 4 pellejos de aguardiente. Aunque variaba la medida ligeramente de unas zonas a otras, la arroba de vino rondaba los 16 litros, por lo que <strong>se acabaron bebiendo m\u00e1s de 1.200 litros de vino<\/strong>. El aguardiente debi\u00f3 pasar ampliamente los 100 litros.<\/p>\n\n\n\n<p>Pero no acab\u00f3 ah\u00ed la cosa, azuzados por el ambiente de fiesta, los celebrantes asaltaron el edificio donde se almacenaba el grano del pueblo y lo arrojaron por las ventanas, as\u00ed como el dinero que hab\u00eda en el local. De ah\u00ed <strong>fueron pasando por el estanco y por muchas casas particulares<\/strong>, repitiendo los desmanes. Sacando a la calle el pan, el vino, el tabaco y otras muchas cosas (cazuelas, sillas, almireces\u2026), supongo que en algunos casos para disfrutarlos y en otros consiguiendo tan s\u00f3lo echarlos a perder.<\/p>\n\n\n\n<p>El pueblo qued\u00f3 maltrecho de aquella fiesta, pero desde luego celebraron la proclamaci\u00f3n del nuevo rey por todo lo alto. Como dec\u00eda, parece que, ya que ten\u00edan algo que celebrar, en N\u00edjar lo hicieron a conciencia. Y eso es sabidur\u00eda, aunque bien es cierto que se les fue un poco la mano.<\/p>\n\n\n\n<h2 class=\"wp-block-heading\" id=\"h-carlos-iii-acabo-beneficiando-a-la-comarca\">Carlos III acab\u00f3 beneficiando a la comarca<\/h2>\n\n\n\n<figure class=\"wp-block-image size-large\"><a href=\"https:\/\/www.escapadarural.com\/blog\/wp-content\/uploads\/AdobeStock_361734505-scaled.jpeg\"><img decoding=\"async\" src=\"https:\/\/www.escapadarural.com\/blog\/wp-content\/uploads\/AdobeStock_361734505-1024x683.jpeg\" alt=\"Cabo de Gata\" class=\"wp-image-51451\"\/><\/a><figcaption class=\"wp-element-caption\">Faro Cabo de Gata. Por inigolaitxu<\/figcaption><\/figure>\n\n\n\n<p>Tan celebre es este desfase festivo de N\u00edjar, que el fil\u00f3sofo Jos\u00e9 Ortega y Gasset lo cita en su libro m\u00e1s conocido: <em>La rebeli\u00f3n de las masas<\/em>. Dicho esto, hace m\u00e1s de dos siglos y medio de aquellos acontecimientos del 3 de septiembre de 1759 en N\u00edjar, y por lo tanto puede haber leyenda m\u00e1s all\u00e1 de los hechos. No faltan <a aria-label=\" (opens in a new tab)\" href=\"https:\/\/elgeniomaligno.eu\/reflexiones-sobre-un-trabajo-en-los-campos-de-nijar-en-el-cincuentenario-de-campos-de-nijar-de-juan-goytisolo-sergio-braulio-veliz-rodriguez\/\" target=\"_blank\" rel=\"noreferrer noopener nofollow\" class=\"rank-math-link\">los testimonios que aseguran que en toda esta historia hubo cierta exageraci\u00f3n<\/a> y que se basan los escritos en testimonios originales que ya iban un poco m\u00e1s all\u00e1 de la verdad desde el comienzo. Parece seguro que hubo ciertos excesos, pero no se sabe si tantos como se cuenta.<\/p>\n\n\n\n<p>En cualquier caso, desde mi punto de vista, tiene sentido lo que dec\u00eda uno de los promotores del evento: si N\u00edjar err\u00f3 en su acto, lo hizo media Espa\u00f1a. En cada lugar se err\u00f3 de su forma. Como dec\u00eda, puestos a celebrar, y unido un pueblo entero en una fiesta, no es raro que las cosas acaben un poco desmadradas. Y siendo as\u00ed, este botell\u00f3n de N\u00edjar nos deber\u00eda recordar que <strong>hay que celebrar con ganas las cosas cuando se tiene oportunidad<\/strong>, que ya vendr\u00e1n d\u00edas en los que haya poco que celebrar.<\/p>\n\n\n\n<p>Por cierto, durante su reinado, Carlos III promulg\u00f3 un reglamento de defensa de la costa que trajo la tranquilidad a N\u00edjar y su zona. Gracias a ese reglamento se construyeron y arreglaron algunas torres de defensa que contuvieron los ataques de los piratas del norte de \u00c1frica que se adentraban tierra adentro desde la costa. El <strong>origen del dicho \u201cno hay moros en la costa\u201d<\/strong> proviene precisamente de este peligro de asalto de los piratas del norte de \u00c1frica. Y Carlos III hizo que hubiera menos moros en la costa en la zona de N\u00edjar, as\u00ed que, visto as\u00ed, bien estuvo aquella fiesta de 1759.<\/p>\n\n\n\n<div class=\"wp-block-buttons is-layout-flex wp-block-buttons-is-layout-flex\">\n<div class=\"wp-block-button\"><a class=\"wp-block-button__link wp-element-button\" href=\"https:\/\/www.escapadarural.com\/casas-rurales\/nijar\">Casas rurales en N\u00edjar<\/a><\/div>\n<\/div>\n","protected":false},"excerpt":{"rendered":"<p>Hay un lugar en Almer\u00eda en el que s\u00ed se saben celebrar las cosas, por lejos que ocurran. En N\u00edjar las celebraciones por la proclamaci\u00f3n de Carlos III se les fue de las manos. <\/p>\n","protected":false},"author":149,"featured_media":101122,"comment_status":"open","ping_status":"open","sticky":false,"template":"","format":"standard","meta":{"_acf_changed":false,"om_disable_all_campaigns":false,"footnotes":""},"categories":[231],"tags":[355,6072,260,4023,4024,440,2681],"class_list":["post-51122","post","type-post","status-publish","format-standard","has-post-thumbnail","hentry","category-arte-y-cultura","tag-que-ver-en-almeria","tag-andalucia","tag-articulo","tag-carlos-iii","tag-celebracion","tag-historias-y-curiosidades","tag-nijar"],"acf":[],"featured_image_src":"https:\/\/www.escapadarural.com\/blog\/wp-content\/uploads\/2024\/10\/AdobeStock_70641012-1024x684-3.jpeg","author_info":{"display_name":"Manuel Jes\u00fas Prieto","author_link":"https:\/\/www.escapadarural.com\/blog\/autor\/manuel\/"},"yoast_head":"<!-- This site is optimized with the Yoast SEO plugin v27.5 - https:\/\/yoast.com\/product\/yoast-seo-wordpress\/ -->\n<title>La fiesta sin control de N\u00edjar por la proclamaci\u00f3n de Carlos III - EscapadaRural<\/title>\n<meta name=\"robots\" content=\"index, follow, max-snippet:-1, max-image-preview:large, max-video-preview:-1\" \/>\n<link rel=\"canonical\" href=\"https:\/\/www.escapadarural.com\/blog\/fiesta-nijar-proclamacion-carlosiii\/\" \/>\n<meta property=\"og:locale\" content=\"es_ES\" \/>\n<meta property=\"og:type\" content=\"article\" \/>\n<meta property=\"og:title\" content=\"La fiesta sin control de N\u00edjar por la proclamaci\u00f3n de Carlos III - EscapadaRural\" \/>\n<meta property=\"og:description\" content=\"Hay un lugar en Almer\u00eda en el que s\u00ed se saben celebrar las cosas, por lejos que ocurran. En N\u00edjar las celebraciones por la proclamaci\u00f3n de Carlos III se les fue de las manos.\" \/>\n<meta property=\"og:url\" content=\"https:\/\/www.escapadarural.com\/blog\/fiesta-nijar-proclamacion-carlosiii\/\" \/>\n<meta property=\"og:site_name\" content=\"Magazine de viajes de EscapadaRural\" \/>\n<meta property=\"article:publisher\" content=\"https:\/\/www.facebook.com\/escapadarural\" \/>\n<meta property=\"article:published_time\" content=\"2022-05-12T08:57:40+00:00\" \/>\n<meta property=\"article:modified_time\" content=\"2025-08-06T09:28:35+00:00\" \/>\n<meta property=\"og:image\" content=\"https:\/\/www.escapadarural.com\/blog\/wp-content\/uploads\/2024\/10\/AdobeStock_70641012-1024x684-3.jpeg?v=1754472517\" \/>\n\t<meta property=\"og:image:width\" content=\"1024\" \/>\n\t<meta property=\"og:image:height\" content=\"684\" \/>\n\t<meta property=\"og:image:type\" content=\"image\/jpeg\" \/>\n<meta name=\"author\" content=\"Manuel Jes\u00fas Prieto\" \/>\n<meta name=\"twitter:card\" content=\"summary_large_image\" \/>\n<meta name=\"twitter:label1\" content=\"Escrito por\" \/>\n\t<meta name=\"twitter:data1\" content=\"Manuel Jes\u00fas Prieto\" \/>\n\t<meta name=\"twitter:label2\" content=\"Tiempo de lectura\" \/>\n\t<meta name=\"twitter:data2\" content=\"6 minutos\" \/>\n<script type=\"application\/ld+json\" class=\"yoast-schema-graph\">{\"@context\":\"https:\\\/\\\/schema.org\",\"@graph\":[{\"@type\":\"Article\",\"@id\":\"https:\\\/\\\/www.escapadarural.com\\\/blog\\\/fiesta-nijar-proclamacion-carlosiii\\\/#article\",\"isPartOf\":{\"@id\":\"https:\\\/\\\/www.escapadarural.com\\\/blog\\\/fiesta-nijar-proclamacion-carlosiii\\\/\"},\"author\":{\"name\":\"Manuel Jes\u00fas Prieto\",\"@id\":\"https:\\\/\\\/www.escapadarural.com\\\/blog\\\/#\\\/schema\\\/person\\\/4065dfd21d15120c54fb2ac942df5353\"},\"headline\":\"La fiesta sin control de N\u00edjar por la proclamaci\u00f3n de Carlos III\",\"datePublished\":\"2022-05-12T08:57:40+00:00\",\"dateModified\":\"2025-08-06T09:28:35+00:00\",\"mainEntityOfPage\":{\"@id\":\"https:\\\/\\\/www.escapadarural.com\\\/blog\\\/fiesta-nijar-proclamacion-carlosiii\\\/\"},\"wordCount\":1137,\"commentCount\":0,\"publisher\":{\"@id\":\"https:\\\/\\\/www.escapadarural.com\\\/blog\\\/#organization\"},\"image\":{\"@id\":\"https:\\\/\\\/www.escapadarural.com\\\/blog\\\/fiesta-nijar-proclamacion-carlosiii\\\/#primaryimage\"},\"thumbnailUrl\":\"https:\\\/\\\/www.escapadarural.com\\\/blog\\\/wp-content\\\/uploads\\\/2024\\\/10\\\/AdobeStock_70641012-1024x684-3.jpeg\",\"keywords\":[\"Almer\u00eda\",\"Andaluc\u00eda\",\"art\u00edculo\",\"Carlos III\",\"Celebraci\u00f3n\",\"Historias y Curiosidades\",\"N\u00edjar\"],\"articleSection\":[\"Arte y Cultura\"],\"inLanguage\":\"es\",\"potentialAction\":[{\"@type\":\"CommentAction\",\"name\":\"Comment\",\"target\":[\"https:\\\/\\\/www.escapadarural.com\\\/blog\\\/fiesta-nijar-proclamacion-carlosiii\\\/#respond\"]}]},{\"@type\":\"WebPage\",\"@id\":\"https:\\\/\\\/www.escapadarural.com\\\/blog\\\/fiesta-nijar-proclamacion-carlosiii\\\/\",\"url\":\"https:\\\/\\\/www.escapadarural.com\\\/blog\\\/fiesta-nijar-proclamacion-carlosiii\\\/\",\"name\":\"La fiesta sin control de N\u00edjar por la proclamaci\u00f3n de Carlos III - EscapadaRural\",\"isPartOf\":{\"@id\":\"https:\\\/\\\/www.escapadarural.com\\\/blog\\\/#website\"},\"primaryImageOfPage\":{\"@id\":\"https:\\\/\\\/www.escapadarural.com\\\/blog\\\/fiesta-nijar-proclamacion-carlosiii\\\/#primaryimage\"},\"image\":{\"@id\":\"https:\\\/\\\/www.escapadarural.com\\\/blog\\\/fiesta-nijar-proclamacion-carlosiii\\\/#primaryimage\"},\"thumbnailUrl\":\"https:\\\/\\\/www.escapadarural.com\\\/blog\\\/wp-content\\\/uploads\\\/2024\\\/10\\\/AdobeStock_70641012-1024x684-3.jpeg\",\"datePublished\":\"2022-05-12T08:57:40+00:00\",\"dateModified\":\"2025-08-06T09:28:35+00:00\",\"breadcrumb\":{\"@id\":\"https:\\\/\\\/www.escapadarural.com\\\/blog\\\/fiesta-nijar-proclamacion-carlosiii\\\/#breadcrumb\"},\"inLanguage\":\"es\",\"potentialAction\":[{\"@type\":\"ReadAction\",\"target\":[\"https:\\\/\\\/www.escapadarural.com\\\/blog\\\/fiesta-nijar-proclamacion-carlosiii\\\/\"]}]},{\"@type\":\"ImageObject\",\"inLanguage\":\"es\",\"@id\":\"https:\\\/\\\/www.escapadarural.com\\\/blog\\\/fiesta-nijar-proclamacion-carlosiii\\\/#primaryimage\",\"url\":\"https:\\\/\\\/www.escapadarural.com\\\/blog\\\/wp-content\\\/uploads\\\/2024\\\/10\\\/AdobeStock_70641012-1024x684-3.jpeg\",\"contentUrl\":\"https:\\\/\\\/www.escapadarural.com\\\/blog\\\/wp-content\\\/uploads\\\/2024\\\/10\\\/AdobeStock_70641012-1024x684-3.jpeg\",\"width\":1024,\"height\":684,\"caption\":\"Vista de una peque\u00f1a ciudad con edificios blancos enclavada en un valle rodeado de colinas y paisaje seco bajo un cielo parcialmente nublado, vista desde un punto elevado.\"},{\"@type\":\"BreadcrumbList\",\"@id\":\"https:\\\/\\\/www.escapadarural.com\\\/blog\\\/fiesta-nijar-proclamacion-carlosiii\\\/#breadcrumb\",\"itemListElement\":[{\"@type\":\"ListItem\",\"position\":1,\"name\":\"Inicio\",\"item\":\"https:\\\/\\\/www.escapadarural.com\\\/blog\\\/\"},{\"@type\":\"ListItem\",\"position\":2,\"name\":\"Arte y Cultura\",\"item\":\"https:\\\/\\\/www.escapadarural.com\\\/blog\\\/categoria\\\/arte-y-cultura\\\/\"},{\"@type\":\"ListItem\",\"position\":3,\"name\":\"La fiesta sin control de N\u00edjar por la proclamaci\u00f3n de Carlos III\"}]},{\"@type\":\"WebSite\",\"@id\":\"https:\\\/\\\/www.escapadarural.com\\\/blog\\\/#website\",\"url\":\"https:\\\/\\\/www.escapadarural.com\\\/blog\\\/\",\"name\":\"Blog de viajes | turismo rural, alojamientos e inspiraci\u00f3n\",\"description\":\"Alojamientos rurales e inspiraci\u00f3n para tus escapadas\",\"publisher\":{\"@id\":\"https:\\\/\\\/www.escapadarural.com\\\/blog\\\/#organization\"},\"alternateName\":\"Magazine de viajes de EscapadaRural\",\"potentialAction\":[{\"@type\":\"SearchAction\",\"target\":{\"@type\":\"EntryPoint\",\"urlTemplate\":\"https:\\\/\\\/www.escapadarural.com\\\/blog\\\/?s={search_term_string}\"},\"query-input\":{\"@type\":\"PropertyValueSpecification\",\"valueRequired\":true,\"valueName\":\"search_term_string\"}}],\"inLanguage\":\"es\"},{\"@type\":\"Organization\",\"@id\":\"https:\\\/\\\/www.escapadarural.com\\\/blog\\\/#organization\",\"name\":\"EscapadaRural\",\"url\":\"https:\\\/\\\/www.escapadarural.com\\\/blog\\\/\",\"logo\":{\"@type\":\"ImageObject\",\"inLanguage\":\"es\",\"@id\":\"https:\\\/\\\/www.escapadarural.com\\\/blog\\\/#\\\/schema\\\/logo\\\/image\\\/\",\"url\":\"https:\\\/\\\/www.escapadarural.com\\\/blog\\\/wp-content\\\/uploads\\\/2024\\\/10\\\/cropped-cropped-escapada-rural-icon-mag-3.png\",\"contentUrl\":\"https:\\\/\\\/www.escapadarural.com\\\/blog\\\/wp-content\\\/uploads\\\/2024\\\/10\\\/cropped-cropped-escapada-rural-icon-mag-3.png\",\"width\":512,\"height\":512,\"caption\":\"EscapadaRural\"},\"image\":{\"@id\":\"https:\\\/\\\/www.escapadarural.com\\\/blog\\\/#\\\/schema\\\/logo\\\/image\\\/\"},\"sameAs\":[\"https:\\\/\\\/www.facebook.com\\\/escapadarural\",\"https:\\\/\\\/www.instagram.com\\\/escapadarural\\\/\",\"https:\\\/\\\/www.youtube.com\\\/@escapadaruralcom\"]},{\"@type\":\"Person\",\"@id\":\"https:\\\/\\\/www.escapadarural.com\\\/blog\\\/#\\\/schema\\\/person\\\/4065dfd21d15120c54fb2ac942df5353\",\"name\":\"Manuel Jes\u00fas Prieto\",\"image\":{\"@type\":\"ImageObject\",\"inLanguage\":\"es\",\"@id\":\"https:\\\/\\\/secure.gravatar.com\\\/avatar\\\/37b0a60089415adf7fccf5a36cbba1736d8f005f236f1e2dde1c27f78214b0f9?s=96&d=mm&r=g\",\"url\":\"https:\\\/\\\/secure.gravatar.com\\\/avatar\\\/37b0a60089415adf7fccf5a36cbba1736d8f005f236f1e2dde1c27f78214b0f9?s=96&d=mm&r=g\",\"contentUrl\":\"https:\\\/\\\/secure.gravatar.com\\\/avatar\\\/37b0a60089415adf7fccf5a36cbba1736d8f005f236f1e2dde1c27f78214b0f9?s=96&d=mm&r=g\",\"caption\":\"Manuel Jes\u00fas Prieto\"},\"url\":\"https:\\\/\\\/www.escapadarural.com\\\/blog\\\/autor\\\/manuel\\\/\"}]}<\/script>\n<!-- \/ Yoast SEO plugin. -->","yoast_head_json":{"title":"La fiesta sin control de N\u00edjar por la proclamaci\u00f3n de Carlos III - EscapadaRural","robots":{"index":"index","follow":"follow","max-snippet":"max-snippet:-1","max-image-preview":"max-image-preview:large","max-video-preview":"max-video-preview:-1"},"canonical":"https:\/\/www.escapadarural.com\/blog\/fiesta-nijar-proclamacion-carlosiii\/","og_locale":"es_ES","og_type":"article","og_title":"La fiesta sin control de N\u00edjar por la proclamaci\u00f3n de Carlos III - EscapadaRural","og_description":"Hay un lugar en Almer\u00eda en el que s\u00ed se saben celebrar las cosas, por lejos que ocurran. En N\u00edjar las celebraciones por la proclamaci\u00f3n de Carlos III se les fue de las manos.","og_url":"https:\/\/www.escapadarural.com\/blog\/fiesta-nijar-proclamacion-carlosiii\/","og_site_name":"Magazine de viajes de EscapadaRural","article_publisher":"https:\/\/www.facebook.com\/escapadarural","article_published_time":"2022-05-12T08:57:40+00:00","article_modified_time":"2025-08-06T09:28:35+00:00","og_image":[{"width":1024,"height":684,"url":"https:\/\/www.escapadarural.com\/blog\/wp-content\/uploads\/2024\/10\/AdobeStock_70641012-1024x684-3.jpeg?v=1754472517","type":"image\/jpeg"}],"author":"Manuel Jes\u00fas Prieto","twitter_card":"summary_large_image","twitter_misc":{"Escrito por":"Manuel Jes\u00fas Prieto","Tiempo de lectura":"6 minutos"},"schema":{"@context":"https:\/\/schema.org","@graph":[{"@type":"Article","@id":"https:\/\/www.escapadarural.com\/blog\/fiesta-nijar-proclamacion-carlosiii\/#article","isPartOf":{"@id":"https:\/\/www.escapadarural.com\/blog\/fiesta-nijar-proclamacion-carlosiii\/"},"author":{"name":"Manuel Jes\u00fas Prieto","@id":"https:\/\/www.escapadarural.com\/blog\/#\/schema\/person\/4065dfd21d15120c54fb2ac942df5353"},"headline":"La fiesta sin control de N\u00edjar por la proclamaci\u00f3n de Carlos III","datePublished":"2022-05-12T08:57:40+00:00","dateModified":"2025-08-06T09:28:35+00:00","mainEntityOfPage":{"@id":"https:\/\/www.escapadarural.com\/blog\/fiesta-nijar-proclamacion-carlosiii\/"},"wordCount":1137,"commentCount":0,"publisher":{"@id":"https:\/\/www.escapadarural.com\/blog\/#organization"},"image":{"@id":"https:\/\/www.escapadarural.com\/blog\/fiesta-nijar-proclamacion-carlosiii\/#primaryimage"},"thumbnailUrl":"https:\/\/www.escapadarural.com\/blog\/wp-content\/uploads\/2024\/10\/AdobeStock_70641012-1024x684-3.jpeg","keywords":["Almer\u00eda","Andaluc\u00eda","art\u00edculo","Carlos III","Celebraci\u00f3n","Historias y Curiosidades","N\u00edjar"],"articleSection":["Arte y Cultura"],"inLanguage":"es","potentialAction":[{"@type":"CommentAction","name":"Comment","target":["https:\/\/www.escapadarural.com\/blog\/fiesta-nijar-proclamacion-carlosiii\/#respond"]}]},{"@type":"WebPage","@id":"https:\/\/www.escapadarural.com\/blog\/fiesta-nijar-proclamacion-carlosiii\/","url":"https:\/\/www.escapadarural.com\/blog\/fiesta-nijar-proclamacion-carlosiii\/","name":"La fiesta sin control de N\u00edjar por la proclamaci\u00f3n de Carlos III - EscapadaRural","isPartOf":{"@id":"https:\/\/www.escapadarural.com\/blog\/#website"},"primaryImageOfPage":{"@id":"https:\/\/www.escapadarural.com\/blog\/fiesta-nijar-proclamacion-carlosiii\/#primaryimage"},"image":{"@id":"https:\/\/www.escapadarural.com\/blog\/fiesta-nijar-proclamacion-carlosiii\/#primaryimage"},"thumbnailUrl":"https:\/\/www.escapadarural.com\/blog\/wp-content\/uploads\/2024\/10\/AdobeStock_70641012-1024x684-3.jpeg","datePublished":"2022-05-12T08:57:40+00:00","dateModified":"2025-08-06T09:28:35+00:00","breadcrumb":{"@id":"https:\/\/www.escapadarural.com\/blog\/fiesta-nijar-proclamacion-carlosiii\/#breadcrumb"},"inLanguage":"es","potentialAction":[{"@type":"ReadAction","target":["https:\/\/www.escapadarural.com\/blog\/fiesta-nijar-proclamacion-carlosiii\/"]}]},{"@type":"ImageObject","inLanguage":"es","@id":"https:\/\/www.escapadarural.com\/blog\/fiesta-nijar-proclamacion-carlosiii\/#primaryimage","url":"https:\/\/www.escapadarural.com\/blog\/wp-content\/uploads\/2024\/10\/AdobeStock_70641012-1024x684-3.jpeg","contentUrl":"https:\/\/www.escapadarural.com\/blog\/wp-content\/uploads\/2024\/10\/AdobeStock_70641012-1024x684-3.jpeg","width":1024,"height":684,"caption":"Vista de una peque\u00f1a ciudad con edificios blancos enclavada en un valle rodeado de colinas y paisaje seco bajo un cielo parcialmente nublado, vista desde un punto elevado."},{"@type":"BreadcrumbList","@id":"https:\/\/www.escapadarural.com\/blog\/fiesta-nijar-proclamacion-carlosiii\/#breadcrumb","itemListElement":[{"@type":"ListItem","position":1,"name":"Inicio","item":"https:\/\/www.escapadarural.com\/blog\/"},{"@type":"ListItem","position":2,"name":"Arte y Cultura","item":"https:\/\/www.escapadarural.com\/blog\/categoria\/arte-y-cultura\/"},{"@type":"ListItem","position":3,"name":"La fiesta sin control de N\u00edjar por la proclamaci\u00f3n de Carlos III"}]},{"@type":"WebSite","@id":"https:\/\/www.escapadarural.com\/blog\/#website","url":"https:\/\/www.escapadarural.com\/blog\/","name":"Blog de viajes | turismo rural, alojamientos e inspiraci\u00f3n","description":"Alojamientos rurales e inspiraci\u00f3n para tus escapadas","publisher":{"@id":"https:\/\/www.escapadarural.com\/blog\/#organization"},"alternateName":"Magazine de viajes de EscapadaRural","potentialAction":[{"@type":"SearchAction","target":{"@type":"EntryPoint","urlTemplate":"https:\/\/www.escapadarural.com\/blog\/?s={search_term_string}"},"query-input":{"@type":"PropertyValueSpecification","valueRequired":true,"valueName":"search_term_string"}}],"inLanguage":"es"},{"@type":"Organization","@id":"https:\/\/www.escapadarural.com\/blog\/#organization","name":"EscapadaRural","url":"https:\/\/www.escapadarural.com\/blog\/","logo":{"@type":"ImageObject","inLanguage":"es","@id":"https:\/\/www.escapadarural.com\/blog\/#\/schema\/logo\/image\/","url":"https:\/\/www.escapadarural.com\/blog\/wp-content\/uploads\/2024\/10\/cropped-cropped-escapada-rural-icon-mag-3.png","contentUrl":"https:\/\/www.escapadarural.com\/blog\/wp-content\/uploads\/2024\/10\/cropped-cropped-escapada-rural-icon-mag-3.png","width":512,"height":512,"caption":"EscapadaRural"},"image":{"@id":"https:\/\/www.escapadarural.com\/blog\/#\/schema\/logo\/image\/"},"sameAs":["https:\/\/www.facebook.com\/escapadarural","https:\/\/www.instagram.com\/escapadarural\/","https:\/\/www.youtube.com\/@escapadaruralcom"]},{"@type":"Person","@id":"https:\/\/www.escapadarural.com\/blog\/#\/schema\/person\/4065dfd21d15120c54fb2ac942df5353","name":"Manuel Jes\u00fas Prieto","image":{"@type":"ImageObject","inLanguage":"es","@id":"https:\/\/secure.gravatar.com\/avatar\/37b0a60089415adf7fccf5a36cbba1736d8f005f236f1e2dde1c27f78214b0f9?s=96&d=mm&r=g","url":"https:\/\/secure.gravatar.com\/avatar\/37b0a60089415adf7fccf5a36cbba1736d8f005f236f1e2dde1c27f78214b0f9?s=96&d=mm&r=g","contentUrl":"https:\/\/secure.gravatar.com\/avatar\/37b0a60089415adf7fccf5a36cbba1736d8f005f236f1e2dde1c27f78214b0f9?s=96&d=mm&r=g","caption":"Manuel Jes\u00fas Prieto"},"url":"https:\/\/www.escapadarural.com\/blog\/autor\/manuel\/"}]}},"_links":{"self":[{"href":"https:\/\/www.escapadarural.com\/blog\/wp-json\/wp\/v2\/posts\/51122","targetHints":{"allow":["GET"]}}],"collection":[{"href":"https:\/\/www.escapadarural.com\/blog\/wp-json\/wp\/v2\/posts"}],"about":[{"href":"https:\/\/www.escapadarural.com\/blog\/wp-json\/wp\/v2\/types\/post"}],"author":[{"embeddable":true,"href":"https:\/\/www.escapadarural.com\/blog\/wp-json\/wp\/v2\/users\/149"}],"replies":[{"embeddable":true,"href":"https:\/\/www.escapadarural.com\/blog\/wp-json\/wp\/v2\/comments?post=51122"}],"version-history":[{"count":0,"href":"https:\/\/www.escapadarural.com\/blog\/wp-json\/wp\/v2\/posts\/51122\/revisions"}],"wp:featuredmedia":[{"embeddable":true,"href":"https:\/\/www.escapadarural.com\/blog\/wp-json\/wp\/v2\/media\/101122"}],"wp:attachment":[{"href":"https:\/\/www.escapadarural.com\/blog\/wp-json\/wp\/v2\/media?parent=51122"}],"wp:term":[{"taxonomy":"category","embeddable":true,"href":"https:\/\/www.escapadarural.com\/blog\/wp-json\/wp\/v2\/categories?post=51122"},{"taxonomy":"post_tag","embeddable":true,"href":"https:\/\/www.escapadarural.com\/blog\/wp-json\/wp\/v2\/tags?post=51122"}],"curies":[{"name":"wp","href":"https:\/\/api.w.org\/{rel}","templated":true}]}}