{"id":51435,"date":"2022-05-19T08:44:14","date_gmt":"2022-05-19T07:44:14","guid":{"rendered":"https:\/\/www.escapadarural.com\/blog\/?p=51435"},"modified":"2025-08-06T11:23:12","modified_gmt":"2025-08-06T09:23:12","slug":"monteros-de-espinosa-primera-guardia-real-espanola","status":"publish","type":"post","link":"https:\/\/www.escapadarural.com\/blog\/monteros-de-espinosa-primera-guardia-real-espanola\/","title":{"rendered":"Los Monteros de Espinosa, la guardia real de los reyes de Espa\u00f1a"},"content":{"rendered":"\n<figure class=\"wp-block-image size-large\"><a href=\"https:\/\/www.escapadarural.com\/blog\/wp-content\/uploads\/1280px-Espinosa_de_los_Monteros_Plaza_Sancho_Garcia.jpg\"><img decoding=\"async\" src=\"https:\/\/www.escapadarural.com\/blog\/wp-content\/uploads\/1280px-Espinosa_de_los_Monteros_Plaza_Sancho_Garcia-1024x762.jpg\" alt=\"Espinosa de los Monteros\" class=\"wp-image-51552\"\/><\/a><figcaption class=\"wp-element-caption\">Espinosa de los Monteros. Por Javierme<\/figcaption><\/figure>\n\n\n\n<p>Hay un lugar en <a href=\"https:\/\/www.escapadarural.com\/casas-rurales\/burgos\" class=\"rank-math-link\">Burgos<\/a> cuyo nombre ha saltado m\u00e1s all\u00e1 de sus l\u00edmites y ha estado asociado, durante siglos, a los reyes de Espa\u00f1a. Todo comenz\u00f3 hace m\u00e1s de 1.000 a\u00f1os. Con cierta leyenda, lo m\u00e1s curioso es que lo que ha hecho trascender el nombre de <a href=\"https:\/\/www.escapadarural.com\/casas-rurales\/espinosa-de-los-monteros\" class=\"rank-math-link\">Espinosa de los Monteros<\/a> no ocurri\u00f3 realmente en ese lugar, aunque s\u00ed lo protagoniz\u00f3 un espinosiego. Y tras \u00e9l, muchos m\u00e1s.<\/p>\n\n\n\n<p>Como ya advert\u00eda y es habitual en hechos como los que vamos a tratar, la leyenda y la historia se tocan y se mezclan. Con seguridad la leyenda de los Monteros de Espinosa a\u00f1ade algo de \u00e9pica y suma ciertos detalles que hicieron m\u00e1s notables y atractivos los acontecimientos cuando comenzaron a contarse. Porque lo que nos ha llegado en esa leyenda es una magn\u00edfica historia de amor y caballer\u00eda.<\/p>\n\n\n\n<h2 class=\"wp-block-heading\" id=\"h-la-leyenda-sobre-la-creacion-de-los-monteros-de-espinosa\">La leyenda sobre la creaci\u00f3n de los Monteros de Espinosa <\/h2>\n\n\n\n<figure class=\"wp-block-image size-large\"><img decoding=\"async\" src=\"https:\/\/www.escapadarural.com\/blog\/wp-content\/uploads\/monteros-de-espinosa-866x1024.jpg\" alt=\"Escudo de armas de los Espinosa de los Monteros\" class=\"wp-image-51551\"\/><figcaption class=\"wp-element-caption\">Escudo de armas de los Espinosa de los Monteros. Por Heralder<\/figcaption><\/figure>\n\n\n\n<p>Era el a\u00f1o 1006, y a grandes rasgos podr\u00edamos decir que las dos terceras partes al sur de la Pen\u00ednsula ib\u00e9rica estaban en poder musulm\u00e1n y que la Reconquista a\u00fan ten\u00eda mucho camino por delante. En aquel tiempo, el <strong>conde don Sancho Garc\u00eda<\/strong> invit\u00f3 a sus dominios en Burgos a un l\u00edder \u00e1rabe, Mahomad Almohadio. En el encuentro, plagado de banquetes, homenajes y fiestas, el invitado enamor\u00f3 a la madre del rey castellano, que se llamaba do\u00f1a Aba.<\/p>\n\n\n\n<p>Don Sancho era un obst\u00e1culo insalvable para ese amor entre su madre y Almohadio. Este \u00faltimo, qui\u00e9n sabe si por amor o por estrategia, propuso a su amada acabar con la vida del rey cristiano, para dejar as\u00ed expedito el futuro de la pareja. Ojo, tampoco hay que descartar que la madre quisiera quitarse del medio a su hijo para reinar ella, puestos a construir una buena historia. El plan que acordaron fue <strong>envenenar al rey<\/strong> con un refresco que le ofrecer\u00eda su madre cuando volviera el pobre don Sancho de una jornada de caza.<\/p>\n\n\n\n<p>A pesar de que se trat\u00f3 de mantener el secreto, una camarera de la reina se enter\u00f3 de la preparaci\u00f3n del magnicidio y se lo cont\u00f3 a su esposo, que serv\u00eda a don Sancho como escudero. Este hombre se llamaba tambi\u00e9n Sancho, pero sin el don y con el apellido de Pel\u00e1ez. La acusaci\u00f3n era grave y el escudero sab\u00eda que al revelar el plan se estaba jugando la vida, ya que, si no le cre\u00edan y no hab\u00eda m\u00e1s pruebas, pod\u00eda acabar mal. A pesar de ello tuvo el valor de seguir adelante.<\/p>\n\n\n\n<p>Advertido don Sancho, cuando su madre le ofreci\u00f3 el refresco envenenado, el conde le dijo que lo probara ella primero. Al negarse, qued\u00f3 la sospecha probada, pero para a\u00f1adir m\u00e1s \u00e9pica a la leyenda, se cuenta que el hijo insisti\u00f3 a su madre para que bebiera y esta acab\u00f3 por hacerlo, sabiendo que morir\u00eda al momento. Expiaba as\u00ed su pecado.<\/p>\n\n\n\n<p>Don Sancho Garc\u00eda qued\u00f3 tan agradecido a su escudero por el aviso, que determin\u00f3 que a partir de aquel momento <strong>ese escudero, sus familiares y su descendencia, ser\u00edan su guardia personal<\/strong>. As\u00ed se hizo y dado que todos eran originarios de la localidad de Espinosa, se nombr\u00f3 a ese grupo los Monteros de Espinosa. Hasta aqu\u00ed la mezcla de leyenda y realidad, de lo que ocurri\u00f3 en el a\u00f1o 1006.<\/p>\n\n\n\n<h2 class=\"wp-block-heading\" id=\"h-la-primera-unidad-de-guardia-real-en-territorio-espanol\">\u00bfLa primera unidad de Guardia Real en territorio espa\u00f1ol?<\/h2>\n\n\n\n<p>M\u00e1s all\u00e1 de esa leyenda, que bien merece ser conocida, s\u00ed parece cierto que don Sancho Garc\u00eda cre\u00f3 el cuerpo de los Monteros de Espinosa, tomando para el mismo siempre <strong>hidalgos de Espinosa<\/strong>, en recompensa de alg\u00fan servicio prestado por hombres de este lugar.<\/p>\n\n\n\n<p>Espinosa, por cierto, hab\u00eda sido arrasada por las batallas de la \u00e9poca y se reconstruy\u00f3 tras todo esto, acabando por ser conocida ya como Espinosa de los Monteros. Esta relaci\u00f3n entre la localidad burgalesa y los reyes espa\u00f1oles comenz\u00f3 con 5 hombres de Espinosa, los 5 monteros originales, pero acab\u00f3 siendo mucho m\u00e1s, una estrecha relaci\u00f3n de siglos.<\/p>\n\n\n\n<p>En cierta medida estamos ante lo que podr\u00edamos llamar la <a aria-label=\" (opens in a new tab)\" href=\"https:\/\/www.defensa.gob.es\/guardiareal\/Menu\/Historia\/resena\/Monteros_de_Espinosa\/\" target=\"_blank\" rel=\"noreferrer noopener nofollow\" class=\"rank-math-link\">primera unidad de Guardia Real<\/a> en el territorio de lo que hoy es Espa\u00f1a. Con algunas salvedades, como por ejemplo que no hablamos de militares propiamente dicho. Desde ese 1006 hab\u00eda muchos testimonios y referencias a este cuerpo. Por ejemplo, en los escritos de Alfonso X <em>el Sabio<\/em> se habla de los Monteros de Espinosa y se determina que su labor era <strong>proteger el sue\u00f1o del rey<\/strong>, es decir, vigilar sus aposentos mientras dorm\u00eda. Situados en la c\u00e1mara inmediata a donde dorm\u00eda el rey, hac\u00edan guardia desde el atardecer hasta el amanecer.<\/p>\n\n\n\n<p>Parece que custodiar el sue\u00f1o del rey era su principal labor, pero no la \u00fanica. Cuando mor\u00eda el rey, los monteros vigilaban el cuerpo hasta que recib\u00eda sepultura. Sin apartarse de \u00e9l ni un momento, ya fuera d\u00eda o noche. Es cierto que, viendo el n\u00famero de monteros que ha habido a lo largo del tiempo, s\u00ed parece cierto que no pueden ser m\u00e1s que una defensa simb\u00f3lica o en un \u00e1mbito tan reducido como el dormitorio real.<\/p>\n\n\n\n<h2 class=\"wp-block-heading\" id=\"h-una-villa-unida-estrechamente-a-los-reyes-espanoles-durante-9-siglos\">Una villa unida estrechamente a los reyes espa\u00f1oles durante 9 siglos<\/h2>\n\n\n\n<figure class=\"wp-block-image size-large\"><a href=\"https:\/\/www.escapadarural.com\/blog\/wp-content\/uploads\/espinosa-de-los-monteros-torre.jpg\"><img decoding=\"async\" src=\"https:\/\/www.escapadarural.com\/blog\/wp-content\/uploads\/espinosa-de-los-monteros-torre.jpg\" alt=\"\" class=\"wp-image-51553\"\/><\/a><figcaption class=\"wp-element-caption\">Torre de los Velasco en Espinosa de los Monteros. Por Iv\u00e1n Vieito Garc\u00eda<\/figcaption><\/figure>\n\n\n\n<p>Aquellos primeros 5 monteros pasaron a 35 con Alfonso VIII de Castilla, conocido como <em>el de las Navas<\/em>, ya en el siglo XIII. Y con Fernando el Cat\u00f3lico superaron el medio centenar. El n\u00famero fue variando y las ordenanzas, siglo tras siglo, iban reglando c\u00f3mo deb\u00edan reclutarse los monteros. As\u00ed, Felipe II determin\u00f3 que adem\u00e1s de hidalgos y naturales de Espinosa, los monteros no deb\u00edan haber tenido oficios viles ni bajos, ni haber sido penitenciados por el Santo Oficio por cosas tocantes a la fe.<\/p>\n\n\n\n<p>Es curioso que, 800 a\u00f1os despu\u00e9s de su creaci\u00f3n, todav\u00eda en las ordenanzas reales se establec\u00eda que el tiempo de los monteros <strong>se repart\u00eda entre la corte y la localidad de Espinosa<\/strong>. No s\u00f3lo estaba esa localidad burgalesa en el origen, sino que siglos despu\u00e9s, ese punto geogr\u00e1fico segu\u00eda siendo el centro de esta unidad de protecci\u00f3n de los reyes espa\u00f1oles.<\/p>\n\n\n\n<p>Dec\u00edamos antes que los Monteros de Espinosa guardaban el cuerpo del rey tras su fallecimiento, hasta que era sepultado. Cuando muri\u00f3 Alfonso XII en El Pardo en 1885, los monteros Manuel Fern\u00e1ndez de Villa y Rafael G\u00f3mez Mara\u00f1\u00f3n se encontraron con el m\u00e9dico, el jefe de palacio y otras personas importantes ante el cuerpo del rey. All\u00ed, con el f\u00e9retro abierto, se certific\u00f3 que el fallecido era el rey Alfonso XII, como dictaba el protocolo, y se entreg\u00f3 el cuerpo a los monteros para su custodia. Tambi\u00e9n eso segu\u00eda el protocolo, de acuerdo a lo que escribi\u00f3 otro montero, Rufino de Pereda, en su libro sobre los monteros:<\/p>\n\n\n\n<blockquote class=\"wp-block-quote is-layout-flow wp-block-quote-is-layout-flow\">\n<p>\u2014Monteros de Espinosa \u00bfreconoc\u00e9is ser \u00e9ste el cad\u00e1ver de S. M. el Rey Don Alfonso XII de Borb\u00f3n y Borb\u00f3n. \u2014Dijo el marqu\u00e9s de Alca\u00f1ices.<br>\u2014S\u00ed, reconocemos. \u2014Respondieron los monteros.<br>\u2014Os entrego en prueba de vuestra reconocida lealtad y de orden de S. M, la Reina, el cad\u00e1ver de su Augusto Esposo para su guarda y custodia. \u00bfOs dais por entregados de \u00e9l?<br>\u2014S\u00ed.<\/p>\n<\/blockquote>\n\n\n\n<p>En 1931, cuando <strong>lleg\u00f3 la Segunda Rep\u00fablica, se disolvi\u00f3 el cuerpo<\/strong>, que aun as\u00ed pasaba los 9 siglos de existencia. Se dice que en todo ese tiempo nunca hubo un montero de Espinosa que traicionara en modo alguno a su se\u00f1or.<\/p>\n\n\n\n<div class=\"wp-block-buttons is-layout-flex wp-block-buttons-is-layout-flex\">\n<div class=\"wp-block-button\"><a class=\"wp-block-button__link wp-element-button\" href=\"https:\/\/www.escapadarural.com\/casas-rurales\/espinosa-de-los-monteros\">Casas rurales en Espinosa de los Monteros<\/a><\/div>\n<\/div>\n","protected":false},"excerpt":{"rendered":"<p>El nombre de Espinosa de los Monteros, en Burgos, ha saltado m\u00e1s all\u00e1 de sus l\u00edmites y ha estado asociado, durante siglos, a los reyes de Espa\u00f1a. Todo comenz\u00f3 hace m\u00e1s de 1.000 a\u00f1os cuando, seg\u00fan la leyenda, se formaron los Monteros de Espinosa, la primera Guardia Real en territorio espa\u00f1ol. <\/p>\n","protected":false},"author":149,"featured_media":101054,"comment_status":"open","ping_status":"open","sticky":false,"template":"","format":"standard","meta":{"_acf_changed":false,"om_disable_all_campaigns":false,"footnotes":""},"categories":[231],"tags":[260,439,5995,2770,440,611,4050],"class_list":["post-51435","post","type-post","status-publish","format-standard","has-post-thumbnail","hentry","category-arte-y-cultura","tag-articulo","tag-que-ver-en-burgos","tag-que-ver-en-castilla-y-leon","tag-espinosa-de-los-monteros","tag-historias-y-curiosidades","tag-leyendas","tag-reyes-de-espana"],"acf":[],"featured_image_src":"https:\/\/www.escapadarural.com\/blog\/wp-content\/uploads\/2024\/10\/1280px-Espinosa_de_los_Monteros_Plaza_Sancho_Garcia-1024x762-2.jpg","author_info":{"display_name":"Manuel Jes\u00fas Prieto","author_link":"https:\/\/www.escapadarural.com\/blog\/autor\/manuel\/"},"yoast_head":"<!-- This site is optimized with the Yoast SEO plugin v27.5 - https:\/\/yoast.com\/product\/yoast-seo-wordpress\/ -->\n<title>Los Monteros de Espinosa, la guardia real de los reyes de Espa\u00f1a - EscapadaRural<\/title>\n<meta name=\"robots\" content=\"index, follow, max-snippet:-1, max-image-preview:large, max-video-preview:-1\" \/>\n<link rel=\"canonical\" href=\"https:\/\/www.escapadarural.com\/blog\/monteros-de-espinosa-primera-guardia-real-espanola\/\" \/>\n<meta property=\"og:locale\" content=\"es_ES\" \/>\n<meta property=\"og:type\" content=\"article\" \/>\n<meta property=\"og:title\" content=\"Los Monteros de Espinosa, la guardia real de los reyes de Espa\u00f1a - EscapadaRural\" \/>\n<meta property=\"og:description\" content=\"El nombre de Espinosa de los Monteros, en Burgos, ha saltado m\u00e1s all\u00e1 de sus l\u00edmites y ha estado asociado, durante siglos, a los reyes de Espa\u00f1a. Todo comenz\u00f3 hace m\u00e1s de 1.000 a\u00f1os cuando, seg\u00fan la leyenda, se formaron los Monteros de Espinosa, la primera Guardia Real en territorio espa\u00f1ol.\" \/>\n<meta property=\"og:url\" content=\"https:\/\/www.escapadarural.com\/blog\/monteros-de-espinosa-primera-guardia-real-espanola\/\" \/>\n<meta property=\"og:site_name\" content=\"Magazine de viajes de EscapadaRural\" \/>\n<meta property=\"article:publisher\" content=\"https:\/\/www.facebook.com\/escapadarural\" \/>\n<meta property=\"article:published_time\" content=\"2022-05-19T07:44:14+00:00\" \/>\n<meta property=\"article:modified_time\" content=\"2025-08-06T09:23:12+00:00\" \/>\n<meta property=\"og:image\" content=\"https:\/\/www.escapadarural.com\/blog\/wp-content\/uploads\/2024\/10\/1280px-Espinosa_de_los_Monteros_Plaza_Sancho_Garcia-1024x762-2.jpg?v=1754472194\" \/>\n\t<meta property=\"og:image:width\" content=\"1024\" \/>\n\t<meta property=\"og:image:height\" content=\"762\" \/>\n\t<meta property=\"og:image:type\" content=\"image\/jpeg\" \/>\n<meta name=\"author\" content=\"Manuel Jes\u00fas Prieto\" \/>\n<meta name=\"twitter:card\" content=\"summary_large_image\" \/>\n<meta name=\"twitter:label1\" content=\"Escrito por\" \/>\n\t<meta name=\"twitter:data1\" content=\"Manuel Jes\u00fas Prieto\" \/>\n\t<meta name=\"twitter:label2\" content=\"Tiempo de lectura\" \/>\n\t<meta name=\"twitter:data2\" content=\"7 minutos\" \/>\n<script type=\"application\/ld+json\" class=\"yoast-schema-graph\">{\"@context\":\"https:\\\/\\\/schema.org\",\"@graph\":[{\"@type\":\"Article\",\"@id\":\"https:\\\/\\\/www.escapadarural.com\\\/blog\\\/monteros-de-espinosa-primera-guardia-real-espanola\\\/#article\",\"isPartOf\":{\"@id\":\"https:\\\/\\\/www.escapadarural.com\\\/blog\\\/monteros-de-espinosa-primera-guardia-real-espanola\\\/\"},\"author\":{\"name\":\"Manuel Jes\u00fas Prieto\",\"@id\":\"https:\\\/\\\/www.escapadarural.com\\\/blog\\\/#\\\/schema\\\/person\\\/4065dfd21d15120c54fb2ac942df5353\"},\"headline\":\"Los Monteros de Espinosa, la guardia real de los reyes de Espa\u00f1a\",\"datePublished\":\"2022-05-19T07:44:14+00:00\",\"dateModified\":\"2025-08-06T09:23:12+00:00\",\"mainEntityOfPage\":{\"@id\":\"https:\\\/\\\/www.escapadarural.com\\\/blog\\\/monteros-de-espinosa-primera-guardia-real-espanola\\\/\"},\"wordCount\":1348,\"commentCount\":0,\"publisher\":{\"@id\":\"https:\\\/\\\/www.escapadarural.com\\\/blog\\\/#organization\"},\"image\":{\"@id\":\"https:\\\/\\\/www.escapadarural.com\\\/blog\\\/monteros-de-espinosa-primera-guardia-real-espanola\\\/#primaryimage\"},\"thumbnailUrl\":\"https:\\\/\\\/www.escapadarural.com\\\/blog\\\/wp-content\\\/uploads\\\/2024\\\/10\\\/1280px-Espinosa_de_los_Monteros_Plaza_Sancho_Garcia-1024x762-2.jpg\",\"keywords\":[\"art\u00edculo\",\"Burgos\",\"Castilla y Le\u00f3n\",\"Espinosa de los Monteros\",\"Historias y Curiosidades\",\"Leyendas\",\"Reyes de Espa\u00f1a\"],\"articleSection\":[\"Arte y Cultura\"],\"inLanguage\":\"es\",\"potentialAction\":[{\"@type\":\"CommentAction\",\"name\":\"Comment\",\"target\":[\"https:\\\/\\\/www.escapadarural.com\\\/blog\\\/monteros-de-espinosa-primera-guardia-real-espanola\\\/#respond\"]}]},{\"@type\":\"WebPage\",\"@id\":\"https:\\\/\\\/www.escapadarural.com\\\/blog\\\/monteros-de-espinosa-primera-guardia-real-espanola\\\/\",\"url\":\"https:\\\/\\\/www.escapadarural.com\\\/blog\\\/monteros-de-espinosa-primera-guardia-real-espanola\\\/\",\"name\":\"Los Monteros de Espinosa, la guardia real de los reyes de Espa\u00f1a - EscapadaRural\",\"isPartOf\":{\"@id\":\"https:\\\/\\\/www.escapadarural.com\\\/blog\\\/#website\"},\"primaryImageOfPage\":{\"@id\":\"https:\\\/\\\/www.escapadarural.com\\\/blog\\\/monteros-de-espinosa-primera-guardia-real-espanola\\\/#primaryimage\"},\"image\":{\"@id\":\"https:\\\/\\\/www.escapadarural.com\\\/blog\\\/monteros-de-espinosa-primera-guardia-real-espanola\\\/#primaryimage\"},\"thumbnailUrl\":\"https:\\\/\\\/www.escapadarural.com\\\/blog\\\/wp-content\\\/uploads\\\/2024\\\/10\\\/1280px-Espinosa_de_los_Monteros_Plaza_Sancho_Garcia-1024x762-2.jpg\",\"datePublished\":\"2022-05-19T07:44:14+00:00\",\"dateModified\":\"2025-08-06T09:23:12+00:00\",\"breadcrumb\":{\"@id\":\"https:\\\/\\\/www.escapadarural.com\\\/blog\\\/monteros-de-espinosa-primera-guardia-real-espanola\\\/#breadcrumb\"},\"inLanguage\":\"es\",\"potentialAction\":[{\"@type\":\"ReadAction\",\"target\":[\"https:\\\/\\\/www.escapadarural.com\\\/blog\\\/monteros-de-espinosa-primera-guardia-real-espanola\\\/\"]}]},{\"@type\":\"ImageObject\",\"inLanguage\":\"es\",\"@id\":\"https:\\\/\\\/www.escapadarural.com\\\/blog\\\/monteros-de-espinosa-primera-guardia-real-espanola\\\/#primaryimage\",\"url\":\"https:\\\/\\\/www.escapadarural.com\\\/blog\\\/wp-content\\\/uploads\\\/2024\\\/10\\\/1280px-Espinosa_de_los_Monteros_Plaza_Sancho_Garcia-1024x762-2.jpg\",\"contentUrl\":\"https:\\\/\\\/www.escapadarural.com\\\/blog\\\/wp-content\\\/uploads\\\/2024\\\/10\\\/1280px-Espinosa_de_los_Monteros_Plaza_Sancho_Garcia-1024x762-2.jpg\",\"width\":1024,\"height\":762,\"caption\":\"Un monumento de piedra con una cara tallada y una inscripci\u00f3n se alza junto a un \u00e1rbol podado en un camino pavimentado. Al fondo, un edificio hist\u00f3rico con balcones y banderas espa\u00f1olas. Cerca hay una calle y m\u00e1s edificios.\"},{\"@type\":\"BreadcrumbList\",\"@id\":\"https:\\\/\\\/www.escapadarural.com\\\/blog\\\/monteros-de-espinosa-primera-guardia-real-espanola\\\/#breadcrumb\",\"itemListElement\":[{\"@type\":\"ListItem\",\"position\":1,\"name\":\"Inicio\",\"item\":\"https:\\\/\\\/www.escapadarural.com\\\/blog\\\/\"},{\"@type\":\"ListItem\",\"position\":2,\"name\":\"Arte y Cultura\",\"item\":\"https:\\\/\\\/www.escapadarural.com\\\/blog\\\/categoria\\\/arte-y-cultura\\\/\"},{\"@type\":\"ListItem\",\"position\":3,\"name\":\"Los Monteros de Espinosa, la guardia real de los reyes de Espa\u00f1a\"}]},{\"@type\":\"WebSite\",\"@id\":\"https:\\\/\\\/www.escapadarural.com\\\/blog\\\/#website\",\"url\":\"https:\\\/\\\/www.escapadarural.com\\\/blog\\\/\",\"name\":\"Blog de viajes | turismo rural, alojamientos e inspiraci\u00f3n\",\"description\":\"Alojamientos rurales e inspiraci\u00f3n para tus escapadas\",\"publisher\":{\"@id\":\"https:\\\/\\\/www.escapadarural.com\\\/blog\\\/#organization\"},\"alternateName\":\"Magazine de viajes de EscapadaRural\",\"potentialAction\":[{\"@type\":\"SearchAction\",\"target\":{\"@type\":\"EntryPoint\",\"urlTemplate\":\"https:\\\/\\\/www.escapadarural.com\\\/blog\\\/?s={search_term_string}\"},\"query-input\":{\"@type\":\"PropertyValueSpecification\",\"valueRequired\":true,\"valueName\":\"search_term_string\"}}],\"inLanguage\":\"es\"},{\"@type\":\"Organization\",\"@id\":\"https:\\\/\\\/www.escapadarural.com\\\/blog\\\/#organization\",\"name\":\"EscapadaRural\",\"url\":\"https:\\\/\\\/www.escapadarural.com\\\/blog\\\/\",\"logo\":{\"@type\":\"ImageObject\",\"inLanguage\":\"es\",\"@id\":\"https:\\\/\\\/www.escapadarural.com\\\/blog\\\/#\\\/schema\\\/logo\\\/image\\\/\",\"url\":\"https:\\\/\\\/www.escapadarural.com\\\/blog\\\/wp-content\\\/uploads\\\/2024\\\/10\\\/cropped-cropped-escapada-rural-icon-mag-3.png\",\"contentUrl\":\"https:\\\/\\\/www.escapadarural.com\\\/blog\\\/wp-content\\\/uploads\\\/2024\\\/10\\\/cropped-cropped-escapada-rural-icon-mag-3.png\",\"width\":512,\"height\":512,\"caption\":\"EscapadaRural\"},\"image\":{\"@id\":\"https:\\\/\\\/www.escapadarural.com\\\/blog\\\/#\\\/schema\\\/logo\\\/image\\\/\"},\"sameAs\":[\"https:\\\/\\\/www.facebook.com\\\/escapadarural\",\"https:\\\/\\\/www.instagram.com\\\/escapadarural\\\/\",\"https:\\\/\\\/www.youtube.com\\\/@escapadaruralcom\"]},{\"@type\":\"Person\",\"@id\":\"https:\\\/\\\/www.escapadarural.com\\\/blog\\\/#\\\/schema\\\/person\\\/4065dfd21d15120c54fb2ac942df5353\",\"name\":\"Manuel Jes\u00fas Prieto\",\"image\":{\"@type\":\"ImageObject\",\"inLanguage\":\"es\",\"@id\":\"https:\\\/\\\/secure.gravatar.com\\\/avatar\\\/37b0a60089415adf7fccf5a36cbba1736d8f005f236f1e2dde1c27f78214b0f9?s=96&d=mm&r=g\",\"url\":\"https:\\\/\\\/secure.gravatar.com\\\/avatar\\\/37b0a60089415adf7fccf5a36cbba1736d8f005f236f1e2dde1c27f78214b0f9?s=96&d=mm&r=g\",\"contentUrl\":\"https:\\\/\\\/secure.gravatar.com\\\/avatar\\\/37b0a60089415adf7fccf5a36cbba1736d8f005f236f1e2dde1c27f78214b0f9?s=96&d=mm&r=g\",\"caption\":\"Manuel Jes\u00fas Prieto\"},\"url\":\"https:\\\/\\\/www.escapadarural.com\\\/blog\\\/autor\\\/manuel\\\/\"}]}<\/script>\n<!-- \/ Yoast SEO plugin. -->","yoast_head_json":{"title":"Los Monteros de Espinosa, la guardia real de los reyes de Espa\u00f1a - EscapadaRural","robots":{"index":"index","follow":"follow","max-snippet":"max-snippet:-1","max-image-preview":"max-image-preview:large","max-video-preview":"max-video-preview:-1"},"canonical":"https:\/\/www.escapadarural.com\/blog\/monteros-de-espinosa-primera-guardia-real-espanola\/","og_locale":"es_ES","og_type":"article","og_title":"Los Monteros de Espinosa, la guardia real de los reyes de Espa\u00f1a - EscapadaRural","og_description":"El nombre de Espinosa de los Monteros, en Burgos, ha saltado m\u00e1s all\u00e1 de sus l\u00edmites y ha estado asociado, durante siglos, a los reyes de Espa\u00f1a. Todo comenz\u00f3 hace m\u00e1s de 1.000 a\u00f1os cuando, seg\u00fan la leyenda, se formaron los Monteros de Espinosa, la primera Guardia Real en territorio espa\u00f1ol.","og_url":"https:\/\/www.escapadarural.com\/blog\/monteros-de-espinosa-primera-guardia-real-espanola\/","og_site_name":"Magazine de viajes de EscapadaRural","article_publisher":"https:\/\/www.facebook.com\/escapadarural","article_published_time":"2022-05-19T07:44:14+00:00","article_modified_time":"2025-08-06T09:23:12+00:00","og_image":[{"width":1024,"height":762,"url":"https:\/\/www.escapadarural.com\/blog\/wp-content\/uploads\/2024\/10\/1280px-Espinosa_de_los_Monteros_Plaza_Sancho_Garcia-1024x762-2.jpg?v=1754472194","type":"image\/jpeg"}],"author":"Manuel Jes\u00fas Prieto","twitter_card":"summary_large_image","twitter_misc":{"Escrito por":"Manuel Jes\u00fas Prieto","Tiempo de lectura":"7 minutos"},"schema":{"@context":"https:\/\/schema.org","@graph":[{"@type":"Article","@id":"https:\/\/www.escapadarural.com\/blog\/monteros-de-espinosa-primera-guardia-real-espanola\/#article","isPartOf":{"@id":"https:\/\/www.escapadarural.com\/blog\/monteros-de-espinosa-primera-guardia-real-espanola\/"},"author":{"name":"Manuel Jes\u00fas Prieto","@id":"https:\/\/www.escapadarural.com\/blog\/#\/schema\/person\/4065dfd21d15120c54fb2ac942df5353"},"headline":"Los Monteros de Espinosa, la guardia real de los reyes de Espa\u00f1a","datePublished":"2022-05-19T07:44:14+00:00","dateModified":"2025-08-06T09:23:12+00:00","mainEntityOfPage":{"@id":"https:\/\/www.escapadarural.com\/blog\/monteros-de-espinosa-primera-guardia-real-espanola\/"},"wordCount":1348,"commentCount":0,"publisher":{"@id":"https:\/\/www.escapadarural.com\/blog\/#organization"},"image":{"@id":"https:\/\/www.escapadarural.com\/blog\/monteros-de-espinosa-primera-guardia-real-espanola\/#primaryimage"},"thumbnailUrl":"https:\/\/www.escapadarural.com\/blog\/wp-content\/uploads\/2024\/10\/1280px-Espinosa_de_los_Monteros_Plaza_Sancho_Garcia-1024x762-2.jpg","keywords":["art\u00edculo","Burgos","Castilla y Le\u00f3n","Espinosa de los Monteros","Historias y Curiosidades","Leyendas","Reyes de Espa\u00f1a"],"articleSection":["Arte y Cultura"],"inLanguage":"es","potentialAction":[{"@type":"CommentAction","name":"Comment","target":["https:\/\/www.escapadarural.com\/blog\/monteros-de-espinosa-primera-guardia-real-espanola\/#respond"]}]},{"@type":"WebPage","@id":"https:\/\/www.escapadarural.com\/blog\/monteros-de-espinosa-primera-guardia-real-espanola\/","url":"https:\/\/www.escapadarural.com\/blog\/monteros-de-espinosa-primera-guardia-real-espanola\/","name":"Los Monteros de Espinosa, la guardia real de los reyes de Espa\u00f1a - EscapadaRural","isPartOf":{"@id":"https:\/\/www.escapadarural.com\/blog\/#website"},"primaryImageOfPage":{"@id":"https:\/\/www.escapadarural.com\/blog\/monteros-de-espinosa-primera-guardia-real-espanola\/#primaryimage"},"image":{"@id":"https:\/\/www.escapadarural.com\/blog\/monteros-de-espinosa-primera-guardia-real-espanola\/#primaryimage"},"thumbnailUrl":"https:\/\/www.escapadarural.com\/blog\/wp-content\/uploads\/2024\/10\/1280px-Espinosa_de_los_Monteros_Plaza_Sancho_Garcia-1024x762-2.jpg","datePublished":"2022-05-19T07:44:14+00:00","dateModified":"2025-08-06T09:23:12+00:00","breadcrumb":{"@id":"https:\/\/www.escapadarural.com\/blog\/monteros-de-espinosa-primera-guardia-real-espanola\/#breadcrumb"},"inLanguage":"es","potentialAction":[{"@type":"ReadAction","target":["https:\/\/www.escapadarural.com\/blog\/monteros-de-espinosa-primera-guardia-real-espanola\/"]}]},{"@type":"ImageObject","inLanguage":"es","@id":"https:\/\/www.escapadarural.com\/blog\/monteros-de-espinosa-primera-guardia-real-espanola\/#primaryimage","url":"https:\/\/www.escapadarural.com\/blog\/wp-content\/uploads\/2024\/10\/1280px-Espinosa_de_los_Monteros_Plaza_Sancho_Garcia-1024x762-2.jpg","contentUrl":"https:\/\/www.escapadarural.com\/blog\/wp-content\/uploads\/2024\/10\/1280px-Espinosa_de_los_Monteros_Plaza_Sancho_Garcia-1024x762-2.jpg","width":1024,"height":762,"caption":"Un monumento de piedra con una cara tallada y una inscripci\u00f3n se alza junto a un \u00e1rbol podado en un camino pavimentado. Al fondo, un edificio hist\u00f3rico con balcones y banderas espa\u00f1olas. Cerca hay una calle y m\u00e1s edificios."},{"@type":"BreadcrumbList","@id":"https:\/\/www.escapadarural.com\/blog\/monteros-de-espinosa-primera-guardia-real-espanola\/#breadcrumb","itemListElement":[{"@type":"ListItem","position":1,"name":"Inicio","item":"https:\/\/www.escapadarural.com\/blog\/"},{"@type":"ListItem","position":2,"name":"Arte y Cultura","item":"https:\/\/www.escapadarural.com\/blog\/categoria\/arte-y-cultura\/"},{"@type":"ListItem","position":3,"name":"Los Monteros de Espinosa, la guardia real de los reyes de Espa\u00f1a"}]},{"@type":"WebSite","@id":"https:\/\/www.escapadarural.com\/blog\/#website","url":"https:\/\/www.escapadarural.com\/blog\/","name":"Blog de viajes | turismo rural, alojamientos e inspiraci\u00f3n","description":"Alojamientos rurales e inspiraci\u00f3n para tus escapadas","publisher":{"@id":"https:\/\/www.escapadarural.com\/blog\/#organization"},"alternateName":"Magazine de viajes de EscapadaRural","potentialAction":[{"@type":"SearchAction","target":{"@type":"EntryPoint","urlTemplate":"https:\/\/www.escapadarural.com\/blog\/?s={search_term_string}"},"query-input":{"@type":"PropertyValueSpecification","valueRequired":true,"valueName":"search_term_string"}}],"inLanguage":"es"},{"@type":"Organization","@id":"https:\/\/www.escapadarural.com\/blog\/#organization","name":"EscapadaRural","url":"https:\/\/www.escapadarural.com\/blog\/","logo":{"@type":"ImageObject","inLanguage":"es","@id":"https:\/\/www.escapadarural.com\/blog\/#\/schema\/logo\/image\/","url":"https:\/\/www.escapadarural.com\/blog\/wp-content\/uploads\/2024\/10\/cropped-cropped-escapada-rural-icon-mag-3.png","contentUrl":"https:\/\/www.escapadarural.com\/blog\/wp-content\/uploads\/2024\/10\/cropped-cropped-escapada-rural-icon-mag-3.png","width":512,"height":512,"caption":"EscapadaRural"},"image":{"@id":"https:\/\/www.escapadarural.com\/blog\/#\/schema\/logo\/image\/"},"sameAs":["https:\/\/www.facebook.com\/escapadarural","https:\/\/www.instagram.com\/escapadarural\/","https:\/\/www.youtube.com\/@escapadaruralcom"]},{"@type":"Person","@id":"https:\/\/www.escapadarural.com\/blog\/#\/schema\/person\/4065dfd21d15120c54fb2ac942df5353","name":"Manuel Jes\u00fas Prieto","image":{"@type":"ImageObject","inLanguage":"es","@id":"https:\/\/secure.gravatar.com\/avatar\/37b0a60089415adf7fccf5a36cbba1736d8f005f236f1e2dde1c27f78214b0f9?s=96&d=mm&r=g","url":"https:\/\/secure.gravatar.com\/avatar\/37b0a60089415adf7fccf5a36cbba1736d8f005f236f1e2dde1c27f78214b0f9?s=96&d=mm&r=g","contentUrl":"https:\/\/secure.gravatar.com\/avatar\/37b0a60089415adf7fccf5a36cbba1736d8f005f236f1e2dde1c27f78214b0f9?s=96&d=mm&r=g","caption":"Manuel Jes\u00fas Prieto"},"url":"https:\/\/www.escapadarural.com\/blog\/autor\/manuel\/"}]}},"_links":{"self":[{"href":"https:\/\/www.escapadarural.com\/blog\/wp-json\/wp\/v2\/posts\/51435","targetHints":{"allow":["GET"]}}],"collection":[{"href":"https:\/\/www.escapadarural.com\/blog\/wp-json\/wp\/v2\/posts"}],"about":[{"href":"https:\/\/www.escapadarural.com\/blog\/wp-json\/wp\/v2\/types\/post"}],"author":[{"embeddable":true,"href":"https:\/\/www.escapadarural.com\/blog\/wp-json\/wp\/v2\/users\/149"}],"replies":[{"embeddable":true,"href":"https:\/\/www.escapadarural.com\/blog\/wp-json\/wp\/v2\/comments?post=51435"}],"version-history":[{"count":0,"href":"https:\/\/www.escapadarural.com\/blog\/wp-json\/wp\/v2\/posts\/51435\/revisions"}],"wp:featuredmedia":[{"embeddable":true,"href":"https:\/\/www.escapadarural.com\/blog\/wp-json\/wp\/v2\/media\/101054"}],"wp:attachment":[{"href":"https:\/\/www.escapadarural.com\/blog\/wp-json\/wp\/v2\/media?parent=51435"}],"wp:term":[{"taxonomy":"category","embeddable":true,"href":"https:\/\/www.escapadarural.com\/blog\/wp-json\/wp\/v2\/categories?post=51435"},{"taxonomy":"post_tag","embeddable":true,"href":"https:\/\/www.escapadarural.com\/blog\/wp-json\/wp\/v2\/tags?post=51435"}],"curies":[{"name":"wp","href":"https:\/\/api.w.org\/{rel}","templated":true}]}}