{"id":51593,"date":"2022-05-25T08:12:32","date_gmt":"2022-05-25T07:12:32","guid":{"rendered":"https:\/\/www.escapadarural.com\/blog\/?p=51593"},"modified":"2025-08-06T11:10:34","modified_gmt":"2025-08-06T09:10:34","slug":"dia-mundial-medio-ambiente-recogida-de-residuos-its-logic","status":"publish","type":"post","link":"https:\/\/www.escapadarural.com\/blog\/dia-mundial-medio-ambiente-recogida-de-residuos-its-logic\/","title":{"rendered":"D\u00eda Mundial del Medio Ambiente: recogida de residuos it&#8217;s logic x EscapadaRural"},"content":{"rendered":"\n<figure class=\"wp-block-image size-large\"><a href=\"https:\/\/www.escapadarural.com\/blog\/wp-content\/uploads\/pexels-thirdman-7656998-scaled.jpg\"><img decoding=\"async\" src=\"https:\/\/www.escapadarural.com\/blog\/wp-content\/uploads\/pexels-thirdman-7656998-1024x683.jpg\" alt=\"D\u00eda Mundial del Medio Ambiente\" class=\"wp-image-51594\"\/><\/a><figcaption class=\"wp-element-caption\">Por: Thirdman<\/figcaption><\/figure>\n\n\n\n<p>En junio celebramos el <strong>D\u00eda Mundial del Medio Ambiente<\/strong>, declarado por las Naciones Unidas en 1974. Este a\u00f1o, la fecha tiene como lema \u201cUna sola Tierra\u201d, poniendo en evidencia la urgencia de un cambio de acciones para cuidar el planeta.<\/p>\n\n\n\n<p>De los bosques al campo, de las ciudades al mar, \u00bfqu\u00e9 podemos hacer para ayudar en la preservaci\u00f3n del medio ambiente? Palabras como <strong>reciclaje<\/strong> o <strong>reducci\u00f3n del uso de pl\u00e1stico<\/strong> se escuchan cada vez que se habla acerca de esta tem\u00e1tica. Peque\u00f1as acciones como ahorrar agua, separar la basura o usar la bicicleta para trayectos cortos hacen la diferencia.<\/p>\n\n\n\n<p>Desde EscapadaRural tambi\u00e9n queremos aportar nuestro grano de arena en pautas tan importantes como esta. Por esto, unimos esfuerzos con <strong>it\u2019s logic<\/strong> y celebramos el D\u00eda Mundial del Medio Ambiente recogiendo residuos en el campo. \u00bfTe sumas?<\/p>\n\n\n\n<h2 class=\"wp-block-heading\" id=\"\u00bfte-sumas-a-la-acci\u00f3n-ap\u00fantate-aqu\u00ed\"><strong>\u00bfTe sumas a la acci\u00f3n?<\/strong> Ap\u00fantate aqu\u00ed<\/h2>\n\n\n\n<figure class=\"wp-block-image size-large\"><a href=\"https:\/\/www.escapadarural.com\/blog\/wp-content\/uploads\/pexels-thirdman-7656990-scaled.jpg\"><img decoding=\"async\" src=\"https:\/\/www.escapadarural.com\/blog\/wp-content\/uploads\/pexels-thirdman-7656990-1024x683.jpg\" alt=\"D\u00eda Mundial del Medio Ambiente\" class=\"wp-image-51600\"\/><\/a><figcaption class=\"wp-element-caption\">Por: Thirdman<\/figcaption><\/figure>\n\n\n\n<p><strong>EscapadaRural<\/strong> nos unimos al movimiento <strong>Act Now de it&#8217;s logic <\/strong>y te invitamos a participar en la recogida de residuos que tendr\u00e1 lugar el pr\u00f3ximo 5 de junio en Madrid. Para la recogida es imprescindible que cada persona lleve guantes estilo jardinero si se dispone de ellos, gorra\/sombrero, botella de agua y muchas ganas. El punto de encuentro ser\u00e1 a las 10h en la calle Picos de Europa, en Boadilla del Monte (28660 &#8211; Madrid).<\/p>\n\n\n\n<p>El aforo es limitado, por lo que pedimos que cada participante confirme su asistencia en el siguiente formulario.<\/p>\n\n\n<div data-tf-widget=\"yY1MJuu7\" data-tf-iframe-props=\"title=Recodiga de residuos en Madrid\" data-tf-medium=\"snippet\" style=\"width:100%;height:400px;\"><\/div>\n<p><script src=\"\/\/embed.typeform.com\/next\/embed.js\"><\/script><\/p>\n\n\n\n<h2 class=\"wp-block-heading\" id=\"it\u2019s-logic-y-el-compromiso-con-el-medio-ambiente\"><strong>it\u2019s logic y el compromiso con el medio ambiente<\/strong><\/h2>\n\n\n\n<figure class=\"wp-block-image size-large\"><a href=\"https:\/\/www.escapadarural.com\/blog\/wp-content\/uploads\/IMG_5819-scaled.jpg\"><img decoding=\"async\" src=\"https:\/\/www.escapadarural.com\/blog\/wp-content\/uploads\/IMG_5819-1024x683.jpg\" alt=\"Mochila it's logic. D\u00eda Mundial del Medio Ambiente\" class=\"wp-image-51595\"\/><\/a><figcaption class=\"wp-element-caption\">Por: it&#8217;s logic<\/figcaption><\/figure>\n\n\n\n<p>it\u2019s logic es una empresa con origen en <a href=\"https:\/\/www.escapadarural.com\/casas-rurales\/madrid\" target=\"_blank\" aria-label=\"Madrid (opens in a new tab)\" rel=\"noreferrer noopener\" class=\"rank-math-link\">Madrid<\/a> que tiene como objetivo principal ofrecer a todos los miembros de la comunidad soluciones de dise\u00f1o para que puedan ser m\u00e1s sostenibles en su d\u00eda a d\u00eda. Raz\u00f3n por la cual su producto principal es una botella reutilizable de agua, con la gran peculiaridad de que es plana.<\/p>\n\n\n\n<p>Tras este exitoso primer lanzamiento y otros que han venido despu\u00e9s, el \u00faltimo producto en incorporarse en su cat\u00e1logo ha sido una mochila fabricada en <strong>rPET<\/strong> (polietileno tereftalato -pl\u00e1stico reciclado-). La mochila cuenta con diferentes compartimentos para que se pueda utilizar seg\u00fan la actividad del d\u00eda a d\u00eda.<\/p>\n\n\n\n<p>Enfocada en su compromiso con la sostenibilidad, la empresa empez\u00f3 a organizar acciones medioambientales. Se trata de invitar a la comunidad para realizar una recogida de residuos en bosques, playas, o cualquier zona de campo donde se necesite. Esta nueva l\u00ednea de acci\u00f3n pas\u00f3 a denominarse <strong>Act Now<\/strong>, y ahora, tras m\u00e1s de 40 encuentros y toneladas de basura recogida, Act Now ha pasado a ser una parte esencial de la marca it\u2019s logic.<\/p>\n\n\n\n<p>Todos los residuos recogidos son llevados al final de la actividad por un cami\u00f3n al punto limpio donde son procesados. Lamentablemente no toda la basura que se recoge en estas acciones pueden ser recicladas, incluidos los pl\u00e1sticos, ya que a partir de cierta degradaci\u00f3n son imposibles de tratar, pero claramente mejor mantener la basura fuera del campo que en \u00e9l.<\/p>\n","protected":false},"excerpt":{"rendered":"<p>EscapadaRural nos unimos al movimiento Act Now de it&#8217;s logic y te invitamos a participar en la recogida de residuos que tendr\u00e1 lugar el pr\u00f3ximo 5 de junio en Madrid.<\/p>\n","protected":false},"author":85,"featured_media":100968,"comment_status":"open","ping_status":"open","sticky":false,"template":"","format":"standard","meta":{"_acf_changed":false,"om_disable_all_campaigns":false,"footnotes":""},"categories":[390],"tags":[388,4055,2632,3704,4056],"class_list":["post-51593","post","type-post","status-publish","format-standard","has-post-thumbnail","hentry","category-noticias","tag-escapadarural","tag-its-logic","tag-medio-ambiente","tag-reciclaje","tag-recogida-de-residuos"],"acf":[],"featured_image_src":"https:\/\/www.escapadarural.com\/blog\/wp-content\/uploads\/2024\/10\/pexels-thirdman-7656998-1024x683-3.jpg","author_info":{"display_name":"Redacci\u00f3n ER","author_link":"https:\/\/www.escapadarural.com\/blog\/autor\/admin\/"},"yoast_head":"<!-- This site is optimized with the Yoast SEO plugin v27.5 - https:\/\/yoast.com\/product\/yoast-seo-wordpress\/ -->\n<title>D\u00eda Mundial del Medio Ambiente: recogida de residuos it&#039;s logic x EscapadaRural - EscapadaRural<\/title>\n<meta name=\"robots\" content=\"index, follow, max-snippet:-1, max-image-preview:large, max-video-preview:-1\" \/>\n<link rel=\"canonical\" href=\"https:\/\/www.escapadarural.com\/blog\/dia-mundial-medio-ambiente-recogida-de-residuos-its-logic\/\" \/>\n<meta property=\"og:locale\" content=\"es_ES\" \/>\n<meta property=\"og:type\" content=\"article\" \/>\n<meta property=\"og:title\" content=\"D\u00eda Mundial del Medio Ambiente: recogida de residuos it&#039;s logic x EscapadaRural - EscapadaRural\" \/>\n<meta property=\"og:description\" content=\"EscapadaRural nos unimos al movimiento Act Now de it&#039;s logic y te invitamos a participar en la recogida de residuos que tendr\u00e1 lugar el pr\u00f3ximo 5 de junio en Madrid.\" \/>\n<meta property=\"og:url\" content=\"https:\/\/www.escapadarural.com\/blog\/dia-mundial-medio-ambiente-recogida-de-residuos-its-logic\/\" \/>\n<meta property=\"og:site_name\" content=\"Magazine de viajes de EscapadaRural\" \/>\n<meta property=\"article:publisher\" content=\"https:\/\/www.facebook.com\/escapadarural\" \/>\n<meta property=\"article:published_time\" content=\"2022-05-25T07:12:32+00:00\" \/>\n<meta property=\"article:modified_time\" content=\"2025-08-06T09:10:34+00:00\" \/>\n<meta property=\"og:image\" content=\"https:\/\/www.escapadarural.com\/blog\/wp-content\/uploads\/2024\/10\/pexels-thirdman-7656998-1024x683-3.jpg?v=1754471435\" \/>\n\t<meta property=\"og:image:width\" content=\"1024\" \/>\n\t<meta property=\"og:image:height\" content=\"683\" \/>\n\t<meta property=\"og:image:type\" content=\"image\/jpeg\" \/>\n<meta name=\"author\" content=\"Redacci\u00f3n ER\" \/>\n<meta name=\"twitter:card\" content=\"summary_large_image\" \/>\n<meta name=\"twitter:label1\" content=\"Escrito por\" \/>\n\t<meta name=\"twitter:data1\" content=\"Redacci\u00f3n ER\" \/>\n\t<meta name=\"twitter:label2\" content=\"Tiempo de lectura\" \/>\n\t<meta name=\"twitter:data2\" content=\"3 minutos\" \/>\n<script type=\"application\/ld+json\" class=\"yoast-schema-graph\">{\"@context\":\"https:\\\/\\\/schema.org\",\"@graph\":[{\"@type\":\"Article\",\"@id\":\"https:\\\/\\\/www.escapadarural.com\\\/blog\\\/dia-mundial-medio-ambiente-recogida-de-residuos-its-logic\\\/#article\",\"isPartOf\":{\"@id\":\"https:\\\/\\\/www.escapadarural.com\\\/blog\\\/dia-mundial-medio-ambiente-recogida-de-residuos-its-logic\\\/\"},\"author\":{\"name\":\"Redacci\u00f3n ER\",\"@id\":\"https:\\\/\\\/www.escapadarural.com\\\/blog\\\/#\\\/schema\\\/person\\\/bd5b0d7ad308a0bf4efed73e8308b4fa\"},\"headline\":\"D\u00eda Mundial del Medio Ambiente: recogida de residuos it&#8217;s logic x EscapadaRural\",\"datePublished\":\"2022-05-25T07:12:32+00:00\",\"dateModified\":\"2025-08-06T09:10:34+00:00\",\"mainEntityOfPage\":{\"@id\":\"https:\\\/\\\/www.escapadarural.com\\\/blog\\\/dia-mundial-medio-ambiente-recogida-de-residuos-its-logic\\\/\"},\"wordCount\":537,\"commentCount\":0,\"publisher\":{\"@id\":\"https:\\\/\\\/www.escapadarural.com\\\/blog\\\/#organization\"},\"image\":{\"@id\":\"https:\\\/\\\/www.escapadarural.com\\\/blog\\\/dia-mundial-medio-ambiente-recogida-de-residuos-its-logic\\\/#primaryimage\"},\"thumbnailUrl\":\"https:\\\/\\\/www.escapadarural.com\\\/blog\\\/wp-content\\\/uploads\\\/2024\\\/10\\\/pexels-thirdman-7656998-1024x683-3.jpg\",\"keywords\":[\"escapadarural\",\"It&#039;s Logic\",\"Medio Ambiente\",\"reciclaje\",\"Recogida de residuos\"],\"articleSection\":[\"Noticias\"],\"inLanguage\":\"es\",\"potentialAction\":[{\"@type\":\"CommentAction\",\"name\":\"Comment\",\"target\":[\"https:\\\/\\\/www.escapadarural.com\\\/blog\\\/dia-mundial-medio-ambiente-recogida-de-residuos-its-logic\\\/#respond\"]}]},{\"@type\":\"WebPage\",\"@id\":\"https:\\\/\\\/www.escapadarural.com\\\/blog\\\/dia-mundial-medio-ambiente-recogida-de-residuos-its-logic\\\/\",\"url\":\"https:\\\/\\\/www.escapadarural.com\\\/blog\\\/dia-mundial-medio-ambiente-recogida-de-residuos-its-logic\\\/\",\"name\":\"D\u00eda Mundial del Medio Ambiente: recogida de residuos it's logic x EscapadaRural - EscapadaRural\",\"isPartOf\":{\"@id\":\"https:\\\/\\\/www.escapadarural.com\\\/blog\\\/#website\"},\"primaryImageOfPage\":{\"@id\":\"https:\\\/\\\/www.escapadarural.com\\\/blog\\\/dia-mundial-medio-ambiente-recogida-de-residuos-its-logic\\\/#primaryimage\"},\"image\":{\"@id\":\"https:\\\/\\\/www.escapadarural.com\\\/blog\\\/dia-mundial-medio-ambiente-recogida-de-residuos-its-logic\\\/#primaryimage\"},\"thumbnailUrl\":\"https:\\\/\\\/www.escapadarural.com\\\/blog\\\/wp-content\\\/uploads\\\/2024\\\/10\\\/pexels-thirdman-7656998-1024x683-3.jpg\",\"datePublished\":\"2022-05-25T07:12:32+00:00\",\"dateModified\":\"2025-08-06T09:10:34+00:00\",\"breadcrumb\":{\"@id\":\"https:\\\/\\\/www.escapadarural.com\\\/blog\\\/dia-mundial-medio-ambiente-recogida-de-residuos-its-logic\\\/#breadcrumb\"},\"inLanguage\":\"es\",\"potentialAction\":[{\"@type\":\"ReadAction\",\"target\":[\"https:\\\/\\\/www.escapadarural.com\\\/blog\\\/dia-mundial-medio-ambiente-recogida-de-residuos-its-logic\\\/\"]}]},{\"@type\":\"ImageObject\",\"inLanguage\":\"es\",\"@id\":\"https:\\\/\\\/www.escapadarural.com\\\/blog\\\/dia-mundial-medio-ambiente-recogida-de-residuos-its-logic\\\/#primaryimage\",\"url\":\"https:\\\/\\\/www.escapadarural.com\\\/blog\\\/wp-content\\\/uploads\\\/2024\\\/10\\\/pexels-thirdman-7656998-1024x683-3.jpg\",\"contentUrl\":\"https:\\\/\\\/www.escapadarural.com\\\/blog\\\/wp-content\\\/uploads\\\/2024\\\/10\\\/pexels-thirdman-7656998-1024x683-3.jpg\",\"width\":1024,\"height\":683,\"caption\":\"Una persona con guantes y botas lleva una gran bolsa de basura blanca por un campo cubierto de hierba al atardecer, lo que sugiere la participaci\u00f3n en una limpieza o en una iniciativa medioambiental.\"},{\"@type\":\"BreadcrumbList\",\"@id\":\"https:\\\/\\\/www.escapadarural.com\\\/blog\\\/dia-mundial-medio-ambiente-recogida-de-residuos-its-logic\\\/#breadcrumb\",\"itemListElement\":[{\"@type\":\"ListItem\",\"position\":1,\"name\":\"Inicio\",\"item\":\"https:\\\/\\\/www.escapadarural.com\\\/blog\\\/\"},{\"@type\":\"ListItem\",\"position\":2,\"name\":\"Noticias\",\"item\":\"https:\\\/\\\/www.escapadarural.com\\\/blog\\\/categoria\\\/noticias\\\/\"},{\"@type\":\"ListItem\",\"position\":3,\"name\":\"D\u00eda Mundial del Medio Ambiente: recogida de residuos it&#8217;s logic x EscapadaRural\"}]},{\"@type\":\"WebSite\",\"@id\":\"https:\\\/\\\/www.escapadarural.com\\\/blog\\\/#website\",\"url\":\"https:\\\/\\\/www.escapadarural.com\\\/blog\\\/\",\"name\":\"Blog de viajes | turismo rural, alojamientos e inspiraci\u00f3n\",\"description\":\"Alojamientos rurales e inspiraci\u00f3n para tus escapadas\",\"publisher\":{\"@id\":\"https:\\\/\\\/www.escapadarural.com\\\/blog\\\/#organization\"},\"alternateName\":\"Magazine de viajes de EscapadaRural\",\"potentialAction\":[{\"@type\":\"SearchAction\",\"target\":{\"@type\":\"EntryPoint\",\"urlTemplate\":\"https:\\\/\\\/www.escapadarural.com\\\/blog\\\/?s={search_term_string}\"},\"query-input\":{\"@type\":\"PropertyValueSpecification\",\"valueRequired\":true,\"valueName\":\"search_term_string\"}}],\"inLanguage\":\"es\"},{\"@type\":\"Organization\",\"@id\":\"https:\\\/\\\/www.escapadarural.com\\\/blog\\\/#organization\",\"name\":\"EscapadaRural\",\"url\":\"https:\\\/\\\/www.escapadarural.com\\\/blog\\\/\",\"logo\":{\"@type\":\"ImageObject\",\"inLanguage\":\"es\",\"@id\":\"https:\\\/\\\/www.escapadarural.com\\\/blog\\\/#\\\/schema\\\/logo\\\/image\\\/\",\"url\":\"https:\\\/\\\/www.escapadarural.com\\\/blog\\\/wp-content\\\/uploads\\\/2024\\\/10\\\/cropped-cropped-escapada-rural-icon-mag-3.png\",\"contentUrl\":\"https:\\\/\\\/www.escapadarural.com\\\/blog\\\/wp-content\\\/uploads\\\/2024\\\/10\\\/cropped-cropped-escapada-rural-icon-mag-3.png\",\"width\":512,\"height\":512,\"caption\":\"EscapadaRural\"},\"image\":{\"@id\":\"https:\\\/\\\/www.escapadarural.com\\\/blog\\\/#\\\/schema\\\/logo\\\/image\\\/\"},\"sameAs\":[\"https:\\\/\\\/www.facebook.com\\\/escapadarural\",\"https:\\\/\\\/www.instagram.com\\\/escapadarural\\\/\",\"https:\\\/\\\/www.youtube.com\\\/@escapadaruralcom\"]},{\"@type\":\"Person\",\"@id\":\"https:\\\/\\\/www.escapadarural.com\\\/blog\\\/#\\\/schema\\\/person\\\/bd5b0d7ad308a0bf4efed73e8308b4fa\",\"name\":\"Redacci\u00f3n ER\",\"image\":{\"@type\":\"ImageObject\",\"inLanguage\":\"es\",\"@id\":\"https:\\\/\\\/www.escapadarural.com\\\/blog\\\/wp-content\\\/uploads\\\/2024\\\/10\\\/cropped-cropped-escapada-rural-icon-mag-3-96x96.png\",\"url\":\"https:\\\/\\\/www.escapadarural.com\\\/blog\\\/wp-content\\\/uploads\\\/2024\\\/10\\\/cropped-cropped-escapada-rural-icon-mag-3-96x96.png\",\"contentUrl\":\"https:\\\/\\\/www.escapadarural.com\\\/blog\\\/wp-content\\\/uploads\\\/2024\\\/10\\\/cropped-cropped-escapada-rural-icon-mag-3-96x96.png\",\"caption\":\"Redacci\u00f3n ER\"},\"description\":\"Nos encanta inspirar a viajeros y ayudar a los propietarios con nuestros contenidos\",\"url\":\"https:\\\/\\\/www.escapadarural.com\\\/blog\\\/autor\\\/admin\\\/\"}]}<\/script>\n<!-- \/ Yoast SEO plugin. -->","yoast_head_json":{"title":"D\u00eda Mundial del Medio Ambiente: recogida de residuos it's logic x EscapadaRural - EscapadaRural","robots":{"index":"index","follow":"follow","max-snippet":"max-snippet:-1","max-image-preview":"max-image-preview:large","max-video-preview":"max-video-preview:-1"},"canonical":"https:\/\/www.escapadarural.com\/blog\/dia-mundial-medio-ambiente-recogida-de-residuos-its-logic\/","og_locale":"es_ES","og_type":"article","og_title":"D\u00eda Mundial del Medio Ambiente: recogida de residuos it's logic x EscapadaRural - EscapadaRural","og_description":"EscapadaRural nos unimos al movimiento Act Now de it's logic y te invitamos a participar en la recogida de residuos que tendr\u00e1 lugar el pr\u00f3ximo 5 de junio en Madrid.","og_url":"https:\/\/www.escapadarural.com\/blog\/dia-mundial-medio-ambiente-recogida-de-residuos-its-logic\/","og_site_name":"Magazine de viajes de EscapadaRural","article_publisher":"https:\/\/www.facebook.com\/escapadarural","article_published_time":"2022-05-25T07:12:32+00:00","article_modified_time":"2025-08-06T09:10:34+00:00","og_image":[{"width":1024,"height":683,"url":"https:\/\/www.escapadarural.com\/blog\/wp-content\/uploads\/2024\/10\/pexels-thirdman-7656998-1024x683-3.jpg?v=1754471435","type":"image\/jpeg"}],"author":"Redacci\u00f3n ER","twitter_card":"summary_large_image","twitter_misc":{"Escrito por":"Redacci\u00f3n ER","Tiempo de lectura":"3 minutos"},"schema":{"@context":"https:\/\/schema.org","@graph":[{"@type":"Article","@id":"https:\/\/www.escapadarural.com\/blog\/dia-mundial-medio-ambiente-recogida-de-residuos-its-logic\/#article","isPartOf":{"@id":"https:\/\/www.escapadarural.com\/blog\/dia-mundial-medio-ambiente-recogida-de-residuos-its-logic\/"},"author":{"name":"Redacci\u00f3n ER","@id":"https:\/\/www.escapadarural.com\/blog\/#\/schema\/person\/bd5b0d7ad308a0bf4efed73e8308b4fa"},"headline":"D\u00eda Mundial del Medio Ambiente: recogida de residuos it&#8217;s logic x EscapadaRural","datePublished":"2022-05-25T07:12:32+00:00","dateModified":"2025-08-06T09:10:34+00:00","mainEntityOfPage":{"@id":"https:\/\/www.escapadarural.com\/blog\/dia-mundial-medio-ambiente-recogida-de-residuos-its-logic\/"},"wordCount":537,"commentCount":0,"publisher":{"@id":"https:\/\/www.escapadarural.com\/blog\/#organization"},"image":{"@id":"https:\/\/www.escapadarural.com\/blog\/dia-mundial-medio-ambiente-recogida-de-residuos-its-logic\/#primaryimage"},"thumbnailUrl":"https:\/\/www.escapadarural.com\/blog\/wp-content\/uploads\/2024\/10\/pexels-thirdman-7656998-1024x683-3.jpg","keywords":["escapadarural","It&#039;s Logic","Medio Ambiente","reciclaje","Recogida de residuos"],"articleSection":["Noticias"],"inLanguage":"es","potentialAction":[{"@type":"CommentAction","name":"Comment","target":["https:\/\/www.escapadarural.com\/blog\/dia-mundial-medio-ambiente-recogida-de-residuos-its-logic\/#respond"]}]},{"@type":"WebPage","@id":"https:\/\/www.escapadarural.com\/blog\/dia-mundial-medio-ambiente-recogida-de-residuos-its-logic\/","url":"https:\/\/www.escapadarural.com\/blog\/dia-mundial-medio-ambiente-recogida-de-residuos-its-logic\/","name":"D\u00eda Mundial del Medio Ambiente: recogida de residuos it's logic x EscapadaRural - EscapadaRural","isPartOf":{"@id":"https:\/\/www.escapadarural.com\/blog\/#website"},"primaryImageOfPage":{"@id":"https:\/\/www.escapadarural.com\/blog\/dia-mundial-medio-ambiente-recogida-de-residuos-its-logic\/#primaryimage"},"image":{"@id":"https:\/\/www.escapadarural.com\/blog\/dia-mundial-medio-ambiente-recogida-de-residuos-its-logic\/#primaryimage"},"thumbnailUrl":"https:\/\/www.escapadarural.com\/blog\/wp-content\/uploads\/2024\/10\/pexels-thirdman-7656998-1024x683-3.jpg","datePublished":"2022-05-25T07:12:32+00:00","dateModified":"2025-08-06T09:10:34+00:00","breadcrumb":{"@id":"https:\/\/www.escapadarural.com\/blog\/dia-mundial-medio-ambiente-recogida-de-residuos-its-logic\/#breadcrumb"},"inLanguage":"es","potentialAction":[{"@type":"ReadAction","target":["https:\/\/www.escapadarural.com\/blog\/dia-mundial-medio-ambiente-recogida-de-residuos-its-logic\/"]}]},{"@type":"ImageObject","inLanguage":"es","@id":"https:\/\/www.escapadarural.com\/blog\/dia-mundial-medio-ambiente-recogida-de-residuos-its-logic\/#primaryimage","url":"https:\/\/www.escapadarural.com\/blog\/wp-content\/uploads\/2024\/10\/pexels-thirdman-7656998-1024x683-3.jpg","contentUrl":"https:\/\/www.escapadarural.com\/blog\/wp-content\/uploads\/2024\/10\/pexels-thirdman-7656998-1024x683-3.jpg","width":1024,"height":683,"caption":"Una persona con guantes y botas lleva una gran bolsa de basura blanca por un campo cubierto de hierba al atardecer, lo que sugiere la participaci\u00f3n en una limpieza o en una iniciativa medioambiental."},{"@type":"BreadcrumbList","@id":"https:\/\/www.escapadarural.com\/blog\/dia-mundial-medio-ambiente-recogida-de-residuos-its-logic\/#breadcrumb","itemListElement":[{"@type":"ListItem","position":1,"name":"Inicio","item":"https:\/\/www.escapadarural.com\/blog\/"},{"@type":"ListItem","position":2,"name":"Noticias","item":"https:\/\/www.escapadarural.com\/blog\/categoria\/noticias\/"},{"@type":"ListItem","position":3,"name":"D\u00eda Mundial del Medio Ambiente: recogida de residuos it&#8217;s logic x EscapadaRural"}]},{"@type":"WebSite","@id":"https:\/\/www.escapadarural.com\/blog\/#website","url":"https:\/\/www.escapadarural.com\/blog\/","name":"Blog de viajes | turismo rural, alojamientos e inspiraci\u00f3n","description":"Alojamientos rurales e inspiraci\u00f3n para tus escapadas","publisher":{"@id":"https:\/\/www.escapadarural.com\/blog\/#organization"},"alternateName":"Magazine de viajes de EscapadaRural","potentialAction":[{"@type":"SearchAction","target":{"@type":"EntryPoint","urlTemplate":"https:\/\/www.escapadarural.com\/blog\/?s={search_term_string}"},"query-input":{"@type":"PropertyValueSpecification","valueRequired":true,"valueName":"search_term_string"}}],"inLanguage":"es"},{"@type":"Organization","@id":"https:\/\/www.escapadarural.com\/blog\/#organization","name":"EscapadaRural","url":"https:\/\/www.escapadarural.com\/blog\/","logo":{"@type":"ImageObject","inLanguage":"es","@id":"https:\/\/www.escapadarural.com\/blog\/#\/schema\/logo\/image\/","url":"https:\/\/www.escapadarural.com\/blog\/wp-content\/uploads\/2024\/10\/cropped-cropped-escapada-rural-icon-mag-3.png","contentUrl":"https:\/\/www.escapadarural.com\/blog\/wp-content\/uploads\/2024\/10\/cropped-cropped-escapada-rural-icon-mag-3.png","width":512,"height":512,"caption":"EscapadaRural"},"image":{"@id":"https:\/\/www.escapadarural.com\/blog\/#\/schema\/logo\/image\/"},"sameAs":["https:\/\/www.facebook.com\/escapadarural","https:\/\/www.instagram.com\/escapadarural\/","https:\/\/www.youtube.com\/@escapadaruralcom"]},{"@type":"Person","@id":"https:\/\/www.escapadarural.com\/blog\/#\/schema\/person\/bd5b0d7ad308a0bf4efed73e8308b4fa","name":"Redacci\u00f3n ER","image":{"@type":"ImageObject","inLanguage":"es","@id":"https:\/\/www.escapadarural.com\/blog\/wp-content\/uploads\/2024\/10\/cropped-cropped-escapada-rural-icon-mag-3-96x96.png","url":"https:\/\/www.escapadarural.com\/blog\/wp-content\/uploads\/2024\/10\/cropped-cropped-escapada-rural-icon-mag-3-96x96.png","contentUrl":"https:\/\/www.escapadarural.com\/blog\/wp-content\/uploads\/2024\/10\/cropped-cropped-escapada-rural-icon-mag-3-96x96.png","caption":"Redacci\u00f3n ER"},"description":"Nos encanta inspirar a viajeros y ayudar a los propietarios con nuestros contenidos","url":"https:\/\/www.escapadarural.com\/blog\/autor\/admin\/"}]}},"_links":{"self":[{"href":"https:\/\/www.escapadarural.com\/blog\/wp-json\/wp\/v2\/posts\/51593","targetHints":{"allow":["GET"]}}],"collection":[{"href":"https:\/\/www.escapadarural.com\/blog\/wp-json\/wp\/v2\/posts"}],"about":[{"href":"https:\/\/www.escapadarural.com\/blog\/wp-json\/wp\/v2\/types\/post"}],"author":[{"embeddable":true,"href":"https:\/\/www.escapadarural.com\/blog\/wp-json\/wp\/v2\/users\/85"}],"replies":[{"embeddable":true,"href":"https:\/\/www.escapadarural.com\/blog\/wp-json\/wp\/v2\/comments?post=51593"}],"version-history":[{"count":0,"href":"https:\/\/www.escapadarural.com\/blog\/wp-json\/wp\/v2\/posts\/51593\/revisions"}],"wp:featuredmedia":[{"embeddable":true,"href":"https:\/\/www.escapadarural.com\/blog\/wp-json\/wp\/v2\/media\/100968"}],"wp:attachment":[{"href":"https:\/\/www.escapadarural.com\/blog\/wp-json\/wp\/v2\/media?parent=51593"}],"wp:term":[{"taxonomy":"category","embeddable":true,"href":"https:\/\/www.escapadarural.com\/blog\/wp-json\/wp\/v2\/categories?post=51593"},{"taxonomy":"post_tag","embeddable":true,"href":"https:\/\/www.escapadarural.com\/blog\/wp-json\/wp\/v2\/tags?post=51593"}],"curies":[{"name":"wp","href":"https:\/\/api.w.org\/{rel}","templated":true}]}}