{"id":51843,"date":"2022-06-03T08:24:04","date_gmt":"2022-06-03T07:24:04","guid":{"rendered":"https:\/\/www.escapadarural.com\/blog\/?p=51843"},"modified":"2024-12-23T19:04:48","modified_gmt":"2024-12-23T17:04:48","slug":"pueblos-mas-frios-de-espana-en-verano","status":"publish","type":"post","link":"https:\/\/www.escapadarural.com\/blog\/pueblos-mas-frios-de-espana-en-verano\/","title":{"rendered":"6 pueblos para huir del calor este verano"},"content":{"rendered":"\n<figure class=\"wp-block-image size-large\"><a href=\"https:\/\/www.escapadarural.com\/blog\/wp-content\/uploads\/1440px-Bellver_de_Cerdana_Lerida_1_16.jpg\"><img decoding=\"async\" src=\"https:\/\/www.escapadarural.com\/blog\/wp-content\/uploads\/1440px-Bellver_de_Cerdana_Lerida_1_16-1024x768.jpg\" alt=\"Pueblos m\u00e1s fr\u00edos de Esapa\u00f1a en verano: Bellver de la Cardanya\" class=\"wp-image-51956\"\/><\/a><figcaption class=\"wp-element-caption\">Bellver de la Cerdanya es uno de los pueblos m\u00e1s fr\u00edos de Espa\u00f1a en verano. Por Mar\u00eda Sacrist\u00e1n<\/figcaption><\/figure>\n\n\n\n<p>El buen tiempo trae m\u00faltiples posibilidades para pasar unos d\u00edas al aire libre: playas, los paseos mar\u00edtimos de la costa, escalar monta\u00f1as&#8230; Adem\u00e1s, la subida de las temperaturas marca el inicio de la \u00e9poca estival en Espa\u00f1a que es esperada no solo por los espa\u00f1oles, sino tambi\u00e9n por una gran parte de los turistas que vienen a visitarnos. El pa\u00eds se ha convertido en todo un referente tur\u00edstico mundial gracias a sus atractivos que consiguen, en ocasiones, que algunos europeos decidan pasar \u00e9pocas en el pa\u00eds.&nbsp;<\/p>\n\n\n\n<p>Pero el calor abrasante que gran parte del pa\u00eds registra, sin embargo, no siempre es bien recibido por todos. Por este motivo, tambi\u00e9n existe un tipo de turismo que busca escapar del calor a otros puntos de Espa\u00f1a m\u00e1s fresquitos. Esta es una <a href=\"https:\/\/www.escapadarural.com\/blog\/encantadores-pueblos-de-montana\/\" title=\"5 encantadores pueblos de monta\u00f1a\"  data-wpil-monitor-id=\"1304\">lista de los pueblos<\/a> m\u00e1s fr\u00edos de Espa\u00f1a en verano para que, los que odian el calor, pueden huir de \u00e9l. <\/p>\n\n\n\n<h2 class=\"wp-block-heading\" id=\"h-1-griegos\">1. Griegos<\/h2>\n\n\n\n<figure class=\"wp-block-image size-large\"><a href=\"https:\/\/www.escapadarural.com\/blog\/wp-content\/uploads\/Griegos_Teruel.jpg\"><img decoding=\"async\" src=\"https:\/\/www.escapadarural.com\/blog\/wp-content\/uploads\/Griegos_Teruel.jpg\" alt=\"Griegos, Teruel. pueblos m\u00e1s fr\u00edos de Espa\u00f1a\" class=\"wp-image-51954\"\/><\/a><figcaption class=\"wp-element-caption\">Pueblos m\u00e1s fr\u00edos de Espa\u00f1a: Griegos. Por Chantejot <\/figcaption><\/figure>\n\n\n\n<p>El primer pueblo para huir del calor en Espa\u00f1a en verano es&nbsp;<strong>Griegos<\/strong>. Este municipio de <a href=\"https:\/\/www.escapadarural.com\/casas-rurales\/teruel\" class=\"rank-math-link\">Teruel<\/a> esta considerado el <a href=\"https:\/\/es.wikipedia.org\/wiki\/Griegos_(Teruel)\" target=\"_blank\" aria-label=\"pueblo m\u00e1s fr\u00edo de Espa\u00f1a (opens in a new tab)\" rel=\"noreferrer noopener nofollow\" class=\"rank-math-link\">pueblo m\u00e1s fr\u00edo de Espa\u00f1a<\/a> en verano gracias a que se encuentra a unos 1.600 metros sobre el nivel del mar. Adem\u00e1s, el enclave resulta una maravilla natural debido a que se encuentra en el coraz\u00f3n de la sierra de Albarrac\u00edn, siendo tambi\u00e9n el segundo pueblo m\u00e1s alto de todo el pa\u00eds.&nbsp;<\/p>\n\n\n\n<h2 class=\"wp-block-heading\" id=\"h-2-ezcaray\">2. Ezcaray<\/h2>\n\n\n\n<figure class=\"wp-block-image size-large\"><a href=\"https:\/\/www.escapadarural.com\/blog\/wp-content\/uploads\/Ezcaray-6.jpg\"><img decoding=\"async\" src=\"https:\/\/www.escapadarural.com\/blog\/wp-content\/uploads\/Ezcaray-6.jpg\" alt=\"Ezcaray\" class=\"wp-image-51955\"\/><\/a><figcaption class=\"wp-element-caption\">Ezcaray. Por Ander Dylan<\/figcaption><\/figure>\n\n\n\n<p>Otro municipio de estancia obligatoria para huir del calor es&nbsp;<strong><a href=\"https:\/\/www.escapadarural.com\/casas-rurales\/ezcaray\" class=\"rank-math-link\">Ezcaray<\/a><\/strong>. As\u00ed, este pueblo de La Rioja cuenta con una temperatura media de 19 grados en verano, muy inferior a la de otras zonas del pa\u00eds. Adem\u00e1s, gracias a su enclave en el valle se pueden realizar numerosas actividades en medio de la naturaleza, entre las que destacan el senderismo o el turismo gastron\u00f3mico t\u00edpico del territorio.&nbsp;<\/p>\n\n\n\n<h2 class=\"wp-block-heading\" id=\"h-3-bellver-de-la-cerdanya\">3. Bellver de la Cerdanya<\/h2>\n\n\n\n<figure class=\"wp-block-image size-large\"><a href=\"https:\/\/www.escapadarural.com\/blog\/wp-content\/uploads\/1440px-Bellver_de_Cerdana_Lerida_1_16.jpg\"><img decoding=\"async\" src=\"https:\/\/www.escapadarural.com\/blog\/wp-content\/uploads\/1440px-Bellver_de_Cerdana_Lerida_1_16-1024x768.jpg\" alt=\"Bellver de la Cardanya\" class=\"wp-image-51956\"\/><\/a><figcaption class=\"wp-element-caption\">Bellver de la Cerdanya. Por Mar\u00eda Sacrist\u00e1n<\/figcaption><\/figure>\n\n\n\n<p>En Catalu\u00f1a tambi\u00e9n encontramos&nbsp;otro de los pueblos m\u00e1s fr\u00edos de Espa\u00f1a: es <strong><a href=\"https:\/\/www.escapadarural.com\/casas-rurales\/bellver-de-cerdanya\" class=\"rank-math-link\">Bellver de la Cerdanya<\/a><\/strong>, en Lleida. Con una temperatura en torno de los 19 grados en julio, su mes m\u00e1s caluroso, resulta un gran lugar para disfrutar del verano menos abrasante gracias a estar ubicado bajo las monta\u00f1as. Incluso, aquellos amantes de los deportes c\u00f3mo la bicicleta pueden disfrutar de fant\u00e1sticas rutas sin pasar calor.&nbsp;<\/p>\n\n\n\n<h2 class=\"wp-block-heading\" id=\"h-4-isaba\">4. Isaba<\/h2>\n\n\n\n<figure class=\"wp-block-image size-large\"><a href=\"https:\/\/www.escapadarural.com\/blog\/wp-content\/uploads\/7669933162_ad8c805dfc_h.jpg\"><img decoding=\"async\" src=\"https:\/\/www.escapadarural.com\/blog\/wp-content\/uploads\/7669933162_ad8c805dfc_h-1024x685.jpg\" alt=\"Isaba\" class=\"wp-image-51958\"\/><\/a><figcaption class=\"wp-element-caption\">Isaba. Por Rufino Lasaosa<\/figcaption><\/figure>\n\n\n\n<p><strong><a href=\"https:\/\/www.escapadarural.com\/casas-rurales\/isaba-izaba\" class=\"rank-math-link\">Isaba<\/a><\/strong>, en Navarra, tambi\u00e9n resulta un lugar m\u00e1gico en verano. Sus apenas 17,5 grados medios gracias al enclave en el valle del Roncal lo convierten en un destino a tener muy en cuenta para aquellos que no soportan las altas temperaturas. Adem\u00e1s, su ubicaci\u00f3n rodeado de naturaleza lo convierte en un lugar pintoresco genial para los amantes de la monta\u00f1a que desean disfrutar de los bosques navarros.&nbsp;<\/p>\n\n\n\n<h2 class=\"wp-block-heading\" id=\"h-5-islas-cies\">5. Islas C\u00edes<\/h2>\n\n\n\n<figure class=\"wp-block-image size-large\"><a href=\"https:\/\/www.escapadarural.com\/blog\/wp-content\/uploads\/Illas_Cies_Praia.jpg\"><img decoding=\"async\" src=\"https:\/\/www.escapadarural.com\/blog\/wp-content\/uploads\/Illas_Cies_Praia-1024x768.jpg\" alt=\"Islas C\u00edes\" class=\"wp-image-51959\"\/><\/a><figcaption class=\"wp-element-caption\">Islas C\u00edes. Por Henrique Pereira<\/figcaption><\/figure>\n\n\n\n<p>Desplaz\u00e1ndonos al norte de Espa\u00f1a encontramos uno de los lugares m\u00e1s conocidos y a la vez m\u00e1s frescos de la zona: las&nbsp;<strong>Islas C\u00edes<\/strong>. Algunas partes de <a href=\"https:\/\/www.escapadarural.com\/casas-rurales\/galicia\" class=\"rank-math-link\">Galicia<\/a> resultan perfectas para huir del calor en verano, en estas islas las temperaturas medias anuales son de unos 14 grados, por lo que podemos disfrutar del turismo marino sin pasar un excesivo calor.&nbsp;<\/p>\n\n\n\n<h2 class=\"wp-block-heading\" id=\"h-6-puebla-de-lillo\">6. Puebla de Lillo<\/h2>\n\n\n\n<figure class=\"wp-block-image size-large\"><a href=\"https:\/\/www.escapadarural.com\/blog\/wp-content\/uploads\/1620px-CasasyRioLillo.jpg\"><img decoding=\"async\" src=\"https:\/\/www.escapadarural.com\/blog\/wp-content\/uploads\/1620px-CasasyRioLillo-1024x683.jpg\" alt=\"Puebla de Lillo\" class=\"wp-image-51961\"\/><\/a><figcaption class=\"wp-element-caption\">Puebla de Lillo. Por Pablox<\/figcaption><\/figure>\n\n\n\n<p>Por \u00faltimo, entre los pueblos m\u00e1s fr\u00edos de Espa\u00f1a encontramos <strong><a href=\"https:\/\/www.escapadarural.com\/casas-rurales\/puebla-de-lillo\" class=\"rank-math-link\">Puebla de Lillo<\/a><\/strong>, en Le\u00f3n. Este peque\u00f1o municipio pintoresco no supera los 17 grados de media en verano, lo que obliga a quien desea pasar unos d\u00edas all\u00ed a taparse por las noches gracias a sus bajas temperaturas. Adem\u00e1s, el municipio se encuentra rodeado de monta\u00f1as por lo que los amantes del deporte pueden disfrutar de muchas actividades relacionadas con la naturaleza.&nbsp;<\/p>\n","protected":false},"excerpt":{"rendered":"<p>La subida de las temperaturas hace que el verano en algunos puntos del pa\u00eds sea sofocante. Aqu\u00ed os dejamos una lista de los pueblos m\u00e1s fr\u00edos de Espa\u00f1a en verano, para quienes quieran huir del calor<\/p>\n","protected":false},"author":147,"featured_media":100857,"comment_status":"open","ping_status":"open","sticky":false,"template":"","format":"standard","meta":{"_acf_changed":false,"om_disable_all_campaigns":false,"footnotes":""},"categories":[191],"tags":[4099,3452,1513,4100,4101,2372,215,3731,212],"class_list":["post-51843","post","type-post","status-publish","format-standard","has-post-thumbnail","hentry","category-destinos","tag-bellver-de-la-cerdanya","tag-calor","tag-ezcaray","tag-griegos","tag-isaba","tag-islas-cies","tag-listado","tag-puebla-de-lillo","tag-pueblos"],"acf":[],"featured_image_src":"https:\/\/www.escapadarural.com\/blog\/wp-content\/uploads\/2024\/10\/1440px-Bellver_de_Cerdana_Lerida_1_16-1024x768-3.jpg","author_info":{"display_name":"Albert Martinez","author_link":"https:\/\/www.escapadarural.com\/blog\/autor\/albert-martinez\/"},"yoast_head":"<!-- This site is optimized with the Yoast SEO plugin v27.5 - https:\/\/yoast.com\/product\/yoast-seo-wordpress\/ -->\n<title>6 pueblos para huir del calor este verano - EscapadaRural<\/title>\n<meta name=\"robots\" content=\"index, follow, max-snippet:-1, max-image-preview:large, max-video-preview:-1\" \/>\n<link rel=\"canonical\" href=\"https:\/\/www.escapadarural.com\/blog\/pueblos-mas-frios-de-espana-en-verano\/\" \/>\n<meta property=\"og:locale\" content=\"es_ES\" \/>\n<meta property=\"og:type\" content=\"article\" \/>\n<meta property=\"og:title\" content=\"6 pueblos para huir del calor este verano - EscapadaRural\" \/>\n<meta property=\"og:description\" content=\"La subida de las temperaturas hace que el verano en algunos puntos del pa\u00eds sea sofocante. Aqu\u00ed os dejamos una lista de los pueblos m\u00e1s fr\u00edos de Espa\u00f1a en verano, para quienes quieran huir del calor\" \/>\n<meta property=\"og:url\" content=\"https:\/\/www.escapadarural.com\/blog\/pueblos-mas-frios-de-espana-en-verano\/\" \/>\n<meta property=\"og:site_name\" content=\"Magazine de viajes de EscapadaRural\" \/>\n<meta property=\"article:publisher\" content=\"https:\/\/www.facebook.com\/escapadarural\" \/>\n<meta property=\"article:published_time\" content=\"2022-06-03T07:24:04+00:00\" \/>\n<meta property=\"article:modified_time\" content=\"2024-12-23T17:04:48+00:00\" \/>\n<meta property=\"og:image\" content=\"https:\/\/www.escapadarural.com\/blog\/wp-content\/uploads\/2024\/10\/1440px-Bellver_de_Cerdana_Lerida_1_16-1024x768-3.jpg?v=1754382483\" \/>\n\t<meta property=\"og:image:width\" content=\"1024\" \/>\n\t<meta property=\"og:image:height\" content=\"768\" \/>\n\t<meta property=\"og:image:type\" content=\"image\/jpeg\" \/>\n<meta name=\"author\" content=\"Albert Martinez\" \/>\n<meta name=\"twitter:card\" content=\"summary_large_image\" \/>\n<meta name=\"twitter:label1\" content=\"Escrito por\" \/>\n\t<meta name=\"twitter:data1\" content=\"Albert Martinez\" \/>\n\t<meta name=\"twitter:label2\" content=\"Tiempo de lectura\" \/>\n\t<meta name=\"twitter:data2\" content=\"3 minutos\" \/>\n<script type=\"application\/ld+json\" class=\"yoast-schema-graph\">{\"@context\":\"https:\\\/\\\/schema.org\",\"@graph\":[{\"@type\":\"Article\",\"@id\":\"https:\\\/\\\/www.escapadarural.com\\\/blog\\\/pueblos-mas-frios-de-espana-en-verano\\\/#article\",\"isPartOf\":{\"@id\":\"https:\\\/\\\/www.escapadarural.com\\\/blog\\\/pueblos-mas-frios-de-espana-en-verano\\\/\"},\"author\":{\"name\":\"Albert Martinez\",\"@id\":\"https:\\\/\\\/www.escapadarural.com\\\/blog\\\/#\\\/schema\\\/person\\\/0a141f7cdddbcd62a912568fadfccd06\"},\"headline\":\"6 pueblos para huir del calor este verano\",\"datePublished\":\"2022-06-03T07:24:04+00:00\",\"dateModified\":\"2024-12-23T17:04:48+00:00\",\"mainEntityOfPage\":{\"@id\":\"https:\\\/\\\/www.escapadarural.com\\\/blog\\\/pueblos-mas-frios-de-espana-en-verano\\\/\"},\"wordCount\":703,\"commentCount\":1,\"publisher\":{\"@id\":\"https:\\\/\\\/www.escapadarural.com\\\/blog\\\/#organization\"},\"image\":{\"@id\":\"https:\\\/\\\/www.escapadarural.com\\\/blog\\\/pueblos-mas-frios-de-espana-en-verano\\\/#primaryimage\"},\"thumbnailUrl\":\"https:\\\/\\\/www.escapadarural.com\\\/blog\\\/wp-content\\\/uploads\\\/2024\\\/10\\\/1440px-Bellver_de_Cerdana_Lerida_1_16-1024x768-3.jpg\",\"keywords\":[\"Bellver de la Cerdanya\",\"calor\",\"Ezcaray\",\"Griegos\",\"Isaba\",\"islas C\u00edes\",\"Listado\",\"Puebla de Lillo\",\"pueblos\"],\"articleSection\":[\"Destinos\"],\"inLanguage\":\"es\",\"potentialAction\":[{\"@type\":\"CommentAction\",\"name\":\"Comment\",\"target\":[\"https:\\\/\\\/www.escapadarural.com\\\/blog\\\/pueblos-mas-frios-de-espana-en-verano\\\/#respond\"]}]},{\"@type\":\"WebPage\",\"@id\":\"https:\\\/\\\/www.escapadarural.com\\\/blog\\\/pueblos-mas-frios-de-espana-en-verano\\\/\",\"url\":\"https:\\\/\\\/www.escapadarural.com\\\/blog\\\/pueblos-mas-frios-de-espana-en-verano\\\/\",\"name\":\"6 pueblos para huir del calor este verano - EscapadaRural\",\"isPartOf\":{\"@id\":\"https:\\\/\\\/www.escapadarural.com\\\/blog\\\/#website\"},\"primaryImageOfPage\":{\"@id\":\"https:\\\/\\\/www.escapadarural.com\\\/blog\\\/pueblos-mas-frios-de-espana-en-verano\\\/#primaryimage\"},\"image\":{\"@id\":\"https:\\\/\\\/www.escapadarural.com\\\/blog\\\/pueblos-mas-frios-de-espana-en-verano\\\/#primaryimage\"},\"thumbnailUrl\":\"https:\\\/\\\/www.escapadarural.com\\\/blog\\\/wp-content\\\/uploads\\\/2024\\\/10\\\/1440px-Bellver_de_Cerdana_Lerida_1_16-1024x768-3.jpg\",\"datePublished\":\"2022-06-03T07:24:04+00:00\",\"dateModified\":\"2024-12-23T17:04:48+00:00\",\"breadcrumb\":{\"@id\":\"https:\\\/\\\/www.escapadarural.com\\\/blog\\\/pueblos-mas-frios-de-espana-en-verano\\\/#breadcrumb\"},\"inLanguage\":\"es\",\"potentialAction\":[{\"@type\":\"ReadAction\",\"target\":[\"https:\\\/\\\/www.escapadarural.com\\\/blog\\\/pueblos-mas-frios-de-espana-en-verano\\\/\"]}]},{\"@type\":\"ImageObject\",\"inLanguage\":\"es\",\"@id\":\"https:\\\/\\\/www.escapadarural.com\\\/blog\\\/pueblos-mas-frios-de-espana-en-verano\\\/#primaryimage\",\"url\":\"https:\\\/\\\/www.escapadarural.com\\\/blog\\\/wp-content\\\/uploads\\\/2024\\\/10\\\/1440px-Bellver_de_Cerdana_Lerida_1_16-1024x768-3.jpg\",\"contentUrl\":\"https:\\\/\\\/www.escapadarural.com\\\/blog\\\/wp-content\\\/uploads\\\/2024\\\/10\\\/1440px-Bellver_de_Cerdana_Lerida_1_16-1024x768-3.jpg\",\"width\":1024,\"height\":768,\"caption\":\"Un pintoresco pueblo con casas de piedra y tejados grises enclavado entre verdes colinas, bajo un cielo azul brillante con esponjosas nubes blancas. En primer plano, un muro de piedra y \u00e1rboles.\"},{\"@type\":\"BreadcrumbList\",\"@id\":\"https:\\\/\\\/www.escapadarural.com\\\/blog\\\/pueblos-mas-frios-de-espana-en-verano\\\/#breadcrumb\",\"itemListElement\":[{\"@type\":\"ListItem\",\"position\":1,\"name\":\"Inicio\",\"item\":\"https:\\\/\\\/www.escapadarural.com\\\/blog\\\/\"},{\"@type\":\"ListItem\",\"position\":2,\"name\":\"Destinos\",\"item\":\"https:\\\/\\\/www.escapadarural.com\\\/blog\\\/categoria\\\/destinos\\\/\"},{\"@type\":\"ListItem\",\"position\":3,\"name\":\"6 pueblos para huir del calor este verano\"}]},{\"@type\":\"WebSite\",\"@id\":\"https:\\\/\\\/www.escapadarural.com\\\/blog\\\/#website\",\"url\":\"https:\\\/\\\/www.escapadarural.com\\\/blog\\\/\",\"name\":\"Blog de viajes | turismo rural, alojamientos e inspiraci\u00f3n\",\"description\":\"Alojamientos rurales e inspiraci\u00f3n para tus escapadas\",\"publisher\":{\"@id\":\"https:\\\/\\\/www.escapadarural.com\\\/blog\\\/#organization\"},\"alternateName\":\"Magazine de viajes de EscapadaRural\",\"potentialAction\":[{\"@type\":\"SearchAction\",\"target\":{\"@type\":\"EntryPoint\",\"urlTemplate\":\"https:\\\/\\\/www.escapadarural.com\\\/blog\\\/?s={search_term_string}\"},\"query-input\":{\"@type\":\"PropertyValueSpecification\",\"valueRequired\":true,\"valueName\":\"search_term_string\"}}],\"inLanguage\":\"es\"},{\"@type\":\"Organization\",\"@id\":\"https:\\\/\\\/www.escapadarural.com\\\/blog\\\/#organization\",\"name\":\"EscapadaRural\",\"url\":\"https:\\\/\\\/www.escapadarural.com\\\/blog\\\/\",\"logo\":{\"@type\":\"ImageObject\",\"inLanguage\":\"es\",\"@id\":\"https:\\\/\\\/www.escapadarural.com\\\/blog\\\/#\\\/schema\\\/logo\\\/image\\\/\",\"url\":\"https:\\\/\\\/www.escapadarural.com\\\/blog\\\/wp-content\\\/uploads\\\/2024\\\/10\\\/cropped-cropped-escapada-rural-icon-mag-3.png\",\"contentUrl\":\"https:\\\/\\\/www.escapadarural.com\\\/blog\\\/wp-content\\\/uploads\\\/2024\\\/10\\\/cropped-cropped-escapada-rural-icon-mag-3.png\",\"width\":512,\"height\":512,\"caption\":\"EscapadaRural\"},\"image\":{\"@id\":\"https:\\\/\\\/www.escapadarural.com\\\/blog\\\/#\\\/schema\\\/logo\\\/image\\\/\"},\"sameAs\":[\"https:\\\/\\\/www.facebook.com\\\/escapadarural\",\"https:\\\/\\\/www.instagram.com\\\/escapadarural\\\/\",\"https:\\\/\\\/www.youtube.com\\\/@escapadaruralcom\"]},{\"@type\":\"Person\",\"@id\":\"https:\\\/\\\/www.escapadarural.com\\\/blog\\\/#\\\/schema\\\/person\\\/0a141f7cdddbcd62a912568fadfccd06\",\"name\":\"Albert Martinez\",\"image\":{\"@type\":\"ImageObject\",\"inLanguage\":\"es\",\"@id\":\"https:\\\/\\\/secure.gravatar.com\\\/avatar\\\/8f1e1b97ac5d9735d364ec10174953f016266ea4a8b87feac366b74800532cd6?s=96&d=mm&r=g\",\"url\":\"https:\\\/\\\/secure.gravatar.com\\\/avatar\\\/8f1e1b97ac5d9735d364ec10174953f016266ea4a8b87feac366b74800532cd6?s=96&d=mm&r=g\",\"contentUrl\":\"https:\\\/\\\/secure.gravatar.com\\\/avatar\\\/8f1e1b97ac5d9735d364ec10174953f016266ea4a8b87feac366b74800532cd6?s=96&d=mm&r=g\",\"caption\":\"Albert Martinez\"},\"url\":\"https:\\\/\\\/www.escapadarural.com\\\/blog\\\/autor\\\/albert-martinez\\\/\"}]}<\/script>\n<!-- \/ Yoast SEO plugin. -->","yoast_head_json":{"title":"6 pueblos para huir del calor este verano - EscapadaRural","robots":{"index":"index","follow":"follow","max-snippet":"max-snippet:-1","max-image-preview":"max-image-preview:large","max-video-preview":"max-video-preview:-1"},"canonical":"https:\/\/www.escapadarural.com\/blog\/pueblos-mas-frios-de-espana-en-verano\/","og_locale":"es_ES","og_type":"article","og_title":"6 pueblos para huir del calor este verano - EscapadaRural","og_description":"La subida de las temperaturas hace que el verano en algunos puntos del pa\u00eds sea sofocante. Aqu\u00ed os dejamos una lista de los pueblos m\u00e1s fr\u00edos de Espa\u00f1a en verano, para quienes quieran huir del calor","og_url":"https:\/\/www.escapadarural.com\/blog\/pueblos-mas-frios-de-espana-en-verano\/","og_site_name":"Magazine de viajes de EscapadaRural","article_publisher":"https:\/\/www.facebook.com\/escapadarural","article_published_time":"2022-06-03T07:24:04+00:00","article_modified_time":"2024-12-23T17:04:48+00:00","og_image":[{"width":1024,"height":768,"url":"https:\/\/www.escapadarural.com\/blog\/wp-content\/uploads\/2024\/10\/1440px-Bellver_de_Cerdana_Lerida_1_16-1024x768-3.jpg?v=1754382483","type":"image\/jpeg"}],"author":"Albert Martinez","twitter_card":"summary_large_image","twitter_misc":{"Escrito por":"Albert Martinez","Tiempo de lectura":"3 minutos"},"schema":{"@context":"https:\/\/schema.org","@graph":[{"@type":"Article","@id":"https:\/\/www.escapadarural.com\/blog\/pueblos-mas-frios-de-espana-en-verano\/#article","isPartOf":{"@id":"https:\/\/www.escapadarural.com\/blog\/pueblos-mas-frios-de-espana-en-verano\/"},"author":{"name":"Albert Martinez","@id":"https:\/\/www.escapadarural.com\/blog\/#\/schema\/person\/0a141f7cdddbcd62a912568fadfccd06"},"headline":"6 pueblos para huir del calor este verano","datePublished":"2022-06-03T07:24:04+00:00","dateModified":"2024-12-23T17:04:48+00:00","mainEntityOfPage":{"@id":"https:\/\/www.escapadarural.com\/blog\/pueblos-mas-frios-de-espana-en-verano\/"},"wordCount":703,"commentCount":1,"publisher":{"@id":"https:\/\/www.escapadarural.com\/blog\/#organization"},"image":{"@id":"https:\/\/www.escapadarural.com\/blog\/pueblos-mas-frios-de-espana-en-verano\/#primaryimage"},"thumbnailUrl":"https:\/\/www.escapadarural.com\/blog\/wp-content\/uploads\/2024\/10\/1440px-Bellver_de_Cerdana_Lerida_1_16-1024x768-3.jpg","keywords":["Bellver de la Cerdanya","calor","Ezcaray","Griegos","Isaba","islas C\u00edes","Listado","Puebla de Lillo","pueblos"],"articleSection":["Destinos"],"inLanguage":"es","potentialAction":[{"@type":"CommentAction","name":"Comment","target":["https:\/\/www.escapadarural.com\/blog\/pueblos-mas-frios-de-espana-en-verano\/#respond"]}]},{"@type":"WebPage","@id":"https:\/\/www.escapadarural.com\/blog\/pueblos-mas-frios-de-espana-en-verano\/","url":"https:\/\/www.escapadarural.com\/blog\/pueblos-mas-frios-de-espana-en-verano\/","name":"6 pueblos para huir del calor este verano - EscapadaRural","isPartOf":{"@id":"https:\/\/www.escapadarural.com\/blog\/#website"},"primaryImageOfPage":{"@id":"https:\/\/www.escapadarural.com\/blog\/pueblos-mas-frios-de-espana-en-verano\/#primaryimage"},"image":{"@id":"https:\/\/www.escapadarural.com\/blog\/pueblos-mas-frios-de-espana-en-verano\/#primaryimage"},"thumbnailUrl":"https:\/\/www.escapadarural.com\/blog\/wp-content\/uploads\/2024\/10\/1440px-Bellver_de_Cerdana_Lerida_1_16-1024x768-3.jpg","datePublished":"2022-06-03T07:24:04+00:00","dateModified":"2024-12-23T17:04:48+00:00","breadcrumb":{"@id":"https:\/\/www.escapadarural.com\/blog\/pueblos-mas-frios-de-espana-en-verano\/#breadcrumb"},"inLanguage":"es","potentialAction":[{"@type":"ReadAction","target":["https:\/\/www.escapadarural.com\/blog\/pueblos-mas-frios-de-espana-en-verano\/"]}]},{"@type":"ImageObject","inLanguage":"es","@id":"https:\/\/www.escapadarural.com\/blog\/pueblos-mas-frios-de-espana-en-verano\/#primaryimage","url":"https:\/\/www.escapadarural.com\/blog\/wp-content\/uploads\/2024\/10\/1440px-Bellver_de_Cerdana_Lerida_1_16-1024x768-3.jpg","contentUrl":"https:\/\/www.escapadarural.com\/blog\/wp-content\/uploads\/2024\/10\/1440px-Bellver_de_Cerdana_Lerida_1_16-1024x768-3.jpg","width":1024,"height":768,"caption":"Un pintoresco pueblo con casas de piedra y tejados grises enclavado entre verdes colinas, bajo un cielo azul brillante con esponjosas nubes blancas. En primer plano, un muro de piedra y \u00e1rboles."},{"@type":"BreadcrumbList","@id":"https:\/\/www.escapadarural.com\/blog\/pueblos-mas-frios-de-espana-en-verano\/#breadcrumb","itemListElement":[{"@type":"ListItem","position":1,"name":"Inicio","item":"https:\/\/www.escapadarural.com\/blog\/"},{"@type":"ListItem","position":2,"name":"Destinos","item":"https:\/\/www.escapadarural.com\/blog\/categoria\/destinos\/"},{"@type":"ListItem","position":3,"name":"6 pueblos para huir del calor este verano"}]},{"@type":"WebSite","@id":"https:\/\/www.escapadarural.com\/blog\/#website","url":"https:\/\/www.escapadarural.com\/blog\/","name":"Blog de viajes | turismo rural, alojamientos e inspiraci\u00f3n","description":"Alojamientos rurales e inspiraci\u00f3n para tus escapadas","publisher":{"@id":"https:\/\/www.escapadarural.com\/blog\/#organization"},"alternateName":"Magazine de viajes de EscapadaRural","potentialAction":[{"@type":"SearchAction","target":{"@type":"EntryPoint","urlTemplate":"https:\/\/www.escapadarural.com\/blog\/?s={search_term_string}"},"query-input":{"@type":"PropertyValueSpecification","valueRequired":true,"valueName":"search_term_string"}}],"inLanguage":"es"},{"@type":"Organization","@id":"https:\/\/www.escapadarural.com\/blog\/#organization","name":"EscapadaRural","url":"https:\/\/www.escapadarural.com\/blog\/","logo":{"@type":"ImageObject","inLanguage":"es","@id":"https:\/\/www.escapadarural.com\/blog\/#\/schema\/logo\/image\/","url":"https:\/\/www.escapadarural.com\/blog\/wp-content\/uploads\/2024\/10\/cropped-cropped-escapada-rural-icon-mag-3.png","contentUrl":"https:\/\/www.escapadarural.com\/blog\/wp-content\/uploads\/2024\/10\/cropped-cropped-escapada-rural-icon-mag-3.png","width":512,"height":512,"caption":"EscapadaRural"},"image":{"@id":"https:\/\/www.escapadarural.com\/blog\/#\/schema\/logo\/image\/"},"sameAs":["https:\/\/www.facebook.com\/escapadarural","https:\/\/www.instagram.com\/escapadarural\/","https:\/\/www.youtube.com\/@escapadaruralcom"]},{"@type":"Person","@id":"https:\/\/www.escapadarural.com\/blog\/#\/schema\/person\/0a141f7cdddbcd62a912568fadfccd06","name":"Albert Martinez","image":{"@type":"ImageObject","inLanguage":"es","@id":"https:\/\/secure.gravatar.com\/avatar\/8f1e1b97ac5d9735d364ec10174953f016266ea4a8b87feac366b74800532cd6?s=96&d=mm&r=g","url":"https:\/\/secure.gravatar.com\/avatar\/8f1e1b97ac5d9735d364ec10174953f016266ea4a8b87feac366b74800532cd6?s=96&d=mm&r=g","contentUrl":"https:\/\/secure.gravatar.com\/avatar\/8f1e1b97ac5d9735d364ec10174953f016266ea4a8b87feac366b74800532cd6?s=96&d=mm&r=g","caption":"Albert Martinez"},"url":"https:\/\/www.escapadarural.com\/blog\/autor\/albert-martinez\/"}]}},"_links":{"self":[{"href":"https:\/\/www.escapadarural.com\/blog\/wp-json\/wp\/v2\/posts\/51843","targetHints":{"allow":["GET"]}}],"collection":[{"href":"https:\/\/www.escapadarural.com\/blog\/wp-json\/wp\/v2\/posts"}],"about":[{"href":"https:\/\/www.escapadarural.com\/blog\/wp-json\/wp\/v2\/types\/post"}],"author":[{"embeddable":true,"href":"https:\/\/www.escapadarural.com\/blog\/wp-json\/wp\/v2\/users\/147"}],"replies":[{"embeddable":true,"href":"https:\/\/www.escapadarural.com\/blog\/wp-json\/wp\/v2\/comments?post=51843"}],"version-history":[{"count":0,"href":"https:\/\/www.escapadarural.com\/blog\/wp-json\/wp\/v2\/posts\/51843\/revisions"}],"wp:featuredmedia":[{"embeddable":true,"href":"https:\/\/www.escapadarural.com\/blog\/wp-json\/wp\/v2\/media\/100857"}],"wp:attachment":[{"href":"https:\/\/www.escapadarural.com\/blog\/wp-json\/wp\/v2\/media?parent=51843"}],"wp:term":[{"taxonomy":"category","embeddable":true,"href":"https:\/\/www.escapadarural.com\/blog\/wp-json\/wp\/v2\/categories?post=51843"},{"taxonomy":"post_tag","embeddable":true,"href":"https:\/\/www.escapadarural.com\/blog\/wp-json\/wp\/v2\/tags?post=51843"}],"curies":[{"name":"wp","href":"https:\/\/api.w.org\/{rel}","templated":true}]}}