{"id":52084,"date":"2022-06-10T10:14:08","date_gmt":"2022-06-10T09:14:08","guid":{"rendered":"https:\/\/www.escapadarural.com\/blog\/?p=52084"},"modified":"2025-08-04T11:10:52","modified_gmt":"2025-08-04T09:10:52","slug":"curiosidades-sobre-portugal","status":"publish","type":"post","link":"https:\/\/www.escapadarural.com\/blog\/curiosidades-sobre-portugal\/","title":{"rendered":"13 cosas que igual no sab\u00edas sobre Portugal"},"content":{"rendered":"\n<figure class=\"wp-block-image size-large\"><a href=\"https:\/\/www.escapadarural.com\/blog\/wp-content\/uploads\/lisboa2.jpg\"><img decoding=\"async\" src=\"https:\/\/www.escapadarural.com\/blog\/wp-content\/uploads\/lisboa2.jpg\" alt=\"Lisboa\" class=\"wp-image-52115\"\/><\/a><figcaption class=\"wp-element-caption\">Lisboa. Por mlehmann78<\/figcaption><\/figure>\n\n\n\n<p>Hoy es el d\u00eda de nuestros vecinos lusos. \u00a1Parab\u00e9ns, portugueses! C\u00f3mo amamos vuestros past\u00e9is de nata, la ginjinha, las <a href=\"https:\/\/www.escapadarural.com\/blog\/la-historia-que-se-esconde-detras-de-la-francesinha-el-sandwich-de-oporto\/\" class=\"rank-math-link\">francesinhas<\/a>, vuestro acento, a Saramago, el vino de Oporto, hacernos fotos con vuestros azulejos, las playas del Algarve, Madeira y la ex\u00f3tica Azores, entre otras muchas cosas.<\/p>\n\n\n\n<p>Para celebrarlo, os dejamos algunas de las curiosidades sobre Portugal, <strong>uno de los pa\u00edses m\u00e1s antiguos del mundo<\/strong>. Portugal obtuvo la independencia en 1143, en la \u00e9poca conocida como Condado Portucalense, en un tratado firmado por los reinos de Portugal y Le\u00f3n. <\/p>\n\n\n\n<p>Su rica cultura y tradiciones se expandieron siglos despu\u00e9s, en el XV y XVI, durante la era de los Descubrimientos. De ah\u00ed a que muchos de los aspectos de su cultura sean admirados internacionalmente. <\/p>\n\n\n\n<h2 class=\"wp-block-heading\" id=\"h-1-tienen-el-bosque-de-laurisilva-mas-grande-del-mundo\">1. Tienen el bosque de laurisilva m\u00e1s grande del mundo<\/h2>\n\n\n\n<p>Est\u00e1 en Madeira y en 1999 fue nombrado <strong>Patrimonio Natural de la Humanidad<\/strong> por&nbsp; la UNESCO. El bosque de laurisilva es h\u00famedo y es t\u00edpico del clima subtropical. El de Madeira ocupa unas 15.000 hect\u00e1reas de la isla, por lo que est\u00e1 considerado como el m\u00e1s grande del mundo en su especie.&nbsp;<\/p>\n\n\n\n<h2 class=\"wp-block-heading\" id=\"h-2-el-95-del-pais-es-agua\">2. El 95% del pa\u00eds es agua<\/h2>\n\n\n\n<p>Portugal tiene jurisdicci\u00f3n sobre m\u00e1s de 1.700.000 kil\u00f3metros cuadrados de territorio mar\u00edtimo. Teniendo en cuenta que su territorio terrestre es de poco m\u00e1s de 92.000 kil\u00f3metros cuadrados, s\u00ed, el 95% del pa\u00eds es agua.&nbsp;<\/p>\n\n\n\n<figure class=\"wp-block-image size-large\"><a href=\"https:\/\/www.escapadarural.com\/blog\/wp-content\/uploads\/AdobeStock_40278508.jpg\"><img decoding=\"async\" src=\"https:\/\/www.escapadarural.com\/blog\/wp-content\/uploads\/AdobeStock_40278508-1024x685.jpg\" alt=\"Porto Santo\" class=\"wp-image-52113\"\/><\/a><figcaption class=\"wp-element-caption\">Arenas medicinales en Porto Santo. Por Gbuglok<\/figcaption><\/figure>\n\n\n\n<h2 class=\"wp-block-heading\" id=\"h-3-tiene-arenas-medicinales\">3. Tiene arenas medicinales<\/h2>\n\n\n\n<p>La arena de la isla dorada -as\u00ed es como la llaman los madeirenses- de Porto Santo tiene propiedades especiales. En 1922, el m\u00e9dico Nuno Silvestre Teixeira escribi\u00f3 sobre los recursos naturales de la isla resaltando las propiedades curativas de su arena, aguas y de la ingesti\u00f3n de las uvas de Porto Santo.&nbsp;<\/p>\n\n\n\n<h2 class=\"wp-block-heading\" id=\"h-4-la-palabra-saudade-no-tiene-traduccion-y-esta-de-moda\">4. La palabra <em>saudade<\/em> no tiene traducci\u00f3n y est\u00e1 de moda<\/h2>\n\n\n\n<p>Saudade es una palabra \u00fanica del portugu\u00e9s. Y no tiene traducci\u00f3n en ning\u00fan otro idioma. Significa un deseo melanc\u00f3lico o nost\u00e1lgico por una persona, lugar o cosas, que est\u00e1n lejos, ya sea en el espacio o en el tiempo.<\/p>\n\n\n\n<h2 class=\"wp-block-heading\" id=\"h-5-tienen-la-libreria-mas-antigua-del-mundo\">5. Tienen la librer\u00eda m\u00e1s antigua del mundo<\/h2>\n\n\n\n<p>Fundada en 1732, la <strong>librer\u00eda Bertrand de Lisboa<\/strong> es la m\u00e1s antigua del mundo a\u00fan en funcionamiento. Sobrevivi\u00f3 al terremoto de 1755 y a las diferentes crisis financieras. Se encuentra en el barrio de Chiado y, adem\u00e1s de su antig\u00fcedad, tambi\u00e9n es la m\u00e1s grande de Portugal.&nbsp;<\/p>\n\n\n\n<h2 class=\"wp-block-heading\" id=\"h-6-la-unesco-creo-una-categoria-para-definir-a-sintra\">6. La Unesco cre\u00f3 una categor\u00eda para definir a Sintra<\/h2>\n\n\n\n<p>Sintra no solo es el primer centro de la arquitectura rom\u00e1ntica en Europa, sino que tambi\u00e9n es el primer lugar del mundo en ser declarado <strong>Paisaje Cultural<\/strong> por la Unesco en 1995. La idea era distinguir una sierra y un parque natural exuberante de vegetaci\u00f3n salpicado por palacios, quintas y monasterios llenos de historia y cultura.&nbsp;<\/p>\n\n\n\n<figure class=\"wp-block-image size-large\"><a href=\"https:\/\/www.escapadarural.com\/blog\/wp-content\/uploads\/2019\/07\/palacio-pena.jpg\"><img decoding=\"async\" src=\"https:\/\/www.escapadarural.com\/blog\/wp-content\/uploads\/2019\/07\/palacio-pena.jpg\" alt=\"Palacio da Pena\" class=\"wp-image-24544\"\/><\/a><figcaption class=\"wp-element-caption\">Palacio da Pena en Sintra. Por Jose Ignacio Soto<\/figcaption><\/figure>\n\n\n\n<h2 class=\"wp-block-heading\" id=\"h-7-portugal-es-el-mayor-productor-de-corcho-del-mundo\">7. Portugal es el mayor productor de corcho del mundo<\/h2>\n\n\n\n<p>En total, Portugal produce unas 160 mil toneladas de corcho al a\u00f1o, lo que significa un 51% del corcho que se produce a nivel mundial. Algo m\u00e1s del 70% se produce en la regi\u00f3n del Alentejo.&nbsp;<\/p>\n\n\n\n<h2 class=\"wp-block-heading\" id=\"h-8-la-calzada-portuguesa-es-unica-y-dicen-que-soporto-un-rinoceronte-blanco\">8. La calzada portuguesa es \u00fanica y dicen que soport\u00f3 un rinoceronte blanco<\/h2>\n\n\n\n<p>Es lo primero que llama la atenci\u00f3n a los viajeros cuando visitamos Portugal: su suelo. No sabemos si nos parece m\u00e1s bonito o inc\u00f3modo, sobre todo si el d\u00eda es lluvioso o decides ponerte tacones. Lo que s\u00ed sabemos es que es \u00fanico y que fue utilizado tambi\u00e9n en Brasil. <\/p>\n\n\n\n<p>Los or\u00edgenes de la calzada portuguesa no est\u00e1n muy claros, aunque dicen que unas cartas regias enviadas en el siglo XV por el rey Manuel I, apodado El afortunado, podr\u00eda ser el <strong>inicio<\/strong>. No obstante, el objetivo parece bastante ins\u00f3lito: se cre\u00f3 para soportar el peso de Ganda, un rinoceronte blanco que trajeron de la India para la celebraci\u00f3n de uno de los aniversarios del rey.&nbsp;<\/p>\n\n\n\n<figure class=\"wp-block-image size-large\"><a href=\"https:\/\/www.escapadarural.com\/blog\/wp-content\/uploads\/AdobeStock_250047731-scaled.jpeg\"><img decoding=\"async\" src=\"https:\/\/www.escapadarural.com\/blog\/wp-content\/uploads\/AdobeStock_250047731-1024x683.jpeg\" alt=\"Funchal\" class=\"wp-image-52112\"\/><\/a><figcaption class=\"wp-element-caption\">Calzada en Funchal. Por dennisvdwater<\/figcaption><\/figure>\n\n\n\n<p>El empedrado portugu\u00e9s est\u00e1 hecho con piedras irregulares de basalto o piedra caliza. Entre ellas no se hecha cemento, si no que se apoyan unas contra otras con un martillo. En 1986 la C\u00e1mara Municipal de Lisboa abri\u00f3 una <a aria-label=\"escuela de calceteiros (opens in a new tab)\" href=\"https:\/\/buendiatours.com\/es\/blog\/calzada-portuguesa\" target=\"_blank\" rel=\"noreferrer noopener nofollow\" class=\"rank-math-link\">escuela de <em>calceteiros<\/em><\/a> para que se encargasen de reparar y mantener las calzadas. <\/p>\n\n\n\n<h2 class=\"wp-block-heading\" id=\"h-9-la-revolucion-de-los-claveles-solo-dejo-4-muertos\">9. La Revoluci\u00f3n de los claveles solo dej\u00f3 4 muertos<\/h2>\n\n\n\n<p>Al contrario de lo que puede sugerirnos la palabra revoluci\u00f3n, lo cierto es que la de los claveles, que acab\u00f3 con la dictadura de Ant\u00f3nio de Oliveira Salazar e instaur\u00f3 la democracia, no fue violenta. La jornada se caracteriz\u00f3 porque los militares <strong>comenzaron a colocar claveles<\/strong> -que una camarera les ofreci\u00f3 de un banquete de boda cancelado -en sus fusiles y tanques. El levantamiento fue pac\u00edfico y sin precedentes. Solo se contabilizaron 4 muertos. Como curiosidad los militares se enteraron del levantamiento a principios de abril con la canci\u00f3n de Eurovisi\u00f3n <em>E depois do adeus, <\/em>que qued\u00f3 en \u00faltimo lugar.&nbsp;<\/p>\n\n\n\n<h2 class=\"wp-block-heading\" id=\"h-10-la-tempura-fue-llevada-a-japon-por-los-portugueses\">10. La tempura fue llevada a Jap\u00f3n por los portugueses<\/h2>\n\n\n\n<p>Fue en 1543, cuando tres navegantes portugueses (Antonio da Mota, Francisco Zeimoto y Antonio Peixoto) que iban con rumbo a Macao se perdieron y llegaron a la isla de Tanegashima, en Jap\u00f3n. Los portugueses estuvieron en el pa\u00eds del sol naciente hasta mediados del siglo XVII y, durante su estancia, dejaron alguna receta de cocina como los <em><strong>peixinhos da horta<\/strong>. <\/em>Desde entonces, la m\u00e1s conocida como tempura es b\u00e1sica en la cocina nipona.&nbsp;<\/p>\n\n\n\n<h2 class=\"wp-block-heading\" id=\"h-11-el-terremoto-de-lisboa-de-1755-mato-entre-60-y-100-mil-personas\">11. El terremoto de Lisboa de 1755 mat\u00f3 entre 60 y 100 mil personas<\/h2>\n\n\n\n<p>El conocido como <a href=\"https:\/\/es.wikipedia.org\/wiki\/Terremoto_de_Lisboa_de_1755\" class=\"rank-math-link\" target=\"_blank\">gran terremoto de Lisboa<\/a> tuvo lugar el 1 de noviembre de 1955. Dur\u00f3 casi 10 interminables minutos y provoc\u00f3 una gran cat\u00e1strofe. En total se estima que murieron entre 60.000 y 100.000 personas (90.000 solo en Lisboa, pues la ciudad qued\u00f3 totalmente devastada). El temblor (de 8.7 a 9) estuvo precedido por un <strong>tsunami que afect\u00f3 tambi\u00e9n a la costa andaluza<\/strong>. En Espa\u00f1a hubo unos 5.000 muertos, en C\u00e1diz se formaron olas de entre 6 y 20 metros. El desastre afect\u00f3 a la catedral de Sevilla y se cree que incluso lleg\u00f3 a Mallorca. Dicen que el cord\u00f3n dunar de la playa de Es Trenc se rompi\u00f3 debido al terremoto.&nbsp;<\/p>\n\n\n\n<h2 class=\"wp-block-heading\" id=\"h-12-portugal-esta-en-tres-continentes\">12. Portugal est\u00e1 en tres continentes<\/h2>\n\n\n\n<p>La pen\u00ednsula de Portugal est\u00e1 en Europa. Esto lo ten\u00edamos todos claro. Sin embargo, \u00bfsab\u00edas que sus islas est\u00e1n geogr\u00e1ficamente situadas en continentes distintos? Seg\u00fan Geodiversidade de la Regi\u00f3n Aut\u00f3noma de Madeira, este archipi\u00e9lago compuesto por Madeira, Porto Santo, Desertas y las islas Salvajes est\u00e1n situadas en el noroeste de la placa africana. Forman parte de la <strong>Macaronesia<\/strong>, igual que las islas de las Azores. Sin embargo, de las 9 islas de este archipi\u00e9lago, dos de ellas (<a href=\"http:\/\/www.macaronesian.org\/es\/static\/azores\" target=\"_blank\">Flores y Corvo<\/a>), pertenecen a la placa americana.&nbsp;<\/p>\n\n\n\n<figure class=\"wp-block-image size-large\"><a href=\"https:\/\/www.escapadarural.com\/blog\/wp-content\/uploads\/2019\/04\/azores22-1.jpg\"><img decoding=\"async\" src=\"https:\/\/www.escapadarural.com\/blog\/wp-content\/uploads\/2019\/04\/azores22-1.jpg\" alt=\"Sete Cidades, A\u00e7ores\" class=\"wp-image-24900\"\/><\/a><figcaption class=\"wp-element-caption\">Sete Cidades, Azores. Por vickysp<\/figcaption><\/figure>\n\n\n\n<h2 class=\"wp-block-heading\" id=\"h-13-tuvieron-una-reina-que-fue-coronada-despues-de-muerta\">13. Tuvieron una reina que fue coronada despu\u00e9s de muerta<\/h2>\n\n\n\n<p>Hay historias de amor que son eternas. Y tr\u00e1gicas, todo sea dicho. Este fue el caso de la de Don Pedro e In\u00e9s de Castro, reyes de Portugal, aunque ella fue convertida en reina una vez estuvo muerta. A\u00fan con vida, el rey Alfonso IV no solo no aprobaba la relaci\u00f3n, sino que cre\u00eda que <strong>pod\u00eda amenazar la independencia de Portugal<\/strong>. Para evitarlo, mand\u00f3 asesinar a la joven. Una vez que Don Pedro subi\u00f3 al poder veng\u00f3 su muerte y declar\u00f3 que ella era su esposa, por lo que era la reina leg\u00edtima del pa\u00eds.&nbsp;<\/p>\n","protected":false},"excerpt":{"rendered":"<p>Portugal es uno de los pa\u00edses m\u00e1s antiguos del mundo, obtuvo la independencia en 1143. Para celebrar el su d\u00eda, os dejamos algunas curiosidades sobre Portugal que quiz\u00e1 desconoc\u00edas. <\/p>\n","protected":false},"author":89,"featured_media":100782,"comment_status":"open","ping_status":"open","sticky":false,"template":"","format":"standard","meta":{"_acf_changed":false,"om_disable_all_campaigns":false,"footnotes":""},"categories":[231],"tags":[4129,440,2140,215,2323,1382,538],"class_list":["post-52084","post","type-post","status-publish","format-standard","has-post-thumbnail","hentry","category-arte-y-cultura","tag-dia-de-portugal","tag-historias-y-curiosidades","tag-lisboa","tag-listado","tag-madeira","tag-oporto","tag-portugal"],"acf":[],"featured_image_src":"https:\/\/www.escapadarural.com\/blog\/wp-content\/uploads\/2024\/10\/lisboa2-2.jpg","author_info":{"display_name":"Laura Fern\u00e1ndez","author_link":"https:\/\/www.escapadarural.com\/blog\/autor\/laura\/"},"yoast_head":"<!-- This site is optimized with the Yoast SEO plugin v27.5 - https:\/\/yoast.com\/product\/yoast-seo-wordpress\/ -->\n<title>13 cosas que igual no sab\u00edas sobre Portugal - EscapadaRural<\/title>\n<meta name=\"robots\" content=\"index, follow, max-snippet:-1, max-image-preview:large, max-video-preview:-1\" \/>\n<link rel=\"canonical\" href=\"https:\/\/www.escapadarural.com\/blog\/curiosidades-sobre-portugal\/\" \/>\n<meta property=\"og:locale\" content=\"es_ES\" \/>\n<meta property=\"og:type\" content=\"article\" \/>\n<meta property=\"og:title\" content=\"13 cosas que igual no sab\u00edas sobre Portugal - EscapadaRural\" \/>\n<meta property=\"og:description\" content=\"Portugal es uno de los pa\u00edses m\u00e1s antiguos del mundo, obtuvo la independencia en 1143. Para celebrar el su d\u00eda, os dejamos algunas curiosidades sobre Portugal que quiz\u00e1 desconoc\u00edas.\" \/>\n<meta property=\"og:url\" content=\"https:\/\/www.escapadarural.com\/blog\/curiosidades-sobre-portugal\/\" \/>\n<meta property=\"og:site_name\" content=\"Magazine de viajes de EscapadaRural\" \/>\n<meta property=\"article:publisher\" content=\"https:\/\/www.facebook.com\/escapadarural\" \/>\n<meta property=\"article:published_time\" content=\"2022-06-10T09:14:08+00:00\" \/>\n<meta property=\"article:modified_time\" content=\"2025-08-04T09:10:52+00:00\" \/>\n<meta property=\"og:image\" content=\"https:\/\/www.escapadarural.com\/blog\/wp-content\/uploads\/2024\/10\/lisboa2-2.jpg?v=1754298653\" \/>\n\t<meta property=\"og:image:width\" content=\"1024\" \/>\n\t<meta property=\"og:image:height\" content=\"701\" \/>\n\t<meta property=\"og:image:type\" content=\"image\/jpeg\" \/>\n<meta name=\"author\" content=\"Laura Fern\u00e1ndez\" \/>\n<meta name=\"twitter:card\" content=\"summary_large_image\" \/>\n<meta name=\"twitter:label1\" content=\"Escrito por\" \/>\n\t<meta name=\"twitter:data1\" content=\"Laura Fern\u00e1ndez\" \/>\n\t<meta name=\"twitter:label2\" content=\"Tiempo de lectura\" \/>\n\t<meta name=\"twitter:data2\" content=\"6 minutos\" \/>\n<script type=\"application\/ld+json\" class=\"yoast-schema-graph\">{\"@context\":\"https:\\\/\\\/schema.org\",\"@graph\":[{\"@type\":\"Article\",\"@id\":\"https:\\\/\\\/www.escapadarural.com\\\/blog\\\/curiosidades-sobre-portugal\\\/#article\",\"isPartOf\":{\"@id\":\"https:\\\/\\\/www.escapadarural.com\\\/blog\\\/curiosidades-sobre-portugal\\\/\"},\"author\":{\"name\":\"Laura Fern\u00e1ndez\",\"@id\":\"https:\\\/\\\/www.escapadarural.com\\\/blog\\\/#\\\/schema\\\/person\\\/a9b46ae4d047d8a2c719f31e75206cff\"},\"headline\":\"13 cosas que igual no sab\u00edas sobre Portugal\",\"datePublished\":\"2022-06-10T09:14:08+00:00\",\"dateModified\":\"2025-08-04T09:10:52+00:00\",\"mainEntityOfPage\":{\"@id\":\"https:\\\/\\\/www.escapadarural.com\\\/blog\\\/curiosidades-sobre-portugal\\\/\"},\"wordCount\":1294,\"commentCount\":1,\"publisher\":{\"@id\":\"https:\\\/\\\/www.escapadarural.com\\\/blog\\\/#organization\"},\"image\":{\"@id\":\"https:\\\/\\\/www.escapadarural.com\\\/blog\\\/curiosidades-sobre-portugal\\\/#primaryimage\"},\"thumbnailUrl\":\"https:\\\/\\\/www.escapadarural.com\\\/blog\\\/wp-content\\\/uploads\\\/2024\\\/10\\\/lisboa2-2.jpg\",\"keywords\":[\"D\u00eda de Portugal\",\"Historias y Curiosidades\",\"Lisboa\",\"Listado\",\"Madeira\",\"Oporto\",\"portugal\"],\"articleSection\":[\"Arte y Cultura\"],\"inLanguage\":\"es\",\"potentialAction\":[{\"@type\":\"CommentAction\",\"name\":\"Comment\",\"target\":[\"https:\\\/\\\/www.escapadarural.com\\\/blog\\\/curiosidades-sobre-portugal\\\/#respond\"]}]},{\"@type\":\"WebPage\",\"@id\":\"https:\\\/\\\/www.escapadarural.com\\\/blog\\\/curiosidades-sobre-portugal\\\/\",\"url\":\"https:\\\/\\\/www.escapadarural.com\\\/blog\\\/curiosidades-sobre-portugal\\\/\",\"name\":\"13 cosas que igual no sab\u00edas sobre Portugal - EscapadaRural\",\"isPartOf\":{\"@id\":\"https:\\\/\\\/www.escapadarural.com\\\/blog\\\/#website\"},\"primaryImageOfPage\":{\"@id\":\"https:\\\/\\\/www.escapadarural.com\\\/blog\\\/curiosidades-sobre-portugal\\\/#primaryimage\"},\"image\":{\"@id\":\"https:\\\/\\\/www.escapadarural.com\\\/blog\\\/curiosidades-sobre-portugal\\\/#primaryimage\"},\"thumbnailUrl\":\"https:\\\/\\\/www.escapadarural.com\\\/blog\\\/wp-content\\\/uploads\\\/2024\\\/10\\\/lisboa2-2.jpg\",\"datePublished\":\"2022-06-10T09:14:08+00:00\",\"dateModified\":\"2025-08-04T09:10:52+00:00\",\"breadcrumb\":{\"@id\":\"https:\\\/\\\/www.escapadarural.com\\\/blog\\\/curiosidades-sobre-portugal\\\/#breadcrumb\"},\"inLanguage\":\"es\",\"potentialAction\":[{\"@type\":\"ReadAction\",\"target\":[\"https:\\\/\\\/www.escapadarural.com\\\/blog\\\/curiosidades-sobre-portugal\\\/\"]}]},{\"@type\":\"ImageObject\",\"inLanguage\":\"es\",\"@id\":\"https:\\\/\\\/www.escapadarural.com\\\/blog\\\/curiosidades-sobre-portugal\\\/#primaryimage\",\"url\":\"https:\\\/\\\/www.escapadarural.com\\\/blog\\\/wp-content\\\/uploads\\\/2024\\\/10\\\/lisboa2-2.jpg\",\"contentUrl\":\"https:\\\/\\\/www.escapadarural.com\\\/blog\\\/wp-content\\\/uploads\\\/2024\\\/10\\\/lisboa2-2.jpg\",\"width\":1024,\"height\":701,\"caption\":\"lisboa\"},{\"@type\":\"BreadcrumbList\",\"@id\":\"https:\\\/\\\/www.escapadarural.com\\\/blog\\\/curiosidades-sobre-portugal\\\/#breadcrumb\",\"itemListElement\":[{\"@type\":\"ListItem\",\"position\":1,\"name\":\"Inicio\",\"item\":\"https:\\\/\\\/www.escapadarural.com\\\/blog\\\/\"},{\"@type\":\"ListItem\",\"position\":2,\"name\":\"Arte y Cultura\",\"item\":\"https:\\\/\\\/www.escapadarural.com\\\/blog\\\/categoria\\\/arte-y-cultura\\\/\"},{\"@type\":\"ListItem\",\"position\":3,\"name\":\"13 cosas que igual no sab\u00edas sobre Portugal\"}]},{\"@type\":\"WebSite\",\"@id\":\"https:\\\/\\\/www.escapadarural.com\\\/blog\\\/#website\",\"url\":\"https:\\\/\\\/www.escapadarural.com\\\/blog\\\/\",\"name\":\"Blog de viajes | turismo rural, alojamientos e inspiraci\u00f3n\",\"description\":\"Alojamientos rurales e inspiraci\u00f3n para tus escapadas\",\"publisher\":{\"@id\":\"https:\\\/\\\/www.escapadarural.com\\\/blog\\\/#organization\"},\"alternateName\":\"Magazine de viajes de EscapadaRural\",\"potentialAction\":[{\"@type\":\"SearchAction\",\"target\":{\"@type\":\"EntryPoint\",\"urlTemplate\":\"https:\\\/\\\/www.escapadarural.com\\\/blog\\\/?s={search_term_string}\"},\"query-input\":{\"@type\":\"PropertyValueSpecification\",\"valueRequired\":true,\"valueName\":\"search_term_string\"}}],\"inLanguage\":\"es\"},{\"@type\":\"Organization\",\"@id\":\"https:\\\/\\\/www.escapadarural.com\\\/blog\\\/#organization\",\"name\":\"EscapadaRural\",\"url\":\"https:\\\/\\\/www.escapadarural.com\\\/blog\\\/\",\"logo\":{\"@type\":\"ImageObject\",\"inLanguage\":\"es\",\"@id\":\"https:\\\/\\\/www.escapadarural.com\\\/blog\\\/#\\\/schema\\\/logo\\\/image\\\/\",\"url\":\"https:\\\/\\\/www.escapadarural.com\\\/blog\\\/wp-content\\\/uploads\\\/2024\\\/10\\\/cropped-cropped-escapada-rural-icon-mag-3.png\",\"contentUrl\":\"https:\\\/\\\/www.escapadarural.com\\\/blog\\\/wp-content\\\/uploads\\\/2024\\\/10\\\/cropped-cropped-escapada-rural-icon-mag-3.png\",\"width\":512,\"height\":512,\"caption\":\"EscapadaRural\"},\"image\":{\"@id\":\"https:\\\/\\\/www.escapadarural.com\\\/blog\\\/#\\\/schema\\\/logo\\\/image\\\/\"},\"sameAs\":[\"https:\\\/\\\/www.facebook.com\\\/escapadarural\",\"https:\\\/\\\/www.instagram.com\\\/escapadarural\\\/\",\"https:\\\/\\\/www.youtube.com\\\/@escapadaruralcom\"]},{\"@type\":\"Person\",\"@id\":\"https:\\\/\\\/www.escapadarural.com\\\/blog\\\/#\\\/schema\\\/person\\\/a9b46ae4d047d8a2c719f31e75206cff\",\"name\":\"Laura Fern\u00e1ndez\",\"image\":{\"@type\":\"ImageObject\",\"inLanguage\":\"es\",\"@id\":\"https:\\\/\\\/www.escapadarural.com\\\/blog\\\/wp-content\\\/uploads\\\/2025\\\/01\\\/cropped-laura_raponchii-96x96.jpg\",\"url\":\"https:\\\/\\\/www.escapadarural.com\\\/blog\\\/wp-content\\\/uploads\\\/2025\\\/01\\\/cropped-laura_raponchii-96x96.jpg\",\"contentUrl\":\"https:\\\/\\\/www.escapadarural.com\\\/blog\\\/wp-content\\\/uploads\\\/2025\\\/01\\\/cropped-laura_raponchii-96x96.jpg\",\"caption\":\"Laura Fern\u00e1ndez\"},\"description\":\"Periodista, blogger y viajera. No necesariamente en ese orden. En ocasiones me despierto sin saber d\u00f3nde estoy. Adicta a los c\u00f3mics y a los noodles con salsa de cacahuete. Redactora en @escapadarural, colaboradora en la Conde Nast Traveler y en la Divinity. Mi casa: Meridiano180.\",\"sameAs\":[\"http:\\\/\\\/www.meridiano180.com\\\/\"],\"url\":\"https:\\\/\\\/www.escapadarural.com\\\/blog\\\/autor\\\/laura\\\/\"}]}<\/script>\n<!-- \/ Yoast SEO plugin. -->","yoast_head_json":{"title":"13 cosas que igual no sab\u00edas sobre Portugal - EscapadaRural","robots":{"index":"index","follow":"follow","max-snippet":"max-snippet:-1","max-image-preview":"max-image-preview:large","max-video-preview":"max-video-preview:-1"},"canonical":"https:\/\/www.escapadarural.com\/blog\/curiosidades-sobre-portugal\/","og_locale":"es_ES","og_type":"article","og_title":"13 cosas que igual no sab\u00edas sobre Portugal - EscapadaRural","og_description":"Portugal es uno de los pa\u00edses m\u00e1s antiguos del mundo, obtuvo la independencia en 1143. Para celebrar el su d\u00eda, os dejamos algunas curiosidades sobre Portugal que quiz\u00e1 desconoc\u00edas.","og_url":"https:\/\/www.escapadarural.com\/blog\/curiosidades-sobre-portugal\/","og_site_name":"Magazine de viajes de EscapadaRural","article_publisher":"https:\/\/www.facebook.com\/escapadarural","article_published_time":"2022-06-10T09:14:08+00:00","article_modified_time":"2025-08-04T09:10:52+00:00","og_image":[{"width":1024,"height":701,"url":"https:\/\/www.escapadarural.com\/blog\/wp-content\/uploads\/2024\/10\/lisboa2-2.jpg?v=1754298653","type":"image\/jpeg"}],"author":"Laura Fern\u00e1ndez","twitter_card":"summary_large_image","twitter_misc":{"Escrito por":"Laura Fern\u00e1ndez","Tiempo de lectura":"6 minutos"},"schema":{"@context":"https:\/\/schema.org","@graph":[{"@type":"Article","@id":"https:\/\/www.escapadarural.com\/blog\/curiosidades-sobre-portugal\/#article","isPartOf":{"@id":"https:\/\/www.escapadarural.com\/blog\/curiosidades-sobre-portugal\/"},"author":{"name":"Laura Fern\u00e1ndez","@id":"https:\/\/www.escapadarural.com\/blog\/#\/schema\/person\/a9b46ae4d047d8a2c719f31e75206cff"},"headline":"13 cosas que igual no sab\u00edas sobre Portugal","datePublished":"2022-06-10T09:14:08+00:00","dateModified":"2025-08-04T09:10:52+00:00","mainEntityOfPage":{"@id":"https:\/\/www.escapadarural.com\/blog\/curiosidades-sobre-portugal\/"},"wordCount":1294,"commentCount":1,"publisher":{"@id":"https:\/\/www.escapadarural.com\/blog\/#organization"},"image":{"@id":"https:\/\/www.escapadarural.com\/blog\/curiosidades-sobre-portugal\/#primaryimage"},"thumbnailUrl":"https:\/\/www.escapadarural.com\/blog\/wp-content\/uploads\/2024\/10\/lisboa2-2.jpg","keywords":["D\u00eda de Portugal","Historias y Curiosidades","Lisboa","Listado","Madeira","Oporto","portugal"],"articleSection":["Arte y Cultura"],"inLanguage":"es","potentialAction":[{"@type":"CommentAction","name":"Comment","target":["https:\/\/www.escapadarural.com\/blog\/curiosidades-sobre-portugal\/#respond"]}]},{"@type":"WebPage","@id":"https:\/\/www.escapadarural.com\/blog\/curiosidades-sobre-portugal\/","url":"https:\/\/www.escapadarural.com\/blog\/curiosidades-sobre-portugal\/","name":"13 cosas que igual no sab\u00edas sobre Portugal - EscapadaRural","isPartOf":{"@id":"https:\/\/www.escapadarural.com\/blog\/#website"},"primaryImageOfPage":{"@id":"https:\/\/www.escapadarural.com\/blog\/curiosidades-sobre-portugal\/#primaryimage"},"image":{"@id":"https:\/\/www.escapadarural.com\/blog\/curiosidades-sobre-portugal\/#primaryimage"},"thumbnailUrl":"https:\/\/www.escapadarural.com\/blog\/wp-content\/uploads\/2024\/10\/lisboa2-2.jpg","datePublished":"2022-06-10T09:14:08+00:00","dateModified":"2025-08-04T09:10:52+00:00","breadcrumb":{"@id":"https:\/\/www.escapadarural.com\/blog\/curiosidades-sobre-portugal\/#breadcrumb"},"inLanguage":"es","potentialAction":[{"@type":"ReadAction","target":["https:\/\/www.escapadarural.com\/blog\/curiosidades-sobre-portugal\/"]}]},{"@type":"ImageObject","inLanguage":"es","@id":"https:\/\/www.escapadarural.com\/blog\/curiosidades-sobre-portugal\/#primaryimage","url":"https:\/\/www.escapadarural.com\/blog\/wp-content\/uploads\/2024\/10\/lisboa2-2.jpg","contentUrl":"https:\/\/www.escapadarural.com\/blog\/wp-content\/uploads\/2024\/10\/lisboa2-2.jpg","width":1024,"height":701,"caption":"lisboa"},{"@type":"BreadcrumbList","@id":"https:\/\/www.escapadarural.com\/blog\/curiosidades-sobre-portugal\/#breadcrumb","itemListElement":[{"@type":"ListItem","position":1,"name":"Inicio","item":"https:\/\/www.escapadarural.com\/blog\/"},{"@type":"ListItem","position":2,"name":"Arte y Cultura","item":"https:\/\/www.escapadarural.com\/blog\/categoria\/arte-y-cultura\/"},{"@type":"ListItem","position":3,"name":"13 cosas que igual no sab\u00edas sobre Portugal"}]},{"@type":"WebSite","@id":"https:\/\/www.escapadarural.com\/blog\/#website","url":"https:\/\/www.escapadarural.com\/blog\/","name":"Blog de viajes | turismo rural, alojamientos e inspiraci\u00f3n","description":"Alojamientos rurales e inspiraci\u00f3n para tus escapadas","publisher":{"@id":"https:\/\/www.escapadarural.com\/blog\/#organization"},"alternateName":"Magazine de viajes de EscapadaRural","potentialAction":[{"@type":"SearchAction","target":{"@type":"EntryPoint","urlTemplate":"https:\/\/www.escapadarural.com\/blog\/?s={search_term_string}"},"query-input":{"@type":"PropertyValueSpecification","valueRequired":true,"valueName":"search_term_string"}}],"inLanguage":"es"},{"@type":"Organization","@id":"https:\/\/www.escapadarural.com\/blog\/#organization","name":"EscapadaRural","url":"https:\/\/www.escapadarural.com\/blog\/","logo":{"@type":"ImageObject","inLanguage":"es","@id":"https:\/\/www.escapadarural.com\/blog\/#\/schema\/logo\/image\/","url":"https:\/\/www.escapadarural.com\/blog\/wp-content\/uploads\/2024\/10\/cropped-cropped-escapada-rural-icon-mag-3.png","contentUrl":"https:\/\/www.escapadarural.com\/blog\/wp-content\/uploads\/2024\/10\/cropped-cropped-escapada-rural-icon-mag-3.png","width":512,"height":512,"caption":"EscapadaRural"},"image":{"@id":"https:\/\/www.escapadarural.com\/blog\/#\/schema\/logo\/image\/"},"sameAs":["https:\/\/www.facebook.com\/escapadarural","https:\/\/www.instagram.com\/escapadarural\/","https:\/\/www.youtube.com\/@escapadaruralcom"]},{"@type":"Person","@id":"https:\/\/www.escapadarural.com\/blog\/#\/schema\/person\/a9b46ae4d047d8a2c719f31e75206cff","name":"Laura Fern\u00e1ndez","image":{"@type":"ImageObject","inLanguage":"es","@id":"https:\/\/www.escapadarural.com\/blog\/wp-content\/uploads\/2025\/01\/cropped-laura_raponchii-96x96.jpg","url":"https:\/\/www.escapadarural.com\/blog\/wp-content\/uploads\/2025\/01\/cropped-laura_raponchii-96x96.jpg","contentUrl":"https:\/\/www.escapadarural.com\/blog\/wp-content\/uploads\/2025\/01\/cropped-laura_raponchii-96x96.jpg","caption":"Laura Fern\u00e1ndez"},"description":"Periodista, blogger y viajera. No necesariamente en ese orden. En ocasiones me despierto sin saber d\u00f3nde estoy. Adicta a los c\u00f3mics y a los noodles con salsa de cacahuete. Redactora en @escapadarural, colaboradora en la Conde Nast Traveler y en la Divinity. Mi casa: Meridiano180.","sameAs":["http:\/\/www.meridiano180.com\/"],"url":"https:\/\/www.escapadarural.com\/blog\/autor\/laura\/"}]}},"_links":{"self":[{"href":"https:\/\/www.escapadarural.com\/blog\/wp-json\/wp\/v2\/posts\/52084","targetHints":{"allow":["GET"]}}],"collection":[{"href":"https:\/\/www.escapadarural.com\/blog\/wp-json\/wp\/v2\/posts"}],"about":[{"href":"https:\/\/www.escapadarural.com\/blog\/wp-json\/wp\/v2\/types\/post"}],"author":[{"embeddable":true,"href":"https:\/\/www.escapadarural.com\/blog\/wp-json\/wp\/v2\/users\/89"}],"replies":[{"embeddable":true,"href":"https:\/\/www.escapadarural.com\/blog\/wp-json\/wp\/v2\/comments?post=52084"}],"version-history":[{"count":0,"href":"https:\/\/www.escapadarural.com\/blog\/wp-json\/wp\/v2\/posts\/52084\/revisions"}],"wp:featuredmedia":[{"embeddable":true,"href":"https:\/\/www.escapadarural.com\/blog\/wp-json\/wp\/v2\/media\/100782"}],"wp:attachment":[{"href":"https:\/\/www.escapadarural.com\/blog\/wp-json\/wp\/v2\/media?parent=52084"}],"wp:term":[{"taxonomy":"category","embeddable":true,"href":"https:\/\/www.escapadarural.com\/blog\/wp-json\/wp\/v2\/categories?post=52084"},{"taxonomy":"post_tag","embeddable":true,"href":"https:\/\/www.escapadarural.com\/blog\/wp-json\/wp\/v2\/tags?post=52084"}],"curies":[{"name":"wp","href":"https:\/\/api.w.org\/{rel}","templated":true}]}}