{"id":52179,"date":"2022-06-22T08:00:00","date_gmt":"2022-06-22T07:00:00","guid":{"rendered":"https:\/\/www.escapadarural.com\/blog\/?p=52179"},"modified":"2025-08-04T11:02:43","modified_gmt":"2025-08-04T09:02:43","slug":"tazones-desembarco-carlos-v","status":"publish","type":"post","link":"https:\/\/www.escapadarural.com\/blog\/tazones-desembarco-carlos-v\/","title":{"rendered":"Tazones, el pueblo donde desembarc\u00f3 Carlos V por error"},"content":{"rendered":"\n<figure class=\"wp-block-image size-large\"><a href=\"https:\/\/www.escapadarural.com\/blog\/wp-content\/uploads\/shutterstock_460585399.jpg\"><img loading=\"lazy\" decoding=\"async\" width=\"1024\" height=\"647\" src=\"https:\/\/www.escapadarural.com\/blog\/wp-content\/uploads\/shutterstock_460585399-1024x647.jpg\" alt=\"Tazones\" class=\"wp-image-52383\"\/><\/a><figcaption class=\"wp-element-caption\">Tazones. Por Javitouh<\/figcaption><\/figure>\n\n\n\n<p>Hay un lugar en <a href=\"https:\/\/www.escapadarural.com\/casas-rurales\/asturias\" class=\"rank-math-link\">Asturias<\/a>, un peque\u00f1o lugar, donde el que ser\u00eda uno de sus reyes m\u00e1s importantes del pa\u00eds puso por primera vez su pie al llegar a Espa\u00f1a. Ven\u00eda de Gante y no se le esperaba all\u00ed, en Tazones, sino mucho m\u00e1s al este. Hablamos nada m\u00e1s y nada menos que de la <strong>llegada a Espa\u00f1a de Carlos I<\/strong>, que ser\u00eda m\u00e1s tarde tambi\u00e9n Carlos V, emperador del Sacro Imperio Romano Germ\u00e1nico y mont\u00f3n de cosas m\u00e1s.<\/p>\n\n\n\n<p>Hab\u00eda nacido en Gante en el a\u00f1o 1500 y ten\u00eda 15 a\u00f1os cuando, el 23 de enero de 1516, muri\u00f3 Fernando el Cat\u00f3lico. \u00c9l era su nieto, as\u00ed que le correspond\u00eda la sucesi\u00f3n al trono.. Carlos era el primer <strong>hijo var\u00f3n de Felipe <em>el Hermoso<\/em> y Juana de Castilla<\/strong>. Ya saben, la conocida como Juana <em>la Loca<\/em>, que era hija de los Reyes Cat\u00f3licos. <\/p>\n\n\n\n<p>Felipe <em>el Hermoso<\/em> hab\u00eda muerto en 1506 y la pobre Juana estaba recluida en <a href=\"https:\/\/www.escapadarural.com\/casas-rurales\/tordesillas\" class=\"rank-math-link\">Tordesillas<\/a>. Esto hizo que los reinos de los cuatro abuelos de Carlos acabaran en sus manos. Y hablamos de dominios en lo que hoy es Espa\u00f1a, en el Nuevo Mundo, en Italia, en Flandes y en parte de Alemania, adem\u00e1s de un pu\u00f1ado de t\u00edtulos y honores.<\/p>\n\n\n\n<h2 class=\"wp-block-heading\" id=\"h-la-corte-de-carlos-esperaba-llegar-a-santander\">La corte de Carlos esperaba llegar a Santander<\/h2>\n\n\n\n<figure class=\"wp-block-image size-large\"><a href=\"https:\/\/www.escapadarural.com\/blog\/wp-content\/uploads\/shutterstock_107482319.jpg\"><img decoding=\"async\" src=\"https:\/\/www.escapadarural.com\/blog\/wp-content\/uploads\/shutterstock_107482319-1024x680.jpg\" alt=\"Tazones\" class=\"wp-image-52403\"\/><\/a><figcaption class=\"wp-element-caption\">Tazones. Por Noradoa<\/figcaption><\/figure>\n\n\n\n<p>Despu\u00e9s de dejar la situaci\u00f3n encauzada en su tierra natal, y cerradas ciertas alianzas que dieran tranquilidad all\u00ed, era el momento de que Carlos visitara sus territorios en Espa\u00f1a. Llevaba un a\u00f1o y medio como rey y si no quer\u00eda perder el poder, deb\u00eda ejercerlo. El 8 de septiembre de 1517 Carlos se hizo a la mar y puso rumbo a la pen\u00ednsula ib\u00e9rica, acompa\u00f1ado de un n\u00famero enorme de hombres y mujeres de su corte. Esperaban llegar a las costas santanderinas, sanos y salvos, en seis d\u00edas. Pero nada de eso ocurri\u00f3. <strong>Ni llegaron a <a href=\"https:\/\/www.escapadarural.com\/casas-rurales\/santander\" class=\"rank-math-link\">Santander<\/a>, ni llegaron sanos y salvos<\/strong>, ni lo hicieron en menos de una semana.<\/p>\n\n\n\n<p>Los vientos soplaron en contra y ralentiz\u00f3 la traves\u00eda. Esto hizo que no llegaran en seis d\u00edas. Adem\u00e1s, una tormenta especialmente fuerte caus\u00f3 que se desviaran de su rumbo, lo que los llev\u00f3 lejos de Santander. Por \u00faltimo, un fuego en <strong>uno de los barcos hizo que este se hundiera<\/strong> y se llevara al fondo con \u00e9l la vida de 160 personas. Lo que dec\u00edamos. Ni donde quer\u00edan, ni cuando quer\u00edan, ni todos los que ven\u00edan.<\/p>\n\n\n\n<figure class=\"wp-block-embed is-type-video is-provider-youtube wp-block-embed-youtube wp-embed-aspect-16-9 wp-has-aspect-ratio\"><div class=\"wp-block-embed__wrapper\">\n<span class=\"umFnpvgk4CKQPthGxo6R5Er2wMXaAsUTfjIbJY0NWHeS87ZD\"><div class=\"video-shortcode\"><iframe title=\"Desembarco de Carlos V en Tazones\" width=\"1200\" height=\"675\" src=\"https:\/\/www.youtube.com\/embed\/mYmZfxAwSEY?feature=oembed\" frameborder=\"0\" allow=\"accelerometer; autoplay; clipboard-write; encrypted-media; gyroscope; picture-in-picture; web-share\" referrerpolicy=\"strict-origin-when-cross-origin\" allowfullscreen><\/iframe><\/div><\/span>\n<\/div><\/figure>\n\n\n\n<p>El 19 de septiembre, unos cu\u00e1ntos d\u00edas m\u00e1s tarde de lo previsto cuando dej\u00f3 Flandes, la flota complet\u00f3 su viaje. Al final Carlos avist\u00f3 Espa\u00f1a no frente a Santander, como estaba previsto, sino frente a Asturias. Concretamente aparecieron unos <strong>40 enormes barcos frente a la costa de Tazones<\/strong>, un peque\u00f1o pueblo donde se arm\u00f3 un peque\u00f1o l\u00edo al ver lo que hab\u00eda en el mar.<\/p>\n\n\n\n<h2 class=\"wp-block-heading\" id=\"h-la-gente-de-tazones-tomo-la-flota-como-enemigos\">La gente de Tazones tom\u00f3 la flota como enemigos<\/h2>\n\n\n\n<figure class=\"wp-block-image size-large\"><a href=\"https:\/\/www.escapadarural.com\/blog\/wp-content\/uploads\/PUEBLO-PESQUERO-DE-TAZONES-FOTO-COMARCADELASIDRA-JOSE-SUAREZ.jpg\"><img decoding=\"async\" src=\"https:\/\/www.escapadarural.com\/blog\/wp-content\/uploads\/PUEBLO-PESQUERO-DE-TAZONES-FOTO-COMARCADELASIDRA-JOSE-SUAREZ-1024x683.jpg\" alt=\"Tazones\" class=\"wp-image-52382\"\/><\/a><figcaption class=\"wp-element-caption\">Tazones. Por Turismo de Villaviciosa<\/figcaption><\/figure>\n\n\n\n<p>No estaban advertidos de la llegada, como era natural, y los hombres y mujeres locales <strong>tomaron la visita como un ataque de alg\u00fan enemigo<\/strong>, quiz\u00e1s Francia o incluso de los turcos. Sabiendo que no hab\u00eda rey en Espa\u00f1a, tem\u00edan que los enemigos aprovecharan esa situaci\u00f3n para atacar e incluso conquistar el pa\u00eds.<\/p>\n\n\n\n<p>Ojo que iban equivocados tanto unos como otros, porque seg\u00fan parece, los pilotos de la flota pensaron que estaban frente a Vizcaya. Los primeros momentos de hostilidad de los lugare\u00f1os se disolvieron cuando bajaron a tierra algunos hombres de la corte y se aclar\u00f3 todo. Qui\u00e9nes eran, los de tierra y los que llegaban por mar, y d\u00f3nde estaban estos \u00faltimos. Llegaba nada menos que el rey.<\/p>\n\n\n\n<p>Ante esta situaci\u00f3n, los consejeros reales dudaron si continuar por mar hasta donde se les esperaba, o bajar a tierra. Pero las condiciones del mar y especialmente del viento, que no era favorable para poner proa a Santander, los llevaron a decidirse por usar aquella zona de Tazones y <a href=\"https:\/\/www.escapadarural.com\/casas-rurales\/villaviciosa\" class=\"rank-math-link\">Villaviciosa<\/a> como lugar de desembarco.<\/p>\n\n\n\n<p>Aclarado todo, el rey y toda su corte fueron llevados a tierra en peque\u00f1as barcas por la r\u00eda de Villaviciosa. Y as\u00ed fue c\u00f3mo Carlos I <strong>puso su pie por vez primera en la pen\u00ednsula ib\u00e9rica<\/strong> y pas\u00f3 su primera noche en Espa\u00f1a. Desde luego, no era el recibimiento que \u00e9l esperaba y no era el recibimiento que estaba preparado, aunque hab\u00eda cierta discreci\u00f3n por temor a los enemigos del rey.<\/p>\n\n\n\n<p>Aquella primera noche se tuvo que improvisar una cena para la colecci\u00f3n de bocas reales. Toda la vajilla y los enseres de cocina de la corte segu\u00edan a bordo de los barcos, as\u00ed que no hab\u00eda posibilidad de muchos lujos.<\/p>\n\n\n\n<h2 class=\"wp-block-heading\" id=\"h-el-rey-paso-cuatro-dias-en-villaviciosa\">El rey pas\u00f3 cuatro d\u00edas en Villaviciosa<\/h2>\n\n\n\n<figure class=\"wp-block-image size-large\"><a href=\"https:\/\/www.escapadarural.com\/blog\/wp-content\/uploads\/PLAYA-DE-RODILES-Y-RIA-DE-VILLAVICIOSA-FOTO-TURISMO-ASTURIAS-NOE-BARANDA.jpg\"><img decoding=\"async\" src=\"https:\/\/www.escapadarural.com\/blog\/wp-content\/uploads\/PLAYA-DE-RODILES-Y-RIA-DE-VILLAVICIOSA-FOTO-TURISMO-ASTURIAS-NOE-BARANDA.jpg\" alt=\"\" class=\"wp-image-52399\"\/><\/a><figcaption class=\"wp-element-caption\">Villaviciosa. Por Turismo de Villaviciosa<\/figcaption><\/figure>\n\n\n\n<p>El rey <strong>estuvo cuatro d\u00edas en Villaviciosa<\/strong> mientras se reun\u00edan los carromatos y bestias de tiro necesarias para el viaje hacia el centro de Espa\u00f1a. Tazones es una parroquia de Villaviciosa, por eso parece que el rey Carlos I desembarc\u00f3 en Tazones <a aria-label=\"pero pernoct\u00f3 en Villaviciosa (opens in a new tab)\" href=\"https:\/\/dialnet.unirioja.es\/descarga\/articulo\/6028647.pdf\" target=\"_blank\" rel=\"noreferrer noopener nofollow\" class=\"rank-math-link\">pero pernoct\u00f3 en Villaviciosa<\/a>, en la casa de Rodrigo de Hevia. Imaginen a este hombre, que de buenas a primeras se vio con el rey metido en su casa.<\/p>\n\n\n\n<p>Los barcos, cargados con todos los trastos de la corte, se movieron por la costa hacia el este. Pero Carlos I ya deb\u00eda estar harto de mar y sigui\u00f3 el camino por tierra. De Villaviciosa la comitiva real fue movi\u00e9ndose por la costa tambi\u00e9n hacia el este, pasando por Colunga, Ribadesella, Llanes\u2026 hasta cambiar al sur y pasar por el paso del Pozazal, en Cantabria, hacia la meseta.<\/p>\n\n\n\n<figure class=\"wp-block-image size-large\"><img decoding=\"async\" src=\"https:\/\/www.escapadarural.com\/blog\/wp-content\/uploads\/AdobeStock_461711787-1-1024x683.jpeg\" alt=\"Casa de Rodrigo de Hevia\" class=\"wp-image-52402\"\/><figcaption class=\"wp-element-caption\">Casa de Rodrigo de Hevia. Por Por&nbsp;lleandralacuerva<\/figcaption><\/figure>\n\n\n\n<p>Aquel viaje por la costa tampoco estaba preparado, como es l\u00f3gico, por lo que las improvisaciones con respecto a los alojamientos y rutas fueron moneda corriente. Y hay que tener en cuenta que el rey no se mov\u00eda solo, sino que por m\u00ednima que fuera la corte que lo acompa\u00f1ara, seguro que pasaba del centenar de personas en procesi\u00f3n.<\/p>\n\n\n\n<p>Por cierto, cada a\u00f1o, <strong>a mediados del mes de agosto, se conmemora este hecho<\/strong> de septiembre de 1517 con una recreaci\u00f3n de aquellos hechos en Tazones. Dado que no fue s\u00f3lo el rey el que lleg\u00f3 a Tazones como hemos visto, sino toda una corte, la fiesta da pie a muchos vestidos de \u00e9poca y a la participaci\u00f3n de un buen n\u00famero de personas.<\/p>\n\n\n\n<figure class=\"wp-block-embed is-type-video is-provider-youtube wp-block-embed-youtube wp-embed-aspect-16-9 wp-has-aspect-ratio\"><div class=\"wp-block-embed__wrapper\">\n<span class=\"LOuDKElF87Ri4yZtd5BUW9n0\"><div class=\"video-shortcode\"><iframe title=\"Desembarco de Carlos V en Tazones (Asturias): V Aniversario - Ayto. Villaviciosa  Fitur 2017\" width=\"1200\" height=\"675\" src=\"https:\/\/www.youtube.com\/embed\/AFfb_MF63hs?feature=oembed\" frameborder=\"0\" allow=\"accelerometer; autoplay; clipboard-write; encrypted-media; gyroscope; picture-in-picture; web-share\" referrerpolicy=\"strict-origin-when-cross-origin\" allowfullscreen><\/iframe><\/div><\/span>\n<\/div><\/figure>\n\n\n\n<div class=\"wp-block-buttons is-layout-flex wp-block-buttons-is-layout-flex\">\n<div class=\"wp-block-button\"><a class=\"wp-block-button__link wp-element-button\" href=\"https:\/\/www.escapadarural.com\/casas-rurales\/villaviciosa\">Casas rurales en Villaviciosa<\/a><\/div>\n<\/div>\n","protected":false},"excerpt":{"rendered":"<p>Hay un lugar en Asturias, un peque\u00f1o lugar, donde puso el pie por primera vez en Espa\u00f1a el que ser\u00eda uno de sus reyes m\u00e1s importantes. Ven\u00eda de Gante para pisar sus dominios en Espa\u00f1a por primera vez, y no se le esperaba all\u00ed, en Tazones, sino mucho m\u00e1s al este. Hablamos nada m\u00e1s y nada menos que de la llegada a Espa\u00f1a de Carlos I<\/p>\n","protected":false},"author":149,"featured_media":100675,"comment_status":"open","ping_status":"open","sticky":false,"template":"","format":"standard","meta":{"_acf_changed":false,"om_disable_all_campaigns":false,"footnotes":""},"categories":[231],"tags":[260,246,4180,218,440,4181,2061],"class_list":["post-52179","post","type-post","status-publish","format-standard","has-post-thumbnail","hentry","category-arte-y-cultura","tag-articulo","tag-que-ver-en-asturias","tag-carlos-i","tag-historia","tag-historias-y-curiosidades","tag-tazones","tag-villaviciosa"],"acf":[],"featured_image_src":"https:\/\/www.escapadarural.com\/blog\/wp-content\/uploads\/2024\/10\/shutterstock_460585399-1024x647-3.jpg","author_info":{"display_name":"Manuel Jes\u00fas Prieto","author_link":"https:\/\/www.escapadarural.com\/blog\/autor\/manuel\/"},"yoast_head":"<!-- This site is optimized with the Yoast SEO plugin v27.5 - https:\/\/yoast.com\/product\/yoast-seo-wordpress\/ -->\n<title>Tazones, el pueblo donde desembarc\u00f3 Carlos V por error - EscapadaRural<\/title>\n<meta name=\"robots\" content=\"index, follow, max-snippet:-1, max-image-preview:large, max-video-preview:-1\" \/>\n<link rel=\"canonical\" href=\"https:\/\/www.escapadarural.com\/blog\/tazones-desembarco-carlos-v\/\" \/>\n<meta property=\"og:locale\" content=\"es_ES\" \/>\n<meta property=\"og:type\" content=\"article\" \/>\n<meta property=\"og:title\" content=\"Tazones, el pueblo donde desembarc\u00f3 Carlos V por error - EscapadaRural\" \/>\n<meta property=\"og:description\" content=\"Hay un lugar en Asturias, un peque\u00f1o lugar, donde puso el pie por primera vez en Espa\u00f1a el que ser\u00eda uno de sus reyes m\u00e1s importantes. Ven\u00eda de Gante para pisar sus dominios en Espa\u00f1a por primera vez, y no se le esperaba all\u00ed, en Tazones, sino mucho m\u00e1s al este. Hablamos nada m\u00e1s y nada menos que de la llegada a Espa\u00f1a de Carlos I\" \/>\n<meta property=\"og:url\" content=\"https:\/\/www.escapadarural.com\/blog\/tazones-desembarco-carlos-v\/\" \/>\n<meta property=\"og:site_name\" content=\"Magazine de viajes de EscapadaRural\" \/>\n<meta property=\"article:publisher\" content=\"https:\/\/www.facebook.com\/escapadarural\" \/>\n<meta property=\"article:published_time\" content=\"2022-06-22T07:00:00+00:00\" \/>\n<meta property=\"article:modified_time\" content=\"2025-08-04T09:02:43+00:00\" \/>\n<meta property=\"og:image\" content=\"https:\/\/www.escapadarural.com\/blog\/wp-content\/uploads\/2024\/10\/shutterstock_460585399-1024x647-3.jpg?v=1754298165\" \/>\n\t<meta property=\"og:image:width\" content=\"1024\" \/>\n\t<meta property=\"og:image:height\" content=\"647\" \/>\n\t<meta property=\"og:image:type\" content=\"image\/jpeg\" \/>\n<meta name=\"author\" content=\"Manuel Jes\u00fas Prieto\" \/>\n<meta name=\"twitter:card\" content=\"summary_large_image\" \/>\n<meta name=\"twitter:label1\" content=\"Escrito por\" \/>\n\t<meta name=\"twitter:data1\" content=\"Manuel Jes\u00fas Prieto\" \/>\n\t<meta name=\"twitter:label2\" content=\"Tiempo de lectura\" \/>\n\t<meta name=\"twitter:data2\" content=\"6 minutos\" \/>\n<script type=\"application\/ld+json\" class=\"yoast-schema-graph\">{\"@context\":\"https:\\\/\\\/schema.org\",\"@graph\":[{\"@type\":\"Article\",\"@id\":\"https:\\\/\\\/www.escapadarural.com\\\/blog\\\/tazones-desembarco-carlos-v\\\/#article\",\"isPartOf\":{\"@id\":\"https:\\\/\\\/www.escapadarural.com\\\/blog\\\/tazones-desembarco-carlos-v\\\/\"},\"author\":{\"name\":\"Manuel Jes\u00fas Prieto\",\"@id\":\"https:\\\/\\\/www.escapadarural.com\\\/blog\\\/#\\\/schema\\\/person\\\/4065dfd21d15120c54fb2ac942df5353\"},\"headline\":\"Tazones, el pueblo donde desembarc\u00f3 Carlos V por error\",\"datePublished\":\"2022-06-22T07:00:00+00:00\",\"dateModified\":\"2025-08-04T09:02:43+00:00\",\"mainEntityOfPage\":{\"@id\":\"https:\\\/\\\/www.escapadarural.com\\\/blog\\\/tazones-desembarco-carlos-v\\\/\"},\"wordCount\":1163,\"commentCount\":1,\"publisher\":{\"@id\":\"https:\\\/\\\/www.escapadarural.com\\\/blog\\\/#organization\"},\"image\":{\"@id\":\"https:\\\/\\\/www.escapadarural.com\\\/blog\\\/tazones-desembarco-carlos-v\\\/#primaryimage\"},\"thumbnailUrl\":\"https:\\\/\\\/www.escapadarural.com\\\/blog\\\/wp-content\\\/uploads\\\/2024\\\/10\\\/shutterstock_460585399-1024x647-3.jpg\",\"keywords\":[\"art\u00edculo\",\"Asturias\",\"Carlos I\",\"Historia\",\"Historias y Curiosidades\",\"Tazones\",\"Villaviciosa\"],\"articleSection\":[\"Arte y Cultura\"],\"inLanguage\":\"es\",\"potentialAction\":[{\"@type\":\"CommentAction\",\"name\":\"Comment\",\"target\":[\"https:\\\/\\\/www.escapadarural.com\\\/blog\\\/tazones-desembarco-carlos-v\\\/#respond\"]}]},{\"@type\":\"WebPage\",\"@id\":\"https:\\\/\\\/www.escapadarural.com\\\/blog\\\/tazones-desembarco-carlos-v\\\/\",\"url\":\"https:\\\/\\\/www.escapadarural.com\\\/blog\\\/tazones-desembarco-carlos-v\\\/\",\"name\":\"Tazones, el pueblo donde desembarc\u00f3 Carlos V por error - EscapadaRural\",\"isPartOf\":{\"@id\":\"https:\\\/\\\/www.escapadarural.com\\\/blog\\\/#website\"},\"primaryImageOfPage\":{\"@id\":\"https:\\\/\\\/www.escapadarural.com\\\/blog\\\/tazones-desembarco-carlos-v\\\/#primaryimage\"},\"image\":{\"@id\":\"https:\\\/\\\/www.escapadarural.com\\\/blog\\\/tazones-desembarco-carlos-v\\\/#primaryimage\"},\"thumbnailUrl\":\"https:\\\/\\\/www.escapadarural.com\\\/blog\\\/wp-content\\\/uploads\\\/2024\\\/10\\\/shutterstock_460585399-1024x647-3.jpg\",\"datePublished\":\"2022-06-22T07:00:00+00:00\",\"dateModified\":\"2025-08-04T09:02:43+00:00\",\"breadcrumb\":{\"@id\":\"https:\\\/\\\/www.escapadarural.com\\\/blog\\\/tazones-desembarco-carlos-v\\\/#breadcrumb\"},\"inLanguage\":\"es\",\"potentialAction\":[{\"@type\":\"ReadAction\",\"target\":[\"https:\\\/\\\/www.escapadarural.com\\\/blog\\\/tazones-desembarco-carlos-v\\\/\"]}]},{\"@type\":\"ImageObject\",\"inLanguage\":\"es\",\"@id\":\"https:\\\/\\\/www.escapadarural.com\\\/blog\\\/tazones-desembarco-carlos-v\\\/#primaryimage\",\"url\":\"https:\\\/\\\/www.escapadarural.com\\\/blog\\\/wp-content\\\/uploads\\\/2024\\\/10\\\/shutterstock_460585399-1024x647-3.jpg\",\"contentUrl\":\"https:\\\/\\\/www.escapadarural.com\\\/blog\\\/wp-content\\\/uploads\\\/2024\\\/10\\\/shutterstock_460585399-1024x647-3.jpg\",\"width\":1024,\"height\":647,\"caption\":\"Un pueblo costero de edificios blancos y tejados rojos se asienta junto a aguas cristalinas de color turquesa, bordeado por un malec\u00f3n de piedra y frondosas colinas verdes bajo un cielo azul con nubes dispersas.\"},{\"@type\":\"BreadcrumbList\",\"@id\":\"https:\\\/\\\/www.escapadarural.com\\\/blog\\\/tazones-desembarco-carlos-v\\\/#breadcrumb\",\"itemListElement\":[{\"@type\":\"ListItem\",\"position\":1,\"name\":\"Inicio\",\"item\":\"https:\\\/\\\/www.escapadarural.com\\\/blog\\\/\"},{\"@type\":\"ListItem\",\"position\":2,\"name\":\"Arte y Cultura\",\"item\":\"https:\\\/\\\/www.escapadarural.com\\\/blog\\\/categoria\\\/arte-y-cultura\\\/\"},{\"@type\":\"ListItem\",\"position\":3,\"name\":\"Tazones, el pueblo donde desembarc\u00f3 Carlos V por error\"}]},{\"@type\":\"WebSite\",\"@id\":\"https:\\\/\\\/www.escapadarural.com\\\/blog\\\/#website\",\"url\":\"https:\\\/\\\/www.escapadarural.com\\\/blog\\\/\",\"name\":\"Blog de viajes | turismo rural, alojamientos e inspiraci\u00f3n\",\"description\":\"Alojamientos rurales e inspiraci\u00f3n para tus escapadas\",\"publisher\":{\"@id\":\"https:\\\/\\\/www.escapadarural.com\\\/blog\\\/#organization\"},\"alternateName\":\"Magazine de viajes de EscapadaRural\",\"potentialAction\":[{\"@type\":\"SearchAction\",\"target\":{\"@type\":\"EntryPoint\",\"urlTemplate\":\"https:\\\/\\\/www.escapadarural.com\\\/blog\\\/?s={search_term_string}\"},\"query-input\":{\"@type\":\"PropertyValueSpecification\",\"valueRequired\":true,\"valueName\":\"search_term_string\"}}],\"inLanguage\":\"es\"},{\"@type\":\"Organization\",\"@id\":\"https:\\\/\\\/www.escapadarural.com\\\/blog\\\/#organization\",\"name\":\"EscapadaRural\",\"url\":\"https:\\\/\\\/www.escapadarural.com\\\/blog\\\/\",\"logo\":{\"@type\":\"ImageObject\",\"inLanguage\":\"es\",\"@id\":\"https:\\\/\\\/www.escapadarural.com\\\/blog\\\/#\\\/schema\\\/logo\\\/image\\\/\",\"url\":\"https:\\\/\\\/www.escapadarural.com\\\/blog\\\/wp-content\\\/uploads\\\/2024\\\/10\\\/cropped-cropped-escapada-rural-icon-mag-3.png\",\"contentUrl\":\"https:\\\/\\\/www.escapadarural.com\\\/blog\\\/wp-content\\\/uploads\\\/2024\\\/10\\\/cropped-cropped-escapada-rural-icon-mag-3.png\",\"width\":512,\"height\":512,\"caption\":\"EscapadaRural\"},\"image\":{\"@id\":\"https:\\\/\\\/www.escapadarural.com\\\/blog\\\/#\\\/schema\\\/logo\\\/image\\\/\"},\"sameAs\":[\"https:\\\/\\\/www.facebook.com\\\/escapadarural\",\"https:\\\/\\\/www.instagram.com\\\/escapadarural\\\/\",\"https:\\\/\\\/www.youtube.com\\\/@escapadaruralcom\"]},{\"@type\":\"Person\",\"@id\":\"https:\\\/\\\/www.escapadarural.com\\\/blog\\\/#\\\/schema\\\/person\\\/4065dfd21d15120c54fb2ac942df5353\",\"name\":\"Manuel Jes\u00fas Prieto\",\"image\":{\"@type\":\"ImageObject\",\"inLanguage\":\"es\",\"@id\":\"https:\\\/\\\/secure.gravatar.com\\\/avatar\\\/37b0a60089415adf7fccf5a36cbba1736d8f005f236f1e2dde1c27f78214b0f9?s=96&d=mm&r=g\",\"url\":\"https:\\\/\\\/secure.gravatar.com\\\/avatar\\\/37b0a60089415adf7fccf5a36cbba1736d8f005f236f1e2dde1c27f78214b0f9?s=96&d=mm&r=g\",\"contentUrl\":\"https:\\\/\\\/secure.gravatar.com\\\/avatar\\\/37b0a60089415adf7fccf5a36cbba1736d8f005f236f1e2dde1c27f78214b0f9?s=96&d=mm&r=g\",\"caption\":\"Manuel Jes\u00fas Prieto\"},\"url\":\"https:\\\/\\\/www.escapadarural.com\\\/blog\\\/autor\\\/manuel\\\/\"}]}<\/script>\n<!-- \/ Yoast SEO plugin. -->","yoast_head_json":{"title":"Tazones, el pueblo donde desembarc\u00f3 Carlos V por error - EscapadaRural","robots":{"index":"index","follow":"follow","max-snippet":"max-snippet:-1","max-image-preview":"max-image-preview:large","max-video-preview":"max-video-preview:-1"},"canonical":"https:\/\/www.escapadarural.com\/blog\/tazones-desembarco-carlos-v\/","og_locale":"es_ES","og_type":"article","og_title":"Tazones, el pueblo donde desembarc\u00f3 Carlos V por error - EscapadaRural","og_description":"Hay un lugar en Asturias, un peque\u00f1o lugar, donde puso el pie por primera vez en Espa\u00f1a el que ser\u00eda uno de sus reyes m\u00e1s importantes. Ven\u00eda de Gante para pisar sus dominios en Espa\u00f1a por primera vez, y no se le esperaba all\u00ed, en Tazones, sino mucho m\u00e1s al este. Hablamos nada m\u00e1s y nada menos que de la llegada a Espa\u00f1a de Carlos I","og_url":"https:\/\/www.escapadarural.com\/blog\/tazones-desembarco-carlos-v\/","og_site_name":"Magazine de viajes de EscapadaRural","article_publisher":"https:\/\/www.facebook.com\/escapadarural","article_published_time":"2022-06-22T07:00:00+00:00","article_modified_time":"2025-08-04T09:02:43+00:00","og_image":[{"width":1024,"height":647,"url":"https:\/\/www.escapadarural.com\/blog\/wp-content\/uploads\/2024\/10\/shutterstock_460585399-1024x647-3.jpg?v=1754298165","type":"image\/jpeg"}],"author":"Manuel Jes\u00fas Prieto","twitter_card":"summary_large_image","twitter_misc":{"Escrito por":"Manuel Jes\u00fas Prieto","Tiempo de lectura":"6 minutos"},"schema":{"@context":"https:\/\/schema.org","@graph":[{"@type":"Article","@id":"https:\/\/www.escapadarural.com\/blog\/tazones-desembarco-carlos-v\/#article","isPartOf":{"@id":"https:\/\/www.escapadarural.com\/blog\/tazones-desembarco-carlos-v\/"},"author":{"name":"Manuel Jes\u00fas Prieto","@id":"https:\/\/www.escapadarural.com\/blog\/#\/schema\/person\/4065dfd21d15120c54fb2ac942df5353"},"headline":"Tazones, el pueblo donde desembarc\u00f3 Carlos V por error","datePublished":"2022-06-22T07:00:00+00:00","dateModified":"2025-08-04T09:02:43+00:00","mainEntityOfPage":{"@id":"https:\/\/www.escapadarural.com\/blog\/tazones-desembarco-carlos-v\/"},"wordCount":1163,"commentCount":1,"publisher":{"@id":"https:\/\/www.escapadarural.com\/blog\/#organization"},"image":{"@id":"https:\/\/www.escapadarural.com\/blog\/tazones-desembarco-carlos-v\/#primaryimage"},"thumbnailUrl":"https:\/\/www.escapadarural.com\/blog\/wp-content\/uploads\/2024\/10\/shutterstock_460585399-1024x647-3.jpg","keywords":["art\u00edculo","Asturias","Carlos I","Historia","Historias y Curiosidades","Tazones","Villaviciosa"],"articleSection":["Arte y Cultura"],"inLanguage":"es","potentialAction":[{"@type":"CommentAction","name":"Comment","target":["https:\/\/www.escapadarural.com\/blog\/tazones-desembarco-carlos-v\/#respond"]}]},{"@type":"WebPage","@id":"https:\/\/www.escapadarural.com\/blog\/tazones-desembarco-carlos-v\/","url":"https:\/\/www.escapadarural.com\/blog\/tazones-desembarco-carlos-v\/","name":"Tazones, el pueblo donde desembarc\u00f3 Carlos V por error - EscapadaRural","isPartOf":{"@id":"https:\/\/www.escapadarural.com\/blog\/#website"},"primaryImageOfPage":{"@id":"https:\/\/www.escapadarural.com\/blog\/tazones-desembarco-carlos-v\/#primaryimage"},"image":{"@id":"https:\/\/www.escapadarural.com\/blog\/tazones-desembarco-carlos-v\/#primaryimage"},"thumbnailUrl":"https:\/\/www.escapadarural.com\/blog\/wp-content\/uploads\/2024\/10\/shutterstock_460585399-1024x647-3.jpg","datePublished":"2022-06-22T07:00:00+00:00","dateModified":"2025-08-04T09:02:43+00:00","breadcrumb":{"@id":"https:\/\/www.escapadarural.com\/blog\/tazones-desembarco-carlos-v\/#breadcrumb"},"inLanguage":"es","potentialAction":[{"@type":"ReadAction","target":["https:\/\/www.escapadarural.com\/blog\/tazones-desembarco-carlos-v\/"]}]},{"@type":"ImageObject","inLanguage":"es","@id":"https:\/\/www.escapadarural.com\/blog\/tazones-desembarco-carlos-v\/#primaryimage","url":"https:\/\/www.escapadarural.com\/blog\/wp-content\/uploads\/2024\/10\/shutterstock_460585399-1024x647-3.jpg","contentUrl":"https:\/\/www.escapadarural.com\/blog\/wp-content\/uploads\/2024\/10\/shutterstock_460585399-1024x647-3.jpg","width":1024,"height":647,"caption":"Un pueblo costero de edificios blancos y tejados rojos se asienta junto a aguas cristalinas de color turquesa, bordeado por un malec\u00f3n de piedra y frondosas colinas verdes bajo un cielo azul con nubes dispersas."},{"@type":"BreadcrumbList","@id":"https:\/\/www.escapadarural.com\/blog\/tazones-desembarco-carlos-v\/#breadcrumb","itemListElement":[{"@type":"ListItem","position":1,"name":"Inicio","item":"https:\/\/www.escapadarural.com\/blog\/"},{"@type":"ListItem","position":2,"name":"Arte y Cultura","item":"https:\/\/www.escapadarural.com\/blog\/categoria\/arte-y-cultura\/"},{"@type":"ListItem","position":3,"name":"Tazones, el pueblo donde desembarc\u00f3 Carlos V por error"}]},{"@type":"WebSite","@id":"https:\/\/www.escapadarural.com\/blog\/#website","url":"https:\/\/www.escapadarural.com\/blog\/","name":"Blog de viajes | turismo rural, alojamientos e inspiraci\u00f3n","description":"Alojamientos rurales e inspiraci\u00f3n para tus escapadas","publisher":{"@id":"https:\/\/www.escapadarural.com\/blog\/#organization"},"alternateName":"Magazine de viajes de EscapadaRural","potentialAction":[{"@type":"SearchAction","target":{"@type":"EntryPoint","urlTemplate":"https:\/\/www.escapadarural.com\/blog\/?s={search_term_string}"},"query-input":{"@type":"PropertyValueSpecification","valueRequired":true,"valueName":"search_term_string"}}],"inLanguage":"es"},{"@type":"Organization","@id":"https:\/\/www.escapadarural.com\/blog\/#organization","name":"EscapadaRural","url":"https:\/\/www.escapadarural.com\/blog\/","logo":{"@type":"ImageObject","inLanguage":"es","@id":"https:\/\/www.escapadarural.com\/blog\/#\/schema\/logo\/image\/","url":"https:\/\/www.escapadarural.com\/blog\/wp-content\/uploads\/2024\/10\/cropped-cropped-escapada-rural-icon-mag-3.png","contentUrl":"https:\/\/www.escapadarural.com\/blog\/wp-content\/uploads\/2024\/10\/cropped-cropped-escapada-rural-icon-mag-3.png","width":512,"height":512,"caption":"EscapadaRural"},"image":{"@id":"https:\/\/www.escapadarural.com\/blog\/#\/schema\/logo\/image\/"},"sameAs":["https:\/\/www.facebook.com\/escapadarural","https:\/\/www.instagram.com\/escapadarural\/","https:\/\/www.youtube.com\/@escapadaruralcom"]},{"@type":"Person","@id":"https:\/\/www.escapadarural.com\/blog\/#\/schema\/person\/4065dfd21d15120c54fb2ac942df5353","name":"Manuel Jes\u00fas Prieto","image":{"@type":"ImageObject","inLanguage":"es","@id":"https:\/\/secure.gravatar.com\/avatar\/37b0a60089415adf7fccf5a36cbba1736d8f005f236f1e2dde1c27f78214b0f9?s=96&d=mm&r=g","url":"https:\/\/secure.gravatar.com\/avatar\/37b0a60089415adf7fccf5a36cbba1736d8f005f236f1e2dde1c27f78214b0f9?s=96&d=mm&r=g","contentUrl":"https:\/\/secure.gravatar.com\/avatar\/37b0a60089415adf7fccf5a36cbba1736d8f005f236f1e2dde1c27f78214b0f9?s=96&d=mm&r=g","caption":"Manuel Jes\u00fas Prieto"},"url":"https:\/\/www.escapadarural.com\/blog\/autor\/manuel\/"}]}},"_links":{"self":[{"href":"https:\/\/www.escapadarural.com\/blog\/wp-json\/wp\/v2\/posts\/52179","targetHints":{"allow":["GET"]}}],"collection":[{"href":"https:\/\/www.escapadarural.com\/blog\/wp-json\/wp\/v2\/posts"}],"about":[{"href":"https:\/\/www.escapadarural.com\/blog\/wp-json\/wp\/v2\/types\/post"}],"author":[{"embeddable":true,"href":"https:\/\/www.escapadarural.com\/blog\/wp-json\/wp\/v2\/users\/149"}],"replies":[{"embeddable":true,"href":"https:\/\/www.escapadarural.com\/blog\/wp-json\/wp\/v2\/comments?post=52179"}],"version-history":[{"count":0,"href":"https:\/\/www.escapadarural.com\/blog\/wp-json\/wp\/v2\/posts\/52179\/revisions"}],"wp:featuredmedia":[{"embeddable":true,"href":"https:\/\/www.escapadarural.com\/blog\/wp-json\/wp\/v2\/media\/100675"}],"wp:attachment":[{"href":"https:\/\/www.escapadarural.com\/blog\/wp-json\/wp\/v2\/media?parent=52179"}],"wp:term":[{"taxonomy":"category","embeddable":true,"href":"https:\/\/www.escapadarural.com\/blog\/wp-json\/wp\/v2\/categories?post=52179"},{"taxonomy":"post_tag","embeddable":true,"href":"https:\/\/www.escapadarural.com\/blog\/wp-json\/wp\/v2\/tags?post=52179"}],"curies":[{"name":"wp","href":"https:\/\/api.w.org\/{rel}","templated":true}]}}