{"id":52526,"date":"2022-06-29T08:22:29","date_gmt":"2022-06-29T07:22:29","guid":{"rendered":"https:\/\/www.escapadarural.com\/blog\/?p=52526"},"modified":"2025-08-12T17:20:28","modified_gmt":"2025-08-12T15:20:28","slug":"campillo-de-ranas-bodas-lgtbi","status":"publish","type":"post","link":"https:\/\/www.escapadarural.com\/blog\/campillo-de-ranas-bodas-lgtbi\/","title":{"rendered":"Campillo de Ranas: primer \u2018s\u00ed, quiero\u2019 LGTBI en la Espa\u00f1a rural"},"content":{"rendered":"\n<figure class=\"wp-block-image size-large\"><a href=\"https:\/\/www.escapadarural.com\/blog\/wp-content\/uploads\/AdobeStock_73062734-scaled.jpeg\"><img decoding=\"async\" src=\"https:\/\/www.escapadarural.com\/blog\/wp-content\/uploads\/AdobeStock_73062734-1024x683.jpeg\" alt=\"Campillo de Ranas\" class=\"wp-image-52560\"\/><\/a><figcaption class=\"wp-element-caption\">Campillo de Ranas. Por bsanchez<\/figcaption><\/figure>\n\n\n\n<p>El 30 de junio de 2005, el Congreso de los Diputados aprob\u00f3 oficialmente <strong>la ley que permite a las personas del mismo sexo contraer matrimonio<\/strong> con los mismos derechos que las personas heterosexuales, lo que incluye la adopci\u00f3n. Esa modificaci\u00f3n del C\u00f3digo Penal, que se llev\u00f3 a cabo con Jos\u00e9 Luis Rodr\u00edguez Zapatero (PSOE) como Presidente del Gobierno, caus\u00f3 un gran revuelo entre partidarios y opositores. Los primeros lo celebraron \u2013Espa\u00f1a se convirti\u00f3 en el cuarto pa\u00eds del mundo en reconocer este derecho\u2013 y los opositores se indignaron.&nbsp;<\/p>\n\n\n\n<p>De hecho, los alcaldes de algunas localidades expresaron su negativa a oficiar bodas homosexuales, unos apelando a la objeci\u00f3n de conciencia y otros a razones a\u00fan m\u00e1s conservadoras. No fue el caso del regidor del <strong>pueblo guadalajare\u00f1o <\/strong><a href=\"https:\/\/www.escapadarural.com\/casas-rurales\/campillo-de-ranas\" class=\"rank-math-link\"><strong>Campillo de Ranas<\/strong><\/a>, que decidi\u00f3 que all\u00ed iban a poder casarse las parejas que quisieran, sin que importase nada m\u00e1s que su deseo de unirse en matrimonio. <\/p>\n\n\n\n<p>As\u00ed, Campillo de Ranas se convirti\u00f3 en un referente nacional, un punto de referencia aperturista en medio del <a href=\"https:\/\/www.escapadarural.com\/casas-rurales\/sierra-norte-de-guadalajara\" class=\"rank-math-link\">Parque Natural de la Sierra Norte de Guadalajara<\/a> donde la celebraci\u00f3n ganaba al enfrentamiento.<\/p>\n\n\n\n<figure class=\"wp-block-image size-large\"><a href=\"https:\/\/www.escapadarural.com\/blog\/wp-content\/uploads\/AdobeStock_73062728-scaled.jpeg\"><img decoding=\"async\" src=\"https:\/\/www.escapadarural.com\/blog\/wp-content\/uploads\/AdobeStock_73062728-1024x683.jpeg\" alt=\"Campillo de Ranas\" class=\"wp-image-52561\"\/><\/a><figcaption class=\"wp-element-caption\">Campillo de Ranas. Por bsanchez<\/figcaption><\/figure>\n\n\n\n<p>Ese <strong>alcalde comprometido <\/strong>es Francisco Maroto, que contin\u00faa estando al frente del consistorio. Lleg\u00f3 a Campillo de Ranas con otros dos amigos en 1984 y, desde entonces, es su hogar. \u201cAntes de venir no ten\u00eda relaci\u00f3n alguna con el pueblo. Pero estuvimos trabajando con el Instituto para la Conservaci\u00f3n de la Naturaleza (ICONA), con el servicio forestal y conocimos esta zona, que es muy bonita y nos gust\u00f3, as\u00ed que nos vinimos a ella\u201d, comenta por tel\u00e9fono a Escapada Rural.<\/p>\n\n\n\n<p>Cuando llegaron, en el pueblo solo <strong>viv\u00edan cuatro familias que les acogieron <\/strong>sin ning\u00fan problema. \u201cPuertas abiertas para todo\u201d, explica Maroto, que acab\u00f3 llegando a la alcald\u00eda porque \u201cllega un momento en el que tienes que involucrarte en pol\u00edticas si quieres que tu pueblo tome un tono u otro\u201d. El que tom\u00f3 Campillo de Ranas fue el multicolor de la bandera LGTBI.<\/p>\n\n\n\n<h2 class=\"wp-block-heading\" id=\"h-el-si-quiero-de-campillo-de-ranas\"><strong>El \u201cs\u00ed, quiero<\/strong>\u201d de Campillo de Ranas<\/h2>\n\n\n\n<figure class=\"wp-block-image size-large\"><a href=\"https:\/\/www.escapadarural.com\/blog\/wp-content\/uploads\/AdobeStock_400708609-scaled.jpeg\"><img decoding=\"async\" src=\"https:\/\/www.escapadarural.com\/blog\/wp-content\/uploads\/AdobeStock_400708609-1024x683.jpeg\" alt=\"Campillo de Ranas\" class=\"wp-image-52562\"\/><\/a><figcaption class=\"wp-element-caption\">Campillo de Ranas. Por h368k742<\/figcaption><\/figure>\n\n\n\n<p>La ley de 2005 supuso un terremoto a nivel nacional, aunque no en Campillo de Ranas m\u00e1s all\u00e1 del aumento de visitas. La vida de la localidad no se vio alterada porque \u201ces un pueblo que brilla por su tolerancia y no hubo ninguna revoluci\u00f3n porque no necesitaba cambiar\u201d, afirma el alcalde. Desde entonces, Maroto ha <strong>oficiado m\u00e1s de 300 o 400 bodas<\/strong>, no lleva la cuenta exacta. Dice que cada fin de semana hay uniones matrimoniales en el pueblo, tanto gays como heterosexuales.&nbsp;<\/p>\n\n\n\n<p>\u201cNosotros ten\u00edamos una afluencia muy estacional. El pistoletazo de salida era el Puente del Pilar, el 12 de octubre, y la temporada duraba hasta el \u00faltimo puente de mayo. Luego se cortaba el turismo porque todo el p\u00fablico ven\u00eda de Madrid y la gente se iba a la playa\u201d, explica en relaci\u00f3n al plano tur\u00edstico.&nbsp;<\/p>\n\n\n\n<p>Las bodas ayudaron a cubrir ese hueco, porque son celebraciones que se suelen llevar a cabo en verano, cuando hace buen tiempo. \u201cSi una boda tiene 120 invitados, pues son 120 personas que tienen que dormir, desayunar o irse a tomar una cerveza. Y nos ha dado a conocer gratuitamente porque la gente que viene a las bodas, <strong>conoce el pueblo y acaba volviendo porque les encanta<\/strong>\u201d, afirma el edil.&nbsp;&nbsp;<\/p>\n\n\n\n<p>Los atractivos de la localidad no son pocos y, adem\u00e1s, se encuentra a solo hora y media de Madrid. Como desarrolla su alcalde, orgulloso: \u201cEs el <strong>centro de la ruta de la arquitectura negra<\/strong>, a 1.100 metros de altura en el centro total del Parque Natural de la Sierra Norte. Es un sitio maravilloso, con casas de piedra de pizarra, bosques de roble y arroyos transparentes. Vivimos en un sitio incre\u00edble\u201d.&nbsp;<\/p>\n\n\n\n<p>El n\u00famero de personas que residen en Campillo de Ranas \u2013que est\u00e1 compuesto por cinco n\u00facleos de poblaci\u00f3n\u2013 ha crecido considerablemente desde los a\u00f1os 80 del siglo pasado, aunque Maroto se\u00f1ala algunos matices. \u201cSomos 200 y pico en el padr\u00f3n, pero realmente viviendo todos los d\u00edas del a\u00f1o, estaremos entre 70 u 80 personas. Ahora mismo hay <strong>17 casas rurales, cuatro restaurantes y un bar<\/strong>, lo que supone puestos de trabajo. Aqu\u00ed se puede vivir\u201d.<\/p>\n\n\n\n<p>Pese a que han pasado casi m\u00e1s de dos d\u00e9cadas, <strong>Campillo de Ranas sigue siendo un oasis LGTBI<\/strong> en el \u00e1mbito rural, donde a\u00fan no es f\u00e1cil formar parte de dicho colectivo. \u201cNo en nuestro caso, ni mucho menos. Pero que esto es como cuando se habla del movimiento LGTBI en Madrid, Barcelona o Bilbao y nos olvidamos de que Teruel existe. A nivel de un pueblo en el que por la despoblaci\u00f3n viven 15 personas, salir del armario es muy complicado\u201d, desarrolla Maroto.<\/p>\n\n\n\n<figure class=\"wp-block-embed is-type-video is-provider-youtube wp-block-embed-youtube wp-embed-aspect-16-9 wp-has-aspect-ratio\"><div class=\"wp-block-embed__wrapper\">\n<span class=\"dMQ0IJfRtzNwUsCKFulYPEiVcqB2Xnpbo3G8eaDHygSm97OL6AhkWZT1\"><div class=\"video-shortcode\"><iframe title=\"Yo me quiero aqu\u00ed,  por la visibilizaci\u00f3n del colectivo LGTBI en las zonas rurales.\" width=\"1200\" height=\"675\" src=\"https:\/\/www.youtube.com\/embed\/L8RFz3J0A7A?feature=oembed\" frameborder=\"0\" allow=\"accelerometer; autoplay; clipboard-write; encrypted-media; gyroscope; picture-in-picture; web-share\" referrerpolicy=\"strict-origin-when-cross-origin\" allowfullscreen><\/iframe><\/div><\/span>\n<\/div><\/figure>\n\n\n\n<p>Tambi\u00e9n observa que: \u201cA nivel nacional, creo que estamos un poco estancados. Se han conseguido much\u00edsimas cosas,<strong> el avance ha sido tremendo pero no hay que dormirse<\/strong> en los laureles porque todo vuelve para atr\u00e1s\u201d. En el momento en el que se est\u00e1 escribiendo este art\u00edculo, en Oslo se han cancelado los actos planificados para la fiesta del Orgullo tras un tiroteo en una discoteca LGTBI+ del centro de la ciudad. Murieron dos personas y 20 resultaron heridas, y las autoridades noruegas tem\u00edan que se repitieran los atentados si contin\u00faan con las actividades programadas.&nbsp;<\/p>\n\n\n\n<p>En pleno siglo XXI, el activismo de Francisco Maroto sigue siendo esencial. Comenta que no conoce otras iniciativas como la suya en el marco rural, aunque s\u00ed hay organizaciones trabajando por <strong>la visibilizaci\u00f3n LGTBI en la Espa\u00f1a vaciada<\/strong>. Algunos de los m\u00e1s activos son el colectivo Orgullo Serrano de C\u00e1diz o la Asociaci\u00f3n Plural LGTBI Mancha Centro de Alc\u00e1zar de San Juan, que en 2019 llev\u00f3 a cabo la campa\u00f1a <em>Yo me quiero aqu\u00ed<\/em> con dicho objetivo. La <strong>igualdad de derechos<\/strong> siempre por bandera, en este caso multicolor.<\/p>\n\n\n\n<div class=\"wp-block-buttons is-layout-flex wp-block-buttons-is-layout-flex\">\n<div class=\"wp-block-button\"><a class=\"wp-block-button__link wp-element-button\" href=\"https:\/\/www.escapadarural.com\/casas-rurales\/campillo-de-ranas\">Casas rurales en Campillo de Ranas<\/a><\/div>\n<\/div>\n","protected":false},"excerpt":{"rendered":"<p>Campillo de Ranas decidi\u00f3 en 2005 que all\u00ed iban a poder casarse las parejas que quisieran, sin que importase nada m\u00e1s que su deseo de unirse en matrimonio. Su alcalde ya ha oficiado m\u00e1s de 300 bodas<\/p>\n","protected":false},"author":114,"featured_media":52560,"comment_status":"open","ping_status":"open","sticky":false,"template":"","format":"standard","meta":{"_acf_changed":false,"om_disable_all_campaigns":false,"footnotes":""},"categories":[231],"tags":[2936,260,4216,3942,341,440,4217,4218,4219,4220,212],"class_list":["post-52526","post","type-post","status-publish","format-standard","has-post-thumbnail","hentry","category-arte-y-cultura","tag-arquitectura-negra","tag-articulo","tag-bodas-homosexuales","tag-campillo-de-ranas","tag-que-ver-en-guadalajara","tag-historias-y-curiosidades","tag-lgtbi","tag-orgullo-lgbti","tag-orgullo-rural","tag-parque-natural-sierra-norte","tag-pueblos"],"acf":[],"featured_image_src":"https:\/\/www.escapadarural.com\/blog\/wp-content\/uploads\/2022\/06\/AdobeStock_73062734-scaled-1.jpeg","author_info":{"display_name":"Carmen L\u00f3pez","author_link":"https:\/\/www.escapadarural.com\/blog\/autor\/carmenlopez\/"},"yoast_head":"<!-- This site is optimized with the Yoast SEO plugin v27.5 - https:\/\/yoast.com\/product\/yoast-seo-wordpress\/ -->\n<title>Campillo de Ranas: primer \u2018s\u00ed, quiero\u2019 LGTBI en la Espa\u00f1a rural - EscapadaRural<\/title>\n<meta name=\"robots\" content=\"index, follow, max-snippet:-1, max-image-preview:large, max-video-preview:-1\" \/>\n<link rel=\"canonical\" href=\"https:\/\/www.escapadarural.com\/blog\/campillo-de-ranas-bodas-lgtbi\/\" \/>\n<meta property=\"og:locale\" content=\"es_ES\" \/>\n<meta property=\"og:type\" content=\"article\" \/>\n<meta property=\"og:title\" content=\"Campillo de Ranas: primer \u2018s\u00ed, quiero\u2019 LGTBI en la Espa\u00f1a rural - EscapadaRural\" \/>\n<meta property=\"og:description\" content=\"Campillo de Ranas decidi\u00f3 en 2005 que all\u00ed iban a poder casarse las parejas que quisieran, sin que importase nada m\u00e1s que su deseo de unirse en matrimonio. Su alcalde ya ha oficiado m\u00e1s de 300 bodas\" \/>\n<meta property=\"og:url\" content=\"https:\/\/www.escapadarural.com\/blog\/campillo-de-ranas-bodas-lgtbi\/\" \/>\n<meta property=\"og:site_name\" content=\"Magazine de viajes de EscapadaRural\" \/>\n<meta property=\"article:publisher\" content=\"https:\/\/www.facebook.com\/escapadarural\" \/>\n<meta property=\"article:published_time\" content=\"2022-06-29T07:22:29+00:00\" \/>\n<meta property=\"article:modified_time\" content=\"2025-08-12T15:20:28+00:00\" \/>\n<meta property=\"og:image\" content=\"https:\/\/www.escapadarural.com\/blog\/wp-content\/uploads\/2022\/06\/AdobeStock_73062734-scaled-1.jpeg?v=1755012030\" \/>\n\t<meta property=\"og:image:width\" content=\"2048\" \/>\n\t<meta property=\"og:image:height\" content=\"1365\" \/>\n\t<meta property=\"og:image:type\" content=\"image\/jpeg\" \/>\n<meta name=\"author\" content=\"Carmen L\u00f3pez\" \/>\n<meta name=\"twitter:card\" content=\"summary_large_image\" \/>\n<meta name=\"twitter:label1\" content=\"Escrito por\" \/>\n\t<meta name=\"twitter:data1\" content=\"Carmen L\u00f3pez\" \/>\n\t<meta name=\"twitter:label2\" content=\"Tiempo de lectura\" \/>\n\t<meta name=\"twitter:data2\" content=\"5 minutos\" \/>\n<script type=\"application\/ld+json\" class=\"yoast-schema-graph\">{\"@context\":\"https:\\\/\\\/schema.org\",\"@graph\":[{\"@type\":\"Article\",\"@id\":\"https:\\\/\\\/www.escapadarural.com\\\/blog\\\/campillo-de-ranas-bodas-lgtbi\\\/#article\",\"isPartOf\":{\"@id\":\"https:\\\/\\\/www.escapadarural.com\\\/blog\\\/campillo-de-ranas-bodas-lgtbi\\\/\"},\"author\":{\"name\":\"Carmen L\u00f3pez\",\"@id\":\"https:\\\/\\\/www.escapadarural.com\\\/blog\\\/#\\\/schema\\\/person\\\/42dfdff6118172efc6a04c8ae599a2ce\"},\"headline\":\"Campillo de Ranas: primer \u2018s\u00ed, quiero\u2019 LGTBI en la Espa\u00f1a rural\",\"datePublished\":\"2022-06-29T07:22:29+00:00\",\"dateModified\":\"2025-08-12T15:20:28+00:00\",\"mainEntityOfPage\":{\"@id\":\"https:\\\/\\\/www.escapadarural.com\\\/blog\\\/campillo-de-ranas-bodas-lgtbi\\\/\"},\"wordCount\":1045,\"commentCount\":0,\"publisher\":{\"@id\":\"https:\\\/\\\/www.escapadarural.com\\\/blog\\\/#organization\"},\"image\":{\"@id\":\"https:\\\/\\\/www.escapadarural.com\\\/blog\\\/campillo-de-ranas-bodas-lgtbi\\\/#primaryimage\"},\"thumbnailUrl\":\"https:\\\/\\\/www.escapadarural.com\\\/blog\\\/wp-content\\\/uploads\\\/2022\\\/06\\\/AdobeStock_73062734-scaled-1.jpeg\",\"keywords\":[\"Arquitectura Negra\",\"art\u00edculo\",\"bodas homosexuales\",\"Campillo de Ranas\",\"Guadalajara\",\"Historias y Curiosidades\",\"lgtbi\",\"orgullo lgbti\",\"orgullo rural\",\"Parque natural sierra norte\",\"pueblos\"],\"articleSection\":[\"Arte y Cultura\"],\"inLanguage\":\"es\",\"potentialAction\":[{\"@type\":\"CommentAction\",\"name\":\"Comment\",\"target\":[\"https:\\\/\\\/www.escapadarural.com\\\/blog\\\/campillo-de-ranas-bodas-lgtbi\\\/#respond\"]}]},{\"@type\":\"WebPage\",\"@id\":\"https:\\\/\\\/www.escapadarural.com\\\/blog\\\/campillo-de-ranas-bodas-lgtbi\\\/\",\"url\":\"https:\\\/\\\/www.escapadarural.com\\\/blog\\\/campillo-de-ranas-bodas-lgtbi\\\/\",\"name\":\"Campillo de Ranas: primer \u2018s\u00ed, quiero\u2019 LGTBI en la Espa\u00f1a rural - EscapadaRural\",\"isPartOf\":{\"@id\":\"https:\\\/\\\/www.escapadarural.com\\\/blog\\\/#website\"},\"primaryImageOfPage\":{\"@id\":\"https:\\\/\\\/www.escapadarural.com\\\/blog\\\/campillo-de-ranas-bodas-lgtbi\\\/#primaryimage\"},\"image\":{\"@id\":\"https:\\\/\\\/www.escapadarural.com\\\/blog\\\/campillo-de-ranas-bodas-lgtbi\\\/#primaryimage\"},\"thumbnailUrl\":\"https:\\\/\\\/www.escapadarural.com\\\/blog\\\/wp-content\\\/uploads\\\/2022\\\/06\\\/AdobeStock_73062734-scaled-1.jpeg\",\"datePublished\":\"2022-06-29T07:22:29+00:00\",\"dateModified\":\"2025-08-12T15:20:28+00:00\",\"breadcrumb\":{\"@id\":\"https:\\\/\\\/www.escapadarural.com\\\/blog\\\/campillo-de-ranas-bodas-lgtbi\\\/#breadcrumb\"},\"inLanguage\":\"es\",\"potentialAction\":[{\"@type\":\"ReadAction\",\"target\":[\"https:\\\/\\\/www.escapadarural.com\\\/blog\\\/campillo-de-ranas-bodas-lgtbi\\\/\"]}]},{\"@type\":\"ImageObject\",\"inLanguage\":\"es\",\"@id\":\"https:\\\/\\\/www.escapadarural.com\\\/blog\\\/campillo-de-ranas-bodas-lgtbi\\\/#primaryimage\",\"url\":\"https:\\\/\\\/www.escapadarural.com\\\/blog\\\/wp-content\\\/uploads\\\/2022\\\/06\\\/AdobeStock_73062734-scaled-1.jpeg\",\"contentUrl\":\"https:\\\/\\\/www.escapadarural.com\\\/blog\\\/wp-content\\\/uploads\\\/2022\\\/06\\\/AdobeStock_73062734-scaled-1.jpeg\",\"width\":2048,\"height\":1365,\"caption\":\"Campillo de Ranas. Por bsanchez\"},{\"@type\":\"BreadcrumbList\",\"@id\":\"https:\\\/\\\/www.escapadarural.com\\\/blog\\\/campillo-de-ranas-bodas-lgtbi\\\/#breadcrumb\",\"itemListElement\":[{\"@type\":\"ListItem\",\"position\":1,\"name\":\"Inicio\",\"item\":\"https:\\\/\\\/www.escapadarural.com\\\/blog\\\/\"},{\"@type\":\"ListItem\",\"position\":2,\"name\":\"Arte y Cultura\",\"item\":\"https:\\\/\\\/www.escapadarural.com\\\/blog\\\/categoria\\\/arte-y-cultura\\\/\"},{\"@type\":\"ListItem\",\"position\":3,\"name\":\"Campillo de Ranas: primer \u2018s\u00ed, quiero\u2019 LGTBI en la Espa\u00f1a rural\"}]},{\"@type\":\"WebSite\",\"@id\":\"https:\\\/\\\/www.escapadarural.com\\\/blog\\\/#website\",\"url\":\"https:\\\/\\\/www.escapadarural.com\\\/blog\\\/\",\"name\":\"Blog de viajes | turismo rural, alojamientos e inspiraci\u00f3n\",\"description\":\"Alojamientos rurales e inspiraci\u00f3n para tus escapadas\",\"publisher\":{\"@id\":\"https:\\\/\\\/www.escapadarural.com\\\/blog\\\/#organization\"},\"alternateName\":\"Magazine de viajes de EscapadaRural\",\"potentialAction\":[{\"@type\":\"SearchAction\",\"target\":{\"@type\":\"EntryPoint\",\"urlTemplate\":\"https:\\\/\\\/www.escapadarural.com\\\/blog\\\/?s={search_term_string}\"},\"query-input\":{\"@type\":\"PropertyValueSpecification\",\"valueRequired\":true,\"valueName\":\"search_term_string\"}}],\"inLanguage\":\"es\"},{\"@type\":\"Organization\",\"@id\":\"https:\\\/\\\/www.escapadarural.com\\\/blog\\\/#organization\",\"name\":\"EscapadaRural\",\"url\":\"https:\\\/\\\/www.escapadarural.com\\\/blog\\\/\",\"logo\":{\"@type\":\"ImageObject\",\"inLanguage\":\"es\",\"@id\":\"https:\\\/\\\/www.escapadarural.com\\\/blog\\\/#\\\/schema\\\/logo\\\/image\\\/\",\"url\":\"https:\\\/\\\/www.escapadarural.com\\\/blog\\\/wp-content\\\/uploads\\\/2024\\\/10\\\/cropped-cropped-escapada-rural-icon-mag-3.png\",\"contentUrl\":\"https:\\\/\\\/www.escapadarural.com\\\/blog\\\/wp-content\\\/uploads\\\/2024\\\/10\\\/cropped-cropped-escapada-rural-icon-mag-3.png\",\"width\":512,\"height\":512,\"caption\":\"EscapadaRural\"},\"image\":{\"@id\":\"https:\\\/\\\/www.escapadarural.com\\\/blog\\\/#\\\/schema\\\/logo\\\/image\\\/\"},\"sameAs\":[\"https:\\\/\\\/www.facebook.com\\\/escapadarural\",\"https:\\\/\\\/www.instagram.com\\\/escapadarural\\\/\",\"https:\\\/\\\/www.youtube.com\\\/@escapadaruralcom\"]},{\"@type\":\"Person\",\"@id\":\"https:\\\/\\\/www.escapadarural.com\\\/blog\\\/#\\\/schema\\\/person\\\/42dfdff6118172efc6a04c8ae599a2ce\",\"name\":\"Carmen L\u00f3pez\",\"image\":{\"@type\":\"ImageObject\",\"inLanguage\":\"es\",\"@id\":\"https:\\\/\\\/www.escapadarural.com\\\/blog\\\/wp-content\\\/uploads\\\/2024\\\/11\\\/cropped-perfil_eldiario-96x96-1-96x96.jpeg\",\"url\":\"https:\\\/\\\/www.escapadarural.com\\\/blog\\\/wp-content\\\/uploads\\\/2024\\\/11\\\/cropped-perfil_eldiario-96x96-1-96x96.jpeg\",\"contentUrl\":\"https:\\\/\\\/www.escapadarural.com\\\/blog\\\/wp-content\\\/uploads\\\/2024\\\/11\\\/cropped-perfil_eldiario-96x96-1-96x96.jpeg\",\"caption\":\"Carmen L\u00f3pez\"},\"description\":\"Soy periodista y escribo sobre cosas que importan en sitios que interesan desde hace m\u00e1s de una d\u00e9cada.\",\"url\":\"https:\\\/\\\/www.escapadarural.com\\\/blog\\\/autor\\\/carmenlopez\\\/\"}]}<\/script>\n<!-- \/ Yoast SEO plugin. -->","yoast_head_json":{"title":"Campillo de Ranas: primer \u2018s\u00ed, quiero\u2019 LGTBI en la Espa\u00f1a rural - EscapadaRural","robots":{"index":"index","follow":"follow","max-snippet":"max-snippet:-1","max-image-preview":"max-image-preview:large","max-video-preview":"max-video-preview:-1"},"canonical":"https:\/\/www.escapadarural.com\/blog\/campillo-de-ranas-bodas-lgtbi\/","og_locale":"es_ES","og_type":"article","og_title":"Campillo de Ranas: primer \u2018s\u00ed, quiero\u2019 LGTBI en la Espa\u00f1a rural - EscapadaRural","og_description":"Campillo de Ranas decidi\u00f3 en 2005 que all\u00ed iban a poder casarse las parejas que quisieran, sin que importase nada m\u00e1s que su deseo de unirse en matrimonio. Su alcalde ya ha oficiado m\u00e1s de 300 bodas","og_url":"https:\/\/www.escapadarural.com\/blog\/campillo-de-ranas-bodas-lgtbi\/","og_site_name":"Magazine de viajes de EscapadaRural","article_publisher":"https:\/\/www.facebook.com\/escapadarural","article_published_time":"2022-06-29T07:22:29+00:00","article_modified_time":"2025-08-12T15:20:28+00:00","og_image":[{"width":2048,"height":1365,"url":"https:\/\/www.escapadarural.com\/blog\/wp-content\/uploads\/2022\/06\/AdobeStock_73062734-scaled-1.jpeg?v=1755012030","type":"image\/jpeg"}],"author":"Carmen L\u00f3pez","twitter_card":"summary_large_image","twitter_misc":{"Escrito por":"Carmen L\u00f3pez","Tiempo de lectura":"5 minutos"},"schema":{"@context":"https:\/\/schema.org","@graph":[{"@type":"Article","@id":"https:\/\/www.escapadarural.com\/blog\/campillo-de-ranas-bodas-lgtbi\/#article","isPartOf":{"@id":"https:\/\/www.escapadarural.com\/blog\/campillo-de-ranas-bodas-lgtbi\/"},"author":{"name":"Carmen L\u00f3pez","@id":"https:\/\/www.escapadarural.com\/blog\/#\/schema\/person\/42dfdff6118172efc6a04c8ae599a2ce"},"headline":"Campillo de Ranas: primer \u2018s\u00ed, quiero\u2019 LGTBI en la Espa\u00f1a rural","datePublished":"2022-06-29T07:22:29+00:00","dateModified":"2025-08-12T15:20:28+00:00","mainEntityOfPage":{"@id":"https:\/\/www.escapadarural.com\/blog\/campillo-de-ranas-bodas-lgtbi\/"},"wordCount":1045,"commentCount":0,"publisher":{"@id":"https:\/\/www.escapadarural.com\/blog\/#organization"},"image":{"@id":"https:\/\/www.escapadarural.com\/blog\/campillo-de-ranas-bodas-lgtbi\/#primaryimage"},"thumbnailUrl":"https:\/\/www.escapadarural.com\/blog\/wp-content\/uploads\/2022\/06\/AdobeStock_73062734-scaled-1.jpeg","keywords":["Arquitectura Negra","art\u00edculo","bodas homosexuales","Campillo de Ranas","Guadalajara","Historias y Curiosidades","lgtbi","orgullo lgbti","orgullo rural","Parque natural sierra norte","pueblos"],"articleSection":["Arte y Cultura"],"inLanguage":"es","potentialAction":[{"@type":"CommentAction","name":"Comment","target":["https:\/\/www.escapadarural.com\/blog\/campillo-de-ranas-bodas-lgtbi\/#respond"]}]},{"@type":"WebPage","@id":"https:\/\/www.escapadarural.com\/blog\/campillo-de-ranas-bodas-lgtbi\/","url":"https:\/\/www.escapadarural.com\/blog\/campillo-de-ranas-bodas-lgtbi\/","name":"Campillo de Ranas: primer \u2018s\u00ed, quiero\u2019 LGTBI en la Espa\u00f1a rural - EscapadaRural","isPartOf":{"@id":"https:\/\/www.escapadarural.com\/blog\/#website"},"primaryImageOfPage":{"@id":"https:\/\/www.escapadarural.com\/blog\/campillo-de-ranas-bodas-lgtbi\/#primaryimage"},"image":{"@id":"https:\/\/www.escapadarural.com\/blog\/campillo-de-ranas-bodas-lgtbi\/#primaryimage"},"thumbnailUrl":"https:\/\/www.escapadarural.com\/blog\/wp-content\/uploads\/2022\/06\/AdobeStock_73062734-scaled-1.jpeg","datePublished":"2022-06-29T07:22:29+00:00","dateModified":"2025-08-12T15:20:28+00:00","breadcrumb":{"@id":"https:\/\/www.escapadarural.com\/blog\/campillo-de-ranas-bodas-lgtbi\/#breadcrumb"},"inLanguage":"es","potentialAction":[{"@type":"ReadAction","target":["https:\/\/www.escapadarural.com\/blog\/campillo-de-ranas-bodas-lgtbi\/"]}]},{"@type":"ImageObject","inLanguage":"es","@id":"https:\/\/www.escapadarural.com\/blog\/campillo-de-ranas-bodas-lgtbi\/#primaryimage","url":"https:\/\/www.escapadarural.com\/blog\/wp-content\/uploads\/2022\/06\/AdobeStock_73062734-scaled-1.jpeg","contentUrl":"https:\/\/www.escapadarural.com\/blog\/wp-content\/uploads\/2022\/06\/AdobeStock_73062734-scaled-1.jpeg","width":2048,"height":1365,"caption":"Campillo de Ranas. Por bsanchez"},{"@type":"BreadcrumbList","@id":"https:\/\/www.escapadarural.com\/blog\/campillo-de-ranas-bodas-lgtbi\/#breadcrumb","itemListElement":[{"@type":"ListItem","position":1,"name":"Inicio","item":"https:\/\/www.escapadarural.com\/blog\/"},{"@type":"ListItem","position":2,"name":"Arte y Cultura","item":"https:\/\/www.escapadarural.com\/blog\/categoria\/arte-y-cultura\/"},{"@type":"ListItem","position":3,"name":"Campillo de Ranas: primer \u2018s\u00ed, quiero\u2019 LGTBI en la Espa\u00f1a rural"}]},{"@type":"WebSite","@id":"https:\/\/www.escapadarural.com\/blog\/#website","url":"https:\/\/www.escapadarural.com\/blog\/","name":"Blog de viajes | turismo rural, alojamientos e inspiraci\u00f3n","description":"Alojamientos rurales e inspiraci\u00f3n para tus escapadas","publisher":{"@id":"https:\/\/www.escapadarural.com\/blog\/#organization"},"alternateName":"Magazine de viajes de EscapadaRural","potentialAction":[{"@type":"SearchAction","target":{"@type":"EntryPoint","urlTemplate":"https:\/\/www.escapadarural.com\/blog\/?s={search_term_string}"},"query-input":{"@type":"PropertyValueSpecification","valueRequired":true,"valueName":"search_term_string"}}],"inLanguage":"es"},{"@type":"Organization","@id":"https:\/\/www.escapadarural.com\/blog\/#organization","name":"EscapadaRural","url":"https:\/\/www.escapadarural.com\/blog\/","logo":{"@type":"ImageObject","inLanguage":"es","@id":"https:\/\/www.escapadarural.com\/blog\/#\/schema\/logo\/image\/","url":"https:\/\/www.escapadarural.com\/blog\/wp-content\/uploads\/2024\/10\/cropped-cropped-escapada-rural-icon-mag-3.png","contentUrl":"https:\/\/www.escapadarural.com\/blog\/wp-content\/uploads\/2024\/10\/cropped-cropped-escapada-rural-icon-mag-3.png","width":512,"height":512,"caption":"EscapadaRural"},"image":{"@id":"https:\/\/www.escapadarural.com\/blog\/#\/schema\/logo\/image\/"},"sameAs":["https:\/\/www.facebook.com\/escapadarural","https:\/\/www.instagram.com\/escapadarural\/","https:\/\/www.youtube.com\/@escapadaruralcom"]},{"@type":"Person","@id":"https:\/\/www.escapadarural.com\/blog\/#\/schema\/person\/42dfdff6118172efc6a04c8ae599a2ce","name":"Carmen L\u00f3pez","image":{"@type":"ImageObject","inLanguage":"es","@id":"https:\/\/www.escapadarural.com\/blog\/wp-content\/uploads\/2024\/11\/cropped-perfil_eldiario-96x96-1-96x96.jpeg","url":"https:\/\/www.escapadarural.com\/blog\/wp-content\/uploads\/2024\/11\/cropped-perfil_eldiario-96x96-1-96x96.jpeg","contentUrl":"https:\/\/www.escapadarural.com\/blog\/wp-content\/uploads\/2024\/11\/cropped-perfil_eldiario-96x96-1-96x96.jpeg","caption":"Carmen L\u00f3pez"},"description":"Soy periodista y escribo sobre cosas que importan en sitios que interesan desde hace m\u00e1s de una d\u00e9cada.","url":"https:\/\/www.escapadarural.com\/blog\/autor\/carmenlopez\/"}]}},"_links":{"self":[{"href":"https:\/\/www.escapadarural.com\/blog\/wp-json\/wp\/v2\/posts\/52526","targetHints":{"allow":["GET"]}}],"collection":[{"href":"https:\/\/www.escapadarural.com\/blog\/wp-json\/wp\/v2\/posts"}],"about":[{"href":"https:\/\/www.escapadarural.com\/blog\/wp-json\/wp\/v2\/types\/post"}],"author":[{"embeddable":true,"href":"https:\/\/www.escapadarural.com\/blog\/wp-json\/wp\/v2\/users\/114"}],"replies":[{"embeddable":true,"href":"https:\/\/www.escapadarural.com\/blog\/wp-json\/wp\/v2\/comments?post=52526"}],"version-history":[{"count":0,"href":"https:\/\/www.escapadarural.com\/blog\/wp-json\/wp\/v2\/posts\/52526\/revisions"}],"wp:featuredmedia":[{"embeddable":true,"href":"https:\/\/www.escapadarural.com\/blog\/wp-json\/wp\/v2\/media\/52560"}],"wp:attachment":[{"href":"https:\/\/www.escapadarural.com\/blog\/wp-json\/wp\/v2\/media?parent=52526"}],"wp:term":[{"taxonomy":"category","embeddable":true,"href":"https:\/\/www.escapadarural.com\/blog\/wp-json\/wp\/v2\/categories?post=52526"},{"taxonomy":"post_tag","embeddable":true,"href":"https:\/\/www.escapadarural.com\/blog\/wp-json\/wp\/v2\/tags?post=52526"}],"curies":[{"name":"wp","href":"https:\/\/api.w.org\/{rel}","templated":true}]}}