{"id":52640,"date":"2022-06-30T11:49:49","date_gmt":"2022-06-30T10:49:49","guid":{"rendered":"https:\/\/www.escapadarural.com\/blog\/?p=52640"},"modified":"2025-01-15T10:46:55","modified_gmt":"2025-01-15T08:46:55","slug":"coetur-2022-programa-y-entradas-ya-disponibles","status":"publish","type":"post","link":"https:\/\/www.escapadarural.com\/blog\/coetur-2022-programa-y-entradas-ya-disponibles\/","title":{"rendered":"VIII Congreso Europeo de Turismo Rural (COETUR): programa y entradas ya disponibles"},"content":{"rendered":"\n<figure class=\"wp-block-image size-large\"><a href=\"https:\/\/www.escapadarural.com\/blog\/wp-content\/uploads\/imagen-promocion-COETUR.jpg\"><img decoding=\"async\" src=\"https:\/\/www.escapadarural.com\/blog\/wp-content\/uploads\/imagen-promocion-COETUR-1024x512.jpg\" alt=\"\" class=\"wp-image-52641\"\/><\/a><figcaption>COETUR 2022<\/figcaption><\/figure>\n\n\n\n<p>COETUR, el <strong>Congreso Europeo de Turismo Rural<\/strong> organizado por <a href=\"https:\/\/www.escapadarural.com\/\" target=\"_blank\" rel=\"noreferrer noopener\">EscapadaRural<\/a> presenta el programa de su octava edici\u00f3n que bajo el t\u00edtulo<strong> <\/strong><strong>\u201cEl futuro del turismo rural: Regenerativo, digital e inteligente\u201d<\/strong> reunir\u00e1 a cerca de 30 l\u00edderes de opini\u00f3n, ponentes internacionales y expertos de diferentes \u00e1mbitos compartir\u00e1n su conocimiento y experiencia en estos tres elementos clave para el futuro del sector.\u00a0\u00a0<\/p>\n\n\n\n<p>La cita tendr\u00e1 lugar el <strong>28 y 29 de septiembre en Cazalla de la Sierra (Sevilla) <\/strong>y contar\u00e1 con el apoyo institucional de la Diputaci\u00f3n de Sevilla a trav\u00e9s de Prodetur \u2013 Turismo de la Provincia de Sevilla y de la Consejer\u00eda de Turismo de la Junta de Andaluc\u00eda.&nbsp;<\/p>\n\n\n\n<p>Con siete ediciones a sus espaldas, COETUR es ya un punto de encuentro y referencia para los profesionales del sector del turismo rural. De hecho, cada a\u00f1o participan en este encuentro alrededor de 200 profesionales del sector entre propietarios de alojamientos, representantes de las administraciones p\u00fablicas y empresas de turismo activo o actividades complementarias.<\/p>\n\n\n\n<h2 class=\"wp-block-heading\"><strong>COETUR 2022: dos d\u00edas de ponencias, mesas redondas, talleres y networking<\/strong><\/h2>\n\n\n\n<figure class=\"wp-block-image size-large\"><a href=\"https:\/\/www.escapadarural.com\/blog\/wp-content\/uploads\/Coetur-2021-P6030160.jpg\"><img decoding=\"async\" src=\"https:\/\/www.escapadarural.com\/blog\/wp-content\/uploads\/Coetur-2021-P6030160-1024x768.jpg\" alt=\"Coetur 2021\" class=\"wp-image-40423\"\/><\/a><figcaption>Por Jean-Marc Joseph<\/figcaption><\/figure>\n\n\n\n<p>A lo largo de sus dos jornadas, los asistentes a COETUR podr\u00e1n disfrutar de ponencias, mesas redondas y talleres impartidos por expertos. Asimismo, podr\u00e1n disfrutar de una sesi\u00f3n de networking patrocinada por <strong>Turismo de Extremadura<\/strong>, colaborador especial de esta edici\u00f3n de COETUR, que ofrecer\u00e1 una degustaci\u00f3n de productos.<\/p>\n\n\n\n<p>El bloque <strong>\u201cDel turismo sostenible al turismo regenerativo\u201d<\/strong> abrir\u00e1 la primera sesi\u00f3n de COETUR y permitir\u00e1 a los asistentes conocer de primera mano c\u00f3mo administraciones, destinos y empresarios adoptan medidas para contribuir a este tipo de turismo m\u00e1s que sostenible, apostando por modelos en los que se pretende mejorar el destino desde un punto de vista medioambiental, econ\u00f3mico y social.<\/p>\n\n\n\n<p>En \u00e9l participar\u00e1n, entre otros, Beatriz Far\u00edas, Directora Turismo en <strong>Horwath HTL<\/strong>, Sonia Teruel, Co-founder en <strong>The RegenLAB for Travel<\/strong> y The Hive-Place Regenerators, Elena Rubio, Coordinadora del destino tur\u00edstico <strong>Sierra Norte de Madrid<\/strong>, y Francisco Rodriguez, Responsable de Turismo en<strong> Ideas for Change<\/strong>.<\/p>\n\n\n\n<figure class=\"wp-block-image size-large\"><a href=\"https:\/\/www.escapadarural.com\/blog\/wp-content\/uploads\/Coetur-2021-_MG_2447.jpg\"><img decoding=\"async\" src=\"https:\/\/www.escapadarural.com\/blog\/wp-content\/uploads\/Coetur-2021-_MG_2447-1024x683.jpg\" alt=\"Coetur\" class=\"wp-image-40381\"\/><\/a><figcaption>Por Jean-Marc Joseph<\/figcaption><\/figure>\n\n\n\n<p>El Congreso seguir\u00e1 con un an\u00e1lisis de \u201c<strong>El nuevo turista digital\u201d<\/strong> que a ra\u00edz de la pandemia ha cambiado algunos h\u00e1bitos de compra y consumo, y ha intensificado otros como la interacci\u00f3n con la tecnolog\u00eda, la experiencia personalizada o pasi\u00f3n por la inmediatez.<\/p>\n\n\n\n<p>En este segundo bloque participar\u00e1n, entre otros, Nuria Ma\u00f1\u00e9, Consultora en comunicaci\u00f3n y transformaci\u00f3n digital, speaker y docente, Rebeca Serna, Periodista y bloguera en <strong>Viajeros 3.0<\/strong>, y Manuel Ojeda, Inbound Marketing Team Lead Europe at <strong>HomeToGo<\/strong>.<\/p>\n\n\n\n<p>Para finalizar la primera jornada y antes de dar paso al networking, los asistentes podr\u00e1n participar en uno de los tres talleres que se ofrecer\u00e1n y en los que se abordar\u00e1n de una manera pr\u00e1ctica los temas tratados en las ponencias y mesas redondas. Los talleres de este edici\u00f3n son:<\/p>\n\n\n\n<ul class=\"wp-block-list\"><li>Claves para mejorar la presencia de tu negocio en redes sociales. Impartido por Nuria Ma\u00f1\u00e9, Consultora en comunicaci\u00f3n y transformaci\u00f3n digital, speaker y docente.<\/li><li>C\u00f3mo convertir tu alojamiento rural en m\u00e1s sostenible: ideas sociales, innovadoras y ambientales que puedes aplicar de forma sencilla y econ\u00f3mica. Impartido por Beatriz Martin, Consultora de Turismo Sostenible.&nbsp;<\/li><li>C\u00f3mo aumentar tu visibilidad y tus reservas online. Impartido por Gemma Pons, Directora Comercial en EscapadaRural.&nbsp;<\/li><\/ul>\n\n\n\n<figure class=\"wp-block-image size-large\"><a href=\"https:\/\/www.escapadarural.com\/blog\/wp-content\/uploads\/Coetur-2021-_MG_2911.jpg\"><img decoding=\"async\" src=\"https:\/\/www.escapadarural.com\/blog\/wp-content\/uploads\/Coetur-2021-_MG_2911-1024x683.jpg\" alt=\"Coetur 2021\" class=\"wp-image-40426\"\/><\/a><figcaption>Por Jean-Marc Joseph<\/figcaption><\/figure>\n\n\n\n<p>El segundo d\u00eda de COETUR se centrar\u00e1 en \u201c<strong>El turismo rural del futuro: c\u00f3mo la revoluci\u00f3n digital genera oportunidades\u201d. <\/strong>El turismo inicia su recuperaci\u00f3n post covid entrando en su mayor era de innovaci\u00f3n, para seguir siendo competitivos debemos tener en cuenta tecnolog\u00edas como: IA, Big Data o realidad aumentada. En este \u00faltimo bloque los asistentes podr\u00e1n conocer algunas de estas tecnolog\u00edas y su aplicaci\u00f3n al turismo rural.<\/p>\n\n\n\n<p>COETUR 2022 cerrar\u00e1 su celebraci\u00f3n con la entrega de los <strong>Premios EscapadaRural 2022<\/strong> a el Mejor embajador de la Capital del Turismo Rural 2022 y al Alojamiento rural m\u00e1s deseado por los viajeros y con la ponencia <strong>\u201cMindful travel para transformar mentes y mundos\u201d <\/strong>impartida por Edgar Tarr\u00e9s, Experto en bienestar y felicidad.&nbsp;<\/p>\n\n\n\n<div class=\"wp-block-buttons is-layout-flex wp-block-buttons-is-layout-flex\">\n<div class=\"wp-block-button\"><a class=\"wp-block-button__link\" href=\"\" target=\"_blank\" rel=\"noreferrer noopener\">Ver programa completo<\/a><\/div>\n<\/div>\n\n\n\n<h2 class=\"wp-block-heading\"><strong>Las entradas para COETUR 2022 ya est\u00e1n a la venta&nbsp;<\/strong><\/h2>\n\n\n\n<p><a href=\"https:\/\/www.eventbrite.es\/e\/entradas-coetur-2022-viii-congreso-europeo-de-turismo-rural-257790657797\" class=\"rank-math-link\" target=\"_blank\">Las entradas anticipadas e<\/a><a aria-label=\"s (opens in a new tab)\" href=\"https:\/\/www.eventbrite.es\/e\/entradas-coetur-2022-viii-congreso-europeo-de-turismo-rural-257790657797\" target=\"_blank\" rel=\"noreferrer noopener\" class=\"rank-math-link\">s<\/a><a href=\"https:\/\/www.eventbrite.es\/e\/entradas-coetur-2022-viii-congreso-europeo-de-turismo-rural-257790657797\" class=\"rank-math-link\" target=\"_blank\">t\u00e1n ya a la venta<\/a> a un precio de 45 euros y pueden adquirirse hasta el 28 de julio. A partir de esa fecha y hasta el 21 de septiembre, el precio ser\u00e1 de 55 euros.<\/p>\n\n\n\n<p>Asimismo, aquellos que prefieran seguir el Congreso en streaming tambi\u00e9n pueden realizar ya su registro online, que es necesario para poder seguir el evento.&nbsp;<\/p>\n\n\n\n<div class=\"wp-block-buttons is-layout-flex wp-block-buttons-is-layout-flex\">\n<div class=\"wp-block-button\"><a class=\"wp-block-button__link\" href=\"\" target=\"_blank\" rel=\"noreferrer noopener\">Registrarme<\/a><\/div>\n<\/div>\n","protected":false},"excerpt":{"rendered":"<p>Ya puedes ver el programa completo de COETUR 2022 y hacer tu registro para asistir de manera presencial o a trav\u00e9s de streaming. <\/p>\n","protected":false},"author":144,"featured_media":100513,"comment_status":"open","ping_status":"open","sticky":false,"template":"","format":"standard","meta":{"_acf_changed":false,"om_disable_all_campaigns":false,"footnotes":""},"categories":[385,390],"tags":[399,386,3729,1297,312],"class_list":["post-52640","post","type-post","status-publish","format-standard","has-post-thumbnail","hentry","category-coetur","category-noticias","tag-cazalla-de-la-sierra","tag-coetur","tag-coetur2022","tag-congreso-europeo-de-turismo-rural","tag-que-ver-en-sevilla"],"acf":[],"featured_image_src":"https:\/\/www.escapadarural.com\/blog\/wp-content\/uploads\/2024\/10\/imagen-promocion-COETUR-1024x512-3.jpg","author_info":{"display_name":"Judith Monmany","author_link":"https:\/\/www.escapadarural.com\/blog\/autor\/judith-monmany\/"},"yoast_head":"<!-- This site is optimized with the Yoast SEO plugin v27.5 - https:\/\/yoast.com\/product\/yoast-seo-wordpress\/ -->\n<title>VIII Congreso Europeo de Turismo Rural (COETUR): programa y entradas ya disponibles - EscapadaRural<\/title>\n<meta name=\"robots\" content=\"index, follow, max-snippet:-1, max-image-preview:large, max-video-preview:-1\" \/>\n<link rel=\"canonical\" href=\"https:\/\/www.escapadarural.com\/blog\/coetur-2022-programa-y-entradas-ya-disponibles\/\" \/>\n<meta property=\"og:locale\" content=\"es_ES\" \/>\n<meta property=\"og:type\" content=\"article\" \/>\n<meta property=\"og:title\" content=\"VIII Congreso Europeo de Turismo Rural (COETUR): programa y entradas ya disponibles - EscapadaRural\" \/>\n<meta property=\"og:description\" content=\"Ya puedes ver el programa completo de COETUR 2022 y hacer tu registro para asistir de manera presencial o a trav\u00e9s de streaming.\" \/>\n<meta property=\"og:url\" content=\"https:\/\/www.escapadarural.com\/blog\/coetur-2022-programa-y-entradas-ya-disponibles\/\" \/>\n<meta property=\"og:site_name\" content=\"Magazine de viajes de EscapadaRural\" \/>\n<meta property=\"article:publisher\" content=\"https:\/\/www.facebook.com\/escapadarural\" \/>\n<meta property=\"article:published_time\" content=\"2022-06-30T10:49:49+00:00\" \/>\n<meta property=\"article:modified_time\" content=\"2025-01-15T08:46:55+00:00\" \/>\n<meta property=\"og:image\" content=\"https:\/\/www.escapadarural.com\/blog\/wp-content\/uploads\/2024\/10\/imagen-promocion-COETUR-1024x512-3.jpg\" \/>\n\t<meta property=\"og:image:width\" content=\"1024\" \/>\n\t<meta property=\"og:image:height\" content=\"512\" \/>\n\t<meta property=\"og:image:type\" content=\"image\/jpeg\" \/>\n<meta name=\"author\" content=\"Judith Monmany\" \/>\n<meta name=\"twitter:card\" content=\"summary_large_image\" \/>\n<meta name=\"twitter:label1\" content=\"Escrito por\" \/>\n\t<meta name=\"twitter:data1\" content=\"Judith Monmany\" \/>\n\t<meta name=\"twitter:label2\" content=\"Tiempo de lectura\" \/>\n\t<meta name=\"twitter:data2\" content=\"4 minutos\" \/>\n<script type=\"application\/ld+json\" class=\"yoast-schema-graph\">{\"@context\":\"https:\\\/\\\/schema.org\",\"@graph\":[{\"@type\":\"Article\",\"@id\":\"https:\\\/\\\/www.escapadarural.com\\\/blog\\\/coetur-2022-programa-y-entradas-ya-disponibles\\\/#article\",\"isPartOf\":{\"@id\":\"https:\\\/\\\/www.escapadarural.com\\\/blog\\\/coetur-2022-programa-y-entradas-ya-disponibles\\\/\"},\"author\":{\"name\":\"Judith Monmany\",\"@id\":\"https:\\\/\\\/www.escapadarural.com\\\/blog\\\/#\\\/schema\\\/person\\\/25786969bae765c9b5eadf92da1dcffd\"},\"headline\":\"VIII Congreso Europeo de Turismo Rural (COETUR): programa y entradas ya disponibles\",\"datePublished\":\"2022-06-30T10:49:49+00:00\",\"dateModified\":\"2025-01-15T08:46:55+00:00\",\"mainEntityOfPage\":{\"@id\":\"https:\\\/\\\/www.escapadarural.com\\\/blog\\\/coetur-2022-programa-y-entradas-ya-disponibles\\\/\"},\"wordCount\":795,\"commentCount\":0,\"publisher\":{\"@id\":\"https:\\\/\\\/www.escapadarural.com\\\/blog\\\/#organization\"},\"image\":{\"@id\":\"https:\\\/\\\/www.escapadarural.com\\\/blog\\\/coetur-2022-programa-y-entradas-ya-disponibles\\\/#primaryimage\"},\"thumbnailUrl\":\"https:\\\/\\\/www.escapadarural.com\\\/blog\\\/wp-content\\\/uploads\\\/2024\\\/10\\\/imagen-promocion-COETUR-1024x512-3.jpg\",\"keywords\":[\"Cazalla de la Sierra\",\"COETUR\",\"coetur2022\",\"Congreso Europeo de Turismo Rural\",\"Sevilla\"],\"articleSection\":[\"Coetur\",\"Noticias\"],\"inLanguage\":\"es\",\"potentialAction\":[{\"@type\":\"CommentAction\",\"name\":\"Comment\",\"target\":[\"https:\\\/\\\/www.escapadarural.com\\\/blog\\\/coetur-2022-programa-y-entradas-ya-disponibles\\\/#respond\"]}]},{\"@type\":\"WebPage\",\"@id\":\"https:\\\/\\\/www.escapadarural.com\\\/blog\\\/coetur-2022-programa-y-entradas-ya-disponibles\\\/\",\"url\":\"https:\\\/\\\/www.escapadarural.com\\\/blog\\\/coetur-2022-programa-y-entradas-ya-disponibles\\\/\",\"name\":\"VIII Congreso Europeo de Turismo Rural (COETUR): programa y entradas ya disponibles - EscapadaRural\",\"isPartOf\":{\"@id\":\"https:\\\/\\\/www.escapadarural.com\\\/blog\\\/#website\"},\"primaryImageOfPage\":{\"@id\":\"https:\\\/\\\/www.escapadarural.com\\\/blog\\\/coetur-2022-programa-y-entradas-ya-disponibles\\\/#primaryimage\"},\"image\":{\"@id\":\"https:\\\/\\\/www.escapadarural.com\\\/blog\\\/coetur-2022-programa-y-entradas-ya-disponibles\\\/#primaryimage\"},\"thumbnailUrl\":\"https:\\\/\\\/www.escapadarural.com\\\/blog\\\/wp-content\\\/uploads\\\/2024\\\/10\\\/imagen-promocion-COETUR-1024x512-3.jpg\",\"datePublished\":\"2022-06-30T10:49:49+00:00\",\"dateModified\":\"2025-01-15T08:46:55+00:00\",\"breadcrumb\":{\"@id\":\"https:\\\/\\\/www.escapadarural.com\\\/blog\\\/coetur-2022-programa-y-entradas-ya-disponibles\\\/#breadcrumb\"},\"inLanguage\":\"es\",\"potentialAction\":[{\"@type\":\"ReadAction\",\"target\":[\"https:\\\/\\\/www.escapadarural.com\\\/blog\\\/coetur-2022-programa-y-entradas-ya-disponibles\\\/\"]}]},{\"@type\":\"ImageObject\",\"inLanguage\":\"es\",\"@id\":\"https:\\\/\\\/www.escapadarural.com\\\/blog\\\/coetur-2022-programa-y-entradas-ya-disponibles\\\/#primaryimage\",\"url\":\"https:\\\/\\\/www.escapadarural.com\\\/blog\\\/wp-content\\\/uploads\\\/2024\\\/10\\\/imagen-promocion-COETUR-1024x512-3.jpg\",\"contentUrl\":\"https:\\\/\\\/www.escapadarural.com\\\/blog\\\/wp-content\\\/uploads\\\/2024\\\/10\\\/imagen-promocion-COETUR-1024x512-3.jpg\",\"width\":1024,\"height\":512,\"caption\":\"coetur\"},{\"@type\":\"BreadcrumbList\",\"@id\":\"https:\\\/\\\/www.escapadarural.com\\\/blog\\\/coetur-2022-programa-y-entradas-ya-disponibles\\\/#breadcrumb\",\"itemListElement\":[{\"@type\":\"ListItem\",\"position\":1,\"name\":\"Inicio\",\"item\":\"https:\\\/\\\/www.escapadarural.com\\\/blog\\\/\"},{\"@type\":\"ListItem\",\"position\":2,\"name\":\"Coetur\",\"item\":\"https:\\\/\\\/www.escapadarural.com\\\/blog\\\/categoria\\\/coetur\\\/\"},{\"@type\":\"ListItem\",\"position\":3,\"name\":\"VIII Congreso Europeo de Turismo Rural (COETUR): programa y entradas ya disponibles\"}]},{\"@type\":\"WebSite\",\"@id\":\"https:\\\/\\\/www.escapadarural.com\\\/blog\\\/#website\",\"url\":\"https:\\\/\\\/www.escapadarural.com\\\/blog\\\/\",\"name\":\"Blog de viajes | turismo rural, alojamientos e inspiraci\u00f3n\",\"description\":\"Alojamientos rurales e inspiraci\u00f3n para tus escapadas\",\"publisher\":{\"@id\":\"https:\\\/\\\/www.escapadarural.com\\\/blog\\\/#organization\"},\"alternateName\":\"Magazine de viajes de EscapadaRural\",\"potentialAction\":[{\"@type\":\"SearchAction\",\"target\":{\"@type\":\"EntryPoint\",\"urlTemplate\":\"https:\\\/\\\/www.escapadarural.com\\\/blog\\\/?s={search_term_string}\"},\"query-input\":{\"@type\":\"PropertyValueSpecification\",\"valueRequired\":true,\"valueName\":\"search_term_string\"}}],\"inLanguage\":\"es\"},{\"@type\":\"Organization\",\"@id\":\"https:\\\/\\\/www.escapadarural.com\\\/blog\\\/#organization\",\"name\":\"EscapadaRural\",\"url\":\"https:\\\/\\\/www.escapadarural.com\\\/blog\\\/\",\"logo\":{\"@type\":\"ImageObject\",\"inLanguage\":\"es\",\"@id\":\"https:\\\/\\\/www.escapadarural.com\\\/blog\\\/#\\\/schema\\\/logo\\\/image\\\/\",\"url\":\"https:\\\/\\\/www.escapadarural.com\\\/blog\\\/wp-content\\\/uploads\\\/2024\\\/10\\\/cropped-cropped-escapada-rural-icon-mag-3.png\",\"contentUrl\":\"https:\\\/\\\/www.escapadarural.com\\\/blog\\\/wp-content\\\/uploads\\\/2024\\\/10\\\/cropped-cropped-escapada-rural-icon-mag-3.png\",\"width\":512,\"height\":512,\"caption\":\"EscapadaRural\"},\"image\":{\"@id\":\"https:\\\/\\\/www.escapadarural.com\\\/blog\\\/#\\\/schema\\\/logo\\\/image\\\/\"},\"sameAs\":[\"https:\\\/\\\/www.facebook.com\\\/escapadarural\",\"https:\\\/\\\/www.instagram.com\\\/escapadarural\\\/\",\"https:\\\/\\\/www.youtube.com\\\/@escapadaruralcom\"]},{\"@type\":\"Person\",\"@id\":\"https:\\\/\\\/www.escapadarural.com\\\/blog\\\/#\\\/schema\\\/person\\\/25786969bae765c9b5eadf92da1dcffd\",\"name\":\"Judith Monmany\",\"image\":{\"@type\":\"ImageObject\",\"inLanguage\":\"es\",\"@id\":\"https:\\\/\\\/secure.gravatar.com\\\/avatar\\\/1754df140325b983610fbba984e4f092ec9249b645010699d0749b7a1ade7c37?s=96&d=mm&r=g\",\"url\":\"https:\\\/\\\/secure.gravatar.com\\\/avatar\\\/1754df140325b983610fbba984e4f092ec9249b645010699d0749b7a1ade7c37?s=96&d=mm&r=g\",\"contentUrl\":\"https:\\\/\\\/secure.gravatar.com\\\/avatar\\\/1754df140325b983610fbba984e4f092ec9249b645010699d0749b7a1ade7c37?s=96&d=mm&r=g\",\"caption\":\"Judith Monmany\"},\"url\":\"https:\\\/\\\/www.escapadarural.com\\\/blog\\\/autor\\\/judith-monmany\\\/\"}]}<\/script>\n<!-- \/ Yoast SEO plugin. -->","yoast_head_json":{"title":"VIII Congreso Europeo de Turismo Rural (COETUR): programa y entradas ya disponibles - EscapadaRural","robots":{"index":"index","follow":"follow","max-snippet":"max-snippet:-1","max-image-preview":"max-image-preview:large","max-video-preview":"max-video-preview:-1"},"canonical":"https:\/\/www.escapadarural.com\/blog\/coetur-2022-programa-y-entradas-ya-disponibles\/","og_locale":"es_ES","og_type":"article","og_title":"VIII Congreso Europeo de Turismo Rural (COETUR): programa y entradas ya disponibles - EscapadaRural","og_description":"Ya puedes ver el programa completo de COETUR 2022 y hacer tu registro para asistir de manera presencial o a trav\u00e9s de streaming.","og_url":"https:\/\/www.escapadarural.com\/blog\/coetur-2022-programa-y-entradas-ya-disponibles\/","og_site_name":"Magazine de viajes de EscapadaRural","article_publisher":"https:\/\/www.facebook.com\/escapadarural","article_published_time":"2022-06-30T10:49:49+00:00","article_modified_time":"2025-01-15T08:46:55+00:00","og_image":[{"width":1024,"height":512,"url":"https:\/\/www.escapadarural.com\/blog\/wp-content\/uploads\/2024\/10\/imagen-promocion-COETUR-1024x512-3.jpg","type":"image\/jpeg"}],"author":"Judith Monmany","twitter_card":"summary_large_image","twitter_misc":{"Escrito por":"Judith Monmany","Tiempo de lectura":"4 minutos"},"schema":{"@context":"https:\/\/schema.org","@graph":[{"@type":"Article","@id":"https:\/\/www.escapadarural.com\/blog\/coetur-2022-programa-y-entradas-ya-disponibles\/#article","isPartOf":{"@id":"https:\/\/www.escapadarural.com\/blog\/coetur-2022-programa-y-entradas-ya-disponibles\/"},"author":{"name":"Judith Monmany","@id":"https:\/\/www.escapadarural.com\/blog\/#\/schema\/person\/25786969bae765c9b5eadf92da1dcffd"},"headline":"VIII Congreso Europeo de Turismo Rural (COETUR): programa y entradas ya disponibles","datePublished":"2022-06-30T10:49:49+00:00","dateModified":"2025-01-15T08:46:55+00:00","mainEntityOfPage":{"@id":"https:\/\/www.escapadarural.com\/blog\/coetur-2022-programa-y-entradas-ya-disponibles\/"},"wordCount":795,"commentCount":0,"publisher":{"@id":"https:\/\/www.escapadarural.com\/blog\/#organization"},"image":{"@id":"https:\/\/www.escapadarural.com\/blog\/coetur-2022-programa-y-entradas-ya-disponibles\/#primaryimage"},"thumbnailUrl":"https:\/\/www.escapadarural.com\/blog\/wp-content\/uploads\/2024\/10\/imagen-promocion-COETUR-1024x512-3.jpg","keywords":["Cazalla de la Sierra","COETUR","coetur2022","Congreso Europeo de Turismo Rural","Sevilla"],"articleSection":["Coetur","Noticias"],"inLanguage":"es","potentialAction":[{"@type":"CommentAction","name":"Comment","target":["https:\/\/www.escapadarural.com\/blog\/coetur-2022-programa-y-entradas-ya-disponibles\/#respond"]}]},{"@type":"WebPage","@id":"https:\/\/www.escapadarural.com\/blog\/coetur-2022-programa-y-entradas-ya-disponibles\/","url":"https:\/\/www.escapadarural.com\/blog\/coetur-2022-programa-y-entradas-ya-disponibles\/","name":"VIII Congreso Europeo de Turismo Rural (COETUR): programa y entradas ya disponibles - EscapadaRural","isPartOf":{"@id":"https:\/\/www.escapadarural.com\/blog\/#website"},"primaryImageOfPage":{"@id":"https:\/\/www.escapadarural.com\/blog\/coetur-2022-programa-y-entradas-ya-disponibles\/#primaryimage"},"image":{"@id":"https:\/\/www.escapadarural.com\/blog\/coetur-2022-programa-y-entradas-ya-disponibles\/#primaryimage"},"thumbnailUrl":"https:\/\/www.escapadarural.com\/blog\/wp-content\/uploads\/2024\/10\/imagen-promocion-COETUR-1024x512-3.jpg","datePublished":"2022-06-30T10:49:49+00:00","dateModified":"2025-01-15T08:46:55+00:00","breadcrumb":{"@id":"https:\/\/www.escapadarural.com\/blog\/coetur-2022-programa-y-entradas-ya-disponibles\/#breadcrumb"},"inLanguage":"es","potentialAction":[{"@type":"ReadAction","target":["https:\/\/www.escapadarural.com\/blog\/coetur-2022-programa-y-entradas-ya-disponibles\/"]}]},{"@type":"ImageObject","inLanguage":"es","@id":"https:\/\/www.escapadarural.com\/blog\/coetur-2022-programa-y-entradas-ya-disponibles\/#primaryimage","url":"https:\/\/www.escapadarural.com\/blog\/wp-content\/uploads\/2024\/10\/imagen-promocion-COETUR-1024x512-3.jpg","contentUrl":"https:\/\/www.escapadarural.com\/blog\/wp-content\/uploads\/2024\/10\/imagen-promocion-COETUR-1024x512-3.jpg","width":1024,"height":512,"caption":"coetur"},{"@type":"BreadcrumbList","@id":"https:\/\/www.escapadarural.com\/blog\/coetur-2022-programa-y-entradas-ya-disponibles\/#breadcrumb","itemListElement":[{"@type":"ListItem","position":1,"name":"Inicio","item":"https:\/\/www.escapadarural.com\/blog\/"},{"@type":"ListItem","position":2,"name":"Coetur","item":"https:\/\/www.escapadarural.com\/blog\/categoria\/coetur\/"},{"@type":"ListItem","position":3,"name":"VIII Congreso Europeo de Turismo Rural (COETUR): programa y entradas ya disponibles"}]},{"@type":"WebSite","@id":"https:\/\/www.escapadarural.com\/blog\/#website","url":"https:\/\/www.escapadarural.com\/blog\/","name":"Blog de viajes | turismo rural, alojamientos e inspiraci\u00f3n","description":"Alojamientos rurales e inspiraci\u00f3n para tus escapadas","publisher":{"@id":"https:\/\/www.escapadarural.com\/blog\/#organization"},"alternateName":"Magazine de viajes de EscapadaRural","potentialAction":[{"@type":"SearchAction","target":{"@type":"EntryPoint","urlTemplate":"https:\/\/www.escapadarural.com\/blog\/?s={search_term_string}"},"query-input":{"@type":"PropertyValueSpecification","valueRequired":true,"valueName":"search_term_string"}}],"inLanguage":"es"},{"@type":"Organization","@id":"https:\/\/www.escapadarural.com\/blog\/#organization","name":"EscapadaRural","url":"https:\/\/www.escapadarural.com\/blog\/","logo":{"@type":"ImageObject","inLanguage":"es","@id":"https:\/\/www.escapadarural.com\/blog\/#\/schema\/logo\/image\/","url":"https:\/\/www.escapadarural.com\/blog\/wp-content\/uploads\/2024\/10\/cropped-cropped-escapada-rural-icon-mag-3.png","contentUrl":"https:\/\/www.escapadarural.com\/blog\/wp-content\/uploads\/2024\/10\/cropped-cropped-escapada-rural-icon-mag-3.png","width":512,"height":512,"caption":"EscapadaRural"},"image":{"@id":"https:\/\/www.escapadarural.com\/blog\/#\/schema\/logo\/image\/"},"sameAs":["https:\/\/www.facebook.com\/escapadarural","https:\/\/www.instagram.com\/escapadarural\/","https:\/\/www.youtube.com\/@escapadaruralcom"]},{"@type":"Person","@id":"https:\/\/www.escapadarural.com\/blog\/#\/schema\/person\/25786969bae765c9b5eadf92da1dcffd","name":"Judith Monmany","image":{"@type":"ImageObject","inLanguage":"es","@id":"https:\/\/secure.gravatar.com\/avatar\/1754df140325b983610fbba984e4f092ec9249b645010699d0749b7a1ade7c37?s=96&d=mm&r=g","url":"https:\/\/secure.gravatar.com\/avatar\/1754df140325b983610fbba984e4f092ec9249b645010699d0749b7a1ade7c37?s=96&d=mm&r=g","contentUrl":"https:\/\/secure.gravatar.com\/avatar\/1754df140325b983610fbba984e4f092ec9249b645010699d0749b7a1ade7c37?s=96&d=mm&r=g","caption":"Judith Monmany"},"url":"https:\/\/www.escapadarural.com\/blog\/autor\/judith-monmany\/"}]}},"_links":{"self":[{"href":"https:\/\/www.escapadarural.com\/blog\/wp-json\/wp\/v2\/posts\/52640","targetHints":{"allow":["GET"]}}],"collection":[{"href":"https:\/\/www.escapadarural.com\/blog\/wp-json\/wp\/v2\/posts"}],"about":[{"href":"https:\/\/www.escapadarural.com\/blog\/wp-json\/wp\/v2\/types\/post"}],"author":[{"embeddable":true,"href":"https:\/\/www.escapadarural.com\/blog\/wp-json\/wp\/v2\/users\/144"}],"replies":[{"embeddable":true,"href":"https:\/\/www.escapadarural.com\/blog\/wp-json\/wp\/v2\/comments?post=52640"}],"version-history":[{"count":0,"href":"https:\/\/www.escapadarural.com\/blog\/wp-json\/wp\/v2\/posts\/52640\/revisions"}],"wp:featuredmedia":[{"embeddable":true,"href":"https:\/\/www.escapadarural.com\/blog\/wp-json\/wp\/v2\/media\/100513"}],"wp:attachment":[{"href":"https:\/\/www.escapadarural.com\/blog\/wp-json\/wp\/v2\/media?parent=52640"}],"wp:term":[{"taxonomy":"category","embeddable":true,"href":"https:\/\/www.escapadarural.com\/blog\/wp-json\/wp\/v2\/categories?post=52640"},{"taxonomy":"post_tag","embeddable":true,"href":"https:\/\/www.escapadarural.com\/blog\/wp-json\/wp\/v2\/tags?post=52640"}],"curies":[{"name":"wp","href":"https:\/\/api.w.org\/{rel}","templated":true}]}}