{"id":53221,"date":"2022-07-31T08:30:00","date_gmt":"2022-07-31T07:30:00","guid":{"rendered":"https:\/\/www.escapadarural.com\/blog\/?p=53221"},"modified":"2025-02-28T15:10:24","modified_gmt":"2025-02-28T13:10:24","slug":"mapas-de-estrellas-rupestres","status":"publish","type":"post","link":"https:\/\/www.escapadarural.com\/blog\/mapas-de-estrellas-rupestres\/","title":{"rendered":"Los mapas de estrellas rupestres de Cantabria"},"content":{"rendered":"\n<figure class=\"wp-block-image size-large\"><img decoding=\"async\" src=\"https:\/\/www.escapadarural.com\/blog\/wp-content\/uploads\/telescopio-webb-1024x576.png\" alt=\"\" class=\"wp-image-53573\"\/><figcaption class=\"wp-element-caption\">\u00abMonta\u00f1as c\u00f3smicas\u00bb. Una joven regi\u00f3n cercana de formaci\u00f3n estelar llamada NGC 3324 en la Nebulosa de Carina. Por <a href=\"https:\/\/webbtelescope.org\/contents\/media\/images\/2022\/031\/01G77PKB8NKR7S8Z6HBXMYATGJ\" class=\"rank-math-link\" target=\"_blank\">NASA y el Space Telescope Science Institute (STScI)<\/a>. Telescopio James Webb.<\/figcaption><\/figure>\n\n\n\n<p>Desde el principio de los tiempos, hemos elevado la vista a la inmensidad del cosmos. Primero con el ojo desnudo, en las noches oscuras de la sabana africana. M\u00e1s tarde, <strong>Galileo<\/strong> observ\u00f3 por primera vez las lunas de J\u00fapiter el 7 de enero de 1610 a trav\u00e9s de un telescopio casero; lunas que se hallaban a 34 minutos luz de distancia de la Tierra (algo m\u00e1s de seiscientos millones de kil\u00f3metros). Hace unos d\u00edas, el <strong><a href=\"https:\/\/webbtelescope.org\/news\/first-images\/gallery\" class=\"rank-math-link\" target=\"_blank\">telescopio espacial James Webb<\/a><\/strong> ha logrado divisar objetos del universo situados a m\u00e1s de 4.600 millones de a\u00f1os luz.&nbsp;<\/p>\n\n\n\n<p>As\u00ed que no es extra\u00f1o constatar que hace miles de a\u00f1os que los seres humanos han plasmado sus avistamientos nocturnos.&nbsp;<\/p>\n\n\n\n<p>Uno de los primeros mapas de la historia de la humanidad est\u00e1 en <a href=\"https:\/\/www.escapadarural.com\/casas-rurales\/navarra\" class=\"rank-math-link\">Navarra<\/a>. Es un pedazo de arenisca pulida en una <a href=\"https:\/\/www.escapadarural.com\/blog\/la-geoda-de-pulpi-la-geoda-mineral-mas-grande-de-europa\/\" title=\"La geoda de Pulp\u00ed, la geoda mineral m\u00e1s grande de Europa\"  data-wpil-monitor-id=\"373\">cueva<\/a> de aproximadamente el 14000 a.C., m\u00e1s de diez mil a\u00f1os antes de la construcci\u00f3n de las pir\u00e1mides de Egipto. Hay otros mapas parecidos en Espa\u00f1a, pero que hablan m\u00e1s de las estrellas, como las <a href=\"https:\/\/www.escapadarural.com\/blog\/cueva-de-valporquero-leon\/\" title=\"La cueva de Valporquero, el lugar en el que se ba\u00f1an las hadas\"  data-wpil-monitor-id=\"369\">cuevas<\/a> de El Castillo, del 12000 a.C., que se cree que representa la constelaci\u00f3n Corona Borealis.<\/p>\n\n\n\n<h2 class=\"wp-block-heading\" id=\"h-el-primer-mapa-geografico\"><strong>El primer mapa geogr\u00e1fico<\/strong><\/h2>\n\n\n\n<figure class=\"wp-block-image size-large\"><a href=\"https:\/\/www.escapadarural.com\/blog\/wp-content\/uploads\/MapadeAbauntzb-scaled.jpg\"><img decoding=\"async\" src=\"https:\/\/www.escapadarural.com\/blog\/wp-content\/uploads\/MapadeAbauntzb-1024x681.jpg\" alt=\"mapas de estrellas de Abauntz. Museo de Navarra.\" class=\"wp-image-53223\"\/><\/a><figcaption class=\"wp-element-caption\">mapas de estrellas de Abauntz. Por Museo de Navarra.<\/figcaption><\/figure>\n\n\n\n<p>La representaci\u00f3n m\u00e1s antigua de algo parecido a un mapa est\u00e1 grabada sobre el colmillo de un mamut y muestra una monta\u00f1a, el r\u00edo Dyja, valles y distintas <a href=\"https:\/\/www.escapadarural.com\/blog\/ruta-por-cinco-caracteristicos-pueblos-de-la-subbetica-cordobesa\/\" title=\"Ruta por 5 caracter\u00edsticos pueblos de la Subb\u00e9tica cordobesa\"  data-wpil-monitor-id=\"370\">rutas<\/a> por la regi\u00f3n. Data de alrededor del 25.000 a.C. y es una suerte de mapa alrededor de Pavlov, en la actual Rep\u00fablica Checa.&nbsp;<\/p>\n\n\n\n<p>En la <strong>cueva <a href=\"https:\/\/www.escapadarural.com\/blog\/ruta-golondrinas-mujeres-pirineos\/\" title=\"La Ruta de las Golondrinas, las mujeres que cruzaban los Pirineos para hacer alpargatas\"  data-wpil-monitor-id=\"375\">navarra<\/a> de Abauntz<\/strong> se ha encontrado a su vez una piedra que tambi\u00e9n parece tener grabado un mapa y es diez mil a\u00f1os m\u00e1s joven. Los creadores de esta representaci\u00f3n probablemente fueron cazadores n\u00f3madas que habitaban en Francia y cruzaban los Pirineos en verano en busca de caza, movi\u00e9ndose a lo largo del <a href=\"https:\/\/www.escapadarural.com\/casas-rurales\/valle-del-alto-ebro-y-sonsierra\" class=\"rank-math-link\">valle del Ebro<\/a>.&nbsp;<\/p>\n\n\n\n<p>En el mapa aparecen reflejados accidentes geogr\u00e1ficos tales como el perfil de la loma de San Gregorio, situada enfrente de la cueva o el arroyo Zaldazain. Debido a la importancia del <a href=\"https:\/\/www.escapadarural.com\/blog\/segobriga-ciudad-romana-en-cuenca\/\" title=\"Seg\u00f3briga, la urbe romana que conserva el teatro, anfiteatro y circo\"  data-wpil-monitor-id=\"368\">yacimiento arqueol\u00f3gico<\/a>, podemos aproximarnos a la entrada, pero a fin de proteger la cavidad de expolios, se situ\u00f3 un cierre a la entrada de la cueva. Eso s\u00ed, en la actualidad se encuentra en el <a href=\"https:\/\/es.wikipedia.org\/wiki\/Museo_de_Navarra\" target=\"_blank\" aria-label=\" (opens in a new tab)\" rel=\"noreferrer noopener nofollow\" class=\"rank-math-link\">Museo de Navarra<\/a>, donde se realiz\u00f3 una r\u00e9plica para pr\u00e9stamo a exposiciones temporales.<\/p>\n\n\n\n<h2 class=\"wp-block-heading\" id=\"h-los-primeros-mapas-de-estrellas\"><strong>Los primeros mapas de estrellas<\/strong><\/h2>\n\n\n\n<figure class=\"wp-block-image size-large is-resized\"><img decoding=\"async\" src=\"https:\/\/www.escapadarural.com\/blog\/wp-content\/uploads\/600px-Cueva_del_Castillo_interior.jpg\" alt=\"Cueva del Castillo\" class=\"wp-image-53224\" style=\"width:779px;height:779px\"\/><figcaption class=\"wp-element-caption\">Cueva del Castillo. Por Gabinete de Prensa del Gobierno de Cantabria<\/figcaption><\/figure>\n\n\n\n<p>A pesar de la antig\u00fcedad de los mapas geogr\u00e1ficos, los mapas de estrellas no les van a la zaga. Al principio, parece que los humanos se sent\u00edan tan fascinados y concernidos por el cosmos como por lo terrenal.&nbsp;<\/p>\n\n\n\n<p>Por esa raz\u00f3n, los puntos dibujados en las paredes de <strong>las cuevas de Lascaux<\/strong>, en <a href=\"https:\/\/www.escapadarural.com\/blog\/lijar-el-pueblo-que-le-declaro-la-guerra-a-francia-durante-100-anos\/\" title=\"L\u00edjar, el pueblo que le declar\u00f3 la guerra a Francia durante 100 a\u00f1os\"  data-wpil-monitor-id=\"374\">Francia<\/a>, en alg\u00fan momento del 16.500 a.C. , parecen representar Vega, Deneb, Altair y las Pl\u00e9yades. Por cierto, las estrellas Vega y Altair son usadas para describir la historia cl\u00e1sica japonesa de la princesa y el pastor de bueyes, en la <a href=\"https:\/\/es.wikipedia.org\/wiki\/Tanabata\" class=\"rank-math-link\" target=\"_blank\">festividad del Tanabata<\/a>. Una <a href=\"https:\/\/www.escapadarural.com\/blog\/belchite-escenario-de-la-guerra-civil\/\" title=\"Belchite, escenario de la Guerra Civil\"  data-wpil-monitor-id=\"372\">historia<\/a> de dos amantes, Orihime (Vega) y Hikoboshi (Altair), que son separados por un r\u00edo de estrellas (V\u00eda L\u00e1ctea), y solo se les permite verse una vez al a\u00f1o, el 7 de julio.<\/p>\n\n\n\n<figure class=\"wp-block-image size-large\"><a href=\"https:\/\/www.escapadarural.com\/blog\/wp-content\/uploads\/Lascaux_painting.jpg\"><img decoding=\"async\" src=\"https:\/\/www.escapadarural.com\/blog\/wp-content\/uploads\/Lascaux_painting.jpg\" alt=\"Cueva de Lascaux. mapas de estrellas\" class=\"wp-image-53498\"\/><\/a><figcaption class=\"wp-element-caption\">Cueva de Lascaux. mapas de estrellas sobre animales. Por Prof saxx <\/figcaption><\/figure>\n\n\n\n<p>Las <strong>pinturas de la cueva de El Castillo<\/strong>, un yacimiento arqueol\u00f3gico encuadrado dentro del complejo cuevas del Monte Castillo, en <a href=\"https:\/\/www.escapadarural.com\/casas-rurales\/cantabria\" class=\"rank-math-link\">Cantabria<\/a>, seguramente representan la constelaci\u00f3n Corona Borealis, y fueron pintadas alrededor del 12.000 a.C. <\/p>\n\n\n\n<p>Con 759 metros de desarrollo, la cueva fue descubierta en 1903 por Hermilio Alcalde del R\u00edo. No fue hasta 1910 cuando, bajo el <strong>mecenazgo del pr\u00edncipe Alberto I de M\u00f3naco<\/strong> y del Instituto de Paleontolog\u00eda Humana de Par\u00eds, comenzaron las grandes campa\u00f1as de excavaci\u00f3n.<\/p>\n\n\n\n<p>La cueva, incluida en la lista del Patrimonio de la Humanidad de la Unesco desde julio de 2008, dentro del sitio \u00abCueva de <a href=\"https:\/\/www.escapadarural.com\/blog\/cuevas-increibles-que-visitar-en-espana\/\" title=\"10 cuevas incre\u00edbles en Espa\u00f1a\"  data-wpil-monitor-id=\"367\">Altamira<\/a> y arte rupestre paleol\u00edtico del Norte de Espa\u00f1a\u00bb, muestra manos, s\u00edmbolos, grabados de ciervos y la mencionada constelaci\u00f3n <strong>Corona Borealis<\/strong>. Una peque\u00f1a constelaci\u00f3n boreal\u200b (una de las 88 constelaciones modernas) cuyas principales estrellas forman un arco semicircular.&nbsp;<\/p>\n\n\n\n<figure class=\"wp-block-image size-large\"><a href=\"https:\/\/www.escapadarural.com\/blog\/wp-content\/uploads\/AdobeStock_477983854-scaled.jpeg\"><img decoding=\"async\" src=\"https:\/\/www.escapadarural.com\/blog\/wp-content\/uploads\/AdobeStock_477983854-1024x819.jpeg\" alt=\"Corona Borealis\" class=\"wp-image-53497\"\/><\/a><figcaption class=\"wp-element-caption\">Corona Borealis. Por Jazziel<\/figcaption><\/figure>\n\n\n\n<p>Para llegar hasta la <a href=\"https:\/\/cuevas.culturadecantabria.com\/el-castillo\/\" class=\"rank-math-link\" target=\"_blank\">cueva de El Castillo<\/a> es recomendable hacerlo desde el municipio de <a href=\"https:\/\/www.escapadarural.com\/casas-rurales\/puente-viesgo\" class=\"rank-math-link\">Puente Viesgo<\/a> (N-623). Junto al aparcamiento de la villa se toma la carretera CA-703 que conduce a las cuevas del Monte Castillo. Tras recorrer 1,4 km se llega a un aparcamiento por donde se accede andando unos 70 metros al Centro de Interpretaci\u00f3n. <strong>La visita es <a href=\"https:\/\/www.escapadarural.com\/blog\/guia-para-hacer-la-ruta-del-cares\/\" title=\"La gu\u00eda definitiva para hacer la Ruta del Cares (actualizado julio 2024)\"  data-wpil-monitor-id=\"371\">guiada<\/a> y su duraci\u00f3n es de 45 minutos<\/strong>.&nbsp;<\/p>\n\n\n\n<p>M\u00e1s all\u00e1 de la fascinaci\u00f3n que pudieran despertar las estrellas, su representaci\u00f3n tambi\u00e9n ten\u00eda un prop\u00f3sito pr\u00e1ctico, tal y como explica Caspar Henderson en su libro <em>El mapa de las maravillas<\/em>:<\/p>\n\n\n\n<blockquote class=\"wp-block-quote is-layout-flow wp-block-quote-is-layout-flow\">\n<p>Hay buenas razones para emplear las estrellas en la elaboraci\u00f3n de mapas. Aunque giran durante la noche y se mueven con las estaciones, las <a href=\"https:\/\/www.escapadarural.com\/blog\/avion-estrellado-en-requesens\/\" title=\"El avi\u00f3n estrellado en Requesens que a\u00fan permanece entre los \u00e1rboles\"  data-wpil-monitor-id=\"376\">estrellas<\/a> permanecen en posiciones fijas con relaci\u00f3n a s\u00ed mismas, al menos hasta donde los humanos que las contemplan a simple vista pueden apreciar, y pasan por los mismos ciclos que cada a\u00f1o las hacen salir y ponerse.<\/p>\n<\/blockquote>\n\n\n\n<p>Las estrellas siempre est\u00e1n ah\u00ed. Aunque, ahora lo sabemos, quiz\u00e1 ya no est\u00e9n y solo vemos el remanente de <strong>su esplendor que nos llega con cierto retraso<\/strong>. Habida cuenta de las enormes, inconmensurables distancias siderales.&nbsp;<\/p>\n\n\n<section class=\"wp-block-ub-post-grid ub-block-post-grid align  is-equal-height preserve-post-image-aspect-ratio\" style=\"\" id=\"ub-post-grid-\"><div class=\"ub-post-grid-items is-list\" style=\"row-gap: 32px; column-gap: 32px; \"><article id=\"post-214256\" class=\"ub-post-grid-item post-214256 post type-post status-publish format-standard has-post-thumbnail hentry category-alojamientos-rurales category-rutas-y-excursiones tag-que-ver-en-a-coruna tag-camino-de-santiago tag-camino-frances tag-casas-rurales tag-que-ver-en-galicia tag-listado tag-pareja\" style=\"\"><div class=\"ub-block-post-grid-image\" style=\"\"><a href=\"https:\/\/www.escapadarural.com\/blog\/casas-rurales-ultimos-kilometros-camino-de-santiago\/\" rel=\"bookmark\" aria-hidden=\"true\" tabindex=\"-1\"><img loading=\"lazy\" decoding=\"async\" width=\"2048\" height=\"1366\" src=\"https:\/\/www.escapadarural.com\/blog\/wp-content\/uploads\/2026\/02\/00b_CasasFinalCamino_ArmandoOliveiraAdobeStock_483622556-scaled.jpeg\" class=\"attachment-full size-full\" alt=\"Un peregrino a punto de llegar a Santiago de Compostela (A Coru\u00f1a).\" style=\"max-width: 600px; \" srcset=\"https:\/\/www.escapadarural.com\/blog\/wp-content\/uploads\/2026\/02\/00b_CasasFinalCamino_ArmandoOliveiraAdobeStock_483622556-200x133.jpeg 200w, https:\/\/www.escapadarural.com\/blog\/wp-content\/uploads\/2026\/02\/00b_CasasFinalCamino_ArmandoOliveiraAdobeStock_483622556-300x200.jpeg 300w, https:\/\/www.escapadarural.com\/blog\/wp-content\/uploads\/2026\/02\/00b_CasasFinalCamino_ArmandoOliveiraAdobeStock_483622556-400x267.jpeg 400w, https:\/\/www.escapadarural.com\/blog\/wp-content\/uploads\/2026\/02\/00b_CasasFinalCamino_ArmandoOliveiraAdobeStock_483622556-600x400.jpeg 600w, https:\/\/www.escapadarural.com\/blog\/wp-content\/uploads\/2026\/02\/00b_CasasFinalCamino_ArmandoOliveiraAdobeStock_483622556-768x512.jpeg 768w, https:\/\/www.escapadarural.com\/blog\/wp-content\/uploads\/2026\/02\/00b_CasasFinalCamino_ArmandoOliveiraAdobeStock_483622556-800x534.jpeg 800w, https:\/\/www.escapadarural.com\/blog\/wp-content\/uploads\/2026\/02\/00b_CasasFinalCamino_ArmandoOliveiraAdobeStock_483622556-1024x683.jpeg 1024w, https:\/\/www.escapadarural.com\/blog\/wp-content\/uploads\/2026\/02\/00b_CasasFinalCamino_ArmandoOliveiraAdobeStock_483622556-1200x800.jpeg 1200w, https:\/\/www.escapadarural.com\/blog\/wp-content\/uploads\/2026\/02\/00b_CasasFinalCamino_ArmandoOliveiraAdobeStock_483622556-1536x1025.jpeg 1536w, https:\/\/www.escapadarural.com\/blog\/wp-content\/uploads\/2026\/02\/00b_CasasFinalCamino_ArmandoOliveiraAdobeStock_483622556-scaled.jpeg 2048w\" sizes=\"auto, (max-width: 2048px) 100vw, 2048px\"><\/a><\/div><div class=\"ub-block-post-grid-text\" style=\"\"><div class=\"ub-block-post-grid-header-content\"><header class=\"ub-block-post-grid-header\"><h3 class=\"ub-block-post-grid-title\"><a style=\"\" href=\"https:\/\/www.escapadarural.com\/blog\/casas-rurales-ultimos-kilometros-camino-de-santiago\/\" rel=\"bookmark\">Los \u00faltimos kil\u00f3metros del Camino de Santiago se duermen mejor en una casa rural<\/a><\/h3><\/header><\/div><div class=\"ub-block-post-grid-excerpt\"><div class=\"ub-block-post-grid-excerpt-text\" style=\"\"><p>Descubre tres casas rurales con encanto en las \u00faltimas etapas del Camino de Santiago: el descanso que te mereces antes de llegar a la plaza del Obradoiro<\/p>\n<\/div><\/div><\/div><\/article>\n<article id=\"post-5665\" class=\"ub-post-grid-item post-5665 post type-post status-publish format-standard has-post-thumbnail hentry category-rutas-y-excursiones tag-amigos tag-que-ver-en-andalucia tag-castril tag-cazorla tag-cerrada-de-elias tag-familia tag-guia tag-que-ver-en-jaen tag-la-iruela tag-pareja tag-rio-borosa tag-rios tag-senderismo tag-sendero tag-sierra-de-cazorla\" style=\"\"><div class=\"ub-block-post-grid-image\" style=\"\"><a href=\"https:\/\/www.escapadarural.com\/blog\/el-sendero-de-la-cerrada-de-elias\/\" rel=\"bookmark\" aria-hidden=\"true\" tabindex=\"-1\"><img loading=\"lazy\" decoding=\"async\" width=\"2048\" height=\"1365\" src=\"https:\/\/www.escapadarural.com\/blog\/wp-content\/uploads\/2015\/11\/AdobeStock_1965552320-scaled.jpeg\" class=\"attachment-full size-full\" alt=\"R\u00edo Borosa por el Cerrada de El\u00edas, en el Parque Natural de Cazorla, Segura y Las Villas. Por manuelmartinez\" style=\"max-width: 600px; \" srcset=\"https:\/\/www.escapadarural.com\/blog\/wp-content\/uploads\/2015\/11\/AdobeStock_1965552320-200x133.jpeg 200w, https:\/\/www.escapadarural.com\/blog\/wp-content\/uploads\/2015\/11\/AdobeStock_1965552320-300x200.jpeg 300w, https:\/\/www.escapadarural.com\/blog\/wp-content\/uploads\/2015\/11\/AdobeStock_1965552320-400x267.jpeg 400w, https:\/\/www.escapadarural.com\/blog\/wp-content\/uploads\/2015\/11\/AdobeStock_1965552320-600x400.jpeg 600w, https:\/\/www.escapadarural.com\/blog\/wp-content\/uploads\/2015\/11\/AdobeStock_1965552320-768x512.jpeg 768w, https:\/\/www.escapadarural.com\/blog\/wp-content\/uploads\/2015\/11\/AdobeStock_1965552320-800x533.jpeg 800w, https:\/\/www.escapadarural.com\/blog\/wp-content\/uploads\/2015\/11\/AdobeStock_1965552320-1024x683.jpeg 1024w, https:\/\/www.escapadarural.com\/blog\/wp-content\/uploads\/2015\/11\/AdobeStock_1965552320-1200x800.jpeg 1200w, https:\/\/www.escapadarural.com\/blog\/wp-content\/uploads\/2015\/11\/AdobeStock_1965552320-1536x1024.jpeg 1536w, https:\/\/www.escapadarural.com\/blog\/wp-content\/uploads\/2015\/11\/AdobeStock_1965552320-scaled.jpeg 2048w\" sizes=\"auto, (max-width: 2048px) 100vw, 2048px\"><\/a><\/div><div class=\"ub-block-post-grid-text\" style=\"\"><div class=\"ub-block-post-grid-header-content\"><header class=\"ub-block-post-grid-header\"><h3 class=\"ub-block-post-grid-title\"><a style=\"\" href=\"https:\/\/www.escapadarural.com\/blog\/el-sendero-de-la-cerrada-de-elias\/\" rel=\"bookmark\">Gu\u00eda definitiva para hacer la Cerrada de El\u00edas (o Caminito de la Reina) en Ja\u00e9n<\/a><\/h3><\/header><\/div><div class=\"ub-block-post-grid-excerpt\"><div class=\"ub-block-post-grid-excerpt-text\" style=\"\"><p>Tambi\u00e9n conocida como Caminito de la Reina, es una ruta de senderismo familiar que atraviesa una impresionante garganta entre pasarelas<\/p>\n<\/div><\/div><\/div><\/article>\n<article id=\"post-217131\" class=\"ub-post-grid-item post-217131 post type-post status-publish format-standard has-post-thumbnail hentry category-coetur category-notas-de-prensa category-noticias\" style=\"\"><div class=\"ub-block-post-grid-image\" style=\"\"><a href=\"https:\/\/www.escapadarural.com\/blog\/navarra-territorio-invitado-coetur\/\" rel=\"bookmark\" aria-hidden=\"true\" tabindex=\"-1\"><img loading=\"lazy\" decoding=\"async\" width=\"2048\" height=\"1365\" src=\"https:\/\/www.escapadarural.com\/blog\/wp-content\/uploads\/2026\/04\/04_PlanesLluvia_Irati_gurb101088_AdobeStock_682386670-scaled.jpeg\" class=\"attachment-full size-full\" alt=\"La Selva de Irati (Navarra) adquiere otra atm\u00f3sfera cuando llueve.\" style=\"max-width: 600px; \" srcset=\"https:\/\/www.escapadarural.com\/blog\/wp-content\/uploads\/2026\/04\/04_PlanesLluvia_Irati_gurb101088_AdobeStock_682386670-200x133.jpeg 200w, https:\/\/www.escapadarural.com\/blog\/wp-content\/uploads\/2026\/04\/04_PlanesLluvia_Irati_gurb101088_AdobeStock_682386670-300x200.jpeg 300w, https:\/\/www.escapadarural.com\/blog\/wp-content\/uploads\/2026\/04\/04_PlanesLluvia_Irati_gurb101088_AdobeStock_682386670-400x267.jpeg 400w, https:\/\/www.escapadarural.com\/blog\/wp-content\/uploads\/2026\/04\/04_PlanesLluvia_Irati_gurb101088_AdobeStock_682386670-600x400.jpeg 600w, https:\/\/www.escapadarural.com\/blog\/wp-content\/uploads\/2026\/04\/04_PlanesLluvia_Irati_gurb101088_AdobeStock_682386670-768x512.jpeg 768w, https:\/\/www.escapadarural.com\/blog\/wp-content\/uploads\/2026\/04\/04_PlanesLluvia_Irati_gurb101088_AdobeStock_682386670-800x533.jpeg 800w, https:\/\/www.escapadarural.com\/blog\/wp-content\/uploads\/2026\/04\/04_PlanesLluvia_Irati_gurb101088_AdobeStock_682386670-1024x683.jpeg 1024w, https:\/\/www.escapadarural.com\/blog\/wp-content\/uploads\/2026\/04\/04_PlanesLluvia_Irati_gurb101088_AdobeStock_682386670-1200x800.jpeg 1200w, https:\/\/www.escapadarural.com\/blog\/wp-content\/uploads\/2026\/04\/04_PlanesLluvia_Irati_gurb101088_AdobeStock_682386670-1536x1024.jpeg 1536w, https:\/\/www.escapadarural.com\/blog\/wp-content\/uploads\/2026\/04\/04_PlanesLluvia_Irati_gurb101088_AdobeStock_682386670-scaled.jpeg 2048w\" sizes=\"auto, (max-width: 2048px) 100vw, 2048px\"><\/a><\/div><div class=\"ub-block-post-grid-text\" style=\"\"><div class=\"ub-block-post-grid-header-content\"><header class=\"ub-block-post-grid-header\"><h3 class=\"ub-block-post-grid-title\"><a style=\"\" href=\"https:\/\/www.escapadarural.com\/blog\/navarra-territorio-invitado-coetur\/\" rel=\"bookmark\">Navarra ser\u00e1 el territorio invitado en la XII edici\u00f3n de Coetur, el congreso de turismo rural iniciativa de EscapadaRural<\/a><\/h3><\/header><\/div><div class=\"ub-block-post-grid-excerpt\"><div class=\"ub-block-post-grid-excerpt-text\" style=\"\"><p>La XII edici\u00f3n de Coetur, el congreso de referencia del sector del turismo rural organizado por EscapadaRural, cuenta este a\u00f1o con la colaboraci\u00f3n especial de Navarra como territorio invitado y dinamizador de la sesi\u00f3n de networking que cerrar\u00e1 la primera jornada del congreso.\u00a0<\/p>\n<\/div><\/div><\/div><\/article>\n<article id=\"post-217015\" class=\"ub-post-grid-item post-217015 post type-post status-publish format-standard has-post-thumbnail hentry category-destinos tag-que-ver-en-albacete tag-amigos tag-que-ver-en-burgos tag-que-ver-en-cantabria tag-que-ver-en-castellon tag-que-ver-en-cordoba tag-familia tag-que-ver-en-girona tag-listado tag-que-ver-en-madrid tag-pareja tag-primavera tag-pueblos tag-turismo-rural\" style=\"\"><div class=\"ub-block-post-grid-image\" style=\"\"><a href=\"https:\/\/www.escapadarural.com\/blog\/pueblos-que-aun-no-estan-masificados\/\" rel=\"bookmark\" aria-hidden=\"true\" tabindex=\"-1\"><img loading=\"lazy\" decoding=\"async\" width=\"2048\" height=\"1365\" src=\"https:\/\/www.escapadarural.com\/blog\/wp-content\/uploads\/2026\/04\/AdobeStock_252419160_cartes2-scaled.jpeg\" class=\"attachment-full size-full\" alt=\"Cartes, en Cantabria. Por leonardo2011.\" style=\"max-width: 600px; \" srcset=\"https:\/\/www.escapadarural.com\/blog\/wp-content\/uploads\/2026\/04\/AdobeStock_252419160_cartes2-200x133.jpeg 200w, https:\/\/www.escapadarural.com\/blog\/wp-content\/uploads\/2026\/04\/AdobeStock_252419160_cartes2-300x200.jpeg 300w, https:\/\/www.escapadarural.com\/blog\/wp-content\/uploads\/2026\/04\/AdobeStock_252419160_cartes2-400x267.jpeg 400w, https:\/\/www.escapadarural.com\/blog\/wp-content\/uploads\/2026\/04\/AdobeStock_252419160_cartes2-600x400.jpeg 600w, https:\/\/www.escapadarural.com\/blog\/wp-content\/uploads\/2026\/04\/AdobeStock_252419160_cartes2-768x512.jpeg 768w, https:\/\/www.escapadarural.com\/blog\/wp-content\/uploads\/2026\/04\/AdobeStock_252419160_cartes2-800x533.jpeg 800w, https:\/\/www.escapadarural.com\/blog\/wp-content\/uploads\/2026\/04\/AdobeStock_252419160_cartes2-1024x683.jpeg 1024w, https:\/\/www.escapadarural.com\/blog\/wp-content\/uploads\/2026\/04\/AdobeStock_252419160_cartes2-1200x800.jpeg 1200w, https:\/\/www.escapadarural.com\/blog\/wp-content\/uploads\/2026\/04\/AdobeStock_252419160_cartes2-1536x1024.jpeg 1536w, https:\/\/www.escapadarural.com\/blog\/wp-content\/uploads\/2026\/04\/AdobeStock_252419160_cartes2-scaled.jpeg 2048w\" sizes=\"auto, (max-width: 2048px) 100vw, 2048px\"><\/a><\/div><div class=\"ub-block-post-grid-text\" style=\"\"><div class=\"ub-block-post-grid-header-content\"><header class=\"ub-block-post-grid-header\"><h3 class=\"ub-block-post-grid-title\"><a style=\"\" href=\"https:\/\/www.escapadarural.com\/blog\/pueblos-que-aun-no-estan-masificados\/\" rel=\"bookmark\">Pueblos con encanto de Espa\u00f1a que a\u00fan puedes disfrutar sin multitudes<\/a><\/h3><\/header><\/div><div class=\"ub-block-post-grid-excerpt\"><div class=\"ub-block-post-grid-excerpt-text\" style=\"\"><p>Destinos buscados por los viajeros pero que a\u00fan no est\u00e1n masificados. S\u00ed, existen. Estos son algunos de ellos que merece una visita. <\/p>\n<\/div><\/div><\/div><\/article>\n<article id=\"post-216901\" class=\"ub-post-grid-item post-216901 post type-post status-publish format-standard has-post-thumbnail hentry category-alojamientos-rurales category-destinos tag-que-ver-en-a-coruna tag-agua tag-que-ver-en-alava tag-amigos tag-casas-rurales tag-cascada tag-familia tag-listado tag-pareja tag-salto-del-nervion tag-que-ver-en-tarragona tag-que-ver-en-valencia\" style=\"\"><div class=\"ub-block-post-grid-image\" style=\"\"><a href=\"https:\/\/www.escapadarural.com\/blog\/casas-rurales-con-vistas-a-cascadas\/\" rel=\"bookmark\" aria-hidden=\"true\" tabindex=\"-1\"><img loading=\"lazy\" decoding=\"async\" width=\"1030\" height=\"773\" src=\"https:\/\/www.escapadarural.com\/blog\/wp-content\/uploads\/2026\/04\/Moli-de-Sotorres.jpg\" class=\"attachment-full size-full\" alt=\"Mol\u00ed de Sotorres (Tarragona)\" style=\"max-width: 600px; \" srcset=\"https:\/\/www.escapadarural.com\/blog\/wp-content\/uploads\/2026\/04\/Moli-de-Sotorres-200x150.jpg 200w, https:\/\/www.escapadarural.com\/blog\/wp-content\/uploads\/2026\/04\/Moli-de-Sotorres-300x225.jpg 300w, https:\/\/www.escapadarural.com\/blog\/wp-content\/uploads\/2026\/04\/Moli-de-Sotorres-400x300.jpg 400w, https:\/\/www.escapadarural.com\/blog\/wp-content\/uploads\/2026\/04\/Moli-de-Sotorres-600x450.jpg 600w, https:\/\/www.escapadarural.com\/blog\/wp-content\/uploads\/2026\/04\/Moli-de-Sotorres-768x576.jpg 768w, https:\/\/www.escapadarural.com\/blog\/wp-content\/uploads\/2026\/04\/Moli-de-Sotorres-800x600.jpg 800w, https:\/\/www.escapadarural.com\/blog\/wp-content\/uploads\/2026\/04\/Moli-de-Sotorres-1024x768.jpg 1024w, https:\/\/www.escapadarural.com\/blog\/wp-content\/uploads\/2026\/04\/Moli-de-Sotorres.jpg 1030w\" sizes=\"auto, (max-width: 1030px) 100vw, 1030px\"><\/a><\/div><div class=\"ub-block-post-grid-text\" style=\"\"><div class=\"ub-block-post-grid-header-content\"><header class=\"ub-block-post-grid-header\"><h3 class=\"ub-block-post-grid-title\"><a style=\"\" href=\"https:\/\/www.escapadarural.com\/blog\/casas-rurales-con-vistas-a-cascadas\/\" rel=\"bookmark\">Dormir frente a una cascada: 4 casas rurales pegadas a saltos de agua que hipnotizan<\/a><\/h3><\/header><\/div><div class=\"ub-block-post-grid-excerpt\"><div class=\"ub-block-post-grid-excerpt-text\" style=\"\"><p>No es una app de meditaci\u00f3n. En estas casas rurales duermes junto a cascadas y con el sonido del agua cayendo. <\/p>\n<\/div><\/div><\/div><\/article>\n<article id=\"post-216553\" class=\"ub-post-grid-item post-216553 post type-post status-publish format-standard has-post-thumbnail hentry category-arte-y-cultura category-destinos tag-amigos tag-que-ver-en-caceres tag-que-ver-en-cordoba tag-familia tag-fiestas tag-que-ver-en-huelva tag-listado tag-que-ver-en-madrid tag-mayo tag-pareja tag-primavera tag-que-ver-en-salamanca tag-que-ver-en-sevilla tag-valle-del-jerte tag-que-ver-en-vizcaya\" style=\"\"><div class=\"ub-block-post-grid-image\" style=\"\"><a href=\"https:\/\/www.escapadarural.com\/blog\/planes-baratos-y-gratis-en-mayo\/\" rel=\"bookmark\" aria-hidden=\"true\" tabindex=\"-1\"><img loading=\"lazy\" decoding=\"async\" width=\"2048\" height=\"1154\" src=\"https:\/\/www.escapadarural.com\/blog\/wp-content\/uploads\/2026\/04\/AdobeStock_613579227-scaled.jpeg\" class=\"attachment-full size-full\" alt=\"Cerezos en flor en el Jerte (C\u00e1ceres). Por M.studio\" style=\"max-width: 600px; \" srcset=\"https:\/\/www.escapadarural.com\/blog\/wp-content\/uploads\/2026\/04\/AdobeStock_613579227-200x113.jpeg 200w, https:\/\/www.escapadarural.com\/blog\/wp-content\/uploads\/2026\/04\/AdobeStock_613579227-300x169.jpeg 300w, https:\/\/www.escapadarural.com\/blog\/wp-content\/uploads\/2026\/04\/AdobeStock_613579227-400x225.jpeg 400w, https:\/\/www.escapadarural.com\/blog\/wp-content\/uploads\/2026\/04\/AdobeStock_613579227-600x338.jpeg 600w, https:\/\/www.escapadarural.com\/blog\/wp-content\/uploads\/2026\/04\/AdobeStock_613579227-768x433.jpeg 768w, https:\/\/www.escapadarural.com\/blog\/wp-content\/uploads\/2026\/04\/AdobeStock_613579227-800x451.jpeg 800w, https:\/\/www.escapadarural.com\/blog\/wp-content\/uploads\/2026\/04\/AdobeStock_613579227-1024x577.jpeg 1024w, https:\/\/www.escapadarural.com\/blog\/wp-content\/uploads\/2026\/04\/AdobeStock_613579227-1200x676.jpeg 1200w, https:\/\/www.escapadarural.com\/blog\/wp-content\/uploads\/2026\/04\/AdobeStock_613579227-1536x866.jpeg 1536w, https:\/\/www.escapadarural.com\/blog\/wp-content\/uploads\/2026\/04\/AdobeStock_613579227-scaled.jpeg 2048w\" sizes=\"auto, (max-width: 2048px) 100vw, 2048px\"><\/a><\/div><div class=\"ub-block-post-grid-text\" style=\"\"><div class=\"ub-block-post-grid-header-content\"><header class=\"ub-block-post-grid-header\"><h3 class=\"ub-block-post-grid-title\"><a style=\"\" href=\"https:\/\/www.escapadarural.com\/blog\/planes-baratos-y-gratis-en-mayo\/\" rel=\"bookmark\">Planes baratos (o gratis) para un mayo sin sayo \u2600\ufe0f<\/a><\/h3><\/header><\/div><div class=\"ub-block-post-grid-excerpt\"><div class=\"ub-block-post-grid-excerpt-text\" style=\"\"><p>Fiestas, flores, rutas, romer\u00edas en el campo\u2026. \u00a1No te pierdas los mejores planes para mayo! Son econ\u00f3micos, y algunos gratis. <\/p>\n<\/div><\/div><\/div><\/article>\n<\/div><\/section>","protected":false},"excerpt":{"rendered":"<p>Uno de los primeros mapas de la historia de la Humanidad est\u00e1 en Navarra. <\/p>\n","protected":false},"author":120,"featured_media":99976,"comment_status":"open","ping_status":"open","sticky":false,"template":"","format":"standard","meta":{"_acf_changed":false,"om_disable_all_campaigns":false,"footnotes":""},"categories":[279],"tags":[1793,260,224,4370,907,4371,4372,4373,3005],"class_list":["post-53221","post","type-post","status-publish","format-standard","has-post-thumbnail","hentry","category-ciencia","tag-arte-rupestre","tag-articulo","tag-que-ver-en-cantabria","tag-cuevas-en-cantabria","tag-estrellas","tag-mapas-de-estrellas","tag-preshitoria","tag-telescopio-james-webb","tag-universo"],"acf":[],"featured_image_src":"https:\/\/www.escapadarural.com\/blog\/wp-content\/uploads\/2024\/10\/telescopio-webb-1024x576-1.png","author_info":{"display_name":"Sergio Parra","author_link":"https:\/\/www.escapadarural.com\/blog\/autor\/sergio\/"},"yoast_head":"<!-- This site is optimized with the Yoast SEO plugin v27.5 - https:\/\/yoast.com\/product\/yoast-seo-wordpress\/ -->\n<title>Los mapas de estrellas rupestres de Cantabria - EscapadaRural<\/title>\n<meta name=\"robots\" content=\"index, follow, max-snippet:-1, max-image-preview:large, max-video-preview:-1\" \/>\n<link rel=\"canonical\" href=\"https:\/\/www.escapadarural.com\/blog\/mapas-de-estrellas-rupestres\/\" \/>\n<meta property=\"og:locale\" content=\"es_ES\" \/>\n<meta property=\"og:type\" content=\"article\" \/>\n<meta property=\"og:title\" content=\"Los mapas de estrellas rupestres de Cantabria - EscapadaRural\" \/>\n<meta property=\"og:description\" content=\"Uno de los primeros mapas de la historia de la Humanidad est\u00e1 en Navarra.\" \/>\n<meta property=\"og:url\" content=\"https:\/\/www.escapadarural.com\/blog\/mapas-de-estrellas-rupestres\/\" \/>\n<meta property=\"og:site_name\" content=\"Magazine de viajes de EscapadaRural\" \/>\n<meta property=\"article:publisher\" content=\"https:\/\/www.facebook.com\/escapadarural\" \/>\n<meta property=\"article:published_time\" content=\"2022-07-31T07:30:00+00:00\" \/>\n<meta property=\"article:modified_time\" content=\"2025-02-28T13:10:24+00:00\" \/>\n<meta property=\"og:image\" content=\"https:\/\/www.escapadarural.com\/blog\/wp-content\/uploads\/2024\/10\/telescopio-webb-1024x576-1.png\" \/>\n\t<meta property=\"og:image:width\" content=\"1024\" \/>\n\t<meta property=\"og:image:height\" content=\"576\" \/>\n\t<meta property=\"og:image:type\" content=\"image\/png\" \/>\n<meta name=\"author\" content=\"Sergio Parra\" \/>\n<meta name=\"twitter:card\" content=\"summary_large_image\" \/>\n<meta name=\"twitter:label1\" content=\"Escrito por\" \/>\n\t<meta name=\"twitter:data1\" content=\"Sergio Parra\" \/>\n\t<meta name=\"twitter:label2\" content=\"Tiempo de lectura\" \/>\n\t<meta name=\"twitter:data2\" content=\"6 minutos\" \/>\n<script type=\"application\/ld+json\" class=\"yoast-schema-graph\">{\"@context\":\"https:\\\/\\\/schema.org\",\"@graph\":[{\"@type\":\"Article\",\"@id\":\"https:\\\/\\\/www.escapadarural.com\\\/blog\\\/mapas-de-estrellas-rupestres\\\/#article\",\"isPartOf\":{\"@id\":\"https:\\\/\\\/www.escapadarural.com\\\/blog\\\/mapas-de-estrellas-rupestres\\\/\"},\"author\":{\"name\":\"Sergio Parra\",\"@id\":\"https:\\\/\\\/www.escapadarural.com\\\/blog\\\/#\\\/schema\\\/person\\\/b19b2221b2fc03d3ab5ec82d81f7a678\"},\"headline\":\"Los mapas de estrellas rupestres de Cantabria\",\"datePublished\":\"2022-07-31T07:30:00+00:00\",\"dateModified\":\"2025-02-28T13:10:24+00:00\",\"mainEntityOfPage\":{\"@id\":\"https:\\\/\\\/www.escapadarural.com\\\/blog\\\/mapas-de-estrellas-rupestres\\\/\"},\"wordCount\":995,\"commentCount\":0,\"publisher\":{\"@id\":\"https:\\\/\\\/www.escapadarural.com\\\/blog\\\/#organization\"},\"image\":{\"@id\":\"https:\\\/\\\/www.escapadarural.com\\\/blog\\\/mapas-de-estrellas-rupestres\\\/#primaryimage\"},\"thumbnailUrl\":\"https:\\\/\\\/www.escapadarural.com\\\/blog\\\/wp-content\\\/uploads\\\/2024\\\/10\\\/telescopio-webb-1024x576-1.png\",\"keywords\":[\"arte rupestre\",\"art\u00edculo\",\"Cantabria\",\"Cuevas en Cantabria\",\"estrellas\",\"mapas de estrellas\",\"Preshitoria\",\"Telescopio James Webb\",\"universo\"],\"articleSection\":[\"Ciencia\"],\"inLanguage\":\"es\",\"potentialAction\":[{\"@type\":\"CommentAction\",\"name\":\"Comment\",\"target\":[\"https:\\\/\\\/www.escapadarural.com\\\/blog\\\/mapas-de-estrellas-rupestres\\\/#respond\"]}]},{\"@type\":\"WebPage\",\"@id\":\"https:\\\/\\\/www.escapadarural.com\\\/blog\\\/mapas-de-estrellas-rupestres\\\/\",\"url\":\"https:\\\/\\\/www.escapadarural.com\\\/blog\\\/mapas-de-estrellas-rupestres\\\/\",\"name\":\"Los mapas de estrellas rupestres de Cantabria - EscapadaRural\",\"isPartOf\":{\"@id\":\"https:\\\/\\\/www.escapadarural.com\\\/blog\\\/#website\"},\"primaryImageOfPage\":{\"@id\":\"https:\\\/\\\/www.escapadarural.com\\\/blog\\\/mapas-de-estrellas-rupestres\\\/#primaryimage\"},\"image\":{\"@id\":\"https:\\\/\\\/www.escapadarural.com\\\/blog\\\/mapas-de-estrellas-rupestres\\\/#primaryimage\"},\"thumbnailUrl\":\"https:\\\/\\\/www.escapadarural.com\\\/blog\\\/wp-content\\\/uploads\\\/2024\\\/10\\\/telescopio-webb-1024x576-1.png\",\"datePublished\":\"2022-07-31T07:30:00+00:00\",\"dateModified\":\"2025-02-28T13:10:24+00:00\",\"breadcrumb\":{\"@id\":\"https:\\\/\\\/www.escapadarural.com\\\/blog\\\/mapas-de-estrellas-rupestres\\\/#breadcrumb\"},\"inLanguage\":\"es\",\"potentialAction\":[{\"@type\":\"ReadAction\",\"target\":[\"https:\\\/\\\/www.escapadarural.com\\\/blog\\\/mapas-de-estrellas-rupestres\\\/\"]}]},{\"@type\":\"ImageObject\",\"inLanguage\":\"es\",\"@id\":\"https:\\\/\\\/www.escapadarural.com\\\/blog\\\/mapas-de-estrellas-rupestres\\\/#primaryimage\",\"url\":\"https:\\\/\\\/www.escapadarural.com\\\/blog\\\/wp-content\\\/uploads\\\/2024\\\/10\\\/telescopio-webb-1024x576-1.png\",\"contentUrl\":\"https:\\\/\\\/www.escapadarural.com\\\/blog\\\/wp-content\\\/uploads\\\/2024\\\/10\\\/telescopio-webb-1024x576-1.png\",\"width\":1024,\"height\":576,\"caption\":\"Nubes de colores y estrellas en el espacio.\"},{\"@type\":\"BreadcrumbList\",\"@id\":\"https:\\\/\\\/www.escapadarural.com\\\/blog\\\/mapas-de-estrellas-rupestres\\\/#breadcrumb\",\"itemListElement\":[{\"@type\":\"ListItem\",\"position\":1,\"name\":\"Inicio\",\"item\":\"https:\\\/\\\/www.escapadarural.com\\\/blog\\\/\"},{\"@type\":\"ListItem\",\"position\":2,\"name\":\"Ciencia\",\"item\":\"https:\\\/\\\/www.escapadarural.com\\\/blog\\\/categoria\\\/ciencia\\\/\"},{\"@type\":\"ListItem\",\"position\":3,\"name\":\"Los mapas de estrellas rupestres de Cantabria\"}]},{\"@type\":\"WebSite\",\"@id\":\"https:\\\/\\\/www.escapadarural.com\\\/blog\\\/#website\",\"url\":\"https:\\\/\\\/www.escapadarural.com\\\/blog\\\/\",\"name\":\"Blog de viajes | turismo rural, alojamientos e inspiraci\u00f3n\",\"description\":\"Alojamientos rurales e inspiraci\u00f3n para tus escapadas\",\"publisher\":{\"@id\":\"https:\\\/\\\/www.escapadarural.com\\\/blog\\\/#organization\"},\"alternateName\":\"Magazine de viajes de EscapadaRural\",\"potentialAction\":[{\"@type\":\"SearchAction\",\"target\":{\"@type\":\"EntryPoint\",\"urlTemplate\":\"https:\\\/\\\/www.escapadarural.com\\\/blog\\\/?s={search_term_string}\"},\"query-input\":{\"@type\":\"PropertyValueSpecification\",\"valueRequired\":true,\"valueName\":\"search_term_string\"}}],\"inLanguage\":\"es\"},{\"@type\":\"Organization\",\"@id\":\"https:\\\/\\\/www.escapadarural.com\\\/blog\\\/#organization\",\"name\":\"EscapadaRural\",\"url\":\"https:\\\/\\\/www.escapadarural.com\\\/blog\\\/\",\"logo\":{\"@type\":\"ImageObject\",\"inLanguage\":\"es\",\"@id\":\"https:\\\/\\\/www.escapadarural.com\\\/blog\\\/#\\\/schema\\\/logo\\\/image\\\/\",\"url\":\"https:\\\/\\\/www.escapadarural.com\\\/blog\\\/wp-content\\\/uploads\\\/2024\\\/10\\\/cropped-cropped-escapada-rural-icon-mag-3.png\",\"contentUrl\":\"https:\\\/\\\/www.escapadarural.com\\\/blog\\\/wp-content\\\/uploads\\\/2024\\\/10\\\/cropped-cropped-escapada-rural-icon-mag-3.png\",\"width\":512,\"height\":512,\"caption\":\"EscapadaRural\"},\"image\":{\"@id\":\"https:\\\/\\\/www.escapadarural.com\\\/blog\\\/#\\\/schema\\\/logo\\\/image\\\/\"},\"sameAs\":[\"https:\\\/\\\/www.facebook.com\\\/escapadarural\",\"https:\\\/\\\/www.instagram.com\\\/escapadarural\\\/\",\"https:\\\/\\\/www.youtube.com\\\/@escapadaruralcom\"]},{\"@type\":\"Person\",\"@id\":\"https:\\\/\\\/www.escapadarural.com\\\/blog\\\/#\\\/schema\\\/person\\\/b19b2221b2fc03d3ab5ec82d81f7a678\",\"name\":\"Sergio Parra\",\"image\":{\"@type\":\"ImageObject\",\"inLanguage\":\"es\",\"@id\":\"https:\\\/\\\/www.escapadarural.com\\\/blog\\\/wp-content\\\/uploads\\\/2025\\\/02\\\/cropped-sergio_parra.webp\",\"url\":\"https:\\\/\\\/www.escapadarural.com\\\/blog\\\/wp-content\\\/uploads\\\/2025\\\/02\\\/cropped-sergio_parra.webp\",\"contentUrl\":\"https:\\\/\\\/www.escapadarural.com\\\/blog\\\/wp-content\\\/uploads\\\/2025\\\/02\\\/cropped-sergio_parra.webp\",\"caption\":\"Sergio Parra\"},\"description\":\"Juntaletras, divulgador y alfanum\u00e9rico vocacional. Siempre a la caza de historias que iluminen el camino y de ense\u00f1anzas que permitan capturar lo que te salga al paso. Escribo en Yorokobu, Jot Down y Muy Interesante, y soy editor de Xataka Ciencia y Diario del Viajero. Cuando necesito recogimiento, escribo libros. Cuando me siento extrovertido, salgo en el canal de YouTube Optirrealismo o el podcast Xanad\u00fa: Hearst &amp; Kane. Cuando busco perspectiva, me marcho lejos en bicicleta.\",\"sameAs\":[\"https:\\\/\\\/about.me\\\/sergioparra\",\"https:\\\/\\\/www.instagram.com\\\/melvinud\\\/\"],\"url\":\"https:\\\/\\\/www.escapadarural.com\\\/blog\\\/autor\\\/sergio\\\/\"}]}<\/script>\n<!-- \/ Yoast SEO plugin. -->","yoast_head_json":{"title":"Los mapas de estrellas rupestres de Cantabria - EscapadaRural","robots":{"index":"index","follow":"follow","max-snippet":"max-snippet:-1","max-image-preview":"max-image-preview:large","max-video-preview":"max-video-preview:-1"},"canonical":"https:\/\/www.escapadarural.com\/blog\/mapas-de-estrellas-rupestres\/","og_locale":"es_ES","og_type":"article","og_title":"Los mapas de estrellas rupestres de Cantabria - EscapadaRural","og_description":"Uno de los primeros mapas de la historia de la Humanidad est\u00e1 en Navarra.","og_url":"https:\/\/www.escapadarural.com\/blog\/mapas-de-estrellas-rupestres\/","og_site_name":"Magazine de viajes de EscapadaRural","article_publisher":"https:\/\/www.facebook.com\/escapadarural","article_published_time":"2022-07-31T07:30:00+00:00","article_modified_time":"2025-02-28T13:10:24+00:00","og_image":[{"width":1024,"height":576,"url":"https:\/\/www.escapadarural.com\/blog\/wp-content\/uploads\/2024\/10\/telescopio-webb-1024x576-1.png","type":"image\/png"}],"author":"Sergio Parra","twitter_card":"summary_large_image","twitter_misc":{"Escrito por":"Sergio Parra","Tiempo de lectura":"6 minutos"},"schema":{"@context":"https:\/\/schema.org","@graph":[{"@type":"Article","@id":"https:\/\/www.escapadarural.com\/blog\/mapas-de-estrellas-rupestres\/#article","isPartOf":{"@id":"https:\/\/www.escapadarural.com\/blog\/mapas-de-estrellas-rupestres\/"},"author":{"name":"Sergio Parra","@id":"https:\/\/www.escapadarural.com\/blog\/#\/schema\/person\/b19b2221b2fc03d3ab5ec82d81f7a678"},"headline":"Los mapas de estrellas rupestres de Cantabria","datePublished":"2022-07-31T07:30:00+00:00","dateModified":"2025-02-28T13:10:24+00:00","mainEntityOfPage":{"@id":"https:\/\/www.escapadarural.com\/blog\/mapas-de-estrellas-rupestres\/"},"wordCount":995,"commentCount":0,"publisher":{"@id":"https:\/\/www.escapadarural.com\/blog\/#organization"},"image":{"@id":"https:\/\/www.escapadarural.com\/blog\/mapas-de-estrellas-rupestres\/#primaryimage"},"thumbnailUrl":"https:\/\/www.escapadarural.com\/blog\/wp-content\/uploads\/2024\/10\/telescopio-webb-1024x576-1.png","keywords":["arte rupestre","art\u00edculo","Cantabria","Cuevas en Cantabria","estrellas","mapas de estrellas","Preshitoria","Telescopio James Webb","universo"],"articleSection":["Ciencia"],"inLanguage":"es","potentialAction":[{"@type":"CommentAction","name":"Comment","target":["https:\/\/www.escapadarural.com\/blog\/mapas-de-estrellas-rupestres\/#respond"]}]},{"@type":"WebPage","@id":"https:\/\/www.escapadarural.com\/blog\/mapas-de-estrellas-rupestres\/","url":"https:\/\/www.escapadarural.com\/blog\/mapas-de-estrellas-rupestres\/","name":"Los mapas de estrellas rupestres de Cantabria - EscapadaRural","isPartOf":{"@id":"https:\/\/www.escapadarural.com\/blog\/#website"},"primaryImageOfPage":{"@id":"https:\/\/www.escapadarural.com\/blog\/mapas-de-estrellas-rupestres\/#primaryimage"},"image":{"@id":"https:\/\/www.escapadarural.com\/blog\/mapas-de-estrellas-rupestres\/#primaryimage"},"thumbnailUrl":"https:\/\/www.escapadarural.com\/blog\/wp-content\/uploads\/2024\/10\/telescopio-webb-1024x576-1.png","datePublished":"2022-07-31T07:30:00+00:00","dateModified":"2025-02-28T13:10:24+00:00","breadcrumb":{"@id":"https:\/\/www.escapadarural.com\/blog\/mapas-de-estrellas-rupestres\/#breadcrumb"},"inLanguage":"es","potentialAction":[{"@type":"ReadAction","target":["https:\/\/www.escapadarural.com\/blog\/mapas-de-estrellas-rupestres\/"]}]},{"@type":"ImageObject","inLanguage":"es","@id":"https:\/\/www.escapadarural.com\/blog\/mapas-de-estrellas-rupestres\/#primaryimage","url":"https:\/\/www.escapadarural.com\/blog\/wp-content\/uploads\/2024\/10\/telescopio-webb-1024x576-1.png","contentUrl":"https:\/\/www.escapadarural.com\/blog\/wp-content\/uploads\/2024\/10\/telescopio-webb-1024x576-1.png","width":1024,"height":576,"caption":"Nubes de colores y estrellas en el espacio."},{"@type":"BreadcrumbList","@id":"https:\/\/www.escapadarural.com\/blog\/mapas-de-estrellas-rupestres\/#breadcrumb","itemListElement":[{"@type":"ListItem","position":1,"name":"Inicio","item":"https:\/\/www.escapadarural.com\/blog\/"},{"@type":"ListItem","position":2,"name":"Ciencia","item":"https:\/\/www.escapadarural.com\/blog\/categoria\/ciencia\/"},{"@type":"ListItem","position":3,"name":"Los mapas de estrellas rupestres de Cantabria"}]},{"@type":"WebSite","@id":"https:\/\/www.escapadarural.com\/blog\/#website","url":"https:\/\/www.escapadarural.com\/blog\/","name":"Blog de viajes | turismo rural, alojamientos e inspiraci\u00f3n","description":"Alojamientos rurales e inspiraci\u00f3n para tus escapadas","publisher":{"@id":"https:\/\/www.escapadarural.com\/blog\/#organization"},"alternateName":"Magazine de viajes de EscapadaRural","potentialAction":[{"@type":"SearchAction","target":{"@type":"EntryPoint","urlTemplate":"https:\/\/www.escapadarural.com\/blog\/?s={search_term_string}"},"query-input":{"@type":"PropertyValueSpecification","valueRequired":true,"valueName":"search_term_string"}}],"inLanguage":"es"},{"@type":"Organization","@id":"https:\/\/www.escapadarural.com\/blog\/#organization","name":"EscapadaRural","url":"https:\/\/www.escapadarural.com\/blog\/","logo":{"@type":"ImageObject","inLanguage":"es","@id":"https:\/\/www.escapadarural.com\/blog\/#\/schema\/logo\/image\/","url":"https:\/\/www.escapadarural.com\/blog\/wp-content\/uploads\/2024\/10\/cropped-cropped-escapada-rural-icon-mag-3.png","contentUrl":"https:\/\/www.escapadarural.com\/blog\/wp-content\/uploads\/2024\/10\/cropped-cropped-escapada-rural-icon-mag-3.png","width":512,"height":512,"caption":"EscapadaRural"},"image":{"@id":"https:\/\/www.escapadarural.com\/blog\/#\/schema\/logo\/image\/"},"sameAs":["https:\/\/www.facebook.com\/escapadarural","https:\/\/www.instagram.com\/escapadarural\/","https:\/\/www.youtube.com\/@escapadaruralcom"]},{"@type":"Person","@id":"https:\/\/www.escapadarural.com\/blog\/#\/schema\/person\/b19b2221b2fc03d3ab5ec82d81f7a678","name":"Sergio Parra","image":{"@type":"ImageObject","inLanguage":"es","@id":"https:\/\/www.escapadarural.com\/blog\/wp-content\/uploads\/2025\/02\/cropped-sergio_parra.webp","url":"https:\/\/www.escapadarural.com\/blog\/wp-content\/uploads\/2025\/02\/cropped-sergio_parra.webp","contentUrl":"https:\/\/www.escapadarural.com\/blog\/wp-content\/uploads\/2025\/02\/cropped-sergio_parra.webp","caption":"Sergio Parra"},"description":"Juntaletras, divulgador y alfanum\u00e9rico vocacional. Siempre a la caza de historias que iluminen el camino y de ense\u00f1anzas que permitan capturar lo que te salga al paso. Escribo en Yorokobu, Jot Down y Muy Interesante, y soy editor de Xataka Ciencia y Diario del Viajero. Cuando necesito recogimiento, escribo libros. Cuando me siento extrovertido, salgo en el canal de YouTube Optirrealismo o el podcast Xanad\u00fa: Hearst &amp; Kane. Cuando busco perspectiva, me marcho lejos en bicicleta.","sameAs":["https:\/\/about.me\/sergioparra","https:\/\/www.instagram.com\/melvinud\/"],"url":"https:\/\/www.escapadarural.com\/blog\/autor\/sergio\/"}]}},"_links":{"self":[{"href":"https:\/\/www.escapadarural.com\/blog\/wp-json\/wp\/v2\/posts\/53221","targetHints":{"allow":["GET"]}}],"collection":[{"href":"https:\/\/www.escapadarural.com\/blog\/wp-json\/wp\/v2\/posts"}],"about":[{"href":"https:\/\/www.escapadarural.com\/blog\/wp-json\/wp\/v2\/types\/post"}],"author":[{"embeddable":true,"href":"https:\/\/www.escapadarural.com\/blog\/wp-json\/wp\/v2\/users\/120"}],"replies":[{"embeddable":true,"href":"https:\/\/www.escapadarural.com\/blog\/wp-json\/wp\/v2\/comments?post=53221"}],"version-history":[{"count":0,"href":"https:\/\/www.escapadarural.com\/blog\/wp-json\/wp\/v2\/posts\/53221\/revisions"}],"wp:featuredmedia":[{"embeddable":true,"href":"https:\/\/www.escapadarural.com\/blog\/wp-json\/wp\/v2\/media\/99976"}],"wp:attachment":[{"href":"https:\/\/www.escapadarural.com\/blog\/wp-json\/wp\/v2\/media?parent=53221"}],"wp:term":[{"taxonomy":"category","embeddable":true,"href":"https:\/\/www.escapadarural.com\/blog\/wp-json\/wp\/v2\/categories?post=53221"},{"taxonomy":"post_tag","embeddable":true,"href":"https:\/\/www.escapadarural.com\/blog\/wp-json\/wp\/v2\/tags?post=53221"}],"curies":[{"name":"wp","href":"https:\/\/api.w.org\/{rel}","templated":true}]}}