{"id":53243,"date":"2023-04-01T07:16:00","date_gmt":"2023-04-01T06:16:00","guid":{"rendered":"https:\/\/www.escapadarural.com\/blog\/?p=53243"},"modified":"2025-08-06T08:51:09","modified_gmt":"2025-08-06T06:51:09","slug":"destinos-mas-instagrameables-de-espana","status":"publish","type":"post","link":"https:\/\/www.escapadarural.com\/blog\/destinos-mas-instagrameables-de-espana\/","title":{"rendered":"Los 8 destinos m\u00e1s instagrameables para el selfie perfecto"},"content":{"rendered":"\n<figure class=\"wp-block-image size-large\"><img decoding=\"async\" src=\"https:\/\/www.escapadarural.com\/blog\/wp-content\/uploads\/2023\/04\/pexels-dominika-roseclay-4965840-1024x697-1.jpg\" alt=\"Destinos instagrameables\" class=\"wp-image-53246\"\/><figcaption class=\"wp-element-caption\">Por Dominika Roseclay<\/figcaption><\/figure>\n\n\n\n<p>La escapada perfecta es aquella que compartimos con la gente que m\u00e1s queremos en un destino inolvidable. Es tambi\u00e9n, aquella que tenemos los mejores recuerdos, no solo en nuestras memorias, pero tambi\u00e9n en una fotograf\u00eda. Por esa raz\u00f3n hoy os hablamos de los destinos m\u00e1s <em><strong>instagrameables<\/strong><\/em> para que teng\u00e1is el mejor recuerdo de vuestra <strong>escapada rural<\/strong>.<\/p>\n\n\n\n<p>Pero empecemos por el principio. Estos son algunos consejos para que hag\u00e1is el <em>selfie<\/em> perfecto:<\/p>\n\n\n\n<ul class=\"wp-block-list\">\n<li><strong>Cuida el horizonte: <\/strong>certif\u00edcate de que tu foto tiene la alineaci\u00f3n correcta, es decir, que el horizonte -el centro de nuestra fotograf\u00eda- no est\u00e9 torcido. A ojo humano es muy molesto ver que la imagen est\u00e9 inclinada, por eso es importante que cuides que est\u00e9 recto;<\/li>\n\n\n\n<li><strong>Utiliza luz natural: <\/strong>la luz natural es la mejor iluminaci\u00f3n que podemos utilizar en las fotograf\u00edas. Evite utilizar el flash para que tus im\u00e1genes no salgan demasiado expuestas o &#8216;quemadas&#8217;;<\/li>\n\n\n\n<li> <strong>Apoya el m\u00f3vil: <\/strong>si tienes la oportunidad de utilizar un tr\u00edpode en el momento de hacerse la foto, no lo pienses dos veces. Pero si no tienes, no te preocupes, apoya tu m\u00f3vil en una superficie estable y as\u00ed podr\u00e1s hacerte una foto de cuerpo entero o en primer plano;<\/li>\n\n\n\n<li><strong>Cuida el fondo: <\/strong>como estamos de viaje, el fondo no ser\u00e1 un problema. Cuida para que cuadre perfectamente en tu imagen;<\/li>\n\n\n\n<li><strong>Busca un lugar seguro: <\/strong>no te arriesgues a hacerse el <em>selfie<\/em> perfecto al borde de un precipicio, ni te saltes las vallas de protecci\u00f3n por una imagen. Podemos sacarnos fotos incre\u00edbles sin poner en riesgo nuestras vidas o el entorno en el que nos encontramos.<\/li>\n<\/ul>\n\n\n\n<div class=\"wp-block-buttons is-layout-flex wp-block-buttons-is-layout-flex\">\n<div class=\"wp-block-button\"><a class=\"wp-block-button__link wp-element-button\" href=\"\/casas-rurales\">Encuentra tu alojamiento<\/a><\/div>\n<\/div>\n\n\n\n<h2 class=\"wp-block-heading\" id=\"h-el-mejor-banco-del-mundo-en-ortigueira-a-coruna\">El mejor banco del mundo en Ortigueira (<a href=\"\/casas-rurales\/a-coruna\" target=\"_blank\" rel=\"noreferrer noopener\">A Coru\u00f1a<\/a>)<\/h2>\n\n\n\n<figure class=\"wp-block-image size-full\"><img loading=\"lazy\" decoding=\"async\" width=\"1024\" height=\"768\" src=\"https:\/\/www.escapadarural.com\/blog\/wp-content\/uploads\/2024\/10\/Cantis-de-Loiba-Ortigueira-10-1-1024x768-3.jpg\" alt=\"Acantilados de Loiba, Ortigueira\" class=\"wp-image-105780\" srcset=\"https:\/\/www.escapadarural.com\/blog\/wp-content\/uploads\/2024\/10\/Cantis-de-Loiba-Ortigueira-10-1-1024x768-3-200x150.jpg 200w, https:\/\/www.escapadarural.com\/blog\/wp-content\/uploads\/2024\/10\/Cantis-de-Loiba-Ortigueira-10-1-1024x768-3-300x225.jpg 300w, https:\/\/www.escapadarural.com\/blog\/wp-content\/uploads\/2024\/10\/Cantis-de-Loiba-Ortigueira-10-1-1024x768-3-400x300.jpg 400w, https:\/\/www.escapadarural.com\/blog\/wp-content\/uploads\/2024\/10\/Cantis-de-Loiba-Ortigueira-10-1-1024x768-3-600x450.jpg 600w, https:\/\/www.escapadarural.com\/blog\/wp-content\/uploads\/2024\/10\/Cantis-de-Loiba-Ortigueira-10-1-1024x768-3-768x576.jpg 768w, https:\/\/www.escapadarural.com\/blog\/wp-content\/uploads\/2024\/10\/Cantis-de-Loiba-Ortigueira-10-1-1024x768-3-800x600.jpg 800w, https:\/\/www.escapadarural.com\/blog\/wp-content\/uploads\/2024\/10\/Cantis-de-Loiba-Ortigueira-10-1-1024x768-3.jpg 1024w\" sizes=\"auto, (max-width: 1024px) 100vw, 1024px\" \/><figcaption class=\"wp-element-caption\">Acantilados de Loiba, Ortigueira<\/figcaption><\/figure>\n\n\n\n<p>No, no lo decimos nosotros. Esto es lo que pone en su inscripci\u00f3n y es que no podr\u00edamos estar m\u00e1s de acuerdo. Desde el banco se puede admirar la <strong>playa de Pic\u00f3n<\/strong>, los <strong>acantilados de Ortegal <\/strong>y el horizonte infinito del mar.<\/p>\n\n\n\n<p>Imaginaros sentados aqu\u00ed con <strong>vistas sobre las aguas azules del mar<\/strong>, escuchando el movimiento de las olas y el viento golpeando las hierbas que forman parte de los acantilados. Estamos seguros que esta foto tendr\u00e1 muchos <em>likes<\/em> y que siempre que la ve\u00e1is os recordar\u00e1 la tranquilidad que este entorno os regal\u00f3.<\/p>\n\n\n\n<div class=\"wp-block-buttons is-layout-flex wp-block-buttons-is-layout-flex\">\n<div class=\"wp-block-button\"><a class=\"wp-block-button__link wp-element-button\" href=\"\/casas-rurales\/ortigueira\">Alojamientos rurales en Ortigueira<\/a><\/div>\n<\/div>\n\n\n\n<h2 class=\"wp-block-heading\" id=\"h-molinos-de-viento-de-consuegra-toledo\">Molinos de viento de Consuegra (<a href=\"\/casas-rurales\/toledo\" target=\"_blank\" rel=\"noreferrer noopener\">Toledo<\/a>)<\/h2>\n\n\n\n<figure class=\"wp-block-image size-large\"><img loading=\"lazy\" decoding=\"async\" width=\"1024\" height=\"1024\" src=\"https:\/\/www.escapadarural.com\/blog\/wp-content\/uploads\/2025\/03\/Molinos-Consuegra-1024x1024.webp\" alt=\"Molinos de Consuegra, Toledo. Por: Paulo\" class=\"wp-image-197508\"\/><figcaption class=\"wp-element-caption\">Molinos de Consuegra, Toledo. Por Paulo<\/figcaption><\/figure>\n\n\n\n<p>Durante el paseo por los molinos de Consuegra, viajar\u00e9is en el tiempo y os sentir\u00e9is como si estuvierais en las p\u00e1ginas del libro de Cervantes. Incluso, este paisaje forma parte de la <strong>Ruta del Quijote<\/strong>, un itinerario que recorre las cinco provincias de la regi\u00f3n.<\/p>\n\n\n\n<p>Esta localidad de Toledo cuenta con materia prima de kil\u00f3metro cero, aqu\u00ed encontrar\u00e9is azafr\u00e1n, ajo, hortalizas, vino, aceite y cebada. Consuegra fue levanta sobre las ruinas de una de las ciudades romanas m\u00e1s pr\u00f3speras del <strong>Imperio Romano<\/strong>: Consabura. Es un imprescindible de <a href=\"https:\/\/www.escapadarural.com\/casas-rurales\/castilla-la-mancha\" class=\"rank-math-link\">Castilla-La Mancha<\/a>.<\/p>\n\n\n\n<div class=\"wp-block-buttons is-layout-flex wp-block-buttons-is-layout-flex\">\n<div class=\"wp-block-button\"><a class=\"wp-block-button__link wp-element-button\" href=\"\/casas-rurales\/consuegra\">Alojamientos rurales en Consuegra<\/a><\/div>\n<\/div>\n\n\n\n<h2 class=\"wp-block-heading\" id=\"h-las-casas-de-colores-de-cudillero-asturias\">Las casas de colores de Cudillero (<a href=\"\/casas-rurales\/asturias\" target=\"_blank\" rel=\"noreferrer noopener\">Asturias<\/a>)<\/h2>\n\n\n\n<figure class=\"wp-block-image size-large\"><img decoding=\"async\" src=\"https:\/\/www.escapadarural.com\/blog\/wp-content\/uploads\/2023\/04\/Cudillero.-Asturias-3.jpg\" alt=\"Destinos instagrameables. Cudillero\" class=\"wp-image-115534\"\/><figcaption class=\"wp-element-caption\">Cudillero. Por Lukasz Janyst \n\n<\/figcaption><\/figure>\n\n\n\n<p>Sus casas colgantes y coloreadas son de los m\u00e1s <em>instagrameable<\/em> que hay en Espa\u00f1a. Aqu\u00ed os quedar\u00e9is sin palabras frente la belleza que este pintoresco pueblo de pescadores tiene. Cudillero cuenta con su propio lengua, <strong>el pixueto<\/strong>.<\/p>\n\n\n\n<p>La forma con que el pueblo est\u00e1 construido parece un anfiteatro, dispuesto de tal manera como a quien espera que a cualquier momento el mar empiece a realizar su espect\u00e1culo. El <strong>color de sus casas<\/strong> corresponden con el color de las barcas en las que trabajan los due\u00f1os de cada hogar.<\/p>\n\n\n\n<div class=\"wp-block-buttons is-layout-flex wp-block-buttons-is-layout-flex\">\n<div class=\"wp-block-button\"><a class=\"wp-block-button__link wp-element-button\" href=\"\/casas-rurales\/cudillero\">Alojamientos rurales en Cudillero<\/a><\/div>\n<\/div>\n\n\n\n<h2 class=\"wp-block-heading\" id=\"h-el-castillo-de-olvera-cadiz\">El castillo de Olvera (<a aria-label=\"C\u00e1diz (opens in a new tab)\" class=\"rank-math-link\" href=\"https:\/\/www.escapadarural.com\/casas-rurales\/cadiz\" target=\"_blank\" rel=\"noreferrer noopener\">C\u00e1diz<\/a>)<\/h2>\n\n\n\n<figure class=\"wp-block-image size-full\"><img loading=\"lazy\" decoding=\"async\" width=\"1024\" height=\"683\" src=\"https:\/\/www.escapadarural.com\/blog\/wp-content\/uploads\/2024\/10\/Olvera-5-1024x683-1.jpg\" alt=\"Olvera, en C\u00e1diz\" class=\"wp-image-97371\" srcset=\"https:\/\/www.escapadarural.com\/blog\/wp-content\/uploads\/2024\/10\/Olvera-5-1024x683-1-200x133.jpg 200w, https:\/\/www.escapadarural.com\/blog\/wp-content\/uploads\/2024\/10\/Olvera-5-1024x683-1-300x200.jpg 300w, https:\/\/www.escapadarural.com\/blog\/wp-content\/uploads\/2024\/10\/Olvera-5-1024x683-1-400x267.jpg 400w, https:\/\/www.escapadarural.com\/blog\/wp-content\/uploads\/2024\/10\/Olvera-5-1024x683-1-600x400.jpg 600w, https:\/\/www.escapadarural.com\/blog\/wp-content\/uploads\/2024\/10\/Olvera-5-1024x683-1-768x512.jpg 768w, https:\/\/www.escapadarural.com\/blog\/wp-content\/uploads\/2024\/10\/Olvera-5-1024x683-1-800x534.jpg 800w, https:\/\/www.escapadarural.com\/blog\/wp-content\/uploads\/2024\/10\/Olvera-5-1024x683-1.jpg 1024w\" sizes=\"auto, (max-width: 1024px) 100vw, 1024px\" \/><figcaption class=\"wp-element-caption\">Olvera, en C\u00e1diz<\/figcaption><\/figure>\n\n\n\n<p>Hablamos del castillo de Olvera, la <a aria-label=\"Capital del Turismo Rural  (opens in a new tab)\" href=\"https:\/\/www.escapadarural.com\/acciones\/capital-turismo-rural\/index.html\" target=\"_blank\" rel=\"noreferrer noopener\" class=\"rank-math-link\">Capital del Turismo Rural <\/a>2021, por destacar uno de sus tantos atractivos. Pero la realidad es que, vay\u00e1is donde vay\u00e1is, cada rinc\u00f3n de este pueblo andaluz es perfecto para una foto. Desde las escaleras que suben a lo alto del castillo se pueden admirar incre\u00edbles vistas hacia la plaza del pueblo y de la <strong>iglesia de Nuestra Se\u00f1ora de la Encarnaci\u00f3n<\/strong>.<\/p>\n\n\n\n<p>Es un villa modesta, recoleta, recogida, intensa y breve. Y que cuenta con una rica gastronom\u00eda en la que se utiliza su &#8216;oro l\u00edquido&#8217;, como describen desde el pueblo el Aceite de Oliva Virgen Extra, con <strong>Denominaci\u00f3n de Origen Sierra de C\u00e1diz<\/strong>.<\/p>\n\n\n\n<div class=\"wp-block-buttons is-layout-flex wp-block-buttons-is-layout-flex\">\n<div class=\"wp-block-button\"><a class=\"wp-block-button__link wp-element-button\" href=\"\/casas-rurales\/olvera\">Alojamientos rurales en Olvera<\/a><\/div>\n<\/div>\n\n\n\n<h2 class=\"wp-block-heading\" id=\"h-entre-las-masias-de-rupit-i-pruit-barcelona\">Entre las mas\u00edas de Rupit i Pr\u00fcit (<a href=\"\/casas-rurales\/barcelona\" target=\"_blank\" rel=\"noreferrer noopener\">Barcelona<\/a>)<\/h2>\n\n\n\n<figure class=\"wp-block-image size-full\"><img loading=\"lazy\" decoding=\"async\" width=\"1024\" height=\"682\" src=\"https:\/\/www.escapadarural.com\/blog\/wp-content\/uploads\/2024\/11\/AdobeStock_121244590-1.jpeg\" alt=\"Rupit i Pruit, en Girona. Por RokaB\" class=\"wp-image-183989\" srcset=\"https:\/\/www.escapadarural.com\/blog\/wp-content\/uploads\/2024\/11\/AdobeStock_121244590-1-200x133.jpeg 200w, https:\/\/www.escapadarural.com\/blog\/wp-content\/uploads\/2024\/11\/AdobeStock_121244590-1-300x200.jpeg 300w, https:\/\/www.escapadarural.com\/blog\/wp-content\/uploads\/2024\/11\/AdobeStock_121244590-1-400x266.jpeg 400w, https:\/\/www.escapadarural.com\/blog\/wp-content\/uploads\/2024\/11\/AdobeStock_121244590-1-600x400.jpeg 600w, https:\/\/www.escapadarural.com\/blog\/wp-content\/uploads\/2024\/11\/AdobeStock_121244590-1-768x512.jpeg 768w, https:\/\/www.escapadarural.com\/blog\/wp-content\/uploads\/2024\/11\/AdobeStock_121244590-1-800x533.jpeg 800w, https:\/\/www.escapadarural.com\/blog\/wp-content\/uploads\/2024\/11\/AdobeStock_121244590-1.jpeg 1024w\" sizes=\"auto, (max-width: 1024px) 100vw, 1024px\" \/><figcaption class=\"wp-element-caption\">Rupit i Pruit, en Girona. Por RokaB<\/figcaption><\/figure>\n\n\n\n<p>Para los amantes de la arquitectura medieval, Rupit i Pr\u00fcit es el destino ideal. Se trata de<a href=\"https:\/\/collsacabra.cat\/\" class=\"rank-math-link\" target=\"_blank\"> <\/a>un municipio formado por dos pueblos encajados en plena comarca de <a href=\"https:\/\/www.escapadarural.com\/casas-rurales\/vall-de-sau-collsacabra\" target=\"_blank\" aria-label=\"Collsacabra (opens in a new tab)\" rel=\"noreferrer noopener\" class=\"rank-math-link\">Collsacabra<\/a>. El pueblo cuenta con diferentes rincones llenos de encanto como es su puente colgante, la iglesia de San Miguel o sus casas de piedra.<\/p>\n\n\n\n<p>No os pod\u00e9is perder el incre\u00edble <strong>salto de Sallent<\/strong>, principalmente en \u00e9poca de lluvias. Para llegar a \u00e9l pod\u00e9is realizar una ruta de senderismo de aproximadamente 2 horas de duraci\u00f3n, que pasa por antiguos molinos y bonitos paisajes del interior de Barcelona.<\/p>\n\n\n\n<div class=\"wp-block-buttons is-layout-flex wp-block-buttons-is-layout-flex\">\n<div class=\"wp-block-button\"><a class=\"wp-block-button__link wp-element-button\" href=\"\/casas-rurales\/rupit-i-pruit\">Alojamientos rurales en Rupit i Pru\u00eft<\/a><\/div>\n<\/div>\n\n\n\n<h2 class=\"wp-block-heading\" id=\"h-en-los-campos-de-girasoles-de-la-bureba-burgos\">En los campos de girasoles de La Bureba (<a href=\"\/casas-rurales\/burgos\" target=\"_blank\" rel=\"noreferrer noopener\">Burgos<\/a>)<\/h2>\n\n\n\n<figure class=\"wp-block-image size-large\"><img decoding=\"async\" src=\"https:\/\/www.escapadarural.com\/blog\/wp-content\/uploads\/2023\/04\/AdobeStock_23096878-1024x768-1.jpeg\" alt=\"Destinos instagrameables en La Bureba\" class=\"wp-image-53245\"\/><figcaption class=\"wp-element-caption\">Campo de girasol en La Bureba. Por BARRIOCANAL<\/figcaption><\/figure>\n\n\n\n<p>\u00bfConoc\u00e9is La Bureba? Esta comarca burgalesa cuenta con un rico patrimonio monumental, gastron\u00f3mico, cultural y natural castellano. Adem\u00e1s, esta tierra vio nacer a <strong>F\u00e9lix Rodr\u00edguez de la Fuente<\/strong>, muy conocido por su documental <em>El hombre y la Tierra<\/em>.<\/p>\n\n\n\n<p>Por si todo eso fuera poco, podr\u00e9is disfrutar de la belleza de sus <strong>campos de girasoles<\/strong>, es la composici\u00f3n perfecta para vuestras fotos. En agosto es cuando los campos est\u00e1n en su m\u00e1ximo esplendor. Recomendamos una ruta por carretera y que vay\u00e1is haciendo paradas en este paisaje amarillo.<\/p>\n\n\n\n<div class=\"wp-block-buttons is-layout-flex wp-block-buttons-is-layout-flex\">\n<div class=\"wp-block-button\"><a class=\"wp-block-button__link wp-element-button\" href=\"\/casas-rurales\/la-bureba\">Alojamientos rurales en La Bureba<\/a><\/div>\n<\/div>\n\n\n\n<h2 class=\"wp-block-heading\" id=\"h-en-las-fachadas-de-hondarribia-guipuzcoa\">En las fachadas de Hondarribia (<a href=\"\/casas-rurales\/guipuzcoa\" target=\"_blank\" rel=\"noreferrer noopener\">Guip\u00fazcoa<\/a>)<\/h2>\n\n\n\n<figure class=\"wp-block-image size-large\"><img decoding=\"async\" src=\"https:\/\/www.escapadarural.com\/blog\/wp-content\/uploads\/2023\/04\/hondarribia-stockpack-adobe-stock-1024x576-1.jpg\" alt=\"Destinos instagrameables. Hondarribia\" class=\"wp-image-38652\"\/><figcaption class=\"wp-element-caption\">Hondarribia. Por Sylvain TANGUY.<\/figcaption><\/figure>\n\n\n\n<p>Volvemos a los paisajes medievales y marineros. En esta villa vasca disfrutar\u00e9is de un rico patrimonio monumental en los que cuenta con palacios, casas nobles, murallas, <strong>el castillo de Carlos V<\/strong> y el barrio del Puerto.<\/p>\n\n\n\n<p>Adem\u00e1s, Hondarribia cuenta con una de las plazas mayores m\u00e1s bonitas de Espa\u00f1a para nosotros. La <strong>Plaza Guip\u00fazcoa<\/strong> nos hace viajar en el tiempo. Por ella bajaban los soldados del castillo para ejercitarse con vistas a la bah\u00eda.<\/p>\n\n\n\n<div class=\"wp-block-buttons is-layout-flex wp-block-buttons-is-layout-flex\">\n<div class=\"wp-block-button\"><a class=\"wp-block-button__link wp-element-button\" href=\"\/casas-rurales\/hondarribia\">Alojamientos rurales en Hondarribia<\/a><\/div>\n<\/div>\n\n\n\n<h2 class=\"wp-block-heading\" id=\"h-por-encima-de-las-nubes-en-el-roque-de-los-muchachos-la-palma\">Por encima de las nubes en El Roque de los Muchachos (<a href=\"\/casas-rurales\/la-palma_zona-turistica\" target=\"_blank\" rel=\"noreferrer noopener\">La Palma<\/a>)<\/h2>\n\n\n\n<figure class=\"wp-block-image size-large\"><img loading=\"lazy\" decoding=\"async\" width=\"1024\" height=\"683\" src=\"https:\/\/www.escapadarural.com\/blog\/wp-content\/uploads\/2023\/04\/observatorio-canarias-1.jpg\" alt=\"Observatorio Roque de los Muchachos\" class=\"wp-image-33754\"\/><figcaption class=\"wp-element-caption\">Observatorio Roque de los Muchachos. Fuente: V\u00edctor R. Ruiz\n\n<\/figcaption><\/figure>\n\n\n\n<p>El <strong>Roque de los Muchachos<\/strong> es uno de los sitios m\u00e1s incre\u00edbles de toda isla, es tambi\u00e9n su punto m\u00e1s elevado (2.400 metros de altura sobre el nivel del mar). Las vistas desde su mirador os dejar\u00e1 sin palabras. Desde aqu\u00ed se puede admirar la caldera volc\u00e1nica y, en d\u00edas despejados, las islas de Tenerife, La Gomera y El Hierro.<\/p>\n\n\n\n<p>En esta cima tambi\u00e9n ocurre el fen\u00f3meno conocido como <strong>mar de nubes<\/strong>, consecuencia del encuentro entre los vientos alisios y las altas monta\u00f1as.<\/p>\n\n\n\n<div class=\"wp-block-buttons is-layout-flex wp-block-buttons-is-layout-flex\">\n<div class=\"wp-block-button\"><a class=\"wp-block-button__link wp-element-button\" href=\"\/casas-rurales\/la-palma_zona-turistica\">Alojamientos rurales en La Palma<\/a><\/div>\n<\/div>\n","protected":false},"excerpt":{"rendered":"<p>Hoy os hablamos de los destinos m\u00e1s instagrameables para que teng\u00e1is el mejor recuerdo de vuestra escapada rural.<\/p>\n","protected":false},"author":119,"featured_media":98344,"comment_status":"open","ping_status":"open","sticky":false,"template":"","format":"standard","meta":{"_acf_changed":false,"om_disable_all_campaigns":false,"footnotes":""},"categories":[191],"tags":[875,215,5014],"class_list":["post-53243","post","type-post","status-publish","format-standard","has-post-thumbnail","hentry","category-destinos","tag-instagram","tag-listado","tag-selfie"],"acf":[],"featured_image_src":"https:\/\/www.escapadarural.com\/blog\/wp-content\/uploads\/2024\/10\/pexels-dominika-roseclay-4965840-1024x697-3.jpg","author_info":{"display_name":"Caroline Dalpr\u00e1","author_link":"https:\/\/www.escapadarural.com\/blog\/autor\/caroline\/"},"yoast_head":"<!-- This site is optimized with the Yoast SEO plugin v27.5 - https:\/\/yoast.com\/product\/yoast-seo-wordpress\/ -->\n<title>Los 8 destinos m\u00e1s instagrameables para el selfie perfecto - EscapadaRural<\/title>\n<meta name=\"robots\" content=\"index, follow, max-snippet:-1, max-image-preview:large, max-video-preview:-1\" \/>\n<link rel=\"canonical\" href=\"https:\/\/www.escapadarural.com\/blog\/destinos-mas-instagrameables-de-espana\/\" \/>\n<meta property=\"og:locale\" content=\"es_ES\" \/>\n<meta property=\"og:type\" content=\"article\" \/>\n<meta property=\"og:title\" content=\"Los 8 destinos m\u00e1s instagrameables para el selfie perfecto - EscapadaRural\" \/>\n<meta property=\"og:description\" content=\"Hoy os hablamos de los destinos m\u00e1s instagrameables para que teng\u00e1is el mejor recuerdo de vuestra escapada rural.\" \/>\n<meta property=\"og:url\" content=\"https:\/\/www.escapadarural.com\/blog\/destinos-mas-instagrameables-de-espana\/\" \/>\n<meta property=\"og:site_name\" content=\"Magazine de viajes de EscapadaRural\" \/>\n<meta property=\"article:publisher\" content=\"https:\/\/www.facebook.com\/escapadarural\" \/>\n<meta property=\"article:published_time\" content=\"2023-04-01T06:16:00+00:00\" \/>\n<meta property=\"article:modified_time\" content=\"2025-08-06T06:51:09+00:00\" \/>\n<meta property=\"og:image\" content=\"https:\/\/www.escapadarural.com\/blog\/wp-content\/uploads\/2024\/10\/pexels-dominika-roseclay-4965840-1024x697-3.jpg?v=1754463069\" \/>\n\t<meta property=\"og:image:width\" content=\"1024\" \/>\n\t<meta property=\"og:image:height\" content=\"697\" \/>\n\t<meta property=\"og:image:type\" content=\"image\/jpeg\" \/>\n<meta name=\"author\" content=\"Caroline Dalpr\u00e1\" \/>\n<meta name=\"twitter:card\" content=\"summary_large_image\" \/>\n<meta name=\"twitter:label1\" content=\"Escrito por\" \/>\n\t<meta name=\"twitter:data1\" content=\"Caroline Dalpr\u00e1\" \/>\n\t<meta name=\"twitter:label2\" content=\"Tiempo de lectura\" \/>\n\t<meta name=\"twitter:data2\" content=\"6 minutos\" \/>\n<script type=\"application\/ld+json\" class=\"yoast-schema-graph\">{\"@context\":\"https:\\\/\\\/schema.org\",\"@graph\":[{\"@type\":\"Article\",\"@id\":\"https:\\\/\\\/www.escapadarural.com\\\/blog\\\/destinos-mas-instagrameables-de-espana\\\/#article\",\"isPartOf\":{\"@id\":\"https:\\\/\\\/www.escapadarural.com\\\/blog\\\/destinos-mas-instagrameables-de-espana\\\/\"},\"author\":{\"name\":\"Caroline Dalpr\u00e1\",\"@id\":\"https:\\\/\\\/www.escapadarural.com\\\/blog\\\/#\\\/schema\\\/person\\\/71a3509afe98d853c3837b4889cdab61\"},\"headline\":\"Los 8 destinos m\u00e1s instagrameables para el selfie perfecto\",\"datePublished\":\"2023-04-01T06:16:00+00:00\",\"dateModified\":\"2025-08-06T06:51:09+00:00\",\"mainEntityOfPage\":{\"@id\":\"https:\\\/\\\/www.escapadarural.com\\\/blog\\\/destinos-mas-instagrameables-de-espana\\\/\"},\"wordCount\":1224,\"commentCount\":1,\"publisher\":{\"@id\":\"https:\\\/\\\/www.escapadarural.com\\\/blog\\\/#organization\"},\"image\":{\"@id\":\"https:\\\/\\\/www.escapadarural.com\\\/blog\\\/destinos-mas-instagrameables-de-espana\\\/#primaryimage\"},\"thumbnailUrl\":\"https:\\\/\\\/www.escapadarural.com\\\/blog\\\/wp-content\\\/uploads\\\/2024\\\/10\\\/pexels-dominika-roseclay-4965840-1024x697-3.jpg\",\"keywords\":[\"Instagram\",\"Listado\",\"selfie\"],\"articleSection\":[\"Destinos\"],\"inLanguage\":\"es\",\"potentialAction\":[{\"@type\":\"CommentAction\",\"name\":\"Comment\",\"target\":[\"https:\\\/\\\/www.escapadarural.com\\\/blog\\\/destinos-mas-instagrameables-de-espana\\\/#respond\"]}]},{\"@type\":\"WebPage\",\"@id\":\"https:\\\/\\\/www.escapadarural.com\\\/blog\\\/destinos-mas-instagrameables-de-espana\\\/\",\"url\":\"https:\\\/\\\/www.escapadarural.com\\\/blog\\\/destinos-mas-instagrameables-de-espana\\\/\",\"name\":\"Los 8 destinos m\u00e1s instagrameables para el selfie perfecto - EscapadaRural\",\"isPartOf\":{\"@id\":\"https:\\\/\\\/www.escapadarural.com\\\/blog\\\/#website\"},\"primaryImageOfPage\":{\"@id\":\"https:\\\/\\\/www.escapadarural.com\\\/blog\\\/destinos-mas-instagrameables-de-espana\\\/#primaryimage\"},\"image\":{\"@id\":\"https:\\\/\\\/www.escapadarural.com\\\/blog\\\/destinos-mas-instagrameables-de-espana\\\/#primaryimage\"},\"thumbnailUrl\":\"https:\\\/\\\/www.escapadarural.com\\\/blog\\\/wp-content\\\/uploads\\\/2024\\\/10\\\/pexels-dominika-roseclay-4965840-1024x697-3.jpg\",\"datePublished\":\"2023-04-01T06:16:00+00:00\",\"dateModified\":\"2025-08-06T06:51:09+00:00\",\"breadcrumb\":{\"@id\":\"https:\\\/\\\/www.escapadarural.com\\\/blog\\\/destinos-mas-instagrameables-de-espana\\\/#breadcrumb\"},\"inLanguage\":\"es\",\"potentialAction\":[{\"@type\":\"ReadAction\",\"target\":[\"https:\\\/\\\/www.escapadarural.com\\\/blog\\\/destinos-mas-instagrameables-de-espana\\\/\"]}]},{\"@type\":\"ImageObject\",\"inLanguage\":\"es\",\"@id\":\"https:\\\/\\\/www.escapadarural.com\\\/blog\\\/destinos-mas-instagrameables-de-espana\\\/#primaryimage\",\"url\":\"https:\\\/\\\/www.escapadarural.com\\\/blog\\\/wp-content\\\/uploads\\\/2024\\\/10\\\/pexels-dominika-roseclay-4965840-1024x697-3.jpg\",\"contentUrl\":\"https:\\\/\\\/www.escapadarural.com\\\/blog\\\/wp-content\\\/uploads\\\/2024\\\/10\\\/pexels-dominika-roseclay-4965840-1024x697-3.jpg\",\"width\":1024,\"height\":697,\"caption\":\"Una persona con una c\u00e1mara en la mano se refleja en el retrovisor lateral de un coche, haciendo una foto desde el interior del veh\u00edculo, con un paisaje exterior borroso de fondo.\"},{\"@type\":\"BreadcrumbList\",\"@id\":\"https:\\\/\\\/www.escapadarural.com\\\/blog\\\/destinos-mas-instagrameables-de-espana\\\/#breadcrumb\",\"itemListElement\":[{\"@type\":\"ListItem\",\"position\":1,\"name\":\"Inicio\",\"item\":\"https:\\\/\\\/www.escapadarural.com\\\/blog\\\/\"},{\"@type\":\"ListItem\",\"position\":2,\"name\":\"Destinos\",\"item\":\"https:\\\/\\\/www.escapadarural.com\\\/blog\\\/categoria\\\/destinos\\\/\"},{\"@type\":\"ListItem\",\"position\":3,\"name\":\"Los 8 destinos m\u00e1s instagrameables para el selfie perfecto\"}]},{\"@type\":\"WebSite\",\"@id\":\"https:\\\/\\\/www.escapadarural.com\\\/blog\\\/#website\",\"url\":\"https:\\\/\\\/www.escapadarural.com\\\/blog\\\/\",\"name\":\"Blog de viajes | turismo rural, alojamientos e inspiraci\u00f3n\",\"description\":\"Alojamientos rurales e inspiraci\u00f3n para tus escapadas\",\"publisher\":{\"@id\":\"https:\\\/\\\/www.escapadarural.com\\\/blog\\\/#organization\"},\"alternateName\":\"Magazine de viajes de EscapadaRural\",\"potentialAction\":[{\"@type\":\"SearchAction\",\"target\":{\"@type\":\"EntryPoint\",\"urlTemplate\":\"https:\\\/\\\/www.escapadarural.com\\\/blog\\\/?s={search_term_string}\"},\"query-input\":{\"@type\":\"PropertyValueSpecification\",\"valueRequired\":true,\"valueName\":\"search_term_string\"}}],\"inLanguage\":\"es\"},{\"@type\":\"Organization\",\"@id\":\"https:\\\/\\\/www.escapadarural.com\\\/blog\\\/#organization\",\"name\":\"EscapadaRural\",\"url\":\"https:\\\/\\\/www.escapadarural.com\\\/blog\\\/\",\"logo\":{\"@type\":\"ImageObject\",\"inLanguage\":\"es\",\"@id\":\"https:\\\/\\\/www.escapadarural.com\\\/blog\\\/#\\\/schema\\\/logo\\\/image\\\/\",\"url\":\"https:\\\/\\\/www.escapadarural.com\\\/blog\\\/wp-content\\\/uploads\\\/2024\\\/10\\\/cropped-cropped-escapada-rural-icon-mag-3.png\",\"contentUrl\":\"https:\\\/\\\/www.escapadarural.com\\\/blog\\\/wp-content\\\/uploads\\\/2024\\\/10\\\/cropped-cropped-escapada-rural-icon-mag-3.png\",\"width\":512,\"height\":512,\"caption\":\"EscapadaRural\"},\"image\":{\"@id\":\"https:\\\/\\\/www.escapadarural.com\\\/blog\\\/#\\\/schema\\\/logo\\\/image\\\/\"},\"sameAs\":[\"https:\\\/\\\/www.facebook.com\\\/escapadarural\",\"https:\\\/\\\/www.instagram.com\\\/escapadarural\\\/\",\"https:\\\/\\\/www.youtube.com\\\/@escapadaruralcom\"]},{\"@type\":\"Person\",\"@id\":\"https:\\\/\\\/www.escapadarural.com\\\/blog\\\/#\\\/schema\\\/person\\\/71a3509afe98d853c3837b4889cdab61\",\"name\":\"Caroline Dalpr\u00e1\",\"image\":{\"@type\":\"ImageObject\",\"inLanguage\":\"es\",\"@id\":\"https:\\\/\\\/secure.gravatar.com\\\/avatar\\\/7c69701bfb6edce5bb470d94ec03340a2dd7130049dcaa9f93a67689fbb9bce5?s=96&d=mm&r=g\",\"url\":\"https:\\\/\\\/secure.gravatar.com\\\/avatar\\\/7c69701bfb6edce5bb470d94ec03340a2dd7130049dcaa9f93a67689fbb9bce5?s=96&d=mm&r=g\",\"contentUrl\":\"https:\\\/\\\/secure.gravatar.com\\\/avatar\\\/7c69701bfb6edce5bb470d94ec03340a2dd7130049dcaa9f93a67689fbb9bce5?s=96&d=mm&r=g\",\"caption\":\"Caroline Dalpr\u00e1\"},\"description\":\"Periodista de viajes con debilidad por los pueblos con encanto. Brasile\u00f1a curiosa descubriendo la Espa\u00f1a rural, una escapada a la vez. En EscapadaRural llevo el tim\u00f3n del Marketing Digital y busco formas de contar lugares con alma.\",\"url\":\"https:\\\/\\\/www.escapadarural.com\\\/blog\\\/autor\\\/caroline\\\/\"}]}<\/script>\n<!-- \/ Yoast SEO plugin. -->","yoast_head_json":{"title":"Los 8 destinos m\u00e1s instagrameables para el selfie perfecto - EscapadaRural","robots":{"index":"index","follow":"follow","max-snippet":"max-snippet:-1","max-image-preview":"max-image-preview:large","max-video-preview":"max-video-preview:-1"},"canonical":"https:\/\/www.escapadarural.com\/blog\/destinos-mas-instagrameables-de-espana\/","og_locale":"es_ES","og_type":"article","og_title":"Los 8 destinos m\u00e1s instagrameables para el selfie perfecto - EscapadaRural","og_description":"Hoy os hablamos de los destinos m\u00e1s instagrameables para que teng\u00e1is el mejor recuerdo de vuestra escapada rural.","og_url":"https:\/\/www.escapadarural.com\/blog\/destinos-mas-instagrameables-de-espana\/","og_site_name":"Magazine de viajes de EscapadaRural","article_publisher":"https:\/\/www.facebook.com\/escapadarural","article_published_time":"2023-04-01T06:16:00+00:00","article_modified_time":"2025-08-06T06:51:09+00:00","og_image":[{"width":1024,"height":697,"url":"https:\/\/www.escapadarural.com\/blog\/wp-content\/uploads\/2024\/10\/pexels-dominika-roseclay-4965840-1024x697-3.jpg?v=1754463069","type":"image\/jpeg"}],"author":"Caroline Dalpr\u00e1","twitter_card":"summary_large_image","twitter_misc":{"Escrito por":"Caroline Dalpr\u00e1","Tiempo de lectura":"6 minutos"},"schema":{"@context":"https:\/\/schema.org","@graph":[{"@type":"Article","@id":"https:\/\/www.escapadarural.com\/blog\/destinos-mas-instagrameables-de-espana\/#article","isPartOf":{"@id":"https:\/\/www.escapadarural.com\/blog\/destinos-mas-instagrameables-de-espana\/"},"author":{"name":"Caroline Dalpr\u00e1","@id":"https:\/\/www.escapadarural.com\/blog\/#\/schema\/person\/71a3509afe98d853c3837b4889cdab61"},"headline":"Los 8 destinos m\u00e1s instagrameables para el selfie perfecto","datePublished":"2023-04-01T06:16:00+00:00","dateModified":"2025-08-06T06:51:09+00:00","mainEntityOfPage":{"@id":"https:\/\/www.escapadarural.com\/blog\/destinos-mas-instagrameables-de-espana\/"},"wordCount":1224,"commentCount":1,"publisher":{"@id":"https:\/\/www.escapadarural.com\/blog\/#organization"},"image":{"@id":"https:\/\/www.escapadarural.com\/blog\/destinos-mas-instagrameables-de-espana\/#primaryimage"},"thumbnailUrl":"https:\/\/www.escapadarural.com\/blog\/wp-content\/uploads\/2024\/10\/pexels-dominika-roseclay-4965840-1024x697-3.jpg","keywords":["Instagram","Listado","selfie"],"articleSection":["Destinos"],"inLanguage":"es","potentialAction":[{"@type":"CommentAction","name":"Comment","target":["https:\/\/www.escapadarural.com\/blog\/destinos-mas-instagrameables-de-espana\/#respond"]}]},{"@type":"WebPage","@id":"https:\/\/www.escapadarural.com\/blog\/destinos-mas-instagrameables-de-espana\/","url":"https:\/\/www.escapadarural.com\/blog\/destinos-mas-instagrameables-de-espana\/","name":"Los 8 destinos m\u00e1s instagrameables para el selfie perfecto - EscapadaRural","isPartOf":{"@id":"https:\/\/www.escapadarural.com\/blog\/#website"},"primaryImageOfPage":{"@id":"https:\/\/www.escapadarural.com\/blog\/destinos-mas-instagrameables-de-espana\/#primaryimage"},"image":{"@id":"https:\/\/www.escapadarural.com\/blog\/destinos-mas-instagrameables-de-espana\/#primaryimage"},"thumbnailUrl":"https:\/\/www.escapadarural.com\/blog\/wp-content\/uploads\/2024\/10\/pexels-dominika-roseclay-4965840-1024x697-3.jpg","datePublished":"2023-04-01T06:16:00+00:00","dateModified":"2025-08-06T06:51:09+00:00","breadcrumb":{"@id":"https:\/\/www.escapadarural.com\/blog\/destinos-mas-instagrameables-de-espana\/#breadcrumb"},"inLanguage":"es","potentialAction":[{"@type":"ReadAction","target":["https:\/\/www.escapadarural.com\/blog\/destinos-mas-instagrameables-de-espana\/"]}]},{"@type":"ImageObject","inLanguage":"es","@id":"https:\/\/www.escapadarural.com\/blog\/destinos-mas-instagrameables-de-espana\/#primaryimage","url":"https:\/\/www.escapadarural.com\/blog\/wp-content\/uploads\/2024\/10\/pexels-dominika-roseclay-4965840-1024x697-3.jpg","contentUrl":"https:\/\/www.escapadarural.com\/blog\/wp-content\/uploads\/2024\/10\/pexels-dominika-roseclay-4965840-1024x697-3.jpg","width":1024,"height":697,"caption":"Una persona con una c\u00e1mara en la mano se refleja en el retrovisor lateral de un coche, haciendo una foto desde el interior del veh\u00edculo, con un paisaje exterior borroso de fondo."},{"@type":"BreadcrumbList","@id":"https:\/\/www.escapadarural.com\/blog\/destinos-mas-instagrameables-de-espana\/#breadcrumb","itemListElement":[{"@type":"ListItem","position":1,"name":"Inicio","item":"https:\/\/www.escapadarural.com\/blog\/"},{"@type":"ListItem","position":2,"name":"Destinos","item":"https:\/\/www.escapadarural.com\/blog\/categoria\/destinos\/"},{"@type":"ListItem","position":3,"name":"Los 8 destinos m\u00e1s instagrameables para el selfie perfecto"}]},{"@type":"WebSite","@id":"https:\/\/www.escapadarural.com\/blog\/#website","url":"https:\/\/www.escapadarural.com\/blog\/","name":"Blog de viajes | turismo rural, alojamientos e inspiraci\u00f3n","description":"Alojamientos rurales e inspiraci\u00f3n para tus escapadas","publisher":{"@id":"https:\/\/www.escapadarural.com\/blog\/#organization"},"alternateName":"Magazine de viajes de EscapadaRural","potentialAction":[{"@type":"SearchAction","target":{"@type":"EntryPoint","urlTemplate":"https:\/\/www.escapadarural.com\/blog\/?s={search_term_string}"},"query-input":{"@type":"PropertyValueSpecification","valueRequired":true,"valueName":"search_term_string"}}],"inLanguage":"es"},{"@type":"Organization","@id":"https:\/\/www.escapadarural.com\/blog\/#organization","name":"EscapadaRural","url":"https:\/\/www.escapadarural.com\/blog\/","logo":{"@type":"ImageObject","inLanguage":"es","@id":"https:\/\/www.escapadarural.com\/blog\/#\/schema\/logo\/image\/","url":"https:\/\/www.escapadarural.com\/blog\/wp-content\/uploads\/2024\/10\/cropped-cropped-escapada-rural-icon-mag-3.png","contentUrl":"https:\/\/www.escapadarural.com\/blog\/wp-content\/uploads\/2024\/10\/cropped-cropped-escapada-rural-icon-mag-3.png","width":512,"height":512,"caption":"EscapadaRural"},"image":{"@id":"https:\/\/www.escapadarural.com\/blog\/#\/schema\/logo\/image\/"},"sameAs":["https:\/\/www.facebook.com\/escapadarural","https:\/\/www.instagram.com\/escapadarural\/","https:\/\/www.youtube.com\/@escapadaruralcom"]},{"@type":"Person","@id":"https:\/\/www.escapadarural.com\/blog\/#\/schema\/person\/71a3509afe98d853c3837b4889cdab61","name":"Caroline Dalpr\u00e1","image":{"@type":"ImageObject","inLanguage":"es","@id":"https:\/\/secure.gravatar.com\/avatar\/7c69701bfb6edce5bb470d94ec03340a2dd7130049dcaa9f93a67689fbb9bce5?s=96&d=mm&r=g","url":"https:\/\/secure.gravatar.com\/avatar\/7c69701bfb6edce5bb470d94ec03340a2dd7130049dcaa9f93a67689fbb9bce5?s=96&d=mm&r=g","contentUrl":"https:\/\/secure.gravatar.com\/avatar\/7c69701bfb6edce5bb470d94ec03340a2dd7130049dcaa9f93a67689fbb9bce5?s=96&d=mm&r=g","caption":"Caroline Dalpr\u00e1"},"description":"Periodista de viajes con debilidad por los pueblos con encanto. Brasile\u00f1a curiosa descubriendo la Espa\u00f1a rural, una escapada a la vez. En EscapadaRural llevo el tim\u00f3n del Marketing Digital y busco formas de contar lugares con alma.","url":"https:\/\/www.escapadarural.com\/blog\/autor\/caroline\/"}]}},"_links":{"self":[{"href":"https:\/\/www.escapadarural.com\/blog\/wp-json\/wp\/v2\/posts\/53243","targetHints":{"allow":["GET"]}}],"collection":[{"href":"https:\/\/www.escapadarural.com\/blog\/wp-json\/wp\/v2\/posts"}],"about":[{"href":"https:\/\/www.escapadarural.com\/blog\/wp-json\/wp\/v2\/types\/post"}],"author":[{"embeddable":true,"href":"https:\/\/www.escapadarural.com\/blog\/wp-json\/wp\/v2\/users\/119"}],"replies":[{"embeddable":true,"href":"https:\/\/www.escapadarural.com\/blog\/wp-json\/wp\/v2\/comments?post=53243"}],"version-history":[{"count":0,"href":"https:\/\/www.escapadarural.com\/blog\/wp-json\/wp\/v2\/posts\/53243\/revisions"}],"wp:featuredmedia":[{"embeddable":true,"href":"https:\/\/www.escapadarural.com\/blog\/wp-json\/wp\/v2\/media\/98344"}],"wp:attachment":[{"href":"https:\/\/www.escapadarural.com\/blog\/wp-json\/wp\/v2\/media?parent=53243"}],"wp:term":[{"taxonomy":"category","embeddable":true,"href":"https:\/\/www.escapadarural.com\/blog\/wp-json\/wp\/v2\/categories?post=53243"},{"taxonomy":"post_tag","embeddable":true,"href":"https:\/\/www.escapadarural.com\/blog\/wp-json\/wp\/v2\/tags?post=53243"}],"curies":[{"name":"wp","href":"https:\/\/api.w.org\/{rel}","templated":true}]}}