{"id":53706,"date":"2022-09-16T08:16:00","date_gmt":"2022-09-16T07:16:00","guid":{"rendered":"https:\/\/www.escapadarural.com\/blog\/?p=53706"},"modified":"2025-06-18T16:57:41","modified_gmt":"2025-06-18T14:57:41","slug":"fiestas-populares-para-celebrar-el-otono","status":"publish","type":"post","link":"https:\/\/www.escapadarural.com\/blog\/fiestas-populares-para-celebrar-el-otono\/","title":{"rendered":"Las 5 fiestas populares que no te puedes perder este oto\u00f1o"},"content":{"rendered":"\n<figure class=\"wp-block-image size-large\"><a href=\"https:\/\/www.escapadarural.com\/blog\/wp-content\/uploads\/2020\/10\/bosque-de-la-tejera-negra-en-otono-stockpack-adobe-stock-scaled.jpg\"><img decoding=\"async\" src=\"https:\/\/www.escapadarural.com\/blog\/wp-content\/uploads\/2020\/10\/bosque-de-la-tejera-negra-en-otono-stockpack-adobe-stock-1024x685.jpg\" alt=\"Bosque de La Tejera Negra en Oto\u00f1o\" class=\"wp-image-33060\"\/><\/a><figcaption>Por Juan Pablo Fuentes<\/figcaption><\/figure>\n\n\n\n<p>La llegada del oto\u00f1o significa la vuelta habitual de la rutina a nuestras vidas, pero son muchas las ferias y fiestas populares que nos ayudan a sobrellevar estos meses de mejor forma. Las <strong>Fiestas de Oto\u00f1o<\/strong> son una tradici\u00f3n que antiguamente estaba muy ligada a la \u00e9poca de la <strong>vendimia, la recolecci\u00f3n, el ganado<\/strong>, etc.<\/p>\n\n\n\n<p>Es por este motivo que en muchas localidades se celebran <strong>actividades costumbristas y mercados populares<\/strong> de productos t\u00edpicos de la zona. Por lo que os proponemos 5 destinos que organizan las mejores ferias y fiestas populares de los siguientes meses y que deber\u00edais visitar s\u00ed o s\u00ed.<\/p>\n\n\n\n<h2 class=\"wp-block-heading\"><strong>Semana micol\u00f3gica de Tolosa (<a href=\"https:\/\/www.escapadarural.com\/casas-rurales\/guipuzcoa\" target=\"_blank\" aria-label=\"Guip\u00fazcoa (opens in a new tab)\" rel=\"noreferrer noopener\" class=\"rank-math-link\">Guip\u00fazcoa<\/a>)<\/strong><\/h2>\n\n\n\n<figure class=\"wp-block-image size-large\"><a href=\"https:\/\/www.escapadarural.com\/blog\/wp-content\/uploads\/2019\/10\/Setas-1-1.jpg\"><img decoding=\"async\" src=\"https:\/\/www.escapadarural.com\/blog\/wp-content\/uploads\/2019\/10\/Setas-1-1.jpg\" alt=\"Micolog\u00eda\" class=\"wp-image-23501\"\/><\/a><figcaption>Por Galyna Andrushko<\/figcaption><\/figure>\n\n\n\n<p>El <a href=\"https:\/\/www.escapadarural.com\/casas-rurales\/pais-vasco\" target=\"_blank\" aria-label=\"Pa\u00eds Vasco (opens in a new tab)\" rel=\"noreferrer noopener\" class=\"rank-math-link\">Pa\u00eds Vasco<\/a> es sin\u00f3nimo de buena gastronom\u00eda y de naturaleza, y sin duda, <a href=\"https:\/\/www.escapadarural.com\/casas-rurales\/tolosa_guipuzcoa\" target=\"_blank\" aria-label=\"Tolosa (opens in a new tab)\" rel=\"noreferrer noopener\" class=\"rank-math-link\">Tolosa<\/a>, es una de las localidades de Guip\u00fazcoa m\u00e1s importantes en este aspecto. A pesar de ser muy conocida por su alubia, desde hace a\u00f1os Tolosa acoge la semana micol\u00f3gica.<\/p>\n\n\n\n<p>Si te gustan los <strong>hongos y las setas<\/strong>, \u00a1esta es tu fiesta! Es todo un punto de encuentro para los aficionados y aficionadas a las setas y los hongos en un marco incomparable rodeado de naturaleza.<\/p>\n\n\n\n<h2 class=\"wp-block-heading\"><strong>Feria de la Alubia y la Hortaliza (<a href=\"https:\/\/www.escapadarural.com\/casas-rurales\/cantabria\" target=\"_blank\" aria-label=\"Cantabria (opens in a new tab)\" rel=\"noreferrer noopener\" class=\"rank-math-link\">Cantabria<\/a>)<\/strong><\/h2>\n\n\n\n<figure class=\"wp-block-image size-large\"><a href=\"https:\/\/www.escapadarural.com\/blog\/wp-content\/uploads\/AdobeStock_429445552-scaled.jpeg\"><img decoding=\"async\" src=\"https:\/\/www.escapadarural.com\/blog\/wp-content\/uploads\/AdobeStock_429445552-1024x683.jpeg\" alt=\"Potaje oto\u00f1o\" class=\"wp-image-53708\"\/><\/a><figcaption>Por: MiguelAngel<\/figcaption><\/figure>\n\n\n\n<p>Del Pa\u00eds Vasco damos un peque\u00f1o salto y nos acercamos a Cantabria. Y es que durante el mes de noviembre, <a href=\"https:\/\/www.escapadarural.com\/casas-rurales\/casar-de-periedo\" target=\"_blank\" aria-label=\"Casar de Periedo (opens in a new tab)\" rel=\"noreferrer noopener\" class=\"rank-math-link\">Casar de Periedo<\/a>, en <a href=\"https:\/\/www.escapadarural.com\/casas-rurales\/cabezon-de-la-sal\" target=\"_blank\" aria-label=\"Cabez\u00f3n de la Sal (opens in a new tab)\" rel=\"noreferrer noopener\" class=\"rank-math-link\">Cabez\u00f3n de la Sal<\/a>, celebra una de las fiestas m\u00e1s populares de Cantabria, la <strong>Feria de la Alubia y la Hortaliza<\/strong>.<\/p>\n\n\n\n<p>Si os gustan las alubias, no pod\u00e9is perder esta oportunidad de <strong>degustar ricos potajes<\/strong> y adquirir este ingrediente para realizarlo el resto del a\u00f1o. Adem\u00e1s de comprar productos de primera calidad, podr\u00e9is disfrutar de demostraciones de las labores del campo, trabajos artesanos, trabajos de fragua y exposiciones de ganado.<\/p>\n\n\n\n<h2 class=\"wp-block-heading\"><strong>Fiesta del Oto\u00f1o y Feria Medieval de Sant Esteve de Palautordera (<a href=\"https:\/\/www.escapadarural.com\/casas-rurales\/cataluna\" target=\"_blank\" aria-label=\"Catalu\u00f1a (opens in a new tab)\" rel=\"noreferrer noopener\" class=\"rank-math-link\">Catalu\u00f1a<\/a>)<\/strong><\/h2>\n\n\n\n<figure class=\"wp-block-image size-large\"><a href=\"https:\/\/www.escapadarural.com\/blog\/wp-content\/uploads\/2015\/11\/Casta\u00f1as_asadas_en_Murcia_por_aabrilru.jpg\"><img decoding=\"async\" src=\"https:\/\/www.escapadarural.com\/blog\/wp-content\/uploads\/2015\/11\/Casta\u00f1as_asadas_en_Murcia_por_aabrilru-1024x681.jpg\" alt=\"Casta\u00f1as\" class=\"wp-image-34193\"\/><\/a><figcaption>Fuente: Angel Abril Ruiz\n\n<\/figcaption><\/figure>\n\n\n\n<p>Catalu\u00f1a tambi\u00e9n vive la llegada del oto\u00f1o a lo grande. Son muchas las localidades que organizan sus festejos, pero<strong> La Fiesta del Oto\u00f1o y la Feria Medieval de <a href=\"https:\/\/www.escapadarural.com\/casas-rurales\/sant-esteve-de-palautordera\" target=\"_blank\" aria-label=\"Sant Esteve de Palautordera (opens in a new tab)\" rel=\"noreferrer noopener\" class=\"rank-math-link\">Sant Esteve de Palautordera<\/a><\/strong>, localidad perteneciente a la provincia de <a href=\"https:\/\/www.escapadarural.com\/casas-rurales\/barcelona\" target=\"_blank\" aria-label=\"Barcelona (opens in a new tab)\" rel=\"noreferrer noopener\" class=\"rank-math-link\">Barcelona<\/a>, son los dos eventos complementarios que m\u00e1s turismo rural consiguen concentrar en esta \u00e9poca del a\u00f1o. Ambos festejos tienen lugar a finales de octubre y a principios de noviembre coincidiendo con la celebraci\u00f3n del <strong>D\u00eda de Todos los Santos<\/strong>.<\/p>\n\n\n\n<p>Estas fiestas son conocidas por preparar <strong>mercadillos medievales<\/strong> y diversas demostraciones de oficios tradicionales y talleres artesanos, en las que todo el pueblo se viste para la ocasi\u00f3n. Otros de sus actos m\u00e1s famosos son la celebraci\u00f3n de una cena con espect\u00e1culo, la <strong>casta\u00f1ada<\/strong> o la carrera de camas, entre otros. Si os apetece vivir una experiencia irrepetible, esta es vuestra opci\u00f3n.<\/p>\n\n\n\n<h2 class=\"wp-block-heading\"><strong>El Sam\u00e1in (<a href=\"https:\/\/www.escapadarural.com\/casas-rurales\/galicia\" target=\"_blank\" aria-label=\"Galicia (opens in a new tab)\" rel=\"noreferrer noopener\" class=\"rank-math-link\">Galicia<\/a>)<\/strong><\/h2>\n\n\n\n<figure class=\"wp-block-image size-large\"><a href=\"https:\/\/www.escapadarural.com\/blog\/wp-content\/uploads\/2020\/04\/ribadavia-1.jpg\"><img decoding=\"async\" src=\"https:\/\/www.escapadarural.com\/blog\/wp-content\/uploads\/2020\/04\/ribadavia-1.jpg\" alt=\"Oto\u00f1o en Ribadavia\" class=\"wp-image-17380\"\/><\/a><figcaption>Ribadavia. Por Marsone\n\n<\/figcaption><\/figure>\n\n\n\n<p>Si en oto\u00f1o puedes disfrutar en Galicia de los<a aria-label=\" (opens in a new tab)\" href=\"https:\/\/viajes.lavozdegalicia.es\/noticia\/2019\/10\/24\/diez-destinos-asistir-fiesta-magosto-galicia\/00031571916125170997173.htm\" target=\"_blank\" rel=\"noreferrer noopener\" class=\"rank-math-link\"> magostos populares o fiestas de la casta\u00f1a<\/a>, no pod\u00edan faltar tampoco aquellas en las que se celebra uno de los festejos m\u00e1s t\u00edpicos de Galicia: la <a aria-label=\" (opens in a new tab)\" href=\"https:\/\/viajes.lavozdegalicia.es\/lista\/viajes-galicia\/2018\/07\/05\/doce-debes-saber-sobre-samain\/03071530805944300944843.htm#1\" target=\"_blank\" rel=\"noreferrer noopener\" class=\"rank-math-link\">fiesta celta del Sama\u00edn<\/a>, que en otros sitios viven como Halloween. La palabra Sama\u00edn proviene del <strong>vocablo celta Samhain<\/strong>, que en etimolog\u00eda ga\u00e9lica significa \u201cfin del verano\u201d.<\/p>\n\n\n\n<p>Destaca el Sama\u00edn de <a aria-label=\"Cedeira (opens in a new tab)\" href=\"https:\/\/www.escapadarural.com\/casas-rurales\/cedeira\" target=\"_blank\" rel=\"noreferrer noopener\" class=\"rank-math-link\">Cedeira<\/a> (<a aria-label=\"A Coru\u00f1a (opens in a new tab)\" href=\"https:\/\/www.escapadarural.com\/casas-rurales\/a-coruna\" target=\"_blank\" rel=\"noreferrer noopener\" class=\"rank-math-link\">A Coru\u00f1a<\/a>), donde cada a\u00f1o, se celebran actividades de tallado de calabazas, queimadas y desfiles de disfraces. Otra opci\u00f3n puede ser <strong>La Noite Meiga de <a href=\"https:\/\/www.escapadarural.com\/casas-rurales\/ribadavia\" target=\"_blank\" aria-label=\"Ribadavia (opens in a new tab)\" rel=\"noreferrer noopener\" class=\"rank-math-link\">Ribadavia<\/a><\/strong> (<a href=\"https:\/\/www.escapadarural.com\/casas-rurales\/ourense\" target=\"_blank\" aria-label=\"Ourense (opens in a new tab)\" rel=\"noreferrer noopener\" class=\"rank-math-link\">Ourense<\/a>), donde vecinos y visitantes se re\u00fanen ataviados con disfraces \u201cterror\u00edficos\u201d que desfilan por el casco hist\u00f3rico de la villa.<\/p>\n\n\n\n<p>Y si vais con ni\u00f1os, no deber\u00edais perderos la celebraci\u00f3n de la <strong>Noite dos Calac\u00fas<\/strong> en la ciudad de <a href=\"https:\/\/www.escapadarural.com\/casas-rurales\/pontevedra\" target=\"_blank\" aria-label=\"Pontevedra (opens in a new tab)\" rel=\"noreferrer noopener\" class=\"rank-math-link\">Pontevedra<\/a>. En varios puntos del centro de la ciudad, los ni\u00f1os tallan las calabazas para iluminarlas y exhibirlas con orgullo.<\/p>\n\n\n\n<h2 class=\"wp-block-heading\"><strong>La Fiesta del Membrillo y San Rafael de Zagrilla Baja (<a href=\"https:\/\/www.escapadarural.com\/casas-rurales\/andalucia\" target=\"_blank\" aria-label=\"Andaluc\u00eda (opens in a new tab)\" rel=\"noreferrer noopener\" class=\"rank-math-link\">Andaluc\u00eda<\/a>)<\/strong><\/h2>\n\n\n\n<figure class=\"wp-block-image size-large\"><a href=\"https:\/\/www.escapadarural.com\/blog\/wp-content\/uploads\/AdobeStock_59332028-scaled.jpeg\"><img decoding=\"async\" src=\"https:\/\/www.escapadarural.com\/blog\/wp-content\/uploads\/AdobeStock_59332028-1024x678.jpeg\" alt=\"Dulce de membrillo oto\u00f1o\" class=\"wp-image-53709\"\/><\/a><figcaption>Dulce de membrillo. Por: HLPhoto<\/figcaption><\/figure>\n\n\n\n<p>Nuestra \u00faltima parada la hacemos en <a href=\"https:\/\/www.escapadarural.com\/casas-rurales\/cordoba\" target=\"_blank\" aria-label=\"C\u00f3rdoba (opens in a new tab)\" rel=\"noreferrer noopener\" class=\"rank-math-link\">C\u00f3rdoba<\/a>, y es que tenemos un planazo para el tercer fin de semana de Octubre: comprarse unos buenos membrillos de temporada en la <strong>Fiesta del Membrillo<\/strong>, en Zagrilla, <a href=\"https:\/\/www.escapadarural.com\/casas-rurales\/priego-de-cordoba\" target=\"_blank\" aria-label=\"Priego de C\u00f3rdoba (opens in a new tab)\" rel=\"noreferrer noopener\" class=\"rank-math-link\">Priego de C\u00f3rdoba<\/a>.<\/p>\n\n\n\n<p>Podr\u00e9is adquirir multitud de productos relacionados con este goloso y apetitoso alimento y degustar el membrillo en todas sus variantes. Y ojo porque adem\u00e1s de comer, podr\u00e9is disfrutar de <strong>rutas de senderismo<\/strong> muy TOP.&nbsp;<\/p>\n\n\n\n<p>\u00bfQui\u00e9n dijo que el oto\u00f1o fuese aburrido? \u00a1Animaos a disfrutar de la recta final del a\u00f1o, a lo grande!<\/p>\n","protected":false},"excerpt":{"rendered":"<p>En muchos pueblos se celebran las Fiestas de Oto\u00f1o con actividades costumbristas y mercados populares de productos t\u00edpicos de la zona. Os proponemos 5 destinos que organizan las mejores ferias y fiestas.<\/p>\n","protected":false},"author":85,"featured_media":1790,"comment_status":"open","ping_status":"open","sticky":false,"template":"","format":"standard","meta":{"_acf_changed":false,"om_disable_all_campaigns":false,"footnotes":""},"categories":[231,191],"tags":[4523,4524,821,4525,990,1500,212,4526,3728],"class_list":["post-53706","post","type-post","status-publish","format-standard","has-post-thumbnail","hentry","category-arte-y-cultura","category-destinos","tag-alubia","tag-feria-medieval","tag-fiestas","tag-membrillo","tag-micologia","tag-otono","tag-pueblos","tag-samain","tag-tolosa"],"acf":[],"featured_image_src":"https:\/\/www.escapadarural.com\/blog\/wp-content\/uploads\/2020\/04\/fiestas.jpg","author_info":{"display_name":"Redacci\u00f3n ER","author_link":"https:\/\/www.escapadarural.com\/blog\/autor\/admin\/"},"yoast_head":"<!-- This site is optimized with the Yoast SEO plugin v27.5 - https:\/\/yoast.com\/product\/yoast-seo-wordpress\/ -->\n<title>Las 5 fiestas populares que no te puedes perder este oto\u00f1o - EscapadaRural<\/title>\n<meta name=\"robots\" content=\"index, follow, max-snippet:-1, max-image-preview:large, max-video-preview:-1\" \/>\n<link rel=\"canonical\" href=\"https:\/\/www.escapadarural.com\/blog\/fiestas-populares-para-celebrar-el-otono\/\" \/>\n<meta property=\"og:locale\" content=\"es_ES\" \/>\n<meta property=\"og:type\" content=\"article\" \/>\n<meta property=\"og:title\" content=\"Las 5 fiestas populares que no te puedes perder este oto\u00f1o - EscapadaRural\" \/>\n<meta property=\"og:description\" content=\"En muchos pueblos se celebran las Fiestas de Oto\u00f1o con actividades costumbristas y mercados populares de productos t\u00edpicos de la zona. Os proponemos 5 destinos que organizan las mejores ferias y fiestas.\" \/>\n<meta property=\"og:url\" content=\"https:\/\/www.escapadarural.com\/blog\/fiestas-populares-para-celebrar-el-otono\/\" \/>\n<meta property=\"og:site_name\" content=\"Magazine de viajes de EscapadaRural\" \/>\n<meta property=\"article:publisher\" content=\"https:\/\/www.facebook.com\/escapadarural\" \/>\n<meta property=\"article:published_time\" content=\"2022-09-16T07:16:00+00:00\" \/>\n<meta property=\"article:modified_time\" content=\"2025-06-18T14:57:41+00:00\" \/>\n<meta property=\"og:image\" content=\"https:\/\/www.escapadarural.com\/blog\/wp-content\/uploads\/2020\/04\/fiestas.jpg\" \/>\n\t<meta property=\"og:image:width\" content=\"200\" \/>\n\t<meta property=\"og:image:height\" content=\"133\" \/>\n\t<meta property=\"og:image:type\" content=\"image\/jpeg\" \/>\n<meta name=\"author\" content=\"Redacci\u00f3n ER\" \/>\n<meta name=\"twitter:card\" content=\"summary_large_image\" \/>\n<meta name=\"twitter:label1\" content=\"Escrito por\" \/>\n\t<meta name=\"twitter:data1\" content=\"Redacci\u00f3n ER\" \/>\n\t<meta name=\"twitter:label2\" content=\"Tiempo de lectura\" \/>\n\t<meta name=\"twitter:data2\" content=\"4 minutos\" \/>\n<script type=\"application\/ld+json\" class=\"yoast-schema-graph\">{\"@context\":\"https:\\\/\\\/schema.org\",\"@graph\":[{\"@type\":\"Article\",\"@id\":\"https:\\\/\\\/www.escapadarural.com\\\/blog\\\/fiestas-populares-para-celebrar-el-otono\\\/#article\",\"isPartOf\":{\"@id\":\"https:\\\/\\\/www.escapadarural.com\\\/blog\\\/fiestas-populares-para-celebrar-el-otono\\\/\"},\"author\":{\"name\":\"Redacci\u00f3n ER\",\"@id\":\"https:\\\/\\\/www.escapadarural.com\\\/blog\\\/#\\\/schema\\\/person\\\/bd5b0d7ad308a0bf4efed73e8308b4fa\"},\"headline\":\"Las 5 fiestas populares que no te puedes perder este oto\u00f1o\",\"datePublished\":\"2022-09-16T07:16:00+00:00\",\"dateModified\":\"2025-06-18T14:57:41+00:00\",\"mainEntityOfPage\":{\"@id\":\"https:\\\/\\\/www.escapadarural.com\\\/blog\\\/fiestas-populares-para-celebrar-el-otono\\\/\"},\"wordCount\":799,\"commentCount\":0,\"publisher\":{\"@id\":\"https:\\\/\\\/www.escapadarural.com\\\/blog\\\/#organization\"},\"image\":{\"@id\":\"https:\\\/\\\/www.escapadarural.com\\\/blog\\\/fiestas-populares-para-celebrar-el-otono\\\/#primaryimage\"},\"thumbnailUrl\":\"https:\\\/\\\/www.escapadarural.com\\\/blog\\\/wp-content\\\/uploads\\\/2020\\\/04\\\/fiestas.jpg\",\"keywords\":[\"Alubia\",\"Feria Medieval\",\"Fiestas\",\"Membrillo\",\"Micolog\u00eda\",\"Oto\u00f1o\",\"pueblos\",\"Sam\u00e1in\",\"Tolosa\"],\"articleSection\":[\"Arte y Cultura\",\"Destinos\"],\"inLanguage\":\"es\",\"potentialAction\":[{\"@type\":\"CommentAction\",\"name\":\"Comment\",\"target\":[\"https:\\\/\\\/www.escapadarural.com\\\/blog\\\/fiestas-populares-para-celebrar-el-otono\\\/#respond\"]}]},{\"@type\":\"WebPage\",\"@id\":\"https:\\\/\\\/www.escapadarural.com\\\/blog\\\/fiestas-populares-para-celebrar-el-otono\\\/\",\"url\":\"https:\\\/\\\/www.escapadarural.com\\\/blog\\\/fiestas-populares-para-celebrar-el-otono\\\/\",\"name\":\"Las 5 fiestas populares que no te puedes perder este oto\u00f1o - EscapadaRural\",\"isPartOf\":{\"@id\":\"https:\\\/\\\/www.escapadarural.com\\\/blog\\\/#website\"},\"primaryImageOfPage\":{\"@id\":\"https:\\\/\\\/www.escapadarural.com\\\/blog\\\/fiestas-populares-para-celebrar-el-otono\\\/#primaryimage\"},\"image\":{\"@id\":\"https:\\\/\\\/www.escapadarural.com\\\/blog\\\/fiestas-populares-para-celebrar-el-otono\\\/#primaryimage\"},\"thumbnailUrl\":\"https:\\\/\\\/www.escapadarural.com\\\/blog\\\/wp-content\\\/uploads\\\/2020\\\/04\\\/fiestas.jpg\",\"datePublished\":\"2022-09-16T07:16:00+00:00\",\"dateModified\":\"2025-06-18T14:57:41+00:00\",\"breadcrumb\":{\"@id\":\"https:\\\/\\\/www.escapadarural.com\\\/blog\\\/fiestas-populares-para-celebrar-el-otono\\\/#breadcrumb\"},\"inLanguage\":\"es\",\"potentialAction\":[{\"@type\":\"ReadAction\",\"target\":[\"https:\\\/\\\/www.escapadarural.com\\\/blog\\\/fiestas-populares-para-celebrar-el-otono\\\/\"]}]},{\"@type\":\"ImageObject\",\"inLanguage\":\"es\",\"@id\":\"https:\\\/\\\/www.escapadarural.com\\\/blog\\\/fiestas-populares-para-celebrar-el-otono\\\/#primaryimage\",\"url\":\"https:\\\/\\\/www.escapadarural.com\\\/blog\\\/wp-content\\\/uploads\\\/2020\\\/04\\\/fiestas.jpg\",\"contentUrl\":\"https:\\\/\\\/www.escapadarural.com\\\/blog\\\/wp-content\\\/uploads\\\/2020\\\/04\\\/fiestas.jpg\",\"width\":200,\"height\":133,\"caption\":\"Primer plano de tela a rayas verdes y negras colgada junto a tela amarilla y azul oscuro, posiblemente t\u00fanicas o trajes, con un fondo rojo parcialmente visible.\"},{\"@type\":\"BreadcrumbList\",\"@id\":\"https:\\\/\\\/www.escapadarural.com\\\/blog\\\/fiestas-populares-para-celebrar-el-otono\\\/#breadcrumb\",\"itemListElement\":[{\"@type\":\"ListItem\",\"position\":1,\"name\":\"Inicio\",\"item\":\"https:\\\/\\\/www.escapadarural.com\\\/blog\\\/\"},{\"@type\":\"ListItem\",\"position\":2,\"name\":\"Destinos\",\"item\":\"https:\\\/\\\/www.escapadarural.com\\\/blog\\\/categoria\\\/destinos\\\/\"},{\"@type\":\"ListItem\",\"position\":3,\"name\":\"Las 5 fiestas populares que no te puedes perder este oto\u00f1o\"}]},{\"@type\":\"WebSite\",\"@id\":\"https:\\\/\\\/www.escapadarural.com\\\/blog\\\/#website\",\"url\":\"https:\\\/\\\/www.escapadarural.com\\\/blog\\\/\",\"name\":\"Blog de viajes | turismo rural, alojamientos e inspiraci\u00f3n\",\"description\":\"Alojamientos rurales e inspiraci\u00f3n para tus escapadas\",\"publisher\":{\"@id\":\"https:\\\/\\\/www.escapadarural.com\\\/blog\\\/#organization\"},\"alternateName\":\"Magazine de viajes de EscapadaRural\",\"potentialAction\":[{\"@type\":\"SearchAction\",\"target\":{\"@type\":\"EntryPoint\",\"urlTemplate\":\"https:\\\/\\\/www.escapadarural.com\\\/blog\\\/?s={search_term_string}\"},\"query-input\":{\"@type\":\"PropertyValueSpecification\",\"valueRequired\":true,\"valueName\":\"search_term_string\"}}],\"inLanguage\":\"es\"},{\"@type\":\"Organization\",\"@id\":\"https:\\\/\\\/www.escapadarural.com\\\/blog\\\/#organization\",\"name\":\"EscapadaRural\",\"url\":\"https:\\\/\\\/www.escapadarural.com\\\/blog\\\/\",\"logo\":{\"@type\":\"ImageObject\",\"inLanguage\":\"es\",\"@id\":\"https:\\\/\\\/www.escapadarural.com\\\/blog\\\/#\\\/schema\\\/logo\\\/image\\\/\",\"url\":\"https:\\\/\\\/www.escapadarural.com\\\/blog\\\/wp-content\\\/uploads\\\/2024\\\/10\\\/cropped-cropped-escapada-rural-icon-mag-3.png\",\"contentUrl\":\"https:\\\/\\\/www.escapadarural.com\\\/blog\\\/wp-content\\\/uploads\\\/2024\\\/10\\\/cropped-cropped-escapada-rural-icon-mag-3.png\",\"width\":512,\"height\":512,\"caption\":\"EscapadaRural\"},\"image\":{\"@id\":\"https:\\\/\\\/www.escapadarural.com\\\/blog\\\/#\\\/schema\\\/logo\\\/image\\\/\"},\"sameAs\":[\"https:\\\/\\\/www.facebook.com\\\/escapadarural\",\"https:\\\/\\\/www.instagram.com\\\/escapadarural\\\/\",\"https:\\\/\\\/www.youtube.com\\\/@escapadaruralcom\"]},{\"@type\":\"Person\",\"@id\":\"https:\\\/\\\/www.escapadarural.com\\\/blog\\\/#\\\/schema\\\/person\\\/bd5b0d7ad308a0bf4efed73e8308b4fa\",\"name\":\"Redacci\u00f3n ER\",\"image\":{\"@type\":\"ImageObject\",\"inLanguage\":\"es\",\"@id\":\"https:\\\/\\\/www.escapadarural.com\\\/blog\\\/wp-content\\\/uploads\\\/2024\\\/10\\\/cropped-cropped-escapada-rural-icon-mag-3-96x96.png\",\"url\":\"https:\\\/\\\/www.escapadarural.com\\\/blog\\\/wp-content\\\/uploads\\\/2024\\\/10\\\/cropped-cropped-escapada-rural-icon-mag-3-96x96.png\",\"contentUrl\":\"https:\\\/\\\/www.escapadarural.com\\\/blog\\\/wp-content\\\/uploads\\\/2024\\\/10\\\/cropped-cropped-escapada-rural-icon-mag-3-96x96.png\",\"caption\":\"Redacci\u00f3n ER\"},\"description\":\"Nos encanta inspirar a viajeros y ayudar a los propietarios con nuestros contenidos\",\"url\":\"https:\\\/\\\/www.escapadarural.com\\\/blog\\\/autor\\\/admin\\\/\"}]}<\/script>\n<!-- \/ Yoast SEO plugin. -->","yoast_head_json":{"title":"Las 5 fiestas populares que no te puedes perder este oto\u00f1o - EscapadaRural","robots":{"index":"index","follow":"follow","max-snippet":"max-snippet:-1","max-image-preview":"max-image-preview:large","max-video-preview":"max-video-preview:-1"},"canonical":"https:\/\/www.escapadarural.com\/blog\/fiestas-populares-para-celebrar-el-otono\/","og_locale":"es_ES","og_type":"article","og_title":"Las 5 fiestas populares que no te puedes perder este oto\u00f1o - EscapadaRural","og_description":"En muchos pueblos se celebran las Fiestas de Oto\u00f1o con actividades costumbristas y mercados populares de productos t\u00edpicos de la zona. Os proponemos 5 destinos que organizan las mejores ferias y fiestas.","og_url":"https:\/\/www.escapadarural.com\/blog\/fiestas-populares-para-celebrar-el-otono\/","og_site_name":"Magazine de viajes de EscapadaRural","article_publisher":"https:\/\/www.facebook.com\/escapadarural","article_published_time":"2022-09-16T07:16:00+00:00","article_modified_time":"2025-06-18T14:57:41+00:00","og_image":[{"width":200,"height":133,"url":"https:\/\/www.escapadarural.com\/blog\/wp-content\/uploads\/2020\/04\/fiestas.jpg","type":"image\/jpeg"}],"author":"Redacci\u00f3n ER","twitter_card":"summary_large_image","twitter_misc":{"Escrito por":"Redacci\u00f3n ER","Tiempo de lectura":"4 minutos"},"schema":{"@context":"https:\/\/schema.org","@graph":[{"@type":"Article","@id":"https:\/\/www.escapadarural.com\/blog\/fiestas-populares-para-celebrar-el-otono\/#article","isPartOf":{"@id":"https:\/\/www.escapadarural.com\/blog\/fiestas-populares-para-celebrar-el-otono\/"},"author":{"name":"Redacci\u00f3n ER","@id":"https:\/\/www.escapadarural.com\/blog\/#\/schema\/person\/bd5b0d7ad308a0bf4efed73e8308b4fa"},"headline":"Las 5 fiestas populares que no te puedes perder este oto\u00f1o","datePublished":"2022-09-16T07:16:00+00:00","dateModified":"2025-06-18T14:57:41+00:00","mainEntityOfPage":{"@id":"https:\/\/www.escapadarural.com\/blog\/fiestas-populares-para-celebrar-el-otono\/"},"wordCount":799,"commentCount":0,"publisher":{"@id":"https:\/\/www.escapadarural.com\/blog\/#organization"},"image":{"@id":"https:\/\/www.escapadarural.com\/blog\/fiestas-populares-para-celebrar-el-otono\/#primaryimage"},"thumbnailUrl":"https:\/\/www.escapadarural.com\/blog\/wp-content\/uploads\/2020\/04\/fiestas.jpg","keywords":["Alubia","Feria Medieval","Fiestas","Membrillo","Micolog\u00eda","Oto\u00f1o","pueblos","Sam\u00e1in","Tolosa"],"articleSection":["Arte y Cultura","Destinos"],"inLanguage":"es","potentialAction":[{"@type":"CommentAction","name":"Comment","target":["https:\/\/www.escapadarural.com\/blog\/fiestas-populares-para-celebrar-el-otono\/#respond"]}]},{"@type":"WebPage","@id":"https:\/\/www.escapadarural.com\/blog\/fiestas-populares-para-celebrar-el-otono\/","url":"https:\/\/www.escapadarural.com\/blog\/fiestas-populares-para-celebrar-el-otono\/","name":"Las 5 fiestas populares que no te puedes perder este oto\u00f1o - EscapadaRural","isPartOf":{"@id":"https:\/\/www.escapadarural.com\/blog\/#website"},"primaryImageOfPage":{"@id":"https:\/\/www.escapadarural.com\/blog\/fiestas-populares-para-celebrar-el-otono\/#primaryimage"},"image":{"@id":"https:\/\/www.escapadarural.com\/blog\/fiestas-populares-para-celebrar-el-otono\/#primaryimage"},"thumbnailUrl":"https:\/\/www.escapadarural.com\/blog\/wp-content\/uploads\/2020\/04\/fiestas.jpg","datePublished":"2022-09-16T07:16:00+00:00","dateModified":"2025-06-18T14:57:41+00:00","breadcrumb":{"@id":"https:\/\/www.escapadarural.com\/blog\/fiestas-populares-para-celebrar-el-otono\/#breadcrumb"},"inLanguage":"es","potentialAction":[{"@type":"ReadAction","target":["https:\/\/www.escapadarural.com\/blog\/fiestas-populares-para-celebrar-el-otono\/"]}]},{"@type":"ImageObject","inLanguage":"es","@id":"https:\/\/www.escapadarural.com\/blog\/fiestas-populares-para-celebrar-el-otono\/#primaryimage","url":"https:\/\/www.escapadarural.com\/blog\/wp-content\/uploads\/2020\/04\/fiestas.jpg","contentUrl":"https:\/\/www.escapadarural.com\/blog\/wp-content\/uploads\/2020\/04\/fiestas.jpg","width":200,"height":133,"caption":"Primer plano de tela a rayas verdes y negras colgada junto a tela amarilla y azul oscuro, posiblemente t\u00fanicas o trajes, con un fondo rojo parcialmente visible."},{"@type":"BreadcrumbList","@id":"https:\/\/www.escapadarural.com\/blog\/fiestas-populares-para-celebrar-el-otono\/#breadcrumb","itemListElement":[{"@type":"ListItem","position":1,"name":"Inicio","item":"https:\/\/www.escapadarural.com\/blog\/"},{"@type":"ListItem","position":2,"name":"Destinos","item":"https:\/\/www.escapadarural.com\/blog\/categoria\/destinos\/"},{"@type":"ListItem","position":3,"name":"Las 5 fiestas populares que no te puedes perder este oto\u00f1o"}]},{"@type":"WebSite","@id":"https:\/\/www.escapadarural.com\/blog\/#website","url":"https:\/\/www.escapadarural.com\/blog\/","name":"Blog de viajes | turismo rural, alojamientos e inspiraci\u00f3n","description":"Alojamientos rurales e inspiraci\u00f3n para tus escapadas","publisher":{"@id":"https:\/\/www.escapadarural.com\/blog\/#organization"},"alternateName":"Magazine de viajes de EscapadaRural","potentialAction":[{"@type":"SearchAction","target":{"@type":"EntryPoint","urlTemplate":"https:\/\/www.escapadarural.com\/blog\/?s={search_term_string}"},"query-input":{"@type":"PropertyValueSpecification","valueRequired":true,"valueName":"search_term_string"}}],"inLanguage":"es"},{"@type":"Organization","@id":"https:\/\/www.escapadarural.com\/blog\/#organization","name":"EscapadaRural","url":"https:\/\/www.escapadarural.com\/blog\/","logo":{"@type":"ImageObject","inLanguage":"es","@id":"https:\/\/www.escapadarural.com\/blog\/#\/schema\/logo\/image\/","url":"https:\/\/www.escapadarural.com\/blog\/wp-content\/uploads\/2024\/10\/cropped-cropped-escapada-rural-icon-mag-3.png","contentUrl":"https:\/\/www.escapadarural.com\/blog\/wp-content\/uploads\/2024\/10\/cropped-cropped-escapada-rural-icon-mag-3.png","width":512,"height":512,"caption":"EscapadaRural"},"image":{"@id":"https:\/\/www.escapadarural.com\/blog\/#\/schema\/logo\/image\/"},"sameAs":["https:\/\/www.facebook.com\/escapadarural","https:\/\/www.instagram.com\/escapadarural\/","https:\/\/www.youtube.com\/@escapadaruralcom"]},{"@type":"Person","@id":"https:\/\/www.escapadarural.com\/blog\/#\/schema\/person\/bd5b0d7ad308a0bf4efed73e8308b4fa","name":"Redacci\u00f3n ER","image":{"@type":"ImageObject","inLanguage":"es","@id":"https:\/\/www.escapadarural.com\/blog\/wp-content\/uploads\/2024\/10\/cropped-cropped-escapada-rural-icon-mag-3-96x96.png","url":"https:\/\/www.escapadarural.com\/blog\/wp-content\/uploads\/2024\/10\/cropped-cropped-escapada-rural-icon-mag-3-96x96.png","contentUrl":"https:\/\/www.escapadarural.com\/blog\/wp-content\/uploads\/2024\/10\/cropped-cropped-escapada-rural-icon-mag-3-96x96.png","caption":"Redacci\u00f3n ER"},"description":"Nos encanta inspirar a viajeros y ayudar a los propietarios con nuestros contenidos","url":"https:\/\/www.escapadarural.com\/blog\/autor\/admin\/"}]}},"_links":{"self":[{"href":"https:\/\/www.escapadarural.com\/blog\/wp-json\/wp\/v2\/posts\/53706","targetHints":{"allow":["GET"]}}],"collection":[{"href":"https:\/\/www.escapadarural.com\/blog\/wp-json\/wp\/v2\/posts"}],"about":[{"href":"https:\/\/www.escapadarural.com\/blog\/wp-json\/wp\/v2\/types\/post"}],"author":[{"embeddable":true,"href":"https:\/\/www.escapadarural.com\/blog\/wp-json\/wp\/v2\/users\/85"}],"replies":[{"embeddable":true,"href":"https:\/\/www.escapadarural.com\/blog\/wp-json\/wp\/v2\/comments?post=53706"}],"version-history":[{"count":0,"href":"https:\/\/www.escapadarural.com\/blog\/wp-json\/wp\/v2\/posts\/53706\/revisions"}],"wp:featuredmedia":[{"embeddable":true,"href":"https:\/\/www.escapadarural.com\/blog\/wp-json\/wp\/v2\/media\/1790"}],"wp:attachment":[{"href":"https:\/\/www.escapadarural.com\/blog\/wp-json\/wp\/v2\/media?parent=53706"}],"wp:term":[{"taxonomy":"category","embeddable":true,"href":"https:\/\/www.escapadarural.com\/blog\/wp-json\/wp\/v2\/categories?post=53706"},{"taxonomy":"post_tag","embeddable":true,"href":"https:\/\/www.escapadarural.com\/blog\/wp-json\/wp\/v2\/tags?post=53706"}],"curies":[{"name":"wp","href":"https:\/\/api.w.org\/{rel}","templated":true}]}}