{"id":53723,"date":"2022-09-08T07:00:00","date_gmt":"2022-09-08T06:00:00","guid":{"rendered":"https:\/\/www.escapadarural.com\/blog\/?p=53723"},"modified":"2025-02-25T14:22:06","modified_gmt":"2025-02-25T12:22:06","slug":"biodiversidad-en-andalucia","status":"publish","type":"post","link":"https:\/\/www.escapadarural.com\/blog\/biodiversidad-en-andalucia\/","title":{"rendered":"Biodiversidad en Andaluc\u00eda"},"content":{"rendered":"\n<figure class=\"wp-block-image size-large\"><a href=\"https:\/\/www.escapadarural.com\/blog\/wp-content\/uploads\/Quebranta_1200px-Javier-Milla.jpg\"><img decoding=\"async\" src=\"https:\/\/www.escapadarural.com\/blog\/wp-content\/uploads\/Quebranta_1200px-Javier-Milla-1024x683.jpg\" alt=\"Biodiversidad en Andaluc\u00eda: Quebrantahuesos\" class=\"wp-image-53875\"\/><\/a><figcaption>Quebrantahuesos. Por: Javier Milla &#8211; Turismo de Andaluc\u00eda<\/figcaption><\/figure>\n\n\n\n<p>Anillaci\u00f3n de flamencos en la <strong>Laguna de Fuente de Piedra<\/strong>, dos nuevas cr\u00edas de quebrantahuesos en el <strong>Parque Natural de Cazorla, Segura y Las Villas<\/strong> (<a href=\"https:\/\/www.escapadarural.com\/casas-rurales\/jaen\" target=\"_blank\" aria-label=\"Ja\u00e9n (opens in a new tab)\" rel=\"noreferrer noopener\" class=\"rank-math-link\">Ja\u00e9n<\/a>), medidas especiales antes los riesgos de incendios extremos\u2026 No hay d\u00eda que el medioambiente en <a href=\"https:\/\/www.escapadarural.com\/casas-rurales\/andalucia\" target=\"_blank\" aria-label=\"Andaluc\u00eda (opens in a new tab)\" rel=\"noreferrer noopener\" class=\"rank-math-link\">Andaluc\u00eda<\/a> no protagonice noticias esperanzadoras.<\/p>\n\n\n\n<p>Ese es un buen s\u00edntoma del trabajo de conservaci\u00f3n de la rica biodiversidad de la comunidad que <strong>acoge al 60% de las especies terrestres de flora y fauna presentes en Espa\u00f1a<\/strong>. Estos son algunos de los espacios naturales donde Andaluc\u00eda se coloca en la vanguardia del desarrollo del turismo responsable y respetuoso.<\/p>\n\n\n\n<h2 class=\"wp-block-heading\"><strong>El pinsapar de la Sierra de Grazalema<\/strong>&nbsp;<\/h2>\n\n\n\n<figure class=\"wp-block-image size-large\"><a href=\"https:\/\/www.escapadarural.com\/blog\/wp-content\/uploads\/2020\/05\/zahara-de-la-sierra-beautiful-town-located-in-the-sierra-de-grazalema-stockpack-adobe-stock-scaled.jpg\"><img decoding=\"async\" src=\"https:\/\/www.escapadarural.com\/blog\/wp-content\/uploads\/2020\/05\/zahara-de-la-sierra-beautiful-town-located-in-the-sierra-de-grazalema-stockpack-adobe-stock-1024x590.jpg\" alt=\"Zahara de la Sierra, beautiful town located in the Sierra de Grazalema\" class=\"wp-image-17804\"\/><\/a><figcaption>Zahara de la Sierra. Por Horv\u00e1th Botond<\/figcaption><\/figure>\n\n\n\n<p>El <strong><a href=\"https:\/\/www.escapadarural.com\/casas-rurales\/sierra-de-grazalema\" target=\"_blank\" aria-label=\"Parque Natural de la Sierra de Grazalema (opens in a new tab)\" rel=\"noreferrer noopener\" class=\"rank-math-link\">Parque Natural de la Sierra de Grazalema<\/a><\/strong> acoge un tesoro bot\u00e1nico: el pinsapo, un f\u00f3sil viviente que resiste desde la \u00e9poca glacial a toda suerte de incendios, talas, erosi\u00f3n, presiones urban\u00edsticas y el actual cambio clim\u00e1tico. Lo descubri\u00f3 hace casi dos siglos el bot\u00e1nico Pierre Edmond Boissier y fue el principal argumento de&nbsp; la declaraci\u00f3n de estas sierras como <strong>Reserva de la Biosfera y Parque Natural<\/strong> all\u00e1 por el a\u00f1o 1977.<\/p>\n\n\n\n<p>Hay un sendero que lleva a las mejores ubicaciones que requiere de autorizaci\u00f3n previa. Adem\u00e1s del inter\u00e9s bot\u00e1nico, la Reserva de la Biosfera <strong>engloba catorce pueblos<\/strong> y paisajes de postal. Para ver el pinsapo tambi\u00e9n existe la alternativa de acudir al&nbsp; jard\u00edn bot\u00e1nico El Castillejo (<a href=\"https:\/\/www.escapadarural.com\/casas-rurales\/el-bosque\" target=\"_blank\" aria-label=\"El Bosque (opens in a new tab)\" rel=\"noreferrer noopener\" class=\"rank-math-link\">El Bosque<\/a>).<\/p>\n\n\n\n<h2 class=\"wp-block-heading\"><strong>La flora de Sierra Nevada&nbsp;<\/strong><\/h2>\n\n\n\n<figure class=\"wp-block-image size-large\"><a href=\"https:\/\/www.escapadarural.com\/blog\/wp-content\/uploads\/AdobeStock_233224681-scaled.jpeg\"><img decoding=\"async\" src=\"https:\/\/www.escapadarural.com\/blog\/wp-content\/uploads\/AdobeStock_233224681-1024x637.jpeg\" alt=\"Sierra Nevada\" class=\"wp-image-53248\"\/><\/a><figcaption>Sierra Nevada. Por Tomas<\/figcaption><\/figure>\n\n\n\n<p>Siemprevivas, dedaleras, tira\u00f1a, manzanilla de la sierra\u2026 La lista podr\u00eda llegar a ser casi infinita con algo m\u00e1s de <strong>2.100 especies<\/strong>, de las cuales, 66 son endemismos como la manzanilla real o la estrella de las nieves. La densidad por metro cuadrado es explosiva y se reparte en cinco pisos bioclim\u00e1ticos, con lo que la variedad est\u00e1 garantizada.<\/p>\n\n\n\n<p>Todas ellas constituyen casi el <strong>30 por ciento de la flora de la Espa\u00f1a peninsular<\/strong>. Hay diversos senderos para adentrarse en esta galaxia floral y conocer una peque\u00f1a parte de todas las especies que crecen a los pies de las empinadas cimas.<\/p>\n\n\n\n<h2 class=\"wp-block-heading\"><strong>Laguna de Fuente de Piedra y los flamencos rosados<\/strong><\/h2>\n\n\n\n<figure class=\"wp-block-image size-large\"><a href=\"https:\/\/www.escapadarural.com\/blog\/wp-content\/uploads\/Flamencos_Olivos-Javier-Milla-scaled.jpg\"><img decoding=\"async\" src=\"https:\/\/www.escapadarural.com\/blog\/wp-content\/uploads\/Flamencos_Olivos-Javier-Milla-1024x683.jpg\" alt=\"Flamencos\" class=\"wp-image-53877\"\/><\/a><figcaption>Por: Javier Milla &#8211; Turismo de Andaluc\u00eda<\/figcaption><\/figure>\n\n\n\n<p>El verano en <a href=\"https:\/\/www.escapadarural.com\/casas-rurales\/fuente-de-piedra\" target=\"_blank\" aria-label=\"Fuente de Piedra (opens in a new tab)\" rel=\"noreferrer noopener\" class=\"rank-math-link\">Fuente de Piedra<\/a> es de color rosa. No se trata de ninguna tradici\u00f3n de vestir espec\u00edficamente con ropa de este color, sino que en agosto es cuando su humedal concentra la mayor cantidad de parejas de flamencos rosas.<\/p>\n\n\n\n<p>Si el invierno ha sido lluvioso, pueden llegar a ser hasta 20.000 parejas, lo cual convierte a la reserva natural <strong>Laguna de Fuente de Piedra<\/strong> en una de las \u00e1reas principales de reproducci\u00f3n del flamenco com\u00fan en Europa. El centro de visitantes de Fuente de Piedra, a menos de dos kil\u00f3metros de la reserva, es el mejor lugar donde hacer una inmersi\u00f3n previa a este bello paraje y sus coloridos vecinos.<\/p>\n\n\n\n<h2 class=\"wp-block-heading\"><strong>Laguna del Sur de C\u00f3rdoba<\/strong><\/h2>\n\n\n\n<p>En medio de la campi\u00f1a cordobesa, desde el mirador del centro de visitantes, se ve la laguna de Z\u00f3\u00f1ar como si fuera un espejo que refleja el cielo. Aqu\u00ed es donde se salv\u00f3 de la extinci\u00f3n a la <strong>malvas\u00eda cabeciblanca<\/strong>.<\/p>\n\n\n\n<p>El \u00fanico lago natural de Andaluc\u00eda forma parte del complejo de acu\u00edferos de gran inter\u00e9s ecol\u00f3gico que son las <strong>Lagunas del Sur de C\u00f3rdoba<\/strong>, un verdadero oasis de la biodiversidad que concentra una cantidad extraordinaria de aves acu\u00e1ticas de f\u00e1cil observaci\u00f3n \u200b\u200bgracias a los observatorios y senderos con los que est\u00e1 equipado el enclave.<\/p>\n\n\n\n<p>Adem\u00e1s de por la Laguna de Z\u00f3\u00f1ar, el complejo de seis lagunas est\u00e1 compuesto por <strong>Las Reservas Naturales de la Laguna Amarga<\/strong>, <strong>Laguna de T\u00edscar<\/strong>, <strong>Laguna del Rinc\u00f3n<\/strong>, <strong>Laguna de los Jarales<\/strong> y <strong>Laguna del Salobral<\/strong>.<\/p>\n\n\n\n<h2 class=\"wp-block-heading\"><strong>Las grandes migraciones en el Estrecho<\/strong><\/h2>\n\n\n\n<p>Justo en el punto m\u00e1s meridional de la Espa\u00f1a peninsular, el <strong>Parque Natural del Estrecho<\/strong> abarca una extensi\u00f3n de 18.931 hect\u00e1reas de terreno mar\u00edtimo y terrestre. Se trata de un lugar muy transitado por diferentes especies de fauna,<strong> uno de los grandes pasos migratorios del planeta<\/strong>. Dos veces al a\u00f1o, el cielo se llena de color con miles de aves que cruzan, unas de ida y otras de vuelta, entre los dos continentes.<\/p>\n\n\n\n<p>Destacan las <strong>aves planeadoras, cig\u00fce\u00f1as y rapaces<\/strong> que saben aprovechar las corrientes de aire caliente que circulan por el brazo de mar. Mientras que bajo el agua se encuentran a los rorcuales, orcas y calderones. Para ambos casos, ya sea por el aire y por el mar, lo mejor es contar con gu\u00eda con formaci\u00f3n y medios que permitan disfrutar del espect\u00e1culo sin entorpecer.<\/p>\n\n\n\n<h2 class=\"wp-block-heading\"><strong>Marismas del Odiel<\/strong><\/h2>\n\n\n\n<figure class=\"wp-block-image size-large\"><a href=\"https:\/\/www.escapadarural.com\/blog\/wp-content\/uploads\/Marismas-de-Odiel.jpg\"><img decoding=\"async\" src=\"https:\/\/www.escapadarural.com\/blog\/wp-content\/uploads\/Marismas-de-Odiel.jpg\" alt=\"Marismas de Odiel\" class=\"wp-image-54291\"\/><\/a><figcaption>Por: Turismo de Andaluc\u00eda<\/figcaption><\/figure>\n\n\n\n<p>Este enclave marisme\u00f1o fue declarado por la UNESCO <strong>Reserva Nacional de la Biosfera<\/strong> en 1983 por su riqueza paisaj\u00edstica y biol\u00f3gica, especialmente ornitol\u00f3gica. Eso es lo que se declar\u00f3 oficialmente, pero los atardeceres tambi\u00e9n debieron valer como argumento emocional a la hora de la declaraci\u00f3n.<\/p>\n\n\n\n<p>M\u00e1s de 7.000 hect\u00e1reas que se originan en la confluencia de agua dulce y salada en la desembocadura de los <strong>r\u00edos Tinto y Odiel en el Oc\u00e9ano Atl\u00e1ntico<\/strong>. El hogar de flamencos, garzas, esp\u00e1tulas, el \u00e1guila pescadora y hasta 250 especies, muchas de ellas en peligro de extinci\u00f3n.<\/p>\n\n\n\n<h2 class=\"wp-block-heading\"><strong>Sierra Morena, territorio lince<\/strong><\/h2>\n\n\n\n<figure class=\"wp-block-image size-large\"><a href=\"https:\/\/www.escapadarural.com\/blog\/wp-content\/uploads\/Lince-iberico-Srra-Andujar-scaled.jpg\"><img decoding=\"async\" src=\"https:\/\/www.escapadarural.com\/blog\/wp-content\/uploads\/Lince-iberico-Srra-Andujar-1024x683.jpg\" alt=\"Biodiversidad: Lince ib\u00e9rico\" class=\"wp-image-53876\"\/><\/a><figcaption>Lince ib\u00e9rico en la Sierra de And\u00fajar. Por: Turismo de Andaluc\u00eda<\/figcaption><\/figure>\n\n\n\n<p>M\u00e1s que un animal, el s\u00edmbolo estrella de las especies en peligro de extinci\u00f3n. El <strong>lince ib\u00e9rico<\/strong> estuvo a punto de seguir el destino del que fuera a\u00fan m\u00e1s numeroso en la pen\u00ednsula, el lince boreal. Agonizaba en el siglo XX, con apenas un centenar de individuos, cuando ecologistas, pol\u00edticos, cazadores, vecinos y ganaderos llegaron al acuerdo de hacer lo posible para salvar al animal.<\/p>\n\n\n\n<p>Desde entonces, los <strong>Parques Naturales de <a href=\"https:\/\/www.escapadarural.com\/casas-rurales\/sierra-de-andujar\" target=\"_blank\" aria-label=\"And\u00fajar (opens in a new tab)\" rel=\"noreferrer noopener\" class=\"rank-math-link\">And\u00fajar<\/a> y <a href=\"https:\/\/www.escapadarural.com\/casas-rurales\/sierra-de-cardena-y-montoro\" target=\"_blank\" aria-label=\"Carde\u00f1a-Montoro (opens in a new tab)\" rel=\"noreferrer noopener\" class=\"rank-math-link\">Carde\u00f1a-Montoro<\/a><\/strong> han sido el baluarte para su conservaci\u00f3n y ofrecen al visitante interesado instalaciones y rutas para conocer a este emblem\u00e1tico felino.<\/p>\n\n\n\n<h2 class=\"wp-block-heading\"><strong>Sierra Norte de Sevilla<\/strong><\/h2>\n\n\n\n<figure class=\"wp-block-image size-large\"><a href=\"https:\/\/www.escapadarural.com\/blog\/wp-content\/uploads\/AdobeStock_468567570-scaled.jpeg\"><img decoding=\"async\" src=\"https:\/\/www.escapadarural.com\/blog\/wp-content\/uploads\/AdobeStock_468567570-1024x576.jpeg\" alt=\"San Nicol\u00e1s del Puerto\" class=\"wp-image-48242\"\/><\/a><figcaption>Por jolunepa<\/figcaption><\/figure>\n\n\n\n<p>Las Sierras de lomas suaves dominan el horizonte, donde se observan zonas adehesadas de encinas y alcornoque, entremezcladas con bosque mediterr\u00e1neo y algunos <strong>cultivos de olivo y vid<\/strong>. Un puzzle medioambiental que funciona como un perfecto muestrario del monte mediterr\u00e1neo, h\u00e1bitat de ciervos (que protagonizan el espect\u00e1culo de la <strong>berrea en oto\u00f1o<\/strong>), de jabal\u00eds y del \u00e1guila real, que surca los cielos majestuosos.<\/p>\n\n\n\n<p>As\u00ed fue como m\u00ednimo desde hace 300 millones de a\u00f1os, que es la edad del tronco f\u00f3sil del Viar, un pecio de la flora antigua que hoy se puede ver en el centro de visitantes del <strong><a href=\"https:\/\/www.escapadarural.com\/casas-rurales\/sierra-norte-de-sevilla\" target=\"_blank\" aria-label=\"Parque Natural Sierra Norte de Sevilla (opens in a new tab)\" rel=\"noreferrer noopener\" class=\"rank-math-link\">Parque Natural Sierra Norte de Sevilla<\/a><\/strong>, en el cortijo El Berrocal, al inicio del Sendero La Mancha del Berrocal.<\/p>\n\n\n\n<h2 class=\"wp-block-heading\"><strong>Sierras de Cazorla, Segura y las Villas, refugio del quebrantahuesos<\/strong><\/h2>\n\n\n\n<figure class=\"wp-block-image size-large\"><a href=\"https:\/\/www.escapadarural.com\/blog\/wp-content\/uploads\/Quebranta_1200px-Javier-Milla.jpg\"><img decoding=\"async\" src=\"https:\/\/www.escapadarural.com\/blog\/wp-content\/uploads\/Quebranta_1200px-Javier-Milla-1024x683.jpg\" alt=\"Biodiversidad en Andaluc\u00eda: Quebrantahuesos\" class=\"wp-image-53875\"\/><\/a><figcaption>Quebrantahuesos. Por: Javier Milla &#8211; Turismo de Andaluc\u00eda<\/figcaption><\/figure>\n\n\n\n<p>Ya lo sab\u00eda el m\u00edtico F\u00e9lix Rodr\u00edguez de la Fuente cuando escogi\u00f3 este lugar para algunos de sus documentales, pero ver la silueta del quebrantahuesos, que llega a pesar siete kilos y medir casi tres metros, volando frente a los paredones y riscos del <strong>Parque Natural de Cazorla, Segura y Las Villas<\/strong> sigue siendo una de las m\u00e1s impresionantes im\u00e1genes de la naturaleza espa\u00f1ola gracias al trabajo de conservaci\u00f3n que se hace en el Centro de Cr\u00eda Guadalent\u00edn de Cazorla.<\/p>\n\n\n\n<p>De lo contrario su silueta solo ser\u00eda un s\u00edmbolo del pasado. La ruta esc\u00e9nica salpicada de miradores que lleva su nombre recorre la silueta del pantano del Tranco y es un buen punto de acceso a esta gigantesca galaxia natural que es el parque natural, que es adem\u00e1s, <strong>Reserva de la Biosfera y Zona de Especial Protecci\u00f3n para las Aves (ZEPA)<\/strong>.<\/p>\n\n\n\n<h2 class=\"wp-block-heading\"><strong>Do\u00f1ana, para\u00edso ornitol\u00f3gico<\/strong><\/h2>\n\n\n\n<figure class=\"wp-block-image size-large\"><a href=\"https:\/\/www.escapadarural.com\/blog\/wp-content\/uploads\/De-marisma-Aves-y-Arrozales-donana-2.jpg\"><img decoding=\"async\" src=\"https:\/\/www.escapadarural.com\/blog\/wp-content\/uploads\/De-marisma-Aves-y-Arrozales-donana-2-1024x673.jpg\" alt=\"Marisma, aves y arrozales en Sevilla\" class=\"wp-image-53679\"\/><\/a><figcaption>Por: Prodetur<\/figcaption><\/figure>\n\n\n\n<p>El <a href=\"https:\/\/www.escapadarural.com\/casas-rurales\/donana\" target=\"_blank\" aria-label=\"Parque Nacional de Do\u00f1ana (opens in a new tab)\" rel=\"noreferrer noopener\" class=\"rank-math-link\">Parque Nacional de Do\u00f1ana<\/a> es un mosaico de ecosistemas que alberga una biodiversidad \u00fanica en Europa. Hay playas, lagunas, dunas, cotos y marismas. Estas \u00faltimas son, precisamente, la clave para que el parque nacional sea un verdadero para\u00edso ornitol\u00f3gico, una de las \u00e1reas de observaci\u00f3n de aves m\u00e1s prestigiosa de todo Europa.<\/p>\n\n\n\n<p>Su inter\u00e9s est\u00e1 en que se trata de una <strong>zona h\u00fameda de extraordinaria importancia entre \u00c1frica y Europa<\/strong> que concentra m\u00e1s de 150 especies de aves como somormujos, patos marinos, cormoranes y gaviotas, cig\u00fce\u00f1as negras, milanos, \u00e1guilas imperiales y concentraciones de millares de flamencos.<\/p>\n\n\n\n<p>Contenido patrocinado por:<\/p>\n\n\n\n<figure class=\"wp-block-image size-large\"><a href=\"https:\/\/www.andalucia.org\/es\/inicio\" target=\"_blank\" rel=\"noopener\"><img decoding=\"async\" src=\"https:\/\/www.escapadarural.com\/blog\/wp-content\/uploads\/Logo-Andalucia.jpg\" alt=\"Logo Andaluc\u00eda\" class=\"wp-image-53733\"\/><\/a><\/figure>\n","protected":false},"excerpt":{"rendered":"<p>Hoy os hablamos de algunos de los espacios naturales donde Andaluc\u00eda se coloca en la vanguardia del desarrollo del turismo responsable y respetuoso con la biodiversidad.<\/p>\n","protected":false},"author":112,"featured_media":99487,"comment_status":"open","ping_status":"open","sticky":false,"template":"","format":"standard","meta":{"_acf_changed":false,"om_disable_all_campaigns":false,"footnotes":""},"categories":[191],"tags":[6072,4527,1022,4528,4529,4530,310,4531,1159,866,401,1456,4532],"class_list":["post-53723","post","type-post","status-publish","format-standard","has-post-thumbnail","hentry","category-destinos","tag-andalucia","tag-biodiversidad","tag-donana","tag-laguna-de-fuente-de-piedra","tag-laguna-del-sur-de-cordoba","tag-odiel","tag-parque-natural-de-las-sierras-de-cazorla","tag-parque-natural-del-estrecho","tag-parque-natural-sierra-de-grazalema","tag-parques-naturales","tag-sierra-morena","tag-sierra-nevada","tag-sierra-norte-de-sevilla"],"acf":[],"featured_image_src":"https:\/\/www.escapadarural.com\/blog\/wp-content\/uploads\/2024\/10\/Quebranta_1200px-Javier-Milla-1024x683-3.jpg","author_info":{"display_name":"Jos\u00e9 Alejandro Adamuz","author_link":"https:\/\/www.escapadarural.com\/blog\/autor\/josealejandro\/"},"yoast_head":"<!-- This site is optimized with the Yoast SEO plugin v27.5 - https:\/\/yoast.com\/product\/yoast-seo-wordpress\/ -->\n<title>Biodiversidad en Andaluc\u00eda - EscapadaRural<\/title>\n<meta name=\"robots\" content=\"index, follow, max-snippet:-1, max-image-preview:large, max-video-preview:-1\" \/>\n<link rel=\"canonical\" href=\"https:\/\/www.escapadarural.com\/blog\/biodiversidad-en-andalucia\/\" \/>\n<meta property=\"og:locale\" content=\"es_ES\" \/>\n<meta property=\"og:type\" content=\"article\" \/>\n<meta property=\"og:title\" content=\"Biodiversidad en Andaluc\u00eda - EscapadaRural\" \/>\n<meta property=\"og:description\" content=\"Hoy os hablamos de algunos de los espacios naturales donde Andaluc\u00eda se coloca en la vanguardia del desarrollo del turismo responsable y respetuoso con la biodiversidad.\" \/>\n<meta property=\"og:url\" content=\"https:\/\/www.escapadarural.com\/blog\/biodiversidad-en-andalucia\/\" \/>\n<meta property=\"og:site_name\" content=\"Magazine de viajes de EscapadaRural\" \/>\n<meta property=\"article:publisher\" content=\"https:\/\/www.facebook.com\/escapadarural\" \/>\n<meta property=\"article:published_time\" content=\"2022-09-08T06:00:00+00:00\" \/>\n<meta property=\"article:modified_time\" content=\"2025-02-25T12:22:06+00:00\" \/>\n<meta property=\"og:image\" content=\"https:\/\/www.escapadarural.com\/blog\/wp-content\/uploads\/2024\/10\/Quebranta_1200px-Javier-Milla-1024x683-3.jpg\" \/>\n\t<meta property=\"og:image:width\" content=\"1024\" \/>\n\t<meta property=\"og:image:height\" content=\"683\" \/>\n\t<meta property=\"og:image:type\" content=\"image\/jpeg\" \/>\n<meta name=\"author\" content=\"Jos\u00e9 Alejandro Adamuz\" \/>\n<meta name=\"twitter:card\" content=\"summary_large_image\" \/>\n<meta name=\"twitter:label1\" content=\"Escrito por\" \/>\n\t<meta name=\"twitter:data1\" content=\"Jos\u00e9 Alejandro Adamuz\" \/>\n\t<meta name=\"twitter:label2\" content=\"Tiempo de lectura\" \/>\n\t<meta name=\"twitter:data2\" content=\"7 minutos\" \/>\n<script type=\"application\/ld+json\" class=\"yoast-schema-graph\">{\"@context\":\"https:\\\/\\\/schema.org\",\"@graph\":[{\"@type\":\"Article\",\"@id\":\"https:\\\/\\\/www.escapadarural.com\\\/blog\\\/biodiversidad-en-andalucia\\\/#article\",\"isPartOf\":{\"@id\":\"https:\\\/\\\/www.escapadarural.com\\\/blog\\\/biodiversidad-en-andalucia\\\/\"},\"author\":{\"name\":\"Jos\u00e9 Alejandro Adamuz\",\"@id\":\"https:\\\/\\\/www.escapadarural.com\\\/blog\\\/#\\\/schema\\\/person\\\/ac6969ba5ab90987dda9465be409d6b3\"},\"headline\":\"Biodiversidad en Andaluc\u00eda\",\"datePublished\":\"2022-09-08T06:00:00+00:00\",\"dateModified\":\"2025-02-25T12:22:06+00:00\",\"mainEntityOfPage\":{\"@id\":\"https:\\\/\\\/www.escapadarural.com\\\/blog\\\/biodiversidad-en-andalucia\\\/\"},\"wordCount\":1482,\"commentCount\":0,\"publisher\":{\"@id\":\"https:\\\/\\\/www.escapadarural.com\\\/blog\\\/#organization\"},\"image\":{\"@id\":\"https:\\\/\\\/www.escapadarural.com\\\/blog\\\/biodiversidad-en-andalucia\\\/#primaryimage\"},\"thumbnailUrl\":\"https:\\\/\\\/www.escapadarural.com\\\/blog\\\/wp-content\\\/uploads\\\/2024\\\/10\\\/Quebranta_1200px-Javier-Milla-1024x683-3.jpg\",\"keywords\":[\"Andaluc\u00eda\",\"Biodiversidad\",\"Do\u00f1ana\",\"Laguna de Fuente de Piedra\",\"Laguna del Sur de C\u00f3rdoba\",\"Odiel\",\"Parque Natural de las Sierras de Cazorla\",\"Parque Natural del Estrecho\",\"Parque Natural Sierra de Grazalema\",\"Parques Naturales\",\"Sierra Morena\",\"Sierra Nevada\",\"Sierra Norte de Sevilla\"],\"articleSection\":[\"Destinos\"],\"inLanguage\":\"es\",\"potentialAction\":[{\"@type\":\"CommentAction\",\"name\":\"Comment\",\"target\":[\"https:\\\/\\\/www.escapadarural.com\\\/blog\\\/biodiversidad-en-andalucia\\\/#respond\"]}]},{\"@type\":\"WebPage\",\"@id\":\"https:\\\/\\\/www.escapadarural.com\\\/blog\\\/biodiversidad-en-andalucia\\\/\",\"url\":\"https:\\\/\\\/www.escapadarural.com\\\/blog\\\/biodiversidad-en-andalucia\\\/\",\"name\":\"Biodiversidad en Andaluc\u00eda - EscapadaRural\",\"isPartOf\":{\"@id\":\"https:\\\/\\\/www.escapadarural.com\\\/blog\\\/#website\"},\"primaryImageOfPage\":{\"@id\":\"https:\\\/\\\/www.escapadarural.com\\\/blog\\\/biodiversidad-en-andalucia\\\/#primaryimage\"},\"image\":{\"@id\":\"https:\\\/\\\/www.escapadarural.com\\\/blog\\\/biodiversidad-en-andalucia\\\/#primaryimage\"},\"thumbnailUrl\":\"https:\\\/\\\/www.escapadarural.com\\\/blog\\\/wp-content\\\/uploads\\\/2024\\\/10\\\/Quebranta_1200px-Javier-Milla-1024x683-3.jpg\",\"datePublished\":\"2022-09-08T06:00:00+00:00\",\"dateModified\":\"2025-02-25T12:22:06+00:00\",\"breadcrumb\":{\"@id\":\"https:\\\/\\\/www.escapadarural.com\\\/blog\\\/biodiversidad-en-andalucia\\\/#breadcrumb\"},\"inLanguage\":\"es\",\"potentialAction\":[{\"@type\":\"ReadAction\",\"target\":[\"https:\\\/\\\/www.escapadarural.com\\\/blog\\\/biodiversidad-en-andalucia\\\/\"]}]},{\"@type\":\"ImageObject\",\"inLanguage\":\"es\",\"@id\":\"https:\\\/\\\/www.escapadarural.com\\\/blog\\\/biodiversidad-en-andalucia\\\/#primaryimage\",\"url\":\"https:\\\/\\\/www.escapadarural.com\\\/blog\\\/wp-content\\\/uploads\\\/2024\\\/10\\\/Quebranta_1200px-Javier-Milla-1024x683-3.jpg\",\"contentUrl\":\"https:\\\/\\\/www.escapadarural.com\\\/blog\\\/wp-content\\\/uploads\\\/2024\\\/10\\\/Quebranta_1200px-Javier-Milla-1024x683-3.jpg\",\"width\":1024,\"height\":683,\"caption\":\"Un ave de gran tama\u00f1o con las alas extendidas y un caracter\u00edstico plumaje negro, blanco y tostado se posa sobre una superficie rocosa en un paisaje natural cubierto de hierba y difuminado.\"},{\"@type\":\"BreadcrumbList\",\"@id\":\"https:\\\/\\\/www.escapadarural.com\\\/blog\\\/biodiversidad-en-andalucia\\\/#breadcrumb\",\"itemListElement\":[{\"@type\":\"ListItem\",\"position\":1,\"name\":\"Inicio\",\"item\":\"https:\\\/\\\/www.escapadarural.com\\\/blog\\\/\"},{\"@type\":\"ListItem\",\"position\":2,\"name\":\"Destinos\",\"item\":\"https:\\\/\\\/www.escapadarural.com\\\/blog\\\/categoria\\\/destinos\\\/\"},{\"@type\":\"ListItem\",\"position\":3,\"name\":\"Biodiversidad en Andaluc\u00eda\"}]},{\"@type\":\"WebSite\",\"@id\":\"https:\\\/\\\/www.escapadarural.com\\\/blog\\\/#website\",\"url\":\"https:\\\/\\\/www.escapadarural.com\\\/blog\\\/\",\"name\":\"Blog de viajes | turismo rural, alojamientos e inspiraci\u00f3n\",\"description\":\"Alojamientos rurales e inspiraci\u00f3n para tus escapadas\",\"publisher\":{\"@id\":\"https:\\\/\\\/www.escapadarural.com\\\/blog\\\/#organization\"},\"alternateName\":\"Magazine de viajes de EscapadaRural\",\"potentialAction\":[{\"@type\":\"SearchAction\",\"target\":{\"@type\":\"EntryPoint\",\"urlTemplate\":\"https:\\\/\\\/www.escapadarural.com\\\/blog\\\/?s={search_term_string}\"},\"query-input\":{\"@type\":\"PropertyValueSpecification\",\"valueRequired\":true,\"valueName\":\"search_term_string\"}}],\"inLanguage\":\"es\"},{\"@type\":\"Organization\",\"@id\":\"https:\\\/\\\/www.escapadarural.com\\\/blog\\\/#organization\",\"name\":\"EscapadaRural\",\"url\":\"https:\\\/\\\/www.escapadarural.com\\\/blog\\\/\",\"logo\":{\"@type\":\"ImageObject\",\"inLanguage\":\"es\",\"@id\":\"https:\\\/\\\/www.escapadarural.com\\\/blog\\\/#\\\/schema\\\/logo\\\/image\\\/\",\"url\":\"https:\\\/\\\/www.escapadarural.com\\\/blog\\\/wp-content\\\/uploads\\\/2024\\\/10\\\/cropped-cropped-escapada-rural-icon-mag-3.png\",\"contentUrl\":\"https:\\\/\\\/www.escapadarural.com\\\/blog\\\/wp-content\\\/uploads\\\/2024\\\/10\\\/cropped-cropped-escapada-rural-icon-mag-3.png\",\"width\":512,\"height\":512,\"caption\":\"EscapadaRural\"},\"image\":{\"@id\":\"https:\\\/\\\/www.escapadarural.com\\\/blog\\\/#\\\/schema\\\/logo\\\/image\\\/\"},\"sameAs\":[\"https:\\\/\\\/www.facebook.com\\\/escapadarural\",\"https:\\\/\\\/www.instagram.com\\\/escapadarural\\\/\",\"https:\\\/\\\/www.youtube.com\\\/@escapadaruralcom\"]},{\"@type\":\"Person\",\"@id\":\"https:\\\/\\\/www.escapadarural.com\\\/blog\\\/#\\\/schema\\\/person\\\/ac6969ba5ab90987dda9465be409d6b3\",\"name\":\"Jos\u00e9 Alejandro Adamuz\",\"image\":{\"@type\":\"ImageObject\",\"inLanguage\":\"es\",\"@id\":\"https:\\\/\\\/www.escapadarural.com\\\/blog\\\/wp-content\\\/uploads\\\/2025\\\/02\\\/cropped-jose_alejandro_viajar-96x96.webp\",\"url\":\"https:\\\/\\\/www.escapadarural.com\\\/blog\\\/wp-content\\\/uploads\\\/2025\\\/02\\\/cropped-jose_alejandro_viajar-96x96.webp\",\"contentUrl\":\"https:\\\/\\\/www.escapadarural.com\\\/blog\\\/wp-content\\\/uploads\\\/2025\\\/02\\\/cropped-jose_alejandro_viajar-96x96.webp\",\"caption\":\"Jos\u00e9 Alejandro Adamuz\"},\"description\":\"Soy licenciado en filolog\u00eda hisp\u00e1nica y periodista por vocaci\u00f3n. Tambi\u00e9n soy disl\u00e9xico, por lo que suelo confundir la derecha con la izquierda y los kil\u00f3metros con la literatura. Pero de momento me va bien as\u00ed. Colaboro habitualmente en diferentes medios haciendo cr\u00f3nica de viajes y periodismo cultural. Me gusta que los viajes cuenten historias y que las historias me hagan viajar.\",\"sameAs\":[\"https:\\\/\\\/viviratodaletra.com\\\/\"],\"url\":\"https:\\\/\\\/www.escapadarural.com\\\/blog\\\/autor\\\/josealejandro\\\/\"}]}<\/script>\n<!-- \/ Yoast SEO plugin. -->","yoast_head_json":{"title":"Biodiversidad en Andaluc\u00eda - EscapadaRural","robots":{"index":"index","follow":"follow","max-snippet":"max-snippet:-1","max-image-preview":"max-image-preview:large","max-video-preview":"max-video-preview:-1"},"canonical":"https:\/\/www.escapadarural.com\/blog\/biodiversidad-en-andalucia\/","og_locale":"es_ES","og_type":"article","og_title":"Biodiversidad en Andaluc\u00eda - EscapadaRural","og_description":"Hoy os hablamos de algunos de los espacios naturales donde Andaluc\u00eda se coloca en la vanguardia del desarrollo del turismo responsable y respetuoso con la biodiversidad.","og_url":"https:\/\/www.escapadarural.com\/blog\/biodiversidad-en-andalucia\/","og_site_name":"Magazine de viajes de EscapadaRural","article_publisher":"https:\/\/www.facebook.com\/escapadarural","article_published_time":"2022-09-08T06:00:00+00:00","article_modified_time":"2025-02-25T12:22:06+00:00","og_image":[{"width":1024,"height":683,"url":"https:\/\/www.escapadarural.com\/blog\/wp-content\/uploads\/2024\/10\/Quebranta_1200px-Javier-Milla-1024x683-3.jpg","type":"image\/jpeg"}],"author":"Jos\u00e9 Alejandro Adamuz","twitter_card":"summary_large_image","twitter_misc":{"Escrito por":"Jos\u00e9 Alejandro Adamuz","Tiempo de lectura":"7 minutos"},"schema":{"@context":"https:\/\/schema.org","@graph":[{"@type":"Article","@id":"https:\/\/www.escapadarural.com\/blog\/biodiversidad-en-andalucia\/#article","isPartOf":{"@id":"https:\/\/www.escapadarural.com\/blog\/biodiversidad-en-andalucia\/"},"author":{"name":"Jos\u00e9 Alejandro Adamuz","@id":"https:\/\/www.escapadarural.com\/blog\/#\/schema\/person\/ac6969ba5ab90987dda9465be409d6b3"},"headline":"Biodiversidad en Andaluc\u00eda","datePublished":"2022-09-08T06:00:00+00:00","dateModified":"2025-02-25T12:22:06+00:00","mainEntityOfPage":{"@id":"https:\/\/www.escapadarural.com\/blog\/biodiversidad-en-andalucia\/"},"wordCount":1482,"commentCount":0,"publisher":{"@id":"https:\/\/www.escapadarural.com\/blog\/#organization"},"image":{"@id":"https:\/\/www.escapadarural.com\/blog\/biodiversidad-en-andalucia\/#primaryimage"},"thumbnailUrl":"https:\/\/www.escapadarural.com\/blog\/wp-content\/uploads\/2024\/10\/Quebranta_1200px-Javier-Milla-1024x683-3.jpg","keywords":["Andaluc\u00eda","Biodiversidad","Do\u00f1ana","Laguna de Fuente de Piedra","Laguna del Sur de C\u00f3rdoba","Odiel","Parque Natural de las Sierras de Cazorla","Parque Natural del Estrecho","Parque Natural Sierra de Grazalema","Parques Naturales","Sierra Morena","Sierra Nevada","Sierra Norte de Sevilla"],"articleSection":["Destinos"],"inLanguage":"es","potentialAction":[{"@type":"CommentAction","name":"Comment","target":["https:\/\/www.escapadarural.com\/blog\/biodiversidad-en-andalucia\/#respond"]}]},{"@type":"WebPage","@id":"https:\/\/www.escapadarural.com\/blog\/biodiversidad-en-andalucia\/","url":"https:\/\/www.escapadarural.com\/blog\/biodiversidad-en-andalucia\/","name":"Biodiversidad en Andaluc\u00eda - EscapadaRural","isPartOf":{"@id":"https:\/\/www.escapadarural.com\/blog\/#website"},"primaryImageOfPage":{"@id":"https:\/\/www.escapadarural.com\/blog\/biodiversidad-en-andalucia\/#primaryimage"},"image":{"@id":"https:\/\/www.escapadarural.com\/blog\/biodiversidad-en-andalucia\/#primaryimage"},"thumbnailUrl":"https:\/\/www.escapadarural.com\/blog\/wp-content\/uploads\/2024\/10\/Quebranta_1200px-Javier-Milla-1024x683-3.jpg","datePublished":"2022-09-08T06:00:00+00:00","dateModified":"2025-02-25T12:22:06+00:00","breadcrumb":{"@id":"https:\/\/www.escapadarural.com\/blog\/biodiversidad-en-andalucia\/#breadcrumb"},"inLanguage":"es","potentialAction":[{"@type":"ReadAction","target":["https:\/\/www.escapadarural.com\/blog\/biodiversidad-en-andalucia\/"]}]},{"@type":"ImageObject","inLanguage":"es","@id":"https:\/\/www.escapadarural.com\/blog\/biodiversidad-en-andalucia\/#primaryimage","url":"https:\/\/www.escapadarural.com\/blog\/wp-content\/uploads\/2024\/10\/Quebranta_1200px-Javier-Milla-1024x683-3.jpg","contentUrl":"https:\/\/www.escapadarural.com\/blog\/wp-content\/uploads\/2024\/10\/Quebranta_1200px-Javier-Milla-1024x683-3.jpg","width":1024,"height":683,"caption":"Un ave de gran tama\u00f1o con las alas extendidas y un caracter\u00edstico plumaje negro, blanco y tostado se posa sobre una superficie rocosa en un paisaje natural cubierto de hierba y difuminado."},{"@type":"BreadcrumbList","@id":"https:\/\/www.escapadarural.com\/blog\/biodiversidad-en-andalucia\/#breadcrumb","itemListElement":[{"@type":"ListItem","position":1,"name":"Inicio","item":"https:\/\/www.escapadarural.com\/blog\/"},{"@type":"ListItem","position":2,"name":"Destinos","item":"https:\/\/www.escapadarural.com\/blog\/categoria\/destinos\/"},{"@type":"ListItem","position":3,"name":"Biodiversidad en Andaluc\u00eda"}]},{"@type":"WebSite","@id":"https:\/\/www.escapadarural.com\/blog\/#website","url":"https:\/\/www.escapadarural.com\/blog\/","name":"Blog de viajes | turismo rural, alojamientos e inspiraci\u00f3n","description":"Alojamientos rurales e inspiraci\u00f3n para tus escapadas","publisher":{"@id":"https:\/\/www.escapadarural.com\/blog\/#organization"},"alternateName":"Magazine de viajes de EscapadaRural","potentialAction":[{"@type":"SearchAction","target":{"@type":"EntryPoint","urlTemplate":"https:\/\/www.escapadarural.com\/blog\/?s={search_term_string}"},"query-input":{"@type":"PropertyValueSpecification","valueRequired":true,"valueName":"search_term_string"}}],"inLanguage":"es"},{"@type":"Organization","@id":"https:\/\/www.escapadarural.com\/blog\/#organization","name":"EscapadaRural","url":"https:\/\/www.escapadarural.com\/blog\/","logo":{"@type":"ImageObject","inLanguage":"es","@id":"https:\/\/www.escapadarural.com\/blog\/#\/schema\/logo\/image\/","url":"https:\/\/www.escapadarural.com\/blog\/wp-content\/uploads\/2024\/10\/cropped-cropped-escapada-rural-icon-mag-3.png","contentUrl":"https:\/\/www.escapadarural.com\/blog\/wp-content\/uploads\/2024\/10\/cropped-cropped-escapada-rural-icon-mag-3.png","width":512,"height":512,"caption":"EscapadaRural"},"image":{"@id":"https:\/\/www.escapadarural.com\/blog\/#\/schema\/logo\/image\/"},"sameAs":["https:\/\/www.facebook.com\/escapadarural","https:\/\/www.instagram.com\/escapadarural\/","https:\/\/www.youtube.com\/@escapadaruralcom"]},{"@type":"Person","@id":"https:\/\/www.escapadarural.com\/blog\/#\/schema\/person\/ac6969ba5ab90987dda9465be409d6b3","name":"Jos\u00e9 Alejandro Adamuz","image":{"@type":"ImageObject","inLanguage":"es","@id":"https:\/\/www.escapadarural.com\/blog\/wp-content\/uploads\/2025\/02\/cropped-jose_alejandro_viajar-96x96.webp","url":"https:\/\/www.escapadarural.com\/blog\/wp-content\/uploads\/2025\/02\/cropped-jose_alejandro_viajar-96x96.webp","contentUrl":"https:\/\/www.escapadarural.com\/blog\/wp-content\/uploads\/2025\/02\/cropped-jose_alejandro_viajar-96x96.webp","caption":"Jos\u00e9 Alejandro Adamuz"},"description":"Soy licenciado en filolog\u00eda hisp\u00e1nica y periodista por vocaci\u00f3n. Tambi\u00e9n soy disl\u00e9xico, por lo que suelo confundir la derecha con la izquierda y los kil\u00f3metros con la literatura. Pero de momento me va bien as\u00ed. Colaboro habitualmente en diferentes medios haciendo cr\u00f3nica de viajes y periodismo cultural. Me gusta que los viajes cuenten historias y que las historias me hagan viajar.","sameAs":["https:\/\/viviratodaletra.com\/"],"url":"https:\/\/www.escapadarural.com\/blog\/autor\/josealejandro\/"}]}},"_links":{"self":[{"href":"https:\/\/www.escapadarural.com\/blog\/wp-json\/wp\/v2\/posts\/53723","targetHints":{"allow":["GET"]}}],"collection":[{"href":"https:\/\/www.escapadarural.com\/blog\/wp-json\/wp\/v2\/posts"}],"about":[{"href":"https:\/\/www.escapadarural.com\/blog\/wp-json\/wp\/v2\/types\/post"}],"author":[{"embeddable":true,"href":"https:\/\/www.escapadarural.com\/blog\/wp-json\/wp\/v2\/users\/112"}],"replies":[{"embeddable":true,"href":"https:\/\/www.escapadarural.com\/blog\/wp-json\/wp\/v2\/comments?post=53723"}],"version-history":[{"count":0,"href":"https:\/\/www.escapadarural.com\/blog\/wp-json\/wp\/v2\/posts\/53723\/revisions"}],"wp:featuredmedia":[{"embeddable":true,"href":"https:\/\/www.escapadarural.com\/blog\/wp-json\/wp\/v2\/media\/99487"}],"wp:attachment":[{"href":"https:\/\/www.escapadarural.com\/blog\/wp-json\/wp\/v2\/media?parent=53723"}],"wp:term":[{"taxonomy":"category","embeddable":true,"href":"https:\/\/www.escapadarural.com\/blog\/wp-json\/wp\/v2\/categories?post=53723"},{"taxonomy":"post_tag","embeddable":true,"href":"https:\/\/www.escapadarural.com\/blog\/wp-json\/wp\/v2\/tags?post=53723"}],"curies":[{"name":"wp","href":"https:\/\/api.w.org\/{rel}","templated":true}]}}