{"id":53772,"date":"2022-08-22T10:04:53","date_gmt":"2022-08-22T09:04:53","guid":{"rendered":"https:\/\/www.escapadarural.com\/blog\/?p=53772"},"modified":"2025-08-04T09:59:44","modified_gmt":"2025-08-04T07:59:44","slug":"canto-de-las-aves-de-ciudad","status":"publish","type":"post","link":"https:\/\/www.escapadarural.com\/blog\/canto-de-las-aves-de-ciudad\/","title":{"rendered":"As\u00ed influye el ruido humano en el canto de las aves (que a su vez afecta a nuestro bienestar)"},"content":{"rendered":"\n<figure class=\"wp-block-image size-large\"><img decoding=\"async\" src=\"https:\/\/www.escapadarural.com\/blog\/wp-content\/uploads\/bird-9950_960_720.webp\" alt=\"canto de las aves\" class=\"wp-image-53774\"\/><\/figure>\n\n\n\n<p>En la primera mitad del siglo XIX, los aficionados a las mariposas descubrieron que en los bosques pr\u00f3ximos a las ciudades industriales inglesas proliferaban ejemplares de la mariposa de los abedules <em>(Biston betularia) <\/em>que, en vez de ser blancas moteadas, <strong>hab\u00edan adquirido un color negro<\/strong>. <\/p>\n\n\n\n<p>Las aves cantan m\u00e1s para compensar el ruido que generamos<\/p>\n\n\n\n<p>Este llamativo cambio acab\u00f3 siendo uno de los mejores ejemplos de c\u00f3mo funciona la evoluci\u00f3n por selecci\u00f3n natural.&nbsp;<\/p>\n\n\n\n<p>Y es que el color permit\u00eda a esta polilla poder camuflarse en los troncos de los \u00e1rboles y evitar as\u00ed a los depredadores. Sin embargo, en ciudades como Manchester ya no hab\u00eda mariposas blancas moteadas de negro, sino negras sin m\u00e1s, porque <strong>el entorno era m\u00e1s negro por la contaminaci\u00f3n<\/strong>. Adquirir el nuevo color era imprescindible para evitar entonces a los depredadores.&nbsp;<\/p>\n\n\n\n<p>Este proceso se llama <strong>melanismo industrial<\/strong>, y es un proceso observado en muchas especies de lepid\u00f3pteros de zonas urbanas.&nbsp;<\/p>\n\n\n\n<figure class=\"wp-block-image size-large\"><img decoding=\"async\" src=\"https:\/\/www.escapadarural.com\/blog\/wp-content\/uploads\/1280px-Biston_betulariajs02_LodzPoland-1024x683.jpg\" alt=\"\" class=\"wp-image-53775\"\/><\/figure>\n\n\n\n<p>La selecci\u00f3n natural, retroalimentada por la acci\u00f3n humana, no solo puede cambiar el color de las mariposas. Tambi\u00e9n su comportamiento. Incluso el canto de las aves.<\/p>\n\n\n\n<h2 class=\"wp-block-heading\" id=\"h-el-efecto-del-ruido-ambiente\"><strong>El efecto del ruido ambiente<\/strong><\/h2>\n\n\n\n<p>Seg\u00fan muestra <a class=\"rank-math-link\" href=\"https:\/\/www.pnas.org\/doi\/full\/10.1073\/pnas.1709200115\" target=\"_blank\">una reciente investigaci\u00f3n<\/a> de 2018, publicada en <em>Proceedings of the National Academy of Sciences<\/em>, los p\u00e1jaros expuestos al ruido persistente de los compresores de gas natural muestran s\u00edntomas notablemente similares a los de los humanos que sufren de trastorno de <strong>estr\u00e9s <\/strong>postraum\u00e1tico.<\/p>\n\n\n\n<p>Los investigadores encontraron que los adultos y los polluelos de tres especies diferentes mostraban m\u00faltiples signos de estr\u00e9s cr\u00f3nico causado por la contaminaci\u00f3n ac\u00fastica, incluidos niveles an\u00f3malos de la hormona del estr\u00e9s. <\/p>\n\n\n\n<p>El estudio es el primero en probar las relaciones entre el ruido, las hormonas del estr\u00e9s y el estado f\u00edsico en animales que se reproducen en \u00e1reas naturales <strong>con un ruido significativo creado por el ser humano<\/strong>.<\/p>\n\n\n\n<p>Esto ocurre porque un gran conjunto de animales emplean el sonido para comunicarse, orientarse, encontrar alimento o identificar peligros. La contaminaci\u00f3n ac\u00fastica interfiere en esas capacidades,<strong> lo que aumenta el estr\u00e9s del animal, as\u00ed como su desorientaci\u00f3n<\/strong>.<\/p>\n\n\n\n<p>\u00abEl ruido afecta a muchas especies de anfibios, artr\u00f3podos, aves, peces, mam\u00edferos, moluscos y reptiles\u00bb, han se\u00f1alado cient\u00edficos de la Queen&#8217;s University Belfast en un estudio publicado al respecto en la<a href=\"https:\/\/royalsocietypublishing.org\/doi\/10.1098\/rsbl.2019.0649\" target=\"_blank\"> Royal Society Biology Letters<\/a>.&nbsp;<\/p>\n\n\n\n<p>Un grupo de investigadores del Consejo Superior de Investigaciones Cient\u00edficas (CSIC), despu\u00e9s de estudiar a los verdecillos, unas aves colonizadoras de las zonas urbanas de toda Europa, <a href=\"https:\/\/books.google.es\/books?id=jW5gDwAAQBAJ&amp;pg=PA4&amp;lpg=PA4&amp;dq=Behavioral+Ecology+bird+mario+diaz&amp;source=bl&amp;ots=AG46-aF59p&amp;sig=ACfU3U190iiQXNTf3YC5ykNOFVDjJIdQZA&amp;hl=es&amp;sa=X&amp;ved=2ahUKEwijm7ik5Lv5AhUG0YUKHUACBpcQ6AF6BAgcEAM#v=onepage&amp;q=Behavioral%20Ecology%20bird%20mario%20diaz&amp;f=false\" class=\"rank-math-link\" target=\"_blank\">tambi\u00e9n ha constatado<\/a> que los p\u00e1jaros de ciudad <strong>dedican m\u00e1s tiempo a cantar para compensar el ruido ambiente<\/strong>, prestando menos atenci\u00f3n a otras tareas como la defensa ante posibles depredadores. <\/p>\n\n\n\n<p>Adem\u00e1s, los investigadores han podido comprobar c\u00f3mo estos p\u00e1jaros modifican su comportamiento en funci\u00f3n de los d\u00edas de la semana, concretamente entre los d\u00edas laborables y festivos.&nbsp; Como explica <strong>Mario D\u00edaz<\/strong>, investigador del CSIC, del Museo Nacional de Ciencias Naturales:<\/p>\n\n\n\n<blockquote class=\"wp-block-quote is-layout-flow wp-block-quote-is-layout-flow\">\n<p>Estas aves pueden emplear hasta el 60% del tiempo en cantar a niveles de 70 decibelios (\u2026) a partir de ese nivel empiezan a cantar menos, probablemente porque dedicar m\u00e1s tiempo al canto puede interferir en exceso con tareas tan importantes como estar atento a los depredadores o a otros verdecillos vecinos.<\/p>\n<\/blockquote>\n\n\n\n<figure class=\"wp-block-image size-large\"><img decoding=\"async\" src=\"https:\/\/www.escapadarural.com\/blog\/wp-content\/uploads\/bird-7337175_960_720.jpg\" alt=\"\" class=\"wp-image-53776\"\/><\/figure>\n\n\n\n<h2 class=\"wp-block-heading\" id=\"h-gorriones-y-pinzones\"><strong>Gorriones y pinzones<\/strong><\/h2>\n\n\n\n<p><strong>Una quinta parte de las especies de aves<\/strong> que existen en el mundo viven en ciudades. Eso quiere decir que, como en el caso de los gorriones, muchas de ellas est\u00e1n amenazadas no solo por el ruido, sino por insecticidas, contaminaci\u00f3n del aire, etc<strong>. <\/strong>&nbsp;<\/p>\n\n\n\n<p>Por esa raz\u00f3n, en los \u00faltimos cuarenta a\u00f1os, los gorriones apenas se pueden encontrar ya en las grandes capitales europeas. En pa\u00edses como Espa\u00f1a, <a href=\"https:\/\/www.avesdebarrio.seo.org\/wp-content\/uploads\/2019\/03\/Informe_gorrion_AvesDeBarrio.pdf\" target=\"_blank\">las poblaciones han disminuido de forma dr\u00e1stica<\/a>.&nbsp;<\/p>\n\n\n\n<p>En el caso de los <strong>pinzones cebra<\/strong>, una especie de p\u00e1jaros cantores nativos de Australia, el ruido afecta a su salud y el crecimiento de sus cr\u00edas. Concretamente, los investigadores del Instituto Max Planck de Ornitolog\u00eda en Seewiesen descubrieron que los polluelos que nacen en este entorno son m\u00e1s peque\u00f1os. El ruido afecta sus niveles de glucocorticoides en sangre.<\/p>\n\n\n\n<p>Christopher Templeton, profesor asistente en la Universidad del Pac\u00edfico, en Oreg\u00f3n, ha ido m\u00e1s all\u00e1 al <strong>determinar el impacto del ruido del tr\u00e1fico en el rendimiento cognitivo de pinzones cebra<\/strong> adultos. <\/p>\n\n\n\n<p>Para ello, observ\u00f3 c\u00f3mo los animales realizaban tareas de b\u00fasqueda de alimento con o sin tr\u00e1fico, en un entorno de laboratorio, desempe\u00f1ando la tarea mucho peor en el caso de entornos con tr\u00e1fico.<\/p>\n\n\n\n<figure class=\"wp-block-image size-large\"><img decoding=\"async\" src=\"https:\/\/www.escapadarural.com\/blog\/wp-content\/uploads\/1024px-Paxaro_GDFL26.jpg\" alt=\"\" class=\"wp-image-53777\"\/><figcaption class=\"wp-element-caption\">Pinz\u00f3n cebra.<\/figcaption><\/figure>\n\n\n\n<p>En suma, pudiera parecernos poco relevante que nuestros ruidos en el ambiente afecten a las aves. Pero esto no es cierto por dos motivos. <\/p>\n\n\n\n<p>El primero es que necesitamos que las aves est\u00e9n saludables para que cumplan su funci\u00f3n en el complejo ecosistema en el que vivimos. <\/p>\n\n\n\n<p>La segunda raz\u00f3n es incluso m\u00e1s pr\u00e1ctica, habida cuenta de que los sonidos de la naturaleza tienen la propiedad de infundir tranquilidad y sosiego en el ser humano, impactando positivamente en la salud. <\/p>\n\n\n\n<p>Los dos sonidos naturales que presentan con m\u00e1s intensidad estas propiedades son, precisamente, los sonidos del agua y los cantos de los p\u00e1jaros.&nbsp;<\/p>\n\n\n\n<p>En un estudio publicado en la revista <em>Proceedings of the National Academy of Sciences of the United States of America,<\/em> se detalla as\u00ed c\u00f3mo los sonidos naturales como el agua que fluye y el canto de los p\u00e1jaros pueden inducir efectos positivos para la salud. <\/p>\n\n\n\n<p>El equipo de investigaci\u00f3n estudi\u00f3 la distribuci\u00f3n de los sonidos naturales junto con el ruido de las actividades humanas en 221 sitios en 68 <a href=\"https:\/\/www.escapadarural.com\/blog\/los-16-parques-nacionales-de-espana\/\" class=\"rank-math-link\">parques nacionales<\/a>. Los efectos para la salud fueron:&nbsp;<\/p>\n\n\n\n<ul class=\"wp-block-list\">\n<li>Disminuci\u00f3n del dolor<\/li>\n\n\n\n<li>Estado de \u00e1nimo mejorado<\/li>\n\n\n\n<li>Menos estr\u00e9s<\/li>\n\n\n\n<li>Rendimiento cognitivo mejorado.<\/li>\n<\/ul>\n\n\n\n<p>De nosotros depende que esos sonidos de p\u00e1jaros cantando puedan alterarse o incluso desaparecer si no cuidamos nuestra contaminaci\u00f3n ac\u00fastica.<\/p>\n\n\n\n<div class=\"wp-block-buttons is-layout-flex wp-block-buttons-is-layout-flex\">\n<div class=\"wp-block-button\"><a class=\"wp-block-button__link wp-element-button\" href=\"https:\/\/www.escapadarural.com\/blog\/categoria\/ciencia\/\">M\u00e1s art\u00edculos de Naturaleza y Ciencia<\/a><\/div>\n<\/div>\n","protected":false},"excerpt":{"rendered":"<p>Los p\u00e1jaros de ciudad dedican m\u00e1s tiempo a cantar para compensar el ruido ambiente, prestando menos atenci\u00f3n a otras tareas como la defensa ante posibles depredadores. <\/p>\n","protected":false},"author":120,"featured_media":99675,"comment_status":"open","ping_status":"open","sticky":false,"template":"","format":"standard","meta":{"_acf_changed":false,"om_disable_all_campaigns":false,"footnotes":""},"categories":[279],"tags":[700,2386,4450,4451,4452,4453],"class_list":["post-53772","post","type-post","status-publish","format-standard","has-post-thumbnail","hentry","category-ciencia","tag-aves","tag-ciencia","tag-contaminacion-acustica","tag-naturaleza-en-espana","tag-naturaleza-y-ciencia","tag-ruido"],"acf":[],"featured_image_src":"https:\/\/www.escapadarural.com\/blog\/wp-content\/uploads\/2024\/10\/bird-9950_960_720-2.webp","author_info":{"display_name":"Sergio Parra","author_link":"https:\/\/www.escapadarural.com\/blog\/autor\/sergio\/"},"yoast_head":"<!-- This site is optimized with the Yoast SEO plugin v27.5 - https:\/\/yoast.com\/product\/yoast-seo-wordpress\/ -->\n<title>As\u00ed influye el ruido humano en el canto de las aves (que a su vez afecta a nuestro bienestar) - EscapadaRural<\/title>\n<meta name=\"robots\" content=\"index, follow, max-snippet:-1, max-image-preview:large, max-video-preview:-1\" \/>\n<link rel=\"canonical\" href=\"https:\/\/www.escapadarural.com\/blog\/canto-de-las-aves-de-ciudad\/\" \/>\n<meta property=\"og:locale\" content=\"es_ES\" \/>\n<meta property=\"og:type\" content=\"article\" \/>\n<meta property=\"og:title\" content=\"As\u00ed influye el ruido humano en el canto de las aves (que a su vez afecta a nuestro bienestar) - EscapadaRural\" \/>\n<meta property=\"og:description\" content=\"Los p\u00e1jaros de ciudad dedican m\u00e1s tiempo a cantar para compensar el ruido ambiente, prestando menos atenci\u00f3n a otras tareas como la defensa ante posibles depredadores.\" \/>\n<meta property=\"og:url\" content=\"https:\/\/www.escapadarural.com\/blog\/canto-de-las-aves-de-ciudad\/\" \/>\n<meta property=\"og:site_name\" content=\"Magazine de viajes de EscapadaRural\" \/>\n<meta property=\"article:publisher\" content=\"https:\/\/www.facebook.com\/escapadarural\" \/>\n<meta property=\"article:published_time\" content=\"2022-08-22T09:04:53+00:00\" \/>\n<meta property=\"article:modified_time\" content=\"2025-08-04T07:59:44+00:00\" \/>\n<meta property=\"og:image\" content=\"https:\/\/www.escapadarural.com\/blog\/wp-content\/uploads\/2024\/10\/bird-9950_960_720-2.webp?v=1754294385\" \/>\n\t<meta property=\"og:image:width\" content=\"960\" \/>\n\t<meta property=\"og:image:height\" content=\"600\" \/>\n\t<meta property=\"og:image:type\" content=\"image\/webp\" \/>\n<meta name=\"author\" content=\"Sergio Parra\" \/>\n<meta name=\"twitter:card\" content=\"summary_large_image\" \/>\n<meta name=\"twitter:label1\" content=\"Escrito por\" \/>\n\t<meta name=\"twitter:data1\" content=\"Sergio Parra\" \/>\n\t<meta name=\"twitter:label2\" content=\"Tiempo de lectura\" \/>\n\t<meta name=\"twitter:data2\" content=\"5 minutos\" \/>\n<script type=\"application\/ld+json\" class=\"yoast-schema-graph\">{\"@context\":\"https:\\\/\\\/schema.org\",\"@graph\":[{\"@type\":\"Article\",\"@id\":\"https:\\\/\\\/www.escapadarural.com\\\/blog\\\/canto-de-las-aves-de-ciudad\\\/#article\",\"isPartOf\":{\"@id\":\"https:\\\/\\\/www.escapadarural.com\\\/blog\\\/canto-de-las-aves-de-ciudad\\\/\"},\"author\":{\"name\":\"Sergio Parra\",\"@id\":\"https:\\\/\\\/www.escapadarural.com\\\/blog\\\/#\\\/schema\\\/person\\\/b19b2221b2fc03d3ab5ec82d81f7a678\"},\"headline\":\"As\u00ed influye el ruido humano en el canto de las aves (que a su vez afecta a nuestro bienestar)\",\"datePublished\":\"2022-08-22T09:04:53+00:00\",\"dateModified\":\"2025-08-04T07:59:44+00:00\",\"mainEntityOfPage\":{\"@id\":\"https:\\\/\\\/www.escapadarural.com\\\/blog\\\/canto-de-las-aves-de-ciudad\\\/\"},\"wordCount\":1055,\"commentCount\":0,\"publisher\":{\"@id\":\"https:\\\/\\\/www.escapadarural.com\\\/blog\\\/#organization\"},\"image\":{\"@id\":\"https:\\\/\\\/www.escapadarural.com\\\/blog\\\/canto-de-las-aves-de-ciudad\\\/#primaryimage\"},\"thumbnailUrl\":\"https:\\\/\\\/www.escapadarural.com\\\/blog\\\/wp-content\\\/uploads\\\/2024\\\/10\\\/bird-9950_960_720-2.webp\",\"keywords\":[\"Aves\",\"ciencia\",\"contaminaci\u00f3n ac\u00fastica\",\"naturaleza en Espa\u00f1a\",\"naturaleza y ciencia\",\"ruido\"],\"articleSection\":[\"Ciencia\"],\"inLanguage\":\"es\",\"potentialAction\":[{\"@type\":\"CommentAction\",\"name\":\"Comment\",\"target\":[\"https:\\\/\\\/www.escapadarural.com\\\/blog\\\/canto-de-las-aves-de-ciudad\\\/#respond\"]}]},{\"@type\":\"WebPage\",\"@id\":\"https:\\\/\\\/www.escapadarural.com\\\/blog\\\/canto-de-las-aves-de-ciudad\\\/\",\"url\":\"https:\\\/\\\/www.escapadarural.com\\\/blog\\\/canto-de-las-aves-de-ciudad\\\/\",\"name\":\"As\u00ed influye el ruido humano en el canto de las aves (que a su vez afecta a nuestro bienestar) - EscapadaRural\",\"isPartOf\":{\"@id\":\"https:\\\/\\\/www.escapadarural.com\\\/blog\\\/#website\"},\"primaryImageOfPage\":{\"@id\":\"https:\\\/\\\/www.escapadarural.com\\\/blog\\\/canto-de-las-aves-de-ciudad\\\/#primaryimage\"},\"image\":{\"@id\":\"https:\\\/\\\/www.escapadarural.com\\\/blog\\\/canto-de-las-aves-de-ciudad\\\/#primaryimage\"},\"thumbnailUrl\":\"https:\\\/\\\/www.escapadarural.com\\\/blog\\\/wp-content\\\/uploads\\\/2024\\\/10\\\/bird-9950_960_720-2.webp\",\"datePublished\":\"2022-08-22T09:04:53+00:00\",\"dateModified\":\"2025-08-04T07:59:44+00:00\",\"breadcrumb\":{\"@id\":\"https:\\\/\\\/www.escapadarural.com\\\/blog\\\/canto-de-las-aves-de-ciudad\\\/#breadcrumb\"},\"inLanguage\":\"es\",\"potentialAction\":[{\"@type\":\"ReadAction\",\"target\":[\"https:\\\/\\\/www.escapadarural.com\\\/blog\\\/canto-de-las-aves-de-ciudad\\\/\"]}]},{\"@type\":\"ImageObject\",\"inLanguage\":\"es\",\"@id\":\"https:\\\/\\\/www.escapadarural.com\\\/blog\\\/canto-de-las-aves-de-ciudad\\\/#primaryimage\",\"url\":\"https:\\\/\\\/www.escapadarural.com\\\/blog\\\/wp-content\\\/uploads\\\/2024\\\/10\\\/bird-9950_960_720-2.webp\",\"contentUrl\":\"https:\\\/\\\/www.escapadarural.com\\\/blog\\\/wp-content\\\/uploads\\\/2024\\\/10\\\/bird-9950_960_720-2.webp\",\"width\":960,\"height\":600,\"caption\":\"Un peque\u00f1o gorri\u00f3n marr\u00f3n y blanco se posa en la rama de un \u00e1rbol con hojas rojas anaranjadas de fondo, sobre un fondo natural al aire libre suavemente difuminado.\"},{\"@type\":\"BreadcrumbList\",\"@id\":\"https:\\\/\\\/www.escapadarural.com\\\/blog\\\/canto-de-las-aves-de-ciudad\\\/#breadcrumb\",\"itemListElement\":[{\"@type\":\"ListItem\",\"position\":1,\"name\":\"Inicio\",\"item\":\"https:\\\/\\\/www.escapadarural.com\\\/blog\\\/\"},{\"@type\":\"ListItem\",\"position\":2,\"name\":\"Ciencia\",\"item\":\"https:\\\/\\\/www.escapadarural.com\\\/blog\\\/categoria\\\/ciencia\\\/\"},{\"@type\":\"ListItem\",\"position\":3,\"name\":\"As\u00ed influye el ruido humano en el canto de las aves (que a su vez afecta a nuestro bienestar)\"}]},{\"@type\":\"WebSite\",\"@id\":\"https:\\\/\\\/www.escapadarural.com\\\/blog\\\/#website\",\"url\":\"https:\\\/\\\/www.escapadarural.com\\\/blog\\\/\",\"name\":\"Blog de viajes | turismo rural, alojamientos e inspiraci\u00f3n\",\"description\":\"Alojamientos rurales e inspiraci\u00f3n para tus escapadas\",\"publisher\":{\"@id\":\"https:\\\/\\\/www.escapadarural.com\\\/blog\\\/#organization\"},\"alternateName\":\"Magazine de viajes de EscapadaRural\",\"potentialAction\":[{\"@type\":\"SearchAction\",\"target\":{\"@type\":\"EntryPoint\",\"urlTemplate\":\"https:\\\/\\\/www.escapadarural.com\\\/blog\\\/?s={search_term_string}\"},\"query-input\":{\"@type\":\"PropertyValueSpecification\",\"valueRequired\":true,\"valueName\":\"search_term_string\"}}],\"inLanguage\":\"es\"},{\"@type\":\"Organization\",\"@id\":\"https:\\\/\\\/www.escapadarural.com\\\/blog\\\/#organization\",\"name\":\"EscapadaRural\",\"url\":\"https:\\\/\\\/www.escapadarural.com\\\/blog\\\/\",\"logo\":{\"@type\":\"ImageObject\",\"inLanguage\":\"es\",\"@id\":\"https:\\\/\\\/www.escapadarural.com\\\/blog\\\/#\\\/schema\\\/logo\\\/image\\\/\",\"url\":\"https:\\\/\\\/www.escapadarural.com\\\/blog\\\/wp-content\\\/uploads\\\/2024\\\/10\\\/cropped-cropped-escapada-rural-icon-mag-3.png\",\"contentUrl\":\"https:\\\/\\\/www.escapadarural.com\\\/blog\\\/wp-content\\\/uploads\\\/2024\\\/10\\\/cropped-cropped-escapada-rural-icon-mag-3.png\",\"width\":512,\"height\":512,\"caption\":\"EscapadaRural\"},\"image\":{\"@id\":\"https:\\\/\\\/www.escapadarural.com\\\/blog\\\/#\\\/schema\\\/logo\\\/image\\\/\"},\"sameAs\":[\"https:\\\/\\\/www.facebook.com\\\/escapadarural\",\"https:\\\/\\\/www.instagram.com\\\/escapadarural\\\/\",\"https:\\\/\\\/www.youtube.com\\\/@escapadaruralcom\"]},{\"@type\":\"Person\",\"@id\":\"https:\\\/\\\/www.escapadarural.com\\\/blog\\\/#\\\/schema\\\/person\\\/b19b2221b2fc03d3ab5ec82d81f7a678\",\"name\":\"Sergio Parra\",\"image\":{\"@type\":\"ImageObject\",\"inLanguage\":\"es\",\"@id\":\"https:\\\/\\\/www.escapadarural.com\\\/blog\\\/wp-content\\\/uploads\\\/2025\\\/02\\\/cropped-sergio_parra.webp\",\"url\":\"https:\\\/\\\/www.escapadarural.com\\\/blog\\\/wp-content\\\/uploads\\\/2025\\\/02\\\/cropped-sergio_parra.webp\",\"contentUrl\":\"https:\\\/\\\/www.escapadarural.com\\\/blog\\\/wp-content\\\/uploads\\\/2025\\\/02\\\/cropped-sergio_parra.webp\",\"caption\":\"Sergio Parra\"},\"description\":\"Juntaletras, divulgador y alfanum\u00e9rico vocacional. Siempre a la caza de historias que iluminen el camino y de ense\u00f1anzas que permitan capturar lo que te salga al paso. Escribo en Yorokobu, Jot Down y Muy Interesante, y soy editor de Xataka Ciencia y Diario del Viajero. Cuando necesito recogimiento, escribo libros. Cuando me siento extrovertido, salgo en el canal de YouTube Optirrealismo o el podcast Xanad\u00fa: Hearst &amp; Kane. Cuando busco perspectiva, me marcho lejos en bicicleta.\",\"sameAs\":[\"https:\\\/\\\/about.me\\\/sergioparra\",\"https:\\\/\\\/www.instagram.com\\\/melvinud\\\/\"],\"url\":\"https:\\\/\\\/www.escapadarural.com\\\/blog\\\/autor\\\/sergio\\\/\"}]}<\/script>\n<!-- \/ Yoast SEO plugin. -->","yoast_head_json":{"title":"As\u00ed influye el ruido humano en el canto de las aves (que a su vez afecta a nuestro bienestar) - EscapadaRural","robots":{"index":"index","follow":"follow","max-snippet":"max-snippet:-1","max-image-preview":"max-image-preview:large","max-video-preview":"max-video-preview:-1"},"canonical":"https:\/\/www.escapadarural.com\/blog\/canto-de-las-aves-de-ciudad\/","og_locale":"es_ES","og_type":"article","og_title":"As\u00ed influye el ruido humano en el canto de las aves (que a su vez afecta a nuestro bienestar) - EscapadaRural","og_description":"Los p\u00e1jaros de ciudad dedican m\u00e1s tiempo a cantar para compensar el ruido ambiente, prestando menos atenci\u00f3n a otras tareas como la defensa ante posibles depredadores.","og_url":"https:\/\/www.escapadarural.com\/blog\/canto-de-las-aves-de-ciudad\/","og_site_name":"Magazine de viajes de EscapadaRural","article_publisher":"https:\/\/www.facebook.com\/escapadarural","article_published_time":"2022-08-22T09:04:53+00:00","article_modified_time":"2025-08-04T07:59:44+00:00","og_image":[{"width":960,"height":600,"url":"https:\/\/www.escapadarural.com\/blog\/wp-content\/uploads\/2024\/10\/bird-9950_960_720-2.webp?v=1754294385","type":"image\/webp"}],"author":"Sergio Parra","twitter_card":"summary_large_image","twitter_misc":{"Escrito por":"Sergio Parra","Tiempo de lectura":"5 minutos"},"schema":{"@context":"https:\/\/schema.org","@graph":[{"@type":"Article","@id":"https:\/\/www.escapadarural.com\/blog\/canto-de-las-aves-de-ciudad\/#article","isPartOf":{"@id":"https:\/\/www.escapadarural.com\/blog\/canto-de-las-aves-de-ciudad\/"},"author":{"name":"Sergio Parra","@id":"https:\/\/www.escapadarural.com\/blog\/#\/schema\/person\/b19b2221b2fc03d3ab5ec82d81f7a678"},"headline":"As\u00ed influye el ruido humano en el canto de las aves (que a su vez afecta a nuestro bienestar)","datePublished":"2022-08-22T09:04:53+00:00","dateModified":"2025-08-04T07:59:44+00:00","mainEntityOfPage":{"@id":"https:\/\/www.escapadarural.com\/blog\/canto-de-las-aves-de-ciudad\/"},"wordCount":1055,"commentCount":0,"publisher":{"@id":"https:\/\/www.escapadarural.com\/blog\/#organization"},"image":{"@id":"https:\/\/www.escapadarural.com\/blog\/canto-de-las-aves-de-ciudad\/#primaryimage"},"thumbnailUrl":"https:\/\/www.escapadarural.com\/blog\/wp-content\/uploads\/2024\/10\/bird-9950_960_720-2.webp","keywords":["Aves","ciencia","contaminaci\u00f3n ac\u00fastica","naturaleza en Espa\u00f1a","naturaleza y ciencia","ruido"],"articleSection":["Ciencia"],"inLanguage":"es","potentialAction":[{"@type":"CommentAction","name":"Comment","target":["https:\/\/www.escapadarural.com\/blog\/canto-de-las-aves-de-ciudad\/#respond"]}]},{"@type":"WebPage","@id":"https:\/\/www.escapadarural.com\/blog\/canto-de-las-aves-de-ciudad\/","url":"https:\/\/www.escapadarural.com\/blog\/canto-de-las-aves-de-ciudad\/","name":"As\u00ed influye el ruido humano en el canto de las aves (que a su vez afecta a nuestro bienestar) - EscapadaRural","isPartOf":{"@id":"https:\/\/www.escapadarural.com\/blog\/#website"},"primaryImageOfPage":{"@id":"https:\/\/www.escapadarural.com\/blog\/canto-de-las-aves-de-ciudad\/#primaryimage"},"image":{"@id":"https:\/\/www.escapadarural.com\/blog\/canto-de-las-aves-de-ciudad\/#primaryimage"},"thumbnailUrl":"https:\/\/www.escapadarural.com\/blog\/wp-content\/uploads\/2024\/10\/bird-9950_960_720-2.webp","datePublished":"2022-08-22T09:04:53+00:00","dateModified":"2025-08-04T07:59:44+00:00","breadcrumb":{"@id":"https:\/\/www.escapadarural.com\/blog\/canto-de-las-aves-de-ciudad\/#breadcrumb"},"inLanguage":"es","potentialAction":[{"@type":"ReadAction","target":["https:\/\/www.escapadarural.com\/blog\/canto-de-las-aves-de-ciudad\/"]}]},{"@type":"ImageObject","inLanguage":"es","@id":"https:\/\/www.escapadarural.com\/blog\/canto-de-las-aves-de-ciudad\/#primaryimage","url":"https:\/\/www.escapadarural.com\/blog\/wp-content\/uploads\/2024\/10\/bird-9950_960_720-2.webp","contentUrl":"https:\/\/www.escapadarural.com\/blog\/wp-content\/uploads\/2024\/10\/bird-9950_960_720-2.webp","width":960,"height":600,"caption":"Un peque\u00f1o gorri\u00f3n marr\u00f3n y blanco se posa en la rama de un \u00e1rbol con hojas rojas anaranjadas de fondo, sobre un fondo natural al aire libre suavemente difuminado."},{"@type":"BreadcrumbList","@id":"https:\/\/www.escapadarural.com\/blog\/canto-de-las-aves-de-ciudad\/#breadcrumb","itemListElement":[{"@type":"ListItem","position":1,"name":"Inicio","item":"https:\/\/www.escapadarural.com\/blog\/"},{"@type":"ListItem","position":2,"name":"Ciencia","item":"https:\/\/www.escapadarural.com\/blog\/categoria\/ciencia\/"},{"@type":"ListItem","position":3,"name":"As\u00ed influye el ruido humano en el canto de las aves (que a su vez afecta a nuestro bienestar)"}]},{"@type":"WebSite","@id":"https:\/\/www.escapadarural.com\/blog\/#website","url":"https:\/\/www.escapadarural.com\/blog\/","name":"Blog de viajes | turismo rural, alojamientos e inspiraci\u00f3n","description":"Alojamientos rurales e inspiraci\u00f3n para tus escapadas","publisher":{"@id":"https:\/\/www.escapadarural.com\/blog\/#organization"},"alternateName":"Magazine de viajes de EscapadaRural","potentialAction":[{"@type":"SearchAction","target":{"@type":"EntryPoint","urlTemplate":"https:\/\/www.escapadarural.com\/blog\/?s={search_term_string}"},"query-input":{"@type":"PropertyValueSpecification","valueRequired":true,"valueName":"search_term_string"}}],"inLanguage":"es"},{"@type":"Organization","@id":"https:\/\/www.escapadarural.com\/blog\/#organization","name":"EscapadaRural","url":"https:\/\/www.escapadarural.com\/blog\/","logo":{"@type":"ImageObject","inLanguage":"es","@id":"https:\/\/www.escapadarural.com\/blog\/#\/schema\/logo\/image\/","url":"https:\/\/www.escapadarural.com\/blog\/wp-content\/uploads\/2024\/10\/cropped-cropped-escapada-rural-icon-mag-3.png","contentUrl":"https:\/\/www.escapadarural.com\/blog\/wp-content\/uploads\/2024\/10\/cropped-cropped-escapada-rural-icon-mag-3.png","width":512,"height":512,"caption":"EscapadaRural"},"image":{"@id":"https:\/\/www.escapadarural.com\/blog\/#\/schema\/logo\/image\/"},"sameAs":["https:\/\/www.facebook.com\/escapadarural","https:\/\/www.instagram.com\/escapadarural\/","https:\/\/www.youtube.com\/@escapadaruralcom"]},{"@type":"Person","@id":"https:\/\/www.escapadarural.com\/blog\/#\/schema\/person\/b19b2221b2fc03d3ab5ec82d81f7a678","name":"Sergio Parra","image":{"@type":"ImageObject","inLanguage":"es","@id":"https:\/\/www.escapadarural.com\/blog\/wp-content\/uploads\/2025\/02\/cropped-sergio_parra.webp","url":"https:\/\/www.escapadarural.com\/blog\/wp-content\/uploads\/2025\/02\/cropped-sergio_parra.webp","contentUrl":"https:\/\/www.escapadarural.com\/blog\/wp-content\/uploads\/2025\/02\/cropped-sergio_parra.webp","caption":"Sergio Parra"},"description":"Juntaletras, divulgador y alfanum\u00e9rico vocacional. Siempre a la caza de historias que iluminen el camino y de ense\u00f1anzas que permitan capturar lo que te salga al paso. Escribo en Yorokobu, Jot Down y Muy Interesante, y soy editor de Xataka Ciencia y Diario del Viajero. Cuando necesito recogimiento, escribo libros. Cuando me siento extrovertido, salgo en el canal de YouTube Optirrealismo o el podcast Xanad\u00fa: Hearst &amp; Kane. Cuando busco perspectiva, me marcho lejos en bicicleta.","sameAs":["https:\/\/about.me\/sergioparra","https:\/\/www.instagram.com\/melvinud\/"],"url":"https:\/\/www.escapadarural.com\/blog\/autor\/sergio\/"}]}},"_links":{"self":[{"href":"https:\/\/www.escapadarural.com\/blog\/wp-json\/wp\/v2\/posts\/53772","targetHints":{"allow":["GET"]}}],"collection":[{"href":"https:\/\/www.escapadarural.com\/blog\/wp-json\/wp\/v2\/posts"}],"about":[{"href":"https:\/\/www.escapadarural.com\/blog\/wp-json\/wp\/v2\/types\/post"}],"author":[{"embeddable":true,"href":"https:\/\/www.escapadarural.com\/blog\/wp-json\/wp\/v2\/users\/120"}],"replies":[{"embeddable":true,"href":"https:\/\/www.escapadarural.com\/blog\/wp-json\/wp\/v2\/comments?post=53772"}],"version-history":[{"count":0,"href":"https:\/\/www.escapadarural.com\/blog\/wp-json\/wp\/v2\/posts\/53772\/revisions"}],"wp:featuredmedia":[{"embeddable":true,"href":"https:\/\/www.escapadarural.com\/blog\/wp-json\/wp\/v2\/media\/99675"}],"wp:attachment":[{"href":"https:\/\/www.escapadarural.com\/blog\/wp-json\/wp\/v2\/media?parent=53772"}],"wp:term":[{"taxonomy":"category","embeddable":true,"href":"https:\/\/www.escapadarural.com\/blog\/wp-json\/wp\/v2\/categories?post=53772"},{"taxonomy":"post_tag","embeddable":true,"href":"https:\/\/www.escapadarural.com\/blog\/wp-json\/wp\/v2\/tags?post=53772"}],"curies":[{"name":"wp","href":"https:\/\/api.w.org\/{rel}","templated":true}]}}