{"id":5386,"date":"2015-07-02T09:58:29","date_gmt":"2015-07-02T09:58:29","guid":{"rendered":"http:\/\/15.188.81.248\/2015\/07\/02\/razones-por-las-que-amas-la-montana\/"},"modified":"2025-07-25T12:16:38","modified_gmt":"2025-07-25T10:16:38","slug":"razones-por-las-que-amas-la-montana","status":"publish","type":"post","link":"https:\/\/www.escapadarural.com\/blog\/razones-por-las-que-amas-la-montana\/","title":{"rendered":"10 razones por las que amas la monta\u00f1a"},"content":{"rendered":"\n<p><br>\u00a1La monta\u00f1a te llama! Quiere hablarte de los mares de nubes en el horizonte, de la brisa fresca, del despertar con el canto de los p\u00e1jaros, de la tensi\u00f3n de tus m\u00fasculos a cada paso, del tiempo que es solo tuyo&#8230;<\/p>\n\n\n\n<p>Ya lo sientes, <strong>\u00bfacudir\u00e1s a su llamada?<\/strong><\/p>\n\n\n\n<figure class=\"wp-block-image size-large\"><img decoding=\"async\" src=\"https:\/\/www.escapadarural.com\/blog\/wp-content\/uploads\/2015\/07\/www.escapadarural.com1_-1.png\" alt=\"Frases viajeras\" class=\"wp-image-34456\"\/><\/figure>\n\n\n\n<figure class=\"wp-block-image size-large\"><img decoding=\"async\" src=\"https:\/\/www.escapadarural.com\/blog\/wp-content\/uploads\/2015\/07\/el-horizonte1-1.png\" alt=\"Frases viajeras\" class=\"wp-image-34455\"\/><\/figure>\n\n\n\n<figure class=\"wp-block-image size-large\"><img decoding=\"async\" src=\"https:\/\/www.escapadarural.com\/blog\/wp-content\/uploads\/2015\/07\/20-1.png\" alt=\"Frases viajeras\" class=\"wp-image-34454\"\/><\/figure>\n\n\n\n<figure class=\"wp-block-image size-large\"><img decoding=\"async\" src=\"https:\/\/www.escapadarural.com\/blog\/wp-content\/uploads\/2015\/07\/day-four-of-the-trip-to1-1.png\" alt=\"Frases viajeras\" class=\"wp-image-34452\"\/><\/figure>\n\n\n\n<figure class=\"wp-block-image size-large\"><img decoding=\"async\" src=\"https:\/\/www.escapadarural.com\/blog\/wp-content\/uploads\/2015\/07\/RICH-COFFEE-BEANS1-1.png\" alt=\"Frases viajeras\" class=\"wp-image-34449\"\/><\/figure>\n\n\n\n<figure class=\"wp-block-image size-large\"><img decoding=\"async\" src=\"https:\/\/www.escapadarural.com\/blog\/wp-content\/uploads\/2015\/07\/SIENTA-BIEN-1.png\" alt=\"Frases viajeras\" class=\"wp-image-34448\"\/><\/figure>\n\n\n\n<figure class=\"wp-block-image size-large\"><img decoding=\"async\" src=\"https:\/\/www.escapadarural.com\/blog\/wp-content\/uploads\/2015\/07\/Todos-los-pensamientos2-1.png\" alt=\"Frases viajeras\" class=\"wp-image-34447\"\/><\/figure>\n","protected":false},"excerpt":{"rendered":"<p>Los mares de nubes en el horizonte,  la brisa fresca,  el despertar con el canto de los p\u00e1jaros, la tensi\u00f3n de tus m\u00fasculos a cada paso, el tiempo que es solo tuyo&#8230; \u00bfSientes la llamada de la monta\u00f1a?<\/p>\n","protected":false},"author":87,"featured_media":106392,"comment_status":"open","ping_status":"closed","sticky":false,"template":"","format":"standard","meta":{"_acf_changed":false,"om_disable_all_campaigns":false,"footnotes":""},"categories":[191],"tags":[1677,1678,215,728,1664,270],"class_list":["post-5386","post","type-post","status-publish","format-standard","has-post-thumbnail","hentry","category-destinos","tag-alpinismo","tag-frases","tag-listado","tag-montana","tag-motivacion","tag-turismo-activo"],"acf":[],"featured_image_src":"https:\/\/www.escapadarural.com\/blog\/wp-content\/uploads\/2024\/09\/El-Bruc-vistes-Montserrat-00215-585x390.jpg.webp","author_info":{"display_name":"Estel Soro G\u00f3mez","author_link":"https:\/\/www.escapadarural.com\/blog\/autor\/estelsoro\/"},"yoast_head":"<!-- This site is optimized with the Yoast SEO plugin v27.5 - https:\/\/yoast.com\/product\/yoast-seo-wordpress\/ -->\n<title>10 razones por las que amas la monta\u00f1a - EscapadaRural<\/title>\n<meta name=\"robots\" content=\"index, follow, max-snippet:-1, max-image-preview:large, max-video-preview:-1\" \/>\n<link rel=\"canonical\" href=\"https:\/\/www.escapadarural.com\/blog\/razones-por-las-que-amas-la-montana\/\" \/>\n<meta property=\"og:locale\" content=\"es_ES\" \/>\n<meta property=\"og:type\" content=\"article\" \/>\n<meta property=\"og:title\" content=\"10 razones por las que amas la monta\u00f1a - EscapadaRural\" \/>\n<meta property=\"og:description\" content=\"Los mares de nubes en el horizonte, la brisa fresca, el despertar con el canto de los p\u00e1jaros, la tensi\u00f3n de tus m\u00fasculos a cada paso, el tiempo que es solo tuyo... \u00bfSientes la llamada de la monta\u00f1a?\" \/>\n<meta property=\"og:url\" content=\"https:\/\/www.escapadarural.com\/blog\/razones-por-las-que-amas-la-montana\/\" \/>\n<meta property=\"og:site_name\" content=\"Magazine de viajes de EscapadaRural\" \/>\n<meta property=\"article:publisher\" content=\"https:\/\/www.facebook.com\/escapadarural\" \/>\n<meta property=\"article:published_time\" content=\"2015-07-02T09:58:29+00:00\" \/>\n<meta property=\"article:modified_time\" content=\"2025-07-25T10:16:38+00:00\" \/>\n<meta property=\"og:image\" content=\"https:\/\/www.escapadarural.com\/blog\/wp-content\/uploads\/2024\/09\/El-Bruc-vistes-Montserrat-00215-585x390.jpg.webp?v=1753438598\" \/>\n\t<meta property=\"og:image:width\" content=\"585\" \/>\n\t<meta property=\"og:image:height\" content=\"390\" \/>\n\t<meta property=\"og:image:type\" content=\"image\/webp\" \/>\n<meta name=\"author\" content=\"Estel Soro G\u00f3mez\" \/>\n<meta name=\"twitter:card\" content=\"summary_large_image\" \/>\n<meta name=\"twitter:label1\" content=\"Escrito por\" \/>\n\t<meta name=\"twitter:data1\" content=\"Estel Soro G\u00f3mez\" \/>\n<script type=\"application\/ld+json\" class=\"yoast-schema-graph\">{\"@context\":\"https:\\\/\\\/schema.org\",\"@graph\":[{\"@type\":\"Article\",\"@id\":\"https:\\\/\\\/www.escapadarural.com\\\/blog\\\/razones-por-las-que-amas-la-montana\\\/#article\",\"isPartOf\":{\"@id\":\"https:\\\/\\\/www.escapadarural.com\\\/blog\\\/razones-por-las-que-amas-la-montana\\\/\"},\"author\":{\"name\":\"Estel Soro G\u00f3mez\",\"@id\":\"https:\\\/\\\/www.escapadarural.com\\\/blog\\\/#\\\/schema\\\/person\\\/765b6ee00ac07d22895193c5f8ccb01f\"},\"headline\":\"10 razones por las que amas la monta\u00f1a\",\"datePublished\":\"2015-07-02T09:58:29+00:00\",\"dateModified\":\"2025-07-25T10:16:38+00:00\",\"mainEntityOfPage\":{\"@id\":\"https:\\\/\\\/www.escapadarural.com\\\/blog\\\/razones-por-las-que-amas-la-montana\\\/\"},\"wordCount\":61,\"commentCount\":0,\"publisher\":{\"@id\":\"https:\\\/\\\/www.escapadarural.com\\\/blog\\\/#organization\"},\"image\":{\"@id\":\"https:\\\/\\\/www.escapadarural.com\\\/blog\\\/razones-por-las-que-amas-la-montana\\\/#primaryimage\"},\"thumbnailUrl\":\"https:\\\/\\\/www.escapadarural.com\\\/blog\\\/wp-content\\\/uploads\\\/2024\\\/09\\\/El-Bruc-vistes-Montserrat-00215-585x390.jpg.webp\",\"keywords\":[\"alpinismo\",\"frases\",\"Listado\",\"monta\u00f1a\",\"Motivaci\u00f3n\",\"Turismo activo\"],\"articleSection\":[\"Destinos\"],\"inLanguage\":\"es\",\"potentialAction\":[{\"@type\":\"CommentAction\",\"name\":\"Comment\",\"target\":[\"https:\\\/\\\/www.escapadarural.com\\\/blog\\\/razones-por-las-que-amas-la-montana\\\/#respond\"]}]},{\"@type\":\"WebPage\",\"@id\":\"https:\\\/\\\/www.escapadarural.com\\\/blog\\\/razones-por-las-que-amas-la-montana\\\/\",\"url\":\"https:\\\/\\\/www.escapadarural.com\\\/blog\\\/razones-por-las-que-amas-la-montana\\\/\",\"name\":\"10 razones por las que amas la monta\u00f1a - EscapadaRural\",\"isPartOf\":{\"@id\":\"https:\\\/\\\/www.escapadarural.com\\\/blog\\\/#website\"},\"primaryImageOfPage\":{\"@id\":\"https:\\\/\\\/www.escapadarural.com\\\/blog\\\/razones-por-las-que-amas-la-montana\\\/#primaryimage\"},\"image\":{\"@id\":\"https:\\\/\\\/www.escapadarural.com\\\/blog\\\/razones-por-las-que-amas-la-montana\\\/#primaryimage\"},\"thumbnailUrl\":\"https:\\\/\\\/www.escapadarural.com\\\/blog\\\/wp-content\\\/uploads\\\/2024\\\/09\\\/El-Bruc-vistes-Montserrat-00215-585x390.jpg.webp\",\"datePublished\":\"2015-07-02T09:58:29+00:00\",\"dateModified\":\"2025-07-25T10:16:38+00:00\",\"breadcrumb\":{\"@id\":\"https:\\\/\\\/www.escapadarural.com\\\/blog\\\/razones-por-las-que-amas-la-montana\\\/#breadcrumb\"},\"inLanguage\":\"es\",\"potentialAction\":[{\"@type\":\"ReadAction\",\"target\":[\"https:\\\/\\\/www.escapadarural.com\\\/blog\\\/razones-por-las-que-amas-la-montana\\\/\"]}]},{\"@type\":\"ImageObject\",\"inLanguage\":\"es\",\"@id\":\"https:\\\/\\\/www.escapadarural.com\\\/blog\\\/razones-por-las-que-amas-la-montana\\\/#primaryimage\",\"url\":\"https:\\\/\\\/www.escapadarural.com\\\/blog\\\/wp-content\\\/uploads\\\/2024\\\/09\\\/El-Bruc-vistes-Montserrat-00215-585x390.jpg.webp\",\"contentUrl\":\"https:\\\/\\\/www.escapadarural.com\\\/blog\\\/wp-content\\\/uploads\\\/2024\\\/09\\\/El-Bruc-vistes-Montserrat-00215-585x390.jpg.webp\",\"width\":585,\"height\":390,\"caption\":\"Monta\u00f1a de Montserrat, en Barcelona.\"},{\"@type\":\"BreadcrumbList\",\"@id\":\"https:\\\/\\\/www.escapadarural.com\\\/blog\\\/razones-por-las-que-amas-la-montana\\\/#breadcrumb\",\"itemListElement\":[{\"@type\":\"ListItem\",\"position\":1,\"name\":\"Inicio\",\"item\":\"https:\\\/\\\/www.escapadarural.com\\\/blog\\\/\"},{\"@type\":\"ListItem\",\"position\":2,\"name\":\"Destinos\",\"item\":\"https:\\\/\\\/www.escapadarural.com\\\/blog\\\/categoria\\\/destinos\\\/\"},{\"@type\":\"ListItem\",\"position\":3,\"name\":\"10 razones por las que amas la monta\u00f1a\"}]},{\"@type\":\"WebSite\",\"@id\":\"https:\\\/\\\/www.escapadarural.com\\\/blog\\\/#website\",\"url\":\"https:\\\/\\\/www.escapadarural.com\\\/blog\\\/\",\"name\":\"Blog de viajes | turismo rural, alojamientos e inspiraci\u00f3n\",\"description\":\"Alojamientos rurales e inspiraci\u00f3n para tus escapadas\",\"publisher\":{\"@id\":\"https:\\\/\\\/www.escapadarural.com\\\/blog\\\/#organization\"},\"alternateName\":\"Magazine de viajes de EscapadaRural\",\"potentialAction\":[{\"@type\":\"SearchAction\",\"target\":{\"@type\":\"EntryPoint\",\"urlTemplate\":\"https:\\\/\\\/www.escapadarural.com\\\/blog\\\/?s={search_term_string}\"},\"query-input\":{\"@type\":\"PropertyValueSpecification\",\"valueRequired\":true,\"valueName\":\"search_term_string\"}}],\"inLanguage\":\"es\"},{\"@type\":\"Organization\",\"@id\":\"https:\\\/\\\/www.escapadarural.com\\\/blog\\\/#organization\",\"name\":\"EscapadaRural\",\"url\":\"https:\\\/\\\/www.escapadarural.com\\\/blog\\\/\",\"logo\":{\"@type\":\"ImageObject\",\"inLanguage\":\"es\",\"@id\":\"https:\\\/\\\/www.escapadarural.com\\\/blog\\\/#\\\/schema\\\/logo\\\/image\\\/\",\"url\":\"https:\\\/\\\/www.escapadarural.com\\\/blog\\\/wp-content\\\/uploads\\\/2024\\\/10\\\/cropped-cropped-escapada-rural-icon-mag-3.png\",\"contentUrl\":\"https:\\\/\\\/www.escapadarural.com\\\/blog\\\/wp-content\\\/uploads\\\/2024\\\/10\\\/cropped-cropped-escapada-rural-icon-mag-3.png\",\"width\":512,\"height\":512,\"caption\":\"EscapadaRural\"},\"image\":{\"@id\":\"https:\\\/\\\/www.escapadarural.com\\\/blog\\\/#\\\/schema\\\/logo\\\/image\\\/\"},\"sameAs\":[\"https:\\\/\\\/www.facebook.com\\\/escapadarural\",\"https:\\\/\\\/www.instagram.com\\\/escapadarural\\\/\",\"https:\\\/\\\/www.youtube.com\\\/@escapadaruralcom\"]},{\"@type\":\"Person\",\"@id\":\"https:\\\/\\\/www.escapadarural.com\\\/blog\\\/#\\\/schema\\\/person\\\/765b6ee00ac07d22895193c5f8ccb01f\",\"name\":\"Estel Soro G\u00f3mez\",\"image\":{\"@type\":\"ImageObject\",\"inLanguage\":\"es\",\"@id\":\"https:\\\/\\\/www.escapadarural.com\\\/blog\\\/wp-content\\\/uploads\\\/2025\\\/03\\\/cropped-estelinsta-e1453734083971-96x96.jpg\",\"url\":\"https:\\\/\\\/www.escapadarural.com\\\/blog\\\/wp-content\\\/uploads\\\/2025\\\/03\\\/cropped-estelinsta-e1453734083971-96x96.jpg\",\"contentUrl\":\"https:\\\/\\\/www.escapadarural.com\\\/blog\\\/wp-content\\\/uploads\\\/2025\\\/03\\\/cropped-estelinsta-e1453734083971-96x96.jpg\",\"caption\":\"Estel Soro G\u00f3mez\"},\"url\":\"https:\\\/\\\/www.escapadarural.com\\\/blog\\\/autor\\\/estelsoro\\\/\"}]}<\/script>\n<!-- \/ Yoast SEO plugin. -->","yoast_head_json":{"title":"10 razones por las que amas la monta\u00f1a - EscapadaRural","robots":{"index":"index","follow":"follow","max-snippet":"max-snippet:-1","max-image-preview":"max-image-preview:large","max-video-preview":"max-video-preview:-1"},"canonical":"https:\/\/www.escapadarural.com\/blog\/razones-por-las-que-amas-la-montana\/","og_locale":"es_ES","og_type":"article","og_title":"10 razones por las que amas la monta\u00f1a - EscapadaRural","og_description":"Los mares de nubes en el horizonte, la brisa fresca, el despertar con el canto de los p\u00e1jaros, la tensi\u00f3n de tus m\u00fasculos a cada paso, el tiempo que es solo tuyo... \u00bfSientes la llamada de la monta\u00f1a?","og_url":"https:\/\/www.escapadarural.com\/blog\/razones-por-las-que-amas-la-montana\/","og_site_name":"Magazine de viajes de EscapadaRural","article_publisher":"https:\/\/www.facebook.com\/escapadarural","article_published_time":"2015-07-02T09:58:29+00:00","article_modified_time":"2025-07-25T10:16:38+00:00","og_image":[{"width":585,"height":390,"url":"https:\/\/www.escapadarural.com\/blog\/wp-content\/uploads\/2024\/09\/El-Bruc-vistes-Montserrat-00215-585x390.jpg.webp?v=1753438598","type":"image\/webp"}],"author":"Estel Soro G\u00f3mez","twitter_card":"summary_large_image","twitter_misc":{"Escrito por":"Estel Soro G\u00f3mez"},"schema":{"@context":"https:\/\/schema.org","@graph":[{"@type":"Article","@id":"https:\/\/www.escapadarural.com\/blog\/razones-por-las-que-amas-la-montana\/#article","isPartOf":{"@id":"https:\/\/www.escapadarural.com\/blog\/razones-por-las-que-amas-la-montana\/"},"author":{"name":"Estel Soro G\u00f3mez","@id":"https:\/\/www.escapadarural.com\/blog\/#\/schema\/person\/765b6ee00ac07d22895193c5f8ccb01f"},"headline":"10 razones por las que amas la monta\u00f1a","datePublished":"2015-07-02T09:58:29+00:00","dateModified":"2025-07-25T10:16:38+00:00","mainEntityOfPage":{"@id":"https:\/\/www.escapadarural.com\/blog\/razones-por-las-que-amas-la-montana\/"},"wordCount":61,"commentCount":0,"publisher":{"@id":"https:\/\/www.escapadarural.com\/blog\/#organization"},"image":{"@id":"https:\/\/www.escapadarural.com\/blog\/razones-por-las-que-amas-la-montana\/#primaryimage"},"thumbnailUrl":"https:\/\/www.escapadarural.com\/blog\/wp-content\/uploads\/2024\/09\/El-Bruc-vistes-Montserrat-00215-585x390.jpg.webp","keywords":["alpinismo","frases","Listado","monta\u00f1a","Motivaci\u00f3n","Turismo activo"],"articleSection":["Destinos"],"inLanguage":"es","potentialAction":[{"@type":"CommentAction","name":"Comment","target":["https:\/\/www.escapadarural.com\/blog\/razones-por-las-que-amas-la-montana\/#respond"]}]},{"@type":"WebPage","@id":"https:\/\/www.escapadarural.com\/blog\/razones-por-las-que-amas-la-montana\/","url":"https:\/\/www.escapadarural.com\/blog\/razones-por-las-que-amas-la-montana\/","name":"10 razones por las que amas la monta\u00f1a - EscapadaRural","isPartOf":{"@id":"https:\/\/www.escapadarural.com\/blog\/#website"},"primaryImageOfPage":{"@id":"https:\/\/www.escapadarural.com\/blog\/razones-por-las-que-amas-la-montana\/#primaryimage"},"image":{"@id":"https:\/\/www.escapadarural.com\/blog\/razones-por-las-que-amas-la-montana\/#primaryimage"},"thumbnailUrl":"https:\/\/www.escapadarural.com\/blog\/wp-content\/uploads\/2024\/09\/El-Bruc-vistes-Montserrat-00215-585x390.jpg.webp","datePublished":"2015-07-02T09:58:29+00:00","dateModified":"2025-07-25T10:16:38+00:00","breadcrumb":{"@id":"https:\/\/www.escapadarural.com\/blog\/razones-por-las-que-amas-la-montana\/#breadcrumb"},"inLanguage":"es","potentialAction":[{"@type":"ReadAction","target":["https:\/\/www.escapadarural.com\/blog\/razones-por-las-que-amas-la-montana\/"]}]},{"@type":"ImageObject","inLanguage":"es","@id":"https:\/\/www.escapadarural.com\/blog\/razones-por-las-que-amas-la-montana\/#primaryimage","url":"https:\/\/www.escapadarural.com\/blog\/wp-content\/uploads\/2024\/09\/El-Bruc-vistes-Montserrat-00215-585x390.jpg.webp","contentUrl":"https:\/\/www.escapadarural.com\/blog\/wp-content\/uploads\/2024\/09\/El-Bruc-vistes-Montserrat-00215-585x390.jpg.webp","width":585,"height":390,"caption":"Monta\u00f1a de Montserrat, en Barcelona."},{"@type":"BreadcrumbList","@id":"https:\/\/www.escapadarural.com\/blog\/razones-por-las-que-amas-la-montana\/#breadcrumb","itemListElement":[{"@type":"ListItem","position":1,"name":"Inicio","item":"https:\/\/www.escapadarural.com\/blog\/"},{"@type":"ListItem","position":2,"name":"Destinos","item":"https:\/\/www.escapadarural.com\/blog\/categoria\/destinos\/"},{"@type":"ListItem","position":3,"name":"10 razones por las que amas la monta\u00f1a"}]},{"@type":"WebSite","@id":"https:\/\/www.escapadarural.com\/blog\/#website","url":"https:\/\/www.escapadarural.com\/blog\/","name":"Blog de viajes | turismo rural, alojamientos e inspiraci\u00f3n","description":"Alojamientos rurales e inspiraci\u00f3n para tus escapadas","publisher":{"@id":"https:\/\/www.escapadarural.com\/blog\/#organization"},"alternateName":"Magazine de viajes de EscapadaRural","potentialAction":[{"@type":"SearchAction","target":{"@type":"EntryPoint","urlTemplate":"https:\/\/www.escapadarural.com\/blog\/?s={search_term_string}"},"query-input":{"@type":"PropertyValueSpecification","valueRequired":true,"valueName":"search_term_string"}}],"inLanguage":"es"},{"@type":"Organization","@id":"https:\/\/www.escapadarural.com\/blog\/#organization","name":"EscapadaRural","url":"https:\/\/www.escapadarural.com\/blog\/","logo":{"@type":"ImageObject","inLanguage":"es","@id":"https:\/\/www.escapadarural.com\/blog\/#\/schema\/logo\/image\/","url":"https:\/\/www.escapadarural.com\/blog\/wp-content\/uploads\/2024\/10\/cropped-cropped-escapada-rural-icon-mag-3.png","contentUrl":"https:\/\/www.escapadarural.com\/blog\/wp-content\/uploads\/2024\/10\/cropped-cropped-escapada-rural-icon-mag-3.png","width":512,"height":512,"caption":"EscapadaRural"},"image":{"@id":"https:\/\/www.escapadarural.com\/blog\/#\/schema\/logo\/image\/"},"sameAs":["https:\/\/www.facebook.com\/escapadarural","https:\/\/www.instagram.com\/escapadarural\/","https:\/\/www.youtube.com\/@escapadaruralcom"]},{"@type":"Person","@id":"https:\/\/www.escapadarural.com\/blog\/#\/schema\/person\/765b6ee00ac07d22895193c5f8ccb01f","name":"Estel Soro G\u00f3mez","image":{"@type":"ImageObject","inLanguage":"es","@id":"https:\/\/www.escapadarural.com\/blog\/wp-content\/uploads\/2025\/03\/cropped-estelinsta-e1453734083971-96x96.jpg","url":"https:\/\/www.escapadarural.com\/blog\/wp-content\/uploads\/2025\/03\/cropped-estelinsta-e1453734083971-96x96.jpg","contentUrl":"https:\/\/www.escapadarural.com\/blog\/wp-content\/uploads\/2025\/03\/cropped-estelinsta-e1453734083971-96x96.jpg","caption":"Estel Soro G\u00f3mez"},"url":"https:\/\/www.escapadarural.com\/blog\/autor\/estelsoro\/"}]}},"_links":{"self":[{"href":"https:\/\/www.escapadarural.com\/blog\/wp-json\/wp\/v2\/posts\/5386","targetHints":{"allow":["GET"]}}],"collection":[{"href":"https:\/\/www.escapadarural.com\/blog\/wp-json\/wp\/v2\/posts"}],"about":[{"href":"https:\/\/www.escapadarural.com\/blog\/wp-json\/wp\/v2\/types\/post"}],"author":[{"embeddable":true,"href":"https:\/\/www.escapadarural.com\/blog\/wp-json\/wp\/v2\/users\/87"}],"replies":[{"embeddable":true,"href":"https:\/\/www.escapadarural.com\/blog\/wp-json\/wp\/v2\/comments?post=5386"}],"version-history":[{"count":0,"href":"https:\/\/www.escapadarural.com\/blog\/wp-json\/wp\/v2\/posts\/5386\/revisions"}],"wp:featuredmedia":[{"embeddable":true,"href":"https:\/\/www.escapadarural.com\/blog\/wp-json\/wp\/v2\/media\/106392"}],"wp:attachment":[{"href":"https:\/\/www.escapadarural.com\/blog\/wp-json\/wp\/v2\/media?parent=5386"}],"wp:term":[{"taxonomy":"category","embeddable":true,"href":"https:\/\/www.escapadarural.com\/blog\/wp-json\/wp\/v2\/categories?post=5386"},{"taxonomy":"post_tag","embeddable":true,"href":"https:\/\/www.escapadarural.com\/blog\/wp-json\/wp\/v2\/tags?post=5386"}],"curies":[{"name":"wp","href":"https:\/\/api.w.org\/{rel}","templated":true}]}}