{"id":5392,"date":"2015-06-29T10:23:24","date_gmt":"2015-06-29T10:23:24","guid":{"rendered":"http:\/\/15.188.81.248\/2015\/06\/29\/la-fiesta-de-los-raiers-de-la-pobla-de-segur\/"},"modified":"2025-08-06T10:55:58","modified_gmt":"2025-08-06T08:55:58","slug":"la-fiesta-de-los-raiers-de-la-pobla-de-segur","status":"publish","type":"post","link":"https:\/\/www.escapadarural.com\/blog\/la-fiesta-de-los-raiers-de-la-pobla-de-segur\/","title":{"rendered":"Cabalgando el r\u00edo sobre troncos de madera"},"content":{"rendered":"\n<figure class=\"wp-block-image size-large\"><a href=\"https:\/\/www.escapadarural.com\/blog\/wp-content\/uploads\/2015\/06\/3220309738_6da1987544_o-2.jpg\"><img decoding=\"async\" src=\"https:\/\/www.escapadarural.com\/blog\/wp-content\/uploads\/2015\/06\/3220309738_6da1987544_o-2.jpg\" alt=\"Raiers\" class=\"wp-image-37296\"\/><\/a><figcaption class=\"wp-element-caption\">Fuente: Juan Luis Naranjo\n\n<\/figcaption><\/figure>\n\n\n\n<p><br>La bajada de los <em>raiers<\/em> de la Pobla de Segur (Lleida) por el r\u00edo Noguera Pallaresa llega a la 37\u00aa edici\u00f3n. Se trata de una fiesta destinada a rememorar el antiguo oficio de <em>raier<\/em>, dedicado al transporte fluvial mediante unas embarcaciones hechas a mano atando troncos. En otros lugares de Espa\u00f1a este tipo de transporte se conoce como rayos, maderadas o nabatas.<\/p>\n\n\n\n<p>La fiesta se celebra los d\u00edas<strong> 3, 4 y 5 de Julio<\/strong> a cargo de la Asociaci\u00f3n de Madereros del Noguera Pallaresa.<\/p>\n\n\n\n<!--more-->\n\n\n\n<h2 class=\"wp-block-heading title-rute\">La Fiesta de los Raiers de la Pobla de Segur<\/h2>\n\n\n\n<figure class=\"wp-block-image size-large\"><a href=\"https:\/\/www.escapadarural.com\/blog\/wp-content\/uploads\/2015\/06\/3220308632_9edac4e753_o-2.jpg\"><img decoding=\"async\" src=\"https:\/\/www.escapadarural.com\/blog\/wp-content\/uploads\/2015\/06\/3220308632_9edac4e753_o-2.jpg\" alt=\"Raiers\" class=\"wp-image-37295\"\/><\/a><figcaption class=\"wp-element-caption\">Fuente: Juan Luis Naranjo\n\n<\/figcaption><\/figure>\n\n\n\n<p>La Fiesta de los Raiers de la <a aria-label=\" (opens in a new tab)\" href=\"https:\/\/www.escapadarural.com\/casas-rurales\/la-pobla-de-segur\" target=\"_blank\" rel=\"noreferrer noopener\" class=\"rank-math-link\">Pobla de Segur<\/a> se celebra desde 1979. Un acto que cada a\u00f1o moviliza a miles de espectadores y a un centenar de voluntarios.<\/p>\n\n\n\n<p>\nLa asociaci\u00f3n Cultural de los Raiers de la Noguera Pallaresa existe desde 1979, cuando un grupo de vecinos de la Pobla de Segur se involucraron en la recuperaci\u00f3n de la memoria hist\u00f3rica de la que eran receptores: el <strong>oficio de raier<\/strong> en el Pirineo catal\u00e1n.\n\n<\/p>\n\n\n\n<p>La fiesta comienza el viernes por la tarde con la tala de pinos que servir\u00e1n para construir los rais (barcas hechas con troncos). El primer d\u00eda de fiesta se ameniza con varios <strong>espect\u00e1culos, bailes populares<\/strong> y con un concierto nocturno de <em>Band The Rock<\/em> para cerrar el d\u00eda.<\/p>\n\n\n\n<p>El s\u00e1bado por la ma\u00f1ana se celebra la <strong>VIII Espardenyada<\/strong>, una cursa de recorrido circular que sale y llega a La Pobla de Segur, pasando por puntos m\u00edticos y de gran belleza como La Roca Foradada, la Ermita de Sant Miquel, el Salt del Llop y el Bosque y las Rocas de Queralt. A partir de las 10h tiene lugar la demostraci\u00f3n del <strong>montaje de los rais<\/strong>, siguiendo la antigua y tradicional t\u00e9cnica de los raiers pallareses. Tras atar los troncos fijan las remeras con las que gobernar\u00e1n el rayo y se cuelga el fato que guarda la ropa seca, la comida y la bota de vino.<\/p>\n\n\n\n<p>La tarde del s\u00e1bado sigue llena de actividades relacionadas con los raiers; conciertos, bailes, talleres y otras actividades musicales que terminan con una cena al aire libre y una gran velada con la <em>Orquestra Saturno<\/em>.<\/p>\n\n\n\n<p>El domingo por la ma\u00f1ana se inaugura la jornada con las <strong>puertas abiertas al Espai Raier<\/strong>, d\u00f3nde descubr\u00e9is un pasado de madera, de r\u00edos, de bosques y de secretos. A las 11.30h tiene lugar el acto central de la fiesta la partida de los raiers, que hacen un trayecto de unos seis kil\u00f3metros bajando por el r\u00edo Noguera Pallaresa animados por las gentes que llenan las orillas del r\u00edo. Su llegada a la Pobla de Segur provoca un estallido de m\u00fasica y de juerga que culmina con una <strong>comida popular a la orilla del r\u00edo<\/strong> y la actuaci\u00f3n de <em>The Tranquils Boys<\/em>.<\/p>\n\n\n\n<p>En el <a href=\"https:\/\/www.escapadarural.com\/casas-rurales\/sobrarbe\" target=\"_blank\" aria-label=\" (opens in a new tab)\" rel=\"noreferrer noopener\" class=\"rank-math-link\">Sobrarbe<\/a> (Arag\u00f3n) celebran una tradici\u00f3n similar, en la que los <a rel=\"noopener noreferrer\" href=\"\/blog\/nabateros-del-sobrarbe-cabalgando-el-rio-cinca\/\" target=\"_blank\" class=\"rank-math-link\">Nabateros del Sobarbe<\/a> bajan por el r\u00edo Cinca con unas barcas hechas a mano con troncos de madera, las nabatas. En mayo de 2015 se celebr\u00f3 el XXXI Descenso en Nabatas.<\/p>\n\n\n\n<p>Para conocer m\u00e1s a fondo qui\u00e9nes fueron los <strong>Raiers de la Noguera Pallaresa<\/strong> pod\u00e9is complementar la experiencia con una visita al <strong>Museo de los Raiers<\/strong>, situado en Pont de Claverol.<\/p>\n\n\n\n<p>Consulta aqu\u00ed el programa de la fiesta.<\/p>\n\n\n\n<figure class=\"wp-block-embed is-type-video is-provider-youtube wp-block-embed-youtube wp-embed-aspect-16-9 wp-has-aspect-ratio\"><div class=\"wp-block-embed__wrapper\">\nhttps:\/\/www.youtube.com\/watch?v=ehqWDE1zfrs&#038;feature=emb_logo\n<\/div><\/figure>\n","protected":false},"excerpt":{"rendered":"<p>La bajada de los raiers de la Pobla de Segur por el r\u00edo Noguera Pallaresa llega a la 37\u00aa edici\u00f3n.  Este a\u00f1o se celebra los d\u00edas 3, 4 y 5 de Julio a cargo de la Asociaci\u00f3n de Madereros del Noguera Pallaresa.<\/p>\n","protected":false},"author":87,"featured_media":203997,"comment_status":"open","ping_status":"closed","sticky":false,"template":"","format":"standard","meta":{"_acf_changed":false,"om_disable_all_campaigns":false,"footnotes":""},"categories":[231],"tags":[1599,260,1682,821,625,440,1683,1559,1684,1685,1686],"class_list":["post-5392","post","type-post","status-publish","format-standard","has-post-thumbnail","hentry","category-arte-y-cultura","tag-aguas-bravas","tag-articulo","tag-deportes-nauticos","tag-fiestas","tag-folclore-y-tradiciones","tag-historias-y-curiosidades","tag-oficios","tag-pallars-sobira","tag-pirineu-de-lleida","tag-pobla-de-segur","tag-raiers"],"acf":[],"featured_image_src":"https:\/\/www.escapadarural.com\/blog\/wp-content\/uploads\/2025\/07\/04_SaltodelPelgo_RioBurbia_Anxo15AdobeStock_1279474771_WP04.webp","author_info":{"display_name":"Estel Soro G\u00f3mez","author_link":"https:\/\/www.escapadarural.com\/blog\/autor\/estelsoro\/"},"yoast_head":"<!-- This site is optimized with the Yoast SEO plugin v27.5 - https:\/\/yoast.com\/product\/yoast-seo-wordpress\/ -->\n<title>Cabalgando el r\u00edo sobre troncos de madera - EscapadaRural<\/title>\n<meta name=\"robots\" content=\"index, follow, max-snippet:-1, max-image-preview:large, max-video-preview:-1\" \/>\n<link rel=\"canonical\" href=\"https:\/\/www.escapadarural.com\/blog\/la-fiesta-de-los-raiers-de-la-pobla-de-segur\/\" \/>\n<meta property=\"og:locale\" content=\"es_ES\" \/>\n<meta property=\"og:type\" content=\"article\" \/>\n<meta property=\"og:title\" content=\"Cabalgando el r\u00edo sobre troncos de madera - EscapadaRural\" \/>\n<meta property=\"og:description\" content=\"La bajada de los raiers de la Pobla de Segur por el r\u00edo Noguera Pallaresa llega a la 37\u00aa edici\u00f3n. Este a\u00f1o se celebra los d\u00edas 3, 4 y 5 de Julio a cargo de la Asociaci\u00f3n de Madereros del Noguera Pallaresa.\" \/>\n<meta property=\"og:url\" content=\"https:\/\/www.escapadarural.com\/blog\/la-fiesta-de-los-raiers-de-la-pobla-de-segur\/\" \/>\n<meta property=\"og:site_name\" content=\"Magazine de viajes de EscapadaRural\" \/>\n<meta property=\"article:publisher\" content=\"https:\/\/www.facebook.com\/escapadarural\" \/>\n<meta property=\"article:published_time\" content=\"2015-06-29T10:23:24+00:00\" \/>\n<meta property=\"article:modified_time\" content=\"2025-08-06T08:55:58+00:00\" \/>\n<meta property=\"og:image\" content=\"https:\/\/www.escapadarural.com\/blog\/wp-content\/uploads\/2025\/07\/04_SaltodelPelgo_RioBurbia_Anxo15AdobeStock_1279474771_WP04.webp?v=1754470559\" \/>\n\t<meta property=\"og:image:width\" content=\"1024\" \/>\n\t<meta property=\"og:image:height\" content=\"683\" \/>\n\t<meta property=\"og:image:type\" content=\"image\/webp\" \/>\n<meta name=\"author\" content=\"Estel Soro G\u00f3mez\" \/>\n<meta name=\"twitter:card\" content=\"summary_large_image\" \/>\n<meta name=\"twitter:label1\" content=\"Escrito por\" \/>\n\t<meta name=\"twitter:data1\" content=\"Estel Soro G\u00f3mez\" \/>\n\t<meta name=\"twitter:label2\" content=\"Tiempo de lectura\" \/>\n\t<meta name=\"twitter:data2\" content=\"3 minutos\" \/>\n<script type=\"application\/ld+json\" class=\"yoast-schema-graph\">{\"@context\":\"https:\\\/\\\/schema.org\",\"@graph\":[{\"@type\":\"Article\",\"@id\":\"https:\\\/\\\/www.escapadarural.com\\\/blog\\\/la-fiesta-de-los-raiers-de-la-pobla-de-segur\\\/#article\",\"isPartOf\":{\"@id\":\"https:\\\/\\\/www.escapadarural.com\\\/blog\\\/la-fiesta-de-los-raiers-de-la-pobla-de-segur\\\/\"},\"author\":{\"name\":\"Estel Soro G\u00f3mez\",\"@id\":\"https:\\\/\\\/www.escapadarural.com\\\/blog\\\/#\\\/schema\\\/person\\\/765b6ee00ac07d22895193c5f8ccb01f\"},\"headline\":\"Cabalgando el r\u00edo sobre troncos de madera\",\"datePublished\":\"2015-06-29T10:23:24+00:00\",\"dateModified\":\"2025-08-06T08:55:58+00:00\",\"mainEntityOfPage\":{\"@id\":\"https:\\\/\\\/www.escapadarural.com\\\/blog\\\/la-fiesta-de-los-raiers-de-la-pobla-de-segur\\\/\"},\"wordCount\":599,\"commentCount\":0,\"publisher\":{\"@id\":\"https:\\\/\\\/www.escapadarural.com\\\/blog\\\/#organization\"},\"image\":{\"@id\":\"https:\\\/\\\/www.escapadarural.com\\\/blog\\\/la-fiesta-de-los-raiers-de-la-pobla-de-segur\\\/#primaryimage\"},\"thumbnailUrl\":\"https:\\\/\\\/www.escapadarural.com\\\/blog\\\/wp-content\\\/uploads\\\/2025\\\/07\\\/04_SaltodelPelgo_RioBurbia_Anxo15AdobeStock_1279474771_WP04.webp\",\"keywords\":[\"aguas bravas\",\"art\u00edculo\",\"deportes n\u00e1uticos\",\"Fiestas\",\"Folclore y tradiciones\",\"Historias y Curiosidades\",\"oficios\",\"Pallars Sobir\u00e0\",\"Pirineu de Lleida\",\"Pobla de Segur\",\"Raiers\"],\"articleSection\":[\"Arte y Cultura\"],\"inLanguage\":\"es\",\"potentialAction\":[{\"@type\":\"CommentAction\",\"name\":\"Comment\",\"target\":[\"https:\\\/\\\/www.escapadarural.com\\\/blog\\\/la-fiesta-de-los-raiers-de-la-pobla-de-segur\\\/#respond\"]}]},{\"@type\":\"WebPage\",\"@id\":\"https:\\\/\\\/www.escapadarural.com\\\/blog\\\/la-fiesta-de-los-raiers-de-la-pobla-de-segur\\\/\",\"url\":\"https:\\\/\\\/www.escapadarural.com\\\/blog\\\/la-fiesta-de-los-raiers-de-la-pobla-de-segur\\\/\",\"name\":\"Cabalgando el r\u00edo sobre troncos de madera - EscapadaRural\",\"isPartOf\":{\"@id\":\"https:\\\/\\\/www.escapadarural.com\\\/blog\\\/#website\"},\"primaryImageOfPage\":{\"@id\":\"https:\\\/\\\/www.escapadarural.com\\\/blog\\\/la-fiesta-de-los-raiers-de-la-pobla-de-segur\\\/#primaryimage\"},\"image\":{\"@id\":\"https:\\\/\\\/www.escapadarural.com\\\/blog\\\/la-fiesta-de-los-raiers-de-la-pobla-de-segur\\\/#primaryimage\"},\"thumbnailUrl\":\"https:\\\/\\\/www.escapadarural.com\\\/blog\\\/wp-content\\\/uploads\\\/2025\\\/07\\\/04_SaltodelPelgo_RioBurbia_Anxo15AdobeStock_1279474771_WP04.webp\",\"datePublished\":\"2015-06-29T10:23:24+00:00\",\"dateModified\":\"2025-08-06T08:55:58+00:00\",\"breadcrumb\":{\"@id\":\"https:\\\/\\\/www.escapadarural.com\\\/blog\\\/la-fiesta-de-los-raiers-de-la-pobla-de-segur\\\/#breadcrumb\"},\"inLanguage\":\"es\",\"potentialAction\":[{\"@type\":\"ReadAction\",\"target\":[\"https:\\\/\\\/www.escapadarural.com\\\/blog\\\/la-fiesta-de-los-raiers-de-la-pobla-de-segur\\\/\"]}]},{\"@type\":\"ImageObject\",\"inLanguage\":\"es\",\"@id\":\"https:\\\/\\\/www.escapadarural.com\\\/blog\\\/la-fiesta-de-los-raiers-de-la-pobla-de-segur\\\/#primaryimage\",\"url\":\"https:\\\/\\\/www.escapadarural.com\\\/blog\\\/wp-content\\\/uploads\\\/2025\\\/07\\\/04_SaltodelPelgo_RioBurbia_Anxo15AdobeStock_1279474771_WP04.webp\",\"contentUrl\":\"https:\\\/\\\/www.escapadarural.com\\\/blog\\\/wp-content\\\/uploads\\\/2025\\\/07\\\/04_SaltodelPelgo_RioBurbia_Anxo15AdobeStock_1279474771_WP04.webp\",\"width\":1024,\"height\":683,\"caption\":\"Sendero de la Ruta del Salto del Pelgo, junto al r\u00edo Burbia, a la sombra de los chopos. Por Anxo15.\"},{\"@type\":\"BreadcrumbList\",\"@id\":\"https:\\\/\\\/www.escapadarural.com\\\/blog\\\/la-fiesta-de-los-raiers-de-la-pobla-de-segur\\\/#breadcrumb\",\"itemListElement\":[{\"@type\":\"ListItem\",\"position\":1,\"name\":\"Inicio\",\"item\":\"https:\\\/\\\/www.escapadarural.com\\\/blog\\\/\"},{\"@type\":\"ListItem\",\"position\":2,\"name\":\"Arte y Cultura\",\"item\":\"https:\\\/\\\/www.escapadarural.com\\\/blog\\\/categoria\\\/arte-y-cultura\\\/\"},{\"@type\":\"ListItem\",\"position\":3,\"name\":\"Cabalgando el r\u00edo sobre troncos de madera\"}]},{\"@type\":\"WebSite\",\"@id\":\"https:\\\/\\\/www.escapadarural.com\\\/blog\\\/#website\",\"url\":\"https:\\\/\\\/www.escapadarural.com\\\/blog\\\/\",\"name\":\"Blog de viajes | turismo rural, alojamientos e inspiraci\u00f3n\",\"description\":\"Alojamientos rurales e inspiraci\u00f3n para tus escapadas\",\"publisher\":{\"@id\":\"https:\\\/\\\/www.escapadarural.com\\\/blog\\\/#organization\"},\"alternateName\":\"Magazine de viajes de EscapadaRural\",\"potentialAction\":[{\"@type\":\"SearchAction\",\"target\":{\"@type\":\"EntryPoint\",\"urlTemplate\":\"https:\\\/\\\/www.escapadarural.com\\\/blog\\\/?s={search_term_string}\"},\"query-input\":{\"@type\":\"PropertyValueSpecification\",\"valueRequired\":true,\"valueName\":\"search_term_string\"}}],\"inLanguage\":\"es\"},{\"@type\":\"Organization\",\"@id\":\"https:\\\/\\\/www.escapadarural.com\\\/blog\\\/#organization\",\"name\":\"EscapadaRural\",\"url\":\"https:\\\/\\\/www.escapadarural.com\\\/blog\\\/\",\"logo\":{\"@type\":\"ImageObject\",\"inLanguage\":\"es\",\"@id\":\"https:\\\/\\\/www.escapadarural.com\\\/blog\\\/#\\\/schema\\\/logo\\\/image\\\/\",\"url\":\"https:\\\/\\\/www.escapadarural.com\\\/blog\\\/wp-content\\\/uploads\\\/2024\\\/10\\\/cropped-cropped-escapada-rural-icon-mag-3.png\",\"contentUrl\":\"https:\\\/\\\/www.escapadarural.com\\\/blog\\\/wp-content\\\/uploads\\\/2024\\\/10\\\/cropped-cropped-escapada-rural-icon-mag-3.png\",\"width\":512,\"height\":512,\"caption\":\"EscapadaRural\"},\"image\":{\"@id\":\"https:\\\/\\\/www.escapadarural.com\\\/blog\\\/#\\\/schema\\\/logo\\\/image\\\/\"},\"sameAs\":[\"https:\\\/\\\/www.facebook.com\\\/escapadarural\",\"https:\\\/\\\/www.instagram.com\\\/escapadarural\\\/\",\"https:\\\/\\\/www.youtube.com\\\/@escapadaruralcom\"]},{\"@type\":\"Person\",\"@id\":\"https:\\\/\\\/www.escapadarural.com\\\/blog\\\/#\\\/schema\\\/person\\\/765b6ee00ac07d22895193c5f8ccb01f\",\"name\":\"Estel Soro G\u00f3mez\",\"image\":{\"@type\":\"ImageObject\",\"inLanguage\":\"es\",\"@id\":\"https:\\\/\\\/www.escapadarural.com\\\/blog\\\/wp-content\\\/uploads\\\/2025\\\/03\\\/cropped-estelinsta-e1453734083971-96x96.jpg\",\"url\":\"https:\\\/\\\/www.escapadarural.com\\\/blog\\\/wp-content\\\/uploads\\\/2025\\\/03\\\/cropped-estelinsta-e1453734083971-96x96.jpg\",\"contentUrl\":\"https:\\\/\\\/www.escapadarural.com\\\/blog\\\/wp-content\\\/uploads\\\/2025\\\/03\\\/cropped-estelinsta-e1453734083971-96x96.jpg\",\"caption\":\"Estel Soro G\u00f3mez\"},\"url\":\"https:\\\/\\\/www.escapadarural.com\\\/blog\\\/autor\\\/estelsoro\\\/\"}]}<\/script>\n<!-- \/ Yoast SEO plugin. -->","yoast_head_json":{"title":"Cabalgando el r\u00edo sobre troncos de madera - EscapadaRural","robots":{"index":"index","follow":"follow","max-snippet":"max-snippet:-1","max-image-preview":"max-image-preview:large","max-video-preview":"max-video-preview:-1"},"canonical":"https:\/\/www.escapadarural.com\/blog\/la-fiesta-de-los-raiers-de-la-pobla-de-segur\/","og_locale":"es_ES","og_type":"article","og_title":"Cabalgando el r\u00edo sobre troncos de madera - EscapadaRural","og_description":"La bajada de los raiers de la Pobla de Segur por el r\u00edo Noguera Pallaresa llega a la 37\u00aa edici\u00f3n. Este a\u00f1o se celebra los d\u00edas 3, 4 y 5 de Julio a cargo de la Asociaci\u00f3n de Madereros del Noguera Pallaresa.","og_url":"https:\/\/www.escapadarural.com\/blog\/la-fiesta-de-los-raiers-de-la-pobla-de-segur\/","og_site_name":"Magazine de viajes de EscapadaRural","article_publisher":"https:\/\/www.facebook.com\/escapadarural","article_published_time":"2015-06-29T10:23:24+00:00","article_modified_time":"2025-08-06T08:55:58+00:00","og_image":[{"width":1024,"height":683,"url":"https:\/\/www.escapadarural.com\/blog\/wp-content\/uploads\/2025\/07\/04_SaltodelPelgo_RioBurbia_Anxo15AdobeStock_1279474771_WP04.webp?v=1754470559","type":"image\/webp"}],"author":"Estel Soro G\u00f3mez","twitter_card":"summary_large_image","twitter_misc":{"Escrito por":"Estel Soro G\u00f3mez","Tiempo de lectura":"3 minutos"},"schema":{"@context":"https:\/\/schema.org","@graph":[{"@type":"Article","@id":"https:\/\/www.escapadarural.com\/blog\/la-fiesta-de-los-raiers-de-la-pobla-de-segur\/#article","isPartOf":{"@id":"https:\/\/www.escapadarural.com\/blog\/la-fiesta-de-los-raiers-de-la-pobla-de-segur\/"},"author":{"name":"Estel Soro G\u00f3mez","@id":"https:\/\/www.escapadarural.com\/blog\/#\/schema\/person\/765b6ee00ac07d22895193c5f8ccb01f"},"headline":"Cabalgando el r\u00edo sobre troncos de madera","datePublished":"2015-06-29T10:23:24+00:00","dateModified":"2025-08-06T08:55:58+00:00","mainEntityOfPage":{"@id":"https:\/\/www.escapadarural.com\/blog\/la-fiesta-de-los-raiers-de-la-pobla-de-segur\/"},"wordCount":599,"commentCount":0,"publisher":{"@id":"https:\/\/www.escapadarural.com\/blog\/#organization"},"image":{"@id":"https:\/\/www.escapadarural.com\/blog\/la-fiesta-de-los-raiers-de-la-pobla-de-segur\/#primaryimage"},"thumbnailUrl":"https:\/\/www.escapadarural.com\/blog\/wp-content\/uploads\/2025\/07\/04_SaltodelPelgo_RioBurbia_Anxo15AdobeStock_1279474771_WP04.webp","keywords":["aguas bravas","art\u00edculo","deportes n\u00e1uticos","Fiestas","Folclore y tradiciones","Historias y Curiosidades","oficios","Pallars Sobir\u00e0","Pirineu de Lleida","Pobla de Segur","Raiers"],"articleSection":["Arte y Cultura"],"inLanguage":"es","potentialAction":[{"@type":"CommentAction","name":"Comment","target":["https:\/\/www.escapadarural.com\/blog\/la-fiesta-de-los-raiers-de-la-pobla-de-segur\/#respond"]}]},{"@type":"WebPage","@id":"https:\/\/www.escapadarural.com\/blog\/la-fiesta-de-los-raiers-de-la-pobla-de-segur\/","url":"https:\/\/www.escapadarural.com\/blog\/la-fiesta-de-los-raiers-de-la-pobla-de-segur\/","name":"Cabalgando el r\u00edo sobre troncos de madera - EscapadaRural","isPartOf":{"@id":"https:\/\/www.escapadarural.com\/blog\/#website"},"primaryImageOfPage":{"@id":"https:\/\/www.escapadarural.com\/blog\/la-fiesta-de-los-raiers-de-la-pobla-de-segur\/#primaryimage"},"image":{"@id":"https:\/\/www.escapadarural.com\/blog\/la-fiesta-de-los-raiers-de-la-pobla-de-segur\/#primaryimage"},"thumbnailUrl":"https:\/\/www.escapadarural.com\/blog\/wp-content\/uploads\/2025\/07\/04_SaltodelPelgo_RioBurbia_Anxo15AdobeStock_1279474771_WP04.webp","datePublished":"2015-06-29T10:23:24+00:00","dateModified":"2025-08-06T08:55:58+00:00","breadcrumb":{"@id":"https:\/\/www.escapadarural.com\/blog\/la-fiesta-de-los-raiers-de-la-pobla-de-segur\/#breadcrumb"},"inLanguage":"es","potentialAction":[{"@type":"ReadAction","target":["https:\/\/www.escapadarural.com\/blog\/la-fiesta-de-los-raiers-de-la-pobla-de-segur\/"]}]},{"@type":"ImageObject","inLanguage":"es","@id":"https:\/\/www.escapadarural.com\/blog\/la-fiesta-de-los-raiers-de-la-pobla-de-segur\/#primaryimage","url":"https:\/\/www.escapadarural.com\/blog\/wp-content\/uploads\/2025\/07\/04_SaltodelPelgo_RioBurbia_Anxo15AdobeStock_1279474771_WP04.webp","contentUrl":"https:\/\/www.escapadarural.com\/blog\/wp-content\/uploads\/2025\/07\/04_SaltodelPelgo_RioBurbia_Anxo15AdobeStock_1279474771_WP04.webp","width":1024,"height":683,"caption":"Sendero de la Ruta del Salto del Pelgo, junto al r\u00edo Burbia, a la sombra de los chopos. Por Anxo15."},{"@type":"BreadcrumbList","@id":"https:\/\/www.escapadarural.com\/blog\/la-fiesta-de-los-raiers-de-la-pobla-de-segur\/#breadcrumb","itemListElement":[{"@type":"ListItem","position":1,"name":"Inicio","item":"https:\/\/www.escapadarural.com\/blog\/"},{"@type":"ListItem","position":2,"name":"Arte y Cultura","item":"https:\/\/www.escapadarural.com\/blog\/categoria\/arte-y-cultura\/"},{"@type":"ListItem","position":3,"name":"Cabalgando el r\u00edo sobre troncos de madera"}]},{"@type":"WebSite","@id":"https:\/\/www.escapadarural.com\/blog\/#website","url":"https:\/\/www.escapadarural.com\/blog\/","name":"Blog de viajes | turismo rural, alojamientos e inspiraci\u00f3n","description":"Alojamientos rurales e inspiraci\u00f3n para tus escapadas","publisher":{"@id":"https:\/\/www.escapadarural.com\/blog\/#organization"},"alternateName":"Magazine de viajes de EscapadaRural","potentialAction":[{"@type":"SearchAction","target":{"@type":"EntryPoint","urlTemplate":"https:\/\/www.escapadarural.com\/blog\/?s={search_term_string}"},"query-input":{"@type":"PropertyValueSpecification","valueRequired":true,"valueName":"search_term_string"}}],"inLanguage":"es"},{"@type":"Organization","@id":"https:\/\/www.escapadarural.com\/blog\/#organization","name":"EscapadaRural","url":"https:\/\/www.escapadarural.com\/blog\/","logo":{"@type":"ImageObject","inLanguage":"es","@id":"https:\/\/www.escapadarural.com\/blog\/#\/schema\/logo\/image\/","url":"https:\/\/www.escapadarural.com\/blog\/wp-content\/uploads\/2024\/10\/cropped-cropped-escapada-rural-icon-mag-3.png","contentUrl":"https:\/\/www.escapadarural.com\/blog\/wp-content\/uploads\/2024\/10\/cropped-cropped-escapada-rural-icon-mag-3.png","width":512,"height":512,"caption":"EscapadaRural"},"image":{"@id":"https:\/\/www.escapadarural.com\/blog\/#\/schema\/logo\/image\/"},"sameAs":["https:\/\/www.facebook.com\/escapadarural","https:\/\/www.instagram.com\/escapadarural\/","https:\/\/www.youtube.com\/@escapadaruralcom"]},{"@type":"Person","@id":"https:\/\/www.escapadarural.com\/blog\/#\/schema\/person\/765b6ee00ac07d22895193c5f8ccb01f","name":"Estel Soro G\u00f3mez","image":{"@type":"ImageObject","inLanguage":"es","@id":"https:\/\/www.escapadarural.com\/blog\/wp-content\/uploads\/2025\/03\/cropped-estelinsta-e1453734083971-96x96.jpg","url":"https:\/\/www.escapadarural.com\/blog\/wp-content\/uploads\/2025\/03\/cropped-estelinsta-e1453734083971-96x96.jpg","contentUrl":"https:\/\/www.escapadarural.com\/blog\/wp-content\/uploads\/2025\/03\/cropped-estelinsta-e1453734083971-96x96.jpg","caption":"Estel Soro G\u00f3mez"},"url":"https:\/\/www.escapadarural.com\/blog\/autor\/estelsoro\/"}]}},"_links":{"self":[{"href":"https:\/\/www.escapadarural.com\/blog\/wp-json\/wp\/v2\/posts\/5392","targetHints":{"allow":["GET"]}}],"collection":[{"href":"https:\/\/www.escapadarural.com\/blog\/wp-json\/wp\/v2\/posts"}],"about":[{"href":"https:\/\/www.escapadarural.com\/blog\/wp-json\/wp\/v2\/types\/post"}],"author":[{"embeddable":true,"href":"https:\/\/www.escapadarural.com\/blog\/wp-json\/wp\/v2\/users\/87"}],"replies":[{"embeddable":true,"href":"https:\/\/www.escapadarural.com\/blog\/wp-json\/wp\/v2\/comments?post=5392"}],"version-history":[{"count":0,"href":"https:\/\/www.escapadarural.com\/blog\/wp-json\/wp\/v2\/posts\/5392\/revisions"}],"wp:featuredmedia":[{"embeddable":true,"href":"https:\/\/www.escapadarural.com\/blog\/wp-json\/wp\/v2\/media\/203997"}],"wp:attachment":[{"href":"https:\/\/www.escapadarural.com\/blog\/wp-json\/wp\/v2\/media?parent=5392"}],"wp:term":[{"taxonomy":"category","embeddable":true,"href":"https:\/\/www.escapadarural.com\/blog\/wp-json\/wp\/v2\/categories?post=5392"},{"taxonomy":"post_tag","embeddable":true,"href":"https:\/\/www.escapadarural.com\/blog\/wp-json\/wp\/v2\/tags?post=5392"}],"curies":[{"name":"wp","href":"https:\/\/api.w.org\/{rel}","templated":true}]}}