{"id":53941,"date":"2022-08-24T10:13:55","date_gmt":"2022-08-24T09:13:55","guid":{"rendered":"https:\/\/www.escapadarural.com\/blog\/?p=53941"},"modified":"2025-04-23T13:31:20","modified_gmt":"2025-04-23T11:31:20","slug":"cami-de-cavalls-menorca","status":"publish","type":"post","link":"https:\/\/www.escapadarural.com\/blog\/cami-de-cavalls-menorca\/","title":{"rendered":"Cam\u00ed de Cavalls o c\u00f3mo dar la vuelta a Menorca"},"content":{"rendered":"\n<figure class=\"wp-block-image size-large\"><a href=\"https:\/\/www.escapadarural.com\/blog\/wp-content\/uploads\/AdobeStock_406501623-scaled.jpeg\"><img decoding=\"async\" src=\"https:\/\/www.escapadarural.com\/blog\/wp-content\/uploads\/AdobeStock_406501623-1024x669.jpeg\" alt=\"Cam\u00ed de Cavalls\" class=\"wp-image-54172\"\/><\/a><figcaption class=\"wp-element-caption\">Cam\u00ed de Cavalls, cala Tortuga. Por sanchacampos<\/figcaption><\/figure>\n\n\n\n<p>La mediterr\u00e1nea <a href=\"https:\/\/www.escapadarural.com\/casas-rurales\/menorca\" class=\"rank-math-link\">Menorca<\/a> es <strong>uno de los destinos estrella del verano<\/strong>. Razones no le faltan: calas y playas de preciosas aguas turquesa, pueblos pintorescos, rincones con encanto, interesante patrimonio y cultura, animadas fiestas populares, deliciosa gastronom\u00eda&#8230; Suma y sigue.<\/p>\n\n\n\n<p>Pero adem\u00e1s de lo ya mencionado, Menorca es una isla que resulta de lo m\u00e1s atractiva para los amantes del senderismo. \u00bfEl motivo? Su <strong>Cam\u00ed de Cavalls<\/strong> (GR 223), una ruta homologada y muy bien se\u00f1alizada que permite recorrer por completo el litoral. Sus <strong>185 kil\u00f3metros<\/strong> permiten dar la vuelta a la isla ofreciendo a su paso un aut\u00e9ntico desfile de bellos paisajes.<\/p>\n\n\n\n<figure class=\"wp-block-image size-large\"><a href=\"https:\/\/www.escapadarural.com\/blog\/wp-content\/uploads\/menorca-cami-de-cavalls.jpg\"><img decoding=\"async\" src=\"https:\/\/www.escapadarural.com\/blog\/wp-content\/uploads\/menorca-cami-de-cavalls.jpg\" alt=\"Cam\u00ed de Cavalls de Menorca\" class=\"wp-image-53942\"\/><\/a><figcaption class=\"wp-element-caption\">Cam\u00ed de Cavalls de Menorca. Por El\u00edsabet Garc\u00eda<\/figcaption><\/figure>\n\n\n\n<p>Si bien en la actualidad el Cam\u00ed de Cavalls est\u00e1 dise\u00f1ado para su disfrute, en su d\u00eda -en la \u00e9poca de Jaume II (1330)- el cometido de este sendero hist\u00f3rico era <strong>defender la costa menorquina<\/strong> ante posibles ataques. El camino lo recorr\u00edan los colonos que hac\u00edan de vig\u00edas protectores a lomos de sus caballos. Tambi\u00e9n fue utilizado en el siglo XVIII, durante las dominaciones inglesa y francesa. <\/p>\n\n\n\n<figure class=\"wp-block-image size-large\"><a href=\"https:\/\/www.escapadarural.com\/blog\/wp-content\/uploads\/menorca-caballo-pura-sangre-menorquin.jpg\"><img decoding=\"async\" src=\"https:\/\/www.escapadarural.com\/blog\/wp-content\/uploads\/menorca-caballo-pura-sangre-menorquin.jpg\" alt=\"Cam\u00ed de Cavalls de Menorca\" class=\"wp-image-53945\"\/><\/a><figcaption class=\"wp-element-caption\">Cam\u00ed de Cavalls. Por El\u00edsabet Garc\u00eda<\/figcaption><\/figure>\n\n\n\n<p>Tiempos b\u00e9licos atr\u00e1s, el Cam\u00ed de Cavalls fue recuperado e <strong>inaugurado como camino p\u00fablico en 2010<\/strong> y forma parte de las rutas europeas de gran recorrido.  En total, est\u00e1 compuesto por <strong><a aria-label=\" (opens in a new tab)\" href=\"https:\/\/www.descobreixmenorca.com\/es\/cami-de-cavalls-2\/\" target=\"_blank\" rel=\"noreferrer noopener nofollow\" class=\"rank-math-link\">20 etapas<\/a><\/strong> oficiales de diferentes niveles de dificultad que est\u00e1n dise\u00f1adas para realizarse de manera completamente independiente.<\/p>\n\n\n\n<h2 class=\"wp-block-heading\" id=\"h-la-ruta-cami-de-cavalls\">La ruta Cam\u00ed de Cavalls<\/h2>\n\n\n\n<figure class=\"wp-block-image size-large\"><a href=\"https:\/\/www.escapadarural.com\/blog\/wp-content\/uploads\/menorca-torre-de-fornells.jpg\"><img decoding=\"async\" src=\"https:\/\/www.escapadarural.com\/blog\/wp-content\/uploads\/menorca-torre-de-fornells.jpg\" alt=\"Cam\u00ed de Cavalls de Menorca\" class=\"wp-image-53947\"\/><\/a><figcaption class=\"wp-element-caption\">Torre vig\u00eda en el Cam\u00ed de Cavalls. Por El\u00edsabet Garc\u00eda<\/figcaption><\/figure>\n\n\n\n<p>Aunque para recorrer sus 185 kil\u00f3metros se necesita bastante tiempo (m\u00e1s de 7 d\u00edas), con una buena planificaci\u00f3n la senda circular del <strong>Cam\u00ed de Cavalls<\/strong> se puede completar en su totalidad. Es cuesti\u00f3n de elegir bien las paradas y los alojamientos estrat\u00e9gicos para reponer fuerzas. \u00bfSe puede hacer en bici? La respuesta es s\u00ed: el sendero tambi\u00e9n puede recorrerse sobre las dos ruedas.<\/p>\n\n\n\n<p>Elijas la opci\u00f3n que elijas, es muy recomendable <strong>completar cada etapa de Este a Oeste<\/strong> pues, de este modo, los rayos solares los tendremos a la espalda evitando que nos deslumbren y favoreciendo la iluminaci\u00f3n del paisaje. Y, por supuesto, adem\u00e1s de ir bien provisto de agua, comida y calzado apropiado (gran parte del suelo es bastante pedregoso), no hay que olvidar la protecci\u00f3n solar y una gorra, en verano. O ropa de abrigo, en invierno.<\/p>\n\n\n\n<p>Los atractivos del Cam\u00ed de Cavalls son muy numerosos y variados. Si hablamos de patrimonio y monumentos, algunos de los m\u00e1s importantes son la<strong> <\/strong>torre de Fornells, la mayor&nbsp;estructura defensiva de Menorca; la fortaleza de La Mola; el castillo de San Felipe, construido a mediados del siglo XVI tras el ataque de Barbarroja a Mah\u00f3n; o las ancestrales <strong>construcciones talay\u00f3ticas<\/strong>.  Entre estas \u00faltimas sobresale la Naveta des Tudons, utilizada entre los a\u00f1os 1200 \/ 750 a.C. como el monumento m\u00e1s emblem\u00e1tico de la Menorca talay\u00f3tica. Estas construcciones funerarias son el legado de la historia prehist\u00f3rica de Menorca y forman parte de su identidad.<\/p>\n\n\n\n<figure class=\"wp-block-image size-large\"><a href=\"https:\/\/www.escapadarural.com\/blog\/wp-content\/uploads\/2016\/09\/Playa-Macarella.jpg\"><img decoding=\"async\" src=\"https:\/\/www.escapadarural.com\/blog\/wp-content\/uploads\/2016\/09\/Playa-Macarella.jpg\" alt=\"Playa Macarella\" class=\"wp-image-30204\"\/><\/a><figcaption class=\"wp-element-caption\">Playa Macarella. Scott Rhodes Photografy\n\n<\/figcaption><\/figure>\n\n\n\n<p>En cuanto a los faros, el Cam\u00ed de Cavalls permite visitar hasta 7 torres de vig\u00eda mar\u00edtimas que hay repartidas por la isla. Si llegas al <strong>faro de Cavalleria<\/strong> al atardecer disfrutar\u00e1s de una de las puestas de sol m\u00e1s m\u00e1gicas y rom\u00e1nticas de Menorca.<\/p>\n\n\n\n<p>El camino recorre todo el litoral, por lo que hay abundancia y variedad de playas y <a href=\"https:\/\/www.escapadarural.com\/blog\/calas-en-menorca-poco-frecuentadas\/\" class=\"rank-math-link\">calas<\/a>. Desde las populares cala Macarella, Macarelleta, Galdana y Turqueta, hasta algunas menos conocidas pero igual de bonitas como es el caso de la playa Binigaus. El litoral menorqu\u00edn en su m\u00e1xima expresi\u00f3n.<\/p>\n\n\n\n<div class=\"wp-block-buttons is-layout-flex wp-block-buttons-is-layout-flex\">\n<div class=\"wp-block-button\"><a class=\"wp-block-button__link wp-element-button\" href=\"https:\/\/www.escapadarural.com\/casas-rurales\/menorca\">Casas rurales en Menorca<\/a><\/div>\n<\/div>\n\n\n\n<h2 class=\"wp-block-heading\" id=\"h-mas-turismo-rural-en-baleares\">M\u00e1s turismo rural en Baleares<\/h2>\n\n\n<section class=\"wp-block-ub-post-grid ub-block-post-grid align  is-equal-height preserve-post-image-aspect-ratio\" style=\"\" id=\"ub-post-grid-\"><div class=\"ub-post-grid-items is-list\" style=\"row-gap: 32px; column-gap: 32px; \"><article id=\"post-214256\" class=\"ub-post-grid-item post-214256 post type-post status-publish format-standard has-post-thumbnail hentry category-alojamientos-rurales category-rutas-y-excursiones tag-que-ver-en-a-coruna tag-camino-de-santiago tag-camino-frances tag-casas-rurales tag-que-ver-en-galicia tag-listado tag-pareja\" style=\"\"><div class=\"ub-block-post-grid-image\" style=\"\"><a href=\"https:\/\/www.escapadarural.com\/blog\/casas-rurales-ultimos-kilometros-camino-de-santiago\/\" rel=\"bookmark\" aria-hidden=\"true\" tabindex=\"-1\"><img loading=\"lazy\" decoding=\"async\" width=\"2048\" height=\"1366\" src=\"https:\/\/www.escapadarural.com\/blog\/wp-content\/uploads\/2026\/02\/00b_CasasFinalCamino_ArmandoOliveiraAdobeStock_483622556-scaled.jpeg\" class=\"attachment-full size-full\" alt=\"Un peregrino a punto de llegar a Santiago de Compostela (A Coru\u00f1a).\" style=\"max-width: 600px; \" srcset=\"https:\/\/www.escapadarural.com\/blog\/wp-content\/uploads\/2026\/02\/00b_CasasFinalCamino_ArmandoOliveiraAdobeStock_483622556-200x133.jpeg 200w, https:\/\/www.escapadarural.com\/blog\/wp-content\/uploads\/2026\/02\/00b_CasasFinalCamino_ArmandoOliveiraAdobeStock_483622556-300x200.jpeg 300w, https:\/\/www.escapadarural.com\/blog\/wp-content\/uploads\/2026\/02\/00b_CasasFinalCamino_ArmandoOliveiraAdobeStock_483622556-400x267.jpeg 400w, https:\/\/www.escapadarural.com\/blog\/wp-content\/uploads\/2026\/02\/00b_CasasFinalCamino_ArmandoOliveiraAdobeStock_483622556-600x400.jpeg 600w, https:\/\/www.escapadarural.com\/blog\/wp-content\/uploads\/2026\/02\/00b_CasasFinalCamino_ArmandoOliveiraAdobeStock_483622556-768x512.jpeg 768w, https:\/\/www.escapadarural.com\/blog\/wp-content\/uploads\/2026\/02\/00b_CasasFinalCamino_ArmandoOliveiraAdobeStock_483622556-800x534.jpeg 800w, https:\/\/www.escapadarural.com\/blog\/wp-content\/uploads\/2026\/02\/00b_CasasFinalCamino_ArmandoOliveiraAdobeStock_483622556-1024x683.jpeg 1024w, https:\/\/www.escapadarural.com\/blog\/wp-content\/uploads\/2026\/02\/00b_CasasFinalCamino_ArmandoOliveiraAdobeStock_483622556-1200x800.jpeg 1200w, https:\/\/www.escapadarural.com\/blog\/wp-content\/uploads\/2026\/02\/00b_CasasFinalCamino_ArmandoOliveiraAdobeStock_483622556-1536x1025.jpeg 1536w, https:\/\/www.escapadarural.com\/blog\/wp-content\/uploads\/2026\/02\/00b_CasasFinalCamino_ArmandoOliveiraAdobeStock_483622556-scaled.jpeg 2048w\" sizes=\"auto, (max-width: 2048px) 100vw, 2048px\"><\/a><\/div><div class=\"ub-block-post-grid-text\" style=\"\"><div class=\"ub-block-post-grid-header-content\"><header class=\"ub-block-post-grid-header\"><h3 class=\"ub-block-post-grid-title\"><a style=\"\" href=\"https:\/\/www.escapadarural.com\/blog\/casas-rurales-ultimos-kilometros-camino-de-santiago\/\" rel=\"bookmark\">Los \u00faltimos kil\u00f3metros del Camino de Santiago se duermen mejor en una casa rural<\/a><\/h3><div class=\"ub-block-post-grid-author\" itemprop=\"author\"><a class=\"ub-text-link\" style=\"\" href=\"https:\/\/www.escapadarural.com\/blog\/autor\/miguel-perez\/\" itemprop=\"url\" rel=\"author\"><span itemprop=\"name\">Miguel Perez<\/span><\/a><\/div><time datetime=\"2026-05-01T08:55:00+02:00\" class=\"ub-block-post-grid-date\" style=\"\" itemprop=\"datePublished\">1 de mayo de 2026<\/time><\/header><\/div><div class=\"ub-block-post-grid-excerpt\"><div class=\"ub-block-post-grid-excerpt-text\" style=\"\"><p>Descubre tres casas rurales con encanto en las \u00faltimas etapas del Camino de Santiago: el descanso que te mereces antes de llegar a la plaza del Obradoiro<\/p>\n<\/div><\/div><\/div><\/article>\n<article id=\"post-5665\" class=\"ub-post-grid-item post-5665 post type-post status-publish format-standard has-post-thumbnail hentry category-rutas-y-excursiones tag-amigos tag-que-ver-en-andalucia tag-castril tag-cazorla tag-cerrada-de-elias tag-familia tag-guia tag-que-ver-en-jaen tag-la-iruela tag-pareja tag-rio-borosa tag-rios tag-senderismo tag-sendero tag-sierra-de-cazorla\" style=\"\"><div class=\"ub-block-post-grid-image\" style=\"\"><a href=\"https:\/\/www.escapadarural.com\/blog\/el-sendero-de-la-cerrada-de-elias\/\" rel=\"bookmark\" aria-hidden=\"true\" tabindex=\"-1\"><img loading=\"lazy\" decoding=\"async\" width=\"2048\" height=\"1365\" src=\"https:\/\/www.escapadarural.com\/blog\/wp-content\/uploads\/2015\/11\/AdobeStock_1965552320-scaled.jpeg\" class=\"attachment-full size-full\" alt=\"R\u00edo Borosa por el Cerrada de El\u00edas, en el Parque Natural de Cazorla, Segura y Las Villas. Por manuelmartinez\" style=\"max-width: 600px; \" srcset=\"https:\/\/www.escapadarural.com\/blog\/wp-content\/uploads\/2015\/11\/AdobeStock_1965552320-200x133.jpeg 200w, https:\/\/www.escapadarural.com\/blog\/wp-content\/uploads\/2015\/11\/AdobeStock_1965552320-300x200.jpeg 300w, https:\/\/www.escapadarural.com\/blog\/wp-content\/uploads\/2015\/11\/AdobeStock_1965552320-400x267.jpeg 400w, https:\/\/www.escapadarural.com\/blog\/wp-content\/uploads\/2015\/11\/AdobeStock_1965552320-600x400.jpeg 600w, https:\/\/www.escapadarural.com\/blog\/wp-content\/uploads\/2015\/11\/AdobeStock_1965552320-768x512.jpeg 768w, https:\/\/www.escapadarural.com\/blog\/wp-content\/uploads\/2015\/11\/AdobeStock_1965552320-800x533.jpeg 800w, https:\/\/www.escapadarural.com\/blog\/wp-content\/uploads\/2015\/11\/AdobeStock_1965552320-1024x683.jpeg 1024w, https:\/\/www.escapadarural.com\/blog\/wp-content\/uploads\/2015\/11\/AdobeStock_1965552320-1200x800.jpeg 1200w, https:\/\/www.escapadarural.com\/blog\/wp-content\/uploads\/2015\/11\/AdobeStock_1965552320-1536x1024.jpeg 1536w, https:\/\/www.escapadarural.com\/blog\/wp-content\/uploads\/2015\/11\/AdobeStock_1965552320-scaled.jpeg 2048w\" sizes=\"auto, (max-width: 2048px) 100vw, 2048px\"><\/a><\/div><div class=\"ub-block-post-grid-text\" style=\"\"><div class=\"ub-block-post-grid-header-content\"><header class=\"ub-block-post-grid-header\"><h3 class=\"ub-block-post-grid-title\"><a style=\"\" href=\"https:\/\/www.escapadarural.com\/blog\/el-sendero-de-la-cerrada-de-elias\/\" rel=\"bookmark\">Gu\u00eda definitiva para hacer la Cerrada de El\u00edas (o Caminito de la Reina) en Ja\u00e9n<\/a><\/h3><div class=\"ub-block-post-grid-author\" itemprop=\"author\"><a class=\"ub-text-link\" style=\"\" href=\"https:\/\/www.escapadarural.com\/blog\/autor\/raquel\/\" itemprop=\"url\" rel=\"author\"><span itemprop=\"name\">Raquel Andr\u00e9s<\/span><\/a><\/div><time datetime=\"2026-04-30T09:24:44+02:00\" class=\"ub-block-post-grid-date\" style=\"\" itemprop=\"datePublished\">30 de abril de 2026<\/time><\/header><\/div><div class=\"ub-block-post-grid-excerpt\"><div class=\"ub-block-post-grid-excerpt-text\" style=\"\"><p>Tambi\u00e9n conocida como Caminito de la Reina, es una ruta de senderismo familiar que atraviesa una impresionante garganta entre pasarelas<\/p>\n<\/div><\/div><\/div><\/article>\n<article id=\"post-217131\" class=\"ub-post-grid-item post-217131 post type-post status-publish format-standard has-post-thumbnail hentry category-coetur category-notas-de-prensa category-noticias\" style=\"\"><div class=\"ub-block-post-grid-image\" style=\"\"><a href=\"https:\/\/www.escapadarural.com\/blog\/navarra-territorio-invitado-coetur\/\" rel=\"bookmark\" aria-hidden=\"true\" tabindex=\"-1\"><img loading=\"lazy\" decoding=\"async\" width=\"2048\" height=\"1365\" src=\"https:\/\/www.escapadarural.com\/blog\/wp-content\/uploads\/2026\/04\/04_PlanesLluvia_Irati_gurb101088_AdobeStock_682386670-scaled.jpeg\" class=\"attachment-full size-full\" alt=\"La Selva de Irati (Navarra) adquiere otra atm\u00f3sfera cuando llueve.\" style=\"max-width: 600px; \" srcset=\"https:\/\/www.escapadarural.com\/blog\/wp-content\/uploads\/2026\/04\/04_PlanesLluvia_Irati_gurb101088_AdobeStock_682386670-200x133.jpeg 200w, https:\/\/www.escapadarural.com\/blog\/wp-content\/uploads\/2026\/04\/04_PlanesLluvia_Irati_gurb101088_AdobeStock_682386670-300x200.jpeg 300w, https:\/\/www.escapadarural.com\/blog\/wp-content\/uploads\/2026\/04\/04_PlanesLluvia_Irati_gurb101088_AdobeStock_682386670-400x267.jpeg 400w, https:\/\/www.escapadarural.com\/blog\/wp-content\/uploads\/2026\/04\/04_PlanesLluvia_Irati_gurb101088_AdobeStock_682386670-600x400.jpeg 600w, https:\/\/www.escapadarural.com\/blog\/wp-content\/uploads\/2026\/04\/04_PlanesLluvia_Irati_gurb101088_AdobeStock_682386670-768x512.jpeg 768w, https:\/\/www.escapadarural.com\/blog\/wp-content\/uploads\/2026\/04\/04_PlanesLluvia_Irati_gurb101088_AdobeStock_682386670-800x533.jpeg 800w, https:\/\/www.escapadarural.com\/blog\/wp-content\/uploads\/2026\/04\/04_PlanesLluvia_Irati_gurb101088_AdobeStock_682386670-1024x683.jpeg 1024w, https:\/\/www.escapadarural.com\/blog\/wp-content\/uploads\/2026\/04\/04_PlanesLluvia_Irati_gurb101088_AdobeStock_682386670-1200x800.jpeg 1200w, https:\/\/www.escapadarural.com\/blog\/wp-content\/uploads\/2026\/04\/04_PlanesLluvia_Irati_gurb101088_AdobeStock_682386670-1536x1024.jpeg 1536w, https:\/\/www.escapadarural.com\/blog\/wp-content\/uploads\/2026\/04\/04_PlanesLluvia_Irati_gurb101088_AdobeStock_682386670-scaled.jpeg 2048w\" sizes=\"auto, (max-width: 2048px) 100vw, 2048px\"><\/a><\/div><div class=\"ub-block-post-grid-text\" style=\"\"><div class=\"ub-block-post-grid-header-content\"><header class=\"ub-block-post-grid-header\"><h3 class=\"ub-block-post-grid-title\"><a style=\"\" href=\"https:\/\/www.escapadarural.com\/blog\/navarra-territorio-invitado-coetur\/\" rel=\"bookmark\">Navarra ser\u00e1 el territorio invitado en la XII edici\u00f3n de Coetur, el congreso de turismo rural iniciativa de EscapadaRural<\/a><\/h3><div class=\"ub-block-post-grid-author\" itemprop=\"author\"><a class=\"ub-text-link\" style=\"\" href=\"https:\/\/www.escapadarural.com\/blog\/autor\/ariadna\/\" itemprop=\"url\" rel=\"author\"><span itemprop=\"name\">Ariadna de Salsas<\/span><\/a><\/div><time datetime=\"2026-04-29T11:27:55+02:00\" class=\"ub-block-post-grid-date\" style=\"\" itemprop=\"datePublished\">29 de abril de 2026<\/time><\/header><\/div><div class=\"ub-block-post-grid-excerpt\"><div class=\"ub-block-post-grid-excerpt-text\" style=\"\"><p>La XII edici\u00f3n de Coetur, el congreso de referencia del sector del turismo rural organizado por EscapadaRural, cuenta este a\u00f1o con la colaboraci\u00f3n especial de Navarra como territorio invitado y dinamizador de la sesi\u00f3n de networking que cerrar\u00e1 la primera jornada del congreso.\u00a0<\/p>\n<\/div><\/div><\/div><\/article>\n<article id=\"post-217015\" class=\"ub-post-grid-item post-217015 post type-post status-publish format-standard has-post-thumbnail hentry category-destinos tag-que-ver-en-albacete tag-amigos tag-que-ver-en-burgos tag-que-ver-en-cantabria tag-que-ver-en-castellon tag-que-ver-en-cordoba tag-familia tag-que-ver-en-girona tag-listado tag-que-ver-en-madrid tag-pareja tag-primavera tag-pueblos tag-turismo-rural\" style=\"\"><div class=\"ub-block-post-grid-image\" style=\"\"><a href=\"https:\/\/www.escapadarural.com\/blog\/pueblos-que-aun-no-estan-masificados\/\" rel=\"bookmark\" aria-hidden=\"true\" tabindex=\"-1\"><img loading=\"lazy\" decoding=\"async\" width=\"2048\" height=\"1365\" src=\"https:\/\/www.escapadarural.com\/blog\/wp-content\/uploads\/2026\/04\/AdobeStock_252419160_cartes2-scaled.jpeg\" class=\"attachment-full size-full\" alt=\"Cartes, en Cantabria. Por leonardo2011.\" style=\"max-width: 600px; \" srcset=\"https:\/\/www.escapadarural.com\/blog\/wp-content\/uploads\/2026\/04\/AdobeStock_252419160_cartes2-200x133.jpeg 200w, https:\/\/www.escapadarural.com\/blog\/wp-content\/uploads\/2026\/04\/AdobeStock_252419160_cartes2-300x200.jpeg 300w, https:\/\/www.escapadarural.com\/blog\/wp-content\/uploads\/2026\/04\/AdobeStock_252419160_cartes2-400x267.jpeg 400w, https:\/\/www.escapadarural.com\/blog\/wp-content\/uploads\/2026\/04\/AdobeStock_252419160_cartes2-600x400.jpeg 600w, https:\/\/www.escapadarural.com\/blog\/wp-content\/uploads\/2026\/04\/AdobeStock_252419160_cartes2-768x512.jpeg 768w, https:\/\/www.escapadarural.com\/blog\/wp-content\/uploads\/2026\/04\/AdobeStock_252419160_cartes2-800x533.jpeg 800w, https:\/\/www.escapadarural.com\/blog\/wp-content\/uploads\/2026\/04\/AdobeStock_252419160_cartes2-1024x683.jpeg 1024w, https:\/\/www.escapadarural.com\/blog\/wp-content\/uploads\/2026\/04\/AdobeStock_252419160_cartes2-1200x800.jpeg 1200w, https:\/\/www.escapadarural.com\/blog\/wp-content\/uploads\/2026\/04\/AdobeStock_252419160_cartes2-1536x1024.jpeg 1536w, https:\/\/www.escapadarural.com\/blog\/wp-content\/uploads\/2026\/04\/AdobeStock_252419160_cartes2-scaled.jpeg 2048w\" sizes=\"auto, (max-width: 2048px) 100vw, 2048px\"><\/a><\/div><div class=\"ub-block-post-grid-text\" style=\"\"><div class=\"ub-block-post-grid-header-content\"><header class=\"ub-block-post-grid-header\"><h3 class=\"ub-block-post-grid-title\"><a style=\"\" href=\"https:\/\/www.escapadarural.com\/blog\/pueblos-que-aun-no-estan-masificados\/\" rel=\"bookmark\">Pueblos con encanto de Espa\u00f1a que a\u00fan puedes disfrutar sin multitudes<\/a><\/h3><div class=\"ub-block-post-grid-author\" itemprop=\"author\"><a class=\"ub-text-link\" style=\"\" href=\"https:\/\/www.escapadarural.com\/blog\/autor\/carmenlopez\/\" itemprop=\"url\" rel=\"author\"><span itemprop=\"name\">Carmen L\u00f3pez<\/span><\/a><\/div><time datetime=\"2026-04-29T08:55:00+02:00\" class=\"ub-block-post-grid-date\" style=\"\" itemprop=\"datePublished\">29 de abril de 2026<\/time><\/header><\/div><div class=\"ub-block-post-grid-excerpt\"><div class=\"ub-block-post-grid-excerpt-text\" style=\"\"><p>Destinos buscados por los viajeros pero que a\u00fan no est\u00e1n masificados. S\u00ed, existen. Estos son algunos de ellos que merece una visita. <\/p>\n<\/div><\/div><\/div><\/article>\n<article id=\"post-216901\" class=\"ub-post-grid-item post-216901 post type-post status-publish format-standard has-post-thumbnail hentry category-alojamientos-rurales category-destinos tag-que-ver-en-a-coruna tag-agua tag-que-ver-en-alava tag-amigos tag-casas-rurales tag-cascada tag-familia tag-listado tag-pareja tag-salto-del-nervion tag-que-ver-en-tarragona tag-que-ver-en-valencia\" style=\"\"><div class=\"ub-block-post-grid-image\" style=\"\"><a href=\"https:\/\/www.escapadarural.com\/blog\/casas-rurales-con-vistas-a-cascadas\/\" rel=\"bookmark\" aria-hidden=\"true\" tabindex=\"-1\"><img loading=\"lazy\" decoding=\"async\" width=\"1030\" height=\"773\" src=\"https:\/\/www.escapadarural.com\/blog\/wp-content\/uploads\/2026\/04\/Moli-de-Sotorres.jpg\" class=\"attachment-full size-full\" alt=\"Mol\u00ed de Sotorres (Tarragona)\" style=\"max-width: 600px; \" srcset=\"https:\/\/www.escapadarural.com\/blog\/wp-content\/uploads\/2026\/04\/Moli-de-Sotorres-200x150.jpg 200w, https:\/\/www.escapadarural.com\/blog\/wp-content\/uploads\/2026\/04\/Moli-de-Sotorres-300x225.jpg 300w, https:\/\/www.escapadarural.com\/blog\/wp-content\/uploads\/2026\/04\/Moli-de-Sotorres-400x300.jpg 400w, https:\/\/www.escapadarural.com\/blog\/wp-content\/uploads\/2026\/04\/Moli-de-Sotorres-600x450.jpg 600w, https:\/\/www.escapadarural.com\/blog\/wp-content\/uploads\/2026\/04\/Moli-de-Sotorres-768x576.jpg 768w, https:\/\/www.escapadarural.com\/blog\/wp-content\/uploads\/2026\/04\/Moli-de-Sotorres-800x600.jpg 800w, https:\/\/www.escapadarural.com\/blog\/wp-content\/uploads\/2026\/04\/Moli-de-Sotorres-1024x768.jpg 1024w, https:\/\/www.escapadarural.com\/blog\/wp-content\/uploads\/2026\/04\/Moli-de-Sotorres.jpg 1030w\" sizes=\"auto, (max-width: 1030px) 100vw, 1030px\"><\/a><\/div><div class=\"ub-block-post-grid-text\" style=\"\"><div class=\"ub-block-post-grid-header-content\"><header class=\"ub-block-post-grid-header\"><h3 class=\"ub-block-post-grid-title\"><a style=\"\" href=\"https:\/\/www.escapadarural.com\/blog\/casas-rurales-con-vistas-a-cascadas\/\" rel=\"bookmark\">Dormir frente a una cascada: 4 casas rurales pegadas a saltos de agua que hipnotizan<\/a><\/h3><div class=\"ub-block-post-grid-author\" itemprop=\"author\"><a class=\"ub-text-link\" style=\"\" href=\"https:\/\/www.escapadarural.com\/blog\/autor\/laura\/\" itemprop=\"url\" rel=\"author\"><span itemprop=\"name\">Laura Fern\u00e1ndez<\/span><\/a><\/div><time datetime=\"2026-04-28T11:34:04+02:00\" class=\"ub-block-post-grid-date\" style=\"\" itemprop=\"datePublished\">28 de abril de 2026<\/time><\/header><\/div><div class=\"ub-block-post-grid-excerpt\"><div class=\"ub-block-post-grid-excerpt-text\" style=\"\"><p>No es una app de meditaci\u00f3n. En estas casas rurales duermes junto a cascadas y con el sonido del agua cayendo. <\/p>\n<\/div><\/div><\/div><\/article>\n<article id=\"post-216553\" class=\"ub-post-grid-item post-216553 post type-post status-publish format-standard has-post-thumbnail hentry category-arte-y-cultura category-destinos tag-amigos tag-que-ver-en-caceres tag-que-ver-en-cordoba tag-familia tag-fiestas tag-que-ver-en-huelva tag-listado tag-que-ver-en-madrid tag-mayo tag-pareja tag-primavera tag-que-ver-en-salamanca tag-que-ver-en-sevilla tag-valle-del-jerte tag-que-ver-en-vizcaya\" style=\"\"><div class=\"ub-block-post-grid-image\" style=\"\"><a href=\"https:\/\/www.escapadarural.com\/blog\/planes-baratos-y-gratis-en-mayo\/\" rel=\"bookmark\" aria-hidden=\"true\" tabindex=\"-1\"><img loading=\"lazy\" decoding=\"async\" width=\"2048\" height=\"1154\" src=\"https:\/\/www.escapadarural.com\/blog\/wp-content\/uploads\/2026\/04\/AdobeStock_613579227-scaled.jpeg\" class=\"attachment-full size-full\" alt=\"Cerezos en flor en el Jerte (C\u00e1ceres). Por M.studio\" style=\"max-width: 600px; \" srcset=\"https:\/\/www.escapadarural.com\/blog\/wp-content\/uploads\/2026\/04\/AdobeStock_613579227-200x113.jpeg 200w, https:\/\/www.escapadarural.com\/blog\/wp-content\/uploads\/2026\/04\/AdobeStock_613579227-300x169.jpeg 300w, https:\/\/www.escapadarural.com\/blog\/wp-content\/uploads\/2026\/04\/AdobeStock_613579227-400x225.jpeg 400w, https:\/\/www.escapadarural.com\/blog\/wp-content\/uploads\/2026\/04\/AdobeStock_613579227-600x338.jpeg 600w, https:\/\/www.escapadarural.com\/blog\/wp-content\/uploads\/2026\/04\/AdobeStock_613579227-768x433.jpeg 768w, https:\/\/www.escapadarural.com\/blog\/wp-content\/uploads\/2026\/04\/AdobeStock_613579227-800x451.jpeg 800w, https:\/\/www.escapadarural.com\/blog\/wp-content\/uploads\/2026\/04\/AdobeStock_613579227-1024x577.jpeg 1024w, https:\/\/www.escapadarural.com\/blog\/wp-content\/uploads\/2026\/04\/AdobeStock_613579227-1200x676.jpeg 1200w, https:\/\/www.escapadarural.com\/blog\/wp-content\/uploads\/2026\/04\/AdobeStock_613579227-1536x866.jpeg 1536w, https:\/\/www.escapadarural.com\/blog\/wp-content\/uploads\/2026\/04\/AdobeStock_613579227-scaled.jpeg 2048w\" sizes=\"auto, (max-width: 2048px) 100vw, 2048px\"><\/a><\/div><div class=\"ub-block-post-grid-text\" style=\"\"><div class=\"ub-block-post-grid-header-content\"><header class=\"ub-block-post-grid-header\"><h3 class=\"ub-block-post-grid-title\"><a style=\"\" href=\"https:\/\/www.escapadarural.com\/blog\/planes-baratos-y-gratis-en-mayo\/\" rel=\"bookmark\">Planes baratos (o gratis) para un mayo sin sayo \u2600\ufe0f<\/a><\/h3><div class=\"ub-block-post-grid-author\" itemprop=\"author\"><a class=\"ub-text-link\" style=\"\" href=\"https:\/\/www.escapadarural.com\/blog\/autor\/laura\/\" itemprop=\"url\" rel=\"author\"><span itemprop=\"name\">Laura Fern\u00e1ndez<\/span><\/a><\/div><time datetime=\"2026-04-27T08:55:00+02:00\" class=\"ub-block-post-grid-date\" style=\"\" itemprop=\"datePublished\">27 de abril de 2026<\/time><\/header><\/div><div class=\"ub-block-post-grid-excerpt\"><div class=\"ub-block-post-grid-excerpt-text\" style=\"\"><p>Fiestas, flores, rutas, romer\u00edas en el campo\u2026. \u00a1No te pierdas los mejores planes para mayo! Son econ\u00f3micos, y algunos gratis. <\/p>\n<\/div><\/div><\/div><\/article>\n<\/div><\/section>","protected":false},"excerpt":{"rendered":"<p>Con 185 kil\u00f3metros, el Cam\u00ed de Cavalls es un ruta hist\u00f3rica que recorre todo el litoral de la isla de Menorca. El recorrido pasa por antiguas torres de vig\u00eda, as\u00ed como por playas y calas paradis\u00edacas. <\/p>\n","protected":false},"author":109,"featured_media":97221,"comment_status":"open","ping_status":"open","sticky":false,"template":"","format":"standard","meta":{"_acf_changed":false,"om_disable_all_campaigns":false,"footnotes":""},"categories":[1379],"tags":[943,4462,412,411,192,4282],"class_list":["post-53941","post","type-post","status-publish","format-standard","has-post-thumbnail","hentry","category-rutas-y-excursiones","tag-calas","tag-cami-de-cavalls","tag-que-ver-en-islas-baleares","tag-menorca","tag-playas","tag-playas-paradisiacas"],"acf":[],"featured_image_src":"https:\/\/www.escapadarural.com\/blog\/wp-content\/uploads\/2024\/10\/cami-de-cavalls-menorca-1024x683-1.jpg","author_info":{"display_name":"El\u00edsabet Garc\u00eda","author_link":"https:\/\/www.escapadarural.com\/blog\/autor\/lagranescapada\/"},"yoast_head":"<!-- This site is optimized with the Yoast SEO plugin v27.5 - https:\/\/yoast.com\/product\/yoast-seo-wordpress\/ -->\n<title>Cam\u00ed de Cavalls o c\u00f3mo dar la vuelta a Menorca - EscapadaRural<\/title>\n<meta name=\"robots\" content=\"index, follow, max-snippet:-1, max-image-preview:large, max-video-preview:-1\" \/>\n<link rel=\"canonical\" href=\"https:\/\/www.escapadarural.com\/blog\/cami-de-cavalls-menorca\/\" \/>\n<meta property=\"og:locale\" content=\"es_ES\" \/>\n<meta property=\"og:type\" content=\"article\" \/>\n<meta property=\"og:title\" content=\"Cam\u00ed de Cavalls o c\u00f3mo dar la vuelta a Menorca - EscapadaRural\" \/>\n<meta property=\"og:description\" content=\"Con 185 kil\u00f3metros, el Cam\u00ed de Cavalls es un ruta hist\u00f3rica que recorre todo el litoral de la isla de Menorca. El recorrido pasa por antiguas torres de vig\u00eda, as\u00ed como por playas y calas paradis\u00edacas.\" \/>\n<meta property=\"og:url\" content=\"https:\/\/www.escapadarural.com\/blog\/cami-de-cavalls-menorca\/\" \/>\n<meta property=\"og:site_name\" content=\"Magazine de viajes de EscapadaRural\" \/>\n<meta property=\"article:publisher\" content=\"https:\/\/www.facebook.com\/escapadarural\" \/>\n<meta property=\"article:published_time\" content=\"2022-08-24T09:13:55+00:00\" \/>\n<meta property=\"article:modified_time\" content=\"2025-04-23T11:31:20+00:00\" \/>\n<meta property=\"og:image\" content=\"https:\/\/www.escapadarural.com\/blog\/wp-content\/uploads\/2024\/10\/cami-de-cavalls-menorca-1024x683-1.jpg\" \/>\n\t<meta property=\"og:image:width\" content=\"1024\" \/>\n\t<meta property=\"og:image:height\" content=\"683\" \/>\n\t<meta property=\"og:image:type\" content=\"image\/jpeg\" \/>\n<meta name=\"author\" content=\"El\u00edsabet Garc\u00eda\" \/>\n<meta name=\"twitter:card\" content=\"summary_large_image\" \/>\n<meta name=\"twitter:label1\" content=\"Escrito por\" \/>\n\t<meta name=\"twitter:data1\" content=\"El\u00edsabet Garc\u00eda\" \/>\n\t<meta name=\"twitter:label2\" content=\"Tiempo de lectura\" \/>\n\t<meta name=\"twitter:data2\" content=\"4 minutos\" \/>\n<script type=\"application\/ld+json\" class=\"yoast-schema-graph\">{\"@context\":\"https:\\\/\\\/schema.org\",\"@graph\":[{\"@type\":\"Article\",\"@id\":\"https:\\\/\\\/www.escapadarural.com\\\/blog\\\/cami-de-cavalls-menorca\\\/#article\",\"isPartOf\":{\"@id\":\"https:\\\/\\\/www.escapadarural.com\\\/blog\\\/cami-de-cavalls-menorca\\\/\"},\"author\":{\"name\":\"El\u00edsabet Garc\u00eda\",\"@id\":\"https:\\\/\\\/www.escapadarural.com\\\/blog\\\/#\\\/schema\\\/person\\\/2cac652e2d16373a24890ffaa220140f\"},\"headline\":\"Cam\u00ed de Cavalls o c\u00f3mo dar la vuelta a Menorca\",\"datePublished\":\"2022-08-24T09:13:55+00:00\",\"dateModified\":\"2025-04-23T11:31:20+00:00\",\"mainEntityOfPage\":{\"@id\":\"https:\\\/\\\/www.escapadarural.com\\\/blog\\\/cami-de-cavalls-menorca\\\/\"},\"wordCount\":662,\"commentCount\":0,\"publisher\":{\"@id\":\"https:\\\/\\\/www.escapadarural.com\\\/blog\\\/#organization\"},\"image\":{\"@id\":\"https:\\\/\\\/www.escapadarural.com\\\/blog\\\/cami-de-cavalls-menorca\\\/#primaryimage\"},\"thumbnailUrl\":\"https:\\\/\\\/www.escapadarural.com\\\/blog\\\/wp-content\\\/uploads\\\/2024\\\/10\\\/cami-de-cavalls-menorca-1024x683-1.jpg\",\"keywords\":[\"Calas\",\"Cam\u00ed de Cavalls\",\"Islas Baleares\",\"Menorca\",\"playas\",\"Playas paradis\u00edacas\"],\"articleSection\":[\"Rutas y excursiones\"],\"inLanguage\":\"es\",\"potentialAction\":[{\"@type\":\"CommentAction\",\"name\":\"Comment\",\"target\":[\"https:\\\/\\\/www.escapadarural.com\\\/blog\\\/cami-de-cavalls-menorca\\\/#respond\"]}]},{\"@type\":\"WebPage\",\"@id\":\"https:\\\/\\\/www.escapadarural.com\\\/blog\\\/cami-de-cavalls-menorca\\\/\",\"url\":\"https:\\\/\\\/www.escapadarural.com\\\/blog\\\/cami-de-cavalls-menorca\\\/\",\"name\":\"Cam\u00ed de Cavalls o c\u00f3mo dar la vuelta a Menorca - EscapadaRural\",\"isPartOf\":{\"@id\":\"https:\\\/\\\/www.escapadarural.com\\\/blog\\\/#website\"},\"primaryImageOfPage\":{\"@id\":\"https:\\\/\\\/www.escapadarural.com\\\/blog\\\/cami-de-cavalls-menorca\\\/#primaryimage\"},\"image\":{\"@id\":\"https:\\\/\\\/www.escapadarural.com\\\/blog\\\/cami-de-cavalls-menorca\\\/#primaryimage\"},\"thumbnailUrl\":\"https:\\\/\\\/www.escapadarural.com\\\/blog\\\/wp-content\\\/uploads\\\/2024\\\/10\\\/cami-de-cavalls-menorca-1024x683-1.jpg\",\"datePublished\":\"2022-08-24T09:13:55+00:00\",\"dateModified\":\"2025-04-23T11:31:20+00:00\",\"breadcrumb\":{\"@id\":\"https:\\\/\\\/www.escapadarural.com\\\/blog\\\/cami-de-cavalls-menorca\\\/#breadcrumb\"},\"inLanguage\":\"es\",\"potentialAction\":[{\"@type\":\"ReadAction\",\"target\":[\"https:\\\/\\\/www.escapadarural.com\\\/blog\\\/cami-de-cavalls-menorca\\\/\"]}]},{\"@type\":\"ImageObject\",\"inLanguage\":\"es\",\"@id\":\"https:\\\/\\\/www.escapadarural.com\\\/blog\\\/cami-de-cavalls-menorca\\\/#primaryimage\",\"url\":\"https:\\\/\\\/www.escapadarural.com\\\/blog\\\/wp-content\\\/uploads\\\/2024\\\/10\\\/cami-de-cavalls-menorca-1024x683-1.jpg\",\"contentUrl\":\"https:\\\/\\\/www.escapadarural.com\\\/blog\\\/wp-content\\\/uploads\\\/2024\\\/10\\\/cami-de-cavalls-menorca-1024x683-1.jpg\",\"width\":1024,\"height\":683,\"caption\":\"Cam\u00ed de Cavalls, Menorca\"},{\"@type\":\"BreadcrumbList\",\"@id\":\"https:\\\/\\\/www.escapadarural.com\\\/blog\\\/cami-de-cavalls-menorca\\\/#breadcrumb\",\"itemListElement\":[{\"@type\":\"ListItem\",\"position\":1,\"name\":\"Inicio\",\"item\":\"https:\\\/\\\/www.escapadarural.com\\\/blog\\\/\"},{\"@type\":\"ListItem\",\"position\":2,\"name\":\"Rutas y excursiones\",\"item\":\"https:\\\/\\\/www.escapadarural.com\\\/blog\\\/categoria\\\/rutas-y-excursiones\\\/\"},{\"@type\":\"ListItem\",\"position\":3,\"name\":\"Cam\u00ed de Cavalls o c\u00f3mo dar la vuelta a Menorca\"}]},{\"@type\":\"WebSite\",\"@id\":\"https:\\\/\\\/www.escapadarural.com\\\/blog\\\/#website\",\"url\":\"https:\\\/\\\/www.escapadarural.com\\\/blog\\\/\",\"name\":\"Blog de viajes | turismo rural, alojamientos e inspiraci\u00f3n\",\"description\":\"Alojamientos rurales e inspiraci\u00f3n para tus escapadas\",\"publisher\":{\"@id\":\"https:\\\/\\\/www.escapadarural.com\\\/blog\\\/#organization\"},\"alternateName\":\"Magazine de viajes de EscapadaRural\",\"potentialAction\":[{\"@type\":\"SearchAction\",\"target\":{\"@type\":\"EntryPoint\",\"urlTemplate\":\"https:\\\/\\\/www.escapadarural.com\\\/blog\\\/?s={search_term_string}\"},\"query-input\":{\"@type\":\"PropertyValueSpecification\",\"valueRequired\":true,\"valueName\":\"search_term_string\"}}],\"inLanguage\":\"es\"},{\"@type\":\"Organization\",\"@id\":\"https:\\\/\\\/www.escapadarural.com\\\/blog\\\/#organization\",\"name\":\"EscapadaRural\",\"url\":\"https:\\\/\\\/www.escapadarural.com\\\/blog\\\/\",\"logo\":{\"@type\":\"ImageObject\",\"inLanguage\":\"es\",\"@id\":\"https:\\\/\\\/www.escapadarural.com\\\/blog\\\/#\\\/schema\\\/logo\\\/image\\\/\",\"url\":\"https:\\\/\\\/www.escapadarural.com\\\/blog\\\/wp-content\\\/uploads\\\/2024\\\/10\\\/cropped-cropped-escapada-rural-icon-mag-3.png\",\"contentUrl\":\"https:\\\/\\\/www.escapadarural.com\\\/blog\\\/wp-content\\\/uploads\\\/2024\\\/10\\\/cropped-cropped-escapada-rural-icon-mag-3.png\",\"width\":512,\"height\":512,\"caption\":\"EscapadaRural\"},\"image\":{\"@id\":\"https:\\\/\\\/www.escapadarural.com\\\/blog\\\/#\\\/schema\\\/logo\\\/image\\\/\"},\"sameAs\":[\"https:\\\/\\\/www.facebook.com\\\/escapadarural\",\"https:\\\/\\\/www.instagram.com\\\/escapadarural\\\/\",\"https:\\\/\\\/www.youtube.com\\\/@escapadaruralcom\"]},{\"@type\":\"Person\",\"@id\":\"https:\\\/\\\/www.escapadarural.com\\\/blog\\\/#\\\/schema\\\/person\\\/2cac652e2d16373a24890ffaa220140f\",\"name\":\"El\u00edsabet Garc\u00eda\",\"image\":{\"@type\":\"ImageObject\",\"inLanguage\":\"es\",\"@id\":\"https:\\\/\\\/www.escapadarural.com\\\/blog\\\/wp-content\\\/uploads\\\/2025\\\/02\\\/elisabet_gran_escapada.webp\",\"url\":\"https:\\\/\\\/www.escapadarural.com\\\/blog\\\/wp-content\\\/uploads\\\/2025\\\/02\\\/elisabet_gran_escapada.webp\",\"contentUrl\":\"https:\\\/\\\/www.escapadarural.com\\\/blog\\\/wp-content\\\/uploads\\\/2025\\\/02\\\/elisabet_gran_escapada.webp\",\"caption\":\"El\u00edsabet Garc\u00eda\"},\"description\":\"Hola a todos! Soy El\u00edsabet Garc\u00eda, Consultora Inform\u00e1tica y, desde hace 7 a\u00f1os, blogger de viajes. Me apasiona viajar, conocer lugares inh\u00f3spitos, experimentar aventuras, perderme por la naturaleza y saborear la gastronom\u00eda local de cada lugar. Coeditora del blog lagranescapada.com junto a Mar Gonz\u00e1lez, un lugar que creamos para compartir cada nueva escapada que hacemos por el mundo.\",\"sameAs\":[\"https:\\\/\\\/lagranescapada.com\\\/\"],\"url\":\"https:\\\/\\\/www.escapadarural.com\\\/blog\\\/autor\\\/lagranescapada\\\/\"}]}<\/script>\n<!-- \/ Yoast SEO plugin. -->","yoast_head_json":{"title":"Cam\u00ed de Cavalls o c\u00f3mo dar la vuelta a Menorca - EscapadaRural","robots":{"index":"index","follow":"follow","max-snippet":"max-snippet:-1","max-image-preview":"max-image-preview:large","max-video-preview":"max-video-preview:-1"},"canonical":"https:\/\/www.escapadarural.com\/blog\/cami-de-cavalls-menorca\/","og_locale":"es_ES","og_type":"article","og_title":"Cam\u00ed de Cavalls o c\u00f3mo dar la vuelta a Menorca - EscapadaRural","og_description":"Con 185 kil\u00f3metros, el Cam\u00ed de Cavalls es un ruta hist\u00f3rica que recorre todo el litoral de la isla de Menorca. El recorrido pasa por antiguas torres de vig\u00eda, as\u00ed como por playas y calas paradis\u00edacas.","og_url":"https:\/\/www.escapadarural.com\/blog\/cami-de-cavalls-menorca\/","og_site_name":"Magazine de viajes de EscapadaRural","article_publisher":"https:\/\/www.facebook.com\/escapadarural","article_published_time":"2022-08-24T09:13:55+00:00","article_modified_time":"2025-04-23T11:31:20+00:00","og_image":[{"width":1024,"height":683,"url":"https:\/\/www.escapadarural.com\/blog\/wp-content\/uploads\/2024\/10\/cami-de-cavalls-menorca-1024x683-1.jpg","type":"image\/jpeg"}],"author":"El\u00edsabet Garc\u00eda","twitter_card":"summary_large_image","twitter_misc":{"Escrito por":"El\u00edsabet Garc\u00eda","Tiempo de lectura":"4 minutos"},"schema":{"@context":"https:\/\/schema.org","@graph":[{"@type":"Article","@id":"https:\/\/www.escapadarural.com\/blog\/cami-de-cavalls-menorca\/#article","isPartOf":{"@id":"https:\/\/www.escapadarural.com\/blog\/cami-de-cavalls-menorca\/"},"author":{"name":"El\u00edsabet Garc\u00eda","@id":"https:\/\/www.escapadarural.com\/blog\/#\/schema\/person\/2cac652e2d16373a24890ffaa220140f"},"headline":"Cam\u00ed de Cavalls o c\u00f3mo dar la vuelta a Menorca","datePublished":"2022-08-24T09:13:55+00:00","dateModified":"2025-04-23T11:31:20+00:00","mainEntityOfPage":{"@id":"https:\/\/www.escapadarural.com\/blog\/cami-de-cavalls-menorca\/"},"wordCount":662,"commentCount":0,"publisher":{"@id":"https:\/\/www.escapadarural.com\/blog\/#organization"},"image":{"@id":"https:\/\/www.escapadarural.com\/blog\/cami-de-cavalls-menorca\/#primaryimage"},"thumbnailUrl":"https:\/\/www.escapadarural.com\/blog\/wp-content\/uploads\/2024\/10\/cami-de-cavalls-menorca-1024x683-1.jpg","keywords":["Calas","Cam\u00ed de Cavalls","Islas Baleares","Menorca","playas","Playas paradis\u00edacas"],"articleSection":["Rutas y excursiones"],"inLanguage":"es","potentialAction":[{"@type":"CommentAction","name":"Comment","target":["https:\/\/www.escapadarural.com\/blog\/cami-de-cavalls-menorca\/#respond"]}]},{"@type":"WebPage","@id":"https:\/\/www.escapadarural.com\/blog\/cami-de-cavalls-menorca\/","url":"https:\/\/www.escapadarural.com\/blog\/cami-de-cavalls-menorca\/","name":"Cam\u00ed de Cavalls o c\u00f3mo dar la vuelta a Menorca - EscapadaRural","isPartOf":{"@id":"https:\/\/www.escapadarural.com\/blog\/#website"},"primaryImageOfPage":{"@id":"https:\/\/www.escapadarural.com\/blog\/cami-de-cavalls-menorca\/#primaryimage"},"image":{"@id":"https:\/\/www.escapadarural.com\/blog\/cami-de-cavalls-menorca\/#primaryimage"},"thumbnailUrl":"https:\/\/www.escapadarural.com\/blog\/wp-content\/uploads\/2024\/10\/cami-de-cavalls-menorca-1024x683-1.jpg","datePublished":"2022-08-24T09:13:55+00:00","dateModified":"2025-04-23T11:31:20+00:00","breadcrumb":{"@id":"https:\/\/www.escapadarural.com\/blog\/cami-de-cavalls-menorca\/#breadcrumb"},"inLanguage":"es","potentialAction":[{"@type":"ReadAction","target":["https:\/\/www.escapadarural.com\/blog\/cami-de-cavalls-menorca\/"]}]},{"@type":"ImageObject","inLanguage":"es","@id":"https:\/\/www.escapadarural.com\/blog\/cami-de-cavalls-menorca\/#primaryimage","url":"https:\/\/www.escapadarural.com\/blog\/wp-content\/uploads\/2024\/10\/cami-de-cavalls-menorca-1024x683-1.jpg","contentUrl":"https:\/\/www.escapadarural.com\/blog\/wp-content\/uploads\/2024\/10\/cami-de-cavalls-menorca-1024x683-1.jpg","width":1024,"height":683,"caption":"Cam\u00ed de Cavalls, Menorca"},{"@type":"BreadcrumbList","@id":"https:\/\/www.escapadarural.com\/blog\/cami-de-cavalls-menorca\/#breadcrumb","itemListElement":[{"@type":"ListItem","position":1,"name":"Inicio","item":"https:\/\/www.escapadarural.com\/blog\/"},{"@type":"ListItem","position":2,"name":"Rutas y excursiones","item":"https:\/\/www.escapadarural.com\/blog\/categoria\/rutas-y-excursiones\/"},{"@type":"ListItem","position":3,"name":"Cam\u00ed de Cavalls o c\u00f3mo dar la vuelta a Menorca"}]},{"@type":"WebSite","@id":"https:\/\/www.escapadarural.com\/blog\/#website","url":"https:\/\/www.escapadarural.com\/blog\/","name":"Blog de viajes | turismo rural, alojamientos e inspiraci\u00f3n","description":"Alojamientos rurales e inspiraci\u00f3n para tus escapadas","publisher":{"@id":"https:\/\/www.escapadarural.com\/blog\/#organization"},"alternateName":"Magazine de viajes de EscapadaRural","potentialAction":[{"@type":"SearchAction","target":{"@type":"EntryPoint","urlTemplate":"https:\/\/www.escapadarural.com\/blog\/?s={search_term_string}"},"query-input":{"@type":"PropertyValueSpecification","valueRequired":true,"valueName":"search_term_string"}}],"inLanguage":"es"},{"@type":"Organization","@id":"https:\/\/www.escapadarural.com\/blog\/#organization","name":"EscapadaRural","url":"https:\/\/www.escapadarural.com\/blog\/","logo":{"@type":"ImageObject","inLanguage":"es","@id":"https:\/\/www.escapadarural.com\/blog\/#\/schema\/logo\/image\/","url":"https:\/\/www.escapadarural.com\/blog\/wp-content\/uploads\/2024\/10\/cropped-cropped-escapada-rural-icon-mag-3.png","contentUrl":"https:\/\/www.escapadarural.com\/blog\/wp-content\/uploads\/2024\/10\/cropped-cropped-escapada-rural-icon-mag-3.png","width":512,"height":512,"caption":"EscapadaRural"},"image":{"@id":"https:\/\/www.escapadarural.com\/blog\/#\/schema\/logo\/image\/"},"sameAs":["https:\/\/www.facebook.com\/escapadarural","https:\/\/www.instagram.com\/escapadarural\/","https:\/\/www.youtube.com\/@escapadaruralcom"]},{"@type":"Person","@id":"https:\/\/www.escapadarural.com\/blog\/#\/schema\/person\/2cac652e2d16373a24890ffaa220140f","name":"El\u00edsabet Garc\u00eda","image":{"@type":"ImageObject","inLanguage":"es","@id":"https:\/\/www.escapadarural.com\/blog\/wp-content\/uploads\/2025\/02\/elisabet_gran_escapada.webp","url":"https:\/\/www.escapadarural.com\/blog\/wp-content\/uploads\/2025\/02\/elisabet_gran_escapada.webp","contentUrl":"https:\/\/www.escapadarural.com\/blog\/wp-content\/uploads\/2025\/02\/elisabet_gran_escapada.webp","caption":"El\u00edsabet Garc\u00eda"},"description":"Hola a todos! Soy El\u00edsabet Garc\u00eda, Consultora Inform\u00e1tica y, desde hace 7 a\u00f1os, blogger de viajes. Me apasiona viajar, conocer lugares inh\u00f3spitos, experimentar aventuras, perderme por la naturaleza y saborear la gastronom\u00eda local de cada lugar. Coeditora del blog lagranescapada.com junto a Mar Gonz\u00e1lez, un lugar que creamos para compartir cada nueva escapada que hacemos por el mundo.","sameAs":["https:\/\/lagranescapada.com\/"],"url":"https:\/\/www.escapadarural.com\/blog\/autor\/lagranescapada\/"}]}},"_links":{"self":[{"href":"https:\/\/www.escapadarural.com\/blog\/wp-json\/wp\/v2\/posts\/53941","targetHints":{"allow":["GET"]}}],"collection":[{"href":"https:\/\/www.escapadarural.com\/blog\/wp-json\/wp\/v2\/posts"}],"about":[{"href":"https:\/\/www.escapadarural.com\/blog\/wp-json\/wp\/v2\/types\/post"}],"author":[{"embeddable":true,"href":"https:\/\/www.escapadarural.com\/blog\/wp-json\/wp\/v2\/users\/109"}],"replies":[{"embeddable":true,"href":"https:\/\/www.escapadarural.com\/blog\/wp-json\/wp\/v2\/comments?post=53941"}],"version-history":[{"count":0,"href":"https:\/\/www.escapadarural.com\/blog\/wp-json\/wp\/v2\/posts\/53941\/revisions"}],"wp:featuredmedia":[{"embeddable":true,"href":"https:\/\/www.escapadarural.com\/blog\/wp-json\/wp\/v2\/media\/97221"}],"wp:attachment":[{"href":"https:\/\/www.escapadarural.com\/blog\/wp-json\/wp\/v2\/media?parent=53941"}],"wp:term":[{"taxonomy":"category","embeddable":true,"href":"https:\/\/www.escapadarural.com\/blog\/wp-json\/wp\/v2\/categories?post=53941"},{"taxonomy":"post_tag","embeddable":true,"href":"https:\/\/www.escapadarural.com\/blog\/wp-json\/wp\/v2\/tags?post=53941"}],"curies":[{"name":"wp","href":"https:\/\/api.w.org\/{rel}","templated":true}]}}