{"id":53975,"date":"2022-08-22T12:54:41","date_gmt":"2022-08-22T11:54:41","guid":{"rendered":"https:\/\/www.escapadarural.com\/blog\/?p=53975"},"modified":"2026-02-17T17:20:14","modified_gmt":"2026-02-17T16:20:14","slug":"isla-de-buda","status":"publish","type":"post","link":"https:\/\/www.escapadarural.com\/blog\/isla-de-buda\/","title":{"rendered":"La isla desconocida de Catalu\u00f1a que est\u00e1 en peligro de extinci\u00f3n"},"content":{"rendered":"\n<p>Solo hay una forma de acceder a la isla de Buda y es haciendo turismo rural<\/p>\n\n\n\n<figure class=\"wp-block-image size-large\"><a href=\"https:\/\/www.escapadarural.com\/blog\/wp-content\/uploads\/isla-de-Buda-masia-3.jpg\"><img decoding=\"async\" src=\"https:\/\/www.escapadarural.com\/blog\/wp-content\/uploads\/isla-de-Buda-masia-3.jpg\" alt=\"Mas\u00eda Isla de Buda\" class=\"wp-image-54120\"\/><\/a><figcaption class=\"wp-element-caption\">Mas\u00eda Isla de Buda. Por Guillermo Bor\u00e9s<\/figcaption><\/figure>\n\n\n\n<p>Buda es una isla pr\u00e1cticamente desconocida. Pregunto a mis conocidos de Barcelona: quiere sonarles, pero no han o\u00eddo hablar mucho de ella. Es curioso, todos han estado en el<a href=\"https:\/\/www.escapadarural.com\/casas-rurales\/delta-de-l-ebre\"> Delta del Ebro<\/a> y all\u00ed es donde se encuentra, en el extremo oriental. \u00bfPor qu\u00e9 nadie parece conocer la <strong>isla m\u00e1s grande de Catalu\u00f1a<\/strong>?<\/p>\n\n\n\n<p>Una barra cil\u00edndrica levadiza situada al norte de la playa Migjorn -en pleno delta y que colinda con la playa Illa de Buda- impide el paso de veh\u00edculos. Justo al lado un cartel nos advierte que el acceso est\u00e1 restringido. Es principios de junio, un lunes festivo en Catalu\u00f1a y, a pesar del calor que anuncia la inminente llegada del verano, sorprende ver que aquella playa salvaje no est\u00e1 masificada. A los que vivimos en Barcelona eso nos llama especialmente la atenci\u00f3n, pues estamos acostumbrados a que en el litoral barcelon\u00e9s ni en primavera hay hueco para estirar la toalla. Aquello era un regalo de la naturaleza.&nbsp;<\/p>\n\n\n\n<figure class=\"wp-block-image size-large\"><img decoding=\"async\" src=\"https:\/\/www.escapadarural.com\/blog\/wp-content\/uploads\/playa-isla-de-Buda-1024x461.jpg\" alt=\"Playa de la isla de Buda\" class=\"wp-image-54118\"\/><figcaption class=\"wp-element-caption\">Playa de la isla de Buda. Por Laura Fern\u00e1ndez<\/figcaption><\/figure>\n\n\n\n<p>Desde el aparcamiento que hay junto a la playa, un hombre de mediana estatura, de ojos sonrientes y vestido con un polo azul el\u00e9ctrico nos hace aspavientos para llamar nuestra atenci\u00f3n. Es Guillermo Bor\u00e9s, el <strong>due\u00f1o de la mitad de la isla<\/strong>. La otra parte fue vendida por una de sus t\u00edas al Departamento de Medio Ambiente de la Generalitat de Catalu\u00f1a.&nbsp;<\/p>\n\n\n\n<p>&#8211; \u00bfVeis aquel faro en medio del mar?-&nbsp; nos pregunta al acercarnos a su coche mientras se\u00f1ala los m\u00e1s de 3 kil\u00f3metros que lo separan del litoral.&nbsp;<\/p>\n\n\n\n<p>&#8211; Antiguamente estaba a pie de playa. El mar se ha tragado parte de la costa- nos dice mientras eleva el paso que da acceso a Buda, una isla mar\u00edtima fluvial que conforma uno de los humedales mejor conservados de Espa\u00f1a y que, debido al cambio clim\u00e1tico y a la acumulaci\u00f3n de sedimentos en los embalses, est\u00e1 a punto de desaparecer.&nbsp;<\/p>\n\n\n\n<h2 class=\"wp-block-heading\" id=\"h-la-gran-fiesta-que-duro-100-anos\"><strong>La gran fiesta que dur\u00f3 100 a\u00f1os<\/strong><\/h2>\n\n\n\n<figure class=\"wp-block-image size-large\"><a href=\"https:\/\/www.escapadarural.com\/blog\/wp-content\/uploads\/isla-de-Buda-masi-2-scaled.jpg\"><img decoding=\"async\" src=\"https:\/\/www.escapadarural.com\/blog\/wp-content\/uploads\/isla-de-Buda-masi-2-1024x587.jpg\" alt=\"Mas\u00eda Isla de Buda\" class=\"wp-image-54115\"\/><\/a><figcaption class=\"wp-element-caption\">Mas\u00eda Isla de Buda<\/figcaption><\/figure>\n\n\n\n<p>A trav\u00e9s de un largo camino de tierra, rodeado de arrozales y alguna peque\u00f1a laguna, donde se pueden ver flamencos y caballos, llegamos hasta la mas\u00eda<a href=\"https:\/\/www.escapadarural.com\/casa-rural\/tarragona\/isla-de-buda\"> Isla de Buda<\/a>. Una casa rural de estilo valenciano construida a finales del s. XIX con 3 alturas. \u201cDesde 2010 la estamos alquilando en r\u00e9gimen de <em>masoveria<\/em> (para el turismo rural)\u201d , nos explica Bor\u00e9s. La casa tiene capacidad para unas 15 personas y su alquiler es la \u00fanica forma de acceder y recorrer esta isla privada.&nbsp;<\/p>\n\n\n\n<p>\u201cMis antepasados, concretamente mi abuelo y su hermano, compraron la isla de Buda en 1924\u201d, dice mientras inspeccionamos el terreno. La mas\u00eda, cuya construcci\u00f3n es anterior a la llegada de sus familiares, fue el centro neur\u00e1lgico de un pueblo que <strong>a mediados del siglo XIX alberg\u00f3 hasta 450 personas<\/strong>. Muchos viv\u00edan en los alrededores, en chozas, en casas hechas de ca\u00f1a y barro que fueron desapareciendo con el paso del tiempo.&nbsp;<\/p>\n\n\n\n<p>Unas 65 familias se instalaron en Buda para <strong>trabajar en los arrozales<\/strong>, una actividad que es la se\u00f1a de identidad del Delta del Ebro y que Bor\u00e9s sigue manteniendo viva en sus 160 hect\u00e1reas de arrozales. En ellas cultivan dos variedades: marisma y bomba. Las dos est\u00e1n en el mercado bajo el nombre de <a href=\"https:\/\/isladebuda.es\/\" target=\"_blank\" aria-label=\"Illa de Buda o Isla de Buda (opens in a new tab)\" rel=\"noreferrer noopener\" class=\"rank-math-link\">Illa de Buda o Isla de Buda<\/a>, en los dos idiomas. Los habitantes de la isla, en cambio, se han ido.&nbsp;<\/p>\n\n\n\n<figure class=\"wp-block-image size-large\"><a href=\"https:\/\/www.escapadarural.com\/blog\/wp-content\/uploads\/isla-de-Buda-labores.jpg\"><img decoding=\"async\" src=\"https:\/\/www.escapadarural.com\/blog\/wp-content\/uploads\/isla-de-Buda-labores-1024x768.jpg\" alt=\"Isla de Buda\" class=\"wp-image-54114\"\/><\/a><figcaption class=\"wp-element-caption\">Isla de Buda. Por mas\u00eda Isla de Buda<\/figcaption><\/figure>\n\n\n\n<p>\u201cYo siempre explico que en la isla de Buda vivimos una gran fiesta que dur\u00f3 100 a\u00f1os. Empez\u00f3 a mediados del siglo XIX, cuando se comenz\u00f3 a cultivar arroz en el delta, y dur\u00f3 hasta mediados del siglo XX\u201d, nos explica Guillermo Bor\u00e9s con nostalgia.&nbsp;<\/p>\n\n\n\n<p>Nos se\u00f1ala la esquina de la mas\u00eda. All\u00ed hab\u00eda un bar, una taberna grande que serv\u00eda como punto de reuni\u00f3n para los habitantes de la isla. Encajada en el centro del complejo, justo al lado de los graneros y almacenes, sobresale la iglesia. En aquella \u00e9poca, \u201cBajaba un sacerdote de Tortosa los domingos a oficiar la santa misa\u201d, nos explica Bor\u00e9s mientras contemplamos su fachada, de color blanco roto. Entre semana, las mesas se convert\u00edan en pupitres reclinables y el templo funcionaba de escuela. Buda ten\u00eda una maestra que viv\u00eda en la mas\u00eda.&nbsp;<\/p>\n\n\n\n<p>\u201cFue una fiesta muy bonita. La gente se quer\u00eda, se respetaba. Cantaban, hab\u00eda alegr\u00eda y felicidad. No hab\u00eda dinero, sobre todo en la posguerra, pero nunca faltaron recursos de ning\u00fan tipo\u201d, recuerda. \u201cF\u00edjate si se sent\u00eda orgullosa la gente que hab\u00eda vivido, nacido o trabajado aqu\u00ed, que todas esas personas tienen la honra de llamarse buderos. <strong>Es uno de los pocos lugares que, sin ser un municipio o una ciudad, mantiene el gentilicio de la zona<\/strong>\u201d. La isla de Buda pertenece al municipio de Sant Jaume d&#8217;Enveja, en la comarca del Montsi\u00e0.&nbsp;<\/p>\n\n\n\n<figure class=\"wp-block-image size-large\"><a href=\"https:\/\/www.escapadarural.com\/blog\/wp-content\/uploads\/isla-de-Buda-caminos-scaled.jpg\"><img decoding=\"async\" src=\"https:\/\/www.escapadarural.com\/blog\/wp-content\/uploads\/isla-de-Buda-caminos-1024x456.jpg\" alt=\"Caminos en la isla de Buda\" class=\"wp-image-54117\"\/><\/a><figcaption class=\"wp-element-caption\">Caminos en la isla de Buda. Por Laura Fern\u00e1ndez<\/figcaption><\/figure>\n\n\n\n<p>Para salir de la isla, Bor\u00e9s explica que <strong>antiguamente hab\u00eda una barcaza que atravesaba el r\u00edo<\/strong> de una orilla a otra. Estaba compuesta por tres la\u00fades: la Ni\u00f1a, la Pinta y la Santa Mar\u00eda, tres barcos que eran la base de la flotaci\u00f3n. Sobre ellas se coloc\u00f3 una plataforma de madera y una barandilla para evitar que los vecinos se cayesen al agua. La barcaza estaba motorizada, por lo que tambi\u00e9n sirvi\u00f3 para transportar el arroz que produc\u00edan, as\u00ed como para bajar el abono y otras materias primas que necesitaban.&nbsp;<\/p>\n\n\n\n<p>Estas embarcaciones se dejaron de utilizar con la mejora de las carreteras y el transporte. La gente empez\u00f3 a entrar y salir de Buda con motos, coches, tractores\u2026 Por lo que dejaron de tener la necesidad de vivir en la isla y comenzaron a habitar los pueblos de los alrededores.&nbsp;<\/p>\n\n\n\n<figure class=\"wp-block-image size-large\"><a href=\"https:\/\/www.escapadarural.com\/blog\/wp-content\/uploads\/isla-de-Buda-laguna-scaled.jpg\"><img decoding=\"async\" src=\"https:\/\/www.escapadarural.com\/blog\/wp-content\/uploads\/isla-de-Buda-laguna-1024x461.jpg\" alt=\"Laguna isla de Buda\" class=\"wp-image-54119\"\/><\/a><figcaption class=\"wp-element-caption\">Laguna en la isla de Buda. Por Laura Fern\u00e1ndez<\/figcaption><\/figure>\n\n\n\n<p>En aquella \u00e9poca la tierra era muy f\u00e9rtil. Hab\u00eda huertas, frutales, ganado y en las lagunas se hac\u00edan trabajos pisc\u00edcolas que serv\u00edan para alimentar a toda la isla. \u201cNo lo es ahora, por culpa de la sal que ha ido subiendo\u201d, se queja Bor\u00e9s. \u201cAhora no plantes una tomatera porque no va a hacer flor. En 70 a\u00f1os todo esto ha cambiado\u201d, explica. \u201cSe est\u00e1 salinizando el acu\u00edfero y esto se resiente incluso en el arroz. No es una finca que produzca grandes cantidades de arroz, aunque s\u00ed es de gran calidad\u201d.&nbsp;<\/p>\n\n\n\n<h2 class=\"wp-block-heading\" id=\"h-el-faro-que-alumbra-la-desaparicion-de-buda\"><strong>El faro que alumbra la desaparici\u00f3n de Buda<\/strong><\/h2>\n\n\n\n<p>Desde las inmediaciones del litoral de la isla de Buda, Guillermo Bor\u00e9s nos vuelve a se\u00f1alar el faro. Est\u00e1 tan lejos que con los destellos del sol cuesta avistarlo. \u201cEl faro de Buda fue la estructura met\u00e1lica m\u00e1s alta del mundo en sus tiempos\u201d, nos dice. Ten\u00eda <strong>53 metros de altura<\/strong>.&nbsp;<\/p>\n\n\n\n<figure class=\"wp-block-image size-large\"><a href=\"https:\/\/www.escapadarural.com\/blog\/wp-content\/uploads\/Faro_de_Buda_ROP.png\"><img decoding=\"async\" src=\"https:\/\/www.escapadarural.com\/blog\/wp-content\/uploads\/Faro_de_Buda_ROP-687x1024.png\" alt=\"Antiguo faro de Buda\" class=\"wp-image-54126\"\/><\/a><figcaption class=\"wp-element-caption\">Antiguo faro de Buda. Imagen publicada Por Lucio del Valle Arana y sacada de la Revista de Obras P\u00fablicas (1897)<\/figcaption><\/figure>\n\n\n\n<p>Fue construido en 1864 en Birmingham -en aquella \u00e9poca era la ciudad de la metalurgia por excelencia en Europa- por el ingeniero John Porter y el arquitecto espa\u00f1ol Lucio del Valle. Sin embargo, el que apenas podemos intuir en el horizonte no es el original, sino un sustituto.&nbsp;<\/p>\n\n\n\n<p>El gigante de hierro se hundi\u00f3 en el mar durante un temporal en 1961. \u201cDur\u00f3 casi 100 a\u00f1os, se cay\u00f3 el d\u00eda de Navidad, el 25 de diciembre, como consecuencia de la regresi\u00f3n de la costa que ahora tanto nos hace sufrir. Cay\u00f3 y ahora duerme el sue\u00f1o de los justos a diez metros de profundidad y tres kil\u00f3metros de la actual costa\u201d, lamenta Bor\u00e9s. Formaba parte de un sistema de faros cuya misi\u00f3n era <strong>alumbrar la desembocadura del Ebro<\/strong>.&nbsp;<\/p>\n\n\n\n<p>Desde entonces, el Mediterr\u00e1neo no ha parado de ganar terreno. \u201cEn los a\u00f1os 40-50 se construyeron los pantanos en la cuenca del Ebro, en especial los de Ribarroja y Mequinenza que son los que m\u00e1s sedimentos retuvieron. Esta retenci\u00f3n de los sedimentos en la cuenca ha sido la consecuencia de que el delta est\u00e9 en regresi\u00f3n. Aquel pulso que durante muchos a\u00f1os mantuvieron el r\u00edo y el mar, y que siempre ganaba el r\u00edo porque era capaz de aportar m\u00e1s sedimentos que el mar de erosionarlos, este pulso ahora lo gana el mar\u201d.&nbsp;<\/p>\n\n\n<div style=\"background-color: #d9edf7; color: #31708f; border-left-color: #31708f; \" class=\"ub-styled-box ub-notification-box wp-block-ub-styled-box\" id=\"ub-styled-box-c6e27d80-415a-45c4-9433-997bf3f063ea\">\n<p id=\"ub-styled-box-notification-content-\">A la isla de Buda le quedan 5 o 10 a\u00f1os de vida, nada m\u00e1s<\/p>\n\n\n\n<p>Guillermo Bor\u00e9s<\/p>\n\n\n\n<p>Propietario de la mitad de la isla de Buda<\/p>\n\n\n<\/div>\n\n\n<p>Este fen\u00f3meno regresivo es un drama para la isla, pues en las zonas inundables <strong>el cambio clim\u00e1tico est\u00e1 ocasionando una mayor frecuencia de temporales<\/strong>. En 2017 la tempestad se llev\u00f3 por delante arrozales, inund\u00f3 fincas, destroz\u00f3 caminos y se trag\u00f3 parte de las playas del litoral.&nbsp;<\/p>\n\n\n\n<figure class=\"wp-block-image size-large\"><a href=\"https:\/\/www.escapadarural.com\/blog\/wp-content\/uploads\/isla-de-buda-flamencos-scaled.jpg\"><img decoding=\"async\" src=\"https:\/\/www.escapadarural.com\/blog\/wp-content\/uploads\/isla-de-buda-flamencos-1024x725.jpg\" alt=\"isla de Buda, flamencos\" class=\"wp-image-54121\"\/><\/a><figcaption class=\"wp-element-caption\">Flamencos en la isla de Buda. Por Mas\u00eda Isla de Buda<\/figcaption><\/figure>\n\n\n\n<p>La tragedia provoc\u00f3, seg\u00fan Bor\u00e9s, un estr\u00e9s osm\u00f3tico que es cuando hay un aumento brusco de la salinidad del agua y que afecta a las plantas, algas y a los animales que habitan las lagunas de agua dulce. La mayor parte de estos seres vivos sufren una muerte s\u00fabita, se rompe la cadena tr\u00f3fica y las aves emigran. \u201cEsto es muy grave porque <strong>la isla de Buda contiene un 45% de la fauna orn\u00edtica del Delta del Ebro<\/strong>\u201d, nos dice.&nbsp;<\/p>\n\n\n\n<p>Para Guillermo Bor\u00e9s, una de las soluciones es devolver a las playas su funci\u00f3n medioambiental. Actualmente, est\u00e1n tan deterioradas que cualquier temporal de media o baja intensidad ya produce la intrusi\u00f3n marina abriendo <em>golas<\/em>, gargantas que conectan directamente las lagunas con el mar. La \u00fanica defensa son las carreteras elevadas de fango y arcilla que pueden ser erosionadas con facilidad si el mar es muy bravo.&nbsp;<\/p>\n\n\n\n<p>Despu\u00e9s de 15 a\u00f1os alertando del problema sin obtener respuesta, el empresario considera que <strong>no es la naturaleza la que ha provocado el fen\u00f3meno regresivo del delta<\/strong>. \u201cEstamos hablando de presas que retienen sedimentos del cauce del r\u00edo y del cambio clim\u00e1tico por culpa del hombre, por lo que es el hombre el que tiene que poner soluci\u00f3n y arreglar lo que estropea\u201d, dice con indignaci\u00f3n.&nbsp;<\/p>\n\n\n\n<p>Si no se act\u00faa, las consecuencias pueden ser devastadoras. Seg\u00fan Bor\u00e9s,&nbsp; \u201cA la isla de Buda le quedan 5 o 10 a\u00f1os de vida, nada m\u00e1s\u201d.<\/p>\n\n\n\n<figure class=\"wp-block-embed is-type-video is-provider-youtube wp-block-embed-youtube wp-embed-aspect-16-9 wp-has-aspect-ratio\"><div class=\"wp-block-embed__wrapper\">\n<span class=\"rTvRbtyAcdP9kQHWNJ4COGl1e5aK0pD\"><div class=\"video-shortcode\"><iframe title=\"El \u00daLTIMO habitante de la Isla de BUDA\" width=\"1200\" height=\"675\" src=\"https:\/\/www.youtube.com\/embed\/azIPV52AdoQ?feature=oembed\" frameborder=\"0\" allow=\"accelerometer; autoplay; clipboard-write; encrypted-media; gyroscope; picture-in-picture; web-share\" referrerpolicy=\"strict-origin-when-cross-origin\" allowfullscreen><\/iframe><\/div><\/span>\n<\/div><\/figure>\n","protected":false},"excerpt":{"rendered":"<p>A pesar de que es poco conocida, la isla de Buda es la m\u00e1s grande de Catalu\u00f1a. Est\u00e1 situada en el Delta del Ebro y es uno de los humedales m\u00e1s importantes de Espa\u00f1a. Su acceso est\u00e1 restringido y solo podemos conocerla haciendo turismo rural. <\/p>\n","protected":false},"author":89,"featured_media":99668,"comment_status":"open","ping_status":"open","sticky":false,"template":"","format":"standard","meta":{"_acf_changed":false,"om_disable_all_campaigns":false,"footnotes":""},"categories":[247],"tags":[4328,5994,262,440,4333,2302,1416,537],"class_list":["post-53975","post","type-post","status-publish","format-standard","has-post-thumbnail","hentry","category-alojamientos-rurales","tag-arroz-de-la-isla-de-buda","tag-que-ver-en-cataluna","tag-delta-del-ebro","tag-historias-y-curiosidades","tag-isla-de-buda","tag-islas","tag-longform","tag-que-ver-en-tarragona"],"acf":[],"featured_image_src":"https:\/\/www.escapadarural.com\/blog\/wp-content\/uploads\/2024\/10\/isla-de-Buda-masia-3-1.jpg","author_info":{"display_name":"Laura Fern\u00e1ndez","author_link":"https:\/\/www.escapadarural.com\/blog\/autor\/laura\/"},"yoast_head":"<!-- This site is optimized with the Yoast SEO plugin v27.5 - https:\/\/yoast.com\/product\/yoast-seo-wordpress\/ -->\n<title>La isla desconocida de Catalu\u00f1a que est\u00e1 en peligro de extinci\u00f3n - EscapadaRural<\/title>\n<meta name=\"robots\" content=\"index, follow, max-snippet:-1, max-image-preview:large, max-video-preview:-1\" \/>\n<link rel=\"canonical\" href=\"https:\/\/www.escapadarural.com\/blog\/isla-de-buda\/\" \/>\n<meta property=\"og:locale\" content=\"es_ES\" \/>\n<meta property=\"og:type\" content=\"article\" \/>\n<meta property=\"og:title\" content=\"La isla desconocida de Catalu\u00f1a que est\u00e1 en peligro de extinci\u00f3n - EscapadaRural\" \/>\n<meta property=\"og:description\" content=\"A pesar de que es poco conocida, la isla de Buda es la m\u00e1s grande de Catalu\u00f1a. Est\u00e1 situada en el Delta del Ebro y es uno de los humedales m\u00e1s importantes de Espa\u00f1a. Su acceso est\u00e1 restringido y solo podemos conocerla haciendo turismo rural.\" \/>\n<meta property=\"og:url\" content=\"https:\/\/www.escapadarural.com\/blog\/isla-de-buda\/\" \/>\n<meta property=\"og:site_name\" content=\"Magazine de viajes de EscapadaRural\" \/>\n<meta property=\"article:publisher\" content=\"https:\/\/www.facebook.com\/escapadarural\" \/>\n<meta property=\"article:published_time\" content=\"2022-08-22T11:54:41+00:00\" \/>\n<meta property=\"article:modified_time\" content=\"2026-02-17T16:20:14+00:00\" \/>\n<meta property=\"og:image\" content=\"https:\/\/www.escapadarural.com\/blog\/wp-content\/uploads\/2024\/10\/isla-de-Buda-masia-3-1.jpg\" \/>\n\t<meta property=\"og:image:width\" content=\"960\" \/>\n\t<meta property=\"og:image:height\" content=\"621\" \/>\n\t<meta property=\"og:image:type\" content=\"image\/jpeg\" \/>\n<meta name=\"author\" content=\"Laura Fern\u00e1ndez\" \/>\n<meta name=\"twitter:card\" content=\"summary_large_image\" \/>\n<meta name=\"twitter:label1\" content=\"Escrito por\" \/>\n\t<meta name=\"twitter:data1\" content=\"Laura Fern\u00e1ndez\" \/>\n\t<meta name=\"twitter:label2\" content=\"Tiempo de lectura\" \/>\n\t<meta name=\"twitter:data2\" content=\"10 minutos\" \/>\n<script type=\"application\/ld+json\" class=\"yoast-schema-graph\">{\"@context\":\"https:\\\/\\\/schema.org\",\"@graph\":[{\"@type\":\"Article\",\"@id\":\"https:\\\/\\\/www.escapadarural.com\\\/blog\\\/isla-de-buda\\\/#article\",\"isPartOf\":{\"@id\":\"https:\\\/\\\/www.escapadarural.com\\\/blog\\\/isla-de-buda\\\/\"},\"author\":{\"name\":\"Laura Fern\u00e1ndez\",\"@id\":\"https:\\\/\\\/www.escapadarural.com\\\/blog\\\/#\\\/schema\\\/person\\\/a9b46ae4d047d8a2c719f31e75206cff\"},\"headline\":\"La isla desconocida de Catalu\u00f1a que est\u00e1 en peligro de extinci\u00f3n\",\"datePublished\":\"2022-08-22T11:54:41+00:00\",\"dateModified\":\"2026-02-17T16:20:14+00:00\",\"mainEntityOfPage\":{\"@id\":\"https:\\\/\\\/www.escapadarural.com\\\/blog\\\/isla-de-buda\\\/\"},\"wordCount\":1846,\"commentCount\":3,\"publisher\":{\"@id\":\"https:\\\/\\\/www.escapadarural.com\\\/blog\\\/#organization\"},\"image\":{\"@id\":\"https:\\\/\\\/www.escapadarural.com\\\/blog\\\/isla-de-buda\\\/#primaryimage\"},\"thumbnailUrl\":\"https:\\\/\\\/www.escapadarural.com\\\/blog\\\/wp-content\\\/uploads\\\/2024\\\/10\\\/isla-de-Buda-masia-3-1.jpg\",\"keywords\":[\"Arroz de la Isla de Buda\",\"Catalu\u00f1a\",\"Delta del Ebro\",\"Historias y Curiosidades\",\"Isla de Buda\",\"Islas\",\"longform\",\"Tarragona\"],\"articleSection\":[\"Alojamientos rurales\"],\"inLanguage\":\"es\",\"potentialAction\":[{\"@type\":\"CommentAction\",\"name\":\"Comment\",\"target\":[\"https:\\\/\\\/www.escapadarural.com\\\/blog\\\/isla-de-buda\\\/#respond\"]}]},{\"@type\":\"WebPage\",\"@id\":\"https:\\\/\\\/www.escapadarural.com\\\/blog\\\/isla-de-buda\\\/\",\"url\":\"https:\\\/\\\/www.escapadarural.com\\\/blog\\\/isla-de-buda\\\/\",\"name\":\"La isla desconocida de Catalu\u00f1a que est\u00e1 en peligro de extinci\u00f3n - EscapadaRural\",\"isPartOf\":{\"@id\":\"https:\\\/\\\/www.escapadarural.com\\\/blog\\\/#website\"},\"primaryImageOfPage\":{\"@id\":\"https:\\\/\\\/www.escapadarural.com\\\/blog\\\/isla-de-buda\\\/#primaryimage\"},\"image\":{\"@id\":\"https:\\\/\\\/www.escapadarural.com\\\/blog\\\/isla-de-buda\\\/#primaryimage\"},\"thumbnailUrl\":\"https:\\\/\\\/www.escapadarural.com\\\/blog\\\/wp-content\\\/uploads\\\/2024\\\/10\\\/isla-de-Buda-masia-3-1.jpg\",\"datePublished\":\"2022-08-22T11:54:41+00:00\",\"dateModified\":\"2026-02-17T16:20:14+00:00\",\"breadcrumb\":{\"@id\":\"https:\\\/\\\/www.escapadarural.com\\\/blog\\\/isla-de-buda\\\/#breadcrumb\"},\"inLanguage\":\"es\",\"potentialAction\":[{\"@type\":\"ReadAction\",\"target\":[\"https:\\\/\\\/www.escapadarural.com\\\/blog\\\/isla-de-buda\\\/\"]}]},{\"@type\":\"ImageObject\",\"inLanguage\":\"es\",\"@id\":\"https:\\\/\\\/www.escapadarural.com\\\/blog\\\/isla-de-buda\\\/#primaryimage\",\"url\":\"https:\\\/\\\/www.escapadarural.com\\\/blog\\\/wp-content\\\/uploads\\\/2024\\\/10\\\/isla-de-Buda-masia-3-1.jpg\",\"contentUrl\":\"https:\\\/\\\/www.escapadarural.com\\\/blog\\\/wp-content\\\/uploads\\\/2024\\\/10\\\/isla-de-Buda-masia-3-1.jpg\",\"width\":960,\"height\":621,\"caption\":\"Isla de Buda\"},{\"@type\":\"BreadcrumbList\",\"@id\":\"https:\\\/\\\/www.escapadarural.com\\\/blog\\\/isla-de-buda\\\/#breadcrumb\",\"itemListElement\":[{\"@type\":\"ListItem\",\"position\":1,\"name\":\"Inicio\",\"item\":\"https:\\\/\\\/www.escapadarural.com\\\/blog\\\/\"},{\"@type\":\"ListItem\",\"position\":2,\"name\":\"Alojamientos rurales\",\"item\":\"https:\\\/\\\/www.escapadarural.com\\\/blog\\\/categoria\\\/alojamientos-rurales\\\/\"},{\"@type\":\"ListItem\",\"position\":3,\"name\":\"La isla desconocida de Catalu\u00f1a que est\u00e1 en peligro de extinci\u00f3n\"}]},{\"@type\":\"WebSite\",\"@id\":\"https:\\\/\\\/www.escapadarural.com\\\/blog\\\/#website\",\"url\":\"https:\\\/\\\/www.escapadarural.com\\\/blog\\\/\",\"name\":\"Blog de viajes | turismo rural, alojamientos e inspiraci\u00f3n\",\"description\":\"Alojamientos rurales e inspiraci\u00f3n para tus escapadas\",\"publisher\":{\"@id\":\"https:\\\/\\\/www.escapadarural.com\\\/blog\\\/#organization\"},\"alternateName\":\"Magazine de viajes de EscapadaRural\",\"potentialAction\":[{\"@type\":\"SearchAction\",\"target\":{\"@type\":\"EntryPoint\",\"urlTemplate\":\"https:\\\/\\\/www.escapadarural.com\\\/blog\\\/?s={search_term_string}\"},\"query-input\":{\"@type\":\"PropertyValueSpecification\",\"valueRequired\":true,\"valueName\":\"search_term_string\"}}],\"inLanguage\":\"es\"},{\"@type\":\"Organization\",\"@id\":\"https:\\\/\\\/www.escapadarural.com\\\/blog\\\/#organization\",\"name\":\"EscapadaRural\",\"url\":\"https:\\\/\\\/www.escapadarural.com\\\/blog\\\/\",\"logo\":{\"@type\":\"ImageObject\",\"inLanguage\":\"es\",\"@id\":\"https:\\\/\\\/www.escapadarural.com\\\/blog\\\/#\\\/schema\\\/logo\\\/image\\\/\",\"url\":\"https:\\\/\\\/www.escapadarural.com\\\/blog\\\/wp-content\\\/uploads\\\/2024\\\/10\\\/cropped-cropped-escapada-rural-icon-mag-3.png\",\"contentUrl\":\"https:\\\/\\\/www.escapadarural.com\\\/blog\\\/wp-content\\\/uploads\\\/2024\\\/10\\\/cropped-cropped-escapada-rural-icon-mag-3.png\",\"width\":512,\"height\":512,\"caption\":\"EscapadaRural\"},\"image\":{\"@id\":\"https:\\\/\\\/www.escapadarural.com\\\/blog\\\/#\\\/schema\\\/logo\\\/image\\\/\"},\"sameAs\":[\"https:\\\/\\\/www.facebook.com\\\/escapadarural\",\"https:\\\/\\\/www.instagram.com\\\/escapadarural\\\/\",\"https:\\\/\\\/www.youtube.com\\\/@escapadaruralcom\"]},{\"@type\":\"Person\",\"@id\":\"https:\\\/\\\/www.escapadarural.com\\\/blog\\\/#\\\/schema\\\/person\\\/a9b46ae4d047d8a2c719f31e75206cff\",\"name\":\"Laura Fern\u00e1ndez\",\"image\":{\"@type\":\"ImageObject\",\"inLanguage\":\"es\",\"@id\":\"https:\\\/\\\/www.escapadarural.com\\\/blog\\\/wp-content\\\/uploads\\\/2025\\\/01\\\/cropped-laura_raponchii-96x96.jpg\",\"url\":\"https:\\\/\\\/www.escapadarural.com\\\/blog\\\/wp-content\\\/uploads\\\/2025\\\/01\\\/cropped-laura_raponchii-96x96.jpg\",\"contentUrl\":\"https:\\\/\\\/www.escapadarural.com\\\/blog\\\/wp-content\\\/uploads\\\/2025\\\/01\\\/cropped-laura_raponchii-96x96.jpg\",\"caption\":\"Laura Fern\u00e1ndez\"},\"description\":\"Periodista, blogger y viajera. No necesariamente en ese orden. En ocasiones me despierto sin saber d\u00f3nde estoy. Adicta a los c\u00f3mics y a los noodles con salsa de cacahuete. Redactora en @escapadarural, colaboradora en la Conde Nast Traveler y en la Divinity. Mi casa: Meridiano180.\",\"sameAs\":[\"http:\\\/\\\/www.meridiano180.com\\\/\"],\"url\":\"https:\\\/\\\/www.escapadarural.com\\\/blog\\\/autor\\\/laura\\\/\"}]}<\/script>\n<!-- \/ Yoast SEO plugin. -->","yoast_head_json":{"title":"La isla desconocida de Catalu\u00f1a que est\u00e1 en peligro de extinci\u00f3n - EscapadaRural","robots":{"index":"index","follow":"follow","max-snippet":"max-snippet:-1","max-image-preview":"max-image-preview:large","max-video-preview":"max-video-preview:-1"},"canonical":"https:\/\/www.escapadarural.com\/blog\/isla-de-buda\/","og_locale":"es_ES","og_type":"article","og_title":"La isla desconocida de Catalu\u00f1a que est\u00e1 en peligro de extinci\u00f3n - EscapadaRural","og_description":"A pesar de que es poco conocida, la isla de Buda es la m\u00e1s grande de Catalu\u00f1a. Est\u00e1 situada en el Delta del Ebro y es uno de los humedales m\u00e1s importantes de Espa\u00f1a. Su acceso est\u00e1 restringido y solo podemos conocerla haciendo turismo rural.","og_url":"https:\/\/www.escapadarural.com\/blog\/isla-de-buda\/","og_site_name":"Magazine de viajes de EscapadaRural","article_publisher":"https:\/\/www.facebook.com\/escapadarural","article_published_time":"2022-08-22T11:54:41+00:00","article_modified_time":"2026-02-17T16:20:14+00:00","og_image":[{"width":960,"height":621,"url":"https:\/\/www.escapadarural.com\/blog\/wp-content\/uploads\/2024\/10\/isla-de-Buda-masia-3-1.jpg","type":"image\/jpeg"}],"author":"Laura Fern\u00e1ndez","twitter_card":"summary_large_image","twitter_misc":{"Escrito por":"Laura Fern\u00e1ndez","Tiempo de lectura":"10 minutos"},"schema":{"@context":"https:\/\/schema.org","@graph":[{"@type":"Article","@id":"https:\/\/www.escapadarural.com\/blog\/isla-de-buda\/#article","isPartOf":{"@id":"https:\/\/www.escapadarural.com\/blog\/isla-de-buda\/"},"author":{"name":"Laura Fern\u00e1ndez","@id":"https:\/\/www.escapadarural.com\/blog\/#\/schema\/person\/a9b46ae4d047d8a2c719f31e75206cff"},"headline":"La isla desconocida de Catalu\u00f1a que est\u00e1 en peligro de extinci\u00f3n","datePublished":"2022-08-22T11:54:41+00:00","dateModified":"2026-02-17T16:20:14+00:00","mainEntityOfPage":{"@id":"https:\/\/www.escapadarural.com\/blog\/isla-de-buda\/"},"wordCount":1846,"commentCount":3,"publisher":{"@id":"https:\/\/www.escapadarural.com\/blog\/#organization"},"image":{"@id":"https:\/\/www.escapadarural.com\/blog\/isla-de-buda\/#primaryimage"},"thumbnailUrl":"https:\/\/www.escapadarural.com\/blog\/wp-content\/uploads\/2024\/10\/isla-de-Buda-masia-3-1.jpg","keywords":["Arroz de la Isla de Buda","Catalu\u00f1a","Delta del Ebro","Historias y Curiosidades","Isla de Buda","Islas","longform","Tarragona"],"articleSection":["Alojamientos rurales"],"inLanguage":"es","potentialAction":[{"@type":"CommentAction","name":"Comment","target":["https:\/\/www.escapadarural.com\/blog\/isla-de-buda\/#respond"]}]},{"@type":"WebPage","@id":"https:\/\/www.escapadarural.com\/blog\/isla-de-buda\/","url":"https:\/\/www.escapadarural.com\/blog\/isla-de-buda\/","name":"La isla desconocida de Catalu\u00f1a que est\u00e1 en peligro de extinci\u00f3n - EscapadaRural","isPartOf":{"@id":"https:\/\/www.escapadarural.com\/blog\/#website"},"primaryImageOfPage":{"@id":"https:\/\/www.escapadarural.com\/blog\/isla-de-buda\/#primaryimage"},"image":{"@id":"https:\/\/www.escapadarural.com\/blog\/isla-de-buda\/#primaryimage"},"thumbnailUrl":"https:\/\/www.escapadarural.com\/blog\/wp-content\/uploads\/2024\/10\/isla-de-Buda-masia-3-1.jpg","datePublished":"2022-08-22T11:54:41+00:00","dateModified":"2026-02-17T16:20:14+00:00","breadcrumb":{"@id":"https:\/\/www.escapadarural.com\/blog\/isla-de-buda\/#breadcrumb"},"inLanguage":"es","potentialAction":[{"@type":"ReadAction","target":["https:\/\/www.escapadarural.com\/blog\/isla-de-buda\/"]}]},{"@type":"ImageObject","inLanguage":"es","@id":"https:\/\/www.escapadarural.com\/blog\/isla-de-buda\/#primaryimage","url":"https:\/\/www.escapadarural.com\/blog\/wp-content\/uploads\/2024\/10\/isla-de-Buda-masia-3-1.jpg","contentUrl":"https:\/\/www.escapadarural.com\/blog\/wp-content\/uploads\/2024\/10\/isla-de-Buda-masia-3-1.jpg","width":960,"height":621,"caption":"Isla de Buda"},{"@type":"BreadcrumbList","@id":"https:\/\/www.escapadarural.com\/blog\/isla-de-buda\/#breadcrumb","itemListElement":[{"@type":"ListItem","position":1,"name":"Inicio","item":"https:\/\/www.escapadarural.com\/blog\/"},{"@type":"ListItem","position":2,"name":"Alojamientos rurales","item":"https:\/\/www.escapadarural.com\/blog\/categoria\/alojamientos-rurales\/"},{"@type":"ListItem","position":3,"name":"La isla desconocida de Catalu\u00f1a que est\u00e1 en peligro de extinci\u00f3n"}]},{"@type":"WebSite","@id":"https:\/\/www.escapadarural.com\/blog\/#website","url":"https:\/\/www.escapadarural.com\/blog\/","name":"Blog de viajes | turismo rural, alojamientos e inspiraci\u00f3n","description":"Alojamientos rurales e inspiraci\u00f3n para tus escapadas","publisher":{"@id":"https:\/\/www.escapadarural.com\/blog\/#organization"},"alternateName":"Magazine de viajes de EscapadaRural","potentialAction":[{"@type":"SearchAction","target":{"@type":"EntryPoint","urlTemplate":"https:\/\/www.escapadarural.com\/blog\/?s={search_term_string}"},"query-input":{"@type":"PropertyValueSpecification","valueRequired":true,"valueName":"search_term_string"}}],"inLanguage":"es"},{"@type":"Organization","@id":"https:\/\/www.escapadarural.com\/blog\/#organization","name":"EscapadaRural","url":"https:\/\/www.escapadarural.com\/blog\/","logo":{"@type":"ImageObject","inLanguage":"es","@id":"https:\/\/www.escapadarural.com\/blog\/#\/schema\/logo\/image\/","url":"https:\/\/www.escapadarural.com\/blog\/wp-content\/uploads\/2024\/10\/cropped-cropped-escapada-rural-icon-mag-3.png","contentUrl":"https:\/\/www.escapadarural.com\/blog\/wp-content\/uploads\/2024\/10\/cropped-cropped-escapada-rural-icon-mag-3.png","width":512,"height":512,"caption":"EscapadaRural"},"image":{"@id":"https:\/\/www.escapadarural.com\/blog\/#\/schema\/logo\/image\/"},"sameAs":["https:\/\/www.facebook.com\/escapadarural","https:\/\/www.instagram.com\/escapadarural\/","https:\/\/www.youtube.com\/@escapadaruralcom"]},{"@type":"Person","@id":"https:\/\/www.escapadarural.com\/blog\/#\/schema\/person\/a9b46ae4d047d8a2c719f31e75206cff","name":"Laura Fern\u00e1ndez","image":{"@type":"ImageObject","inLanguage":"es","@id":"https:\/\/www.escapadarural.com\/blog\/wp-content\/uploads\/2025\/01\/cropped-laura_raponchii-96x96.jpg","url":"https:\/\/www.escapadarural.com\/blog\/wp-content\/uploads\/2025\/01\/cropped-laura_raponchii-96x96.jpg","contentUrl":"https:\/\/www.escapadarural.com\/blog\/wp-content\/uploads\/2025\/01\/cropped-laura_raponchii-96x96.jpg","caption":"Laura Fern\u00e1ndez"},"description":"Periodista, blogger y viajera. No necesariamente en ese orden. En ocasiones me despierto sin saber d\u00f3nde estoy. Adicta a los c\u00f3mics y a los noodles con salsa de cacahuete. Redactora en @escapadarural, colaboradora en la Conde Nast Traveler y en la Divinity. Mi casa: Meridiano180.","sameAs":["http:\/\/www.meridiano180.com\/"],"url":"https:\/\/www.escapadarural.com\/blog\/autor\/laura\/"}]}},"_links":{"self":[{"href":"https:\/\/www.escapadarural.com\/blog\/wp-json\/wp\/v2\/posts\/53975","targetHints":{"allow":["GET"]}}],"collection":[{"href":"https:\/\/www.escapadarural.com\/blog\/wp-json\/wp\/v2\/posts"}],"about":[{"href":"https:\/\/www.escapadarural.com\/blog\/wp-json\/wp\/v2\/types\/post"}],"author":[{"embeddable":true,"href":"https:\/\/www.escapadarural.com\/blog\/wp-json\/wp\/v2\/users\/89"}],"replies":[{"embeddable":true,"href":"https:\/\/www.escapadarural.com\/blog\/wp-json\/wp\/v2\/comments?post=53975"}],"version-history":[{"count":0,"href":"https:\/\/www.escapadarural.com\/blog\/wp-json\/wp\/v2\/posts\/53975\/revisions"}],"wp:featuredmedia":[{"embeddable":true,"href":"https:\/\/www.escapadarural.com\/blog\/wp-json\/wp\/v2\/media\/99668"}],"wp:attachment":[{"href":"https:\/\/www.escapadarural.com\/blog\/wp-json\/wp\/v2\/media?parent=53975"}],"wp:term":[{"taxonomy":"category","embeddable":true,"href":"https:\/\/www.escapadarural.com\/blog\/wp-json\/wp\/v2\/categories?post=53975"},{"taxonomy":"post_tag","embeddable":true,"href":"https:\/\/www.escapadarural.com\/blog\/wp-json\/wp\/v2\/tags?post=53975"}],"curies":[{"name":"wp","href":"https:\/\/api.w.org\/{rel}","templated":true}]}}