{"id":54085,"date":"2022-08-25T09:38:00","date_gmt":"2022-08-25T08:38:00","guid":{"rendered":"https:\/\/www.escapadarural.com\/blog\/?p=54085"},"modified":"2025-04-23T12:53:30","modified_gmt":"2025-04-23T10:53:30","slug":"campos-de-girasoles-en-espana","status":"publish","type":"post","link":"https:\/\/www.escapadarural.com\/blog\/campos-de-girasoles-en-espana\/","title":{"rendered":"\u00bfD\u00f3nde ver los mejores campos de girasoles?"},"content":{"rendered":"\n<figure class=\"wp-block-image size-large\"><a href=\"https:\/\/www.escapadarural.com\/blog\/wp-content\/uploads\/AdobeStock_485319527-scaled.jpeg\"><img decoding=\"async\" src=\"https:\/\/www.escapadarural.com\/blog\/wp-content\/uploads\/AdobeStock_485319527-1024x683.jpeg\" alt=\"campos de girasoles en Espa\u00f1a\" class=\"wp-image-54196\"\/><\/a><figcaption class=\"wp-element-caption\">campos de girasoles en Espa\u00f1a, cerca de Zahara de los Atunes. Por Ralf<\/figcaption><\/figure>\n\n\n\n<p>Desde mediados de agosto a principios del oto\u00f1o muchos de los campos de nuestro pa\u00eds se ti\u00f1en de amarillo. Es \u00e9poca de girasoles e, igual que ocurre con la lavanda, transforman el paisaje convirti\u00e9ndolos en todo un espect\u00e1culo. <\/p>\n\n\n\n<p>La palabra girasol viene de su gen\u00e9rico <em><a href=\"https:\/\/es.wikipedia.org\/wiki\/Helianthus_annuus\" target=\"_blank\" aria-label=\" (opens in a new tab)\" rel=\"noreferrer noopener\" class=\"rank-math-link\">Helianthus<\/a><\/em>, que <strong>en griego significa sol (<em>helios<\/em>) y flor (<em>anthos<\/em>)<\/strong>. Y es que, como su nombre indica, esta flor gira con el sol buscando incansablemente los rayos para crecer. Adem\u00e1s, cada uno de ellos puede contener hasta 2.000 semillas, algo que a los p\u00e1jaros les encanta; y en algunas zonas pueden alcanzar un tama\u00f1o de hasta 3 metros. <\/p>\n\n\n\n<p>A lo largo de la historia, esta flor ha inspirado a numerosos artistas, siendo protagonista de diferentes obras de arte. Van Gogh le dedic\u00f3 varios de sus cuadros convirti\u00e9ndolos en una de sus se\u00f1as de identidad; tanto que hasta Paul Gauguin retrat\u00f3 al artista neerland\u00e9s pintando girasoles en uno de sus viajes a Arl\u00e9s. <\/p>\n\n\n\n<p>Gracias a las numerosas horas de sol, Espa\u00f1a cuenta con un gran n\u00famero de <strong>campos de girasoles<\/strong>. Aqu\u00ed os dejamos una lista de algunos de ellos -no est\u00e1n todos- donde podemos disfrutar de este alegre espect\u00e1culo. <\/p>\n\n\n\n<h2 class=\"wp-block-heading\" id=\"h-ruta-por-los-campos-de-girasoles-de-espana\">Ruta por los campos de girasoles de Espa\u00f1a<\/h2>\n\n\n\n<figure class=\"wp-block-image size-large\"><a href=\"https:\/\/www.escapadarural.com\/blog\/wp-content\/uploads\/AdobeStock_504994239-scaled.jpeg\"><img decoding=\"async\" src=\"https:\/\/www.escapadarural.com\/blog\/wp-content\/uploads\/AdobeStock_504994239-1024x768.jpeg\" alt=\"Campos de girasoles en La Bureba, Burgos\" class=\"wp-image-54195\"\/><\/a><figcaption class=\"wp-element-caption\">Campos de girasoles en La Bureba, Burgos. Por jjfarq<\/figcaption><\/figure>\n\n\n\n<p>Un buen ejemplo son los alrededores del municipio de <a href=\"https:\/\/www.escapadarural.com\/casas-rurales\/carmona\" class=\"rank-math-link\">Carmona<\/a>, en Sevilla. Con <strong>m\u00e1s de 30.000 hect\u00e1reas de girasoles<\/strong> suelen ser todo un atractivo para los turistas. Adem\u00e1s, gracias a su inmensa extensi\u00f3n podemos pasear durante horas rodeados de amarillo. Tambi\u00e9n en <strong>Andaluc\u00eda<\/strong>, en M\u00e1laga, podemos encontrar todo tipo de campos de girasoles. Pese a ello, el m\u00e1s conocido es el de <a href=\"https:\/\/www.escapadarural.com\/casas-rurales\/antequera\" class=\"rank-math-link\">Antequera<\/a>, que gracias a su sencillo acceso nos permite dejar el veh\u00edculo en las proximidades y pasear entre los cultivos. <\/p>\n\n\n\n<p>Viajando al norte de <strong>Burgos <\/strong>encontramos una de las mejores opciones para visitar campos de girasoles. En <a href=\"https:\/\/www.escapadarural.com\/casas-rurales\/la-bureba\" class=\"rank-math-link\">Bureba<\/a> existe una ruta que nos permite enlazar distintos campos mientras disfrutamos del territorio. As\u00ed, este camino empieza en la comarca de La Prueba y permite visitar, a coche o caminando, las localidades de <a href=\"https:\/\/www.escapadarural.com\/casas-rurales\/briviesca\" class=\"rank-math-link\">Briviesca<\/a><strong> <\/strong>y <a href=\"https:\/\/www.escapadarural.com\/casas-rurales\/poza-de-la-sal\" class=\"rank-math-link\">Poza de la Sal<\/a>. Adem\u00e1s, durante la ruta encontraremos varios miradores para contemplar el maravilloso paisaje amarillo. <\/p>\n\n\n\n<figure class=\"wp-block-image size-large\"><a href=\"https:\/\/www.escapadarural.com\/blog\/wp-content\/uploads\/Iglesia_de_Nuestra_Senora_de_La_Blanca_Cardejon_Espana_2012-09-01_DD_02-scaled.jpg\"><img decoding=\"async\" src=\"https:\/\/www.escapadarural.com\/blog\/wp-content\/uploads\/Iglesia_de_Nuestra_Senora_de_La_Blanca_Cardejon_Espana_2012-09-01_DD_02-1024x667.jpg\" alt=\"Campo de girasoles en Cardej\u00f3n\" class=\"wp-image-54193\"\/><\/a><figcaption class=\"wp-element-caption\">Campo de girasoles en Cardej\u00f3n, Soria. Por Diego Delso<\/figcaption><\/figure>\n\n\n\n<p>Algo similar ocurre en <strong>Soria<\/strong>. La comarca de Campo de G\u00f3mara, perteneciente al municipio de <a href=\"https:\/\/www.escapadarural.com\/casas-rurales\/almenar-de-soria\" class=\"rank-math-link\">Almenar de Soria<\/a>, es uno de los mejores lugares de Espa\u00f1a si deseamos visitar un campo de girasoles. En este caso su ruta es algo m\u00e1s rural, por caminos sin asfaltar, aunque se puede realizar tambi\u00e9n en coche. Su gran extensi\u00f3n asombra a los viajeros desde varios kil\u00f3metros atr\u00e1s. En Soria tambi\u00e9n hay que destacar <a href=\"https:\/\/www.escapadarural.com\/casas-rurales\/cardejon\" class=\"rank-math-link\">Cardej\u00f3n<\/a>,<strong> <\/strong>donde m\u00e1s de la mitad de su t\u00e9rmino son girasoles. As\u00ed, gracias a sus innumerables rutas y caminos podemos tomar todo tipo de fotograf\u00edas o simplemente disfrutar de la bella estampa que ofrece el lugar. <\/p>\n\n\n\n<p>Aunque no solo hay girasoles en la Pen\u00ednsula ib\u00e9rica. Otro campo muy conocido en Espa\u00f1a es el que encontramos en&nbsp;la isla de <strong>Gran Canaria<\/strong>, concretamente en el<strong> <\/strong>barranco de <a href=\"https:\/\/www.escapadarural.com\/casas-rurales\/guayedra\" class=\"rank-math-link\">Guayedra<\/a>, perteneciente al municipio de <a href=\"https:\/\/www.escapadarural.com\/casas-rurales\/agaete\" class=\"rank-math-link\">Agaete<\/a>. En la propiedad de la ecofinca Redondo De Guayedra podemos  disfrutar de unas vistas inigualables del campo de girasoles con el oc\u00e9ano de fondo, toda una experiencia. <\/p>\n\n\n\n<figure class=\"wp-block-image size-large\"><a href=\"https:\/\/www.escapadarural.com\/blog\/wp-content\/uploads\/AdobeStock_442996519-scaled.jpeg\"><img decoding=\"async\" src=\"https:\/\/www.escapadarural.com\/blog\/wp-content\/uploads\/AdobeStock_442996519-1024x683.jpeg\" alt=\"Campos de girasoles en Guayedra\" class=\"wp-image-54194\"\/><\/a><figcaption class=\"wp-element-caption\">Campos de girasoles en Guayedra. Por magui RF<\/figcaption><\/figure>\n\n\n\n<p>Volviendo a la Pen\u00ednsula la siguiente comunidad con presencia de este cultivo es <strong>Catalu\u00f1a<\/strong>. Muchos de sus campos est\u00e1n cerca de Barcelona. Esto facilita su visita y permite otro tipo de turismo. La <a href=\"https:\/\/www.escapadarural.com\/casas-rurales\/l-emporda\" class=\"rank-math-link\">comarca del Empord\u00e0<\/a>, en Girona, a menos de dos horas de la ciudad condal, alberga los mejores campos en la regi\u00f3n. Est\u00e1n cerca de la Costa Brava, que nos ofrece un sinf\u00edn de posibilidades mar\u00edtimas, as\u00ed como hermosas calas y playas donde darnos el \u00faltimo chapuz\u00f3n del verano. <\/p>\n\n\n\n<p>Los meses de calor son id\u00f3neos para visitar alguno de estos campos. <strong>Agosto y septiembre<\/strong>, hasta la recogida de la pipa, son los meses perfectos para disfrutar del espect\u00e1culo y de aquellos municipios que los rodean. <\/p>\n\n\n\n<h2 class=\"wp-block-heading\" id=\"h-lo-ultimo\">Lo \u00faltimo<\/h2>\n\n\n<section class=\"wp-block-ub-post-grid ub-block-post-grid align  is-equal-height preserve-post-image-aspect-ratio\" style=\"\" id=\"ub-post-grid-\"><div class=\"ub-post-grid-items is-list\" style=\"row-gap: 32px; column-gap: 32px; \"><article id=\"post-215407\" class=\"ub-post-grid-item post-215407 post type-post status-publish format-standard has-post-thumbnail hentry category-rutas-y-excursiones tag-que-ver-en-albacete tag-que-ver-en-alicante tag-que-ver-en-almeria tag-que-ver-en-barcelona tag-barefooting tag-que-ver-en-cadiz tag-caminar-descalzo tag-familia tag-que-ver-en-girona tag-que-ver-en-huesca tag-listado tag-que-ver-en-murcia tag-rutas-con-ninos tag-senderismo\" style=\"\"><div class=\"ub-block-post-grid-image\" style=\"\"><a href=\"https:\/\/www.escapadarural.com\/blog\/rutas-para-caminar-descalzo-en-espana\/\" rel=\"bookmark\" aria-hidden=\"true\" tabindex=\"-1\"><img loading=\"lazy\" decoding=\"async\" width=\"2048\" height=\"1365\" src=\"https:\/\/www.escapadarural.com\/blog\/wp-content\/uploads\/2026\/03\/04_RutasDescalzo_Bolonia_Cadiz_Q_AdobeStock_31319050-scaled.jpeg\" class=\"attachment-full size-full\" alt=\"Mujer caminando por la duna de Bolonia, en Tarifa (C\u00e1diz).\" style=\"max-width: 600px; \" srcset=\"https:\/\/www.escapadarural.com\/blog\/wp-content\/uploads\/2026\/03\/04_RutasDescalzo_Bolonia_Cadiz_Q_AdobeStock_31319050-200x133.jpeg 200w, https:\/\/www.escapadarural.com\/blog\/wp-content\/uploads\/2026\/03\/04_RutasDescalzo_Bolonia_Cadiz_Q_AdobeStock_31319050-300x200.jpeg 300w, https:\/\/www.escapadarural.com\/blog\/wp-content\/uploads\/2026\/03\/04_RutasDescalzo_Bolonia_Cadiz_Q_AdobeStock_31319050-400x267.jpeg 400w, https:\/\/www.escapadarural.com\/blog\/wp-content\/uploads\/2026\/03\/04_RutasDescalzo_Bolonia_Cadiz_Q_AdobeStock_31319050-600x400.jpeg 600w, https:\/\/www.escapadarural.com\/blog\/wp-content\/uploads\/2026\/03\/04_RutasDescalzo_Bolonia_Cadiz_Q_AdobeStock_31319050-768x512.jpeg 768w, https:\/\/www.escapadarural.com\/blog\/wp-content\/uploads\/2026\/03\/04_RutasDescalzo_Bolonia_Cadiz_Q_AdobeStock_31319050-800x533.jpeg 800w, https:\/\/www.escapadarural.com\/blog\/wp-content\/uploads\/2026\/03\/04_RutasDescalzo_Bolonia_Cadiz_Q_AdobeStock_31319050-1024x683.jpeg 1024w, https:\/\/www.escapadarural.com\/blog\/wp-content\/uploads\/2026\/03\/04_RutasDescalzo_Bolonia_Cadiz_Q_AdobeStock_31319050-1200x800.jpeg 1200w, https:\/\/www.escapadarural.com\/blog\/wp-content\/uploads\/2026\/03\/04_RutasDescalzo_Bolonia_Cadiz_Q_AdobeStock_31319050-1536x1024.jpeg 1536w, https:\/\/www.escapadarural.com\/blog\/wp-content\/uploads\/2026\/03\/04_RutasDescalzo_Bolonia_Cadiz_Q_AdobeStock_31319050-scaled.jpeg 2048w\" sizes=\"auto, (max-width: 2048px) 100vw, 2048px\"><\/a><\/div><div class=\"ub-block-post-grid-text\" style=\"\"><div class=\"ub-block-post-grid-header-content\"><header class=\"ub-block-post-grid-header\"><h3 class=\"ub-block-post-grid-title\"><a style=\"\" href=\"https:\/\/www.escapadarural.com\/blog\/rutas-para-caminar-descalzo-en-espana\/\" rel=\"bookmark\">\ud83d\udc63 Rutas para caminar descalzo en Espa\u00f1a: siente las texturas de la naturaleza bajo tus pies<\/a><\/h3><div class=\"ub-block-post-grid-author\" itemprop=\"author\"><a class=\"ub-text-link\" style=\"\" href=\"https:\/\/www.escapadarural.com\/blog\/autor\/miguel-perez\/\" itemprop=\"url\" rel=\"author\"><span itemprop=\"name\">Miguel Perez<\/span><\/a><\/div><time datetime=\"2026-04-26T08:55:00+02:00\" class=\"ub-block-post-grid-date\" style=\"\" itemprop=\"datePublished\">26 de abril de 2026<\/time><\/header><\/div><div class=\"ub-block-post-grid-excerpt\"><div class=\"ub-block-post-grid-excerpt-text\" style=\"\"><p>Explora rutas para caminar descalzo en Espa\u00f1a: playas, praderas, dunas y senderos sensoriales que despiertan tus sentidos en la naturaleza<\/p>\n<\/div><\/div><\/div><\/article>\n<article id=\"post-215913\" class=\"ub-post-grid-item post-215913 post type-post status-publish format-standard has-post-thumbnail hentry category-arte-y-cultura category-destinos tag-amigos tag-articulo tag-familia tag-gallarta tag-minas tag-mineria tag-que-ver-en-pais-vasco tag-paisajes tag-pareja tag-senderismo tag-que-ver-en-vizcaya\" style=\"\"><div class=\"ub-block-post-grid-image\" style=\"\"><a href=\"https:\/\/www.escapadarural.com\/blog\/excursion-a-gallarta-ultima-mina-hierro-vizcaya\/\" rel=\"bookmark\" aria-hidden=\"true\" tabindex=\"-1\"><img loading=\"lazy\" decoding=\"async\" width=\"1356\" height=\"748\" src=\"https:\/\/www.escapadarural.com\/blog\/wp-content\/uploads\/2026\/04\/mina-concha-2.jpg\" class=\"attachment-full size-full\" alt=\"Mina de Bodovalle y Concha II en Gallarta, Vizcaya. Por Museo de la Miner\u00eda del Pa\u00eds Vasco\" style=\"max-width: 600px; \" srcset=\"https:\/\/www.escapadarural.com\/blog\/wp-content\/uploads\/2026\/04\/mina-concha-2-200x110.jpg 200w, https:\/\/www.escapadarural.com\/blog\/wp-content\/uploads\/2026\/04\/mina-concha-2-300x165.jpg 300w, https:\/\/www.escapadarural.com\/blog\/wp-content\/uploads\/2026\/04\/mina-concha-2-400x221.jpg 400w, https:\/\/www.escapadarural.com\/blog\/wp-content\/uploads\/2026\/04\/mina-concha-2-600x331.jpg 600w, https:\/\/www.escapadarural.com\/blog\/wp-content\/uploads\/2026\/04\/mina-concha-2-768x424.jpg 768w, https:\/\/www.escapadarural.com\/blog\/wp-content\/uploads\/2026\/04\/mina-concha-2-800x441.jpg 800w, https:\/\/www.escapadarural.com\/blog\/wp-content\/uploads\/2026\/04\/mina-concha-2-1024x565.jpg 1024w, https:\/\/www.escapadarural.com\/blog\/wp-content\/uploads\/2026\/04\/mina-concha-2-1200x662.jpg 1200w, https:\/\/www.escapadarural.com\/blog\/wp-content\/uploads\/2026\/04\/mina-concha-2.jpg 1356w\" sizes=\"auto, (max-width: 1356px) 100vw, 1356px\"><\/a><\/div><div class=\"ub-block-post-grid-text\" style=\"\"><div class=\"ub-block-post-grid-header-content\"><header class=\"ub-block-post-grid-header\"><h3 class=\"ub-block-post-grid-title\"><a style=\"\" href=\"https:\/\/www.escapadarural.com\/blog\/excursion-a-gallarta-ultima-mina-hierro-vizcaya\/\" rel=\"bookmark\">Excursi\u00f3n a la \u00faltima mina de hierro de Vizcaya<\/a><\/h3><div class=\"ub-block-post-grid-author\" itemprop=\"author\"><a class=\"ub-text-link\" style=\"\" href=\"https:\/\/www.escapadarural.com\/blog\/autor\/raquel\/\" itemprop=\"url\" rel=\"author\"><span itemprop=\"name\">Raquel Andr\u00e9s<\/span><\/a><\/div><time datetime=\"2026-04-25T08:55:00+02:00\" class=\"ub-block-post-grid-date\" style=\"\" itemprop=\"datePublished\">25 de abril de 2026<\/time><\/header><\/div><div class=\"ub-block-post-grid-excerpt\"><div class=\"ub-block-post-grid-excerpt-text\" style=\"\"><p>Descubre en Gallarta la que fue la m\u00e1s grande a cielo abierto de Europa y que hoy ofrece un paisaje lunar espectacular<\/p>\n<\/div><\/div><\/div><\/article>\n<article id=\"post-214017\" class=\"ub-post-grid-item post-214017 post type-post status-publish format-standard has-post-thumbnail hentry category-arte-y-cultura tag-caviar tag-espana tag-familia tag-gastronomia tag-que-ver-en-granada tag-grupos tag-que-ver-en-huesca tag-listado tag-que-ver-en-lleida tag-pareja tag-que-ver-en-teruel\" style=\"\"><div class=\"ub-block-post-grid-image\" style=\"\"><a href=\"https:\/\/www.escapadarural.com\/blog\/pueblos-productores-de-caviar-espana\/\" rel=\"bookmark\" aria-hidden=\"true\" tabindex=\"-1\"><img loading=\"lazy\" decoding=\"async\" width=\"2048\" height=\"1365\" src=\"https:\/\/www.escapadarural.com\/blog\/wp-content\/uploads\/2026\/02\/AdobeStock_214591702-scaled.jpeg\" class=\"attachment-full size-full\" alt=\"Caviar. Por Natalia Lisovskaya\" style=\"max-width: 600px; \" srcset=\"https:\/\/www.escapadarural.com\/blog\/wp-content\/uploads\/2026\/02\/AdobeStock_214591702-200x133.jpeg 200w, https:\/\/www.escapadarural.com\/blog\/wp-content\/uploads\/2026\/02\/AdobeStock_214591702-300x200.jpeg 300w, https:\/\/www.escapadarural.com\/blog\/wp-content\/uploads\/2026\/02\/AdobeStock_214591702-400x267.jpeg 400w, https:\/\/www.escapadarural.com\/blog\/wp-content\/uploads\/2026\/02\/AdobeStock_214591702-600x400.jpeg 600w, https:\/\/www.escapadarural.com\/blog\/wp-content\/uploads\/2026\/02\/AdobeStock_214591702-768x512.jpeg 768w, https:\/\/www.escapadarural.com\/blog\/wp-content\/uploads\/2026\/02\/AdobeStock_214591702-800x533.jpeg 800w, https:\/\/www.escapadarural.com\/blog\/wp-content\/uploads\/2026\/02\/AdobeStock_214591702-1024x683.jpeg 1024w, https:\/\/www.escapadarural.com\/blog\/wp-content\/uploads\/2026\/02\/AdobeStock_214591702-1200x800.jpeg 1200w, https:\/\/www.escapadarural.com\/blog\/wp-content\/uploads\/2026\/02\/AdobeStock_214591702-1536x1024.jpeg 1536w, https:\/\/www.escapadarural.com\/blog\/wp-content\/uploads\/2026\/02\/AdobeStock_214591702-scaled.jpeg 2048w\" sizes=\"auto, (max-width: 2048px) 100vw, 2048px\"><\/a><\/div><div class=\"ub-block-post-grid-text\" style=\"\"><div class=\"ub-block-post-grid-header-content\"><header class=\"ub-block-post-grid-header\"><h3 class=\"ub-block-post-grid-title\"><a style=\"\" href=\"https:\/\/www.escapadarural.com\/blog\/pueblos-productores-de-caviar-espana\/\" rel=\"bookmark\">Caviar con \u2018D.O. Espa\u00f1a\u2019: los pueblos espa\u00f1oles que producen oro negro<\/a><\/h3><div class=\"ub-block-post-grid-author\" itemprop=\"author\"><a class=\"ub-text-link\" style=\"\" href=\"https:\/\/www.escapadarural.com\/blog\/autor\/raquel\/\" itemprop=\"url\" rel=\"author\"><span itemprop=\"name\">Raquel Andr\u00e9s<\/span><\/a><\/div><time datetime=\"2026-04-24T08:55:00+02:00\" class=\"ub-block-post-grid-date\" style=\"\" itemprop=\"datePublished\">24 de abril de 2026<\/time><\/header><\/div><div class=\"ub-block-post-grid-excerpt\"><div class=\"ub-block-post-grid-excerpt-text\" style=\"\"><p>\u00bfSab\u00edas que se elabora este \u00aboro negro\u00bb en los Pirineos, en Teruel y en Granada? Ofrecen visitas guiadas para conocer a fondo el caviar<\/p>\n<\/div><\/div><\/div><\/article>\n<article id=\"post-215200\" class=\"ub-post-grid-item post-215200 post type-post status-publish format-standard has-post-thumbnail hentry category-destinos category-rutas-y-excursiones tag-que-ver-en-barcelona tag-que-ver-en-cataluna tag-dia-del-libro tag-familia tag-que-ver-en-girona tag-libros tag-listado tag-ninos tag-primavera tag-sant-jordi tag-que-ver-en-tarragona\" style=\"\"><div class=\"ub-block-post-grid-image\" style=\"\"><a href=\"https:\/\/www.escapadarural.com\/blog\/rutas-de-cuento-ninos-cataluna\/\" rel=\"bookmark\" aria-hidden=\"true\" tabindex=\"-1\"><img loading=\"lazy\" decoding=\"async\" width=\"740\" height=\"555\" src=\"https:\/\/www.escapadarural.com\/blog\/wp-content\/uploads\/2026\/04\/20241009-140446.jpg\" class=\"attachment-full size-full\" alt=\"Parque infantil de les Tres Bessones. Foto de l'Ajuntament de Palau-solit\u00e0 i Plegamans (Barcelona)\" style=\"max-width: 600px; \" srcset=\"https:\/\/www.escapadarural.com\/blog\/wp-content\/uploads\/2026\/04\/20241009-140446-200x150.jpg 200w, https:\/\/www.escapadarural.com\/blog\/wp-content\/uploads\/2026\/04\/20241009-140446-300x225.jpg 300w, https:\/\/www.escapadarural.com\/blog\/wp-content\/uploads\/2026\/04\/20241009-140446-400x300.jpg 400w, https:\/\/www.escapadarural.com\/blog\/wp-content\/uploads\/2026\/04\/20241009-140446-600x450.jpg 600w, https:\/\/www.escapadarural.com\/blog\/wp-content\/uploads\/2026\/04\/20241009-140446.jpg 740w\" sizes=\"auto, (max-width: 740px) 100vw, 740px\"><\/a><\/div><div class=\"ub-block-post-grid-text\" style=\"\"><div class=\"ub-block-post-grid-header-content\"><header class=\"ub-block-post-grid-header\"><h3 class=\"ub-block-post-grid-title\"><a style=\"\" href=\"https:\/\/www.escapadarural.com\/blog\/rutas-de-cuento-ninos-cataluna\/\" rel=\"bookmark\">Las Tres Mellizas o El Principito: 4 rutas y rincones de cuento para ni\u00f1os en Catalu\u00f1a<\/a><\/h3><div class=\"ub-block-post-grid-author\" itemprop=\"author\"><a class=\"ub-text-link\" style=\"\" href=\"https:\/\/www.escapadarural.com\/blog\/autor\/raquel\/\" itemprop=\"url\" rel=\"author\"><span itemprop=\"name\">Raquel Andr\u00e9s<\/span><\/a><\/div><time datetime=\"2026-04-23T09:30:00+02:00\" class=\"ub-block-post-grid-date\" style=\"\" itemprop=\"datePublished\">23 de abril de 2026<\/time><\/header><\/div><div class=\"ub-block-post-grid-excerpt\"><div class=\"ub-block-post-grid-excerpt-text\" style=\"\"><p>El D\u00eda del Libro o cualquier otro momento del a\u00f1o es bueno para acercarse a estos rincones que encantar\u00e1n a los peques<\/p>\n<\/div><\/div><\/div><\/article>\n<article id=\"post-216782\" class=\"ub-post-grid-item post-216782 post type-post status-publish format-standard has-post-thumbnail hentry category-destinos tag-el-bierzo tag-las-medulas tag-que-ver-en-leon tag-primavera tag-recomendaciones tag-rutas\" style=\"\"><div class=\"ub-block-post-grid-image\" style=\"\"><a href=\"https:\/\/www.escapadarural.com\/blog\/escapada-a-las-medulas\/\" rel=\"bookmark\" aria-hidden=\"true\" tabindex=\"-1\"><img loading=\"lazy\" decoding=\"async\" width=\"1200\" height=\"768\" src=\"https:\/\/www.escapadarural.com\/blog\/wp-content\/uploads\/2026\/04\/Desde-el-Mirador-de-Orellan19-actualizadat.jpg\" class=\"attachment-full size-full\" alt=\"Una mujer con sombrero de paja y gafas de sol se apoya en una barandilla, admirando acantilados y cuevas de arcilla roja en Las M\u00e9dulas, en Espa\u00f1a, con vegetaci\u00f3n verde y un cielo azul despejado al fondo.\" style=\"max-width: 600px; \" srcset=\"https:\/\/www.escapadarural.com\/blog\/wp-content\/uploads\/2026\/04\/Desde-el-Mirador-de-Orellan19-actualizadat-200x128.jpg 200w, https:\/\/www.escapadarural.com\/blog\/wp-content\/uploads\/2026\/04\/Desde-el-Mirador-de-Orellan19-actualizadat-300x192.jpg 300w, https:\/\/www.escapadarural.com\/blog\/wp-content\/uploads\/2026\/04\/Desde-el-Mirador-de-Orellan19-actualizadat-400x256.jpg 400w, https:\/\/www.escapadarural.com\/blog\/wp-content\/uploads\/2026\/04\/Desde-el-Mirador-de-Orellan19-actualizadat-600x384.jpg 600w, https:\/\/www.escapadarural.com\/blog\/wp-content\/uploads\/2026\/04\/Desde-el-Mirador-de-Orellan19-actualizadat-768x492.jpg 768w, https:\/\/www.escapadarural.com\/blog\/wp-content\/uploads\/2026\/04\/Desde-el-Mirador-de-Orellan19-actualizadat-800x512.jpg 800w, https:\/\/www.escapadarural.com\/blog\/wp-content\/uploads\/2026\/04\/Desde-el-Mirador-de-Orellan19-actualizadat-1024x655.jpg 1024w, https:\/\/www.escapadarural.com\/blog\/wp-content\/uploads\/2026\/04\/Desde-el-Mirador-de-Orellan19-actualizadat.jpg 1200w\" sizes=\"auto, (max-width: 1200px) 100vw, 1200px\"><\/a><\/div><div class=\"ub-block-post-grid-text\" style=\"\"><div class=\"ub-block-post-grid-header-content\"><header class=\"ub-block-post-grid-header\"><h3 class=\"ub-block-post-grid-title\"><a style=\"\" href=\"https:\/\/www.escapadarural.com\/blog\/escapada-a-las-medulas\/\" rel=\"bookmark\">Escapada a Las M\u00e9dulas: Rutas, miradores y naturaleza en el coraz\u00f3n de El Bierzo<\/a><\/h3><div class=\"ub-block-post-grid-author\" itemprop=\"author\"><a class=\"ub-text-link\" style=\"\" href=\"https:\/\/www.escapadarural.com\/blog\/autor\/admin\/\" itemprop=\"url\" rel=\"author\"><span itemprop=\"name\">Redacci\u00f3n ER<\/span><\/a><\/div><time datetime=\"2026-04-23T09:00:00+02:00\" class=\"ub-block-post-grid-date\" style=\"\" itemprop=\"datePublished\">23 de abril de 2026<\/time><\/header><\/div><div class=\"ub-block-post-grid-excerpt\"><div class=\"ub-block-post-grid-excerpt-text\" style=\"\"><p>Las M\u00e9dulas desde el Mirador de Orell\u00e1n. Por: Fundaci\u00f3n Las M\u00e9dulas Si est\u00e1s buscando una escapada que combine naturaleza, historia y ese silencio que tanto cuesta encontrar hoy en d\u00eda, prep\u00e1rate. Pon rumbo a la comarca de El Bierzo, en Le\u00f3n, porque te espera uno de los viajes m\u00e1s emocionantes de tu vida. Las M\u00e9dulas\u2026<\/p>\n<\/div><\/div><\/div><\/article>\n<article id=\"post-216484\" class=\"ub-post-grid-item post-216484 post type-post status-publish format-standard has-post-thumbnail hentry category-arte-y-cultura category-destinos tag-albarracin tag-alcudia tag-allariz tag-amigos tag-besalu tag-briones tag-buitrago-de-lozoya tag-caravaca-de-la-cruz tag-carmona tag-castillos tag-edad-media tag-espana tag-familia tag-frias tag-garachico tag-laguardia tag-listado tag-llanes-2 tag-morella tag-olite tag-pareja tag-pueblos tag-pueblos-medievales tag-santillana-del-mar tag-siguenza tag-trujillo\" style=\"\"><div class=\"ub-block-post-grid-image\" style=\"\"><a href=\"https:\/\/www.escapadarural.com\/blog\/pueblo-medieval-por-comunidad-autonoma-espana\/\" rel=\"bookmark\" aria-hidden=\"true\" tabindex=\"-1\"><img loading=\"lazy\" decoding=\"async\" width=\"1024\" height=\"683\" src=\"https:\/\/www.escapadarural.com\/blog\/wp-content\/uploads\/2024\/10\/globo-besalu-1024x683-1.jpg\" class=\"attachment-full size-full\" alt=\"Besal\u00fa, Girona.\" style=\"max-width: 600px; \" srcset=\"https:\/\/www.escapadarural.com\/blog\/wp-content\/uploads\/2024\/10\/globo-besalu-1024x683-1-200x133.jpg 200w, https:\/\/www.escapadarural.com\/blog\/wp-content\/uploads\/2024\/10\/globo-besalu-1024x683-1-300x200.jpg 300w, https:\/\/www.escapadarural.com\/blog\/wp-content\/uploads\/2024\/10\/globo-besalu-1024x683-1-400x267.jpg 400w, https:\/\/www.escapadarural.com\/blog\/wp-content\/uploads\/2024\/10\/globo-besalu-1024x683-1-600x400.jpg 600w, https:\/\/www.escapadarural.com\/blog\/wp-content\/uploads\/2024\/10\/globo-besalu-1024x683-1-768x512.jpg 768w, https:\/\/www.escapadarural.com\/blog\/wp-content\/uploads\/2024\/10\/globo-besalu-1024x683-1-800x534.jpg 800w, https:\/\/www.escapadarural.com\/blog\/wp-content\/uploads\/2024\/10\/globo-besalu-1024x683-1.jpg 1024w\" sizes=\"auto, (max-width: 1024px) 100vw, 1024px\"><\/a><\/div><div class=\"ub-block-post-grid-text\" style=\"\"><div class=\"ub-block-post-grid-header-content\"><header class=\"ub-block-post-grid-header\"><h3 class=\"ub-block-post-grid-title\"><a style=\"\" href=\"https:\/\/www.escapadarural.com\/blog\/pueblo-medieval-por-comunidad-autonoma-espana\/\" rel=\"bookmark\">Castillos, puentes, murallas\u2026 Te recomendamos un pueblo medieval para perderse en cada comunidad aut\u00f3noma<\/a><\/h3><div class=\"ub-block-post-grid-author\" itemprop=\"author\"><a class=\"ub-text-link\" style=\"\" href=\"https:\/\/www.escapadarural.com\/blog\/autor\/carmenlopez\/\" itemprop=\"url\" rel=\"author\"><span itemprop=\"name\">Carmen L\u00f3pez<\/span><\/a><\/div><time datetime=\"2026-04-22T10:39:59+02:00\" class=\"ub-block-post-grid-date\" style=\"\" itemprop=\"datePublished\">22 de abril de 2026<\/time><\/header><\/div><div class=\"ub-block-post-grid-excerpt\"><div class=\"ub-block-post-grid-excerpt-text\" style=\"\"><p>Castillos, torres, murallas\u2026 Un recorrido por algunos de los pueblos medievales m\u00e1s bonitos de Espa\u00f1a. Uno por comunidad aut\u00f3noma.<\/p>\n<\/div><\/div><\/div><\/article>\n<article id=\"post-216716\" class=\"ub-post-grid-item post-216716 post type-post status-publish format-standard has-post-thumbnail hentry category-destinos tag-que-ver-en-cataluna tag-familia tag-planes tag-que-ver-en-tarragona tag-terres-del-mestral\" style=\"\"><div class=\"ub-block-post-grid-image\" style=\"\"><a href=\"https:\/\/www.escapadarural.com\/blog\/planes-en-familia-en-terres-de-mestral\/\" rel=\"bookmark\" aria-hidden=\"true\" tabindex=\"-1\"><img loading=\"lazy\" decoding=\"async\" width=\"1280\" height=\"853\" src=\"https:\/\/www.escapadarural.com\/blog\/wp-content\/uploads\/2026\/04\/imagen-1.webp\" class=\"attachment-full size-full\" alt=\"Familia recorriendo el Senderos Experienciales.\" style=\"max-width: 600px; \" srcset=\"https:\/\/www.escapadarural.com\/blog\/wp-content\/uploads\/2026\/04\/imagen-1-200x133.webp 200w, https:\/\/www.escapadarural.com\/blog\/wp-content\/uploads\/2026\/04\/imagen-1-300x200.webp 300w, https:\/\/www.escapadarural.com\/blog\/wp-content\/uploads\/2026\/04\/imagen-1-400x267.webp 400w, https:\/\/www.escapadarural.com\/blog\/wp-content\/uploads\/2026\/04\/imagen-1-600x400.webp 600w, https:\/\/www.escapadarural.com\/blog\/wp-content\/uploads\/2026\/04\/imagen-1-768x512.webp 768w, https:\/\/www.escapadarural.com\/blog\/wp-content\/uploads\/2026\/04\/imagen-1-800x533.webp 800w, https:\/\/www.escapadarural.com\/blog\/wp-content\/uploads\/2026\/04\/imagen-1-1024x682.webp 1024w, https:\/\/www.escapadarural.com\/blog\/wp-content\/uploads\/2026\/04\/imagen-1-1200x800.webp 1200w, https:\/\/www.escapadarural.com\/blog\/wp-content\/uploads\/2026\/04\/imagen-1.webp 1280w\" sizes=\"auto, (max-width: 1280px) 100vw, 1280px\"><\/a><\/div><div class=\"ub-block-post-grid-text\" style=\"\"><div class=\"ub-block-post-grid-header-content\"><header class=\"ub-block-post-grid-header\"><h3 class=\"ub-block-post-grid-title\"><a style=\"\" href=\"https:\/\/www.escapadarural.com\/blog\/planes-en-familia-en-terres-de-mestral\/\" rel=\"bookmark\">Del mar a la monta\u00f1a: planes en familia imprescindibles en Terres de Mestral<\/a><\/h3><div class=\"ub-block-post-grid-author\" itemprop=\"author\"><a class=\"ub-text-link\" style=\"\" href=\"https:\/\/www.escapadarural.com\/blog\/autor\/admin\/\" itemprop=\"url\" rel=\"author\"><span itemprop=\"name\">Redacci\u00f3n ER<\/span><\/a><\/div><time datetime=\"2026-04-21T12:26:28+02:00\" class=\"ub-block-post-grid-date\" style=\"\" itemprop=\"datePublished\">21 de abril de 2026<\/time><\/header><\/div><div class=\"ub-block-post-grid-excerpt\"><div class=\"ub-block-post-grid-excerpt-text\" style=\"\"><p>En vuestra familia de qu\u00e9 sois m\u00e1s, \u00bfde mar o de monta\u00f1a? En Terres de Mestral (Tarragona) no tendr\u00e9is que elegir, porque en un solo destino est\u00e1 todo. Es como un gran parque deportivo al aire libre en el que no hay espacio para el aburrimiento, con muchos planes divertidos para generar recuerdos. Los pueblos\u2026<\/p>\n<\/div><\/div><\/div><\/article>\n<article id=\"post-214782\" class=\"ub-post-grid-item post-214782 post type-post status-publish format-standard has-post-thumbnail hentry category-destinos category-rutas-y-excursiones tag-amigos tag-arribes-del-duero tag-barco tag-que-ver-en-castellon tag-cuevas tag-delta-de-lebre tag-espana tag-familia tag-jucar tag-listado tag-que-ver-en-lugo tag-montana-de-leon tag-que-ver-en-ourense tag-pareja tag-riano tag-ribeira-sacra tag-rios tag-que-ver-en-salamanca tag-que-ver-en-tarragona tag-que-ver-en-zamora\" style=\"\"><div class=\"ub-block-post-grid-image\" style=\"\"><a href=\"https:\/\/www.escapadarural.com\/blog\/paseos-en-barco-por-rios-navegables-espana\/\" rel=\"bookmark\" aria-hidden=\"true\" tabindex=\"-1\"><img loading=\"lazy\" decoding=\"async\" width=\"1920\" height=\"1080\" src=\"https:\/\/www.escapadarural.com\/blog\/wp-content\/uploads\/2026\/03\/Coves_de_Sant_Josep_La_Vall_dUixo_6.jpg\" class=\"attachment-full size-full\" alt=\"Coves de Sant Josep de La Vall d'Uix\u00f3 (Castell\u00f3n). Foto de Turismo de la Comunitat Valenciana\" style=\"max-width: 600px; \" srcset=\"https:\/\/www.escapadarural.com\/blog\/wp-content\/uploads\/2026\/03\/Coves_de_Sant_Josep_La_Vall_dUixo_6-200x113.jpg 200w, https:\/\/www.escapadarural.com\/blog\/wp-content\/uploads\/2026\/03\/Coves_de_Sant_Josep_La_Vall_dUixo_6-300x169.jpg 300w, https:\/\/www.escapadarural.com\/blog\/wp-content\/uploads\/2026\/03\/Coves_de_Sant_Josep_La_Vall_dUixo_6-400x225.jpg 400w, https:\/\/www.escapadarural.com\/blog\/wp-content\/uploads\/2026\/03\/Coves_de_Sant_Josep_La_Vall_dUixo_6-600x338.jpg 600w, https:\/\/www.escapadarural.com\/blog\/wp-content\/uploads\/2026\/03\/Coves_de_Sant_Josep_La_Vall_dUixo_6-768x432.jpg 768w, https:\/\/www.escapadarural.com\/blog\/wp-content\/uploads\/2026\/03\/Coves_de_Sant_Josep_La_Vall_dUixo_6-800x450.jpg 800w, https:\/\/www.escapadarural.com\/blog\/wp-content\/uploads\/2026\/03\/Coves_de_Sant_Josep_La_Vall_dUixo_6-1024x576.jpg 1024w, https:\/\/www.escapadarural.com\/blog\/wp-content\/uploads\/2026\/03\/Coves_de_Sant_Josep_La_Vall_dUixo_6-1200x675.jpg 1200w, https:\/\/www.escapadarural.com\/blog\/wp-content\/uploads\/2026\/03\/Coves_de_Sant_Josep_La_Vall_dUixo_6-1536x864.jpg 1536w, https:\/\/www.escapadarural.com\/blog\/wp-content\/uploads\/2026\/03\/Coves_de_Sant_Josep_La_Vall_dUixo_6.jpg 1920w\" sizes=\"auto, (max-width: 1920px) 100vw, 1920px\"><\/a><\/div><div class=\"ub-block-post-grid-text\" style=\"\"><div class=\"ub-block-post-grid-header-content\"><header class=\"ub-block-post-grid-header\"><h3 class=\"ub-block-post-grid-title\"><a style=\"\" href=\"https:\/\/www.escapadarural.com\/blog\/paseos-en-barco-por-rios-navegables-espana\/\" rel=\"bookmark\">Fiordos, ca\u00f1ones y cuevas: 6 rutas en barco por r\u00edos de Espa\u00f1a lejos de la costa y las multitudes<\/a><\/h3><div class=\"ub-block-post-grid-author\" itemprop=\"author\"><a class=\"ub-text-link\" style=\"\" href=\"https:\/\/www.escapadarural.com\/blog\/autor\/raquel\/\" itemprop=\"url\" rel=\"author\"><span itemprop=\"name\">Raquel Andr\u00e9s<\/span><\/a><\/div><time datetime=\"2026-04-21T11:00:17+02:00\" class=\"ub-block-post-grid-date\" style=\"\" itemprop=\"datePublished\">21 de abril de 2026<\/time><\/header><\/div><div class=\"ub-block-post-grid-excerpt\"><div class=\"ub-block-post-grid-excerpt-text\" style=\"\"><p>Ribeira Sacra, un r\u00edo subterr\u00e1neo, los fiordos leoneses, el r\u00edo J\u00facar\u2026 descubre los paisajes acu\u00e1ticos m\u00e1s bonitos del interior peninsular<\/p>\n<\/div><\/div><\/div><\/article>\n<article id=\"post-216314\" class=\"ub-post-grid-item post-216314 post type-post status-publish format-standard has-post-thumbnail hentry category-alojamientos-rurales category-destinos tag-acantilados tag-amigos tag-que-ver-en-barcelona tag-que-ver-en-cadiz tag-que-ver-en-cantabria tag-casas-rurales tag-que-ver-en-girona tag-que-ver-en-guipuzcoa tag-listado tag-que-ver-en-malaga tag-pareja tag-vistas\" style=\"\"><div class=\"ub-block-post-grid-image\" style=\"\"><a href=\"https:\/\/www.escapadarural.com\/blog\/casas-sobre-acantilados\/\" rel=\"bookmark\" aria-hidden=\"true\" tabindex=\"-1\"><img loading=\"lazy\" decoding=\"async\" width=\"2048\" height=\"1365\" src=\"https:\/\/www.escapadarural.com\/blog\/wp-content\/uploads\/2026\/04\/Finca-Mariposa-2-scaled.jpg\" class=\"attachment-full size-full\" alt=\"Finca Mariposa (M\u00e1laga)\" style=\"max-width: 600px; \" srcset=\"https:\/\/www.escapadarural.com\/blog\/wp-content\/uploads\/2026\/04\/Finca-Mariposa-2-200x133.jpg 200w, https:\/\/www.escapadarural.com\/blog\/wp-content\/uploads\/2026\/04\/Finca-Mariposa-2-300x200.jpg 300w, https:\/\/www.escapadarural.com\/blog\/wp-content\/uploads\/2026\/04\/Finca-Mariposa-2-400x267.jpg 400w, https:\/\/www.escapadarural.com\/blog\/wp-content\/uploads\/2026\/04\/Finca-Mariposa-2-600x400.jpg 600w, https:\/\/www.escapadarural.com\/blog\/wp-content\/uploads\/2026\/04\/Finca-Mariposa-2-768x512.jpg 768w, https:\/\/www.escapadarural.com\/blog\/wp-content\/uploads\/2026\/04\/Finca-Mariposa-2-800x533.jpg 800w, https:\/\/www.escapadarural.com\/blog\/wp-content\/uploads\/2026\/04\/Finca-Mariposa-2-1024x683.jpg 1024w, https:\/\/www.escapadarural.com\/blog\/wp-content\/uploads\/2026\/04\/Finca-Mariposa-2-1200x800.jpg 1200w, https:\/\/www.escapadarural.com\/blog\/wp-content\/uploads\/2026\/04\/Finca-Mariposa-2-1536x1024.jpg 1536w, https:\/\/www.escapadarural.com\/blog\/wp-content\/uploads\/2026\/04\/Finca-Mariposa-2-scaled.jpg 2048w\" sizes=\"auto, (max-width: 2048px) 100vw, 2048px\"><\/a><\/div><div class=\"ub-block-post-grid-text\" style=\"\"><div class=\"ub-block-post-grid-header-content\"><header class=\"ub-block-post-grid-header\"><h3 class=\"ub-block-post-grid-title\"><a style=\"\" href=\"https:\/\/www.escapadarural.com\/blog\/casas-sobre-acantilados\/\" rel=\"bookmark\">Despierta al borde del mundo: casas rurales sobre acantilados con vistas de v\u00e9rtigo<\/a><\/h3><div class=\"ub-block-post-grid-author\" itemprop=\"author\"><a class=\"ub-text-link\" style=\"\" href=\"https:\/\/www.escapadarural.com\/blog\/autor\/laura\/\" itemprop=\"url\" rel=\"author\"><span itemprop=\"name\">Laura Fern\u00e1ndez<\/span><\/a><\/div><time datetime=\"2026-04-20T08:55:00+02:00\" class=\"ub-block-post-grid-date\" style=\"\" itemprop=\"datePublished\">20 de abril de 2026<\/time><\/header><\/div><div class=\"ub-block-post-grid-excerpt\"><div class=\"ub-block-post-grid-excerpt-text\" style=\"\"><p>Abrir los ojos y despertarse en el borde de la tierra: con el horizonte a los pies, el viento en la cara y vistas que dejan sin aliento.<\/p>\n<\/div><\/div><\/div><\/article>\n<article id=\"post-215077\" class=\"ub-post-grid-item post-215077 post type-post status-publish format-standard has-post-thumbnail hentry category-destinos category-rutas-y-excursiones tag-amigos tag-dia-del-libro-2 tag-espana tag-familia tag-hemingway tag-listado tag-que-ver-en-pais-vasco tag-pareja tag-pirineo-navarro tag-primavera tag-ronda tag-senderismo tag-sierra-de-guadarrama\" style=\"\"><div class=\"ub-block-post-grid-image\" style=\"\"><a href=\"https:\/\/www.escapadarural.com\/blog\/rutas-hemingway-espana\/\" rel=\"bookmark\" aria-hidden=\"true\" tabindex=\"-1\"><img loading=\"lazy\" decoding=\"async\" width=\"2048\" height=\"1365\" src=\"https:\/\/www.escapadarural.com\/blog\/wp-content\/uploads\/2026\/03\/AdobeStock_186872418_zumaia-scaled.jpeg\" class=\"attachment-full size-full\" alt=\"Zumaia en un d\u00eda de sol. Por boysen.\" style=\"max-width: 600px; \" srcset=\"https:\/\/www.escapadarural.com\/blog\/wp-content\/uploads\/2026\/03\/AdobeStock_186872418_zumaia-200x133.jpeg 200w, https:\/\/www.escapadarural.com\/blog\/wp-content\/uploads\/2026\/03\/AdobeStock_186872418_zumaia-300x200.jpeg 300w, https:\/\/www.escapadarural.com\/blog\/wp-content\/uploads\/2026\/03\/AdobeStock_186872418_zumaia-400x267.jpeg 400w, https:\/\/www.escapadarural.com\/blog\/wp-content\/uploads\/2026\/03\/AdobeStock_186872418_zumaia-600x400.jpeg 600w, https:\/\/www.escapadarural.com\/blog\/wp-content\/uploads\/2026\/03\/AdobeStock_186872418_zumaia-768x512.jpeg 768w, https:\/\/www.escapadarural.com\/blog\/wp-content\/uploads\/2026\/03\/AdobeStock_186872418_zumaia-800x533.jpeg 800w, https:\/\/www.escapadarural.com\/blog\/wp-content\/uploads\/2026\/03\/AdobeStock_186872418_zumaia-1024x683.jpeg 1024w, https:\/\/www.escapadarural.com\/blog\/wp-content\/uploads\/2026\/03\/AdobeStock_186872418_zumaia-1200x800.jpeg 1200w, https:\/\/www.escapadarural.com\/blog\/wp-content\/uploads\/2026\/03\/AdobeStock_186872418_zumaia-1536x1024.jpeg 1536w, https:\/\/www.escapadarural.com\/blog\/wp-content\/uploads\/2026\/03\/AdobeStock_186872418_zumaia-scaled.jpeg 2048w\" sizes=\"auto, (max-width: 2048px) 100vw, 2048px\"><\/a><\/div><div class=\"ub-block-post-grid-text\" style=\"\"><div class=\"ub-block-post-grid-header-content\"><header class=\"ub-block-post-grid-header\"><h3 class=\"ub-block-post-grid-title\"><a style=\"\" href=\"https:\/\/www.escapadarural.com\/blog\/rutas-hemingway-espana\/\" rel=\"bookmark\">La Espa\u00f1a de Hemingway: rutas por los escenarios que inspiraron sus historias para celebrar el D\u00eda del Libro<\/a><\/h3><div class=\"ub-block-post-grid-author\" itemprop=\"author\"><a class=\"ub-text-link\" style=\"\" href=\"https:\/\/www.escapadarural.com\/blog\/autor\/carmenlopez\/\" itemprop=\"url\" rel=\"author\"><span itemprop=\"name\">Carmen L\u00f3pez<\/span><\/a><\/div><time datetime=\"2026-04-19T08:55:00+02:00\" class=\"ub-block-post-grid-date\" style=\"\" itemprop=\"datePublished\">19 de abril de 2026<\/time><\/header><\/div><div class=\"ub-block-post-grid-excerpt\"><div class=\"ub-block-post-grid-excerpt-text\" style=\"\"><p>Un viaje por la Espa\u00f1a que conquist\u00f3 a Hemingway y acab\u00f3 dentro de sus p\u00e1ginas: paisajes y rincones reales que se pueden recorrer.<\/p>\n<\/div><\/div><\/div><\/article>\n<\/div><\/section>","protected":false},"excerpt":{"rendered":"<p>Desde mediados de agosto muchos de los campos de nuestro pa\u00eds comienzan a te\u00f1irse de amarillo. Es la \u00e9poca de los girasoles, la flor que inspir\u00f3 a numerosos artistas como Van Gogh. Aqu\u00ed os dejamos una lista con los mejores campos de girasoles que podemos visitar en Espa\u00f1a. <\/p>\n","protected":false},"author":147,"featured_media":99626,"comment_status":"open","ping_status":"open","sticky":false,"template":"","format":"standard","meta":{"_acf_changed":false,"om_disable_all_campaigns":false,"footnotes":""},"categories":[191],"tags":[4489,4490,215],"class_list":["post-54085","post","type-post","status-publish","format-standard","has-post-thumbnail","hentry","category-destinos","tag-campos-de-girasoles","tag-girasoles","tag-listado"],"acf":[],"featured_image_src":"https:\/\/www.escapadarural.com\/blog\/wp-content\/uploads\/2024\/10\/AdobeStock_485319527-1024x683-4.jpeg","author_info":{"display_name":"Albert Martinez","author_link":"https:\/\/www.escapadarural.com\/blog\/autor\/albert-martinez\/"},"yoast_head":"<!-- This site is optimized with the Yoast SEO plugin v27.2 - https:\/\/yoast.com\/product\/yoast-seo-wordpress\/ -->\n<title>\u00bfD\u00f3nde ver los mejores campos de girasoles? - EscapadaRural<\/title>\n<meta name=\"robots\" content=\"index, follow, max-snippet:-1, max-image-preview:large, max-video-preview:-1\" \/>\n<link rel=\"canonical\" href=\"https:\/\/www.escapadarural.com\/blog\/campos-de-girasoles-en-espana\/\" \/>\n<meta property=\"og:locale\" content=\"es_ES\" \/>\n<meta property=\"og:type\" content=\"article\" \/>\n<meta property=\"og:title\" content=\"\u00bfD\u00f3nde ver los mejores campos de girasoles? - EscapadaRural\" \/>\n<meta property=\"og:description\" content=\"Desde mediados de agosto muchos de los campos de nuestro pa\u00eds comienzan a te\u00f1irse de amarillo. Es la \u00e9poca de los girasoles, la flor que inspir\u00f3 a numerosos artistas como Van Gogh. Aqu\u00ed os dejamos una lista con los mejores campos de girasoles que podemos visitar en Espa\u00f1a.\" \/>\n<meta property=\"og:url\" content=\"https:\/\/www.escapadarural.com\/blog\/campos-de-girasoles-en-espana\/\" \/>\n<meta property=\"og:site_name\" content=\"Magazine de viajes de EscapadaRural\" \/>\n<meta property=\"article:publisher\" content=\"https:\/\/www.facebook.com\/escapadarural\" \/>\n<meta property=\"article:published_time\" content=\"2022-08-25T08:38:00+00:00\" \/>\n<meta property=\"article:modified_time\" content=\"2025-04-23T10:53:30+00:00\" \/>\n<meta property=\"og:image\" content=\"https:\/\/www.escapadarural.com\/blog\/wp-content\/uploads\/2024\/10\/AdobeStock_485319527-1024x683-4.jpeg\" \/>\n\t<meta property=\"og:image:width\" content=\"1024\" \/>\n\t<meta property=\"og:image:height\" content=\"683\" \/>\n\t<meta property=\"og:image:type\" content=\"image\/jpeg\" \/>\n<meta name=\"author\" content=\"Albert Martinez\" \/>\n<meta name=\"twitter:card\" content=\"summary_large_image\" \/>\n<meta name=\"twitter:label1\" content=\"Escrito por\" \/>\n\t<meta name=\"twitter:data1\" content=\"Albert Martinez\" \/>\n\t<meta name=\"twitter:label2\" content=\"Tiempo de lectura\" \/>\n\t<meta name=\"twitter:data2\" content=\"5 minutos\" \/>\n<script type=\"application\/ld+json\" class=\"yoast-schema-graph\">{\"@context\":\"https:\/\/schema.org\",\"@graph\":[{\"@type\":\"Article\",\"@id\":\"https:\/\/www.escapadarural.com\/blog\/campos-de-girasoles-en-espana\/#article\",\"isPartOf\":{\"@id\":\"https:\/\/www.escapadarural.com\/blog\/campos-de-girasoles-en-espana\/\"},\"author\":{\"name\":\"Albert Martinez\",\"@id\":\"https:\/\/www.escapadarural.com\/blog\/#\/schema\/person\/0a141f7cdddbcd62a912568fadfccd06\"},\"headline\":\"\u00bfD\u00f3nde ver los mejores campos de girasoles?\",\"datePublished\":\"2022-08-25T08:38:00+00:00\",\"dateModified\":\"2025-04-23T10:53:30+00:00\",\"mainEntityOfPage\":{\"@id\":\"https:\/\/www.escapadarural.com\/blog\/campos-de-girasoles-en-espana\/\"},\"wordCount\":742,\"commentCount\":1,\"publisher\":{\"@id\":\"https:\/\/www.escapadarural.com\/blog\/#organization\"},\"image\":{\"@id\":\"https:\/\/www.escapadarural.com\/blog\/campos-de-girasoles-en-espana\/#primaryimage\"},\"thumbnailUrl\":\"https:\/\/www.escapadarural.com\/blog\/wp-content\/uploads\/2024\/10\/AdobeStock_485319527-1024x683-4.jpeg\",\"keywords\":[\"campos de girasoles\",\"girasoles\",\"Listado\"],\"articleSection\":[\"Destinos\"],\"inLanguage\":\"es\",\"potentialAction\":[{\"@type\":\"CommentAction\",\"name\":\"Comment\",\"target\":[\"https:\/\/www.escapadarural.com\/blog\/campos-de-girasoles-en-espana\/#respond\"]}]},{\"@type\":\"WebPage\",\"@id\":\"https:\/\/www.escapadarural.com\/blog\/campos-de-girasoles-en-espana\/\",\"url\":\"https:\/\/www.escapadarural.com\/blog\/campos-de-girasoles-en-espana\/\",\"name\":\"\u00bfD\u00f3nde ver los mejores campos de girasoles? - EscapadaRural\",\"isPartOf\":{\"@id\":\"https:\/\/www.escapadarural.com\/blog\/#website\"},\"primaryImageOfPage\":{\"@id\":\"https:\/\/www.escapadarural.com\/blog\/campos-de-girasoles-en-espana\/#primaryimage\"},\"image\":{\"@id\":\"https:\/\/www.escapadarural.com\/blog\/campos-de-girasoles-en-espana\/#primaryimage\"},\"thumbnailUrl\":\"https:\/\/www.escapadarural.com\/blog\/wp-content\/uploads\/2024\/10\/AdobeStock_485319527-1024x683-4.jpeg\",\"datePublished\":\"2022-08-25T08:38:00+00:00\",\"dateModified\":\"2025-04-23T10:53:30+00:00\",\"breadcrumb\":{\"@id\":\"https:\/\/www.escapadarural.com\/blog\/campos-de-girasoles-en-espana\/#breadcrumb\"},\"inLanguage\":\"es\",\"potentialAction\":[{\"@type\":\"ReadAction\",\"target\":[\"https:\/\/www.escapadarural.com\/blog\/campos-de-girasoles-en-espana\/\"]}]},{\"@type\":\"ImageObject\",\"inLanguage\":\"es\",\"@id\":\"https:\/\/www.escapadarural.com\/blog\/campos-de-girasoles-en-espana\/#primaryimage\",\"url\":\"https:\/\/www.escapadarural.com\/blog\/wp-content\/uploads\/2024\/10\/AdobeStock_485319527-1024x683-4.jpeg\",\"contentUrl\":\"https:\/\/www.escapadarural.com\/blog\/wp-content\/uploads\/2024\/10\/AdobeStock_485319527-1024x683-4.jpeg\",\"width\":1024,\"height\":683,\"caption\":\"Un vasto campo de girasoles bajo un cielo azul con nubes dispersas, con turbinas e\u00f3licas esparcidas por el paisaje monta\u00f1oso del fondo.\"},{\"@type\":\"BreadcrumbList\",\"@id\":\"https:\/\/www.escapadarural.com\/blog\/campos-de-girasoles-en-espana\/#breadcrumb\",\"itemListElement\":[{\"@type\":\"ListItem\",\"position\":1,\"name\":\"Inicio\",\"item\":\"https:\/\/www.escapadarural.com\/blog\/\"},{\"@type\":\"ListItem\",\"position\":2,\"name\":\"Destinos\",\"item\":\"https:\/\/www.escapadarural.com\/blog\/categoria\/destinos\/\"},{\"@type\":\"ListItem\",\"position\":3,\"name\":\"\u00bfD\u00f3nde ver los mejores campos de girasoles?\"}]},{\"@type\":\"WebSite\",\"@id\":\"https:\/\/www.escapadarural.com\/blog\/#website\",\"url\":\"https:\/\/www.escapadarural.com\/blog\/\",\"name\":\"Blog de viajes | turismo rural, alojamientos e inspiraci\u00f3n\",\"description\":\"Alojamientos rurales e inspiraci\u00f3n para tus escapadas\",\"publisher\":{\"@id\":\"https:\/\/www.escapadarural.com\/blog\/#organization\"},\"alternateName\":\"Magazine de viajes de EscapadaRural\",\"potentialAction\":[{\"@type\":\"SearchAction\",\"target\":{\"@type\":\"EntryPoint\",\"urlTemplate\":\"https:\/\/www.escapadarural.com\/blog\/?s={search_term_string}\"},\"query-input\":{\"@type\":\"PropertyValueSpecification\",\"valueRequired\":true,\"valueName\":\"search_term_string\"}}],\"inLanguage\":\"es\"},{\"@type\":\"Organization\",\"@id\":\"https:\/\/www.escapadarural.com\/blog\/#organization\",\"name\":\"EscapadaRural\",\"url\":\"https:\/\/www.escapadarural.com\/blog\/\",\"logo\":{\"@type\":\"ImageObject\",\"inLanguage\":\"es\",\"@id\":\"https:\/\/www.escapadarural.com\/blog\/#\/schema\/logo\/image\/\",\"url\":\"https:\/\/www.escapadarural.com\/blog\/wp-content\/uploads\/2024\/10\/cropped-cropped-escapada-rural-icon-mag-3.png\",\"contentUrl\":\"https:\/\/www.escapadarural.com\/blog\/wp-content\/uploads\/2024\/10\/cropped-cropped-escapada-rural-icon-mag-3.png\",\"width\":512,\"height\":512,\"caption\":\"EscapadaRural\"},\"image\":{\"@id\":\"https:\/\/www.escapadarural.com\/blog\/#\/schema\/logo\/image\/\"},\"sameAs\":[\"https:\/\/www.facebook.com\/escapadarural\",\"https:\/\/www.instagram.com\/escapadarural\/\",\"https:\/\/www.youtube.com\/@escapadaruralcom\"]},{\"@type\":\"Person\",\"@id\":\"https:\/\/www.escapadarural.com\/blog\/#\/schema\/person\/0a141f7cdddbcd62a912568fadfccd06\",\"name\":\"Albert Martinez\",\"image\":{\"@type\":\"ImageObject\",\"inLanguage\":\"es\",\"@id\":\"https:\/\/secure.gravatar.com\/avatar\/8f1e1b97ac5d9735d364ec10174953f016266ea4a8b87feac366b74800532cd6?s=96&d=mm&r=g\",\"url\":\"https:\/\/secure.gravatar.com\/avatar\/8f1e1b97ac5d9735d364ec10174953f016266ea4a8b87feac366b74800532cd6?s=96&d=mm&r=g\",\"contentUrl\":\"https:\/\/secure.gravatar.com\/avatar\/8f1e1b97ac5d9735d364ec10174953f016266ea4a8b87feac366b74800532cd6?s=96&d=mm&r=g\",\"caption\":\"Albert Martinez\"},\"url\":\"https:\/\/www.escapadarural.com\/blog\/autor\/albert-martinez\/\"}]}<\/script>\n<!-- \/ Yoast SEO plugin. -->","yoast_head_json":{"title":"\u00bfD\u00f3nde ver los mejores campos de girasoles? - EscapadaRural","robots":{"index":"index","follow":"follow","max-snippet":"max-snippet:-1","max-image-preview":"max-image-preview:large","max-video-preview":"max-video-preview:-1"},"canonical":"https:\/\/www.escapadarural.com\/blog\/campos-de-girasoles-en-espana\/","og_locale":"es_ES","og_type":"article","og_title":"\u00bfD\u00f3nde ver los mejores campos de girasoles? - EscapadaRural","og_description":"Desde mediados de agosto muchos de los campos de nuestro pa\u00eds comienzan a te\u00f1irse de amarillo. Es la \u00e9poca de los girasoles, la flor que inspir\u00f3 a numerosos artistas como Van Gogh. Aqu\u00ed os dejamos una lista con los mejores campos de girasoles que podemos visitar en Espa\u00f1a.","og_url":"https:\/\/www.escapadarural.com\/blog\/campos-de-girasoles-en-espana\/","og_site_name":"Magazine de viajes de EscapadaRural","article_publisher":"https:\/\/www.facebook.com\/escapadarural","article_published_time":"2022-08-25T08:38:00+00:00","article_modified_time":"2025-04-23T10:53:30+00:00","og_image":[{"width":1024,"height":683,"url":"https:\/\/www.escapadarural.com\/blog\/wp-content\/uploads\/2024\/10\/AdobeStock_485319527-1024x683-4.jpeg","type":"image\/jpeg"}],"author":"Albert Martinez","twitter_card":"summary_large_image","twitter_misc":{"Escrito por":"Albert Martinez","Tiempo de lectura":"5 minutos"},"schema":{"@context":"https:\/\/schema.org","@graph":[{"@type":"Article","@id":"https:\/\/www.escapadarural.com\/blog\/campos-de-girasoles-en-espana\/#article","isPartOf":{"@id":"https:\/\/www.escapadarural.com\/blog\/campos-de-girasoles-en-espana\/"},"author":{"name":"Albert Martinez","@id":"https:\/\/www.escapadarural.com\/blog\/#\/schema\/person\/0a141f7cdddbcd62a912568fadfccd06"},"headline":"\u00bfD\u00f3nde ver los mejores campos de girasoles?","datePublished":"2022-08-25T08:38:00+00:00","dateModified":"2025-04-23T10:53:30+00:00","mainEntityOfPage":{"@id":"https:\/\/www.escapadarural.com\/blog\/campos-de-girasoles-en-espana\/"},"wordCount":742,"commentCount":1,"publisher":{"@id":"https:\/\/www.escapadarural.com\/blog\/#organization"},"image":{"@id":"https:\/\/www.escapadarural.com\/blog\/campos-de-girasoles-en-espana\/#primaryimage"},"thumbnailUrl":"https:\/\/www.escapadarural.com\/blog\/wp-content\/uploads\/2024\/10\/AdobeStock_485319527-1024x683-4.jpeg","keywords":["campos de girasoles","girasoles","Listado"],"articleSection":["Destinos"],"inLanguage":"es","potentialAction":[{"@type":"CommentAction","name":"Comment","target":["https:\/\/www.escapadarural.com\/blog\/campos-de-girasoles-en-espana\/#respond"]}]},{"@type":"WebPage","@id":"https:\/\/www.escapadarural.com\/blog\/campos-de-girasoles-en-espana\/","url":"https:\/\/www.escapadarural.com\/blog\/campos-de-girasoles-en-espana\/","name":"\u00bfD\u00f3nde ver los mejores campos de girasoles? - EscapadaRural","isPartOf":{"@id":"https:\/\/www.escapadarural.com\/blog\/#website"},"primaryImageOfPage":{"@id":"https:\/\/www.escapadarural.com\/blog\/campos-de-girasoles-en-espana\/#primaryimage"},"image":{"@id":"https:\/\/www.escapadarural.com\/blog\/campos-de-girasoles-en-espana\/#primaryimage"},"thumbnailUrl":"https:\/\/www.escapadarural.com\/blog\/wp-content\/uploads\/2024\/10\/AdobeStock_485319527-1024x683-4.jpeg","datePublished":"2022-08-25T08:38:00+00:00","dateModified":"2025-04-23T10:53:30+00:00","breadcrumb":{"@id":"https:\/\/www.escapadarural.com\/blog\/campos-de-girasoles-en-espana\/#breadcrumb"},"inLanguage":"es","potentialAction":[{"@type":"ReadAction","target":["https:\/\/www.escapadarural.com\/blog\/campos-de-girasoles-en-espana\/"]}]},{"@type":"ImageObject","inLanguage":"es","@id":"https:\/\/www.escapadarural.com\/blog\/campos-de-girasoles-en-espana\/#primaryimage","url":"https:\/\/www.escapadarural.com\/blog\/wp-content\/uploads\/2024\/10\/AdobeStock_485319527-1024x683-4.jpeg","contentUrl":"https:\/\/www.escapadarural.com\/blog\/wp-content\/uploads\/2024\/10\/AdobeStock_485319527-1024x683-4.jpeg","width":1024,"height":683,"caption":"Un vasto campo de girasoles bajo un cielo azul con nubes dispersas, con turbinas e\u00f3licas esparcidas por el paisaje monta\u00f1oso del fondo."},{"@type":"BreadcrumbList","@id":"https:\/\/www.escapadarural.com\/blog\/campos-de-girasoles-en-espana\/#breadcrumb","itemListElement":[{"@type":"ListItem","position":1,"name":"Inicio","item":"https:\/\/www.escapadarural.com\/blog\/"},{"@type":"ListItem","position":2,"name":"Destinos","item":"https:\/\/www.escapadarural.com\/blog\/categoria\/destinos\/"},{"@type":"ListItem","position":3,"name":"\u00bfD\u00f3nde ver los mejores campos de girasoles?"}]},{"@type":"WebSite","@id":"https:\/\/www.escapadarural.com\/blog\/#website","url":"https:\/\/www.escapadarural.com\/blog\/","name":"Blog de viajes | turismo rural, alojamientos e inspiraci\u00f3n","description":"Alojamientos rurales e inspiraci\u00f3n para tus escapadas","publisher":{"@id":"https:\/\/www.escapadarural.com\/blog\/#organization"},"alternateName":"Magazine de viajes de EscapadaRural","potentialAction":[{"@type":"SearchAction","target":{"@type":"EntryPoint","urlTemplate":"https:\/\/www.escapadarural.com\/blog\/?s={search_term_string}"},"query-input":{"@type":"PropertyValueSpecification","valueRequired":true,"valueName":"search_term_string"}}],"inLanguage":"es"},{"@type":"Organization","@id":"https:\/\/www.escapadarural.com\/blog\/#organization","name":"EscapadaRural","url":"https:\/\/www.escapadarural.com\/blog\/","logo":{"@type":"ImageObject","inLanguage":"es","@id":"https:\/\/www.escapadarural.com\/blog\/#\/schema\/logo\/image\/","url":"https:\/\/www.escapadarural.com\/blog\/wp-content\/uploads\/2024\/10\/cropped-cropped-escapada-rural-icon-mag-3.png","contentUrl":"https:\/\/www.escapadarural.com\/blog\/wp-content\/uploads\/2024\/10\/cropped-cropped-escapada-rural-icon-mag-3.png","width":512,"height":512,"caption":"EscapadaRural"},"image":{"@id":"https:\/\/www.escapadarural.com\/blog\/#\/schema\/logo\/image\/"},"sameAs":["https:\/\/www.facebook.com\/escapadarural","https:\/\/www.instagram.com\/escapadarural\/","https:\/\/www.youtube.com\/@escapadaruralcom"]},{"@type":"Person","@id":"https:\/\/www.escapadarural.com\/blog\/#\/schema\/person\/0a141f7cdddbcd62a912568fadfccd06","name":"Albert Martinez","image":{"@type":"ImageObject","inLanguage":"es","@id":"https:\/\/secure.gravatar.com\/avatar\/8f1e1b97ac5d9735d364ec10174953f016266ea4a8b87feac366b74800532cd6?s=96&d=mm&r=g","url":"https:\/\/secure.gravatar.com\/avatar\/8f1e1b97ac5d9735d364ec10174953f016266ea4a8b87feac366b74800532cd6?s=96&d=mm&r=g","contentUrl":"https:\/\/secure.gravatar.com\/avatar\/8f1e1b97ac5d9735d364ec10174953f016266ea4a8b87feac366b74800532cd6?s=96&d=mm&r=g","caption":"Albert Martinez"},"url":"https:\/\/www.escapadarural.com\/blog\/autor\/albert-martinez\/"}]}},"_links":{"self":[{"href":"https:\/\/www.escapadarural.com\/blog\/wp-json\/wp\/v2\/posts\/54085","targetHints":{"allow":["GET"]}}],"collection":[{"href":"https:\/\/www.escapadarural.com\/blog\/wp-json\/wp\/v2\/posts"}],"about":[{"href":"https:\/\/www.escapadarural.com\/blog\/wp-json\/wp\/v2\/types\/post"}],"author":[{"embeddable":true,"href":"https:\/\/www.escapadarural.com\/blog\/wp-json\/wp\/v2\/users\/147"}],"replies":[{"embeddable":true,"href":"https:\/\/www.escapadarural.com\/blog\/wp-json\/wp\/v2\/comments?post=54085"}],"version-history":[{"count":0,"href":"https:\/\/www.escapadarural.com\/blog\/wp-json\/wp\/v2\/posts\/54085\/revisions"}],"wp:featuredmedia":[{"embeddable":true,"href":"https:\/\/www.escapadarural.com\/blog\/wp-json\/wp\/v2\/media\/99626"}],"wp:attachment":[{"href":"https:\/\/www.escapadarural.com\/blog\/wp-json\/wp\/v2\/media?parent=54085"}],"wp:term":[{"taxonomy":"category","embeddable":true,"href":"https:\/\/www.escapadarural.com\/blog\/wp-json\/wp\/v2\/categories?post=54085"},{"taxonomy":"post_tag","embeddable":true,"href":"https:\/\/www.escapadarural.com\/blog\/wp-json\/wp\/v2\/tags?post=54085"}],"curies":[{"name":"wp","href":"https:\/\/api.w.org\/{rel}","templated":true}]}}