{"id":54088,"date":"2022-08-29T09:24:34","date_gmt":"2022-08-29T08:24:34","guid":{"rendered":"https:\/\/www.escapadarural.com\/blog\/?p=54088"},"modified":"2025-08-04T09:59:01","modified_gmt":"2025-08-04T07:59:01","slug":"lithica-menorca","status":"publish","type":"post","link":"https:\/\/www.escapadarural.com\/blog\/lithica-menorca\/","title":{"rendered":"Lithica, una cantera reconvertida en espacio art\u00edstico"},"content":{"rendered":"\n<figure class=\"wp-block-embed is-type-video is-provider-youtube wp-block-embed-youtube wp-embed-aspect-16-9 wp-has-aspect-ratio\"><div class=\"wp-block-embed__wrapper\">\n<span class=\"Qk7MhFDIVeJaEYrKjo4P0lOUStHpfgbui9zdW3w62vc8A5y1\"><div class=\"video-shortcode\"><iframe title=\"Lithica, una cantera reconvertida en espacio art\u00edstico\" width=\"1200\" height=\"675\" src=\"https:\/\/www.youtube.com\/embed\/49L5esNesEU?feature=oembed\" frameborder=\"0\" allow=\"accelerometer; autoplay; clipboard-write; encrypted-media; gyroscope; picture-in-picture; web-share\" referrerpolicy=\"strict-origin-when-cross-origin\" allowfullscreen><\/iframe><\/div><\/span>\n<\/div><\/figure>\n\n\n\n<p>Quiz\u00e1s se trate de uno de los secretos mejor guardados de <a class=\"rank-math-link\" href=\"https:\/\/www.escapadarural.com\/casas-rurales\/menorca\">Menorca<\/a>, uno de los que m\u00e1s impresiona a todo aquel que decide acercarse o que m\u00e1s enamora al conocer su historia. Hablamos de <strong>Lithica \u2013 Les Pedreres de s\u2019Hostal<\/strong>, una antigua cantera reconvertida en espacio art\u00edstico donde el arte se fusiona con la naturaleza.<\/p>\n\n\n\n<p>La encontrar\u00e1s escondida a las afueras de Ciutadella, muy cerca de la Ronda Sud, aunque no te dar\u00e1s cuenta de los monumentales paisajes y obras excavadas en la piedra hasta que no est\u00e9s en su interior. Es tal su tama\u00f1o, patrimonio y papel dentro de la isla que en 2017 fue declarada Bien de Inter\u00e9s Etnol\u00f3gico y su recuperaci\u00f3n ha sido reconocida con el <strong>premio Europa Nostra<\/strong>.<\/p>\n\n\n\n<figure class=\"wp-block-image size-large\"><a href=\"https:\/\/www.escapadarural.com\/blog\/wp-content\/uploads\/Laberinto-Mineral_6-scaled.jpg\"><img decoding=\"async\" src=\"https:\/\/www.escapadarural.com\/blog\/wp-content\/uploads\/Laberinto-Mineral_6-1024x768.jpg\" alt=\"Lithica\" class=\"wp-image-54271\"\/><\/a><figcaption class=\"wp-element-caption\">Lithica. Por Alba Feliz<\/figcaption><\/figure>\n\n\n\n<p>Lithica es, para muchos, un lugar que enamora y en el que dejarse perder por sus jardines, laberintos, multitud de espacios y formas.<\/p>\n\n\n\n<h2 class=\"wp-block-heading\" id=\"h-sus-origenes\"><strong>Sus or\u00edgenes<\/strong><\/h2>\n\n\n\n<figure class=\"wp-block-image size-large\"><a href=\"https:\/\/www.escapadarural.com\/blog\/wp-content\/uploads\/Laberinto-Mineral-scaled.jpg\"><img decoding=\"async\" src=\"https:\/\/www.escapadarural.com\/blog\/wp-content\/uploads\/Laberinto-Mineral-1024x768.jpg\" alt=\"Lithica\" class=\"wp-image-54268\"\/><\/a><figcaption class=\"wp-element-caption\">Lithica. Por Alba Feliz<\/figcaption><\/figure>\n\n\n\n<p>Para saber un poco m\u00e1s de su origen hemos de retroceder unos 200 a\u00f1os, hasta el siglo XIX, a\u00f1o en el que se comenz\u00f3 a extraer la piedra calc\u00e1rea. Les Pedreres de s\u2019Hostal se inaugura como una <a href=\"https:\/\/es.wikipedia.org\/wiki\/Mar%C3%A9s\" target=\"_blank\" aria-label=\" (opens in a new tab)\" rel=\"noreferrer noopener nofollow\" class=\"rank-math-link\">cantera de mar\u00e9s<\/a>, material que ha sido muy utilizado en la <strong>construcci\u00f3n t\u00edpica menorquina<\/strong> y que est\u00e1 presente por toda la isla tanto en muros e iglesias como en viviendas.&nbsp; Es una roca muy apreciada en Baleares gracias a su f\u00e1cil tallado, resistencia y porosidad, lo que le permite absorber y eliminar agua f\u00e1cilmente.<\/p>\n\n\n\n<p>Aunque su uso ha sido muy popular desde tiempos inmemorables, la llegada de nuevos materiales aceleraron su fin dej\u00e1ndola en el olvido a partir del a\u00f1o 1994. M\u00e1s adelante y despu\u00e9s de un proceso de limpieza, fue rescatada por la asociaci\u00f3n Lithica, que ha creado y conservado un espacio en el que la naturaleza, <a href=\"https:\/\/www.escapadarural.com\/blog\/categoria\/arte-y-cultura\/\" title=\"Arte y cultura\"  data-wpil-monitor-id=\"1295\">la cultura y el arte<\/a> viven en armon\u00eda.<\/p>\n\n\n\n<h2 class=\"wp-block-heading\" id=\"h-espacios-y-arte-por-los-cuatro-costados\"><strong>Espacios y arte por los cuatro costados<\/strong><\/h2>\n\n\n\n<figure class=\"wp-block-image size-large\"><a href=\"https:\/\/www.escapadarural.com\/blog\/wp-content\/uploads\/Laberinto-Vegetal-scaled.jpg\"><img decoding=\"async\" src=\"https:\/\/www.escapadarural.com\/blog\/wp-content\/uploads\/Laberinto-Vegetal-1024x768.jpg\" alt=\"Lithica\" class=\"wp-image-54272\"\/><\/a><figcaption class=\"wp-element-caption\">Lithica. Por Alba Feliz<\/figcaption><\/figure>\n\n\n\n<p>Les Pedreres de s\u2019Hostal ofrece al visitante m\u00faltiples espacios, cada uno diferente al anterior, creando as\u00ed varios universos en los que ir introduci\u00e9ndose poco a poco e ir descubriendo la cantera a nuestro ritmo.<\/p>\n\n\n\n<p>La visita comienza con las impresionantes vistas cenitales del <strong>laberinto mineral<\/strong>, de planta cuadrada y dise\u00f1ado por Laetitia Lara, Nuria Rom\u00e1n y Basile Ribas. Impresiona ya que est\u00e1 situado en una de las partes m\u00e1s hondas de la cantera, junto a paredes verticales de roca y formado por esta misma, mimetiz\u00e1ndose as\u00ed con el paisaje y siguiendo la t\u00e9cnica de piedra en seco. Desde las alturas parece un reto f\u00e1cil, pero lo cierto es que cuando est\u00e1s en su interior resulta m\u00e1s complicado llegar al centro del laberinto sin equivocarse.<\/p>\n\n\n\n<p>Una vez asimilamos el imponente laberinto y nos hacemos una peque\u00f1a idea de c\u00f3mo era la cantera desde las alturas, es momento de comenzar a descubrir el lugar. Al dar cuatro pasos por el circuito establecido enseguida nos damos cuenta de las claras diferencias entre espacios. Algunos cubiertos de flora, fuentes y hierbas medicinales, otros emulando el para\u00edso perdido mediante un <strong>jard\u00edn secreto<\/strong> y otros m\u00e1s vac\u00edos donde el mar\u00e9s y el eco son los claros protagonistas.<\/p>\n\n\n\n<p>Tambi\u00e9n podemos dividir los espacios entre lo que en su d\u00eda fue cantera de extracci\u00f3n manual y cantera de extracci\u00f3n mec\u00e1nica. Siendo la extracci\u00f3n mec\u00e1nica el m\u00e9todo m\u00e1s reciente y, por lo tanto, la parte final de la visita regal\u00e1ndonos espacios con paredes verticales, obras como el famoso Totem (mar\u00e9s que recuerda a la silueta del cuerpo humano), el previamente nombrado laberinto mineral y las m\u00faltiples intervenciones Land-Art.<\/p>\n\n\n\n<h2 class=\"wp-block-heading\" id=\"h-intervenciones-land-art-y-alguna-curiosidad\"><strong>Intervenciones Land-Art y alguna curiosidad<\/strong><\/h2>\n\n\n\n<figure class=\"wp-block-image size-large\"><a href=\"https:\/\/www.escapadarural.com\/blog\/wp-content\/uploads\/Cantera-del-Anfiteatro-scaled.jpg\"><img decoding=\"async\" src=\"https:\/\/www.escapadarural.com\/blog\/wp-content\/uploads\/Cantera-del-Anfiteatro-1024x768.jpg\" alt=\"Lithica\" class=\"wp-image-54267\"\/><\/a><figcaption class=\"wp-element-caption\">Lithica. Por Alba Feliz<\/figcaption><\/figure>\n\n\n\n<p>Han sido varios los artistas que se han atrevido a jugar con el paisaje heredado que ha ido dejando el hombre y el paso de los a\u00f1os en la cantera. A trav\u00e9s del <em><a aria-label=\" (opens in a new tab)\" href=\"https:\/\/es.wikipedia.org\/wiki\/Land_Art\" target=\"_blank\" rel=\"noreferrer noopener nofollow\" class=\"rank-math-link\">land-art<\/a><\/em>, tambi\u00e9n conocido como el arte en el paisaje, varios artistas han plasmado en Lithica sus proyectos con los que se ha podido salvar la cantera convirti\u00e9ndola en un gran jard\u00edn y centro de cultura para todos.<\/p>\n\n\n\n<p>Entre las obras que m\u00e1s nos han fascinado y nos han llamado la atenci\u00f3n encontramos el <strong>laberinto vegetal<\/strong>, de forma circular donde se potencia el aroma y los sentidos gracias a la presencia de plantas arom\u00e1ticas. Lo encontrar\u00e1s en pleno coraz\u00f3n y en la parte m\u00e1s antigua de Pedreres de s\u2019Hostal, donde nos transporta a otro lugar, lleno de frescor, olores y mucha vida. Si cierras los ojos, puede ser que hasta te olvides de que te encuentras en una cantera.<\/p>\n\n\n\n<p>Otra intervenci\u00f3n con mucha personalidad y una bonita historia detr\u00e1s es el <strong>laberinto mineral<\/strong>. Est\u00e1 inspirado en el conocido laberinto del minotauro de Creta (Grecia) y lo encontrar\u00e1s en una de las zonas m\u00e1s j\u00f3venes de la cantera. Est\u00e1 construido con mar\u00e9s ya que la intenci\u00f3n es devolver a la cantera el material que durante a\u00f1os se extrajo. Un dato curioso es que cada una de sus piedras ha sido apadrinada y est\u00e1n numeradas.<\/p>\n\n\n\n<figure class=\"wp-block-image size-large\"><a href=\"https:\/\/www.escapadarural.com\/blog\/wp-content\/uploads\/Laberinto-Mineral_4-scaled.jpg\"><img decoding=\"async\" src=\"https:\/\/www.escapadarural.com\/blog\/wp-content\/uploads\/Laberinto-Mineral_4-1024x768.jpg\" alt=\"Lithica\" class=\"wp-image-54270\"\/><\/a><figcaption class=\"wp-element-caption\">Lithica. Por Alba Feliz<\/figcaption><\/figure>\n\n\n\n<p>Por \u00faltimo, la <strong>cantera del anfiteatro<\/strong> es otro de los lugares que dejan con la boca abierta a todo aquel que entra. Tiene forma rectangular y est\u00e1 rodeada de paredes de mar\u00e9s de 28 metros de altura y escaleras verticales que han sido talladas en la piedra. Su forma y buena ac\u00fastica la convierten en el lugar perfecto para celebrar conciertos, peque\u00f1as obras e incluso festivales en un entorno privilegiado.<\/p>\n\n\n\n<p>Sin duda alguna, Lithica se trata de un lugar que irradia magia, arte, naturaleza y sentimiento de regeneraci\u00f3n. Un secreto muy cerca de las calas paradis\u00edacas del sur de la isla y que fomenta la cultura de la piedra menorquina.<\/p>\n\n\n\n<h2 class=\"wp-block-heading\" id=\"h-mas-imanges-de-lithica\">M\u00e1s im\u00e1nges de Lithica<\/h2>\n\n\n\n<figure class=\"wp-block-image size-large\"><img decoding=\"async\" src=\"https:\/\/www.escapadarural.com\/blog\/wp-content\/uploads\/lithica-quarry-with-labyrinth-near-ciutadella-menorca-stockpack-adobe-stock-1024x683.jpg\" alt=\"Lithica quarry with labyrinth near Ciutadella, Menorca\" class=\"wp-image-62912\"\/><figcaption class=\"wp-element-caption\">Lithica. Por Rulan <\/figcaption><\/figure>\n\n\n\n<figure class=\"wp-block-image size-large\"><img decoding=\"async\" src=\"https:\/\/www.escapadarural.com\/blog\/wp-content\/uploads\/menorca-island-deshostal-quarry-in-sunny-day-stockpack-adobe-stock-1024x683.jpg\" alt=\"Menorca island Des\u2019hostal quarry in sunny day.\" class=\"wp-image-62913\"\/><figcaption class=\"wp-element-caption\">Lithica. Por tuulijumala<\/figcaption><\/figure>\n\n\n\n<figure class=\"wp-block-image size-large\"><img decoding=\"async\" src=\"https:\/\/www.escapadarural.com\/blog\/wp-content\/uploads\/the-stairs-of-shostal-quarries-lithica-sandstone-quarry-in-ciutadella-menorca-stockpack-adobe-stock-1024x683.jpg\" alt=\"The stairs of s\u2019Hostal Quarries, Lithica sandstone quarry in Ciutadella. Menorca.\" class=\"wp-image-62914\"\/><figcaption class=\"wp-element-caption\">Lithica. Por Sofia ZA<\/figcaption><\/figure>\n\n\n\n<figure class=\"wp-block-image size-large\"><img decoding=\"async\" src=\"https:\/\/www.escapadarural.com\/blog\/wp-content\/uploads\/lithica-en-menorca-laberinto-de-piedra-en-las-canteras-de-shostal-en-la-isla-de-menorca-islas-baleares-espana-stockpack-adobe-stock-1024x683.jpg\" alt=\"L\u00edthica, en Menorca. Laberinto de piedra en las canteras de s'Hostal, en la isla de Menorca (Islas Baleares, Espa\u00f1a)\" class=\"wp-image-62915\"\/><figcaption class=\"wp-element-caption\">Lithica. Por Concept Island<\/figcaption><\/figure>\n\n\n\n<figure class=\"wp-block-image size-large\"><img decoding=\"async\" src=\"https:\/\/www.escapadarural.com\/blog\/wp-content\/uploads\/stone-man-at-lithica-quarry-near-ciutadella-menorca-stockpack-adobe-stock-1024x683.jpg\" alt=\"Stone man at Lithica quarry near Ciutadella, Menorca\" class=\"wp-image-62917\"\/><figcaption class=\"wp-element-caption\">Lithica. Por Rulan <\/figcaption><\/figure>\n\n\n\n<div class=\"wp-block-buttons is-layout-flex wp-block-buttons-is-layout-flex\">\n<div class=\"wp-block-button\"><a class=\"wp-block-button__link wp-element-button\" href=\"https:\/\/www.escapadarural.com\/casas-rurales\/menorca\">Casas rurales en Menorca<\/a><\/div>\n<\/div>\n","protected":false},"excerpt":{"rendered":"<p>Lithica es un espacio art\u00edstico creado en una antigua cantera de mar\u00e9s abandonada, en la isla de Menorca. Su recuperaci\u00f3n ha sido reconocida con el premio Europa Nostra. <\/p>\n","protected":false},"author":151,"featured_media":99580,"comment_status":"open","ping_status":"open","sticky":false,"template":"","format":"standard","meta":{"_acf_changed":false,"om_disable_all_campaigns":false,"footnotes":""},"categories":[231],"tags":[1717,412,411,2237],"class_list":["post-54088","post","type-post","status-publish","format-standard","has-post-thumbnail","hentry","category-arte-y-cultura","tag-arte","tag-que-ver-en-islas-baleares","tag-menorca","tag-museos"],"acf":[],"featured_image_src":"https:\/\/www.escapadarural.com\/blog\/wp-content\/uploads\/2024\/10\/Laberinto-Mineral_6-1024x768-3.jpg","author_info":{"display_name":"Alba Feliz","author_link":"https:\/\/www.escapadarural.com\/blog\/autor\/alba\/"},"yoast_head":"<!-- This site is optimized with the Yoast SEO plugin v27.5 - https:\/\/yoast.com\/product\/yoast-seo-wordpress\/ -->\n<title>Lithica, una cantera reconvertida en espacio art\u00edstico - EscapadaRural<\/title>\n<meta name=\"robots\" content=\"index, follow, max-snippet:-1, max-image-preview:large, max-video-preview:-1\" \/>\n<link rel=\"canonical\" href=\"https:\/\/www.escapadarural.com\/blog\/lithica-menorca\/\" \/>\n<meta property=\"og:locale\" content=\"es_ES\" \/>\n<meta property=\"og:type\" content=\"article\" \/>\n<meta property=\"og:title\" content=\"Lithica, una cantera reconvertida en espacio art\u00edstico - EscapadaRural\" \/>\n<meta property=\"og:description\" content=\"Lithica es un espacio art\u00edstico creado en una antigua cantera de mar\u00e9s abandonada, en la isla de Menorca. Su recuperaci\u00f3n ha sido reconocida con el premio Europa Nostra.\" \/>\n<meta property=\"og:url\" content=\"https:\/\/www.escapadarural.com\/blog\/lithica-menorca\/\" \/>\n<meta property=\"og:site_name\" content=\"Magazine de viajes de EscapadaRural\" \/>\n<meta property=\"article:publisher\" content=\"https:\/\/www.facebook.com\/escapadarural\" \/>\n<meta property=\"article:published_time\" content=\"2022-08-29T08:24:34+00:00\" \/>\n<meta property=\"article:modified_time\" content=\"2025-08-04T07:59:01+00:00\" \/>\n<meta property=\"og:image\" content=\"https:\/\/www.escapadarural.com\/blog\/wp-content\/uploads\/2024\/10\/Laberinto-Mineral_6-1024x768-3.jpg?v=1754294360\" \/>\n\t<meta property=\"og:image:width\" content=\"1024\" \/>\n\t<meta property=\"og:image:height\" content=\"768\" \/>\n\t<meta property=\"og:image:type\" content=\"image\/jpeg\" \/>\n<meta name=\"author\" content=\"Alba Feliz\" \/>\n<meta name=\"twitter:card\" content=\"summary_large_image\" \/>\n<meta name=\"twitter:label1\" content=\"Escrito por\" \/>\n\t<meta name=\"twitter:data1\" content=\"Alba Feliz\" \/>\n\t<meta name=\"twitter:label2\" content=\"Tiempo de lectura\" \/>\n\t<meta name=\"twitter:data2\" content=\"5 minutos\" \/>\n<script type=\"application\/ld+json\" class=\"yoast-schema-graph\">{\"@context\":\"https:\\\/\\\/schema.org\",\"@graph\":[{\"@type\":\"Article\",\"@id\":\"https:\\\/\\\/www.escapadarural.com\\\/blog\\\/lithica-menorca\\\/#article\",\"isPartOf\":{\"@id\":\"https:\\\/\\\/www.escapadarural.com\\\/blog\\\/lithica-menorca\\\/\"},\"author\":{\"name\":\"Alba Feliz\",\"@id\":\"https:\\\/\\\/www.escapadarural.com\\\/blog\\\/#\\\/schema\\\/person\\\/65271b7b847121ab7a4f8c3be624d420\"},\"headline\":\"Lithica, una cantera reconvertida en espacio art\u00edstico\",\"datePublished\":\"2022-08-29T08:24:34+00:00\",\"dateModified\":\"2025-08-04T07:59:01+00:00\",\"mainEntityOfPage\":{\"@id\":\"https:\\\/\\\/www.escapadarural.com\\\/blog\\\/lithica-menorca\\\/\"},\"wordCount\":1057,\"commentCount\":0,\"publisher\":{\"@id\":\"https:\\\/\\\/www.escapadarural.com\\\/blog\\\/#organization\"},\"image\":{\"@id\":\"https:\\\/\\\/www.escapadarural.com\\\/blog\\\/lithica-menorca\\\/#primaryimage\"},\"thumbnailUrl\":\"https:\\\/\\\/www.escapadarural.com\\\/blog\\\/wp-content\\\/uploads\\\/2024\\\/10\\\/Laberinto-Mineral_6-1024x768-3.jpg\",\"keywords\":[\"arte\",\"Islas Baleares\",\"Menorca\",\"museos\"],\"articleSection\":[\"Arte y Cultura\"],\"inLanguage\":\"es\",\"potentialAction\":[{\"@type\":\"CommentAction\",\"name\":\"Comment\",\"target\":[\"https:\\\/\\\/www.escapadarural.com\\\/blog\\\/lithica-menorca\\\/#respond\"]}]},{\"@type\":\"WebPage\",\"@id\":\"https:\\\/\\\/www.escapadarural.com\\\/blog\\\/lithica-menorca\\\/\",\"url\":\"https:\\\/\\\/www.escapadarural.com\\\/blog\\\/lithica-menorca\\\/\",\"name\":\"Lithica, una cantera reconvertida en espacio art\u00edstico - EscapadaRural\",\"isPartOf\":{\"@id\":\"https:\\\/\\\/www.escapadarural.com\\\/blog\\\/#website\"},\"primaryImageOfPage\":{\"@id\":\"https:\\\/\\\/www.escapadarural.com\\\/blog\\\/lithica-menorca\\\/#primaryimage\"},\"image\":{\"@id\":\"https:\\\/\\\/www.escapadarural.com\\\/blog\\\/lithica-menorca\\\/#primaryimage\"},\"thumbnailUrl\":\"https:\\\/\\\/www.escapadarural.com\\\/blog\\\/wp-content\\\/uploads\\\/2024\\\/10\\\/Laberinto-Mineral_6-1024x768-3.jpg\",\"datePublished\":\"2022-08-29T08:24:34+00:00\",\"dateModified\":\"2025-08-04T07:59:01+00:00\",\"breadcrumb\":{\"@id\":\"https:\\\/\\\/www.escapadarural.com\\\/blog\\\/lithica-menorca\\\/#breadcrumb\"},\"inLanguage\":\"es\",\"potentialAction\":[{\"@type\":\"ReadAction\",\"target\":[\"https:\\\/\\\/www.escapadarural.com\\\/blog\\\/lithica-menorca\\\/\"]}]},{\"@type\":\"ImageObject\",\"inLanguage\":\"es\",\"@id\":\"https:\\\/\\\/www.escapadarural.com\\\/blog\\\/lithica-menorca\\\/#primaryimage\",\"url\":\"https:\\\/\\\/www.escapadarural.com\\\/blog\\\/wp-content\\\/uploads\\\/2024\\\/10\\\/Laberinto-Mineral_6-1024x768-3.jpg\",\"contentUrl\":\"https:\\\/\\\/www.escapadarural.com\\\/blog\\\/wp-content\\\/uploads\\\/2024\\\/10\\\/Laberinto-Mineral_6-1024x768-3.jpg\",\"width\":1024,\"height\":768,\"caption\":\"Gran cantera de piedra antigua con altas paredes verticales y motivos geom\u00e9tricos tallados en piedra. Filas de bloques de piedra forman una estructura laber\u00edntica en el interior del pozo bajo un cielo azul brillante con nubes dispersas.\"},{\"@type\":\"BreadcrumbList\",\"@id\":\"https:\\\/\\\/www.escapadarural.com\\\/blog\\\/lithica-menorca\\\/#breadcrumb\",\"itemListElement\":[{\"@type\":\"ListItem\",\"position\":1,\"name\":\"Inicio\",\"item\":\"https:\\\/\\\/www.escapadarural.com\\\/blog\\\/\"},{\"@type\":\"ListItem\",\"position\":2,\"name\":\"Arte y Cultura\",\"item\":\"https:\\\/\\\/www.escapadarural.com\\\/blog\\\/categoria\\\/arte-y-cultura\\\/\"},{\"@type\":\"ListItem\",\"position\":3,\"name\":\"Lithica, una cantera reconvertida en espacio art\u00edstico\"}]},{\"@type\":\"WebSite\",\"@id\":\"https:\\\/\\\/www.escapadarural.com\\\/blog\\\/#website\",\"url\":\"https:\\\/\\\/www.escapadarural.com\\\/blog\\\/\",\"name\":\"Blog de viajes | turismo rural, alojamientos e inspiraci\u00f3n\",\"description\":\"Alojamientos rurales e inspiraci\u00f3n para tus escapadas\",\"publisher\":{\"@id\":\"https:\\\/\\\/www.escapadarural.com\\\/blog\\\/#organization\"},\"alternateName\":\"Magazine de viajes de EscapadaRural\",\"potentialAction\":[{\"@type\":\"SearchAction\",\"target\":{\"@type\":\"EntryPoint\",\"urlTemplate\":\"https:\\\/\\\/www.escapadarural.com\\\/blog\\\/?s={search_term_string}\"},\"query-input\":{\"@type\":\"PropertyValueSpecification\",\"valueRequired\":true,\"valueName\":\"search_term_string\"}}],\"inLanguage\":\"es\"},{\"@type\":\"Organization\",\"@id\":\"https:\\\/\\\/www.escapadarural.com\\\/blog\\\/#organization\",\"name\":\"EscapadaRural\",\"url\":\"https:\\\/\\\/www.escapadarural.com\\\/blog\\\/\",\"logo\":{\"@type\":\"ImageObject\",\"inLanguage\":\"es\",\"@id\":\"https:\\\/\\\/www.escapadarural.com\\\/blog\\\/#\\\/schema\\\/logo\\\/image\\\/\",\"url\":\"https:\\\/\\\/www.escapadarural.com\\\/blog\\\/wp-content\\\/uploads\\\/2024\\\/10\\\/cropped-cropped-escapada-rural-icon-mag-3.png\",\"contentUrl\":\"https:\\\/\\\/www.escapadarural.com\\\/blog\\\/wp-content\\\/uploads\\\/2024\\\/10\\\/cropped-cropped-escapada-rural-icon-mag-3.png\",\"width\":512,\"height\":512,\"caption\":\"EscapadaRural\"},\"image\":{\"@id\":\"https:\\\/\\\/www.escapadarural.com\\\/blog\\\/#\\\/schema\\\/logo\\\/image\\\/\"},\"sameAs\":[\"https:\\\/\\\/www.facebook.com\\\/escapadarural\",\"https:\\\/\\\/www.instagram.com\\\/escapadarural\\\/\",\"https:\\\/\\\/www.youtube.com\\\/@escapadaruralcom\"]},{\"@type\":\"Person\",\"@id\":\"https:\\\/\\\/www.escapadarural.com\\\/blog\\\/#\\\/schema\\\/person\\\/65271b7b847121ab7a4f8c3be624d420\",\"name\":\"Alba Feliz\",\"image\":{\"@type\":\"ImageObject\",\"inLanguage\":\"es\",\"@id\":\"https:\\\/\\\/www.escapadarural.com\\\/blog\\\/wp-content\\\/uploads\\\/2024\\\/11\\\/cropped-alba-96x96.jpg\",\"url\":\"https:\\\/\\\/www.escapadarural.com\\\/blog\\\/wp-content\\\/uploads\\\/2024\\\/11\\\/cropped-alba-96x96.jpg\",\"contentUrl\":\"https:\\\/\\\/www.escapadarural.com\\\/blog\\\/wp-content\\\/uploads\\\/2024\\\/11\\\/cropped-alba-96x96.jpg\",\"caption\":\"Alba Feliz\"},\"description\":\"Redactora, productora audiovisual y graduada en turismo y direcci\u00f3n hotelera. Creo firmemente que viajar abre la mente y permite conocer otras realidades que quiz\u00e1s desconocemos. Me apasiona la fotograf\u00eda anal\u00f3gica (la de toda la vida) y darle una oportunidad a los destinos menos conocidos.\",\"url\":\"https:\\\/\\\/www.escapadarural.com\\\/blog\\\/autor\\\/alba\\\/\"}]}<\/script>\n<!-- \/ Yoast SEO plugin. -->","yoast_head_json":{"title":"Lithica, una cantera reconvertida en espacio art\u00edstico - EscapadaRural","robots":{"index":"index","follow":"follow","max-snippet":"max-snippet:-1","max-image-preview":"max-image-preview:large","max-video-preview":"max-video-preview:-1"},"canonical":"https:\/\/www.escapadarural.com\/blog\/lithica-menorca\/","og_locale":"es_ES","og_type":"article","og_title":"Lithica, una cantera reconvertida en espacio art\u00edstico - EscapadaRural","og_description":"Lithica es un espacio art\u00edstico creado en una antigua cantera de mar\u00e9s abandonada, en la isla de Menorca. Su recuperaci\u00f3n ha sido reconocida con el premio Europa Nostra.","og_url":"https:\/\/www.escapadarural.com\/blog\/lithica-menorca\/","og_site_name":"Magazine de viajes de EscapadaRural","article_publisher":"https:\/\/www.facebook.com\/escapadarural","article_published_time":"2022-08-29T08:24:34+00:00","article_modified_time":"2025-08-04T07:59:01+00:00","og_image":[{"width":1024,"height":768,"url":"https:\/\/www.escapadarural.com\/blog\/wp-content\/uploads\/2024\/10\/Laberinto-Mineral_6-1024x768-3.jpg?v=1754294360","type":"image\/jpeg"}],"author":"Alba Feliz","twitter_card":"summary_large_image","twitter_misc":{"Escrito por":"Alba Feliz","Tiempo de lectura":"5 minutos"},"schema":{"@context":"https:\/\/schema.org","@graph":[{"@type":"Article","@id":"https:\/\/www.escapadarural.com\/blog\/lithica-menorca\/#article","isPartOf":{"@id":"https:\/\/www.escapadarural.com\/blog\/lithica-menorca\/"},"author":{"name":"Alba Feliz","@id":"https:\/\/www.escapadarural.com\/blog\/#\/schema\/person\/65271b7b847121ab7a4f8c3be624d420"},"headline":"Lithica, una cantera reconvertida en espacio art\u00edstico","datePublished":"2022-08-29T08:24:34+00:00","dateModified":"2025-08-04T07:59:01+00:00","mainEntityOfPage":{"@id":"https:\/\/www.escapadarural.com\/blog\/lithica-menorca\/"},"wordCount":1057,"commentCount":0,"publisher":{"@id":"https:\/\/www.escapadarural.com\/blog\/#organization"},"image":{"@id":"https:\/\/www.escapadarural.com\/blog\/lithica-menorca\/#primaryimage"},"thumbnailUrl":"https:\/\/www.escapadarural.com\/blog\/wp-content\/uploads\/2024\/10\/Laberinto-Mineral_6-1024x768-3.jpg","keywords":["arte","Islas Baleares","Menorca","museos"],"articleSection":["Arte y Cultura"],"inLanguage":"es","potentialAction":[{"@type":"CommentAction","name":"Comment","target":["https:\/\/www.escapadarural.com\/blog\/lithica-menorca\/#respond"]}]},{"@type":"WebPage","@id":"https:\/\/www.escapadarural.com\/blog\/lithica-menorca\/","url":"https:\/\/www.escapadarural.com\/blog\/lithica-menorca\/","name":"Lithica, una cantera reconvertida en espacio art\u00edstico - EscapadaRural","isPartOf":{"@id":"https:\/\/www.escapadarural.com\/blog\/#website"},"primaryImageOfPage":{"@id":"https:\/\/www.escapadarural.com\/blog\/lithica-menorca\/#primaryimage"},"image":{"@id":"https:\/\/www.escapadarural.com\/blog\/lithica-menorca\/#primaryimage"},"thumbnailUrl":"https:\/\/www.escapadarural.com\/blog\/wp-content\/uploads\/2024\/10\/Laberinto-Mineral_6-1024x768-3.jpg","datePublished":"2022-08-29T08:24:34+00:00","dateModified":"2025-08-04T07:59:01+00:00","breadcrumb":{"@id":"https:\/\/www.escapadarural.com\/blog\/lithica-menorca\/#breadcrumb"},"inLanguage":"es","potentialAction":[{"@type":"ReadAction","target":["https:\/\/www.escapadarural.com\/blog\/lithica-menorca\/"]}]},{"@type":"ImageObject","inLanguage":"es","@id":"https:\/\/www.escapadarural.com\/blog\/lithica-menorca\/#primaryimage","url":"https:\/\/www.escapadarural.com\/blog\/wp-content\/uploads\/2024\/10\/Laberinto-Mineral_6-1024x768-3.jpg","contentUrl":"https:\/\/www.escapadarural.com\/blog\/wp-content\/uploads\/2024\/10\/Laberinto-Mineral_6-1024x768-3.jpg","width":1024,"height":768,"caption":"Gran cantera de piedra antigua con altas paredes verticales y motivos geom\u00e9tricos tallados en piedra. Filas de bloques de piedra forman una estructura laber\u00edntica en el interior del pozo bajo un cielo azul brillante con nubes dispersas."},{"@type":"BreadcrumbList","@id":"https:\/\/www.escapadarural.com\/blog\/lithica-menorca\/#breadcrumb","itemListElement":[{"@type":"ListItem","position":1,"name":"Inicio","item":"https:\/\/www.escapadarural.com\/blog\/"},{"@type":"ListItem","position":2,"name":"Arte y Cultura","item":"https:\/\/www.escapadarural.com\/blog\/categoria\/arte-y-cultura\/"},{"@type":"ListItem","position":3,"name":"Lithica, una cantera reconvertida en espacio art\u00edstico"}]},{"@type":"WebSite","@id":"https:\/\/www.escapadarural.com\/blog\/#website","url":"https:\/\/www.escapadarural.com\/blog\/","name":"Blog de viajes | turismo rural, alojamientos e inspiraci\u00f3n","description":"Alojamientos rurales e inspiraci\u00f3n para tus escapadas","publisher":{"@id":"https:\/\/www.escapadarural.com\/blog\/#organization"},"alternateName":"Magazine de viajes de EscapadaRural","potentialAction":[{"@type":"SearchAction","target":{"@type":"EntryPoint","urlTemplate":"https:\/\/www.escapadarural.com\/blog\/?s={search_term_string}"},"query-input":{"@type":"PropertyValueSpecification","valueRequired":true,"valueName":"search_term_string"}}],"inLanguage":"es"},{"@type":"Organization","@id":"https:\/\/www.escapadarural.com\/blog\/#organization","name":"EscapadaRural","url":"https:\/\/www.escapadarural.com\/blog\/","logo":{"@type":"ImageObject","inLanguage":"es","@id":"https:\/\/www.escapadarural.com\/blog\/#\/schema\/logo\/image\/","url":"https:\/\/www.escapadarural.com\/blog\/wp-content\/uploads\/2024\/10\/cropped-cropped-escapada-rural-icon-mag-3.png","contentUrl":"https:\/\/www.escapadarural.com\/blog\/wp-content\/uploads\/2024\/10\/cropped-cropped-escapada-rural-icon-mag-3.png","width":512,"height":512,"caption":"EscapadaRural"},"image":{"@id":"https:\/\/www.escapadarural.com\/blog\/#\/schema\/logo\/image\/"},"sameAs":["https:\/\/www.facebook.com\/escapadarural","https:\/\/www.instagram.com\/escapadarural\/","https:\/\/www.youtube.com\/@escapadaruralcom"]},{"@type":"Person","@id":"https:\/\/www.escapadarural.com\/blog\/#\/schema\/person\/65271b7b847121ab7a4f8c3be624d420","name":"Alba Feliz","image":{"@type":"ImageObject","inLanguage":"es","@id":"https:\/\/www.escapadarural.com\/blog\/wp-content\/uploads\/2024\/11\/cropped-alba-96x96.jpg","url":"https:\/\/www.escapadarural.com\/blog\/wp-content\/uploads\/2024\/11\/cropped-alba-96x96.jpg","contentUrl":"https:\/\/www.escapadarural.com\/blog\/wp-content\/uploads\/2024\/11\/cropped-alba-96x96.jpg","caption":"Alba Feliz"},"description":"Redactora, productora audiovisual y graduada en turismo y direcci\u00f3n hotelera. Creo firmemente que viajar abre la mente y permite conocer otras realidades que quiz\u00e1s desconocemos. Me apasiona la fotograf\u00eda anal\u00f3gica (la de toda la vida) y darle una oportunidad a los destinos menos conocidos.","url":"https:\/\/www.escapadarural.com\/blog\/autor\/alba\/"}]}},"_links":{"self":[{"href":"https:\/\/www.escapadarural.com\/blog\/wp-json\/wp\/v2\/posts\/54088","targetHints":{"allow":["GET"]}}],"collection":[{"href":"https:\/\/www.escapadarural.com\/blog\/wp-json\/wp\/v2\/posts"}],"about":[{"href":"https:\/\/www.escapadarural.com\/blog\/wp-json\/wp\/v2\/types\/post"}],"author":[{"embeddable":true,"href":"https:\/\/www.escapadarural.com\/blog\/wp-json\/wp\/v2\/users\/151"}],"replies":[{"embeddable":true,"href":"https:\/\/www.escapadarural.com\/blog\/wp-json\/wp\/v2\/comments?post=54088"}],"version-history":[{"count":0,"href":"https:\/\/www.escapadarural.com\/blog\/wp-json\/wp\/v2\/posts\/54088\/revisions"}],"wp:featuredmedia":[{"embeddable":true,"href":"https:\/\/www.escapadarural.com\/blog\/wp-json\/wp\/v2\/media\/99580"}],"wp:attachment":[{"href":"https:\/\/www.escapadarural.com\/blog\/wp-json\/wp\/v2\/media?parent=54088"}],"wp:term":[{"taxonomy":"category","embeddable":true,"href":"https:\/\/www.escapadarural.com\/blog\/wp-json\/wp\/v2\/categories?post=54088"},{"taxonomy":"post_tag","embeddable":true,"href":"https:\/\/www.escapadarural.com\/blog\/wp-json\/wp\/v2\/tags?post=54088"}],"curies":[{"name":"wp","href":"https:\/\/api.w.org\/{rel}","templated":true}]}}