{"id":54264,"date":"2022-09-06T08:00:00","date_gmt":"2022-09-06T07:00:00","guid":{"rendered":"https:\/\/www.escapadarural.com\/blog\/?p=54264"},"modified":"2025-04-10T18:54:22","modified_gmt":"2025-04-10T16:54:22","slug":"fiestas-de-la-vendimia-en-espana","status":"publish","type":"post","link":"https:\/\/www.escapadarural.com\/blog\/fiestas-de-la-vendimia-en-espana\/","title":{"rendered":"Las 7 mejores fiestas de la vendimia"},"content":{"rendered":"\n<figure class=\"wp-block-image size-large\"><a href=\"https:\/\/www.escapadarural.com\/blog\/wp-content\/uploads\/51592331098_3a7b229df4_o.jpg\"><img decoding=\"async\" src=\"https:\/\/www.escapadarural.com\/blog\/wp-content\/uploads\/51592331098_3a7b229df4_o.jpg\" alt=\"Fiestas de la Vendimia en Sitges\" class=\"wp-image-54394\"\/><\/a><figcaption class=\"wp-element-caption\">Fiestas de la Vendimia en Sitges. Por calafellvalo<\/figcaption><\/figure>\n\n\n\n<p>La uva juega un papel fundamental en la historia de Espa\u00f1a. Su uso para la elaboraci\u00f3n del vino ha conseguido que nuestro pa\u00eds sea todo un referente en cuanto a la calidad de estos caldos. Como curiosidad, en Espa\u00f1a hay <strong>96 Denominaciones de Origen Protegidas de vino<\/strong>.  Adem\u00e1s, todo lo que rodea a esta producci\u00f3n consigue movilizar diferentes sectores: desde la recogida hasta el turismo rural. <\/p>\n\n\n\n<p>La vendimia es una \u00e9poca muy especial, pues es da comienzo al oto\u00f1o y es \u00e9poca de cerrar la temporada de cosechas y recoger el trabajo que se estuvo haciendo ese a\u00f1o. Para celebrarlo, muchas localidades de nuestro pa\u00eds organizan fiestas donde la uva, el vino y el mosto son los grandes protagonistas. <\/p>\n\n\n\n<p>En esta lista os dejamos algunas de las <strong>mejores fiestas de la vendimia en Espa\u00f1a<\/strong>, aunque hay muchas m\u00e1s. <\/p>\n\n\n\n<h2 class=\"wp-block-heading\" id=\"h-jerez-de-la-frontera\">Jerez de la Frontera<\/h2>\n\n\n\n<figure class=\"wp-block-image size-large\"><a href=\"https:\/\/www.escapadarural.com\/blog\/wp-content\/uploads\/CatedralJerez-DSC02190-scaled.jpg\"><img decoding=\"async\" src=\"https:\/\/www.escapadarural.com\/blog\/wp-content\/uploads\/CatedralJerez-DSC02190-1024x768.jpg\" alt=\"Tradicional pisado de la uva en Jerez de la Frontera\" class=\"wp-image-54373\"\/><\/a><figcaption class=\"wp-element-caption\">Tradicional pisado de la uva en Jerez de la Frontera. Por El Pantera<\/figcaption><\/figure>\n\n\n\n<p>Aunque la llegada de septiembre supone el inicio tras las vacaciones, tambi\u00e9n es el momento de festejar la recogida de la uva. <a href=\"https:\/\/www.escapadarural.com\/casas-rurales\/jerez-de-la-frontera\" class=\"rank-math-link\">Jerez de la Frontera<\/a> es un municipio que <strong>produce vino desde hace m\u00e1s de 3.000 a\u00f1os<\/strong>, por lo que su Fiesta de la Vendimia, tambi\u00e9n llamada Fiesta de Oto\u00f1o, es todo un acontecimiento que ha sido declarada Fiesta de Inter\u00e9s Tur\u00edstico Internacional en 1980. <\/p>\n\n\n\n<p>El pueblo lo celebra durante la primera quincena de septiembre, durante el inicio de la recogida, con actividades como exhibiciones ecuestres, pisado de la uva y la feria gastron\u00f3mica. Tambi\u00e9n se festeja el nacimiento del famoso mosto, uno de los vinos m\u00e1s internacionales de Espa\u00f1a.<\/p>\n\n\n\n<h2 class=\"wp-block-heading\" id=\"h-olite\">Olite<\/h2>\n\n\n\n<figure class=\"wp-block-embed is-type-video is-provider-youtube wp-block-embed-youtube wp-embed-aspect-16-9 wp-has-aspect-ratio\"><div class=\"wp-block-embed__wrapper\">\n<span class=\"2UoNraefsjD3IkqGZp4Tty9EcYWzXQwC\"><div class=\"video-shortcode\"><iframe title=\"Dia de la vendimia de Navarra\" width=\"1200\" height=\"675\" src=\"https:\/\/www.youtube.com\/embed\/DBtb9a4K-5A?feature=oembed\" frameborder=\"0\" allow=\"accelerometer; autoplay; clipboard-write; encrypted-media; gyroscope; picture-in-picture; web-share\" referrerpolicy=\"strict-origin-when-cross-origin\" allowfullscreen><\/iframe><\/div><\/span>\n<\/div><\/figure>\n\n\n\n<p>Localidad medieval de <a href=\"https:\/\/www.escapadarural.com\/casas-rurales\/olite-erriberri\" class=\"rank-math-link\">Olite<\/a>, Navarra, es otro de los destinos de enoturismo por excelencia en Espa\u00f1a. A la \u00e9poca de vendimia se le da mucha importancia, sobre todo durante los d\u00edas 1, 2 y 3 de septiembre donde las calles se llenan de ritmo, hay m\u00fasica, desfiles, catas y, como no pod\u00eda faltar, la tradicional pisada de la uva. <\/p>\n\n\n\n<h2 class=\"wp-block-heading\" id=\"h-valdepenas\">Valdepe\u00f1as<\/h2>\n\n\n\n<figure class=\"wp-block-image size-large\"><a href=\"https:\/\/www.escapadarural.com\/blog\/wp-content\/uploads\/valdepenas.jpg\"><img decoding=\"async\" src=\"https:\/\/www.escapadarural.com\/blog\/wp-content\/uploads\/valdepenas-1024x683.jpg\" alt=\"valdepe\u00f1as\" class=\"wp-image-54392\"\/><\/a><figcaption class=\"wp-element-caption\">Fiestas de la Vendimia de Valdepe\u00f1as. Por <a href=\"https:\/\/www.facebook.com\/ayuntamientodevaldepenas\" class=\"rank-math-link\" target=\"_blank\">Ayuntamiento de Valdepe\u00f1as<\/a><\/figcaption><\/figure>\n\n\n\n<p>En Castilla-La Mancha, en <a href=\"https:\/\/www.escapadarural.com\/casas-rurales\/valdepenas\" class=\"rank-math-link\">Valdepe\u00f1as<\/a>, se celebra a finales de agosto y principios de septiembre una de las fiestas de la vendimia m\u00e1s famosas del pa\u00eds. Estas cuentan, incluso, con la denominaci\u00f3n de <strong>Inter\u00e9s Tur\u00edstico Nacional desde 1976<\/strong>. Cada a\u00f1o la plaza de Espa\u00f1a de la localidad se convierte en un id\u00edlico escenario para conciertos y otras celebraciones que acompa\u00f1an con los mejores vinos de la zona. Aunque la reina de las fiesta es la limon\u00e1, que es t\u00edpica durante estos d\u00edas y que se elabora con el vino blanco con D.O. Valdepe\u00f1as y zumo de lim\u00f3n.<\/p>\n\n\n\n<h2 class=\"wp-block-heading\" id=\"h-sitges\">Sitges<\/h2>\n\n\n\n<figure class=\"wp-block-image size-large\"><a href=\"https:\/\/www.escapadarural.com\/blog\/wp-content\/uploads\/51592331098_3a7b229df4_o.jpg\"><img decoding=\"async\" src=\"https:\/\/www.escapadarural.com\/blog\/wp-content\/uploads\/51592331098_3a7b229df4_o.jpg\" alt=\"Fiestas de la Vendimia en Sitges\" class=\"wp-image-54394\"\/><\/a><figcaption class=\"wp-element-caption\">Fiestas de la Vendimia en Sitges. Por calafellvalo<\/figcaption><\/figure>\n\n\n\n<p>Catalu\u00f1a es otra zona de Espa\u00f1a con gran tradici\u00f3n vin\u00edcola. Por ello, a principios de octubre (8 y 9) se celebran las fiestas de la vendimia en la localidad de <a href=\"https:\/\/www.escapadarural.com\/casas-rurales\/sitges\" class=\"rank-math-link\">Sitges<\/a><strong> <\/strong>(Festa de la Verema), que ya cuenta con <strong>m\u00e1s de 60 ediciones a sus espaldas<\/strong>. Entre los actos m\u00e1s destacados encontramos el prensado del mosto y el concurso de pisadores de uva, todo un acontecimiento en la celebraci\u00f3n. Adem\u00e1s, se eligen los j\u00f3venes m\u00e1s destacados de la localidad en una celebraci\u00f3n que mezcla la festividad y tradici\u00f3n de la zona.<\/p>\n\n\n\n<h2 class=\"wp-block-heading\" id=\"h-villafranca-de-los-barros\">Villafranca de los Barros<\/h2>\n\n\n\n<figure class=\"wp-block-embed is-type-video is-provider-youtube wp-block-embed-youtube wp-embed-aspect-16-9 wp-has-aspect-ratio\"><div class=\"wp-block-embed__wrapper\">\n<span class=\"GB5Btpagn9NZbrsxfOwQfIupUCjrzedU9kzJ03NML0TVIX8cxEy2iWSHqYDXY34hVboSR27AdOWivJMK6ClAcqaE5T\"><div class=\"video-shortcode\"><iframe title=\"Fiesta de la Vendimia (Villafranca de los Barros)\" width=\"1200\" height=\"675\" src=\"https:\/\/www.youtube.com\/embed\/8KNroDz4jPk?feature=oembed\" frameborder=\"0\" allow=\"accelerometer; autoplay; clipboard-write; encrypted-media; gyroscope; picture-in-picture; web-share\" referrerpolicy=\"strict-origin-when-cross-origin\" allowfullscreen><\/iframe><\/div><\/span>\n<\/div><\/figure>\n\n\n\n<p>Si cruzamos Espa\u00f1a llegamos a las fiestas de la vendimia de <strong>Villafranca de los Barros<\/strong>, en Extremadura. Esta zona alberga todo tipo de vinos que ofrecen un abanico excepcional a los amantes de estos caldos. Cada 8 de septiembre, coincidiendo con el inicio de la vendimia y el D\u00eda de Extremadura, dan inicio las fiestas. Estas ofrecen conocer la tradici\u00f3n del lugar con todo tipo de eventos como el pisado de la uva o exposiciones de gastronom\u00eda local.<\/p>\n\n\n\n<h2 class=\"wp-block-heading\" id=\"h-montilla\">Montilla<\/h2>\n\n\n\n<figure class=\"wp-block-image size-large\"><a href=\"https:\/\/www.escapadarural.com\/blog\/wp-content\/uploads\/AdobeStock_360878476-scaled.jpeg\"><img decoding=\"async\" src=\"https:\/\/www.escapadarural.com\/blog\/wp-content\/uploads\/AdobeStock_360878476-1024x683.jpeg\" alt=\"Montilla\" class=\"wp-image-54388\"\/><\/a><figcaption class=\"wp-element-caption\">Montilla. Por Julio<\/figcaption><\/figure>\n\n\n\n<p>Volviendo al sur de Espa\u00f1a encontramos la Fiesta de la Vendimia de <a href=\"https:\/\/www.escapadarural.com\/casas-rurales\/montilla\" class=\"rank-math-link\">Montilla<\/a>, en C\u00f3rdoba. Su tradici\u00f3n es tal que esta celebraci\u00f3n cuenta con el distintivo de Inter\u00e9s Tur\u00edstico Regional. Como en la mayor\u00eda de estas festividades, en ella se realiza el tradicional pisado de la uva, de la que se extrae el primer mosto del a\u00f1o y que se ofrece a la <strong>Virgen de las Vi\u00f1as<\/strong>, muy conocida en la regi\u00f3n. <\/p>\n\n\n\n<p>Durante la celebraci\u00f3n hay una misa flamenca en la bodega de la localidad, una procesi\u00f3n, catas de vino, conciertos y catas de vino, entre otras actividades. Adem\u00e1s, el 2 de septiembre de 2022 <strong>La Vuelta a Espa\u00f1a llegar\u00e1 a la localidad<\/strong> para celebrar el inicio de la festividad. <\/p>\n\n\n\n<h2 class=\"wp-block-heading\" id=\"h-carinena\">Cari\u00f1ena<\/h2>\n\n\n\n<figure class=\"wp-block-embed is-type-rich is-provider-twitter wp-block-embed-twitter\"><div class=\"wp-block-embed__wrapper\">\n<span class=\"4upLoDsHz8RJfQ3eS0r2KBjivVyZaAhM\"><div class=\"video-shortcode\"><blockquote class=\"twitter-tweet\" data-width=\"550\" data-dnt=\"true\"><p lang=\"es\" dir=\"ltr\">La Fuente de la Mora de Cari\u00f1ena, en la Fiesta de la Vendimia no mana agua, sino vino, 7.000 litros. En 1585 se recibi\u00f3 a Felipe II con dos fuentes de vino, una de tinto y otra de blanco. El encendido de la fuentes es uno de los grandes momentos. <br> <a href=\"https:\/\/twitter.com\/vino_piedras?ref_src=twsrc%5Etfw\" target=\"_blank\">@vino_piedras<\/a> <a href=\"https:\/\/twitter.com\/Eno_Aragon?ref_src=twsrc%5Etfw\" target=\"_blank\">@Eno_Aragon<\/a>  \ud83d\udc4f\ud83d\udc4f <a href=\"https:\/\/t.co\/TjK8W35btv\" target=\"_blank\">pic.twitter.com\/TjK8W35btv<\/a><\/p>&mdash; Paralelo20 (@Paralelo20) <a href=\"https:\/\/twitter.com\/Paralelo20\/status\/1043765112732110848?ref_src=twsrc%5Etfw\" target=\"_blank\">September 23, 2018<\/a><\/blockquote><script async src=\"https:\/\/platform.twitter.com\/widgets.js\" charset=\"utf-8\"><\/script><\/div><\/span>\n<\/div><\/figure>\n\n\n\n<p>Por \u00faltimo, cabe destacar la Fiesta de la Vendimia de <a href=\"https:\/\/www.escapadarural.com\/casas-rurales\/carinena\" class=\"rank-math-link\">Cari\u00f1ena<\/a>, en Zaragoza. Se celebran a final de septiembre, cuando la localidad vive unos d\u00edas m\u00e1gicos con el pisado de la uva y el encendido de la <strong>fuente de la Mora<\/strong>. Por sus ca\u00f1os <strong>brota vino<\/strong>, todo un acontecimiento que ha hecho que cada edici\u00f3n atraiga a m\u00e1s curiosos. Si deseamos asistir desde otras localidades como Zaragoza existe un bus del vino Campo de Cari\u00f1ena que hace la Ruta del Vino de Las Piedras. <\/p>\n","protected":false},"excerpt":{"rendered":"<p>La recogida de la uva es una fecha muy especial. En diferentes localidades de Espa\u00f1a se celebra con grandes fiestas de la vendimia. Es momento de recoger lo cosechado, de catar el mosto y de divertirse con la uva y el vino como protagonistas. <\/p>\n","protected":false},"author":147,"featured_media":99505,"comment_status":"open","ping_status":"open","sticky":false,"template":"","format":"standard","meta":{"_acf_changed":false,"om_disable_all_campaigns":false,"footnotes":""},"categories":[231],"tags":[4539,286,2283,215,4540,422,4541,4542,4543,4544,985],"class_list":["post-54264","post","type-post","status-publish","format-standard","has-post-thumbnail","hentry","category-arte-y-cultura","tag-carinena","tag-enoturismo","tag-jerez-de-la-frontera","tag-listado","tag-montilla","tag-olite","tag-sitges","tag-valdepenas","tag-vendimia","tag-villafranca-de-los-barros","tag-vino"],"acf":[],"featured_image_src":"https:\/\/www.escapadarural.com\/blog\/wp-content\/uploads\/2024\/10\/51592331098_3a7b229df4_o-2.jpg","author_info":{"display_name":"Albert Martinez","author_link":"https:\/\/www.escapadarural.com\/blog\/autor\/albert-martinez\/"},"yoast_head":"<!-- This site is optimized with the Yoast SEO plugin v27.2 - https:\/\/yoast.com\/product\/yoast-seo-wordpress\/ -->\n<title>Las 7 mejores fiestas de la vendimia - EscapadaRural<\/title>\n<meta name=\"robots\" content=\"index, follow, max-snippet:-1, max-image-preview:large, max-video-preview:-1\" \/>\n<link rel=\"canonical\" href=\"https:\/\/www.escapadarural.com\/blog\/fiestas-de-la-vendimia-en-espana\/\" \/>\n<meta property=\"og:locale\" content=\"es_ES\" \/>\n<meta property=\"og:type\" content=\"article\" \/>\n<meta property=\"og:title\" content=\"Las 7 mejores fiestas de la vendimia - EscapadaRural\" \/>\n<meta property=\"og:description\" content=\"La recogida de la uva es una fecha muy especial. En diferentes localidades de Espa\u00f1a se celebra con grandes fiestas de la vendimia. Es momento de recoger lo cosechado, de catar el mosto y de divertirse con la uva y el vino como protagonistas.\" \/>\n<meta property=\"og:url\" content=\"https:\/\/www.escapadarural.com\/blog\/fiestas-de-la-vendimia-en-espana\/\" \/>\n<meta property=\"og:site_name\" content=\"Magazine de viajes de EscapadaRural\" \/>\n<meta property=\"article:publisher\" content=\"https:\/\/www.facebook.com\/escapadarural\" \/>\n<meta property=\"article:published_time\" content=\"2022-09-06T07:00:00+00:00\" \/>\n<meta property=\"article:modified_time\" content=\"2025-04-10T16:54:22+00:00\" \/>\n<meta property=\"og:image\" content=\"https:\/\/www.escapadarural.com\/blog\/wp-content\/uploads\/2024\/10\/51592331098_3a7b229df4_o-2.jpg\" \/>\n\t<meta property=\"og:image:width\" content=\"840\" \/>\n\t<meta property=\"og:image:height\" content=\"630\" \/>\n\t<meta property=\"og:image:type\" content=\"image\/jpeg\" \/>\n<meta name=\"author\" content=\"Albert Martinez\" \/>\n<meta name=\"twitter:card\" content=\"summary_large_image\" \/>\n<meta name=\"twitter:label1\" content=\"Escrito por\" \/>\n\t<meta name=\"twitter:data1\" content=\"Albert Martinez\" \/>\n\t<meta name=\"twitter:label2\" content=\"Tiempo de lectura\" \/>\n\t<meta name=\"twitter:data2\" content=\"6 minutos\" \/>\n<script type=\"application\/ld+json\" class=\"yoast-schema-graph\">{\"@context\":\"https:\/\/schema.org\",\"@graph\":[{\"@type\":\"Article\",\"@id\":\"https:\/\/www.escapadarural.com\/blog\/fiestas-de-la-vendimia-en-espana\/#article\",\"isPartOf\":{\"@id\":\"https:\/\/www.escapadarural.com\/blog\/fiestas-de-la-vendimia-en-espana\/\"},\"author\":{\"name\":\"Albert Martinez\",\"@id\":\"https:\/\/www.escapadarural.com\/blog\/#\/schema\/person\/0a141f7cdddbcd62a912568fadfccd06\"},\"headline\":\"Las 7 mejores fiestas de la vendimia\",\"datePublished\":\"2022-09-06T07:00:00+00:00\",\"dateModified\":\"2025-04-10T16:54:22+00:00\",\"mainEntityOfPage\":{\"@id\":\"https:\/\/www.escapadarural.com\/blog\/fiestas-de-la-vendimia-en-espana\/\"},\"wordCount\":933,\"commentCount\":4,\"publisher\":{\"@id\":\"https:\/\/www.escapadarural.com\/blog\/#organization\"},\"image\":{\"@id\":\"https:\/\/www.escapadarural.com\/blog\/fiestas-de-la-vendimia-en-espana\/#primaryimage\"},\"thumbnailUrl\":\"https:\/\/www.escapadarural.com\/blog\/wp-content\/uploads\/2024\/10\/51592331098_3a7b229df4_o-2.jpg\",\"keywords\":[\"Cari\u00f1ena\",\"Enoturismo\",\"Jerez de la Frontera\",\"Listado\",\"montilla\",\"Olite\",\"sitges\",\"valdepe\u00f1as\",\"vendimia\",\"Villafranca de los Barros\",\"vino\"],\"articleSection\":[\"Arte y Cultura\"],\"inLanguage\":\"es\",\"potentialAction\":[{\"@type\":\"CommentAction\",\"name\":\"Comment\",\"target\":[\"https:\/\/www.escapadarural.com\/blog\/fiestas-de-la-vendimia-en-espana\/#respond\"]}]},{\"@type\":\"WebPage\",\"@id\":\"https:\/\/www.escapadarural.com\/blog\/fiestas-de-la-vendimia-en-espana\/\",\"url\":\"https:\/\/www.escapadarural.com\/blog\/fiestas-de-la-vendimia-en-espana\/\",\"name\":\"Las 7 mejores fiestas de la vendimia - EscapadaRural\",\"isPartOf\":{\"@id\":\"https:\/\/www.escapadarural.com\/blog\/#website\"},\"primaryImageOfPage\":{\"@id\":\"https:\/\/www.escapadarural.com\/blog\/fiestas-de-la-vendimia-en-espana\/#primaryimage\"},\"image\":{\"@id\":\"https:\/\/www.escapadarural.com\/blog\/fiestas-de-la-vendimia-en-espana\/#primaryimage\"},\"thumbnailUrl\":\"https:\/\/www.escapadarural.com\/blog\/wp-content\/uploads\/2024\/10\/51592331098_3a7b229df4_o-2.jpg\",\"datePublished\":\"2022-09-06T07:00:00+00:00\",\"dateModified\":\"2025-04-10T16:54:22+00:00\",\"breadcrumb\":{\"@id\":\"https:\/\/www.escapadarural.com\/blog\/fiestas-de-la-vendimia-en-espana\/#breadcrumb\"},\"inLanguage\":\"es\",\"potentialAction\":[{\"@type\":\"ReadAction\",\"target\":[\"https:\/\/www.escapadarural.com\/blog\/fiestas-de-la-vendimia-en-espana\/\"]}]},{\"@type\":\"ImageObject\",\"inLanguage\":\"es\",\"@id\":\"https:\/\/www.escapadarural.com\/blog\/fiestas-de-la-vendimia-en-espana\/#primaryimage\",\"url\":\"https:\/\/www.escapadarural.com\/blog\/wp-content\/uploads\/2024\/10\/51592331098_3a7b229df4_o-2.jpg\",\"contentUrl\":\"https:\/\/www.escapadarural.com\/blog\/wp-content\/uploads\/2024\/10\/51592331098_3a7b229df4_o-2.jpg\",\"width\":840,\"height\":630,\"caption\":\"Una multitud levanta barriles para verter uvas en grandes cubos durante una fiesta tradicional de la vendimia, con un muro de piedra y escaleras al fondo. Algunos participantes llevan camisetas de colores y m\u00e1scaras faciales.\"},{\"@type\":\"BreadcrumbList\",\"@id\":\"https:\/\/www.escapadarural.com\/blog\/fiestas-de-la-vendimia-en-espana\/#breadcrumb\",\"itemListElement\":[{\"@type\":\"ListItem\",\"position\":1,\"name\":\"Inicio\",\"item\":\"https:\/\/www.escapadarural.com\/blog\/\"},{\"@type\":\"ListItem\",\"position\":2,\"name\":\"Arte y Cultura\",\"item\":\"https:\/\/www.escapadarural.com\/blog\/categoria\/arte-y-cultura\/\"},{\"@type\":\"ListItem\",\"position\":3,\"name\":\"Las 7 mejores fiestas de la vendimia\"}]},{\"@type\":\"WebSite\",\"@id\":\"https:\/\/www.escapadarural.com\/blog\/#website\",\"url\":\"https:\/\/www.escapadarural.com\/blog\/\",\"name\":\"Blog de viajes | turismo rural, alojamientos e inspiraci\u00f3n\",\"description\":\"Alojamientos rurales e inspiraci\u00f3n para tus escapadas\",\"publisher\":{\"@id\":\"https:\/\/www.escapadarural.com\/blog\/#organization\"},\"alternateName\":\"Magazine de viajes de EscapadaRural\",\"potentialAction\":[{\"@type\":\"SearchAction\",\"target\":{\"@type\":\"EntryPoint\",\"urlTemplate\":\"https:\/\/www.escapadarural.com\/blog\/?s={search_term_string}\"},\"query-input\":{\"@type\":\"PropertyValueSpecification\",\"valueRequired\":true,\"valueName\":\"search_term_string\"}}],\"inLanguage\":\"es\"},{\"@type\":\"Organization\",\"@id\":\"https:\/\/www.escapadarural.com\/blog\/#organization\",\"name\":\"EscapadaRural\",\"url\":\"https:\/\/www.escapadarural.com\/blog\/\",\"logo\":{\"@type\":\"ImageObject\",\"inLanguage\":\"es\",\"@id\":\"https:\/\/www.escapadarural.com\/blog\/#\/schema\/logo\/image\/\",\"url\":\"https:\/\/www.escapadarural.com\/blog\/wp-content\/uploads\/2024\/10\/cropped-cropped-escapada-rural-icon-mag-3.png\",\"contentUrl\":\"https:\/\/www.escapadarural.com\/blog\/wp-content\/uploads\/2024\/10\/cropped-cropped-escapada-rural-icon-mag-3.png\",\"width\":512,\"height\":512,\"caption\":\"EscapadaRural\"},\"image\":{\"@id\":\"https:\/\/www.escapadarural.com\/blog\/#\/schema\/logo\/image\/\"},\"sameAs\":[\"https:\/\/www.facebook.com\/escapadarural\",\"https:\/\/www.instagram.com\/escapadarural\/\",\"https:\/\/www.youtube.com\/@escapadaruralcom\"]},{\"@type\":\"Person\",\"@id\":\"https:\/\/www.escapadarural.com\/blog\/#\/schema\/person\/0a141f7cdddbcd62a912568fadfccd06\",\"name\":\"Albert Martinez\",\"image\":{\"@type\":\"ImageObject\",\"inLanguage\":\"es\",\"@id\":\"https:\/\/secure.gravatar.com\/avatar\/8f1e1b97ac5d9735d364ec10174953f016266ea4a8b87feac366b74800532cd6?s=96&d=mm&r=g\",\"url\":\"https:\/\/secure.gravatar.com\/avatar\/8f1e1b97ac5d9735d364ec10174953f016266ea4a8b87feac366b74800532cd6?s=96&d=mm&r=g\",\"contentUrl\":\"https:\/\/secure.gravatar.com\/avatar\/8f1e1b97ac5d9735d364ec10174953f016266ea4a8b87feac366b74800532cd6?s=96&d=mm&r=g\",\"caption\":\"Albert Martinez\"},\"url\":\"https:\/\/www.escapadarural.com\/blog\/autor\/albert-martinez\/\"}]}<\/script>\n<!-- \/ Yoast SEO plugin. -->","yoast_head_json":{"title":"Las 7 mejores fiestas de la vendimia - EscapadaRural","robots":{"index":"index","follow":"follow","max-snippet":"max-snippet:-1","max-image-preview":"max-image-preview:large","max-video-preview":"max-video-preview:-1"},"canonical":"https:\/\/www.escapadarural.com\/blog\/fiestas-de-la-vendimia-en-espana\/","og_locale":"es_ES","og_type":"article","og_title":"Las 7 mejores fiestas de la vendimia - EscapadaRural","og_description":"La recogida de la uva es una fecha muy especial. En diferentes localidades de Espa\u00f1a se celebra con grandes fiestas de la vendimia. Es momento de recoger lo cosechado, de catar el mosto y de divertirse con la uva y el vino como protagonistas.","og_url":"https:\/\/www.escapadarural.com\/blog\/fiestas-de-la-vendimia-en-espana\/","og_site_name":"Magazine de viajes de EscapadaRural","article_publisher":"https:\/\/www.facebook.com\/escapadarural","article_published_time":"2022-09-06T07:00:00+00:00","article_modified_time":"2025-04-10T16:54:22+00:00","og_image":[{"width":840,"height":630,"url":"https:\/\/www.escapadarural.com\/blog\/wp-content\/uploads\/2024\/10\/51592331098_3a7b229df4_o-2.jpg","type":"image\/jpeg"}],"author":"Albert Martinez","twitter_card":"summary_large_image","twitter_misc":{"Escrito por":"Albert Martinez","Tiempo de lectura":"6 minutos"},"schema":{"@context":"https:\/\/schema.org","@graph":[{"@type":"Article","@id":"https:\/\/www.escapadarural.com\/blog\/fiestas-de-la-vendimia-en-espana\/#article","isPartOf":{"@id":"https:\/\/www.escapadarural.com\/blog\/fiestas-de-la-vendimia-en-espana\/"},"author":{"name":"Albert Martinez","@id":"https:\/\/www.escapadarural.com\/blog\/#\/schema\/person\/0a141f7cdddbcd62a912568fadfccd06"},"headline":"Las 7 mejores fiestas de la vendimia","datePublished":"2022-09-06T07:00:00+00:00","dateModified":"2025-04-10T16:54:22+00:00","mainEntityOfPage":{"@id":"https:\/\/www.escapadarural.com\/blog\/fiestas-de-la-vendimia-en-espana\/"},"wordCount":933,"commentCount":4,"publisher":{"@id":"https:\/\/www.escapadarural.com\/blog\/#organization"},"image":{"@id":"https:\/\/www.escapadarural.com\/blog\/fiestas-de-la-vendimia-en-espana\/#primaryimage"},"thumbnailUrl":"https:\/\/www.escapadarural.com\/blog\/wp-content\/uploads\/2024\/10\/51592331098_3a7b229df4_o-2.jpg","keywords":["Cari\u00f1ena","Enoturismo","Jerez de la Frontera","Listado","montilla","Olite","sitges","valdepe\u00f1as","vendimia","Villafranca de los Barros","vino"],"articleSection":["Arte y Cultura"],"inLanguage":"es","potentialAction":[{"@type":"CommentAction","name":"Comment","target":["https:\/\/www.escapadarural.com\/blog\/fiestas-de-la-vendimia-en-espana\/#respond"]}]},{"@type":"WebPage","@id":"https:\/\/www.escapadarural.com\/blog\/fiestas-de-la-vendimia-en-espana\/","url":"https:\/\/www.escapadarural.com\/blog\/fiestas-de-la-vendimia-en-espana\/","name":"Las 7 mejores fiestas de la vendimia - EscapadaRural","isPartOf":{"@id":"https:\/\/www.escapadarural.com\/blog\/#website"},"primaryImageOfPage":{"@id":"https:\/\/www.escapadarural.com\/blog\/fiestas-de-la-vendimia-en-espana\/#primaryimage"},"image":{"@id":"https:\/\/www.escapadarural.com\/blog\/fiestas-de-la-vendimia-en-espana\/#primaryimage"},"thumbnailUrl":"https:\/\/www.escapadarural.com\/blog\/wp-content\/uploads\/2024\/10\/51592331098_3a7b229df4_o-2.jpg","datePublished":"2022-09-06T07:00:00+00:00","dateModified":"2025-04-10T16:54:22+00:00","breadcrumb":{"@id":"https:\/\/www.escapadarural.com\/blog\/fiestas-de-la-vendimia-en-espana\/#breadcrumb"},"inLanguage":"es","potentialAction":[{"@type":"ReadAction","target":["https:\/\/www.escapadarural.com\/blog\/fiestas-de-la-vendimia-en-espana\/"]}]},{"@type":"ImageObject","inLanguage":"es","@id":"https:\/\/www.escapadarural.com\/blog\/fiestas-de-la-vendimia-en-espana\/#primaryimage","url":"https:\/\/www.escapadarural.com\/blog\/wp-content\/uploads\/2024\/10\/51592331098_3a7b229df4_o-2.jpg","contentUrl":"https:\/\/www.escapadarural.com\/blog\/wp-content\/uploads\/2024\/10\/51592331098_3a7b229df4_o-2.jpg","width":840,"height":630,"caption":"Una multitud levanta barriles para verter uvas en grandes cubos durante una fiesta tradicional de la vendimia, con un muro de piedra y escaleras al fondo. Algunos participantes llevan camisetas de colores y m\u00e1scaras faciales."},{"@type":"BreadcrumbList","@id":"https:\/\/www.escapadarural.com\/blog\/fiestas-de-la-vendimia-en-espana\/#breadcrumb","itemListElement":[{"@type":"ListItem","position":1,"name":"Inicio","item":"https:\/\/www.escapadarural.com\/blog\/"},{"@type":"ListItem","position":2,"name":"Arte y Cultura","item":"https:\/\/www.escapadarural.com\/blog\/categoria\/arte-y-cultura\/"},{"@type":"ListItem","position":3,"name":"Las 7 mejores fiestas de la vendimia"}]},{"@type":"WebSite","@id":"https:\/\/www.escapadarural.com\/blog\/#website","url":"https:\/\/www.escapadarural.com\/blog\/","name":"Blog de viajes | turismo rural, alojamientos e inspiraci\u00f3n","description":"Alojamientos rurales e inspiraci\u00f3n para tus escapadas","publisher":{"@id":"https:\/\/www.escapadarural.com\/blog\/#organization"},"alternateName":"Magazine de viajes de EscapadaRural","potentialAction":[{"@type":"SearchAction","target":{"@type":"EntryPoint","urlTemplate":"https:\/\/www.escapadarural.com\/blog\/?s={search_term_string}"},"query-input":{"@type":"PropertyValueSpecification","valueRequired":true,"valueName":"search_term_string"}}],"inLanguage":"es"},{"@type":"Organization","@id":"https:\/\/www.escapadarural.com\/blog\/#organization","name":"EscapadaRural","url":"https:\/\/www.escapadarural.com\/blog\/","logo":{"@type":"ImageObject","inLanguage":"es","@id":"https:\/\/www.escapadarural.com\/blog\/#\/schema\/logo\/image\/","url":"https:\/\/www.escapadarural.com\/blog\/wp-content\/uploads\/2024\/10\/cropped-cropped-escapada-rural-icon-mag-3.png","contentUrl":"https:\/\/www.escapadarural.com\/blog\/wp-content\/uploads\/2024\/10\/cropped-cropped-escapada-rural-icon-mag-3.png","width":512,"height":512,"caption":"EscapadaRural"},"image":{"@id":"https:\/\/www.escapadarural.com\/blog\/#\/schema\/logo\/image\/"},"sameAs":["https:\/\/www.facebook.com\/escapadarural","https:\/\/www.instagram.com\/escapadarural\/","https:\/\/www.youtube.com\/@escapadaruralcom"]},{"@type":"Person","@id":"https:\/\/www.escapadarural.com\/blog\/#\/schema\/person\/0a141f7cdddbcd62a912568fadfccd06","name":"Albert Martinez","image":{"@type":"ImageObject","inLanguage":"es","@id":"https:\/\/secure.gravatar.com\/avatar\/8f1e1b97ac5d9735d364ec10174953f016266ea4a8b87feac366b74800532cd6?s=96&d=mm&r=g","url":"https:\/\/secure.gravatar.com\/avatar\/8f1e1b97ac5d9735d364ec10174953f016266ea4a8b87feac366b74800532cd6?s=96&d=mm&r=g","contentUrl":"https:\/\/secure.gravatar.com\/avatar\/8f1e1b97ac5d9735d364ec10174953f016266ea4a8b87feac366b74800532cd6?s=96&d=mm&r=g","caption":"Albert Martinez"},"url":"https:\/\/www.escapadarural.com\/blog\/autor\/albert-martinez\/"}]}},"_links":{"self":[{"href":"https:\/\/www.escapadarural.com\/blog\/wp-json\/wp\/v2\/posts\/54264","targetHints":{"allow":["GET"]}}],"collection":[{"href":"https:\/\/www.escapadarural.com\/blog\/wp-json\/wp\/v2\/posts"}],"about":[{"href":"https:\/\/www.escapadarural.com\/blog\/wp-json\/wp\/v2\/types\/post"}],"author":[{"embeddable":true,"href":"https:\/\/www.escapadarural.com\/blog\/wp-json\/wp\/v2\/users\/147"}],"replies":[{"embeddable":true,"href":"https:\/\/www.escapadarural.com\/blog\/wp-json\/wp\/v2\/comments?post=54264"}],"version-history":[{"count":0,"href":"https:\/\/www.escapadarural.com\/blog\/wp-json\/wp\/v2\/posts\/54264\/revisions"}],"wp:featuredmedia":[{"embeddable":true,"href":"https:\/\/www.escapadarural.com\/blog\/wp-json\/wp\/v2\/media\/99505"}],"wp:attachment":[{"href":"https:\/\/www.escapadarural.com\/blog\/wp-json\/wp\/v2\/media?parent=54264"}],"wp:term":[{"taxonomy":"category","embeddable":true,"href":"https:\/\/www.escapadarural.com\/blog\/wp-json\/wp\/v2\/categories?post=54264"},{"taxonomy":"post_tag","embeddable":true,"href":"https:\/\/www.escapadarural.com\/blog\/wp-json\/wp\/v2\/tags?post=54264"}],"curies":[{"name":"wp","href":"https:\/\/api.w.org\/{rel}","templated":true}]}}