{"id":54399,"date":"2022-09-13T09:38:28","date_gmt":"2022-09-13T08:38:28","guid":{"rendered":"https:\/\/www.escapadarural.com\/blog\/?p=54399"},"modified":"2025-08-01T13:07:47","modified_gmt":"2025-08-01T11:07:47","slug":"avion-estrellado-en-requesens","status":"publish","type":"post","link":"https:\/\/www.escapadarural.com\/blog\/avion-estrellado-en-requesens\/","title":{"rendered":"El avi\u00f3n estrellado en Requesens que a\u00fan permanece entre los \u00e1rboles"},"content":{"rendered":"\n<figure class=\"wp-block-image size-large\"><a href=\"https:\/\/www.escapadarural.com\/blog\/wp-content\/uploads\/avion-de-requesens-scaled.jpg\"><img decoding=\"async\" src=\"https:\/\/www.escapadarural.com\/blog\/wp-content\/uploads\/avion-de-requesens-1024x768.jpg\" alt=\"Douglas DC6, avi\u00f3n estrellado en Requesens\" class=\"wp-image-54550\"\/><\/a><figcaption class=\"wp-element-caption\">Douglas DC6, el avi\u00f3n estrellado en Requesens. Por Gas Mountain Team<\/figcaption><\/figure>\n\n\n\n<p>Seg\u00fan varios estudios, el <a href=\"https:\/\/www.lavanguardia.com\/vivo\/longevity\/20220628\/8370429\/viajar-transportes-mas-seguros-mundo-nbs.html\" target=\"_blank\" rel=\"noreferrer noopener nofollow\">avi\u00f3n<\/a> continua siendo el <strong>medio de transporte m\u00e1s seguro<\/strong> <strong>del mundo<\/strong>. Para darse cuenta solo hace falta echar un vistazo a los n\u00fameros, la innovaci\u00f3n constante a la que est\u00e1 sometido el sector y la gran cantidad de protocolos a seguir revisados constantemente por organismos como la Agencia Europea de Seguridad A\u00e9rea (AESA).<\/p>\n\n\n\n<p>La estad\u00edstica dice que suele producirse <strong>un accidente grave por cada 2,4 millones<\/strong> <strong>de vuelos<\/strong>. Por otro lado, la Organizaci\u00f3n Mundial de la Salud establece que alrededor de 3.500 personas pierden la vida a diario en accidentes de tr\u00e1fico. Una estad\u00edstica claramente superior y a la que nos enfrentamos cada d\u00eda, ya que el coche es el medio de transporte m\u00e1s utilizado.<\/p>\n\n\n\n<p>Son datos que se han ido registrando hasta el momento y, que tal y como dijo Ariel Shocr\u00f3n, jefe de la vocal\u00eda de seguridad a\u00e9rea del Sindicato Espa\u00f1ol de Pilotos de L\u00edneas A\u00e9reas (SEPLA), \u201cLa tasa de siniestralidad de aviones fabricados en Occidente es pr\u00e1cticamente nula\u201d. Tambi\u00e9n hay mucha prevenci\u00f3n y revisi\u00f3n. Como dato curioso, antes de despegar siempre se revisa la aeronave (exterior e interior) e incluso se vigila que no se hayan colado aves en los motores.<\/p>\n\n\n\n<p>De todas formas, aunque cuenten con sistemas de seguridad cuidados al mil\u00edmetro, las excepciones pueden llegar a ocurrir. Los factores externos influyen y pueden llegar a ser decisivos, como pas\u00f3 con el hidroavi\u00f3n ca\u00eddo en Requesens.<\/p>\n\n\n\n<h2 class=\"wp-block-heading\" id=\"h-que-le-ocurrio-al-avion-de-requesens-y-donde-encontrarlo\"><strong>Qu\u00e9 le ocurri\u00f3 al avi\u00f3n de Requesens y d\u00f3nde encontrarlo<\/strong><\/h2>\n\n\n\n<figure class=\"wp-block-image size-large\"><a href=\"https:\/\/www.escapadarural.com\/blog\/wp-content\/uploads\/Avio_DC-6_Pelican_de_la_Proteccio_Civil_francesa_al_puig_de_les_Canals_al_massis_de_lAlbera._Motor-scaled.jpg\"><img decoding=\"async\" src=\"https:\/\/www.escapadarural.com\/blog\/wp-content\/uploads\/Avio_DC-6_Pelican_de_la_Proteccio_Civil_francesa_al_puig_de_les_Canals_al_massis_de_lAlbera._Motor-1024x768.jpg\" alt=\"Douglas DC6, avi\u00f3n estrellado en Requesens\" class=\"wp-image-54551\"\/><\/a><figcaption class=\"wp-element-caption\">Douglas DC6, avi\u00f3n estrellado en Requesens. Por Gas Mountain Team<\/figcaption><\/figure>\n\n\n\n<p>Para saber un poco m\u00e1s hemos de retroceder hasta el a\u00f1o 1986, a\u00f1o en el que un incendio forestal se inici\u00f3 en la localidad francesa de <em>Le Perthus<\/em> y que lleg\u00f3 a traspasar la frontera con Espa\u00f1a. Las llamas siguieron avanzando hasta llegar a la zona de Requesens, en <a href=\"https:\/\/www.escapadarural.com\/casas-rurales\/girona\">Girona<\/a>, donde se encontraba el <a href=\"https:\/\/elpais.com\/diario\/1986\/07\/20\/espana\/522194413_850215.html\" target=\"_blank\" rel=\"noreferrer noopener nofollow\">hidroavi\u00f3n franc\u00e9s<\/a> participando en las tareas de extinci\u00f3n. Lamentablemente, <strong>murieron los cuatro tripulantes<\/strong> (piloto, copiloto, ayudante y mec\u00e1nico) posiblemente a causa del fuerte viento que azotaba la zona ya que incluso los hidroaviones espa\u00f1oles no despegaron aquel d\u00eda.<\/p>\n\n\n\n<p>Hoy, es posible ir a conocer los restos de lo que fue el hidroavi\u00f3n casi en su totalidad y en bastante \u201cbuen estado\u201d. Los encontraremos entre los \u00e1rboles y camuflados con el paisaje despu\u00e9s de andar aproximadamente 50 minutos por un sendero muy ameno y apto para toda la familia. Lo cierto es que no tiene p\u00e9rdida, ya que su ubicaci\u00f3n se puede encontrar incluso en <a href=\"https:\/\/www.google.com\/maps\/place\/AVI%C3%93N+DOUGLAS+DC6+1986\/@42.4448772,2.881795,14z\/data=!4m9!1m2!2m1!1sAvi%C3%B3n+Douglas+DC+requesens!3m5!1s0x12ba9c99d17876bf:0x579b542a6b237389!8m2!3d42.4448772!4d2.914754!15sChtBdmnDs24gRG91Z2xhcyBEQyByZXF1ZXNlbnNaHSIbYXZpw7NuIGRvdWdsYXMgZGMgcmVxdWVzZW5zkgETaGlzdG9yaWNhbF9sYW5kbWFya5oBI0NoWkRTVWhOTUc5blMwVkpRMEZuU1VOdGVXSnFSbFpCRUFF4AEA\" target=\"_blank\">Google Maps<\/a> bajo el nombre de \u201cAvi\u00f3n Douglas DC\u201d.<\/p>\n\n\n\n<figure class=\"wp-block-image size-large\"><a href=\"https:\/\/www.escapadarural.com\/blog\/wp-content\/uploads\/2880px-Restes_de_laccident_davio_a_lAlbera_el_1986_novembre_2012_-_panoramio_1-scaled.jpg\"><img decoding=\"async\" src=\"https:\/\/www.escapadarural.com\/blog\/wp-content\/uploads\/2880px-Restes_de_laccident_davio_a_lAlbera_el_1986_novembre_2012_-_panoramio_1-1024x768.jpg\" alt=\"Restos del Douglas DC6, avi\u00f3n estrellado en Requesens\" class=\"wp-image-54552\"\/><\/a><figcaption class=\"wp-element-caption\">Restos del Douglas DC6, avi\u00f3n estrellado en Requesens. Por EliziR<\/figcaption><\/figure>\n\n\n\n<p>Para llegar hasta el avi\u00f3n estrellado en Requesens se recomienda seguir una carretera de tierra que parte de la localidad hom\u00f3nima, donde podremos aparcar en el parking y comenzar la ruta. Otra opci\u00f3n es hacer la ruta en coche pero solo si se dispone de un buen veh\u00edculo 4&#215;4, pues el camino se complica en varios puntos.<\/p>\n\n\n\n<h2 class=\"wp-block-heading\" id=\"h-conociendo-sus-alrededores-el-castillo-de-requesens\"><strong>Conociendo sus alrededores: El castillo de Requesens<\/strong><\/h2>\n\n\n\n<figure class=\"wp-block-image size-large\"><a href=\"https:\/\/www.escapadarural.com\/blog\/wp-content\/uploads\/AdobeStock_389762200-scaled.jpeg\"><img decoding=\"async\" src=\"https:\/\/www.escapadarural.com\/blog\/wp-content\/uploads\/AdobeStock_389762200-1024x682.jpeg\" alt=\"Castillo de Requesens\" class=\"wp-image-54548\"\/><\/a><figcaption class=\"wp-element-caption\">Castillo de Requesens. Por KarSol<\/figcaption><\/figure>\n\n\n\n<p>Si tienes pensado visitar el avi\u00f3n estrellado en Requesens, te invitamos a que sigas descubriendo la zona. Tan solo 20 minutos en coche se encuentra el imponente castillo de Requesens. El castillo preside el valle, territorio que hace frontera con Francia y por el que en la antig\u00fcedad pasaban las famosas V\u00eda Augusta y V\u00eda Domitia. Ambas calzadas eran de suma importancia en la Hispania romana ya que, mientras V\u00eda Augusta conectaba C\u00e1diz con los Pirineos, V\u00eda Domitia conectaba la pen\u00ednsula y el sur de Francia con Italia.<\/p>\n\n\n\n<p>La primera vez que se menciona la fortificaci\u00f3n es hacia el <strong>a\u00f1o 859<\/strong>, cuando el <em>Comtat d\u2019Emp\u00faries-Rosell\u00f3<\/em> era uno. Los a\u00f1os siguientes fueron bastante complicados al encontrarse en una zona privilegiada y de paso, haciendo que los enfrentamientos para separar o unificar el condado de Ampurias y la zona de Rosell\u00f3n fueran en aumento.<\/p>\n\n\n\n<p>En un intento de calmar las tensiones, Pon\u00e7 I (conde de Ampurias en el a\u00f1o 1040), dio permiso al conde de Rosell\u00f3n para quedarse con la zona de Requesens e incluso le <strong>autoriz\u00f3 construir una torre de vigilancia<\/strong>. Lo que en un primer momento iba a ser una peque\u00f1a construcci\u00f3n acab\u00f3 siendo una fortificaci\u00f3n mayor con varias torres, murallas y estancias. A d\u00eda de hoy, esa edificaci\u00f3n es conocida como el castillo de Requesens y se puede visitar todos los s\u00e1bados, domingos y festivos de forma libre o con visita guiada.<\/p>\n\n\n\n<p>No pod\u00edamos despedirnos del castillo sin antes conocer algunas curiosidades y secretos que esconde. Puede ser que te resulte familiar, ya que en \u00e9l se rodaron varias escenas de la pel\u00edcula <em>El perfume<\/em>. O porque en \u00e9l se celebr\u00f3 la despedida de soltero de Pierre Casiraghi, pr\u00edncipe de M\u00f3naco.<\/p>\n\n\n\n<h2 class=\"wp-block-heading\" id=\"h-zona-de-rutas-senderismo-saltos-de-agua-menhires-y-dolmenes\"><strong>Zona de rutas, senderismo, saltos de agua, menhires y d\u00f3lmenes<\/strong><\/h2>\n\n\n\n<figure class=\"wp-block-image size-large\"><a href=\"https:\/\/www.escapadarural.com\/blog\/wp-content\/uploads\/2880px-20181225_-_Etangs_de_La_Jonquera_-_Dolmen_Estanys_III_-_2-scaled.jpg\"><img decoding=\"async\" src=\"https:\/\/www.escapadarural.com\/blog\/wp-content\/uploads\/2880px-20181225_-_Etangs_de_La_Jonquera_-_Dolmen_Estanys_III_-_2-1024x768.jpg\" alt=\"Dolmen Estanys III\" class=\"wp-image-54549\"\/><\/a><figcaption class=\"wp-element-caption\">Dolmen Estanys III. Por Fabricio Cardenas<\/figcaption><\/figure>\n\n\n\n<p>Las cercan\u00edas de Requesens tienen mucho que ofrecer, desde <strong>varios menhires y d\u00f3lmenes<\/strong> que nos har\u00e1n retroceder en el tiempo hasta <strong>rutas de senderismo aptas para todos los niveles<\/strong>. Una gran selecci\u00f3n casi a la carta en funci\u00f3n del tiempo que tengamos y de lo que queramos conocer.<\/p>\n\n\n\n<p>El t\u00e9rmino de <a href=\"https:\/\/www.escapadarural.com\/casas-rurales\/la-jonquera\">La Jonquera<\/a> es hogar de varias construcciones megal\u00edticas entre las que destacan los dolmen de Mesclans, de les Morelles y el de la Font del Roure; as\u00ed como los menhires dels Estanys y de la Murtra. La realidad es que es una suerte poder contar con tesoros que llevan con nosotros desde la Prehistoria y con el rico patrimonio que incluso a d\u00eda de hoy se sigue descubriendo. Un ejemplo ser\u00edan algunos de los vestigios de la calzada romana (V\u00eda Domitia y V\u00eda Augusta) que se han descubierto en excavaciones arqueol\u00f3gicas recientes.<\/p>\n\n\n\n<p>Por \u00faltimo, si lo que nos apetece es conocer el entorno realizando varias rutas como la del avi\u00f3n estrellado en Requesens, ya sea andando o en bicicleta, recomendamos echarle un vistazo a la gran cantidad de rutas que aparecen organizadas y explicadas en <a href=\"https:\/\/es.wikiloc.com\/rutas\/senderismo\/espana\/catalunya\/requesens\" target=\"_blank\">Wikiloc<\/a>. Gracias al portal podemos conocer su dificultad, altitud, distancia a recorrer, puntos de inter\u00e9s e incluso la ruta seleccionada explicada de principio a fin.<\/p>\n\n\n\n<div class=\"wp-block-buttons is-layout-flex wp-block-buttons-is-layout-flex\">\n<div class=\"wp-block-button\"><a class=\"wp-block-button__link wp-element-button\" href=\"https:\/\/www.escapadarural.com\/casas-rurales\/girona\">Casas rurales en Girona<\/a><\/div>\n<\/div>\n","protected":false},"excerpt":{"rendered":"<p>El hidroavi\u00f3n franc\u00e9s que, en 1986, se estrell\u00f3 mientras estaba realizando labores de extinci\u00f3n de un fuego se conserva en bastante buen estado. Es conocido como el avi\u00f3n estrellado en Requesens y a trav\u00e9s de una ruta por esta localidad de Girona podemos llegar hasta \u00e9l. <\/p>\n","protected":false},"author":151,"featured_media":99441,"comment_status":"open","ping_status":"open","sticky":false,"template":"","format":"standard","meta":{"_acf_changed":false,"om_disable_all_campaigns":false,"footnotes":""},"categories":[191],"tags":[260,1524,1540,5994,404,440,4551,4552],"class_list":["post-54399","post","type-post","status-publish","format-standard","has-post-thumbnail","hentry","category-destinos","tag-articulo","tag-aviones","tag-avioneta","tag-que-ver-en-cataluna","tag-que-ver-en-girona","tag-historias-y-curiosidades","tag-la-junquera","tag-requesens"],"acf":[],"featured_image_src":"https:\/\/www.escapadarural.com\/blog\/wp-content\/uploads\/2024\/10\/avion-de-requesens-1024x768-2.jpg","author_info":{"display_name":"Alba Feliz","author_link":"https:\/\/www.escapadarural.com\/blog\/autor\/alba\/"},"yoast_head":"<!-- This site is optimized with the Yoast SEO plugin v27.5 - https:\/\/yoast.com\/product\/yoast-seo-wordpress\/ -->\n<title>El avi\u00f3n estrellado en Requesens que a\u00fan permanece entre los \u00e1rboles - EscapadaRural<\/title>\n<meta name=\"robots\" content=\"index, follow, max-snippet:-1, max-image-preview:large, max-video-preview:-1\" \/>\n<link rel=\"canonical\" href=\"https:\/\/www.escapadarural.com\/blog\/avion-estrellado-en-requesens\/\" \/>\n<meta property=\"og:locale\" content=\"es_ES\" \/>\n<meta property=\"og:type\" content=\"article\" \/>\n<meta property=\"og:title\" content=\"El avi\u00f3n estrellado en Requesens que a\u00fan permanece entre los \u00e1rboles - EscapadaRural\" \/>\n<meta property=\"og:description\" content=\"El hidroavi\u00f3n franc\u00e9s que, en 1986, se estrell\u00f3 mientras estaba realizando labores de extinci\u00f3n de un fuego se conserva en bastante buen estado. Es conocido como el avi\u00f3n estrellado en Requesens y a trav\u00e9s de una ruta por esta localidad de Girona podemos llegar hasta \u00e9l.\" \/>\n<meta property=\"og:url\" content=\"https:\/\/www.escapadarural.com\/blog\/avion-estrellado-en-requesens\/\" \/>\n<meta property=\"og:site_name\" content=\"Magazine de viajes de EscapadaRural\" \/>\n<meta property=\"article:publisher\" content=\"https:\/\/www.facebook.com\/escapadarural\" \/>\n<meta property=\"article:published_time\" content=\"2022-09-13T08:38:28+00:00\" \/>\n<meta property=\"article:modified_time\" content=\"2025-08-01T11:07:47+00:00\" \/>\n<meta property=\"og:image\" content=\"https:\/\/www.escapadarural.com\/blog\/wp-content\/uploads\/2024\/10\/avion-de-requesens-1024x768-2.jpg?v=1754046468\" \/>\n\t<meta property=\"og:image:width\" content=\"1024\" \/>\n\t<meta property=\"og:image:height\" content=\"768\" \/>\n\t<meta property=\"og:image:type\" content=\"image\/jpeg\" \/>\n<meta name=\"author\" content=\"Alba Feliz\" \/>\n<meta name=\"twitter:card\" content=\"summary_large_image\" \/>\n<meta name=\"twitter:label1\" content=\"Escrito por\" \/>\n\t<meta name=\"twitter:data1\" content=\"Alba Feliz\" \/>\n\t<meta name=\"twitter:label2\" content=\"Tiempo de lectura\" \/>\n\t<meta name=\"twitter:data2\" content=\"6 minutos\" \/>\n<script type=\"application\/ld+json\" class=\"yoast-schema-graph\">{\"@context\":\"https:\\\/\\\/schema.org\",\"@graph\":[{\"@type\":\"Article\",\"@id\":\"https:\\\/\\\/www.escapadarural.com\\\/blog\\\/avion-estrellado-en-requesens\\\/#article\",\"isPartOf\":{\"@id\":\"https:\\\/\\\/www.escapadarural.com\\\/blog\\\/avion-estrellado-en-requesens\\\/\"},\"author\":{\"name\":\"Alba Feliz\",\"@id\":\"https:\\\/\\\/www.escapadarural.com\\\/blog\\\/#\\\/schema\\\/person\\\/65271b7b847121ab7a4f8c3be624d420\"},\"headline\":\"El avi\u00f3n estrellado en Requesens que a\u00fan permanece entre los \u00e1rboles\",\"datePublished\":\"2022-09-13T08:38:28+00:00\",\"dateModified\":\"2025-08-01T11:07:47+00:00\",\"mainEntityOfPage\":{\"@id\":\"https:\\\/\\\/www.escapadarural.com\\\/blog\\\/avion-estrellado-en-requesens\\\/\"},\"wordCount\":1120,\"commentCount\":1,\"publisher\":{\"@id\":\"https:\\\/\\\/www.escapadarural.com\\\/blog\\\/#organization\"},\"image\":{\"@id\":\"https:\\\/\\\/www.escapadarural.com\\\/blog\\\/avion-estrellado-en-requesens\\\/#primaryimage\"},\"thumbnailUrl\":\"https:\\\/\\\/www.escapadarural.com\\\/blog\\\/wp-content\\\/uploads\\\/2024\\\/10\\\/avion-de-requesens-1024x768-2.jpg\",\"keywords\":[\"art\u00edculo\",\"aviones\",\"Avioneta\",\"Catalu\u00f1a\",\"Girona\",\"Historias y Curiosidades\",\"La Junquera\",\"Requesens\"],\"articleSection\":[\"Destinos\"],\"inLanguage\":\"es\",\"potentialAction\":[{\"@type\":\"CommentAction\",\"name\":\"Comment\",\"target\":[\"https:\\\/\\\/www.escapadarural.com\\\/blog\\\/avion-estrellado-en-requesens\\\/#respond\"]}]},{\"@type\":\"WebPage\",\"@id\":\"https:\\\/\\\/www.escapadarural.com\\\/blog\\\/avion-estrellado-en-requesens\\\/\",\"url\":\"https:\\\/\\\/www.escapadarural.com\\\/blog\\\/avion-estrellado-en-requesens\\\/\",\"name\":\"El avi\u00f3n estrellado en Requesens que a\u00fan permanece entre los \u00e1rboles - EscapadaRural\",\"isPartOf\":{\"@id\":\"https:\\\/\\\/www.escapadarural.com\\\/blog\\\/#website\"},\"primaryImageOfPage\":{\"@id\":\"https:\\\/\\\/www.escapadarural.com\\\/blog\\\/avion-estrellado-en-requesens\\\/#primaryimage\"},\"image\":{\"@id\":\"https:\\\/\\\/www.escapadarural.com\\\/blog\\\/avion-estrellado-en-requesens\\\/#primaryimage\"},\"thumbnailUrl\":\"https:\\\/\\\/www.escapadarural.com\\\/blog\\\/wp-content\\\/uploads\\\/2024\\\/10\\\/avion-de-requesens-1024x768-2.jpg\",\"datePublished\":\"2022-09-13T08:38:28+00:00\",\"dateModified\":\"2025-08-01T11:07:47+00:00\",\"breadcrumb\":{\"@id\":\"https:\\\/\\\/www.escapadarural.com\\\/blog\\\/avion-estrellado-en-requesens\\\/#breadcrumb\"},\"inLanguage\":\"es\",\"potentialAction\":[{\"@type\":\"ReadAction\",\"target\":[\"https:\\\/\\\/www.escapadarural.com\\\/blog\\\/avion-estrellado-en-requesens\\\/\"]}]},{\"@type\":\"ImageObject\",\"inLanguage\":\"es\",\"@id\":\"https:\\\/\\\/www.escapadarural.com\\\/blog\\\/avion-estrellado-en-requesens\\\/#primaryimage\",\"url\":\"https:\\\/\\\/www.escapadarural.com\\\/blog\\\/wp-content\\\/uploads\\\/2024\\\/10\\\/avion-de-requesens-1024x768-2.jpg\",\"contentUrl\":\"https:\\\/\\\/www.escapadarural.com\\\/blog\\\/wp-content\\\/uploads\\\/2024\\\/10\\\/avion-de-requesens-1024x768-2.jpg\",\"width\":1024,\"height\":768,\"caption\":\"Los restos de un avi\u00f3n desgastado yacen rotos entre los \u00e1rboles verdes de un bosque. La secci\u00f3n de cola permanece erguida, mientras que las alas y el fuselaje est\u00e1n esparcidos, parcialmente cubiertos por el musgo y la vegetaci\u00f3n.\"},{\"@type\":\"BreadcrumbList\",\"@id\":\"https:\\\/\\\/www.escapadarural.com\\\/blog\\\/avion-estrellado-en-requesens\\\/#breadcrumb\",\"itemListElement\":[{\"@type\":\"ListItem\",\"position\":1,\"name\":\"Inicio\",\"item\":\"https:\\\/\\\/www.escapadarural.com\\\/blog\\\/\"},{\"@type\":\"ListItem\",\"position\":2,\"name\":\"Destinos\",\"item\":\"https:\\\/\\\/www.escapadarural.com\\\/blog\\\/categoria\\\/destinos\\\/\"},{\"@type\":\"ListItem\",\"position\":3,\"name\":\"El avi\u00f3n estrellado en Requesens que a\u00fan permanece entre los \u00e1rboles\"}]},{\"@type\":\"WebSite\",\"@id\":\"https:\\\/\\\/www.escapadarural.com\\\/blog\\\/#website\",\"url\":\"https:\\\/\\\/www.escapadarural.com\\\/blog\\\/\",\"name\":\"Blog de viajes | turismo rural, alojamientos e inspiraci\u00f3n\",\"description\":\"Alojamientos rurales e inspiraci\u00f3n para tus escapadas\",\"publisher\":{\"@id\":\"https:\\\/\\\/www.escapadarural.com\\\/blog\\\/#organization\"},\"alternateName\":\"Magazine de viajes de EscapadaRural\",\"potentialAction\":[{\"@type\":\"SearchAction\",\"target\":{\"@type\":\"EntryPoint\",\"urlTemplate\":\"https:\\\/\\\/www.escapadarural.com\\\/blog\\\/?s={search_term_string}\"},\"query-input\":{\"@type\":\"PropertyValueSpecification\",\"valueRequired\":true,\"valueName\":\"search_term_string\"}}],\"inLanguage\":\"es\"},{\"@type\":\"Organization\",\"@id\":\"https:\\\/\\\/www.escapadarural.com\\\/blog\\\/#organization\",\"name\":\"EscapadaRural\",\"url\":\"https:\\\/\\\/www.escapadarural.com\\\/blog\\\/\",\"logo\":{\"@type\":\"ImageObject\",\"inLanguage\":\"es\",\"@id\":\"https:\\\/\\\/www.escapadarural.com\\\/blog\\\/#\\\/schema\\\/logo\\\/image\\\/\",\"url\":\"https:\\\/\\\/www.escapadarural.com\\\/blog\\\/wp-content\\\/uploads\\\/2024\\\/10\\\/cropped-cropped-escapada-rural-icon-mag-3.png\",\"contentUrl\":\"https:\\\/\\\/www.escapadarural.com\\\/blog\\\/wp-content\\\/uploads\\\/2024\\\/10\\\/cropped-cropped-escapada-rural-icon-mag-3.png\",\"width\":512,\"height\":512,\"caption\":\"EscapadaRural\"},\"image\":{\"@id\":\"https:\\\/\\\/www.escapadarural.com\\\/blog\\\/#\\\/schema\\\/logo\\\/image\\\/\"},\"sameAs\":[\"https:\\\/\\\/www.facebook.com\\\/escapadarural\",\"https:\\\/\\\/www.instagram.com\\\/escapadarural\\\/\",\"https:\\\/\\\/www.youtube.com\\\/@escapadaruralcom\"]},{\"@type\":\"Person\",\"@id\":\"https:\\\/\\\/www.escapadarural.com\\\/blog\\\/#\\\/schema\\\/person\\\/65271b7b847121ab7a4f8c3be624d420\",\"name\":\"Alba Feliz\",\"image\":{\"@type\":\"ImageObject\",\"inLanguage\":\"es\",\"@id\":\"https:\\\/\\\/www.escapadarural.com\\\/blog\\\/wp-content\\\/uploads\\\/2024\\\/11\\\/cropped-alba-96x96.jpg\",\"url\":\"https:\\\/\\\/www.escapadarural.com\\\/blog\\\/wp-content\\\/uploads\\\/2024\\\/11\\\/cropped-alba-96x96.jpg\",\"contentUrl\":\"https:\\\/\\\/www.escapadarural.com\\\/blog\\\/wp-content\\\/uploads\\\/2024\\\/11\\\/cropped-alba-96x96.jpg\",\"caption\":\"Alba Feliz\"},\"description\":\"Redactora, productora audiovisual y graduada en turismo y direcci\u00f3n hotelera. Creo firmemente que viajar abre la mente y permite conocer otras realidades que quiz\u00e1s desconocemos. Me apasiona la fotograf\u00eda anal\u00f3gica (la de toda la vida) y darle una oportunidad a los destinos menos conocidos.\",\"url\":\"https:\\\/\\\/www.escapadarural.com\\\/blog\\\/autor\\\/alba\\\/\"}]}<\/script>\n<!-- \/ Yoast SEO plugin. -->","yoast_head_json":{"title":"El avi\u00f3n estrellado en Requesens que a\u00fan permanece entre los \u00e1rboles - EscapadaRural","robots":{"index":"index","follow":"follow","max-snippet":"max-snippet:-1","max-image-preview":"max-image-preview:large","max-video-preview":"max-video-preview:-1"},"canonical":"https:\/\/www.escapadarural.com\/blog\/avion-estrellado-en-requesens\/","og_locale":"es_ES","og_type":"article","og_title":"El avi\u00f3n estrellado en Requesens que a\u00fan permanece entre los \u00e1rboles - EscapadaRural","og_description":"El hidroavi\u00f3n franc\u00e9s que, en 1986, se estrell\u00f3 mientras estaba realizando labores de extinci\u00f3n de un fuego se conserva en bastante buen estado. Es conocido como el avi\u00f3n estrellado en Requesens y a trav\u00e9s de una ruta por esta localidad de Girona podemos llegar hasta \u00e9l.","og_url":"https:\/\/www.escapadarural.com\/blog\/avion-estrellado-en-requesens\/","og_site_name":"Magazine de viajes de EscapadaRural","article_publisher":"https:\/\/www.facebook.com\/escapadarural","article_published_time":"2022-09-13T08:38:28+00:00","article_modified_time":"2025-08-01T11:07:47+00:00","og_image":[{"width":1024,"height":768,"url":"https:\/\/www.escapadarural.com\/blog\/wp-content\/uploads\/2024\/10\/avion-de-requesens-1024x768-2.jpg?v=1754046468","type":"image\/jpeg"}],"author":"Alba Feliz","twitter_card":"summary_large_image","twitter_misc":{"Escrito por":"Alba Feliz","Tiempo de lectura":"6 minutos"},"schema":{"@context":"https:\/\/schema.org","@graph":[{"@type":"Article","@id":"https:\/\/www.escapadarural.com\/blog\/avion-estrellado-en-requesens\/#article","isPartOf":{"@id":"https:\/\/www.escapadarural.com\/blog\/avion-estrellado-en-requesens\/"},"author":{"name":"Alba Feliz","@id":"https:\/\/www.escapadarural.com\/blog\/#\/schema\/person\/65271b7b847121ab7a4f8c3be624d420"},"headline":"El avi\u00f3n estrellado en Requesens que a\u00fan permanece entre los \u00e1rboles","datePublished":"2022-09-13T08:38:28+00:00","dateModified":"2025-08-01T11:07:47+00:00","mainEntityOfPage":{"@id":"https:\/\/www.escapadarural.com\/blog\/avion-estrellado-en-requesens\/"},"wordCount":1120,"commentCount":1,"publisher":{"@id":"https:\/\/www.escapadarural.com\/blog\/#organization"},"image":{"@id":"https:\/\/www.escapadarural.com\/blog\/avion-estrellado-en-requesens\/#primaryimage"},"thumbnailUrl":"https:\/\/www.escapadarural.com\/blog\/wp-content\/uploads\/2024\/10\/avion-de-requesens-1024x768-2.jpg","keywords":["art\u00edculo","aviones","Avioneta","Catalu\u00f1a","Girona","Historias y Curiosidades","La Junquera","Requesens"],"articleSection":["Destinos"],"inLanguage":"es","potentialAction":[{"@type":"CommentAction","name":"Comment","target":["https:\/\/www.escapadarural.com\/blog\/avion-estrellado-en-requesens\/#respond"]}]},{"@type":"WebPage","@id":"https:\/\/www.escapadarural.com\/blog\/avion-estrellado-en-requesens\/","url":"https:\/\/www.escapadarural.com\/blog\/avion-estrellado-en-requesens\/","name":"El avi\u00f3n estrellado en Requesens que a\u00fan permanece entre los \u00e1rboles - EscapadaRural","isPartOf":{"@id":"https:\/\/www.escapadarural.com\/blog\/#website"},"primaryImageOfPage":{"@id":"https:\/\/www.escapadarural.com\/blog\/avion-estrellado-en-requesens\/#primaryimage"},"image":{"@id":"https:\/\/www.escapadarural.com\/blog\/avion-estrellado-en-requesens\/#primaryimage"},"thumbnailUrl":"https:\/\/www.escapadarural.com\/blog\/wp-content\/uploads\/2024\/10\/avion-de-requesens-1024x768-2.jpg","datePublished":"2022-09-13T08:38:28+00:00","dateModified":"2025-08-01T11:07:47+00:00","breadcrumb":{"@id":"https:\/\/www.escapadarural.com\/blog\/avion-estrellado-en-requesens\/#breadcrumb"},"inLanguage":"es","potentialAction":[{"@type":"ReadAction","target":["https:\/\/www.escapadarural.com\/blog\/avion-estrellado-en-requesens\/"]}]},{"@type":"ImageObject","inLanguage":"es","@id":"https:\/\/www.escapadarural.com\/blog\/avion-estrellado-en-requesens\/#primaryimage","url":"https:\/\/www.escapadarural.com\/blog\/wp-content\/uploads\/2024\/10\/avion-de-requesens-1024x768-2.jpg","contentUrl":"https:\/\/www.escapadarural.com\/blog\/wp-content\/uploads\/2024\/10\/avion-de-requesens-1024x768-2.jpg","width":1024,"height":768,"caption":"Los restos de un avi\u00f3n desgastado yacen rotos entre los \u00e1rboles verdes de un bosque. La secci\u00f3n de cola permanece erguida, mientras que las alas y el fuselaje est\u00e1n esparcidos, parcialmente cubiertos por el musgo y la vegetaci\u00f3n."},{"@type":"BreadcrumbList","@id":"https:\/\/www.escapadarural.com\/blog\/avion-estrellado-en-requesens\/#breadcrumb","itemListElement":[{"@type":"ListItem","position":1,"name":"Inicio","item":"https:\/\/www.escapadarural.com\/blog\/"},{"@type":"ListItem","position":2,"name":"Destinos","item":"https:\/\/www.escapadarural.com\/blog\/categoria\/destinos\/"},{"@type":"ListItem","position":3,"name":"El avi\u00f3n estrellado en Requesens que a\u00fan permanece entre los \u00e1rboles"}]},{"@type":"WebSite","@id":"https:\/\/www.escapadarural.com\/blog\/#website","url":"https:\/\/www.escapadarural.com\/blog\/","name":"Blog de viajes | turismo rural, alojamientos e inspiraci\u00f3n","description":"Alojamientos rurales e inspiraci\u00f3n para tus escapadas","publisher":{"@id":"https:\/\/www.escapadarural.com\/blog\/#organization"},"alternateName":"Magazine de viajes de EscapadaRural","potentialAction":[{"@type":"SearchAction","target":{"@type":"EntryPoint","urlTemplate":"https:\/\/www.escapadarural.com\/blog\/?s={search_term_string}"},"query-input":{"@type":"PropertyValueSpecification","valueRequired":true,"valueName":"search_term_string"}}],"inLanguage":"es"},{"@type":"Organization","@id":"https:\/\/www.escapadarural.com\/blog\/#organization","name":"EscapadaRural","url":"https:\/\/www.escapadarural.com\/blog\/","logo":{"@type":"ImageObject","inLanguage":"es","@id":"https:\/\/www.escapadarural.com\/blog\/#\/schema\/logo\/image\/","url":"https:\/\/www.escapadarural.com\/blog\/wp-content\/uploads\/2024\/10\/cropped-cropped-escapada-rural-icon-mag-3.png","contentUrl":"https:\/\/www.escapadarural.com\/blog\/wp-content\/uploads\/2024\/10\/cropped-cropped-escapada-rural-icon-mag-3.png","width":512,"height":512,"caption":"EscapadaRural"},"image":{"@id":"https:\/\/www.escapadarural.com\/blog\/#\/schema\/logo\/image\/"},"sameAs":["https:\/\/www.facebook.com\/escapadarural","https:\/\/www.instagram.com\/escapadarural\/","https:\/\/www.youtube.com\/@escapadaruralcom"]},{"@type":"Person","@id":"https:\/\/www.escapadarural.com\/blog\/#\/schema\/person\/65271b7b847121ab7a4f8c3be624d420","name":"Alba Feliz","image":{"@type":"ImageObject","inLanguage":"es","@id":"https:\/\/www.escapadarural.com\/blog\/wp-content\/uploads\/2024\/11\/cropped-alba-96x96.jpg","url":"https:\/\/www.escapadarural.com\/blog\/wp-content\/uploads\/2024\/11\/cropped-alba-96x96.jpg","contentUrl":"https:\/\/www.escapadarural.com\/blog\/wp-content\/uploads\/2024\/11\/cropped-alba-96x96.jpg","caption":"Alba Feliz"},"description":"Redactora, productora audiovisual y graduada en turismo y direcci\u00f3n hotelera. Creo firmemente que viajar abre la mente y permite conocer otras realidades que quiz\u00e1s desconocemos. Me apasiona la fotograf\u00eda anal\u00f3gica (la de toda la vida) y darle una oportunidad a los destinos menos conocidos.","url":"https:\/\/www.escapadarural.com\/blog\/autor\/alba\/"}]}},"_links":{"self":[{"href":"https:\/\/www.escapadarural.com\/blog\/wp-json\/wp\/v2\/posts\/54399","targetHints":{"allow":["GET"]}}],"collection":[{"href":"https:\/\/www.escapadarural.com\/blog\/wp-json\/wp\/v2\/posts"}],"about":[{"href":"https:\/\/www.escapadarural.com\/blog\/wp-json\/wp\/v2\/types\/post"}],"author":[{"embeddable":true,"href":"https:\/\/www.escapadarural.com\/blog\/wp-json\/wp\/v2\/users\/151"}],"replies":[{"embeddable":true,"href":"https:\/\/www.escapadarural.com\/blog\/wp-json\/wp\/v2\/comments?post=54399"}],"version-history":[{"count":0,"href":"https:\/\/www.escapadarural.com\/blog\/wp-json\/wp\/v2\/posts\/54399\/revisions"}],"wp:featuredmedia":[{"embeddable":true,"href":"https:\/\/www.escapadarural.com\/blog\/wp-json\/wp\/v2\/media\/99441"}],"wp:attachment":[{"href":"https:\/\/www.escapadarural.com\/blog\/wp-json\/wp\/v2\/media?parent=54399"}],"wp:term":[{"taxonomy":"category","embeddable":true,"href":"https:\/\/www.escapadarural.com\/blog\/wp-json\/wp\/v2\/categories?post=54399"},{"taxonomy":"post_tag","embeddable":true,"href":"https:\/\/www.escapadarural.com\/blog\/wp-json\/wp\/v2\/tags?post=54399"}],"curies":[{"name":"wp","href":"https:\/\/api.w.org\/{rel}","templated":true}]}}