{"id":54897,"date":"2022-10-15T08:00:00","date_gmt":"2022-10-15T07:00:00","guid":{"rendered":"https:\/\/www.escapadarural.com\/blog\/?p=54897"},"modified":"2025-08-01T12:42:26","modified_gmt":"2025-08-01T10:42:26","slug":"que-ver-en-madeira","status":"publish","type":"post","link":"https:\/\/www.escapadarural.com\/blog\/que-ver-en-madeira\/","title":{"rendered":"5 lugares fascinantes y poco concurridos en Madeira"},"content":{"rendered":"\n<figure class=\"wp-block-image size-large\"><a href=\"https:\/\/www.escapadarural.com\/blog\/wp-content\/uploads\/AdobeStock_244962515-scaled.jpeg\"><img decoding=\"async\" src=\"https:\/\/www.escapadarural.com\/blog\/wp-content\/uploads\/AdobeStock_244962515-1024x683.jpeg\" alt=\"Qu\u00e9 ver en Madeira: C\u00e2mara de Lobos\" class=\"wp-image-55172\"\/><\/a><figcaption class=\"wp-element-caption\">Qu\u00e9 ver en Madeira: C\u00e2mara de Lobos. Por strekoza64<\/figcaption><\/figure>\n\n\n\n<p>Madeira es ese trocito de para\u00edso que sobresale en el Oc\u00e9ano Atl\u00e1ntico, pertenece a Portugal y se encuentra a 860 Km de las costas de Lisboa. Su archipi\u00e9lago est\u00e1 formado por un total de 4 grupos de islas, dos de las cuales est\u00e1n deshabitadas: Islas Desiertas y Salvajes; y dos habitadas, Madeira y Porto Santo. Es una tierra que esconde acantilados de hasta 450 metros, varios <strong>telef\u00e9ricos que conectan desniveles<\/strong>, pueblos con encanto, un bosque de laurisilva (con or\u00edgenes en el Periodo Terciario), cascadas impresionantes e incluso paisajes \u00e1ridos en tan solo 750 km\u00b2.<\/p>\n\n\n\n<p>Uno de los datos que m\u00e1s suele llamar la atenci\u00f3n es lo alejada que est\u00e1 de cualquier otro punto terrestre. La regi\u00f3n aut\u00f3noma encuentra el lugar habitado m\u00e1s cercano en el archipi\u00e9lago de las Islas Canarias, a 500 Km de distancia. El siguiente son las islas Azores, a unos 700 Km. Sorprende tambi\u00e9n lo <strong>alejada que est\u00e1 Madeira de su isla vecina<\/strong>, Porto Santo. Para llegar hasta ella tendremos que ir en ferry (el trayecto dura alrededor de 2 horas y 30 minutos) o avi\u00f3n (siendo un recorrido de escasos 25 minutos).<\/p>\n\n\n\n<p>Seg\u00fan estad\u00edsticas anuales y datos de Informaci\u00f3n Tur\u00edstica Regional, cada a\u00f1o Madeira recibe una media aproximada de 2 millones de visitantes, aunque la gran mayor\u00eda de los turistas provienen del propio pa\u00eds, seguido de Alemania, Reino Unido y Francia. Lo cierto es que la Regi\u00f3n Aut\u00f3noma de Madeira quiere seguir dando la bienvenida y ampliar el n\u00famero de visitas que recibe en comparaci\u00f3n con otras regiones de Portugal.<\/p>\n\n\n\n<p>Desde EscapadaRural queremos dar a conocer algunos de esos lugares \u00fanicos e incre\u00edbles que solo encontrar\u00e1s en la desconocida Madeira. No pod\u00edamos incluirlos todos y, aunque ha sido complicado, finalmente hemos realizado una peque\u00f1a selecci\u00f3n de 5 lugares que ver en Madeira poco concurridos y con un nivel de autenticidad alt\u00edsimo. \u00bfComenzamos?<\/p>\n\n\n\n<h2 class=\"wp-block-heading\" id=\"h-achadas-da-cruz\"><strong>Achadas Da Cruz<\/strong><\/h2>\n\n\n\n<figure class=\"wp-block-image size-full\"><img decoding=\"async\" src=\"https:\/\/www.escapadarural.com\/blog\/wp-content\/uploads\/madeira.jpg\" alt=\"Qu\u00e9 ver en Madeira: Achadas da Cruz\" class=\"wp-image-55174\"\/><figcaption class=\"wp-element-caption\">Qu\u00e9 ver en Madeira: Achadas da Cruz. Por&nbsp;Freesurf<\/figcaption><\/figure>\n\n\n\n<p>Ubicado en el municipio de Porto Moniz, es uno de esos lugares que dejan con la boca abierta e impresiona hasta tal punto que puede ser que lo recuerdes siempre. Se trata de un mirador con excelentes vistas al Oc\u00e9ano, el pronunciado <strong>telef\u00e9rico que baja hasta la costa<\/strong>, la Faj\u00e3 de Achadas da Cruz y uno de los acantilados m\u00e1s pronunciados de Europa que salvaguarda varias casas con tierra f\u00e9rtil donde se cultiva.<\/p>\n\n\n\n<p>Si bien es cierto que desde el mirador impresiona, la sensaci\u00f3n se multiplica cuando lo contemplas desde la costa. Para poder terminar de apreciar todo lo que Achadas Da Cruz ofrece y sentir un poco m\u00e1s cerca los gigantescos acantilados, hay dos opciones. O bien subir al telef\u00e9rico (con el que descenderemos estos 450 metros) y <strong>llegar hasta la playa<\/strong>, o andar por un sendero m\u00e1s de 3h (y volver a andarlo de subida).<\/p>\n\n\n\n<p>Se recomienda bajar en telef\u00e9rico ya que la bajada dura tan solo 5 minutos, pero no es apto para personas que puedan sufrir v\u00e9rtigo. Yo misma he tenido la suerte de poderlo vivir con mis propias carnes y, aunque nunca he sentido la sensaci\u00f3n de v\u00e9rtigo, si es cierto que ese d\u00eda hac\u00eda un poco de aire, se mov\u00eda m\u00e1s de lo normal y la sensaci\u00f3n no fue tan relajada.<\/p>\n\n\n\n<p>Por otro lado, el operario del telef\u00e9rico nos coment\u00f3 que \u201cLa vista es muy bonita y merece la pena pero hay que estar seguros de querer bajar ya que una vez abajo, en la playa, no hay otro operario para gestionar la subida. Eres t\u00fa mismo quien ha de llamar el telef\u00e9rico de vuelta y subirte a \u00e9l\u201d. Le preguntamos tambi\u00e9n si hab\u00eda mucha gente que, al asomarse al mirador y contemplar la altura, decid\u00eda no bajar y su respuesta fue clara: \u201cA veces pasa, pero la persona que lo tiene claro y baja vuelve con una sonrisa en la cara. \u00bfQuer\u00e9is un ticket? \u00bfOs anim\u00e1is? Cerramos a las 8, es lo \u00fanico\u201d.<\/p>\n\n\n\n<h2 class=\"wp-block-heading\" id=\"h-la-alejada-isla-de-porto-santo\"><strong>La alejada Isla de Porto Santo<\/strong><\/h2>\n\n\n\n<figure class=\"wp-block-image size-large\"><a href=\"https:\/\/www.escapadarural.com\/blog\/wp-content\/uploads\/AdobeStock_40278508.jpg\"><img decoding=\"async\" src=\"https:\/\/www.escapadarural.com\/blog\/wp-content\/uploads\/AdobeStock_40278508-1024x685.jpg\" alt=\"Qu\u00e9 ver en Madeira: Porto Santo\" class=\"wp-image-52113\"\/><\/a><figcaption class=\"wp-element-caption\">Qu\u00e9 ver en Madeira: Porto Santo. Por Gbuglok<\/figcaption><\/figure>\n\n\n\n<p>Es conocida como la <strong>hermana peque\u00f1a de Madeira<\/strong> pero no tiene nada que ver. Est\u00e1 rodeada de aguas turquesas, presume de temperaturas agradables durante todo el a\u00f1o y tiene un suelo completamente arenoso, todo lo contrario a la isla verde de Madeira. Su poblaci\u00f3n no llega a los 6.000 habitantes y la capital, Vila Baleira, es la \u00fanica ciudad de la isla por lo que la convierte en el destino perfecto para escapar del turismo de masas<\/p>\n\n\n\n<p>Es perfecta para los amantes de la playa, el sol y la tranquilidad aunque a veces llegar hasta ella puede no resultar tan f\u00e1cil. Desde Madeira podemos llegar en <a href=\"https:\/\/www.portosantoline.pt\/en\/\" target=\"_blank\" rel=\"noreferrer noopener nofollow\">ferry<\/a> o avi\u00f3n pero, desde otros pa\u00edses, tendremos que hacer escala en Lisboa. En algunas ocasiones, estando ya en Madeira, se ha dado el caso de tener que incluso volar hasta Lisboa para poder luego hacer escala y llegar hasta Porto Santo.<\/p>\n\n\n\n<p>Despu\u00e9s de un largo viaje, podemos encontrar desde <strong>aguas turquesas<\/strong>, la playa de Porto Santo (con 9 kil\u00f3metros de largo), el Pico da Facho (su punto m\u00e1s alto, con 516 metros), hasta unas curiosas dunas (si te acercas a ellas ver\u00e1s que est\u00e1n llenas de peque\u00f1os f\u00f3siles animales) o el fascinante pico de Ana Ferreira, con columnas rocosas formadas hace a\u00f1os por la actividad volc\u00e1nica.<\/p>\n\n\n\n<p>De nuevo, resulta fascinante todos los rincones que pueden llegar a esconder 42 Km2 y todos los secretos que pueden llegar a guardar. Un secreto a voces que salvaguarda la isla es que Crist\u00f3bal Col\u00f3n estuvo viviendo algunas \u00e9pocas en Porto Santo y que incluso <strong>se cas\u00f3 en ella<\/strong>.<\/p>\n\n\n\n<h2 class=\"wp-block-heading\" id=\"h-excursion-de-5h-hasta-caldeirao-verde\"><strong>Excursi\u00f3n de 5h hasta Caldeir\u00e3o Verde<\/strong><\/h2>\n\n\n\n<figure class=\"wp-block-image size-large\"><a href=\"https:\/\/www.escapadarural.com\/blog\/wp-content\/uploads\/AdobeStock_89074310-scaled.jpeg\"><img decoding=\"async\" src=\"https:\/\/www.escapadarural.com\/blog\/wp-content\/uploads\/AdobeStock_89074310-1024x684.jpeg\" alt=\"Qu\u00e9 ver en Madeira: Caldeirao Verde\" class=\"wp-image-55173\"\/><\/a><figcaption class=\"wp-element-caption\">Qu\u00e9 ver en Madeira: Caldeirao Verde. Por Noradoa<\/figcaption><\/figure>\n\n\n\n<p>Es una de las excursiones m\u00e1s largas pero tambi\u00e9n m\u00e1s espectaculares de la isla. La duraci\u00f3n aproximada es de 5h 30 minutos (ya que desde el parking y hasta la impresionante cascada hay 6,5 Km de ida y 6,5 Km de vuelta) por un camino llano, de baja dificultad pero no apto para personas que puedan llegar a sufrir v\u00e9rtigo.<\/p>\n\n\n\n<p>Recibe el nombre de Caldeir\u00e3o Verde ya que conduce hasta una impresionante <strong>cascada con su mismo nombre<\/strong> y finaliza en una laguna verde. El paisaje que acompa\u00f1a la ruta es otra de las razones por las que completar <em>la levada<\/em>, atravesando monta\u00f1as con <strong>t\u00faneles elaborados en el siglo XVIII<\/strong> y llegando a apreciar algunas de las monta\u00f1as m\u00e1s altas de la isla. Se conoce como <em>levadas <\/em>a los canales que tra\u00edan el agua desde el interior de la isla hacia el exterior u otras zonas pobladas.<\/p>\n\n\n\n<p>Desde la Direcci\u00f3n Regional de Turismo nos aconsejan que \u201cSi quer\u00e9is completar la excursi\u00f3n, es muy importante que llev\u00e9is calzado c\u00f3modo, agua y salg\u00e1is pronto por la ma\u00f1ana para que no se haga de noche. Tambi\u00e9n es importante llevar el tel\u00e9fono cargado y traer una peque\u00f1a linterna ya que en los t\u00faneles que atraviesan la monta\u00f1a y que forman parte de la ruta no hay luz\u201d.<\/p>\n\n\n\n<h2 class=\"wp-block-heading\" id=\"h-ponta-de-sao-lourenco-el-punto-mas-oriental-de-la-isla\"><strong>Ponta de S\u00e3o Louren\u00e7o: el punto m\u00e1s oriental de la isla<\/strong><\/h2>\n\n\n\n<figure class=\"wp-block-image size-large\"><a href=\"https:\/\/www.escapadarural.com\/blog\/wp-content\/uploads\/AdobeStock_126971507-scaled.jpeg\"><img decoding=\"async\" src=\"https:\/\/www.escapadarural.com\/blog\/wp-content\/uploads\/AdobeStock_126971507-1024x445.jpeg\" alt=\"Ponta de S\u00e3o Louren\u00e7o\" class=\"wp-image-55175\"\/><\/a><figcaption class=\"wp-element-caption\">Ponta de S\u00e3o Louren\u00e7o. Por Arnaud<\/figcaption><\/figure>\n\n\n\n<p>Llegar hasta la Ponta de S\u00e3o Louren\u00e7o es otra de esas experiencias que deja sin aliento. La ruta ondulante que conduce hasta el extremo oriental pasa por lugares muy \u00e1ridos, donde la vegetaci\u00f3n que predomina en el resto de la isla no crece a causa de los fuertes aires que suelen visitar la zona. Dura aproximadamente 3 horas y tiene varios escalones por lo que la dificultad se podr\u00eda decir que es media con varias subidas y bajadas. Si se desea saber un poco m\u00e1s de la ruta, en <a href=\"https:\/\/www.wikiloc.com\/hiking-trails\/punta-de-san-lorenzo-pr-8-madeira-9078257\" target=\"_blank\" rel=\"noreferrer noopener nofollow\">Wikiloc<\/a> se pueden encontrar muchos detalles que pueden ayudar a planificarla.<\/p>\n\n\n\n<p>Realizar el sendero hasta la Ponta de S\u00e3o Louren\u00e7o es, sin duda, la mejor forma de conocer la pen\u00ednsula. Es de origen volc\u00e1nico y gracias a ella descubrimos alguna de sus <strong>aisladas playas<\/strong> (la playa de S\u00e3o Louren\u00e7o) o los m\u00faltiples islotes que aparecen por el camino. Desde la Direcci\u00f3n Regional de Turismo nos comparten algunos consejos a tener en cuenta \u201cEs muy importante traer agua y una gorra para poder protegernos del sol ya que no hay \u00e1rboles en la zona donde poder descansar\u201d.<\/p>\n\n\n\n<p>Por \u00faltimo, a modo curiosidad, hay un bar con bebida y peque\u00f1os s\u00e1ndwiches antes de finalizar el camino. Despu\u00e9s de todo el esfuerzo realizado puede llegar a parecer un espejismo pero es real, existe y est\u00e1 ubicado en un peque\u00f1o llano a escasos metros del final de la ruta. Si me dej\u00e1is aconsejaros, recomiendo tomar una <em>Brisa<\/em>, refresco producido y distribuido en Madeira. \u00a1Buen\u00edsimo y muy dif\u00edcil de encontrar en otros pa\u00edses!<\/p>\n\n\n\n<h2 class=\"wp-block-heading\" id=\"h-camara-de-lobos-el-portofino-de-madeira\"><strong>C\u00e2mara de Lobos<em>, el Portofino de Madeira<\/em><\/strong><\/h2>\n\n\n\n<figure class=\"wp-block-image size-large\"><img decoding=\"async\" src=\"https:\/\/www.escapadarural.com\/blog\/wp-content\/uploads\/AdobeStock_244962515-1024x683.jpeg\" alt=\"C\u00e2mara de Lobos\" class=\"wp-image-55172\"\/><figcaption class=\"wp-element-caption\">C\u00e2mara de Lobos. Por strekoza64<\/figcaption><\/figure>\n\n\n\n<p>El \u00faltimo punto sobre qu\u00e9 ver en Madeira nos gustar\u00eda dedicarlo a la peque\u00f1a pero preciosa poblaci\u00f3n de C\u00e2mara de Lobos, ubicada en la parte sur de la isla, a escasos 10 Km de la capital. Se trata de una de las <strong>villas m\u00e1s antiguas de Madeira<\/strong>, de origen marinero y con casi 36.000 habitantes.<\/p>\n\n\n\n<p>La localidad recibe a todos sus visitantes con los brazos abiertos, unas vistas impresionantes de la bah\u00eda, un conjunto de casas\/peque\u00f1as iglesias de color blanco y una vida nocturna como en ninguna otra poblaci\u00f3n. Adem\u00e1s, si se visita a mediados del mes de agosto, se podr\u00e1 presenciar la festividad del pez espada, conocido en Madeira como <em>Festa Gastron\u00f3mica do<\/em> <em>Peixe Espada Preto.<\/em><\/p>\n\n\n\n<p>Se trata de un fin de semana gastron\u00f3mico donde se celebra la existencia de uno de los <strong>platos m\u00e1s tradicionales de la isla<\/strong> y se resalta la actividad pesquera. Este festival re\u00fane a habitantes de otros pueblos que se desplazan expresamente hasta la poblaci\u00f3n para poder contemplar c\u00f3mo lucen decoradas sus estrechas calles, cantar junto a varios de los grupos que animan su peque\u00f1a playa y vivir un poco m\u00e1s su vida nocturna. Madeira tiene una enorme tradici\u00f3n de m\u00fasica, cultura y folklore y as\u00ed lo demuestra la gran cantidad de grupos y bandas filarm\u00f3nicas que no pueden faltar en estas festividades.<\/p>\n","protected":false},"excerpt":{"rendered":"<p>El archipi\u00e9lago de Madeira est\u00e1 formado por 4 islas, dos de ellas deshabitadas. Repleta de acantilados, con telef\u00e9ricos que salvan los desniveles y bosques de laurisilva, os llevamos por 5 lugares que ver en Madeira y Porto Santo poco concurridos. <\/p>\n","protected":false},"author":151,"featured_media":99283,"comment_status":"open","ping_status":"open","sticky":false,"template":"","format":"standard","meta":{"_acf_changed":false,"om_disable_all_campaigns":false,"footnotes":""},"categories":[191],"tags":[2302,215,2323,4615,538],"class_list":["post-54897","post","type-post","status-publish","format-standard","has-post-thumbnail","hentry","category-destinos","tag-islas","tag-listado","tag-madeira","tag-porto-santo","tag-portugal"],"acf":[],"featured_image_src":"https:\/\/www.escapadarural.com\/blog\/wp-content\/uploads\/2024\/10\/AdobeStock_244962515-1024x683-3.jpeg","author_info":{"display_name":"Alba Feliz","author_link":"https:\/\/www.escapadarural.com\/blog\/autor\/alba\/"},"yoast_head":"<!-- This site is optimized with the Yoast SEO plugin v27.5 - https:\/\/yoast.com\/product\/yoast-seo-wordpress\/ -->\n<title>5 lugares fascinantes y poco concurridos en Madeira - EscapadaRural<\/title>\n<meta name=\"robots\" content=\"index, follow, max-snippet:-1, max-image-preview:large, max-video-preview:-1\" \/>\n<link rel=\"canonical\" href=\"https:\/\/www.escapadarural.com\/blog\/que-ver-en-madeira\/\" \/>\n<meta property=\"og:locale\" content=\"es_ES\" \/>\n<meta property=\"og:type\" content=\"article\" \/>\n<meta property=\"og:title\" content=\"5 lugares fascinantes y poco concurridos en Madeira - EscapadaRural\" \/>\n<meta property=\"og:description\" content=\"El archipi\u00e9lago de Madeira est\u00e1 formado por 4 islas, dos de ellas deshabitadas. Repleta de acantilados, con telef\u00e9ricos que salvan los desniveles y bosques de laurisilva, os llevamos por 5 lugares que ver en Madeira y Porto Santo poco concurridos.\" \/>\n<meta property=\"og:url\" content=\"https:\/\/www.escapadarural.com\/blog\/que-ver-en-madeira\/\" \/>\n<meta property=\"og:site_name\" content=\"Magazine de viajes de EscapadaRural\" \/>\n<meta property=\"article:publisher\" content=\"https:\/\/www.facebook.com\/escapadarural\" \/>\n<meta property=\"article:published_time\" content=\"2022-10-15T07:00:00+00:00\" \/>\n<meta property=\"article:modified_time\" content=\"2025-08-01T10:42:26+00:00\" \/>\n<meta property=\"og:image\" content=\"https:\/\/www.escapadarural.com\/blog\/wp-content\/uploads\/2024\/10\/AdobeStock_244962515-1024x683-3.jpeg?v=1754044947\" \/>\n\t<meta property=\"og:image:width\" content=\"1024\" \/>\n\t<meta property=\"og:image:height\" content=\"683\" \/>\n\t<meta property=\"og:image:type\" content=\"image\/jpeg\" \/>\n<meta name=\"author\" content=\"Alba Feliz\" \/>\n<meta name=\"twitter:card\" content=\"summary_large_image\" \/>\n<meta name=\"twitter:label1\" content=\"Escrito por\" \/>\n\t<meta name=\"twitter:data1\" content=\"Alba Feliz\" \/>\n\t<meta name=\"twitter:label2\" content=\"Tiempo de lectura\" \/>\n\t<meta name=\"twitter:data2\" content=\"9 minutos\" \/>\n<script type=\"application\/ld+json\" class=\"yoast-schema-graph\">{\"@context\":\"https:\\\/\\\/schema.org\",\"@graph\":[{\"@type\":\"Article\",\"@id\":\"https:\\\/\\\/www.escapadarural.com\\\/blog\\\/que-ver-en-madeira\\\/#article\",\"isPartOf\":{\"@id\":\"https:\\\/\\\/www.escapadarural.com\\\/blog\\\/que-ver-en-madeira\\\/\"},\"author\":{\"name\":\"Alba Feliz\",\"@id\":\"https:\\\/\\\/www.escapadarural.com\\\/blog\\\/#\\\/schema\\\/person\\\/65271b7b847121ab7a4f8c3be624d420\"},\"headline\":\"5 lugares fascinantes y poco concurridos en Madeira\",\"datePublished\":\"2022-10-15T07:00:00+00:00\",\"dateModified\":\"2025-08-01T10:42:26+00:00\",\"mainEntityOfPage\":{\"@id\":\"https:\\\/\\\/www.escapadarural.com\\\/blog\\\/que-ver-en-madeira\\\/\"},\"wordCount\":1797,\"commentCount\":0,\"publisher\":{\"@id\":\"https:\\\/\\\/www.escapadarural.com\\\/blog\\\/#organization\"},\"image\":{\"@id\":\"https:\\\/\\\/www.escapadarural.com\\\/blog\\\/que-ver-en-madeira\\\/#primaryimage\"},\"thumbnailUrl\":\"https:\\\/\\\/www.escapadarural.com\\\/blog\\\/wp-content\\\/uploads\\\/2024\\\/10\\\/AdobeStock_244962515-1024x683-3.jpeg\",\"keywords\":[\"Islas\",\"Listado\",\"Madeira\",\"Porto Santo\",\"portugal\"],\"articleSection\":[\"Destinos\"],\"inLanguage\":\"es\",\"potentialAction\":[{\"@type\":\"CommentAction\",\"name\":\"Comment\",\"target\":[\"https:\\\/\\\/www.escapadarural.com\\\/blog\\\/que-ver-en-madeira\\\/#respond\"]}]},{\"@type\":\"WebPage\",\"@id\":\"https:\\\/\\\/www.escapadarural.com\\\/blog\\\/que-ver-en-madeira\\\/\",\"url\":\"https:\\\/\\\/www.escapadarural.com\\\/blog\\\/que-ver-en-madeira\\\/\",\"name\":\"5 lugares fascinantes y poco concurridos en Madeira - EscapadaRural\",\"isPartOf\":{\"@id\":\"https:\\\/\\\/www.escapadarural.com\\\/blog\\\/#website\"},\"primaryImageOfPage\":{\"@id\":\"https:\\\/\\\/www.escapadarural.com\\\/blog\\\/que-ver-en-madeira\\\/#primaryimage\"},\"image\":{\"@id\":\"https:\\\/\\\/www.escapadarural.com\\\/blog\\\/que-ver-en-madeira\\\/#primaryimage\"},\"thumbnailUrl\":\"https:\\\/\\\/www.escapadarural.com\\\/blog\\\/wp-content\\\/uploads\\\/2024\\\/10\\\/AdobeStock_244962515-1024x683-3.jpeg\",\"datePublished\":\"2022-10-15T07:00:00+00:00\",\"dateModified\":\"2025-08-01T10:42:26+00:00\",\"breadcrumb\":{\"@id\":\"https:\\\/\\\/www.escapadarural.com\\\/blog\\\/que-ver-en-madeira\\\/#breadcrumb\"},\"inLanguage\":\"es\",\"potentialAction\":[{\"@type\":\"ReadAction\",\"target\":[\"https:\\\/\\\/www.escapadarural.com\\\/blog\\\/que-ver-en-madeira\\\/\"]}]},{\"@type\":\"ImageObject\",\"inLanguage\":\"es\",\"@id\":\"https:\\\/\\\/www.escapadarural.com\\\/blog\\\/que-ver-en-madeira\\\/#primaryimage\",\"url\":\"https:\\\/\\\/www.escapadarural.com\\\/blog\\\/wp-content\\\/uploads\\\/2024\\\/10\\\/AdobeStock_244962515-1024x683-3.jpeg\",\"contentUrl\":\"https:\\\/\\\/www.escapadarural.com\\\/blog\\\/wp-content\\\/uploads\\\/2024\\\/10\\\/AdobeStock_244962515-1024x683-3.jpeg\",\"width\":1024,\"height\":683,\"caption\":\"Peque\u00f1as embarcaciones de colores flotan en un puerto tranquilo rodeado de acantilados rocosos y casas tradicionales en laderas escalonadas bajo un cielo parcialmente nublado a lo largo de un pintoresco pueblo costero.\"},{\"@type\":\"BreadcrumbList\",\"@id\":\"https:\\\/\\\/www.escapadarural.com\\\/blog\\\/que-ver-en-madeira\\\/#breadcrumb\",\"itemListElement\":[{\"@type\":\"ListItem\",\"position\":1,\"name\":\"Inicio\",\"item\":\"https:\\\/\\\/www.escapadarural.com\\\/blog\\\/\"},{\"@type\":\"ListItem\",\"position\":2,\"name\":\"Destinos\",\"item\":\"https:\\\/\\\/www.escapadarural.com\\\/blog\\\/categoria\\\/destinos\\\/\"},{\"@type\":\"ListItem\",\"position\":3,\"name\":\"5 lugares fascinantes y poco concurridos en Madeira\"}]},{\"@type\":\"WebSite\",\"@id\":\"https:\\\/\\\/www.escapadarural.com\\\/blog\\\/#website\",\"url\":\"https:\\\/\\\/www.escapadarural.com\\\/blog\\\/\",\"name\":\"Blog de viajes | turismo rural, alojamientos e inspiraci\u00f3n\",\"description\":\"Alojamientos rurales e inspiraci\u00f3n para tus escapadas\",\"publisher\":{\"@id\":\"https:\\\/\\\/www.escapadarural.com\\\/blog\\\/#organization\"},\"alternateName\":\"Magazine de viajes de EscapadaRural\",\"potentialAction\":[{\"@type\":\"SearchAction\",\"target\":{\"@type\":\"EntryPoint\",\"urlTemplate\":\"https:\\\/\\\/www.escapadarural.com\\\/blog\\\/?s={search_term_string}\"},\"query-input\":{\"@type\":\"PropertyValueSpecification\",\"valueRequired\":true,\"valueName\":\"search_term_string\"}}],\"inLanguage\":\"es\"},{\"@type\":\"Organization\",\"@id\":\"https:\\\/\\\/www.escapadarural.com\\\/blog\\\/#organization\",\"name\":\"EscapadaRural\",\"url\":\"https:\\\/\\\/www.escapadarural.com\\\/blog\\\/\",\"logo\":{\"@type\":\"ImageObject\",\"inLanguage\":\"es\",\"@id\":\"https:\\\/\\\/www.escapadarural.com\\\/blog\\\/#\\\/schema\\\/logo\\\/image\\\/\",\"url\":\"https:\\\/\\\/www.escapadarural.com\\\/blog\\\/wp-content\\\/uploads\\\/2024\\\/10\\\/cropped-cropped-escapada-rural-icon-mag-3.png\",\"contentUrl\":\"https:\\\/\\\/www.escapadarural.com\\\/blog\\\/wp-content\\\/uploads\\\/2024\\\/10\\\/cropped-cropped-escapada-rural-icon-mag-3.png\",\"width\":512,\"height\":512,\"caption\":\"EscapadaRural\"},\"image\":{\"@id\":\"https:\\\/\\\/www.escapadarural.com\\\/blog\\\/#\\\/schema\\\/logo\\\/image\\\/\"},\"sameAs\":[\"https:\\\/\\\/www.facebook.com\\\/escapadarural\",\"https:\\\/\\\/www.instagram.com\\\/escapadarural\\\/\",\"https:\\\/\\\/www.youtube.com\\\/@escapadaruralcom\"]},{\"@type\":\"Person\",\"@id\":\"https:\\\/\\\/www.escapadarural.com\\\/blog\\\/#\\\/schema\\\/person\\\/65271b7b847121ab7a4f8c3be624d420\",\"name\":\"Alba Feliz\",\"image\":{\"@type\":\"ImageObject\",\"inLanguage\":\"es\",\"@id\":\"https:\\\/\\\/www.escapadarural.com\\\/blog\\\/wp-content\\\/uploads\\\/2024\\\/11\\\/cropped-alba-96x96.jpg\",\"url\":\"https:\\\/\\\/www.escapadarural.com\\\/blog\\\/wp-content\\\/uploads\\\/2024\\\/11\\\/cropped-alba-96x96.jpg\",\"contentUrl\":\"https:\\\/\\\/www.escapadarural.com\\\/blog\\\/wp-content\\\/uploads\\\/2024\\\/11\\\/cropped-alba-96x96.jpg\",\"caption\":\"Alba Feliz\"},\"description\":\"Redactora, productora audiovisual y graduada en turismo y direcci\u00f3n hotelera. Creo firmemente que viajar abre la mente y permite conocer otras realidades que quiz\u00e1s desconocemos. Me apasiona la fotograf\u00eda anal\u00f3gica (la de toda la vida) y darle una oportunidad a los destinos menos conocidos.\",\"url\":\"https:\\\/\\\/www.escapadarural.com\\\/blog\\\/autor\\\/alba\\\/\"}]}<\/script>\n<!-- \/ Yoast SEO plugin. -->","yoast_head_json":{"title":"5 lugares fascinantes y poco concurridos en Madeira - EscapadaRural","robots":{"index":"index","follow":"follow","max-snippet":"max-snippet:-1","max-image-preview":"max-image-preview:large","max-video-preview":"max-video-preview:-1"},"canonical":"https:\/\/www.escapadarural.com\/blog\/que-ver-en-madeira\/","og_locale":"es_ES","og_type":"article","og_title":"5 lugares fascinantes y poco concurridos en Madeira - EscapadaRural","og_description":"El archipi\u00e9lago de Madeira est\u00e1 formado por 4 islas, dos de ellas deshabitadas. Repleta de acantilados, con telef\u00e9ricos que salvan los desniveles y bosques de laurisilva, os llevamos por 5 lugares que ver en Madeira y Porto Santo poco concurridos.","og_url":"https:\/\/www.escapadarural.com\/blog\/que-ver-en-madeira\/","og_site_name":"Magazine de viajes de EscapadaRural","article_publisher":"https:\/\/www.facebook.com\/escapadarural","article_published_time":"2022-10-15T07:00:00+00:00","article_modified_time":"2025-08-01T10:42:26+00:00","og_image":[{"width":1024,"height":683,"url":"https:\/\/www.escapadarural.com\/blog\/wp-content\/uploads\/2024\/10\/AdobeStock_244962515-1024x683-3.jpeg?v=1754044947","type":"image\/jpeg"}],"author":"Alba Feliz","twitter_card":"summary_large_image","twitter_misc":{"Escrito por":"Alba Feliz","Tiempo de lectura":"9 minutos"},"schema":{"@context":"https:\/\/schema.org","@graph":[{"@type":"Article","@id":"https:\/\/www.escapadarural.com\/blog\/que-ver-en-madeira\/#article","isPartOf":{"@id":"https:\/\/www.escapadarural.com\/blog\/que-ver-en-madeira\/"},"author":{"name":"Alba Feliz","@id":"https:\/\/www.escapadarural.com\/blog\/#\/schema\/person\/65271b7b847121ab7a4f8c3be624d420"},"headline":"5 lugares fascinantes y poco concurridos en Madeira","datePublished":"2022-10-15T07:00:00+00:00","dateModified":"2025-08-01T10:42:26+00:00","mainEntityOfPage":{"@id":"https:\/\/www.escapadarural.com\/blog\/que-ver-en-madeira\/"},"wordCount":1797,"commentCount":0,"publisher":{"@id":"https:\/\/www.escapadarural.com\/blog\/#organization"},"image":{"@id":"https:\/\/www.escapadarural.com\/blog\/que-ver-en-madeira\/#primaryimage"},"thumbnailUrl":"https:\/\/www.escapadarural.com\/blog\/wp-content\/uploads\/2024\/10\/AdobeStock_244962515-1024x683-3.jpeg","keywords":["Islas","Listado","Madeira","Porto Santo","portugal"],"articleSection":["Destinos"],"inLanguage":"es","potentialAction":[{"@type":"CommentAction","name":"Comment","target":["https:\/\/www.escapadarural.com\/blog\/que-ver-en-madeira\/#respond"]}]},{"@type":"WebPage","@id":"https:\/\/www.escapadarural.com\/blog\/que-ver-en-madeira\/","url":"https:\/\/www.escapadarural.com\/blog\/que-ver-en-madeira\/","name":"5 lugares fascinantes y poco concurridos en Madeira - EscapadaRural","isPartOf":{"@id":"https:\/\/www.escapadarural.com\/blog\/#website"},"primaryImageOfPage":{"@id":"https:\/\/www.escapadarural.com\/blog\/que-ver-en-madeira\/#primaryimage"},"image":{"@id":"https:\/\/www.escapadarural.com\/blog\/que-ver-en-madeira\/#primaryimage"},"thumbnailUrl":"https:\/\/www.escapadarural.com\/blog\/wp-content\/uploads\/2024\/10\/AdobeStock_244962515-1024x683-3.jpeg","datePublished":"2022-10-15T07:00:00+00:00","dateModified":"2025-08-01T10:42:26+00:00","breadcrumb":{"@id":"https:\/\/www.escapadarural.com\/blog\/que-ver-en-madeira\/#breadcrumb"},"inLanguage":"es","potentialAction":[{"@type":"ReadAction","target":["https:\/\/www.escapadarural.com\/blog\/que-ver-en-madeira\/"]}]},{"@type":"ImageObject","inLanguage":"es","@id":"https:\/\/www.escapadarural.com\/blog\/que-ver-en-madeira\/#primaryimage","url":"https:\/\/www.escapadarural.com\/blog\/wp-content\/uploads\/2024\/10\/AdobeStock_244962515-1024x683-3.jpeg","contentUrl":"https:\/\/www.escapadarural.com\/blog\/wp-content\/uploads\/2024\/10\/AdobeStock_244962515-1024x683-3.jpeg","width":1024,"height":683,"caption":"Peque\u00f1as embarcaciones de colores flotan en un puerto tranquilo rodeado de acantilados rocosos y casas tradicionales en laderas escalonadas bajo un cielo parcialmente nublado a lo largo de un pintoresco pueblo costero."},{"@type":"BreadcrumbList","@id":"https:\/\/www.escapadarural.com\/blog\/que-ver-en-madeira\/#breadcrumb","itemListElement":[{"@type":"ListItem","position":1,"name":"Inicio","item":"https:\/\/www.escapadarural.com\/blog\/"},{"@type":"ListItem","position":2,"name":"Destinos","item":"https:\/\/www.escapadarural.com\/blog\/categoria\/destinos\/"},{"@type":"ListItem","position":3,"name":"5 lugares fascinantes y poco concurridos en Madeira"}]},{"@type":"WebSite","@id":"https:\/\/www.escapadarural.com\/blog\/#website","url":"https:\/\/www.escapadarural.com\/blog\/","name":"Blog de viajes | turismo rural, alojamientos e inspiraci\u00f3n","description":"Alojamientos rurales e inspiraci\u00f3n para tus escapadas","publisher":{"@id":"https:\/\/www.escapadarural.com\/blog\/#organization"},"alternateName":"Magazine de viajes de EscapadaRural","potentialAction":[{"@type":"SearchAction","target":{"@type":"EntryPoint","urlTemplate":"https:\/\/www.escapadarural.com\/blog\/?s={search_term_string}"},"query-input":{"@type":"PropertyValueSpecification","valueRequired":true,"valueName":"search_term_string"}}],"inLanguage":"es"},{"@type":"Organization","@id":"https:\/\/www.escapadarural.com\/blog\/#organization","name":"EscapadaRural","url":"https:\/\/www.escapadarural.com\/blog\/","logo":{"@type":"ImageObject","inLanguage":"es","@id":"https:\/\/www.escapadarural.com\/blog\/#\/schema\/logo\/image\/","url":"https:\/\/www.escapadarural.com\/blog\/wp-content\/uploads\/2024\/10\/cropped-cropped-escapada-rural-icon-mag-3.png","contentUrl":"https:\/\/www.escapadarural.com\/blog\/wp-content\/uploads\/2024\/10\/cropped-cropped-escapada-rural-icon-mag-3.png","width":512,"height":512,"caption":"EscapadaRural"},"image":{"@id":"https:\/\/www.escapadarural.com\/blog\/#\/schema\/logo\/image\/"},"sameAs":["https:\/\/www.facebook.com\/escapadarural","https:\/\/www.instagram.com\/escapadarural\/","https:\/\/www.youtube.com\/@escapadaruralcom"]},{"@type":"Person","@id":"https:\/\/www.escapadarural.com\/blog\/#\/schema\/person\/65271b7b847121ab7a4f8c3be624d420","name":"Alba Feliz","image":{"@type":"ImageObject","inLanguage":"es","@id":"https:\/\/www.escapadarural.com\/blog\/wp-content\/uploads\/2024\/11\/cropped-alba-96x96.jpg","url":"https:\/\/www.escapadarural.com\/blog\/wp-content\/uploads\/2024\/11\/cropped-alba-96x96.jpg","contentUrl":"https:\/\/www.escapadarural.com\/blog\/wp-content\/uploads\/2024\/11\/cropped-alba-96x96.jpg","caption":"Alba Feliz"},"description":"Redactora, productora audiovisual y graduada en turismo y direcci\u00f3n hotelera. Creo firmemente que viajar abre la mente y permite conocer otras realidades que quiz\u00e1s desconocemos. Me apasiona la fotograf\u00eda anal\u00f3gica (la de toda la vida) y darle una oportunidad a los destinos menos conocidos.","url":"https:\/\/www.escapadarural.com\/blog\/autor\/alba\/"}]}},"_links":{"self":[{"href":"https:\/\/www.escapadarural.com\/blog\/wp-json\/wp\/v2\/posts\/54897","targetHints":{"allow":["GET"]}}],"collection":[{"href":"https:\/\/www.escapadarural.com\/blog\/wp-json\/wp\/v2\/posts"}],"about":[{"href":"https:\/\/www.escapadarural.com\/blog\/wp-json\/wp\/v2\/types\/post"}],"author":[{"embeddable":true,"href":"https:\/\/www.escapadarural.com\/blog\/wp-json\/wp\/v2\/users\/151"}],"replies":[{"embeddable":true,"href":"https:\/\/www.escapadarural.com\/blog\/wp-json\/wp\/v2\/comments?post=54897"}],"version-history":[{"count":0,"href":"https:\/\/www.escapadarural.com\/blog\/wp-json\/wp\/v2\/posts\/54897\/revisions"}],"wp:featuredmedia":[{"embeddable":true,"href":"https:\/\/www.escapadarural.com\/blog\/wp-json\/wp\/v2\/media\/99283"}],"wp:attachment":[{"href":"https:\/\/www.escapadarural.com\/blog\/wp-json\/wp\/v2\/media?parent=54897"}],"wp:term":[{"taxonomy":"category","embeddable":true,"href":"https:\/\/www.escapadarural.com\/blog\/wp-json\/wp\/v2\/categories?post=54897"},{"taxonomy":"post_tag","embeddable":true,"href":"https:\/\/www.escapadarural.com\/blog\/wp-json\/wp\/v2\/tags?post=54897"}],"curies":[{"name":"wp","href":"https:\/\/api.w.org\/{rel}","templated":true}]}}