{"id":54978,"date":"2022-10-20T07:41:56","date_gmt":"2022-10-20T06:41:56","guid":{"rendered":"https:\/\/www.escapadarural.com\/blog\/?p=54978"},"modified":"2025-01-15T10:46:54","modified_gmt":"2025-01-15T08:46:54","slug":"turismo-sostenible-al-regenerativo","status":"publish","type":"post","link":"https:\/\/www.escapadarural.com\/blog\/turismo-sostenible-al-regenerativo\/","title":{"rendered":"Del turismo sostenible al turismo regenerativo"},"content":{"rendered":"\n<figure class=\"wp-block-embed is-type-video is-provider-youtube wp-block-embed-youtube wp-embed-aspect-16-9 wp-has-aspect-ratio\"><div class=\"wp-block-embed__wrapper\">\n<span class=\"saU8C94T6jbOAinqXzfr\"><div class=\"video-shortcode\"><iframe title=\"Del Turismo sostenible al turismo regenerativo\" width=\"1200\" height=\"675\" src=\"https:\/\/www.youtube.com\/embed\/xR9cUZek7zQ?feature=oembed\" frameborder=\"0\" allow=\"accelerometer; autoplay; clipboard-write; encrypted-media; gyroscope; picture-in-picture; web-share\" referrerpolicy=\"strict-origin-when-cross-origin\" allowfullscreen><\/iframe><\/div><\/span>\n<\/div><\/figure>\n\n\n\n<p>Si nos centramos en las tendencias del mundo de los viajes, la regeneraci\u00f3n est\u00e1 a la orden del d\u00eda y supone un reto para las empresas de turismo, los viajeros y los destinos.&nbsp;Durante <strong>COETUR 2022<\/strong> hablamos de la evoluci\u00f3n del turismo sostenible al turismo regenerativo.<\/p>\n\n\n\n<p>Conocemos de primera mano c\u00f3mo todos estos agentes adoptan medidas para contribuir a este tipo de turismo m\u00e1s que sostenible, apostando por modelos en los que se pretende mejorar el destino desde un <strong>punto de vista medioambiental<\/strong>, <strong>econ\u00f3mico y social<\/strong>.<\/p>\n\n\n\n<p>La mesa redonda estuvo compuesta por Jos\u00e9 Luis L\u00f3pez, Responsable del Plan de Sostenibilidad Tur\u00edstica de la Sierra Morena; Beatriz Far\u00edas, Directora Turismo en Horwath HTL; Sonia Teruel, Directora y Fundadora de The RegenLab for Travel; y Xavier Font, Responsable de la Oficina T\u00e9cnica de Turismo de la Gerencia de Servicios de Turismo de la Diputaci\u00f3n de Barcelona. Fue moderada por Francisco Rodr\u00edguez, Responsable de Turismo en Ideas for Change.<\/p>\n\n\n\n<p>\u00ab<strong>Ser sostenible es el primer paso, circular el segundo y regenerativo el tercero e indispensable<\/strong>\u00ab, con la frase del profesor Manuel Maqueda, Francisco Rodr\u00edguez invita a la reflexi\u00f3n de que, quiz\u00e1s sea el momento de cambio, de empezar a regenerar lo que antes hab\u00eda y ahora ya no est\u00e1, de trabajar de manera colaborativa con las comunidades locales y de repensar el papel del visitante, para que este tenga un impacto positivo en destino al que va. <\/p>\n\n\n\n<h2 class=\"wp-block-heading\">\u00bfC\u00f3mo hemos llegado a la necesidad de este nuevo paradigma regenerativo? \u00bfPor qu\u00e9 el turismo sostenible ya no es suficiente?<\/h2>\n\n\n\n<figure class=\"wp-block-image size-large\"><a href=\"https:\/\/www.escapadarural.com\/blog\/wp-content\/uploads\/2837-scaled.jpg\"><img decoding=\"async\" src=\"https:\/\/www.escapadarural.com\/blog\/wp-content\/uploads\/2837-1024x793.jpg\" alt=\"Turismo regenerativo\" class=\"wp-image-54979\"\/><\/a><\/figure>\n\n\n\n<p>Seg\u00fan explica Sonia Teruel, a partir de la revoluci\u00f3n cient\u00edfica hemos tenido una ideolog\u00eda de que la econom\u00eda est\u00e9 en el control de nuestra forma de ver el mundo, se valora el consumismo. \u00abEsta ideolog\u00eda tiene m\u00faltiples efectos que no se han sanado con la sostenibilidad\u00bb, finaliza. <\/p>\n\n\n\n<p>En la visi\u00f3n de Xavier Font es necesario incorporar nuevos conceptos para poder crear nuevos retos: \u00abNo hemos superado la sostenibilidad tal como la tenemos. Ya no es suficiente con sostener y aguantar el territorio y la base productiva como lo tenemos, la base productiva, si no que tenemos que empezar a restaurar, a reconciliar y a regenerar\u00bb.<\/p>\n\n\n\n<p>Beatriz Far\u00edas afirmar que el turismo regenerativo incluye ser sostenible. Para Far\u00edas este tipo de turismo tiene el papel de ayudar a crear conciencia en los turistas sobre la econom\u00eda local y a los empresarios para que entiendan que forman parte de una comunidad, \u00abque sepan que regenerar este local tambi\u00e9n les beneficiar\u00e1 a ellos\u00bb.<\/p>\n\n\n\n<p>Por otro lado, Jos\u00e9 L\u00f3pez afirma que hace algunos a\u00f1os, el turismo sostenible vino para alargar en el tiempo una econom\u00eda del turismo en la que se ha notado la necesidad de evolucionar. \u00abY este ser\u00eda el turismo regenerativo, un turismo que es complementario al turismo sostenible, que no es eliminatorio\u00bb.<\/p>\n","protected":false},"excerpt":{"rendered":"<p>Durante COETUR 2022 hablamos de la evoluci\u00f3n del turismo sostenible al turismo regenerativo desde un punto de vista medioambiental, econ\u00f3mico y social.<\/p>\n","protected":false},"author":119,"featured_media":99263,"comment_status":"open","ping_status":"open","sticky":false,"template":"","format":"standard","meta":{"_acf_changed":false,"om_disable_all_campaigns":false,"footnotes":""},"categories":[385],"tags":[386,4644,4645,849,4646,274,850],"class_list":["post-54978","post","type-post","status-publish","format-standard","has-post-thumbnail","hentry","category-coetur","tag-coetur","tag-comunidad","tag-economia-circular","tag-medioambiente","tag-turismo-regenerativo","tag-turismo-rural","tag-turismo-sostenible"],"acf":[],"featured_image_src":"https:\/\/www.escapadarural.com\/blog\/wp-content\/uploads\/2024\/10\/2837-1024x793-2.jpg","author_info":{"display_name":"Caroline Dalpr\u00e1","author_link":"https:\/\/www.escapadarural.com\/blog\/autor\/caroline\/"},"yoast_head":"<!-- This site is optimized with the Yoast SEO plugin v27.5 - https:\/\/yoast.com\/product\/yoast-seo-wordpress\/ -->\n<title>Del turismo sostenible al turismo regenerativo - EscapadaRural<\/title>\n<meta name=\"robots\" content=\"index, follow, max-snippet:-1, max-image-preview:large, max-video-preview:-1\" \/>\n<link rel=\"canonical\" href=\"https:\/\/www.escapadarural.com\/blog\/turismo-sostenible-al-regenerativo\/\" \/>\n<meta property=\"og:locale\" content=\"es_ES\" \/>\n<meta property=\"og:type\" content=\"article\" \/>\n<meta property=\"og:title\" content=\"Del turismo sostenible al turismo regenerativo - EscapadaRural\" \/>\n<meta property=\"og:description\" content=\"Durante COETUR 2022 hablamos de la evoluci\u00f3n del turismo sostenible al turismo regenerativo desde un punto de vista medioambiental, econ\u00f3mico y social.\" \/>\n<meta property=\"og:url\" content=\"https:\/\/www.escapadarural.com\/blog\/turismo-sostenible-al-regenerativo\/\" \/>\n<meta property=\"og:site_name\" content=\"Magazine de viajes de EscapadaRural\" \/>\n<meta property=\"article:publisher\" content=\"https:\/\/www.facebook.com\/escapadarural\" \/>\n<meta property=\"article:published_time\" content=\"2022-10-20T06:41:56+00:00\" \/>\n<meta property=\"article:modified_time\" content=\"2025-01-15T08:46:54+00:00\" \/>\n<meta property=\"og:image\" content=\"https:\/\/www.escapadarural.com\/blog\/wp-content\/uploads\/2024\/10\/2837-1024x793-2.jpg\" \/>\n\t<meta property=\"og:image:width\" content=\"1024\" \/>\n\t<meta property=\"og:image:height\" content=\"793\" \/>\n\t<meta property=\"og:image:type\" content=\"image\/jpeg\" \/>\n<meta name=\"author\" content=\"Caroline Dalpr\u00e1\" \/>\n<meta name=\"twitter:card\" content=\"summary_large_image\" \/>\n<meta name=\"twitter:label1\" content=\"Escrito por\" \/>\n\t<meta name=\"twitter:data1\" content=\"Caroline Dalpr\u00e1\" \/>\n\t<meta name=\"twitter:label2\" content=\"Tiempo de lectura\" \/>\n\t<meta name=\"twitter:data2\" content=\"3 minutos\" \/>\n<script type=\"application\/ld+json\" class=\"yoast-schema-graph\">{\"@context\":\"https:\\\/\\\/schema.org\",\"@graph\":[{\"@type\":\"Article\",\"@id\":\"https:\\\/\\\/www.escapadarural.com\\\/blog\\\/turismo-sostenible-al-regenerativo\\\/#article\",\"isPartOf\":{\"@id\":\"https:\\\/\\\/www.escapadarural.com\\\/blog\\\/turismo-sostenible-al-regenerativo\\\/\"},\"author\":{\"name\":\"Caroline Dalpr\u00e1\",\"@id\":\"https:\\\/\\\/www.escapadarural.com\\\/blog\\\/#\\\/schema\\\/person\\\/71a3509afe98d853c3837b4889cdab61\"},\"headline\":\"Del turismo sostenible al turismo regenerativo\",\"datePublished\":\"2022-10-20T06:41:56+00:00\",\"dateModified\":\"2025-01-15T08:46:54+00:00\",\"mainEntityOfPage\":{\"@id\":\"https:\\\/\\\/www.escapadarural.com\\\/blog\\\/turismo-sostenible-al-regenerativo\\\/\"},\"wordCount\":509,\"commentCount\":0,\"publisher\":{\"@id\":\"https:\\\/\\\/www.escapadarural.com\\\/blog\\\/#organization\"},\"image\":{\"@id\":\"https:\\\/\\\/www.escapadarural.com\\\/blog\\\/turismo-sostenible-al-regenerativo\\\/#primaryimage\"},\"thumbnailUrl\":\"https:\\\/\\\/www.escapadarural.com\\\/blog\\\/wp-content\\\/uploads\\\/2024\\\/10\\\/2837-1024x793-2.jpg\",\"keywords\":[\"COETUR\",\"Comunidad\",\"Econom\u00eda circular\",\"Medioambiente\",\"Turismo regenerativo\",\"turismo rural\",\"Turismo sostenible\"],\"articleSection\":[\"Coetur\"],\"inLanguage\":\"es\",\"potentialAction\":[{\"@type\":\"CommentAction\",\"name\":\"Comment\",\"target\":[\"https:\\\/\\\/www.escapadarural.com\\\/blog\\\/turismo-sostenible-al-regenerativo\\\/#respond\"]}]},{\"@type\":\"WebPage\",\"@id\":\"https:\\\/\\\/www.escapadarural.com\\\/blog\\\/turismo-sostenible-al-regenerativo\\\/\",\"url\":\"https:\\\/\\\/www.escapadarural.com\\\/blog\\\/turismo-sostenible-al-regenerativo\\\/\",\"name\":\"Del turismo sostenible al turismo regenerativo - EscapadaRural\",\"isPartOf\":{\"@id\":\"https:\\\/\\\/www.escapadarural.com\\\/blog\\\/#website\"},\"primaryImageOfPage\":{\"@id\":\"https:\\\/\\\/www.escapadarural.com\\\/blog\\\/turismo-sostenible-al-regenerativo\\\/#primaryimage\"},\"image\":{\"@id\":\"https:\\\/\\\/www.escapadarural.com\\\/blog\\\/turismo-sostenible-al-regenerativo\\\/#primaryimage\"},\"thumbnailUrl\":\"https:\\\/\\\/www.escapadarural.com\\\/blog\\\/wp-content\\\/uploads\\\/2024\\\/10\\\/2837-1024x793-2.jpg\",\"datePublished\":\"2022-10-20T06:41:56+00:00\",\"dateModified\":\"2025-01-15T08:46:54+00:00\",\"breadcrumb\":{\"@id\":\"https:\\\/\\\/www.escapadarural.com\\\/blog\\\/turismo-sostenible-al-regenerativo\\\/#breadcrumb\"},\"inLanguage\":\"es\",\"potentialAction\":[{\"@type\":\"ReadAction\",\"target\":[\"https:\\\/\\\/www.escapadarural.com\\\/blog\\\/turismo-sostenible-al-regenerativo\\\/\"]}]},{\"@type\":\"ImageObject\",\"inLanguage\":\"es\",\"@id\":\"https:\\\/\\\/www.escapadarural.com\\\/blog\\\/turismo-sostenible-al-regenerativo\\\/#primaryimage\",\"url\":\"https:\\\/\\\/www.escapadarural.com\\\/blog\\\/wp-content\\\/uploads\\\/2024\\\/10\\\/2837-1024x793-2.jpg\",\"contentUrl\":\"https:\\\/\\\/www.escapadarural.com\\\/blog\\\/wp-content\\\/uploads\\\/2024\\\/10\\\/2837-1024x793-2.jpg\",\"width\":1024,\"height\":793,\"caption\":\"Cuatro personas se sientan en el escenario en una mesa redonda, con el p\u00fablico frente a ellas. Detr\u00e1s, una gran pantalla muestra el rostro de una mujer en una videollamada y una ventana m\u00e1s peque\u00f1a con otra persona, lo que sugiere una participaci\u00f3n a distancia.\"},{\"@type\":\"BreadcrumbList\",\"@id\":\"https:\\\/\\\/www.escapadarural.com\\\/blog\\\/turismo-sostenible-al-regenerativo\\\/#breadcrumb\",\"itemListElement\":[{\"@type\":\"ListItem\",\"position\":1,\"name\":\"Inicio\",\"item\":\"https:\\\/\\\/www.escapadarural.com\\\/blog\\\/\"},{\"@type\":\"ListItem\",\"position\":2,\"name\":\"Coetur\",\"item\":\"https:\\\/\\\/www.escapadarural.com\\\/blog\\\/categoria\\\/coetur\\\/\"},{\"@type\":\"ListItem\",\"position\":3,\"name\":\"Del turismo sostenible al turismo regenerativo\"}]},{\"@type\":\"WebSite\",\"@id\":\"https:\\\/\\\/www.escapadarural.com\\\/blog\\\/#website\",\"url\":\"https:\\\/\\\/www.escapadarural.com\\\/blog\\\/\",\"name\":\"Blog de viajes | turismo rural, alojamientos e inspiraci\u00f3n\",\"description\":\"Alojamientos rurales e inspiraci\u00f3n para tus escapadas\",\"publisher\":{\"@id\":\"https:\\\/\\\/www.escapadarural.com\\\/blog\\\/#organization\"},\"alternateName\":\"Magazine de viajes de EscapadaRural\",\"potentialAction\":[{\"@type\":\"SearchAction\",\"target\":{\"@type\":\"EntryPoint\",\"urlTemplate\":\"https:\\\/\\\/www.escapadarural.com\\\/blog\\\/?s={search_term_string}\"},\"query-input\":{\"@type\":\"PropertyValueSpecification\",\"valueRequired\":true,\"valueName\":\"search_term_string\"}}],\"inLanguage\":\"es\"},{\"@type\":\"Organization\",\"@id\":\"https:\\\/\\\/www.escapadarural.com\\\/blog\\\/#organization\",\"name\":\"EscapadaRural\",\"url\":\"https:\\\/\\\/www.escapadarural.com\\\/blog\\\/\",\"logo\":{\"@type\":\"ImageObject\",\"inLanguage\":\"es\",\"@id\":\"https:\\\/\\\/www.escapadarural.com\\\/blog\\\/#\\\/schema\\\/logo\\\/image\\\/\",\"url\":\"https:\\\/\\\/www.escapadarural.com\\\/blog\\\/wp-content\\\/uploads\\\/2024\\\/10\\\/cropped-cropped-escapada-rural-icon-mag-3.png\",\"contentUrl\":\"https:\\\/\\\/www.escapadarural.com\\\/blog\\\/wp-content\\\/uploads\\\/2024\\\/10\\\/cropped-cropped-escapada-rural-icon-mag-3.png\",\"width\":512,\"height\":512,\"caption\":\"EscapadaRural\"},\"image\":{\"@id\":\"https:\\\/\\\/www.escapadarural.com\\\/blog\\\/#\\\/schema\\\/logo\\\/image\\\/\"},\"sameAs\":[\"https:\\\/\\\/www.facebook.com\\\/escapadarural\",\"https:\\\/\\\/www.instagram.com\\\/escapadarural\\\/\",\"https:\\\/\\\/www.youtube.com\\\/@escapadaruralcom\"]},{\"@type\":\"Person\",\"@id\":\"https:\\\/\\\/www.escapadarural.com\\\/blog\\\/#\\\/schema\\\/person\\\/71a3509afe98d853c3837b4889cdab61\",\"name\":\"Caroline Dalpr\u00e1\",\"image\":{\"@type\":\"ImageObject\",\"inLanguage\":\"es\",\"@id\":\"https:\\\/\\\/secure.gravatar.com\\\/avatar\\\/7c69701bfb6edce5bb470d94ec03340a2dd7130049dcaa9f93a67689fbb9bce5?s=96&d=mm&r=g\",\"url\":\"https:\\\/\\\/secure.gravatar.com\\\/avatar\\\/7c69701bfb6edce5bb470d94ec03340a2dd7130049dcaa9f93a67689fbb9bce5?s=96&d=mm&r=g\",\"contentUrl\":\"https:\\\/\\\/secure.gravatar.com\\\/avatar\\\/7c69701bfb6edce5bb470d94ec03340a2dd7130049dcaa9f93a67689fbb9bce5?s=96&d=mm&r=g\",\"caption\":\"Caroline Dalpr\u00e1\"},\"description\":\"Periodista de viajes con debilidad por los pueblos con encanto. Brasile\u00f1a curiosa descubriendo la Espa\u00f1a rural, una escapada a la vez. En EscapadaRural llevo el tim\u00f3n del Marketing Digital y busco formas de contar lugares con alma.\",\"url\":\"https:\\\/\\\/www.escapadarural.com\\\/blog\\\/autor\\\/caroline\\\/\"}]}<\/script>\n<!-- \/ Yoast SEO plugin. -->","yoast_head_json":{"title":"Del turismo sostenible al turismo regenerativo - EscapadaRural","robots":{"index":"index","follow":"follow","max-snippet":"max-snippet:-1","max-image-preview":"max-image-preview:large","max-video-preview":"max-video-preview:-1"},"canonical":"https:\/\/www.escapadarural.com\/blog\/turismo-sostenible-al-regenerativo\/","og_locale":"es_ES","og_type":"article","og_title":"Del turismo sostenible al turismo regenerativo - EscapadaRural","og_description":"Durante COETUR 2022 hablamos de la evoluci\u00f3n del turismo sostenible al turismo regenerativo desde un punto de vista medioambiental, econ\u00f3mico y social.","og_url":"https:\/\/www.escapadarural.com\/blog\/turismo-sostenible-al-regenerativo\/","og_site_name":"Magazine de viajes de EscapadaRural","article_publisher":"https:\/\/www.facebook.com\/escapadarural","article_published_time":"2022-10-20T06:41:56+00:00","article_modified_time":"2025-01-15T08:46:54+00:00","og_image":[{"width":1024,"height":793,"url":"https:\/\/www.escapadarural.com\/blog\/wp-content\/uploads\/2024\/10\/2837-1024x793-2.jpg","type":"image\/jpeg"}],"author":"Caroline Dalpr\u00e1","twitter_card":"summary_large_image","twitter_misc":{"Escrito por":"Caroline Dalpr\u00e1","Tiempo de lectura":"3 minutos"},"schema":{"@context":"https:\/\/schema.org","@graph":[{"@type":"Article","@id":"https:\/\/www.escapadarural.com\/blog\/turismo-sostenible-al-regenerativo\/#article","isPartOf":{"@id":"https:\/\/www.escapadarural.com\/blog\/turismo-sostenible-al-regenerativo\/"},"author":{"name":"Caroline Dalpr\u00e1","@id":"https:\/\/www.escapadarural.com\/blog\/#\/schema\/person\/71a3509afe98d853c3837b4889cdab61"},"headline":"Del turismo sostenible al turismo regenerativo","datePublished":"2022-10-20T06:41:56+00:00","dateModified":"2025-01-15T08:46:54+00:00","mainEntityOfPage":{"@id":"https:\/\/www.escapadarural.com\/blog\/turismo-sostenible-al-regenerativo\/"},"wordCount":509,"commentCount":0,"publisher":{"@id":"https:\/\/www.escapadarural.com\/blog\/#organization"},"image":{"@id":"https:\/\/www.escapadarural.com\/blog\/turismo-sostenible-al-regenerativo\/#primaryimage"},"thumbnailUrl":"https:\/\/www.escapadarural.com\/blog\/wp-content\/uploads\/2024\/10\/2837-1024x793-2.jpg","keywords":["COETUR","Comunidad","Econom\u00eda circular","Medioambiente","Turismo regenerativo","turismo rural","Turismo sostenible"],"articleSection":["Coetur"],"inLanguage":"es","potentialAction":[{"@type":"CommentAction","name":"Comment","target":["https:\/\/www.escapadarural.com\/blog\/turismo-sostenible-al-regenerativo\/#respond"]}]},{"@type":"WebPage","@id":"https:\/\/www.escapadarural.com\/blog\/turismo-sostenible-al-regenerativo\/","url":"https:\/\/www.escapadarural.com\/blog\/turismo-sostenible-al-regenerativo\/","name":"Del turismo sostenible al turismo regenerativo - EscapadaRural","isPartOf":{"@id":"https:\/\/www.escapadarural.com\/blog\/#website"},"primaryImageOfPage":{"@id":"https:\/\/www.escapadarural.com\/blog\/turismo-sostenible-al-regenerativo\/#primaryimage"},"image":{"@id":"https:\/\/www.escapadarural.com\/blog\/turismo-sostenible-al-regenerativo\/#primaryimage"},"thumbnailUrl":"https:\/\/www.escapadarural.com\/blog\/wp-content\/uploads\/2024\/10\/2837-1024x793-2.jpg","datePublished":"2022-10-20T06:41:56+00:00","dateModified":"2025-01-15T08:46:54+00:00","breadcrumb":{"@id":"https:\/\/www.escapadarural.com\/blog\/turismo-sostenible-al-regenerativo\/#breadcrumb"},"inLanguage":"es","potentialAction":[{"@type":"ReadAction","target":["https:\/\/www.escapadarural.com\/blog\/turismo-sostenible-al-regenerativo\/"]}]},{"@type":"ImageObject","inLanguage":"es","@id":"https:\/\/www.escapadarural.com\/blog\/turismo-sostenible-al-regenerativo\/#primaryimage","url":"https:\/\/www.escapadarural.com\/blog\/wp-content\/uploads\/2024\/10\/2837-1024x793-2.jpg","contentUrl":"https:\/\/www.escapadarural.com\/blog\/wp-content\/uploads\/2024\/10\/2837-1024x793-2.jpg","width":1024,"height":793,"caption":"Cuatro personas se sientan en el escenario en una mesa redonda, con el p\u00fablico frente a ellas. Detr\u00e1s, una gran pantalla muestra el rostro de una mujer en una videollamada y una ventana m\u00e1s peque\u00f1a con otra persona, lo que sugiere una participaci\u00f3n a distancia."},{"@type":"BreadcrumbList","@id":"https:\/\/www.escapadarural.com\/blog\/turismo-sostenible-al-regenerativo\/#breadcrumb","itemListElement":[{"@type":"ListItem","position":1,"name":"Inicio","item":"https:\/\/www.escapadarural.com\/blog\/"},{"@type":"ListItem","position":2,"name":"Coetur","item":"https:\/\/www.escapadarural.com\/blog\/categoria\/coetur\/"},{"@type":"ListItem","position":3,"name":"Del turismo sostenible al turismo regenerativo"}]},{"@type":"WebSite","@id":"https:\/\/www.escapadarural.com\/blog\/#website","url":"https:\/\/www.escapadarural.com\/blog\/","name":"Blog de viajes | turismo rural, alojamientos e inspiraci\u00f3n","description":"Alojamientos rurales e inspiraci\u00f3n para tus escapadas","publisher":{"@id":"https:\/\/www.escapadarural.com\/blog\/#organization"},"alternateName":"Magazine de viajes de EscapadaRural","potentialAction":[{"@type":"SearchAction","target":{"@type":"EntryPoint","urlTemplate":"https:\/\/www.escapadarural.com\/blog\/?s={search_term_string}"},"query-input":{"@type":"PropertyValueSpecification","valueRequired":true,"valueName":"search_term_string"}}],"inLanguage":"es"},{"@type":"Organization","@id":"https:\/\/www.escapadarural.com\/blog\/#organization","name":"EscapadaRural","url":"https:\/\/www.escapadarural.com\/blog\/","logo":{"@type":"ImageObject","inLanguage":"es","@id":"https:\/\/www.escapadarural.com\/blog\/#\/schema\/logo\/image\/","url":"https:\/\/www.escapadarural.com\/blog\/wp-content\/uploads\/2024\/10\/cropped-cropped-escapada-rural-icon-mag-3.png","contentUrl":"https:\/\/www.escapadarural.com\/blog\/wp-content\/uploads\/2024\/10\/cropped-cropped-escapada-rural-icon-mag-3.png","width":512,"height":512,"caption":"EscapadaRural"},"image":{"@id":"https:\/\/www.escapadarural.com\/blog\/#\/schema\/logo\/image\/"},"sameAs":["https:\/\/www.facebook.com\/escapadarural","https:\/\/www.instagram.com\/escapadarural\/","https:\/\/www.youtube.com\/@escapadaruralcom"]},{"@type":"Person","@id":"https:\/\/www.escapadarural.com\/blog\/#\/schema\/person\/71a3509afe98d853c3837b4889cdab61","name":"Caroline Dalpr\u00e1","image":{"@type":"ImageObject","inLanguage":"es","@id":"https:\/\/secure.gravatar.com\/avatar\/7c69701bfb6edce5bb470d94ec03340a2dd7130049dcaa9f93a67689fbb9bce5?s=96&d=mm&r=g","url":"https:\/\/secure.gravatar.com\/avatar\/7c69701bfb6edce5bb470d94ec03340a2dd7130049dcaa9f93a67689fbb9bce5?s=96&d=mm&r=g","contentUrl":"https:\/\/secure.gravatar.com\/avatar\/7c69701bfb6edce5bb470d94ec03340a2dd7130049dcaa9f93a67689fbb9bce5?s=96&d=mm&r=g","caption":"Caroline Dalpr\u00e1"},"description":"Periodista de viajes con debilidad por los pueblos con encanto. Brasile\u00f1a curiosa descubriendo la Espa\u00f1a rural, una escapada a la vez. En EscapadaRural llevo el tim\u00f3n del Marketing Digital y busco formas de contar lugares con alma.","url":"https:\/\/www.escapadarural.com\/blog\/autor\/caroline\/"}]}},"_links":{"self":[{"href":"https:\/\/www.escapadarural.com\/blog\/wp-json\/wp\/v2\/posts\/54978","targetHints":{"allow":["GET"]}}],"collection":[{"href":"https:\/\/www.escapadarural.com\/blog\/wp-json\/wp\/v2\/posts"}],"about":[{"href":"https:\/\/www.escapadarural.com\/blog\/wp-json\/wp\/v2\/types\/post"}],"author":[{"embeddable":true,"href":"https:\/\/www.escapadarural.com\/blog\/wp-json\/wp\/v2\/users\/119"}],"replies":[{"embeddable":true,"href":"https:\/\/www.escapadarural.com\/blog\/wp-json\/wp\/v2\/comments?post=54978"}],"version-history":[{"count":0,"href":"https:\/\/www.escapadarural.com\/blog\/wp-json\/wp\/v2\/posts\/54978\/revisions"}],"wp:featuredmedia":[{"embeddable":true,"href":"https:\/\/www.escapadarural.com\/blog\/wp-json\/wp\/v2\/media\/99263"}],"wp:attachment":[{"href":"https:\/\/www.escapadarural.com\/blog\/wp-json\/wp\/v2\/media?parent=54978"}],"wp:term":[{"taxonomy":"category","embeddable":true,"href":"https:\/\/www.escapadarural.com\/blog\/wp-json\/wp\/v2\/categories?post=54978"},{"taxonomy":"post_tag","embeddable":true,"href":"https:\/\/www.escapadarural.com\/blog\/wp-json\/wp\/v2\/tags?post=54978"}],"curies":[{"name":"wp","href":"https:\/\/api.w.org\/{rel}","templated":true}]}}