{"id":55084,"date":"2022-10-20T10:04:37","date_gmt":"2022-10-20T09:04:37","guid":{"rendered":"https:\/\/www.escapadarural.com\/blog\/?p=55084"},"modified":"2025-08-01T12:38:41","modified_gmt":"2025-08-01T10:38:41","slug":"eibar-de-fabrica-de-armas-a-bicicletas","status":"publish","type":"post","link":"https:\/\/www.escapadarural.com\/blog\/eibar-de-fabrica-de-armas-a-bicicletas\/","title":{"rendered":"\u00c9ibar: de la fabricaci\u00f3n de armas a bicicletas"},"content":{"rendered":"\n<figure class=\"wp-block-image size-large\"><a href=\"https:\/\/www.escapadarural.com\/blog\/wp-content\/uploads\/AdobeStock_537904112-scaled.jpeg\"><img decoding=\"async\" src=\"https:\/\/www.escapadarural.com\/blog\/wp-content\/uploads\/AdobeStock_537904112-1024x1008.jpeg\" alt=\"\u00c9ibar\" class=\"wp-image-55321\"\/><\/a><figcaption class=\"wp-element-caption\">\u00c9ibar. Por David<\/figcaption><\/figure>\n\n\n\n<p>Hay un lugar en <a href=\"https:\/\/www.escapadarural.com\/casas-rurales\/guipuzcoa\">Guip\u00fazcoa<\/a> de donde salieron algunas de las bicicletas m\u00e1s populares del siglo XX en Espa\u00f1a. Cu\u00e1ntos somos los que hemos tenido de ni\u00f1os una bicicleta BH, Orbea o G.A.C. Pero antes de dedicarse a este mundo de las bicicletas, estas marcas vascas se dedicaron a la <strong>fabricaci\u00f3n de armas en \u00c9ibar<\/strong>, sede inicial de todas ellas y lugar con mucha tradici\u00f3n armera.<\/p>\n\n\n\n<p>Los naturales de \u00c9ibar se llaman eibarreses, pero coloquialmente tambi\u00e9n se les conoce como armeros. La industria armera de \u00c9ibar es m\u00edtica y ya en el siglo XV se recogen menciones al respecto. Armas que se exportaban a todo el mundo y que fueron clave en la creaci\u00f3n de una industria.<\/p>\n\n\n\n<h2 class=\"wp-block-heading\" id=\"h-orbea-bh-y-g-a-c-eran-empresas-de-eibar-con-enorme-tradicion-armera\">Orbea, BH y G.A.C. eran empresas de \u00c9ibar con enorme tradici\u00f3n armera<\/h2>\n\n\n\n<figure class=\"wp-block-image size-full\"><a href=\"https:\/\/www.escapadarural.com\/blog\/wp-content\/uploads\/Pistolak.publizitatea-bh.jpg\"><img decoding=\"async\" src=\"https:\/\/www.escapadarural.com\/blog\/wp-content\/uploads\/Pistolak.publizitatea-bh.jpg\" alt=\"Armas BH\" class=\"wp-image-55323\"\/><\/a><figcaption class=\"wp-element-caption\">Armas BH. Por Luistxo Fernandez<\/figcaption><\/figure>\n\n\n\n<p>Los tres hermanos Orbea comenzaron en \u00c9ibar un negocio de fabricaci\u00f3n de armas cortas, especialmente rev\u00f3lveres, en 1840. La muestra m\u00e1s clara del \u00e9xito de la f\u00e1brica y del empuje de los Orbea la tenemos en que en la d\u00e9cada de 1880 fueron pioneros en electrificar su f\u00e1brica y crear su propia electricidad, llegando incluso a vender el excedente. A finales del siglo XIX y primeros del XX Orbea ten\u00eda varios centenares de empleados y era una de las <strong>f\u00e1bricas de armas m\u00e1s importantes de Espa\u00f1a<\/strong>.<\/p>\n\n\n\n<p>De sus instalaciones sal\u00edan cartuchos, pistolas, armas de caza\u2026 que se vend\u00edan por todo el mundo, e incluso fabricaban en Am\u00e9rica. La Primera Guerra Mundial, en la que Espa\u00f1a no particip\u00f3 activamente, fue viento de cola para la industria armament\u00edstica y Orbea no fue una excepci\u00f3n.<\/p>\n\n\n\n<p>Pasada la Gran Guerra los tiempos fueron menos propicios y la compa\u00f1\u00eda se dividi\u00f3 en dos, qued\u00e1ndose en \u00c9ibar una parte de ella que aprovech\u00f3 el conocimiento industrial que atesoraba para comenzar a hacer bicicletas en 1930. Al fin y al cabo, dominar la <strong>fabricaci\u00f3n con tubos<\/strong> (esencial en las armas) y de ciertos mecanismos, hac\u00eda que el salto no fuera il\u00f3gico y las ventajas competitivas, como se dice en el mundo de la empresa actual, se aprovecharan. En 1946 ya eran 1.000 los trabajadores de esta nueva Orbea del mundo del ciclismo y vend\u00edan 50.000 unidades al a\u00f1o.<\/p>\n\n\n\n<h2 class=\"wp-block-heading\" id=\"h-se-reinventaron-despues-de-la-primera-guerra-mundial\">Se reinventaron despu\u00e9s de la Primera Guerra Mundial<\/h2>\n\n\n\n<figure class=\"wp-block-image size-large\"><a href=\"https:\/\/www.escapadarural.com\/blog\/wp-content\/uploads\/Eibar_-_Museo_de_la_Industria_Armera_2.jpg\"><img decoding=\"async\" src=\"https:\/\/www.escapadarural.com\/blog\/wp-content\/uploads\/Eibar_-_Museo_de_la_Industria_Armera_2-1024x768.jpg\" alt=\"Museo de la Industria Armera en \u00c9ibar\" class=\"wp-image-55324\"\/><\/a><figcaption class=\"wp-element-caption\">Museo de la Industria Armera en \u00c9ibar. Por Zarateman<\/figcaption><\/figure>\n\n\n\n<p>BH son las siglas de Beistegui Hermanos, porque ese era el apellido de los tres hombres, de nuevo 3 hermanos, que se aventuraron en \u00c9ibar, all\u00e1 por 1909, a crear una f\u00e1brica de armas. Las pistolas de los hermanos Beistegui se vend\u00edan bien y en pocos a\u00f1os los empleados de aquel peque\u00f1o taller inicial ya se contaban por decenas. Fue pr\u00f3spera durante una d\u00e9cada, hasta el fin de la Primera Guerra Mundial. Entonces ampliaron lo que podr\u00edamos denominar t\u00e9cnicamente como el objeto social de la empresa.<\/p>\n\n\n\n<p>Pasaron de hacer pistolas a hacer tambi\u00e9n bicicletas, en un primer momento para que los eibarreses las usaran como medio de transporte barato y c\u00f3modo. Durante los a\u00f1os 20, y buena parte de los 30, BH se dedic\u00f3 a ambos sectores, aunque el nuevo negocio fue ganando terreno hasta que acab\u00f3 por ser el \u00fanico. De ah\u00ed BH fue creciendo y creciendo hasta convertirse en un referente, en una <strong>gran empresa del mundo de la bicicleta<\/strong>.<\/p>\n\n\n\n<p>G.A.C. es otra marca popular de \u00c9ibar que hizo ese salto de las armas a las bicicletas. Esas siglas, G.A.C., corresponden a G\u00e1rate, Anitua y Compa\u00f1\u00eda, que es como se denominaba la compa\u00f1\u00eda eibarresa cuando fue creada en 1892. Como vemos, era anterior a BH, pero muy posterior a Orbea, aunque el fin inicial de las tres era el mismo: la industria armament\u00edstica. Como las otras, hasta la Primera Guerra Mundial fabricaron con \u00e9xito rev\u00f3lveres, pistolas, rifles y escopetas, y el final de la guerra les oblig\u00f3 a cambiar.<\/p>\n\n\n\n<p>En 1927 G.A.C. ya se dedicaba tambi\u00e9n a las bicicletas, adem\u00e1s de a las armas. 3 a\u00f1os m\u00e1s tarde estas \u00faltimas dejaron de estar en el cat\u00e1logo, cuando G.A.C. se centr\u00f3 en exclusiva en este medio de transporte. Como vemos, fue la primera marca de las tres que comenz\u00f3 a aprovechar sus conocimientos en el tratamiento de tubos para hacer bicicletas. Tambi\u00e9n <strong>hizo m\u00e1s tarde motocicletas<\/strong>, como la popular <em>Mobylette<\/em>. Por desgracia, tambi\u00e9n es la \u00fanica de las tres que ya no existe.<\/p>\n\n\n\n<h2 class=\"wp-block-heading\" id=\"h-torrot-y-alfa-tambien-tienen-origen-en-eibar\">Torrot y Alfa tambi\u00e9n tienen origen en \u00c9ibar <\/h2>\n\n\n\n<figure class=\"wp-block-image size-large\"><img decoding=\"async\" src=\"https:\/\/www.escapadarural.com\/blog\/wp-content\/uploads\/Eibar_Kinarra_aldetik_ikusita-1024x576.jpg\" alt=\"\u00c9ibar\" class=\"wp-image-55322\"\/><figcaption class=\"wp-element-caption\">\u00c9ibar. Por Garaolaza\n<\/figcaption><\/figure>\n\n\n\n<p>Los ni\u00f1os y aficionados al ciclismo espa\u00f1oles les deben mucho a estas tres marcas eibarresas, y no s\u00f3lo por crear bicicletas que todos hemos tenido y usado. Tambi\u00e9n fueron muy activas en la popularizaci\u00f3n del ciclismo en Espa\u00f1a en la primera parte del siglo XX, promoviendo competiciones y patrocinando eventos que fueron <strong>sumando gente al ciclismo<\/strong> como deporte.<\/p>\n\n\n\n<p>Podr\u00edamos a\u00f1adir un caso m\u00e1s entre las marcas populares. La f\u00e1brica de armas La Vasco Belga de los Hermanos Iriondo tambi\u00e9n abri\u00f3 en 1931 una secci\u00f3n de bicicletas. Quiz\u00e1s este nombre no les diga mucho, pero de este germen, y despu\u00e9s de varios acuerdos con otras empresas, naci\u00f3 la marca Torrot. Esta seguro que s\u00ed les suena a muchos de ustedes. <\/p>\n\n\n\n<p>Adem\u00e1s de estas marcas conocidas, hubo m\u00e1s talleres que migraron de las armas a las bicicletas en \u00c9ibar aprovechando sus conocimientos previos.  A lo largo del siglo XX la industria de \u00c9ibar se fue diversificando y ah\u00ed tambi\u00e9n se fabricaban <strong>m\u00e1quinas de coser Alfa o incluso motos Lambretta<\/strong>.<\/p>\n\n\n\n<p>Esta historia armera de \u00c9ibar cuenta con su propio museo, el <a href=\"https:\/\/armia-eibar.eus\/es\" target=\"_blank\" rel=\"noreferrer noopener\">Museo de la Industria Armera<\/a>, donde hay armas, por supuesto; bicicletas, por descontado; pero tambi\u00e9n otros muchos objetos de uso cotidiano que hemos visto y usado durante d\u00e9cadas en nuestras casas y oficinas.<\/p>\n","protected":false},"excerpt":{"rendered":"<p>De \u00c9ibar salieron algunas de las marcas de bicicletas m\u00e1s conocidas del mercado. No obstante, estas mismas empresas anteriormente se dedicaban a la fabricaci\u00f3n de armas. \u00c9ibar pas\u00f3 del negocio de las armas a las bicicletas.<\/p>\n","protected":false},"author":149,"featured_media":99257,"comment_status":"open","ping_status":"open","sticky":false,"template":"","format":"standard","meta":{"_acf_changed":false,"om_disable_all_campaigns":false,"footnotes":""},"categories":[231],"tags":[260,495,4647,694,695,440,450],"class_list":["post-55084","post","type-post","status-publish","format-standard","has-post-thumbnail","hentry","category-arte-y-cultura","tag-articulo","tag-bicicleta","tag-eibar","tag-euskadi","tag-que-ver-en-guipuzcoa","tag-historias-y-curiosidades","tag-que-ver-en-pais-vasco"],"acf":[],"featured_image_src":"https:\/\/www.escapadarural.com\/blog\/wp-content\/uploads\/2024\/10\/AdobeStock_537904112-1024x1008-2.jpeg","author_info":{"display_name":"Manuel Jes\u00fas Prieto","author_link":"https:\/\/www.escapadarural.com\/blog\/autor\/manuel\/"},"yoast_head":"<!-- This site is optimized with the Yoast SEO plugin v27.5 - https:\/\/yoast.com\/product\/yoast-seo-wordpress\/ -->\n<title>\u00c9ibar: de la fabricaci\u00f3n de armas a bicicletas - EscapadaRural<\/title>\n<meta name=\"robots\" content=\"index, follow, max-snippet:-1, max-image-preview:large, max-video-preview:-1\" \/>\n<link rel=\"canonical\" href=\"https:\/\/www.escapadarural.com\/blog\/eibar-de-fabrica-de-armas-a-bicicletas\/\" \/>\n<meta property=\"og:locale\" content=\"es_ES\" \/>\n<meta property=\"og:type\" content=\"article\" \/>\n<meta property=\"og:title\" content=\"\u00c9ibar: de la fabricaci\u00f3n de armas a bicicletas - EscapadaRural\" \/>\n<meta property=\"og:description\" content=\"De \u00c9ibar salieron algunas de las marcas de bicicletas m\u00e1s conocidas del mercado. No obstante, estas mismas empresas anteriormente se dedicaban a la fabricaci\u00f3n de armas. \u00c9ibar pas\u00f3 del negocio de las armas a las bicicletas.\" \/>\n<meta property=\"og:url\" content=\"https:\/\/www.escapadarural.com\/blog\/eibar-de-fabrica-de-armas-a-bicicletas\/\" \/>\n<meta property=\"og:site_name\" content=\"Magazine de viajes de EscapadaRural\" \/>\n<meta property=\"article:publisher\" content=\"https:\/\/www.facebook.com\/escapadarural\" \/>\n<meta property=\"article:published_time\" content=\"2022-10-20T09:04:37+00:00\" \/>\n<meta property=\"article:modified_time\" content=\"2025-08-01T10:38:41+00:00\" \/>\n<meta property=\"og:image\" content=\"https:\/\/www.escapadarural.com\/blog\/wp-content\/uploads\/2024\/10\/AdobeStock_537904112-1024x1008-2.jpeg?v=1754044722\" \/>\n\t<meta property=\"og:image:width\" content=\"1024\" \/>\n\t<meta property=\"og:image:height\" content=\"1008\" \/>\n\t<meta property=\"og:image:type\" content=\"image\/jpeg\" \/>\n<meta name=\"author\" content=\"Manuel Jes\u00fas Prieto\" \/>\n<meta name=\"twitter:card\" content=\"summary_large_image\" \/>\n<meta name=\"twitter:label1\" content=\"Escrito por\" \/>\n\t<meta name=\"twitter:data1\" content=\"Manuel Jes\u00fas Prieto\" \/>\n\t<meta name=\"twitter:label2\" content=\"Tiempo de lectura\" \/>\n\t<meta name=\"twitter:data2\" content=\"5 minutos\" \/>\n<script type=\"application\/ld+json\" class=\"yoast-schema-graph\">{\"@context\":\"https:\\\/\\\/schema.org\",\"@graph\":[{\"@type\":\"Article\",\"@id\":\"https:\\\/\\\/www.escapadarural.com\\\/blog\\\/eibar-de-fabrica-de-armas-a-bicicletas\\\/#article\",\"isPartOf\":{\"@id\":\"https:\\\/\\\/www.escapadarural.com\\\/blog\\\/eibar-de-fabrica-de-armas-a-bicicletas\\\/\"},\"author\":{\"name\":\"Manuel Jes\u00fas Prieto\",\"@id\":\"https:\\\/\\\/www.escapadarural.com\\\/blog\\\/#\\\/schema\\\/person\\\/4065dfd21d15120c54fb2ac942df5353\"},\"headline\":\"\u00c9ibar: de la fabricaci\u00f3n de armas a bicicletas\",\"datePublished\":\"2022-10-20T09:04:37+00:00\",\"dateModified\":\"2025-08-01T10:38:41+00:00\",\"mainEntityOfPage\":{\"@id\":\"https:\\\/\\\/www.escapadarural.com\\\/blog\\\/eibar-de-fabrica-de-armas-a-bicicletas\\\/\"},\"wordCount\":1028,\"commentCount\":0,\"publisher\":{\"@id\":\"https:\\\/\\\/www.escapadarural.com\\\/blog\\\/#organization\"},\"image\":{\"@id\":\"https:\\\/\\\/www.escapadarural.com\\\/blog\\\/eibar-de-fabrica-de-armas-a-bicicletas\\\/#primaryimage\"},\"thumbnailUrl\":\"https:\\\/\\\/www.escapadarural.com\\\/blog\\\/wp-content\\\/uploads\\\/2024\\\/10\\\/AdobeStock_537904112-1024x1008-2.jpeg\",\"keywords\":[\"art\u00edculo\",\"Bicicleta\",\"\u00c9ibar\",\"Euskadi\",\"Guip\u00fazcoa\",\"Historias y Curiosidades\",\"Pa\u00eds Vasco\"],\"articleSection\":[\"Arte y Cultura\"],\"inLanguage\":\"es\",\"potentialAction\":[{\"@type\":\"CommentAction\",\"name\":\"Comment\",\"target\":[\"https:\\\/\\\/www.escapadarural.com\\\/blog\\\/eibar-de-fabrica-de-armas-a-bicicletas\\\/#respond\"]}]},{\"@type\":\"WebPage\",\"@id\":\"https:\\\/\\\/www.escapadarural.com\\\/blog\\\/eibar-de-fabrica-de-armas-a-bicicletas\\\/\",\"url\":\"https:\\\/\\\/www.escapadarural.com\\\/blog\\\/eibar-de-fabrica-de-armas-a-bicicletas\\\/\",\"name\":\"\u00c9ibar: de la fabricaci\u00f3n de armas a bicicletas - EscapadaRural\",\"isPartOf\":{\"@id\":\"https:\\\/\\\/www.escapadarural.com\\\/blog\\\/#website\"},\"primaryImageOfPage\":{\"@id\":\"https:\\\/\\\/www.escapadarural.com\\\/blog\\\/eibar-de-fabrica-de-armas-a-bicicletas\\\/#primaryimage\"},\"image\":{\"@id\":\"https:\\\/\\\/www.escapadarural.com\\\/blog\\\/eibar-de-fabrica-de-armas-a-bicicletas\\\/#primaryimage\"},\"thumbnailUrl\":\"https:\\\/\\\/www.escapadarural.com\\\/blog\\\/wp-content\\\/uploads\\\/2024\\\/10\\\/AdobeStock_537904112-1024x1008-2.jpeg\",\"datePublished\":\"2022-10-20T09:04:37+00:00\",\"dateModified\":\"2025-08-01T10:38:41+00:00\",\"breadcrumb\":{\"@id\":\"https:\\\/\\\/www.escapadarural.com\\\/blog\\\/eibar-de-fabrica-de-armas-a-bicicletas\\\/#breadcrumb\"},\"inLanguage\":\"es\",\"potentialAction\":[{\"@type\":\"ReadAction\",\"target\":[\"https:\\\/\\\/www.escapadarural.com\\\/blog\\\/eibar-de-fabrica-de-armas-a-bicicletas\\\/\"]}]},{\"@type\":\"ImageObject\",\"inLanguage\":\"es\",\"@id\":\"https:\\\/\\\/www.escapadarural.com\\\/blog\\\/eibar-de-fabrica-de-armas-a-bicicletas\\\/#primaryimage\",\"url\":\"https:\\\/\\\/www.escapadarural.com\\\/blog\\\/wp-content\\\/uploads\\\/2024\\\/10\\\/AdobeStock_537904112-1024x1008-2.jpeg\",\"contentUrl\":\"https:\\\/\\\/www.escapadarural.com\\\/blog\\\/wp-content\\\/uploads\\\/2024\\\/10\\\/AdobeStock_537904112-1024x1008-2.jpeg\",\"width\":1024,\"height\":1008,\"caption\":\"Una peque\u00f1a ciudad con edificios de colores y tejados de tejas rojas se asienta en un exuberante valle verde, rodeado de colinas boscosas parcialmente cubiertas por la niebla y nubes bajas.\"},{\"@type\":\"BreadcrumbList\",\"@id\":\"https:\\\/\\\/www.escapadarural.com\\\/blog\\\/eibar-de-fabrica-de-armas-a-bicicletas\\\/#breadcrumb\",\"itemListElement\":[{\"@type\":\"ListItem\",\"position\":1,\"name\":\"Inicio\",\"item\":\"https:\\\/\\\/www.escapadarural.com\\\/blog\\\/\"},{\"@type\":\"ListItem\",\"position\":2,\"name\":\"Arte y Cultura\",\"item\":\"https:\\\/\\\/www.escapadarural.com\\\/blog\\\/categoria\\\/arte-y-cultura\\\/\"},{\"@type\":\"ListItem\",\"position\":3,\"name\":\"\u00c9ibar: de la fabricaci\u00f3n de armas a bicicletas\"}]},{\"@type\":\"WebSite\",\"@id\":\"https:\\\/\\\/www.escapadarural.com\\\/blog\\\/#website\",\"url\":\"https:\\\/\\\/www.escapadarural.com\\\/blog\\\/\",\"name\":\"Blog de viajes | turismo rural, alojamientos e inspiraci\u00f3n\",\"description\":\"Alojamientos rurales e inspiraci\u00f3n para tus escapadas\",\"publisher\":{\"@id\":\"https:\\\/\\\/www.escapadarural.com\\\/blog\\\/#organization\"},\"alternateName\":\"Magazine de viajes de EscapadaRural\",\"potentialAction\":[{\"@type\":\"SearchAction\",\"target\":{\"@type\":\"EntryPoint\",\"urlTemplate\":\"https:\\\/\\\/www.escapadarural.com\\\/blog\\\/?s={search_term_string}\"},\"query-input\":{\"@type\":\"PropertyValueSpecification\",\"valueRequired\":true,\"valueName\":\"search_term_string\"}}],\"inLanguage\":\"es\"},{\"@type\":\"Organization\",\"@id\":\"https:\\\/\\\/www.escapadarural.com\\\/blog\\\/#organization\",\"name\":\"EscapadaRural\",\"url\":\"https:\\\/\\\/www.escapadarural.com\\\/blog\\\/\",\"logo\":{\"@type\":\"ImageObject\",\"inLanguage\":\"es\",\"@id\":\"https:\\\/\\\/www.escapadarural.com\\\/blog\\\/#\\\/schema\\\/logo\\\/image\\\/\",\"url\":\"https:\\\/\\\/www.escapadarural.com\\\/blog\\\/wp-content\\\/uploads\\\/2024\\\/10\\\/cropped-cropped-escapada-rural-icon-mag-3.png\",\"contentUrl\":\"https:\\\/\\\/www.escapadarural.com\\\/blog\\\/wp-content\\\/uploads\\\/2024\\\/10\\\/cropped-cropped-escapada-rural-icon-mag-3.png\",\"width\":512,\"height\":512,\"caption\":\"EscapadaRural\"},\"image\":{\"@id\":\"https:\\\/\\\/www.escapadarural.com\\\/blog\\\/#\\\/schema\\\/logo\\\/image\\\/\"},\"sameAs\":[\"https:\\\/\\\/www.facebook.com\\\/escapadarural\",\"https:\\\/\\\/www.instagram.com\\\/escapadarural\\\/\",\"https:\\\/\\\/www.youtube.com\\\/@escapadaruralcom\"]},{\"@type\":\"Person\",\"@id\":\"https:\\\/\\\/www.escapadarural.com\\\/blog\\\/#\\\/schema\\\/person\\\/4065dfd21d15120c54fb2ac942df5353\",\"name\":\"Manuel Jes\u00fas Prieto\",\"image\":{\"@type\":\"ImageObject\",\"inLanguage\":\"es\",\"@id\":\"https:\\\/\\\/secure.gravatar.com\\\/avatar\\\/37b0a60089415adf7fccf5a36cbba1736d8f005f236f1e2dde1c27f78214b0f9?s=96&d=mm&r=g\",\"url\":\"https:\\\/\\\/secure.gravatar.com\\\/avatar\\\/37b0a60089415adf7fccf5a36cbba1736d8f005f236f1e2dde1c27f78214b0f9?s=96&d=mm&r=g\",\"contentUrl\":\"https:\\\/\\\/secure.gravatar.com\\\/avatar\\\/37b0a60089415adf7fccf5a36cbba1736d8f005f236f1e2dde1c27f78214b0f9?s=96&d=mm&r=g\",\"caption\":\"Manuel Jes\u00fas Prieto\"},\"url\":\"https:\\\/\\\/www.escapadarural.com\\\/blog\\\/autor\\\/manuel\\\/\"}]}<\/script>\n<!-- \/ Yoast SEO plugin. -->","yoast_head_json":{"title":"\u00c9ibar: de la fabricaci\u00f3n de armas a bicicletas - EscapadaRural","robots":{"index":"index","follow":"follow","max-snippet":"max-snippet:-1","max-image-preview":"max-image-preview:large","max-video-preview":"max-video-preview:-1"},"canonical":"https:\/\/www.escapadarural.com\/blog\/eibar-de-fabrica-de-armas-a-bicicletas\/","og_locale":"es_ES","og_type":"article","og_title":"\u00c9ibar: de la fabricaci\u00f3n de armas a bicicletas - EscapadaRural","og_description":"De \u00c9ibar salieron algunas de las marcas de bicicletas m\u00e1s conocidas del mercado. No obstante, estas mismas empresas anteriormente se dedicaban a la fabricaci\u00f3n de armas. \u00c9ibar pas\u00f3 del negocio de las armas a las bicicletas.","og_url":"https:\/\/www.escapadarural.com\/blog\/eibar-de-fabrica-de-armas-a-bicicletas\/","og_site_name":"Magazine de viajes de EscapadaRural","article_publisher":"https:\/\/www.facebook.com\/escapadarural","article_published_time":"2022-10-20T09:04:37+00:00","article_modified_time":"2025-08-01T10:38:41+00:00","og_image":[{"width":1024,"height":1008,"url":"https:\/\/www.escapadarural.com\/blog\/wp-content\/uploads\/2024\/10\/AdobeStock_537904112-1024x1008-2.jpeg?v=1754044722","type":"image\/jpeg"}],"author":"Manuel Jes\u00fas Prieto","twitter_card":"summary_large_image","twitter_misc":{"Escrito por":"Manuel Jes\u00fas Prieto","Tiempo de lectura":"5 minutos"},"schema":{"@context":"https:\/\/schema.org","@graph":[{"@type":"Article","@id":"https:\/\/www.escapadarural.com\/blog\/eibar-de-fabrica-de-armas-a-bicicletas\/#article","isPartOf":{"@id":"https:\/\/www.escapadarural.com\/blog\/eibar-de-fabrica-de-armas-a-bicicletas\/"},"author":{"name":"Manuel Jes\u00fas Prieto","@id":"https:\/\/www.escapadarural.com\/blog\/#\/schema\/person\/4065dfd21d15120c54fb2ac942df5353"},"headline":"\u00c9ibar: de la fabricaci\u00f3n de armas a bicicletas","datePublished":"2022-10-20T09:04:37+00:00","dateModified":"2025-08-01T10:38:41+00:00","mainEntityOfPage":{"@id":"https:\/\/www.escapadarural.com\/blog\/eibar-de-fabrica-de-armas-a-bicicletas\/"},"wordCount":1028,"commentCount":0,"publisher":{"@id":"https:\/\/www.escapadarural.com\/blog\/#organization"},"image":{"@id":"https:\/\/www.escapadarural.com\/blog\/eibar-de-fabrica-de-armas-a-bicicletas\/#primaryimage"},"thumbnailUrl":"https:\/\/www.escapadarural.com\/blog\/wp-content\/uploads\/2024\/10\/AdobeStock_537904112-1024x1008-2.jpeg","keywords":["art\u00edculo","Bicicleta","\u00c9ibar","Euskadi","Guip\u00fazcoa","Historias y Curiosidades","Pa\u00eds Vasco"],"articleSection":["Arte y Cultura"],"inLanguage":"es","potentialAction":[{"@type":"CommentAction","name":"Comment","target":["https:\/\/www.escapadarural.com\/blog\/eibar-de-fabrica-de-armas-a-bicicletas\/#respond"]}]},{"@type":"WebPage","@id":"https:\/\/www.escapadarural.com\/blog\/eibar-de-fabrica-de-armas-a-bicicletas\/","url":"https:\/\/www.escapadarural.com\/blog\/eibar-de-fabrica-de-armas-a-bicicletas\/","name":"\u00c9ibar: de la fabricaci\u00f3n de armas a bicicletas - EscapadaRural","isPartOf":{"@id":"https:\/\/www.escapadarural.com\/blog\/#website"},"primaryImageOfPage":{"@id":"https:\/\/www.escapadarural.com\/blog\/eibar-de-fabrica-de-armas-a-bicicletas\/#primaryimage"},"image":{"@id":"https:\/\/www.escapadarural.com\/blog\/eibar-de-fabrica-de-armas-a-bicicletas\/#primaryimage"},"thumbnailUrl":"https:\/\/www.escapadarural.com\/blog\/wp-content\/uploads\/2024\/10\/AdobeStock_537904112-1024x1008-2.jpeg","datePublished":"2022-10-20T09:04:37+00:00","dateModified":"2025-08-01T10:38:41+00:00","breadcrumb":{"@id":"https:\/\/www.escapadarural.com\/blog\/eibar-de-fabrica-de-armas-a-bicicletas\/#breadcrumb"},"inLanguage":"es","potentialAction":[{"@type":"ReadAction","target":["https:\/\/www.escapadarural.com\/blog\/eibar-de-fabrica-de-armas-a-bicicletas\/"]}]},{"@type":"ImageObject","inLanguage":"es","@id":"https:\/\/www.escapadarural.com\/blog\/eibar-de-fabrica-de-armas-a-bicicletas\/#primaryimage","url":"https:\/\/www.escapadarural.com\/blog\/wp-content\/uploads\/2024\/10\/AdobeStock_537904112-1024x1008-2.jpeg","contentUrl":"https:\/\/www.escapadarural.com\/blog\/wp-content\/uploads\/2024\/10\/AdobeStock_537904112-1024x1008-2.jpeg","width":1024,"height":1008,"caption":"Una peque\u00f1a ciudad con edificios de colores y tejados de tejas rojas se asienta en un exuberante valle verde, rodeado de colinas boscosas parcialmente cubiertas por la niebla y nubes bajas."},{"@type":"BreadcrumbList","@id":"https:\/\/www.escapadarural.com\/blog\/eibar-de-fabrica-de-armas-a-bicicletas\/#breadcrumb","itemListElement":[{"@type":"ListItem","position":1,"name":"Inicio","item":"https:\/\/www.escapadarural.com\/blog\/"},{"@type":"ListItem","position":2,"name":"Arte y Cultura","item":"https:\/\/www.escapadarural.com\/blog\/categoria\/arte-y-cultura\/"},{"@type":"ListItem","position":3,"name":"\u00c9ibar: de la fabricaci\u00f3n de armas a bicicletas"}]},{"@type":"WebSite","@id":"https:\/\/www.escapadarural.com\/blog\/#website","url":"https:\/\/www.escapadarural.com\/blog\/","name":"Blog de viajes | turismo rural, alojamientos e inspiraci\u00f3n","description":"Alojamientos rurales e inspiraci\u00f3n para tus escapadas","publisher":{"@id":"https:\/\/www.escapadarural.com\/blog\/#organization"},"alternateName":"Magazine de viajes de EscapadaRural","potentialAction":[{"@type":"SearchAction","target":{"@type":"EntryPoint","urlTemplate":"https:\/\/www.escapadarural.com\/blog\/?s={search_term_string}"},"query-input":{"@type":"PropertyValueSpecification","valueRequired":true,"valueName":"search_term_string"}}],"inLanguage":"es"},{"@type":"Organization","@id":"https:\/\/www.escapadarural.com\/blog\/#organization","name":"EscapadaRural","url":"https:\/\/www.escapadarural.com\/blog\/","logo":{"@type":"ImageObject","inLanguage":"es","@id":"https:\/\/www.escapadarural.com\/blog\/#\/schema\/logo\/image\/","url":"https:\/\/www.escapadarural.com\/blog\/wp-content\/uploads\/2024\/10\/cropped-cropped-escapada-rural-icon-mag-3.png","contentUrl":"https:\/\/www.escapadarural.com\/blog\/wp-content\/uploads\/2024\/10\/cropped-cropped-escapada-rural-icon-mag-3.png","width":512,"height":512,"caption":"EscapadaRural"},"image":{"@id":"https:\/\/www.escapadarural.com\/blog\/#\/schema\/logo\/image\/"},"sameAs":["https:\/\/www.facebook.com\/escapadarural","https:\/\/www.instagram.com\/escapadarural\/","https:\/\/www.youtube.com\/@escapadaruralcom"]},{"@type":"Person","@id":"https:\/\/www.escapadarural.com\/blog\/#\/schema\/person\/4065dfd21d15120c54fb2ac942df5353","name":"Manuel Jes\u00fas Prieto","image":{"@type":"ImageObject","inLanguage":"es","@id":"https:\/\/secure.gravatar.com\/avatar\/37b0a60089415adf7fccf5a36cbba1736d8f005f236f1e2dde1c27f78214b0f9?s=96&d=mm&r=g","url":"https:\/\/secure.gravatar.com\/avatar\/37b0a60089415adf7fccf5a36cbba1736d8f005f236f1e2dde1c27f78214b0f9?s=96&d=mm&r=g","contentUrl":"https:\/\/secure.gravatar.com\/avatar\/37b0a60089415adf7fccf5a36cbba1736d8f005f236f1e2dde1c27f78214b0f9?s=96&d=mm&r=g","caption":"Manuel Jes\u00fas Prieto"},"url":"https:\/\/www.escapadarural.com\/blog\/autor\/manuel\/"}]}},"_links":{"self":[{"href":"https:\/\/www.escapadarural.com\/blog\/wp-json\/wp\/v2\/posts\/55084","targetHints":{"allow":["GET"]}}],"collection":[{"href":"https:\/\/www.escapadarural.com\/blog\/wp-json\/wp\/v2\/posts"}],"about":[{"href":"https:\/\/www.escapadarural.com\/blog\/wp-json\/wp\/v2\/types\/post"}],"author":[{"embeddable":true,"href":"https:\/\/www.escapadarural.com\/blog\/wp-json\/wp\/v2\/users\/149"}],"replies":[{"embeddable":true,"href":"https:\/\/www.escapadarural.com\/blog\/wp-json\/wp\/v2\/comments?post=55084"}],"version-history":[{"count":0,"href":"https:\/\/www.escapadarural.com\/blog\/wp-json\/wp\/v2\/posts\/55084\/revisions"}],"wp:featuredmedia":[{"embeddable":true,"href":"https:\/\/www.escapadarural.com\/blog\/wp-json\/wp\/v2\/media\/99257"}],"wp:attachment":[{"href":"https:\/\/www.escapadarural.com\/blog\/wp-json\/wp\/v2\/media?parent=55084"}],"wp:term":[{"taxonomy":"category","embeddable":true,"href":"https:\/\/www.escapadarural.com\/blog\/wp-json\/wp\/v2\/categories?post=55084"},{"taxonomy":"post_tag","embeddable":true,"href":"https:\/\/www.escapadarural.com\/blog\/wp-json\/wp\/v2\/tags?post=55084"}],"curies":[{"name":"wp","href":"https:\/\/api.w.org\/{rel}","templated":true}]}}